{"id":98638,"date":"2026-04-29T18:40:29","date_gmt":"2026-04-29T21:40:29","guid":{"rendered":"https:\/\/militares.estrategia.com\/portal\/?p=98638"},"modified":"2026-04-29T18:42:21","modified_gmt":"2026-04-29T21:42:21","slug":"colegio-naval-2026-inscricoes-sao-prorrogadas-ate-14-de-maio","status":"publish","type":"post","link":"https:\/\/militares.estrategia.com\/portal\/noticias\/colegio-naval-2026-inscricoes-sao-prorrogadas-ate-14-de-maio\/","title":{"rendered":"Col\u00e9gio Naval 2026: inscri\u00e7\u00f5es s\u00e3o prorrogadas at\u00e9 14 de maio!"},"content":{"rendered":"\n<p>A Marinha do Brasil divulgou nesta quarta-feira, 29 de abril, que <strong>as inscri\u00e7\u00f5es para o Concurso Col\u00e9gio Naval 2026 <\/strong>n\u00e3o v\u00e3o mais se encerrar no dia 04 de maio. <strong>O prazo foi prorrogado para o dia 14<\/strong> do mesmo m\u00eas. Saiba mais informa\u00e7\u00f5es! <\/p>\n\n\n<div id=\"new-form\">\n\t<form id=\"forms_layout\">\n\t<input type=\"hidden\" id=\"chave_de\" name=\"chave_de\" value=\"01_EMIL_LEADS_TOTAIS\" \/>\n\t\t<input type=\"hidden\" id=\"mid\" name=\"mid\" value=\"515009017\" \/>\n\t\t<input type=\"hidden\" id=\"Objetivo\" name=\"Objetivo\" value=\"Militares\" \/>\n\t\t<input type=\"hidden\" id=\"Estado_de_Origem_do_IP\" name=\"Estado_de_Origem_do_IP\"  value=\"\" \/>\n\t\t<input type=\"hidden\" id=\"Cidade_de_Origem_do_IP\" name=\"Cidade_de_Origem_do_IP\" value=\"\" \/>\n\t\t<input type=\"hidden\" id=\"Modo_de_entrada\" name=\"Modo_de_entrada\" value=\"Portal\" \/>\n\t\t<input type=\"hidden\" id=\"Pagina_Origem\" name=\"Pagina_Origem\" value=\"\" \/>\n\n\t\t<div class=\"texto\">\n\t\t\t<h3 class=\"news\">Inscreva-se em nossa newsletter!<\/h3>\n\t\t\t<p>Receba not\u00edcias sobre os mais importantes concursos para as For\u00e7as Armadas brasileiras e informa\u00e7\u00f5es sobre o mundo militar!<\/p>\n\t\t<\/div>\n\t\t<div class=\"campos\">\n\t\t\t<div class=\"first_name labels\">\n\t\t\t\t<input type=\"text\" class=\"input_labels\" id=\"first_name\" name=\"Nome_Completo\" placeholder=\"Nome\" required \/>\n\t\t\t<\/div>\n\t\t\t<div class=\"email labels\">\n\t\t\t\t<input type=\"email\" class=\"input_labels\" id=\"email\" name=\"Email\" placeholder=\"E-mail\" required \/>\n\t\t\t<\/div>\n\t\t\t<button type=\"submit\" class=\"button_layout\">\n\t\t\t\t<div id=\"lblBotao\">Inscreva-se<\/div>\n\t\t\t\t<span id=\"divSpiner\" class=\"loader\" role=\"status\" style=\"display: none;\"><\/span>\t\n\t\t\t<\/button>\n\t\t<\/div><!-- \/campos -->\n\t\t\n\t\t<label class=\"container_checkbox\">Voc\u00ea concorda com a nossa\n\t\t\t<a class=\"politics_privacy_ahref\" target=\"_blank\" href=\"https:\/\/gratis.estrategiaconcursos.com.br\/politica-de-privacidade\/\">Pol\u00edtica de Privacidade<\/a> e aceita receber informa\u00e7\u00f5es adicionais do Estrat\u00e9gia Educacional.\n\t\t\t<input id=\"checkbox_layout\" type=\"checkbox\" checked=\"checked\" required \/>\n\t\t\t<span class=\"checkbox\"><\/span>\n\t\t<\/label>\n\t\t<div id=\"msg\"><\/div>\n\t\t<div id=\"error\" class=\"error\">\n\t\t<\/div>\n\t<\/form>\n<\/div><!-- \/new-form -->\n\n\n\n<p>A publica\u00e7\u00e3o sobre a mudan\u00e7a do prazo para inscri\u00e7\u00f5es do Col\u00e9gio Naval foi feita por meio do Comunicado aos Candidatos &#8211; 003, publicada na <a href=\"https:\/\/www.inscricao.marinha.mil.br\/marinha\/index_concursos.jsp?id_concurso=505\" target=\"_blank\" >p\u00e1gina do processo seletivo na internet<\/a>. Segundo o documento, <strong>os candidatos poder\u00e3o se inscrever at\u00e9 o dia 14 de maio de 2026.<\/strong> <\/p>\n\n\n\n<p>Segundo o documento, a decis\u00e3o tem o objetivo de assegurar melhores condi\u00e7\u00f5es de participa\u00e7\u00e3o, permitindo que um maior n\u00famero de candidatos participe. Al\u00e9m disso, <strong>o pagamento da taxa de inscri\u00e7\u00e3o foi estendido e poder\u00e1 ser efetuado at\u00e9 o dia 15 de maio<\/strong>. <\/p>\n\n\n\n<p>Clique no bot\u00e3o e leia o Comunicado aos Candidatos 003:<\/p>\n\n\n\n<div class=\"wp-block-buttons is-content-justification-center is-layout-flex wp-container-core-buttons-is-layout-1 wp-block-buttons-is-layout-flex\">\n<div class=\"wp-block-button is-style-outline is-style-outline--1\"><a class=\"wp-block-button__link has-electric-grass-gradient-background has-background wp-element-button\" href=\"https:\/\/militares.estrategia.com\/portal\/wp-content\/uploads\/2026\/04\/COMUNICAND-N3-CN26.pdf\" style=\"border-radius:100px\" target=\"_blank\" >comunicado aos candidatos 003<\/a><\/div>\n<\/div>\n\n\n\n<div id=\"ez-toc-container\" class=\"ez-toc-v2_0_79_2 counter-hierarchy ez-toc-counter ez-toc-transparent ez-toc-container-direction\">\n<div class=\"ez-toc-title-container\"><p class=\"ez-toc-title\" style=\"cursor:inherit\">Navegue pelo conte\u00fado\t<\/p>\n<\/div><nav><ul class='ez-toc-list ez-toc-list-level-1 ' ><li class='ez-toc-page-1 ez-toc-heading-level-2'><a class=\"ez-toc-link ez-toc-heading-1\" href=\"https:\/\/militares.estrategia.com\/portal\/noticias\/colegio-naval-2026-inscricoes-sao-prorrogadas-ate-14-de-maio\/#O-Colegio-Naval\" >O Col\u00e9gio Naval<\/a><\/li><li class='ez-toc-page-1 ez-toc-heading-level-2'><a class=\"ez-toc-link ez-toc-heading-2\" href=\"https:\/\/militares.estrategia.com\/portal\/noticias\/colegio-naval-2026-inscricoes-sao-prorrogadas-ate-14-de-maio\/#Quem-pode-se-inscrever\" >Quem pode se inscrever?<\/a><\/li><li class='ez-toc-page-1 ez-toc-heading-level-2'><a class=\"ez-toc-link ez-toc-heading-3\" href=\"https:\/\/militares.estrategia.com\/portal\/noticias\/colegio-naval-2026-inscricoes-sao-prorrogadas-ate-14-de-maio\/#Taxa-de-inscricao\" >Taxa de inscri\u00e7\u00e3o<\/a><\/li><\/ul><\/nav><\/div>\n<h2 class=\"wp-block-heading\" id=\"h-o-colegio-naval\"><span class=\"ez-toc-section\" id=\"O-Colegio-Naval\"><\/span>O Col\u00e9gio Naval<span class=\"ez-toc-section-end\"><\/span><\/h2>\n\n\n\n<p><strong>O Col\u00e9gio Naval \u00e9 uma institui\u00e7\u00e3o de ensino da Marinha do Brasil que oferece forma\u00e7\u00e3o equivalente a do Ensino M\u00e9dio<\/strong> ao mesmo tempo que prepara seus alunos para ingressar na Escola Naval, que forma oficiais da Marinha. Todos os anos, acontece o concurso p\u00fablico voltado para candidatos entre 15 e 17 anos de idade.<\/p>\n\n\n\n<h2 class=\"wp-block-heading\" id=\"h-quem-pode-se-inscrever\"><span class=\"ez-toc-section\" id=\"Quem-pode-se-inscrever\"><\/span>Quem pode se inscrever?<span class=\"ez-toc-section-end\"><\/span><\/h2>\n\n\n\n<p>Para participar do Concurso Col\u00e9gio Naval 2026, os <strong>candidatos precisam cumprir alguns pr\u00e9-requisitos:<\/strong><\/p>\n\n\n\n<ul class=\"wp-block-list\">\n<li>Ser brasileiro nato, de ambos os sexos;<\/li>\n\n\n\n<li>Possuir registro no Cadastro de Pessoas F\u00edsicas (CPF);<\/li>\n\n\n\n<li>Possuir documento oficial de identifica\u00e7\u00e3o original, em meio f\u00edsico, com assinatura e com fotografia na qual possa ser reconhecido;<\/li>\n\n\n\n<li>Efetuar o pagamento da taxa de inscri\u00e7\u00e3o ou requerer sua isen\u00e7\u00e3o;<\/li>\n\n\n\n<li>Conforme jurisprud\u00eancia do ac\u00f3rd\u00e3o referente ao tema 1388, do STF, ser\u00e3o admitidos, no certame, candidatos com filhos ou dependentes.<\/li>\n\n\n\n<li>Ter 15 (quinze) anos completos e menos de 18 (dezoito) anos de idade no dia 30 do m\u00eas de junho de 2027;<\/li>\n\n\n\n<li>Ter conclu\u00eddo com aproveitamento ou estar em fase de conclus\u00e3o do 9\u00b0 ano do Ensino Fundamental;<\/li>\n\n\n\n<li>Ter autoriza\u00e7\u00e3o do respons\u00e1vel legal para incorpora\u00e7\u00e3o \u00e0 Marinha;<\/li>\n\n\n\n<li>Ter altura m\u00ednima de 1,54 m e m\u00e1xima de 1,95 m.<\/li>\n<\/ul>\n\n\n\n<h2 class=\"wp-block-heading\" id=\"h-taxa-de-inscricao\"><span class=\"ez-toc-section\" id=\"Taxa-de-inscricao\"><\/span>Taxa de inscri\u00e7\u00e3o<span class=\"ez-toc-section-end\"><\/span><\/h2>\n\n\n\n<p>Para se inscrever no Concurso Col\u00e9gio Naval 2026, os candidatos devem preencher o formul\u00e1rio on-line, dispon\u00edvel na\u00a0p\u00e1gina oficial do seletivo na internet, e <strong>pagar a taxa de inscri\u00e7\u00e3o no valor de R$ 110,00 at\u00e9 o dia 15 de maio.<\/strong> Lembre-se de guardar o comprovante de pagamento!<\/p>\n\n\n\n<p><strong>Aten\u00e7\u00e3o para n\u00e3o errar no preenchimento das suas informa\u00e7\u00f5es!<\/strong> Elas dever\u00e3o ser comprovadas posteriormente por meio de documentos nas fases posteriores do seletivo.<\/p>\n\n\n\n<p>Fique atento ao Portal Estrat\u00e9gia Militares para n\u00e3o perder nenhuma informa\u00e7\u00e3o sobre o concurso Col\u00e9gio Naval 2026 e outros seletivos das For\u00e7as Armadas! Estude com o Estrat\u00e9gia Militares para este processo seletivo. Clique no banner e saiba todas as informa\u00e7\u00f5es! <\/p>\n\n\n\n<div class=\"cta-medio\" style=\"background-image: url(https:\/\/militares.estrategia.com\/portal\/wp-content\/uploads\/2024\/06\/concursos-federais-banners-de-conversao-1.jpg);\"><h3>Pacote Col\u00e9gio Naval<\/h3> <p>Prepare-se com o Estrat\u00e9gia Militares!<\/p><div class=\"cta-botao\"><a id=\"cta-medio\" href=\"https:\/\/militares.estrategia.com\/concursos\/cursos\/colegio-naval?utm_source=portal&utm_medium=post&utm_campaign=emil-x-vd-seo-portal-v\" target=\"_blank\" style=\"background:#17494e\">Saiba mais<\/a><\/div><\/div><div class=\"cta-medio\" style=\"background-image: url(https:\/\/militares.estrategia.com\/portal\/wp-content\/uploads\/2025\/07\/CTA-MARINHA.jpg);\"><h3>Disciplina e ambi\u00e7\u00e3o desde cedo<\/h3> <p>Prepare-se para o Col\u00e9gio Naval com conte\u00fado de excel\u00eancia.<\/p><div class=\"cta-botao\"><a id=\"cta-medio\" href=\"https:\/\/militares.estrategia.com\/concursos\/cursos\/colegio-naval?utm_source=portal&utm_medium=post&utm_campaign=emil-x-vd-seo-portal-v\" target=\"_blank\" style=\"background:#17494e\">Saiba mais<\/a><\/div><\/div>\n","protected":false},"excerpt":{"rendered":"A Marinha do Brasil divulgou nesta quarta-feira, 29 de abril, que as inscri\u00e7\u00f5es para o Concurso Col\u00e9gio Naval&hellip;\n","protected":false},"author":58,"featured_media":58081,"comment_status":"closed","ping_status":"closed","sticky":false,"template":"","format":"standard","meta":{"wl_entities_gutenberg":"","footnotes":""},"categories":[36],"tags":[64,330,162,127,161],"wl_entity_type":[187],"class_list":{"0":"post-98638","1":"post","2":"type-post","3":"status-publish","4":"format-standard","5":"has-post-thumbnail","7":"category-noticias","8":"tag-marinhadobrasil","9":"tag-330","10":"tag-carreiramilitar","11":"tag-colegio-naval","12":"tag-concursosmilitares","13":"wl_entity_type-article"},"acf":[],"yoast_head":"<!-- This site is optimized with the Yoast SEO Premium plugin v26.6 (Yoast SEO v26.6) - https:\/\/yoast.com\/wordpress\/plugins\/seo\/ -->\n<title>Col\u00e9gio Naval 2026: inscri\u00e7\u00f5es s\u00e3o prorrogadas at\u00e9 14 de maio!<\/title>\n<meta name=\"description\" content=\"A Marinha do Brasil informou em um comunicado que as inscri\u00e7\u00f5es para o Concurso Col\u00e9gio Naval 2026 foram prorrogadas at\u00e9 14 de maio de 2026!\" \/>\n<meta name=\"robots\" content=\"index, follow, max-snippet:-1, max-image-preview:large, max-video-preview:-1\" \/>\n<link rel=\"canonical\" href=\"https:\/\/militares.estrategia.com\/portal\/noticias\/colegio-naval-2026-inscricoes-sao-prorrogadas-ate-14-de-maio\/\" \/>\n<meta property=\"og:locale\" content=\"pt_BR\" \/>\n<meta property=\"og:type\" content=\"article\" \/>\n<meta property=\"og:title\" content=\"Col\u00e9gio Naval 2026: inscri\u00e7\u00f5es s\u00e3o prorrogadas at\u00e9 14 de maio!\" \/>\n<meta property=\"og:description\" content=\"A Marinha do Brasil informou em um comunicado que as inscri\u00e7\u00f5es para o Concurso Col\u00e9gio Naval 2026 foram prorrogadas at\u00e9 14 de maio de 2026!\" \/>\n<meta property=\"og:url\" content=\"https:\/\/militares.estrategia.com\/portal\/noticias\/colegio-naval-2026-inscricoes-sao-prorrogadas-ate-14-de-maio\/\" \/>\n<meta property=\"og:site_name\" content=\"Estrat\u00e9gia Militares\" \/>\n<meta property=\"article:publisher\" content=\"https:\/\/www.facebook.com\/EstrategiaMilitares\" \/>\n<meta property=\"article:published_time\" content=\"2026-04-29T21:40:29+00:00\" \/>\n<meta property=\"article:modified_time\" content=\"2026-04-29T21:42:21+00:00\" \/>\n<meta property=\"og:image\" content=\"https:\/\/militares.estrategia.com\/portal\/wp-content\/uploads\/2022\/08\/Capa_BLOG_URGENTE.jpg\" \/>\n\t<meta property=\"og:image:width\" content=\"1200\" \/>\n\t<meta property=\"og:image:height\" content=\"676\" \/>\n\t<meta property=\"og:image:type\" content=\"image\/jpeg\" \/>\n<meta name=\"author\" content=\"Vanesca Soares\" \/>\n<meta name=\"twitter:card\" content=\"summary_large_image\" \/>\n<meta name=\"twitter:creator\" content=\"@estrategiamilit\" \/>\n<meta name=\"twitter:site\" content=\"@estrategiamilit\" \/>\n<meta name=\"twitter:label1\" content=\"Escrito por\" \/>\n\t<meta name=\"twitter:data1\" content=\"Vanesca Soares\" \/>\n\t<meta name=\"twitter:label2\" content=\"Est. tempo de leitura\" \/>\n\t<meta name=\"twitter:data2\" content=\"2 minutos\" \/>\n<script type=\"application\/ld+json\" class=\"yoast-schema-graph\">{\"@context\":\"https:\/\/schema.org\",\"@graph\":[{\"@type\":\"NewsArticle\",\"@id\":\"https:\/\/militares.estrategia.com\/portal\/noticias\/colegio-naval-2026-inscricoes-sao-prorrogadas-ate-14-de-maio\/#article\",\"isPartOf\":{\"@id\":\"https:\/\/militares.estrategia.com\/portal\/noticias\/colegio-naval-2026-inscricoes-sao-prorrogadas-ate-14-de-maio\/\"},\"author\":{\"name\":\"Vanesca Soares\",\"@id\":\"https:\/\/militares.estrategia.com\/portal\/#\/schema\/person\/5cfd387108cd0cdefab7eea7a9735dcc\"},\"headline\":\"Col\u00e9gio Naval 2026: inscri\u00e7\u00f5es s\u00e3o prorrogadas at\u00e9 14 de maio!\",\"datePublished\":\"2026-04-29T21:40:29+00:00\",\"dateModified\":\"2026-04-29T21:42:21+00:00\",\"mainEntityOfPage\":{\"@id\":\"https:\/\/militares.estrategia.com\/portal\/noticias\/colegio-naval-2026-inscricoes-sao-prorrogadas-ate-14-de-maio\/\"},\"wordCount\":502,\"publisher\":{\"@id\":\"https:\/\/militares.estrategia.com\/portal\/#organization\"},\"image\":{\"@id\":\"https:\/\/militares.estrategia.com\/portal\/noticias\/colegio-naval-2026-inscricoes-sao-prorrogadas-ate-14-de-maio\/#primaryimage\"},\"thumbnailUrl\":\"https:\/\/militares.estrategia.com\/portal\/wp-content\/uploads\/2022\/08\/Capa_BLOG_URGENTE.jpg\",\"keywords\":[\"#marinhadobrasil\",\"2026\",\"carreiramilitar\",\"col\u00e9gio naval\",\"ConcursosMilitares\"],\"articleSection\":[\"Not\u00edcias\"],\"inLanguage\":\"pt-BR\"},{\"@type\":\"WebPage\",\"@id\":\"https:\/\/militares.estrategia.com\/portal\/noticias\/colegio-naval-2026-inscricoes-sao-prorrogadas-ate-14-de-maio\/\",\"url\":\"https:\/\/militares.estrategia.com\/portal\/noticias\/colegio-naval-2026-inscricoes-sao-prorrogadas-ate-14-de-maio\/\",\"name\":\"Col\u00e9gio Naval 2026: inscri\u00e7\u00f5es s\u00e3o prorrogadas at\u00e9 14 de maio!\",\"isPartOf\":{\"@id\":\"https:\/\/militares.estrategia.com\/portal\/#website\"},\"primaryImageOfPage\":{\"@id\":\"https:\/\/militares.estrategia.com\/portal\/noticias\/colegio-naval-2026-inscricoes-sao-prorrogadas-ate-14-de-maio\/#primaryimage\"},\"image\":{\"@id\":\"https:\/\/militares.estrategia.com\/portal\/noticias\/colegio-naval-2026-inscricoes-sao-prorrogadas-ate-14-de-maio\/#primaryimage\"},\"thumbnailUrl\":\"https:\/\/militares.estrategia.com\/portal\/wp-content\/uploads\/2022\/08\/Capa_BLOG_URGENTE.jpg\",\"datePublished\":\"2026-04-29T21:40:29+00:00\",\"dateModified\":\"2026-04-29T21:42:21+00:00\",\"description\":\"A Marinha do Brasil informou em um comunicado que as inscri\u00e7\u00f5es para o Concurso Col\u00e9gio Naval 2026 foram prorrogadas at\u00e9 14 de maio de 2026!\",\"breadcrumb\":{\"@id\":\"https:\/\/militares.estrategia.com\/portal\/noticias\/colegio-naval-2026-inscricoes-sao-prorrogadas-ate-14-de-maio\/#breadcrumb\"},\"inLanguage\":\"pt-BR\",\"potentialAction\":[{\"@type\":\"ReadAction\",\"target\":[\"https:\/\/militares.estrategia.com\/portal\/noticias\/colegio-naval-2026-inscricoes-sao-prorrogadas-ate-14-de-maio\/\"]}]},{\"@type\":\"ImageObject\",\"inLanguage\":\"pt-BR\",\"@id\":\"https:\/\/militares.estrategia.com\/portal\/noticias\/colegio-naval-2026-inscricoes-sao-prorrogadas-ate-14-de-maio\/#primaryimage\",\"url\":\"https:\/\/militares.estrategia.com\/portal\/wp-content\/uploads\/2022\/08\/Capa_BLOG_URGENTE.jpg\",\"contentUrl\":\"https:\/\/militares.estrategia.com\/portal\/wp-content\/uploads\/2022\/08\/Capa_BLOG_URGENTE.jpg\",\"width\":1200,\"height\":676},{\"@type\":\"BreadcrumbList\",\"@id\":\"https:\/\/militares.estrategia.com\/portal\/noticias\/colegio-naval-2026-inscricoes-sao-prorrogadas-ate-14-de-maio\/#breadcrumb\",\"itemListElement\":[{\"@type\":\"ListItem\",\"position\":1,\"name\":\"Home\",\"item\":\"https:\/\/militares.estrategia.com\/portal\/\"},{\"@type\":\"ListItem\",\"position\":2,\"name\":\"Not\u00edcias\",\"item\":\"https:\/\/militares.estrategia.com\/portal\/noticias\/\"},{\"@type\":\"ListItem\",\"position\":3,\"name\":\"Col\u00e9gio Naval 2026: inscri\u00e7\u00f5es s\u00e3o prorrogadas at\u00e9 14 de maio!\"}]},{\"@type\":\"WebSite\",\"@id\":\"https:\/\/militares.estrategia.com\/portal\/#website\",\"url\":\"https:\/\/militares.estrategia.com\/portal\/\",\"name\":\"Estrat\u00e9gia Militares\",\"description\":\"\",\"publisher\":{\"@id\":\"https:\/\/militares.estrategia.com\/portal\/#organization\"},\"potentialAction\":[{\"@type\":\"SearchAction\",\"target\":{\"@type\":\"EntryPoint\",\"urlTemplate\":\"https:\/\/militares.estrategia.com\/portal\/?s={search_term_string}\"},\"query-input\":{\"@type\":\"PropertyValueSpecification\",\"valueRequired\":true,\"valueName\":\"search_term_string\"}}],\"inLanguage\":\"pt-BR\"},{\"@type\":\"Organization\",\"@id\":\"https:\/\/militares.estrategia.com\/portal\/#organization\",\"name\":\"Estrat\u00e9gia Militares\",\"url\":\"https:\/\/militares.estrategia.com\/portal\/\",\"logo\":{\"@type\":\"ImageObject\",\"inLanguage\":\"pt-BR\",\"@id\":\"https:\/\/militares.estrategia.com\/portal\/#\/schema\/logo\/image\/\",\"url\":\"https:\/\/militares.estrategia.com\/portal\/wp-content\/uploads\/2021\/10\/logo-militares.webp\",\"contentUrl\":\"https:\/\/militares.estrategia.com\/portal\/wp-content\/uploads\/2021\/10\/logo-militares.webp\",\"width\":346,\"height\":90,\"caption\":\"Estrat\u00e9gia Militares\"},\"image\":{\"@id\":\"https:\/\/militares.estrategia.com\/portal\/#\/schema\/logo\/image\/\"},\"sameAs\":[\"https:\/\/www.facebook.com\/EstrategiaMilitares\",\"https:\/\/x.com\/estrategiamilit\",\"https:\/\/www.instagram.com\/estrategiamilitares\/\",\"https:\/\/www.youtube.com\/channel\/UCRG_9hakCqXxnj_8TqCdgTA\"]},{\"@type\":\"Person\",\"@id\":\"https:\/\/militares.estrategia.com\/portal\/#\/schema\/person\/5cfd387108cd0cdefab7eea7a9735dcc\",\"name\":\"Vanesca Soares\",\"image\":{\"@type\":\"ImageObject\",\"inLanguage\":\"pt-BR\",\"@id\":\"https:\/\/militares.estrategia.com\/portal\/#\/schema\/person\/image\/\",\"url\":\"https:\/\/militares.estrategia.com\/portal\/wp-content\/uploads\/2021\/10\/FB_IMG_1634215702135-150x150.webp\",\"contentUrl\":\"https:\/\/militares.estrategia.com\/portal\/wp-content\/uploads\/2021\/10\/FB_IMG_1634215702135-150x150.webp\",\"caption\":\"Vanesca Soares\"},\"description\":\"Vanesca Soares foi Primeiro Tenente da Marinha do Brasil. Jornalista de forma\u00e7\u00e3o, ama todas as artes, principalmente a Literatura e o Cinema. Capaz de ficar em casa lendo um bom livro ao inv\u00e9s de ir para a balada, entende que ler \u00e9 uma grande viagem. Ama filmes hist\u00f3ricos, biografias, drama, thrillers, terror e tudo sobre os anos 1980. Principalmente a m\u00fasica!\",\"url\":\"https:\/\/militares.estrategia.com\/portal\/author\/vanesca-soares\/\"}]}<\/script>\n<!-- \/ Yoast SEO Premium plugin. -->","yoast_head_json":{"title":"Col\u00e9gio Naval 2026: inscri\u00e7\u00f5es s\u00e3o prorrogadas at\u00e9 14 de maio!","description":"A Marinha do Brasil informou em um comunicado que as inscri\u00e7\u00f5es para o Concurso Col\u00e9gio Naval 2026 foram prorrogadas at\u00e9 14 de maio de 2026!","robots":{"index":"index","follow":"follow","max-snippet":"max-snippet:-1","max-image-preview":"max-image-preview:large","max-video-preview":"max-video-preview:-1"},"canonical":"https:\/\/militares.estrategia.com\/portal\/noticias\/colegio-naval-2026-inscricoes-sao-prorrogadas-ate-14-de-maio\/","og_locale":"pt_BR","og_type":"article","og_title":"Col\u00e9gio Naval 2026: inscri\u00e7\u00f5es s\u00e3o prorrogadas at\u00e9 14 de maio!","og_description":"A Marinha do Brasil informou em um comunicado que as inscri\u00e7\u00f5es para o Concurso Col\u00e9gio Naval 2026 foram prorrogadas at\u00e9 14 de maio de 2026!","og_url":"https:\/\/militares.estrategia.com\/portal\/noticias\/colegio-naval-2026-inscricoes-sao-prorrogadas-ate-14-de-maio\/","og_site_name":"Estrat\u00e9gia Militares","article_publisher":"https:\/\/www.facebook.com\/EstrategiaMilitares","article_published_time":"2026-04-29T21:40:29+00:00","article_modified_time":"2026-04-29T21:42:21+00:00","og_image":[{"width":1200,"height":676,"url":"https:\/\/militares.estrategia.com\/portal\/wp-content\/uploads\/2022\/08\/Capa_BLOG_URGENTE.jpg","type":"image\/jpeg"}],"author":"Vanesca Soares","twitter_card":"summary_large_image","twitter_creator":"@estrategiamilit","twitter_site":"@estrategiamilit","twitter_misc":{"Escrito por":"Vanesca Soares","Est. tempo de leitura":"2 minutos"},"schema":{"@context":"https:\/\/schema.org","@graph":[{"@type":"NewsArticle","@id":"https:\/\/militares.estrategia.com\/portal\/noticias\/colegio-naval-2026-inscricoes-sao-prorrogadas-ate-14-de-maio\/#article","isPartOf":{"@id":"https:\/\/militares.estrategia.com\/portal\/noticias\/colegio-naval-2026-inscricoes-sao-prorrogadas-ate-14-de-maio\/"},"author":{"name":"Vanesca Soares","@id":"https:\/\/militares.estrategia.com\/portal\/#\/schema\/person\/5cfd387108cd0cdefab7eea7a9735dcc"},"headline":"Col\u00e9gio Naval 2026: inscri\u00e7\u00f5es s\u00e3o prorrogadas at\u00e9 14 de maio!","datePublished":"2026-04-29T21:40:29+00:00","dateModified":"2026-04-29T21:42:21+00:00","mainEntityOfPage":{"@id":"https:\/\/militares.estrategia.com\/portal\/noticias\/colegio-naval-2026-inscricoes-sao-prorrogadas-ate-14-de-maio\/"},"wordCount":502,"publisher":{"@id":"https:\/\/militares.estrategia.com\/portal\/#organization"},"image":{"@id":"https:\/\/militares.estrategia.com\/portal\/noticias\/colegio-naval-2026-inscricoes-sao-prorrogadas-ate-14-de-maio\/#primaryimage"},"thumbnailUrl":"https:\/\/militares.estrategia.com\/portal\/wp-content\/uploads\/2022\/08\/Capa_BLOG_URGENTE.jpg","keywords":["#marinhadobrasil","2026","carreiramilitar","col\u00e9gio naval","ConcursosMilitares"],"articleSection":["Not\u00edcias"],"inLanguage":"pt-BR"},{"@type":"WebPage","@id":"https:\/\/militares.estrategia.com\/portal\/noticias\/colegio-naval-2026-inscricoes-sao-prorrogadas-ate-14-de-maio\/","url":"https:\/\/militares.estrategia.com\/portal\/noticias\/colegio-naval-2026-inscricoes-sao-prorrogadas-ate-14-de-maio\/","name":"Col\u00e9gio Naval 2026: inscri\u00e7\u00f5es s\u00e3o prorrogadas at\u00e9 14 de maio!","isPartOf":{"@id":"https:\/\/militares.estrategia.com\/portal\/#website"},"primaryImageOfPage":{"@id":"https:\/\/militares.estrategia.com\/portal\/noticias\/colegio-naval-2026-inscricoes-sao-prorrogadas-ate-14-de-maio\/#primaryimage"},"image":{"@id":"https:\/\/militares.estrategia.com\/portal\/noticias\/colegio-naval-2026-inscricoes-sao-prorrogadas-ate-14-de-maio\/#primaryimage"},"thumbnailUrl":"https:\/\/militares.estrategia.com\/portal\/wp-content\/uploads\/2022\/08\/Capa_BLOG_URGENTE.jpg","datePublished":"2026-04-29T21:40:29+00:00","dateModified":"2026-04-29T21:42:21+00:00","description":"A Marinha do Brasil informou em um comunicado que as inscri\u00e7\u00f5es para o Concurso Col\u00e9gio Naval 2026 foram prorrogadas at\u00e9 14 de maio de 2026!","breadcrumb":{"@id":"https:\/\/militares.estrategia.com\/portal\/noticias\/colegio-naval-2026-inscricoes-sao-prorrogadas-ate-14-de-maio\/#breadcrumb"},"inLanguage":"pt-BR","potentialAction":[{"@type":"ReadAction","target":["https:\/\/militares.estrategia.com\/portal\/noticias\/colegio-naval-2026-inscricoes-sao-prorrogadas-ate-14-de-maio\/"]}]},{"@type":"ImageObject","inLanguage":"pt-BR","@id":"https:\/\/militares.estrategia.com\/portal\/noticias\/colegio-naval-2026-inscricoes-sao-prorrogadas-ate-14-de-maio\/#primaryimage","url":"https:\/\/militares.estrategia.com\/portal\/wp-content\/uploads\/2022\/08\/Capa_BLOG_URGENTE.jpg","contentUrl":"https:\/\/militares.estrategia.com\/portal\/wp-content\/uploads\/2022\/08\/Capa_BLOG_URGENTE.jpg","width":1200,"height":676},{"@type":"BreadcrumbList","@id":"https:\/\/militares.estrategia.com\/portal\/noticias\/colegio-naval-2026-inscricoes-sao-prorrogadas-ate-14-de-maio\/#breadcrumb","itemListElement":[{"@type":"ListItem","position":1,"name":"Home","item":"https:\/\/militares.estrategia.com\/portal\/"},{"@type":"ListItem","position":2,"name":"Not\u00edcias","item":"https:\/\/militares.estrategia.com\/portal\/noticias\/"},{"@type":"ListItem","position":3,"name":"Col\u00e9gio Naval 2026: inscri\u00e7\u00f5es s\u00e3o prorrogadas at\u00e9 14 de maio!"}]},{"@type":"WebSite","@id":"https:\/\/militares.estrategia.com\/portal\/#website","url":"https:\/\/militares.estrategia.com\/portal\/","name":"Estrat\u00e9gia Militares","description":"","publisher":{"@id":"https:\/\/militares.estrategia.com\/portal\/#organization"},"potentialAction":[{"@type":"SearchAction","target":{"@type":"EntryPoint","urlTemplate":"https:\/\/militares.estrategia.com\/portal\/?s={search_term_string}"},"query-input":{"@type":"PropertyValueSpecification","valueRequired":true,"valueName":"search_term_string"}}],"inLanguage":"pt-BR"},{"@type":"Organization","@id":"https:\/\/militares.estrategia.com\/portal\/#organization","name":"Estrat\u00e9gia Militares","url":"https:\/\/militares.estrategia.com\/portal\/","logo":{"@type":"ImageObject","inLanguage":"pt-BR","@id":"https:\/\/militares.estrategia.com\/portal\/#\/schema\/logo\/image\/","url":"https:\/\/militares.estrategia.com\/portal\/wp-content\/uploads\/2021\/10\/logo-militares.webp","contentUrl":"https:\/\/militares.estrategia.com\/portal\/wp-content\/uploads\/2021\/10\/logo-militares.webp","width":346,"height":90,"caption":"Estrat\u00e9gia Militares"},"image":{"@id":"https:\/\/militares.estrategia.com\/portal\/#\/schema\/logo\/image\/"},"sameAs":["https:\/\/www.facebook.com\/EstrategiaMilitares","https:\/\/x.com\/estrategiamilit","https:\/\/www.instagram.com\/estrategiamilitares\/","https:\/\/www.youtube.com\/channel\/UCRG_9hakCqXxnj_8TqCdgTA"]},{"@type":"Person","@id":"https:\/\/militares.estrategia.com\/portal\/#\/schema\/person\/5cfd387108cd0cdefab7eea7a9735dcc","name":"Vanesca Soares","image":{"@type":"ImageObject","inLanguage":"pt-BR","@id":"https:\/\/militares.estrategia.com\/portal\/#\/schema\/person\/image\/","url":"https:\/\/militares.estrategia.com\/portal\/wp-content\/uploads\/2021\/10\/FB_IMG_1634215702135-150x150.webp","contentUrl":"https:\/\/militares.estrategia.com\/portal\/wp-content\/uploads\/2021\/10\/FB_IMG_1634215702135-150x150.webp","caption":"Vanesca Soares"},"description":"Vanesca Soares foi Primeiro Tenente da Marinha do Brasil. Jornalista de forma\u00e7\u00e3o, ama todas as artes, principalmente a Literatura e o Cinema. Capaz de ficar em casa lendo um bom livro ao inv\u00e9s de ir para a balada, entende que ler \u00e9 uma grande viagem. Ama filmes hist\u00f3ricos, biografias, drama, thrillers, terror e tudo sobre os anos 1980. Principalmente a m\u00fasica!","url":"https:\/\/militares.estrategia.com\/portal\/author\/vanesca-soares\/"}]}},"_wl_alt_label":[],"wl:entity_url":"https:\/\/data.wordlift.io\/wl110246\/post\/colegio-naval-2026-98638","_links":{"self":[{"href":"https:\/\/militares.estrategia.com\/portal\/wp-json\/wp\/v2\/posts\/98638","targetHints":{"allow":["GET"]}}],"collection":[{"href":"https:\/\/militares.estrategia.com\/portal\/wp-json\/wp\/v2\/posts"}],"about":[{"href":"https:\/\/militares.estrategia.com\/portal\/wp-json\/wp\/v2\/types\/post"}],"author":[{"embeddable":true,"href":"https:\/\/militares.estrategia.com\/portal\/wp-json\/wp\/v2\/users\/58"}],"replies":[{"embeddable":true,"href":"https:\/\/militares.estrategia.com\/portal\/wp-json\/wp\/v2\/comments?post=98638"}],"version-history":[{"count":2,"href":"https:\/\/militares.estrategia.com\/portal\/wp-json\/wp\/v2\/posts\/98638\/revisions"}],"predecessor-version":[{"id":98641,"href":"https:\/\/militares.estrategia.com\/portal\/wp-json\/wp\/v2\/posts\/98638\/revisions\/98641"}],"wp:featuredmedia":[{"embeddable":true,"href":"https:\/\/militares.estrategia.com\/portal\/wp-json\/wp\/v2\/media\/58081"}],"wp:attachment":[{"href":"https:\/\/militares.estrategia.com\/portal\/wp-json\/wp\/v2\/media?parent=98638"}],"wp:term":[{"taxonomy":"category","embeddable":true,"href":"https:\/\/militares.estrategia.com\/portal\/wp-json\/wp\/v2\/categories?post=98638"},{"taxonomy":"post_tag","embeddable":true,"href":"https:\/\/militares.estrategia.com\/portal\/wp-json\/wp\/v2\/tags?post=98638"},{"taxonomy":"wl_entity_type","embeddable":true,"href":"https:\/\/militares.estrategia.com\/portal\/wp-json\/wp\/v2\/wl_entity_type?post=98638"}],"curies":[{"name":"wp","href":"https:\/\/api.w.org\/{rel}","templated":true}]}}