{"id":98622,"date":"2026-04-29T14:39:04","date_gmt":"2026-04-29T17:39:04","guid":{"rendered":"https:\/\/militares.estrategia.com\/portal\/?p=98622"},"modified":"2026-04-29T14:40:55","modified_gmt":"2026-04-29T17:40:55","slug":"eear-2026-2-saiu-a-lista-de-convocados-para-o-phc","status":"publish","type":"post","link":"https:\/\/militares.estrategia.com\/portal\/noticias\/eear-2026-2-saiu-a-lista-de-convocados-para-o-phc\/","title":{"rendered":"EEAR 2026.2: saiu a lista de convocados para o PHC!"},"content":{"rendered":"\n<p>Nesta quarta-feira, 29 de abril, a For\u00e7a A\u00e9rea Brasileira publicou a lista de candidatos que foram <strong>convocados para a realiza\u00e7\u00e3o do Procedimento de Heteroidentifica\u00e7\u00e3o Complementar (PHC) do Concurso EEAR 2026.2. <\/strong>A rela\u00e7\u00e3o foi divulgada na <a href=\"https:\/\/ingresso.eear.fab.mil.br\/\" target=\"_blank\" >p\u00e1gina do processo seletivo na internet<\/a>. Saiba mais a seguir! <\/p>\n\n\n<div id=\"new-form\">\n\t<form id=\"forms_layout\">\n\t<input type=\"hidden\" id=\"chave_de\" name=\"chave_de\" value=\"01_EMIL_LEADS_TOTAIS\" \/>\n\t\t<input type=\"hidden\" id=\"mid\" name=\"mid\" value=\"515009017\" \/>\n\t\t<input type=\"hidden\" id=\"Objetivo\" name=\"Objetivo\" value=\"Militares\" \/>\n\t\t<input type=\"hidden\" id=\"Estado_de_Origem_do_IP\" name=\"Estado_de_Origem_do_IP\"  value=\"\" \/>\n\t\t<input type=\"hidden\" id=\"Cidade_de_Origem_do_IP\" name=\"Cidade_de_Origem_do_IP\" value=\"\" \/>\n\t\t<input type=\"hidden\" id=\"Modo_de_entrada\" name=\"Modo_de_entrada\" value=\"Portal\" \/>\n\t\t<input type=\"hidden\" id=\"Pagina_Origem\" name=\"Pagina_Origem\" value=\"\" \/>\n\n\t\t<div class=\"texto\">\n\t\t\t<h3 class=\"news\">Inscreva-se em nossa newsletter!<\/h3>\n\t\t\t<p>Receba not\u00edcias sobre os mais importantes concursos para as For\u00e7as Armadas brasileiras e informa\u00e7\u00f5es sobre o mundo militar!<\/p>\n\t\t<\/div>\n\t\t<div class=\"campos\">\n\t\t\t<div class=\"first_name labels\">\n\t\t\t\t<input type=\"text\" class=\"input_labels\" id=\"first_name\" name=\"Nome_Completo\" placeholder=\"Nome\" required \/>\n\t\t\t<\/div>\n\t\t\t<div class=\"email labels\">\n\t\t\t\t<input type=\"email\" class=\"input_labels\" id=\"email\" name=\"Email\" placeholder=\"E-mail\" required \/>\n\t\t\t<\/div>\n\t\t\t<button type=\"submit\" class=\"button_layout\">\n\t\t\t\t<div id=\"lblBotao\">Inscreva-se<\/div>\n\t\t\t\t<span id=\"divSpiner\" class=\"loader\" role=\"status\" style=\"display: none;\"><\/span>\t\n\t\t\t<\/button>\n\t\t<\/div><!-- \/campos -->\n\t\t\n\t\t<label class=\"container_checkbox\">Voc\u00ea concorda com a nossa\n\t\t\t<a class=\"politics_privacy_ahref\" target=\"_blank\" href=\"https:\/\/gratis.estrategiaconcursos.com.br\/politica-de-privacidade\/\">Pol\u00edtica de Privacidade<\/a> e aceita receber informa\u00e7\u00f5es adicionais do Estrat\u00e9gia Educacional.\n\t\t\t<input id=\"checkbox_layout\" type=\"checkbox\" checked=\"checked\" required \/>\n\t\t\t<span class=\"checkbox\"><\/span>\n\t\t<\/label>\n\t\t<div id=\"msg\"><\/div>\n\t\t<div id=\"error\" class=\"error\">\n\t\t<\/div>\n\t<\/form>\n<\/div><!-- \/new-form -->\n\n\n\n<p>O <strong>PHC ser\u00e1 realizado no dia 15 de maio de 2026<\/strong>, nas depend\u00eancias da Escola de Especialistas da Aeron\u00e1utica (EEAR). <strong>A abertura dos port\u00f5es ser\u00e1 \u00e0s 07h (hor\u00e1rio de Bras\u00edlia) e o fechamento, \u00e0s 08h (hor\u00e1rio de Bras\u00edlia).<\/strong> Clique no bot\u00e3o para ver a lista de convocados.<\/p>\n\n\n\n<div class=\"wp-block-buttons is-content-justification-center is-layout-flex wp-container-core-buttons-is-layout-1 wp-block-buttons-is-layout-flex\">\n<div class=\"wp-block-button is-style-outline is-style-outline--1\"><a class=\"wp-block-button__link has-electric-grass-gradient-background has-background wp-element-button\" href=\"https:\/\/militares.estrategia.com\/portal\/wp-content\/uploads\/2026\/04\/cfs-2-2026_convocados_phc.pdf\" style=\"border-radius:100px\" target=\"_blank\" >convoca\u00e7\u00e3o para o phc &#8211; eear 2026.2<\/a><\/div>\n<\/div>\n\n\n\n<p>Os candidatos devem comparecer com os cabelos soltos, sem qualquer tipo de maquiagem, sem \u00f3culos (escuro ou de grau), sem acess\u00f3rio na cabe\u00e7a (bon\u00e9, chap\u00e9u, len\u00e7o, el\u00e1stico, presilhas, burca, gorro, turbantes, bandanas etc.) ou qualquer objeto ou acess\u00f3rio de qualquer ordem ou natureza que cubra o rosto e cabelos, e que impossibilitem a verifica\u00e7\u00e3o fenot\u00edpica, prejudicando a identifica\u00e7\u00e3o do candidato, sob pena de exclus\u00e3o.<\/p>\n\n\n\n<p>Conhe\u00e7a os cursos preparat\u00f3rios do Estrat\u00e9gia Militares para o Concurso EEAR! Clique no banner abaixo e escolha o melhor curso para voc\u00ea!<\/p>\n\n\n\n<div class=\"cta-medio\" style=\"background-image: url(https:\/\/militares.estrategia.com\/portal\/wp-content\/uploads\/2025\/07\/CTA-EEAR.jpg);\"><h3>Quer ser especialista da FAB?<\/h3> <p>Prepare-se com o curso que mais aprova para a EEAR!<\/p><div class=\"cta-botao\"><a id=\"cta-medio\" href=\"https:\/\/militares.estrategia.com\/concursos\/cursos\/eear?utm_source=portal&utm_medium=post&utm_campaign=emil-x-vd-seo-portal-v\" target=\"_blank\" style=\"background:#17494e\">Saiba mais<\/a><\/div><\/div>\n","protected":false},"excerpt":{"rendered":"Nesta quarta-feira, 29 de abril, a For\u00e7a A\u00e9rea Brasileira publicou a lista de candidatos que foram convocados para&hellip;\n","protected":false},"author":58,"featured_media":58087,"comment_status":"closed","ping_status":"closed","sticky":false,"template":"","format":"standard","meta":{"wl_entities_gutenberg":"","footnotes":""},"categories":[36],"tags":[330,162,161,116,271],"wl_entity_type":[187],"class_list":{"0":"post-98622","1":"post","2":"type-post","3":"status-publish","4":"format-standard","5":"has-post-thumbnail","7":"category-noticias","8":"tag-330","9":"tag-carreiramilitar","10":"tag-concursosmilitares","11":"tag-eear-2","12":"tag-fab","13":"wl_entity_type-article"},"acf":[],"yoast_head":"<!-- This site is optimized with the Yoast SEO Premium plugin v26.6 (Yoast SEO v26.6) - https:\/\/yoast.com\/wordpress\/plugins\/seo\/ -->\n<title>EEAR 2026.2: saiu a lista de convocados para o PHC!<\/title>\n<meta name=\"description\" content=\"Veja os candidatos que foram convocados para a realiza\u00e7\u00e3o do Procedimento de Heteroidentifica\u00e7\u00e3o Complementar do Concurso EEAR 2026.2.\" \/>\n<meta name=\"robots\" content=\"index, follow, max-snippet:-1, max-image-preview:large, max-video-preview:-1\" \/>\n<link rel=\"canonical\" href=\"https:\/\/militares.estrategia.com\/portal\/noticias\/eear-2026-2-saiu-a-lista-de-convocados-para-o-phc\/\" \/>\n<meta property=\"og:locale\" content=\"pt_BR\" \/>\n<meta property=\"og:type\" content=\"article\" \/>\n<meta property=\"og:title\" content=\"EEAR 2026.2: saiu a lista de convocados para o PHC!\" \/>\n<meta property=\"og:description\" content=\"Veja os candidatos que foram convocados para a realiza\u00e7\u00e3o do Procedimento de Heteroidentifica\u00e7\u00e3o Complementar do Concurso EEAR 2026.2.\" \/>\n<meta property=\"og:url\" content=\"https:\/\/militares.estrategia.com\/portal\/noticias\/eear-2026-2-saiu-a-lista-de-convocados-para-o-phc\/\" \/>\n<meta property=\"og:site_name\" content=\"Estrat\u00e9gia Militares\" \/>\n<meta property=\"article:publisher\" content=\"https:\/\/www.facebook.com\/EstrategiaMilitares\" \/>\n<meta property=\"article:published_time\" content=\"2026-04-29T17:39:04+00:00\" \/>\n<meta property=\"article:modified_time\" content=\"2026-04-29T17:40:55+00:00\" \/>\n<meta property=\"og:image\" content=\"https:\/\/militares.estrategia.com\/portal\/wp-content\/uploads\/2022\/08\/Capa_BLOG_EEAR.jpg\" \/>\n\t<meta property=\"og:image:width\" content=\"1200\" \/>\n\t<meta property=\"og:image:height\" content=\"676\" \/>\n\t<meta property=\"og:image:type\" content=\"image\/jpeg\" \/>\n<meta name=\"author\" content=\"Vanesca Soares\" \/>\n<meta name=\"twitter:card\" content=\"summary_large_image\" \/>\n<meta name=\"twitter:creator\" content=\"@estrategiamilit\" \/>\n<meta name=\"twitter:site\" content=\"@estrategiamilit\" \/>\n<meta name=\"twitter:label1\" content=\"Escrito por\" \/>\n\t<meta name=\"twitter:data1\" content=\"Vanesca Soares\" \/>\n\t<meta name=\"twitter:label2\" content=\"Est. tempo de leitura\" \/>\n\t<meta name=\"twitter:data2\" content=\"1 minuto\" \/>\n<script type=\"application\/ld+json\" class=\"yoast-schema-graph\">{\"@context\":\"https:\/\/schema.org\",\"@graph\":[{\"@type\":\"NewsArticle\",\"@id\":\"https:\/\/militares.estrategia.com\/portal\/noticias\/eear-2026-2-saiu-a-lista-de-convocados-para-o-phc\/#article\",\"isPartOf\":{\"@id\":\"https:\/\/militares.estrategia.com\/portal\/noticias\/eear-2026-2-saiu-a-lista-de-convocados-para-o-phc\/\"},\"author\":{\"name\":\"Vanesca Soares\",\"@id\":\"https:\/\/militares.estrategia.com\/portal\/#\/schema\/person\/5cfd387108cd0cdefab7eea7a9735dcc\"},\"headline\":\"EEAR 2026.2: saiu a lista de convocados para o PHC!\",\"datePublished\":\"2026-04-29T17:39:04+00:00\",\"dateModified\":\"2026-04-29T17:40:55+00:00\",\"mainEntityOfPage\":{\"@id\":\"https:\/\/militares.estrategia.com\/portal\/noticias\/eear-2026-2-saiu-a-lista-de-convocados-para-o-phc\/\"},\"wordCount\":220,\"publisher\":{\"@id\":\"https:\/\/militares.estrategia.com\/portal\/#organization\"},\"image\":{\"@id\":\"https:\/\/militares.estrategia.com\/portal\/noticias\/eear-2026-2-saiu-a-lista-de-convocados-para-o-phc\/#primaryimage\"},\"thumbnailUrl\":\"https:\/\/militares.estrategia.com\/portal\/wp-content\/uploads\/2022\/08\/Capa_BLOG_EEAR.jpg\",\"keywords\":[\"2026\",\"carreiramilitar\",\"ConcursosMilitares\",\"EEAR\",\"FAB\"],\"articleSection\":[\"Not\u00edcias\"],\"inLanguage\":\"pt-BR\"},{\"@type\":\"WebPage\",\"@id\":\"https:\/\/militares.estrategia.com\/portal\/noticias\/eear-2026-2-saiu-a-lista-de-convocados-para-o-phc\/\",\"url\":\"https:\/\/militares.estrategia.com\/portal\/noticias\/eear-2026-2-saiu-a-lista-de-convocados-para-o-phc\/\",\"name\":\"EEAR 2026.2: saiu a lista de convocados para o PHC!\",\"isPartOf\":{\"@id\":\"https:\/\/militares.estrategia.com\/portal\/#website\"},\"primaryImageOfPage\":{\"@id\":\"https:\/\/militares.estrategia.com\/portal\/noticias\/eear-2026-2-saiu-a-lista-de-convocados-para-o-phc\/#primaryimage\"},\"image\":{\"@id\":\"https:\/\/militares.estrategia.com\/portal\/noticias\/eear-2026-2-saiu-a-lista-de-convocados-para-o-phc\/#primaryimage\"},\"thumbnailUrl\":\"https:\/\/militares.estrategia.com\/portal\/wp-content\/uploads\/2022\/08\/Capa_BLOG_EEAR.jpg\",\"datePublished\":\"2026-04-29T17:39:04+00:00\",\"dateModified\":\"2026-04-29T17:40:55+00:00\",\"description\":\"Veja os candidatos que foram convocados para a realiza\u00e7\u00e3o do Procedimento de Heteroidentifica\u00e7\u00e3o Complementar do Concurso EEAR 2026.2.\",\"breadcrumb\":{\"@id\":\"https:\/\/militares.estrategia.com\/portal\/noticias\/eear-2026-2-saiu-a-lista-de-convocados-para-o-phc\/#breadcrumb\"},\"inLanguage\":\"pt-BR\",\"potentialAction\":[{\"@type\":\"ReadAction\",\"target\":[\"https:\/\/militares.estrategia.com\/portal\/noticias\/eear-2026-2-saiu-a-lista-de-convocados-para-o-phc\/\"]}]},{\"@type\":\"ImageObject\",\"inLanguage\":\"pt-BR\",\"@id\":\"https:\/\/militares.estrategia.com\/portal\/noticias\/eear-2026-2-saiu-a-lista-de-convocados-para-o-phc\/#primaryimage\",\"url\":\"https:\/\/militares.estrategia.com\/portal\/wp-content\/uploads\/2022\/08\/Capa_BLOG_EEAR.jpg\",\"contentUrl\":\"https:\/\/militares.estrategia.com\/portal\/wp-content\/uploads\/2022\/08\/Capa_BLOG_EEAR.jpg\",\"width\":1200,\"height\":676,\"caption\":\"eear\"},{\"@type\":\"BreadcrumbList\",\"@id\":\"https:\/\/militares.estrategia.com\/portal\/noticias\/eear-2026-2-saiu-a-lista-de-convocados-para-o-phc\/#breadcrumb\",\"itemListElement\":[{\"@type\":\"ListItem\",\"position\":1,\"name\":\"Home\",\"item\":\"https:\/\/militares.estrategia.com\/portal\/\"},{\"@type\":\"ListItem\",\"position\":2,\"name\":\"Not\u00edcias\",\"item\":\"https:\/\/militares.estrategia.com\/portal\/noticias\/\"},{\"@type\":\"ListItem\",\"position\":3,\"name\":\"EEAR 2026.2: saiu a lista de convocados para o PHC!\"}]},{\"@type\":\"WebSite\",\"@id\":\"https:\/\/militares.estrategia.com\/portal\/#website\",\"url\":\"https:\/\/militares.estrategia.com\/portal\/\",\"name\":\"Estrat\u00e9gia Militares\",\"description\":\"\",\"publisher\":{\"@id\":\"https:\/\/militares.estrategia.com\/portal\/#organization\"},\"potentialAction\":[{\"@type\":\"SearchAction\",\"target\":{\"@type\":\"EntryPoint\",\"urlTemplate\":\"https:\/\/militares.estrategia.com\/portal\/?s={search_term_string}\"},\"query-input\":{\"@type\":\"PropertyValueSpecification\",\"valueRequired\":true,\"valueName\":\"search_term_string\"}}],\"inLanguage\":\"pt-BR\"},{\"@type\":\"Organization\",\"@id\":\"https:\/\/militares.estrategia.com\/portal\/#organization\",\"name\":\"Estrat\u00e9gia Militares\",\"url\":\"https:\/\/militares.estrategia.com\/portal\/\",\"logo\":{\"@type\":\"ImageObject\",\"inLanguage\":\"pt-BR\",\"@id\":\"https:\/\/militares.estrategia.com\/portal\/#\/schema\/logo\/image\/\",\"url\":\"https:\/\/militares.estrategia.com\/portal\/wp-content\/uploads\/2021\/10\/logo-militares.webp\",\"contentUrl\":\"https:\/\/militares.estrategia.com\/portal\/wp-content\/uploads\/2021\/10\/logo-militares.webp\",\"width\":346,\"height\":90,\"caption\":\"Estrat\u00e9gia Militares\"},\"image\":{\"@id\":\"https:\/\/militares.estrategia.com\/portal\/#\/schema\/logo\/image\/\"},\"sameAs\":[\"https:\/\/www.facebook.com\/EstrategiaMilitares\",\"https:\/\/x.com\/estrategiamilit\",\"https:\/\/www.instagram.com\/estrategiamilitares\/\",\"https:\/\/www.youtube.com\/channel\/UCRG_9hakCqXxnj_8TqCdgTA\"]},{\"@type\":\"Person\",\"@id\":\"https:\/\/militares.estrategia.com\/portal\/#\/schema\/person\/5cfd387108cd0cdefab7eea7a9735dcc\",\"name\":\"Vanesca Soares\",\"image\":{\"@type\":\"ImageObject\",\"inLanguage\":\"pt-BR\",\"@id\":\"https:\/\/militares.estrategia.com\/portal\/#\/schema\/person\/image\/\",\"url\":\"https:\/\/militares.estrategia.com\/portal\/wp-content\/uploads\/2021\/10\/FB_IMG_1634215702135-150x150.webp\",\"contentUrl\":\"https:\/\/militares.estrategia.com\/portal\/wp-content\/uploads\/2021\/10\/FB_IMG_1634215702135-150x150.webp\",\"caption\":\"Vanesca Soares\"},\"description\":\"Vanesca Soares foi Primeiro Tenente da Marinha do Brasil. Jornalista de forma\u00e7\u00e3o, ama todas as artes, principalmente a Literatura e o Cinema. Capaz de ficar em casa lendo um bom livro ao inv\u00e9s de ir para a balada, entende que ler \u00e9 uma grande viagem. Ama filmes hist\u00f3ricos, biografias, drama, thrillers, terror e tudo sobre os anos 1980. Principalmente a m\u00fasica!\",\"url\":\"https:\/\/militares.estrategia.com\/portal\/author\/vanesca-soares\/\"}]}<\/script>\n<!-- \/ Yoast SEO Premium plugin. -->","yoast_head_json":{"title":"EEAR 2026.2: saiu a lista de convocados para o PHC!","description":"Veja os candidatos que foram convocados para a realiza\u00e7\u00e3o do Procedimento de Heteroidentifica\u00e7\u00e3o Complementar do Concurso EEAR 2026.2.","robots":{"index":"index","follow":"follow","max-snippet":"max-snippet:-1","max-image-preview":"max-image-preview:large","max-video-preview":"max-video-preview:-1"},"canonical":"https:\/\/militares.estrategia.com\/portal\/noticias\/eear-2026-2-saiu-a-lista-de-convocados-para-o-phc\/","og_locale":"pt_BR","og_type":"article","og_title":"EEAR 2026.2: saiu a lista de convocados para o PHC!","og_description":"Veja os candidatos que foram convocados para a realiza\u00e7\u00e3o do Procedimento de Heteroidentifica\u00e7\u00e3o Complementar do Concurso EEAR 2026.2.","og_url":"https:\/\/militares.estrategia.com\/portal\/noticias\/eear-2026-2-saiu-a-lista-de-convocados-para-o-phc\/","og_site_name":"Estrat\u00e9gia Militares","article_publisher":"https:\/\/www.facebook.com\/EstrategiaMilitares","article_published_time":"2026-04-29T17:39:04+00:00","article_modified_time":"2026-04-29T17:40:55+00:00","og_image":[{"width":1200,"height":676,"url":"https:\/\/militares.estrategia.com\/portal\/wp-content\/uploads\/2022\/08\/Capa_BLOG_EEAR.jpg","type":"image\/jpeg"}],"author":"Vanesca Soares","twitter_card":"summary_large_image","twitter_creator":"@estrategiamilit","twitter_site":"@estrategiamilit","twitter_misc":{"Escrito por":"Vanesca Soares","Est. tempo de leitura":"1 minuto"},"schema":{"@context":"https:\/\/schema.org","@graph":[{"@type":"NewsArticle","@id":"https:\/\/militares.estrategia.com\/portal\/noticias\/eear-2026-2-saiu-a-lista-de-convocados-para-o-phc\/#article","isPartOf":{"@id":"https:\/\/militares.estrategia.com\/portal\/noticias\/eear-2026-2-saiu-a-lista-de-convocados-para-o-phc\/"},"author":{"name":"Vanesca Soares","@id":"https:\/\/militares.estrategia.com\/portal\/#\/schema\/person\/5cfd387108cd0cdefab7eea7a9735dcc"},"headline":"EEAR 2026.2: saiu a lista de convocados para o PHC!","datePublished":"2026-04-29T17:39:04+00:00","dateModified":"2026-04-29T17:40:55+00:00","mainEntityOfPage":{"@id":"https:\/\/militares.estrategia.com\/portal\/noticias\/eear-2026-2-saiu-a-lista-de-convocados-para-o-phc\/"},"wordCount":220,"publisher":{"@id":"https:\/\/militares.estrategia.com\/portal\/#organization"},"image":{"@id":"https:\/\/militares.estrategia.com\/portal\/noticias\/eear-2026-2-saiu-a-lista-de-convocados-para-o-phc\/#primaryimage"},"thumbnailUrl":"https:\/\/militares.estrategia.com\/portal\/wp-content\/uploads\/2022\/08\/Capa_BLOG_EEAR.jpg","keywords":["2026","carreiramilitar","ConcursosMilitares","EEAR","FAB"],"articleSection":["Not\u00edcias"],"inLanguage":"pt-BR"},{"@type":"WebPage","@id":"https:\/\/militares.estrategia.com\/portal\/noticias\/eear-2026-2-saiu-a-lista-de-convocados-para-o-phc\/","url":"https:\/\/militares.estrategia.com\/portal\/noticias\/eear-2026-2-saiu-a-lista-de-convocados-para-o-phc\/","name":"EEAR 2026.2: saiu a lista de convocados para o PHC!","isPartOf":{"@id":"https:\/\/militares.estrategia.com\/portal\/#website"},"primaryImageOfPage":{"@id":"https:\/\/militares.estrategia.com\/portal\/noticias\/eear-2026-2-saiu-a-lista-de-convocados-para-o-phc\/#primaryimage"},"image":{"@id":"https:\/\/militares.estrategia.com\/portal\/noticias\/eear-2026-2-saiu-a-lista-de-convocados-para-o-phc\/#primaryimage"},"thumbnailUrl":"https:\/\/militares.estrategia.com\/portal\/wp-content\/uploads\/2022\/08\/Capa_BLOG_EEAR.jpg","datePublished":"2026-04-29T17:39:04+00:00","dateModified":"2026-04-29T17:40:55+00:00","description":"Veja os candidatos que foram convocados para a realiza\u00e7\u00e3o do Procedimento de Heteroidentifica\u00e7\u00e3o Complementar do Concurso EEAR 2026.2.","breadcrumb":{"@id":"https:\/\/militares.estrategia.com\/portal\/noticias\/eear-2026-2-saiu-a-lista-de-convocados-para-o-phc\/#breadcrumb"},"inLanguage":"pt-BR","potentialAction":[{"@type":"ReadAction","target":["https:\/\/militares.estrategia.com\/portal\/noticias\/eear-2026-2-saiu-a-lista-de-convocados-para-o-phc\/"]}]},{"@type":"ImageObject","inLanguage":"pt-BR","@id":"https:\/\/militares.estrategia.com\/portal\/noticias\/eear-2026-2-saiu-a-lista-de-convocados-para-o-phc\/#primaryimage","url":"https:\/\/militares.estrategia.com\/portal\/wp-content\/uploads\/2022\/08\/Capa_BLOG_EEAR.jpg","contentUrl":"https:\/\/militares.estrategia.com\/portal\/wp-content\/uploads\/2022\/08\/Capa_BLOG_EEAR.jpg","width":1200,"height":676,"caption":"eear"},{"@type":"BreadcrumbList","@id":"https:\/\/militares.estrategia.com\/portal\/noticias\/eear-2026-2-saiu-a-lista-de-convocados-para-o-phc\/#breadcrumb","itemListElement":[{"@type":"ListItem","position":1,"name":"Home","item":"https:\/\/militares.estrategia.com\/portal\/"},{"@type":"ListItem","position":2,"name":"Not\u00edcias","item":"https:\/\/militares.estrategia.com\/portal\/noticias\/"},{"@type":"ListItem","position":3,"name":"EEAR 2026.2: saiu a lista de convocados para o PHC!"}]},{"@type":"WebSite","@id":"https:\/\/militares.estrategia.com\/portal\/#website","url":"https:\/\/militares.estrategia.com\/portal\/","name":"Estrat\u00e9gia Militares","description":"","publisher":{"@id":"https:\/\/militares.estrategia.com\/portal\/#organization"},"potentialAction":[{"@type":"SearchAction","target":{"@type":"EntryPoint","urlTemplate":"https:\/\/militares.estrategia.com\/portal\/?s={search_term_string}"},"query-input":{"@type":"PropertyValueSpecification","valueRequired":true,"valueName":"search_term_string"}}],"inLanguage":"pt-BR"},{"@type":"Organization","@id":"https:\/\/militares.estrategia.com\/portal\/#organization","name":"Estrat\u00e9gia Militares","url":"https:\/\/militares.estrategia.com\/portal\/","logo":{"@type":"ImageObject","inLanguage":"pt-BR","@id":"https:\/\/militares.estrategia.com\/portal\/#\/schema\/logo\/image\/","url":"https:\/\/militares.estrategia.com\/portal\/wp-content\/uploads\/2021\/10\/logo-militares.webp","contentUrl":"https:\/\/militares.estrategia.com\/portal\/wp-content\/uploads\/2021\/10\/logo-militares.webp","width":346,"height":90,"caption":"Estrat\u00e9gia Militares"},"image":{"@id":"https:\/\/militares.estrategia.com\/portal\/#\/schema\/logo\/image\/"},"sameAs":["https:\/\/www.facebook.com\/EstrategiaMilitares","https:\/\/x.com\/estrategiamilit","https:\/\/www.instagram.com\/estrategiamilitares\/","https:\/\/www.youtube.com\/channel\/UCRG_9hakCqXxnj_8TqCdgTA"]},{"@type":"Person","@id":"https:\/\/militares.estrategia.com\/portal\/#\/schema\/person\/5cfd387108cd0cdefab7eea7a9735dcc","name":"Vanesca Soares","image":{"@type":"ImageObject","inLanguage":"pt-BR","@id":"https:\/\/militares.estrategia.com\/portal\/#\/schema\/person\/image\/","url":"https:\/\/militares.estrategia.com\/portal\/wp-content\/uploads\/2021\/10\/FB_IMG_1634215702135-150x150.webp","contentUrl":"https:\/\/militares.estrategia.com\/portal\/wp-content\/uploads\/2021\/10\/FB_IMG_1634215702135-150x150.webp","caption":"Vanesca Soares"},"description":"Vanesca Soares foi Primeiro Tenente da Marinha do Brasil. Jornalista de forma\u00e7\u00e3o, ama todas as artes, principalmente a Literatura e o Cinema. Capaz de ficar em casa lendo um bom livro ao inv\u00e9s de ir para a balada, entende que ler \u00e9 uma grande viagem. Ama filmes hist\u00f3ricos, biografias, drama, thrillers, terror e tudo sobre os anos 1980. Principalmente a m\u00fasica!","url":"https:\/\/militares.estrategia.com\/portal\/author\/vanesca-soares\/"}]}},"_wl_alt_label":[],"wl:entity_url":"https:\/\/data.wordlift.io\/wl110246\/post\/eear-2026-2-saiu-a-lista-de-convocados-para-o-phc-98622","_links":{"self":[{"href":"https:\/\/militares.estrategia.com\/portal\/wp-json\/wp\/v2\/posts\/98622","targetHints":{"allow":["GET"]}}],"collection":[{"href":"https:\/\/militares.estrategia.com\/portal\/wp-json\/wp\/v2\/posts"}],"about":[{"href":"https:\/\/militares.estrategia.com\/portal\/wp-json\/wp\/v2\/types\/post"}],"author":[{"embeddable":true,"href":"https:\/\/militares.estrategia.com\/portal\/wp-json\/wp\/v2\/users\/58"}],"replies":[{"embeddable":true,"href":"https:\/\/militares.estrategia.com\/portal\/wp-json\/wp\/v2\/comments?post=98622"}],"version-history":[{"count":2,"href":"https:\/\/militares.estrategia.com\/portal\/wp-json\/wp\/v2\/posts\/98622\/revisions"}],"predecessor-version":[{"id":98625,"href":"https:\/\/militares.estrategia.com\/portal\/wp-json\/wp\/v2\/posts\/98622\/revisions\/98625"}],"wp:featuredmedia":[{"embeddable":true,"href":"https:\/\/militares.estrategia.com\/portal\/wp-json\/wp\/v2\/media\/58087"}],"wp:attachment":[{"href":"https:\/\/militares.estrategia.com\/portal\/wp-json\/wp\/v2\/media?parent=98622"}],"wp:term":[{"taxonomy":"category","embeddable":true,"href":"https:\/\/militares.estrategia.com\/portal\/wp-json\/wp\/v2\/categories?post=98622"},{"taxonomy":"post_tag","embeddable":true,"href":"https:\/\/militares.estrategia.com\/portal\/wp-json\/wp\/v2\/tags?post=98622"},{"taxonomy":"wl_entity_type","embeddable":true,"href":"https:\/\/militares.estrategia.com\/portal\/wp-json\/wp\/v2\/wl_entity_type?post=98622"}],"curies":[{"name":"wp","href":"https:\/\/api.w.org\/{rel}","templated":true}]}}