{"id":92103,"date":"2026-04-29T09:21:38","date_gmt":"2026-04-29T12:21:38","guid":{"rendered":"https:\/\/militares.estrategia.com\/portal\/?p=92103"},"modified":"2026-04-29T11:35:58","modified_gmt":"2026-04-29T14:35:58","slug":"edital-escola-naval-2026","status":"publish","type":"post","link":"https:\/\/militares.estrategia.com\/portal\/noticias\/edital-escola-naval-2026\/","title":{"rendered":"Escola Naval 2026: edital \u00e9 divulgado com 49 vagas!"},"content":{"rendered":"\n<p>Quer se tornar um oficial da Marinha do Brasil? Ent\u00e3o, seu lugar \u00e9 na Escola Naval! <strong>O Edital do Concurso P\u00fablico de Admiss\u00e3o da Escola Naval 2026 foi publicado<\/strong> nesta quarta-feira, dia 29 de abril de 2026, na p\u00e1gina oficial do seletivo na internet. Nesta edi\u00e7\u00e3o, s\u00e3o oferecidas 49 vagas, divididas entre candidatos masculinos e femininos.<\/p>\n\n\n\n<p>As<strong> inscri\u00e7\u00f5es no concurso come\u00e7am no dia 30 de abril de 2026.<\/strong> Separamos as principais informa\u00e7\u00f5es do Edital Escola Naval 2026 para voc\u00ea conferir antes de se inscrever! <\/p>\n\n\n<div id=\"new-form\">\n\t<form id=\"forms_layout\">\n\t<input type=\"hidden\" id=\"chave_de\" name=\"chave_de\" value=\"01_EMIL_LEADS_TOTAIS\" \/>\n\t\t<input type=\"hidden\" id=\"mid\" name=\"mid\" value=\"515009017\" \/>\n\t\t<input type=\"hidden\" id=\"Objetivo\" name=\"Objetivo\" value=\"Militares\" \/>\n\t\t<input type=\"hidden\" id=\"Estado_de_Origem_do_IP\" name=\"Estado_de_Origem_do_IP\"  value=\"\" \/>\n\t\t<input type=\"hidden\" id=\"Cidade_de_Origem_do_IP\" name=\"Cidade_de_Origem_do_IP\" value=\"\" \/>\n\t\t<input type=\"hidden\" id=\"Modo_de_entrada\" name=\"Modo_de_entrada\" value=\"Portal\" \/>\n\t\t<input type=\"hidden\" id=\"Pagina_Origem\" name=\"Pagina_Origem\" value=\"\" \/>\n\n\t\t<div class=\"texto\">\n\t\t\t<h3 class=\"news\">Inscreva-se em nossa newsletter!<\/h3>\n\t\t\t<p>Receba not\u00edcias sobre os mais importantes concursos para as For\u00e7as Armadas brasileiras e informa\u00e7\u00f5es sobre o mundo militar!<\/p>\n\t\t<\/div>\n\t\t<div class=\"campos\">\n\t\t\t<div class=\"first_name labels\">\n\t\t\t\t<input type=\"text\" class=\"input_labels\" id=\"first_name\" name=\"Nome_Completo\" placeholder=\"Nome\" required \/>\n\t\t\t<\/div>\n\t\t\t<div class=\"email labels\">\n\t\t\t\t<input type=\"email\" class=\"input_labels\" id=\"email\" name=\"Email\" placeholder=\"E-mail\" required \/>\n\t\t\t<\/div>\n\t\t\t<button type=\"submit\" class=\"button_layout\">\n\t\t\t\t<div id=\"lblBotao\">Inscreva-se<\/div>\n\t\t\t\t<span id=\"divSpiner\" class=\"loader\" role=\"status\" style=\"display: none;\"><\/span>\t\n\t\t\t<\/button>\n\t\t<\/div><!-- \/campos -->\n\t\t\n\t\t<label class=\"container_checkbox\">Voc\u00ea concorda com a nossa\n\t\t\t<a class=\"politics_privacy_ahref\" target=\"_blank\" href=\"https:\/\/gratis.estrategiaconcursos.com.br\/politica-de-privacidade\/\">Pol\u00edtica de Privacidade<\/a> e aceita receber informa\u00e7\u00f5es adicionais do Estrat\u00e9gia Educacional.\n\t\t\t<input id=\"checkbox_layout\" type=\"checkbox\" checked=\"checked\" required \/>\n\t\t\t<span class=\"checkbox\"><\/span>\n\t\t<\/label>\n\t\t<div id=\"msg\"><\/div>\n\t\t<div id=\"error\" class=\"error\">\n\t\t<\/div>\n\t<\/form>\n<\/div><!-- \/new-form -->\n\n\n\n<div id=\"ez-toc-container\" class=\"ez-toc-v2_0_79_2 counter-hierarchy ez-toc-counter ez-toc-transparent ez-toc-container-direction\">\n<div class=\"ez-toc-title-container\"><p class=\"ez-toc-title\" style=\"cursor:inherit\">Navegue pelo conte\u00fado\t<\/p>\n<\/div><nav><ul class='ez-toc-list ez-toc-list-level-1 ' ><li class='ez-toc-page-1 ez-toc-heading-level-2'><a class=\"ez-toc-link ez-toc-heading-1\" href=\"https:\/\/militares.estrategia.com\/portal\/noticias\/edital-escola-naval-2026\/#Edital-Escola-Naval-2026\" >Edital Escola Naval 2026<\/a><\/li><li class='ez-toc-page-1 ez-toc-heading-level-2'><a class=\"ez-toc-link ez-toc-heading-2\" href=\"https:\/\/militares.estrategia.com\/portal\/noticias\/edital-escola-naval-2026\/#Vagas-Escola-Naval-2026\" >Vagas Escola Naval 2026<\/a><\/li><li class='ez-toc-page-1 ez-toc-heading-level-2'><a class=\"ez-toc-link ez-toc-heading-3\" href=\"https:\/\/militares.estrategia.com\/portal\/noticias\/edital-escola-naval-2026\/#Inscricao-e-isencao\" >Inscri\u00e7\u00e3o e isen\u00e7\u00e3o<\/a><\/li><li class='ez-toc-page-1 ez-toc-heading-level-2'><a class=\"ez-toc-link ez-toc-heading-4\" href=\"https:\/\/militares.estrategia.com\/portal\/noticias\/edital-escola-naval-2026\/#Calendario-Escola-Naval-2026\" >Calend\u00e1rio Escola Naval 2026<\/a><\/li><\/ul><\/nav><\/div>\n<h2 class=\"wp-block-heading\" id=\"h-edital-escola-naval-2026\"><span class=\"ez-toc-section\" id=\"Edital-Escola-Naval-2026\"><\/span>Edital Escola Naval 2026 <span class=\"ez-toc-section-end\"><\/span><\/h2>\n\n\n\n<p><strong>A Escola Naval tem como prop\u00f3sito formar os oficiais<\/strong>&nbsp;para carreiras dos Corpos da Armada (CA),&nbsp;<a href=\"https:\/\/militares.estrategia.com\/portal\/guias\/marinha\/o-que-e-um-fuzileiro-naval\/\" target=\"_blank\" >Fuzileiros Navais<\/a>&nbsp;e Intendentes da Marinha. Ela localiza-se na cidade do Rio de Janeiro (RJ).<\/p>\n\n\n\n<p>A institui\u00e7\u00e3o recebe os alunos formados no Col\u00e9gio Naval e tamb\u00e9m realiza um concurso p\u00fablico de admiss\u00e3o uma vez por ano. Voc\u00ea pode <strong>acessar o Edital Escola Naval 2026 <\/strong>a seguir: <\/p>\n\n\n\n<div class=\"wp-block-buttons is-content-justification-center is-layout-flex wp-container-core-buttons-is-layout-1 wp-block-buttons-is-layout-flex\">\n<div class=\"wp-block-button is-style-outline is-style-outline--1\"><a class=\"wp-block-button__link has-electric-grass-gradient-background has-background wp-element-button\" href=\"https:\/\/militares.estrategia.com\/portal\/wp-content\/uploads\/2026\/04\/EDITAL-DE-28-DE-ABRIL-DE-2026-EDITAL-DE-28-DE-ABRIL-DE-2026-DOU-Imprensa-Nacional.pdf\" style=\"border-radius:55px\" target=\"_blank\" >Edital Escola NAval 2026<\/a><\/div>\n<\/div>\n\n\n\n<p>Veja a live sobre o edital da Escola Naval no <a href=\"https:\/\/www.youtube.com\/@estrategiamilitares\" target=\"_blank\" >canal do YouTube do Estrat\u00e9gia Militares<\/a> clicando no link abaixo!<\/p>\n\n\n\n<figure class=\"wp-block-embed is-type-video is-provider-youtube wp-block-embed-youtube wp-embed-aspect-16-9 wp-has-aspect-ratio\"><div class=\"wp-block-embed__wrapper\">\n<div class=\"cs-embed cs-embed-responsive\"><iframe title=\"Edital EN 2026 - saiba tudo!\" width=\"1200\" height=\"675\" src=\"https:\/\/www.youtube.com\/embed\/Iy1CVRQ_YO4?feature=oembed\" frameborder=\"0\" allow=\"accelerometer; autoplay; clipboard-write; encrypted-media; gyroscope; picture-in-picture; web-share\" referrerpolicy=\"strict-origin-when-cross-origin\" allowfullscreen><\/iframe><\/div>\n<\/div><\/figure>\n\n\n\n<h2 class=\"wp-block-heading\" id=\"h-vagas-escola-naval-2026\"><span class=\"ez-toc-section\" id=\"Vagas-Escola-Naval-2026\"><\/span>Vagas Escola Naval 2026<span class=\"ez-toc-section-end\"><\/span><\/h2>\n\n\n\n<p>O Concurso Escola Naval 2026 oferta, neste ano,<strong>&nbsp;um total de 49 vagas<\/strong>. Confira abaixo a distribui\u00e7\u00e3o delas!<\/p>\n\n\n\n<figure class=\"wp-block-table is-style-stripes\"><table class=\"has-electric-grass-gradient-background has-background\"><thead><tr><th class=\"has-text-align-center\" data-align=\"center\">Sexo<\/th><th class=\"has-text-align-center\" data-align=\"center\">Ampla concorr\u00eancia<\/th><th class=\"has-text-align-center\" data-align=\"center\">Pretos e pardos<\/th><th class=\"has-text-align-center\" data-align=\"center\">Ind\u00edgenas<\/th><th class=\"has-text-align-center\" data-align=\"center\">Quilombolas<\/th><th class=\"has-text-align-center\" data-align=\"center\">Total de vagas<\/th><\/tr><\/thead><tbody><tr><td class=\"has-text-align-center\" data-align=\"center\">MASCULINO<\/td><td class=\"has-text-align-center\" data-align=\"center\">25<\/td><td class=\"has-text-align-center\" data-align=\"center\">10<\/td><td class=\"has-text-align-center\" data-align=\"center\">1<\/td><td class=\"has-text-align-center\" data-align=\"center\">1<\/td><td class=\"has-text-align-center\" data-align=\"center\">37<\/td><\/tr><tr><td class=\"has-text-align-center\" data-align=\"center\">FEMININO<\/td><td class=\"has-text-align-center\" data-align=\"center\">9<\/td><td class=\"has-text-align-center\" data-align=\"center\">3<\/td><td class=\"has-text-align-center\" data-align=\"center\">&#8211;<\/td><td class=\"has-text-align-center\" data-align=\"center\">&#8211;<\/td><td class=\"has-text-align-center\" data-align=\"center\">12<\/td><\/tr><tr><td class=\"has-text-align-center\" data-align=\"center\">TOTAL<\/td><td class=\"has-text-align-center\" data-align=\"center\">34<\/td><td class=\"has-text-align-center\" data-align=\"center\">13<\/td><td class=\"has-text-align-center\" data-align=\"center\">1<\/td><td class=\"has-text-align-center\" data-align=\"center\">1<\/td><td class=\"has-text-align-center\" data-align=\"center\">49<\/td><\/tr><\/tbody><\/table><\/figure>\n\n\n\n<h2 class=\"wp-block-heading\" id=\"h-inscricao-e-isencao\"><span class=\"ez-toc-section\" id=\"Inscricao-e-isencao\"><\/span>Inscri\u00e7\u00e3o e isen\u00e7\u00e3o<span class=\"ez-toc-section-end\"><\/span><\/h2>\n\n\n\n<p>As inscri\u00e7\u00f5es no Concurso Escola Naval 2026<strong>&nbsp;t\u00eam in\u00edcio \u00e0s 8h do dia 30 de abril de 2026 e v\u00e3o at\u00e9 as 23h59 do dia 13 de maio.&nbsp;<\/strong>Elas podem ser feitas pela p\u00e1gina oficial do Servi\u00e7o de Sele\u00e7\u00e3o de Pessoal da Marinha na internet. \u00c9 importante atentar-se aos requisitos b\u00e1sicos para os candidatos:<\/p>\n\n\n\n<ul class=\"wp-block-list\">\n<li>Ser brasileiro nato;<\/li>\n\n\n\n<li><strong>Ter 18 anos completos e menos de 23 no dia 30 de junho de 2027;<\/strong><\/li>\n\n\n\n<li>Ter conclu\u00eddo o Ensino M\u00e9dio;<\/li>\n\n\n\n<li>Ambos os Sexos;<\/li>\n\n\n\n<li>Ter idoneidade moral e bons antecedentes; e<\/li>\n\n\n\n<li>Estar em dia com as obriga\u00e7\u00f5es civis e militares.<\/li>\n<\/ul>\n\n\n\n<p>Al\u00e9m de se inscrever, o candidato tamb\u00e9m precisa pagar&nbsp;<strong>a taxa de inscri\u00e7\u00e3o de R$ 110,00 at\u00e9 o dia 14 de maio de 2026.&nbsp;<\/strong>Tamb\u00e9m&nbsp;<strong>h\u00e1 a possibilidade de isen\u00e7\u00e3o<\/strong>, entre os dias <strong>30 de abril a 06 de maio de 2026<\/strong>,&nbsp;para aqueles que pertencem \u00e0 fam\u00edlia inscrita no Cad\u00danico e com renda mensal per capita de at\u00e9 meio sal\u00e1rio-m\u00ednimo nacional.<\/p>\n\n\n\n<h2 class=\"wp-block-heading\" id=\"h-calendario-escola-naval-2026\"><span class=\"ez-toc-section\" id=\"Calendario-Escola-Naval-2026\"><\/span>Calend\u00e1rio Escola Naval 2026<span class=\"ez-toc-section-end\"><\/span><\/h2>\n\n\n\n<p>Segundo o Edital Escola Naval 2026, o calend\u00e1rio do seletivo \u00e9 o seguinte: <\/p>\n\n\n\n<ul class=\"wp-block-list\">\n<li><strong>Inscri\u00e7\u00f5es:<\/strong>&nbsp;30 de abril a 13 de maio de 2026<\/li>\n\n\n\n<li><strong>Pedido de isen\u00e7\u00e3o de taxa:&nbsp;<\/strong>30 de abril a 06 de maio de 2026<\/li>\n\n\n\n<li><strong>Pagamento da taxa de inscri\u00e7\u00e3o<\/strong>: at\u00e9 14 de maio de 2026<\/li>\n\n\n\n<li><strong>Prova Escrita Objetiva de Matem\u00e1tica e Ingl\u00eas:<\/strong>&nbsp;29  agosto de 2026<\/li>\n\n\n\n<li><strong>Prova Escrita Objetiva de F\u00edsica e Portugu\u00eas e Reda\u00e7\u00e3o:<\/strong>&nbsp;30 de agosto de 2026<\/li>\n\n\n\n<li><strong>Divulga\u00e7\u00e3o das provas e gabaritos:&nbsp;<\/strong>01 de setembro de 2026<\/li>\n\n\n\n<li><strong>Lista de notas na prova e na reda\u00e7\u00e3o<\/strong>: a partir de 15 de outubro de 2026<\/li>\n\n\n\n<li><strong>Procedimento de Heteroidentifica\u00e7\u00e3o (PCAd):<\/strong> a partir de 15 de outubro de 2026<\/li>\n\n\n\n<li><strong>Teste de Aptid\u00e3o F\u00edsica de Ingresso (TAF-i):<\/strong>&nbsp;03 de novembro a 09 de dezembro de 2026<\/li>\n\n\n\n<li><strong>Verifica\u00e7\u00e3o de Documentos:&nbsp;<\/strong>26 a 30 de outubro de 2026<\/li>\n\n\n\n<li><strong>Inspe\u00e7\u00e3o de Sa\u00fade (IS):<\/strong>&nbsp;16 a 27 de novembro de 2026<\/li>\n\n\n\n<li><strong>Avalia\u00e7\u00e3o Psicol\u00f3gica (AP):&nbsp;<\/strong>12 de janeiro (Turma 1) e 26 de janeiro (Turma 2)<\/li>\n\n\n\n<li><strong>In\u00edcio do curso:&nbsp;<\/strong>02 de fevereiro de 2027.<\/li>\n<\/ul>\n\n\n\n<p>Acompanhe o Portal Estrat\u00e9gia Militares para n\u00e3o perder nenhuma not\u00edcia sobre o Concurso Escola Naval 2026 e outros seletivos das For\u00e7as Armadas. Que tal tamb\u00e9m visitar a nossa plataforma de cursos on-line preparat\u00f3rios e o Banco de Quest\u00f5es do Estrat\u00e9gia Militares? <\/p>\n\n\n\n<div class=\"cta-medio\" style=\"background-image: url(https:\/\/militares.estrategia.com\/portal\/wp-content\/uploads\/2025\/07\/CTA-MARINHA.jpg);\"><h3>Oficial da Marinha?<\/h3> <p>Seu futuro come\u00e7a com aprova\u00e7\u00e3o na Escola Naval \u2014 n\u00f3s te preparamos!<\/p><div class=\"cta-botao\"><a id=\"cta-medio\" href=\"https:\/\/militares.estrategia.com\/concursos\/cursos\/escola-naval?utm_source=portal&utm_medium=post&utm_campaign=emil-x-vd-seo-portal-v\" target=\"_blank\" style=\"background:#17494e\">Saiba mais<\/a><\/div><\/div>\n","protected":false},"excerpt":{"rendered":"Confira as principais informa\u00e7\u00f5es do Edital Escola Naval 2026; fique por dentro do n\u00famero de vagas, instru\u00e7\u00f5es para se inscrever e o calend\u00e1rio\n","protected":false},"author":9,"featured_media":58081,"comment_status":"closed","ping_status":"closed","sticky":false,"template":"","format":"standard","meta":{"wl_entities_gutenberg":"","footnotes":""},"categories":[36],"tags":[],"wl_entity_type":[187],"class_list":{"0":"post-92103","1":"post","2":"type-post","3":"status-publish","4":"format-standard","5":"has-post-thumbnail","7":"category-noticias","8":"wl_entity_type-article"},"acf":[],"yoast_head":"<!-- This site is optimized with the Yoast SEO Premium plugin v26.6 (Yoast SEO v26.6) - https:\/\/yoast.com\/wordpress\/plugins\/seo\/ -->\n<title>Escola Naval 2026: edital \u00e9 divulgado com 49 vagas!<\/title>\n<meta name=\"description\" content=\"Confira as principais informa\u00e7\u00f5es do Edital Escola Naval 2026! Veja o n\u00famero de vagas, instru\u00e7\u00f5es para se inscrever e o calend\u00e1rio!\" \/>\n<meta name=\"robots\" content=\"index, follow, max-snippet:-1, max-image-preview:large, max-video-preview:-1\" \/>\n<link rel=\"canonical\" href=\"https:\/\/militares.estrategia.com\/portal\/noticias\/edital-escola-naval-2026\/\" \/>\n<meta property=\"og:locale\" content=\"pt_BR\" \/>\n<meta property=\"og:type\" content=\"article\" \/>\n<meta property=\"og:title\" content=\"Escola Naval 2026: edital \u00e9 divulgado com 49 vagas!\" \/>\n<meta property=\"og:description\" content=\"Confira as principais informa\u00e7\u00f5es do Edital Escola Naval 2026! Veja o n\u00famero de vagas, instru\u00e7\u00f5es para se inscrever e o calend\u00e1rio!\" \/>\n<meta property=\"og:url\" content=\"https:\/\/militares.estrategia.com\/portal\/noticias\/edital-escola-naval-2026\/\" \/>\n<meta property=\"og:site_name\" content=\"Estrat\u00e9gia Militares\" \/>\n<meta property=\"article:publisher\" content=\"https:\/\/www.facebook.com\/EstrategiaMilitares\" \/>\n<meta property=\"article:published_time\" content=\"2026-04-29T12:21:38+00:00\" \/>\n<meta property=\"article:modified_time\" content=\"2026-04-29T14:35:58+00:00\" \/>\n<meta property=\"og:image\" content=\"https:\/\/militares.estrategia.com\/portal\/wp-content\/uploads\/2022\/08\/Capa_BLOG_URGENTE.jpg\" \/>\n\t<meta property=\"og:image:width\" content=\"1200\" \/>\n\t<meta property=\"og:image:height\" content=\"676\" \/>\n\t<meta property=\"og:image:type\" content=\"image\/jpeg\" \/>\n<meta name=\"author\" content=\"Raquel Oshio\" \/>\n<meta name=\"twitter:card\" content=\"summary_large_image\" \/>\n<meta name=\"twitter:creator\" content=\"@estrategiamilit\" \/>\n<meta name=\"twitter:site\" content=\"@estrategiamilit\" \/>\n<meta name=\"twitter:label1\" content=\"Escrito por\" \/>\n\t<meta name=\"twitter:data1\" content=\"Raquel Oshio\" \/>\n\t<meta name=\"twitter:label2\" content=\"Est. tempo de leitura\" \/>\n\t<meta name=\"twitter:data2\" content=\"3 minutos\" \/>\n<script type=\"application\/ld+json\" class=\"yoast-schema-graph\">{\"@context\":\"https:\/\/schema.org\",\"@graph\":[{\"@type\":\"Article\",\"@id\":\"https:\/\/militares.estrategia.com\/portal\/noticias\/edital-escola-naval-2026\/#article\",\"isPartOf\":{\"@id\":\"https:\/\/militares.estrategia.com\/portal\/noticias\/edital-escola-naval-2026\/\"},\"author\":{\"name\":\"Raquel Oshio\",\"@id\":\"https:\/\/militares.estrategia.com\/portal\/#\/schema\/person\/46e1f54d690b6a851270112cd62d2f37\"},\"headline\":\"Escola Naval 2026: edital \u00e9 divulgado com 49 vagas!\",\"datePublished\":\"2026-04-29T12:21:38+00:00\",\"dateModified\":\"2026-04-29T14:35:58+00:00\",\"mainEntityOfPage\":{\"@id\":\"https:\/\/militares.estrategia.com\/portal\/noticias\/edital-escola-naval-2026\/\"},\"wordCount\":629,\"publisher\":{\"@id\":\"https:\/\/militares.estrategia.com\/portal\/#organization\"},\"image\":{\"@id\":\"https:\/\/militares.estrategia.com\/portal\/noticias\/edital-escola-naval-2026\/#primaryimage\"},\"thumbnailUrl\":\"https:\/\/militares.estrategia.com\/portal\/wp-content\/uploads\/2022\/08\/Capa_BLOG_URGENTE.jpg\",\"articleSection\":[\"Not\u00edcias\"],\"inLanguage\":\"pt-BR\"},{\"@type\":\"WebPage\",\"@id\":\"https:\/\/militares.estrategia.com\/portal\/noticias\/edital-escola-naval-2026\/\",\"url\":\"https:\/\/militares.estrategia.com\/portal\/noticias\/edital-escola-naval-2026\/\",\"name\":\"Escola Naval 2026: edital \u00e9 divulgado com 49 vagas!\",\"isPartOf\":{\"@id\":\"https:\/\/militares.estrategia.com\/portal\/#website\"},\"primaryImageOfPage\":{\"@id\":\"https:\/\/militares.estrategia.com\/portal\/noticias\/edital-escola-naval-2026\/#primaryimage\"},\"image\":{\"@id\":\"https:\/\/militares.estrategia.com\/portal\/noticias\/edital-escola-naval-2026\/#primaryimage\"},\"thumbnailUrl\":\"https:\/\/militares.estrategia.com\/portal\/wp-content\/uploads\/2022\/08\/Capa_BLOG_URGENTE.jpg\",\"datePublished\":\"2026-04-29T12:21:38+00:00\",\"dateModified\":\"2026-04-29T14:35:58+00:00\",\"description\":\"Confira as principais informa\u00e7\u00f5es do Edital Escola Naval 2026! Veja o n\u00famero de vagas, instru\u00e7\u00f5es para se inscrever e o calend\u00e1rio!\",\"breadcrumb\":{\"@id\":\"https:\/\/militares.estrategia.com\/portal\/noticias\/edital-escola-naval-2026\/#breadcrumb\"},\"inLanguage\":\"pt-BR\",\"potentialAction\":[{\"@type\":\"ReadAction\",\"target\":[\"https:\/\/militares.estrategia.com\/portal\/noticias\/edital-escola-naval-2026\/\"]}]},{\"@type\":\"ImageObject\",\"inLanguage\":\"pt-BR\",\"@id\":\"https:\/\/militares.estrategia.com\/portal\/noticias\/edital-escola-naval-2026\/#primaryimage\",\"url\":\"https:\/\/militares.estrategia.com\/portal\/wp-content\/uploads\/2022\/08\/Capa_BLOG_URGENTE.jpg\",\"contentUrl\":\"https:\/\/militares.estrategia.com\/portal\/wp-content\/uploads\/2022\/08\/Capa_BLOG_URGENTE.jpg\",\"width\":1200,\"height\":676},{\"@type\":\"BreadcrumbList\",\"@id\":\"https:\/\/militares.estrategia.com\/portal\/noticias\/edital-escola-naval-2026\/#breadcrumb\",\"itemListElement\":[{\"@type\":\"ListItem\",\"position\":1,\"name\":\"Home\",\"item\":\"https:\/\/militares.estrategia.com\/portal\/\"},{\"@type\":\"ListItem\",\"position\":2,\"name\":\"Not\u00edcias\",\"item\":\"https:\/\/militares.estrategia.com\/portal\/noticias\/\"},{\"@type\":\"ListItem\",\"position\":3,\"name\":\"Escola Naval 2026: edital \u00e9 divulgado com 49 vagas!\"}]},{\"@type\":\"WebSite\",\"@id\":\"https:\/\/militares.estrategia.com\/portal\/#website\",\"url\":\"https:\/\/militares.estrategia.com\/portal\/\",\"name\":\"Estrat\u00e9gia Militares\",\"description\":\"\",\"publisher\":{\"@id\":\"https:\/\/militares.estrategia.com\/portal\/#organization\"},\"potentialAction\":[{\"@type\":\"SearchAction\",\"target\":{\"@type\":\"EntryPoint\",\"urlTemplate\":\"https:\/\/militares.estrategia.com\/portal\/?s={search_term_string}\"},\"query-input\":{\"@type\":\"PropertyValueSpecification\",\"valueRequired\":true,\"valueName\":\"search_term_string\"}}],\"inLanguage\":\"pt-BR\"},{\"@type\":\"Organization\",\"@id\":\"https:\/\/militares.estrategia.com\/portal\/#organization\",\"name\":\"Estrat\u00e9gia Militares\",\"url\":\"https:\/\/militares.estrategia.com\/portal\/\",\"logo\":{\"@type\":\"ImageObject\",\"inLanguage\":\"pt-BR\",\"@id\":\"https:\/\/militares.estrategia.com\/portal\/#\/schema\/logo\/image\/\",\"url\":\"https:\/\/militares.estrategia.com\/portal\/wp-content\/uploads\/2021\/10\/logo-militares.webp\",\"contentUrl\":\"https:\/\/militares.estrategia.com\/portal\/wp-content\/uploads\/2021\/10\/logo-militares.webp\",\"width\":346,\"height\":90,\"caption\":\"Estrat\u00e9gia Militares\"},\"image\":{\"@id\":\"https:\/\/militares.estrategia.com\/portal\/#\/schema\/logo\/image\/\"},\"sameAs\":[\"https:\/\/www.facebook.com\/EstrategiaMilitares\",\"https:\/\/x.com\/estrategiamilit\",\"https:\/\/www.instagram.com\/estrategiamilitares\/\",\"https:\/\/www.youtube.com\/channel\/UCRG_9hakCqXxnj_8TqCdgTA\"]},{\"@type\":\"Person\",\"@id\":\"https:\/\/militares.estrategia.com\/portal\/#\/schema\/person\/46e1f54d690b6a851270112cd62d2f37\",\"name\":\"Raquel Oshio\",\"image\":{\"@type\":\"ImageObject\",\"inLanguage\":\"pt-BR\",\"@id\":\"https:\/\/militares.estrategia.com\/portal\/#\/schema\/person\/image\/\",\"url\":\"https:\/\/secure.gravatar.com\/avatar\/fa4e62d5e59d9cf9995ea9c715a78807?s=96&d=mm&r=g\",\"contentUrl\":\"https:\/\/secure.gravatar.com\/avatar\/fa4e62d5e59d9cf9995ea9c715a78807?s=96&d=mm&r=g\",\"caption\":\"Raquel Oshio\"},\"description\":\"Raquel Kie \u00e9 amante de hist\u00f3rias e ca\u00e7adora de belezas escondidas. Jornalista de profiss\u00e3o e cora\u00e7\u00e3o. Desenhista e escritora de fic\u00e7\u00e3o nas horas vagas. Acredito no potencial transformador de todo trabalho feito com dedica\u00e7\u00e3o.\",\"url\":\"https:\/\/militares.estrategia.com\/portal\/author\/raqueloshio\/\"}]}<\/script>\n<!-- \/ Yoast SEO Premium plugin. -->","yoast_head_json":{"title":"Escola Naval 2026: edital \u00e9 divulgado com 49 vagas!","description":"Confira as principais informa\u00e7\u00f5es do Edital Escola Naval 2026! Veja o n\u00famero de vagas, instru\u00e7\u00f5es para se inscrever e o calend\u00e1rio!","robots":{"index":"index","follow":"follow","max-snippet":"max-snippet:-1","max-image-preview":"max-image-preview:large","max-video-preview":"max-video-preview:-1"},"canonical":"https:\/\/militares.estrategia.com\/portal\/noticias\/edital-escola-naval-2026\/","og_locale":"pt_BR","og_type":"article","og_title":"Escola Naval 2026: edital \u00e9 divulgado com 49 vagas!","og_description":"Confira as principais informa\u00e7\u00f5es do Edital Escola Naval 2026! Veja o n\u00famero de vagas, instru\u00e7\u00f5es para se inscrever e o calend\u00e1rio!","og_url":"https:\/\/militares.estrategia.com\/portal\/noticias\/edital-escola-naval-2026\/","og_site_name":"Estrat\u00e9gia Militares","article_publisher":"https:\/\/www.facebook.com\/EstrategiaMilitares","article_published_time":"2026-04-29T12:21:38+00:00","article_modified_time":"2026-04-29T14:35:58+00:00","og_image":[{"width":1200,"height":676,"url":"https:\/\/militares.estrategia.com\/portal\/wp-content\/uploads\/2022\/08\/Capa_BLOG_URGENTE.jpg","type":"image\/jpeg"}],"author":"Raquel Oshio","twitter_card":"summary_large_image","twitter_creator":"@estrategiamilit","twitter_site":"@estrategiamilit","twitter_misc":{"Escrito por":"Raquel Oshio","Est. tempo de leitura":"3 minutos"},"schema":{"@context":"https:\/\/schema.org","@graph":[{"@type":"Article","@id":"https:\/\/militares.estrategia.com\/portal\/noticias\/edital-escola-naval-2026\/#article","isPartOf":{"@id":"https:\/\/militares.estrategia.com\/portal\/noticias\/edital-escola-naval-2026\/"},"author":{"name":"Raquel Oshio","@id":"https:\/\/militares.estrategia.com\/portal\/#\/schema\/person\/46e1f54d690b6a851270112cd62d2f37"},"headline":"Escola Naval 2026: edital \u00e9 divulgado com 49 vagas!","datePublished":"2026-04-29T12:21:38+00:00","dateModified":"2026-04-29T14:35:58+00:00","mainEntityOfPage":{"@id":"https:\/\/militares.estrategia.com\/portal\/noticias\/edital-escola-naval-2026\/"},"wordCount":629,"publisher":{"@id":"https:\/\/militares.estrategia.com\/portal\/#organization"},"image":{"@id":"https:\/\/militares.estrategia.com\/portal\/noticias\/edital-escola-naval-2026\/#primaryimage"},"thumbnailUrl":"https:\/\/militares.estrategia.com\/portal\/wp-content\/uploads\/2022\/08\/Capa_BLOG_URGENTE.jpg","articleSection":["Not\u00edcias"],"inLanguage":"pt-BR"},{"@type":"WebPage","@id":"https:\/\/militares.estrategia.com\/portal\/noticias\/edital-escola-naval-2026\/","url":"https:\/\/militares.estrategia.com\/portal\/noticias\/edital-escola-naval-2026\/","name":"Escola Naval 2026: edital \u00e9 divulgado com 49 vagas!","isPartOf":{"@id":"https:\/\/militares.estrategia.com\/portal\/#website"},"primaryImageOfPage":{"@id":"https:\/\/militares.estrategia.com\/portal\/noticias\/edital-escola-naval-2026\/#primaryimage"},"image":{"@id":"https:\/\/militares.estrategia.com\/portal\/noticias\/edital-escola-naval-2026\/#primaryimage"},"thumbnailUrl":"https:\/\/militares.estrategia.com\/portal\/wp-content\/uploads\/2022\/08\/Capa_BLOG_URGENTE.jpg","datePublished":"2026-04-29T12:21:38+00:00","dateModified":"2026-04-29T14:35:58+00:00","description":"Confira as principais informa\u00e7\u00f5es do Edital Escola Naval 2026! Veja o n\u00famero de vagas, instru\u00e7\u00f5es para se inscrever e o calend\u00e1rio!","breadcrumb":{"@id":"https:\/\/militares.estrategia.com\/portal\/noticias\/edital-escola-naval-2026\/#breadcrumb"},"inLanguage":"pt-BR","potentialAction":[{"@type":"ReadAction","target":["https:\/\/militares.estrategia.com\/portal\/noticias\/edital-escola-naval-2026\/"]}]},{"@type":"ImageObject","inLanguage":"pt-BR","@id":"https:\/\/militares.estrategia.com\/portal\/noticias\/edital-escola-naval-2026\/#primaryimage","url":"https:\/\/militares.estrategia.com\/portal\/wp-content\/uploads\/2022\/08\/Capa_BLOG_URGENTE.jpg","contentUrl":"https:\/\/militares.estrategia.com\/portal\/wp-content\/uploads\/2022\/08\/Capa_BLOG_URGENTE.jpg","width":1200,"height":676},{"@type":"BreadcrumbList","@id":"https:\/\/militares.estrategia.com\/portal\/noticias\/edital-escola-naval-2026\/#breadcrumb","itemListElement":[{"@type":"ListItem","position":1,"name":"Home","item":"https:\/\/militares.estrategia.com\/portal\/"},{"@type":"ListItem","position":2,"name":"Not\u00edcias","item":"https:\/\/militares.estrategia.com\/portal\/noticias\/"},{"@type":"ListItem","position":3,"name":"Escola Naval 2026: edital \u00e9 divulgado com 49 vagas!"}]},{"@type":"WebSite","@id":"https:\/\/militares.estrategia.com\/portal\/#website","url":"https:\/\/militares.estrategia.com\/portal\/","name":"Estrat\u00e9gia Militares","description":"","publisher":{"@id":"https:\/\/militares.estrategia.com\/portal\/#organization"},"potentialAction":[{"@type":"SearchAction","target":{"@type":"EntryPoint","urlTemplate":"https:\/\/militares.estrategia.com\/portal\/?s={search_term_string}"},"query-input":{"@type":"PropertyValueSpecification","valueRequired":true,"valueName":"search_term_string"}}],"inLanguage":"pt-BR"},{"@type":"Organization","@id":"https:\/\/militares.estrategia.com\/portal\/#organization","name":"Estrat\u00e9gia Militares","url":"https:\/\/militares.estrategia.com\/portal\/","logo":{"@type":"ImageObject","inLanguage":"pt-BR","@id":"https:\/\/militares.estrategia.com\/portal\/#\/schema\/logo\/image\/","url":"https:\/\/militares.estrategia.com\/portal\/wp-content\/uploads\/2021\/10\/logo-militares.webp","contentUrl":"https:\/\/militares.estrategia.com\/portal\/wp-content\/uploads\/2021\/10\/logo-militares.webp","width":346,"height":90,"caption":"Estrat\u00e9gia Militares"},"image":{"@id":"https:\/\/militares.estrategia.com\/portal\/#\/schema\/logo\/image\/"},"sameAs":["https:\/\/www.facebook.com\/EstrategiaMilitares","https:\/\/x.com\/estrategiamilit","https:\/\/www.instagram.com\/estrategiamilitares\/","https:\/\/www.youtube.com\/channel\/UCRG_9hakCqXxnj_8TqCdgTA"]},{"@type":"Person","@id":"https:\/\/militares.estrategia.com\/portal\/#\/schema\/person\/46e1f54d690b6a851270112cd62d2f37","name":"Raquel Oshio","image":{"@type":"ImageObject","inLanguage":"pt-BR","@id":"https:\/\/militares.estrategia.com\/portal\/#\/schema\/person\/image\/","url":"https:\/\/secure.gravatar.com\/avatar\/fa4e62d5e59d9cf9995ea9c715a78807?s=96&d=mm&r=g","contentUrl":"https:\/\/secure.gravatar.com\/avatar\/fa4e62d5e59d9cf9995ea9c715a78807?s=96&d=mm&r=g","caption":"Raquel Oshio"},"description":"Raquel Kie \u00e9 amante de hist\u00f3rias e ca\u00e7adora de belezas escondidas. Jornalista de profiss\u00e3o e cora\u00e7\u00e3o. Desenhista e escritora de fic\u00e7\u00e3o nas horas vagas. Acredito no potencial transformador de todo trabalho feito com dedica\u00e7\u00e3o.","url":"https:\/\/militares.estrategia.com\/portal\/author\/raqueloshio\/"}]}},"_wl_alt_label":[],"wl:entity_url":"https:\/\/data.wordlift.io\/wl110246\/post\/edita-92103","_links":{"self":[{"href":"https:\/\/militares.estrategia.com\/portal\/wp-json\/wp\/v2\/posts\/92103","targetHints":{"allow":["GET"]}}],"collection":[{"href":"https:\/\/militares.estrategia.com\/portal\/wp-json\/wp\/v2\/posts"}],"about":[{"href":"https:\/\/militares.estrategia.com\/portal\/wp-json\/wp\/v2\/types\/post"}],"author":[{"embeddable":true,"href":"https:\/\/militares.estrategia.com\/portal\/wp-json\/wp\/v2\/users\/9"}],"replies":[{"embeddable":true,"href":"https:\/\/militares.estrategia.com\/portal\/wp-json\/wp\/v2\/comments?post=92103"}],"version-history":[{"count":12,"href":"https:\/\/militares.estrategia.com\/portal\/wp-json\/wp\/v2\/posts\/92103\/revisions"}],"predecessor-version":[{"id":98599,"href":"https:\/\/militares.estrategia.com\/portal\/wp-json\/wp\/v2\/posts\/92103\/revisions\/98599"}],"wp:featuredmedia":[{"embeddable":true,"href":"https:\/\/militares.estrategia.com\/portal\/wp-json\/wp\/v2\/media\/58081"}],"wp:attachment":[{"href":"https:\/\/militares.estrategia.com\/portal\/wp-json\/wp\/v2\/media?parent=92103"}],"wp:term":[{"taxonomy":"category","embeddable":true,"href":"https:\/\/militares.estrategia.com\/portal\/wp-json\/wp\/v2\/categories?post=92103"},{"taxonomy":"post_tag","embeddable":true,"href":"https:\/\/militares.estrategia.com\/portal\/wp-json\/wp\/v2\/tags?post=92103"},{"taxonomy":"wl_entity_type","embeddable":true,"href":"https:\/\/militares.estrategia.com\/portal\/wp-json\/wp\/v2\/wl_entity_type?post=92103"}],"curies":[{"name":"wp","href":"https:\/\/api.w.org\/{rel}","templated":true}]}}