{"id":87649,"date":"2025-07-21T11:31:18","date_gmt":"2025-07-21T14:31:18","guid":{"rendered":"https:\/\/militares.estrategia.com\/portal\/?p=87649"},"modified":"2025-07-21T11:31:25","modified_gmt":"2025-07-21T14:31:25","slug":"efomm-2026-confira-os-eventos-pre-prova","status":"publish","type":"post","link":"https:\/\/militares.estrategia.com\/portal\/eventos\/pre-prova\/efomm-2026-confira-os-eventos-pre-prova\/","title":{"rendered":"EFOMM 2026: confira os eventos pr\u00e9-prova"},"content":{"rendered":"\n<p>A&nbsp;<a href=\"https:\/\/militares.estrategia.com\/portal\/escolas-militares\/marinha\/efomm\/concurso-efomm\/\" target=\"_blank\" >Prova EFOMM <\/a>2026&nbsp;se aproxima e, se voc\u00ea est\u00e1 se preparando para a avalia\u00e7\u00e3o, n\u00e3o perca os eventos de revis\u00e3o do Estrat\u00e9gia Militares! As aulas ao vivo podem ser vistas pelo YouTube e s\u00e3o pensadas para dar aquele g\u00e1s na reta final dos seus estudos. Separamos todos os cronogramas para voc\u00ea anotar na sua agenda, confira!<\/p>\n\n\n<div id=\"new-form\">\n\t<form id=\"forms_layout\">\n\t<input type=\"hidden\" id=\"chave_de\" name=\"chave_de\" value=\"01_EMIL_LEADS_TOTAIS\" \/>\n\t\t<input type=\"hidden\" id=\"mid\" name=\"mid\" value=\"515009017\" \/>\n\t\t<input type=\"hidden\" id=\"Objetivo\" name=\"Objetivo\" value=\"Militares\" \/>\n\t\t<input type=\"hidden\" id=\"Estado_de_Origem_do_IP\" name=\"Estado_de_Origem_do_IP\"  value=\"\" \/>\n\t\t<input type=\"hidden\" id=\"Cidade_de_Origem_do_IP\" name=\"Cidade_de_Origem_do_IP\" value=\"\" \/>\n\t\t<input type=\"hidden\" id=\"Modo_de_entrada\" name=\"Modo_de_entrada\" value=\"Portal\" \/>\n\t\t<input type=\"hidden\" id=\"Pagina_Origem\" name=\"Pagina_Origem\" value=\"\" \/>\n\n\t\t<div class=\"texto\">\n\t\t\t<h3 class=\"news\">Inscreva-se em nossa newsletter!<\/h3>\n\t\t\t<p>Receba not\u00edcias sobre os mais importantes concursos para as For\u00e7as Armadas brasileiras e informa\u00e7\u00f5es sobre o mundo militar!<\/p>\n\t\t<\/div>\n\t\t<div class=\"campos\">\n\t\t\t<div class=\"first_name labels\">\n\t\t\t\t<input type=\"text\" class=\"input_labels\" id=\"first_name\" name=\"Nome_Completo\" placeholder=\"Nome\" required \/>\n\t\t\t<\/div>\n\t\t\t<div class=\"email labels\">\n\t\t\t\t<input type=\"email\" class=\"input_labels\" id=\"email\" name=\"Email\" placeholder=\"E-mail\" required \/>\n\t\t\t<\/div>\n\t\t\t<button type=\"submit\" class=\"button_layout\">\n\t\t\t\t<div id=\"lblBotao\">Inscreva-se<\/div>\n\t\t\t\t<span id=\"divSpiner\" class=\"loader\" role=\"status\" style=\"display: none;\"><\/span>\t\n\t\t\t<\/button>\n\t\t<\/div><!-- \/campos -->\n\t\t\n\t\t<label class=\"container_checkbox\">Voc\u00ea concorda com a nossa\n\t\t\t<a class=\"politics_privacy_ahref\" target=\"_blank\" href=\"https:\/\/gratis.estrategiaconcursos.com.br\/politica-de-privacidade\/\">Pol\u00edtica de Privacidade<\/a> e aceita receber informa\u00e7\u00f5es adicionais do Estrat\u00e9gia Educacional.\n\t\t\t<input id=\"checkbox_layout\" type=\"checkbox\" checked=\"checked\" required \/>\n\t\t\t<span class=\"checkbox\"><\/span>\n\t\t<\/label>\n\t\t<div id=\"msg\"><\/div>\n\t\t<div id=\"error\" class=\"error\">\n\t\t<\/div>\n\t<\/form>\n<\/div><!-- \/new-form -->\n\n\n\n<div id=\"ez-toc-container\" class=\"ez-toc-v2_0_79_2 counter-hierarchy ez-toc-counter ez-toc-transparent ez-toc-container-direction\">\n<div class=\"ez-toc-title-container\"><p class=\"ez-toc-title\" style=\"cursor:inherit\">Navegue pelo conte\u00fado\t<\/p>\n<\/div><nav><ul class='ez-toc-list ez-toc-list-level-1 ' ><li class='ez-toc-page-1 ez-toc-heading-level-2'><a class=\"ez-toc-link ez-toc-heading-1\" href=\"https:\/\/militares.estrategia.com\/portal\/eventos\/pre-prova\/efomm-2026-confira-os-eventos-pre-prova\/#Como-e-a-Prova-EFOMM-2026\" >Como \u00e9 a Prova EFOMM 2026?<\/a><\/li><li class='ez-toc-page-1 ez-toc-heading-level-2'><a class=\"ez-toc-link ez-toc-heading-2\" href=\"https:\/\/militares.estrategia.com\/portal\/eventos\/pre-prova\/efomm-2026-confira-os-eventos-pre-prova\/#Hora-da-Verdade-EFOMM-2026\" >Hora da Verdade EFOMM 2026<\/a><\/li><li class='ez-toc-page-1 ez-toc-heading-level-2'><a class=\"ez-toc-link ez-toc-heading-3\" href=\"https:\/\/militares.estrategia.com\/portal\/eventos\/pre-prova\/efomm-2026-confira-os-eventos-pre-prova\/#Os-5-topicos-que-mais-caem\" >Os 5 t\u00f3picos que mais caem<\/a><\/li><li class='ez-toc-page-1 ez-toc-heading-level-2'><a class=\"ez-toc-link ez-toc-heading-4\" href=\"https:\/\/militares.estrategia.com\/portal\/eventos\/pre-prova\/efomm-2026-confira-os-eventos-pre-prova\/#Premonicao-EFOMM-2026\" >Premoni\u00e7\u00e3o EFOMM 2026<\/a><\/li><li class='ez-toc-page-1 ez-toc-heading-level-2'><a class=\"ez-toc-link ez-toc-heading-5\" href=\"https:\/\/militares.estrategia.com\/portal\/eventos\/pre-prova\/efomm-2026-confira-os-eventos-pre-prova\/#Estrategia-de-Prova-EFOMM-2026\" >Estrat\u00e9gia de Prova EFOMM 2026<\/a><\/li><li class='ez-toc-page-1 ez-toc-heading-level-2'><a class=\"ez-toc-link ez-toc-heading-6\" href=\"https:\/\/militares.estrategia.com\/portal\/eventos\/pre-prova\/efomm-2026-confira-os-eventos-pre-prova\/#Revisao-de-Vespera-EFOMM-2026\" >Revis\u00e3o de V\u00e9spera EFOMM 2026<\/a><\/li><li class='ez-toc-page-1 ez-toc-heading-level-2'><a class=\"ez-toc-link ez-toc-heading-7\" href=\"https:\/\/militares.estrategia.com\/portal\/eventos\/pre-prova\/efomm-2026-confira-os-eventos-pre-prova\/#Vai-dar-bom-EFOMM-2026\" >Vai dar bom&nbsp;EFOMM&nbsp;2026<\/a><\/li><\/ul><\/nav><\/div>\n<h2 class=\"wp-block-heading\" id=\"h-como-e-a-prova-efomm-2026\"><span class=\"ez-toc-section\" id=\"Como-e-a-Prova-EFOMM-2026\"><\/span>Como \u00e9 a Prova EFOMM 2026?<span class=\"ez-toc-section-end\"><\/span><\/h2>\n\n\n\n<p>Os exames de conhecimentos acontecem em dois dias, cada um com 4 horas de dura\u00e7\u00e3o. As provas objetivas ser\u00e3o realizadas nos dias 02 e 03 de agosto. No primeiro dia, as disciplinas avaliadas ser\u00e3o:<\/p>\n\n\n\n<ul class=\"wp-block-list\">\n<li>Portugu\u00eas com 20 quest\u00f5es objetivas;<\/li>\n\n\n\n<li>Ingl\u00eas com 20 quest\u00f5es objetivas; e<\/li>\n\n\n\n<li>Reda\u00e7\u00e3o.<\/li>\n<\/ul>\n\n\n\n<p>J\u00e1 no segundo dia, as disciplinas s\u00e3o:<\/p>\n\n\n\n<ul class=\"wp-block-list\">\n<li>F\u00edsica com 20 quest\u00f5es objetivas; e<\/li>\n\n\n\n<li>Matem\u00e1tica com 20 quest\u00f5es objetivas.<\/li>\n<\/ul>\n\n\n\n<p><strong>A live de abertura acontece no dia 21 de julho, \u00e0s 18h, no canal do Estrat\u00e9gia Militares no YouTube:<\/strong><\/p>\n\n\n\n<figure class=\"wp-block-embed is-type-video is-provider-youtube wp-block-embed-youtube wp-embed-aspect-16-9 wp-has-aspect-ratio\"><div class=\"wp-block-embed__wrapper\">\n<div class=\"cs-embed cs-embed-responsive\"><iframe title=\"Lan\u00e7amento da Opera\u00e7\u00e3o Mercante - EFOMM 2025\" width=\"1200\" height=\"675\" src=\"https:\/\/www.youtube.com\/embed\/JVbxuHCK_XA?feature=oembed\" frameborder=\"0\" allow=\"accelerometer; autoplay; clipboard-write; encrypted-media; gyroscope; picture-in-picture; web-share\" referrerpolicy=\"strict-origin-when-cross-origin\" allowfullscreen><\/iframe><\/div>\n<\/div><\/figure>\n\n\n\n<h2 class=\"wp-block-heading\" id=\"h-hora-da-verdade-efomm-2026\"><span class=\"ez-toc-section\" id=\"Hora-da-Verdade-EFOMM-2026\"><\/span><strong>Hora da Verdade EFOMM 2026<\/strong><span class=\"ez-toc-section-end\"><\/span><\/h2>\n\n\n\n<p>A Hora da Verdade EFOMM 2026 revisa o<strong>s temas com maior chance de serem cobrados, com base nas provas anteriores.&nbsp;<\/strong>Confira a programa\u00e7\u00e3o:<\/p>\n\n\n\n<figure class=\"wp-block-table is-style-stripes\"><table class=\"has-electric-grass-gradient-background has-background has-fixed-layout\"><thead><tr><th class=\"has-text-align-center\" data-align=\"center\">DATA<\/th><th class=\"has-text-align-center\" data-align=\"center\">HOR\u00c1RIO<\/th><th class=\"has-text-align-center\" data-align=\"center\">DISCIPLINA<\/th><\/tr><\/thead><tbody><tr><td class=\"has-text-align-center\" data-align=\"center\">21\/07<\/td><td class=\"has-text-align-center\" data-align=\"center\">14h<\/td><td class=\"has-text-align-center\" data-align=\"center\">F\u00edsica 2 com prof. Marcio Gordo<\/td><\/tr><tr><td class=\"has-text-align-center\" data-align=\"center\">21\/07<\/td><td class=\"has-text-align-center\" data-align=\"center\">19h<\/td><td class=\"has-text-align-center\" data-align=\"center\">Matem\u00e1tica 3 e 4 com prof. Sandro Davison<\/td><\/tr><tr><td class=\"has-text-align-center\" data-align=\"center\">22\/07<\/td><td class=\"has-text-align-center\" data-align=\"center\">14h<\/td><td class=\"has-text-align-center\" data-align=\"center\">F\u00edsica 3 com prof. Vin\u00edcius Fulconi<\/td><\/tr><tr><td class=\"has-text-align-center\" data-align=\"center\">22\/07<\/td><td class=\"has-text-align-center\" data-align=\"center\">19h<\/td><td class=\"has-text-align-center\" data-align=\"center\">Portugu\u00eas com prof. Tiago Omena<\/td><\/tr><tr><td class=\"has-text-align-center\" data-align=\"center\">23\/07<\/td><td class=\"has-text-align-center\" data-align=\"center\">19h<\/td><td class=\"has-text-align-center\" data-align=\"center\">Ingl\u00eas com prof. Leonardo Pontes<\/td><\/tr><tr><td class=\"has-text-align-center\" data-align=\"center\">24\/07<\/td><td class=\"has-text-align-center\" data-align=\"center\">14h<\/td><td class=\"has-text-align-center\" data-align=\"center\">Reda\u00e7\u00e3o com prof. Marina Ferreira<\/td><\/tr><tr><td class=\"has-text-align-center\" data-align=\"center\">24\/07<\/td><td class=\"has-text-align-center\" data-align=\"center\">19h<\/td><td class=\"has-text-align-center\" data-align=\"center\">Matem\u00e1tica 1 e 2 com prof. Victor So<\/td><\/tr><tr><td class=\"has-text-align-center\" data-align=\"center\">25\/07<\/td><td class=\"has-text-align-center\" data-align=\"center\">19h<\/td><td class=\"has-text-align-center\" data-align=\"center\">F\u00edsica 1 com prof. Toni Burgatto<\/td><\/tr><\/tbody><\/table><\/figure>\n\n\n\n<h2 class=\"wp-block-heading\" id=\"h-os-5-topicos-que-mais-caem\"><span class=\"ez-toc-section\" id=\"Os-5-topicos-que-mais-caem\"><\/span><strong>Os 5 t\u00f3picos que mais caem<\/strong><span class=\"ez-toc-section-end\"><\/span><\/h2>\n\n\n\n<p>No dia 23\/07, \u00e0s 17h em nosso canal do YouTube, o professor Thiago Limeira realiza uma live especial abordando os&nbsp;5 t\u00f3picos&nbsp;que mais caem na&nbsp;prova da EFOMM&nbsp;2026.<\/p>\n\n\n\n<h2 class=\"wp-block-heading\" id=\"h-premonicao-efomm-2026\"><span class=\"ez-toc-section\" id=\"Premonicao-EFOMM-2026\"><\/span><strong>Premoni\u00e7\u00e3o EFOMM 2026<\/strong><span class=\"ez-toc-section-end\"><\/span><\/h2>\n\n\n\n<p>Quer saber o que vai cair na Prova EFOMM 2026? Os professores do Estrat\u00e9gia Militares fazem suas previs\u00f5es nos dias 28 a 31 de julho! &nbsp;As aulas tamb\u00e9m s\u00e3o transmitidas pelo&nbsp;<a href=\"https:\/\/www.youtube.com\/c\/Estrat%C3%A9giaMilitar\" target=\"_blank\" >canal no YouTube<\/a>.<\/p>\n\n\n\n<figure class=\"wp-block-table is-style-stripes\"><table class=\"has-electric-grass-gradient-background has-background has-fixed-layout\"><thead><tr><th class=\"has-text-align-center\" data-align=\"center\">DATA<\/th><th class=\"has-text-align-center\" data-align=\"center\">HOR\u00c1RIO<\/th><th class=\"has-text-align-center\" data-align=\"center\">DISCIPLINA<\/th><\/tr><\/thead><tbody><tr><td class=\"has-text-align-center\" data-align=\"center\">28\/07<\/td><td class=\"has-text-align-center\" data-align=\"center\">17h30<\/td><td class=\"has-text-align-center\" data-align=\"center\">F\u00edsica com prof. Vin\u00edcius Fulconi<\/td><\/tr><tr><td class=\"has-text-align-center\" data-align=\"center\">28\/07<\/td><td class=\"has-text-align-center\" data-align=\"center\">22h30<\/td><td class=\"has-text-align-center\" data-align=\"center\">Matem\u00e1tica com prof. Victor So<\/td><\/tr><tr><td class=\"has-text-align-center\" data-align=\"center\">29\/07<\/td><td class=\"has-text-align-center\" data-align=\"center\">22h30<\/td><td class=\"has-text-align-center\" data-align=\"center\">Portugu\u00eas com profa. Fab\u00edola Soares<\/td><\/tr><tr><td class=\"has-text-align-center\" data-align=\"center\">30\/08<\/td><td class=\"has-text-align-center\" data-align=\"center\">22h30<\/td><td class=\"has-text-align-center\" data-align=\"center\">Reda\u00e7\u00e3o com profa. Marina Ferreira<\/td><\/tr><tr><td class=\"has-text-align-center\" data-align=\"center\">31\/08<\/td><td class=\"has-text-align-center\" data-align=\"center\">22h30<\/td><td class=\"has-text-align-center\" data-align=\"center\">Ingl\u00eas com prof. Leonardo Pontes<\/td><\/tr><\/tbody><\/table><\/figure>\n\n\n\n<h2 class=\"wp-block-heading\" id=\"h-estrategia-de-prova-efomm-2026\"><span class=\"ez-toc-section\" id=\"Estrategia-de-Prova-EFOMM-2026\"><\/span><strong>Estrat\u00e9gia de Prova EFOMM 2026<\/strong><span class=\"ez-toc-section-end\"><\/span><\/h2>\n\n\n\n<p>Fazer uma prova militar n\u00e3o \u00e9 s\u00f3 estudo, \u00e9 estrat\u00e9gia tamb\u00e9m! O professor Thiago Limeira, vai dar todas as dicas de como manobrar os seus esfor\u00e7os no seletivo do EFOMM 2026. No dia 30\/07, as 17h ao vivo em nosso canal de YouTube.<\/p>\n\n\n\n<h2 class=\"wp-block-heading\" id=\"h-revisao-de-vespera-efomm-2026\"><span class=\"ez-toc-section\" id=\"Revisao-de-Vespera-EFOMM-2026\"><\/span><strong>Revis\u00e3o de V\u00e9spera EFOMM 2026<\/strong><span class=\"ez-toc-section-end\"><\/span><\/h2>\n\n\n\n<p>Ainda est\u00e1 inseguro com a prova ou quer dar aquela \u00faltima estudada no conte\u00fado? O Estrat\u00e9gia Militares faz um evento especial em nosso canal no YouTube no dia anterior \u00e0 aplica\u00e7\u00e3o da prova:&nbsp;<strong>a Revis\u00e3o de V\u00e9spera EFOMM 2026 acontece na sexta-feira, dia 01\/08!<\/strong><\/p>\n\n\n\n<figure class=\"wp-block-table is-style-stripes\"><table class=\"has-electric-grass-gradient-background has-background has-fixed-layout\"><thead><tr><th class=\"has-text-align-center\" data-align=\"center\">HORA<\/th><th class=\"has-text-align-center\" data-align=\"center\">DISCIPLINA<\/th><th class=\"has-text-align-center\" data-align=\"center\">PROFESSOR<\/th><\/tr><\/thead><tbody><tr><td class=\"has-text-align-center\" data-align=\"center\">das 09h \u00e0s 10h30<\/td><td class=\"has-text-align-center\" data-align=\"center\">Ingl\u00eas<\/td><td class=\"has-text-align-center\" data-align=\"center\">Leonardo Pontes<\/td><\/tr><tr><td class=\"has-text-align-center\" data-align=\"center\">das 10h30 \u00e0s 12h<\/td><td class=\"has-text-align-center\" data-align=\"center\">Portugu\u00eas<\/td><td class=\"has-text-align-center\" data-align=\"center\">Fab\u00edola Soares<\/td><\/tr><tr><td class=\"has-text-align-center\" data-align=\"center\">das 12h \u00e0s 13h30<\/td><td class=\"has-text-align-center\" data-align=\"center\">F\u00edsica<\/td><td class=\"has-text-align-center\" data-align=\"center\">Toni Burgatto<\/td><\/tr><tr><td class=\"has-text-align-center\" data-align=\"center\">das 13h30 \u00e0s 15h<\/td><td class=\"has-text-align-center\" data-align=\"center\">Matem\u00e1tica<\/td><td class=\"has-text-align-center\" data-align=\"center\">Victor So<\/td><\/tr><tr><td class=\"has-text-align-center\" data-align=\"center\">das 15h \u00e0s 16h<\/td><td class=\"has-text-align-center\" data-align=\"center\">Reda\u00e7\u00e3o<\/td><td class=\"has-text-align-center\" data-align=\"center\">Marina Ferreira<\/td><\/tr><\/tbody><\/table><\/figure>\n\n\n\n<h2 class=\"wp-block-heading\" id=\"h-vai-dar-bom-nbsp-efomm-nbsp-2026\"><span class=\"ez-toc-section\" id=\"Vai-dar-bom-EFOMM-2026\"><\/span><strong>Vai dar bom&nbsp;EFOMM&nbsp;2026<\/strong><span class=\"ez-toc-section-end\"><\/span><\/h2>\n\n\n\n<p>Agora que voc\u00ea j\u00e1 revisou tudo o que podia, os professores do Estrat\u00e9gia Militares prepararam um momento de descontra\u00e7\u00e3o para voc\u00ea! Logo depois da Revis\u00e3o de V\u00e9spera, os professores conversam com os alunos num fim de tarde descontra\u00eddo e divertido!&nbsp;<\/p>\n\n\n\n<p>Nos dias da Prova EFOMM 2026, o Estrat\u00e9gia Militares tamb\u00e9m faz a corre\u00e7\u00e3o ao vivo da avalia\u00e7\u00e3o. O Gabarito EFFOM \u00e9 postado no Portal Estrat\u00e9gia Militares simultaneamente \u00e0 corre\u00e7\u00e3o no YouTube, Fique atento!<\/p>\n\n\n\n<p>Quer estudar para o seletivo militar dos seus sonhos? Conhe\u00e7a nossa plataforma de cursos on-line preparat\u00f3rios e o Banco de Quest\u00f5es do Estrat\u00e9gia Militares! Clique no banner e acesse!<\/p>\n\n\n\n\n\n<p><\/p>\n","protected":false},"excerpt":{"rendered":"A&nbsp;Prova EFOMM 2026&nbsp;se aproxima e, se voc\u00ea est\u00e1 se preparando para a avalia\u00e7\u00e3o, n\u00e3o perca os eventos de&hellip;\n","protected":false},"author":18,"featured_media":87656,"comment_status":"closed","ping_status":"closed","sticky":false,"template":"","format":"standard","meta":{"wl_entities_gutenberg":"","footnotes":""},"categories":[246],"tags":[],"wl_entity_type":[187],"class_list":{"0":"post-87649","1":"post","2":"type-post","3":"status-publish","4":"format-standard","5":"has-post-thumbnail","7":"category-pre-prova","8":"wl_entity_type-article"},"acf":[],"yoast_head":"<!-- This site is optimized with the Yoast SEO Premium plugin v26.6 (Yoast SEO v26.6) - https:\/\/yoast.com\/wordpress\/plugins\/seo\/ -->\n<title>EFOMM 2026: confira os eventos pr\u00e9-prova<\/title>\n<meta name=\"description\" content=\"A\u00a0Prova EFOMM 2026\u00a0se aproxima e, se voc\u00ea est\u00e1 se preparando para a avalia\u00e7\u00e3o, n\u00e3o perca os eventos de revis\u00e3o do Estrat\u00e9gia Militares!\" \/>\n<meta name=\"robots\" content=\"index, follow, max-snippet:-1, max-image-preview:large, max-video-preview:-1\" \/>\n<link rel=\"canonical\" href=\"https:\/\/militares.estrategia.com\/portal\/eventos\/pre-prova\/efomm-2026-confira-os-eventos-pre-prova\/\" \/>\n<meta property=\"og:locale\" content=\"pt_BR\" \/>\n<meta property=\"og:type\" content=\"article\" \/>\n<meta property=\"og:title\" content=\"EFOMM 2026: confira os eventos pr\u00e9-prova\" \/>\n<meta property=\"og:description\" content=\"A\u00a0Prova EFOMM 2026\u00a0se aproxima e, se voc\u00ea est\u00e1 se preparando para a avalia\u00e7\u00e3o, n\u00e3o perca os eventos de revis\u00e3o do Estrat\u00e9gia Militares!\" \/>\n<meta property=\"og:url\" content=\"https:\/\/militares.estrategia.com\/portal\/eventos\/pre-prova\/efomm-2026-confira-os-eventos-pre-prova\/\" \/>\n<meta property=\"og:site_name\" content=\"Estrat\u00e9gia Militares\" \/>\n<meta property=\"article:publisher\" content=\"https:\/\/www.facebook.com\/EstrategiaMilitares\" \/>\n<meta property=\"article:published_time\" content=\"2025-07-21T14:31:18+00:00\" \/>\n<meta property=\"article:modified_time\" content=\"2025-07-21T14:31:25+00:00\" \/>\n<meta property=\"og:image\" content=\"https:\/\/militares.estrategia.com\/portal\/wp-content\/uploads\/2025\/07\/efomm.jpg\" \/>\n\t<meta property=\"og:image:width\" content=\"1280\" \/>\n\t<meta property=\"og:image:height\" content=\"720\" \/>\n\t<meta property=\"og:image:type\" content=\"image\/jpeg\" \/>\n<meta name=\"author\" content=\"Pedro Alcantara\" \/>\n<meta name=\"twitter:card\" content=\"summary_large_image\" \/>\n<meta name=\"twitter:creator\" content=\"@estrategiamilit\" \/>\n<meta name=\"twitter:site\" content=\"@estrategiamilit\" \/>\n<meta name=\"twitter:label1\" content=\"Escrito por\" \/>\n\t<meta name=\"twitter:data1\" content=\"Pedro Alcantara\" \/>\n\t<meta name=\"twitter:label2\" content=\"Est. tempo de leitura\" \/>\n\t<meta name=\"twitter:data2\" content=\"3 minutos\" \/>\n<script type=\"application\/ld+json\" class=\"yoast-schema-graph\">{\"@context\":\"https:\/\/schema.org\",\"@graph\":[{\"@type\":\"Article\",\"@id\":\"https:\/\/militares.estrategia.com\/portal\/eventos\/pre-prova\/efomm-2026-confira-os-eventos-pre-prova\/#article\",\"isPartOf\":{\"@id\":\"https:\/\/militares.estrategia.com\/portal\/eventos\/pre-prova\/efomm-2026-confira-os-eventos-pre-prova\/\"},\"author\":{\"name\":\"Pedro Alcantara\",\"@id\":\"https:\/\/militares.estrategia.com\/portal\/#\/schema\/person\/d52a8bb9d3a4693ffcfbe862dc250f79\"},\"headline\":\"EFOMM 2026: confira os eventos pr\u00e9-prova\",\"datePublished\":\"2025-07-21T14:31:18+00:00\",\"dateModified\":\"2025-07-21T14:31:25+00:00\",\"mainEntityOfPage\":{\"@id\":\"https:\/\/militares.estrategia.com\/portal\/eventos\/pre-prova\/efomm-2026-confira-os-eventos-pre-prova\/\"},\"wordCount\":651,\"publisher\":{\"@id\":\"https:\/\/militares.estrategia.com\/portal\/#organization\"},\"image\":{\"@id\":\"https:\/\/militares.estrategia.com\/portal\/eventos\/pre-prova\/efomm-2026-confira-os-eventos-pre-prova\/#primaryimage\"},\"thumbnailUrl\":\"https:\/\/militares.estrategia.com\/portal\/wp-content\/uploads\/2025\/07\/efomm.jpg\",\"articleSection\":[\"Pr\u00e9-Prova\"],\"inLanguage\":\"pt-BR\"},{\"@type\":\"WebPage\",\"@id\":\"https:\/\/militares.estrategia.com\/portal\/eventos\/pre-prova\/efomm-2026-confira-os-eventos-pre-prova\/\",\"url\":\"https:\/\/militares.estrategia.com\/portal\/eventos\/pre-prova\/efomm-2026-confira-os-eventos-pre-prova\/\",\"name\":\"EFOMM 2026: confira os eventos pr\u00e9-prova\",\"isPartOf\":{\"@id\":\"https:\/\/militares.estrategia.com\/portal\/#website\"},\"primaryImageOfPage\":{\"@id\":\"https:\/\/militares.estrategia.com\/portal\/eventos\/pre-prova\/efomm-2026-confira-os-eventos-pre-prova\/#primaryimage\"},\"image\":{\"@id\":\"https:\/\/militares.estrategia.com\/portal\/eventos\/pre-prova\/efomm-2026-confira-os-eventos-pre-prova\/#primaryimage\"},\"thumbnailUrl\":\"https:\/\/militares.estrategia.com\/portal\/wp-content\/uploads\/2025\/07\/efomm.jpg\",\"datePublished\":\"2025-07-21T14:31:18+00:00\",\"dateModified\":\"2025-07-21T14:31:25+00:00\",\"description\":\"A\u00a0Prova EFOMM 2026\u00a0se aproxima e, se voc\u00ea est\u00e1 se preparando para a avalia\u00e7\u00e3o, n\u00e3o perca os eventos de revis\u00e3o do Estrat\u00e9gia Militares!\",\"breadcrumb\":{\"@id\":\"https:\/\/militares.estrategia.com\/portal\/eventos\/pre-prova\/efomm-2026-confira-os-eventos-pre-prova\/#breadcrumb\"},\"inLanguage\":\"pt-BR\",\"potentialAction\":[{\"@type\":\"ReadAction\",\"target\":[\"https:\/\/militares.estrategia.com\/portal\/eventos\/pre-prova\/efomm-2026-confira-os-eventos-pre-prova\/\"]}]},{\"@type\":\"ImageObject\",\"inLanguage\":\"pt-BR\",\"@id\":\"https:\/\/militares.estrategia.com\/portal\/eventos\/pre-prova\/efomm-2026-confira-os-eventos-pre-prova\/#primaryimage\",\"url\":\"https:\/\/militares.estrategia.com\/portal\/wp-content\/uploads\/2025\/07\/efomm.jpg\",\"contentUrl\":\"https:\/\/militares.estrategia.com\/portal\/wp-content\/uploads\/2025\/07\/efomm.jpg\",\"width\":1280,\"height\":720},{\"@type\":\"BreadcrumbList\",\"@id\":\"https:\/\/militares.estrategia.com\/portal\/eventos\/pre-prova\/efomm-2026-confira-os-eventos-pre-prova\/#breadcrumb\",\"itemListElement\":[{\"@type\":\"ListItem\",\"position\":1,\"name\":\"Home\",\"item\":\"https:\/\/militares.estrategia.com\/portal\/\"},{\"@type\":\"ListItem\",\"position\":2,\"name\":\"Eventos\",\"item\":\"https:\/\/militares.estrategia.com\/portal\/eventos\/\"},{\"@type\":\"ListItem\",\"position\":3,\"name\":\"Pr\u00e9-Prova\",\"item\":\"https:\/\/militares.estrategia.com\/portal\/eventos\/pre-prova\/\"},{\"@type\":\"ListItem\",\"position\":4,\"name\":\"EFOMM 2026: confira os eventos pr\u00e9-prova\"}]},{\"@type\":\"WebSite\",\"@id\":\"https:\/\/militares.estrategia.com\/portal\/#website\",\"url\":\"https:\/\/militares.estrategia.com\/portal\/\",\"name\":\"Estrat\u00e9gia Militares\",\"description\":\"\",\"publisher\":{\"@id\":\"https:\/\/militares.estrategia.com\/portal\/#organization\"},\"potentialAction\":[{\"@type\":\"SearchAction\",\"target\":{\"@type\":\"EntryPoint\",\"urlTemplate\":\"https:\/\/militares.estrategia.com\/portal\/?s={search_term_string}\"},\"query-input\":{\"@type\":\"PropertyValueSpecification\",\"valueRequired\":true,\"valueName\":\"search_term_string\"}}],\"inLanguage\":\"pt-BR\"},{\"@type\":\"Organization\",\"@id\":\"https:\/\/militares.estrategia.com\/portal\/#organization\",\"name\":\"Estrat\u00e9gia Militares\",\"url\":\"https:\/\/militares.estrategia.com\/portal\/\",\"logo\":{\"@type\":\"ImageObject\",\"inLanguage\":\"pt-BR\",\"@id\":\"https:\/\/militares.estrategia.com\/portal\/#\/schema\/logo\/image\/\",\"url\":\"https:\/\/militares.estrategia.com\/portal\/wp-content\/uploads\/2021\/10\/logo-militares.webp\",\"contentUrl\":\"https:\/\/militares.estrategia.com\/portal\/wp-content\/uploads\/2021\/10\/logo-militares.webp\",\"width\":346,\"height\":90,\"caption\":\"Estrat\u00e9gia Militares\"},\"image\":{\"@id\":\"https:\/\/militares.estrategia.com\/portal\/#\/schema\/logo\/image\/\"},\"sameAs\":[\"https:\/\/www.facebook.com\/EstrategiaMilitares\",\"https:\/\/x.com\/estrategiamilit\",\"https:\/\/www.instagram.com\/estrategiamilitares\/\",\"https:\/\/www.youtube.com\/channel\/UCRG_9hakCqXxnj_8TqCdgTA\"]},{\"@type\":\"Person\",\"@id\":\"https:\/\/militares.estrategia.com\/portal\/#\/schema\/person\/d52a8bb9d3a4693ffcfbe862dc250f79\",\"name\":\"Pedro Alcantara\",\"image\":{\"@type\":\"ImageObject\",\"inLanguage\":\"pt-BR\",\"@id\":\"https:\/\/militares.estrategia.com\/portal\/#\/schema\/person\/image\/\",\"url\":\"https:\/\/secure.gravatar.com\/avatar\/2ff815c569bab8558bec32641d54e1af?s=96&d=mm&r=g\",\"contentUrl\":\"https:\/\/secure.gravatar.com\/avatar\/2ff815c569bab8558bec32641d54e1af?s=96&d=mm&r=g\",\"caption\":\"Pedro Alcantara\"},\"url\":\"https:\/\/militares.estrategia.com\/portal\/author\/pedro\/\"}]}<\/script>\n<!-- \/ Yoast SEO Premium plugin. -->","yoast_head_json":{"title":"EFOMM 2026: confira os eventos pr\u00e9-prova","description":"A\u00a0Prova EFOMM 2026\u00a0se aproxima e, se voc\u00ea est\u00e1 se preparando para a avalia\u00e7\u00e3o, n\u00e3o perca os eventos de revis\u00e3o do Estrat\u00e9gia Militares!","robots":{"index":"index","follow":"follow","max-snippet":"max-snippet:-1","max-image-preview":"max-image-preview:large","max-video-preview":"max-video-preview:-1"},"canonical":"https:\/\/militares.estrategia.com\/portal\/eventos\/pre-prova\/efomm-2026-confira-os-eventos-pre-prova\/","og_locale":"pt_BR","og_type":"article","og_title":"EFOMM 2026: confira os eventos pr\u00e9-prova","og_description":"A\u00a0Prova EFOMM 2026\u00a0se aproxima e, se voc\u00ea est\u00e1 se preparando para a avalia\u00e7\u00e3o, n\u00e3o perca os eventos de revis\u00e3o do Estrat\u00e9gia Militares!","og_url":"https:\/\/militares.estrategia.com\/portal\/eventos\/pre-prova\/efomm-2026-confira-os-eventos-pre-prova\/","og_site_name":"Estrat\u00e9gia Militares","article_publisher":"https:\/\/www.facebook.com\/EstrategiaMilitares","article_published_time":"2025-07-21T14:31:18+00:00","article_modified_time":"2025-07-21T14:31:25+00:00","og_image":[{"width":1280,"height":720,"url":"https:\/\/militares.estrategia.com\/portal\/wp-content\/uploads\/2025\/07\/efomm.jpg","type":"image\/jpeg"}],"author":"Pedro Alcantara","twitter_card":"summary_large_image","twitter_creator":"@estrategiamilit","twitter_site":"@estrategiamilit","twitter_misc":{"Escrito por":"Pedro Alcantara","Est. tempo de leitura":"3 minutos"},"schema":{"@context":"https:\/\/schema.org","@graph":[{"@type":"Article","@id":"https:\/\/militares.estrategia.com\/portal\/eventos\/pre-prova\/efomm-2026-confira-os-eventos-pre-prova\/#article","isPartOf":{"@id":"https:\/\/militares.estrategia.com\/portal\/eventos\/pre-prova\/efomm-2026-confira-os-eventos-pre-prova\/"},"author":{"name":"Pedro Alcantara","@id":"https:\/\/militares.estrategia.com\/portal\/#\/schema\/person\/d52a8bb9d3a4693ffcfbe862dc250f79"},"headline":"EFOMM 2026: confira os eventos pr\u00e9-prova","datePublished":"2025-07-21T14:31:18+00:00","dateModified":"2025-07-21T14:31:25+00:00","mainEntityOfPage":{"@id":"https:\/\/militares.estrategia.com\/portal\/eventos\/pre-prova\/efomm-2026-confira-os-eventos-pre-prova\/"},"wordCount":651,"publisher":{"@id":"https:\/\/militares.estrategia.com\/portal\/#organization"},"image":{"@id":"https:\/\/militares.estrategia.com\/portal\/eventos\/pre-prova\/efomm-2026-confira-os-eventos-pre-prova\/#primaryimage"},"thumbnailUrl":"https:\/\/militares.estrategia.com\/portal\/wp-content\/uploads\/2025\/07\/efomm.jpg","articleSection":["Pr\u00e9-Prova"],"inLanguage":"pt-BR"},{"@type":"WebPage","@id":"https:\/\/militares.estrategia.com\/portal\/eventos\/pre-prova\/efomm-2026-confira-os-eventos-pre-prova\/","url":"https:\/\/militares.estrategia.com\/portal\/eventos\/pre-prova\/efomm-2026-confira-os-eventos-pre-prova\/","name":"EFOMM 2026: confira os eventos pr\u00e9-prova","isPartOf":{"@id":"https:\/\/militares.estrategia.com\/portal\/#website"},"primaryImageOfPage":{"@id":"https:\/\/militares.estrategia.com\/portal\/eventos\/pre-prova\/efomm-2026-confira-os-eventos-pre-prova\/#primaryimage"},"image":{"@id":"https:\/\/militares.estrategia.com\/portal\/eventos\/pre-prova\/efomm-2026-confira-os-eventos-pre-prova\/#primaryimage"},"thumbnailUrl":"https:\/\/militares.estrategia.com\/portal\/wp-content\/uploads\/2025\/07\/efomm.jpg","datePublished":"2025-07-21T14:31:18+00:00","dateModified":"2025-07-21T14:31:25+00:00","description":"A\u00a0Prova EFOMM 2026\u00a0se aproxima e, se voc\u00ea est\u00e1 se preparando para a avalia\u00e7\u00e3o, n\u00e3o perca os eventos de revis\u00e3o do Estrat\u00e9gia Militares!","breadcrumb":{"@id":"https:\/\/militares.estrategia.com\/portal\/eventos\/pre-prova\/efomm-2026-confira-os-eventos-pre-prova\/#breadcrumb"},"inLanguage":"pt-BR","potentialAction":[{"@type":"ReadAction","target":["https:\/\/militares.estrategia.com\/portal\/eventos\/pre-prova\/efomm-2026-confira-os-eventos-pre-prova\/"]}]},{"@type":"ImageObject","inLanguage":"pt-BR","@id":"https:\/\/militares.estrategia.com\/portal\/eventos\/pre-prova\/efomm-2026-confira-os-eventos-pre-prova\/#primaryimage","url":"https:\/\/militares.estrategia.com\/portal\/wp-content\/uploads\/2025\/07\/efomm.jpg","contentUrl":"https:\/\/militares.estrategia.com\/portal\/wp-content\/uploads\/2025\/07\/efomm.jpg","width":1280,"height":720},{"@type":"BreadcrumbList","@id":"https:\/\/militares.estrategia.com\/portal\/eventos\/pre-prova\/efomm-2026-confira-os-eventos-pre-prova\/#breadcrumb","itemListElement":[{"@type":"ListItem","position":1,"name":"Home","item":"https:\/\/militares.estrategia.com\/portal\/"},{"@type":"ListItem","position":2,"name":"Eventos","item":"https:\/\/militares.estrategia.com\/portal\/eventos\/"},{"@type":"ListItem","position":3,"name":"Pr\u00e9-Prova","item":"https:\/\/militares.estrategia.com\/portal\/eventos\/pre-prova\/"},{"@type":"ListItem","position":4,"name":"EFOMM 2026: confira os eventos pr\u00e9-prova"}]},{"@type":"WebSite","@id":"https:\/\/militares.estrategia.com\/portal\/#website","url":"https:\/\/militares.estrategia.com\/portal\/","name":"Estrat\u00e9gia Militares","description":"","publisher":{"@id":"https:\/\/militares.estrategia.com\/portal\/#organization"},"potentialAction":[{"@type":"SearchAction","target":{"@type":"EntryPoint","urlTemplate":"https:\/\/militares.estrategia.com\/portal\/?s={search_term_string}"},"query-input":{"@type":"PropertyValueSpecification","valueRequired":true,"valueName":"search_term_string"}}],"inLanguage":"pt-BR"},{"@type":"Organization","@id":"https:\/\/militares.estrategia.com\/portal\/#organization","name":"Estrat\u00e9gia Militares","url":"https:\/\/militares.estrategia.com\/portal\/","logo":{"@type":"ImageObject","inLanguage":"pt-BR","@id":"https:\/\/militares.estrategia.com\/portal\/#\/schema\/logo\/image\/","url":"https:\/\/militares.estrategia.com\/portal\/wp-content\/uploads\/2021\/10\/logo-militares.webp","contentUrl":"https:\/\/militares.estrategia.com\/portal\/wp-content\/uploads\/2021\/10\/logo-militares.webp","width":346,"height":90,"caption":"Estrat\u00e9gia Militares"},"image":{"@id":"https:\/\/militares.estrategia.com\/portal\/#\/schema\/logo\/image\/"},"sameAs":["https:\/\/www.facebook.com\/EstrategiaMilitares","https:\/\/x.com\/estrategiamilit","https:\/\/www.instagram.com\/estrategiamilitares\/","https:\/\/www.youtube.com\/channel\/UCRG_9hakCqXxnj_8TqCdgTA"]},{"@type":"Person","@id":"https:\/\/militares.estrategia.com\/portal\/#\/schema\/person\/d52a8bb9d3a4693ffcfbe862dc250f79","name":"Pedro Alcantara","image":{"@type":"ImageObject","inLanguage":"pt-BR","@id":"https:\/\/militares.estrategia.com\/portal\/#\/schema\/person\/image\/","url":"https:\/\/secure.gravatar.com\/avatar\/2ff815c569bab8558bec32641d54e1af?s=96&d=mm&r=g","contentUrl":"https:\/\/secure.gravatar.com\/avatar\/2ff815c569bab8558bec32641d54e1af?s=96&d=mm&r=g","caption":"Pedro Alcantara"},"url":"https:\/\/militares.estrategia.com\/portal\/author\/pedro\/"}]}},"_wl_alt_label":[],"wl:entity_url":"https:\/\/data.wordlift.io\/wl110246\/post\/operacao-mercante-efomm-2026-87649","_links":{"self":[{"href":"https:\/\/militares.estrategia.com\/portal\/wp-json\/wp\/v2\/posts\/87649","targetHints":{"allow":["GET"]}}],"collection":[{"href":"https:\/\/militares.estrategia.com\/portal\/wp-json\/wp\/v2\/posts"}],"about":[{"href":"https:\/\/militares.estrategia.com\/portal\/wp-json\/wp\/v2\/types\/post"}],"author":[{"embeddable":true,"href":"https:\/\/militares.estrategia.com\/portal\/wp-json\/wp\/v2\/users\/18"}],"replies":[{"embeddable":true,"href":"https:\/\/militares.estrategia.com\/portal\/wp-json\/wp\/v2\/comments?post=87649"}],"version-history":[{"count":1,"href":"https:\/\/militares.estrategia.com\/portal\/wp-json\/wp\/v2\/posts\/87649\/revisions"}],"predecessor-version":[{"id":87657,"href":"https:\/\/militares.estrategia.com\/portal\/wp-json\/wp\/v2\/posts\/87649\/revisions\/87657"}],"wp:featuredmedia":[{"embeddable":true,"href":"https:\/\/militares.estrategia.com\/portal\/wp-json\/wp\/v2\/media\/87656"}],"wp:attachment":[{"href":"https:\/\/militares.estrategia.com\/portal\/wp-json\/wp\/v2\/media?parent=87649"}],"wp:term":[{"taxonomy":"category","embeddable":true,"href":"https:\/\/militares.estrategia.com\/portal\/wp-json\/wp\/v2\/categories?post=87649"},{"taxonomy":"post_tag","embeddable":true,"href":"https:\/\/militares.estrategia.com\/portal\/wp-json\/wp\/v2\/tags?post=87649"},{"taxonomy":"wl_entity_type","embeddable":true,"href":"https:\/\/militares.estrategia.com\/portal\/wp-json\/wp\/v2\/wl_entity_type?post=87649"}],"curies":[{"name":"wp","href":"https:\/\/api.w.org\/{rel}","templated":true}]}}