{"id":87333,"date":"2025-11-17T09:00:00","date_gmt":"2025-11-17T12:00:00","guid":{"rendered":"https:\/\/militares.estrategia.com\/portal\/?p=87333"},"modified":"2025-11-13T11:46:07","modified_gmt":"2025-11-13T14:46:07","slug":"cordados-origem-evolucao-e-a-conquista-dos-ambientes-na-terra","status":"publish","type":"post","link":"https:\/\/militares.estrategia.com\/portal\/materias-e-dicas\/biologia\/cordados-origem-evolucao-e-a-conquista-dos-ambientes-na-terra\/","title":{"rendered":"Cordados: origem, evolu\u00e7\u00e3o e a conquista dos ambientes na terra"},"content":{"rendered":"\n<p>A diversidade dos seres vivos no planeta \u00e9 fascinante, n\u00e3o \u00e9? Especialmente quando exploramos grupos com estruturas complexas como os cordados. Estudar a origem e evolu\u00e7\u00e3o desses organismos revela pontos-chave na hist\u00f3ria da vida na Terra e ajuda a entender nossas pr\u00f3prias ra\u00edzes biol\u00f3gicas. Dos primeiros ancestrais aqu\u00e1ticos aos vertebrados terrestres, a trajet\u00f3ria evolutiva dos cordados \u00e9 repleta de transforma\u00e7\u00f5es not\u00e1veis.<\/p>\n\n\n\n<p>Compreender essa linhagem evolutiva \u00e9 essencial, especialmente para estudantes que se preparam para concursos! Neste artigo, vamos desvendar, passo a passo, como os cordados surgiram, se diversificaram e conquistaram uma grande variedade de ambientes.<\/p>\n\n\n\n<div id=\"ez-toc-container\" class=\"ez-toc-v2_0_79_2 counter-hierarchy ez-toc-counter ez-toc-transparent ez-toc-container-direction\">\n<div class=\"ez-toc-title-container\"><p class=\"ez-toc-title\" style=\"cursor:inherit\">Navegue pelo conte\u00fado\t<\/p>\n<\/div><nav><ul class='ez-toc-list ez-toc-list-level-1 ' ><li class='ez-toc-page-1 ez-toc-heading-level-2'><a class=\"ez-toc-link ez-toc-heading-1\" href=\"https:\/\/militares.estrategia.com\/portal\/materias-e-dicas\/biologia\/cordados-origem-evolucao-e-a-conquista-dos-ambientes-na-terra\/#Definicao-e-caracteristicas-dos-cordados\" >Defini\u00e7\u00e3o e caracter\u00edsticas dos cordados<\/a><\/li><li class='ez-toc-page-1 ez-toc-heading-level-2'><a class=\"ez-toc-link ez-toc-heading-2\" href=\"https:\/\/militares.estrategia.com\/portal\/materias-e-dicas\/biologia\/cordados-origem-evolucao-e-a-conquista-dos-ambientes-na-terra\/#Origem-dos-cordados\" >Origem dos cordados<\/a><\/li><li class='ez-toc-page-1 ez-toc-heading-level-2'><a class=\"ez-toc-link ez-toc-heading-3\" href=\"https:\/\/militares.estrategia.com\/portal\/materias-e-dicas\/biologia\/cordados-origem-evolucao-e-a-conquista-dos-ambientes-na-terra\/#Evolucao-dos-grupos-dentro-de-Chordata\" >Evolu\u00e7\u00e3o dos grupos dentro de Chordata<\/a><\/li><li class='ez-toc-page-1 ez-toc-heading-level-2'><a class=\"ez-toc-link ez-toc-heading-4\" href=\"https:\/\/militares.estrategia.com\/portal\/materias-e-dicas\/biologia\/cordados-origem-evolucao-e-a-conquista-dos-ambientes-na-terra\/#Transicoes-evolutivas-do-mar-a-terra\" >Transi\u00e7\u00f5es evolutivas: do mar \u00e0 terra<\/a><\/li><li class='ez-toc-page-1 ez-toc-heading-level-2'><a class=\"ez-toc-link ez-toc-heading-5\" href=\"https:\/\/militares.estrategia.com\/portal\/materias-e-dicas\/biologia\/cordados-origem-evolucao-e-a-conquista-dos-ambientes-na-terra\/#Diversificacao-dos-vertebrados-ao-longo-do-tempo\" >Diversifica\u00e7\u00e3o dos vertebrados ao longo do tempo<\/a><\/li><li class='ez-toc-page-1 ez-toc-heading-level-2'><a class=\"ez-toc-link ez-toc-heading-6\" href=\"https:\/\/militares.estrategia.com\/portal\/materias-e-dicas\/biologia\/cordados-origem-evolucao-e-a-conquista-dos-ambientes-na-terra\/#Importancia-evolutiva-dos-cordados\" >Import\u00e2ncia evolutiva dos cordados<\/a><\/li><li class='ez-toc-page-1 ez-toc-heading-level-2'><a class=\"ez-toc-link ez-toc-heading-7\" href=\"https:\/\/militares.estrategia.com\/portal\/materias-e-dicas\/biologia\/cordados-origem-evolucao-e-a-conquista-dos-ambientes-na-terra\/#Conheca-o-Banco-de-Questoes-do-Estrategia-Militares\" >Conhe\u00e7a o Banco de Quest\u00f5es do Estrat\u00e9gia Militares<\/a><\/li><\/ul><\/nav><\/div>\n<h2 class=\"wp-block-heading\" id=\"h-definicao-e-caracteristicas-dos-cordados\"><span class=\"ez-toc-section\" id=\"Definicao-e-caracteristicas-dos-cordados\"><\/span>Defini\u00e7\u00e3o e caracter\u00edsticas dos cordados<span class=\"ez-toc-section-end\"><\/span><\/h2>\n\n\n\n<p>O filo Chordata engloba os animais que, em algum momento do desenvolvimento embrion\u00e1rio, apresentam cinco estruturas anat\u00f4micas fundamentais:<\/p>\n\n\n\n<ul class=\"wp-block-list\">\n<li><strong>Notocorda<\/strong>: estrutura semirr\u00edgida que serve de suporte ao corpo;<\/li>\n\n\n\n<li><strong>Tubo neural dorsal<\/strong>: precursor do sistema nervoso central;<\/li>\n\n\n\n<li><strong>Fendas branquiais far\u00edngeas<\/strong>: abertura que serve para troca gasosa (ou outras fun\u00e7\u00f5es);<\/li>\n\n\n\n<li><strong>Cauda p\u00f3s-anal<\/strong>: projeta-se al\u00e9m do \u00e2nus; e<\/li>\n\n\n\n<li><strong>End\u00f3stilo ou tir\u00f3ide<\/strong>: estrutura relacionada \u00e0 alimenta\u00e7\u00e3o e, nos vertebrados, \u00e0 regula\u00e7\u00e3o hormonal.<\/li>\n<\/ul>\n\n\n\n<p>Essas caracter\u00edsticas marcam o grupo e os diferenciam do restante do reino animal. Mesmo que algumas dessas estruturas desapare\u00e7am na fase adulta, sua presen\u00e7a no desenvolvimento embrion\u00e1rio \u00e9 suficiente para classificar o organismo como cordado.<\/p>\n\n\n\n<h2 class=\"wp-block-heading\" id=\"h-origem-dos-cordados\"><span class=\"ez-toc-section\" id=\"Origem-dos-cordados\"><\/span>Origem dos cordados<span class=\"ez-toc-section-end\"><\/span><\/h2>\n\n\n\n<h3 class=\"wp-block-heading\" id=\"h-hipotese-dos-ancestrais-adotados\">Hip\u00f3tese dos ancestrais adotados<\/h3>\n\n\n\n<p>A origem dos cordados remonta ao per\u00edodo Cambriano, h\u00e1 cerca de 530 milh\u00f5es de anos. A principal hip\u00f3tese sobre o ancestral comum dos cordados sugere que ele se originou de um animal com simetria bilateral, segmentado e com caracter\u00edsticas similares \u00e0s de larvas de equinodermos.<\/p>\n\n\n\n<p>Os f\u00f3sseis mais antigos atribu\u00eddos a animais do filo Chordata incluem:<\/p>\n\n\n\n<ul class=\"wp-block-list\">\n<li><strong>Pikaia gracilens<\/strong>: pequeno animal do Cambriano com notocorda e m\u00fasculos segmentados.<\/li>\n<\/ul>\n\n\n\n<ul class=\"wp-block-list\">\n<li><strong>Haikouella<\/strong>: com mais tra\u00e7os semelhantes a vertebrados, possui tra\u00e7os de cr\u00e2nio rudimentar e estruturas sensoriais.<\/li>\n<\/ul>\n\n\n\n<p>Essas descobertas vieram de forma\u00e7\u00f5es sedimentares como o Folhelho de Burgess (Canad\u00e1) e as camadas de Chengjiang (China) e fornecem evid\u00eancias para reconstruir os est\u00e1gios iniciais da linhagem dos cordados.<\/p>\n\n\n\n<h2 class=\"wp-block-heading\" id=\"h-evolucao-dos-grupos-dentro-de-chordata\"><span class=\"ez-toc-section\" id=\"Evolucao-dos-grupos-dentro-de-Chordata\"><\/span>Evolu\u00e7\u00e3o dos grupos dentro de Chordata<span class=\"ez-toc-section-end\"><\/span><\/h2>\n\n\n\n<p>O filo Chordata se divide tradicionalmente em tr\u00eas subfilos:<\/p>\n\n\n\n<ol class=\"wp-block-list\">\n<li><strong>Cephalochordata (cefalocordados)<\/strong><br>Exemplo: anfioxo (Branchiostoma sp.), pequeno animal marinho filtrador. Mant\u00e9m todas as caracter\u00edsticas dos cordados na fase adulta.<\/li>\n\n\n\n<li><strong>Urochordata (urocordados ou tunicados)<\/strong><br>Exemplo: asc\u00eddias. Larvas apresentam notocorda, mas perdem essa estrutura ao chegar \u00e0 fase adulta.<\/li>\n\n\n\n<li><strong>Vertebrata (craniados)<\/strong><br>Animais com cr\u00e2nio e, na maioria, v\u00e9rtebras revestindo a medula espinhal. Inclui peixes, anf\u00edbios, r\u00e9pteis, aves e mam\u00edferos.<\/li>\n<\/ol>\n\n\n\n<h3 class=\"wp-block-heading\" id=\"h-principais-marcos-evolutivos\">Principais marcos evolutivos<\/h3>\n\n\n\n<ul class=\"wp-block-list\">\n<li><strong>A forma\u00e7\u00e3o da coluna vertebral<\/strong>: vertebrados substituem a notocorda por uma estrutura mais r\u00edgida e segmentada;<\/li>\n\n\n\n<li><strong>Cranializa\u00e7\u00e3o e encefaliza\u00e7\u00e3o<\/strong>: aparecem as primeiras estruturas encef\u00e1licas e sensoriais especializadas;<\/li>\n\n\n\n<li><strong>Evolu\u00e7\u00e3o das nadadeiras pares<\/strong>: fundamental para a mobilidade em ambiente aqu\u00e1tico; e<\/li>\n\n\n\n<li><strong>Transi\u00e7\u00e3o para a vida terrestre<\/strong>: com o surgimento de pulm\u00f5es, membros adaptados e ovos com casca resistente (amni\u00f3ticos).<\/li>\n<\/ul>\n\n\n\n<h2 class=\"wp-block-heading\" id=\"h-transicoes-evolutivas-do-mar-a-terra\"><span class=\"ez-toc-section\" id=\"Transicoes-evolutivas-do-mar-a-terra\"><\/span>Transi\u00e7\u00f5es evolutivas: do mar \u00e0 terra<span class=\"ez-toc-section-end\"><\/span><\/h2>\n\n\n\n<h3 class=\"wp-block-heading\" id=\"h-dos-peixes-aos-tetrapodes\">Dos peixes aos tetr\u00e1podes<\/h3>\n\n\n\n<p>Os peixes foram o primeiro grupo de vertebrados a dominar os ambientes aqu\u00e1ticos. A evolu\u00e7\u00e3o dos peixes com nadadeiras lobadas (ex: celacanto e dipnoicos) foi crucial para a origem dos tetr\u00e1podes, que s\u00e3o vertebrados de quatro membros. O f\u00f3ssil de transi\u00e7\u00e3o mais famoso \u00e9 o Tiktaalik roseae, com caracter\u00edsticas de peixe e de animal terrestre.<\/p>\n\n\n\n<p>Com a conquista do ambiente terrestre, surgiram adapta\u00e7\u00f5es como:<\/p>\n\n\n\n<ul class=\"wp-block-list\">\n<li><strong>Pulm\u00f5es funcionais<\/strong>;<\/li>\n\n\n\n<li><strong>Membros locomotores com dedos<\/strong>;<\/li>\n\n\n\n<li><strong>Pele adaptada para reduzir perda de \u00e1gua<\/strong>; e<\/li>\n\n\n\n<li><strong>Maior complexidade sensorial e cerebral<\/strong>.<\/li>\n<\/ul>\n\n\n\n<p>Essas modifica\u00e7\u00f5es permitiram o sucesso evolutivo de anf\u00edbios, r\u00e9pteis, aves e mam\u00edferos em uma ampla variedade de habitats.<\/p>\n\n\n\n<h2 class=\"wp-block-heading\" id=\"h-diversificacao-dos-vertebrados-ao-longo-do-tempo\"><span class=\"ez-toc-section\" id=\"Diversificacao-dos-vertebrados-ao-longo-do-tempo\"><\/span>Diversifica\u00e7\u00e3o dos vertebrados ao longo do tempo<span class=\"ez-toc-section-end\"><\/span><\/h2>\n\n\n\n<h3 class=\"wp-block-heading\" id=\"h-linha-evolutiva-dos-vertebrados\">Linha evolutiva dos vertebrados:<\/h3>\n\n\n\n<figure class=\"wp-block-table is-style-stripes\"><table class=\"has-electric-grass-gradient-background has-background has-fixed-layout\"><thead><tr><th><strong>Grupo<\/strong><\/th><th><strong>Exemplos<\/strong><\/th><th><strong>Caracter\u00edsticas evolutivas<\/strong><strong>&nbsp;<\/strong><\/th><\/tr><\/thead><tbody><tr><td><br>Peixes sem mand\u00edbula<\/td><td>Lampreias, feiticeiras<\/td><td>Estrutura primitiva, sem mand\u00edbula<\/td><\/tr><tr><td><br>Peixes com mand\u00edbula<\/td><td>Tubar\u00f5es, til\u00e1pias<\/td><td>V\u00e9rtebras articuladas e mand\u00edbulas<\/td><\/tr><tr><td><br>Anf\u00edbios<\/td><td>Sapos, salamandras<\/td><td>Pele \u00famida e ovos gelatinosos<\/td><\/tr><tr><td><br>R\u00e9pteis<\/td><td>Cobras, lagartos, tartarugas<\/td><td>Escamas, terra firme<\/td><\/tr><tr><td><br>Aves<\/td><td>Pombos, gavi\u00f5es<\/td><td>Evolu\u00edram dos dinossauros; penas<\/td><\/tr><tr><td><br>Mam\u00edferos<\/td><td>Humanos, c\u00e3es, morcegos<\/td><td>Gl\u00e2ndulas mam\u00e1rias, pelos<\/td><\/tr><\/tbody><\/table><\/figure>\n\n\n\n<p>A diversifica\u00e7\u00e3o ocorreu em v\u00e1rias etapas com o surgimento de linhagens altamente adaptadas a diferentes nichos ecol\u00f3gicos. A diversidade de formas e comportamentos permitiu o dom\u00ednio de praticamente todos os ecossistemas do planeta.<\/p>\n\n\n\n<h2 class=\"wp-block-heading\" id=\"h-importancia-evolutiva-dos-cordados\"><span class=\"ez-toc-section\" id=\"Importancia-evolutiva-dos-cordados\"><\/span>Import\u00e2ncia evolutiva dos cordados<span class=\"ez-toc-section-end\"><\/span><\/h2>\n\n\n\n<p>O sucesso adaptativo dos cordados deve-se a uma combina\u00e7\u00e3o de fatores estruturais, fisiol\u00f3gicos e comportamentais:<\/p>\n\n\n\n<ul class=\"wp-block-list\">\n<li>Sistema nervoso centralizado e eficiente;<\/li>\n\n\n\n<li>Alta capacidade sensorial;<\/li>\n\n\n\n<li>Mobilidade elevada; e<\/li>\n\n\n\n<li>Estrat\u00e9gias reprodutivas variadas e efetivas.<\/li>\n<\/ul>\n\n\n\n<p>Al\u00e9m disso, por incluir os seres humanos, o estudo dos cordados se torna ainda mais relevante para o estudo da nossa pr\u00f3pria biologia, medicina, paleontologia e gen\u00e9tica evolutiva.<\/p>\n\n\n\n<p>Portanto, estudar a origem e evolu\u00e7\u00e3o dos cordados nos permite entender como estruturas essenciais como coluna vertebral, c\u00e9rebro e ap\u00eandices locomotores surgiram e se diversificaram. \u00c9 um conte\u00fado-chave para diversas provas, exigindo dom\u00ednio de conceitos e sequ\u00eancias evolutivas, al\u00e9m de taxonomia animal. <\/p>\n\n\n\n<h2 class=\"wp-block-heading\" id=\"h-conheca-o-banco-de-questoes-do-estrategia-militares\"><span class=\"ez-toc-section\" id=\"Conheca-o-Banco-de-Questoes-do-Estrategia-Militares\"><\/span>Conhe\u00e7a o Banco de Quest\u00f5es do Estrat\u00e9gia Militares<span class=\"ez-toc-section-end\"><\/span><\/h2>\n\n\n\n<p>Voc\u00ea est\u00e1 se preparando para as provas das escolas militares? J\u00e1 conhece a ferramenta que pode ser o seu maior diferencial na busca pela aprova\u00e7\u00e3o? No Estrat\u00e9gia Militares, sabemos que a pr\u00e1tica leva \u00e0 perfei\u00e7\u00e3o, e que dominar as quest\u00f5es \u00e9 fundamental para alcan\u00e7ar seu objetivo.<\/p>\n\n\n\n<p>Ent\u00e3o, j\u00e1 explorou o nosso <strong>Banco de Quest\u00f5es<\/strong>? Com milhares de quest\u00f5es atualizadas e gabaritadas, voc\u00ea ter\u00e1 acesso ao material perfeito para testar seus conhecimentos, identificar seus pontos fracos e ganhar a confian\u00e7a necess\u00e1ria para o dia da prova.<\/p>\n","protected":false},"excerpt":{"rendered":"Entenda como surgiu e evoluiu o filo dos cordados, abrangendo caracter\u00edsticas, origem e rela\u00e7\u00f5es evolutivas.\n","protected":false},"author":11,"featured_media":93104,"comment_status":"closed","ping_status":"closed","sticky":false,"template":"","format":"standard","meta":{"wl_entities_gutenberg":"","footnotes":""},"categories":[329],"tags":[],"wl_entity_type":[187],"class_list":{"0":"post-87333","1":"post","2":"type-post","3":"status-publish","4":"format-standard","5":"has-post-thumbnail","7":"category-biologia","8":"wl_entity_type-article"},"acf":[],"yoast_head":"<!-- This site is optimized with the Yoast SEO Premium plugin v26.6 (Yoast SEO v26.6) - https:\/\/yoast.com\/wordpress\/plugins\/seo\/ -->\n<title>Cordados: origem, evolu\u00e7\u00e3o e a conquista dos ambientes na terra<\/title>\n<meta name=\"description\" content=\"Entenda como surgiu e evoluiu o filo dos cordados, abrangendo caracter\u00edsticas, origem e rela\u00e7\u00f5es evolutivas.\" \/>\n<meta name=\"robots\" content=\"index, follow, max-snippet:-1, max-image-preview:large, max-video-preview:-1\" \/>\n<link rel=\"canonical\" href=\"https:\/\/militares.estrategia.com\/portal\/materias-e-dicas\/biologia\/cordados-origem-evolucao-e-a-conquista-dos-ambientes-na-terra\/\" \/>\n<meta property=\"og:locale\" content=\"pt_BR\" \/>\n<meta property=\"og:type\" content=\"article\" \/>\n<meta property=\"og:title\" content=\"Cordados: origem, evolu\u00e7\u00e3o e a conquista dos ambientes na terra\" \/>\n<meta property=\"og:description\" content=\"Entenda como surgiu e evoluiu o filo dos cordados, abrangendo caracter\u00edsticas, origem e rela\u00e7\u00f5es evolutivas.\" \/>\n<meta property=\"og:url\" content=\"https:\/\/militares.estrategia.com\/portal\/materias-e-dicas\/biologia\/cordados-origem-evolucao-e-a-conquista-dos-ambientes-na-terra\/\" \/>\n<meta property=\"og:site_name\" content=\"Estrat\u00e9gia Militares\" \/>\n<meta property=\"article:publisher\" content=\"https:\/\/www.facebook.com\/EstrategiaMilitares\" \/>\n<meta property=\"article:published_time\" content=\"2025-11-17T12:00:00+00:00\" \/>\n<meta property=\"og:image\" content=\"https:\/\/militares.estrategia.com\/portal\/wp-content\/uploads\/2025\/11\/cordados_estrategia.jpg\" \/>\n\t<meta property=\"og:image:width\" content=\"1280\" \/>\n\t<meta property=\"og:image:height\" content=\"720\" \/>\n\t<meta property=\"og:image:type\" content=\"image\/jpeg\" \/>\n<meta name=\"author\" content=\"Estrat\u00e9gia Militares\" \/>\n<meta name=\"twitter:card\" content=\"summary_large_image\" \/>\n<meta name=\"twitter:creator\" content=\"@estrategiamilit\" \/>\n<meta name=\"twitter:site\" content=\"@estrategiamilit\" \/>\n<meta name=\"twitter:label1\" content=\"Escrito por\" \/>\n\t<meta name=\"twitter:data1\" content=\"Estrat\u00e9gia Militares\" \/>\n\t<meta name=\"twitter:label2\" content=\"Est. tempo de leitura\" \/>\n\t<meta name=\"twitter:data2\" content=\"5 minutos\" \/>\n<script type=\"application\/ld+json\" class=\"yoast-schema-graph\">{\"@context\":\"https:\/\/schema.org\",\"@graph\":[{\"@type\":\"Article\",\"@id\":\"https:\/\/militares.estrategia.com\/portal\/materias-e-dicas\/biologia\/cordados-origem-evolucao-e-a-conquista-dos-ambientes-na-terra\/#article\",\"isPartOf\":{\"@id\":\"https:\/\/militares.estrategia.com\/portal\/materias-e-dicas\/biologia\/cordados-origem-evolucao-e-a-conquista-dos-ambientes-na-terra\/\"},\"author\":{\"name\":\"Estrat\u00e9gia Militares\",\"@id\":\"https:\/\/militares.estrategia.com\/portal\/#\/schema\/person\/896181038f5542906e5db6f7db222d7c\"},\"headline\":\"Cordados: origem, evolu\u00e7\u00e3o e a conquista dos ambientes na terra\",\"datePublished\":\"2025-11-17T12:00:00+00:00\",\"mainEntityOfPage\":{\"@id\":\"https:\/\/militares.estrategia.com\/portal\/materias-e-dicas\/biologia\/cordados-origem-evolucao-e-a-conquista-dos-ambientes-na-terra\/\"},\"wordCount\":980,\"publisher\":{\"@id\":\"https:\/\/militares.estrategia.com\/portal\/#organization\"},\"image\":{\"@id\":\"https:\/\/militares.estrategia.com\/portal\/materias-e-dicas\/biologia\/cordados-origem-evolucao-e-a-conquista-dos-ambientes-na-terra\/#primaryimage\"},\"thumbnailUrl\":\"https:\/\/militares.estrategia.com\/portal\/wp-content\/uploads\/2025\/11\/cordados_estrategia.jpg\",\"articleSection\":[\"Biologia\"],\"inLanguage\":\"pt-BR\"},{\"@type\":\"WebPage\",\"@id\":\"https:\/\/militares.estrategia.com\/portal\/materias-e-dicas\/biologia\/cordados-origem-evolucao-e-a-conquista-dos-ambientes-na-terra\/\",\"url\":\"https:\/\/militares.estrategia.com\/portal\/materias-e-dicas\/biologia\/cordados-origem-evolucao-e-a-conquista-dos-ambientes-na-terra\/\",\"name\":\"Cordados: origem, evolu\u00e7\u00e3o e a conquista dos ambientes na terra\",\"isPartOf\":{\"@id\":\"https:\/\/militares.estrategia.com\/portal\/#website\"},\"primaryImageOfPage\":{\"@id\":\"https:\/\/militares.estrategia.com\/portal\/materias-e-dicas\/biologia\/cordados-origem-evolucao-e-a-conquista-dos-ambientes-na-terra\/#primaryimage\"},\"image\":{\"@id\":\"https:\/\/militares.estrategia.com\/portal\/materias-e-dicas\/biologia\/cordados-origem-evolucao-e-a-conquista-dos-ambientes-na-terra\/#primaryimage\"},\"thumbnailUrl\":\"https:\/\/militares.estrategia.com\/portal\/wp-content\/uploads\/2025\/11\/cordados_estrategia.jpg\",\"datePublished\":\"2025-11-17T12:00:00+00:00\",\"description\":\"Entenda como surgiu e evoluiu o filo dos cordados, abrangendo caracter\u00edsticas, origem e rela\u00e7\u00f5es evolutivas.\",\"breadcrumb\":{\"@id\":\"https:\/\/militares.estrategia.com\/portal\/materias-e-dicas\/biologia\/cordados-origem-evolucao-e-a-conquista-dos-ambientes-na-terra\/#breadcrumb\"},\"inLanguage\":\"pt-BR\",\"potentialAction\":[{\"@type\":\"ReadAction\",\"target\":[\"https:\/\/militares.estrategia.com\/portal\/materias-e-dicas\/biologia\/cordados-origem-evolucao-e-a-conquista-dos-ambientes-na-terra\/\"]}]},{\"@type\":\"ImageObject\",\"inLanguage\":\"pt-BR\",\"@id\":\"https:\/\/militares.estrategia.com\/portal\/materias-e-dicas\/biologia\/cordados-origem-evolucao-e-a-conquista-dos-ambientes-na-terra\/#primaryimage\",\"url\":\"https:\/\/militares.estrategia.com\/portal\/wp-content\/uploads\/2025\/11\/cordados_estrategia.jpg\",\"contentUrl\":\"https:\/\/militares.estrategia.com\/portal\/wp-content\/uploads\/2025\/11\/cordados_estrategia.jpg\",\"width\":1280,\"height\":720,\"caption\":\"Cordados_estrategia militares\"},{\"@type\":\"BreadcrumbList\",\"@id\":\"https:\/\/militares.estrategia.com\/portal\/materias-e-dicas\/biologia\/cordados-origem-evolucao-e-a-conquista-dos-ambientes-na-terra\/#breadcrumb\",\"itemListElement\":[{\"@type\":\"ListItem\",\"position\":1,\"name\":\"Home\",\"item\":\"https:\/\/militares.estrategia.com\/portal\/\"},{\"@type\":\"ListItem\",\"position\":2,\"name\":\"Mat\u00e9rias e Dicas\",\"item\":\"https:\/\/militares.estrategia.com\/portal\/materias-e-dicas\/\"},{\"@type\":\"ListItem\",\"position\":3,\"name\":\"Biologia\",\"item\":\"https:\/\/militares.estrategia.com\/portal\/materias-e-dicas\/biologia\/\"},{\"@type\":\"ListItem\",\"position\":4,\"name\":\"Cordados: origem, evolu\u00e7\u00e3o e a conquista dos ambientes na terra\"}]},{\"@type\":\"WebSite\",\"@id\":\"https:\/\/militares.estrategia.com\/portal\/#website\",\"url\":\"https:\/\/militares.estrategia.com\/portal\/\",\"name\":\"Estrat\u00e9gia Militares\",\"description\":\"\",\"publisher\":{\"@id\":\"https:\/\/militares.estrategia.com\/portal\/#organization\"},\"potentialAction\":[{\"@type\":\"SearchAction\",\"target\":{\"@type\":\"EntryPoint\",\"urlTemplate\":\"https:\/\/militares.estrategia.com\/portal\/?s={search_term_string}\"},\"query-input\":{\"@type\":\"PropertyValueSpecification\",\"valueRequired\":true,\"valueName\":\"search_term_string\"}}],\"inLanguage\":\"pt-BR\"},{\"@type\":\"Organization\",\"@id\":\"https:\/\/militares.estrategia.com\/portal\/#organization\",\"name\":\"Estrat\u00e9gia Militares\",\"url\":\"https:\/\/militares.estrategia.com\/portal\/\",\"logo\":{\"@type\":\"ImageObject\",\"inLanguage\":\"pt-BR\",\"@id\":\"https:\/\/militares.estrategia.com\/portal\/#\/schema\/logo\/image\/\",\"url\":\"https:\/\/militares.estrategia.com\/portal\/wp-content\/uploads\/2021\/10\/logo-militares.webp\",\"contentUrl\":\"https:\/\/militares.estrategia.com\/portal\/wp-content\/uploads\/2021\/10\/logo-militares.webp\",\"width\":346,\"height\":90,\"caption\":\"Estrat\u00e9gia Militares\"},\"image\":{\"@id\":\"https:\/\/militares.estrategia.com\/portal\/#\/schema\/logo\/image\/\"},\"sameAs\":[\"https:\/\/www.facebook.com\/EstrategiaMilitares\",\"https:\/\/x.com\/estrategiamilit\",\"https:\/\/www.instagram.com\/estrategiamilitares\/\",\"https:\/\/www.youtube.com\/channel\/UCRG_9hakCqXxnj_8TqCdgTA\"]},{\"@type\":\"Person\",\"@id\":\"https:\/\/militares.estrategia.com\/portal\/#\/schema\/person\/896181038f5542906e5db6f7db222d7c\",\"name\":\"Estrat\u00e9gia Militares\",\"image\":{\"@type\":\"ImageObject\",\"inLanguage\":\"pt-BR\",\"@id\":\"https:\/\/militares.estrategia.com\/portal\/#\/schema\/person\/image\/\",\"url\":\"https:\/\/militares.estrategia.com\/portal\/wp-content\/uploads\/2021\/10\/favicon-militares-150x150.webp\",\"contentUrl\":\"https:\/\/militares.estrategia.com\/portal\/wp-content\/uploads\/2021\/10\/favicon-militares-150x150.webp\",\"caption\":\"Estrat\u00e9gia Militares\"},\"url\":\"https:\/\/militares.estrategia.com\/portal\/author\/estrategia-militares\/\"}]}<\/script>\n<!-- \/ Yoast SEO Premium plugin. -->","yoast_head_json":{"title":"Cordados: origem, evolu\u00e7\u00e3o e a conquista dos ambientes na terra","description":"Entenda como surgiu e evoluiu o filo dos cordados, abrangendo caracter\u00edsticas, origem e rela\u00e7\u00f5es evolutivas.","robots":{"index":"index","follow":"follow","max-snippet":"max-snippet:-1","max-image-preview":"max-image-preview:large","max-video-preview":"max-video-preview:-1"},"canonical":"https:\/\/militares.estrategia.com\/portal\/materias-e-dicas\/biologia\/cordados-origem-evolucao-e-a-conquista-dos-ambientes-na-terra\/","og_locale":"pt_BR","og_type":"article","og_title":"Cordados: origem, evolu\u00e7\u00e3o e a conquista dos ambientes na terra","og_description":"Entenda como surgiu e evoluiu o filo dos cordados, abrangendo caracter\u00edsticas, origem e rela\u00e7\u00f5es evolutivas.","og_url":"https:\/\/militares.estrategia.com\/portal\/materias-e-dicas\/biologia\/cordados-origem-evolucao-e-a-conquista-dos-ambientes-na-terra\/","og_site_name":"Estrat\u00e9gia Militares","article_publisher":"https:\/\/www.facebook.com\/EstrategiaMilitares","article_published_time":"2025-11-17T12:00:00+00:00","og_image":[{"width":1280,"height":720,"url":"https:\/\/militares.estrategia.com\/portal\/wp-content\/uploads\/2025\/11\/cordados_estrategia.jpg","type":"image\/jpeg"}],"author":"Estrat\u00e9gia Militares","twitter_card":"summary_large_image","twitter_creator":"@estrategiamilit","twitter_site":"@estrategiamilit","twitter_misc":{"Escrito por":"Estrat\u00e9gia Militares","Est. tempo de leitura":"5 minutos"},"schema":{"@context":"https:\/\/schema.org","@graph":[{"@type":"Article","@id":"https:\/\/militares.estrategia.com\/portal\/materias-e-dicas\/biologia\/cordados-origem-evolucao-e-a-conquista-dos-ambientes-na-terra\/#article","isPartOf":{"@id":"https:\/\/militares.estrategia.com\/portal\/materias-e-dicas\/biologia\/cordados-origem-evolucao-e-a-conquista-dos-ambientes-na-terra\/"},"author":{"name":"Estrat\u00e9gia Militares","@id":"https:\/\/militares.estrategia.com\/portal\/#\/schema\/person\/896181038f5542906e5db6f7db222d7c"},"headline":"Cordados: origem, evolu\u00e7\u00e3o e a conquista dos ambientes na terra","datePublished":"2025-11-17T12:00:00+00:00","mainEntityOfPage":{"@id":"https:\/\/militares.estrategia.com\/portal\/materias-e-dicas\/biologia\/cordados-origem-evolucao-e-a-conquista-dos-ambientes-na-terra\/"},"wordCount":980,"publisher":{"@id":"https:\/\/militares.estrategia.com\/portal\/#organization"},"image":{"@id":"https:\/\/militares.estrategia.com\/portal\/materias-e-dicas\/biologia\/cordados-origem-evolucao-e-a-conquista-dos-ambientes-na-terra\/#primaryimage"},"thumbnailUrl":"https:\/\/militares.estrategia.com\/portal\/wp-content\/uploads\/2025\/11\/cordados_estrategia.jpg","articleSection":["Biologia"],"inLanguage":"pt-BR"},{"@type":"WebPage","@id":"https:\/\/militares.estrategia.com\/portal\/materias-e-dicas\/biologia\/cordados-origem-evolucao-e-a-conquista-dos-ambientes-na-terra\/","url":"https:\/\/militares.estrategia.com\/portal\/materias-e-dicas\/biologia\/cordados-origem-evolucao-e-a-conquista-dos-ambientes-na-terra\/","name":"Cordados: origem, evolu\u00e7\u00e3o e a conquista dos ambientes na terra","isPartOf":{"@id":"https:\/\/militares.estrategia.com\/portal\/#website"},"primaryImageOfPage":{"@id":"https:\/\/militares.estrategia.com\/portal\/materias-e-dicas\/biologia\/cordados-origem-evolucao-e-a-conquista-dos-ambientes-na-terra\/#primaryimage"},"image":{"@id":"https:\/\/militares.estrategia.com\/portal\/materias-e-dicas\/biologia\/cordados-origem-evolucao-e-a-conquista-dos-ambientes-na-terra\/#primaryimage"},"thumbnailUrl":"https:\/\/militares.estrategia.com\/portal\/wp-content\/uploads\/2025\/11\/cordados_estrategia.jpg","datePublished":"2025-11-17T12:00:00+00:00","description":"Entenda como surgiu e evoluiu o filo dos cordados, abrangendo caracter\u00edsticas, origem e rela\u00e7\u00f5es evolutivas.","breadcrumb":{"@id":"https:\/\/militares.estrategia.com\/portal\/materias-e-dicas\/biologia\/cordados-origem-evolucao-e-a-conquista-dos-ambientes-na-terra\/#breadcrumb"},"inLanguage":"pt-BR","potentialAction":[{"@type":"ReadAction","target":["https:\/\/militares.estrategia.com\/portal\/materias-e-dicas\/biologia\/cordados-origem-evolucao-e-a-conquista-dos-ambientes-na-terra\/"]}]},{"@type":"ImageObject","inLanguage":"pt-BR","@id":"https:\/\/militares.estrategia.com\/portal\/materias-e-dicas\/biologia\/cordados-origem-evolucao-e-a-conquista-dos-ambientes-na-terra\/#primaryimage","url":"https:\/\/militares.estrategia.com\/portal\/wp-content\/uploads\/2025\/11\/cordados_estrategia.jpg","contentUrl":"https:\/\/militares.estrategia.com\/portal\/wp-content\/uploads\/2025\/11\/cordados_estrategia.jpg","width":1280,"height":720,"caption":"Cordados_estrategia militares"},{"@type":"BreadcrumbList","@id":"https:\/\/militares.estrategia.com\/portal\/materias-e-dicas\/biologia\/cordados-origem-evolucao-e-a-conquista-dos-ambientes-na-terra\/#breadcrumb","itemListElement":[{"@type":"ListItem","position":1,"name":"Home","item":"https:\/\/militares.estrategia.com\/portal\/"},{"@type":"ListItem","position":2,"name":"Mat\u00e9rias e Dicas","item":"https:\/\/militares.estrategia.com\/portal\/materias-e-dicas\/"},{"@type":"ListItem","position":3,"name":"Biologia","item":"https:\/\/militares.estrategia.com\/portal\/materias-e-dicas\/biologia\/"},{"@type":"ListItem","position":4,"name":"Cordados: origem, evolu\u00e7\u00e3o e a conquista dos ambientes na terra"}]},{"@type":"WebSite","@id":"https:\/\/militares.estrategia.com\/portal\/#website","url":"https:\/\/militares.estrategia.com\/portal\/","name":"Estrat\u00e9gia Militares","description":"","publisher":{"@id":"https:\/\/militares.estrategia.com\/portal\/#organization"},"potentialAction":[{"@type":"SearchAction","target":{"@type":"EntryPoint","urlTemplate":"https:\/\/militares.estrategia.com\/portal\/?s={search_term_string}"},"query-input":{"@type":"PropertyValueSpecification","valueRequired":true,"valueName":"search_term_string"}}],"inLanguage":"pt-BR"},{"@type":"Organization","@id":"https:\/\/militares.estrategia.com\/portal\/#organization","name":"Estrat\u00e9gia Militares","url":"https:\/\/militares.estrategia.com\/portal\/","logo":{"@type":"ImageObject","inLanguage":"pt-BR","@id":"https:\/\/militares.estrategia.com\/portal\/#\/schema\/logo\/image\/","url":"https:\/\/militares.estrategia.com\/portal\/wp-content\/uploads\/2021\/10\/logo-militares.webp","contentUrl":"https:\/\/militares.estrategia.com\/portal\/wp-content\/uploads\/2021\/10\/logo-militares.webp","width":346,"height":90,"caption":"Estrat\u00e9gia Militares"},"image":{"@id":"https:\/\/militares.estrategia.com\/portal\/#\/schema\/logo\/image\/"},"sameAs":["https:\/\/www.facebook.com\/EstrategiaMilitares","https:\/\/x.com\/estrategiamilit","https:\/\/www.instagram.com\/estrategiamilitares\/","https:\/\/www.youtube.com\/channel\/UCRG_9hakCqXxnj_8TqCdgTA"]},{"@type":"Person","@id":"https:\/\/militares.estrategia.com\/portal\/#\/schema\/person\/896181038f5542906e5db6f7db222d7c","name":"Estrat\u00e9gia Militares","image":{"@type":"ImageObject","inLanguage":"pt-BR","@id":"https:\/\/militares.estrategia.com\/portal\/#\/schema\/person\/image\/","url":"https:\/\/militares.estrategia.com\/portal\/wp-content\/uploads\/2021\/10\/favicon-militares-150x150.webp","contentUrl":"https:\/\/militares.estrategia.com\/portal\/wp-content\/uploads\/2021\/10\/favicon-militares-150x150.webp","caption":"Estrat\u00e9gia Militares"},"url":"https:\/\/militares.estrategia.com\/portal\/author\/estrategia-militares\/"}]}},"_wl_alt_label":[],"wl:entity_url":"https:\/\/data.wordlift.io\/wl110246\/post\/origem-e-evolucao-dos-cordados-ao-longo-do-tempo-87333","_links":{"self":[{"href":"https:\/\/militares.estrategia.com\/portal\/wp-json\/wp\/v2\/posts\/87333","targetHints":{"allow":["GET"]}}],"collection":[{"href":"https:\/\/militares.estrategia.com\/portal\/wp-json\/wp\/v2\/posts"}],"about":[{"href":"https:\/\/militares.estrategia.com\/portal\/wp-json\/wp\/v2\/types\/post"}],"author":[{"embeddable":true,"href":"https:\/\/militares.estrategia.com\/portal\/wp-json\/wp\/v2\/users\/11"}],"replies":[{"embeddable":true,"href":"https:\/\/militares.estrategia.com\/portal\/wp-json\/wp\/v2\/comments?post=87333"}],"version-history":[{"count":2,"href":"https:\/\/militares.estrategia.com\/portal\/wp-json\/wp\/v2\/posts\/87333\/revisions"}],"predecessor-version":[{"id":92610,"href":"https:\/\/militares.estrategia.com\/portal\/wp-json\/wp\/v2\/posts\/87333\/revisions\/92610"}],"wp:featuredmedia":[{"embeddable":true,"href":"https:\/\/militares.estrategia.com\/portal\/wp-json\/wp\/v2\/media\/93104"}],"wp:attachment":[{"href":"https:\/\/militares.estrategia.com\/portal\/wp-json\/wp\/v2\/media?parent=87333"}],"wp:term":[{"taxonomy":"category","embeddable":true,"href":"https:\/\/militares.estrategia.com\/portal\/wp-json\/wp\/v2\/categories?post=87333"},{"taxonomy":"post_tag","embeddable":true,"href":"https:\/\/militares.estrategia.com\/portal\/wp-json\/wp\/v2\/tags?post=87333"},{"taxonomy":"wl_entity_type","embeddable":true,"href":"https:\/\/militares.estrategia.com\/portal\/wp-json\/wp\/v2\/wl_entity_type?post=87333"}],"curies":[{"name":"wp","href":"https:\/\/api.w.org\/{rel}","templated":true}]}}