{"id":87325,"date":"2025-09-25T20:53:20","date_gmt":"2025-09-25T23:53:20","guid":{"rendered":"https:\/\/militares.estrategia.com\/portal\/?p=87325"},"modified":"2026-03-31T10:52:43","modified_gmt":"2026-03-31T13:52:43","slug":"o-que-e-vocativo-e-como-utiliza-lo-corretamente","status":"publish","type":"post","link":"https:\/\/militares.estrategia.com\/portal\/materias-e-dicas\/portugues\/o-que-e-vocativo-e-como-utiliza-lo-corretamente\/","title":{"rendered":"O que \u00e9 vocativo e como utiliz\u00e1-lo corretamente?"},"content":{"rendered":"\n<p>Voc\u00ea j\u00e1 notou como fazemos chamadas diretas a algu\u00e9m no meio de uma frase, como em <em>\u201cJo\u00e3o, feche a porta\u201d?<\/em> Esse recurso da l\u00edngua portuguesa \u00e9 o vocativo, uma estrutura fundamental para quem deseja dominar a comunica\u00e7\u00e3o escrita e oral.<\/p>\n\n\n\n<p>&nbsp;O vocativo tem a fun\u00e7\u00e3o de chamar ou interpelar algu\u00e9m, sendo um termo isolado na ora\u00e7\u00e3o \u2014 ou seja, n\u00e3o exerce fun\u00e7\u00e3o sint\u00e1tica dentro dela. <\/p>\n\n\n\n<p>Saber identificar e empregar corretamente o vocativo pode ser o diferencial em quest\u00f5es de gram\u00e1tica e interpreta\u00e7\u00e3o, comuns em concursos militares. Neste artigo, voc\u00ea vai aprender como dominar esse conte\u00fado de forma pr\u00e1tica e eficiente.<\/p>\n\n\n<div id=\"new-form\">\n\t<form id=\"forms_layout\">\n\t<input type=\"hidden\" id=\"chave_de\" name=\"chave_de\" value=\"01_EMIL_LEADS_TOTAIS\" \/>\n\t\t<input type=\"hidden\" id=\"mid\" name=\"mid\" value=\"515009017\" \/>\n\t\t<input type=\"hidden\" id=\"Objetivo\" name=\"Objetivo\" value=\"Militares\" \/>\n\t\t<input type=\"hidden\" id=\"Estado_de_Origem_do_IP\" name=\"Estado_de_Origem_do_IP\"  value=\"\" \/>\n\t\t<input type=\"hidden\" id=\"Cidade_de_Origem_do_IP\" name=\"Cidade_de_Origem_do_IP\" value=\"\" \/>\n\t\t<input type=\"hidden\" id=\"Modo_de_entrada\" name=\"Modo_de_entrada\" value=\"Portal\" \/>\n\t\t<input type=\"hidden\" id=\"Pagina_Origem\" name=\"Pagina_Origem\" value=\"\" \/>\n\n\t\t<div class=\"texto\">\n\t\t\t<h3 class=\"news\">Inscreva-se em nossa newsletter!<\/h3>\n\t\t\t<p>Receba not\u00edcias sobre os mais importantes concursos para as For\u00e7as Armadas brasileiras e informa\u00e7\u00f5es sobre o mundo militar!<\/p>\n\t\t<\/div>\n\t\t<div class=\"campos\">\n\t\t\t<div class=\"first_name labels\">\n\t\t\t\t<input type=\"text\" class=\"input_labels\" id=\"first_name\" name=\"Nome_Completo\" placeholder=\"Nome\" required \/>\n\t\t\t<\/div>\n\t\t\t<div class=\"email labels\">\n\t\t\t\t<input type=\"email\" class=\"input_labels\" id=\"email\" name=\"Email\" placeholder=\"E-mail\" required \/>\n\t\t\t<\/div>\n\t\t\t<button type=\"submit\" class=\"button_layout\">\n\t\t\t\t<div id=\"lblBotao\">Inscreva-se<\/div>\n\t\t\t\t<span id=\"divSpiner\" class=\"loader\" role=\"status\" style=\"display: none;\"><\/span>\t\n\t\t\t<\/button>\n\t\t<\/div><!-- \/campos -->\n\t\t\n\t\t<label class=\"container_checkbox\">Voc\u00ea concorda com a nossa\n\t\t\t<a class=\"politics_privacy_ahref\" target=\"_blank\" href=\"https:\/\/gratis.estrategiaconcursos.com.br\/politica-de-privacidade\/\">Pol\u00edtica de Privacidade<\/a> e aceita receber informa\u00e7\u00f5es adicionais do Estrat\u00e9gia Educacional.\n\t\t\t<input id=\"checkbox_layout\" type=\"checkbox\" checked=\"checked\" required \/>\n\t\t\t<span class=\"checkbox\"><\/span>\n\t\t<\/label>\n\t\t<div id=\"msg\"><\/div>\n\t\t<div id=\"error\" class=\"error\">\n\t\t<\/div>\n\t<\/form>\n<\/div><!-- \/new-form -->\n\n\n\n<div id=\"ez-toc-container\" class=\"ez-toc-v2_0_79_2 counter-hierarchy ez-toc-counter ez-toc-transparent ez-toc-container-direction\">\n<div class=\"ez-toc-title-container\"><p class=\"ez-toc-title\" style=\"cursor:inherit\">Navegue pelo conte\u00fado\t<\/p>\n<\/div><nav><ul class='ez-toc-list ez-toc-list-level-1 ' ><li class='ez-toc-page-1 ez-toc-heading-level-2'><a class=\"ez-toc-link ez-toc-heading-1\" href=\"https:\/\/militares.estrategia.com\/portal\/materias-e-dicas\/portugues\/o-que-e-vocativo-e-como-utiliza-lo-corretamente\/#Diferenca-entre-vocativo-e-sujeito-na-oracao\" >Diferen\u00e7a entre vocativo e sujeito na ora\u00e7\u00e3o<\/a><\/li><li class='ez-toc-page-1 ez-toc-heading-level-2'><a class=\"ez-toc-link ez-toc-heading-2\" href=\"https:\/\/militares.estrategia.com\/portal\/materias-e-dicas\/portugues\/o-que-e-vocativo-e-como-utiliza-lo-corretamente\/#Exemplos-de-vocativo-e-sujeito\" >Exemplos de vocativo e sujeito<\/a><\/li><li class='ez-toc-page-1 ez-toc-heading-level-2'><a class=\"ez-toc-link ez-toc-heading-3\" href=\"https:\/\/militares.estrategia.com\/portal\/materias-e-dicas\/portugues\/o-que-e-vocativo-e-como-utiliza-lo-corretamente\/#Teste-seus-conhecimentos\" >Teste seus conhecimentos<\/a><\/li><li class='ez-toc-page-1 ez-toc-heading-level-2'><a class=\"ez-toc-link ez-toc-heading-4\" href=\"https:\/\/militares.estrategia.com\/portal\/materias-e-dicas\/portugues\/o-que-e-vocativo-e-como-utiliza-lo-corretamente\/#Veja-tambem\" >Veja tamb\u00e9m:<\/a><\/li><\/ul><\/nav><\/div>\n<h2 class=\"wp-block-heading\" id=\"h-diferenca-entre-vocativo-e-sujeito-na-oracao\"><span class=\"ez-toc-section\" id=\"Diferenca-entre-vocativo-e-sujeito-na-oracao\"><\/span>Diferen\u00e7a entre vocativo e sujeito na ora\u00e7\u00e3o<span class=\"ez-toc-section-end\"><\/span><\/h2>\n\n\n\n<p>Um dos erros mais comuns entre estudantes \u00e9 confundir o vocativo com o sujeito da ora\u00e7\u00e3o. Embora ambos possam aparecer pr\u00f3ximos na frase, suas fun\u00e7\u00f5es sint\u00e1ticas s\u00e3o completamente distintas.<\/p>\n\n\n\n<h3 class=\"wp-block-heading\" id=\"h-vocativo\">Vocativo<\/h3>\n\n\n\n<p>O vocativo n\u00e3o faz parte da estrutura gramatical da ora\u00e7\u00e3o. Ele \u00e9 um termo isolado, utilizado para chamar, invocar ou se dirigir a algu\u00e9m, seja uma pessoa, um animal, uma entidade ou at\u00e9 mesmo algo personificado. O vocativo n\u00e3o interfere no verbo, nem altera a concord\u00e2ncia verbal. Sua presen\u00e7a \u00e9 mais comunicativa do que sint\u00e1tica.<\/p>\n\n\n\n<p><strong>Exemplo: <\/strong><em>&#8220;Carlos, voc\u00ea estudou para a prova?&#8221;<\/em><\/p>\n\n\n\n<p>(<strong>\u201cCarlos\u201d<\/strong> \u00e9 o vocativo, pois est\u00e1 sendo chamado pelo falante. J\u00e1 o sujeito da ora\u00e7\u00e3o \u00e9 <strong>\u201cvoc\u00ea\u201d<\/strong>, que \u00e9 quem realmente executa a a\u00e7\u00e3o de estudar.)<\/p>\n\n\n\n<p>Esse tipo de constru\u00e7\u00e3o \u00e9 bastante comum, tanto na linguagem coloquial quanto na formal, e mostra como o vocativo pode se inserir no discurso sem alterar a estrutura da ora\u00e7\u00e3o.<\/p>\n\n\n\n<h3 class=\"wp-block-heading\" id=\"h-sujeito\">Sujeito<\/h3>\n\n\n\n<p>O sujeito \u00e9 o termo que realiza a a\u00e7\u00e3o verbal ou recebe o estado descrito pelo verbo. Ele participa diretamente da estrutura da ora\u00e7\u00e3o, influenciando a conjuga\u00e7\u00e3o verbal e o sentido da frase. <\/p>\n\n\n\n<p>Em outras palavras, o sujeito \u00e9 uma pe\u00e7a fundamental do predicado, estando sempre vinculado ao verbo. E o sujeito n\u00e3o costuma ser separado por pontua\u00e7\u00e3o, pois est\u00e1 integrado ao restante da ora\u00e7\u00e3o. Compare:<\/p>\n\n\n\n<p><em>&#8220;Carlos fez a reda\u00e7\u00e3o ontem.&#8221; <\/em>:<em>\u201cCarlos\u201d<\/em> \u00e9 o sujeito da ora\u00e7\u00e3o.<br><\/p>\n\n\n\n<p><strong>Se coloc\u00e1ssemos uma v\u00edrgula antes de <\/strong><strong><em>\u201cfez\u201d<\/em><\/strong><strong>, ter\u00edamos outra leitura:<\/strong><\/p>\n\n\n\n<p><em>&#8220;Carlos, fez a reda\u00e7\u00e3o ontem?&#8221;<\/em>: <em>\u201cCarlos\u201d<\/em> \u00e9 vocativo, e o sujeito pode estar impl\u00edcito (como \u201cvoc\u00ea\u201d, por exemplo).<\/p>\n\n\n\n<h2 class=\"wp-block-heading\" id=\"h-exemplos-de-vocativo-e-sujeito\"><span class=\"ez-toc-section\" id=\"Exemplos-de-vocativo-e-sujeito\"><\/span>Exemplos de vocativo e sujeito<span class=\"ez-toc-section-end\"><\/span><\/h2>\n\n\n\n<p>Veja agora uma s\u00e9rie de exemplos comentados para refor\u00e7ar o que foi aprendido:<\/p>\n\n\n\n<p><em>&#8220;Ana, fecha a janela, por favor.&#8221;<\/em><\/p>\n\n\n\n<ul class=\"wp-block-list\">\n<li><em>vocativo:<\/em> \u201cAna\u201d.<\/li>\n\n\n\n<li><em>sujeito:<\/em> sujeito oculto (impl\u00edcito \u2013 \u201cvoc\u00ea\u201d).<br><strong><em>\u2192 Ana est\u00e1 sendo chamada; quem deve fechar a janela \u00e9 \u201cvoc\u00ea\u201d<\/em><\/strong>.<br><\/li>\n<\/ul>\n\n\n\n<p><em>&#8220;Amigos, sejam bem-vindos!&#8221;<\/em><\/p>\n\n\n\n<ul class=\"wp-block-list\">\n<li><em>vocativo:<\/em> \u201cAmigos\u201d.<\/li>\n\n\n\n<li>s<em>ujeito:<\/em> sujeito oculto (impl\u00edcito \u2013 \u201cvoc\u00eas\u201d).<br><strong><em>\u2192 Os amigos est\u00e3o sendo recepcionados, mas n\u00e3o s\u00e3o o sujeito da ora\u00e7\u00e3o.<\/em><\/strong><strong><em><br><\/em><\/strong><\/li>\n<\/ul>\n\n\n\n<p><strong>&#8220;Maria chegou cedo.&#8221;<\/strong><\/p>\n\n\n\n<ul class=\"wp-block-list\">\n<li>s<em>ujeito:<\/em> \u201cMaria\u201d<\/li>\n\n\n\n<li>N\u00e3o h\u00e1 vocativo.<\/li>\n\n\n\n<li>A frase informa sobre a a\u00e7\u00e3o de Maria, sem cham\u00e1-la.<br><\/li>\n<\/ul>\n\n\n\n<p>Mesmo com o conhecimento te\u00f3rico, alguns casos podem gerar d\u00favidas na pr\u00e1tica, principalmente quando o vocativo \u00e9 um nome que tamb\u00e9m poderia ser o sujeito da ora\u00e7\u00e3o.<\/p>\n\n\n\n<p>Isso acontece com frequ\u00eancia em frases curtas, em que o contexto \u00e9 essencial para interpretar corretamente a fun\u00e7\u00e3o de cada termo. Nesses casos, a pontua\u00e7\u00e3o continua sendo o fator decisivo para evitar ambiguidade.<\/p>\n\n\n\n<p>Sempre que surgir a d\u00favida: \u201cEsse nome \u00e9 sujeito ou vocativo?\u201d, fa\u00e7a duas perguntas simples:<\/p>\n\n\n\n<ul class=\"wp-block-list\">\n<li>quem executa a a\u00e7\u00e3o do verbo? (Se for o nome, \u00e9 o sujeito.)<br><\/li>\n\n\n\n<li>esse nome est\u00e1 sendo apenas chamado ou invocado? (Se sim, \u00e9 vocativo.)<br><\/li>\n<\/ul>\n\n\n\n<p>E lembre-se: a v\u00edrgula \u00e9 um forte ind\u00edcio da presen\u00e7a do vocativo, mas o contexto sempre precisa ser considerado.&nbsp;<\/p>\n\n\n\n<h2 class=\"wp-block-heading\" id=\"h-teste-seus-conhecimentos\"><span class=\"ez-toc-section\" id=\"Teste-seus-conhecimentos\"><\/span>Teste seus conhecimentos<span class=\"ez-toc-section-end\"><\/span><\/h2>\n\n\n\n<p>Teste seus conhecimentos sobre o vocativo com a quest\u00e3o a seguir. Encontre esta e muitas outras quest\u00f5es comentadas no <a href=\"https:\/\/militares.estrategia.com\/concursos\/cursos\/banco-de-questoes\" target=\"_blank\" >Banco de Quest\u00f5es do Estrat\u00e9gia Militares<\/a>. <a href=\"https:\/\/militares.estrategia.com\/public\/questoes\/Leia-periodo-seguir23df5f1ee6\/\">Confira essa quest\u00e3o do Simulado EEAR-2023.<\/a><\/p>\n\n\n\n<figure class=\"wp-block-image\"><img decoding=\"async\" src=\"https:\/\/lh7-rt.googleusercontent.com\/docsz\/AD_4nXeI-x6EuPeo5RgtOEn7bP7FEukWzC6uYNBYx5xTxgRUvHGQtRtDtigfFyCXltnx-Mx0rE556sqx0AEHsm1eP0hODatbCuc7ZFBDfa5B580iP1f6KcbaWqipbbm6MqsH7WuTvX-C?key=0y81VzGxnkNY-mMNr-sTuw\" alt=\"\"\/><\/figure>\n\n\n\n<p>ALTERNATIVA: C<\/p>\n\n\n\n<p>Para resolu\u00e7\u00e3o completa da quest\u00e3o: <a href=\"https:\/\/militares.estrategia.com\/public\/questoes\/Leia-periodo-seguir23df5f1ee6\/\">clique aqui.<\/a><\/p>\n\n\n\n<h2 class=\"wp-block-heading\" id=\"h-veja-tambem\"><span class=\"ez-toc-section\" id=\"Veja-tambem\"><\/span>Veja tamb\u00e9m:<span class=\"ez-toc-section-end\"><\/span><\/h2>\n\n\n\n<ul class=\"wp-block-list\">\n<li><a href=\"https:\/\/militares.estrategia.com\/portal\/materias-e-dicas\/portugues\/tipos-e-generos-textuais\/\">Tipos e G\u00eaneros Textuais: entenda a diferen\u00e7a<\/a><\/li>\n\n\n\n<li><a href=\"https:\/\/militares.estrategia.com\/portal\/materias-e-dicas\/portugues\/sinais-de-pontuacao\/\">Sinais de pontua\u00e7\u00e3o: saiba como us\u00e1-los<\/a><\/li>\n\n\n\n<li><a href=\"https:\/\/militares.estrategia.com\/portal\/materias-e-dicas\/portugues\/verbos-irregulares\/\">Dica de portugu\u00eas: aprenda a conjugar os verbos irregulares<\/a><\/li>\n\n\n\n<li><a href=\"https:\/\/militares.estrategia.com\/portal\/materias-e-dicas\/portugues\/fonetica-e-fonologia\/\">Fon\u00e9tica e Fonologia: o estudo dos fonemas<\/a><\/li>\n\n\n\n<li><a href=\"https:\/\/militares.estrategia.com\/portal\/materias-e-dicas\/portugues\/portugues-semantica\/\">Entendendo Portugu\u00eas: Sem\u00e2ntica<\/a><\/li>\n\n\n\n<li><a href=\"https:\/\/militares.estrategia.com\/portal\/materias-e-dicas\/portugues\/portugues-termos-basicos\/\">Estudando Portugu\u00eas: conhe\u00e7a os termos b\u00e1sicos<\/a><\/li>\n\n\n\n<li><a href=\"https:\/\/militares.estrategia.com\/portal\/materias-e-dicas\/redacao\/como-analisar-os-textos-de-apoio\/\">Reda\u00e7\u00e3o: como analisar os textos de apoio<\/a><\/li>\n\n\n\n<li><a href=\"https:\/\/militares.estrategia.com\/portal\/materias-e-dicas\/portugues\/conheca-homonimos-e-paronimos\/\">Conhe\u00e7a os Hom\u00f4nimos e os Par\u00f4nimos<\/a><\/li>\n\n\n\n<li><a href=\"https:\/\/militares.estrategia.com\/portal\/materias-e-dicas\/portugues\/o-que-sao-hiperonimos-e-hiponimos\/\">O que s\u00e3o Hiper\u00f4nimos e Hip\u00f4nimos<\/a><\/li>\n\n\n\n<li><a href=\"https:\/\/militares.estrategia.com\/portal\/materias-e-dicas\/portugues\/morfologia-saiba-o-que-sao-os-pronomes-e-como-sao-classificados\/\">Morfologia: saiba o que s\u00e3o os pronomes e como s\u00e3o classificados!<\/a><\/li>\n\n\n\n<li><a href=\"https:\/\/militares.estrategia.com\/portal\/materias-e-dicas\/portugues\/adverbios\/\">Adv\u00e9rbios: conhe\u00e7a suas classifica\u00e7\u00f5es e saiba flexion\u00e1-lo<\/a><\/li>\n\n\n\n<li><a href=\"https:\/\/militares.estrategia.com\/portal\/materias-e-dicas\/portugues\/fonologia-digrafo-encontros-vocalicos-e-mais\/\">Fonologia: d\u00edgrafo, encontros voc\u00e1licos e mais!<\/a><\/li>\n<\/ul>\n\n\n","protected":false},"excerpt":{"rendered":"Entenda o que \u00e9 vocativo, como us\u00e1-lo corretamente nas frases e veja exemplos claros do seu uso na l\u00edngua portuguesa.\n","protected":false},"author":11,"featured_media":87662,"comment_status":"closed","ping_status":"closed","sticky":false,"template":"","format":"standard","meta":{"wl_entities_gutenberg":"","footnotes":""},"categories":[32],"tags":[64,162,161,167,271],"wl_entity_type":[187],"class_list":{"0":"post-87325","1":"post","2":"type-post","3":"status-publish","4":"format-standard","5":"has-post-thumbnail","7":"category-portugues","8":"tag-marinhadobrasil","9":"tag-carreiramilitar","10":"tag-concursosmilitares","11":"tag-exercito","12":"tag-fab","13":"wl_entity_type-article"},"acf":[],"yoast_head":"<!-- This site is optimized with the Yoast SEO Premium plugin v26.6 (Yoast SEO v26.6) - https:\/\/yoast.com\/wordpress\/plugins\/seo\/ -->\n<title>O que \u00e9 vocativo e como utiliz\u00e1-lo corretamente?<\/title>\n<meta name=\"description\" content=\"Entenda o que \u00e9 vocativo, como us\u00e1-lo corretamente nas frases e veja exemplos claros do seu uso na l\u00edngua portuguesa.\" \/>\n<meta name=\"robots\" content=\"index, follow, max-snippet:-1, max-image-preview:large, max-video-preview:-1\" \/>\n<link rel=\"canonical\" href=\"https:\/\/militares.estrategia.com\/portal\/materias-e-dicas\/portugues\/o-que-e-vocativo-e-como-utiliza-lo-corretamente\/\" \/>\n<meta property=\"og:locale\" content=\"pt_BR\" \/>\n<meta property=\"og:type\" content=\"article\" \/>\n<meta property=\"og:title\" content=\"O que \u00e9 vocativo e como utiliz\u00e1-lo corretamente?\" \/>\n<meta property=\"og:description\" content=\"Entenda o que \u00e9 vocativo, como us\u00e1-lo corretamente nas frases e veja exemplos claros do seu uso na l\u00edngua portuguesa.\" \/>\n<meta property=\"og:url\" content=\"https:\/\/militares.estrategia.com\/portal\/materias-e-dicas\/portugues\/o-que-e-vocativo-e-como-utiliza-lo-corretamente\/\" \/>\n<meta property=\"og:site_name\" content=\"Estrat\u00e9gia Militares\" \/>\n<meta property=\"article:publisher\" content=\"https:\/\/www.facebook.com\/EstrategiaMilitares\" \/>\n<meta property=\"article:published_time\" content=\"2025-09-25T23:53:20+00:00\" \/>\n<meta property=\"article:modified_time\" content=\"2026-03-31T13:52:43+00:00\" \/>\n<meta property=\"og:image\" content=\"https:\/\/militares.estrategia.com\/portal\/wp-content\/uploads\/2025\/07\/Capas-de-Posts-Estrategia-3-1.jpg\" \/>\n\t<meta property=\"og:image:width\" content=\"1280\" \/>\n\t<meta property=\"og:image:height\" content=\"720\" \/>\n\t<meta property=\"og:image:type\" content=\"image\/jpeg\" \/>\n<meta name=\"author\" content=\"Estrat\u00e9gia Militares\" \/>\n<meta name=\"twitter:card\" content=\"summary_large_image\" \/>\n<meta name=\"twitter:creator\" content=\"@estrategiamilit\" \/>\n<meta name=\"twitter:site\" content=\"@estrategiamilit\" \/>\n<meta name=\"twitter:label1\" content=\"Escrito por\" \/>\n\t<meta name=\"twitter:data1\" content=\"Estrat\u00e9gia Militares\" \/>\n\t<meta name=\"twitter:label2\" content=\"Est. tempo de leitura\" \/>\n\t<meta name=\"twitter:data2\" content=\"4 minutos\" \/>\n<script type=\"application\/ld+json\" class=\"yoast-schema-graph\">{\"@context\":\"https:\/\/schema.org\",\"@graph\":[{\"@type\":\"Article\",\"@id\":\"https:\/\/militares.estrategia.com\/portal\/materias-e-dicas\/portugues\/o-que-e-vocativo-e-como-utiliza-lo-corretamente\/#article\",\"isPartOf\":{\"@id\":\"https:\/\/militares.estrategia.com\/portal\/materias-e-dicas\/portugues\/o-que-e-vocativo-e-como-utiliza-lo-corretamente\/\"},\"author\":{\"name\":\"Estrat\u00e9gia Militares\",\"@id\":\"https:\/\/militares.estrategia.com\/portal\/#\/schema\/person\/896181038f5542906e5db6f7db222d7c\"},\"headline\":\"O que \u00e9 vocativo e como utiliz\u00e1-lo corretamente?\",\"datePublished\":\"2025-09-25T23:53:20+00:00\",\"dateModified\":\"2026-03-31T13:52:43+00:00\",\"mainEntityOfPage\":{\"@id\":\"https:\/\/militares.estrategia.com\/portal\/materias-e-dicas\/portugues\/o-que-e-vocativo-e-como-utiliza-lo-corretamente\/\"},\"wordCount\":785,\"publisher\":{\"@id\":\"https:\/\/militares.estrategia.com\/portal\/#organization\"},\"image\":{\"@id\":\"https:\/\/militares.estrategia.com\/portal\/materias-e-dicas\/portugues\/o-que-e-vocativo-e-como-utiliza-lo-corretamente\/#primaryimage\"},\"thumbnailUrl\":\"https:\/\/militares.estrategia.com\/portal\/wp-content\/uploads\/2025\/07\/Capas-de-Posts-Estrategia-3-1.jpg\",\"keywords\":[\"#marinhadobrasil\",\"carreiramilitar\",\"ConcursosMilitares\",\"Ex\u00e9rcito\",\"FAB\"],\"articleSection\":[\"Portugu\u00eas\"],\"inLanguage\":\"pt-BR\"},{\"@type\":\"WebPage\",\"@id\":\"https:\/\/militares.estrategia.com\/portal\/materias-e-dicas\/portugues\/o-que-e-vocativo-e-como-utiliza-lo-corretamente\/\",\"url\":\"https:\/\/militares.estrategia.com\/portal\/materias-e-dicas\/portugues\/o-que-e-vocativo-e-como-utiliza-lo-corretamente\/\",\"name\":\"O que \u00e9 vocativo e como utiliz\u00e1-lo corretamente?\",\"isPartOf\":{\"@id\":\"https:\/\/militares.estrategia.com\/portal\/#website\"},\"primaryImageOfPage\":{\"@id\":\"https:\/\/militares.estrategia.com\/portal\/materias-e-dicas\/portugues\/o-que-e-vocativo-e-como-utiliza-lo-corretamente\/#primaryimage\"},\"image\":{\"@id\":\"https:\/\/militares.estrategia.com\/portal\/materias-e-dicas\/portugues\/o-que-e-vocativo-e-como-utiliza-lo-corretamente\/#primaryimage\"},\"thumbnailUrl\":\"https:\/\/militares.estrategia.com\/portal\/wp-content\/uploads\/2025\/07\/Capas-de-Posts-Estrategia-3-1.jpg\",\"datePublished\":\"2025-09-25T23:53:20+00:00\",\"dateModified\":\"2026-03-31T13:52:43+00:00\",\"description\":\"Entenda o que \u00e9 vocativo, como us\u00e1-lo corretamente nas frases e veja exemplos claros do seu uso na l\u00edngua portuguesa.\",\"breadcrumb\":{\"@id\":\"https:\/\/militares.estrategia.com\/portal\/materias-e-dicas\/portugues\/o-que-e-vocativo-e-como-utiliza-lo-corretamente\/#breadcrumb\"},\"inLanguage\":\"pt-BR\",\"potentialAction\":[{\"@type\":\"ReadAction\",\"target\":[\"https:\/\/militares.estrategia.com\/portal\/materias-e-dicas\/portugues\/o-que-e-vocativo-e-como-utiliza-lo-corretamente\/\"]}]},{\"@type\":\"ImageObject\",\"inLanguage\":\"pt-BR\",\"@id\":\"https:\/\/militares.estrategia.com\/portal\/materias-e-dicas\/portugues\/o-que-e-vocativo-e-como-utiliza-lo-corretamente\/#primaryimage\",\"url\":\"https:\/\/militares.estrategia.com\/portal\/wp-content\/uploads\/2025\/07\/Capas-de-Posts-Estrategia-3-1.jpg\",\"contentUrl\":\"https:\/\/militares.estrategia.com\/portal\/wp-content\/uploads\/2025\/07\/Capas-de-Posts-Estrategia-3-1.jpg\",\"width\":1280,\"height\":720},{\"@type\":\"BreadcrumbList\",\"@id\":\"https:\/\/militares.estrategia.com\/portal\/materias-e-dicas\/portugues\/o-que-e-vocativo-e-como-utiliza-lo-corretamente\/#breadcrumb\",\"itemListElement\":[{\"@type\":\"ListItem\",\"position\":1,\"name\":\"Home\",\"item\":\"https:\/\/militares.estrategia.com\/portal\/\"},{\"@type\":\"ListItem\",\"position\":2,\"name\":\"Mat\u00e9rias e Dicas\",\"item\":\"https:\/\/militares.estrategia.com\/portal\/materias-e-dicas\/\"},{\"@type\":\"ListItem\",\"position\":3,\"name\":\"Portugu\u00eas\",\"item\":\"https:\/\/militares.estrategia.com\/portal\/materias-e-dicas\/portugues\/\"},{\"@type\":\"ListItem\",\"position\":4,\"name\":\"O que \u00e9 vocativo e como utiliz\u00e1-lo corretamente?\"}]},{\"@type\":\"WebSite\",\"@id\":\"https:\/\/militares.estrategia.com\/portal\/#website\",\"url\":\"https:\/\/militares.estrategia.com\/portal\/\",\"name\":\"Estrat\u00e9gia Militares\",\"description\":\"\",\"publisher\":{\"@id\":\"https:\/\/militares.estrategia.com\/portal\/#organization\"},\"potentialAction\":[{\"@type\":\"SearchAction\",\"target\":{\"@type\":\"EntryPoint\",\"urlTemplate\":\"https:\/\/militares.estrategia.com\/portal\/?s={search_term_string}\"},\"query-input\":{\"@type\":\"PropertyValueSpecification\",\"valueRequired\":true,\"valueName\":\"search_term_string\"}}],\"inLanguage\":\"pt-BR\"},{\"@type\":\"Organization\",\"@id\":\"https:\/\/militares.estrategia.com\/portal\/#organization\",\"name\":\"Estrat\u00e9gia Militares\",\"url\":\"https:\/\/militares.estrategia.com\/portal\/\",\"logo\":{\"@type\":\"ImageObject\",\"inLanguage\":\"pt-BR\",\"@id\":\"https:\/\/militares.estrategia.com\/portal\/#\/schema\/logo\/image\/\",\"url\":\"https:\/\/militares.estrategia.com\/portal\/wp-content\/uploads\/2021\/10\/logo-militares.webp\",\"contentUrl\":\"https:\/\/militares.estrategia.com\/portal\/wp-content\/uploads\/2021\/10\/logo-militares.webp\",\"width\":346,\"height\":90,\"caption\":\"Estrat\u00e9gia Militares\"},\"image\":{\"@id\":\"https:\/\/militares.estrategia.com\/portal\/#\/schema\/logo\/image\/\"},\"sameAs\":[\"https:\/\/www.facebook.com\/EstrategiaMilitares\",\"https:\/\/x.com\/estrategiamilit\",\"https:\/\/www.instagram.com\/estrategiamilitares\/\",\"https:\/\/www.youtube.com\/channel\/UCRG_9hakCqXxnj_8TqCdgTA\"]},{\"@type\":\"Person\",\"@id\":\"https:\/\/militares.estrategia.com\/portal\/#\/schema\/person\/896181038f5542906e5db6f7db222d7c\",\"name\":\"Estrat\u00e9gia Militares\",\"image\":{\"@type\":\"ImageObject\",\"inLanguage\":\"pt-BR\",\"@id\":\"https:\/\/militares.estrategia.com\/portal\/#\/schema\/person\/image\/\",\"url\":\"https:\/\/militares.estrategia.com\/portal\/wp-content\/uploads\/2021\/10\/favicon-militares-150x150.webp\",\"contentUrl\":\"https:\/\/militares.estrategia.com\/portal\/wp-content\/uploads\/2021\/10\/favicon-militares-150x150.webp\",\"caption\":\"Estrat\u00e9gia Militares\"},\"url\":\"https:\/\/militares.estrategia.com\/portal\/author\/estrategia-militares\/\"}]}<\/script>\n<!-- \/ Yoast SEO Premium plugin. -->","yoast_head_json":{"title":"O que \u00e9 vocativo e como utiliz\u00e1-lo corretamente?","description":"Entenda o que \u00e9 vocativo, como us\u00e1-lo corretamente nas frases e veja exemplos claros do seu uso na l\u00edngua portuguesa.","robots":{"index":"index","follow":"follow","max-snippet":"max-snippet:-1","max-image-preview":"max-image-preview:large","max-video-preview":"max-video-preview:-1"},"canonical":"https:\/\/militares.estrategia.com\/portal\/materias-e-dicas\/portugues\/o-que-e-vocativo-e-como-utiliza-lo-corretamente\/","og_locale":"pt_BR","og_type":"article","og_title":"O que \u00e9 vocativo e como utiliz\u00e1-lo corretamente?","og_description":"Entenda o que \u00e9 vocativo, como us\u00e1-lo corretamente nas frases e veja exemplos claros do seu uso na l\u00edngua portuguesa.","og_url":"https:\/\/militares.estrategia.com\/portal\/materias-e-dicas\/portugues\/o-que-e-vocativo-e-como-utiliza-lo-corretamente\/","og_site_name":"Estrat\u00e9gia Militares","article_publisher":"https:\/\/www.facebook.com\/EstrategiaMilitares","article_published_time":"2025-09-25T23:53:20+00:00","article_modified_time":"2026-03-31T13:52:43+00:00","og_image":[{"width":1280,"height":720,"url":"https:\/\/militares.estrategia.com\/portal\/wp-content\/uploads\/2025\/07\/Capas-de-Posts-Estrategia-3-1.jpg","type":"image\/jpeg"}],"author":"Estrat\u00e9gia Militares","twitter_card":"summary_large_image","twitter_creator":"@estrategiamilit","twitter_site":"@estrategiamilit","twitter_misc":{"Escrito por":"Estrat\u00e9gia Militares","Est. tempo de leitura":"4 minutos"},"schema":{"@context":"https:\/\/schema.org","@graph":[{"@type":"Article","@id":"https:\/\/militares.estrategia.com\/portal\/materias-e-dicas\/portugues\/o-que-e-vocativo-e-como-utiliza-lo-corretamente\/#article","isPartOf":{"@id":"https:\/\/militares.estrategia.com\/portal\/materias-e-dicas\/portugues\/o-que-e-vocativo-e-como-utiliza-lo-corretamente\/"},"author":{"name":"Estrat\u00e9gia Militares","@id":"https:\/\/militares.estrategia.com\/portal\/#\/schema\/person\/896181038f5542906e5db6f7db222d7c"},"headline":"O que \u00e9 vocativo e como utiliz\u00e1-lo corretamente?","datePublished":"2025-09-25T23:53:20+00:00","dateModified":"2026-03-31T13:52:43+00:00","mainEntityOfPage":{"@id":"https:\/\/militares.estrategia.com\/portal\/materias-e-dicas\/portugues\/o-que-e-vocativo-e-como-utiliza-lo-corretamente\/"},"wordCount":785,"publisher":{"@id":"https:\/\/militares.estrategia.com\/portal\/#organization"},"image":{"@id":"https:\/\/militares.estrategia.com\/portal\/materias-e-dicas\/portugues\/o-que-e-vocativo-e-como-utiliza-lo-corretamente\/#primaryimage"},"thumbnailUrl":"https:\/\/militares.estrategia.com\/portal\/wp-content\/uploads\/2025\/07\/Capas-de-Posts-Estrategia-3-1.jpg","keywords":["#marinhadobrasil","carreiramilitar","ConcursosMilitares","Ex\u00e9rcito","FAB"],"articleSection":["Portugu\u00eas"],"inLanguage":"pt-BR"},{"@type":"WebPage","@id":"https:\/\/militares.estrategia.com\/portal\/materias-e-dicas\/portugues\/o-que-e-vocativo-e-como-utiliza-lo-corretamente\/","url":"https:\/\/militares.estrategia.com\/portal\/materias-e-dicas\/portugues\/o-que-e-vocativo-e-como-utiliza-lo-corretamente\/","name":"O que \u00e9 vocativo e como utiliz\u00e1-lo corretamente?","isPartOf":{"@id":"https:\/\/militares.estrategia.com\/portal\/#website"},"primaryImageOfPage":{"@id":"https:\/\/militares.estrategia.com\/portal\/materias-e-dicas\/portugues\/o-que-e-vocativo-e-como-utiliza-lo-corretamente\/#primaryimage"},"image":{"@id":"https:\/\/militares.estrategia.com\/portal\/materias-e-dicas\/portugues\/o-que-e-vocativo-e-como-utiliza-lo-corretamente\/#primaryimage"},"thumbnailUrl":"https:\/\/militares.estrategia.com\/portal\/wp-content\/uploads\/2025\/07\/Capas-de-Posts-Estrategia-3-1.jpg","datePublished":"2025-09-25T23:53:20+00:00","dateModified":"2026-03-31T13:52:43+00:00","description":"Entenda o que \u00e9 vocativo, como us\u00e1-lo corretamente nas frases e veja exemplos claros do seu uso na l\u00edngua portuguesa.","breadcrumb":{"@id":"https:\/\/militares.estrategia.com\/portal\/materias-e-dicas\/portugues\/o-que-e-vocativo-e-como-utiliza-lo-corretamente\/#breadcrumb"},"inLanguage":"pt-BR","potentialAction":[{"@type":"ReadAction","target":["https:\/\/militares.estrategia.com\/portal\/materias-e-dicas\/portugues\/o-que-e-vocativo-e-como-utiliza-lo-corretamente\/"]}]},{"@type":"ImageObject","inLanguage":"pt-BR","@id":"https:\/\/militares.estrategia.com\/portal\/materias-e-dicas\/portugues\/o-que-e-vocativo-e-como-utiliza-lo-corretamente\/#primaryimage","url":"https:\/\/militares.estrategia.com\/portal\/wp-content\/uploads\/2025\/07\/Capas-de-Posts-Estrategia-3-1.jpg","contentUrl":"https:\/\/militares.estrategia.com\/portal\/wp-content\/uploads\/2025\/07\/Capas-de-Posts-Estrategia-3-1.jpg","width":1280,"height":720},{"@type":"BreadcrumbList","@id":"https:\/\/militares.estrategia.com\/portal\/materias-e-dicas\/portugues\/o-que-e-vocativo-e-como-utiliza-lo-corretamente\/#breadcrumb","itemListElement":[{"@type":"ListItem","position":1,"name":"Home","item":"https:\/\/militares.estrategia.com\/portal\/"},{"@type":"ListItem","position":2,"name":"Mat\u00e9rias e Dicas","item":"https:\/\/militares.estrategia.com\/portal\/materias-e-dicas\/"},{"@type":"ListItem","position":3,"name":"Portugu\u00eas","item":"https:\/\/militares.estrategia.com\/portal\/materias-e-dicas\/portugues\/"},{"@type":"ListItem","position":4,"name":"O que \u00e9 vocativo e como utiliz\u00e1-lo corretamente?"}]},{"@type":"WebSite","@id":"https:\/\/militares.estrategia.com\/portal\/#website","url":"https:\/\/militares.estrategia.com\/portal\/","name":"Estrat\u00e9gia Militares","description":"","publisher":{"@id":"https:\/\/militares.estrategia.com\/portal\/#organization"},"potentialAction":[{"@type":"SearchAction","target":{"@type":"EntryPoint","urlTemplate":"https:\/\/militares.estrategia.com\/portal\/?s={search_term_string}"},"query-input":{"@type":"PropertyValueSpecification","valueRequired":true,"valueName":"search_term_string"}}],"inLanguage":"pt-BR"},{"@type":"Organization","@id":"https:\/\/militares.estrategia.com\/portal\/#organization","name":"Estrat\u00e9gia Militares","url":"https:\/\/militares.estrategia.com\/portal\/","logo":{"@type":"ImageObject","inLanguage":"pt-BR","@id":"https:\/\/militares.estrategia.com\/portal\/#\/schema\/logo\/image\/","url":"https:\/\/militares.estrategia.com\/portal\/wp-content\/uploads\/2021\/10\/logo-militares.webp","contentUrl":"https:\/\/militares.estrategia.com\/portal\/wp-content\/uploads\/2021\/10\/logo-militares.webp","width":346,"height":90,"caption":"Estrat\u00e9gia Militares"},"image":{"@id":"https:\/\/militares.estrategia.com\/portal\/#\/schema\/logo\/image\/"},"sameAs":["https:\/\/www.facebook.com\/EstrategiaMilitares","https:\/\/x.com\/estrategiamilit","https:\/\/www.instagram.com\/estrategiamilitares\/","https:\/\/www.youtube.com\/channel\/UCRG_9hakCqXxnj_8TqCdgTA"]},{"@type":"Person","@id":"https:\/\/militares.estrategia.com\/portal\/#\/schema\/person\/896181038f5542906e5db6f7db222d7c","name":"Estrat\u00e9gia Militares","image":{"@type":"ImageObject","inLanguage":"pt-BR","@id":"https:\/\/militares.estrategia.com\/portal\/#\/schema\/person\/image\/","url":"https:\/\/militares.estrategia.com\/portal\/wp-content\/uploads\/2021\/10\/favicon-militares-150x150.webp","contentUrl":"https:\/\/militares.estrategia.com\/portal\/wp-content\/uploads\/2021\/10\/favicon-militares-150x150.webp","caption":"Estrat\u00e9gia Militares"},"url":"https:\/\/militares.estrategia.com\/portal\/author\/estrategia-militares\/"}]}},"_wl_alt_label":[],"wl:entity_url":"https:\/\/data.wordlift.io\/wl110246\/post\/o-que-e-vocativo-e-como-utiliza-lo-corretamente-87325","_links":{"self":[{"href":"https:\/\/militares.estrategia.com\/portal\/wp-json\/wp\/v2\/posts\/87325","targetHints":{"allow":["GET"]}}],"collection":[{"href":"https:\/\/militares.estrategia.com\/portal\/wp-json\/wp\/v2\/posts"}],"about":[{"href":"https:\/\/militares.estrategia.com\/portal\/wp-json\/wp\/v2\/types\/post"}],"author":[{"embeddable":true,"href":"https:\/\/militares.estrategia.com\/portal\/wp-json\/wp\/v2\/users\/11"}],"replies":[{"embeddable":true,"href":"https:\/\/militares.estrategia.com\/portal\/wp-json\/wp\/v2\/comments?post=87325"}],"version-history":[{"count":5,"href":"https:\/\/militares.estrategia.com\/portal\/wp-json\/wp\/v2\/posts\/87325\/revisions"}],"predecessor-version":[{"id":97405,"href":"https:\/\/militares.estrategia.com\/portal\/wp-json\/wp\/v2\/posts\/87325\/revisions\/97405"}],"wp:featuredmedia":[{"embeddable":true,"href":"https:\/\/militares.estrategia.com\/portal\/wp-json\/wp\/v2\/media\/87662"}],"wp:attachment":[{"href":"https:\/\/militares.estrategia.com\/portal\/wp-json\/wp\/v2\/media?parent=87325"}],"wp:term":[{"taxonomy":"category","embeddable":true,"href":"https:\/\/militares.estrategia.com\/portal\/wp-json\/wp\/v2\/categories?post=87325"},{"taxonomy":"post_tag","embeddable":true,"href":"https:\/\/militares.estrategia.com\/portal\/wp-json\/wp\/v2\/tags?post=87325"},{"taxonomy":"wl_entity_type","embeddable":true,"href":"https:\/\/militares.estrategia.com\/portal\/wp-json\/wp\/v2\/wl_entity_type?post=87325"}],"curies":[{"name":"wp","href":"https:\/\/api.w.org\/{rel}","templated":true}]}}