{"id":86745,"date":"2025-06-25T18:40:57","date_gmt":"2025-06-25T21:40:57","guid":{"rendered":"https:\/\/militares.estrategia.com\/portal\/?p=86745"},"modified":"2025-06-26T12:00:24","modified_gmt":"2025-06-26T15:00:24","slug":"professor-do-estrategia-e-um-dos-100-prodigios-do-mundo","status":"publish","type":"post","link":"https:\/\/militares.estrategia.com\/portal\/qg-aprovado\/entrevistas\/professor-do-estrategia-e-um-dos-100-prodigios-do-mundo\/","title":{"rendered":"Professor do Estrat\u00e9gia \u00e9 um dos 100 prod\u00edgios do mundo"},"content":{"rendered":"\n<p>Imagina voc\u00ea, ainda na adolesc\u00eancia, j\u00e1 ter passado <strong>cinco vezes no vestibular para medicina<\/strong>, al\u00e9m de outros cursos nas universidades mais importantes do pa\u00eds. Mas n\u00e3o s\u00f3, tamb\u00e9m ter <strong>passado em diversos Concursos Militares<\/strong>, tendo inclusive gabaritado. E com 16 anos j\u00e1 estar cursando Direito e Matem\u00e1tica ao mesmo tempo. Ainda tem f\u00f4lego? Pois imagina voc\u00ea, al\u00e9m de tudo isso, colecionar <strong>pr\u00eamios nacionais e internacionais<\/strong>.&nbsp;<\/p>\n\n\n\n<p>Imposs\u00edvel? Talvez porque voc\u00ea ainda n\u00e3o conhe\u00e7a <strong>Caio Martins Temponi do Valle<\/strong>, menino prod\u00edgio que obteve tamanhas conquistas enquanto a maioria dos jovens da sua idade mal haviam sa\u00eddo do ensino fundamental. E em 2025 ele colocar\u00e1 mais um trof\u00e9u na estante: Caio <strong>foi escolhido um dos 100 jovens prod\u00edgios do mundo pelo Global Child Prodigy Awards<\/strong>.<\/p>\n\n\n\n<p>Mas voc\u00ea, que \u00e9 um Coruja, j\u00e1 est\u00e1 acostumado a ter aulas com ele. Pois <strong>Caio Temponi \u00e9 professor do Estrat\u00e9gia Militares<\/strong>, al\u00e9m de mentor e ex-aluno. Neste artigo, voc\u00ea vai conhecer mais sobre a sua trajet\u00f3ria inspiradora e suas <strong>dicas vencedoras para quem, como ele, quer alcan\u00e7ar seus sonhos.<\/strong><\/p>\n\n\n<div id=\"new-form\">\n\t<form id=\"forms_layout\">\n\t<input type=\"hidden\" id=\"chave_de\" name=\"chave_de\" value=\"01_EMIL_LEADS_TOTAIS\" \/>\n\t\t<input type=\"hidden\" id=\"mid\" name=\"mid\" value=\"515009017\" \/>\n\t\t<input type=\"hidden\" id=\"Objetivo\" name=\"Objetivo\" value=\"Militares\" \/>\n\t\t<input type=\"hidden\" id=\"Estado_de_Origem_do_IP\" name=\"Estado_de_Origem_do_IP\"  value=\"\" \/>\n\t\t<input type=\"hidden\" id=\"Cidade_de_Origem_do_IP\" name=\"Cidade_de_Origem_do_IP\" value=\"\" \/>\n\t\t<input type=\"hidden\" id=\"Modo_de_entrada\" name=\"Modo_de_entrada\" value=\"Portal\" \/>\n\t\t<input type=\"hidden\" id=\"Pagina_Origem\" name=\"Pagina_Origem\" value=\"\" \/>\n\n\t\t<div class=\"texto\">\n\t\t\t<h3 class=\"news\">Inscreva-se em nossa newsletter!<\/h3>\n\t\t\t<p>Receba not\u00edcias sobre os mais importantes concursos para as For\u00e7as Armadas brasileiras e informa\u00e7\u00f5es sobre o mundo militar!<\/p>\n\t\t<\/div>\n\t\t<div class=\"campos\">\n\t\t\t<div class=\"first_name labels\">\n\t\t\t\t<input type=\"text\" class=\"input_labels\" id=\"first_name\" name=\"Nome_Completo\" placeholder=\"Nome\" required \/>\n\t\t\t<\/div>\n\t\t\t<div class=\"email labels\">\n\t\t\t\t<input type=\"email\" class=\"input_labels\" id=\"email\" name=\"Email\" placeholder=\"E-mail\" required \/>\n\t\t\t<\/div>\n\t\t\t<button type=\"submit\" class=\"button_layout\">\n\t\t\t\t<div id=\"lblBotao\">Inscreva-se<\/div>\n\t\t\t\t<span id=\"divSpiner\" class=\"loader\" role=\"status\" style=\"display: none;\"><\/span>\t\n\t\t\t<\/button>\n\t\t<\/div><!-- \/campos -->\n\t\t\n\t\t<label class=\"container_checkbox\">Voc\u00ea concorda com a nossa\n\t\t\t<a class=\"politics_privacy_ahref\" target=\"_blank\" href=\"https:\/\/gratis.estrategiaconcursos.com.br\/politica-de-privacidade\/\">Pol\u00edtica de Privacidade<\/a> e aceita receber informa\u00e7\u00f5es adicionais do Estrat\u00e9gia Educacional.\n\t\t\t<input id=\"checkbox_layout\" type=\"checkbox\" checked=\"checked\" required \/>\n\t\t\t<span class=\"checkbox\"><\/span>\n\t\t<\/label>\n\t\t<div id=\"msg\"><\/div>\n\t\t<div id=\"error\" class=\"error\">\n\t\t<\/div>\n\t<\/form>\n<\/div><!-- \/new-form -->\n\n\n\n<div id=\"ez-toc-container\" class=\"ez-toc-v2_0_79_2 counter-hierarchy ez-toc-counter ez-toc-transparent ez-toc-container-direction\">\n<div class=\"ez-toc-title-container\"><p class=\"ez-toc-title\" style=\"cursor:inherit\">Navegue pelo conte\u00fado\t<\/p>\n<\/div><nav><ul class='ez-toc-list ez-toc-list-level-1 ' ><li class='ez-toc-page-1 ez-toc-heading-level-2'><a class=\"ez-toc-link ez-toc-heading-1\" href=\"https:\/\/militares.estrategia.com\/portal\/qg-aprovado\/entrevistas\/professor-do-estrategia-e-um-dos-100-prodigios-do-mundo\/#Curriculo-de-respeito-e-programa-de-TV\" >Curr\u00edculo de respeito e programa de TV<\/a><\/li><li class='ez-toc-page-1 ez-toc-heading-level-2'><a class=\"ez-toc-link ez-toc-heading-2\" href=\"https:\/\/militares.estrategia.com\/portal\/qg-aprovado\/entrevistas\/professor-do-estrategia-e-um-dos-100-prodigios-do-mundo\/#Professor-e-mentor-do-Estrategia-Militares\" >Professor e mentor do Estrat\u00e9gia Militares<\/a><\/li><li class='ez-toc-page-1 ez-toc-heading-level-2'><a class=\"ez-toc-link ez-toc-heading-3\" href=\"https:\/\/militares.estrategia.com\/portal\/qg-aprovado\/entrevistas\/professor-do-estrategia-e-um-dos-100-prodigios-do-mundo\/#Global-Child-Prodigy-Awards-2025\" >Global Child Prodigy Awards 2025<\/a><\/li><\/ul><\/nav><\/div>\n<h2 class=\"wp-block-heading\" id=\"h-curriculo-de-respeito-e-programa-de-tv\"><span class=\"ez-toc-section\" id=\"Curriculo-de-respeito-e-programa-de-TV\"><\/span>Curr\u00edculo de respeito e programa de TV<span class=\"ez-toc-section-end\"><\/span><\/h2>\n\n\n\n<p>Jovem fora da m\u00e9dia, natural de Juiz de Fora, Minas Gerais, Caio <strong>ficou conhecido no Brasil inteiro ao participar, aos 9 anos de idade, de um programa do SBT<\/strong>. Respondendo a perguntas feitas no palco pelo apresentador Silvio Santos, ele j\u00e1 se mostrava diferente das outras crian\u00e7as. <\/p>\n\n\n\n<p>No quadro &#8220;Talento Infantil&#8221;, Caio enfileirava capitais de v\u00e1rios pa\u00edses, \u00e0 medida que era desafiado pelo &#8220;Patr\u00e3o&#8221;. Refor\u00e7ando nas perguntas, o elenco da novela &#8220;Carrossel&#8221;. Caio impressionou a todos com suas respostas.<\/p>\n\n\n\n<p><strong>Assista abaixo a sua participa\u00e7\u00e3o no \u201cPrograma Silvio Santos\u201d:<\/strong><\/p>\n\n\n\n<figure class=\"wp-block-embed is-type-video is-provider-youtube wp-block-embed-youtube wp-embed-aspect-16-9 wp-has-aspect-ratio\"><div class=\"wp-block-embed__wrapper\">\n<div class=\"cs-embed cs-embed-responsive\"><iframe title=\"Talento Infantil | Programa Silvio Santos (28\/01\/18)\" width=\"1200\" height=\"675\" src=\"https:\/\/www.youtube.com\/embed\/VBV4YkLK520?start=1250&#038;feature=oembed\" frameborder=\"0\" allow=\"accelerometer; autoplay; clipboard-write; encrypted-media; gyroscope; picture-in-picture; web-share\" referrerpolicy=\"strict-origin-when-cross-origin\" allowfullscreen><\/iframe><\/div>\n<\/div><\/figure>\n\n\n\n<p>Depois de aparecer na TV, o c\u00e9u foi o limite! Caio cresceu e se destacou ainda mais: ganhou diversos pr\u00eamios nacionais e internacionais e <strong>conseguiu aprova\u00e7\u00f5es em vestibulares e concursos p\u00fablicos que costumam ser bastante dif\u00edceis,<\/strong> mesmo para adultos. Basta acessar o seu canal no YouTube &#8211; <a href=\"https:\/\/www.youtube.com\/@GabaritandoComCaioTemponi\" target=\"_blank\" >Gabaritando com Caio Temponi<\/a> &#8211; para ver todas as suas conquistas j\u00e1 na descri\u00e7\u00e3o:&nbsp;<\/p>\n\n\n\n<ul class=\"wp-block-list\">\n<li>\u00danico brasileiro a <strong>pular 4 s\u00e9ries escolares<\/strong>;<\/li>\n\n\n\n<li><strong>Universit\u00e1rio aos 16 anos<\/strong>, em Direito na Universidade Federal de Juiz de Fora (UFJF) e Matem\u00e1tica no Centro Universit\u00e1rio Leonardo da Vinci (Uniasselvi);<\/li>\n\n\n\n<li><strong>Universit\u00e1rio mais novo a entrar em uma universidade federal<\/strong>, aos 14 anos;<\/li>\n\n\n\n<li><strong>Dois t\u00edtulos no Livro dos Recordes:<\/strong> aluno mais novo aprovado no Instituto Tecnol\u00f3gico de Aeron\u00e1utica (ITA), aos 14 anos; e candidato mais novo com mais aprova\u00e7\u00f5es (18 aprova\u00e7\u00f5es com 14 anos);<\/li>\n\n\n\n<li><strong>Aprovado 5 vezes em Medicina<\/strong>;<\/li>\n\n\n\n<li>Aprovado nas <strong>melhores universidades do Brasil em 1\u00b0 luga<\/strong>r (USP, UNICAMP, UFJF, UFRRJ, UFCA, UECE, CEFET);<\/li>\n\n\n\n<li>Candidato <strong>mais novo a passar para a Academia da For\u00e7a A\u00e9rea (AFA)<\/strong>, com 13 anos;<\/li>\n\n\n\n<li>Foi <strong>1\u00b0 lugar na Escola Preparat\u00f3ria de Cadetes do Ar (EPCAR) com 12 anos<\/strong>, gabaritando a prova e sendo o candidato mais novo da hist\u00f3ria a passar no concurso;&nbsp;<\/li>\n\n\n\n<li><strong>Medalhista Ol\u00edmpico Internacional:<\/strong> Ouro na Olimp\u00edada de Matem\u00e1tica Online em Portugu\u00eas (OMOP) e na Olimp\u00edada de Maio (MAYO); e Prata na MAYO;<\/li>\n\n\n\n<li><strong>Medalhista Ol\u00edmpico no Brasil:<\/strong> Ouro na OBMEP, CANGURU, OBA, OPM, OBM, OCM, OMM, ONC;&nbsp;<\/li>\n\n\n\n<li><strong>Outras Premia\u00e7\u00f5es: <\/strong>Notable Brazilian Awards e Crian\u00e7a mais talentosa do Mundo; e<\/li>\n\n\n\n<li>Membro de organiza\u00e7\u00f5es para quem tem o <strong>QI muito acima da m\u00e9dia<\/strong>: International Legion of Intelligence (INTERTEL), MENSA, Infinity International Society (IIS) e ISI Society.<\/li>\n<\/ul>\n\n\n\n<p>No dia 26 de junho, <strong>mais um pr\u00eamio ser\u00e1 adicionado ao curr\u00edculo<\/strong> de Caio Temponi: o <strong>Global Child Prodigy Awards, na categoria Intelig\u00eancia e Mem\u00f3ria &#8211; QI.<\/strong>\u00a0<\/p>\n\n\n\n<p><strong>Mas como ele consegue?<\/strong> \u201cMuita gente acha que eu consigo aprova\u00e7\u00e3o porque tenho facilidade de aprender como se fosse uma consequ\u00eancia. Que por ter uma facilidade um pouco maior para aprender, voc\u00ea vai conseguir ser aprovado. Mas n\u00e3o \u00e9. Muita gente n\u00e3o entende, n\u00e3o v\u00ea ou \u00e0s vezes at\u00e9 n\u00e3o quer ver o quanto eu estudava\u201d, afirma Caio.<\/p>\n\n\n\n<p>Para ele, <strong>ter uma facilidade maior ou entender um conte\u00fado rapidamente n\u00e3o significa que a aprova\u00e7\u00e3o \u00e9 garantida<\/strong>. \u201cVoc\u00ea realmente precisa estudar bastante. Eu estudava dez a 12 horas por dia quando estava me preparando pro ITA. Ia desde a manh\u00e3 at\u00e9 \u00e0 noite\u201d, lembrou<strong>.&nbsp;<\/strong><\/p>\n\n\n\n<p>Caio ainda deixa uma <strong>dica para&nbsp;quem quer ser aprovado<\/strong> em qualquer concurso: \u201cEstudando voc\u00ea consegue chegar l\u00e1. Voc\u00ea n\u00e3o precisa ser g\u00eanio. Voc\u00ea n\u00e3o precisa ter um diferencial enorme. N\u00e3o precisa ficar muito tempo estudando para aquilo. Se voc\u00ea come\u00e7ar a estudar com dedica\u00e7\u00e3o, voc\u00ea consegue chegar na aprova\u00e7\u00e3o\u201d.&nbsp;<\/p>\n\n\n\n<h2 class=\"wp-block-heading\" id=\"h-professor-e-mentor-do-estrategia-militares\"><span class=\"ez-toc-section\" id=\"Professor-e-mentor-do-Estrategia-Militares\"><\/span>Professor e mentor do Estrat\u00e9gia Militares<span class=\"ez-toc-section-end\"><\/span><\/h2>\n\n\n\n<p>Em 2022, Caio Temponi conquistou o primeiro lugar na EPCAR, gabaritando a prova com apenas 12 anos. <strong>Foi nessa \u00e9poca que ele teve o primeiro contato com o Estrat\u00e9gia Militares<\/strong>, pois usou o material dos nossos cursos para passar no processo seletivo.&nbsp;<\/p>\n\n\n\n<p>\u201cSempre gostei bastante de estudar. Sempre tive esse gosto pelo estudo. E poder estar aqui hoje como ex-aluno, professor e mentor do Estrat\u00e9gia \u00e9 uma alegria muito grande\u201d, afirmou Caio em entrevista para o <a href=\"https:\/\/www.youtube.com\/@estrategiamilitares\" target=\"_blank\" >Estrat\u00e9gia Militares, no Youtube<\/a>.&nbsp;<\/p>\n\n\n\n<p>Foi devido ao seu talento precoce, \u00e0 sua intelig\u00eancia e a vontade de ajudar os outros a conquistarem seus sonhos que o Estrat\u00e9gia convidou este <strong>jovem talento para se juntar ao time vencedor de professores<\/strong>.<\/p>\n\n\n\n<p>\u201cAlgo que fez bastante diferen\u00e7a em toda a minha trajet\u00f3ria foi que eu sempre soube estudar. Sempre soube como pegar as mat\u00e9rias, como estudar da maneira correta, como fazer revis\u00e3o. <strong>Separar cronograma de estudo e toda essa organiza\u00e7\u00e3o pr\u00e9via<\/strong>. Faz bastante diferen\u00e7a no estudo de fato. Acho que esse foi um dos diferenciais para mim\u201d, confidencia o mentor Caio Temponi. <\/p>\n\n\n\n<p>No tempo em que estudava com o Estrat\u00e9gia para os concursos militares, a Intelig\u00eancia Artificial ainda n\u00e3o era usada. Hoje, os alunos podem <strong>planejar e organizar seus cronogramas<\/strong> pelas <a href=\"https:\/\/militares.estrategia.com\/portal\/materias-e-dicas\/dicas\/planejamento-de-estudos-com-ferramentas-do-nip\/\" target=\"_blank\" >ferramentas da plataforma do aluno<\/a>.&nbsp;<\/p>\n\n\n\n<p>Sobre estudar com o Estrat\u00e9gia Militares, Caio afirma: \u201c<strong>Eu recomendaria at\u00e9 mesmo porque foi o que eu utilizei para as provas que prestei.<\/strong> Eu tinha bastante dificuldade em f\u00edsica e qu\u00edmica. Cheguei no come\u00e7o do ano de 2022 pro ITA sem saber nada dessas mat\u00e9rias. Eu pegava a base do Estrat\u00e9gia, fazia as quest\u00f5es e <a href=\"https:\/\/militares.estrategia.com\/portal\/materias-e-dicas\/dicas\/como-utilizar-a-plataforma-do-estrategia-militares\/\" target=\"_blank\" >a plataforma conseguiu me ajudar bastante<\/a> a me desenvolver\u201d.<\/p>\n\n\n\n<p><strong>Sobre <strong>os diferenciais do Estrat\u00e9gia<\/strong><\/strong>, <strong>ele ressalta : <\/strong>\u201cPrimeiro, s\u00e3o os professores. Todos s\u00e3o excelentes e a maioria j\u00e1 tem uma base do ITA e do IME. J\u00e1 foram alunos, j\u00e1 passaram pelo processo de prepara\u00e7\u00e3o. Ent\u00e3o sabem como te levar para a prova de fato. Tamb\u00e9m as quest\u00f5es dos simulados e os simulados in\u00e9ditos ajudam bastante\u201d.<\/p>\n\n\n\n<p>Caio foi <strong>entrevistado para o nosso canal do YouTube pela professora Luciana Fagundes.<\/strong> Clique abaixo para assistir.<\/p>\n\n\n\n<figure class=\"wp-block-embed is-type-video is-provider-youtube wp-block-embed-youtube wp-embed-aspect-16-9 wp-has-aspect-ratio\"><div class=\"wp-block-embed__wrapper\">\n<div class=\"cs-embed cs-embed-responsive\"><iframe title=\"Entrevista com o Caio Temponi, Mentor do Estrat\u00e9gia Militares e 1\u00ba Colocado no Epcar 2021\" width=\"1200\" height=\"675\" src=\"https:\/\/www.youtube.com\/embed\/x4rk7Z1ovzA?feature=oembed\" frameborder=\"0\" allow=\"accelerometer; autoplay; clipboard-write; encrypted-media; gyroscope; picture-in-picture; web-share\" referrerpolicy=\"strict-origin-when-cross-origin\" allowfullscreen><\/iframe><\/div>\n<\/div><\/figure>\n\n\n\n<h2 class=\"wp-block-heading\" id=\"h-global-child-prodigy-awards-2025\"><span class=\"ez-toc-section\" id=\"Global-Child-Prodigy-Awards-2025\"><\/span>Global Child Prodigy Awards 2025<span class=\"ez-toc-section-end\"><\/span><\/h2>\n\n\n\n<p>A premia\u00e7\u00e3o, que ocorre a cada tr\u00eas anos, \u00e9 organizada pela Charles Group. Este ano, ser\u00e1 realizada em Londres, na Inglaterra.<\/p>\n\n\n\n<p>O evento reconhece crian\u00e7as prod\u00edgios de todo o mundo em diversas \u00e1reas como artes, ci\u00eancia, tecnologia, empreendedorismo, linguagens, entre outras, num total de 24 categorias. Veja algumas delas a seguir:&nbsp;<\/p>\n\n\n\n<ul class=\"wp-block-list\">\n<li><strong>Artes:<\/strong> Pintura, m\u00fasica, dan\u00e7a, escrita, atua\u00e7\u00e3o e outras.<\/li>\n\n\n\n<li><strong>Ci\u00eancia:<\/strong> Pesquisas cient\u00edficas, astronomia, tecnologia e outras.<\/li>\n\n\n\n<li><strong>Empreendedorismo:<\/strong> Crian\u00e7as que demonstram habilidades empreendedoras.<\/li>\n\n\n\n<li><strong>Linguagens:<\/strong> Dom\u00ednio de idiomas e outras habilidades lingu\u00edsticas.<\/li>\n\n\n\n<li><strong>Outras:<\/strong> Esportes, intelig\u00eancia, mem\u00f3ria, entre outras \u00e1reas.&nbsp;<\/li>\n<\/ul>\n\n\n\n<p>Se voc\u00ea sonha em se tornar um militar das For\u00e7as Armadas brasileiras e quer a oportunidade de ter o Caio Temponi como professor\/mentor, conhe\u00e7a os cursos do Estrat\u00e9gia Militares! O nosso material pedag\u00f3gico ajudou nosso jovem prod\u00edgio a ser aprovado em Concursos Militares e pode te ajudar tamb\u00e9m! Clique no banner para nos conhecer!<\/p>\n\n\n\n<a id=\"cta\" class=\"cta-imagem\" href=\"https:\/\/militares.estrategia.com\/cursos\/\" target=\"blank\">\n                <img decoding=\"async\" width=\"100%\" src=\"https:\/\/militares.estrategia.com\/portal\/wp-content\/uploads\/2022\/08\/EM-cta-geral.jpeg\" alt=\"CTA - Militares\" title=\"EM-cta-geral\">\n        <\/a>\n","protected":false},"excerpt":{"rendered":"Imagina voc\u00ea, ainda na adolesc\u00eancia, j\u00e1 ter passado cinco vezes no vestibular para medicina, al\u00e9m de outros cursos&hellip;\n","protected":false},"author":58,"featured_media":86749,"comment_status":"closed","ping_status":"closed","sticky":false,"template":"","format":"standard","meta":{"wl_entities_gutenberg":"","footnotes":""},"categories":[38],"tags":[64,162,161,167,271],"wl_entity_type":[187],"class_list":{"0":"post-86745","1":"post","2":"type-post","3":"status-publish","4":"format-standard","5":"has-post-thumbnail","7":"category-entrevistas","8":"tag-marinhadobrasil","9":"tag-carreiramilitar","10":"tag-concursosmilitares","11":"tag-exercito","12":"tag-fab","13":"wl_entity_type-article"},"acf":[],"yoast_head":"<!-- This site is optimized with the Yoast SEO Premium plugin v26.6 (Yoast SEO v26.6) - https:\/\/yoast.com\/wordpress\/plugins\/seo\/ -->\n<title>Professor do Estrat\u00e9gia \u00e9 um dos 100 prod\u00edgios do mundo<\/title>\n<meta name=\"description\" content=\"Conhe\u00e7a Caio Temponi, professor do Estrat\u00e9gia Militares escolhido um dos 100 jovens prod\u00edgios do mundo pelo Global Child Prodigy Awards.\" \/>\n<meta name=\"robots\" content=\"index, follow, max-snippet:-1, max-image-preview:large, max-video-preview:-1\" \/>\n<link rel=\"canonical\" href=\"https:\/\/militares.estrategia.com\/portal\/qg-aprovado\/entrevistas\/professor-do-estrategia-e-um-dos-100-prodigios-do-mundo\/\" \/>\n<meta property=\"og:locale\" content=\"pt_BR\" \/>\n<meta property=\"og:type\" content=\"article\" \/>\n<meta property=\"og:title\" content=\"Professor do Estrat\u00e9gia \u00e9 um dos 100 prod\u00edgios do mundo\" \/>\n<meta property=\"og:description\" content=\"Conhe\u00e7a Caio Temponi, professor do Estrat\u00e9gia Militares escolhido um dos 100 jovens prod\u00edgios do mundo pelo Global Child Prodigy Awards.\" \/>\n<meta property=\"og:url\" content=\"https:\/\/militares.estrategia.com\/portal\/qg-aprovado\/entrevistas\/professor-do-estrategia-e-um-dos-100-prodigios-do-mundo\/\" \/>\n<meta property=\"og:site_name\" content=\"Estrat\u00e9gia Militares\" \/>\n<meta property=\"article:publisher\" content=\"https:\/\/www.facebook.com\/EstrategiaMilitares\" \/>\n<meta property=\"article:published_time\" content=\"2025-06-25T21:40:57+00:00\" \/>\n<meta property=\"article:modified_time\" content=\"2025-06-26T15:00:24+00:00\" \/>\n<meta property=\"og:image\" content=\"https:\/\/militares.estrategia.com\/portal\/wp-content\/uploads\/2025\/06\/Copia-Foto-Caio-Temponi.jpg\" \/>\n\t<meta property=\"og:image:width\" content=\"1284\" \/>\n\t<meta property=\"og:image:height\" content=\"833\" \/>\n\t<meta property=\"og:image:type\" content=\"image\/jpeg\" \/>\n<meta name=\"author\" content=\"Vanesca Soares\" \/>\n<meta name=\"twitter:card\" content=\"summary_large_image\" \/>\n<meta name=\"twitter:creator\" content=\"@estrategiamilit\" \/>\n<meta name=\"twitter:site\" content=\"@estrategiamilit\" \/>\n<meta name=\"twitter:label1\" content=\"Escrito por\" \/>\n\t<meta name=\"twitter:data1\" content=\"Vanesca Soares\" \/>\n\t<meta name=\"twitter:label2\" content=\"Est. tempo de leitura\" \/>\n\t<meta name=\"twitter:data2\" content=\"7 minutos\" \/>\n<script type=\"application\/ld+json\" class=\"yoast-schema-graph\">{\"@context\":\"https:\/\/schema.org\",\"@graph\":[{\"@type\":\"Article\",\"@id\":\"https:\/\/militares.estrategia.com\/portal\/qg-aprovado\/entrevistas\/professor-do-estrategia-e-um-dos-100-prodigios-do-mundo\/#article\",\"isPartOf\":{\"@id\":\"https:\/\/militares.estrategia.com\/portal\/qg-aprovado\/entrevistas\/professor-do-estrategia-e-um-dos-100-prodigios-do-mundo\/\"},\"author\":{\"name\":\"Vanesca Soares\",\"@id\":\"https:\/\/militares.estrategia.com\/portal\/#\/schema\/person\/5cfd387108cd0cdefab7eea7a9735dcc\"},\"headline\":\"Professor do Estrat\u00e9gia \u00e9 um dos 100 prod\u00edgios do mundo\",\"datePublished\":\"2025-06-25T21:40:57+00:00\",\"dateModified\":\"2025-06-26T15:00:24+00:00\",\"mainEntityOfPage\":{\"@id\":\"https:\/\/militares.estrategia.com\/portal\/qg-aprovado\/entrevistas\/professor-do-estrategia-e-um-dos-100-prodigios-do-mundo\/\"},\"wordCount\":1359,\"publisher\":{\"@id\":\"https:\/\/militares.estrategia.com\/portal\/#organization\"},\"image\":{\"@id\":\"https:\/\/militares.estrategia.com\/portal\/qg-aprovado\/entrevistas\/professor-do-estrategia-e-um-dos-100-prodigios-do-mundo\/#primaryimage\"},\"thumbnailUrl\":\"https:\/\/militares.estrategia.com\/portal\/wp-content\/uploads\/2025\/06\/Copia-Foto-Caio-Temponi.jpg\",\"keywords\":[\"#marinhadobrasil\",\"carreiramilitar\",\"ConcursosMilitares\",\"Ex\u00e9rcito\",\"FAB\"],\"articleSection\":[\"Entrevistas\"],\"inLanguage\":\"pt-BR\"},{\"@type\":\"WebPage\",\"@id\":\"https:\/\/militares.estrategia.com\/portal\/qg-aprovado\/entrevistas\/professor-do-estrategia-e-um-dos-100-prodigios-do-mundo\/\",\"url\":\"https:\/\/militares.estrategia.com\/portal\/qg-aprovado\/entrevistas\/professor-do-estrategia-e-um-dos-100-prodigios-do-mundo\/\",\"name\":\"Professor do Estrat\u00e9gia \u00e9 um dos 100 prod\u00edgios do mundo\",\"isPartOf\":{\"@id\":\"https:\/\/militares.estrategia.com\/portal\/#website\"},\"primaryImageOfPage\":{\"@id\":\"https:\/\/militares.estrategia.com\/portal\/qg-aprovado\/entrevistas\/professor-do-estrategia-e-um-dos-100-prodigios-do-mundo\/#primaryimage\"},\"image\":{\"@id\":\"https:\/\/militares.estrategia.com\/portal\/qg-aprovado\/entrevistas\/professor-do-estrategia-e-um-dos-100-prodigios-do-mundo\/#primaryimage\"},\"thumbnailUrl\":\"https:\/\/militares.estrategia.com\/portal\/wp-content\/uploads\/2025\/06\/Copia-Foto-Caio-Temponi.jpg\",\"datePublished\":\"2025-06-25T21:40:57+00:00\",\"dateModified\":\"2025-06-26T15:00:24+00:00\",\"description\":\"Conhe\u00e7a Caio Temponi, professor do Estrat\u00e9gia Militares escolhido um dos 100 jovens prod\u00edgios do mundo pelo Global Child Prodigy Awards.\",\"breadcrumb\":{\"@id\":\"https:\/\/militares.estrategia.com\/portal\/qg-aprovado\/entrevistas\/professor-do-estrategia-e-um-dos-100-prodigios-do-mundo\/#breadcrumb\"},\"inLanguage\":\"pt-BR\",\"potentialAction\":[{\"@type\":\"ReadAction\",\"target\":[\"https:\/\/militares.estrategia.com\/portal\/qg-aprovado\/entrevistas\/professor-do-estrategia-e-um-dos-100-prodigios-do-mundo\/\"]}]},{\"@type\":\"ImageObject\",\"inLanguage\":\"pt-BR\",\"@id\":\"https:\/\/militares.estrategia.com\/portal\/qg-aprovado\/entrevistas\/professor-do-estrategia-e-um-dos-100-prodigios-do-mundo\/#primaryimage\",\"url\":\"https:\/\/militares.estrategia.com\/portal\/wp-content\/uploads\/2025\/06\/Copia-Foto-Caio-Temponi.jpg\",\"contentUrl\":\"https:\/\/militares.estrategia.com\/portal\/wp-content\/uploads\/2025\/06\/Copia-Foto-Caio-Temponi.jpg\",\"width\":1284,\"height\":833},{\"@type\":\"BreadcrumbList\",\"@id\":\"https:\/\/militares.estrategia.com\/portal\/qg-aprovado\/entrevistas\/professor-do-estrategia-e-um-dos-100-prodigios-do-mundo\/#breadcrumb\",\"itemListElement\":[{\"@type\":\"ListItem\",\"position\":1,\"name\":\"Home\",\"item\":\"https:\/\/militares.estrategia.com\/portal\/\"},{\"@type\":\"ListItem\",\"position\":2,\"name\":\"QG do Aprovado\",\"item\":\"https:\/\/militares.estrategia.com\/portal\/qg-aprovado\/\"},{\"@type\":\"ListItem\",\"position\":3,\"name\":\"Entrevistas\",\"item\":\"https:\/\/militares.estrategia.com\/portal\/qg-aprovado\/entrevistas\/\"},{\"@type\":\"ListItem\",\"position\":4,\"name\":\"Professor do Estrat\u00e9gia \u00e9 um dos 100 prod\u00edgios do mundo\"}]},{\"@type\":\"WebSite\",\"@id\":\"https:\/\/militares.estrategia.com\/portal\/#website\",\"url\":\"https:\/\/militares.estrategia.com\/portal\/\",\"name\":\"Estrat\u00e9gia Militares\",\"description\":\"\",\"publisher\":{\"@id\":\"https:\/\/militares.estrategia.com\/portal\/#organization\"},\"potentialAction\":[{\"@type\":\"SearchAction\",\"target\":{\"@type\":\"EntryPoint\",\"urlTemplate\":\"https:\/\/militares.estrategia.com\/portal\/?s={search_term_string}\"},\"query-input\":{\"@type\":\"PropertyValueSpecification\",\"valueRequired\":true,\"valueName\":\"search_term_string\"}}],\"inLanguage\":\"pt-BR\"},{\"@type\":\"Organization\",\"@id\":\"https:\/\/militares.estrategia.com\/portal\/#organization\",\"name\":\"Estrat\u00e9gia Militares\",\"url\":\"https:\/\/militares.estrategia.com\/portal\/\",\"logo\":{\"@type\":\"ImageObject\",\"inLanguage\":\"pt-BR\",\"@id\":\"https:\/\/militares.estrategia.com\/portal\/#\/schema\/logo\/image\/\",\"url\":\"https:\/\/militares.estrategia.com\/portal\/wp-content\/uploads\/2021\/10\/logo-militares.webp\",\"contentUrl\":\"https:\/\/militares.estrategia.com\/portal\/wp-content\/uploads\/2021\/10\/logo-militares.webp\",\"width\":346,\"height\":90,\"caption\":\"Estrat\u00e9gia Militares\"},\"image\":{\"@id\":\"https:\/\/militares.estrategia.com\/portal\/#\/schema\/logo\/image\/\"},\"sameAs\":[\"https:\/\/www.facebook.com\/EstrategiaMilitares\",\"https:\/\/x.com\/estrategiamilit\",\"https:\/\/www.instagram.com\/estrategiamilitares\/\",\"https:\/\/www.youtube.com\/channel\/UCRG_9hakCqXxnj_8TqCdgTA\"]},{\"@type\":\"Person\",\"@id\":\"https:\/\/militares.estrategia.com\/portal\/#\/schema\/person\/5cfd387108cd0cdefab7eea7a9735dcc\",\"name\":\"Vanesca Soares\",\"image\":{\"@type\":\"ImageObject\",\"inLanguage\":\"pt-BR\",\"@id\":\"https:\/\/militares.estrategia.com\/portal\/#\/schema\/person\/image\/\",\"url\":\"https:\/\/militares.estrategia.com\/portal\/wp-content\/uploads\/2021\/10\/FB_IMG_1634215702135-150x150.webp\",\"contentUrl\":\"https:\/\/militares.estrategia.com\/portal\/wp-content\/uploads\/2021\/10\/FB_IMG_1634215702135-150x150.webp\",\"caption\":\"Vanesca Soares\"},\"description\":\"Vanesca Soares foi Primeiro Tenente da Marinha do Brasil. Jornalista de forma\u00e7\u00e3o, ama todas as artes, principalmente a Literatura e o Cinema. Capaz de ficar em casa lendo um bom livro ao inv\u00e9s de ir para a balada, entende que ler \u00e9 uma grande viagem. Ama filmes hist\u00f3ricos, biografias, drama, thrillers, terror e tudo sobre os anos 1980. Principalmente a m\u00fasica!\",\"url\":\"https:\/\/militares.estrategia.com\/portal\/author\/vanesca-soares\/\"}]}<\/script>\n<!-- \/ Yoast SEO Premium plugin. -->","yoast_head_json":{"title":"Professor do Estrat\u00e9gia \u00e9 um dos 100 prod\u00edgios do mundo","description":"Conhe\u00e7a Caio Temponi, professor do Estrat\u00e9gia Militares escolhido um dos 100 jovens prod\u00edgios do mundo pelo Global Child Prodigy Awards.","robots":{"index":"index","follow":"follow","max-snippet":"max-snippet:-1","max-image-preview":"max-image-preview:large","max-video-preview":"max-video-preview:-1"},"canonical":"https:\/\/militares.estrategia.com\/portal\/qg-aprovado\/entrevistas\/professor-do-estrategia-e-um-dos-100-prodigios-do-mundo\/","og_locale":"pt_BR","og_type":"article","og_title":"Professor do Estrat\u00e9gia \u00e9 um dos 100 prod\u00edgios do mundo","og_description":"Conhe\u00e7a Caio Temponi, professor do Estrat\u00e9gia Militares escolhido um dos 100 jovens prod\u00edgios do mundo pelo Global Child Prodigy Awards.","og_url":"https:\/\/militares.estrategia.com\/portal\/qg-aprovado\/entrevistas\/professor-do-estrategia-e-um-dos-100-prodigios-do-mundo\/","og_site_name":"Estrat\u00e9gia Militares","article_publisher":"https:\/\/www.facebook.com\/EstrategiaMilitares","article_published_time":"2025-06-25T21:40:57+00:00","article_modified_time":"2025-06-26T15:00:24+00:00","og_image":[{"width":1284,"height":833,"url":"https:\/\/militares.estrategia.com\/portal\/wp-content\/uploads\/2025\/06\/Copia-Foto-Caio-Temponi.jpg","type":"image\/jpeg"}],"author":"Vanesca Soares","twitter_card":"summary_large_image","twitter_creator":"@estrategiamilit","twitter_site":"@estrategiamilit","twitter_misc":{"Escrito por":"Vanesca Soares","Est. tempo de leitura":"7 minutos"},"schema":{"@context":"https:\/\/schema.org","@graph":[{"@type":"Article","@id":"https:\/\/militares.estrategia.com\/portal\/qg-aprovado\/entrevistas\/professor-do-estrategia-e-um-dos-100-prodigios-do-mundo\/#article","isPartOf":{"@id":"https:\/\/militares.estrategia.com\/portal\/qg-aprovado\/entrevistas\/professor-do-estrategia-e-um-dos-100-prodigios-do-mundo\/"},"author":{"name":"Vanesca Soares","@id":"https:\/\/militares.estrategia.com\/portal\/#\/schema\/person\/5cfd387108cd0cdefab7eea7a9735dcc"},"headline":"Professor do Estrat\u00e9gia \u00e9 um dos 100 prod\u00edgios do mundo","datePublished":"2025-06-25T21:40:57+00:00","dateModified":"2025-06-26T15:00:24+00:00","mainEntityOfPage":{"@id":"https:\/\/militares.estrategia.com\/portal\/qg-aprovado\/entrevistas\/professor-do-estrategia-e-um-dos-100-prodigios-do-mundo\/"},"wordCount":1359,"publisher":{"@id":"https:\/\/militares.estrategia.com\/portal\/#organization"},"image":{"@id":"https:\/\/militares.estrategia.com\/portal\/qg-aprovado\/entrevistas\/professor-do-estrategia-e-um-dos-100-prodigios-do-mundo\/#primaryimage"},"thumbnailUrl":"https:\/\/militares.estrategia.com\/portal\/wp-content\/uploads\/2025\/06\/Copia-Foto-Caio-Temponi.jpg","keywords":["#marinhadobrasil","carreiramilitar","ConcursosMilitares","Ex\u00e9rcito","FAB"],"articleSection":["Entrevistas"],"inLanguage":"pt-BR"},{"@type":"WebPage","@id":"https:\/\/militares.estrategia.com\/portal\/qg-aprovado\/entrevistas\/professor-do-estrategia-e-um-dos-100-prodigios-do-mundo\/","url":"https:\/\/militares.estrategia.com\/portal\/qg-aprovado\/entrevistas\/professor-do-estrategia-e-um-dos-100-prodigios-do-mundo\/","name":"Professor do Estrat\u00e9gia \u00e9 um dos 100 prod\u00edgios do mundo","isPartOf":{"@id":"https:\/\/militares.estrategia.com\/portal\/#website"},"primaryImageOfPage":{"@id":"https:\/\/militares.estrategia.com\/portal\/qg-aprovado\/entrevistas\/professor-do-estrategia-e-um-dos-100-prodigios-do-mundo\/#primaryimage"},"image":{"@id":"https:\/\/militares.estrategia.com\/portal\/qg-aprovado\/entrevistas\/professor-do-estrategia-e-um-dos-100-prodigios-do-mundo\/#primaryimage"},"thumbnailUrl":"https:\/\/militares.estrategia.com\/portal\/wp-content\/uploads\/2025\/06\/Copia-Foto-Caio-Temponi.jpg","datePublished":"2025-06-25T21:40:57+00:00","dateModified":"2025-06-26T15:00:24+00:00","description":"Conhe\u00e7a Caio Temponi, professor do Estrat\u00e9gia Militares escolhido um dos 100 jovens prod\u00edgios do mundo pelo Global Child Prodigy Awards.","breadcrumb":{"@id":"https:\/\/militares.estrategia.com\/portal\/qg-aprovado\/entrevistas\/professor-do-estrategia-e-um-dos-100-prodigios-do-mundo\/#breadcrumb"},"inLanguage":"pt-BR","potentialAction":[{"@type":"ReadAction","target":["https:\/\/militares.estrategia.com\/portal\/qg-aprovado\/entrevistas\/professor-do-estrategia-e-um-dos-100-prodigios-do-mundo\/"]}]},{"@type":"ImageObject","inLanguage":"pt-BR","@id":"https:\/\/militares.estrategia.com\/portal\/qg-aprovado\/entrevistas\/professor-do-estrategia-e-um-dos-100-prodigios-do-mundo\/#primaryimage","url":"https:\/\/militares.estrategia.com\/portal\/wp-content\/uploads\/2025\/06\/Copia-Foto-Caio-Temponi.jpg","contentUrl":"https:\/\/militares.estrategia.com\/portal\/wp-content\/uploads\/2025\/06\/Copia-Foto-Caio-Temponi.jpg","width":1284,"height":833},{"@type":"BreadcrumbList","@id":"https:\/\/militares.estrategia.com\/portal\/qg-aprovado\/entrevistas\/professor-do-estrategia-e-um-dos-100-prodigios-do-mundo\/#breadcrumb","itemListElement":[{"@type":"ListItem","position":1,"name":"Home","item":"https:\/\/militares.estrategia.com\/portal\/"},{"@type":"ListItem","position":2,"name":"QG do Aprovado","item":"https:\/\/militares.estrategia.com\/portal\/qg-aprovado\/"},{"@type":"ListItem","position":3,"name":"Entrevistas","item":"https:\/\/militares.estrategia.com\/portal\/qg-aprovado\/entrevistas\/"},{"@type":"ListItem","position":4,"name":"Professor do Estrat\u00e9gia \u00e9 um dos 100 prod\u00edgios do mundo"}]},{"@type":"WebSite","@id":"https:\/\/militares.estrategia.com\/portal\/#website","url":"https:\/\/militares.estrategia.com\/portal\/","name":"Estrat\u00e9gia Militares","description":"","publisher":{"@id":"https:\/\/militares.estrategia.com\/portal\/#organization"},"potentialAction":[{"@type":"SearchAction","target":{"@type":"EntryPoint","urlTemplate":"https:\/\/militares.estrategia.com\/portal\/?s={search_term_string}"},"query-input":{"@type":"PropertyValueSpecification","valueRequired":true,"valueName":"search_term_string"}}],"inLanguage":"pt-BR"},{"@type":"Organization","@id":"https:\/\/militares.estrategia.com\/portal\/#organization","name":"Estrat\u00e9gia Militares","url":"https:\/\/militares.estrategia.com\/portal\/","logo":{"@type":"ImageObject","inLanguage":"pt-BR","@id":"https:\/\/militares.estrategia.com\/portal\/#\/schema\/logo\/image\/","url":"https:\/\/militares.estrategia.com\/portal\/wp-content\/uploads\/2021\/10\/logo-militares.webp","contentUrl":"https:\/\/militares.estrategia.com\/portal\/wp-content\/uploads\/2021\/10\/logo-militares.webp","width":346,"height":90,"caption":"Estrat\u00e9gia Militares"},"image":{"@id":"https:\/\/militares.estrategia.com\/portal\/#\/schema\/logo\/image\/"},"sameAs":["https:\/\/www.facebook.com\/EstrategiaMilitares","https:\/\/x.com\/estrategiamilit","https:\/\/www.instagram.com\/estrategiamilitares\/","https:\/\/www.youtube.com\/channel\/UCRG_9hakCqXxnj_8TqCdgTA"]},{"@type":"Person","@id":"https:\/\/militares.estrategia.com\/portal\/#\/schema\/person\/5cfd387108cd0cdefab7eea7a9735dcc","name":"Vanesca Soares","image":{"@type":"ImageObject","inLanguage":"pt-BR","@id":"https:\/\/militares.estrategia.com\/portal\/#\/schema\/person\/image\/","url":"https:\/\/militares.estrategia.com\/portal\/wp-content\/uploads\/2021\/10\/FB_IMG_1634215702135-150x150.webp","contentUrl":"https:\/\/militares.estrategia.com\/portal\/wp-content\/uploads\/2021\/10\/FB_IMG_1634215702135-150x150.webp","caption":"Vanesca Soares"},"description":"Vanesca Soares foi Primeiro Tenente da Marinha do Brasil. Jornalista de forma\u00e7\u00e3o, ama todas as artes, principalmente a Literatura e o Cinema. Capaz de ficar em casa lendo um bom livro ao inv\u00e9s de ir para a balada, entende que ler \u00e9 uma grande viagem. Ama filmes hist\u00f3ricos, biografias, drama, thrillers, terror e tudo sobre os anos 1980. Principalmente a m\u00fasica!","url":"https:\/\/militares.estrategia.com\/portal\/author\/vanesca-soares\/"}]}},"_wl_alt_label":[],"wl:entity_url":"https:\/\/data.wordlift.io\/wl110246\/post\/professor-do-estrategia-e-um-dos-100-prodigios-do-mundo-86745","_links":{"self":[{"href":"https:\/\/militares.estrategia.com\/portal\/wp-json\/wp\/v2\/posts\/86745","targetHints":{"allow":["GET"]}}],"collection":[{"href":"https:\/\/militares.estrategia.com\/portal\/wp-json\/wp\/v2\/posts"}],"about":[{"href":"https:\/\/militares.estrategia.com\/portal\/wp-json\/wp\/v2\/types\/post"}],"author":[{"embeddable":true,"href":"https:\/\/militares.estrategia.com\/portal\/wp-json\/wp\/v2\/users\/58"}],"replies":[{"embeddable":true,"href":"https:\/\/militares.estrategia.com\/portal\/wp-json\/wp\/v2\/comments?post=86745"}],"version-history":[{"count":14,"href":"https:\/\/militares.estrategia.com\/portal\/wp-json\/wp\/v2\/posts\/86745\/revisions"}],"predecessor-version":[{"id":86780,"href":"https:\/\/militares.estrategia.com\/portal\/wp-json\/wp\/v2\/posts\/86745\/revisions\/86780"}],"wp:featuredmedia":[{"embeddable":true,"href":"https:\/\/militares.estrategia.com\/portal\/wp-json\/wp\/v2\/media\/86749"}],"wp:attachment":[{"href":"https:\/\/militares.estrategia.com\/portal\/wp-json\/wp\/v2\/media?parent=86745"}],"wp:term":[{"taxonomy":"category","embeddable":true,"href":"https:\/\/militares.estrategia.com\/portal\/wp-json\/wp\/v2\/categories?post=86745"},{"taxonomy":"post_tag","embeddable":true,"href":"https:\/\/militares.estrategia.com\/portal\/wp-json\/wp\/v2\/tags?post=86745"},{"taxonomy":"wl_entity_type","embeddable":true,"href":"https:\/\/militares.estrategia.com\/portal\/wp-json\/wp\/v2\/wl_entity_type?post=86745"}],"curies":[{"name":"wp","href":"https:\/\/api.w.org\/{rel}","templated":true}]}}