{"id":84755,"date":"2025-04-16T16:38:27","date_gmt":"2025-04-16T19:38:27","guid":{"rendered":"https:\/\/militares.estrategia.com\/portal\/?p=84755"},"modified":"2025-04-16T16:38:32","modified_gmt":"2025-04-16T19:38:32","slug":"inscricoes-abertas-para-pos-graduacao-do-ita","status":"publish","type":"post","link":"https:\/\/militares.estrategia.com\/portal\/noticias\/inscricoes-abertas-para-pos-graduacao-do-ita\/","title":{"rendered":"Inscri\u00e7\u00f5es abertas para P\u00f3s-gradua\u00e7\u00e3o do ITA!"},"content":{"rendered":"\n<p>\u00a0O Instituto Tecnol\u00f3gico de Aeron\u00e1utica (ITA), localizado em S\u00e3o Jos\u00e9 dos Campos, em S\u00e3o Paulo, est\u00e1 com inscri\u00e7\u00f5es abertas para novos alunos nos cursos de Mestrado e Doutorado Acad\u00eamico. Os candidatos poder\u00e3o se inscrever gratuitamente at\u00e9 o dia 05 de maio de 2025, por meio do <a href=\"http:\/\/www.ita.br\/\" target=\"_blank\" >site oficial da institui\u00e7\u00e3o<\/a>. As vagas est\u00e3o distribu\u00eddas em seis programas de p\u00f3s-gradua\u00e7\u00e3o, com op\u00e7\u00f5es de dedica\u00e7\u00e3o integral ou parcial. Confira mais informa\u00e7\u00f5es a seguir! <\/p>\n\n\n<div id=\"new-form\">\n\t<form id=\"forms_layout\">\n\t<input type=\"hidden\" id=\"chave_de\" name=\"chave_de\" value=\"01_EMIL_LEADS_TOTAIS\" \/>\n\t\t<input type=\"hidden\" id=\"mid\" name=\"mid\" value=\"515009017\" \/>\n\t\t<input type=\"hidden\" id=\"Objetivo\" name=\"Objetivo\" value=\"Militares\" \/>\n\t\t<input type=\"hidden\" id=\"Estado_de_Origem_do_IP\" name=\"Estado_de_Origem_do_IP\"  value=\"\" \/>\n\t\t<input type=\"hidden\" id=\"Cidade_de_Origem_do_IP\" name=\"Cidade_de_Origem_do_IP\" value=\"\" \/>\n\t\t<input type=\"hidden\" id=\"Modo_de_entrada\" name=\"Modo_de_entrada\" value=\"Portal\" \/>\n\t\t<input type=\"hidden\" id=\"Pagina_Origem\" name=\"Pagina_Origem\" value=\"\" \/>\n\n\t\t<div class=\"texto\">\n\t\t\t<h3 class=\"news\">Inscreva-se em nossa newsletter!<\/h3>\n\t\t\t<p>Receba not\u00edcias sobre os mais importantes concursos para as For\u00e7as Armadas brasileiras e informa\u00e7\u00f5es sobre o mundo militar!<\/p>\n\t\t<\/div>\n\t\t<div class=\"campos\">\n\t\t\t<div class=\"first_name labels\">\n\t\t\t\t<input type=\"text\" class=\"input_labels\" id=\"first_name\" name=\"Nome_Completo\" placeholder=\"Nome\" required \/>\n\t\t\t<\/div>\n\t\t\t<div class=\"email labels\">\n\t\t\t\t<input type=\"email\" class=\"input_labels\" id=\"email\" name=\"Email\" placeholder=\"E-mail\" required \/>\n\t\t\t<\/div>\n\t\t\t<button type=\"submit\" class=\"button_layout\">\n\t\t\t\t<div id=\"lblBotao\">Inscreva-se<\/div>\n\t\t\t\t<span id=\"divSpiner\" class=\"loader\" role=\"status\" style=\"display: none;\"><\/span>\t\n\t\t\t<\/button>\n\t\t<\/div><!-- \/campos -->\n\t\t\n\t\t<label class=\"container_checkbox\">Voc\u00ea concorda com a nossa\n\t\t\t<a class=\"politics_privacy_ahref\" target=\"_blank\" href=\"https:\/\/gratis.estrategiaconcursos.com.br\/politica-de-privacidade\/\">Pol\u00edtica de Privacidade<\/a> e aceita receber informa\u00e7\u00f5es adicionais do Estrat\u00e9gia Educacional.\n\t\t\t<input id=\"checkbox_layout\" type=\"checkbox\" checked=\"checked\" required \/>\n\t\t\t<span class=\"checkbox\"><\/span>\n\t\t<\/label>\n\t\t<div id=\"msg\"><\/div>\n\t\t<div id=\"error\" class=\"error\">\n\t\t<\/div>\n\t<\/form>\n<\/div><!-- \/new-form -->\n\n\n\n<p>Para participar do processo seletivo para a P\u00f3s-gradua\u00e7\u00e3o do ITA, \u00e9 necess\u00e1rio apresentar documentos como: <\/p>\n\n\n\n<ul class=\"wp-block-list\">\n<li>Diploma de gradua\u00e7\u00e3o ou uma declara\u00e7\u00e3o de conclus\u00e3o de curso \u2014 desde que a data final esteja dentro do prazo de matr\u00edcula; <\/li>\n\n\n\n<li>Hist\u00f3rico escolar; e <\/li>\n\n\n\n<li>Uma proposta preliminar de pesquisa. <\/li>\n<\/ul>\n\n\n\n<p>A lista completa dos documentos exigidos est\u00e1 dispon\u00edvel no\u00a0<a href=\"http:\/\/www.ita.br\/posgrad\/procseletivo\" target=\"_blank\" >portal do ITA<\/a>. As candidaturas est\u00e3o abertas a civis e militares, brasileiros ou estrangeiros.<\/p>\n\n\n\n<p>O processo seletivo inclui uma prova de matem\u00e1tica b\u00e1sica, que ser\u00e1 aplicada on-line no dia 19 de maio. Ela contar\u00e1 com 16 quest\u00f5es, todas com enunciado em ingl\u00eas. <\/p>\n\n\n\n<p>Os candidatos ao mestrado tamb\u00e9m far\u00e3o uma avalia\u00e7\u00e3o de conhecimentos b\u00e1sicos da l\u00edngua inglesa. Os inscritos no doutorado com dedica\u00e7\u00e3o integral dever\u00e3o apresentar, no momento da matr\u00edcula, certificados de profici\u00eancia no idioma.<\/p>\n\n\n\n<p>As vagas estavam abertas para os seguintes programas: <\/p>\n\n\n\n<ul class=\"wp-block-list\">\n<li>Engenharia Mec\u00e2nica e Aeron\u00e1utica (PG\/EAM); <\/li>\n\n\n\n<li>Engenharia Eletr\u00f4nica e Computa\u00e7\u00e3o (PG\/EEC); <\/li>\n\n\n\n<li>Engenharia de Infraestrutura Aeron\u00e1utica (PG\/EIA); <\/li>\n\n\n\n<li>F\u00edsica (PG\/FIS); <\/li>\n\n\n\n<li>Ci\u00eancias e Tecnologias Espaciais (PG\/CTE), em associa\u00e7\u00e3o com o Instituto de Aeron\u00e1utica e Espa\u00e7o (IAE) e o Instituto de Estudos Avan\u00e7ados (IEAv); e<\/li>\n\n\n\n<li>Pesquisa Operacional (PG\/PO), em parceria com a Universidade Federal de S\u00e3o Paulo (UNIFESP). <\/li>\n<\/ul>\n\n\n\n<p>O resultado com os nomes dos aprovados ser\u00e1 divulgado no site do ITA a partir do dia 23 de junho de 2025.<\/p>\n\n\n\n<p>Estude com o Estrat\u00e9gia Militares e conquiste sua vaga em um dos vestibulares mais dif\u00edceis do pa\u00eds! Conhe\u00e7a nossos cursos para o ITA clicando no banner abaixo! <\/p>\n\n\n\n<a id=\"cta\" class=\"cta-imagem\" href=\"https:\/\/militares.estrategia.com\/curso\/pacote-extensivo-ita\/\" target=\"blank\">\n                <img decoding=\"async\" width=\"100%\" src=\"https:\/\/militares.estrategia.com\/portal\/wp-content\/uploads\/2023\/06\/CTA-ITA.jpg\" alt=\"CTA ITA\" title=\"CTA ITA\">\n        <\/a>\n\n\n\n<h2 class=\"wp-block-heading\" id=\"h-fontes\">Fontes<\/h2>\n\n\n\n<p>Ag\u00eancia For\u00e7a A\u00e9rea<\/p>\n\n\n\n<p>ITA &#8211; Tenente Leonardo<\/p>\n\n\n\n<p>Fotos: ITA<\/p>\n","protected":false},"excerpt":{"rendered":"\u00a0O Instituto Tecnol\u00f3gico de Aeron\u00e1utica (ITA), localizado em S\u00e3o Jos\u00e9 dos Campos, em S\u00e3o Paulo, est\u00e1 com inscri\u00e7\u00f5es&hellip;\n","protected":false},"author":58,"featured_media":84757,"comment_status":"closed","ping_status":"closed","sticky":false,"template":"","format":"standard","meta":{"wl_entities_gutenberg":"","footnotes":""},"categories":[36],"tags":[322,162,161,271,107],"wl_entity_type":[187],"class_list":{"0":"post-84755","1":"post","2":"type-post","3":"status-publish","4":"format-standard","5":"has-post-thumbnail","7":"category-noticias","8":"tag-322","9":"tag-carreiramilitar","10":"tag-concursosmilitares","11":"tag-fab","12":"tag-ita","13":"wl_entity_type-article"},"acf":[],"yoast_head":"<!-- This site is optimized with the Yoast SEO Premium plugin v26.6 (Yoast SEO v26.6) - https:\/\/yoast.com\/wordpress\/plugins\/seo\/ -->\n<title>Inscri\u00e7\u00f5es abertas para P\u00f3s-gradua\u00e7\u00e3o do ITA!<\/title>\n<meta name=\"description\" content=\"O ITA est\u00e1 com inscri\u00e7\u00f5es abertas para seus cursos de Mestrado e Doutorado at\u00e9 o dia 05 de maio de 2025! Saiba mais!\" \/>\n<meta name=\"robots\" content=\"index, follow, max-snippet:-1, max-image-preview:large, max-video-preview:-1\" \/>\n<link rel=\"canonical\" href=\"https:\/\/militares.estrategia.com\/portal\/noticias\/inscricoes-abertas-para-pos-graduacao-do-ita\/\" \/>\n<meta property=\"og:locale\" content=\"pt_BR\" \/>\n<meta property=\"og:type\" content=\"article\" \/>\n<meta property=\"og:title\" content=\"Inscri\u00e7\u00f5es abertas para P\u00f3s-gradua\u00e7\u00e3o do ITA!\" \/>\n<meta property=\"og:description\" content=\"O ITA est\u00e1 com inscri\u00e7\u00f5es abertas para seus cursos de Mestrado e Doutorado at\u00e9 o dia 05 de maio de 2025! Saiba mais!\" \/>\n<meta property=\"og:url\" content=\"https:\/\/militares.estrategia.com\/portal\/noticias\/inscricoes-abertas-para-pos-graduacao-do-ita\/\" \/>\n<meta property=\"og:site_name\" content=\"Estrat\u00e9gia Militares\" \/>\n<meta property=\"article:publisher\" content=\"https:\/\/www.facebook.com\/EstrategiaMilitares\" \/>\n<meta property=\"article:published_time\" content=\"2025-04-16T19:38:27+00:00\" \/>\n<meta property=\"article:modified_time\" content=\"2025-04-16T19:38:32+00:00\" \/>\n<meta property=\"og:image\" content=\"https:\/\/militares.estrategia.com\/portal\/wp-content\/uploads\/2025\/04\/i254910423901028.jpg\" \/>\n\t<meta property=\"og:image:width\" content=\"600\" \/>\n\t<meta property=\"og:image:height\" content=\"450\" \/>\n\t<meta property=\"og:image:type\" content=\"image\/jpeg\" \/>\n<meta name=\"author\" content=\"Vanesca Soares\" \/>\n<meta name=\"twitter:card\" content=\"summary_large_image\" \/>\n<meta name=\"twitter:creator\" content=\"@estrategiamilit\" \/>\n<meta name=\"twitter:site\" content=\"@estrategiamilit\" \/>\n<meta name=\"twitter:label1\" content=\"Escrito por\" \/>\n\t<meta name=\"twitter:data1\" content=\"Vanesca Soares\" \/>\n\t<meta name=\"twitter:label2\" content=\"Est. tempo de leitura\" \/>\n\t<meta name=\"twitter:data2\" content=\"2 minutos\" \/>\n<script type=\"application\/ld+json\" class=\"yoast-schema-graph\">{\"@context\":\"https:\/\/schema.org\",\"@graph\":[{\"@type\":\"NewsArticle\",\"@id\":\"https:\/\/militares.estrategia.com\/portal\/noticias\/inscricoes-abertas-para-pos-graduacao-do-ita\/#article\",\"isPartOf\":{\"@id\":\"https:\/\/militares.estrategia.com\/portal\/noticias\/inscricoes-abertas-para-pos-graduacao-do-ita\/\"},\"author\":{\"name\":\"Vanesca Soares\",\"@id\":\"https:\/\/militares.estrategia.com\/portal\/#\/schema\/person\/5cfd387108cd0cdefab7eea7a9735dcc\"},\"headline\":\"Inscri\u00e7\u00f5es abertas para P\u00f3s-gradua\u00e7\u00e3o do ITA!\",\"datePublished\":\"2025-04-16T19:38:27+00:00\",\"dateModified\":\"2025-04-16T19:38:32+00:00\",\"mainEntityOfPage\":{\"@id\":\"https:\/\/militares.estrategia.com\/portal\/noticias\/inscricoes-abertas-para-pos-graduacao-do-ita\/\"},\"wordCount\":386,\"publisher\":{\"@id\":\"https:\/\/militares.estrategia.com\/portal\/#organization\"},\"image\":{\"@id\":\"https:\/\/militares.estrategia.com\/portal\/noticias\/inscricoes-abertas-para-pos-graduacao-do-ita\/#primaryimage\"},\"thumbnailUrl\":\"https:\/\/militares.estrategia.com\/portal\/wp-content\/uploads\/2025\/04\/i254910423901028.jpg\",\"keywords\":[\"2025\",\"carreiramilitar\",\"ConcursosMilitares\",\"FAB\",\"ITA\"],\"articleSection\":[\"Not\u00edcias\"],\"inLanguage\":\"pt-BR\"},{\"@type\":\"WebPage\",\"@id\":\"https:\/\/militares.estrategia.com\/portal\/noticias\/inscricoes-abertas-para-pos-graduacao-do-ita\/\",\"url\":\"https:\/\/militares.estrategia.com\/portal\/noticias\/inscricoes-abertas-para-pos-graduacao-do-ita\/\",\"name\":\"Inscri\u00e7\u00f5es abertas para P\u00f3s-gradua\u00e7\u00e3o do ITA!\",\"isPartOf\":{\"@id\":\"https:\/\/militares.estrategia.com\/portal\/#website\"},\"primaryImageOfPage\":{\"@id\":\"https:\/\/militares.estrategia.com\/portal\/noticias\/inscricoes-abertas-para-pos-graduacao-do-ita\/#primaryimage\"},\"image\":{\"@id\":\"https:\/\/militares.estrategia.com\/portal\/noticias\/inscricoes-abertas-para-pos-graduacao-do-ita\/#primaryimage\"},\"thumbnailUrl\":\"https:\/\/militares.estrategia.com\/portal\/wp-content\/uploads\/2025\/04\/i254910423901028.jpg\",\"datePublished\":\"2025-04-16T19:38:27+00:00\",\"dateModified\":\"2025-04-16T19:38:32+00:00\",\"description\":\"O ITA est\u00e1 com inscri\u00e7\u00f5es abertas para seus cursos de Mestrado e Doutorado at\u00e9 o dia 05 de maio de 2025! Saiba mais!\",\"breadcrumb\":{\"@id\":\"https:\/\/militares.estrategia.com\/portal\/noticias\/inscricoes-abertas-para-pos-graduacao-do-ita\/#breadcrumb\"},\"inLanguage\":\"pt-BR\",\"potentialAction\":[{\"@type\":\"ReadAction\",\"target\":[\"https:\/\/militares.estrategia.com\/portal\/noticias\/inscricoes-abertas-para-pos-graduacao-do-ita\/\"]}]},{\"@type\":\"ImageObject\",\"inLanguage\":\"pt-BR\",\"@id\":\"https:\/\/militares.estrategia.com\/portal\/noticias\/inscricoes-abertas-para-pos-graduacao-do-ita\/#primaryimage\",\"url\":\"https:\/\/militares.estrategia.com\/portal\/wp-content\/uploads\/2025\/04\/i254910423901028.jpg\",\"contentUrl\":\"https:\/\/militares.estrategia.com\/portal\/wp-content\/uploads\/2025\/04\/i254910423901028.jpg\",\"width\":600,\"height\":450},{\"@type\":\"BreadcrumbList\",\"@id\":\"https:\/\/militares.estrategia.com\/portal\/noticias\/inscricoes-abertas-para-pos-graduacao-do-ita\/#breadcrumb\",\"itemListElement\":[{\"@type\":\"ListItem\",\"position\":1,\"name\":\"Home\",\"item\":\"https:\/\/militares.estrategia.com\/portal\/\"},{\"@type\":\"ListItem\",\"position\":2,\"name\":\"Not\u00edcias\",\"item\":\"https:\/\/militares.estrategia.com\/portal\/noticias\/\"},{\"@type\":\"ListItem\",\"position\":3,\"name\":\"Inscri\u00e7\u00f5es abertas para P\u00f3s-gradua\u00e7\u00e3o do ITA!\"}]},{\"@type\":\"WebSite\",\"@id\":\"https:\/\/militares.estrategia.com\/portal\/#website\",\"url\":\"https:\/\/militares.estrategia.com\/portal\/\",\"name\":\"Estrat\u00e9gia Militares\",\"description\":\"\",\"publisher\":{\"@id\":\"https:\/\/militares.estrategia.com\/portal\/#organization\"},\"potentialAction\":[{\"@type\":\"SearchAction\",\"target\":{\"@type\":\"EntryPoint\",\"urlTemplate\":\"https:\/\/militares.estrategia.com\/portal\/?s={search_term_string}\"},\"query-input\":{\"@type\":\"PropertyValueSpecification\",\"valueRequired\":true,\"valueName\":\"search_term_string\"}}],\"inLanguage\":\"pt-BR\"},{\"@type\":\"Organization\",\"@id\":\"https:\/\/militares.estrategia.com\/portal\/#organization\",\"name\":\"Estrat\u00e9gia Militares\",\"url\":\"https:\/\/militares.estrategia.com\/portal\/\",\"logo\":{\"@type\":\"ImageObject\",\"inLanguage\":\"pt-BR\",\"@id\":\"https:\/\/militares.estrategia.com\/portal\/#\/schema\/logo\/image\/\",\"url\":\"https:\/\/militares.estrategia.com\/portal\/wp-content\/uploads\/2021\/10\/logo-militares.webp\",\"contentUrl\":\"https:\/\/militares.estrategia.com\/portal\/wp-content\/uploads\/2021\/10\/logo-militares.webp\",\"width\":346,\"height\":90,\"caption\":\"Estrat\u00e9gia Militares\"},\"image\":{\"@id\":\"https:\/\/militares.estrategia.com\/portal\/#\/schema\/logo\/image\/\"},\"sameAs\":[\"https:\/\/www.facebook.com\/EstrategiaMilitares\",\"https:\/\/x.com\/estrategiamilit\",\"https:\/\/www.instagram.com\/estrategiamilitares\/\",\"https:\/\/www.youtube.com\/channel\/UCRG_9hakCqXxnj_8TqCdgTA\"]},{\"@type\":\"Person\",\"@id\":\"https:\/\/militares.estrategia.com\/portal\/#\/schema\/person\/5cfd387108cd0cdefab7eea7a9735dcc\",\"name\":\"Vanesca Soares\",\"image\":{\"@type\":\"ImageObject\",\"inLanguage\":\"pt-BR\",\"@id\":\"https:\/\/militares.estrategia.com\/portal\/#\/schema\/person\/image\/\",\"url\":\"https:\/\/militares.estrategia.com\/portal\/wp-content\/uploads\/2021\/10\/FB_IMG_1634215702135-150x150.webp\",\"contentUrl\":\"https:\/\/militares.estrategia.com\/portal\/wp-content\/uploads\/2021\/10\/FB_IMG_1634215702135-150x150.webp\",\"caption\":\"Vanesca Soares\"},\"description\":\"Vanesca Soares foi Primeiro Tenente da Marinha do Brasil. Jornalista de forma\u00e7\u00e3o, ama todas as artes, principalmente a Literatura e o Cinema. Capaz de ficar em casa lendo um bom livro ao inv\u00e9s de ir para a balada, entende que ler \u00e9 uma grande viagem. Ama filmes hist\u00f3ricos, biografias, drama, thrillers, terror e tudo sobre os anos 1980. Principalmente a m\u00fasica!\",\"url\":\"https:\/\/militares.estrategia.com\/portal\/author\/vanesca-soares\/\"}]}<\/script>\n<!-- \/ Yoast SEO Premium plugin. -->","yoast_head_json":{"title":"Inscri\u00e7\u00f5es abertas para P\u00f3s-gradua\u00e7\u00e3o do ITA!","description":"O ITA est\u00e1 com inscri\u00e7\u00f5es abertas para seus cursos de Mestrado e Doutorado at\u00e9 o dia 05 de maio de 2025! Saiba mais!","robots":{"index":"index","follow":"follow","max-snippet":"max-snippet:-1","max-image-preview":"max-image-preview:large","max-video-preview":"max-video-preview:-1"},"canonical":"https:\/\/militares.estrategia.com\/portal\/noticias\/inscricoes-abertas-para-pos-graduacao-do-ita\/","og_locale":"pt_BR","og_type":"article","og_title":"Inscri\u00e7\u00f5es abertas para P\u00f3s-gradua\u00e7\u00e3o do ITA!","og_description":"O ITA est\u00e1 com inscri\u00e7\u00f5es abertas para seus cursos de Mestrado e Doutorado at\u00e9 o dia 05 de maio de 2025! Saiba mais!","og_url":"https:\/\/militares.estrategia.com\/portal\/noticias\/inscricoes-abertas-para-pos-graduacao-do-ita\/","og_site_name":"Estrat\u00e9gia Militares","article_publisher":"https:\/\/www.facebook.com\/EstrategiaMilitares","article_published_time":"2025-04-16T19:38:27+00:00","article_modified_time":"2025-04-16T19:38:32+00:00","og_image":[{"width":600,"height":450,"url":"https:\/\/militares.estrategia.com\/portal\/wp-content\/uploads\/2025\/04\/i254910423901028.jpg","type":"image\/jpeg"}],"author":"Vanesca Soares","twitter_card":"summary_large_image","twitter_creator":"@estrategiamilit","twitter_site":"@estrategiamilit","twitter_misc":{"Escrito por":"Vanesca Soares","Est. tempo de leitura":"2 minutos"},"schema":{"@context":"https:\/\/schema.org","@graph":[{"@type":"NewsArticle","@id":"https:\/\/militares.estrategia.com\/portal\/noticias\/inscricoes-abertas-para-pos-graduacao-do-ita\/#article","isPartOf":{"@id":"https:\/\/militares.estrategia.com\/portal\/noticias\/inscricoes-abertas-para-pos-graduacao-do-ita\/"},"author":{"name":"Vanesca Soares","@id":"https:\/\/militares.estrategia.com\/portal\/#\/schema\/person\/5cfd387108cd0cdefab7eea7a9735dcc"},"headline":"Inscri\u00e7\u00f5es abertas para P\u00f3s-gradua\u00e7\u00e3o do ITA!","datePublished":"2025-04-16T19:38:27+00:00","dateModified":"2025-04-16T19:38:32+00:00","mainEntityOfPage":{"@id":"https:\/\/militares.estrategia.com\/portal\/noticias\/inscricoes-abertas-para-pos-graduacao-do-ita\/"},"wordCount":386,"publisher":{"@id":"https:\/\/militares.estrategia.com\/portal\/#organization"},"image":{"@id":"https:\/\/militares.estrategia.com\/portal\/noticias\/inscricoes-abertas-para-pos-graduacao-do-ita\/#primaryimage"},"thumbnailUrl":"https:\/\/militares.estrategia.com\/portal\/wp-content\/uploads\/2025\/04\/i254910423901028.jpg","keywords":["2025","carreiramilitar","ConcursosMilitares","FAB","ITA"],"articleSection":["Not\u00edcias"],"inLanguage":"pt-BR"},{"@type":"WebPage","@id":"https:\/\/militares.estrategia.com\/portal\/noticias\/inscricoes-abertas-para-pos-graduacao-do-ita\/","url":"https:\/\/militares.estrategia.com\/portal\/noticias\/inscricoes-abertas-para-pos-graduacao-do-ita\/","name":"Inscri\u00e7\u00f5es abertas para P\u00f3s-gradua\u00e7\u00e3o do ITA!","isPartOf":{"@id":"https:\/\/militares.estrategia.com\/portal\/#website"},"primaryImageOfPage":{"@id":"https:\/\/militares.estrategia.com\/portal\/noticias\/inscricoes-abertas-para-pos-graduacao-do-ita\/#primaryimage"},"image":{"@id":"https:\/\/militares.estrategia.com\/portal\/noticias\/inscricoes-abertas-para-pos-graduacao-do-ita\/#primaryimage"},"thumbnailUrl":"https:\/\/militares.estrategia.com\/portal\/wp-content\/uploads\/2025\/04\/i254910423901028.jpg","datePublished":"2025-04-16T19:38:27+00:00","dateModified":"2025-04-16T19:38:32+00:00","description":"O ITA est\u00e1 com inscri\u00e7\u00f5es abertas para seus cursos de Mestrado e Doutorado at\u00e9 o dia 05 de maio de 2025! Saiba mais!","breadcrumb":{"@id":"https:\/\/militares.estrategia.com\/portal\/noticias\/inscricoes-abertas-para-pos-graduacao-do-ita\/#breadcrumb"},"inLanguage":"pt-BR","potentialAction":[{"@type":"ReadAction","target":["https:\/\/militares.estrategia.com\/portal\/noticias\/inscricoes-abertas-para-pos-graduacao-do-ita\/"]}]},{"@type":"ImageObject","inLanguage":"pt-BR","@id":"https:\/\/militares.estrategia.com\/portal\/noticias\/inscricoes-abertas-para-pos-graduacao-do-ita\/#primaryimage","url":"https:\/\/militares.estrategia.com\/portal\/wp-content\/uploads\/2025\/04\/i254910423901028.jpg","contentUrl":"https:\/\/militares.estrategia.com\/portal\/wp-content\/uploads\/2025\/04\/i254910423901028.jpg","width":600,"height":450},{"@type":"BreadcrumbList","@id":"https:\/\/militares.estrategia.com\/portal\/noticias\/inscricoes-abertas-para-pos-graduacao-do-ita\/#breadcrumb","itemListElement":[{"@type":"ListItem","position":1,"name":"Home","item":"https:\/\/militares.estrategia.com\/portal\/"},{"@type":"ListItem","position":2,"name":"Not\u00edcias","item":"https:\/\/militares.estrategia.com\/portal\/noticias\/"},{"@type":"ListItem","position":3,"name":"Inscri\u00e7\u00f5es abertas para P\u00f3s-gradua\u00e7\u00e3o do ITA!"}]},{"@type":"WebSite","@id":"https:\/\/militares.estrategia.com\/portal\/#website","url":"https:\/\/militares.estrategia.com\/portal\/","name":"Estrat\u00e9gia Militares","description":"","publisher":{"@id":"https:\/\/militares.estrategia.com\/portal\/#organization"},"potentialAction":[{"@type":"SearchAction","target":{"@type":"EntryPoint","urlTemplate":"https:\/\/militares.estrategia.com\/portal\/?s={search_term_string}"},"query-input":{"@type":"PropertyValueSpecification","valueRequired":true,"valueName":"search_term_string"}}],"inLanguage":"pt-BR"},{"@type":"Organization","@id":"https:\/\/militares.estrategia.com\/portal\/#organization","name":"Estrat\u00e9gia Militares","url":"https:\/\/militares.estrategia.com\/portal\/","logo":{"@type":"ImageObject","inLanguage":"pt-BR","@id":"https:\/\/militares.estrategia.com\/portal\/#\/schema\/logo\/image\/","url":"https:\/\/militares.estrategia.com\/portal\/wp-content\/uploads\/2021\/10\/logo-militares.webp","contentUrl":"https:\/\/militares.estrategia.com\/portal\/wp-content\/uploads\/2021\/10\/logo-militares.webp","width":346,"height":90,"caption":"Estrat\u00e9gia Militares"},"image":{"@id":"https:\/\/militares.estrategia.com\/portal\/#\/schema\/logo\/image\/"},"sameAs":["https:\/\/www.facebook.com\/EstrategiaMilitares","https:\/\/x.com\/estrategiamilit","https:\/\/www.instagram.com\/estrategiamilitares\/","https:\/\/www.youtube.com\/channel\/UCRG_9hakCqXxnj_8TqCdgTA"]},{"@type":"Person","@id":"https:\/\/militares.estrategia.com\/portal\/#\/schema\/person\/5cfd387108cd0cdefab7eea7a9735dcc","name":"Vanesca Soares","image":{"@type":"ImageObject","inLanguage":"pt-BR","@id":"https:\/\/militares.estrategia.com\/portal\/#\/schema\/person\/image\/","url":"https:\/\/militares.estrategia.com\/portal\/wp-content\/uploads\/2021\/10\/FB_IMG_1634215702135-150x150.webp","contentUrl":"https:\/\/militares.estrategia.com\/portal\/wp-content\/uploads\/2021\/10\/FB_IMG_1634215702135-150x150.webp","caption":"Vanesca Soares"},"description":"Vanesca Soares foi Primeiro Tenente da Marinha do Brasil. Jornalista de forma\u00e7\u00e3o, ama todas as artes, principalmente a Literatura e o Cinema. Capaz de ficar em casa lendo um bom livro ao inv\u00e9s de ir para a balada, entende que ler \u00e9 uma grande viagem. Ama filmes hist\u00f3ricos, biografias, drama, thrillers, terror e tudo sobre os anos 1980. Principalmente a m\u00fasica!","url":"https:\/\/militares.estrategia.com\/portal\/author\/vanesca-soares\/"}]}},"_wl_alt_label":[],"wl:entity_url":"https:\/\/data.wordlift.io\/wl110246\/post\/inscricoes-abertas-para-pos-graduacao-do-ita-84755","_links":{"self":[{"href":"https:\/\/militares.estrategia.com\/portal\/wp-json\/wp\/v2\/posts\/84755","targetHints":{"allow":["GET"]}}],"collection":[{"href":"https:\/\/militares.estrategia.com\/portal\/wp-json\/wp\/v2\/posts"}],"about":[{"href":"https:\/\/militares.estrategia.com\/portal\/wp-json\/wp\/v2\/types\/post"}],"author":[{"embeddable":true,"href":"https:\/\/militares.estrategia.com\/portal\/wp-json\/wp\/v2\/users\/58"}],"replies":[{"embeddable":true,"href":"https:\/\/militares.estrategia.com\/portal\/wp-json\/wp\/v2\/comments?post=84755"}],"version-history":[{"count":2,"href":"https:\/\/militares.estrategia.com\/portal\/wp-json\/wp\/v2\/posts\/84755\/revisions"}],"predecessor-version":[{"id":84758,"href":"https:\/\/militares.estrategia.com\/portal\/wp-json\/wp\/v2\/posts\/84755\/revisions\/84758"}],"wp:featuredmedia":[{"embeddable":true,"href":"https:\/\/militares.estrategia.com\/portal\/wp-json\/wp\/v2\/media\/84757"}],"wp:attachment":[{"href":"https:\/\/militares.estrategia.com\/portal\/wp-json\/wp\/v2\/media?parent=84755"}],"wp:term":[{"taxonomy":"category","embeddable":true,"href":"https:\/\/militares.estrategia.com\/portal\/wp-json\/wp\/v2\/categories?post=84755"},{"taxonomy":"post_tag","embeddable":true,"href":"https:\/\/militares.estrategia.com\/portal\/wp-json\/wp\/v2\/tags?post=84755"},{"taxonomy":"wl_entity_type","embeddable":true,"href":"https:\/\/militares.estrategia.com\/portal\/wp-json\/wp\/v2\/wl_entity_type?post=84755"}],"curies":[{"name":"wp","href":"https:\/\/api.w.org\/{rel}","templated":true}]}}