{"id":84648,"date":"2025-04-14T16:21:21","date_gmt":"2025-04-14T19:21:21","guid":{"rendered":"https:\/\/militares.estrategia.com\/portal\/?p=84648"},"modified":"2025-04-14T16:36:28","modified_gmt":"2025-04-14T19:36:28","slug":"ita-conclui-ultima-etapa-de-construcao-de-alojamentos","status":"publish","type":"post","link":"https:\/\/militares.estrategia.com\/portal\/noticias\/ita-conclui-ultima-etapa-de-construcao-de-alojamentos\/","title":{"rendered":"ITA conclui \u00faltima etapa de constru\u00e7\u00e3o de alojamentos"},"content":{"rendered":"\n<p>A For\u00e7a A\u00e9rea divulgou que a \u00faltima etapa de amplia\u00e7\u00e3o dos alojamentos para alunos de gradua\u00e7\u00e3o do ITA foi conclu\u00edda recentemente. A iniciativa \u00e9 fruto de uma parceria entre a FAB e o Minist\u00e9rio da Educa\u00e7\u00e3o (MEC). Saiba mais informa\u00e7\u00f5es a seguir!\u00a0<\/p>\n\n\n<div id=\"new-form\">\n\t<form id=\"forms_layout\">\n\t<input type=\"hidden\" id=\"chave_de\" name=\"chave_de\" value=\"01_EMIL_LEADS_TOTAIS\" \/>\n\t\t<input type=\"hidden\" id=\"mid\" name=\"mid\" value=\"515009017\" \/>\n\t\t<input type=\"hidden\" id=\"Objetivo\" name=\"Objetivo\" value=\"Militares\" \/>\n\t\t<input type=\"hidden\" id=\"Estado_de_Origem_do_IP\" name=\"Estado_de_Origem_do_IP\"  value=\"\" \/>\n\t\t<input type=\"hidden\" id=\"Cidade_de_Origem_do_IP\" name=\"Cidade_de_Origem_do_IP\" value=\"\" \/>\n\t\t<input type=\"hidden\" id=\"Modo_de_entrada\" name=\"Modo_de_entrada\" value=\"Portal\" \/>\n\t\t<input type=\"hidden\" id=\"Pagina_Origem\" name=\"Pagina_Origem\" value=\"\" \/>\n\n\t\t<div class=\"texto\">\n\t\t\t<h3 class=\"news\">Inscreva-se em nossa newsletter!<\/h3>\n\t\t\t<p>Receba not\u00edcias sobre os mais importantes concursos para as For\u00e7as Armadas brasileiras e informa\u00e7\u00f5es sobre o mundo militar!<\/p>\n\t\t<\/div>\n\t\t<div class=\"campos\">\n\t\t\t<div class=\"first_name labels\">\n\t\t\t\t<input type=\"text\" class=\"input_labels\" id=\"first_name\" name=\"Nome_Completo\" placeholder=\"Nome\" required \/>\n\t\t\t<\/div>\n\t\t\t<div class=\"email labels\">\n\t\t\t\t<input type=\"email\" class=\"input_labels\" id=\"email\" name=\"Email\" placeholder=\"E-mail\" required \/>\n\t\t\t<\/div>\n\t\t\t<button type=\"submit\" class=\"button_layout\">\n\t\t\t\t<div id=\"lblBotao\">Inscreva-se<\/div>\n\t\t\t\t<span id=\"divSpiner\" class=\"loader\" role=\"status\" style=\"display: none;\"><\/span>\t\n\t\t\t<\/button>\n\t\t<\/div><!-- \/campos -->\n\t\t\n\t\t<label class=\"container_checkbox\">Voc\u00ea concorda com a nossa\n\t\t\t<a class=\"politics_privacy_ahref\" target=\"_blank\" href=\"https:\/\/gratis.estrategiaconcursos.com.br\/politica-de-privacidade\/\">Pol\u00edtica de Privacidade<\/a> e aceita receber informa\u00e7\u00f5es adicionais do Estrat\u00e9gia Educacional.\n\t\t\t<input id=\"checkbox_layout\" type=\"checkbox\" checked=\"checked\" required \/>\n\t\t\t<span class=\"checkbox\"><\/span>\n\t\t<\/label>\n\t\t<div id=\"msg\"><\/div>\n\t\t<div id=\"error\" class=\"error\">\n\t\t<\/div>\n\t<\/form>\n<\/div><!-- \/new-form -->\n\n\n\n<p>Foram entregues dois novos blocos de alojamentos, com o total de 48 apartamentos no ITA, localizado em S\u00e3o Jos\u00e9 dos Campos, em S\u00e3o Paulo. As obras foram feitas pelo Servi\u00e7o Regional de Infraestrutura da Aeron\u00e1utica de S\u00e3o Jos\u00e9 dos Campos (SERINFRA-SJ).&nbsp;<\/p>\n\n\n\n<p>Com a nova estrutura, a capacidade de moradia estudantil ser\u00e1 ampliada, principalmente com a&nbsp; chegada da primeira turma que ingressar\u00e1 no futuro campus do ITA em Fortaleza.<\/p>\n\n\n\n<p>Com o fim das obras, o ITA passou a contar com seis novos blocos de alojamentos, alcan\u00e7ando um total de 432 vagas na resid\u00eancia estudantil. Durante a primeira fase das obras, que come\u00e7ou em 2020, incluiu quatro blocos que contaram com um investimento de R$ 52,8 milh\u00f5es do MEC. A etapa final da amplia\u00e7\u00e3o recebeu mais R$ 20,7 milh\u00f5es do Governo Federal.<\/p>\n\n\n\n<div id=\"ez-toc-container\" class=\"ez-toc-v2_0_79_2 counter-hierarchy ez-toc-counter ez-toc-transparent ez-toc-container-direction\">\n<div class=\"ez-toc-title-container\"><p class=\"ez-toc-title\" style=\"cursor:inherit\">Navegue pelo conte\u00fado\t<\/p>\n<\/div><nav><ul class='ez-toc-list ez-toc-list-level-1 ' ><ul class='ez-toc-list-level-2' ><li class='ez-toc-heading-level-2'><a class=\"ez-toc-link ez-toc-heading-1\" href=\"https:\/\/militares.estrategia.com\/portal\/noticias\/ita-conclui-ultima-etapa-de-construcao-de-alojamentos\/#H8-%E2%80%93-alojamentos-dos-alunos-do-ITA\" >H8 &#8211; alojamentos dos alunos do ITA<\/a><\/li><\/ul><\/li><li class='ez-toc-page-1 ez-toc-heading-level-1'><a class=\"ez-toc-link ez-toc-heading-2\" href=\"https:\/\/militares.estrategia.com\/portal\/noticias\/ita-conclui-ultima-etapa-de-construcao-de-alojamentos\/#Fonte\" >Fonte<\/a><\/li><\/ul><\/nav><\/div>\n<h2 class=\"wp-block-heading\" id=\"h-h8-alojamentos-dos-alunos-do-ita\"><span class=\"ez-toc-section\" id=\"H8-%E2%80%93-alojamentos-dos-alunos-do-ITA\"><\/span>H8 &#8211; alojamentos dos alunos do ITA<span class=\"ez-toc-section-end\"><\/span><\/h2>\n\n\n\n<p>Os novos alojamentos foram projetados com foco em responsabilidade ambiental, conforto e inova\u00e7\u00e3o. Os novos blocos contemplam solu\u00e7\u00f5es de efici\u00eancia energ\u00e9tica e economia de \u00e1gua, atendendo aos mais recentes padr\u00f5es t\u00e9cnicos.&nbsp;<\/p>\n\n\n\n<p>O compromisso do ITA com a sustentabilidade \u00e9 refor\u00e7ado pela escolha de materiais sustent\u00e1veis, somada \u00e0 implanta\u00e7\u00e3o de redes el\u00e9trica e hidr\u00e1ulica otimizadas, algo que \u00e9&nbsp; um diferencial em rela\u00e7\u00e3o aos pr\u00e9dios mais antigos do campus, da d\u00e9cada de 1940.<\/p>\n\n\n\n<p>O alojamento estudantil &#8211; conhecido como H8 &#8211; \u00e9 considerado parte fundamental da viv\u00eancia universit\u00e1ria no ITA. O instituto \u00e9 um dos poucos no Brasil a oferecer moradia gratuita para seus alunos de gradua\u00e7\u00e3o.&nbsp;<\/p>\n\n\n\n<p>Ficou com vontade de integrar o corpo de alunos que usa o H8? Se voc\u00ea sonha em se tornar um engenheiro da For\u00e7a A\u00e9rea Brasileira por meio do ITA, conhe\u00e7a os cursos do Estrat\u00e9gia Militares e conquiste sua vaga! Clique no banner para saber mais!<\/p>\n\n\n\n<a id=\"cta\" class=\"cta-imagem\" href=\"https:\/\/militares.estrategia.com\/curso\/pacote-extensivo-ita\/\" target=\"blank\">\n                <img decoding=\"async\" width=\"100%\" src=\"https:\/\/militares.estrategia.com\/portal\/wp-content\/uploads\/2023\/06\/CTA-ITA.jpg\" alt=\"CTA ITA\" title=\"CTA ITA\">\n        <\/a>\n\n\n\n<h1 class=\"wp-block-heading\"><span class=\"ez-toc-section\" id=\"Fonte\"><\/span>Fonte<span class=\"ez-toc-section-end\"><\/span><\/h1>\n\n\n\n<p>Ag\u00eancia For\u00e7a A\u00e9rea<\/p>\n\n\n\n<p>ITA &#8211; Ten. Leonardo<\/p>\n","protected":false},"excerpt":{"rendered":"A For\u00e7a A\u00e9rea divulgou que a \u00faltima etapa de amplia\u00e7\u00e3o dos alojamentos para alunos de gradua\u00e7\u00e3o do ITA&hellip;\n","protected":false},"author":58,"featured_media":55451,"comment_status":"closed","ping_status":"closed","sticky":false,"template":"","format":"standard","meta":{"wl_entities_gutenberg":"","footnotes":""},"categories":[36],"tags":[162,161,271,107],"wl_entity_type":[187],"class_list":{"0":"post-84648","1":"post","2":"type-post","3":"status-publish","4":"format-standard","5":"has-post-thumbnail","7":"category-noticias","8":"tag-carreiramilitar","9":"tag-concursosmilitares","10":"tag-fab","11":"tag-ita","12":"wl_entity_type-article"},"acf":[],"yoast_head":"<!-- This site is optimized with the Yoast SEO Premium plugin v26.6 (Yoast SEO v26.6) - https:\/\/yoast.com\/wordpress\/plugins\/seo\/ -->\n<title>ITA conclui \u00faltima etapa de constru\u00e7\u00e3o de alojamentos<\/title>\n<meta name=\"description\" content=\"A For\u00e7a A\u00e9rea Brasileira informou que encerrou-se a \u00faltima etapa de constru\u00e7\u00e3o de novos alojamentos do ITA, em SP.\" \/>\n<meta name=\"robots\" content=\"index, follow, max-snippet:-1, max-image-preview:large, max-video-preview:-1\" \/>\n<link rel=\"canonical\" href=\"https:\/\/militares.estrategia.com\/portal\/noticias\/ita-conclui-ultima-etapa-de-construcao-de-alojamentos\/\" \/>\n<meta property=\"og:locale\" content=\"pt_BR\" \/>\n<meta property=\"og:type\" content=\"article\" \/>\n<meta property=\"og:title\" content=\"ITA conclui \u00faltima etapa de constru\u00e7\u00e3o de alojamentos\" \/>\n<meta property=\"og:description\" content=\"A For\u00e7a A\u00e9rea Brasileira informou que encerrou-se a \u00faltima etapa de constru\u00e7\u00e3o de novos alojamentos do ITA, em SP.\" \/>\n<meta property=\"og:url\" content=\"https:\/\/militares.estrategia.com\/portal\/noticias\/ita-conclui-ultima-etapa-de-construcao-de-alojamentos\/\" \/>\n<meta property=\"og:site_name\" content=\"Estrat\u00e9gia Militares\" \/>\n<meta property=\"article:publisher\" content=\"https:\/\/www.facebook.com\/EstrategiaMilitares\" \/>\n<meta property=\"article:published_time\" content=\"2025-04-14T19:21:21+00:00\" \/>\n<meta property=\"article:modified_time\" content=\"2025-04-14T19:36:28+00:00\" \/>\n<meta property=\"og:image\" content=\"https:\/\/militares.estrategia.com\/portal\/wp-content\/uploads\/2022\/06\/ITA-imagem-Jorge-Gripp-ITA.jpeg\" \/>\n\t<meta property=\"og:image:width\" content=\"768\" \/>\n\t<meta property=\"og:image:height\" content=\"433\" \/>\n\t<meta property=\"og:image:type\" content=\"image\/jpeg\" \/>\n<meta name=\"author\" content=\"Vanesca Soares\" \/>\n<meta name=\"twitter:card\" content=\"summary_large_image\" \/>\n<meta name=\"twitter:creator\" content=\"@estrategiamilit\" \/>\n<meta name=\"twitter:site\" content=\"@estrategiamilit\" \/>\n<meta name=\"twitter:label1\" content=\"Escrito por\" \/>\n\t<meta name=\"twitter:data1\" content=\"Vanesca Soares\" \/>\n\t<meta name=\"twitter:label2\" content=\"Est. tempo de leitura\" \/>\n\t<meta name=\"twitter:data2\" content=\"2 minutos\" \/>\n<script type=\"application\/ld+json\" class=\"yoast-schema-graph\">{\"@context\":\"https:\/\/schema.org\",\"@graph\":[{\"@type\":\"NewsArticle\",\"@id\":\"https:\/\/militares.estrategia.com\/portal\/noticias\/ita-conclui-ultima-etapa-de-construcao-de-alojamentos\/#article\",\"isPartOf\":{\"@id\":\"https:\/\/militares.estrategia.com\/portal\/noticias\/ita-conclui-ultima-etapa-de-construcao-de-alojamentos\/\"},\"author\":{\"name\":\"Vanesca Soares\",\"@id\":\"https:\/\/militares.estrategia.com\/portal\/#\/schema\/person\/5cfd387108cd0cdefab7eea7a9735dcc\"},\"headline\":\"ITA conclui \u00faltima etapa de constru\u00e7\u00e3o de alojamentos\",\"datePublished\":\"2025-04-14T19:21:21+00:00\",\"dateModified\":\"2025-04-14T19:36:28+00:00\",\"mainEntityOfPage\":{\"@id\":\"https:\/\/militares.estrategia.com\/portal\/noticias\/ita-conclui-ultima-etapa-de-construcao-de-alojamentos\/\"},\"wordCount\":385,\"publisher\":{\"@id\":\"https:\/\/militares.estrategia.com\/portal\/#organization\"},\"image\":{\"@id\":\"https:\/\/militares.estrategia.com\/portal\/noticias\/ita-conclui-ultima-etapa-de-construcao-de-alojamentos\/#primaryimage\"},\"thumbnailUrl\":\"https:\/\/militares.estrategia.com\/portal\/wp-content\/uploads\/2022\/06\/ITA-imagem-Jorge-Gripp-ITA.jpeg\",\"keywords\":[\"carreiramilitar\",\"ConcursosMilitares\",\"FAB\",\"ITA\"],\"articleSection\":[\"Not\u00edcias\"],\"inLanguage\":\"pt-BR\"},{\"@type\":\"WebPage\",\"@id\":\"https:\/\/militares.estrategia.com\/portal\/noticias\/ita-conclui-ultima-etapa-de-construcao-de-alojamentos\/\",\"url\":\"https:\/\/militares.estrategia.com\/portal\/noticias\/ita-conclui-ultima-etapa-de-construcao-de-alojamentos\/\",\"name\":\"ITA conclui \u00faltima etapa de constru\u00e7\u00e3o de alojamentos\",\"isPartOf\":{\"@id\":\"https:\/\/militares.estrategia.com\/portal\/#website\"},\"primaryImageOfPage\":{\"@id\":\"https:\/\/militares.estrategia.com\/portal\/noticias\/ita-conclui-ultima-etapa-de-construcao-de-alojamentos\/#primaryimage\"},\"image\":{\"@id\":\"https:\/\/militares.estrategia.com\/portal\/noticias\/ita-conclui-ultima-etapa-de-construcao-de-alojamentos\/#primaryimage\"},\"thumbnailUrl\":\"https:\/\/militares.estrategia.com\/portal\/wp-content\/uploads\/2022\/06\/ITA-imagem-Jorge-Gripp-ITA.jpeg\",\"datePublished\":\"2025-04-14T19:21:21+00:00\",\"dateModified\":\"2025-04-14T19:36:28+00:00\",\"description\":\"A For\u00e7a A\u00e9rea Brasileira informou que encerrou-se a \u00faltima etapa de constru\u00e7\u00e3o de novos alojamentos do ITA, em SP.\",\"breadcrumb\":{\"@id\":\"https:\/\/militares.estrategia.com\/portal\/noticias\/ita-conclui-ultima-etapa-de-construcao-de-alojamentos\/#breadcrumb\"},\"inLanguage\":\"pt-BR\",\"potentialAction\":[{\"@type\":\"ReadAction\",\"target\":[\"https:\/\/militares.estrategia.com\/portal\/noticias\/ita-conclui-ultima-etapa-de-construcao-de-alojamentos\/\"]}]},{\"@type\":\"ImageObject\",\"inLanguage\":\"pt-BR\",\"@id\":\"https:\/\/militares.estrategia.com\/portal\/noticias\/ita-conclui-ultima-etapa-de-construcao-de-alojamentos\/#primaryimage\",\"url\":\"https:\/\/militares.estrategia.com\/portal\/wp-content\/uploads\/2022\/06\/ITA-imagem-Jorge-Gripp-ITA.jpeg\",\"contentUrl\":\"https:\/\/militares.estrategia.com\/portal\/wp-content\/uploads\/2022\/06\/ITA-imagem-Jorge-Gripp-ITA.jpeg\",\"width\":768,\"height\":433},{\"@type\":\"BreadcrumbList\",\"@id\":\"https:\/\/militares.estrategia.com\/portal\/noticias\/ita-conclui-ultima-etapa-de-construcao-de-alojamentos\/#breadcrumb\",\"itemListElement\":[{\"@type\":\"ListItem\",\"position\":1,\"name\":\"Home\",\"item\":\"https:\/\/militares.estrategia.com\/portal\/\"},{\"@type\":\"ListItem\",\"position\":2,\"name\":\"Not\u00edcias\",\"item\":\"https:\/\/militares.estrategia.com\/portal\/noticias\/\"},{\"@type\":\"ListItem\",\"position\":3,\"name\":\"ITA conclui \u00faltima etapa de constru\u00e7\u00e3o de alojamentos\"}]},{\"@type\":\"WebSite\",\"@id\":\"https:\/\/militares.estrategia.com\/portal\/#website\",\"url\":\"https:\/\/militares.estrategia.com\/portal\/\",\"name\":\"Estrat\u00e9gia Militares\",\"description\":\"\",\"publisher\":{\"@id\":\"https:\/\/militares.estrategia.com\/portal\/#organization\"},\"potentialAction\":[{\"@type\":\"SearchAction\",\"target\":{\"@type\":\"EntryPoint\",\"urlTemplate\":\"https:\/\/militares.estrategia.com\/portal\/?s={search_term_string}\"},\"query-input\":{\"@type\":\"PropertyValueSpecification\",\"valueRequired\":true,\"valueName\":\"search_term_string\"}}],\"inLanguage\":\"pt-BR\"},{\"@type\":\"Organization\",\"@id\":\"https:\/\/militares.estrategia.com\/portal\/#organization\",\"name\":\"Estrat\u00e9gia Militares\",\"url\":\"https:\/\/militares.estrategia.com\/portal\/\",\"logo\":{\"@type\":\"ImageObject\",\"inLanguage\":\"pt-BR\",\"@id\":\"https:\/\/militares.estrategia.com\/portal\/#\/schema\/logo\/image\/\",\"url\":\"https:\/\/militares.estrategia.com\/portal\/wp-content\/uploads\/2021\/10\/logo-militares.webp\",\"contentUrl\":\"https:\/\/militares.estrategia.com\/portal\/wp-content\/uploads\/2021\/10\/logo-militares.webp\",\"width\":346,\"height\":90,\"caption\":\"Estrat\u00e9gia Militares\"},\"image\":{\"@id\":\"https:\/\/militares.estrategia.com\/portal\/#\/schema\/logo\/image\/\"},\"sameAs\":[\"https:\/\/www.facebook.com\/EstrategiaMilitares\",\"https:\/\/x.com\/estrategiamilit\",\"https:\/\/www.instagram.com\/estrategiamilitares\/\",\"https:\/\/www.youtube.com\/channel\/UCRG_9hakCqXxnj_8TqCdgTA\"]},{\"@type\":\"Person\",\"@id\":\"https:\/\/militares.estrategia.com\/portal\/#\/schema\/person\/5cfd387108cd0cdefab7eea7a9735dcc\",\"name\":\"Vanesca Soares\",\"image\":{\"@type\":\"ImageObject\",\"inLanguage\":\"pt-BR\",\"@id\":\"https:\/\/militares.estrategia.com\/portal\/#\/schema\/person\/image\/\",\"url\":\"https:\/\/militares.estrategia.com\/portal\/wp-content\/uploads\/2021\/10\/FB_IMG_1634215702135-150x150.webp\",\"contentUrl\":\"https:\/\/militares.estrategia.com\/portal\/wp-content\/uploads\/2021\/10\/FB_IMG_1634215702135-150x150.webp\",\"caption\":\"Vanesca Soares\"},\"description\":\"Vanesca Soares foi Primeiro Tenente da Marinha do Brasil. Jornalista de forma\u00e7\u00e3o, ama todas as artes, principalmente a Literatura e o Cinema. Capaz de ficar em casa lendo um bom livro ao inv\u00e9s de ir para a balada, entende que ler \u00e9 uma grande viagem. Ama filmes hist\u00f3ricos, biografias, drama, thrillers, terror e tudo sobre os anos 1980. Principalmente a m\u00fasica!\",\"url\":\"https:\/\/militares.estrategia.com\/portal\/author\/vanesca-soares\/\"}]}<\/script>\n<!-- \/ Yoast SEO Premium plugin. -->","yoast_head_json":{"title":"ITA conclui \u00faltima etapa de constru\u00e7\u00e3o de alojamentos","description":"A For\u00e7a A\u00e9rea Brasileira informou que encerrou-se a \u00faltima etapa de constru\u00e7\u00e3o de novos alojamentos do ITA, em SP.","robots":{"index":"index","follow":"follow","max-snippet":"max-snippet:-1","max-image-preview":"max-image-preview:large","max-video-preview":"max-video-preview:-1"},"canonical":"https:\/\/militares.estrategia.com\/portal\/noticias\/ita-conclui-ultima-etapa-de-construcao-de-alojamentos\/","og_locale":"pt_BR","og_type":"article","og_title":"ITA conclui \u00faltima etapa de constru\u00e7\u00e3o de alojamentos","og_description":"A For\u00e7a A\u00e9rea Brasileira informou que encerrou-se a \u00faltima etapa de constru\u00e7\u00e3o de novos alojamentos do ITA, em SP.","og_url":"https:\/\/militares.estrategia.com\/portal\/noticias\/ita-conclui-ultima-etapa-de-construcao-de-alojamentos\/","og_site_name":"Estrat\u00e9gia Militares","article_publisher":"https:\/\/www.facebook.com\/EstrategiaMilitares","article_published_time":"2025-04-14T19:21:21+00:00","article_modified_time":"2025-04-14T19:36:28+00:00","og_image":[{"width":768,"height":433,"url":"https:\/\/militares.estrategia.com\/portal\/wp-content\/uploads\/2022\/06\/ITA-imagem-Jorge-Gripp-ITA.jpeg","type":"image\/jpeg"}],"author":"Vanesca Soares","twitter_card":"summary_large_image","twitter_creator":"@estrategiamilit","twitter_site":"@estrategiamilit","twitter_misc":{"Escrito por":"Vanesca Soares","Est. tempo de leitura":"2 minutos"},"schema":{"@context":"https:\/\/schema.org","@graph":[{"@type":"NewsArticle","@id":"https:\/\/militares.estrategia.com\/portal\/noticias\/ita-conclui-ultima-etapa-de-construcao-de-alojamentos\/#article","isPartOf":{"@id":"https:\/\/militares.estrategia.com\/portal\/noticias\/ita-conclui-ultima-etapa-de-construcao-de-alojamentos\/"},"author":{"name":"Vanesca Soares","@id":"https:\/\/militares.estrategia.com\/portal\/#\/schema\/person\/5cfd387108cd0cdefab7eea7a9735dcc"},"headline":"ITA conclui \u00faltima etapa de constru\u00e7\u00e3o de alojamentos","datePublished":"2025-04-14T19:21:21+00:00","dateModified":"2025-04-14T19:36:28+00:00","mainEntityOfPage":{"@id":"https:\/\/militares.estrategia.com\/portal\/noticias\/ita-conclui-ultima-etapa-de-construcao-de-alojamentos\/"},"wordCount":385,"publisher":{"@id":"https:\/\/militares.estrategia.com\/portal\/#organization"},"image":{"@id":"https:\/\/militares.estrategia.com\/portal\/noticias\/ita-conclui-ultima-etapa-de-construcao-de-alojamentos\/#primaryimage"},"thumbnailUrl":"https:\/\/militares.estrategia.com\/portal\/wp-content\/uploads\/2022\/06\/ITA-imagem-Jorge-Gripp-ITA.jpeg","keywords":["carreiramilitar","ConcursosMilitares","FAB","ITA"],"articleSection":["Not\u00edcias"],"inLanguage":"pt-BR"},{"@type":"WebPage","@id":"https:\/\/militares.estrategia.com\/portal\/noticias\/ita-conclui-ultima-etapa-de-construcao-de-alojamentos\/","url":"https:\/\/militares.estrategia.com\/portal\/noticias\/ita-conclui-ultima-etapa-de-construcao-de-alojamentos\/","name":"ITA conclui \u00faltima etapa de constru\u00e7\u00e3o de alojamentos","isPartOf":{"@id":"https:\/\/militares.estrategia.com\/portal\/#website"},"primaryImageOfPage":{"@id":"https:\/\/militares.estrategia.com\/portal\/noticias\/ita-conclui-ultima-etapa-de-construcao-de-alojamentos\/#primaryimage"},"image":{"@id":"https:\/\/militares.estrategia.com\/portal\/noticias\/ita-conclui-ultima-etapa-de-construcao-de-alojamentos\/#primaryimage"},"thumbnailUrl":"https:\/\/militares.estrategia.com\/portal\/wp-content\/uploads\/2022\/06\/ITA-imagem-Jorge-Gripp-ITA.jpeg","datePublished":"2025-04-14T19:21:21+00:00","dateModified":"2025-04-14T19:36:28+00:00","description":"A For\u00e7a A\u00e9rea Brasileira informou que encerrou-se a \u00faltima etapa de constru\u00e7\u00e3o de novos alojamentos do ITA, em SP.","breadcrumb":{"@id":"https:\/\/militares.estrategia.com\/portal\/noticias\/ita-conclui-ultima-etapa-de-construcao-de-alojamentos\/#breadcrumb"},"inLanguage":"pt-BR","potentialAction":[{"@type":"ReadAction","target":["https:\/\/militares.estrategia.com\/portal\/noticias\/ita-conclui-ultima-etapa-de-construcao-de-alojamentos\/"]}]},{"@type":"ImageObject","inLanguage":"pt-BR","@id":"https:\/\/militares.estrategia.com\/portal\/noticias\/ita-conclui-ultima-etapa-de-construcao-de-alojamentos\/#primaryimage","url":"https:\/\/militares.estrategia.com\/portal\/wp-content\/uploads\/2022\/06\/ITA-imagem-Jorge-Gripp-ITA.jpeg","contentUrl":"https:\/\/militares.estrategia.com\/portal\/wp-content\/uploads\/2022\/06\/ITA-imagem-Jorge-Gripp-ITA.jpeg","width":768,"height":433},{"@type":"BreadcrumbList","@id":"https:\/\/militares.estrategia.com\/portal\/noticias\/ita-conclui-ultima-etapa-de-construcao-de-alojamentos\/#breadcrumb","itemListElement":[{"@type":"ListItem","position":1,"name":"Home","item":"https:\/\/militares.estrategia.com\/portal\/"},{"@type":"ListItem","position":2,"name":"Not\u00edcias","item":"https:\/\/militares.estrategia.com\/portal\/noticias\/"},{"@type":"ListItem","position":3,"name":"ITA conclui \u00faltima etapa de constru\u00e7\u00e3o de alojamentos"}]},{"@type":"WebSite","@id":"https:\/\/militares.estrategia.com\/portal\/#website","url":"https:\/\/militares.estrategia.com\/portal\/","name":"Estrat\u00e9gia Militares","description":"","publisher":{"@id":"https:\/\/militares.estrategia.com\/portal\/#organization"},"potentialAction":[{"@type":"SearchAction","target":{"@type":"EntryPoint","urlTemplate":"https:\/\/militares.estrategia.com\/portal\/?s={search_term_string}"},"query-input":{"@type":"PropertyValueSpecification","valueRequired":true,"valueName":"search_term_string"}}],"inLanguage":"pt-BR"},{"@type":"Organization","@id":"https:\/\/militares.estrategia.com\/portal\/#organization","name":"Estrat\u00e9gia Militares","url":"https:\/\/militares.estrategia.com\/portal\/","logo":{"@type":"ImageObject","inLanguage":"pt-BR","@id":"https:\/\/militares.estrategia.com\/portal\/#\/schema\/logo\/image\/","url":"https:\/\/militares.estrategia.com\/portal\/wp-content\/uploads\/2021\/10\/logo-militares.webp","contentUrl":"https:\/\/militares.estrategia.com\/portal\/wp-content\/uploads\/2021\/10\/logo-militares.webp","width":346,"height":90,"caption":"Estrat\u00e9gia Militares"},"image":{"@id":"https:\/\/militares.estrategia.com\/portal\/#\/schema\/logo\/image\/"},"sameAs":["https:\/\/www.facebook.com\/EstrategiaMilitares","https:\/\/x.com\/estrategiamilit","https:\/\/www.instagram.com\/estrategiamilitares\/","https:\/\/www.youtube.com\/channel\/UCRG_9hakCqXxnj_8TqCdgTA"]},{"@type":"Person","@id":"https:\/\/militares.estrategia.com\/portal\/#\/schema\/person\/5cfd387108cd0cdefab7eea7a9735dcc","name":"Vanesca Soares","image":{"@type":"ImageObject","inLanguage":"pt-BR","@id":"https:\/\/militares.estrategia.com\/portal\/#\/schema\/person\/image\/","url":"https:\/\/militares.estrategia.com\/portal\/wp-content\/uploads\/2021\/10\/FB_IMG_1634215702135-150x150.webp","contentUrl":"https:\/\/militares.estrategia.com\/portal\/wp-content\/uploads\/2021\/10\/FB_IMG_1634215702135-150x150.webp","caption":"Vanesca Soares"},"description":"Vanesca Soares foi Primeiro Tenente da Marinha do Brasil. Jornalista de forma\u00e7\u00e3o, ama todas as artes, principalmente a Literatura e o Cinema. Capaz de ficar em casa lendo um bom livro ao inv\u00e9s de ir para a balada, entende que ler \u00e9 uma grande viagem. Ama filmes hist\u00f3ricos, biografias, drama, thrillers, terror e tudo sobre os anos 1980. Principalmente a m\u00fasica!","url":"https:\/\/militares.estrategia.com\/portal\/author\/vanesca-soares\/"}]}},"_wl_alt_label":[],"wl:entity_url":"https:\/\/data.wordlift.io\/wl110246\/post\/ita-conclui-ultima-etapa-de-conclusao-dos-alojamentos-84648","_links":{"self":[{"href":"https:\/\/militares.estrategia.com\/portal\/wp-json\/wp\/v2\/posts\/84648","targetHints":{"allow":["GET"]}}],"collection":[{"href":"https:\/\/militares.estrategia.com\/portal\/wp-json\/wp\/v2\/posts"}],"about":[{"href":"https:\/\/militares.estrategia.com\/portal\/wp-json\/wp\/v2\/types\/post"}],"author":[{"embeddable":true,"href":"https:\/\/militares.estrategia.com\/portal\/wp-json\/wp\/v2\/users\/58"}],"replies":[{"embeddable":true,"href":"https:\/\/militares.estrategia.com\/portal\/wp-json\/wp\/v2\/comments?post=84648"}],"version-history":[{"count":3,"href":"https:\/\/militares.estrategia.com\/portal\/wp-json\/wp\/v2\/posts\/84648\/revisions"}],"predecessor-version":[{"id":84651,"href":"https:\/\/militares.estrategia.com\/portal\/wp-json\/wp\/v2\/posts\/84648\/revisions\/84651"}],"wp:featuredmedia":[{"embeddable":true,"href":"https:\/\/militares.estrategia.com\/portal\/wp-json\/wp\/v2\/media\/55451"}],"wp:attachment":[{"href":"https:\/\/militares.estrategia.com\/portal\/wp-json\/wp\/v2\/media?parent=84648"}],"wp:term":[{"taxonomy":"category","embeddable":true,"href":"https:\/\/militares.estrategia.com\/portal\/wp-json\/wp\/v2\/categories?post=84648"},{"taxonomy":"post_tag","embeddable":true,"href":"https:\/\/militares.estrategia.com\/portal\/wp-json\/wp\/v2\/tags?post=84648"},{"taxonomy":"wl_entity_type","embeddable":true,"href":"https:\/\/militares.estrategia.com\/portal\/wp-json\/wp\/v2\/wl_entity_type?post=84648"}],"curies":[{"name":"wp","href":"https:\/\/api.w.org\/{rel}","templated":true}]}}