{"id":84056,"date":"2025-04-05T09:00:00","date_gmt":"2025-04-05T12:00:00","guid":{"rendered":"https:\/\/militares.estrategia.com\/portal\/?p=84056"},"modified":"2026-04-06T10:04:34","modified_gmt":"2026-04-06T13:04:34","slug":"05-04-termino-da-insurreicao-do-contestado","status":"publish","type":"post","link":"https:\/\/militares.estrategia.com\/portal\/mundo-militar\/datas-comemorativas\/05-04-termino-da-insurreicao-do-contestado\/","title":{"rendered":"05 de abril: T\u00e9rmino da Insurrei\u00e7\u00e3o do Contestado"},"content":{"rendered":"\n<p>O dia 5 de abril de 1915 marcou o fim de um dos conflitos mais sangrentos da hist\u00f3ria brasileira: a Insurrei\u00e7\u00e3o do Contestado. Esse confronto armado, que ocorreu entre 1912 e 1915, envolveu camponeses liderados por monges e as for\u00e7as militares do governo brasileiro.&nbsp;<\/p>\n\n\n\n<p>A luta teve como principal palco a regi\u00e3o disputada entre Paran\u00e1 e Santa Catarina e foi impulsionada por fatores econ\u00f4micos, sociais e religiosos. Neste artigo, exploramos os antecedentes, o desenrolar dos combates e as consequ\u00eancias desse embate. Saiba tudo a seguir!&nbsp;<\/p>\n\n\n<div id=\"new-form\">\n\t<form id=\"forms_layout\">\n\t<input type=\"hidden\" id=\"chave_de\" name=\"chave_de\" value=\"01_EMIL_LEADS_TOTAIS\" \/>\n\t\t<input type=\"hidden\" id=\"mid\" name=\"mid\" value=\"515009017\" \/>\n\t\t<input type=\"hidden\" id=\"Objetivo\" name=\"Objetivo\" value=\"Militares\" \/>\n\t\t<input type=\"hidden\" id=\"Estado_de_Origem_do_IP\" name=\"Estado_de_Origem_do_IP\"  value=\"\" \/>\n\t\t<input type=\"hidden\" id=\"Cidade_de_Origem_do_IP\" name=\"Cidade_de_Origem_do_IP\" value=\"\" \/>\n\t\t<input type=\"hidden\" id=\"Modo_de_entrada\" name=\"Modo_de_entrada\" value=\"Portal\" \/>\n\t\t<input type=\"hidden\" id=\"Pagina_Origem\" name=\"Pagina_Origem\" value=\"\" \/>\n\n\t\t<div class=\"texto\">\n\t\t\t<h3 class=\"news\">Inscreva-se em nossa newsletter!<\/h3>\n\t\t\t<p>Receba not\u00edcias sobre os mais importantes concursos para as For\u00e7as Armadas brasileiras e informa\u00e7\u00f5es sobre o mundo militar!<\/p>\n\t\t<\/div>\n\t\t<div class=\"campos\">\n\t\t\t<div class=\"first_name labels\">\n\t\t\t\t<input type=\"text\" class=\"input_labels\" id=\"first_name\" name=\"Nome_Completo\" placeholder=\"Nome\" required \/>\n\t\t\t<\/div>\n\t\t\t<div class=\"email labels\">\n\t\t\t\t<input type=\"email\" class=\"input_labels\" id=\"email\" name=\"Email\" placeholder=\"E-mail\" required \/>\n\t\t\t<\/div>\n\t\t\t<button type=\"submit\" class=\"button_layout\">\n\t\t\t\t<div id=\"lblBotao\">Inscreva-se<\/div>\n\t\t\t\t<span id=\"divSpiner\" class=\"loader\" role=\"status\" style=\"display: none;\"><\/span>\t\n\t\t\t<\/button>\n\t\t<\/div><!-- \/campos -->\n\t\t\n\t\t<label class=\"container_checkbox\">Voc\u00ea concorda com a nossa\n\t\t\t<a class=\"politics_privacy_ahref\" target=\"_blank\" href=\"https:\/\/gratis.estrategiaconcursos.com.br\/politica-de-privacidade\/\">Pol\u00edtica de Privacidade<\/a> e aceita receber informa\u00e7\u00f5es adicionais do Estrat\u00e9gia Educacional.\n\t\t\t<input id=\"checkbox_layout\" type=\"checkbox\" checked=\"checked\" required \/>\n\t\t\t<span class=\"checkbox\"><\/span>\n\t\t<\/label>\n\t\t<div id=\"msg\"><\/div>\n\t\t<div id=\"error\" class=\"error\">\n\t\t<\/div>\n\t<\/form>\n<\/div><!-- \/new-form -->\n\n\n\n<div id=\"ez-toc-container\" class=\"ez-toc-v2_0_79_2 counter-hierarchy ez-toc-counter ez-toc-transparent ez-toc-container-direction\">\n<div class=\"ez-toc-title-container\"><p class=\"ez-toc-title\" style=\"cursor:inherit\">Navegue pelo conte\u00fado\t<\/p>\n<\/div><nav><ul class='ez-toc-list ez-toc-list-level-1 ' ><li class='ez-toc-page-1 ez-toc-heading-level-2'><a class=\"ez-toc-link ez-toc-heading-1\" href=\"https:\/\/militares.estrategia.com\/portal\/mundo-militar\/datas-comemorativas\/05-04-termino-da-insurreicao-do-contestado\/#Contexto-e-causas-da-Insurreicao\" >Contexto e causas da Insurrei\u00e7\u00e3o&nbsp;<\/a><\/li><li class='ez-toc-page-1 ez-toc-heading-level-2'><a class=\"ez-toc-link ez-toc-heading-2\" href=\"https:\/\/militares.estrategia.com\/portal\/mundo-militar\/datas-comemorativas\/05-04-termino-da-insurreicao-do-contestado\/#O-conflito-e-a-repressao-militar\" >O conflito e a repress\u00e3o militar&nbsp;<\/a><\/li><li class='ez-toc-page-1 ez-toc-heading-level-2'><a class=\"ez-toc-link ez-toc-heading-3\" href=\"https:\/\/militares.estrategia.com\/portal\/mundo-militar\/datas-comemorativas\/05-04-termino-da-insurreicao-do-contestado\/#O-desfecho-e-as-consequencias\" >O desfecho e as consequ\u00eancias&nbsp;<\/a><\/li><\/ul><\/nav><\/div>\n<h2 class=\"wp-block-heading\" id=\"h-contexto-e-causas-da-insurreicao-nbsp\"><span class=\"ez-toc-section\" id=\"Contexto-e-causas-da-Insurreicao\"><\/span>Contexto e causas da Insurrei\u00e7\u00e3o&nbsp;<span class=\"ez-toc-section-end\"><\/span><\/h2>\n\n\n\n<p>O conflito do Contestado teve suas ra\u00edzes em uma combina\u00e7\u00e3o de fatores, incluindo disputas territoriais entre Paran\u00e1 e Santa Catarina, a constru\u00e7\u00e3o de uma estrada de ferro por uma empresa estrangeira e a expuls\u00e3o de camponeses de suas terras. A regi\u00e3o era habitada por popula\u00e7\u00f5es pobres, muitas delas seguidoras de l\u00edderes espirituais que pregavam contra a moderniza\u00e7\u00e3o imposta pelo governo.<\/p>\n\n\n\n<p>A situa\u00e7\u00e3o se agravou com a presen\u00e7a de empresas estrangeiras que exploravam recursos naturais, como madeira e erva-mate, prejudicando os pequenos produtores locais. Al\u00e9m disso, a marginaliza\u00e7\u00e3o social e a viol\u00eancia estatal contribu\u00edram para a revolta da popula\u00e7\u00e3o, que passou a ver o governo como um opressor.<\/p>\n\n\n\n<figure class=\"wp-block-image size-full\"><img decoding=\"async\" width=\"932\" height=\"619\" src=\"https:\/\/militares.estrategia.com\/portal\/wp-content\/uploads\/2025\/03\/Combate_no_Contestado.jpg\" alt=\"\" class=\"wp-image-84103\" srcset=\"https:\/\/militares.estrategia.com\/portal\/wp-content\/uploads\/2025\/03\/Combate_no_Contestado.jpg 932w, https:\/\/militares.estrategia.com\/portal\/wp-content\/uploads\/2025\/03\/Combate_no_Contestado-768x510.jpg 768w, https:\/\/militares.estrategia.com\/portal\/wp-content\/uploads\/2025\/03\/Combate_no_Contestado-800x531.jpg 800w\" sizes=\"(max-width: 932px) 100vw, 932px\" \/><figcaption class=\"wp-element-caption\">Fonte: Museu do Paran\u00e1<\/figcaption><\/figure>\n\n\n\n<h2 class=\"wp-block-heading\" id=\"h-o-conflito-e-a-repressao-militar-nbsp\"><span class=\"ez-toc-section\" id=\"O-conflito-e-a-repressao-militar\"><\/span>O conflito e a repress\u00e3o militar&nbsp;<span class=\"ez-toc-section-end\"><\/span><\/h2>\n\n\n\n<p>A rebeli\u00e3o ganhou for\u00e7a sob a lideran\u00e7a de figuras como Jos\u00e9 Maria, um monge que atraiu milhares de seguidores com promessas de prote\u00e7\u00e3o e justi\u00e7a social. Os revoltosos criaram comunidades aut\u00f4nomas inspiradas em valores religiosos e resistiram \u00e0s tropas governamentais por v\u00e1rios anos.<\/p>\n\n\n\n<p>Em resposta, o governo federal enviou tropas para conter a rebeli\u00e3o, utilizando estrat\u00e9gias de guerra modernas para sufocar os insurgentes. A viol\u00eancia atingiu n\u00edveis alarmantes, com massacres de civis e destrui\u00e7\u00e3o de vilarejos inteiros. A guerra tornou-se um s\u00edmbolo da for\u00e7a repressiva do Estado contra movimentos populares.<\/p>\n\n\n\n<h2 class=\"wp-block-heading\" id=\"h-o-desfecho-e-as-consequencias-nbsp\"><span class=\"ez-toc-section\" id=\"O-desfecho-e-as-consequencias\"><\/span>O desfecho e as consequ\u00eancias&nbsp;<span class=\"ez-toc-section-end\"><\/span><\/h2>\n\n\n\n<p>Em 5 de abril de 1915, as \u00faltimas resist\u00eancias foram esmagadas e a Insurrei\u00e7\u00e3o do Contestado chegou ao fim. O governo restabeleceu o controle sobre a regi\u00e3o, e os sobreviventes foram incorporados \u00e0s novas condi\u00e7\u00f5es impostas pelo poder central. Apesar da derrota, o conflito deixou marcas profundas na hist\u00f3ria do Brasil, sendo lembrado como um exemplo de luta por justi\u00e7a social.<\/p>\n\n\n\n<p>Entre as principais consequ\u00eancias est\u00e1 a maior aten\u00e7\u00e3o do governo \u00e0s quest\u00f5es agr\u00e1rias e sociais, bem como a cria\u00e7\u00e3o de pol\u00edticas para evitar novas revoltas. O Contestado tamb\u00e9m se tornou um s\u00edmbolo de resist\u00eancia e de cr\u00edticas \u00e0 viol\u00eancia estatal contra movimentos populares.<\/p>\n\n\n\n<p>O t\u00e9rmino da Insurrei\u00e7\u00e3o do Contestado em 5 de abril de 1915 representou o fim de um cap\u00edtulo sangrento da hist\u00f3ria brasileira. O conflito refletiu as tens\u00f5es entre desenvolvimento econ\u00f4mico e direitos sociais, um dilema ainda presente na sociedade. A mem\u00f3ria desse epis\u00f3dio nos traz a import\u00e2ncia de pol\u00edticas p\u00fablicas mais inclusivas e do reconhecimento das demandas populares na constru\u00e7\u00e3o de um pa\u00eds mais justo.&nbsp;<\/p>\n\n\n\n<p>Estude com o Estrat\u00e9gia Militares e realize seu sonho de se tornar um militar das For\u00e7as Armadas Brasileiras. Conhe\u00e7a nossos cursos clicando no bot\u00e3o abaixo!&nbsp;<\/p>\n\n\n\n\n\n<p><\/p>\n","protected":false},"excerpt":{"rendered":"O dia 5 de abril de 1915 marcou o fim de um dos conflitos mais sangrentos da hist\u00f3ria&hellip;\n","protected":false},"author":11,"featured_media":84105,"comment_status":"closed","ping_status":"closed","sticky":false,"template":"","format":"standard","meta":{"wl_entities_gutenberg":"","footnotes":""},"categories":[306],"tags":[],"wl_entity_type":[187],"class_list":{"0":"post-84056","1":"post","2":"type-post","3":"status-publish","4":"format-standard","5":"has-post-thumbnail","7":"category-datas-comemorativas","8":"wl_entity_type-article"},"acf":[],"yoast_head":"<!-- This site is optimized with the Yoast SEO Premium plugin v26.6 (Yoast SEO v26.6) - https:\/\/yoast.com\/wordpress\/plugins\/seo\/ -->\n<title>05 de abril: T\u00e9rmino da Insurrei\u00e7\u00e3o do Contestado<\/title>\n<meta name=\"description\" content=\"Conhe\u00e7a a hist\u00f3ria da Insurrei\u00e7\u00e3o do Contestado! A revolta completa mais um anivers\u00e1rio no m\u00eas do abril, contamos tudo para voc\u00ea!\" \/>\n<meta name=\"robots\" content=\"index, follow, max-snippet:-1, max-image-preview:large, max-video-preview:-1\" \/>\n<link rel=\"canonical\" href=\"https:\/\/militares.estrategia.com\/portal\/mundo-militar\/datas-comemorativas\/05-04-termino-da-insurreicao-do-contestado\/\" \/>\n<meta property=\"og:locale\" content=\"pt_BR\" \/>\n<meta property=\"og:type\" content=\"article\" \/>\n<meta property=\"og:title\" content=\"05 de abril: T\u00e9rmino da Insurrei\u00e7\u00e3o do Contestado\" \/>\n<meta property=\"og:description\" content=\"Conhe\u00e7a a hist\u00f3ria da Insurrei\u00e7\u00e3o do Contestado! A revolta completa mais um anivers\u00e1rio no m\u00eas do abril, contamos tudo para voc\u00ea!\" \/>\n<meta property=\"og:url\" content=\"https:\/\/militares.estrategia.com\/portal\/mundo-militar\/datas-comemorativas\/05-04-termino-da-insurreicao-do-contestado\/\" \/>\n<meta property=\"og:site_name\" content=\"Estrat\u00e9gia Militares\" \/>\n<meta property=\"article:publisher\" content=\"https:\/\/www.facebook.com\/EstrategiaMilitares\" \/>\n<meta property=\"article:published_time\" content=\"2025-04-05T12:00:00+00:00\" \/>\n<meta property=\"article:modified_time\" content=\"2026-04-06T13:04:34+00:00\" \/>\n<meta property=\"og:image\" content=\"https:\/\/militares.estrategia.com\/portal\/wp-content\/uploads\/2025\/03\/Contestado_tropa_Exercito.jpg\" \/>\n\t<meta property=\"og:image:width\" content=\"860\" \/>\n\t<meta property=\"og:image:height\" content=\"570\" \/>\n\t<meta property=\"og:image:type\" content=\"image\/jpeg\" \/>\n<meta name=\"author\" content=\"Estrat\u00e9gia Militares\" \/>\n<meta name=\"twitter:card\" content=\"summary_large_image\" \/>\n<meta name=\"twitter:creator\" content=\"@estrategiamilit\" \/>\n<meta name=\"twitter:site\" content=\"@estrategiamilit\" \/>\n<meta name=\"twitter:label1\" content=\"Escrito por\" \/>\n\t<meta name=\"twitter:data1\" content=\"Estrat\u00e9gia Militares\" \/>\n\t<meta name=\"twitter:label2\" content=\"Est. tempo de leitura\" \/>\n\t<meta name=\"twitter:data2\" content=\"3 minutos\" \/>\n<script type=\"application\/ld+json\" class=\"yoast-schema-graph\">{\"@context\":\"https:\/\/schema.org\",\"@graph\":[{\"@type\":\"Article\",\"@id\":\"https:\/\/militares.estrategia.com\/portal\/mundo-militar\/datas-comemorativas\/05-04-termino-da-insurreicao-do-contestado\/#article\",\"isPartOf\":{\"@id\":\"https:\/\/militares.estrategia.com\/portal\/mundo-militar\/datas-comemorativas\/05-04-termino-da-insurreicao-do-contestado\/\"},\"author\":{\"name\":\"Estrat\u00e9gia Militares\",\"@id\":\"https:\/\/militares.estrategia.com\/portal\/#\/schema\/person\/896181038f5542906e5db6f7db222d7c\"},\"headline\":\"05 de abril: T\u00e9rmino da Insurrei\u00e7\u00e3o do Contestado\",\"datePublished\":\"2025-04-05T12:00:00+00:00\",\"dateModified\":\"2026-04-06T13:04:34+00:00\",\"mainEntityOfPage\":{\"@id\":\"https:\/\/militares.estrategia.com\/portal\/mundo-militar\/datas-comemorativas\/05-04-termino-da-insurreicao-do-contestado\/\"},\"wordCount\":575,\"publisher\":{\"@id\":\"https:\/\/militares.estrategia.com\/portal\/#organization\"},\"image\":{\"@id\":\"https:\/\/militares.estrategia.com\/portal\/mundo-militar\/datas-comemorativas\/05-04-termino-da-insurreicao-do-contestado\/#primaryimage\"},\"thumbnailUrl\":\"https:\/\/militares.estrategia.com\/portal\/wp-content\/uploads\/2025\/03\/Contestado_tropa_Exercito.jpg\",\"articleSection\":[\"Datas Comemorativas\"],\"inLanguage\":\"pt-BR\"},{\"@type\":\"WebPage\",\"@id\":\"https:\/\/militares.estrategia.com\/portal\/mundo-militar\/datas-comemorativas\/05-04-termino-da-insurreicao-do-contestado\/\",\"url\":\"https:\/\/militares.estrategia.com\/portal\/mundo-militar\/datas-comemorativas\/05-04-termino-da-insurreicao-do-contestado\/\",\"name\":\"05 de abril: T\u00e9rmino da Insurrei\u00e7\u00e3o do Contestado\",\"isPartOf\":{\"@id\":\"https:\/\/militares.estrategia.com\/portal\/#website\"},\"primaryImageOfPage\":{\"@id\":\"https:\/\/militares.estrategia.com\/portal\/mundo-militar\/datas-comemorativas\/05-04-termino-da-insurreicao-do-contestado\/#primaryimage\"},\"image\":{\"@id\":\"https:\/\/militares.estrategia.com\/portal\/mundo-militar\/datas-comemorativas\/05-04-termino-da-insurreicao-do-contestado\/#primaryimage\"},\"thumbnailUrl\":\"https:\/\/militares.estrategia.com\/portal\/wp-content\/uploads\/2025\/03\/Contestado_tropa_Exercito.jpg\",\"datePublished\":\"2025-04-05T12:00:00+00:00\",\"dateModified\":\"2026-04-06T13:04:34+00:00\",\"description\":\"Conhe\u00e7a a hist\u00f3ria da Insurrei\u00e7\u00e3o do Contestado! A revolta completa mais um anivers\u00e1rio no m\u00eas do abril, contamos tudo para voc\u00ea!\",\"breadcrumb\":{\"@id\":\"https:\/\/militares.estrategia.com\/portal\/mundo-militar\/datas-comemorativas\/05-04-termino-da-insurreicao-do-contestado\/#breadcrumb\"},\"inLanguage\":\"pt-BR\",\"potentialAction\":[{\"@type\":\"ReadAction\",\"target\":[\"https:\/\/militares.estrategia.com\/portal\/mundo-militar\/datas-comemorativas\/05-04-termino-da-insurreicao-do-contestado\/\"]}]},{\"@type\":\"ImageObject\",\"inLanguage\":\"pt-BR\",\"@id\":\"https:\/\/militares.estrategia.com\/portal\/mundo-militar\/datas-comemorativas\/05-04-termino-da-insurreicao-do-contestado\/#primaryimage\",\"url\":\"https:\/\/militares.estrategia.com\/portal\/wp-content\/uploads\/2025\/03\/Contestado_tropa_Exercito.jpg\",\"contentUrl\":\"https:\/\/militares.estrategia.com\/portal\/wp-content\/uploads\/2025\/03\/Contestado_tropa_Exercito.jpg\",\"width\":860,\"height\":570,\"caption\":\"Fonte: Senado Federal\"},{\"@type\":\"BreadcrumbList\",\"@id\":\"https:\/\/militares.estrategia.com\/portal\/mundo-militar\/datas-comemorativas\/05-04-termino-da-insurreicao-do-contestado\/#breadcrumb\",\"itemListElement\":[{\"@type\":\"ListItem\",\"position\":1,\"name\":\"Home\",\"item\":\"https:\/\/militares.estrategia.com\/portal\/\"},{\"@type\":\"ListItem\",\"position\":2,\"name\":\"Mundo Militar\",\"item\":\"https:\/\/militares.estrategia.com\/portal\/mundo-militar\/\"},{\"@type\":\"ListItem\",\"position\":3,\"name\":\"Datas Comemorativas\",\"item\":\"https:\/\/militares.estrategia.com\/portal\/mundo-militar\/datas-comemorativas\/\"},{\"@type\":\"ListItem\",\"position\":4,\"name\":\"05 de abril: T\u00e9rmino da Insurrei\u00e7\u00e3o do Contestado\"}]},{\"@type\":\"WebSite\",\"@id\":\"https:\/\/militares.estrategia.com\/portal\/#website\",\"url\":\"https:\/\/militares.estrategia.com\/portal\/\",\"name\":\"Estrat\u00e9gia Militares\",\"description\":\"\",\"publisher\":{\"@id\":\"https:\/\/militares.estrategia.com\/portal\/#organization\"},\"potentialAction\":[{\"@type\":\"SearchAction\",\"target\":{\"@type\":\"EntryPoint\",\"urlTemplate\":\"https:\/\/militares.estrategia.com\/portal\/?s={search_term_string}\"},\"query-input\":{\"@type\":\"PropertyValueSpecification\",\"valueRequired\":true,\"valueName\":\"search_term_string\"}}],\"inLanguage\":\"pt-BR\"},{\"@type\":\"Organization\",\"@id\":\"https:\/\/militares.estrategia.com\/portal\/#organization\",\"name\":\"Estrat\u00e9gia Militares\",\"url\":\"https:\/\/militares.estrategia.com\/portal\/\",\"logo\":{\"@type\":\"ImageObject\",\"inLanguage\":\"pt-BR\",\"@id\":\"https:\/\/militares.estrategia.com\/portal\/#\/schema\/logo\/image\/\",\"url\":\"https:\/\/militares.estrategia.com\/portal\/wp-content\/uploads\/2021\/10\/logo-militares.webp\",\"contentUrl\":\"https:\/\/militares.estrategia.com\/portal\/wp-content\/uploads\/2021\/10\/logo-militares.webp\",\"width\":346,\"height\":90,\"caption\":\"Estrat\u00e9gia Militares\"},\"image\":{\"@id\":\"https:\/\/militares.estrategia.com\/portal\/#\/schema\/logo\/image\/\"},\"sameAs\":[\"https:\/\/www.facebook.com\/EstrategiaMilitares\",\"https:\/\/x.com\/estrategiamilit\",\"https:\/\/www.instagram.com\/estrategiamilitares\/\",\"https:\/\/www.youtube.com\/channel\/UCRG_9hakCqXxnj_8TqCdgTA\"]},{\"@type\":\"Person\",\"@id\":\"https:\/\/militares.estrategia.com\/portal\/#\/schema\/person\/896181038f5542906e5db6f7db222d7c\",\"name\":\"Estrat\u00e9gia Militares\",\"image\":{\"@type\":\"ImageObject\",\"inLanguage\":\"pt-BR\",\"@id\":\"https:\/\/militares.estrategia.com\/portal\/#\/schema\/person\/image\/\",\"url\":\"https:\/\/militares.estrategia.com\/portal\/wp-content\/uploads\/2021\/10\/favicon-militares-150x150.webp\",\"contentUrl\":\"https:\/\/militares.estrategia.com\/portal\/wp-content\/uploads\/2021\/10\/favicon-militares-150x150.webp\",\"caption\":\"Estrat\u00e9gia Militares\"},\"url\":\"https:\/\/militares.estrategia.com\/portal\/author\/estrategia-militares\/\"}]}<\/script>\n<!-- \/ Yoast SEO Premium plugin. -->","yoast_head_json":{"title":"05 de abril: T\u00e9rmino da Insurrei\u00e7\u00e3o do Contestado","description":"Conhe\u00e7a a hist\u00f3ria da Insurrei\u00e7\u00e3o do Contestado! A revolta completa mais um anivers\u00e1rio no m\u00eas do abril, contamos tudo para voc\u00ea!","robots":{"index":"index","follow":"follow","max-snippet":"max-snippet:-1","max-image-preview":"max-image-preview:large","max-video-preview":"max-video-preview:-1"},"canonical":"https:\/\/militares.estrategia.com\/portal\/mundo-militar\/datas-comemorativas\/05-04-termino-da-insurreicao-do-contestado\/","og_locale":"pt_BR","og_type":"article","og_title":"05 de abril: T\u00e9rmino da Insurrei\u00e7\u00e3o do Contestado","og_description":"Conhe\u00e7a a hist\u00f3ria da Insurrei\u00e7\u00e3o do Contestado! A revolta completa mais um anivers\u00e1rio no m\u00eas do abril, contamos tudo para voc\u00ea!","og_url":"https:\/\/militares.estrategia.com\/portal\/mundo-militar\/datas-comemorativas\/05-04-termino-da-insurreicao-do-contestado\/","og_site_name":"Estrat\u00e9gia Militares","article_publisher":"https:\/\/www.facebook.com\/EstrategiaMilitares","article_published_time":"2025-04-05T12:00:00+00:00","article_modified_time":"2026-04-06T13:04:34+00:00","og_image":[{"width":860,"height":570,"url":"https:\/\/militares.estrategia.com\/portal\/wp-content\/uploads\/2025\/03\/Contestado_tropa_Exercito.jpg","type":"image\/jpeg"}],"author":"Estrat\u00e9gia Militares","twitter_card":"summary_large_image","twitter_creator":"@estrategiamilit","twitter_site":"@estrategiamilit","twitter_misc":{"Escrito por":"Estrat\u00e9gia Militares","Est. tempo de leitura":"3 minutos"},"schema":{"@context":"https:\/\/schema.org","@graph":[{"@type":"Article","@id":"https:\/\/militares.estrategia.com\/portal\/mundo-militar\/datas-comemorativas\/05-04-termino-da-insurreicao-do-contestado\/#article","isPartOf":{"@id":"https:\/\/militares.estrategia.com\/portal\/mundo-militar\/datas-comemorativas\/05-04-termino-da-insurreicao-do-contestado\/"},"author":{"name":"Estrat\u00e9gia Militares","@id":"https:\/\/militares.estrategia.com\/portal\/#\/schema\/person\/896181038f5542906e5db6f7db222d7c"},"headline":"05 de abril: T\u00e9rmino da Insurrei\u00e7\u00e3o do Contestado","datePublished":"2025-04-05T12:00:00+00:00","dateModified":"2026-04-06T13:04:34+00:00","mainEntityOfPage":{"@id":"https:\/\/militares.estrategia.com\/portal\/mundo-militar\/datas-comemorativas\/05-04-termino-da-insurreicao-do-contestado\/"},"wordCount":575,"publisher":{"@id":"https:\/\/militares.estrategia.com\/portal\/#organization"},"image":{"@id":"https:\/\/militares.estrategia.com\/portal\/mundo-militar\/datas-comemorativas\/05-04-termino-da-insurreicao-do-contestado\/#primaryimage"},"thumbnailUrl":"https:\/\/militares.estrategia.com\/portal\/wp-content\/uploads\/2025\/03\/Contestado_tropa_Exercito.jpg","articleSection":["Datas Comemorativas"],"inLanguage":"pt-BR"},{"@type":"WebPage","@id":"https:\/\/militares.estrategia.com\/portal\/mundo-militar\/datas-comemorativas\/05-04-termino-da-insurreicao-do-contestado\/","url":"https:\/\/militares.estrategia.com\/portal\/mundo-militar\/datas-comemorativas\/05-04-termino-da-insurreicao-do-contestado\/","name":"05 de abril: T\u00e9rmino da Insurrei\u00e7\u00e3o do Contestado","isPartOf":{"@id":"https:\/\/militares.estrategia.com\/portal\/#website"},"primaryImageOfPage":{"@id":"https:\/\/militares.estrategia.com\/portal\/mundo-militar\/datas-comemorativas\/05-04-termino-da-insurreicao-do-contestado\/#primaryimage"},"image":{"@id":"https:\/\/militares.estrategia.com\/portal\/mundo-militar\/datas-comemorativas\/05-04-termino-da-insurreicao-do-contestado\/#primaryimage"},"thumbnailUrl":"https:\/\/militares.estrategia.com\/portal\/wp-content\/uploads\/2025\/03\/Contestado_tropa_Exercito.jpg","datePublished":"2025-04-05T12:00:00+00:00","dateModified":"2026-04-06T13:04:34+00:00","description":"Conhe\u00e7a a hist\u00f3ria da Insurrei\u00e7\u00e3o do Contestado! A revolta completa mais um anivers\u00e1rio no m\u00eas do abril, contamos tudo para voc\u00ea!","breadcrumb":{"@id":"https:\/\/militares.estrategia.com\/portal\/mundo-militar\/datas-comemorativas\/05-04-termino-da-insurreicao-do-contestado\/#breadcrumb"},"inLanguage":"pt-BR","potentialAction":[{"@type":"ReadAction","target":["https:\/\/militares.estrategia.com\/portal\/mundo-militar\/datas-comemorativas\/05-04-termino-da-insurreicao-do-contestado\/"]}]},{"@type":"ImageObject","inLanguage":"pt-BR","@id":"https:\/\/militares.estrategia.com\/portal\/mundo-militar\/datas-comemorativas\/05-04-termino-da-insurreicao-do-contestado\/#primaryimage","url":"https:\/\/militares.estrategia.com\/portal\/wp-content\/uploads\/2025\/03\/Contestado_tropa_Exercito.jpg","contentUrl":"https:\/\/militares.estrategia.com\/portal\/wp-content\/uploads\/2025\/03\/Contestado_tropa_Exercito.jpg","width":860,"height":570,"caption":"Fonte: Senado Federal"},{"@type":"BreadcrumbList","@id":"https:\/\/militares.estrategia.com\/portal\/mundo-militar\/datas-comemorativas\/05-04-termino-da-insurreicao-do-contestado\/#breadcrumb","itemListElement":[{"@type":"ListItem","position":1,"name":"Home","item":"https:\/\/militares.estrategia.com\/portal\/"},{"@type":"ListItem","position":2,"name":"Mundo Militar","item":"https:\/\/militares.estrategia.com\/portal\/mundo-militar\/"},{"@type":"ListItem","position":3,"name":"Datas Comemorativas","item":"https:\/\/militares.estrategia.com\/portal\/mundo-militar\/datas-comemorativas\/"},{"@type":"ListItem","position":4,"name":"05 de abril: T\u00e9rmino da Insurrei\u00e7\u00e3o do Contestado"}]},{"@type":"WebSite","@id":"https:\/\/militares.estrategia.com\/portal\/#website","url":"https:\/\/militares.estrategia.com\/portal\/","name":"Estrat\u00e9gia Militares","description":"","publisher":{"@id":"https:\/\/militares.estrategia.com\/portal\/#organization"},"potentialAction":[{"@type":"SearchAction","target":{"@type":"EntryPoint","urlTemplate":"https:\/\/militares.estrategia.com\/portal\/?s={search_term_string}"},"query-input":{"@type":"PropertyValueSpecification","valueRequired":true,"valueName":"search_term_string"}}],"inLanguage":"pt-BR"},{"@type":"Organization","@id":"https:\/\/militares.estrategia.com\/portal\/#organization","name":"Estrat\u00e9gia Militares","url":"https:\/\/militares.estrategia.com\/portal\/","logo":{"@type":"ImageObject","inLanguage":"pt-BR","@id":"https:\/\/militares.estrategia.com\/portal\/#\/schema\/logo\/image\/","url":"https:\/\/militares.estrategia.com\/portal\/wp-content\/uploads\/2021\/10\/logo-militares.webp","contentUrl":"https:\/\/militares.estrategia.com\/portal\/wp-content\/uploads\/2021\/10\/logo-militares.webp","width":346,"height":90,"caption":"Estrat\u00e9gia Militares"},"image":{"@id":"https:\/\/militares.estrategia.com\/portal\/#\/schema\/logo\/image\/"},"sameAs":["https:\/\/www.facebook.com\/EstrategiaMilitares","https:\/\/x.com\/estrategiamilit","https:\/\/www.instagram.com\/estrategiamilitares\/","https:\/\/www.youtube.com\/channel\/UCRG_9hakCqXxnj_8TqCdgTA"]},{"@type":"Person","@id":"https:\/\/militares.estrategia.com\/portal\/#\/schema\/person\/896181038f5542906e5db6f7db222d7c","name":"Estrat\u00e9gia Militares","image":{"@type":"ImageObject","inLanguage":"pt-BR","@id":"https:\/\/militares.estrategia.com\/portal\/#\/schema\/person\/image\/","url":"https:\/\/militares.estrategia.com\/portal\/wp-content\/uploads\/2021\/10\/favicon-militares-150x150.webp","contentUrl":"https:\/\/militares.estrategia.com\/portal\/wp-content\/uploads\/2021\/10\/favicon-militares-150x150.webp","caption":"Estrat\u00e9gia Militares"},"url":"https:\/\/militares.estrategia.com\/portal\/author\/estrategia-militares\/"}]}},"_wl_alt_label":[],"wl:entity_url":"https:\/\/data.wordlift.io\/wl110246\/post\/05-04-termino-da-insurreicao-do-contestado-84056","_links":{"self":[{"href":"https:\/\/militares.estrategia.com\/portal\/wp-json\/wp\/v2\/posts\/84056","targetHints":{"allow":["GET"]}}],"collection":[{"href":"https:\/\/militares.estrategia.com\/portal\/wp-json\/wp\/v2\/posts"}],"about":[{"href":"https:\/\/militares.estrategia.com\/portal\/wp-json\/wp\/v2\/types\/post"}],"author":[{"embeddable":true,"href":"https:\/\/militares.estrategia.com\/portal\/wp-json\/wp\/v2\/users\/11"}],"replies":[{"embeddable":true,"href":"https:\/\/militares.estrategia.com\/portal\/wp-json\/wp\/v2\/comments?post=84056"}],"version-history":[{"count":3,"href":"https:\/\/militares.estrategia.com\/portal\/wp-json\/wp\/v2\/posts\/84056\/revisions"}],"predecessor-version":[{"id":84126,"href":"https:\/\/militares.estrategia.com\/portal\/wp-json\/wp\/v2\/posts\/84056\/revisions\/84126"}],"wp:featuredmedia":[{"embeddable":true,"href":"https:\/\/militares.estrategia.com\/portal\/wp-json\/wp\/v2\/media\/84105"}],"wp:attachment":[{"href":"https:\/\/militares.estrategia.com\/portal\/wp-json\/wp\/v2\/media?parent=84056"}],"wp:term":[{"taxonomy":"category","embeddable":true,"href":"https:\/\/militares.estrategia.com\/portal\/wp-json\/wp\/v2\/categories?post=84056"},{"taxonomy":"post_tag","embeddable":true,"href":"https:\/\/militares.estrategia.com\/portal\/wp-json\/wp\/v2\/tags?post=84056"},{"taxonomy":"wl_entity_type","embeddable":true,"href":"https:\/\/militares.estrategia.com\/portal\/wp-json\/wp\/v2\/wl_entity_type?post=84056"}],"curies":[{"name":"wp","href":"https:\/\/api.w.org\/{rel}","templated":true}]}}