{"id":83462,"date":"2025-02-26T15:36:20","date_gmt":"2025-02-26T18:36:20","guid":{"rendered":"https:\/\/militares.estrategia.com\/portal\/?p=83462"},"modified":"2025-02-26T17:15:26","modified_gmt":"2025-02-26T20:15:26","slug":"ita-inicia-ano-letivo-de-2025","status":"publish","type":"post","link":"https:\/\/militares.estrategia.com\/portal\/noticias\/ita-inicia-ano-letivo-de-2025\/","title":{"rendered":"ITA inicia ano letivo de 2025"},"content":{"rendered":"\n<p>No dia 24 de fevereiro, segunda-feira, o Instituto Tecnol\u00f3gico de Aeron\u00e1utica (ITA) iniciou o ano letivo de 2025. E para marcar a data, foi realizada a Aula Magna de 2025, para os alunos de gradua\u00e7\u00e3o. Saiba mais informa\u00e7\u00f5es com o Estrat\u00e9gia Militares!<\/p>\n\n\n<div id=\"new-form\">\n\t<form id=\"forms_layout\">\n\t<input type=\"hidden\" id=\"chave_de\" name=\"chave_de\" value=\"01_EMIL_LEADS_TOTAIS\" \/>\n\t\t<input type=\"hidden\" id=\"mid\" name=\"mid\" value=\"515009017\" \/>\n\t\t<input type=\"hidden\" id=\"Objetivo\" name=\"Objetivo\" value=\"Militares\" \/>\n\t\t<input type=\"hidden\" id=\"Estado_de_Origem_do_IP\" name=\"Estado_de_Origem_do_IP\"  value=\"\" \/>\n\t\t<input type=\"hidden\" id=\"Cidade_de_Origem_do_IP\" name=\"Cidade_de_Origem_do_IP\" value=\"\" \/>\n\t\t<input type=\"hidden\" id=\"Modo_de_entrada\" name=\"Modo_de_entrada\" value=\"Portal\" \/>\n\t\t<input type=\"hidden\" id=\"Pagina_Origem\" name=\"Pagina_Origem\" value=\"\" \/>\n\n\t\t<div class=\"texto\">\n\t\t\t<h3 class=\"news\">Inscreva-se em nossa newsletter!<\/h3>\n\t\t\t<p>Receba not\u00edcias sobre os mais importantes concursos para as For\u00e7as Armadas brasileiras e informa\u00e7\u00f5es sobre o mundo militar!<\/p>\n\t\t<\/div>\n\t\t<div class=\"campos\">\n\t\t\t<div class=\"first_name labels\">\n\t\t\t\t<input type=\"text\" class=\"input_labels\" id=\"first_name\" name=\"Nome_Completo\" placeholder=\"Nome\" required \/>\n\t\t\t<\/div>\n\t\t\t<div class=\"email labels\">\n\t\t\t\t<input type=\"email\" class=\"input_labels\" id=\"email\" name=\"Email\" placeholder=\"E-mail\" required \/>\n\t\t\t<\/div>\n\t\t\t<button type=\"submit\" class=\"button_layout\">\n\t\t\t\t<div id=\"lblBotao\">Inscreva-se<\/div>\n\t\t\t\t<span id=\"divSpiner\" class=\"loader\" role=\"status\" style=\"display: none;\"><\/span>\t\n\t\t\t<\/button>\n\t\t<\/div><!-- \/campos -->\n\t\t\n\t\t<label class=\"container_checkbox\">Voc\u00ea concorda com a nossa\n\t\t\t<a class=\"politics_privacy_ahref\" target=\"_blank\" href=\"https:\/\/gratis.estrategiaconcursos.com.br\/politica-de-privacidade\/\">Pol\u00edtica de Privacidade<\/a> e aceita receber informa\u00e7\u00f5es adicionais do Estrat\u00e9gia Educacional.\n\t\t\t<input id=\"checkbox_layout\" type=\"checkbox\" checked=\"checked\" required \/>\n\t\t\t<span class=\"checkbox\"><\/span>\n\t\t<\/label>\n\t\t<div id=\"msg\"><\/div>\n\t\t<div id=\"error\" class=\"error\">\n\t\t<\/div>\n\t<\/form>\n<\/div><!-- \/new-form -->\n\n\n\n<p>O evento foi realizado no campus do Departamento de Ci\u00eancia e Tecnologia Aeroespacial (DCTA), em S\u00e3o Jos\u00e9 dos Campos, S\u00e3o Paulo. Ele foi presidido pelo Diretor-Geral do DCTA, Tenente-Brigadeiro do Ar Ricardo Augusto Fonseca Neubert.<\/p>\n\n\n\n<p>Al\u00e9m dos alunos do ITA, a cerim\u00f4nia contou ainda com a presen\u00e7a do Reitor do ITA, Professor Doutor Antonio Guilherme de Arruda Lorenzi; da Vice-Reitora, Professora Doutora Emilia Villani; de Oficiais-Generais da Guarni\u00e7\u00e3o de Aeron\u00e1utica de S\u00e3o Jos\u00e9 dos Campos (GUARNAE-SJ); do Comandante da Escola de Especialistas de Aeron\u00e1utica (EEAR), Brigadeiro do Ar Joelson Rodrigues de Carvalho; da Secret\u00e1ria da Ci\u00eancia, Tecnologia e Educa\u00e7\u00e3o Superior do Estado do Cear\u00e1, Sandra Maria Nunes Monteiro; e outras autoridades civis e militares.<\/p>\n\n\n\n<p>A Aula Magna foi proferida pelo Doutor Hugo Santana de Figueir\u00eado Junior, Engenheiro Aeron\u00e1utico formado pelo ITA e professor da Faculdade de Economia, Administra\u00e7\u00e3o, Atu\u00e1ria e Contabilidade da Universidade Federal do Cear\u00e1 (UFC). O tema foi &#8220;Transi\u00e7\u00e3o Energ\u00e9tica: Oportunidade para o Brasil e Desafio para a Engenharia Nacional&#8221;, onde o professor destacou as perspectivas do setor no Brasil e a relev\u00e2ncia da engenharia na busca por inova\u00e7\u00e3o.<\/p>\n\n\n<div class=\"wp-block-image\">\n<figure class=\"aligncenter size-full\"><img decoding=\"async\" width=\"600\" height=\"400\" src=\"https:\/\/militares.estrategia.com\/portal\/wp-content\/uploads\/2025\/02\/i2522511024503998.jpg\" alt=\"\" class=\"wp-image-83474\"\/><\/figure><\/div>\n\n\n<p>O Reitor do ITA ressaltou a import\u00e2ncia do tema: <\/p>\n\n\n\n<blockquote class=\"wp-block-quote is-layout-flow wp-block-quote-is-layout-flow\">\n<p><\/p>\n\n\n\n<p>&#8220;Em dois anos, o ITA estar\u00e1 iniciando as aulas no novo campus em Fortaleza (CE), que oferecer\u00e1, entre outros cursos, Engenharia de Energia. Essa Aula Magna foi fundamental para compreendermos o mercado energ\u00e9tico e sua sinergia com a engenharia, assegurando que o projeto acad\u00eamico em constru\u00e7\u00e3o ganhe ainda mais for\u00e7a. Para os novos alunos, foi uma oportunidade valiosa de conhecer melhor o setor em que atuar\u00e3o no futuro&#8221;.<\/p>\n<\/blockquote>\n\n\n\n<p>No evento, foram entregues pr\u00eamios aos alunos com melhor desempenho em 2024, nos cursos de Engenharia Aeron\u00e1utica, Eletr\u00f4nica, Mec\u00e2nica-Aeron\u00e1utica, Civil-Aeron\u00e1utica, Computa\u00e7\u00e3o e Aeroespacial. Al\u00e9m disso, o pr\u00eamio de Melhor Trabalho de Gradua\u00e7\u00e3o foi concedido ao estudante e sua orientadora. Houve tamb\u00e9m uma homenagem ao estudante que foi o primeiro colocado geral no curso de gradua\u00e7\u00e3o.<\/p>\n\n\n\n<p>A cerim\u00f4nia ainda reconheceu um docente do ITA com a premia\u00e7\u00e3o L\u00e1urea Casimiro Montenegro Filho, pelo uso de pr\u00e1ticas pedag\u00f3gicas inovadoras voltadas \u00e0 melhoria do processo de ensino e aprendizagem. <\/p>\n\n\n\n<p>Se voc\u00ea sonha em se tornar um engenheiro militar estudando com no Instituto Tecnol\u00f3gico de Aeron\u00e1utica, conhe\u00e7a os cursos do Estrat\u00e9gia Militares. Clique no banner e saiba mais! <\/p>\n\n\n\n<a id=\"cta\" class=\"cta-imagem\" href=\"https:\/\/militares.estrategia.com\/curso\/pacote-extensivo-ita\/\" target=\"blank\">\n                <img decoding=\"async\" width=\"100%\" src=\"https:\/\/militares.estrategia.com\/portal\/wp-content\/uploads\/2023\/06\/CTA-ITA.jpg\" alt=\"CTA ITA\" title=\"CTA ITA\">\n        <\/a>\n\n\n\n<h2 class=\"wp-block-heading\" id=\"h-fontes\">Fontes<\/h2>\n\n\n\n<p><a href=\"https:\/\/www.fab.mil.br\/noticias\/\" target=\"_blank\" >For\u00e7a A\u00e9rea Brasileira<\/a><\/p>\n\n\n\n<p>ITA &#8211; Tenente Leonardo<\/p>\n\n\n\n<p>Fotos: ITA<\/p>\n","protected":false},"excerpt":{"rendered":"No dia 24 de fevereiro, segunda-feira, o Instituto Tecnol\u00f3gico de Aeron\u00e1utica (ITA) iniciou o ano letivo de 2025.&hellip;\n","protected":false},"author":58,"featured_media":83464,"comment_status":"closed","ping_status":"closed","sticky":false,"template":"","format":"standard","meta":{"wl_entities_gutenberg":"","footnotes":""},"categories":[36],"tags":[313,162,161,271,107],"wl_entity_type":[187],"class_list":{"0":"post-83462","1":"post","2":"type-post","3":"status-publish","4":"format-standard","5":"has-post-thumbnail","7":"category-noticias","8":"tag-313","9":"tag-carreiramilitar","10":"tag-concursosmilitares","11":"tag-fab","12":"tag-ita","13":"wl_entity_type-article"},"acf":[],"yoast_head":"<!-- This site is optimized with the Yoast SEO Premium plugin v26.6 (Yoast SEO v26.6) - https:\/\/yoast.com\/wordpress\/plugins\/seo\/ -->\n<title>ITA inicia ano letivo de 2025<\/title>\n<meta name=\"description\" content=\"O Instituto Tecnol\u00f3gico de Aeron\u00e1utica iniciou o ano letivo em 2025 recebendo os novos alunos e com uma aula magna. Confira!\" \/>\n<meta name=\"robots\" content=\"index, follow, max-snippet:-1, max-image-preview:large, max-video-preview:-1\" \/>\n<link rel=\"canonical\" href=\"https:\/\/militares.estrategia.com\/portal\/noticias\/ita-inicia-ano-letivo-de-2025\/\" \/>\n<meta property=\"og:locale\" content=\"pt_BR\" \/>\n<meta property=\"og:type\" content=\"article\" \/>\n<meta property=\"og:title\" content=\"ITA inicia ano letivo de 2025\" \/>\n<meta property=\"og:description\" content=\"O Instituto Tecnol\u00f3gico de Aeron\u00e1utica iniciou o ano letivo em 2025 recebendo os novos alunos e com uma aula magna. Confira!\" \/>\n<meta property=\"og:url\" content=\"https:\/\/militares.estrategia.com\/portal\/noticias\/ita-inicia-ano-letivo-de-2025\/\" \/>\n<meta property=\"og:site_name\" content=\"Estrat\u00e9gia Militares\" \/>\n<meta property=\"article:publisher\" content=\"https:\/\/www.facebook.com\/EstrategiaMilitares\" \/>\n<meta property=\"article:published_time\" content=\"2025-02-26T18:36:20+00:00\" \/>\n<meta property=\"article:modified_time\" content=\"2025-02-26T20:15:26+00:00\" \/>\n<meta property=\"og:image\" content=\"https:\/\/militares.estrategia.com\/portal\/wp-content\/uploads\/2025\/02\/i2522511034405068.jpg\" \/>\n\t<meta property=\"og:image:width\" content=\"600\" \/>\n\t<meta property=\"og:image:height\" content=\"400\" \/>\n\t<meta property=\"og:image:type\" content=\"image\/jpeg\" \/>\n<meta name=\"author\" content=\"Vanesca Soares\" \/>\n<meta name=\"twitter:card\" content=\"summary_large_image\" \/>\n<meta name=\"twitter:creator\" content=\"@estrategiamilit\" \/>\n<meta name=\"twitter:site\" content=\"@estrategiamilit\" \/>\n<meta name=\"twitter:label1\" content=\"Escrito por\" \/>\n\t<meta name=\"twitter:data1\" content=\"Vanesca Soares\" \/>\n\t<meta name=\"twitter:label2\" content=\"Est. tempo de leitura\" \/>\n\t<meta name=\"twitter:data2\" content=\"2 minutos\" \/>\n<script type=\"application\/ld+json\" class=\"yoast-schema-graph\">{\"@context\":\"https:\/\/schema.org\",\"@graph\":[{\"@type\":\"NewsArticle\",\"@id\":\"https:\/\/militares.estrategia.com\/portal\/noticias\/ita-inicia-ano-letivo-de-2025\/#article\",\"isPartOf\":{\"@id\":\"https:\/\/militares.estrategia.com\/portal\/noticias\/ita-inicia-ano-letivo-de-2025\/\"},\"author\":{\"name\":\"Vanesca Soares\",\"@id\":\"https:\/\/militares.estrategia.com\/portal\/#\/schema\/person\/5cfd387108cd0cdefab7eea7a9735dcc\"},\"headline\":\"ITA inicia ano letivo de 2025\",\"datePublished\":\"2025-02-26T18:36:20+00:00\",\"dateModified\":\"2025-02-26T20:15:26+00:00\",\"mainEntityOfPage\":{\"@id\":\"https:\/\/militares.estrategia.com\/portal\/noticias\/ita-inicia-ano-letivo-de-2025\/\"},\"wordCount\":481,\"publisher\":{\"@id\":\"https:\/\/militares.estrategia.com\/portal\/#organization\"},\"image\":{\"@id\":\"https:\/\/militares.estrategia.com\/portal\/noticias\/ita-inicia-ano-letivo-de-2025\/#primaryimage\"},\"thumbnailUrl\":\"https:\/\/militares.estrategia.com\/portal\/wp-content\/uploads\/2025\/02\/i2522511034405068.jpg\",\"keywords\":[\"2024\",\"carreiramilitar\",\"ConcursosMilitares\",\"FAB\",\"ITA\"],\"articleSection\":[\"Not\u00edcias\"],\"inLanguage\":\"pt-BR\"},{\"@type\":\"WebPage\",\"@id\":\"https:\/\/militares.estrategia.com\/portal\/noticias\/ita-inicia-ano-letivo-de-2025\/\",\"url\":\"https:\/\/militares.estrategia.com\/portal\/noticias\/ita-inicia-ano-letivo-de-2025\/\",\"name\":\"ITA inicia ano letivo de 2025\",\"isPartOf\":{\"@id\":\"https:\/\/militares.estrategia.com\/portal\/#website\"},\"primaryImageOfPage\":{\"@id\":\"https:\/\/militares.estrategia.com\/portal\/noticias\/ita-inicia-ano-letivo-de-2025\/#primaryimage\"},\"image\":{\"@id\":\"https:\/\/militares.estrategia.com\/portal\/noticias\/ita-inicia-ano-letivo-de-2025\/#primaryimage\"},\"thumbnailUrl\":\"https:\/\/militares.estrategia.com\/portal\/wp-content\/uploads\/2025\/02\/i2522511034405068.jpg\",\"datePublished\":\"2025-02-26T18:36:20+00:00\",\"dateModified\":\"2025-02-26T20:15:26+00:00\",\"description\":\"O Instituto Tecnol\u00f3gico de Aeron\u00e1utica iniciou o ano letivo em 2025 recebendo os novos alunos e com uma aula magna. Confira!\",\"breadcrumb\":{\"@id\":\"https:\/\/militares.estrategia.com\/portal\/noticias\/ita-inicia-ano-letivo-de-2025\/#breadcrumb\"},\"inLanguage\":\"pt-BR\",\"potentialAction\":[{\"@type\":\"ReadAction\",\"target\":[\"https:\/\/militares.estrategia.com\/portal\/noticias\/ita-inicia-ano-letivo-de-2025\/\"]}]},{\"@type\":\"ImageObject\",\"inLanguage\":\"pt-BR\",\"@id\":\"https:\/\/militares.estrategia.com\/portal\/noticias\/ita-inicia-ano-letivo-de-2025\/#primaryimage\",\"url\":\"https:\/\/militares.estrategia.com\/portal\/wp-content\/uploads\/2025\/02\/i2522511034405068.jpg\",\"contentUrl\":\"https:\/\/militares.estrategia.com\/portal\/wp-content\/uploads\/2025\/02\/i2522511034405068.jpg\",\"width\":600,\"height\":400},{\"@type\":\"BreadcrumbList\",\"@id\":\"https:\/\/militares.estrategia.com\/portal\/noticias\/ita-inicia-ano-letivo-de-2025\/#breadcrumb\",\"itemListElement\":[{\"@type\":\"ListItem\",\"position\":1,\"name\":\"Home\",\"item\":\"https:\/\/militares.estrategia.com\/portal\/\"},{\"@type\":\"ListItem\",\"position\":2,\"name\":\"Not\u00edcias\",\"item\":\"https:\/\/militares.estrategia.com\/portal\/noticias\/\"},{\"@type\":\"ListItem\",\"position\":3,\"name\":\"ITA inicia ano letivo de 2025\"}]},{\"@type\":\"WebSite\",\"@id\":\"https:\/\/militares.estrategia.com\/portal\/#website\",\"url\":\"https:\/\/militares.estrategia.com\/portal\/\",\"name\":\"Estrat\u00e9gia Militares\",\"description\":\"\",\"publisher\":{\"@id\":\"https:\/\/militares.estrategia.com\/portal\/#organization\"},\"potentialAction\":[{\"@type\":\"SearchAction\",\"target\":{\"@type\":\"EntryPoint\",\"urlTemplate\":\"https:\/\/militares.estrategia.com\/portal\/?s={search_term_string}\"},\"query-input\":{\"@type\":\"PropertyValueSpecification\",\"valueRequired\":true,\"valueName\":\"search_term_string\"}}],\"inLanguage\":\"pt-BR\"},{\"@type\":\"Organization\",\"@id\":\"https:\/\/militares.estrategia.com\/portal\/#organization\",\"name\":\"Estrat\u00e9gia Militares\",\"url\":\"https:\/\/militares.estrategia.com\/portal\/\",\"logo\":{\"@type\":\"ImageObject\",\"inLanguage\":\"pt-BR\",\"@id\":\"https:\/\/militares.estrategia.com\/portal\/#\/schema\/logo\/image\/\",\"url\":\"https:\/\/militares.estrategia.com\/portal\/wp-content\/uploads\/2021\/10\/logo-militares.webp\",\"contentUrl\":\"https:\/\/militares.estrategia.com\/portal\/wp-content\/uploads\/2021\/10\/logo-militares.webp\",\"width\":346,\"height\":90,\"caption\":\"Estrat\u00e9gia Militares\"},\"image\":{\"@id\":\"https:\/\/militares.estrategia.com\/portal\/#\/schema\/logo\/image\/\"},\"sameAs\":[\"https:\/\/www.facebook.com\/EstrategiaMilitares\",\"https:\/\/x.com\/estrategiamilit\",\"https:\/\/www.instagram.com\/estrategiamilitares\/\",\"https:\/\/www.youtube.com\/channel\/UCRG_9hakCqXxnj_8TqCdgTA\"]},{\"@type\":\"Person\",\"@id\":\"https:\/\/militares.estrategia.com\/portal\/#\/schema\/person\/5cfd387108cd0cdefab7eea7a9735dcc\",\"name\":\"Vanesca Soares\",\"image\":{\"@type\":\"ImageObject\",\"inLanguage\":\"pt-BR\",\"@id\":\"https:\/\/militares.estrategia.com\/portal\/#\/schema\/person\/image\/\",\"url\":\"https:\/\/militares.estrategia.com\/portal\/wp-content\/uploads\/2021\/10\/FB_IMG_1634215702135-150x150.webp\",\"contentUrl\":\"https:\/\/militares.estrategia.com\/portal\/wp-content\/uploads\/2021\/10\/FB_IMG_1634215702135-150x150.webp\",\"caption\":\"Vanesca Soares\"},\"description\":\"Vanesca Soares foi Primeiro Tenente da Marinha do Brasil. Jornalista de forma\u00e7\u00e3o, ama todas as artes, principalmente a Literatura e o Cinema. Capaz de ficar em casa lendo um bom livro ao inv\u00e9s de ir para a balada, entende que ler \u00e9 uma grande viagem. Ama filmes hist\u00f3ricos, biografias, drama, thrillers, terror e tudo sobre os anos 1980. Principalmente a m\u00fasica!\",\"url\":\"https:\/\/militares.estrategia.com\/portal\/author\/vanesca-soares\/\"}]}<\/script>\n<!-- \/ Yoast SEO Premium plugin. -->","yoast_head_json":{"title":"ITA inicia ano letivo de 2025","description":"O Instituto Tecnol\u00f3gico de Aeron\u00e1utica iniciou o ano letivo em 2025 recebendo os novos alunos e com uma aula magna. Confira!","robots":{"index":"index","follow":"follow","max-snippet":"max-snippet:-1","max-image-preview":"max-image-preview:large","max-video-preview":"max-video-preview:-1"},"canonical":"https:\/\/militares.estrategia.com\/portal\/noticias\/ita-inicia-ano-letivo-de-2025\/","og_locale":"pt_BR","og_type":"article","og_title":"ITA inicia ano letivo de 2025","og_description":"O Instituto Tecnol\u00f3gico de Aeron\u00e1utica iniciou o ano letivo em 2025 recebendo os novos alunos e com uma aula magna. Confira!","og_url":"https:\/\/militares.estrategia.com\/portal\/noticias\/ita-inicia-ano-letivo-de-2025\/","og_site_name":"Estrat\u00e9gia Militares","article_publisher":"https:\/\/www.facebook.com\/EstrategiaMilitares","article_published_time":"2025-02-26T18:36:20+00:00","article_modified_time":"2025-02-26T20:15:26+00:00","og_image":[{"width":600,"height":400,"url":"https:\/\/militares.estrategia.com\/portal\/wp-content\/uploads\/2025\/02\/i2522511034405068.jpg","type":"image\/jpeg"}],"author":"Vanesca Soares","twitter_card":"summary_large_image","twitter_creator":"@estrategiamilit","twitter_site":"@estrategiamilit","twitter_misc":{"Escrito por":"Vanesca Soares","Est. tempo de leitura":"2 minutos"},"schema":{"@context":"https:\/\/schema.org","@graph":[{"@type":"NewsArticle","@id":"https:\/\/militares.estrategia.com\/portal\/noticias\/ita-inicia-ano-letivo-de-2025\/#article","isPartOf":{"@id":"https:\/\/militares.estrategia.com\/portal\/noticias\/ita-inicia-ano-letivo-de-2025\/"},"author":{"name":"Vanesca Soares","@id":"https:\/\/militares.estrategia.com\/portal\/#\/schema\/person\/5cfd387108cd0cdefab7eea7a9735dcc"},"headline":"ITA inicia ano letivo de 2025","datePublished":"2025-02-26T18:36:20+00:00","dateModified":"2025-02-26T20:15:26+00:00","mainEntityOfPage":{"@id":"https:\/\/militares.estrategia.com\/portal\/noticias\/ita-inicia-ano-letivo-de-2025\/"},"wordCount":481,"publisher":{"@id":"https:\/\/militares.estrategia.com\/portal\/#organization"},"image":{"@id":"https:\/\/militares.estrategia.com\/portal\/noticias\/ita-inicia-ano-letivo-de-2025\/#primaryimage"},"thumbnailUrl":"https:\/\/militares.estrategia.com\/portal\/wp-content\/uploads\/2025\/02\/i2522511034405068.jpg","keywords":["2024","carreiramilitar","ConcursosMilitares","FAB","ITA"],"articleSection":["Not\u00edcias"],"inLanguage":"pt-BR"},{"@type":"WebPage","@id":"https:\/\/militares.estrategia.com\/portal\/noticias\/ita-inicia-ano-letivo-de-2025\/","url":"https:\/\/militares.estrategia.com\/portal\/noticias\/ita-inicia-ano-letivo-de-2025\/","name":"ITA inicia ano letivo de 2025","isPartOf":{"@id":"https:\/\/militares.estrategia.com\/portal\/#website"},"primaryImageOfPage":{"@id":"https:\/\/militares.estrategia.com\/portal\/noticias\/ita-inicia-ano-letivo-de-2025\/#primaryimage"},"image":{"@id":"https:\/\/militares.estrategia.com\/portal\/noticias\/ita-inicia-ano-letivo-de-2025\/#primaryimage"},"thumbnailUrl":"https:\/\/militares.estrategia.com\/portal\/wp-content\/uploads\/2025\/02\/i2522511034405068.jpg","datePublished":"2025-02-26T18:36:20+00:00","dateModified":"2025-02-26T20:15:26+00:00","description":"O Instituto Tecnol\u00f3gico de Aeron\u00e1utica iniciou o ano letivo em 2025 recebendo os novos alunos e com uma aula magna. Confira!","breadcrumb":{"@id":"https:\/\/militares.estrategia.com\/portal\/noticias\/ita-inicia-ano-letivo-de-2025\/#breadcrumb"},"inLanguage":"pt-BR","potentialAction":[{"@type":"ReadAction","target":["https:\/\/militares.estrategia.com\/portal\/noticias\/ita-inicia-ano-letivo-de-2025\/"]}]},{"@type":"ImageObject","inLanguage":"pt-BR","@id":"https:\/\/militares.estrategia.com\/portal\/noticias\/ita-inicia-ano-letivo-de-2025\/#primaryimage","url":"https:\/\/militares.estrategia.com\/portal\/wp-content\/uploads\/2025\/02\/i2522511034405068.jpg","contentUrl":"https:\/\/militares.estrategia.com\/portal\/wp-content\/uploads\/2025\/02\/i2522511034405068.jpg","width":600,"height":400},{"@type":"BreadcrumbList","@id":"https:\/\/militares.estrategia.com\/portal\/noticias\/ita-inicia-ano-letivo-de-2025\/#breadcrumb","itemListElement":[{"@type":"ListItem","position":1,"name":"Home","item":"https:\/\/militares.estrategia.com\/portal\/"},{"@type":"ListItem","position":2,"name":"Not\u00edcias","item":"https:\/\/militares.estrategia.com\/portal\/noticias\/"},{"@type":"ListItem","position":3,"name":"ITA inicia ano letivo de 2025"}]},{"@type":"WebSite","@id":"https:\/\/militares.estrategia.com\/portal\/#website","url":"https:\/\/militares.estrategia.com\/portal\/","name":"Estrat\u00e9gia Militares","description":"","publisher":{"@id":"https:\/\/militares.estrategia.com\/portal\/#organization"},"potentialAction":[{"@type":"SearchAction","target":{"@type":"EntryPoint","urlTemplate":"https:\/\/militares.estrategia.com\/portal\/?s={search_term_string}"},"query-input":{"@type":"PropertyValueSpecification","valueRequired":true,"valueName":"search_term_string"}}],"inLanguage":"pt-BR"},{"@type":"Organization","@id":"https:\/\/militares.estrategia.com\/portal\/#organization","name":"Estrat\u00e9gia Militares","url":"https:\/\/militares.estrategia.com\/portal\/","logo":{"@type":"ImageObject","inLanguage":"pt-BR","@id":"https:\/\/militares.estrategia.com\/portal\/#\/schema\/logo\/image\/","url":"https:\/\/militares.estrategia.com\/portal\/wp-content\/uploads\/2021\/10\/logo-militares.webp","contentUrl":"https:\/\/militares.estrategia.com\/portal\/wp-content\/uploads\/2021\/10\/logo-militares.webp","width":346,"height":90,"caption":"Estrat\u00e9gia Militares"},"image":{"@id":"https:\/\/militares.estrategia.com\/portal\/#\/schema\/logo\/image\/"},"sameAs":["https:\/\/www.facebook.com\/EstrategiaMilitares","https:\/\/x.com\/estrategiamilit","https:\/\/www.instagram.com\/estrategiamilitares\/","https:\/\/www.youtube.com\/channel\/UCRG_9hakCqXxnj_8TqCdgTA"]},{"@type":"Person","@id":"https:\/\/militares.estrategia.com\/portal\/#\/schema\/person\/5cfd387108cd0cdefab7eea7a9735dcc","name":"Vanesca Soares","image":{"@type":"ImageObject","inLanguage":"pt-BR","@id":"https:\/\/militares.estrategia.com\/portal\/#\/schema\/person\/image\/","url":"https:\/\/militares.estrategia.com\/portal\/wp-content\/uploads\/2021\/10\/FB_IMG_1634215702135-150x150.webp","contentUrl":"https:\/\/militares.estrategia.com\/portal\/wp-content\/uploads\/2021\/10\/FB_IMG_1634215702135-150x150.webp","caption":"Vanesca Soares"},"description":"Vanesca Soares foi Primeiro Tenente da Marinha do Brasil. Jornalista de forma\u00e7\u00e3o, ama todas as artes, principalmente a Literatura e o Cinema. Capaz de ficar em casa lendo um bom livro ao inv\u00e9s de ir para a balada, entende que ler \u00e9 uma grande viagem. Ama filmes hist\u00f3ricos, biografias, drama, thrillers, terror e tudo sobre os anos 1980. Principalmente a m\u00fasica!","url":"https:\/\/militares.estrategia.com\/portal\/author\/vanesca-soares\/"}]}},"_wl_alt_label":[],"wl:entity_url":"https:\/\/data.wordlift.io\/wl110246\/post\/ita-inicia-ano-letivo-de-2025-83462","_links":{"self":[{"href":"https:\/\/militares.estrategia.com\/portal\/wp-json\/wp\/v2\/posts\/83462","targetHints":{"allow":["GET"]}}],"collection":[{"href":"https:\/\/militares.estrategia.com\/portal\/wp-json\/wp\/v2\/posts"}],"about":[{"href":"https:\/\/militares.estrategia.com\/portal\/wp-json\/wp\/v2\/types\/post"}],"author":[{"embeddable":true,"href":"https:\/\/militares.estrategia.com\/portal\/wp-json\/wp\/v2\/users\/58"}],"replies":[{"embeddable":true,"href":"https:\/\/militares.estrategia.com\/portal\/wp-json\/wp\/v2\/comments?post=83462"}],"version-history":[{"count":4,"href":"https:\/\/militares.estrategia.com\/portal\/wp-json\/wp\/v2\/posts\/83462\/revisions"}],"predecessor-version":[{"id":83475,"href":"https:\/\/militares.estrategia.com\/portal\/wp-json\/wp\/v2\/posts\/83462\/revisions\/83475"}],"wp:featuredmedia":[{"embeddable":true,"href":"https:\/\/militares.estrategia.com\/portal\/wp-json\/wp\/v2\/media\/83464"}],"wp:attachment":[{"href":"https:\/\/militares.estrategia.com\/portal\/wp-json\/wp\/v2\/media?parent=83462"}],"wp:term":[{"taxonomy":"category","embeddable":true,"href":"https:\/\/militares.estrategia.com\/portal\/wp-json\/wp\/v2\/categories?post=83462"},{"taxonomy":"post_tag","embeddable":true,"href":"https:\/\/militares.estrategia.com\/portal\/wp-json\/wp\/v2\/tags?post=83462"},{"taxonomy":"wl_entity_type","embeddable":true,"href":"https:\/\/militares.estrategia.com\/portal\/wp-json\/wp\/v2\/wl_entity_type?post=83462"}],"curies":[{"name":"wp","href":"https:\/\/api.w.org\/{rel}","templated":true}]}}