{"id":83129,"date":"2025-02-21T13:56:57","date_gmt":"2025-02-21T16:56:57","guid":{"rendered":"https:\/\/militares.estrategia.com\/portal\/?p=83129"},"modified":"2025-04-09T12:05:30","modified_gmt":"2025-04-09T15:05:30","slug":"gabarito-smv-2025-confira-a-correcao-ao-vivo","status":"publish","type":"post","link":"https:\/\/militares.estrategia.com\/portal\/eventos\/gabaritos\/gabarito-smv-2025-confira-a-correcao-ao-vivo\/","title":{"rendered":"Gabarito SMV 2025: confira o gabarito oficial"},"content":{"rendered":"\n<p>A prova escrita do&nbsp;<a href=\"https:\/\/militares.estrategia.com\/portal\/escolas-militares\/marinha\/smv\/smv-oficiais\/\" target=\"_blank\" >Concurso SMV Oficiais 2025&nbsp;<\/a>acontece no domingo, dia 23 de fevereiro de 2025 e, como manda a tradi\u00e7\u00e3o, o Estrat\u00e9gia Militares far\u00e1 a corre\u00e7\u00e3o ao vivo em nosso canal no YouTube. As respostas dos nossos professores ser\u00e3o disponibilizadas simultaneamente nesta p\u00e1gina do Portal!<\/p>\n\n\n<div id=\"new-form\">\n\t<form id=\"forms_layout\">\n\t<input type=\"hidden\" id=\"chave_de\" name=\"chave_de\" value=\"01_EMIL_LEADS_TOTAIS\" \/>\n\t\t<input type=\"hidden\" id=\"mid\" name=\"mid\" value=\"515009017\" \/>\n\t\t<input type=\"hidden\" id=\"Objetivo\" name=\"Objetivo\" value=\"Militares\" \/>\n\t\t<input type=\"hidden\" id=\"Estado_de_Origem_do_IP\" name=\"Estado_de_Origem_do_IP\"  value=\"\" \/>\n\t\t<input type=\"hidden\" id=\"Cidade_de_Origem_do_IP\" name=\"Cidade_de_Origem_do_IP\" value=\"\" \/>\n\t\t<input type=\"hidden\" id=\"Modo_de_entrada\" name=\"Modo_de_entrada\" value=\"Portal\" \/>\n\t\t<input type=\"hidden\" id=\"Pagina_Origem\" name=\"Pagina_Origem\" value=\"\" \/>\n\n\t\t<div class=\"texto\">\n\t\t\t<h3 class=\"news\">Inscreva-se em nossa newsletter!<\/h3>\n\t\t\t<p>Receba not\u00edcias sobre os mais importantes concursos para as For\u00e7as Armadas brasileiras e informa\u00e7\u00f5es sobre o mundo militar!<\/p>\n\t\t<\/div>\n\t\t<div class=\"campos\">\n\t\t\t<div class=\"first_name labels\">\n\t\t\t\t<input type=\"text\" class=\"input_labels\" id=\"first_name\" name=\"Nome_Completo\" placeholder=\"Nome\" required \/>\n\t\t\t<\/div>\n\t\t\t<div class=\"email labels\">\n\t\t\t\t<input type=\"email\" class=\"input_labels\" id=\"email\" name=\"Email\" placeholder=\"E-mail\" required \/>\n\t\t\t<\/div>\n\t\t\t<button type=\"submit\" class=\"button_layout\">\n\t\t\t\t<div id=\"lblBotao\">Inscreva-se<\/div>\n\t\t\t\t<span id=\"divSpiner\" class=\"loader\" role=\"status\" style=\"display: none;\"><\/span>\t\n\t\t\t<\/button>\n\t\t<\/div><!-- \/campos -->\n\t\t\n\t\t<label class=\"container_checkbox\">Voc\u00ea concorda com a nossa\n\t\t\t<a class=\"politics_privacy_ahref\" target=\"_blank\" href=\"https:\/\/gratis.estrategiaconcursos.com.br\/politica-de-privacidade\/\">Pol\u00edtica de Privacidade<\/a> e aceita receber informa\u00e7\u00f5es adicionais do Estrat\u00e9gia Educacional.\n\t\t\t<input id=\"checkbox_layout\" type=\"checkbox\" checked=\"checked\" required \/>\n\t\t\t<span class=\"checkbox\"><\/span>\n\t\t<\/label>\n\t\t<div id=\"msg\"><\/div>\n\t\t<div id=\"error\" class=\"error\">\n\t\t<\/div>\n\t<\/form>\n<\/div><!-- \/new-form -->\n\n\n\n<div id=\"ez-toc-container\" class=\"ez-toc-v2_0_79_2 counter-hierarchy ez-toc-counter ez-toc-transparent ez-toc-container-direction\">\n<div class=\"ez-toc-title-container\"><p class=\"ez-toc-title\" style=\"cursor:inherit\">Navegue pelo conte\u00fado\t<\/p>\n<\/div><nav><ul class='ez-toc-list ez-toc-list-level-1 ' ><li class='ez-toc-page-1 ez-toc-heading-level-2'><a class=\"ez-toc-link ez-toc-heading-1\" href=\"https:\/\/militares.estrategia.com\/portal\/eventos\/gabaritos\/gabarito-smv-2025-confira-a-correcao-ao-vivo\/#Gabarito-Oficial-e-provas-SMV-2025\" >Gabarito Oficial e provas SMV 2025<\/a><\/li><li class='ez-toc-page-1 ez-toc-heading-level-2'><a class=\"ez-toc-link ez-toc-heading-2\" href=\"https:\/\/militares.estrategia.com\/portal\/eventos\/gabaritos\/gabarito-smv-2025-confira-a-correcao-ao-vivo\/#Recursos\" >Recursos<\/a><\/li><li class='ez-toc-page-1 ez-toc-heading-level-2'><a class=\"ez-toc-link ez-toc-heading-3\" href=\"https:\/\/militares.estrategia.com\/portal\/eventos\/gabaritos\/gabarito-smv-2025-confira-a-correcao-ao-vivo\/#Gabarito-ao-vivo-SMV-2025\" >Gabarito ao vivo SMV 2025<\/a><\/li><li class='ez-toc-page-1 ez-toc-heading-level-2'><a class=\"ez-toc-link ez-toc-heading-4\" href=\"https:\/\/militares.estrategia.com\/portal\/eventos\/gabaritos\/gabarito-smv-2025-confira-a-correcao-ao-vivo\/#Correcao-ao-vivo-no-YouTube\" >Corre\u00e7\u00e3o ao vivo no YouTube<\/a><\/li><\/ul><\/nav><\/div>\n<h2 class=\"wp-block-heading\" id=\"h-gabarito-oficial-e-provas-smv-2025\"><span class=\"ez-toc-section\" id=\"Gabarito-Oficial-e-provas-SMV-2025\"><\/span>Gabarito Oficial e provas SMV 2025<span class=\"ez-toc-section-end\"><\/span><\/h2>\n\n\n\n<div class=\"wp-block-buttons is-content-justification-center is-layout-flex wp-container-core-buttons-is-layout-1 wp-block-buttons-is-layout-flex\">\n<div class=\"wp-block-button is-style-outline is-style-outline--1\"><a class=\"wp-block-button__link has-electric-grass-gradient-background has-background wp-element-button\" href=\"https:\/\/militares.estrategia.com\/portal\/wp-content\/uploads\/2025\/04\/PS-SMV-OF-2025_final_COM4DN.pdf\" style=\"border-radius:100px\" target=\"_blank\" >gabarito OFICIAL<\/a><\/div>\n\n\n\n<div class=\"wp-block-button is-style-outline is-style-outline--2\"><a class=\"wp-block-button__link has-electric-grass-gradient-background has-background wp-element-button\" href=\"https:\/\/militares.estrategia.com\/portal\/wp-content\/uploads\/2025\/02\/PS-SMV-OF_2025_AMARELA.pdf\" style=\"border-radius:100px\" target=\"_blank\" >prova amarela<\/a><\/div>\n<\/div>\n\n\n\n<div class=\"wp-block-buttons is-content-justification-center is-layout-flex wp-container-core-buttons-is-layout-2 wp-block-buttons-is-layout-flex\">\n<div class=\"wp-block-button is-style-outline is-style-outline--3\"><a class=\"wp-block-button__link has-electric-grass-gradient-background has-background wp-element-button\" href=\"https:\/\/militares.estrategia.com\/portal\/wp-content\/uploads\/2025\/02\/PS-SMV-OF_2025_AZUL.pdf\" style=\"border-radius:100px\" target=\"_blank\" >prova azul<\/a><\/div>\n<\/div>\n\n\n\n<div class=\"wp-block-buttons is-content-justification-center is-layout-flex wp-container-core-buttons-is-layout-3 wp-block-buttons-is-layout-flex\">\n<div class=\"wp-block-button is-style-outline is-style-outline--4\"><a class=\"wp-block-button__link has-electric-grass-gradient-background has-background wp-element-button\" href=\"https:\/\/militares.estrategia.com\/portal\/wp-content\/uploads\/2025\/02\/PS-SMV-OF_2025_ROSA.pdf\" style=\"border-radius:100px\" target=\"_blank\" >prova rosa<\/a><\/div>\n<\/div>\n\n\n\n<div class=\"wp-block-buttons is-content-justification-center is-layout-flex wp-container-core-buttons-is-layout-4 wp-block-buttons-is-layout-flex\">\n<div class=\"wp-block-button is-style-outline is-style-outline--5\"><a class=\"wp-block-button__link has-electric-grass-gradient-background has-background wp-element-button\" href=\"https:\/\/militares.estrategia.com\/portal\/wp-content\/uploads\/2025\/02\/PS-SMV-OF-2025_DIVULGACAO_COM4\u00b0DN.pdf\" style=\"border-radius:100px\" target=\"_blank\" >gabarito PROVIS\u00d3RIO<\/a><\/div>\n<\/div>\n\n\n\n<h2 class=\"wp-block-heading\" id=\"h-recursos\"><span class=\"ez-toc-section\" id=\"Recursos\"><\/span>Recursos<span class=\"ez-toc-section-end\"><\/span><\/h2>\n\n\n\n<p>Fa\u00e7a download dos recursos de quest\u00f5es da Prova SMV 2025. <\/p>\n\n\n\n<div class=\"wp-block-buttons is-content-justification-center is-layout-flex wp-container-core-buttons-is-layout-5 wp-block-buttons-is-layout-flex\">\n<div class=\"wp-block-button is-style-outline is-style-outline--6\"><a class=\"wp-block-button__link has-electric-grass-gradient-background has-background wp-element-button\" href=\"https:\/\/militares.estrategia.com\/portal\/wp-content\/uploads\/2025\/02\/Professor-Pedro-Henrique-PH-Recursos-Questoes-2-4-20-e-27-Prova-Rosa-SMV-2025.pdf\" style=\"border-radius:100px\" target=\"_blank\" >Recursos Estrat\u00e9gia militares<\/a><\/div>\n<\/div>\n\n\n\n<p>Veja tamb\u00e9m as explica\u00e7\u00f5es em v\u00eddeo do Professor Pedro Henrique sobre os recursos <a href=\"https:\/\/drive.google.com\/file\/d\/1WCHHXnzw9X0wW-DDTeIv0tz_bfzN4-W-\/view?usp=drivesdk\" target=\"_blank\" >clicando aqui<\/a>. <\/p>\n\n\n\n<h2 class=\"wp-block-heading\" id=\"h-gabarito-ao-vivo-smv-2025\"><span class=\"ez-toc-section\" id=\"Gabarito-ao-vivo-SMV-2025\"><\/span>Gabarito ao vivo SMV 2025<span class=\"ez-toc-section-end\"><\/span><\/h2>\n\n\n\n<p>Como as respostas s\u00e3o publicadas simultaneamente \u00e0 corre\u00e7\u00e3o ao vivo,&nbsp;<strong>lembre-se de sempre atualizar a p\u00e1gina para visualizar o gabarito mais recente.<\/strong>&nbsp;Fique atento ao modelo do gabarito que deseja consultar!<\/p>\n\n\n\n<blockquote class=\"wp-block-quote is-style-plain has-electric-grass-gradient-background has-background is-layout-flow wp-block-quote-is-layout-flow\">\n<p><\/p>\n<cite><strong>Aten\u00e7\u00e3o! <\/strong>Quest\u00f5es marcadas com * s\u00e3o pass\u00edveis de recurso e as marcadas com X* tem possibilidade de anula\u00e7\u00e3o.<\/cite><\/blockquote>\n\n\n\n<h3 class=\"wp-block-heading\" id=\"h-caderno-rosa\">Caderno Rosa<\/h3>\n\n\n\n<figure class=\"wp-block-table is-style-stripes\"><table class=\"has-electric-grass-gradient-background has-background has-fixed-layout\"><tbody><tr><td>1-&nbsp;<strong>D<\/strong><\/td><td>11-&nbsp;<strong>A<\/strong><\/td><td>21-&nbsp;<strong>C<\/strong><\/td><td>31-<strong>&nbsp;B<\/strong><\/td><\/tr><tr><td>2-&nbsp;<strong>*<\/strong><\/td><td>12-&nbsp;<strong>A<\/strong><\/td><td>22-&nbsp;<strong>A<\/strong><\/td><td>32-&nbsp;<strong>D<\/strong><\/td><\/tr><tr><td>3- <strong>D<\/strong><\/td><td>13-&nbsp;<strong>E<\/strong><\/td><td>23-&nbsp;<strong>B<\/strong><\/td><td>33-&nbsp;<strong>A<\/strong><\/td><\/tr><tr><td>4-&nbsp;<strong>B<\/strong><\/td><td>14-&nbsp;<strong>A<\/strong><\/td><td>24-<strong>&nbsp;B<\/strong><\/td><td>34-&nbsp;<strong>C<\/strong><\/td><\/tr><tr><td>5-&nbsp;<strong>E<\/strong><\/td><td>15-&nbsp;<strong>B<\/strong><\/td><td>25-<strong>&nbsp;A<\/strong><\/td><td>35-&nbsp;<strong>B<\/strong><\/td><\/tr><tr><td>6-&nbsp;<strong>E<\/strong><\/td><td>16-&nbsp;<strong>B<\/strong><\/td><td>26-<strong>&nbsp;E<\/strong><\/td><td>36-<strong>&nbsp;A<\/strong><\/td><\/tr><tr><td>7-&nbsp;<strong>D<\/strong><\/td><td>17-&nbsp;<strong>C<\/strong><\/td><td>27-&nbsp;<strong>C<\/strong><\/td><td>37-&nbsp;<strong>D<\/strong><\/td><\/tr><tr><td>8-&nbsp;<strong>C<\/strong><\/td><td>18-&nbsp;<strong>E<\/strong><\/td><td>28-&nbsp;<strong>A<\/strong><\/td><td>38-&nbsp;<strong>E<\/strong><\/td><\/tr><tr><td>9-&nbsp;<strong>D<\/strong><\/td><td>19-&nbsp;<strong>E<\/strong><\/td><td>29-&nbsp;<strong>B<\/strong><\/td><td>39-&nbsp;<strong>D<\/strong><\/td><\/tr><tr><td>10-&nbsp;<strong>A<\/strong><\/td><td>20-<strong>&nbsp;*<\/strong><\/td><td>30-&nbsp;<strong>C<\/strong><\/td><td>40-&nbsp;<strong>D<\/strong><\/td><\/tr><\/tbody><\/table><\/figure>\n\n\n\n<h3 class=\"wp-block-heading\" id=\"h-caderno-amarelo\">Caderno Amarelo<\/h3>\n\n\n\n<figure class=\"wp-block-table is-style-stripes\"><table class=\"has-electric-grass-gradient-background has-background has-fixed-layout\"><tbody><tr><td>1-&nbsp;<strong>*<\/strong><\/td><td>11-&nbsp;<strong>E<\/strong><\/td><td>21-&nbsp;<strong>C<\/strong><\/td><td>31-&nbsp;<strong>D<\/strong><\/td><\/tr><tr><td>2-&nbsp;<strong>A<\/strong><\/td><td>12-&nbsp;<strong>B<\/strong><\/td><td>22-&nbsp;<strong>B<\/strong><\/td><td>32-&nbsp;<strong>A<\/strong><\/td><\/tr><tr><td>3- <strong>E<\/strong><\/td><td>13-&nbsp;<strong>A<\/strong><\/td><td>23-&nbsp;<strong>E<\/strong><\/td><td>33-&nbsp;<strong>E<\/strong><\/td><\/tr><tr><td>4-&nbsp;<strong>D<\/strong><\/td><td>14-&nbsp;<strong>A<\/strong><\/td><td>24-<strong>&nbsp;*<\/strong><\/td><td>34-&nbsp;<strong>A<\/strong><\/td><\/tr><tr><td>5-<strong>&nbsp;E<\/strong><\/td><td>15-&nbsp;<strong>E<\/strong><\/td><td>25-<strong>&nbsp;B<\/strong><\/td><td>35-&nbsp;<strong>D<\/strong><\/td><\/tr><tr><td>6-&nbsp;<strong>E<\/strong><\/td><td>16-&nbsp;<strong>B<\/strong><\/td><td>26-&nbsp;<strong>B<\/strong><\/td><td>36-&nbsp;<strong>C<\/strong><\/td><\/tr><tr><td>7-&nbsp;<strong>D<\/strong><\/td><td>17-&nbsp;<strong>C<\/strong><\/td><td>27-&nbsp;<strong>A<\/strong><\/td><td>37-&nbsp;<strong>D<\/strong><\/td><\/tr><tr><td>8-&nbsp;<strong>D<\/strong><\/td><td>18-&nbsp;<strong>C<\/strong><\/td><td>28-&nbsp;<strong>A<\/strong><\/td><td>38-&nbsp;<strong>B<\/strong><\/td><\/tr><tr><td>9-&nbsp;<strong>D<\/strong><\/td><td>19-<strong>&nbsp;A<\/strong><\/td><td>29-&nbsp;<strong>C<\/strong><\/td><td>39-&nbsp;<strong>B<\/strong><\/td><\/tr><tr><td>10-&nbsp;<strong>B<\/strong><\/td><td>20-&nbsp;<strong>A<\/strong><\/td><td>30-&nbsp;<strong>C<\/strong><\/td><td>40-&nbsp;<strong>D<\/strong><\/td><\/tr><\/tbody><\/table><\/figure>\n\n\n\n<h2 class=\"wp-block-heading\"><span class=\"ez-toc-section\" id=\"Correcao-ao-vivo-no-YouTube\"><\/span>Corre\u00e7\u00e3o ao vivo no YouTube<span class=\"ez-toc-section-end\"><\/span><\/h2>\n\n\n\n<p>Voc\u00ea pode acompanhar a resolu\u00e7\u00e3o passo a passo o Gabarito SMV 2024 em&nbsp;<a href=\"https:\/\/www.youtube.com\/c\/Estrat%C3%A9giaMilitar\" target=\"_blank\" >nosso canal no YouTube.<\/a>&nbsp;O v\u00eddeo tamb\u00e9m ser\u00e1 disponibilizado nesta p\u00e1gina, no dia da corre\u00e7\u00e3o!<\/p>\n\n\n\n<figure class=\"wp-block-embed is-type-video is-provider-youtube wp-block-embed-youtube wp-embed-aspect-16-9 wp-has-aspect-ratio\"><div class=\"wp-block-embed__wrapper\">\n<div class=\"cs-embed cs-embed-responsive\"><iframe title=\"Gabarito SMV-Oficiais 2025: corre\u00e7\u00e3o de prova ao vivo\" width=\"1200\" height=\"675\" src=\"https:\/\/www.youtube.com\/embed\/uor2urx9fmA?feature=oembed\" frameborder=\"0\" allow=\"accelerometer; autoplay; clipboard-write; encrypted-media; gyroscope; picture-in-picture; web-share\" referrerpolicy=\"strict-origin-when-cross-origin\" allowfullscreen><\/iframe><\/div>\n<\/div><\/figure>\n\n\n\n<h3 class=\"wp-block-heading\" id=\"h-prova-objetiva-nbsp\">Prova Objetiva&nbsp;<\/h3>\n\n\n\n<p>&nbsp;A prova tem dura\u00e7\u00e3o de<strong>&nbsp;3 horas e \u00e9 composta de 40 quest\u00f5es de m\u00faltipla escolha<\/strong>, cada uma com 5 alternativas. Todas elas ser\u00e3o de L\u00edngua Portuguesa.<\/p>\n\n\n\n<p>Cada quest\u00e3o valer\u00e1 2,5 pontos. Para se classificarem, os candidatos precisam ter nota superior a 50 e se classificarem entre as maiores notas, at\u00e9 o limite correspondente a 3 (tr\u00eas) vezes o n\u00famero de vagas estabelecidas, considerando-se os empates na \u00faltima posi\u00e7\u00e3o.<\/p>\n\n\n\n<p>Para mais informa\u00e7\u00f5es sobre os concursos das&nbsp;<a href=\"https:\/\/militares.estrategia.com\/portal\/entidade\/forcas-armadas-2\/\" target=\"_blank\" >For\u00e7as Armadas<\/a>&nbsp;e sobre o SMV, acompanhe o Portal Estrat\u00e9gia Militares! Al\u00e9m disso, n\u00e3o deixe de visitar nossa plataforma e conhecer nossos cursos on-line preparat\u00f3rios. <\/p>\n\n\n\n<a id=\"cta\" class=\"cta-imagem\" href=\"https:\/\/militares.estrategia.com\/curso\/pacote-smv-oficiais\/\" target=\"blank\">\n                <img decoding=\"async\" width=\"100%\" src=\"https:\/\/militares.estrategia.com\/portal\/wp-content\/uploads\/2023\/12\/CTA-SMV.jpg\" alt=\"CTA SMV\" title=\"CTA SMV\">\n        <\/a>\n","protected":false},"excerpt":{"rendered":"A prova escrita do&nbsp;Concurso SMV Oficiais 2025&nbsp;acontece no domingo, dia 23 de fevereiro de 2025 e, como manda&hellip;\n","protected":false},"author":18,"featured_media":73659,"comment_status":"closed","ping_status":"closed","sticky":false,"template":"","format":"standard","meta":{"wl_entities_gutenberg":"","footnotes":""},"categories":[245],"tags":[],"wl_entity_type":[187],"class_list":{"0":"post-83129","1":"post","2":"type-post","3":"status-publish","4":"format-standard","5":"has-post-thumbnail","7":"category-gabaritos","8":"wl_entity_type-article"},"acf":[],"yoast_head":"<!-- This site is optimized with the Yoast SEO Premium plugin v26.6 (Yoast SEO v26.6) - https:\/\/yoast.com\/wordpress\/plugins\/seo\/ -->\n<title>Gabarito SMV 2025: confira o gabarito oficial<\/title>\n<meta name=\"description\" content=\"A prova escrita do\u00a0Concurso SMV Oficiais 2025\u00a0acontece no domingo, dia 23\/02. O Estrat\u00e9gia Militares far\u00e1 a corre\u00e7\u00e3o ao vivo.\" \/>\n<meta name=\"robots\" content=\"index, follow, max-snippet:-1, max-image-preview:large, max-video-preview:-1\" \/>\n<link rel=\"canonical\" href=\"https:\/\/militares.estrategia.com\/portal\/eventos\/gabaritos\/gabarito-smv-2025-confira-a-correcao-ao-vivo\/\" \/>\n<meta property=\"og:locale\" content=\"pt_BR\" \/>\n<meta property=\"og:type\" content=\"article\" \/>\n<meta property=\"og:title\" content=\"Gabarito SMV 2025: confira o gabarito oficial\" \/>\n<meta property=\"og:description\" content=\"A prova escrita do\u00a0Concurso SMV Oficiais 2025\u00a0acontece no domingo, dia 23\/02. O Estrat\u00e9gia Militares far\u00e1 a corre\u00e7\u00e3o ao vivo.\" \/>\n<meta property=\"og:url\" content=\"https:\/\/militares.estrategia.com\/portal\/eventos\/gabaritos\/gabarito-smv-2025-confira-a-correcao-ao-vivo\/\" \/>\n<meta property=\"og:site_name\" content=\"Estrat\u00e9gia Militares\" \/>\n<meta property=\"article:publisher\" content=\"https:\/\/www.facebook.com\/EstrategiaMilitares\" \/>\n<meta property=\"article:published_time\" content=\"2025-02-21T16:56:57+00:00\" \/>\n<meta property=\"article:modified_time\" content=\"2025-04-09T15:05:30+00:00\" \/>\n<meta property=\"og:image\" content=\"https:\/\/militares.estrategia.com\/portal\/wp-content\/uploads\/2024\/02\/EM_CapaBlog_Gab.SMV-03.jpg\" \/>\n\t<meta property=\"og:image:width\" content=\"750\" \/>\n\t<meta property=\"og:image:height\" content=\"420\" \/>\n\t<meta property=\"og:image:type\" content=\"image\/jpeg\" \/>\n<meta name=\"author\" content=\"Pedro Alcantara\" \/>\n<meta name=\"twitter:card\" content=\"summary_large_image\" \/>\n<meta name=\"twitter:creator\" content=\"@estrategiamilit\" \/>\n<meta name=\"twitter:site\" content=\"@estrategiamilit\" \/>\n<meta name=\"twitter:label1\" content=\"Escrito por\" \/>\n\t<meta name=\"twitter:data1\" content=\"Pedro Alcantara\" \/>\n\t<meta name=\"twitter:label2\" content=\"Est. tempo de leitura\" \/>\n\t<meta name=\"twitter:data2\" content=\"3 minutos\" \/>\n<script type=\"application\/ld+json\" class=\"yoast-schema-graph\">{\"@context\":\"https:\/\/schema.org\",\"@graph\":[{\"@type\":\"Article\",\"@id\":\"https:\/\/militares.estrategia.com\/portal\/eventos\/gabaritos\/gabarito-smv-2025-confira-a-correcao-ao-vivo\/#article\",\"isPartOf\":{\"@id\":\"https:\/\/militares.estrategia.com\/portal\/eventos\/gabaritos\/gabarito-smv-2025-confira-a-correcao-ao-vivo\/\"},\"author\":{\"name\":\"Pedro Alcantara\",\"@id\":\"https:\/\/militares.estrategia.com\/portal\/#\/schema\/person\/d52a8bb9d3a4693ffcfbe862dc250f79\"},\"headline\":\"Gabarito SMV 2025: confira o gabarito oficial\",\"datePublished\":\"2025-02-21T16:56:57+00:00\",\"dateModified\":\"2025-04-09T15:05:30+00:00\",\"mainEntityOfPage\":{\"@id\":\"https:\/\/militares.estrategia.com\/portal\/eventos\/gabaritos\/gabarito-smv-2025-confira-a-correcao-ao-vivo\/\"},\"wordCount\":575,\"publisher\":{\"@id\":\"https:\/\/militares.estrategia.com\/portal\/#organization\"},\"image\":{\"@id\":\"https:\/\/militares.estrategia.com\/portal\/eventos\/gabaritos\/gabarito-smv-2025-confira-a-correcao-ao-vivo\/#primaryimage\"},\"thumbnailUrl\":\"https:\/\/militares.estrategia.com\/portal\/wp-content\/uploads\/2024\/02\/EM_CapaBlog_Gab.SMV-03.jpg\",\"articleSection\":[\"Gabaritos\"],\"inLanguage\":\"pt-BR\"},{\"@type\":\"WebPage\",\"@id\":\"https:\/\/militares.estrategia.com\/portal\/eventos\/gabaritos\/gabarito-smv-2025-confira-a-correcao-ao-vivo\/\",\"url\":\"https:\/\/militares.estrategia.com\/portal\/eventos\/gabaritos\/gabarito-smv-2025-confira-a-correcao-ao-vivo\/\",\"name\":\"Gabarito SMV 2025: confira o gabarito oficial\",\"isPartOf\":{\"@id\":\"https:\/\/militares.estrategia.com\/portal\/#website\"},\"primaryImageOfPage\":{\"@id\":\"https:\/\/militares.estrategia.com\/portal\/eventos\/gabaritos\/gabarito-smv-2025-confira-a-correcao-ao-vivo\/#primaryimage\"},\"image\":{\"@id\":\"https:\/\/militares.estrategia.com\/portal\/eventos\/gabaritos\/gabarito-smv-2025-confira-a-correcao-ao-vivo\/#primaryimage\"},\"thumbnailUrl\":\"https:\/\/militares.estrategia.com\/portal\/wp-content\/uploads\/2024\/02\/EM_CapaBlog_Gab.SMV-03.jpg\",\"datePublished\":\"2025-02-21T16:56:57+00:00\",\"dateModified\":\"2025-04-09T15:05:30+00:00\",\"description\":\"A prova escrita do\u00a0Concurso SMV Oficiais 2025\u00a0acontece no domingo, dia 23\/02. O Estrat\u00e9gia Militares far\u00e1 a corre\u00e7\u00e3o ao vivo.\",\"breadcrumb\":{\"@id\":\"https:\/\/militares.estrategia.com\/portal\/eventos\/gabaritos\/gabarito-smv-2025-confira-a-correcao-ao-vivo\/#breadcrumb\"},\"inLanguage\":\"pt-BR\",\"potentialAction\":[{\"@type\":\"ReadAction\",\"target\":[\"https:\/\/militares.estrategia.com\/portal\/eventos\/gabaritos\/gabarito-smv-2025-confira-a-correcao-ao-vivo\/\"]}]},{\"@type\":\"ImageObject\",\"inLanguage\":\"pt-BR\",\"@id\":\"https:\/\/militares.estrategia.com\/portal\/eventos\/gabaritos\/gabarito-smv-2025-confira-a-correcao-ao-vivo\/#primaryimage\",\"url\":\"https:\/\/militares.estrategia.com\/portal\/wp-content\/uploads\/2024\/02\/EM_CapaBlog_Gab.SMV-03.jpg\",\"contentUrl\":\"https:\/\/militares.estrategia.com\/portal\/wp-content\/uploads\/2024\/02\/EM_CapaBlog_Gab.SMV-03.jpg\",\"width\":750,\"height\":420},{\"@type\":\"BreadcrumbList\",\"@id\":\"https:\/\/militares.estrategia.com\/portal\/eventos\/gabaritos\/gabarito-smv-2025-confira-a-correcao-ao-vivo\/#breadcrumb\",\"itemListElement\":[{\"@type\":\"ListItem\",\"position\":1,\"name\":\"Home\",\"item\":\"https:\/\/militares.estrategia.com\/portal\/\"},{\"@type\":\"ListItem\",\"position\":2,\"name\":\"Eventos\",\"item\":\"https:\/\/militares.estrategia.com\/portal\/eventos\/\"},{\"@type\":\"ListItem\",\"position\":3,\"name\":\"Gabaritos\",\"item\":\"https:\/\/militares.estrategia.com\/portal\/eventos\/gabaritos\/\"},{\"@type\":\"ListItem\",\"position\":4,\"name\":\"Gabarito SMV 2025: confira o gabarito oficial\"}]},{\"@type\":\"WebSite\",\"@id\":\"https:\/\/militares.estrategia.com\/portal\/#website\",\"url\":\"https:\/\/militares.estrategia.com\/portal\/\",\"name\":\"Estrat\u00e9gia Militares\",\"description\":\"\",\"publisher\":{\"@id\":\"https:\/\/militares.estrategia.com\/portal\/#organization\"},\"potentialAction\":[{\"@type\":\"SearchAction\",\"target\":{\"@type\":\"EntryPoint\",\"urlTemplate\":\"https:\/\/militares.estrategia.com\/portal\/?s={search_term_string}\"},\"query-input\":{\"@type\":\"PropertyValueSpecification\",\"valueRequired\":true,\"valueName\":\"search_term_string\"}}],\"inLanguage\":\"pt-BR\"},{\"@type\":\"Organization\",\"@id\":\"https:\/\/militares.estrategia.com\/portal\/#organization\",\"name\":\"Estrat\u00e9gia Militares\",\"url\":\"https:\/\/militares.estrategia.com\/portal\/\",\"logo\":{\"@type\":\"ImageObject\",\"inLanguage\":\"pt-BR\",\"@id\":\"https:\/\/militares.estrategia.com\/portal\/#\/schema\/logo\/image\/\",\"url\":\"https:\/\/militares.estrategia.com\/portal\/wp-content\/uploads\/2021\/10\/logo-militares.webp\",\"contentUrl\":\"https:\/\/militares.estrategia.com\/portal\/wp-content\/uploads\/2021\/10\/logo-militares.webp\",\"width\":346,\"height\":90,\"caption\":\"Estrat\u00e9gia Militares\"},\"image\":{\"@id\":\"https:\/\/militares.estrategia.com\/portal\/#\/schema\/logo\/image\/\"},\"sameAs\":[\"https:\/\/www.facebook.com\/EstrategiaMilitares\",\"https:\/\/x.com\/estrategiamilit\",\"https:\/\/www.instagram.com\/estrategiamilitares\/\",\"https:\/\/www.youtube.com\/channel\/UCRG_9hakCqXxnj_8TqCdgTA\"]},{\"@type\":\"Person\",\"@id\":\"https:\/\/militares.estrategia.com\/portal\/#\/schema\/person\/d52a8bb9d3a4693ffcfbe862dc250f79\",\"name\":\"Pedro Alcantara\",\"image\":{\"@type\":\"ImageObject\",\"inLanguage\":\"pt-BR\",\"@id\":\"https:\/\/militares.estrategia.com\/portal\/#\/schema\/person\/image\/\",\"url\":\"https:\/\/secure.gravatar.com\/avatar\/2ff815c569bab8558bec32641d54e1af?s=96&d=mm&r=g\",\"contentUrl\":\"https:\/\/secure.gravatar.com\/avatar\/2ff815c569bab8558bec32641d54e1af?s=96&d=mm&r=g\",\"caption\":\"Pedro Alcantara\"},\"url\":\"https:\/\/militares.estrategia.com\/portal\/author\/pedro\/\"}]}<\/script>\n<!-- \/ Yoast SEO Premium plugin. -->","yoast_head_json":{"title":"Gabarito SMV 2025: confira o gabarito oficial","description":"A prova escrita do\u00a0Concurso SMV Oficiais 2025\u00a0acontece no domingo, dia 23\/02. O Estrat\u00e9gia Militares far\u00e1 a corre\u00e7\u00e3o ao vivo.","robots":{"index":"index","follow":"follow","max-snippet":"max-snippet:-1","max-image-preview":"max-image-preview:large","max-video-preview":"max-video-preview:-1"},"canonical":"https:\/\/militares.estrategia.com\/portal\/eventos\/gabaritos\/gabarito-smv-2025-confira-a-correcao-ao-vivo\/","og_locale":"pt_BR","og_type":"article","og_title":"Gabarito SMV 2025: confira o gabarito oficial","og_description":"A prova escrita do\u00a0Concurso SMV Oficiais 2025\u00a0acontece no domingo, dia 23\/02. O Estrat\u00e9gia Militares far\u00e1 a corre\u00e7\u00e3o ao vivo.","og_url":"https:\/\/militares.estrategia.com\/portal\/eventos\/gabaritos\/gabarito-smv-2025-confira-a-correcao-ao-vivo\/","og_site_name":"Estrat\u00e9gia Militares","article_publisher":"https:\/\/www.facebook.com\/EstrategiaMilitares","article_published_time":"2025-02-21T16:56:57+00:00","article_modified_time":"2025-04-09T15:05:30+00:00","og_image":[{"width":750,"height":420,"url":"https:\/\/militares.estrategia.com\/portal\/wp-content\/uploads\/2024\/02\/EM_CapaBlog_Gab.SMV-03.jpg","type":"image\/jpeg"}],"author":"Pedro Alcantara","twitter_card":"summary_large_image","twitter_creator":"@estrategiamilit","twitter_site":"@estrategiamilit","twitter_misc":{"Escrito por":"Pedro Alcantara","Est. tempo de leitura":"3 minutos"},"schema":{"@context":"https:\/\/schema.org","@graph":[{"@type":"Article","@id":"https:\/\/militares.estrategia.com\/portal\/eventos\/gabaritos\/gabarito-smv-2025-confira-a-correcao-ao-vivo\/#article","isPartOf":{"@id":"https:\/\/militares.estrategia.com\/portal\/eventos\/gabaritos\/gabarito-smv-2025-confira-a-correcao-ao-vivo\/"},"author":{"name":"Pedro Alcantara","@id":"https:\/\/militares.estrategia.com\/portal\/#\/schema\/person\/d52a8bb9d3a4693ffcfbe862dc250f79"},"headline":"Gabarito SMV 2025: confira o gabarito oficial","datePublished":"2025-02-21T16:56:57+00:00","dateModified":"2025-04-09T15:05:30+00:00","mainEntityOfPage":{"@id":"https:\/\/militares.estrategia.com\/portal\/eventos\/gabaritos\/gabarito-smv-2025-confira-a-correcao-ao-vivo\/"},"wordCount":575,"publisher":{"@id":"https:\/\/militares.estrategia.com\/portal\/#organization"},"image":{"@id":"https:\/\/militares.estrategia.com\/portal\/eventos\/gabaritos\/gabarito-smv-2025-confira-a-correcao-ao-vivo\/#primaryimage"},"thumbnailUrl":"https:\/\/militares.estrategia.com\/portal\/wp-content\/uploads\/2024\/02\/EM_CapaBlog_Gab.SMV-03.jpg","articleSection":["Gabaritos"],"inLanguage":"pt-BR"},{"@type":"WebPage","@id":"https:\/\/militares.estrategia.com\/portal\/eventos\/gabaritos\/gabarito-smv-2025-confira-a-correcao-ao-vivo\/","url":"https:\/\/militares.estrategia.com\/portal\/eventos\/gabaritos\/gabarito-smv-2025-confira-a-correcao-ao-vivo\/","name":"Gabarito SMV 2025: confira o gabarito oficial","isPartOf":{"@id":"https:\/\/militares.estrategia.com\/portal\/#website"},"primaryImageOfPage":{"@id":"https:\/\/militares.estrategia.com\/portal\/eventos\/gabaritos\/gabarito-smv-2025-confira-a-correcao-ao-vivo\/#primaryimage"},"image":{"@id":"https:\/\/militares.estrategia.com\/portal\/eventos\/gabaritos\/gabarito-smv-2025-confira-a-correcao-ao-vivo\/#primaryimage"},"thumbnailUrl":"https:\/\/militares.estrategia.com\/portal\/wp-content\/uploads\/2024\/02\/EM_CapaBlog_Gab.SMV-03.jpg","datePublished":"2025-02-21T16:56:57+00:00","dateModified":"2025-04-09T15:05:30+00:00","description":"A prova escrita do\u00a0Concurso SMV Oficiais 2025\u00a0acontece no domingo, dia 23\/02. O Estrat\u00e9gia Militares far\u00e1 a corre\u00e7\u00e3o ao vivo.","breadcrumb":{"@id":"https:\/\/militares.estrategia.com\/portal\/eventos\/gabaritos\/gabarito-smv-2025-confira-a-correcao-ao-vivo\/#breadcrumb"},"inLanguage":"pt-BR","potentialAction":[{"@type":"ReadAction","target":["https:\/\/militares.estrategia.com\/portal\/eventos\/gabaritos\/gabarito-smv-2025-confira-a-correcao-ao-vivo\/"]}]},{"@type":"ImageObject","inLanguage":"pt-BR","@id":"https:\/\/militares.estrategia.com\/portal\/eventos\/gabaritos\/gabarito-smv-2025-confira-a-correcao-ao-vivo\/#primaryimage","url":"https:\/\/militares.estrategia.com\/portal\/wp-content\/uploads\/2024\/02\/EM_CapaBlog_Gab.SMV-03.jpg","contentUrl":"https:\/\/militares.estrategia.com\/portal\/wp-content\/uploads\/2024\/02\/EM_CapaBlog_Gab.SMV-03.jpg","width":750,"height":420},{"@type":"BreadcrumbList","@id":"https:\/\/militares.estrategia.com\/portal\/eventos\/gabaritos\/gabarito-smv-2025-confira-a-correcao-ao-vivo\/#breadcrumb","itemListElement":[{"@type":"ListItem","position":1,"name":"Home","item":"https:\/\/militares.estrategia.com\/portal\/"},{"@type":"ListItem","position":2,"name":"Eventos","item":"https:\/\/militares.estrategia.com\/portal\/eventos\/"},{"@type":"ListItem","position":3,"name":"Gabaritos","item":"https:\/\/militares.estrategia.com\/portal\/eventos\/gabaritos\/"},{"@type":"ListItem","position":4,"name":"Gabarito SMV 2025: confira o gabarito oficial"}]},{"@type":"WebSite","@id":"https:\/\/militares.estrategia.com\/portal\/#website","url":"https:\/\/militares.estrategia.com\/portal\/","name":"Estrat\u00e9gia Militares","description":"","publisher":{"@id":"https:\/\/militares.estrategia.com\/portal\/#organization"},"potentialAction":[{"@type":"SearchAction","target":{"@type":"EntryPoint","urlTemplate":"https:\/\/militares.estrategia.com\/portal\/?s={search_term_string}"},"query-input":{"@type":"PropertyValueSpecification","valueRequired":true,"valueName":"search_term_string"}}],"inLanguage":"pt-BR"},{"@type":"Organization","@id":"https:\/\/militares.estrategia.com\/portal\/#organization","name":"Estrat\u00e9gia Militares","url":"https:\/\/militares.estrategia.com\/portal\/","logo":{"@type":"ImageObject","inLanguage":"pt-BR","@id":"https:\/\/militares.estrategia.com\/portal\/#\/schema\/logo\/image\/","url":"https:\/\/militares.estrategia.com\/portal\/wp-content\/uploads\/2021\/10\/logo-militares.webp","contentUrl":"https:\/\/militares.estrategia.com\/portal\/wp-content\/uploads\/2021\/10\/logo-militares.webp","width":346,"height":90,"caption":"Estrat\u00e9gia Militares"},"image":{"@id":"https:\/\/militares.estrategia.com\/portal\/#\/schema\/logo\/image\/"},"sameAs":["https:\/\/www.facebook.com\/EstrategiaMilitares","https:\/\/x.com\/estrategiamilit","https:\/\/www.instagram.com\/estrategiamilitares\/","https:\/\/www.youtube.com\/channel\/UCRG_9hakCqXxnj_8TqCdgTA"]},{"@type":"Person","@id":"https:\/\/militares.estrategia.com\/portal\/#\/schema\/person\/d52a8bb9d3a4693ffcfbe862dc250f79","name":"Pedro Alcantara","image":{"@type":"ImageObject","inLanguage":"pt-BR","@id":"https:\/\/militares.estrategia.com\/portal\/#\/schema\/person\/image\/","url":"https:\/\/secure.gravatar.com\/avatar\/2ff815c569bab8558bec32641d54e1af?s=96&d=mm&r=g","contentUrl":"https:\/\/secure.gravatar.com\/avatar\/2ff815c569bab8558bec32641d54e1af?s=96&d=mm&r=g","caption":"Pedro Alcantara"},"url":"https:\/\/militares.estrategia.com\/portal\/author\/pedro\/"}]}},"_wl_alt_label":[],"wl:entity_url":"https:\/\/data.wordlift.io\/wl110246\/post\/smv-2024-confira-as-provas-e-os-gabaritos-finais-83129","_links":{"self":[{"href":"https:\/\/militares.estrategia.com\/portal\/wp-json\/wp\/v2\/posts\/83129","targetHints":{"allow":["GET"]}}],"collection":[{"href":"https:\/\/militares.estrategia.com\/portal\/wp-json\/wp\/v2\/posts"}],"about":[{"href":"https:\/\/militares.estrategia.com\/portal\/wp-json\/wp\/v2\/types\/post"}],"author":[{"embeddable":true,"href":"https:\/\/militares.estrategia.com\/portal\/wp-json\/wp\/v2\/users\/18"}],"replies":[{"embeddable":true,"href":"https:\/\/militares.estrategia.com\/portal\/wp-json\/wp\/v2\/comments?post=83129"}],"version-history":[{"count":48,"href":"https:\/\/militares.estrategia.com\/portal\/wp-json\/wp\/v2\/posts\/83129\/revisions"}],"predecessor-version":[{"id":84511,"href":"https:\/\/militares.estrategia.com\/portal\/wp-json\/wp\/v2\/posts\/83129\/revisions\/84511"}],"wp:featuredmedia":[{"embeddable":true,"href":"https:\/\/militares.estrategia.com\/portal\/wp-json\/wp\/v2\/media\/73659"}],"wp:attachment":[{"href":"https:\/\/militares.estrategia.com\/portal\/wp-json\/wp\/v2\/media?parent=83129"}],"wp:term":[{"taxonomy":"category","embeddable":true,"href":"https:\/\/militares.estrategia.com\/portal\/wp-json\/wp\/v2\/categories?post=83129"},{"taxonomy":"post_tag","embeddable":true,"href":"https:\/\/militares.estrategia.com\/portal\/wp-json\/wp\/v2\/tags?post=83129"},{"taxonomy":"wl_entity_type","embeddable":true,"href":"https:\/\/militares.estrategia.com\/portal\/wp-json\/wp\/v2\/wl_entity_type?post=83129"}],"curies":[{"name":"wp","href":"https:\/\/api.w.org\/{rel}","templated":true}]}}