{"id":83115,"date":"2025-03-01T00:00:00","date_gmt":"2025-03-01T03:00:00","guid":{"rendered":"https:\/\/militares.estrategia.com\/portal\/?p=83115"},"modified":"2026-03-02T10:22:29","modified_gmt":"2026-03-02T13:22:29","slug":"01-de-marco-termino-da-guerra-da-triplice-alianca","status":"publish","type":"post","link":"https:\/\/militares.estrategia.com\/portal\/mundo-militar\/datas-comemorativas\/01-de-marco-termino-da-guerra-da-triplice-alianca\/","title":{"rendered":"01 de mar\u00e7o: T\u00e9rmino da Guerra da Tr\u00edplice Alian\u00e7a"},"content":{"rendered":"\n<p>No dia 1\u00ba de mar\u00e7o de 1870, a Guerra da Tr\u00edplice Alian\u00e7a chegou ao seu desfecho com a morte do marechal Francisco Solano L\u00f3pez, l\u00edder do Paraguai. Esse conflito, que envolveu Brasil, Argentina e Uruguai contra o Paraguai, \u00e9 considerado o maior e mais sangrento da Am\u00e9rica do Sul, deixando marcas profundas na hist\u00f3ria e na estrutura\u00e7\u00e3o dos pa\u00edses envolvidos.<\/p>\n\n\n\n<p>Confira com o Estrat\u00e9gia Militares as informa\u00e7\u00f5es principais sobre esse momento hist\u00f3rico que faz parte das datas comemorativas do Ex\u00e9rcito Brasileiro.&nbsp;<\/p>\n\n\n<div id=\"new-form\">\n\t<form id=\"forms_layout\">\n\t<input type=\"hidden\" id=\"chave_de\" name=\"chave_de\" value=\"01_EMIL_LEADS_TOTAIS\" \/>\n\t\t<input type=\"hidden\" id=\"mid\" name=\"mid\" value=\"515009017\" \/>\n\t\t<input type=\"hidden\" id=\"Objetivo\" name=\"Objetivo\" value=\"Militares\" \/>\n\t\t<input type=\"hidden\" id=\"Estado_de_Origem_do_IP\" name=\"Estado_de_Origem_do_IP\"  value=\"\" \/>\n\t\t<input type=\"hidden\" id=\"Cidade_de_Origem_do_IP\" name=\"Cidade_de_Origem_do_IP\" value=\"\" \/>\n\t\t<input type=\"hidden\" id=\"Modo_de_entrada\" name=\"Modo_de_entrada\" value=\"Portal\" \/>\n\t\t<input type=\"hidden\" id=\"Pagina_Origem\" name=\"Pagina_Origem\" value=\"\" \/>\n\n\t\t<div class=\"texto\">\n\t\t\t<h3 class=\"news\">Inscreva-se em nossa newsletter!<\/h3>\n\t\t\t<p>Receba not\u00edcias sobre os mais importantes concursos para as For\u00e7as Armadas brasileiras e informa\u00e7\u00f5es sobre o mundo militar!<\/p>\n\t\t<\/div>\n\t\t<div class=\"campos\">\n\t\t\t<div class=\"first_name labels\">\n\t\t\t\t<input type=\"text\" class=\"input_labels\" id=\"first_name\" name=\"Nome_Completo\" placeholder=\"Nome\" required \/>\n\t\t\t<\/div>\n\t\t\t<div class=\"email labels\">\n\t\t\t\t<input type=\"email\" class=\"input_labels\" id=\"email\" name=\"Email\" placeholder=\"E-mail\" required \/>\n\t\t\t<\/div>\n\t\t\t<button type=\"submit\" class=\"button_layout\">\n\t\t\t\t<div id=\"lblBotao\">Inscreva-se<\/div>\n\t\t\t\t<span id=\"divSpiner\" class=\"loader\" role=\"status\" style=\"display: none;\"><\/span>\t\n\t\t\t<\/button>\n\t\t<\/div><!-- \/campos -->\n\t\t\n\t\t<label class=\"container_checkbox\">Voc\u00ea concorda com a nossa\n\t\t\t<a class=\"politics_privacy_ahref\" target=\"_blank\" href=\"https:\/\/gratis.estrategiaconcursos.com.br\/politica-de-privacidade\/\">Pol\u00edtica de Privacidade<\/a> e aceita receber informa\u00e7\u00f5es adicionais do Estrat\u00e9gia Educacional.\n\t\t\t<input id=\"checkbox_layout\" type=\"checkbox\" checked=\"checked\" required \/>\n\t\t\t<span class=\"checkbox\"><\/span>\n\t\t<\/label>\n\t\t<div id=\"msg\"><\/div>\n\t\t<div id=\"error\" class=\"error\">\n\t\t<\/div>\n\t<\/form>\n<\/div><!-- \/new-form -->\n\n\n\n<div id=\"ez-toc-container\" class=\"ez-toc-v2_0_79_2 counter-hierarchy ez-toc-counter ez-toc-transparent ez-toc-container-direction\">\n<div class=\"ez-toc-title-container\"><p class=\"ez-toc-title\" style=\"cursor:inherit\">Navegue pelo conte\u00fado\t<\/p>\n<\/div><nav><ul class='ez-toc-list ez-toc-list-level-1 ' ><li class='ez-toc-page-1 ez-toc-heading-level-2'><a class=\"ez-toc-link ez-toc-heading-1\" href=\"https:\/\/militares.estrategia.com\/portal\/mundo-militar\/datas-comemorativas\/01-de-marco-termino-da-guerra-da-triplice-alianca\/#As-origens-do-conflito\" >As origens do conflito<\/a><\/li><li class='ez-toc-page-1 ez-toc-heading-level-2'><a class=\"ez-toc-link ez-toc-heading-2\" href=\"https:\/\/militares.estrategia.com\/portal\/mundo-militar\/datas-comemorativas\/01-de-marco-termino-da-guerra-da-triplice-alianca\/#O-legado-historico\" >O legado hist\u00f3rico<\/a><\/li><\/ul><\/nav><\/div>\n<h2 class=\"wp-block-heading\" id=\"h-as-origens-do-conflito\"><span class=\"ez-toc-section\" id=\"As-origens-do-conflito\"><\/span>As origens do conflito<span class=\"ez-toc-section-end\"><\/span><\/h2>\n\n\n\n<p>A Guerra da Tr\u00edplice Alian\u00e7a (1864-1870) teve como estopim uma s\u00e9rie de disputas territoriais, pol\u00edticas e econ\u00f4micas. O Paraguai, sob o governo de Solano L\u00f3pez, buscava consolidar sua posi\u00e7\u00e3o como uma pot\u00eancia regional, o que levou a confrontos com os interesses do Brasil, da Argentina e do Uruguai.&nbsp;<\/p>\n\n\n\n<p>A interven\u00e7\u00e3o brasileira no Uruguai e a subsequente declara\u00e7\u00e3o de guerra do Paraguai ao Brasil deram in\u00edcio a um conflito devastador.<\/p>\n\n\n\n<h3 class=\"wp-block-heading\" id=\"h-os-principais-momentos-da-guerra\">Os principais momentos da Guerra<\/h3>\n\n\n\n<p>Ao longo de seis anos, a guerra se desenrolou em fases distintas. As batalhas mais emblem\u00e1ticas incluem a de Riachuelo, Tuiuti, Curupaiti e a Campanha da Dezembrada. O Paraguai sofreu derrotas significativas, mas a resist\u00eancia persistiu at\u00e9 os \u00faltimos momentos, demonstrando a tenacidade e o nacionalismo do povo paraguaio.<\/p>\n\n\n\n<h3 class=\"wp-block-heading\" id=\"h-a-batalha-final-cerro-cora\">A batalha final: Cerro Cor\u00e1<\/h3>\n\n\n\n<p>O confronto decisivo ocorreu em Cerro Cor\u00e1, onde Solano L\u00f3pez, j\u00e1 sem ex\u00e9rcito e com poucos seguidores, foi cercado pelas tropas brasileiras. Recusando-se a se render, ele foi morto em combate, marcando oficialmente o fim da guerra. Suas \u00faltimas palavras, &#8220;Muero con mi patria&#8221; (&#8220;Morro com minha p\u00e1tria&#8221;), simbolizam o esp\u00edrito de resist\u00eancia que definiu a luta paraguaia.<\/p>\n\n\n\n<h3 class=\"wp-block-heading\" id=\"h-as-consequencias-da-guerra\">As consequ\u00eancias da guerra<\/h3>\n\n\n\n<p>O Paraguai sofreu perdas catastr\u00f3ficas em termos de popula\u00e7\u00e3o e infraestrutura. O Brasil consolidou-se como uma pot\u00eancia regional, e a Argentina expandiu sua influ\u00eancia. O Uruguai, por sua vez, manteve sua estabilidade pol\u00edtica, mas tamb\u00e9m sofreu com os impactos do conflito.<\/p>\n\n\n\n<h2 class=\"wp-block-heading\" id=\"h-o-legado-historico\"><span class=\"ez-toc-section\" id=\"O-legado-historico\"><\/span>O legado hist\u00f3rico<span class=\"ez-toc-section-end\"><\/span><\/h2>\n\n\n\n<p>A Guerra da Tr\u00edplice Alian\u00e7a ainda gera debates entre historiadores e pol\u00edticos. O Paraguai reconstruiu-se ao longo dos anos, mas a mem\u00f3ria do conflito segue viva na identidade nacional do pa\u00eds. No Brasil e na Argentina, a guerra foi um passo importante para o fortalecimento das institui\u00e7\u00f5es militares e da identidade nacional.<\/p>\n\n\n\n<p>O 1\u00ba de mar\u00e7o representa o fim de um dos conflitos mais marcantes da hist\u00f3ria sul-americana. O sacrif\u00edcio de milhares de pessoas e a transforma\u00e7\u00e3o dos pa\u00edses envolvidos fazem dessa data um momento crucial de reflex\u00e3o sobre os impactos das guerras e a import\u00e2ncia da diplomacia na constru\u00e7\u00e3o da paz.<\/p>\n\n\n\n<p>Se voc\u00ea sonha em fazer parte de uma das For\u00e7as Armadas brasileiras, conhe\u00e7a o Estrat\u00e9gia Militares. Temos um banco de quest\u00f5es com mais de 100 mil quest\u00f5es para concursos para ingresso nas principais escolas das For\u00e7as Armadas. Clique no banner e conhe\u00e7a nossos Banco de Quest\u00f5es.&nbsp;<\/p>\n\n\n\n<a id=\"cta\" class=\"cta-imagem\" href=\"https:\/\/militares.estrategia.com\/curso\/banco-de-questes-anual\/\" target=\"blank\">\n                <img decoding=\"async\" width=\"100%\" src=\"https:\/\/militares.estrategia.com\/portal\/wp-content\/uploads\/2023\/02\/EM-Banco-de-Questoes.jpg\" alt=\"EM - Banco de Questo\u0303es\" title=\"EM - Banco de Questo\u0303es\">\n        <\/a>\n","protected":false},"excerpt":{"rendered":"No dia 1\u00ba de mar\u00e7o de 1870, a Guerra da Tr\u00edplice Alian\u00e7a chegou ao seu desfecho com a&hellip;\n","protected":false},"author":11,"featured_media":83119,"comment_status":"closed","ping_status":"closed","sticky":false,"template":"","format":"standard","meta":{"wl_entities_gutenberg":"","footnotes":""},"categories":[306],"tags":[162,161,167],"wl_entity_type":[187],"class_list":{"0":"post-83115","1":"post","2":"type-post","3":"status-publish","4":"format-standard","5":"has-post-thumbnail","7":"category-datas-comemorativas","8":"tag-carreiramilitar","9":"tag-concursosmilitares","10":"tag-exercito","11":"wl_entity_type-article"},"acf":[],"yoast_head":"<!-- This site is optimized with the Yoast SEO Premium plugin v26.6 (Yoast SEO v26.6) - https:\/\/yoast.com\/wordpress\/plugins\/seo\/ -->\n<title>01 de mar\u00e7o: T\u00e9rmino da Guerra da Tr\u00edplice Alian\u00e7a<\/title>\n<meta name=\"description\" content=\"Leia o artigo do Estrat\u00e9gia Militares sobre o t\u00e9rmino da Guerra da Tr\u00edplice Fronteira, que \u00e9 comemorado em 01 de mar\u00e7o.\" \/>\n<meta name=\"robots\" content=\"index, follow, max-snippet:-1, max-image-preview:large, max-video-preview:-1\" \/>\n<link rel=\"canonical\" href=\"https:\/\/militares.estrategia.com\/portal\/mundo-militar\/datas-comemorativas\/01-de-marco-termino-da-guerra-da-triplice-alianca\/\" \/>\n<meta property=\"og:locale\" content=\"pt_BR\" \/>\n<meta property=\"og:type\" content=\"article\" \/>\n<meta property=\"og:title\" content=\"01 de mar\u00e7o: T\u00e9rmino da Guerra da Tr\u00edplice Alian\u00e7a\" \/>\n<meta property=\"og:description\" content=\"Leia o artigo do Estrat\u00e9gia Militares sobre o t\u00e9rmino da Guerra da Tr\u00edplice Fronteira, que \u00e9 comemorado em 01 de mar\u00e7o.\" \/>\n<meta property=\"og:url\" content=\"https:\/\/militares.estrategia.com\/portal\/mundo-militar\/datas-comemorativas\/01-de-marco-termino-da-guerra-da-triplice-alianca\/\" \/>\n<meta property=\"og:site_name\" content=\"Estrat\u00e9gia Militares\" \/>\n<meta property=\"article:publisher\" content=\"https:\/\/www.facebook.com\/EstrategiaMilitares\" \/>\n<meta property=\"article:published_time\" content=\"2025-03-01T03:00:00+00:00\" \/>\n<meta property=\"article:modified_time\" content=\"2026-03-02T13:22:29+00:00\" \/>\n<meta property=\"og:image\" content=\"https:\/\/militares.estrategia.com\/portal\/wp-content\/uploads\/2025\/02\/guerra_do_paraguai.jpg\" \/>\n\t<meta property=\"og:image:width\" content=\"1200\" \/>\n\t<meta property=\"og:image:height\" content=\"675\" \/>\n\t<meta property=\"og:image:type\" content=\"image\/jpeg\" \/>\n<meta name=\"author\" content=\"Estrat\u00e9gia Militares\" \/>\n<meta name=\"twitter:card\" content=\"summary_large_image\" \/>\n<meta name=\"twitter:creator\" content=\"@estrategiamilit\" \/>\n<meta name=\"twitter:site\" content=\"@estrategiamilit\" \/>\n<meta name=\"twitter:label1\" content=\"Escrito por\" \/>\n\t<meta name=\"twitter:data1\" content=\"Estrat\u00e9gia Militares\" \/>\n\t<meta name=\"twitter:label2\" content=\"Est. tempo de leitura\" \/>\n\t<meta name=\"twitter:data2\" content=\"3 minutos\" \/>\n<script type=\"application\/ld+json\" class=\"yoast-schema-graph\">{\"@context\":\"https:\/\/schema.org\",\"@graph\":[{\"@type\":\"Article\",\"@id\":\"https:\/\/militares.estrategia.com\/portal\/mundo-militar\/datas-comemorativas\/01-de-marco-termino-da-guerra-da-triplice-alianca\/#article\",\"isPartOf\":{\"@id\":\"https:\/\/militares.estrategia.com\/portal\/mundo-militar\/datas-comemorativas\/01-de-marco-termino-da-guerra-da-triplice-alianca\/\"},\"author\":{\"name\":\"Estrat\u00e9gia Militares\",\"@id\":\"https:\/\/militares.estrategia.com\/portal\/#\/schema\/person\/896181038f5542906e5db6f7db222d7c\"},\"headline\":\"01 de mar\u00e7o: T\u00e9rmino da Guerra da Tr\u00edplice Alian\u00e7a\",\"datePublished\":\"2025-03-01T03:00:00+00:00\",\"dateModified\":\"2026-03-02T13:22:29+00:00\",\"mainEntityOfPage\":{\"@id\":\"https:\/\/militares.estrategia.com\/portal\/mundo-militar\/datas-comemorativas\/01-de-marco-termino-da-guerra-da-triplice-alianca\/\"},\"wordCount\":541,\"publisher\":{\"@id\":\"https:\/\/militares.estrategia.com\/portal\/#organization\"},\"image\":{\"@id\":\"https:\/\/militares.estrategia.com\/portal\/mundo-militar\/datas-comemorativas\/01-de-marco-termino-da-guerra-da-triplice-alianca\/#primaryimage\"},\"thumbnailUrl\":\"https:\/\/militares.estrategia.com\/portal\/wp-content\/uploads\/2025\/02\/guerra_do_paraguai.jpg\",\"keywords\":[\"carreiramilitar\",\"ConcursosMilitares\",\"Ex\u00e9rcito\"],\"articleSection\":[\"Datas Comemorativas\"],\"inLanguage\":\"pt-BR\"},{\"@type\":\"WebPage\",\"@id\":\"https:\/\/militares.estrategia.com\/portal\/mundo-militar\/datas-comemorativas\/01-de-marco-termino-da-guerra-da-triplice-alianca\/\",\"url\":\"https:\/\/militares.estrategia.com\/portal\/mundo-militar\/datas-comemorativas\/01-de-marco-termino-da-guerra-da-triplice-alianca\/\",\"name\":\"01 de mar\u00e7o: T\u00e9rmino da Guerra da Tr\u00edplice Alian\u00e7a\",\"isPartOf\":{\"@id\":\"https:\/\/militares.estrategia.com\/portal\/#website\"},\"primaryImageOfPage\":{\"@id\":\"https:\/\/militares.estrategia.com\/portal\/mundo-militar\/datas-comemorativas\/01-de-marco-termino-da-guerra-da-triplice-alianca\/#primaryimage\"},\"image\":{\"@id\":\"https:\/\/militares.estrategia.com\/portal\/mundo-militar\/datas-comemorativas\/01-de-marco-termino-da-guerra-da-triplice-alianca\/#primaryimage\"},\"thumbnailUrl\":\"https:\/\/militares.estrategia.com\/portal\/wp-content\/uploads\/2025\/02\/guerra_do_paraguai.jpg\",\"datePublished\":\"2025-03-01T03:00:00+00:00\",\"dateModified\":\"2026-03-02T13:22:29+00:00\",\"description\":\"Leia o artigo do Estrat\u00e9gia Militares sobre o t\u00e9rmino da Guerra da Tr\u00edplice Fronteira, que \u00e9 comemorado em 01 de mar\u00e7o.\",\"breadcrumb\":{\"@id\":\"https:\/\/militares.estrategia.com\/portal\/mundo-militar\/datas-comemorativas\/01-de-marco-termino-da-guerra-da-triplice-alianca\/#breadcrumb\"},\"inLanguage\":\"pt-BR\",\"potentialAction\":[{\"@type\":\"ReadAction\",\"target\":[\"https:\/\/militares.estrategia.com\/portal\/mundo-militar\/datas-comemorativas\/01-de-marco-termino-da-guerra-da-triplice-alianca\/\"]}]},{\"@type\":\"ImageObject\",\"inLanguage\":\"pt-BR\",\"@id\":\"https:\/\/militares.estrategia.com\/portal\/mundo-militar\/datas-comemorativas\/01-de-marco-termino-da-guerra-da-triplice-alianca\/#primaryimage\",\"url\":\"https:\/\/militares.estrategia.com\/portal\/wp-content\/uploads\/2025\/02\/guerra_do_paraguai.jpg\",\"contentUrl\":\"https:\/\/militares.estrategia.com\/portal\/wp-content\/uploads\/2025\/02\/guerra_do_paraguai.jpg\",\"width\":1200,\"height\":675},{\"@type\":\"BreadcrumbList\",\"@id\":\"https:\/\/militares.estrategia.com\/portal\/mundo-militar\/datas-comemorativas\/01-de-marco-termino-da-guerra-da-triplice-alianca\/#breadcrumb\",\"itemListElement\":[{\"@type\":\"ListItem\",\"position\":1,\"name\":\"Home\",\"item\":\"https:\/\/militares.estrategia.com\/portal\/\"},{\"@type\":\"ListItem\",\"position\":2,\"name\":\"Mundo Militar\",\"item\":\"https:\/\/militares.estrategia.com\/portal\/mundo-militar\/\"},{\"@type\":\"ListItem\",\"position\":3,\"name\":\"Datas Comemorativas\",\"item\":\"https:\/\/militares.estrategia.com\/portal\/mundo-militar\/datas-comemorativas\/\"},{\"@type\":\"ListItem\",\"position\":4,\"name\":\"01 de mar\u00e7o: T\u00e9rmino da Guerra da Tr\u00edplice Alian\u00e7a\"}]},{\"@type\":\"WebSite\",\"@id\":\"https:\/\/militares.estrategia.com\/portal\/#website\",\"url\":\"https:\/\/militares.estrategia.com\/portal\/\",\"name\":\"Estrat\u00e9gia Militares\",\"description\":\"\",\"publisher\":{\"@id\":\"https:\/\/militares.estrategia.com\/portal\/#organization\"},\"potentialAction\":[{\"@type\":\"SearchAction\",\"target\":{\"@type\":\"EntryPoint\",\"urlTemplate\":\"https:\/\/militares.estrategia.com\/portal\/?s={search_term_string}\"},\"query-input\":{\"@type\":\"PropertyValueSpecification\",\"valueRequired\":true,\"valueName\":\"search_term_string\"}}],\"inLanguage\":\"pt-BR\"},{\"@type\":\"Organization\",\"@id\":\"https:\/\/militares.estrategia.com\/portal\/#organization\",\"name\":\"Estrat\u00e9gia Militares\",\"url\":\"https:\/\/militares.estrategia.com\/portal\/\",\"logo\":{\"@type\":\"ImageObject\",\"inLanguage\":\"pt-BR\",\"@id\":\"https:\/\/militares.estrategia.com\/portal\/#\/schema\/logo\/image\/\",\"url\":\"https:\/\/militares.estrategia.com\/portal\/wp-content\/uploads\/2021\/10\/logo-militares.webp\",\"contentUrl\":\"https:\/\/militares.estrategia.com\/portal\/wp-content\/uploads\/2021\/10\/logo-militares.webp\",\"width\":346,\"height\":90,\"caption\":\"Estrat\u00e9gia Militares\"},\"image\":{\"@id\":\"https:\/\/militares.estrategia.com\/portal\/#\/schema\/logo\/image\/\"},\"sameAs\":[\"https:\/\/www.facebook.com\/EstrategiaMilitares\",\"https:\/\/x.com\/estrategiamilit\",\"https:\/\/www.instagram.com\/estrategiamilitares\/\",\"https:\/\/www.youtube.com\/channel\/UCRG_9hakCqXxnj_8TqCdgTA\"]},{\"@type\":\"Person\",\"@id\":\"https:\/\/militares.estrategia.com\/portal\/#\/schema\/person\/896181038f5542906e5db6f7db222d7c\",\"name\":\"Estrat\u00e9gia Militares\",\"image\":{\"@type\":\"ImageObject\",\"inLanguage\":\"pt-BR\",\"@id\":\"https:\/\/militares.estrategia.com\/portal\/#\/schema\/person\/image\/\",\"url\":\"https:\/\/militares.estrategia.com\/portal\/wp-content\/uploads\/2021\/10\/favicon-militares-150x150.webp\",\"contentUrl\":\"https:\/\/militares.estrategia.com\/portal\/wp-content\/uploads\/2021\/10\/favicon-militares-150x150.webp\",\"caption\":\"Estrat\u00e9gia Militares\"},\"url\":\"https:\/\/militares.estrategia.com\/portal\/author\/estrategia-militares\/\"}]}<\/script>\n<!-- \/ Yoast SEO Premium plugin. -->","yoast_head_json":{"title":"01 de mar\u00e7o: T\u00e9rmino da Guerra da Tr\u00edplice Alian\u00e7a","description":"Leia o artigo do Estrat\u00e9gia Militares sobre o t\u00e9rmino da Guerra da Tr\u00edplice Fronteira, que \u00e9 comemorado em 01 de mar\u00e7o.","robots":{"index":"index","follow":"follow","max-snippet":"max-snippet:-1","max-image-preview":"max-image-preview:large","max-video-preview":"max-video-preview:-1"},"canonical":"https:\/\/militares.estrategia.com\/portal\/mundo-militar\/datas-comemorativas\/01-de-marco-termino-da-guerra-da-triplice-alianca\/","og_locale":"pt_BR","og_type":"article","og_title":"01 de mar\u00e7o: T\u00e9rmino da Guerra da Tr\u00edplice Alian\u00e7a","og_description":"Leia o artigo do Estrat\u00e9gia Militares sobre o t\u00e9rmino da Guerra da Tr\u00edplice Fronteira, que \u00e9 comemorado em 01 de mar\u00e7o.","og_url":"https:\/\/militares.estrategia.com\/portal\/mundo-militar\/datas-comemorativas\/01-de-marco-termino-da-guerra-da-triplice-alianca\/","og_site_name":"Estrat\u00e9gia Militares","article_publisher":"https:\/\/www.facebook.com\/EstrategiaMilitares","article_published_time":"2025-03-01T03:00:00+00:00","article_modified_time":"2026-03-02T13:22:29+00:00","og_image":[{"width":1200,"height":675,"url":"https:\/\/militares.estrategia.com\/portal\/wp-content\/uploads\/2025\/02\/guerra_do_paraguai.jpg","type":"image\/jpeg"}],"author":"Estrat\u00e9gia Militares","twitter_card":"summary_large_image","twitter_creator":"@estrategiamilit","twitter_site":"@estrategiamilit","twitter_misc":{"Escrito por":"Estrat\u00e9gia Militares","Est. tempo de leitura":"3 minutos"},"schema":{"@context":"https:\/\/schema.org","@graph":[{"@type":"Article","@id":"https:\/\/militares.estrategia.com\/portal\/mundo-militar\/datas-comemorativas\/01-de-marco-termino-da-guerra-da-triplice-alianca\/#article","isPartOf":{"@id":"https:\/\/militares.estrategia.com\/portal\/mundo-militar\/datas-comemorativas\/01-de-marco-termino-da-guerra-da-triplice-alianca\/"},"author":{"name":"Estrat\u00e9gia Militares","@id":"https:\/\/militares.estrategia.com\/portal\/#\/schema\/person\/896181038f5542906e5db6f7db222d7c"},"headline":"01 de mar\u00e7o: T\u00e9rmino da Guerra da Tr\u00edplice Alian\u00e7a","datePublished":"2025-03-01T03:00:00+00:00","dateModified":"2026-03-02T13:22:29+00:00","mainEntityOfPage":{"@id":"https:\/\/militares.estrategia.com\/portal\/mundo-militar\/datas-comemorativas\/01-de-marco-termino-da-guerra-da-triplice-alianca\/"},"wordCount":541,"publisher":{"@id":"https:\/\/militares.estrategia.com\/portal\/#organization"},"image":{"@id":"https:\/\/militares.estrategia.com\/portal\/mundo-militar\/datas-comemorativas\/01-de-marco-termino-da-guerra-da-triplice-alianca\/#primaryimage"},"thumbnailUrl":"https:\/\/militares.estrategia.com\/portal\/wp-content\/uploads\/2025\/02\/guerra_do_paraguai.jpg","keywords":["carreiramilitar","ConcursosMilitares","Ex\u00e9rcito"],"articleSection":["Datas Comemorativas"],"inLanguage":"pt-BR"},{"@type":"WebPage","@id":"https:\/\/militares.estrategia.com\/portal\/mundo-militar\/datas-comemorativas\/01-de-marco-termino-da-guerra-da-triplice-alianca\/","url":"https:\/\/militares.estrategia.com\/portal\/mundo-militar\/datas-comemorativas\/01-de-marco-termino-da-guerra-da-triplice-alianca\/","name":"01 de mar\u00e7o: T\u00e9rmino da Guerra da Tr\u00edplice Alian\u00e7a","isPartOf":{"@id":"https:\/\/militares.estrategia.com\/portal\/#website"},"primaryImageOfPage":{"@id":"https:\/\/militares.estrategia.com\/portal\/mundo-militar\/datas-comemorativas\/01-de-marco-termino-da-guerra-da-triplice-alianca\/#primaryimage"},"image":{"@id":"https:\/\/militares.estrategia.com\/portal\/mundo-militar\/datas-comemorativas\/01-de-marco-termino-da-guerra-da-triplice-alianca\/#primaryimage"},"thumbnailUrl":"https:\/\/militares.estrategia.com\/portal\/wp-content\/uploads\/2025\/02\/guerra_do_paraguai.jpg","datePublished":"2025-03-01T03:00:00+00:00","dateModified":"2026-03-02T13:22:29+00:00","description":"Leia o artigo do Estrat\u00e9gia Militares sobre o t\u00e9rmino da Guerra da Tr\u00edplice Fronteira, que \u00e9 comemorado em 01 de mar\u00e7o.","breadcrumb":{"@id":"https:\/\/militares.estrategia.com\/portal\/mundo-militar\/datas-comemorativas\/01-de-marco-termino-da-guerra-da-triplice-alianca\/#breadcrumb"},"inLanguage":"pt-BR","potentialAction":[{"@type":"ReadAction","target":["https:\/\/militares.estrategia.com\/portal\/mundo-militar\/datas-comemorativas\/01-de-marco-termino-da-guerra-da-triplice-alianca\/"]}]},{"@type":"ImageObject","inLanguage":"pt-BR","@id":"https:\/\/militares.estrategia.com\/portal\/mundo-militar\/datas-comemorativas\/01-de-marco-termino-da-guerra-da-triplice-alianca\/#primaryimage","url":"https:\/\/militares.estrategia.com\/portal\/wp-content\/uploads\/2025\/02\/guerra_do_paraguai.jpg","contentUrl":"https:\/\/militares.estrategia.com\/portal\/wp-content\/uploads\/2025\/02\/guerra_do_paraguai.jpg","width":1200,"height":675},{"@type":"BreadcrumbList","@id":"https:\/\/militares.estrategia.com\/portal\/mundo-militar\/datas-comemorativas\/01-de-marco-termino-da-guerra-da-triplice-alianca\/#breadcrumb","itemListElement":[{"@type":"ListItem","position":1,"name":"Home","item":"https:\/\/militares.estrategia.com\/portal\/"},{"@type":"ListItem","position":2,"name":"Mundo Militar","item":"https:\/\/militares.estrategia.com\/portal\/mundo-militar\/"},{"@type":"ListItem","position":3,"name":"Datas Comemorativas","item":"https:\/\/militares.estrategia.com\/portal\/mundo-militar\/datas-comemorativas\/"},{"@type":"ListItem","position":4,"name":"01 de mar\u00e7o: T\u00e9rmino da Guerra da Tr\u00edplice Alian\u00e7a"}]},{"@type":"WebSite","@id":"https:\/\/militares.estrategia.com\/portal\/#website","url":"https:\/\/militares.estrategia.com\/portal\/","name":"Estrat\u00e9gia Militares","description":"","publisher":{"@id":"https:\/\/militares.estrategia.com\/portal\/#organization"},"potentialAction":[{"@type":"SearchAction","target":{"@type":"EntryPoint","urlTemplate":"https:\/\/militares.estrategia.com\/portal\/?s={search_term_string}"},"query-input":{"@type":"PropertyValueSpecification","valueRequired":true,"valueName":"search_term_string"}}],"inLanguage":"pt-BR"},{"@type":"Organization","@id":"https:\/\/militares.estrategia.com\/portal\/#organization","name":"Estrat\u00e9gia Militares","url":"https:\/\/militares.estrategia.com\/portal\/","logo":{"@type":"ImageObject","inLanguage":"pt-BR","@id":"https:\/\/militares.estrategia.com\/portal\/#\/schema\/logo\/image\/","url":"https:\/\/militares.estrategia.com\/portal\/wp-content\/uploads\/2021\/10\/logo-militares.webp","contentUrl":"https:\/\/militares.estrategia.com\/portal\/wp-content\/uploads\/2021\/10\/logo-militares.webp","width":346,"height":90,"caption":"Estrat\u00e9gia Militares"},"image":{"@id":"https:\/\/militares.estrategia.com\/portal\/#\/schema\/logo\/image\/"},"sameAs":["https:\/\/www.facebook.com\/EstrategiaMilitares","https:\/\/x.com\/estrategiamilit","https:\/\/www.instagram.com\/estrategiamilitares\/","https:\/\/www.youtube.com\/channel\/UCRG_9hakCqXxnj_8TqCdgTA"]},{"@type":"Person","@id":"https:\/\/militares.estrategia.com\/portal\/#\/schema\/person\/896181038f5542906e5db6f7db222d7c","name":"Estrat\u00e9gia Militares","image":{"@type":"ImageObject","inLanguage":"pt-BR","@id":"https:\/\/militares.estrategia.com\/portal\/#\/schema\/person\/image\/","url":"https:\/\/militares.estrategia.com\/portal\/wp-content\/uploads\/2021\/10\/favicon-militares-150x150.webp","contentUrl":"https:\/\/militares.estrategia.com\/portal\/wp-content\/uploads\/2021\/10\/favicon-militares-150x150.webp","caption":"Estrat\u00e9gia Militares"},"url":"https:\/\/militares.estrategia.com\/portal\/author\/estrategia-militares\/"}]}},"_wl_alt_label":[],"wl:entity_url":"https:\/\/data.wordlift.io\/wl110246\/post\/01-de-marco-termino-da-guerra-da-triplice-alianca-83115","_links":{"self":[{"href":"https:\/\/militares.estrategia.com\/portal\/wp-json\/wp\/v2\/posts\/83115","targetHints":{"allow":["GET"]}}],"collection":[{"href":"https:\/\/militares.estrategia.com\/portal\/wp-json\/wp\/v2\/posts"}],"about":[{"href":"https:\/\/militares.estrategia.com\/portal\/wp-json\/wp\/v2\/types\/post"}],"author":[{"embeddable":true,"href":"https:\/\/militares.estrategia.com\/portal\/wp-json\/wp\/v2\/users\/11"}],"replies":[{"embeddable":true,"href":"https:\/\/militares.estrategia.com\/portal\/wp-json\/wp\/v2\/comments?post=83115"}],"version-history":[{"count":2,"href":"https:\/\/militares.estrategia.com\/portal\/wp-json\/wp\/v2\/posts\/83115\/revisions"}],"predecessor-version":[{"id":96233,"href":"https:\/\/militares.estrategia.com\/portal\/wp-json\/wp\/v2\/posts\/83115\/revisions\/96233"}],"wp:featuredmedia":[{"embeddable":true,"href":"https:\/\/militares.estrategia.com\/portal\/wp-json\/wp\/v2\/media\/83119"}],"wp:attachment":[{"href":"https:\/\/militares.estrategia.com\/portal\/wp-json\/wp\/v2\/media?parent=83115"}],"wp:term":[{"taxonomy":"category","embeddable":true,"href":"https:\/\/militares.estrategia.com\/portal\/wp-json\/wp\/v2\/categories?post=83115"},{"taxonomy":"post_tag","embeddable":true,"href":"https:\/\/militares.estrategia.com\/portal\/wp-json\/wp\/v2\/tags?post=83115"},{"taxonomy":"wl_entity_type","embeddable":true,"href":"https:\/\/militares.estrategia.com\/portal\/wp-json\/wp\/v2\/wl_entity_type?post=83115"}],"curies":[{"name":"wp","href":"https:\/\/api.w.org\/{rel}","templated":true}]}}