{"id":83088,"date":"2025-02-21T13:56:22","date_gmt":"2025-02-21T16:56:22","guid":{"rendered":"https:\/\/militares.estrategia.com\/portal\/?p=83088"},"modified":"2025-02-26T11:41:31","modified_gmt":"2025-02-26T14:41:31","slug":"gabarito-cfo-cbmerj-2025-confira-a-correcao-ao-vivo","status":"publish","type":"post","link":"https:\/\/militares.estrategia.com\/portal\/noticias\/gabarito-cfo-cbmerj-2025-confira-a-correcao-ao-vivo\/","title":{"rendered":"Gabarito CFO-CBMERJ 2025: confira o gabarito final a corre\u00e7\u00e3o ao vivo!"},"content":{"rendered":"\n<p>A prova objetiva do Concurso CFO-CBMERJ 2025 acontece neste s\u00e1bado, dia 22 de fevereiro. O Estrat\u00e9gia Militares far\u00e1 a corre\u00e7\u00e3o ao vivo do Gabarito CFO-CBMERJ 2025 em nosso canal no YouTube, logo ap\u00f3s a avalia\u00e7\u00e3o! As respostas tamb\u00e9m ser\u00e3o disponibilizadas simultaneamente nesta p\u00e1gina do Portal!<\/p>\n\n\n<div id=\"new-form\">\n\t<form id=\"forms_layout\">\n\t<input type=\"hidden\" id=\"chave_de\" name=\"chave_de\" value=\"01_EMIL_LEADS_TOTAIS\" \/>\n\t\t<input type=\"hidden\" id=\"mid\" name=\"mid\" value=\"515009017\" \/>\n\t\t<input type=\"hidden\" id=\"Objetivo\" name=\"Objetivo\" value=\"Militares\" \/>\n\t\t<input type=\"hidden\" id=\"Estado_de_Origem_do_IP\" name=\"Estado_de_Origem_do_IP\"  value=\"\" \/>\n\t\t<input type=\"hidden\" id=\"Cidade_de_Origem_do_IP\" name=\"Cidade_de_Origem_do_IP\" value=\"\" \/>\n\t\t<input type=\"hidden\" id=\"Modo_de_entrada\" name=\"Modo_de_entrada\" value=\"Portal\" \/>\n\t\t<input type=\"hidden\" id=\"Pagina_Origem\" name=\"Pagina_Origem\" value=\"\" \/>\n\n\t\t<div class=\"texto\">\n\t\t\t<h3 class=\"news\">Inscreva-se em nossa newsletter!<\/h3>\n\t\t\t<p>Receba not\u00edcias sobre os mais importantes concursos para as For\u00e7as Armadas brasileiras e informa\u00e7\u00f5es sobre o mundo militar!<\/p>\n\t\t<\/div>\n\t\t<div class=\"campos\">\n\t\t\t<div class=\"first_name labels\">\n\t\t\t\t<input type=\"text\" class=\"input_labels\" id=\"first_name\" name=\"Nome_Completo\" placeholder=\"Nome\" required \/>\n\t\t\t<\/div>\n\t\t\t<div class=\"email labels\">\n\t\t\t\t<input type=\"email\" class=\"input_labels\" id=\"email\" name=\"Email\" placeholder=\"E-mail\" required \/>\n\t\t\t<\/div>\n\t\t\t<button type=\"submit\" class=\"button_layout\">\n\t\t\t\t<div id=\"lblBotao\">Inscreva-se<\/div>\n\t\t\t\t<span id=\"divSpiner\" class=\"loader\" role=\"status\" style=\"display: none;\"><\/span>\t\n\t\t\t<\/button>\n\t\t<\/div><!-- \/campos -->\n\t\t\n\t\t<label class=\"container_checkbox\">Voc\u00ea concorda com a nossa\n\t\t\t<a class=\"politics_privacy_ahref\" target=\"_blank\" href=\"https:\/\/gratis.estrategiaconcursos.com.br\/politica-de-privacidade\/\">Pol\u00edtica de Privacidade<\/a> e aceita receber informa\u00e7\u00f5es adicionais do Estrat\u00e9gia Educacional.\n\t\t\t<input id=\"checkbox_layout\" type=\"checkbox\" checked=\"checked\" required \/>\n\t\t\t<span class=\"checkbox\"><\/span>\n\t\t<\/label>\n\t\t<div id=\"msg\"><\/div>\n\t\t<div id=\"error\" class=\"error\">\n\t\t<\/div>\n\t<\/form>\n<\/div><!-- \/new-form -->\n\n\n\n<div id=\"ez-toc-container\" class=\"ez-toc-v2_0_79_2 counter-hierarchy ez-toc-counter ez-toc-transparent ez-toc-container-direction\">\n<div class=\"ez-toc-title-container\"><p class=\"ez-toc-title\" style=\"cursor:inherit\">Navegue pelo conte\u00fado\t<\/p>\n<\/div><nav><ul class='ez-toc-list ez-toc-list-level-1 ' ><li class='ez-toc-page-1 ez-toc-heading-level-2'><a class=\"ez-toc-link ez-toc-heading-1\" href=\"https:\/\/militares.estrategia.com\/portal\/noticias\/gabarito-cfo-cbmerj-2025-confira-a-correcao-ao-vivo\/#Gabarito-CFO-CBMERJ-2025\" >Gabarito CFO-CBMERJ 2025<\/a><\/li><li class='ez-toc-page-1 ez-toc-heading-level-2'><a class=\"ez-toc-link ez-toc-heading-2\" href=\"https:\/\/militares.estrategia.com\/portal\/noticias\/gabarito-cfo-cbmerj-2025-confira-a-correcao-ao-vivo\/#Gabarito-Ingles\" >Gabarito Ingl\u00eas<\/a><\/li><li class='ez-toc-page-1 ez-toc-heading-level-2'><a class=\"ez-toc-link ez-toc-heading-3\" href=\"https:\/\/militares.estrategia.com\/portal\/noticias\/gabarito-cfo-cbmerj-2025-confira-a-correcao-ao-vivo\/#Prova-e-gabarito-oficiais\" >Prova e gabarito oficiais<\/a><\/li><\/ul><\/nav><\/div>\n<h2 class=\"wp-block-heading\" id=\"h-gabarito-cfo-cbmerj-2025\"><span class=\"ez-toc-section\" id=\"Gabarito-CFO-CBMERJ-2025\"><\/span>Gabarito CFO-CBMERJ 2025<span class=\"ez-toc-section-end\"><\/span><\/h2>\n\n\n\n<p>Os professores do Estrat\u00e9gia Militares corrigem cada uma das quest\u00f5es da Prova CBMERJ ao vivo.&nbsp;<strong>A transmiss\u00e3o da live ter\u00e1 in\u00edcio ap\u00f3s as 16h.&nbsp;<\/strong>Voc\u00ea pode assisti-la em&nbsp;<a href=\"https:\/\/www.youtube.com\/c\/Estrat%C3%A9giaMilitar\" target=\"_blank\" >nosso canal no YouTube<\/a>&nbsp;ou acompanh\u00e1-la nesta p\u00e1gina tamb\u00e9m!<\/p>\n\n\n\n<figure class=\"wp-block-embed is-type-video is-provider-youtube wp-block-embed-youtube wp-embed-aspect-16-9 wp-has-aspect-ratio\"><div class=\"wp-block-embed__wrapper\">\n<div class=\"cs-embed cs-embed-responsive\"><iframe title=\"Gabarito CFO-CBMERJ 2025: corre\u00e7\u00e3o de prova ao vivo\" width=\"1200\" height=\"675\" src=\"https:\/\/www.youtube.com\/embed\/Zarx_N2vutQ?feature=oembed\" frameborder=\"0\" allow=\"accelerometer; autoplay; clipboard-write; encrypted-media; gyroscope; picture-in-picture; web-share\" referrerpolicy=\"strict-origin-when-cross-origin\" allowfullscreen><\/iframe><\/div>\n<\/div><\/figure>\n\n\n\n<p><strong>Observe o modelo da sua prova para n\u00e3o conferir errado o gabarito&nbsp;<\/strong>de suas respostas! O texto \u00e9 atualizado em tempo real com a<a href=\"https:\/\/www.youtube.com\/c\/Estrat%C3%A9giaMilitar\" target=\"_blank\" >&nbsp;live no YouTube&nbsp;<\/a>e com a devida correspond\u00eancia entre os v\u00e1rios modelos de prova.<\/p>\n\n\n\n<blockquote class=\"wp-block-quote has-electric-grass-gradient-background has-background is-layout-flow wp-block-quote-is-layout-flow\">\n<p>Tema da reda\u00e7\u00e3o: <em>O hero\u00edsmo \u00e9 uma decorr\u00eancia do exerc\u00edcio profissional do bombeiro?<\/em><\/p>\n<cite><strong>Aten\u00e7\u00e3o! <\/strong>Quest\u00f5es marcadas com * s\u00e3o pass\u00edveis de recurso e as marcadas com X* tem possibilidade de anula\u00e7\u00e3o.<\/cite><\/blockquote>\n\n\n\n<h3 class=\"wp-block-heading\" id=\"h-gabarito-estrategia-militares-espanhol\">Gabarito Estrat\u00e9gia Militares (Espanhol)<\/h3>\n\n\n\n<figure class=\"wp-block-table is-style-stripes\"><table class=\"has-electric-grass-gradient-background has-background has-fixed-layout\"><tbody><tr><td>1- C<\/td><td>11- A<\/td><td>21- C<\/td><td>31- B<\/td><td>41- B<\/td><td>51- D<\/td><td>61- A<\/td><td>71- A<\/td><\/tr><tr><td>2- B<\/td><td>12- B<\/td><td>22- B<\/td><td>32- D<\/td><td>42- C<\/td><td>52- A<\/td><td>62- A<\/td><td>72- D<\/td><\/tr><tr><td>3- D<\/td><td>13- D<\/td><td>23- A<\/td><td>33- A<\/td><td>43- D<\/td><td>53- A<\/td><td>63- C<\/td><td>73- A<\/td><\/tr><tr><td>4- D<\/td><td>14- D<\/td><td>24- B<\/td><td>34- B<\/td><td>44- B<\/td><td>54- C<\/td><td>64- B<\/td><td>74- C<\/td><\/tr><tr><td>5- A<\/td><td>15- A<\/td><td>25-D <\/td><td>35- D<\/td><td>45- D<\/td><td>55- D<\/td><td>65- D<\/td><td>75- A<\/td><\/tr><tr><td>6- A<\/td><td>16- C<\/td><td>26- D<\/td><td>36- D<\/td><td>46- A<\/td><td>56- B<\/td><td>66- B<\/td><td>76- D<\/td><\/tr><tr><td>7- D<\/td><td>17- A<\/td><td>27- B<\/td><td>37- C<\/td><td>47- B<\/td><td>57- C<\/td><td>67- A<\/td><td>77- B<\/td><\/tr><tr><td>8- C<\/td><td>18- C<\/td><td>28- B<\/td><td>38- A<\/td><td>48- B<\/td><td>58- D<\/td><td>68-D<\/td><td>78- C<\/td><\/tr><tr><td>9- A<\/td><td>19- D<\/td><td>29- C<\/td><td>39- C<\/td><td>49- C<\/td><td>59- B<\/td><td>69- C<\/td><td>79- B<\/td><\/tr><tr><td>10- B<\/td><td>20- B<\/td><td>30- A<\/td><td>40- C<\/td><td>50- A<\/td><td>60- C<\/td><td>70- C<\/td><td>80- D<\/td><\/tr><\/tbody><\/table><\/figure>\n\n\n\n<h2 class=\"wp-block-heading\" id=\"h-gabarito-ingles\"><span class=\"ez-toc-section\" id=\"Gabarito-Ingles\"><\/span>Gabarito Ingl\u00eas<span class=\"ez-toc-section-end\"><\/span><\/h2>\n\n\n\n<figure class=\"wp-block-table is-style-stripes\"><table class=\"has-electric-grass-gradient-background has-background has-fixed-layout\"><tbody><tr><td>11- C<\/td><td>12- B<\/td><td>13- A<\/td><td>14- A<\/td><td>15- D<\/td><\/tr><tr><td>16- B<\/td><td>17- C<\/td><td>18- D<\/td><td>19- D<\/td><td>20- A<\/td><\/tr><\/tbody><\/table><\/figure>\n\n\n\n<div class=\"wp-block-buttons is-content-justification-center is-layout-flex wp-container-core-buttons-is-layout-1 wp-block-buttons-is-layout-flex\">\n<div class=\"wp-block-button is-style-outline is-style-outline--1\"><a class=\"wp-block-button__link has-electric-grass-gradient-background has-background wp-element-button\" href=\"https:\/\/militares.estrategia.com\/portal\/wp-content\/uploads\/2025\/02\/Correcao-CFO-CBMERJ-2025-Literatura.pdf\" style=\"border-radius:100px\" target=\"_blank\" >corre\u00e7\u00e3o estrat\u00e9gia &#8211; literatura<\/a><\/div>\n<\/div>\n\n\n\n<h2 class=\"wp-block-heading\" id=\"h-prova-e-gabarito-oficiais\"><span class=\"ez-toc-section\" id=\"Prova-e-gabarito-oficiais\"><\/span>Prova e gabarito oficiais<span class=\"ez-toc-section-end\"><\/span><\/h2>\n\n\n\n<div class=\"wp-block-buttons is-content-justification-center is-layout-flex wp-container-core-buttons-is-layout-2 wp-block-buttons-is-layout-flex\">\n<div class=\"wp-block-button is-style-outline is-style-outline--2\"><a class=\"wp-block-button__link has-electric-grass-gradient-background has-background wp-element-button\" href=\"https:\/\/militares.estrategia.com\/portal\/wp-content\/uploads\/2025\/02\/prova_259.pdf\" style=\"border-radius:100px\" target=\"_blank\" >prova<\/a><\/div>\n\n\n\n<div class=\"wp-block-button is-style-outline is-style-outline--3\"><a class=\"wp-block-button__link has-electric-grass-gradient-background has-background wp-element-button\" href=\"https:\/\/militares.estrategia.com\/portal\/wp-content\/uploads\/2025\/02\/gabarito_259.pdf\" style=\"border-radius:100px\" target=\"_blank\" >gabarito provis\u00f3rio<\/a><\/div>\n<\/div>\n\n\n\n<div class=\"wp-block-buttons is-content-justification-center is-layout-flex wp-container-core-buttons-is-layout-3 wp-block-buttons-is-layout-flex\">\n<div class=\"wp-block-button is-style-outline is-style-outline--4\"><a class=\"wp-block-button__link has-electric-grass-gradient-background has-background wp-element-button\" href=\"https:\/\/militares.estrategia.com\/portal\/wp-content\/uploads\/2025\/02\/Gabarito_final_CBMERJ.pdf\" style=\"border-radius:100px\" target=\"_blank\" >gabarito final<\/a><\/div>\n<\/div>\n\n\n\n<p>O exame \u00e9 de car\u00e1ter classificat\u00f3rio e eliminat\u00f3rio e contou com 80 quest\u00f5es objetivas e uma reda\u00e7\u00e3o. Confira a nova distribui\u00e7\u00e3o das quest\u00f5es:<\/p>\n\n\n\n<ul class=\"wp-block-list\">\n<li>L\u00edngua Portuguesa\/Literatura: 10 quest\u00f5es;<\/li>\n\n\n\n<li>Espanhol ou Ingl\u00eas: 10 quest\u00f5es;<\/li>\n\n\n\n<li>Matem\u00e1tica: 10 quest\u00f5es;<\/li>\n\n\n\n<li>Geografia: 10 quest\u00f5es;<\/li>\n\n\n\n<li>Biologia: 10 quest\u00f5es;<\/li>\n\n\n\n<li>F\u00edsica: 10 quest\u00f5es;<\/li>\n\n\n\n<li>Qu\u00edmica: 10 quest\u00f5es; e<\/li>\n\n\n\n<li>Hist\u00f3ria: 10 quest\u00f5es.<\/li>\n<\/ul>\n\n\n\n<p>Veja a seguir o calend\u00e1rio do seletivo:<\/p>\n\n\n\n<figure class=\"wp-block-table is-style-stripes\"><table class=\"has-electric-grass-gradient-background has-background has-fixed-layout\"><thead><tr><th class=\"has-text-align-center\" data-align=\"center\">EVENTO<\/th><th class=\"has-text-align-center\" data-align=\"center\">DATA<\/th><\/tr><\/thead><tbody><tr><td class=\"has-text-align-center\" data-align=\"center\">Aplica\u00e7\u00e3o da prova objetiva<\/td><td class=\"has-text-align-center\" data-align=\"center\">22\/02\/2025<\/td><\/tr><tr><td class=\"has-text-align-center\" data-align=\"center\">Divulga\u00e7\u00e3o do gabarito preliminar da prova objetiva<\/td><td class=\"has-text-align-center\" data-align=\"center\">23\/02\/2025<\/td><\/tr><tr><td class=\"has-text-align-center\" data-align=\"center\">Publica\u00e7\u00e3o do Gabarito Definitivo da Prova Objetiva<\/td><td class=\"has-text-align-center\" data-align=\"center\">At\u00e9 26\/02\/2025<\/td><\/tr><tr><td class=\"has-text-align-center\" data-align=\"center\">Divulga\u00e7\u00e3o da listagem das notas da prova objetiva<\/td><td class=\"has-text-align-center\" data-align=\"center\">28\/02\/2025<\/td><\/tr><tr><td class=\"has-text-align-center\" data-align=\"center\">Divulga\u00e7\u00e3o da rela\u00e7\u00e3o dos candidatos aptos \u00e0 corre\u00e7\u00e3o da prova de reda\u00e7\u00e3o<\/td><td class=\"has-text-align-center\" data-align=\"center\">14\/03\/2025<\/td><\/tr><tr><td class=\"has-text-align-center\" data-align=\"center\">Divulga\u00e7\u00e3o da listagem preliminar das notas de reda\u00e7\u00e3o<\/td><td class=\"has-text-align-center\" data-align=\"center\">19\/03\/2025<\/td><\/tr><tr><td class=\"has-text-align-center\" data-align=\"center\">Divulga\u00e7\u00e3o da listagem definitiva das notas de reda\u00e7\u00e3o<\/td><td class=\"has-text-align-center\" data-align=\"center\">24\/03\/2025<\/td><\/tr><tr><td class=\"has-text-align-center\" data-align=\"center\">Publica\u00e7\u00e3o do Resultado Definitivo da Prova Objetiva<\/td><td class=\"has-text-align-center\" data-align=\"center\">31\/03\/2025<\/td><\/tr><tr><td class=\"has-text-align-center\" data-align=\"center\">Convoca\u00e7\u00e3o para teste de aptid\u00e3o f\u00edsica<\/td><td class=\"has-text-align-center\" data-align=\"center\">31\/03\/2025<\/td><\/tr><tr><td class=\"has-text-align-center\" data-align=\"center\">Aplica\u00e7\u00e3o da 1\u00ba tentativa do teste de aptid\u00e3o f\u00edsica<\/td><td class=\"has-text-align-center\" data-align=\"center\">02\/04\/2025<\/td><\/tr><tr><td class=\"has-text-align-center\" data-align=\"center\">Aplica\u00e7\u00e3o da 2\u00ba tentativa do teste de aptid\u00e3o f\u00edsica (RECURSO)<\/td><td class=\"has-text-align-center\" data-align=\"center\">07\/04\/2025<\/td><\/tr><tr><td class=\"has-text-align-center\" data-align=\"center\">Publica\u00e7\u00e3o do Resultado Final do teste de aptid\u00e3o f\u00edsica<\/td><td class=\"has-text-align-center\" data-align=\"center\">07\/04\/2025<\/td><\/tr><tr><td class=\"has-text-align-center\" data-align=\"center\">Convoca\u00e7\u00e3o para o exame de sa\u00fade<\/td><td class=\"has-text-align-center\" data-align=\"center\">07\/04\/2025<\/td><\/tr><tr><td class=\"has-text-align-center\" data-align=\"center\">Aplica\u00e7\u00e3o do exame de sa\u00fade<\/td><td class=\"has-text-align-center\" data-align=\"center\">08\/04\/2025<\/td><\/tr><tr><td class=\"has-text-align-center\" data-align=\"center\">Publica\u00e7\u00e3o do Resultado Preliminar da inspe\u00e7\u00e3o de sa\u00fade<\/td><td class=\"has-text-align-center\" data-align=\"center\">09\/04\/2025<\/td><\/tr><tr><td class=\"has-text-align-center\" data-align=\"center\">Publica\u00e7\u00e3o do Resultado Final da inspe\u00e7\u00e3o de sa\u00fade<\/td><td class=\"has-text-align-center\" data-align=\"center\">15\/04\/2025<\/td><\/tr><tr><td class=\"has-text-align-center\" data-align=\"center\">Convoca\u00e7\u00e3o para Heteroidentifica\u00e7\u00e3o Fenot\u00edpica e do Exame<br>Documental<\/td><td class=\"has-text-align-center\" data-align=\"center\">15\/04\/2025<\/td><\/tr><tr><td class=\"has-text-align-center\" data-align=\"center\">Realiza\u00e7\u00e3o da Heteroidentifica\u00e7\u00e3o Fenot\u00edpica e do Exame<br>Documental<\/td><td class=\"has-text-align-center\" data-align=\"center\">16\/04\/2025<\/td><\/tr><tr><td class=\"has-text-align-center\" data-align=\"center\">Publica\u00e7\u00e3o do Resultado Preliminar da heteroidentifica\u00e7\u00e3o fenot\u00edpica, do Exame Documental e da comprova\u00e7\u00e3o da hipossufici\u00eancia econ\u00f4mica<\/td><td class=\"has-text-align-center\" data-align=\"center\">16\/04\/2025<\/td><\/tr><tr><td class=\"has-text-align-center\" data-align=\"center\">Publica\u00e7\u00e3o do resultado final do exame documental, do resultado<br>final do concurso e publica\u00e7\u00e3o dos indicados \u00e0 matr\u00edcula em curso<br>de forma\u00e7\u00e3o<\/td><td class=\"has-text-align-center\" data-align=\"center\">25\/04\/2025<\/td><\/tr><tr><td class=\"has-text-align-center\" data-align=\"center\">Apresenta\u00e7\u00e3o na ABMDP II dos candidatos aprovados e<br>classificados<\/td><td class=\"has-text-align-center\" data-align=\"center\">28\/04\/2025<\/td><\/tr><\/tbody><\/table><\/figure>\n\n\n\n<p>Fique atento ao Portal Estrat\u00e9gia Militares para mais informa\u00e7\u00f5es sobre o Concurso CFO CBMERJ 2025! Clique no banner e acesse nossos cursos on-line preparat\u00f3rios em nossa plataforma:<\/p>\n","protected":false},"excerpt":{"rendered":"A prova objetiva do Concurso CFO-CBMERJ 2025 acontece neste s\u00e1bado, dia 22 de fevereiro. O Estrat\u00e9gia Militares far\u00e1&hellip;\n","protected":false},"author":18,"featured_media":74362,"comment_status":"closed","ping_status":"closed","sticky":false,"template":"","format":"standard","meta":{"wl_entities_gutenberg":"","footnotes":""},"categories":[36],"tags":[],"wl_entity_type":[187],"class_list":{"0":"post-83088","1":"post","2":"type-post","3":"status-publish","4":"format-standard","5":"has-post-thumbnail","7":"category-noticias","8":"wl_entity_type-article"},"acf":[],"yoast_head":"<!-- This site is optimized with the Yoast SEO Premium plugin v26.6 (Yoast SEO v26.6) - https:\/\/yoast.com\/wordpress\/plugins\/seo\/ -->\n<title>Gabarito CFO-CBMERJ 2025: confira o gabarito final a corre\u00e7\u00e3o ao vivo!<\/title>\n<meta name=\"description\" content=\"A prova objetiva do Concurso CFO-CBMERJ 2025 acontece s\u00e1bado, dia 22\/02. O Estrat\u00e9gia Militares far\u00e1 a corre\u00e7\u00e3o ao vivo do Gabarito 2025\" \/>\n<meta name=\"robots\" content=\"index, follow, max-snippet:-1, max-image-preview:large, max-video-preview:-1\" \/>\n<link rel=\"canonical\" href=\"https:\/\/militares.estrategia.com\/portal\/noticias\/gabarito-cfo-cbmerj-2025-confira-a-correcao-ao-vivo\/\" \/>\n<meta property=\"og:locale\" content=\"pt_BR\" \/>\n<meta property=\"og:type\" content=\"article\" \/>\n<meta property=\"og:title\" content=\"Gabarito CFO-CBMERJ 2025: confira o gabarito final a corre\u00e7\u00e3o ao vivo!\" \/>\n<meta property=\"og:description\" content=\"A prova objetiva do Concurso CFO-CBMERJ 2025 acontece s\u00e1bado, dia 22\/02. O Estrat\u00e9gia Militares far\u00e1 a corre\u00e7\u00e3o ao vivo do Gabarito 2025\" \/>\n<meta property=\"og:url\" content=\"https:\/\/militares.estrategia.com\/portal\/noticias\/gabarito-cfo-cbmerj-2025-confira-a-correcao-ao-vivo\/\" \/>\n<meta property=\"og:site_name\" content=\"Estrat\u00e9gia Militares\" \/>\n<meta property=\"article:publisher\" content=\"https:\/\/www.facebook.com\/EstrategiaMilitares\" \/>\n<meta property=\"article:published_time\" content=\"2025-02-21T16:56:22+00:00\" \/>\n<meta property=\"article:modified_time\" content=\"2025-02-26T14:41:31+00:00\" \/>\n<meta property=\"og:image\" content=\"https:\/\/militares.estrategia.com\/portal\/wp-content\/uploads\/2024\/04\/EM_CapaBlog_CFO-CBMERJ-03.jpg\" \/>\n\t<meta property=\"og:image:width\" content=\"750\" \/>\n\t<meta property=\"og:image:height\" content=\"420\" \/>\n\t<meta property=\"og:image:type\" content=\"image\/jpeg\" \/>\n<meta name=\"author\" content=\"Pedro Alcantara\" \/>\n<meta name=\"twitter:card\" content=\"summary_large_image\" \/>\n<meta name=\"twitter:creator\" content=\"@estrategiamilit\" \/>\n<meta name=\"twitter:site\" content=\"@estrategiamilit\" \/>\n<meta name=\"twitter:label1\" content=\"Escrito por\" \/>\n\t<meta name=\"twitter:data1\" content=\"Pedro Alcantara\" \/>\n\t<meta name=\"twitter:label2\" content=\"Est. tempo de leitura\" \/>\n\t<meta name=\"twitter:data2\" content=\"4 minutos\" \/>\n<script type=\"application\/ld+json\" class=\"yoast-schema-graph\">{\"@context\":\"https:\/\/schema.org\",\"@graph\":[{\"@type\":\"Article\",\"@id\":\"https:\/\/militares.estrategia.com\/portal\/noticias\/gabarito-cfo-cbmerj-2025-confira-a-correcao-ao-vivo\/#article\",\"isPartOf\":{\"@id\":\"https:\/\/militares.estrategia.com\/portal\/noticias\/gabarito-cfo-cbmerj-2025-confira-a-correcao-ao-vivo\/\"},\"author\":{\"name\":\"Pedro Alcantara\",\"@id\":\"https:\/\/militares.estrategia.com\/portal\/#\/schema\/person\/d52a8bb9d3a4693ffcfbe862dc250f79\"},\"headline\":\"Gabarito CFO-CBMERJ 2025: confira o gabarito final a corre\u00e7\u00e3o ao vivo!\",\"datePublished\":\"2025-02-21T16:56:22+00:00\",\"dateModified\":\"2025-02-26T14:41:31+00:00\",\"mainEntityOfPage\":{\"@id\":\"https:\/\/militares.estrategia.com\/portal\/noticias\/gabarito-cfo-cbmerj-2025-confira-a-correcao-ao-vivo\/\"},\"wordCount\":735,\"publisher\":{\"@id\":\"https:\/\/militares.estrategia.com\/portal\/#organization\"},\"image\":{\"@id\":\"https:\/\/militares.estrategia.com\/portal\/noticias\/gabarito-cfo-cbmerj-2025-confira-a-correcao-ao-vivo\/#primaryimage\"},\"thumbnailUrl\":\"https:\/\/militares.estrategia.com\/portal\/wp-content\/uploads\/2024\/04\/EM_CapaBlog_CFO-CBMERJ-03.jpg\",\"articleSection\":[\"Not\u00edcias\"],\"inLanguage\":\"pt-BR\"},{\"@type\":\"WebPage\",\"@id\":\"https:\/\/militares.estrategia.com\/portal\/noticias\/gabarito-cfo-cbmerj-2025-confira-a-correcao-ao-vivo\/\",\"url\":\"https:\/\/militares.estrategia.com\/portal\/noticias\/gabarito-cfo-cbmerj-2025-confira-a-correcao-ao-vivo\/\",\"name\":\"Gabarito CFO-CBMERJ 2025: confira o gabarito final a corre\u00e7\u00e3o ao vivo!\",\"isPartOf\":{\"@id\":\"https:\/\/militares.estrategia.com\/portal\/#website\"},\"primaryImageOfPage\":{\"@id\":\"https:\/\/militares.estrategia.com\/portal\/noticias\/gabarito-cfo-cbmerj-2025-confira-a-correcao-ao-vivo\/#primaryimage\"},\"image\":{\"@id\":\"https:\/\/militares.estrategia.com\/portal\/noticias\/gabarito-cfo-cbmerj-2025-confira-a-correcao-ao-vivo\/#primaryimage\"},\"thumbnailUrl\":\"https:\/\/militares.estrategia.com\/portal\/wp-content\/uploads\/2024\/04\/EM_CapaBlog_CFO-CBMERJ-03.jpg\",\"datePublished\":\"2025-02-21T16:56:22+00:00\",\"dateModified\":\"2025-02-26T14:41:31+00:00\",\"description\":\"A prova objetiva do Concurso CFO-CBMERJ 2025 acontece s\u00e1bado, dia 22\/02. O Estrat\u00e9gia Militares far\u00e1 a corre\u00e7\u00e3o ao vivo do Gabarito 2025\",\"breadcrumb\":{\"@id\":\"https:\/\/militares.estrategia.com\/portal\/noticias\/gabarito-cfo-cbmerj-2025-confira-a-correcao-ao-vivo\/#breadcrumb\"},\"inLanguage\":\"pt-BR\",\"potentialAction\":[{\"@type\":\"ReadAction\",\"target\":[\"https:\/\/militares.estrategia.com\/portal\/noticias\/gabarito-cfo-cbmerj-2025-confira-a-correcao-ao-vivo\/\"]}]},{\"@type\":\"ImageObject\",\"inLanguage\":\"pt-BR\",\"@id\":\"https:\/\/militares.estrategia.com\/portal\/noticias\/gabarito-cfo-cbmerj-2025-confira-a-correcao-ao-vivo\/#primaryimage\",\"url\":\"https:\/\/militares.estrategia.com\/portal\/wp-content\/uploads\/2024\/04\/EM_CapaBlog_CFO-CBMERJ-03.jpg\",\"contentUrl\":\"https:\/\/militares.estrategia.com\/portal\/wp-content\/uploads\/2024\/04\/EM_CapaBlog_CFO-CBMERJ-03.jpg\",\"width\":750,\"height\":420},{\"@type\":\"BreadcrumbList\",\"@id\":\"https:\/\/militares.estrategia.com\/portal\/noticias\/gabarito-cfo-cbmerj-2025-confira-a-correcao-ao-vivo\/#breadcrumb\",\"itemListElement\":[{\"@type\":\"ListItem\",\"position\":1,\"name\":\"Home\",\"item\":\"https:\/\/militares.estrategia.com\/portal\/\"},{\"@type\":\"ListItem\",\"position\":2,\"name\":\"Not\u00edcias\",\"item\":\"https:\/\/militares.estrategia.com\/portal\/noticias\/\"},{\"@type\":\"ListItem\",\"position\":3,\"name\":\"Gabarito CFO-CBMERJ 2025: confira o gabarito final a corre\u00e7\u00e3o ao vivo!\"}]},{\"@type\":\"WebSite\",\"@id\":\"https:\/\/militares.estrategia.com\/portal\/#website\",\"url\":\"https:\/\/militares.estrategia.com\/portal\/\",\"name\":\"Estrat\u00e9gia Militares\",\"description\":\"\",\"publisher\":{\"@id\":\"https:\/\/militares.estrategia.com\/portal\/#organization\"},\"potentialAction\":[{\"@type\":\"SearchAction\",\"target\":{\"@type\":\"EntryPoint\",\"urlTemplate\":\"https:\/\/militares.estrategia.com\/portal\/?s={search_term_string}\"},\"query-input\":{\"@type\":\"PropertyValueSpecification\",\"valueRequired\":true,\"valueName\":\"search_term_string\"}}],\"inLanguage\":\"pt-BR\"},{\"@type\":\"Organization\",\"@id\":\"https:\/\/militares.estrategia.com\/portal\/#organization\",\"name\":\"Estrat\u00e9gia Militares\",\"url\":\"https:\/\/militares.estrategia.com\/portal\/\",\"logo\":{\"@type\":\"ImageObject\",\"inLanguage\":\"pt-BR\",\"@id\":\"https:\/\/militares.estrategia.com\/portal\/#\/schema\/logo\/image\/\",\"url\":\"https:\/\/militares.estrategia.com\/portal\/wp-content\/uploads\/2021\/10\/logo-militares.webp\",\"contentUrl\":\"https:\/\/militares.estrategia.com\/portal\/wp-content\/uploads\/2021\/10\/logo-militares.webp\",\"width\":346,\"height\":90,\"caption\":\"Estrat\u00e9gia Militares\"},\"image\":{\"@id\":\"https:\/\/militares.estrategia.com\/portal\/#\/schema\/logo\/image\/\"},\"sameAs\":[\"https:\/\/www.facebook.com\/EstrategiaMilitares\",\"https:\/\/x.com\/estrategiamilit\",\"https:\/\/www.instagram.com\/estrategiamilitares\/\",\"https:\/\/www.youtube.com\/channel\/UCRG_9hakCqXxnj_8TqCdgTA\"]},{\"@type\":\"Person\",\"@id\":\"https:\/\/militares.estrategia.com\/portal\/#\/schema\/person\/d52a8bb9d3a4693ffcfbe862dc250f79\",\"name\":\"Pedro Alcantara\",\"image\":{\"@type\":\"ImageObject\",\"inLanguage\":\"pt-BR\",\"@id\":\"https:\/\/militares.estrategia.com\/portal\/#\/schema\/person\/image\/\",\"url\":\"https:\/\/secure.gravatar.com\/avatar\/2ff815c569bab8558bec32641d54e1af?s=96&d=mm&r=g\",\"contentUrl\":\"https:\/\/secure.gravatar.com\/avatar\/2ff815c569bab8558bec32641d54e1af?s=96&d=mm&r=g\",\"caption\":\"Pedro Alcantara\"},\"url\":\"https:\/\/militares.estrategia.com\/portal\/author\/pedro\/\"}]}<\/script>\n<!-- \/ Yoast SEO Premium plugin. -->","yoast_head_json":{"title":"Gabarito CFO-CBMERJ 2025: confira o gabarito final a corre\u00e7\u00e3o ao vivo!","description":"A prova objetiva do Concurso CFO-CBMERJ 2025 acontece s\u00e1bado, dia 22\/02. O Estrat\u00e9gia Militares far\u00e1 a corre\u00e7\u00e3o ao vivo do Gabarito 2025","robots":{"index":"index","follow":"follow","max-snippet":"max-snippet:-1","max-image-preview":"max-image-preview:large","max-video-preview":"max-video-preview:-1"},"canonical":"https:\/\/militares.estrategia.com\/portal\/noticias\/gabarito-cfo-cbmerj-2025-confira-a-correcao-ao-vivo\/","og_locale":"pt_BR","og_type":"article","og_title":"Gabarito CFO-CBMERJ 2025: confira o gabarito final a corre\u00e7\u00e3o ao vivo!","og_description":"A prova objetiva do Concurso CFO-CBMERJ 2025 acontece s\u00e1bado, dia 22\/02. O Estrat\u00e9gia Militares far\u00e1 a corre\u00e7\u00e3o ao vivo do Gabarito 2025","og_url":"https:\/\/militares.estrategia.com\/portal\/noticias\/gabarito-cfo-cbmerj-2025-confira-a-correcao-ao-vivo\/","og_site_name":"Estrat\u00e9gia Militares","article_publisher":"https:\/\/www.facebook.com\/EstrategiaMilitares","article_published_time":"2025-02-21T16:56:22+00:00","article_modified_time":"2025-02-26T14:41:31+00:00","og_image":[{"width":750,"height":420,"url":"https:\/\/militares.estrategia.com\/portal\/wp-content\/uploads\/2024\/04\/EM_CapaBlog_CFO-CBMERJ-03.jpg","type":"image\/jpeg"}],"author":"Pedro Alcantara","twitter_card":"summary_large_image","twitter_creator":"@estrategiamilit","twitter_site":"@estrategiamilit","twitter_misc":{"Escrito por":"Pedro Alcantara","Est. tempo de leitura":"4 minutos"},"schema":{"@context":"https:\/\/schema.org","@graph":[{"@type":"Article","@id":"https:\/\/militares.estrategia.com\/portal\/noticias\/gabarito-cfo-cbmerj-2025-confira-a-correcao-ao-vivo\/#article","isPartOf":{"@id":"https:\/\/militares.estrategia.com\/portal\/noticias\/gabarito-cfo-cbmerj-2025-confira-a-correcao-ao-vivo\/"},"author":{"name":"Pedro Alcantara","@id":"https:\/\/militares.estrategia.com\/portal\/#\/schema\/person\/d52a8bb9d3a4693ffcfbe862dc250f79"},"headline":"Gabarito CFO-CBMERJ 2025: confira o gabarito final a corre\u00e7\u00e3o ao vivo!","datePublished":"2025-02-21T16:56:22+00:00","dateModified":"2025-02-26T14:41:31+00:00","mainEntityOfPage":{"@id":"https:\/\/militares.estrategia.com\/portal\/noticias\/gabarito-cfo-cbmerj-2025-confira-a-correcao-ao-vivo\/"},"wordCount":735,"publisher":{"@id":"https:\/\/militares.estrategia.com\/portal\/#organization"},"image":{"@id":"https:\/\/militares.estrategia.com\/portal\/noticias\/gabarito-cfo-cbmerj-2025-confira-a-correcao-ao-vivo\/#primaryimage"},"thumbnailUrl":"https:\/\/militares.estrategia.com\/portal\/wp-content\/uploads\/2024\/04\/EM_CapaBlog_CFO-CBMERJ-03.jpg","articleSection":["Not\u00edcias"],"inLanguage":"pt-BR"},{"@type":"WebPage","@id":"https:\/\/militares.estrategia.com\/portal\/noticias\/gabarito-cfo-cbmerj-2025-confira-a-correcao-ao-vivo\/","url":"https:\/\/militares.estrategia.com\/portal\/noticias\/gabarito-cfo-cbmerj-2025-confira-a-correcao-ao-vivo\/","name":"Gabarito CFO-CBMERJ 2025: confira o gabarito final a corre\u00e7\u00e3o ao vivo!","isPartOf":{"@id":"https:\/\/militares.estrategia.com\/portal\/#website"},"primaryImageOfPage":{"@id":"https:\/\/militares.estrategia.com\/portal\/noticias\/gabarito-cfo-cbmerj-2025-confira-a-correcao-ao-vivo\/#primaryimage"},"image":{"@id":"https:\/\/militares.estrategia.com\/portal\/noticias\/gabarito-cfo-cbmerj-2025-confira-a-correcao-ao-vivo\/#primaryimage"},"thumbnailUrl":"https:\/\/militares.estrategia.com\/portal\/wp-content\/uploads\/2024\/04\/EM_CapaBlog_CFO-CBMERJ-03.jpg","datePublished":"2025-02-21T16:56:22+00:00","dateModified":"2025-02-26T14:41:31+00:00","description":"A prova objetiva do Concurso CFO-CBMERJ 2025 acontece s\u00e1bado, dia 22\/02. O Estrat\u00e9gia Militares far\u00e1 a corre\u00e7\u00e3o ao vivo do Gabarito 2025","breadcrumb":{"@id":"https:\/\/militares.estrategia.com\/portal\/noticias\/gabarito-cfo-cbmerj-2025-confira-a-correcao-ao-vivo\/#breadcrumb"},"inLanguage":"pt-BR","potentialAction":[{"@type":"ReadAction","target":["https:\/\/militares.estrategia.com\/portal\/noticias\/gabarito-cfo-cbmerj-2025-confira-a-correcao-ao-vivo\/"]}]},{"@type":"ImageObject","inLanguage":"pt-BR","@id":"https:\/\/militares.estrategia.com\/portal\/noticias\/gabarito-cfo-cbmerj-2025-confira-a-correcao-ao-vivo\/#primaryimage","url":"https:\/\/militares.estrategia.com\/portal\/wp-content\/uploads\/2024\/04\/EM_CapaBlog_CFO-CBMERJ-03.jpg","contentUrl":"https:\/\/militares.estrategia.com\/portal\/wp-content\/uploads\/2024\/04\/EM_CapaBlog_CFO-CBMERJ-03.jpg","width":750,"height":420},{"@type":"BreadcrumbList","@id":"https:\/\/militares.estrategia.com\/portal\/noticias\/gabarito-cfo-cbmerj-2025-confira-a-correcao-ao-vivo\/#breadcrumb","itemListElement":[{"@type":"ListItem","position":1,"name":"Home","item":"https:\/\/militares.estrategia.com\/portal\/"},{"@type":"ListItem","position":2,"name":"Not\u00edcias","item":"https:\/\/militares.estrategia.com\/portal\/noticias\/"},{"@type":"ListItem","position":3,"name":"Gabarito CFO-CBMERJ 2025: confira o gabarito final a corre\u00e7\u00e3o ao vivo!"}]},{"@type":"WebSite","@id":"https:\/\/militares.estrategia.com\/portal\/#website","url":"https:\/\/militares.estrategia.com\/portal\/","name":"Estrat\u00e9gia Militares","description":"","publisher":{"@id":"https:\/\/militares.estrategia.com\/portal\/#organization"},"potentialAction":[{"@type":"SearchAction","target":{"@type":"EntryPoint","urlTemplate":"https:\/\/militares.estrategia.com\/portal\/?s={search_term_string}"},"query-input":{"@type":"PropertyValueSpecification","valueRequired":true,"valueName":"search_term_string"}}],"inLanguage":"pt-BR"},{"@type":"Organization","@id":"https:\/\/militares.estrategia.com\/portal\/#organization","name":"Estrat\u00e9gia Militares","url":"https:\/\/militares.estrategia.com\/portal\/","logo":{"@type":"ImageObject","inLanguage":"pt-BR","@id":"https:\/\/militares.estrategia.com\/portal\/#\/schema\/logo\/image\/","url":"https:\/\/militares.estrategia.com\/portal\/wp-content\/uploads\/2021\/10\/logo-militares.webp","contentUrl":"https:\/\/militares.estrategia.com\/portal\/wp-content\/uploads\/2021\/10\/logo-militares.webp","width":346,"height":90,"caption":"Estrat\u00e9gia Militares"},"image":{"@id":"https:\/\/militares.estrategia.com\/portal\/#\/schema\/logo\/image\/"},"sameAs":["https:\/\/www.facebook.com\/EstrategiaMilitares","https:\/\/x.com\/estrategiamilit","https:\/\/www.instagram.com\/estrategiamilitares\/","https:\/\/www.youtube.com\/channel\/UCRG_9hakCqXxnj_8TqCdgTA"]},{"@type":"Person","@id":"https:\/\/militares.estrategia.com\/portal\/#\/schema\/person\/d52a8bb9d3a4693ffcfbe862dc250f79","name":"Pedro Alcantara","image":{"@type":"ImageObject","inLanguage":"pt-BR","@id":"https:\/\/militares.estrategia.com\/portal\/#\/schema\/person\/image\/","url":"https:\/\/secure.gravatar.com\/avatar\/2ff815c569bab8558bec32641d54e1af?s=96&d=mm&r=g","contentUrl":"https:\/\/secure.gravatar.com\/avatar\/2ff815c569bab8558bec32641d54e1af?s=96&d=mm&r=g","caption":"Pedro Alcantara"},"url":"https:\/\/militares.estrategia.com\/portal\/author\/pedro\/"}]}},"_wl_alt_label":[],"wl:entity_url":"https:\/\/data.wordlift.io\/wl110246\/post\/gabarito-cfo-cbmerj-2024-confira-a-correcao-ao-vivo-o-gabarito-oficial-e-os-recursos-83088","_links":{"self":[{"href":"https:\/\/militares.estrategia.com\/portal\/wp-json\/wp\/v2\/posts\/83088","targetHints":{"allow":["GET"]}}],"collection":[{"href":"https:\/\/militares.estrategia.com\/portal\/wp-json\/wp\/v2\/posts"}],"about":[{"href":"https:\/\/militares.estrategia.com\/portal\/wp-json\/wp\/v2\/types\/post"}],"author":[{"embeddable":true,"href":"https:\/\/militares.estrategia.com\/portal\/wp-json\/wp\/v2\/users\/18"}],"replies":[{"embeddable":true,"href":"https:\/\/militares.estrategia.com\/portal\/wp-json\/wp\/v2\/comments?post=83088"}],"version-history":[{"count":24,"href":"https:\/\/militares.estrategia.com\/portal\/wp-json\/wp\/v2\/posts\/83088\/revisions"}],"predecessor-version":[{"id":83454,"href":"https:\/\/militares.estrategia.com\/portal\/wp-json\/wp\/v2\/posts\/83088\/revisions\/83454"}],"wp:featuredmedia":[{"embeddable":true,"href":"https:\/\/militares.estrategia.com\/portal\/wp-json\/wp\/v2\/media\/74362"}],"wp:attachment":[{"href":"https:\/\/militares.estrategia.com\/portal\/wp-json\/wp\/v2\/media?parent=83088"}],"wp:term":[{"taxonomy":"category","embeddable":true,"href":"https:\/\/militares.estrategia.com\/portal\/wp-json\/wp\/v2\/categories?post=83088"},{"taxonomy":"post_tag","embeddable":true,"href":"https:\/\/militares.estrategia.com\/portal\/wp-json\/wp\/v2\/tags?post=83088"},{"taxonomy":"wl_entity_type","embeddable":true,"href":"https:\/\/militares.estrategia.com\/portal\/wp-json\/wp\/v2\/wl_entity_type?post=83088"}],"curies":[{"name":"wp","href":"https:\/\/api.w.org\/{rel}","templated":true}]}}