{"id":82915,"date":"2025-02-13T17:14:36","date_gmt":"2025-02-13T20:14:36","guid":{"rendered":"https:\/\/militares.estrategia.com\/portal\/?p=82915"},"modified":"2025-02-13T17:20:15","modified_gmt":"2025-02-13T20:20:15","slug":"afa-2024-2025-novos-alunos-passam-pelo-periodo-de-adaptacao","status":"publish","type":"post","link":"https:\/\/militares.estrategia.com\/portal\/escolas-militares\/fab\/afa\/afa-2024-2025-novos-alunos-passam-pelo-periodo-de-adaptacao\/","title":{"rendered":"AFA 2024\/2025: novos alunos passam pelo Per\u00edodo de Adapta\u00e7\u00e3o!"},"content":{"rendered":"\n<p>A For\u00e7a A\u00e9rea Brasileira recebeu mais integrantes recentemente. Eles s\u00e3o os alunos da nova turma do curso da Academia da For\u00e7a A\u00e9rea (AFA), que est\u00e3o passando pelo Per\u00edodo de Adapta\u00e7\u00e3o. Confira todas as informa\u00e7\u00f5es sobre essa nova fase na vida dos alunos! <\/p>\n\n\n<div id=\"new-form\">\n\t<form id=\"forms_layout\">\n\t<input type=\"hidden\" id=\"chave_de\" name=\"chave_de\" value=\"01_EMIL_LEADS_TOTAIS\" \/>\n\t\t<input type=\"hidden\" id=\"mid\" name=\"mid\" value=\"515009017\" \/>\n\t\t<input type=\"hidden\" id=\"Objetivo\" name=\"Objetivo\" value=\"Militares\" \/>\n\t\t<input type=\"hidden\" id=\"Estado_de_Origem_do_IP\" name=\"Estado_de_Origem_do_IP\"  value=\"\" \/>\n\t\t<input type=\"hidden\" id=\"Cidade_de_Origem_do_IP\" name=\"Cidade_de_Origem_do_IP\" value=\"\" \/>\n\t\t<input type=\"hidden\" id=\"Modo_de_entrada\" name=\"Modo_de_entrada\" value=\"Portal\" \/>\n\t\t<input type=\"hidden\" id=\"Pagina_Origem\" name=\"Pagina_Origem\" value=\"\" \/>\n\n\t\t<div class=\"texto\">\n\t\t\t<h3 class=\"news\">Inscreva-se em nossa newsletter!<\/h3>\n\t\t\t<p>Receba not\u00edcias sobre os mais importantes concursos para as For\u00e7as Armadas brasileiras e informa\u00e7\u00f5es sobre o mundo militar!<\/p>\n\t\t<\/div>\n\t\t<div class=\"campos\">\n\t\t\t<div class=\"first_name labels\">\n\t\t\t\t<input type=\"text\" class=\"input_labels\" id=\"first_name\" name=\"Nome_Completo\" placeholder=\"Nome\" required \/>\n\t\t\t<\/div>\n\t\t\t<div class=\"email labels\">\n\t\t\t\t<input type=\"email\" class=\"input_labels\" id=\"email\" name=\"Email\" placeholder=\"E-mail\" required \/>\n\t\t\t<\/div>\n\t\t\t<button type=\"submit\" class=\"button_layout\">\n\t\t\t\t<div id=\"lblBotao\">Inscreva-se<\/div>\n\t\t\t\t<span id=\"divSpiner\" class=\"loader\" role=\"status\" style=\"display: none;\"><\/span>\t\n\t\t\t<\/button>\n\t\t<\/div><!-- \/campos -->\n\t\t\n\t\t<label class=\"container_checkbox\">Voc\u00ea concorda com a nossa\n\t\t\t<a class=\"politics_privacy_ahref\" target=\"_blank\" href=\"https:\/\/gratis.estrategiaconcursos.com.br\/politica-de-privacidade\/\">Pol\u00edtica de Privacidade<\/a> e aceita receber informa\u00e7\u00f5es adicionais do Estrat\u00e9gia Educacional.\n\t\t\t<input id=\"checkbox_layout\" type=\"checkbox\" checked=\"checked\" required \/>\n\t\t\t<span class=\"checkbox\"><\/span>\n\t\t<\/label>\n\t\t<div id=\"msg\"><\/div>\n\t\t<div id=\"error\" class=\"error\">\n\t\t<\/div>\n\t<\/form>\n<\/div><!-- \/new-form -->\n\n\n\n<p>Os 30 candidatos vindos do meio civil e os 112 ex-alunos da EPCAR, antes de ingressarem definitivamente na rotina de treinamentos e estudos da AFA, passaram pelo Est\u00e1gio de Adapta\u00e7\u00e3o Militar (EAM). Este \u00e9 um per\u00edodo de aprendizado intenso e de transi\u00e7\u00e3o para a vida militar. <\/p>\n\n\n\n<p>Durante essa fase inicial, os novos alunos da AFA s\u00e3o considerados estagi\u00e1rios. Eles passam por instru\u00e7\u00f5es fundamentais para sua forma\u00e7\u00e3o, como ordem unida, treinamento f\u00edsico, regulamentos militares e no\u00e7\u00f5es b\u00e1sicas de sobreviv\u00eancia militar. O objetivo \u00e9 garantir que todos adquiram a resili\u00eancia, a postura, o esp\u00edrito de corpo e a mentalidade exigidos em um futuro Oficial da FAB.<\/p>\n\n\n\n<div id=\"ez-toc-container\" class=\"ez-toc-v2_0_79_2 counter-hierarchy ez-toc-counter ez-toc-transparent ez-toc-container-direction\">\n<div class=\"ez-toc-title-container\"><p class=\"ez-toc-title\" style=\"cursor:inherit\">Navegue pelo conte\u00fado\t<\/p>\n<\/div><nav><ul class='ez-toc-list ez-toc-list-level-1 ' ><li class='ez-toc-page-1 ez-toc-heading-level-2'><a class=\"ez-toc-link ez-toc-heading-1\" href=\"https:\/\/militares.estrategia.com\/portal\/escolas-militares\/fab\/afa\/afa-2024-2025-novos-alunos-passam-pelo-periodo-de-adaptacao\/#Espirito-de-corpo-valor-fundamental\" >Esp\u00edrito de corpo: valor fundamental<\/a><\/li><li class='ez-toc-page-1 ez-toc-heading-level-2'><a class=\"ez-toc-link ez-toc-heading-2\" href=\"https:\/\/militares.estrategia.com\/portal\/escolas-militares\/fab\/afa\/afa-2024-2025-novos-alunos-passam-pelo-periodo-de-adaptacao\/#Importancia-do-EAM\" >Import\u00e2ncia do EAM<\/a><\/li><li class='ez-toc-page-1 ez-toc-heading-level-2'><a class=\"ez-toc-link ez-toc-heading-3\" href=\"https:\/\/militares.estrategia.com\/portal\/escolas-militares\/fab\/afa\/afa-2024-2025-novos-alunos-passam-pelo-periodo-de-adaptacao\/#Fonte\" >Fonte<\/a><\/li><\/ul><\/nav><\/div>\n<h2 class=\"wp-block-heading\" id=\"h-espirito-de-corpo-valor-fundamental\"><span class=\"ez-toc-section\" id=\"Espirito-de-corpo-valor-fundamental\"><\/span>Esp\u00edrito de corpo: valor fundamental<span class=\"ez-toc-section-end\"><\/span><\/h2>\n\n\n\n<p>Um dos principais objetivos do EAM \u00e9 o fortalecimento do esp\u00edrito de corpo. Este \u00e9 um valor essencial para os que ser\u00e3o futuros l\u00edderes da FAB nas \u00e1reas de Infantaria, Intend\u00eancia e Avia\u00e7\u00e3o.<\/p>\n\n\n\n<p>Durante o treinamento, os futuros Cadetes aprenderam a import\u00e2ncia da coopera\u00e7\u00e3o, do trabalho em equipe e da supera\u00e7\u00e3o de desafios em conjunto. Esse v\u00ednculo entre os integrantes da turma ser\u00e1 fundamental para os quatro anos de forma\u00e7\u00e3o que se seguir\u00e3o.<\/p>\n\n\n\n<p>Como a composi\u00e7\u00e3o da turma \u00e9 heterog\u00eanea, o per\u00edodo da EAM \u00e9 ainda mais importante. Isso porque \u00e9 necess\u00e1rio nivelar os conhecimentos militares entre todos os estagi\u00e1rios, para garantir  que todos estejam prontos para seguir juntos, enfrentando todos os desafios da carreira.<\/p>\n\n\n<div class=\"wp-block-image\">\n<figure class=\"aligncenter size-full\"><img decoding=\"async\" width=\"600\" height=\"400\" src=\"https:\/\/militares.estrategia.com\/portal\/wp-content\/uploads\/2025\/02\/i252414195001214.jpg\" alt=\"\" class=\"wp-image-82926\"\/><\/figure><\/div>\n\n\n<h2 class=\"wp-block-heading\" id=\"h-importancia-do-eam\"><span class=\"ez-toc-section\" id=\"Importancia-do-EAM\"><\/span>Import\u00e2ncia do EAM<span class=\"ez-toc-section-end\"><\/span><\/h2>\n\n\n\n<p>No Per\u00edodo de Adapta\u00e7\u00e3o, os alunos aprenderam a import\u00e2ncia do EAM com os militares mais antigos e mais experientes. <\/p>\n\n\n\n<p>O Comandante do Corpo de Cadetes da AFA, Coronel Aviador Jos\u00e9 de Almeida Pimentel Neto, destacou a import\u00e2ncia do Per\u00edodo de Adapta\u00e7\u00e3o. \u201cEsse est\u00e1gio \u00e9 essencial para que os novos Cadetes compreendam os valores e a cultura da vida militar.\u201d, explicou.<\/p>\n\n\n\n<p>O Brigadeiro do Ar Eric Breviglieri, Comandante da AFA, lembrou o compromisso da institui\u00e7\u00e3o em formar Oficiais capacitados. <\/p>\n\n\n\n<blockquote class=\"wp-block-quote is-layout-flow wp-block-quote-is-layout-flow\">\n<p><\/p>\n\n\n\n<p>\u201cA Academia tem a miss\u00e3o de preparar os futuros l\u00edderes da nossa For\u00e7a A\u00e9rea, uma For\u00e7a moderna, mas com valores enraizados e definidos. A adapta\u00e7\u00e3o militar \u00e9 o primeiro passo dessa jornada e, a partir daqui, cada Cadete seguir\u00e1 um caminho de aprendizado, dedica\u00e7\u00e3o e comprometimento com a defesa do pa\u00eds. Por isso, \u00e9 importante que passem por esse processo de adapta\u00e7\u00e3o \u00e0 vida militar juntos\u201d, relatou.<\/p>\n<\/blockquote>\n\n\n\n<p>O EAM encerra-se com a entrega dos Espadins de Cadete, ap\u00f3s cerca de seis meses de ingresso na AFA. Este \u00e9 um momento cheio de supera\u00e7\u00e3o e simbolismo. Depois dessa cerim\u00f4nia, os estagi\u00e1rios tornam-se oficialmente Cadetes da AFA, o que marca o come\u00e7o de uma trajet\u00f3ria de grandes desafios e responsabilidades FAB.<\/p>\n\n\n\n<p>Se voc\u00ea sonha em ingressar na Academia da For\u00e7a A\u00e9rea, conhe\u00e7a os cursos do Estrat\u00e9gia Militares! Nosso material pedag\u00f3gico \u00e9 totalmente voltado para o que cai no concurso. Clique no banner para saber mais!<\/p>\n\n\n\n<a id=\"cta\" class=\"cta-imagem\" href=\"https:\/\/militares.estrategia.com\/curso\/pacote-extensivo-para-afa-2024\/\" target=\"blank\">\n                <img decoding=\"async\" width=\"100%\" src=\"https:\/\/militares.estrategia.com\/portal\/wp-content\/uploads\/2023\/06\/CTA-AFA.jpg\" alt=\"CTA AFA\" title=\"CTA AFA\">\n        <\/a>\n\n\n\n<h2 class=\"wp-block-heading\" id=\"h-fonte\"><span class=\"ez-toc-section\" id=\"Fonte\"><\/span>Fonte<span class=\"ez-toc-section-end\"><\/span><\/h2>\n\n\n\n<p><a href=\"https:\/\/www.fab.mil.br\/noticias\/\" target=\"_blank\" >For\u00e7a A\u00e9rea Brasileira<\/a><\/p>\n","protected":false},"excerpt":{"rendered":"A For\u00e7a A\u00e9rea Brasileira recebeu mais integrantes recentemente. Eles s\u00e3o os alunos da nova turma do curso da&hellip;\n","protected":false},"author":58,"featured_media":82916,"comment_status":"closed","ping_status":"closed","sticky":false,"template":"","format":"standard","meta":{"wl_entities_gutenberg":"","footnotes":""},"categories":[233],"tags":[313,33,162,161,271],"wl_entity_type":[187],"class_list":{"0":"post-82915","1":"post","2":"type-post","3":"status-publish","4":"format-standard","5":"has-post-thumbnail","7":"category-afa","8":"tag-313","9":"tag-afa","10":"tag-carreiramilitar","11":"tag-concursosmilitares","12":"tag-fab","13":"wl_entity_type-article"},"acf":[],"yoast_head":"<!-- This site is optimized with the Yoast SEO Premium plugin v26.6 (Yoast SEO v26.6) - https:\/\/yoast.com\/wordpress\/plugins\/seo\/ -->\n<title>AFA 2024\/2025: novos alunos passam pelo Per\u00edodo de Adapta\u00e7\u00e3o!<\/title>\n<meta name=\"description\" content=\"A For\u00e7a A\u00e9rea Brasileira recebeu os alunos que integrar\u00e3o a nova turma da Academia da For\u00e7a A\u00e9rea. Veja como foi o Per\u00edodo de Adapta\u00e7\u00e3o!\" \/>\n<meta name=\"robots\" content=\"index, follow, max-snippet:-1, max-image-preview:large, max-video-preview:-1\" \/>\n<link rel=\"canonical\" href=\"https:\/\/militares.estrategia.com\/portal\/escolas-militares\/fab\/afa\/afa-2024-2025-novos-alunos-passam-pelo-periodo-de-adaptacao\/\" \/>\n<meta property=\"og:locale\" content=\"pt_BR\" \/>\n<meta property=\"og:type\" content=\"article\" \/>\n<meta property=\"og:title\" content=\"AFA 2024\/2025: novos alunos passam pelo Per\u00edodo de Adapta\u00e7\u00e3o!\" \/>\n<meta property=\"og:description\" content=\"A For\u00e7a A\u00e9rea Brasileira recebeu os alunos que integrar\u00e3o a nova turma da Academia da For\u00e7a A\u00e9rea. Veja como foi o Per\u00edodo de Adapta\u00e7\u00e3o!\" \/>\n<meta property=\"og:url\" content=\"https:\/\/militares.estrategia.com\/portal\/escolas-militares\/fab\/afa\/afa-2024-2025-novos-alunos-passam-pelo-periodo-de-adaptacao\/\" \/>\n<meta property=\"og:site_name\" content=\"Estrat\u00e9gia Militares\" \/>\n<meta property=\"article:publisher\" content=\"https:\/\/www.facebook.com\/EstrategiaMilitares\" \/>\n<meta property=\"article:published_time\" content=\"2025-02-13T20:14:36+00:00\" \/>\n<meta property=\"article:modified_time\" content=\"2025-02-13T20:20:15+00:00\" \/>\n<meta property=\"og:image\" content=\"https:\/\/militares.estrategia.com\/portal\/wp-content\/uploads\/2025\/02\/i252514583008320.jpg\" \/>\n\t<meta property=\"og:image:width\" content=\"600\" \/>\n\t<meta property=\"og:image:height\" content=\"400\" \/>\n\t<meta property=\"og:image:type\" content=\"image\/jpeg\" \/>\n<meta name=\"author\" content=\"Vanesca Soares\" \/>\n<meta name=\"twitter:card\" content=\"summary_large_image\" \/>\n<meta name=\"twitter:creator\" content=\"@estrategiamilit\" \/>\n<meta name=\"twitter:site\" content=\"@estrategiamilit\" \/>\n<meta name=\"twitter:label1\" content=\"Escrito por\" \/>\n\t<meta name=\"twitter:data1\" content=\"Vanesca Soares\" \/>\n\t<meta name=\"twitter:label2\" content=\"Est. tempo de leitura\" \/>\n\t<meta name=\"twitter:data2\" content=\"3 minutos\" \/>\n<script type=\"application\/ld+json\" class=\"yoast-schema-graph\">{\"@context\":\"https:\/\/schema.org\",\"@graph\":[{\"@type\":\"NewsArticle\",\"@id\":\"https:\/\/militares.estrategia.com\/portal\/escolas-militares\/fab\/afa\/afa-2024-2025-novos-alunos-passam-pelo-periodo-de-adaptacao\/#article\",\"isPartOf\":{\"@id\":\"https:\/\/militares.estrategia.com\/portal\/escolas-militares\/fab\/afa\/afa-2024-2025-novos-alunos-passam-pelo-periodo-de-adaptacao\/\"},\"author\":{\"name\":\"Vanesca Soares\",\"@id\":\"https:\/\/militares.estrategia.com\/portal\/#\/schema\/person\/5cfd387108cd0cdefab7eea7a9735dcc\"},\"headline\":\"AFA 2024\/2025: novos alunos passam pelo Per\u00edodo de Adapta\u00e7\u00e3o!\",\"datePublished\":\"2025-02-13T20:14:36+00:00\",\"dateModified\":\"2025-02-13T20:20:15+00:00\",\"mainEntityOfPage\":{\"@id\":\"https:\/\/militares.estrategia.com\/portal\/escolas-militares\/fab\/afa\/afa-2024-2025-novos-alunos-passam-pelo-periodo-de-adaptacao\/\"},\"wordCount\":573,\"publisher\":{\"@id\":\"https:\/\/militares.estrategia.com\/portal\/#organization\"},\"image\":{\"@id\":\"https:\/\/militares.estrategia.com\/portal\/escolas-militares\/fab\/afa\/afa-2024-2025-novos-alunos-passam-pelo-periodo-de-adaptacao\/#primaryimage\"},\"thumbnailUrl\":\"https:\/\/militares.estrategia.com\/portal\/wp-content\/uploads\/2025\/02\/i252514583008320.jpg\",\"keywords\":[\"2024\",\"AFA\",\"carreiramilitar\",\"ConcursosMilitares\",\"FAB\"],\"articleSection\":[\"AFA\"],\"inLanguage\":\"pt-BR\"},{\"@type\":\"WebPage\",\"@id\":\"https:\/\/militares.estrategia.com\/portal\/escolas-militares\/fab\/afa\/afa-2024-2025-novos-alunos-passam-pelo-periodo-de-adaptacao\/\",\"url\":\"https:\/\/militares.estrategia.com\/portal\/escolas-militares\/fab\/afa\/afa-2024-2025-novos-alunos-passam-pelo-periodo-de-adaptacao\/\",\"name\":\"AFA 2024\/2025: novos alunos passam pelo Per\u00edodo de Adapta\u00e7\u00e3o!\",\"isPartOf\":{\"@id\":\"https:\/\/militares.estrategia.com\/portal\/#website\"},\"primaryImageOfPage\":{\"@id\":\"https:\/\/militares.estrategia.com\/portal\/escolas-militares\/fab\/afa\/afa-2024-2025-novos-alunos-passam-pelo-periodo-de-adaptacao\/#primaryimage\"},\"image\":{\"@id\":\"https:\/\/militares.estrategia.com\/portal\/escolas-militares\/fab\/afa\/afa-2024-2025-novos-alunos-passam-pelo-periodo-de-adaptacao\/#primaryimage\"},\"thumbnailUrl\":\"https:\/\/militares.estrategia.com\/portal\/wp-content\/uploads\/2025\/02\/i252514583008320.jpg\",\"datePublished\":\"2025-02-13T20:14:36+00:00\",\"dateModified\":\"2025-02-13T20:20:15+00:00\",\"description\":\"A For\u00e7a A\u00e9rea Brasileira recebeu os alunos que integrar\u00e3o a nova turma da Academia da For\u00e7a A\u00e9rea. Veja como foi o Per\u00edodo de Adapta\u00e7\u00e3o!\",\"breadcrumb\":{\"@id\":\"https:\/\/militares.estrategia.com\/portal\/escolas-militares\/fab\/afa\/afa-2024-2025-novos-alunos-passam-pelo-periodo-de-adaptacao\/#breadcrumb\"},\"inLanguage\":\"pt-BR\",\"potentialAction\":[{\"@type\":\"ReadAction\",\"target\":[\"https:\/\/militares.estrategia.com\/portal\/escolas-militares\/fab\/afa\/afa-2024-2025-novos-alunos-passam-pelo-periodo-de-adaptacao\/\"]}]},{\"@type\":\"ImageObject\",\"inLanguage\":\"pt-BR\",\"@id\":\"https:\/\/militares.estrategia.com\/portal\/escolas-militares\/fab\/afa\/afa-2024-2025-novos-alunos-passam-pelo-periodo-de-adaptacao\/#primaryimage\",\"url\":\"https:\/\/militares.estrategia.com\/portal\/wp-content\/uploads\/2025\/02\/i252514583008320.jpg\",\"contentUrl\":\"https:\/\/militares.estrategia.com\/portal\/wp-content\/uploads\/2025\/02\/i252514583008320.jpg\",\"width\":600,\"height\":400},{\"@type\":\"BreadcrumbList\",\"@id\":\"https:\/\/militares.estrategia.com\/portal\/escolas-militares\/fab\/afa\/afa-2024-2025-novos-alunos-passam-pelo-periodo-de-adaptacao\/#breadcrumb\",\"itemListElement\":[{\"@type\":\"ListItem\",\"position\":1,\"name\":\"Home\",\"item\":\"https:\/\/militares.estrategia.com\/portal\/\"},{\"@type\":\"ListItem\",\"position\":2,\"name\":\"Escolas Militares\",\"item\":\"https:\/\/militares.estrategia.com\/portal\/escolas-militares\/\"},{\"@type\":\"ListItem\",\"position\":3,\"name\":\"For\u00e7a A\u00e9rea\",\"item\":\"https:\/\/militares.estrategia.com\/portal\/escolas-militares\/fab\/\"},{\"@type\":\"ListItem\",\"position\":4,\"name\":\"AFA\",\"item\":\"https:\/\/militares.estrategia.com\/portal\/escolas-militares\/fab\/afa\/\"},{\"@type\":\"ListItem\",\"position\":5,\"name\":\"AFA 2024\/2025: novos alunos passam pelo Per\u00edodo de Adapta\u00e7\u00e3o!\"}]},{\"@type\":\"WebSite\",\"@id\":\"https:\/\/militares.estrategia.com\/portal\/#website\",\"url\":\"https:\/\/militares.estrategia.com\/portal\/\",\"name\":\"Estrat\u00e9gia Militares\",\"description\":\"\",\"publisher\":{\"@id\":\"https:\/\/militares.estrategia.com\/portal\/#organization\"},\"potentialAction\":[{\"@type\":\"SearchAction\",\"target\":{\"@type\":\"EntryPoint\",\"urlTemplate\":\"https:\/\/militares.estrategia.com\/portal\/?s={search_term_string}\"},\"query-input\":{\"@type\":\"PropertyValueSpecification\",\"valueRequired\":true,\"valueName\":\"search_term_string\"}}],\"inLanguage\":\"pt-BR\"},{\"@type\":\"Organization\",\"@id\":\"https:\/\/militares.estrategia.com\/portal\/#organization\",\"name\":\"Estrat\u00e9gia Militares\",\"url\":\"https:\/\/militares.estrategia.com\/portal\/\",\"logo\":{\"@type\":\"ImageObject\",\"inLanguage\":\"pt-BR\",\"@id\":\"https:\/\/militares.estrategia.com\/portal\/#\/schema\/logo\/image\/\",\"url\":\"https:\/\/militares.estrategia.com\/portal\/wp-content\/uploads\/2021\/10\/logo-militares.webp\",\"contentUrl\":\"https:\/\/militares.estrategia.com\/portal\/wp-content\/uploads\/2021\/10\/logo-militares.webp\",\"width\":346,\"height\":90,\"caption\":\"Estrat\u00e9gia Militares\"},\"image\":{\"@id\":\"https:\/\/militares.estrategia.com\/portal\/#\/schema\/logo\/image\/\"},\"sameAs\":[\"https:\/\/www.facebook.com\/EstrategiaMilitares\",\"https:\/\/x.com\/estrategiamilit\",\"https:\/\/www.instagram.com\/estrategiamilitares\/\",\"https:\/\/www.youtube.com\/channel\/UCRG_9hakCqXxnj_8TqCdgTA\"]},{\"@type\":\"Person\",\"@id\":\"https:\/\/militares.estrategia.com\/portal\/#\/schema\/person\/5cfd387108cd0cdefab7eea7a9735dcc\",\"name\":\"Vanesca Soares\",\"image\":{\"@type\":\"ImageObject\",\"inLanguage\":\"pt-BR\",\"@id\":\"https:\/\/militares.estrategia.com\/portal\/#\/schema\/person\/image\/\",\"url\":\"https:\/\/militares.estrategia.com\/portal\/wp-content\/uploads\/2021\/10\/FB_IMG_1634215702135-150x150.webp\",\"contentUrl\":\"https:\/\/militares.estrategia.com\/portal\/wp-content\/uploads\/2021\/10\/FB_IMG_1634215702135-150x150.webp\",\"caption\":\"Vanesca Soares\"},\"description\":\"Vanesca Soares foi Primeiro Tenente da Marinha do Brasil. Jornalista de forma\u00e7\u00e3o, ama todas as artes, principalmente a Literatura e o Cinema. Capaz de ficar em casa lendo um bom livro ao inv\u00e9s de ir para a balada, entende que ler \u00e9 uma grande viagem. Ama filmes hist\u00f3ricos, biografias, drama, thrillers, terror e tudo sobre os anos 1980. Principalmente a m\u00fasica!\",\"url\":\"https:\/\/militares.estrategia.com\/portal\/author\/vanesca-soares\/\"}]}<\/script>\n<!-- \/ Yoast SEO Premium plugin. -->","yoast_head_json":{"title":"AFA 2024\/2025: novos alunos passam pelo Per\u00edodo de Adapta\u00e7\u00e3o!","description":"A For\u00e7a A\u00e9rea Brasileira recebeu os alunos que integrar\u00e3o a nova turma da Academia da For\u00e7a A\u00e9rea. Veja como foi o Per\u00edodo de Adapta\u00e7\u00e3o!","robots":{"index":"index","follow":"follow","max-snippet":"max-snippet:-1","max-image-preview":"max-image-preview:large","max-video-preview":"max-video-preview:-1"},"canonical":"https:\/\/militares.estrategia.com\/portal\/escolas-militares\/fab\/afa\/afa-2024-2025-novos-alunos-passam-pelo-periodo-de-adaptacao\/","og_locale":"pt_BR","og_type":"article","og_title":"AFA 2024\/2025: novos alunos passam pelo Per\u00edodo de Adapta\u00e7\u00e3o!","og_description":"A For\u00e7a A\u00e9rea Brasileira recebeu os alunos que integrar\u00e3o a nova turma da Academia da For\u00e7a A\u00e9rea. Veja como foi o Per\u00edodo de Adapta\u00e7\u00e3o!","og_url":"https:\/\/militares.estrategia.com\/portal\/escolas-militares\/fab\/afa\/afa-2024-2025-novos-alunos-passam-pelo-periodo-de-adaptacao\/","og_site_name":"Estrat\u00e9gia Militares","article_publisher":"https:\/\/www.facebook.com\/EstrategiaMilitares","article_published_time":"2025-02-13T20:14:36+00:00","article_modified_time":"2025-02-13T20:20:15+00:00","og_image":[{"width":600,"height":400,"url":"https:\/\/militares.estrategia.com\/portal\/wp-content\/uploads\/2025\/02\/i252514583008320.jpg","type":"image\/jpeg"}],"author":"Vanesca Soares","twitter_card":"summary_large_image","twitter_creator":"@estrategiamilit","twitter_site":"@estrategiamilit","twitter_misc":{"Escrito por":"Vanesca Soares","Est. tempo de leitura":"3 minutos"},"schema":{"@context":"https:\/\/schema.org","@graph":[{"@type":"NewsArticle","@id":"https:\/\/militares.estrategia.com\/portal\/escolas-militares\/fab\/afa\/afa-2024-2025-novos-alunos-passam-pelo-periodo-de-adaptacao\/#article","isPartOf":{"@id":"https:\/\/militares.estrategia.com\/portal\/escolas-militares\/fab\/afa\/afa-2024-2025-novos-alunos-passam-pelo-periodo-de-adaptacao\/"},"author":{"name":"Vanesca Soares","@id":"https:\/\/militares.estrategia.com\/portal\/#\/schema\/person\/5cfd387108cd0cdefab7eea7a9735dcc"},"headline":"AFA 2024\/2025: novos alunos passam pelo Per\u00edodo de Adapta\u00e7\u00e3o!","datePublished":"2025-02-13T20:14:36+00:00","dateModified":"2025-02-13T20:20:15+00:00","mainEntityOfPage":{"@id":"https:\/\/militares.estrategia.com\/portal\/escolas-militares\/fab\/afa\/afa-2024-2025-novos-alunos-passam-pelo-periodo-de-adaptacao\/"},"wordCount":573,"publisher":{"@id":"https:\/\/militares.estrategia.com\/portal\/#organization"},"image":{"@id":"https:\/\/militares.estrategia.com\/portal\/escolas-militares\/fab\/afa\/afa-2024-2025-novos-alunos-passam-pelo-periodo-de-adaptacao\/#primaryimage"},"thumbnailUrl":"https:\/\/militares.estrategia.com\/portal\/wp-content\/uploads\/2025\/02\/i252514583008320.jpg","keywords":["2024","AFA","carreiramilitar","ConcursosMilitares","FAB"],"articleSection":["AFA"],"inLanguage":"pt-BR"},{"@type":"WebPage","@id":"https:\/\/militares.estrategia.com\/portal\/escolas-militares\/fab\/afa\/afa-2024-2025-novos-alunos-passam-pelo-periodo-de-adaptacao\/","url":"https:\/\/militares.estrategia.com\/portal\/escolas-militares\/fab\/afa\/afa-2024-2025-novos-alunos-passam-pelo-periodo-de-adaptacao\/","name":"AFA 2024\/2025: novos alunos passam pelo Per\u00edodo de Adapta\u00e7\u00e3o!","isPartOf":{"@id":"https:\/\/militares.estrategia.com\/portal\/#website"},"primaryImageOfPage":{"@id":"https:\/\/militares.estrategia.com\/portal\/escolas-militares\/fab\/afa\/afa-2024-2025-novos-alunos-passam-pelo-periodo-de-adaptacao\/#primaryimage"},"image":{"@id":"https:\/\/militares.estrategia.com\/portal\/escolas-militares\/fab\/afa\/afa-2024-2025-novos-alunos-passam-pelo-periodo-de-adaptacao\/#primaryimage"},"thumbnailUrl":"https:\/\/militares.estrategia.com\/portal\/wp-content\/uploads\/2025\/02\/i252514583008320.jpg","datePublished":"2025-02-13T20:14:36+00:00","dateModified":"2025-02-13T20:20:15+00:00","description":"A For\u00e7a A\u00e9rea Brasileira recebeu os alunos que integrar\u00e3o a nova turma da Academia da For\u00e7a A\u00e9rea. Veja como foi o Per\u00edodo de Adapta\u00e7\u00e3o!","breadcrumb":{"@id":"https:\/\/militares.estrategia.com\/portal\/escolas-militares\/fab\/afa\/afa-2024-2025-novos-alunos-passam-pelo-periodo-de-adaptacao\/#breadcrumb"},"inLanguage":"pt-BR","potentialAction":[{"@type":"ReadAction","target":["https:\/\/militares.estrategia.com\/portal\/escolas-militares\/fab\/afa\/afa-2024-2025-novos-alunos-passam-pelo-periodo-de-adaptacao\/"]}]},{"@type":"ImageObject","inLanguage":"pt-BR","@id":"https:\/\/militares.estrategia.com\/portal\/escolas-militares\/fab\/afa\/afa-2024-2025-novos-alunos-passam-pelo-periodo-de-adaptacao\/#primaryimage","url":"https:\/\/militares.estrategia.com\/portal\/wp-content\/uploads\/2025\/02\/i252514583008320.jpg","contentUrl":"https:\/\/militares.estrategia.com\/portal\/wp-content\/uploads\/2025\/02\/i252514583008320.jpg","width":600,"height":400},{"@type":"BreadcrumbList","@id":"https:\/\/militares.estrategia.com\/portal\/escolas-militares\/fab\/afa\/afa-2024-2025-novos-alunos-passam-pelo-periodo-de-adaptacao\/#breadcrumb","itemListElement":[{"@type":"ListItem","position":1,"name":"Home","item":"https:\/\/militares.estrategia.com\/portal\/"},{"@type":"ListItem","position":2,"name":"Escolas Militares","item":"https:\/\/militares.estrategia.com\/portal\/escolas-militares\/"},{"@type":"ListItem","position":3,"name":"For\u00e7a A\u00e9rea","item":"https:\/\/militares.estrategia.com\/portal\/escolas-militares\/fab\/"},{"@type":"ListItem","position":4,"name":"AFA","item":"https:\/\/militares.estrategia.com\/portal\/escolas-militares\/fab\/afa\/"},{"@type":"ListItem","position":5,"name":"AFA 2024\/2025: novos alunos passam pelo Per\u00edodo de Adapta\u00e7\u00e3o!"}]},{"@type":"WebSite","@id":"https:\/\/militares.estrategia.com\/portal\/#website","url":"https:\/\/militares.estrategia.com\/portal\/","name":"Estrat\u00e9gia Militares","description":"","publisher":{"@id":"https:\/\/militares.estrategia.com\/portal\/#organization"},"potentialAction":[{"@type":"SearchAction","target":{"@type":"EntryPoint","urlTemplate":"https:\/\/militares.estrategia.com\/portal\/?s={search_term_string}"},"query-input":{"@type":"PropertyValueSpecification","valueRequired":true,"valueName":"search_term_string"}}],"inLanguage":"pt-BR"},{"@type":"Organization","@id":"https:\/\/militares.estrategia.com\/portal\/#organization","name":"Estrat\u00e9gia Militares","url":"https:\/\/militares.estrategia.com\/portal\/","logo":{"@type":"ImageObject","inLanguage":"pt-BR","@id":"https:\/\/militares.estrategia.com\/portal\/#\/schema\/logo\/image\/","url":"https:\/\/militares.estrategia.com\/portal\/wp-content\/uploads\/2021\/10\/logo-militares.webp","contentUrl":"https:\/\/militares.estrategia.com\/portal\/wp-content\/uploads\/2021\/10\/logo-militares.webp","width":346,"height":90,"caption":"Estrat\u00e9gia Militares"},"image":{"@id":"https:\/\/militares.estrategia.com\/portal\/#\/schema\/logo\/image\/"},"sameAs":["https:\/\/www.facebook.com\/EstrategiaMilitares","https:\/\/x.com\/estrategiamilit","https:\/\/www.instagram.com\/estrategiamilitares\/","https:\/\/www.youtube.com\/channel\/UCRG_9hakCqXxnj_8TqCdgTA"]},{"@type":"Person","@id":"https:\/\/militares.estrategia.com\/portal\/#\/schema\/person\/5cfd387108cd0cdefab7eea7a9735dcc","name":"Vanesca Soares","image":{"@type":"ImageObject","inLanguage":"pt-BR","@id":"https:\/\/militares.estrategia.com\/portal\/#\/schema\/person\/image\/","url":"https:\/\/militares.estrategia.com\/portal\/wp-content\/uploads\/2021\/10\/FB_IMG_1634215702135-150x150.webp","contentUrl":"https:\/\/militares.estrategia.com\/portal\/wp-content\/uploads\/2021\/10\/FB_IMG_1634215702135-150x150.webp","caption":"Vanesca Soares"},"description":"Vanesca Soares foi Primeiro Tenente da Marinha do Brasil. Jornalista de forma\u00e7\u00e3o, ama todas as artes, principalmente a Literatura e o Cinema. Capaz de ficar em casa lendo um bom livro ao inv\u00e9s de ir para a balada, entende que ler \u00e9 uma grande viagem. Ama filmes hist\u00f3ricos, biografias, drama, thrillers, terror e tudo sobre os anos 1980. Principalmente a m\u00fasica!","url":"https:\/\/militares.estrategia.com\/portal\/author\/vanesca-soares\/"}]}},"_wl_alt_label":[],"wl:entity_url":"https:\/\/data.wordlift.io\/wl110246\/post\/afa-2024-2025-novos-alunos-passam-pelo-periodo-de-adaptacao-82915","_links":{"self":[{"href":"https:\/\/militares.estrategia.com\/portal\/wp-json\/wp\/v2\/posts\/82915","targetHints":{"allow":["GET"]}}],"collection":[{"href":"https:\/\/militares.estrategia.com\/portal\/wp-json\/wp\/v2\/posts"}],"about":[{"href":"https:\/\/militares.estrategia.com\/portal\/wp-json\/wp\/v2\/types\/post"}],"author":[{"embeddable":true,"href":"https:\/\/militares.estrategia.com\/portal\/wp-json\/wp\/v2\/users\/58"}],"replies":[{"embeddable":true,"href":"https:\/\/militares.estrategia.com\/portal\/wp-json\/wp\/v2\/comments?post=82915"}],"version-history":[{"count":6,"href":"https:\/\/militares.estrategia.com\/portal\/wp-json\/wp\/v2\/posts\/82915\/revisions"}],"predecessor-version":[{"id":82929,"href":"https:\/\/militares.estrategia.com\/portal\/wp-json\/wp\/v2\/posts\/82915\/revisions\/82929"}],"wp:featuredmedia":[{"embeddable":true,"href":"https:\/\/militares.estrategia.com\/portal\/wp-json\/wp\/v2\/media\/82916"}],"wp:attachment":[{"href":"https:\/\/militares.estrategia.com\/portal\/wp-json\/wp\/v2\/media?parent=82915"}],"wp:term":[{"taxonomy":"category","embeddable":true,"href":"https:\/\/militares.estrategia.com\/portal\/wp-json\/wp\/v2\/categories?post=82915"},{"taxonomy":"post_tag","embeddable":true,"href":"https:\/\/militares.estrategia.com\/portal\/wp-json\/wp\/v2\/tags?post=82915"},{"taxonomy":"wl_entity_type","embeddable":true,"href":"https:\/\/militares.estrategia.com\/portal\/wp-json\/wp\/v2\/wl_entity_type?post=82915"}],"curies":[{"name":"wp","href":"https:\/\/api.w.org\/{rel}","templated":true}]}}