{"id":82840,"date":"2025-02-21T09:00:00","date_gmt":"2025-02-21T12:00:00","guid":{"rendered":"https:\/\/militares.estrategia.com\/portal\/?p=82840"},"modified":"2026-02-20T19:04:13","modified_gmt":"2026-02-20T22:04:13","slug":"21-de-fevereiro-dia-da-inspecao-em-voo","status":"publish","type":"post","link":"https:\/\/militares.estrategia.com\/portal\/mundo-militar\/datas-comemorativas\/21-de-fevereiro-dia-da-inspecao-em-voo\/","title":{"rendered":"21 de fevereiro: Dia da Inspe\u00e7\u00e3o em Voo"},"content":{"rendered":"\n<p>A cada 21 de fevereiro, a For\u00e7a A\u00e9rea Brasileira (FAB) celebra o Dia da Inspe\u00e7\u00e3o em Voo, uma data que destaca a import\u00e2ncia desse segmento para a seguran\u00e7a da navega\u00e7\u00e3o a\u00e9rea no Brasil.&nbsp;<\/p>\n\n\n\n<p>A atividade de inspe\u00e7\u00e3o em voo \u00e9 essencial para garantir a precis\u00e3o dos aux\u00edlios \u00e0 navega\u00e7\u00e3o, assegurando que aeronaves comerciais, militares e privadas operem dentro dos padr\u00f5es estabelecidos.&nbsp;<\/p>\n\n\n\n<p>Neste artigo, exploramos a hist\u00f3ria dessa avia\u00e7\u00e3o, sua relev\u00e2ncia operacional e as comemora\u00e7\u00f5es desse dia especial. Venha com o Estrat\u00e9gia Militares conhecer mais detalhes sobre a data comemorativa!&nbsp;<\/p>\n\n\n<div id=\"new-form\">\n\t<form id=\"forms_layout\">\n\t<input type=\"hidden\" id=\"chave_de\" name=\"chave_de\" value=\"01_EMIL_LEADS_TOTAIS\" \/>\n\t\t<input type=\"hidden\" id=\"mid\" name=\"mid\" value=\"515009017\" \/>\n\t\t<input type=\"hidden\" id=\"Objetivo\" name=\"Objetivo\" value=\"Militares\" \/>\n\t\t<input type=\"hidden\" id=\"Estado_de_Origem_do_IP\" name=\"Estado_de_Origem_do_IP\"  value=\"\" \/>\n\t\t<input type=\"hidden\" id=\"Cidade_de_Origem_do_IP\" name=\"Cidade_de_Origem_do_IP\" value=\"\" \/>\n\t\t<input type=\"hidden\" id=\"Modo_de_entrada\" name=\"Modo_de_entrada\" value=\"Portal\" \/>\n\t\t<input type=\"hidden\" id=\"Pagina_Origem\" name=\"Pagina_Origem\" value=\"\" \/>\n\n\t\t<div class=\"texto\">\n\t\t\t<h3 class=\"news\">Inscreva-se em nossa newsletter!<\/h3>\n\t\t\t<p>Receba not\u00edcias sobre os mais importantes concursos para as For\u00e7as Armadas brasileiras e informa\u00e7\u00f5es sobre o mundo militar!<\/p>\n\t\t<\/div>\n\t\t<div class=\"campos\">\n\t\t\t<div class=\"first_name labels\">\n\t\t\t\t<input type=\"text\" class=\"input_labels\" id=\"first_name\" name=\"Nome_Completo\" placeholder=\"Nome\" required \/>\n\t\t\t<\/div>\n\t\t\t<div class=\"email labels\">\n\t\t\t\t<input type=\"email\" class=\"input_labels\" id=\"email\" name=\"Email\" placeholder=\"E-mail\" required \/>\n\t\t\t<\/div>\n\t\t\t<button type=\"submit\" class=\"button_layout\">\n\t\t\t\t<div id=\"lblBotao\">Inscreva-se<\/div>\n\t\t\t\t<span id=\"divSpiner\" class=\"loader\" role=\"status\" style=\"display: none;\"><\/span>\t\n\t\t\t<\/button>\n\t\t<\/div><!-- \/campos -->\n\t\t\n\t\t<label class=\"container_checkbox\">Voc\u00ea concorda com a nossa\n\t\t\t<a class=\"politics_privacy_ahref\" target=\"_blank\" href=\"https:\/\/gratis.estrategiaconcursos.com.br\/politica-de-privacidade\/\">Pol\u00edtica de Privacidade<\/a> e aceita receber informa\u00e7\u00f5es adicionais do Estrat\u00e9gia Educacional.\n\t\t\t<input id=\"checkbox_layout\" type=\"checkbox\" checked=\"checked\" required \/>\n\t\t\t<span class=\"checkbox\"><\/span>\n\t\t<\/label>\n\t\t<div id=\"msg\"><\/div>\n\t\t<div id=\"error\" class=\"error\">\n\t\t<\/div>\n\t<\/form>\n<\/div><!-- \/new-form -->\n\n\n\n<div id=\"ez-toc-container\" class=\"ez-toc-v2_0_79_2 counter-hierarchy ez-toc-counter ez-toc-transparent ez-toc-container-direction\">\n<div class=\"ez-toc-title-container\"><p class=\"ez-toc-title\" style=\"cursor:inherit\">Navegue pelo conte\u00fado\t<\/p>\n<\/div><nav><ul class='ez-toc-list ez-toc-list-level-1 ' ><li class='ez-toc-page-1 ez-toc-heading-level-2'><a class=\"ez-toc-link ez-toc-heading-1\" href=\"https:\/\/militares.estrategia.com\/portal\/mundo-militar\/datas-comemorativas\/21-de-fevereiro-dia-da-inspecao-em-voo\/#Historia-da-Inspecao-em-Voo\" >Hist\u00f3ria da Inspe\u00e7\u00e3o em Voo<\/a><\/li><li class='ez-toc-page-1 ez-toc-heading-level-2'><a class=\"ez-toc-link ez-toc-heading-2\" href=\"https:\/\/militares.estrategia.com\/portal\/mundo-militar\/datas-comemorativas\/21-de-fevereiro-dia-da-inspecao-em-voo\/#Importancia-da-Inspecao-em-Voo-para-a-seguranca-aerea\" >Import\u00e2ncia da Inspe\u00e7\u00e3o em Voo para a seguran\u00e7a a\u00e9rea<\/a><\/li><li class='ez-toc-page-1 ez-toc-heading-level-2'><a class=\"ez-toc-link ez-toc-heading-3\" href=\"https:\/\/militares.estrategia.com\/portal\/mundo-militar\/datas-comemorativas\/21-de-fevereiro-dia-da-inspecao-em-voo\/#Comemoracoes-no-Dia-da-Inspecao-em-Voo\" >Comemora\u00e7\u00f5es no Dia da Inspe\u00e7\u00e3o em V\u00f4o<\/a><\/li><\/ul><\/nav><\/div>\n<h2 class=\"wp-block-heading\" id=\"h-historia-da-inspecao-em-voo\"><span class=\"ez-toc-section\" id=\"Historia-da-Inspecao-em-Voo\"><\/span><strong>Hist\u00f3ria da Inspe\u00e7\u00e3o em Voo<\/strong><span class=\"ez-toc-section-end\"><\/span><\/h2>\n\n\n\n<p>A Inspe\u00e7\u00e3o em Voo teve suas origens na necessidade de validar e garantir a precis\u00e3o dos aux\u00edlios \u00e0 navega\u00e7\u00e3o a\u00e9rea, especialmente com o avan\u00e7o da avia\u00e7\u00e3o comercial e militar. No Brasil, essa fun\u00e7\u00e3o \u00e9 desempenhada pelo Grupo Especial de Inspe\u00e7\u00e3o em Voo (GEIV), criado para operar aeronaves especializadas na calibra\u00e7\u00e3o e monitoramento de equipamentos essenciais ao controle do tr\u00e1fego a\u00e9reo.<\/p>\n\n\n\n<p>Ao longo dos anos, a evolu\u00e7\u00e3o tecnol\u00f3gica permitiu a moderniza\u00e7\u00e3o dos sistemas de inspe\u00e7\u00e3o, tornando o processo mais eficiente e seguro. Hoje, aeronaves equipadas com tecnologia de ponta garantem que os aux\u00edlios \u00e0 navega\u00e7\u00e3o estejam sempre dentro das especifica\u00e7\u00f5es internacionais, contribuindo para a seguran\u00e7a operacional dos voos.<\/p>\n\n\n\n<p>O dia 21 de fevereiro de 1959 marca a primeira inspe\u00e7\u00e3o em voo realizada no Brasil com tripula\u00e7\u00e3o e aeronave nacionais.<\/p>\n\n\n\n<figure class=\"wp-block-embed is-type-video is-provider-youtube wp-block-embed-youtube wp-embed-aspect-16-9 wp-has-aspect-ratio\"><div class=\"wp-block-embed__wrapper\">\n<div class=\"cs-embed cs-embed-responsive\"><iframe title=\"65 anos da Primeira Inspe\u00e7\u00e3o em Voo nacional\" width=\"1200\" height=\"675\" src=\"https:\/\/www.youtube.com\/embed\/h9hlzeHn4sw?feature=oembed\" frameborder=\"0\" allow=\"accelerometer; autoplay; clipboard-write; encrypted-media; gyroscope; picture-in-picture; web-share\" referrerpolicy=\"strict-origin-when-cross-origin\" allowfullscreen><\/iframe><\/div>\n<\/div><\/figure>\n\n\n\n<h2 class=\"wp-block-heading\" id=\"h-importancia-da-inspecao-em-voo-para-a-seguranca-aerea\"><span class=\"ez-toc-section\" id=\"Importancia-da-Inspecao-em-Voo-para-a-seguranca-aerea\"><\/span><strong>Import\u00e2ncia da Inspe\u00e7\u00e3o em Voo para a seguran\u00e7a a\u00e9rea<\/strong><span class=\"ez-toc-section-end\"><\/span><\/h2>\n\n\n\n<p>A inspe\u00e7\u00e3o em voo desempenha um papel crucial na seguran\u00e7a do espa\u00e7o a\u00e9reo brasileiro, assegurando que:<\/p>\n\n\n\n<ul class=\"wp-block-list\">\n<li><strong>Os aux\u00edlios-r\u00e1dio estejam operando corretamente<\/strong>, incluindo VOR, ILS e NDB, fundamentais para a navega\u00e7\u00e3o de aeronaves.<\/li>\n\n\n\n<li><strong>Os sistemas de pouso e decolagem sejam calibrados<\/strong>, permitindo que aeronaves pousem e decolem com seguran\u00e7a em qualquer condi\u00e7\u00e3o clim\u00e1tica.<\/li>\n\n\n\n<li><strong>A comunica\u00e7\u00e3o entre pilotos e torres de controle seja eficiente<\/strong>, reduzindo riscos de interfer\u00eancias ou falhas na transmiss\u00e3o de informa\u00e7\u00f5es cruciais.<\/li>\n\n\n\n<li><strong>A infraestrutura aeroportu\u00e1ria esteja em conformidade com padr\u00f5es internacionais<\/strong>, garantindo um alto n\u00edvel de seguran\u00e7a operacional.<\/li>\n<\/ul>\n\n\n\n<p>A atua\u00e7\u00e3o do GEIV \u00e9 essencial para a preven\u00e7\u00e3o de acidentes a\u00e9reos, uma vez que qualquer falha em equipamentos de navega\u00e7\u00e3o pode comprometer a seguran\u00e7a dos voos. Por isso, a inspe\u00e7\u00e3o em voo \u00e9 realizada periodicamente em todo o territ\u00f3rio nacional.<\/p>\n\n\n<div class=\"wp-block-image\">\n<figure class=\"aligncenter size-full\"><img decoding=\"async\" width=\"800\" height=\"544\" src=\"https:\/\/militares.estrategia.com\/portal\/wp-content\/uploads\/2025\/02\/53541075778_837695f6b8_c.jpg\" alt=\"\" class=\"wp-image-82841\" srcset=\"https:\/\/militares.estrategia.com\/portal\/wp-content\/uploads\/2025\/02\/53541075778_837695f6b8_c.jpg 800w, https:\/\/militares.estrategia.com\/portal\/wp-content\/uploads\/2025\/02\/53541075778_837695f6b8_c-768x522.jpg 768w\" sizes=\"(max-width: 800px) 100vw, 800px\" \/><\/figure><\/div>\n\n\n<h2 class=\"wp-block-heading\" id=\"h-comemoracoes-no-dia-da-inspecao-em-voo\"><span class=\"ez-toc-section\" id=\"Comemoracoes-no-Dia-da-Inspecao-em-Voo\"><\/span><strong>Comemora\u00e7\u00f5es no Dia da Inspe\u00e7\u00e3o em V\u00f4o<\/strong><span class=\"ez-toc-section-end\"><\/span><\/h2>\n\n\n\n<p>O Dia da Inspe\u00e7\u00e3o em Voo \u00e9 marcado por eventos e solenidades que homenageiam os profissionais envolvidos nessa fun\u00e7\u00e3o essencial. Entre as principais atividades comemorativas, destacam-se:<\/p>\n\n\n\n<ul class=\"wp-block-list\">\n<li><strong>Cerim\u00f4nias militares<\/strong> para reconhecer o trabalho de pilotos, engenheiros e t\u00e9cnicos que atuam na inspe\u00e7\u00e3o em voo;<\/li>\n\n\n\n<li><strong>Demonstra\u00e7\u00f5es operacionais<\/strong>, permitindo que a sociedade conhe\u00e7a de perto como s\u00e3o realizados os procedimentos de inspe\u00e7\u00e3o;<\/li>\n\n\n\n<li><strong>Palestras e semin\u00e1rios<\/strong> sobre inova\u00e7\u00f5es tecnol\u00f3gicas na calibra\u00e7\u00e3o de aux\u00edlios \u00e0 navega\u00e7\u00e3o; e<\/li>\n\n\n\n<li><strong>Atividades educativas em escolas e universidades<\/strong>, promovendo a conscientiza\u00e7\u00e3o sobre a import\u00e2ncia da inspe\u00e7\u00e3o em voo para a seguran\u00e7a a\u00e9rea.<\/li>\n<\/ul>\n\n\n\n<p>A data tamb\u00e9m \u00e9 uma oportunidade para destacar os avan\u00e7os tecnol\u00f3gicos no setor e refor\u00e7ar a relev\u00e2ncia do trabalho desenvolvido pelo GEIV na manuten\u00e7\u00e3o de um espa\u00e7o a\u00e9reo seguro e eficiente.<\/p>\n\n\n<div class=\"wp-block-image\">\n<figure class=\"aligncenter size-full\"><img decoding=\"async\" width=\"800\" height=\"544\" src=\"https:\/\/militares.estrategia.com\/portal\/wp-content\/uploads\/2025\/02\/49917398132_d493be0820_c.jpg\" alt=\"\" class=\"wp-image-82844\" srcset=\"https:\/\/militares.estrategia.com\/portal\/wp-content\/uploads\/2025\/02\/49917398132_d493be0820_c.jpg 800w, https:\/\/militares.estrategia.com\/portal\/wp-content\/uploads\/2025\/02\/49917398132_d493be0820_c-768x522.jpg 768w\" sizes=\"(max-width: 800px) 100vw, 800px\" \/><\/figure><\/div>\n\n\n<p>O Dia da Inspe\u00e7\u00e3o em Voo \u00e9 uma data de grande import\u00e2ncia para a For\u00e7a A\u00e9rea Brasileira e para a seguran\u00e7a da avia\u00e7\u00e3o no Brasil. A atua\u00e7\u00e3o do GEIV garante que os aux\u00edlios \u00e0 navega\u00e7\u00e3o estejam em conformidade com padr\u00f5es internacionais, assegurando a precis\u00e3o e confiabilidade necess\u00e1rias para a opera\u00e7\u00e3o segura das aeronaves.<\/p>\n\n\n\n<p>Com uma hist\u00f3ria de dedica\u00e7\u00e3o e profissionalismo, os militares e t\u00e9cnicos da inspe\u00e7\u00e3o em voo desempenham um papel vital na avia\u00e7\u00e3o brasileira. Celebrar essa data \u00e9 reconhecer o esfor\u00e7o de todos que trabalham para manter os c\u00e9us do Brasil seguros, garantindo que milhares de passageiros possam voar com tranquilidade.<\/p>\n\n\n\n<p>Se voc\u00ea sonha em fazer parte da For\u00e7a A\u00e9rea Brasileira, o Estrat\u00e9gia Militares pode ser a solu\u00e7\u00e3o! Estude com nosso Banco de Quest\u00f5es e saia na frente da concorr\u00eancia pelas vagas! Clique no banner e saiba mais!&nbsp;<\/p>\n\n\n\n<a id=\"cta\" class=\"cta-imagem\" href=\"https:\/\/militares.estrategia.com\/curso\/banco-de-questes-anual\/\" target=\"blank\">\n                <img decoding=\"async\" width=\"100%\" src=\"https:\/\/militares.estrategia.com\/portal\/wp-content\/uploads\/2023\/02\/EM-Banco-de-Questoes.jpg\" alt=\"EM - Banco de Questo\u0303es\" title=\"EM - Banco de Questo\u0303es\">\n        <\/a>\n","protected":false},"excerpt":{"rendered":"A cada 21 de fevereiro, a For\u00e7a A\u00e9rea Brasileira (FAB) celebra o Dia da Inspe\u00e7\u00e3o em Voo, uma&hellip;\n","protected":false},"author":11,"featured_media":82843,"comment_status":"closed","ping_status":"closed","sticky":false,"template":"","format":"standard","meta":{"wl_entities_gutenberg":"","footnotes":""},"categories":[306],"tags":[162,161,271],"wl_entity_type":[187],"class_list":{"0":"post-82840","1":"post","2":"type-post","3":"status-publish","4":"format-standard","5":"has-post-thumbnail","7":"category-datas-comemorativas","8":"tag-carreiramilitar","9":"tag-concursosmilitares","10":"tag-fab","11":"wl_entity_type-article"},"acf":[],"yoast_head":"<!-- This site is optimized with the Yoast SEO Premium plugin v26.6 (Yoast SEO v26.6) - https:\/\/yoast.com\/wordpress\/plugins\/seo\/ -->\n<title>21 de fevereiro: Dia da Inspe\u00e7\u00e3o em Voo<\/title>\n<meta name=\"description\" content=\"A For\u00e7a A\u00e9rea Brasileira comemora no dia 21 de fevereiro o Dia da Inspe\u00e7\u00e3o em Voo. Saiba mais sobre a data comemorativa!\" \/>\n<meta name=\"robots\" content=\"index, follow, max-snippet:-1, max-image-preview:large, max-video-preview:-1\" \/>\n<link rel=\"canonical\" href=\"https:\/\/militares.estrategia.com\/portal\/mundo-militar\/datas-comemorativas\/21-de-fevereiro-dia-da-inspecao-em-voo\/\" \/>\n<meta property=\"og:locale\" content=\"pt_BR\" \/>\n<meta property=\"og:type\" content=\"article\" \/>\n<meta property=\"og:title\" content=\"21 de fevereiro: Dia da Inspe\u00e7\u00e3o em Voo\" \/>\n<meta property=\"og:description\" content=\"A For\u00e7a A\u00e9rea Brasileira comemora no dia 21 de fevereiro o Dia da Inspe\u00e7\u00e3o em Voo. Saiba mais sobre a data comemorativa!\" \/>\n<meta property=\"og:url\" content=\"https:\/\/militares.estrategia.com\/portal\/mundo-militar\/datas-comemorativas\/21-de-fevereiro-dia-da-inspecao-em-voo\/\" \/>\n<meta property=\"og:site_name\" content=\"Estrat\u00e9gia Militares\" \/>\n<meta property=\"article:publisher\" content=\"https:\/\/www.facebook.com\/EstrategiaMilitares\" \/>\n<meta property=\"article:published_time\" content=\"2025-02-21T12:00:00+00:00\" \/>\n<meta property=\"article:modified_time\" content=\"2026-02-20T22:04:13+00:00\" \/>\n<meta property=\"og:image\" content=\"https:\/\/militares.estrategia.com\/portal\/wp-content\/uploads\/2025\/02\/53540014177_1bf46f5071_c.jpg\" \/>\n\t<meta property=\"og:image:width\" content=\"800\" \/>\n\t<meta property=\"og:image:height\" content=\"549\" \/>\n\t<meta property=\"og:image:type\" content=\"image\/jpeg\" \/>\n<meta name=\"author\" content=\"Estrat\u00e9gia Militares\" \/>\n<meta name=\"twitter:card\" content=\"summary_large_image\" \/>\n<meta name=\"twitter:creator\" content=\"@estrategiamilit\" \/>\n<meta name=\"twitter:site\" content=\"@estrategiamilit\" \/>\n<meta name=\"twitter:label1\" content=\"Escrito por\" \/>\n\t<meta name=\"twitter:data1\" content=\"Estrat\u00e9gia Militares\" \/>\n\t<meta name=\"twitter:label2\" content=\"Est. tempo de leitura\" \/>\n\t<meta name=\"twitter:data2\" content=\"4 minutos\" \/>\n<script type=\"application\/ld+json\" class=\"yoast-schema-graph\">{\"@context\":\"https:\/\/schema.org\",\"@graph\":[{\"@type\":\"Article\",\"@id\":\"https:\/\/militares.estrategia.com\/portal\/mundo-militar\/datas-comemorativas\/21-de-fevereiro-dia-da-inspecao-em-voo\/#article\",\"isPartOf\":{\"@id\":\"https:\/\/militares.estrategia.com\/portal\/mundo-militar\/datas-comemorativas\/21-de-fevereiro-dia-da-inspecao-em-voo\/\"},\"author\":{\"name\":\"Estrat\u00e9gia Militares\",\"@id\":\"https:\/\/militares.estrategia.com\/portal\/#\/schema\/person\/896181038f5542906e5db6f7db222d7c\"},\"headline\":\"21 de fevereiro: Dia da Inspe\u00e7\u00e3o em Voo\",\"datePublished\":\"2025-02-21T12:00:00+00:00\",\"dateModified\":\"2026-02-20T22:04:13+00:00\",\"mainEntityOfPage\":{\"@id\":\"https:\/\/militares.estrategia.com\/portal\/mundo-militar\/datas-comemorativas\/21-de-fevereiro-dia-da-inspecao-em-voo\/\"},\"wordCount\":762,\"publisher\":{\"@id\":\"https:\/\/militares.estrategia.com\/portal\/#organization\"},\"image\":{\"@id\":\"https:\/\/militares.estrategia.com\/portal\/mundo-militar\/datas-comemorativas\/21-de-fevereiro-dia-da-inspecao-em-voo\/#primaryimage\"},\"thumbnailUrl\":\"https:\/\/militares.estrategia.com\/portal\/wp-content\/uploads\/2025\/02\/53540014177_1bf46f5071_c.jpg\",\"keywords\":[\"carreiramilitar\",\"ConcursosMilitares\",\"FAB\"],\"articleSection\":[\"Datas Comemorativas\"],\"inLanguage\":\"pt-BR\"},{\"@type\":\"WebPage\",\"@id\":\"https:\/\/militares.estrategia.com\/portal\/mundo-militar\/datas-comemorativas\/21-de-fevereiro-dia-da-inspecao-em-voo\/\",\"url\":\"https:\/\/militares.estrategia.com\/portal\/mundo-militar\/datas-comemorativas\/21-de-fevereiro-dia-da-inspecao-em-voo\/\",\"name\":\"21 de fevereiro: Dia da Inspe\u00e7\u00e3o em Voo\",\"isPartOf\":{\"@id\":\"https:\/\/militares.estrategia.com\/portal\/#website\"},\"primaryImageOfPage\":{\"@id\":\"https:\/\/militares.estrategia.com\/portal\/mundo-militar\/datas-comemorativas\/21-de-fevereiro-dia-da-inspecao-em-voo\/#primaryimage\"},\"image\":{\"@id\":\"https:\/\/militares.estrategia.com\/portal\/mundo-militar\/datas-comemorativas\/21-de-fevereiro-dia-da-inspecao-em-voo\/#primaryimage\"},\"thumbnailUrl\":\"https:\/\/militares.estrategia.com\/portal\/wp-content\/uploads\/2025\/02\/53540014177_1bf46f5071_c.jpg\",\"datePublished\":\"2025-02-21T12:00:00+00:00\",\"dateModified\":\"2026-02-20T22:04:13+00:00\",\"description\":\"A For\u00e7a A\u00e9rea Brasileira comemora no dia 21 de fevereiro o Dia da Inspe\u00e7\u00e3o em Voo. Saiba mais sobre a data comemorativa!\",\"breadcrumb\":{\"@id\":\"https:\/\/militares.estrategia.com\/portal\/mundo-militar\/datas-comemorativas\/21-de-fevereiro-dia-da-inspecao-em-voo\/#breadcrumb\"},\"inLanguage\":\"pt-BR\",\"potentialAction\":[{\"@type\":\"ReadAction\",\"target\":[\"https:\/\/militares.estrategia.com\/portal\/mundo-militar\/datas-comemorativas\/21-de-fevereiro-dia-da-inspecao-em-voo\/\"]}]},{\"@type\":\"ImageObject\",\"inLanguage\":\"pt-BR\",\"@id\":\"https:\/\/militares.estrategia.com\/portal\/mundo-militar\/datas-comemorativas\/21-de-fevereiro-dia-da-inspecao-em-voo\/#primaryimage\",\"url\":\"https:\/\/militares.estrategia.com\/portal\/wp-content\/uploads\/2025\/02\/53540014177_1bf46f5071_c.jpg\",\"contentUrl\":\"https:\/\/militares.estrategia.com\/portal\/wp-content\/uploads\/2025\/02\/53540014177_1bf46f5071_c.jpg\",\"width\":800,\"height\":549},{\"@type\":\"BreadcrumbList\",\"@id\":\"https:\/\/militares.estrategia.com\/portal\/mundo-militar\/datas-comemorativas\/21-de-fevereiro-dia-da-inspecao-em-voo\/#breadcrumb\",\"itemListElement\":[{\"@type\":\"ListItem\",\"position\":1,\"name\":\"Home\",\"item\":\"https:\/\/militares.estrategia.com\/portal\/\"},{\"@type\":\"ListItem\",\"position\":2,\"name\":\"Mundo Militar\",\"item\":\"https:\/\/militares.estrategia.com\/portal\/mundo-militar\/\"},{\"@type\":\"ListItem\",\"position\":3,\"name\":\"Datas Comemorativas\",\"item\":\"https:\/\/militares.estrategia.com\/portal\/mundo-militar\/datas-comemorativas\/\"},{\"@type\":\"ListItem\",\"position\":4,\"name\":\"21 de fevereiro: Dia da Inspe\u00e7\u00e3o em Voo\"}]},{\"@type\":\"WebSite\",\"@id\":\"https:\/\/militares.estrategia.com\/portal\/#website\",\"url\":\"https:\/\/militares.estrategia.com\/portal\/\",\"name\":\"Estrat\u00e9gia Militares\",\"description\":\"\",\"publisher\":{\"@id\":\"https:\/\/militares.estrategia.com\/portal\/#organization\"},\"potentialAction\":[{\"@type\":\"SearchAction\",\"target\":{\"@type\":\"EntryPoint\",\"urlTemplate\":\"https:\/\/militares.estrategia.com\/portal\/?s={search_term_string}\"},\"query-input\":{\"@type\":\"PropertyValueSpecification\",\"valueRequired\":true,\"valueName\":\"search_term_string\"}}],\"inLanguage\":\"pt-BR\"},{\"@type\":\"Organization\",\"@id\":\"https:\/\/militares.estrategia.com\/portal\/#organization\",\"name\":\"Estrat\u00e9gia Militares\",\"url\":\"https:\/\/militares.estrategia.com\/portal\/\",\"logo\":{\"@type\":\"ImageObject\",\"inLanguage\":\"pt-BR\",\"@id\":\"https:\/\/militares.estrategia.com\/portal\/#\/schema\/logo\/image\/\",\"url\":\"https:\/\/militares.estrategia.com\/portal\/wp-content\/uploads\/2021\/10\/logo-militares.webp\",\"contentUrl\":\"https:\/\/militares.estrategia.com\/portal\/wp-content\/uploads\/2021\/10\/logo-militares.webp\",\"width\":346,\"height\":90,\"caption\":\"Estrat\u00e9gia Militares\"},\"image\":{\"@id\":\"https:\/\/militares.estrategia.com\/portal\/#\/schema\/logo\/image\/\"},\"sameAs\":[\"https:\/\/www.facebook.com\/EstrategiaMilitares\",\"https:\/\/x.com\/estrategiamilit\",\"https:\/\/www.instagram.com\/estrategiamilitares\/\",\"https:\/\/www.youtube.com\/channel\/UCRG_9hakCqXxnj_8TqCdgTA\"]},{\"@type\":\"Person\",\"@id\":\"https:\/\/militares.estrategia.com\/portal\/#\/schema\/person\/896181038f5542906e5db6f7db222d7c\",\"name\":\"Estrat\u00e9gia Militares\",\"image\":{\"@type\":\"ImageObject\",\"inLanguage\":\"pt-BR\",\"@id\":\"https:\/\/militares.estrategia.com\/portal\/#\/schema\/person\/image\/\",\"url\":\"https:\/\/militares.estrategia.com\/portal\/wp-content\/uploads\/2021\/10\/favicon-militares-150x150.webp\",\"contentUrl\":\"https:\/\/militares.estrategia.com\/portal\/wp-content\/uploads\/2021\/10\/favicon-militares-150x150.webp\",\"caption\":\"Estrat\u00e9gia Militares\"},\"url\":\"https:\/\/militares.estrategia.com\/portal\/author\/estrategia-militares\/\"}]}<\/script>\n<!-- \/ Yoast SEO Premium plugin. -->","yoast_head_json":{"title":"21 de fevereiro: Dia da Inspe\u00e7\u00e3o em Voo","description":"A For\u00e7a A\u00e9rea Brasileira comemora no dia 21 de fevereiro o Dia da Inspe\u00e7\u00e3o em Voo. Saiba mais sobre a data comemorativa!","robots":{"index":"index","follow":"follow","max-snippet":"max-snippet:-1","max-image-preview":"max-image-preview:large","max-video-preview":"max-video-preview:-1"},"canonical":"https:\/\/militares.estrategia.com\/portal\/mundo-militar\/datas-comemorativas\/21-de-fevereiro-dia-da-inspecao-em-voo\/","og_locale":"pt_BR","og_type":"article","og_title":"21 de fevereiro: Dia da Inspe\u00e7\u00e3o em Voo","og_description":"A For\u00e7a A\u00e9rea Brasileira comemora no dia 21 de fevereiro o Dia da Inspe\u00e7\u00e3o em Voo. Saiba mais sobre a data comemorativa!","og_url":"https:\/\/militares.estrategia.com\/portal\/mundo-militar\/datas-comemorativas\/21-de-fevereiro-dia-da-inspecao-em-voo\/","og_site_name":"Estrat\u00e9gia Militares","article_publisher":"https:\/\/www.facebook.com\/EstrategiaMilitares","article_published_time":"2025-02-21T12:00:00+00:00","article_modified_time":"2026-02-20T22:04:13+00:00","og_image":[{"width":800,"height":549,"url":"https:\/\/militares.estrategia.com\/portal\/wp-content\/uploads\/2025\/02\/53540014177_1bf46f5071_c.jpg","type":"image\/jpeg"}],"author":"Estrat\u00e9gia Militares","twitter_card":"summary_large_image","twitter_creator":"@estrategiamilit","twitter_site":"@estrategiamilit","twitter_misc":{"Escrito por":"Estrat\u00e9gia Militares","Est. tempo de leitura":"4 minutos"},"schema":{"@context":"https:\/\/schema.org","@graph":[{"@type":"Article","@id":"https:\/\/militares.estrategia.com\/portal\/mundo-militar\/datas-comemorativas\/21-de-fevereiro-dia-da-inspecao-em-voo\/#article","isPartOf":{"@id":"https:\/\/militares.estrategia.com\/portal\/mundo-militar\/datas-comemorativas\/21-de-fevereiro-dia-da-inspecao-em-voo\/"},"author":{"name":"Estrat\u00e9gia Militares","@id":"https:\/\/militares.estrategia.com\/portal\/#\/schema\/person\/896181038f5542906e5db6f7db222d7c"},"headline":"21 de fevereiro: Dia da Inspe\u00e7\u00e3o em Voo","datePublished":"2025-02-21T12:00:00+00:00","dateModified":"2026-02-20T22:04:13+00:00","mainEntityOfPage":{"@id":"https:\/\/militares.estrategia.com\/portal\/mundo-militar\/datas-comemorativas\/21-de-fevereiro-dia-da-inspecao-em-voo\/"},"wordCount":762,"publisher":{"@id":"https:\/\/militares.estrategia.com\/portal\/#organization"},"image":{"@id":"https:\/\/militares.estrategia.com\/portal\/mundo-militar\/datas-comemorativas\/21-de-fevereiro-dia-da-inspecao-em-voo\/#primaryimage"},"thumbnailUrl":"https:\/\/militares.estrategia.com\/portal\/wp-content\/uploads\/2025\/02\/53540014177_1bf46f5071_c.jpg","keywords":["carreiramilitar","ConcursosMilitares","FAB"],"articleSection":["Datas Comemorativas"],"inLanguage":"pt-BR"},{"@type":"WebPage","@id":"https:\/\/militares.estrategia.com\/portal\/mundo-militar\/datas-comemorativas\/21-de-fevereiro-dia-da-inspecao-em-voo\/","url":"https:\/\/militares.estrategia.com\/portal\/mundo-militar\/datas-comemorativas\/21-de-fevereiro-dia-da-inspecao-em-voo\/","name":"21 de fevereiro: Dia da Inspe\u00e7\u00e3o em Voo","isPartOf":{"@id":"https:\/\/militares.estrategia.com\/portal\/#website"},"primaryImageOfPage":{"@id":"https:\/\/militares.estrategia.com\/portal\/mundo-militar\/datas-comemorativas\/21-de-fevereiro-dia-da-inspecao-em-voo\/#primaryimage"},"image":{"@id":"https:\/\/militares.estrategia.com\/portal\/mundo-militar\/datas-comemorativas\/21-de-fevereiro-dia-da-inspecao-em-voo\/#primaryimage"},"thumbnailUrl":"https:\/\/militares.estrategia.com\/portal\/wp-content\/uploads\/2025\/02\/53540014177_1bf46f5071_c.jpg","datePublished":"2025-02-21T12:00:00+00:00","dateModified":"2026-02-20T22:04:13+00:00","description":"A For\u00e7a A\u00e9rea Brasileira comemora no dia 21 de fevereiro o Dia da Inspe\u00e7\u00e3o em Voo. Saiba mais sobre a data comemorativa!","breadcrumb":{"@id":"https:\/\/militares.estrategia.com\/portal\/mundo-militar\/datas-comemorativas\/21-de-fevereiro-dia-da-inspecao-em-voo\/#breadcrumb"},"inLanguage":"pt-BR","potentialAction":[{"@type":"ReadAction","target":["https:\/\/militares.estrategia.com\/portal\/mundo-militar\/datas-comemorativas\/21-de-fevereiro-dia-da-inspecao-em-voo\/"]}]},{"@type":"ImageObject","inLanguage":"pt-BR","@id":"https:\/\/militares.estrategia.com\/portal\/mundo-militar\/datas-comemorativas\/21-de-fevereiro-dia-da-inspecao-em-voo\/#primaryimage","url":"https:\/\/militares.estrategia.com\/portal\/wp-content\/uploads\/2025\/02\/53540014177_1bf46f5071_c.jpg","contentUrl":"https:\/\/militares.estrategia.com\/portal\/wp-content\/uploads\/2025\/02\/53540014177_1bf46f5071_c.jpg","width":800,"height":549},{"@type":"BreadcrumbList","@id":"https:\/\/militares.estrategia.com\/portal\/mundo-militar\/datas-comemorativas\/21-de-fevereiro-dia-da-inspecao-em-voo\/#breadcrumb","itemListElement":[{"@type":"ListItem","position":1,"name":"Home","item":"https:\/\/militares.estrategia.com\/portal\/"},{"@type":"ListItem","position":2,"name":"Mundo Militar","item":"https:\/\/militares.estrategia.com\/portal\/mundo-militar\/"},{"@type":"ListItem","position":3,"name":"Datas Comemorativas","item":"https:\/\/militares.estrategia.com\/portal\/mundo-militar\/datas-comemorativas\/"},{"@type":"ListItem","position":4,"name":"21 de fevereiro: Dia da Inspe\u00e7\u00e3o em Voo"}]},{"@type":"WebSite","@id":"https:\/\/militares.estrategia.com\/portal\/#website","url":"https:\/\/militares.estrategia.com\/portal\/","name":"Estrat\u00e9gia Militares","description":"","publisher":{"@id":"https:\/\/militares.estrategia.com\/portal\/#organization"},"potentialAction":[{"@type":"SearchAction","target":{"@type":"EntryPoint","urlTemplate":"https:\/\/militares.estrategia.com\/portal\/?s={search_term_string}"},"query-input":{"@type":"PropertyValueSpecification","valueRequired":true,"valueName":"search_term_string"}}],"inLanguage":"pt-BR"},{"@type":"Organization","@id":"https:\/\/militares.estrategia.com\/portal\/#organization","name":"Estrat\u00e9gia Militares","url":"https:\/\/militares.estrategia.com\/portal\/","logo":{"@type":"ImageObject","inLanguage":"pt-BR","@id":"https:\/\/militares.estrategia.com\/portal\/#\/schema\/logo\/image\/","url":"https:\/\/militares.estrategia.com\/portal\/wp-content\/uploads\/2021\/10\/logo-militares.webp","contentUrl":"https:\/\/militares.estrategia.com\/portal\/wp-content\/uploads\/2021\/10\/logo-militares.webp","width":346,"height":90,"caption":"Estrat\u00e9gia Militares"},"image":{"@id":"https:\/\/militares.estrategia.com\/portal\/#\/schema\/logo\/image\/"},"sameAs":["https:\/\/www.facebook.com\/EstrategiaMilitares","https:\/\/x.com\/estrategiamilit","https:\/\/www.instagram.com\/estrategiamilitares\/","https:\/\/www.youtube.com\/channel\/UCRG_9hakCqXxnj_8TqCdgTA"]},{"@type":"Person","@id":"https:\/\/militares.estrategia.com\/portal\/#\/schema\/person\/896181038f5542906e5db6f7db222d7c","name":"Estrat\u00e9gia Militares","image":{"@type":"ImageObject","inLanguage":"pt-BR","@id":"https:\/\/militares.estrategia.com\/portal\/#\/schema\/person\/image\/","url":"https:\/\/militares.estrategia.com\/portal\/wp-content\/uploads\/2021\/10\/favicon-militares-150x150.webp","contentUrl":"https:\/\/militares.estrategia.com\/portal\/wp-content\/uploads\/2021\/10\/favicon-militares-150x150.webp","caption":"Estrat\u00e9gia Militares"},"url":"https:\/\/militares.estrategia.com\/portal\/author\/estrategia-militares\/"}]}},"_wl_alt_label":[],"wl:entity_url":"https:\/\/data.wordlift.io\/wl110246\/post\/21-de-fevereiro-dia-da-inspecao-em-voo-82840","_links":{"self":[{"href":"https:\/\/militares.estrategia.com\/portal\/wp-json\/wp\/v2\/posts\/82840","targetHints":{"allow":["GET"]}}],"collection":[{"href":"https:\/\/militares.estrategia.com\/portal\/wp-json\/wp\/v2\/posts"}],"about":[{"href":"https:\/\/militares.estrategia.com\/portal\/wp-json\/wp\/v2\/types\/post"}],"author":[{"embeddable":true,"href":"https:\/\/militares.estrategia.com\/portal\/wp-json\/wp\/v2\/users\/11"}],"replies":[{"embeddable":true,"href":"https:\/\/militares.estrategia.com\/portal\/wp-json\/wp\/v2\/comments?post=82840"}],"version-history":[{"count":3,"href":"https:\/\/militares.estrategia.com\/portal\/wp-json\/wp\/v2\/posts\/82840\/revisions"}],"predecessor-version":[{"id":96027,"href":"https:\/\/militares.estrategia.com\/portal\/wp-json\/wp\/v2\/posts\/82840\/revisions\/96027"}],"wp:featuredmedia":[{"embeddable":true,"href":"https:\/\/militares.estrategia.com\/portal\/wp-json\/wp\/v2\/media\/82843"}],"wp:attachment":[{"href":"https:\/\/militares.estrategia.com\/portal\/wp-json\/wp\/v2\/media?parent=82840"}],"wp:term":[{"taxonomy":"category","embeddable":true,"href":"https:\/\/militares.estrategia.com\/portal\/wp-json\/wp\/v2\/categories?post=82840"},{"taxonomy":"post_tag","embeddable":true,"href":"https:\/\/militares.estrategia.com\/portal\/wp-json\/wp\/v2\/tags?post=82840"},{"taxonomy":"wl_entity_type","embeddable":true,"href":"https:\/\/militares.estrategia.com\/portal\/wp-json\/wp\/v2\/wl_entity_type?post=82840"}],"curies":[{"name":"wp","href":"https:\/\/api.w.org\/{rel}","templated":true}]}}