{"id":82635,"date":"2025-02-05T17:58:09","date_gmt":"2025-02-05T20:58:09","guid":{"rendered":"https:\/\/militares.estrategia.com\/portal\/?p=82635"},"modified":"2025-02-05T17:58:14","modified_gmt":"2025-02-05T20:58:14","slug":"obmep-2025-veja-o-edital","status":"publish","type":"post","link":"https:\/\/militares.estrategia.com\/portal\/noticias\/obmep-2025-veja-o-edital\/","title":{"rendered":"OBMEP 2025: veja o edital!"},"content":{"rendered":"\n<p>A Associa\u00e7\u00e3o Instituto Nacional de Matem\u00e1tica Pura e Aplicada (IMPA) publicou recentemente o edital da 20\u00aa edi\u00e7\u00e3o da Olimp\u00edada Brasileira de Matem\u00e1tica das Escolas P\u00fablicas (OBMEP). Confira todas as informa\u00e7\u00f5es a seguir!\u00a0<\/p>\n\n\n<div id=\"new-form\">\n\t<form id=\"forms_layout\">\n\t<input type=\"hidden\" id=\"chave_de\" name=\"chave_de\" value=\"01_EMIL_LEADS_TOTAIS\" \/>\n\t\t<input type=\"hidden\" id=\"mid\" name=\"mid\" value=\"515009017\" \/>\n\t\t<input type=\"hidden\" id=\"Objetivo\" name=\"Objetivo\" value=\"Militares\" \/>\n\t\t<input type=\"hidden\" id=\"Estado_de_Origem_do_IP\" name=\"Estado_de_Origem_do_IP\"  value=\"\" \/>\n\t\t<input type=\"hidden\" id=\"Cidade_de_Origem_do_IP\" name=\"Cidade_de_Origem_do_IP\" value=\"\" \/>\n\t\t<input type=\"hidden\" id=\"Modo_de_entrada\" name=\"Modo_de_entrada\" value=\"Portal\" \/>\n\t\t<input type=\"hidden\" id=\"Pagina_Origem\" name=\"Pagina_Origem\" value=\"\" \/>\n\n\t\t<div class=\"texto\">\n\t\t\t<h3 class=\"news\">Inscreva-se em nossa newsletter!<\/h3>\n\t\t\t<p>Receba not\u00edcias sobre os mais importantes concursos para as For\u00e7as Armadas brasileiras e informa\u00e7\u00f5es sobre o mundo militar!<\/p>\n\t\t<\/div>\n\t\t<div class=\"campos\">\n\t\t\t<div class=\"first_name labels\">\n\t\t\t\t<input type=\"text\" class=\"input_labels\" id=\"first_name\" name=\"Nome_Completo\" placeholder=\"Nome\" required \/>\n\t\t\t<\/div>\n\t\t\t<div class=\"email labels\">\n\t\t\t\t<input type=\"email\" class=\"input_labels\" id=\"email\" name=\"Email\" placeholder=\"E-mail\" required \/>\n\t\t\t<\/div>\n\t\t\t<button type=\"submit\" class=\"button_layout\">\n\t\t\t\t<div id=\"lblBotao\">Inscreva-se<\/div>\n\t\t\t\t<span id=\"divSpiner\" class=\"loader\" role=\"status\" style=\"display: none;\"><\/span>\t\n\t\t\t<\/button>\n\t\t<\/div><!-- \/campos -->\n\t\t\n\t\t<label class=\"container_checkbox\">Voc\u00ea concorda com a nossa\n\t\t\t<a class=\"politics_privacy_ahref\" target=\"_blank\" href=\"https:\/\/gratis.estrategiaconcursos.com.br\/politica-de-privacidade\/\">Pol\u00edtica de Privacidade<\/a> e aceita receber informa\u00e7\u00f5es adicionais do Estrat\u00e9gia Educacional.\n\t\t\t<input id=\"checkbox_layout\" type=\"checkbox\" checked=\"checked\" required \/>\n\t\t\t<span class=\"checkbox\"><\/span>\n\t\t<\/label>\n\t\t<div id=\"msg\"><\/div>\n\t\t<div id=\"error\" class=\"error\">\n\t\t<\/div>\n\t<\/form>\n<\/div><!-- \/new-form -->\n\n\n\n<p>A <a href=\"http:\/\/obmep.org.br\/\" target=\"_blank\" >OBMEP 2025<\/a> tem o objetivo de incentivar o estudo da Matem\u00e1tica entre estudantes brasileiros dos ensinos Fundamental e M\u00e9dio. O evento \u00e9 realizado pelo IMPA, mas conta tamb\u00e9m com o apoio da Sociedade Brasileira de Matem\u00e1tica (SBM) e dos Minist\u00e9rios da Ci\u00eancia, Tecnologia e Inova\u00e7\u00e3o (MCTI) e da Educa\u00e7\u00e3o (MEC).<\/p>\n\n\n\n<div id=\"ez-toc-container\" class=\"ez-toc-v2_0_79_2 counter-hierarchy ez-toc-counter ez-toc-transparent ez-toc-container-direction\">\n<div class=\"ez-toc-title-container\"><p class=\"ez-toc-title\" style=\"cursor:inherit\">Navegue pelo conte\u00fado\t<\/p>\n<\/div><nav><ul class='ez-toc-list ez-toc-list-level-1 ' ><li class='ez-toc-page-1 ez-toc-heading-level-2'><a class=\"ez-toc-link ez-toc-heading-1\" href=\"https:\/\/militares.estrategia.com\/portal\/noticias\/obmep-2025-veja-o-edital\/#Como-se-inscrever\" >Como se inscrever?<\/a><\/li><li class='ez-toc-page-1 ez-toc-heading-level-2'><a class=\"ez-toc-link ez-toc-heading-2\" href=\"https:\/\/militares.estrategia.com\/portal\/noticias\/obmep-2025-veja-o-edital\/#Taxa-de-inscricao\" >Taxa de inscri\u00e7\u00e3o<\/a><\/li><li class='ez-toc-page-1 ez-toc-heading-level-2'><a class=\"ez-toc-link ez-toc-heading-3\" href=\"https:\/\/militares.estrategia.com\/portal\/noticias\/obmep-2025-veja-o-edital\/#Niveis-da-OBMEP\" >N\u00edveis da OBMEP<\/a><\/li><li class='ez-toc-page-1 ez-toc-heading-level-2'><a class=\"ez-toc-link ez-toc-heading-4\" href=\"https:\/\/militares.estrategia.com\/portal\/noticias\/obmep-2025-veja-o-edital\/#Provas-da-OBMEP\" >Provas da OBMEP<\/a><\/li><li class='ez-toc-page-1 ez-toc-heading-level-2'><a class=\"ez-toc-link ez-toc-heading-5\" href=\"https:\/\/militares.estrategia.com\/portal\/noticias\/obmep-2025-veja-o-edital\/#Premiacoes-da-OBMEP\" >Premia\u00e7\u00f5es da OBMEP<\/a><\/li><li class='ez-toc-page-1 ez-toc-heading-level-2'><a class=\"ez-toc-link ez-toc-heading-6\" href=\"https:\/\/militares.estrategia.com\/portal\/noticias\/obmep-2025-veja-o-edital\/#Principais-datas-da-OBMEP-2025\" >Principais datas da OBMEP 2025<\/a><\/li><li class='ez-toc-page-1 ez-toc-heading-level-2'><a class=\"ez-toc-link ez-toc-heading-7\" href=\"https:\/\/militares.estrategia.com\/portal\/noticias\/obmep-2025-veja-o-edital\/#Vantagens-para-premiados-da-OBMEP\" >Vantagens para premiados da OBMEP<\/a><\/li><\/ul><\/nav><\/div>\n<h2 class=\"wp-block-heading\" id=\"h-como-se-inscrever\"><span class=\"ez-toc-section\" id=\"Como-se-inscrever\"><\/span>Como se inscrever?<span class=\"ez-toc-section-end\"><\/span><\/h2>\n\n\n\n<p>Para se inscrever para participar da OBMEP, os candidatos precisam entrar em contato com suas escolas, pois s\u00e3o elas &#8211; sejam municipais, estaduais, federais ou privadas &#8211; que fazem as inscri\u00e7\u00f5es de seus alunos.&nbsp;<\/p>\n\n\n\n<p>No entanto, elas precisam ser registradas no MEC e atender alunos do 6\u00ba ao 9\u00ba ano do Ensino Fundamental e\/ou 1<sup>o<\/sup> ao 3<sup>o<\/sup> ano do Ensino M\u00e9dio. As inscri\u00e7\u00f5es para a OBMEP 2025 j\u00e1 est\u00e3o abertas! Come\u00e7aram em 5 de fevereiro e ir\u00e3o at\u00e9 17 de mar\u00e7o.<\/p>\n\n\n\n<p>Veja o edital da 20\u00aa edi\u00e7\u00e3o da OBMEP clicando no bot\u00e3o abaixo:\u00a0<\/p>\n\n\n\n<div class=\"wp-block-buttons is-content-justification-center is-layout-flex wp-container-core-buttons-is-layout-1 wp-block-buttons-is-layout-flex\">\n<div class=\"wp-block-button is-style-outline is-style-outline--1\"><a class=\"wp-block-button__link has-electric-grass-gradient-background has-background wp-element-button\" href=\"https:\/\/militares.estrategia.com\/portal\/wp-content\/uploads\/2025\/02\/EDITAL-OBMEP-2025-1.pdf\" style=\"border-radius:100px\" target=\"_blank\" >edital obmep 2025<\/a><\/div>\n<\/div>\n\n\n\n<h2 class=\"wp-block-heading\" id=\"h-taxa-de-inscricao\"><span class=\"ez-toc-section\" id=\"Taxa-de-inscricao\"><\/span>Taxa de inscri\u00e7\u00e3o<span class=\"ez-toc-section-end\"><\/span><\/h2>\n\n\n\n<p>Para as escolas p\u00fablicas, a participa\u00e7\u00e3o de seus alunos \u00e9 gratuita. J\u00e1 as escolas particulares precisam pagar uma taxa de inscri\u00e7\u00e3o calculada com base no n\u00famero de alunos inscritos em cada n\u00edvel. O valor m\u00ednimo \u00e9 de R$ 200 por n\u00edvel. O pagamento precisa ser feito at\u00e9 23 de mar\u00e7o.&nbsp;<\/p>\n\n\n\n<p>Veja a tabela com a taxa de inscri\u00e7\u00e3o para as escolas particulares:&nbsp;<\/p>\n\n\n\n<figure class=\"wp-block-table is-style-stripes\"><table class=\"has-electric-grass-gradient-background has-background has-fixed-layout\"><tbody><tr><td class=\"has-text-align-center\" data-align=\"center\" colspan=\"5\"><strong>TAXA DE INSCRI\u00c7\u00c3O PARA ESCOLAS PRIVADAS POR CADA N\u00cdVEL<\/strong><\/td><\/tr><tr><td class=\"has-text-align-center\" data-align=\"center\">FAIXA<\/td><td class=\"has-text-align-center\" data-align=\"center\">A<\/td><td class=\"has-text-align-center\" data-align=\"center\">B<\/td><td class=\"has-text-align-center\" data-align=\"center\">C<\/td><td class=\"has-text-align-center\" data-align=\"center\">D<\/td><\/tr><tr><td class=\"has-text-align-center\" data-align=\"center\">Quantidade de alunos inscritos por n\u00edvel<\/td><td class=\"has-text-align-center\" data-align=\"center\">1 a 40<\/td><td class=\"has-text-align-center\" data-align=\"center\">41 a 80<\/td><td class=\"has-text-align-center\" data-align=\"center\">81 a 120<\/td><td class=\"has-text-align-center\" data-align=\"center\">maior que 120<\/td><\/tr><tr><td class=\"has-text-align-center\" data-align=\"center\">TAXA<\/td><td class=\"has-text-align-center\" data-align=\"center\">R$ 200,00<\/td><td class=\"has-text-align-center\" data-align=\"center\">R$ 360,00<\/td><td class=\"has-text-align-center\" data-align=\"center\">R$ 540,00<\/td><td class=\"has-text-align-center\" data-align=\"center\">R$ 540,00 + R$ 4,25 por cada aluno inscrito adicionado<\/td><\/tr><\/tbody><\/table><\/figure>\n\n\n\n<h2 class=\"wp-block-heading\" id=\"h-niveis-da-obmep\"><span class=\"ez-toc-section\" id=\"Niveis-da-OBMEP\"><\/span>N\u00edveis da OBMEP<span class=\"ez-toc-section-end\"><\/span><\/h2>\n\n\n\n<p>Os participantes da OBMEP s\u00e3o divididos em tr\u00eas n\u00edveis, conforme seus graus de escolaridade. Isto inclui os alunos da Educa\u00e7\u00e3o de Jovens e Adultos (EJA). Veja como s\u00e3o divididos os n\u00edveis da OBMEP:<\/p>\n\n\n\n<ul class=\"wp-block-list\">\n<li><strong>N\u00edvel 1<\/strong>: 6\u00ba ou 7\u00ba ano do Ensino Fundamental; <\/li>\n\n\n\n<li><strong>N\u00edvel 2<\/strong>: 8\u00ba ou 9\u00ba ano do Ensino Fundamental; e<\/li>\n\n\n\n<li><strong>N\u00edvel 3<\/strong>: Ensino M\u00e9dio.<\/li>\n<\/ul>\n\n\n\n<h2 class=\"wp-block-heading\" id=\"h-provas-da-obmep\"><span class=\"ez-toc-section\" id=\"Provas-da-OBMEP\"><\/span>Provas da OBMEP<span class=\"ez-toc-section-end\"><\/span><\/h2>\n\n\n\n<p>A OBMEP 2025 \u00e9 composta por duas fases:<\/p>\n\n\n\n<ol class=\"wp-block-list\">\n<li><strong>Primeira fase<\/strong>: Prova objetiva de 20 quest\u00f5es de m\u00faltipla escolha, aplicada e corrigida pelas pr\u00f3prias escolas; e<\/li>\n\n\n\n<li><strong>Segunda fase<\/strong>: Prova discursiva com 6 quest\u00f5es, aplicada pelo IMPA em locais definidos previamente.<\/li>\n<\/ol>\n\n\n\n<p>Em 2025, as provas ser\u00e3o realizadas nos dias 03 de junho (Primeira Fase) e 25 de outubro (Segunda Fase).&nbsp;<\/p>\n\n\n\n<h2 class=\"wp-block-heading\" id=\"h-premiacoes-da-obmep\"><span class=\"ez-toc-section\" id=\"Premiacoes-da-OBMEP\"><\/span>Premia\u00e7\u00f5es da OBMEP<span class=\"ez-toc-section-end\"><\/span><\/h2>\n\n\n\n<p>A cada edi\u00e7\u00e3o a OBMEP premia alunos, professores, escolas e secretarias municipais de educa\u00e7\u00e3o com medalhas e men\u00e7\u00f5es honrosas \u00e0queles com os melhores desempenhos do ano. Em 2024, por exemplo, a distribui\u00e7\u00e3o de pr\u00eamios foi a seguinte:<\/p>\n\n\n\n<ul class=\"wp-block-list\">\n<li><strong>Medalhas de ouro<\/strong>: 500 para escolas p\u00fablicas e 150 para privadas<\/li>\n\n\n\n<li><strong>Medalhas de prata<\/strong>: 1.500 para p\u00fablicas e 450 para privadas<\/li>\n\n\n\n<li><strong>Medalhas de bronze<\/strong>: 4.500 para p\u00fablicas e 1.350 para privadas<\/li>\n\n\n\n<li><strong>Men\u00e7\u00f5es honrosas<\/strong>: 45.000 para p\u00fablicas e 6.000 para privadas<\/li>\n<\/ul>\n\n\n\n<h2 class=\"wp-block-heading\" id=\"h-principais-datas-da-obmep-2025\"><span class=\"ez-toc-section\" id=\"Principais-datas-da-OBMEP-2025\"><\/span>Principais datas da OBMEP 2025<span class=\"ez-toc-section-end\"><\/span><\/h2>\n\n\n\n<ul class=\"wp-block-list\">\n<li><strong>Inscri\u00e7\u00f5es<\/strong>: 5 de fevereiro a 17 de mar\u00e7o de 2025;<\/li>\n\n\n\n<li><strong>Pagamento da taxa de inscri\u00e7\u00e3o:<\/strong> at\u00e9 23 de mar\u00e7o de 2025;<\/li>\n\n\n\n<li><strong>Prova da 1\u00aa fase<\/strong>: 3 de junho de 2025;<\/li>\n\n\n\n<li><strong>Divulga\u00e7\u00e3o dos classificados para a 2\u00aa fase<\/strong>: 01 de agosto de 2025;<\/li>\n\n\n\n<li><strong>Prova da 2\u00aa fase<\/strong>: 25 de outubro de 2025; e<\/li>\n\n\n\n<li><strong>Divulga\u00e7\u00e3o dos premiados<\/strong>: 22 de dezembro de 2025.<\/li>\n<\/ul>\n\n\n\n<h2 class=\"wp-block-heading\" id=\"h-vantagens-para-premiados-da-obmep\"><span class=\"ez-toc-section\" id=\"Vantagens-para-premiados-da-OBMEP\"><\/span>Vantagens para premiados da OBMEP<span class=\"ez-toc-section-end\"><\/span><\/h2>\n\n\n\n<p>Os vencedores das edi\u00e7\u00f5es da OBMEP podem concorrer a vagas em universidades p\u00fablicas, como Unicamp, USP, UFMS, UFABC, Unesp e Unifei, utilizando suas premia\u00e7\u00f5es em Olimp\u00edadas Cient\u00edficas.<\/p>\n\n\n\n<p>Ficou interessado em participar da OBMEP? O Estrat\u00e9gia Militares agora tem cursos para ajudar voc\u00ea a conquistar as primeiras coloca\u00e7\u00f5es no evento! Clique no bot\u00e3o abaixo e conhe\u00e7a nossos cursos!&nbsp;<\/p>\n\n\n\n<a id=\"cta\" class=\"cta-imagem\" href=\"https:\/\/militares.estrategia.com\/cursos\/\" target=\"blank\">\n                <img decoding=\"async\" width=\"100%\" src=\"https:\/\/militares.estrategia.com\/portal\/wp-content\/uploads\/2022\/08\/EM-cta-geral.jpeg\" alt=\"CTA - Militares\" title=\"EM-cta-geral\">\n        <\/a>\n","protected":false},"excerpt":{"rendered":"A Associa\u00e7\u00e3o Instituto Nacional de Matem\u00e1tica Pura e Aplicada (IMPA) publicou recentemente o edital da 20\u00aa edi\u00e7\u00e3o da&hellip;\n","protected":false},"author":58,"featured_media":82606,"comment_status":"closed","ping_status":"closed","sticky":false,"template":"","format":"standard","meta":{"wl_entities_gutenberg":"","footnotes":""},"categories":[36],"tags":[64,162,161,167,271],"wl_entity_type":[187],"class_list":{"0":"post-82635","1":"post","2":"type-post","3":"status-publish","4":"format-standard","5":"has-post-thumbnail","7":"category-noticias","8":"tag-marinhadobrasil","9":"tag-carreiramilitar","10":"tag-concursosmilitares","11":"tag-exercito","12":"tag-fab","13":"wl_entity_type-article"},"acf":[],"yoast_head":"<!-- This site is optimized with the Yoast SEO Premium plugin v26.6 (Yoast SEO v26.6) - https:\/\/yoast.com\/wordpress\/plugins\/seo\/ -->\n<title>OBMEP 2025: veja o edital!<\/title>\n<meta name=\"description\" content=\"Saiu o edital da 20\u00aa edi\u00e7\u00e3o da Olimp\u00edada Brasileira de Matem\u00e1tica das Escolas P\u00fablicas (OBMEP). Inscri\u00e7\u00f5es de 05\/02 a 17\/03\/25.\" \/>\n<meta name=\"robots\" content=\"index, follow, max-snippet:-1, max-image-preview:large, max-video-preview:-1\" \/>\n<link rel=\"canonical\" href=\"https:\/\/militares.estrategia.com\/portal\/noticias\/obmep-2025-veja-o-edital\/\" \/>\n<meta property=\"og:locale\" content=\"pt_BR\" \/>\n<meta property=\"og:type\" content=\"article\" \/>\n<meta property=\"og:title\" content=\"OBMEP 2025: veja o edital!\" \/>\n<meta property=\"og:description\" content=\"Saiu o edital da 20\u00aa edi\u00e7\u00e3o da Olimp\u00edada Brasileira de Matem\u00e1tica das Escolas P\u00fablicas (OBMEP). Inscri\u00e7\u00f5es de 05\/02 a 17\/03\/25.\" \/>\n<meta property=\"og:url\" content=\"https:\/\/militares.estrategia.com\/portal\/noticias\/obmep-2025-veja-o-edital\/\" \/>\n<meta property=\"og:site_name\" content=\"Estrat\u00e9gia Militares\" \/>\n<meta property=\"article:publisher\" content=\"https:\/\/www.facebook.com\/EstrategiaMilitares\" \/>\n<meta property=\"article:published_time\" content=\"2025-02-05T20:58:09+00:00\" \/>\n<meta property=\"article:modified_time\" content=\"2025-02-05T20:58:14+00:00\" \/>\n<meta property=\"og:image\" content=\"https:\/\/militares.estrategia.com\/portal\/wp-content\/uploads\/2025\/02\/pexels-black-ice-551383-1314543.jpg\" \/>\n\t<meta property=\"og:image:width\" content=\"1920\" \/>\n\t<meta property=\"og:image:height\" content=\"1280\" \/>\n\t<meta property=\"og:image:type\" content=\"image\/jpeg\" \/>\n<meta name=\"author\" content=\"Vanesca Soares\" \/>\n<meta name=\"twitter:card\" content=\"summary_large_image\" \/>\n<meta name=\"twitter:creator\" content=\"@estrategiamilit\" \/>\n<meta name=\"twitter:site\" content=\"@estrategiamilit\" \/>\n<meta name=\"twitter:label1\" content=\"Escrito por\" \/>\n\t<meta name=\"twitter:data1\" content=\"Vanesca Soares\" \/>\n\t<meta name=\"twitter:label2\" content=\"Est. tempo de leitura\" \/>\n\t<meta name=\"twitter:data2\" content=\"3 minutos\" \/>\n<script type=\"application\/ld+json\" class=\"yoast-schema-graph\">{\"@context\":\"https:\/\/schema.org\",\"@graph\":[{\"@type\":\"NewsArticle\",\"@id\":\"https:\/\/militares.estrategia.com\/portal\/noticias\/obmep-2025-veja-o-edital\/#article\",\"isPartOf\":{\"@id\":\"https:\/\/militares.estrategia.com\/portal\/noticias\/obmep-2025-veja-o-edital\/\"},\"author\":{\"name\":\"Vanesca Soares\",\"@id\":\"https:\/\/militares.estrategia.com\/portal\/#\/schema\/person\/5cfd387108cd0cdefab7eea7a9735dcc\"},\"headline\":\"OBMEP 2025: veja o edital!\",\"datePublished\":\"2025-02-05T20:58:09+00:00\",\"dateModified\":\"2025-02-05T20:58:14+00:00\",\"mainEntityOfPage\":{\"@id\":\"https:\/\/militares.estrategia.com\/portal\/noticias\/obmep-2025-veja-o-edital\/\"},\"wordCount\":649,\"publisher\":{\"@id\":\"https:\/\/militares.estrategia.com\/portal\/#organization\"},\"image\":{\"@id\":\"https:\/\/militares.estrategia.com\/portal\/noticias\/obmep-2025-veja-o-edital\/#primaryimage\"},\"thumbnailUrl\":\"https:\/\/militares.estrategia.com\/portal\/wp-content\/uploads\/2025\/02\/pexels-black-ice-551383-1314543.jpg\",\"keywords\":[\"#marinhadobrasil\",\"carreiramilitar\",\"ConcursosMilitares\",\"Ex\u00e9rcito\",\"FAB\"],\"articleSection\":[\"Not\u00edcias\"],\"inLanguage\":\"pt-BR\"},{\"@type\":\"WebPage\",\"@id\":\"https:\/\/militares.estrategia.com\/portal\/noticias\/obmep-2025-veja-o-edital\/\",\"url\":\"https:\/\/militares.estrategia.com\/portal\/noticias\/obmep-2025-veja-o-edital\/\",\"name\":\"OBMEP 2025: veja o edital!\",\"isPartOf\":{\"@id\":\"https:\/\/militares.estrategia.com\/portal\/#website\"},\"primaryImageOfPage\":{\"@id\":\"https:\/\/militares.estrategia.com\/portal\/noticias\/obmep-2025-veja-o-edital\/#primaryimage\"},\"image\":{\"@id\":\"https:\/\/militares.estrategia.com\/portal\/noticias\/obmep-2025-veja-o-edital\/#primaryimage\"},\"thumbnailUrl\":\"https:\/\/militares.estrategia.com\/portal\/wp-content\/uploads\/2025\/02\/pexels-black-ice-551383-1314543.jpg\",\"datePublished\":\"2025-02-05T20:58:09+00:00\",\"dateModified\":\"2025-02-05T20:58:14+00:00\",\"description\":\"Saiu o edital da 20\u00aa edi\u00e7\u00e3o da Olimp\u00edada Brasileira de Matem\u00e1tica das Escolas P\u00fablicas (OBMEP). Inscri\u00e7\u00f5es de 05\/02 a 17\/03\/25.\",\"breadcrumb\":{\"@id\":\"https:\/\/militares.estrategia.com\/portal\/noticias\/obmep-2025-veja-o-edital\/#breadcrumb\"},\"inLanguage\":\"pt-BR\",\"potentialAction\":[{\"@type\":\"ReadAction\",\"target\":[\"https:\/\/militares.estrategia.com\/portal\/noticias\/obmep-2025-veja-o-edital\/\"]}]},{\"@type\":\"ImageObject\",\"inLanguage\":\"pt-BR\",\"@id\":\"https:\/\/militares.estrategia.com\/portal\/noticias\/obmep-2025-veja-o-edital\/#primaryimage\",\"url\":\"https:\/\/militares.estrategia.com\/portal\/wp-content\/uploads\/2025\/02\/pexels-black-ice-551383-1314543.jpg\",\"contentUrl\":\"https:\/\/militares.estrategia.com\/portal\/wp-content\/uploads\/2025\/02\/pexels-black-ice-551383-1314543.jpg\",\"width\":1920,\"height\":1280},{\"@type\":\"BreadcrumbList\",\"@id\":\"https:\/\/militares.estrategia.com\/portal\/noticias\/obmep-2025-veja-o-edital\/#breadcrumb\",\"itemListElement\":[{\"@type\":\"ListItem\",\"position\":1,\"name\":\"Home\",\"item\":\"https:\/\/militares.estrategia.com\/portal\/\"},{\"@type\":\"ListItem\",\"position\":2,\"name\":\"Not\u00edcias\",\"item\":\"https:\/\/militares.estrategia.com\/portal\/noticias\/\"},{\"@type\":\"ListItem\",\"position\":3,\"name\":\"OBMEP 2025: veja o edital!\"}]},{\"@type\":\"WebSite\",\"@id\":\"https:\/\/militares.estrategia.com\/portal\/#website\",\"url\":\"https:\/\/militares.estrategia.com\/portal\/\",\"name\":\"Estrat\u00e9gia Militares\",\"description\":\"\",\"publisher\":{\"@id\":\"https:\/\/militares.estrategia.com\/portal\/#organization\"},\"potentialAction\":[{\"@type\":\"SearchAction\",\"target\":{\"@type\":\"EntryPoint\",\"urlTemplate\":\"https:\/\/militares.estrategia.com\/portal\/?s={search_term_string}\"},\"query-input\":{\"@type\":\"PropertyValueSpecification\",\"valueRequired\":true,\"valueName\":\"search_term_string\"}}],\"inLanguage\":\"pt-BR\"},{\"@type\":\"Organization\",\"@id\":\"https:\/\/militares.estrategia.com\/portal\/#organization\",\"name\":\"Estrat\u00e9gia Militares\",\"url\":\"https:\/\/militares.estrategia.com\/portal\/\",\"logo\":{\"@type\":\"ImageObject\",\"inLanguage\":\"pt-BR\",\"@id\":\"https:\/\/militares.estrategia.com\/portal\/#\/schema\/logo\/image\/\",\"url\":\"https:\/\/militares.estrategia.com\/portal\/wp-content\/uploads\/2021\/10\/logo-militares.webp\",\"contentUrl\":\"https:\/\/militares.estrategia.com\/portal\/wp-content\/uploads\/2021\/10\/logo-militares.webp\",\"width\":346,\"height\":90,\"caption\":\"Estrat\u00e9gia Militares\"},\"image\":{\"@id\":\"https:\/\/militares.estrategia.com\/portal\/#\/schema\/logo\/image\/\"},\"sameAs\":[\"https:\/\/www.facebook.com\/EstrategiaMilitares\",\"https:\/\/x.com\/estrategiamilit\",\"https:\/\/www.instagram.com\/estrategiamilitares\/\",\"https:\/\/www.youtube.com\/channel\/UCRG_9hakCqXxnj_8TqCdgTA\"]},{\"@type\":\"Person\",\"@id\":\"https:\/\/militares.estrategia.com\/portal\/#\/schema\/person\/5cfd387108cd0cdefab7eea7a9735dcc\",\"name\":\"Vanesca Soares\",\"image\":{\"@type\":\"ImageObject\",\"inLanguage\":\"pt-BR\",\"@id\":\"https:\/\/militares.estrategia.com\/portal\/#\/schema\/person\/image\/\",\"url\":\"https:\/\/militares.estrategia.com\/portal\/wp-content\/uploads\/2021\/10\/FB_IMG_1634215702135-150x150.webp\",\"contentUrl\":\"https:\/\/militares.estrategia.com\/portal\/wp-content\/uploads\/2021\/10\/FB_IMG_1634215702135-150x150.webp\",\"caption\":\"Vanesca Soares\"},\"description\":\"Vanesca Soares foi Primeiro Tenente da Marinha do Brasil. Jornalista de forma\u00e7\u00e3o, ama todas as artes, principalmente a Literatura e o Cinema. Capaz de ficar em casa lendo um bom livro ao inv\u00e9s de ir para a balada, entende que ler \u00e9 uma grande viagem. Ama filmes hist\u00f3ricos, biografias, drama, thrillers, terror e tudo sobre os anos 1980. Principalmente a m\u00fasica!\",\"url\":\"https:\/\/militares.estrategia.com\/portal\/author\/vanesca-soares\/\"}]}<\/script>\n<!-- \/ Yoast SEO Premium plugin. -->","yoast_head_json":{"title":"OBMEP 2025: veja o edital!","description":"Saiu o edital da 20\u00aa edi\u00e7\u00e3o da Olimp\u00edada Brasileira de Matem\u00e1tica das Escolas P\u00fablicas (OBMEP). Inscri\u00e7\u00f5es de 05\/02 a 17\/03\/25.","robots":{"index":"index","follow":"follow","max-snippet":"max-snippet:-1","max-image-preview":"max-image-preview:large","max-video-preview":"max-video-preview:-1"},"canonical":"https:\/\/militares.estrategia.com\/portal\/noticias\/obmep-2025-veja-o-edital\/","og_locale":"pt_BR","og_type":"article","og_title":"OBMEP 2025: veja o edital!","og_description":"Saiu o edital da 20\u00aa edi\u00e7\u00e3o da Olimp\u00edada Brasileira de Matem\u00e1tica das Escolas P\u00fablicas (OBMEP). Inscri\u00e7\u00f5es de 05\/02 a 17\/03\/25.","og_url":"https:\/\/militares.estrategia.com\/portal\/noticias\/obmep-2025-veja-o-edital\/","og_site_name":"Estrat\u00e9gia Militares","article_publisher":"https:\/\/www.facebook.com\/EstrategiaMilitares","article_published_time":"2025-02-05T20:58:09+00:00","article_modified_time":"2025-02-05T20:58:14+00:00","og_image":[{"width":1920,"height":1280,"url":"https:\/\/militares.estrategia.com\/portal\/wp-content\/uploads\/2025\/02\/pexels-black-ice-551383-1314543.jpg","type":"image\/jpeg"}],"author":"Vanesca Soares","twitter_card":"summary_large_image","twitter_creator":"@estrategiamilit","twitter_site":"@estrategiamilit","twitter_misc":{"Escrito por":"Vanesca Soares","Est. tempo de leitura":"3 minutos"},"schema":{"@context":"https:\/\/schema.org","@graph":[{"@type":"NewsArticle","@id":"https:\/\/militares.estrategia.com\/portal\/noticias\/obmep-2025-veja-o-edital\/#article","isPartOf":{"@id":"https:\/\/militares.estrategia.com\/portal\/noticias\/obmep-2025-veja-o-edital\/"},"author":{"name":"Vanesca Soares","@id":"https:\/\/militares.estrategia.com\/portal\/#\/schema\/person\/5cfd387108cd0cdefab7eea7a9735dcc"},"headline":"OBMEP 2025: veja o edital!","datePublished":"2025-02-05T20:58:09+00:00","dateModified":"2025-02-05T20:58:14+00:00","mainEntityOfPage":{"@id":"https:\/\/militares.estrategia.com\/portal\/noticias\/obmep-2025-veja-o-edital\/"},"wordCount":649,"publisher":{"@id":"https:\/\/militares.estrategia.com\/portal\/#organization"},"image":{"@id":"https:\/\/militares.estrategia.com\/portal\/noticias\/obmep-2025-veja-o-edital\/#primaryimage"},"thumbnailUrl":"https:\/\/militares.estrategia.com\/portal\/wp-content\/uploads\/2025\/02\/pexels-black-ice-551383-1314543.jpg","keywords":["#marinhadobrasil","carreiramilitar","ConcursosMilitares","Ex\u00e9rcito","FAB"],"articleSection":["Not\u00edcias"],"inLanguage":"pt-BR"},{"@type":"WebPage","@id":"https:\/\/militares.estrategia.com\/portal\/noticias\/obmep-2025-veja-o-edital\/","url":"https:\/\/militares.estrategia.com\/portal\/noticias\/obmep-2025-veja-o-edital\/","name":"OBMEP 2025: veja o edital!","isPartOf":{"@id":"https:\/\/militares.estrategia.com\/portal\/#website"},"primaryImageOfPage":{"@id":"https:\/\/militares.estrategia.com\/portal\/noticias\/obmep-2025-veja-o-edital\/#primaryimage"},"image":{"@id":"https:\/\/militares.estrategia.com\/portal\/noticias\/obmep-2025-veja-o-edital\/#primaryimage"},"thumbnailUrl":"https:\/\/militares.estrategia.com\/portal\/wp-content\/uploads\/2025\/02\/pexels-black-ice-551383-1314543.jpg","datePublished":"2025-02-05T20:58:09+00:00","dateModified":"2025-02-05T20:58:14+00:00","description":"Saiu o edital da 20\u00aa edi\u00e7\u00e3o da Olimp\u00edada Brasileira de Matem\u00e1tica das Escolas P\u00fablicas (OBMEP). Inscri\u00e7\u00f5es de 05\/02 a 17\/03\/25.","breadcrumb":{"@id":"https:\/\/militares.estrategia.com\/portal\/noticias\/obmep-2025-veja-o-edital\/#breadcrumb"},"inLanguage":"pt-BR","potentialAction":[{"@type":"ReadAction","target":["https:\/\/militares.estrategia.com\/portal\/noticias\/obmep-2025-veja-o-edital\/"]}]},{"@type":"ImageObject","inLanguage":"pt-BR","@id":"https:\/\/militares.estrategia.com\/portal\/noticias\/obmep-2025-veja-o-edital\/#primaryimage","url":"https:\/\/militares.estrategia.com\/portal\/wp-content\/uploads\/2025\/02\/pexels-black-ice-551383-1314543.jpg","contentUrl":"https:\/\/militares.estrategia.com\/portal\/wp-content\/uploads\/2025\/02\/pexels-black-ice-551383-1314543.jpg","width":1920,"height":1280},{"@type":"BreadcrumbList","@id":"https:\/\/militares.estrategia.com\/portal\/noticias\/obmep-2025-veja-o-edital\/#breadcrumb","itemListElement":[{"@type":"ListItem","position":1,"name":"Home","item":"https:\/\/militares.estrategia.com\/portal\/"},{"@type":"ListItem","position":2,"name":"Not\u00edcias","item":"https:\/\/militares.estrategia.com\/portal\/noticias\/"},{"@type":"ListItem","position":3,"name":"OBMEP 2025: veja o edital!"}]},{"@type":"WebSite","@id":"https:\/\/militares.estrategia.com\/portal\/#website","url":"https:\/\/militares.estrategia.com\/portal\/","name":"Estrat\u00e9gia Militares","description":"","publisher":{"@id":"https:\/\/militares.estrategia.com\/portal\/#organization"},"potentialAction":[{"@type":"SearchAction","target":{"@type":"EntryPoint","urlTemplate":"https:\/\/militares.estrategia.com\/portal\/?s={search_term_string}"},"query-input":{"@type":"PropertyValueSpecification","valueRequired":true,"valueName":"search_term_string"}}],"inLanguage":"pt-BR"},{"@type":"Organization","@id":"https:\/\/militares.estrategia.com\/portal\/#organization","name":"Estrat\u00e9gia Militares","url":"https:\/\/militares.estrategia.com\/portal\/","logo":{"@type":"ImageObject","inLanguage":"pt-BR","@id":"https:\/\/militares.estrategia.com\/portal\/#\/schema\/logo\/image\/","url":"https:\/\/militares.estrategia.com\/portal\/wp-content\/uploads\/2021\/10\/logo-militares.webp","contentUrl":"https:\/\/militares.estrategia.com\/portal\/wp-content\/uploads\/2021\/10\/logo-militares.webp","width":346,"height":90,"caption":"Estrat\u00e9gia Militares"},"image":{"@id":"https:\/\/militares.estrategia.com\/portal\/#\/schema\/logo\/image\/"},"sameAs":["https:\/\/www.facebook.com\/EstrategiaMilitares","https:\/\/x.com\/estrategiamilit","https:\/\/www.instagram.com\/estrategiamilitares\/","https:\/\/www.youtube.com\/channel\/UCRG_9hakCqXxnj_8TqCdgTA"]},{"@type":"Person","@id":"https:\/\/militares.estrategia.com\/portal\/#\/schema\/person\/5cfd387108cd0cdefab7eea7a9735dcc","name":"Vanesca Soares","image":{"@type":"ImageObject","inLanguage":"pt-BR","@id":"https:\/\/militares.estrategia.com\/portal\/#\/schema\/person\/image\/","url":"https:\/\/militares.estrategia.com\/portal\/wp-content\/uploads\/2021\/10\/FB_IMG_1634215702135-150x150.webp","contentUrl":"https:\/\/militares.estrategia.com\/portal\/wp-content\/uploads\/2021\/10\/FB_IMG_1634215702135-150x150.webp","caption":"Vanesca Soares"},"description":"Vanesca Soares foi Primeiro Tenente da Marinha do Brasil. Jornalista de forma\u00e7\u00e3o, ama todas as artes, principalmente a Literatura e o Cinema. Capaz de ficar em casa lendo um bom livro ao inv\u00e9s de ir para a balada, entende que ler \u00e9 uma grande viagem. Ama filmes hist\u00f3ricos, biografias, drama, thrillers, terror e tudo sobre os anos 1980. Principalmente a m\u00fasica!","url":"https:\/\/militares.estrategia.com\/portal\/author\/vanesca-soares\/"}]}},"_wl_alt_label":[],"wl:entity_url":"https:\/\/data.wordlift.io\/wl110246\/post\/obmep-2025-veja-o-edital-82635","_links":{"self":[{"href":"https:\/\/militares.estrategia.com\/portal\/wp-json\/wp\/v2\/posts\/82635","targetHints":{"allow":["GET"]}}],"collection":[{"href":"https:\/\/militares.estrategia.com\/portal\/wp-json\/wp\/v2\/posts"}],"about":[{"href":"https:\/\/militares.estrategia.com\/portal\/wp-json\/wp\/v2\/types\/post"}],"author":[{"embeddable":true,"href":"https:\/\/militares.estrategia.com\/portal\/wp-json\/wp\/v2\/users\/58"}],"replies":[{"embeddable":true,"href":"https:\/\/militares.estrategia.com\/portal\/wp-json\/wp\/v2\/comments?post=82635"}],"version-history":[{"count":3,"href":"https:\/\/militares.estrategia.com\/portal\/wp-json\/wp\/v2\/posts\/82635\/revisions"}],"predecessor-version":[{"id":82638,"href":"https:\/\/militares.estrategia.com\/portal\/wp-json\/wp\/v2\/posts\/82635\/revisions\/82638"}],"wp:featuredmedia":[{"embeddable":true,"href":"https:\/\/militares.estrategia.com\/portal\/wp-json\/wp\/v2\/media\/82606"}],"wp:attachment":[{"href":"https:\/\/militares.estrategia.com\/portal\/wp-json\/wp\/v2\/media?parent=82635"}],"wp:term":[{"taxonomy":"category","embeddable":true,"href":"https:\/\/militares.estrategia.com\/portal\/wp-json\/wp\/v2\/categories?post=82635"},{"taxonomy":"post_tag","embeddable":true,"href":"https:\/\/militares.estrategia.com\/portal\/wp-json\/wp\/v2\/tags?post=82635"},{"taxonomy":"wl_entity_type","embeddable":true,"href":"https:\/\/militares.estrategia.com\/portal\/wp-json\/wp\/v2\/wl_entity_type?post=82635"}],"curies":[{"name":"wp","href":"https:\/\/api.w.org\/{rel}","templated":true}]}}