{"id":82340,"date":"2025-01-28T09:41:04","date_gmt":"2025-01-28T12:41:04","guid":{"rendered":"https:\/\/militares.estrategia.com\/portal\/?p=82340"},"modified":"2025-01-28T09:41:30","modified_gmt":"2025-01-28T12:41:30","slug":"marechal-mascarenhas-de-moraes-a-trajetoria-de-um-heroi-nacional","status":"publish","type":"post","link":"https:\/\/militares.estrategia.com\/portal\/escolas-militares\/exercito\/marechal-mascarenhas-de-moraes-a-trajetoria-de-um-heroi-nacional\/","title":{"rendered":"Marechal Mascarenhas de Moraes: a trajet\u00f3ria de um her\u00f3i nacional"},"content":{"rendered":"\n<p>No cora\u00e7\u00e3o da campanha militar brasileira na Segunda Guerra Mundial, emerge uma figura que personifica a coragem, a estrat\u00e9gia e a lealdade: o Marechal Jo\u00e3o Batista Mascarenhas de Moraes. Para saber mais sobre o comandante da For\u00e7a Expedicion\u00e1ria Brasileira, confira esse artigo que o <strong>Estrat\u00e9gia Militares<\/strong> preparou para voc\u00ea!<\/p>\n\n\n\n<p>Um dos \u00edcones da nossa hist\u00f3ria militar, Jo\u00e3o Batista Mascarenhas de Moraes, nasceu em 13 de novembro de 1883, na cidade de S\u00e3o Gabriel, no Rio Grande do Sul. Ele trilhou um caminho exemplar na carreira militar, desde os dias como aluno na Escola Preparat\u00f3ria e de T\u00e1tica no Rio Grande do Sul at\u00e9 alcan\u00e7ar a mais alta patente do Ex\u00e9rcito Brasileiro.<\/p>\n\n\n\n<div id=\"ez-toc-container\" class=\"ez-toc-v2_0_79_2 counter-hierarchy ez-toc-counter ez-toc-transparent ez-toc-container-direction\">\n<div class=\"ez-toc-title-container\"><p class=\"ez-toc-title\" style=\"cursor:inherit\">Navegue pelo conte\u00fado\t<\/p>\n<\/div><nav><ul class='ez-toc-list ez-toc-list-level-1 ' ><li class='ez-toc-page-1 ez-toc-heading-level-2'><a class=\"ez-toc-link ez-toc-heading-1\" href=\"https:\/\/militares.estrategia.com\/portal\/escolas-militares\/exercito\/marechal-mascarenhas-de-moraes-a-trajetoria-de-um-heroi-nacional\/#Origens\" >Origens&nbsp;<\/a><\/li><li class='ez-toc-page-1 ez-toc-heading-level-2'><a class=\"ez-toc-link ez-toc-heading-2\" href=\"https:\/\/militares.estrategia.com\/portal\/escolas-militares\/exercito\/marechal-mascarenhas-de-moraes-a-trajetoria-de-um-heroi-nacional\/#Legado-militar-de-Mascarenhas-de-Moraes\" >Legado militar de Mascarenhas de Moraes<\/a><\/li><li class='ez-toc-page-1 ez-toc-heading-level-2'><a class=\"ez-toc-link ez-toc-heading-3\" href=\"https:\/\/militares.estrategia.com\/portal\/escolas-militares\/exercito\/marechal-mascarenhas-de-moraes-a-trajetoria-de-um-heroi-nacional\/#Referencias\" >Refer\u00eancias<\/a><\/li><\/ul><\/nav><\/div>\n<h2 class=\"wp-block-heading\" id=\"h-origens-nbsp\"><span class=\"ez-toc-section\" id=\"Origens\"><\/span>Origens&nbsp;<span class=\"ez-toc-section-end\"><\/span><\/h2>\n\n\n\n<p>Filho de Evaristo Mascarenhas de Moraes, um caixeiro viajante de Encruzilhada do Sul, e Maria Vieira de Moraes, o futuro marechal enfrentou desde cedo as dificuldades de uma inf\u00e2ncia humilde. Seu pai abriu um pequeno armaz\u00e9m na cidade de S\u00e3o Gabriel, onde ele cresceu com seus dois irm\u00e3os, Maria Joaquina e En\u00e9as Mascarenhas de Moraes.<\/p>\n\n\n\n<p>Aos 14 anos, <strong>Mascarenhas mudou-se para Porto Alegre, onde conciliou trabalho e estudos<\/strong>. <strong>Em 1899, ingressou na Escola Preparat\u00f3ria e T\u00e1tica de Rio Pardo, no Rio Grande do Sul.<\/strong>&nbsp;<\/p>\n\n\n\n<p>Entre seus colegas estavam figuras que tamb\u00e9m marcariam a hist\u00f3ria do Brasil, <strong>como <\/strong><a href=\"https:\/\/militares.estrategia.com\/portal\/materias-e-dicas\/historia\/getulio-vargas\/\" target=\"_blank\" ><strong>Get\u00falio Vargas<\/strong><\/a><strong> e Eurico Gaspar Dutra.<\/strong> Em 1902, concluiu o curso e foi aceito na renomada <strong>Escola Militar do Brasil, tamb\u00e9m conhecida como Escola da Praia Vermelha, no Rio de Janeiro.<\/strong><\/p>\n\n\n\n<p>No conturbado ano de 1904, durante a <strong>Revolta da Vacina<\/strong>, Mascarenhas testemunhou o fechamento da <strong>Escola da Praia Vermelha.<\/strong> <strong>Apesar de n\u00e3o ter participado diretamente do movimento, o evento marcou profundamente o per\u00edodo de sua forma\u00e7\u00e3o.<\/strong>&nbsp;<\/p>\n\n\n\n<h3 class=\"wp-block-heading\" id=\"h-a-revolta-da-vacina-e-o-fechamento-da-escola-militar-da-praia-vermelha\">A Revolta da Vacina e o fechamento da Escola Militar da Praia Vermelha<\/h3>\n\n\n\n<p>No turbulento ano de 1904, o Rio de Janeiro foi palco de um dos epis\u00f3dios mais marcantes de sua hist\u00f3ria. <strong>Sob a gest\u00e3o do prefeito Pereira Passos e do sanitarista Oswaldo Cruz, a capital do pa\u00eds passava por um intenso processo de reforma urbana e saneamento.&nbsp;<\/strong><\/p>\n\n\n\n<p>A popula\u00e7\u00e3o mais pobre foi expulsa do centro da cidade, <strong>deslocando-se para os morros, onde surgiram as primeiras favelas<\/strong>. Paralelamente, o governo instituiu a <strong>vacina\u00e7\u00e3o obrigat\u00f3ria contra a var\u00edola, com o objetivo de erradicar a doen\u00e7a.<\/strong>&nbsp;&nbsp;<\/p>\n\n\n\n<p>A vacina\u00e7\u00e3o, no entanto, foi imposta de forma autorit\u00e1ria e violenta, sem esfor\u00e7os de esclarecimento ou di\u00e1logo com a popula\u00e7\u00e3o, <strong>que j\u00e1 vivia sob forte press\u00e3o social devido \u00e0s mudan\u00e7as urban\u00edsticas.&nbsp;<\/strong><\/p>\n\n\n\n<p><strong>A desconfian\u00e7a e a indigna\u00e7\u00e3o cresceram, culminando em uma revolta popular.<\/strong> Por uma semana, o caos tomou conta da cidade. V\u00e1rias barricadas foram erguidas, bondes incendiados e confrontos ocorreram entre os manifestantes e as for\u00e7as do governo.&nbsp;&nbsp;<\/p>\n\n\n\n<p><strong>Entre os alvos da rebeli\u00e3o estava a Escola Militar da Praia Vermelha, que foi fechada ap\u00f3s os acontecimentos<\/strong>. A institui\u00e7\u00e3o tornou-se cen\u00e1rio de tens\u00f5es e v\u00e1rios cadetes, alinhados com os insurretos, foram expulsos.&nbsp;<\/p>\n\n\n\n<p>Embora o jovem Jo\u00e3o Batista Mascarenhas de Moraes n\u00e3o tenha participado diretamente do movimento, <strong>sua forma\u00e7\u00e3o militar foi interrompida temporariamente devido \u00e0 crise.<\/strong>&nbsp;&nbsp;<\/p>\n\n\n<div class=\"wp-block-image\">\n<figure class=\"aligncenter size-full\"><img decoding=\"async\" width=\"584\" height=\"776\" src=\"https:\/\/militares.estrategia.com\/portal\/wp-content\/uploads\/2025\/01\/bonde-revolta-da-vacina-72ba02.jpg\" alt=\"Revolta da Vacina, 1906\" class=\"wp-image-82341\" \/><\/figure><\/div>\n\n\n<h3 class=\"wp-block-heading\" id=\"h-trajetoria-militar-de-mascarenhas-de-moraes\">Trajet\u00f3ria militar de Mascarenhas de Moraes<\/h3>\n\n\n\n<p>Promovido a Alferes-aluno em 1905, Mascarenhas de Moraes iniciou sua trajet\u00f3ria no <strong>1\u00ba Regimento de Artilharia de Campanha em S\u00e3o Gabriel, onde serviu at\u00e9 1909.<\/strong><\/p>\n\n\n\n<p>Ao longo de sua carreira militar, Mascarenhas ascendeu do mais baixo posto militar a Marechal, o mais alto da hierarquia militar brasileira \u2013 e sempre conduzindo sua trajet\u00f3ria com dignidade, \u00e9tica e respeito \u00e0s institui\u00e7\u00f5es.&nbsp;<\/p>\n\n\n\n<p><strong>Sua lideran\u00e7a durante a Segunda Guerra Mundial como comandante da <\/strong><a href=\"https:\/\/militares.estrategia.com\/portal\/materias-e-dicas\/historia\/brasil-na-2a-guerra-mundial-e-a-atuacao-da-feb\/\" target=\"_blank\" ><strong>For\u00e7a Expedicion\u00e1ria Brasileira (FEB)<\/strong><\/a><strong> consolidou seu nome na hist\u00f3ria militar nacional.<\/strong> \u00c0 frente de soldados brasileiros nos campos nevados e montanhosos da It\u00e1lia, o ent\u00e3o General Mascarenhas conduziu a FEB em batalhas hist\u00f3ricas, obtendo vit\u00f3rias,<a href=\"https:\/\/militares.estrategia.com\/portal\/materias-e-dicas\/historia\/feb\/\" target=\"_blank\" ><strong> em Monte Castelo, Castelnuovo, Montese e Fornovo.<\/strong><\/a><\/p>\n\n\n\n<h3 class=\"wp-block-heading\" id=\"h-participacao-de-mascarenhas-de-moraes-na-feb\">Participa\u00e7\u00e3o de Mascarenhas de Moraes na FEB<\/h3>\n\n\n\n<p>Durante a campanha da It\u00e1lia na Segunda Guerra Mundial, o General Mascarenhas de Moraes, comandante da FEB, enfrentou desafios que iam al\u00e9m do campo de batalha. Relatos hist\u00f3ricos revelam duas situa\u00e7\u00f5es em que a integridade, o car\u00e1ter e a lideran\u00e7a do general foram colocados \u00e0 prova devido a intrigas internas e manobras que tentavam desestabilizar seu comando.<\/p>\n\n\n\n<p>A primeira situa\u00e7\u00e3o ocorreu em outubro de 1943, durante a visita do ent\u00e3o Ministro da Guerra, General Eurico Gaspar Dutra, \u00e0 1\u00aa Divis\u00e3o de Infantaria Expedicion\u00e1ria (1\u00aa DIE).&nbsp;<\/p>\n\n\n\n<p>Na ocasi\u00e3o, alguns oficiais tentaram convencer o ministro a substituir Mascarenhas, sugerindo que<strong> o comando da 1\u00aa DIE fosse entregue ao General Zen\u00f3bio da Costa, enquanto Mascarenhas assumiria o comando geral da FEB.&nbsp;<\/strong><\/p>\n\n\n\n<p>A proposta chegou at\u00e9 o comando norte-americano por interm\u00e9dio do General Wooten, mas Mascarenhas s\u00f3 tomou conhecimento da trama por meio do General Mark Clark, comandante aliado na It\u00e1lia.&nbsp;<\/p>\n\n\n\n<p><strong>Surpreso, Mascarenhas expressou sua oposi\u00e7\u00e3o \u00e0 ideia, recebendo o apoio firme de Clark, que reafirmou sua confian\u00e7a no l\u00edder brasileiro<\/strong>. O epis\u00f3dio fortaleceu os la\u00e7os de confian\u00e7a e respeito entre os comandantes brasileiro e norte-americano, essenciais para o sucesso das opera\u00e7\u00f5es militares.<\/p>\n\n\n\n<p>A segunda ocasi\u00e3o foi articulada no Brasil e consistia na implementa\u00e7\u00e3o de um rod\u00edzio que determinava <strong>a substitui\u00e7\u00e3o de oficiais brasileiros na It\u00e1lia ap\u00f3s seis meses de atua\u00e7\u00e3o.<\/strong>&nbsp;<\/p>\n\n\n\n<p>A medida, aprovada pelo Ministro da Guerra, foi planejada sem consultar Mascarenhas e seria executada pouco antes da <strong>Ofensiva da Primavera<\/strong>, colocando em <strong>risco toda a experi\u00eancia adquirida pelos combatentes durante meses de instru\u00e7\u00e3o e combate<\/strong>.&nbsp;<\/p>\n\n\n\n<p><strong>Ao tomar conhecimento da manobra, o general brasileiro recebeu uma ordem formal para execut\u00e1-la, mas conseguiu adi\u00e1-la indefinidamente.<\/strong>&nbsp;<\/p>\n\n\n\n<p>Com o apoio do General Truscott, comandante do V Ex\u00e9rcito, e do General Crittenberger, do IV Corpo de Ex\u00e9rcito,<strong> Mascarenhas restringiu o uso de transporte a\u00e9reo para o rod\u00edzio apenas a casos que favorecessem o cumprimento da miss\u00e3o.<\/strong> Dessa forma, ele aproveitou a oportunidade para <strong>repatriar discretamente alguns oficiais por motivos de sa\u00fade ou inadequa\u00e7\u00e3o.<\/strong><\/p>\n\n\n\n<p>Esses epis\u00f3dios refor\u00e7am o papel de Mascarenhas como um l\u00edder que priorizou a miss\u00e3o e os valores militares acima de interesses pessoais.<\/p>\n\n\n\n<h2 class=\"wp-block-heading\" id=\"h-legado-militar-de-mascarenhas-de-moraes\"><span class=\"ez-toc-section\" id=\"Legado-militar-de-Mascarenhas-de-Moraes\"><\/span>Legado militar de Mascarenhas de Moraes<span class=\"ez-toc-section-end\"><\/span><\/h2>\n\n\n\n<p>Ele deixou como legado duas li\u00e7\u00f5es fundamentais, o l\u00edder deve fazer o que precisa ser feito, independentemente das dificuldades, e deve sempre se orientar pelo compromisso com a miss\u00e3o, mesmo diante de press\u00f5es internas ou externas.<\/p>\n\n\n\n<p>Reconhecido como estrategista brilhante e l\u00edder equilibrado, Mascarenhas foi exaltado tanto por seus compatriotas quanto por l\u00edderes aliados. Sob sua lideran\u00e7a, a FEB n\u00e3o apenas conquistou vit\u00f3rias t\u00e1ticas, <strong>mas tamb\u00e9m demonstrou valores \u00e9ticos e humanit\u00e1rios que lhe renderam o reconhecimento internacional.<\/strong>&nbsp;<\/p>\n\n\n\n<p><strong>O presidente dos Estados Unidos, Harry Truman, destacou sua bravura, tendo acumulado 27 condecora\u00e7\u00f5es, sendo 11 nacionais e 16 internacionais.<\/strong><\/p>\n\n\n\n<p><strong>Aposentado em 1951, com a honraria de Marechal vital\u00edcio, Mascarenhas continuou a ser celebrado por sua contribui\u00e7\u00e3o \u00e0 p\u00e1tria.<\/strong> Em 1959, sua terra natal, S\u00e3o Gabriel, celebrou o centen\u00e1rio de sua emancipa\u00e7\u00e3o. Nesse dia, ele foi um dos maiores homenageados, mas foi representado por sua esposa devido a uma forte gripe que o impediu de comparecer.&nbsp;<\/p>\n\n\n\n<p>A cidade perpetuou sua mem\u00f3ria com um monumento localizado na Pra\u00e7a Fernando Abbott, onde est\u00e3o inscritas as batalhas que ele comandou.<\/p>\n\n\n\n<p><strong>Mascarenhas de Moraes faleceu em 17 de setembro de 1968, no Rio de Janeiro, aos 84 anos<\/strong>. Seu funeral causou grande como\u00e7\u00e3o entre civis e militares. O jornal Correio da Manh\u00e3 relatou que uma boina e uma bra\u00e7adeira dos ex-combatentes da FEB foram depositadas sobre seu caix\u00e3o, simbolizando o respeito e a gratid\u00e3o dos que lutaram sob sua lideran\u00e7a.&nbsp;<\/p>\n\n\n\n<p>Embora a fam\u00edlia tenha dispensado honras militares formais, salva de tiros, toques de sil\u00eancio e leituras p\u00f3stumas marcaram seu sepultamento.<\/p>\n\n\n\n<p><strong>Seu nome batiza a 1\u00aa Divis\u00e3o de Ex\u00e9rcito, que carrega as tradi\u00e7\u00f5es da FEB, e sua mem\u00f3ria inspira gera\u00e7\u00f5es de militares e civis<\/strong>. O Marechal Mascarenhas de Moraes n\u00e3o apenas liderou homens em batalha, mas tamb\u00e9m deixou um exemplo de \u00e9tica, profissionalismo e amor \u00e0 p\u00e1tria que transcende seu tempo.<\/p>\n\n\n\n<p>A hist\u00f3ria consagra Mascarenhas de Moraes como um dos maiores l\u00edderes militares do Brasil, comparado ao Duque de Caxias por sua integridade, lideran\u00e7a e compromisso com a p\u00e1tria. <strong>Seu legado como comandante, estrategista e exemplo de virtude \u00e9 lembrado pelo Ex\u00e9rcito Brasileiro e permanece como s\u00edmbolo de coragem, dignidade e servi\u00e7o \u00e0 na\u00e7\u00e3o.<\/strong><\/p>\n\n\n\n<p>Curtiu o artigo? Confira mais sobre a hist\u00f3ria militar brasileira no <strong>Portal Estrat\u00e9gia Militares! Aproveite<\/strong> e confira os cursos preparat\u00f3rios para o Ex\u00e9rcito Brasileiro. <strong>Clique no banner abaixo e vem ser coruja!<\/strong><\/p>\n\n\n\n<p><\/p>\n\n\n\n\n\n<h2 class=\"wp-block-heading\" id=\"h-referencias\"><span class=\"ez-toc-section\" id=\"Referencias\"><\/span>Refer\u00eancias<span class=\"ez-toc-section-end\"><\/span><\/h2>\n\n\n\n<ul class=\"wp-block-list\">\n<li><a href=\"https:\/\/www.eb.mil.br\/web\/campanhas\/feb\/herois\/marechal-mascarenhas\" target=\"_blank\" >https:\/\/www.eb.mil.br\/web\/campanhas\/feb\/herois\/marechal-mascarenhas<\/a><\/li>\n\n\n\n<li><a href=\"https:\/\/arquimedes.stm.jus.br\/index.php\/joao-batista-mascarenhas-de-morais\" target=\"_blank\" >https:\/\/arquimedes.stm.jus.br\/index.php\/joao-batista-mascarenhas-de-morais<\/a><\/li>\n\n\n\n<li><a href=\"https:\/\/antigo.bn.gov.br\/acontece\/noticias\/2020\/06\/cruzeiro-sul-publicacao-servico-especial-feb\" target=\"_blank\" >O Cruzeiro do Sul \u2013 Publica\u00e7\u00e3o do Servi\u00e7o Especial da F.E.B.bn.gov.brhttps:\/\/antigo.bn.gov.br \u203a 2020\/06<\/a><\/li>\n\n\n\n<li>CASTRO, Paulo C\u00e9sar.<em> Mascarenhas, o l\u00edder da vit\u00f3ria<\/em>. Revista Academia de Hist\u00f3ria Militar Terrestre do Brasil, ano 74, n.\u00ba 101, 2015.<\/li>\n<\/ul>\n","protected":false},"excerpt":{"rendered":"No cora\u00e7\u00e3o da campanha militar brasileira na Segunda Guerra Mundial, emerge uma figura que personifica a coragem, a&hellip;\n","protected":false},"author":52,"featured_media":82342,"comment_status":"closed","ping_status":"closed","sticky":false,"template":"","format":"standard","meta":{"wl_entities_gutenberg":"","footnotes":""},"categories":[28],"tags":[162,167],"wl_entity_type":[187],"class_list":{"0":"post-82340","1":"post","2":"type-post","3":"status-publish","4":"format-standard","5":"has-post-thumbnail","7":"category-exercito","8":"tag-carreiramilitar","9":"tag-exercito","10":"wl_entity_type-article"},"acf":[],"yoast_head":"<!-- This site is optimized with the Yoast SEO Premium plugin v26.6 (Yoast SEO v26.6) - https:\/\/yoast.com\/wordpress\/plugins\/seo\/ -->\n<title>Marechal Mascarenhas de Moraes: a trajet\u00f3ria de um her\u00f3i nacional<\/title>\n<meta name=\"description\" content=\"O Marechal Jo\u00e3o Batista Mascarenhas de Moraes \u00e9 uma figura que personifica a coragem, a estrat\u00e9gia e a lealdade. Clique aqui e saiba mais!\" \/>\n<meta name=\"robots\" content=\"index, follow, max-snippet:-1, max-image-preview:large, max-video-preview:-1\" \/>\n<link rel=\"canonical\" href=\"https:\/\/militares.estrategia.com\/portal\/escolas-militares\/exercito\/marechal-mascarenhas-de-moraes-a-trajetoria-de-um-heroi-nacional\/\" \/>\n<meta property=\"og:locale\" content=\"pt_BR\" \/>\n<meta property=\"og:type\" content=\"article\" \/>\n<meta property=\"og:title\" content=\"Marechal Mascarenhas de Moraes: a trajet\u00f3ria de um her\u00f3i nacional\" \/>\n<meta property=\"og:description\" content=\"O Marechal Jo\u00e3o Batista Mascarenhas de Moraes \u00e9 uma figura que personifica a coragem, a estrat\u00e9gia e a lealdade. Clique aqui e saiba mais!\" \/>\n<meta property=\"og:url\" content=\"https:\/\/militares.estrategia.com\/portal\/escolas-militares\/exercito\/marechal-mascarenhas-de-moraes-a-trajetoria-de-um-heroi-nacional\/\" \/>\n<meta property=\"og:site_name\" content=\"Estrat\u00e9gia Militares\" \/>\n<meta property=\"article:publisher\" content=\"https:\/\/www.facebook.com\/EstrategiaMilitares\" \/>\n<meta property=\"article:published_time\" content=\"2025-01-28T12:41:04+00:00\" \/>\n<meta property=\"article:modified_time\" content=\"2025-01-28T12:41:30+00:00\" \/>\n<meta property=\"og:image\" content=\"https:\/\/militares.estrategia.com\/portal\/wp-content\/uploads\/2025\/01\/SC_196116_-_Portrait_of_Maj._Gen._Mascaranhas_De_Moraes_CG_Brazilian_Expeditionary_Force_with_the_Fifth_Army_in_Italy._16_October_1944._51994278369.jpg\" \/>\n\t<meta property=\"og:image:width\" content=\"1920\" \/>\n\t<meta property=\"og:image:height\" content=\"2348\" \/>\n\t<meta property=\"og:image:type\" content=\"image\/jpeg\" \/>\n<meta name=\"author\" content=\"Vin\u00edcius Brigolini\" \/>\n<meta name=\"twitter:card\" content=\"summary_large_image\" \/>\n<meta name=\"twitter:creator\" content=\"@estrategiamilit\" \/>\n<meta name=\"twitter:site\" content=\"@estrategiamilit\" \/>\n<meta name=\"twitter:label1\" content=\"Escrito por\" \/>\n\t<meta name=\"twitter:data1\" content=\"Vin\u00edcius Brigolini\" \/>\n\t<meta name=\"twitter:label2\" content=\"Est. tempo de leitura\" \/>\n\t<meta name=\"twitter:data2\" content=\"8 minutos\" \/>\n<script type=\"application\/ld+json\" class=\"yoast-schema-graph\">{\"@context\":\"https:\/\/schema.org\",\"@graph\":[{\"@type\":\"Article\",\"@id\":\"https:\/\/militares.estrategia.com\/portal\/escolas-militares\/exercito\/marechal-mascarenhas-de-moraes-a-trajetoria-de-um-heroi-nacional\/#article\",\"isPartOf\":{\"@id\":\"https:\/\/militares.estrategia.com\/portal\/escolas-militares\/exercito\/marechal-mascarenhas-de-moraes-a-trajetoria-de-um-heroi-nacional\/\"},\"author\":{\"name\":\"Vin\u00edcius Brigolini\",\"@id\":\"https:\/\/militares.estrategia.com\/portal\/#\/schema\/person\/6587b50abb02ffb0d1d0b50c12a6b317\"},\"headline\":\"Marechal Mascarenhas de Moraes: a trajet\u00f3ria de um her\u00f3i nacional\",\"datePublished\":\"2025-01-28T12:41:04+00:00\",\"dateModified\":\"2025-01-28T12:41:30+00:00\",\"mainEntityOfPage\":{\"@id\":\"https:\/\/militares.estrategia.com\/portal\/escolas-militares\/exercito\/marechal-mascarenhas-de-moraes-a-trajetoria-de-um-heroi-nacional\/\"},\"wordCount\":1590,\"publisher\":{\"@id\":\"https:\/\/militares.estrategia.com\/portal\/#organization\"},\"image\":{\"@id\":\"https:\/\/militares.estrategia.com\/portal\/escolas-militares\/exercito\/marechal-mascarenhas-de-moraes-a-trajetoria-de-um-heroi-nacional\/#primaryimage\"},\"thumbnailUrl\":\"https:\/\/militares.estrategia.com\/portal\/wp-content\/uploads\/2025\/01\/SC_196116_-_Portrait_of_Maj._Gen._Mascaranhas_De_Moraes_CG_Brazilian_Expeditionary_Force_with_the_Fifth_Army_in_Italy._16_October_1944._51994278369.jpg\",\"keywords\":[\"carreiramilitar\",\"Ex\u00e9rcito\"],\"articleSection\":[\"Ex\u00e9rcito\"],\"inLanguage\":\"pt-BR\"},{\"@type\":\"WebPage\",\"@id\":\"https:\/\/militares.estrategia.com\/portal\/escolas-militares\/exercito\/marechal-mascarenhas-de-moraes-a-trajetoria-de-um-heroi-nacional\/\",\"url\":\"https:\/\/militares.estrategia.com\/portal\/escolas-militares\/exercito\/marechal-mascarenhas-de-moraes-a-trajetoria-de-um-heroi-nacional\/\",\"name\":\"Marechal Mascarenhas de Moraes: a trajet\u00f3ria de um her\u00f3i nacional\",\"isPartOf\":{\"@id\":\"https:\/\/militares.estrategia.com\/portal\/#website\"},\"primaryImageOfPage\":{\"@id\":\"https:\/\/militares.estrategia.com\/portal\/escolas-militares\/exercito\/marechal-mascarenhas-de-moraes-a-trajetoria-de-um-heroi-nacional\/#primaryimage\"},\"image\":{\"@id\":\"https:\/\/militares.estrategia.com\/portal\/escolas-militares\/exercito\/marechal-mascarenhas-de-moraes-a-trajetoria-de-um-heroi-nacional\/#primaryimage\"},\"thumbnailUrl\":\"https:\/\/militares.estrategia.com\/portal\/wp-content\/uploads\/2025\/01\/SC_196116_-_Portrait_of_Maj._Gen._Mascaranhas_De_Moraes_CG_Brazilian_Expeditionary_Force_with_the_Fifth_Army_in_Italy._16_October_1944._51994278369.jpg\",\"datePublished\":\"2025-01-28T12:41:04+00:00\",\"dateModified\":\"2025-01-28T12:41:30+00:00\",\"description\":\"O Marechal Jo\u00e3o Batista Mascarenhas de Moraes \u00e9 uma figura que personifica a coragem, a estrat\u00e9gia e a lealdade. Clique aqui e saiba mais!\",\"breadcrumb\":{\"@id\":\"https:\/\/militares.estrategia.com\/portal\/escolas-militares\/exercito\/marechal-mascarenhas-de-moraes-a-trajetoria-de-um-heroi-nacional\/#breadcrumb\"},\"inLanguage\":\"pt-BR\",\"potentialAction\":[{\"@type\":\"ReadAction\",\"target\":[\"https:\/\/militares.estrategia.com\/portal\/escolas-militares\/exercito\/marechal-mascarenhas-de-moraes-a-trajetoria-de-um-heroi-nacional\/\"]}]},{\"@type\":\"ImageObject\",\"inLanguage\":\"pt-BR\",\"@id\":\"https:\/\/militares.estrategia.com\/portal\/escolas-militares\/exercito\/marechal-mascarenhas-de-moraes-a-trajetoria-de-um-heroi-nacional\/#primaryimage\",\"url\":\"https:\/\/militares.estrategia.com\/portal\/wp-content\/uploads\/2025\/01\/SC_196116_-_Portrait_of_Maj._Gen._Mascaranhas_De_Moraes_CG_Brazilian_Expeditionary_Force_with_the_Fifth_Army_in_Italy._16_October_1944._51994278369.jpg\",\"contentUrl\":\"https:\/\/militares.estrategia.com\/portal\/wp-content\/uploads\/2025\/01\/SC_196116_-_Portrait_of_Maj._Gen._Mascaranhas_De_Moraes_CG_Brazilian_Expeditionary_Force_with_the_Fifth_Army_in_Italy._16_October_1944._51994278369.jpg\",\"width\":1920,\"height\":2348,\"caption\":\"General Mascarenhas de Moraes\"},{\"@type\":\"BreadcrumbList\",\"@id\":\"https:\/\/militares.estrategia.com\/portal\/escolas-militares\/exercito\/marechal-mascarenhas-de-moraes-a-trajetoria-de-um-heroi-nacional\/#breadcrumb\",\"itemListElement\":[{\"@type\":\"ListItem\",\"position\":1,\"name\":\"Home\",\"item\":\"https:\/\/militares.estrategia.com\/portal\/\"},{\"@type\":\"ListItem\",\"position\":2,\"name\":\"Escolas Militares\",\"item\":\"https:\/\/militares.estrategia.com\/portal\/escolas-militares\/\"},{\"@type\":\"ListItem\",\"position\":3,\"name\":\"Ex\u00e9rcito\",\"item\":\"https:\/\/militares.estrategia.com\/portal\/escolas-militares\/exercito\/\"},{\"@type\":\"ListItem\",\"position\":4,\"name\":\"Marechal Mascarenhas de Moraes: a trajet\u00f3ria de um her\u00f3i nacional\"}]},{\"@type\":\"WebSite\",\"@id\":\"https:\/\/militares.estrategia.com\/portal\/#website\",\"url\":\"https:\/\/militares.estrategia.com\/portal\/\",\"name\":\"Estrat\u00e9gia Militares\",\"description\":\"\",\"publisher\":{\"@id\":\"https:\/\/militares.estrategia.com\/portal\/#organization\"},\"potentialAction\":[{\"@type\":\"SearchAction\",\"target\":{\"@type\":\"EntryPoint\",\"urlTemplate\":\"https:\/\/militares.estrategia.com\/portal\/?s={search_term_string}\"},\"query-input\":{\"@type\":\"PropertyValueSpecification\",\"valueRequired\":true,\"valueName\":\"search_term_string\"}}],\"inLanguage\":\"pt-BR\"},{\"@type\":\"Organization\",\"@id\":\"https:\/\/militares.estrategia.com\/portal\/#organization\",\"name\":\"Estrat\u00e9gia Militares\",\"url\":\"https:\/\/militares.estrategia.com\/portal\/\",\"logo\":{\"@type\":\"ImageObject\",\"inLanguage\":\"pt-BR\",\"@id\":\"https:\/\/militares.estrategia.com\/portal\/#\/schema\/logo\/image\/\",\"url\":\"https:\/\/militares.estrategia.com\/portal\/wp-content\/uploads\/2021\/10\/logo-militares.webp\",\"contentUrl\":\"https:\/\/militares.estrategia.com\/portal\/wp-content\/uploads\/2021\/10\/logo-militares.webp\",\"width\":346,\"height\":90,\"caption\":\"Estrat\u00e9gia Militares\"},\"image\":{\"@id\":\"https:\/\/militares.estrategia.com\/portal\/#\/schema\/logo\/image\/\"},\"sameAs\":[\"https:\/\/www.facebook.com\/EstrategiaMilitares\",\"https:\/\/x.com\/estrategiamilit\",\"https:\/\/www.instagram.com\/estrategiamilitares\/\",\"https:\/\/www.youtube.com\/channel\/UCRG_9hakCqXxnj_8TqCdgTA\"]},{\"@type\":\"Person\",\"@id\":\"https:\/\/militares.estrategia.com\/portal\/#\/schema\/person\/6587b50abb02ffb0d1d0b50c12a6b317\",\"name\":\"Vin\u00edcius Brigolini\",\"image\":{\"@type\":\"ImageObject\",\"inLanguage\":\"pt-BR\",\"@id\":\"https:\/\/militares.estrategia.com\/portal\/#\/schema\/person\/image\/\",\"url\":\"https:\/\/militares.estrategia.com\/portal\/wp-content\/uploads\/2021\/08\/Sem-titulo-150x150.jpg\",\"contentUrl\":\"https:\/\/militares.estrategia.com\/portal\/wp-content\/uploads\/2021\/08\/Sem-titulo-150x150.jpg\",\"caption\":\"Vin\u00edcius Brigolini\"},\"description\":\"Membro da turma Carcar\u00e1 de 2017 da For\u00e7a A\u00e9rea Brasileira. \u00c9 apaixonado pela avia\u00e7\u00e3o e pelo mundo militar!\",\"sameAs\":[\"https:\/\/www.instagram.com\/viniciusbgn\/\"],\"url\":\"https:\/\/militares.estrategia.com\/portal\/author\/vinicius-souza\/\"}]}<\/script>\n<!-- \/ Yoast SEO Premium plugin. -->","yoast_head_json":{"title":"Marechal Mascarenhas de Moraes: a trajet\u00f3ria de um her\u00f3i nacional","description":"O Marechal Jo\u00e3o Batista Mascarenhas de Moraes \u00e9 uma figura que personifica a coragem, a estrat\u00e9gia e a lealdade. Clique aqui e saiba mais!","robots":{"index":"index","follow":"follow","max-snippet":"max-snippet:-1","max-image-preview":"max-image-preview:large","max-video-preview":"max-video-preview:-1"},"canonical":"https:\/\/militares.estrategia.com\/portal\/escolas-militares\/exercito\/marechal-mascarenhas-de-moraes-a-trajetoria-de-um-heroi-nacional\/","og_locale":"pt_BR","og_type":"article","og_title":"Marechal Mascarenhas de Moraes: a trajet\u00f3ria de um her\u00f3i nacional","og_description":"O Marechal Jo\u00e3o Batista Mascarenhas de Moraes \u00e9 uma figura que personifica a coragem, a estrat\u00e9gia e a lealdade. Clique aqui e saiba mais!","og_url":"https:\/\/militares.estrategia.com\/portal\/escolas-militares\/exercito\/marechal-mascarenhas-de-moraes-a-trajetoria-de-um-heroi-nacional\/","og_site_name":"Estrat\u00e9gia Militares","article_publisher":"https:\/\/www.facebook.com\/EstrategiaMilitares","article_published_time":"2025-01-28T12:41:04+00:00","article_modified_time":"2025-01-28T12:41:30+00:00","og_image":[{"width":1920,"height":2348,"url":"https:\/\/militares.estrategia.com\/portal\/wp-content\/uploads\/2025\/01\/SC_196116_-_Portrait_of_Maj._Gen._Mascaranhas_De_Moraes_CG_Brazilian_Expeditionary_Force_with_the_Fifth_Army_in_Italy._16_October_1944._51994278369.jpg","type":"image\/jpeg"}],"author":"Vin\u00edcius Brigolini","twitter_card":"summary_large_image","twitter_creator":"@estrategiamilit","twitter_site":"@estrategiamilit","twitter_misc":{"Escrito por":"Vin\u00edcius Brigolini","Est. tempo de leitura":"8 minutos"},"schema":{"@context":"https:\/\/schema.org","@graph":[{"@type":"Article","@id":"https:\/\/militares.estrategia.com\/portal\/escolas-militares\/exercito\/marechal-mascarenhas-de-moraes-a-trajetoria-de-um-heroi-nacional\/#article","isPartOf":{"@id":"https:\/\/militares.estrategia.com\/portal\/escolas-militares\/exercito\/marechal-mascarenhas-de-moraes-a-trajetoria-de-um-heroi-nacional\/"},"author":{"name":"Vin\u00edcius Brigolini","@id":"https:\/\/militares.estrategia.com\/portal\/#\/schema\/person\/6587b50abb02ffb0d1d0b50c12a6b317"},"headline":"Marechal Mascarenhas de Moraes: a trajet\u00f3ria de um her\u00f3i nacional","datePublished":"2025-01-28T12:41:04+00:00","dateModified":"2025-01-28T12:41:30+00:00","mainEntityOfPage":{"@id":"https:\/\/militares.estrategia.com\/portal\/escolas-militares\/exercito\/marechal-mascarenhas-de-moraes-a-trajetoria-de-um-heroi-nacional\/"},"wordCount":1590,"publisher":{"@id":"https:\/\/militares.estrategia.com\/portal\/#organization"},"image":{"@id":"https:\/\/militares.estrategia.com\/portal\/escolas-militares\/exercito\/marechal-mascarenhas-de-moraes-a-trajetoria-de-um-heroi-nacional\/#primaryimage"},"thumbnailUrl":"https:\/\/militares.estrategia.com\/portal\/wp-content\/uploads\/2025\/01\/SC_196116_-_Portrait_of_Maj._Gen._Mascaranhas_De_Moraes_CG_Brazilian_Expeditionary_Force_with_the_Fifth_Army_in_Italy._16_October_1944._51994278369.jpg","keywords":["carreiramilitar","Ex\u00e9rcito"],"articleSection":["Ex\u00e9rcito"],"inLanguage":"pt-BR"},{"@type":"WebPage","@id":"https:\/\/militares.estrategia.com\/portal\/escolas-militares\/exercito\/marechal-mascarenhas-de-moraes-a-trajetoria-de-um-heroi-nacional\/","url":"https:\/\/militares.estrategia.com\/portal\/escolas-militares\/exercito\/marechal-mascarenhas-de-moraes-a-trajetoria-de-um-heroi-nacional\/","name":"Marechal Mascarenhas de Moraes: a trajet\u00f3ria de um her\u00f3i nacional","isPartOf":{"@id":"https:\/\/militares.estrategia.com\/portal\/#website"},"primaryImageOfPage":{"@id":"https:\/\/militares.estrategia.com\/portal\/escolas-militares\/exercito\/marechal-mascarenhas-de-moraes-a-trajetoria-de-um-heroi-nacional\/#primaryimage"},"image":{"@id":"https:\/\/militares.estrategia.com\/portal\/escolas-militares\/exercito\/marechal-mascarenhas-de-moraes-a-trajetoria-de-um-heroi-nacional\/#primaryimage"},"thumbnailUrl":"https:\/\/militares.estrategia.com\/portal\/wp-content\/uploads\/2025\/01\/SC_196116_-_Portrait_of_Maj._Gen._Mascaranhas_De_Moraes_CG_Brazilian_Expeditionary_Force_with_the_Fifth_Army_in_Italy._16_October_1944._51994278369.jpg","datePublished":"2025-01-28T12:41:04+00:00","dateModified":"2025-01-28T12:41:30+00:00","description":"O Marechal Jo\u00e3o Batista Mascarenhas de Moraes \u00e9 uma figura que personifica a coragem, a estrat\u00e9gia e a lealdade. Clique aqui e saiba mais!","breadcrumb":{"@id":"https:\/\/militares.estrategia.com\/portal\/escolas-militares\/exercito\/marechal-mascarenhas-de-moraes-a-trajetoria-de-um-heroi-nacional\/#breadcrumb"},"inLanguage":"pt-BR","potentialAction":[{"@type":"ReadAction","target":["https:\/\/militares.estrategia.com\/portal\/escolas-militares\/exercito\/marechal-mascarenhas-de-moraes-a-trajetoria-de-um-heroi-nacional\/"]}]},{"@type":"ImageObject","inLanguage":"pt-BR","@id":"https:\/\/militares.estrategia.com\/portal\/escolas-militares\/exercito\/marechal-mascarenhas-de-moraes-a-trajetoria-de-um-heroi-nacional\/#primaryimage","url":"https:\/\/militares.estrategia.com\/portal\/wp-content\/uploads\/2025\/01\/SC_196116_-_Portrait_of_Maj._Gen._Mascaranhas_De_Moraes_CG_Brazilian_Expeditionary_Force_with_the_Fifth_Army_in_Italy._16_October_1944._51994278369.jpg","contentUrl":"https:\/\/militares.estrategia.com\/portal\/wp-content\/uploads\/2025\/01\/SC_196116_-_Portrait_of_Maj._Gen._Mascaranhas_De_Moraes_CG_Brazilian_Expeditionary_Force_with_the_Fifth_Army_in_Italy._16_October_1944._51994278369.jpg","width":1920,"height":2348,"caption":"General Mascarenhas de Moraes"},{"@type":"BreadcrumbList","@id":"https:\/\/militares.estrategia.com\/portal\/escolas-militares\/exercito\/marechal-mascarenhas-de-moraes-a-trajetoria-de-um-heroi-nacional\/#breadcrumb","itemListElement":[{"@type":"ListItem","position":1,"name":"Home","item":"https:\/\/militares.estrategia.com\/portal\/"},{"@type":"ListItem","position":2,"name":"Escolas Militares","item":"https:\/\/militares.estrategia.com\/portal\/escolas-militares\/"},{"@type":"ListItem","position":3,"name":"Ex\u00e9rcito","item":"https:\/\/militares.estrategia.com\/portal\/escolas-militares\/exercito\/"},{"@type":"ListItem","position":4,"name":"Marechal Mascarenhas de Moraes: a trajet\u00f3ria de um her\u00f3i nacional"}]},{"@type":"WebSite","@id":"https:\/\/militares.estrategia.com\/portal\/#website","url":"https:\/\/militares.estrategia.com\/portal\/","name":"Estrat\u00e9gia Militares","description":"","publisher":{"@id":"https:\/\/militares.estrategia.com\/portal\/#organization"},"potentialAction":[{"@type":"SearchAction","target":{"@type":"EntryPoint","urlTemplate":"https:\/\/militares.estrategia.com\/portal\/?s={search_term_string}"},"query-input":{"@type":"PropertyValueSpecification","valueRequired":true,"valueName":"search_term_string"}}],"inLanguage":"pt-BR"},{"@type":"Organization","@id":"https:\/\/militares.estrategia.com\/portal\/#organization","name":"Estrat\u00e9gia Militares","url":"https:\/\/militares.estrategia.com\/portal\/","logo":{"@type":"ImageObject","inLanguage":"pt-BR","@id":"https:\/\/militares.estrategia.com\/portal\/#\/schema\/logo\/image\/","url":"https:\/\/militares.estrategia.com\/portal\/wp-content\/uploads\/2021\/10\/logo-militares.webp","contentUrl":"https:\/\/militares.estrategia.com\/portal\/wp-content\/uploads\/2021\/10\/logo-militares.webp","width":346,"height":90,"caption":"Estrat\u00e9gia Militares"},"image":{"@id":"https:\/\/militares.estrategia.com\/portal\/#\/schema\/logo\/image\/"},"sameAs":["https:\/\/www.facebook.com\/EstrategiaMilitares","https:\/\/x.com\/estrategiamilit","https:\/\/www.instagram.com\/estrategiamilitares\/","https:\/\/www.youtube.com\/channel\/UCRG_9hakCqXxnj_8TqCdgTA"]},{"@type":"Person","@id":"https:\/\/militares.estrategia.com\/portal\/#\/schema\/person\/6587b50abb02ffb0d1d0b50c12a6b317","name":"Vin\u00edcius Brigolini","image":{"@type":"ImageObject","inLanguage":"pt-BR","@id":"https:\/\/militares.estrategia.com\/portal\/#\/schema\/person\/image\/","url":"https:\/\/militares.estrategia.com\/portal\/wp-content\/uploads\/2021\/08\/Sem-titulo-150x150.jpg","contentUrl":"https:\/\/militares.estrategia.com\/portal\/wp-content\/uploads\/2021\/08\/Sem-titulo-150x150.jpg","caption":"Vin\u00edcius Brigolini"},"description":"Membro da turma Carcar\u00e1 de 2017 da For\u00e7a A\u00e9rea Brasileira. \u00c9 apaixonado pela avia\u00e7\u00e3o e pelo mundo militar!","sameAs":["https:\/\/www.instagram.com\/viniciusbgn\/"],"url":"https:\/\/militares.estrategia.com\/portal\/author\/vinicius-souza\/"}]}},"_wl_alt_label":[],"wl:entity_url":"https:\/\/data.wordlift.io\/wl110246\/post\/marechal-mascarenhas-de-moraes-a-trajetoria-de-um-heroi-nacional-82340","_links":{"self":[{"href":"https:\/\/militares.estrategia.com\/portal\/wp-json\/wp\/v2\/posts\/82340","targetHints":{"allow":["GET"]}}],"collection":[{"href":"https:\/\/militares.estrategia.com\/portal\/wp-json\/wp\/v2\/posts"}],"about":[{"href":"https:\/\/militares.estrategia.com\/portal\/wp-json\/wp\/v2\/types\/post"}],"author":[{"embeddable":true,"href":"https:\/\/militares.estrategia.com\/portal\/wp-json\/wp\/v2\/users\/52"}],"replies":[{"embeddable":true,"href":"https:\/\/militares.estrategia.com\/portal\/wp-json\/wp\/v2\/comments?post=82340"}],"version-history":[{"count":1,"href":"https:\/\/militares.estrategia.com\/portal\/wp-json\/wp\/v2\/posts\/82340\/revisions"}],"predecessor-version":[{"id":82343,"href":"https:\/\/militares.estrategia.com\/portal\/wp-json\/wp\/v2\/posts\/82340\/revisions\/82343"}],"wp:featuredmedia":[{"embeddable":true,"href":"https:\/\/militares.estrategia.com\/portal\/wp-json\/wp\/v2\/media\/82342"}],"wp:attachment":[{"href":"https:\/\/militares.estrategia.com\/portal\/wp-json\/wp\/v2\/media?parent=82340"}],"wp:term":[{"taxonomy":"category","embeddable":true,"href":"https:\/\/militares.estrategia.com\/portal\/wp-json\/wp\/v2\/categories?post=82340"},{"taxonomy":"post_tag","embeddable":true,"href":"https:\/\/militares.estrategia.com\/portal\/wp-json\/wp\/v2\/tags?post=82340"},{"taxonomy":"wl_entity_type","embeddable":true,"href":"https:\/\/militares.estrategia.com\/portal\/wp-json\/wp\/v2\/wl_entity_type?post=82340"}],"curies":[{"name":"wp","href":"https:\/\/api.w.org\/{rel}","templated":true}]}}