{"id":81950,"date":"2025-01-14T21:16:25","date_gmt":"2025-01-15T00:16:25","guid":{"rendered":"https:\/\/militares.estrategia.com\/portal\/?p=81950"},"modified":"2025-01-14T21:18:56","modified_gmt":"2025-01-15T00:18:56","slug":"origens-e-diferencas-entre-o-romantismo-e-o-neoclassicismo","status":"publish","type":"post","link":"https:\/\/militares.estrategia.com\/portal\/materias-e-dicas\/origens-e-diferencas-entre-o-romantismo-e-o-neoclassicismo\/","title":{"rendered":"Origens e diferen\u00e7as entre o romantismo e o neoclassicismo"},"content":{"rendered":"\n<p>O romantismo, movimento liter\u00e1rio ocorrido na primeira metade do s\u00e9culo XIX, provocou no mundo ocidental uma intensa transforma\u00e7\u00e3o s\u00f3cio cultural devido ao fortalecimento da burguesia moderna. Para saber mais sobre o romantismo, confira esse artigo que o <strong>Portal Estrat\u00e9gia Militares<\/strong> preparou para voc\u00ea!<\/p>\n\n\n\n<p><strong>No contexto de transforma\u00e7\u00e3o cultural do s\u00e9culo XIX, nasce o romantismo, um movimento art\u00edstico que buscou difundir os anseios da classe burguesa e construir uma arte pautada na originalidade, na liberdade e na express\u00e3o subjetiva.<\/strong><\/p>\n\n\n\n<div id=\"ez-toc-container\" class=\"ez-toc-v2_0_79_2 counter-hierarchy ez-toc-counter ez-toc-transparent ez-toc-container-direction\">\n<div class=\"ez-toc-title-container\"><p class=\"ez-toc-title\" style=\"cursor:inherit\">Navegue pelo conte\u00fado\t<\/p>\n<\/div><nav><ul class='ez-toc-list ez-toc-list-level-1 ' ><li class='ez-toc-page-1 ez-toc-heading-level-2'><a class=\"ez-toc-link ez-toc-heading-1\" href=\"https:\/\/militares.estrategia.com\/portal\/materias-e-dicas\/origens-e-diferencas-entre-o-romantismo-e-o-neoclassicismo\/#Diferencas-entre-o-romantismo-e-o-movimento-romantico\" >Diferen\u00e7as entre o romantismo e o movimento rom\u00e2ntico<\/a><\/li><li class='ez-toc-page-1 ez-toc-heading-level-2'><a class=\"ez-toc-link ez-toc-heading-2\" href=\"https:\/\/militares.estrategia.com\/portal\/materias-e-dicas\/origens-e-diferencas-entre-o-romantismo-e-o-neoclassicismo\/#Origens-do-romantismo\" >Origens do romantismo<\/a><\/li><li class='ez-toc-page-1 ez-toc-heading-level-2'><a class=\"ez-toc-link ez-toc-heading-3\" href=\"https:\/\/militares.estrategia.com\/portal\/materias-e-dicas\/origens-e-diferencas-entre-o-romantismo-e-o-neoclassicismo\/#Quais-as-diferencas-entre-os-romanticos-e-neoclassicos\" >Quais as diferen\u00e7as entre os rom\u00e2nticos e neocl\u00e1ssicos?<\/a><\/li><li class='ez-toc-page-1 ez-toc-heading-level-2'><a class=\"ez-toc-link ez-toc-heading-4\" href=\"https:\/\/militares.estrategia.com\/portal\/materias-e-dicas\/origens-e-diferencas-entre-o-romantismo-e-o-neoclassicismo\/#Referencia\" >Refer\u00eancia<\/a><\/li><\/ul><\/nav><\/div>\n<h2 class=\"wp-block-heading\" id=\"h-diferencas-entre-o-romantismo-e-o-movimento-romantico\"><span class=\"ez-toc-section\" id=\"Diferencas-entre-o-romantismo-e-o-movimento-romantico\"><\/span>Diferen\u00e7as entre o romantismo e o movimento rom\u00e2ntico<span class=\"ez-toc-section-end\"><\/span><\/h2>\n\n\n\n<p>No cotidiano, a palavra <strong>romantismo<\/strong> \u00e9 normalmente empregada para designar um comportamento, um modo de agir e de interpretar a realidade. Nessa perspectiva, <strong>o termo est\u00e1 associado \u00e0s pessoas que t\u00eam o h\u00e1bito de oferecer flores, escrever declara\u00e7\u00f5es de amor, apreciar um belo p\u00f4r do sol, mostrar-se delicadas, carinhosas, entre outros.<\/strong><\/p>\n\n\n\n<p><strong>Esse comportamento rom\u00e2ntico ocorreu em todas as \u00e9pocas e ainda repercute na sociedade contempor\u00e2nea, <\/strong>quando se escuta m\u00fasicas, se assiste a novelas ou a filmes de tem\u00e1ticas rom\u00e2nticas.<\/p>\n\n\n\n<p>Essa vis\u00e3o acerca do romantismo, presente no imagin\u00e1rio popular, pode ser encontrada nos versos da can\u00e7\u00e3o do compositor mineiro Vander Lee:&nbsp;<\/p>\n\n\n\n<p><strong>Rom\u00e2nticos<\/strong><\/p>\n\n\n\n<pre class=\"wp-block-verse\">Rom\u00e2nticos s\u00e3o poucos\nRom\u00e2nticos s\u00e3o loucos desvairados\nQue querem ser o outro\nQue pensam que o outro \u00e9 o para\u00edso\n\nRom\u00e2nticos s\u00e3o lindos\nRom\u00e2nticos s\u00e3o limpos e pirados\nQue choram com baladas\nQue amam sem vergonha e sem ju\u00edzo\n\nS\u00e3o tipos populares\nQue vivem pelos bares\nE mesmo certos v\u00e3o pedir perd\u00e3o\nQue passam a noite em claro\nConhecem o gosto raro\nDe amar sem medo de outra desilus\u00e3o\n\nRom\u00e2ntico\n\u00c9 uma esp\u00e9cie em extin\u00e7\u00e3o\nRom\u00e2ntico\n\u00c9 uma esp\u00e9cie em extin\u00e7\u00e3o\n\nS\u00e3o tipos populares\nQue vivem pelos bares\nE mesmo certos v\u00e3o pedir perd\u00e3o\nQue passam a noite em claro\nConhecem o gosto raro\nDe amar sem medo de outra desilus\u00e3o\n\nRom\u00e2ntico\n\u00c9 uma esp\u00e9cie em extin\u00e7\u00e3o\nRom\u00e2ntico\n\u00c9 uma esp\u00e9cie em extin\u00e7\u00e3o\n\nRom\u00e2nticos s\u00e3o poucos\nRom\u00e2nticos s\u00e3o loucos como eu, como eu\nRom\u00e2nticos s\u00e3o loucos\nRom\u00e2nticos s\u00e3o poucos como eu, como eu<\/pre>\n\n\n\n<p>Entretanto, o <strong>romantismo<\/strong> retratado na can\u00e7\u00e3o difere-se do <strong>romantismo<\/strong> como <strong>tend\u00eancia est\u00e9tica<\/strong>. Este, tamb\u00e9m <strong>associado aos sentimentos e \u00e0 valoriza\u00e7\u00e3o das paix\u00f5es e das emo\u00e7\u00f5es, constituiu um movimento art\u00edstico que divulgou os valores da burguesia que acabara de chegar ao poder na Fran\u00e7a<\/strong>.<\/p>\n\n\n\n<p>No Brasil, o romantismo teve in\u00edcio em 1836, <strong>com a publica\u00e7\u00e3o de \u201c<\/strong><strong><em>Suspiros po\u00e9ticos e saudades\u201d<\/em><\/strong><strong>, do poeta carioca Gon\u00e7alves de Magalh\u00e3es.<\/strong><\/p>\n\n\n\n<p>A obra cont\u00e9m elementos estil\u00edsticos do movimento liter\u00e1rio anterior &#8211; o neoclassicismo &#8211; <strong>tais como o culto \u00e0 raz\u00e3o, \u00e0 beleza e ao progresso<\/strong>. No entanto, seus poemas, escritos em sua maioria na It\u00e1lia e na Fran\u00e7a, <strong>abordam temas como o nacionalismo e a idealiza\u00e7\u00e3o patri\u00f3tica, o saudosismo e a cria\u00e7\u00e3o po\u00e9tica como ato divino e de inspira\u00e7\u00e3o religiosa.<\/strong><\/p>\n\n\n\n<p>Al\u00e9m disso, a obra antecipa assuntos como a nostalgia da inf\u00e2ncia e a atra\u00e7\u00e3o pela morte, que s\u00e3o mais cultuados por outros poetas rom\u00e2nticos.<\/p>\n\n\n\n<p><strong>Para compreender melhor as manifesta\u00e7\u00f5es art\u00edsticas do romantismo, \u00e9 importante conhecer algumas transforma\u00e7\u00f5es sociais e culturais que ocorreram na primeira metade do s\u00e9culo XIX.<\/strong><\/p>\n\n\n<div class=\"wp-block-image\">\n<figure class=\"aligncenter size-large\"><img decoding=\"async\" width=\"1024\" height=\"811\" src=\"https:\/\/militares.estrategia.com\/portal\/wp-content\/uploads\/2025\/01\/france-63022_1920-1024x811.jpg\" alt=\"\" class=\"wp-image-81951\" srcset=\"https:\/\/militares.estrategia.com\/portal\/wp-content\/uploads\/2025\/01\/france-63022_1920-1024x811.jpg 1024w, https:\/\/militares.estrategia.com\/portal\/wp-content\/uploads\/2025\/01\/france-63022_1920-768x608.jpg 768w, https:\/\/militares.estrategia.com\/portal\/wp-content\/uploads\/2025\/01\/france-63022_1920-1536x1216.jpg 1536w, https:\/\/militares.estrategia.com\/portal\/wp-content\/uploads\/2025\/01\/france-63022_1920-800x633.jpg 800w, https:\/\/militares.estrategia.com\/portal\/wp-content\/uploads\/2025\/01\/france-63022_1920-1160x918.jpg 1160w, https:\/\/militares.estrategia.com\/portal\/wp-content\/uploads\/2025\/01\/france-63022_1920.jpg 1920w\" sizes=\"(max-width: 1024px) 100vw, 1024px\" \/><\/figure><\/div>\n\n\n<h2 class=\"wp-block-heading\" id=\"h-origens-do-romantismo\"><span class=\"ez-toc-section\" id=\"Origens-do-romantismo\"><\/span>Origens do romantismo<span class=\"ez-toc-section-end\"><\/span><\/h2>\n\n\n\n<p>As origens do movimento rom\u00e2ntico datam do final do s\u00e9culo XVIII, um per\u00edodo marcado por ideais revolucion\u00e1rios. Nessa \u00e9poca, ocorreram in\u00fameras transforma\u00e7\u00f5es sociais, pol\u00edticas e econ\u00f4micas, fundamentais para os s\u00e9culos subsequentes.<\/p>\n\n\n\n<p>S\u00e3o desse per\u00edodo, por exemplo, dois acontecimentos que mudaram a hist\u00f3ria da Europa e, consequentemente, a de todo o mundo ocidental: a <strong>Revolu\u00e7\u00e3o Francesa <\/strong>e a <strong>Revolu\u00e7\u00e3o Industrial<\/strong>.<\/p>\n\n\n\n<p><strong>As duas revolu\u00e7\u00f5es foram decisivas para a consolida\u00e7\u00e3o da burguesia que, aos poucos, come\u00e7ou a dominar as esferas pol\u00edtica, social e econ\u00f4mica.<\/strong><\/p>\n\n\n\n<p>Ao conquistar o poder pol\u00edtico, os burgueses come\u00e7aram a criar e a difundir seus padr\u00f5es est\u00e9ticos e art\u00edsticos, <strong>os quais se diferenciavam daqueles estabelecidos anteriormente pela nobreza.<\/strong><\/p>\n\n\n\n<p>\u00c9 nesse momento que surge o romantismo como um novo movimento art\u00edstico que traduzia a vis\u00e3o de mundo segundo essa camada social. Diferentemente da postura racional da est\u00e9tica neocl\u00e1ssica praticada no s\u00e9culo XVIII, <strong>a arte rom\u00e2ntica tentou perceber as a\u00e7\u00f5es humanas sob as lentes da emo\u00e7\u00e3o e da imagina\u00e7\u00e3o.<\/strong><\/p>\n\n\n\n<p>Assim, os artistas rom\u00e2nticos <strong>buscaram<\/strong> <strong>na pr\u00f3pria individualidade e subjetividade as refer\u00eancias para interpretar a sociedade em que viviam.<\/strong><\/p>\n\n\n\n<h2 class=\"wp-block-heading\" id=\"h-quais-as-diferencas-entre-os-romanticos-e-neoclassicos\"><span class=\"ez-toc-section\" id=\"Quais-as-diferencas-entre-os-romanticos-e-neoclassicos\"><\/span>Quais as diferen\u00e7as entre os rom\u00e2nticos e neocl\u00e1ssicos?<span class=\"ez-toc-section-end\"><\/span><\/h2>\n\n\n\n<p><strong>No s\u00e9culo XVIII, muitos artistas resgataram os valores cl\u00e1ssicos na tentativa de superar os conflitos espirituais e existenciais do homem barroco.<\/strong><\/p>\n\n\n\n<p>Esses artistas, conhecidos como <strong>neocl\u00e1ssicos, <\/strong>buscaram i<strong>mitar autores consagrados a fim de assegurar o racionalismo de sua manifesta\u00e7\u00e3o art\u00edstica.<\/strong> A arte neocl\u00e1ssica, dessa maneira, al\u00e9m de primar pela clareza, pela simplicidade e pelo equil\u00edbrio, foi caracterizada por uma postura predominantemente racional.<\/p>\n\n\n\n<p>Contr\u00e1rios a esses padr\u00f5es est\u00e9ticos,<strong> os rom\u00e2nticos consideravam que a interven\u00e7\u00e3o e os sentimentos eram mais importantes do que a racionalidade e, por isso, \u00e9 comum encontrar na arte rom\u00e2ntica um arrebatamento passional que transmite uma intensa express\u00e3o espont\u00e2nea.<\/strong><\/p>\n\n\n\n<p><strong>Os artistas rom\u00e2nticos, com o intuito de se oporem \u00e0 arte do s\u00e9culo XVIII, substitu\u00edram a objetividade pela subjetividade, a imita\u00e7\u00e3o pela originalidade, o racionalismo pelo sentimentalismo.<\/strong><\/p>\n\n\n\n<p>Curtiu o artigo!? Ent\u00e3o confira mais sobre o Romantismo no Portal Estrat\u00e9gia Militares. Aproveite e confira os cursos preparat\u00f3rios do Estrat\u00e9gia Militares. Clique no banner abaixo e vem ser coruja!<\/p>\n\n\n\n\n\n<p><\/p>\n\n\n\n<h2 class=\"wp-block-heading\" id=\"h-referencia\"><span class=\"ez-toc-section\" id=\"Referencia\"><\/span>Refer\u00eancia<span class=\"ez-toc-section-end\"><\/span><\/h2>\n\n\n\n<p><a href=\"https:\/\/www.letras.mus.br\/vander-lee\/49221\/\">https:\/\/www.letras.mus.br\/vander-lee\/49221\/<\/a><\/p>\n","protected":false},"excerpt":{"rendered":"O romantismo, movimento liter\u00e1rio ocorrido na primeira metade do s\u00e9culo XIX, provocou no mundo ocidental uma intensa transforma\u00e7\u00e3o&hellip;\n","protected":false},"author":52,"featured_media":81952,"comment_status":"closed","ping_status":"closed","sticky":false,"template":"","format":"standard","meta":{"wl_entities_gutenberg":"","footnotes":""},"categories":[228],"tags":[161],"wl_entity_type":[187],"class_list":{"0":"post-81950","1":"post","2":"type-post","3":"status-publish","4":"format-standard","5":"has-post-thumbnail","7":"category-materias-e-dicas","8":"tag-concursosmilitares","9":"wl_entity_type-article"},"acf":[],"yoast_head":"<!-- This site is optimized with the Yoast SEO Premium plugin v26.6 (Yoast SEO v26.6) - https:\/\/yoast.com\/wordpress\/plugins\/seo\/ -->\n<title>Origens e diferen\u00e7as entre o romantismo e o neoclassicismo<\/title>\n<meta name=\"description\" content=\"Clique aqui para saber mais sobre as origens e diferen\u00e7as entre o romantismo e o neoclassicismo, no Portal Estrat\u00e9gia Militares!\" \/>\n<meta name=\"robots\" content=\"index, follow, max-snippet:-1, max-image-preview:large, max-video-preview:-1\" \/>\n<link rel=\"canonical\" href=\"https:\/\/militares.estrategia.com\/portal\/materias-e-dicas\/origens-e-diferencas-entre-o-romantismo-e-o-neoclassicismo\/\" \/>\n<meta property=\"og:locale\" content=\"pt_BR\" \/>\n<meta property=\"og:type\" content=\"article\" \/>\n<meta property=\"og:title\" content=\"Origens e diferen\u00e7as entre o romantismo e o neoclassicismo\" \/>\n<meta property=\"og:description\" content=\"Clique aqui para saber mais sobre as origens e diferen\u00e7as entre o romantismo e o neoclassicismo, no Portal Estrat\u00e9gia Militares!\" \/>\n<meta property=\"og:url\" content=\"https:\/\/militares.estrategia.com\/portal\/materias-e-dicas\/origens-e-diferencas-entre-o-romantismo-e-o-neoclassicismo\/\" \/>\n<meta property=\"og:site_name\" content=\"Estrat\u00e9gia Militares\" \/>\n<meta property=\"article:publisher\" content=\"https:\/\/www.facebook.com\/EstrategiaMilitares\" \/>\n<meta property=\"article:published_time\" content=\"2025-01-15T00:16:25+00:00\" \/>\n<meta property=\"article:modified_time\" content=\"2025-01-15T00:18:56+00:00\" \/>\n<meta property=\"og:image\" content=\"https:\/\/militares.estrategia.com\/portal\/wp-content\/uploads\/2025\/01\/poetry-720610_1920.jpg\" \/>\n\t<meta property=\"og:image:width\" content=\"1920\" \/>\n\t<meta property=\"og:image:height\" content=\"1280\" \/>\n\t<meta property=\"og:image:type\" content=\"image\/jpeg\" \/>\n<meta name=\"author\" content=\"Vin\u00edcius Brigolini\" \/>\n<meta name=\"twitter:card\" content=\"summary_large_image\" \/>\n<meta name=\"twitter:creator\" content=\"@estrategiamilit\" \/>\n<meta name=\"twitter:site\" content=\"@estrategiamilit\" \/>\n<meta name=\"twitter:label1\" content=\"Escrito por\" \/>\n\t<meta name=\"twitter:data1\" content=\"Vin\u00edcius Brigolini\" \/>\n\t<meta name=\"twitter:label2\" content=\"Est. tempo de leitura\" \/>\n\t<meta name=\"twitter:data2\" content=\"5 minutos\" \/>\n<script type=\"application\/ld+json\" class=\"yoast-schema-graph\">{\"@context\":\"https:\/\/schema.org\",\"@graph\":[{\"@type\":\"Article\",\"@id\":\"https:\/\/militares.estrategia.com\/portal\/materias-e-dicas\/origens-e-diferencas-entre-o-romantismo-e-o-neoclassicismo\/#article\",\"isPartOf\":{\"@id\":\"https:\/\/militares.estrategia.com\/portal\/materias-e-dicas\/origens-e-diferencas-entre-o-romantismo-e-o-neoclassicismo\/\"},\"author\":{\"name\":\"Vin\u00edcius Brigolini\",\"@id\":\"https:\/\/militares.estrategia.com\/portal\/#\/schema\/person\/6587b50abb02ffb0d1d0b50c12a6b317\"},\"headline\":\"Origens e diferen\u00e7as entre o romantismo e o neoclassicismo\",\"datePublished\":\"2025-01-15T00:16:25+00:00\",\"dateModified\":\"2025-01-15T00:18:56+00:00\",\"mainEntityOfPage\":{\"@id\":\"https:\/\/militares.estrategia.com\/portal\/materias-e-dicas\/origens-e-diferencas-entre-o-romantismo-e-o-neoclassicismo\/\"},\"wordCount\":835,\"publisher\":{\"@id\":\"https:\/\/militares.estrategia.com\/portal\/#organization\"},\"image\":{\"@id\":\"https:\/\/militares.estrategia.com\/portal\/materias-e-dicas\/origens-e-diferencas-entre-o-romantismo-e-o-neoclassicismo\/#primaryimage\"},\"thumbnailUrl\":\"https:\/\/militares.estrategia.com\/portal\/wp-content\/uploads\/2025\/01\/poetry-720610_1920.jpg\",\"keywords\":[\"ConcursosMilitares\"],\"articleSection\":[\"Mat\u00e9rias e Dicas\"],\"inLanguage\":\"pt-BR\"},{\"@type\":\"WebPage\",\"@id\":\"https:\/\/militares.estrategia.com\/portal\/materias-e-dicas\/origens-e-diferencas-entre-o-romantismo-e-o-neoclassicismo\/\",\"url\":\"https:\/\/militares.estrategia.com\/portal\/materias-e-dicas\/origens-e-diferencas-entre-o-romantismo-e-o-neoclassicismo\/\",\"name\":\"Origens e diferen\u00e7as entre o romantismo e o neoclassicismo\",\"isPartOf\":{\"@id\":\"https:\/\/militares.estrategia.com\/portal\/#website\"},\"primaryImageOfPage\":{\"@id\":\"https:\/\/militares.estrategia.com\/portal\/materias-e-dicas\/origens-e-diferencas-entre-o-romantismo-e-o-neoclassicismo\/#primaryimage\"},\"image\":{\"@id\":\"https:\/\/militares.estrategia.com\/portal\/materias-e-dicas\/origens-e-diferencas-entre-o-romantismo-e-o-neoclassicismo\/#primaryimage\"},\"thumbnailUrl\":\"https:\/\/militares.estrategia.com\/portal\/wp-content\/uploads\/2025\/01\/poetry-720610_1920.jpg\",\"datePublished\":\"2025-01-15T00:16:25+00:00\",\"dateModified\":\"2025-01-15T00:18:56+00:00\",\"description\":\"Clique aqui para saber mais sobre as origens e diferen\u00e7as entre o romantismo e o neoclassicismo, no Portal Estrat\u00e9gia Militares!\",\"breadcrumb\":{\"@id\":\"https:\/\/militares.estrategia.com\/portal\/materias-e-dicas\/origens-e-diferencas-entre-o-romantismo-e-o-neoclassicismo\/#breadcrumb\"},\"inLanguage\":\"pt-BR\",\"potentialAction\":[{\"@type\":\"ReadAction\",\"target\":[\"https:\/\/militares.estrategia.com\/portal\/materias-e-dicas\/origens-e-diferencas-entre-o-romantismo-e-o-neoclassicismo\/\"]}]},{\"@type\":\"ImageObject\",\"inLanguage\":\"pt-BR\",\"@id\":\"https:\/\/militares.estrategia.com\/portal\/materias-e-dicas\/origens-e-diferencas-entre-o-romantismo-e-o-neoclassicismo\/#primaryimage\",\"url\":\"https:\/\/militares.estrategia.com\/portal\/wp-content\/uploads\/2025\/01\/poetry-720610_1920.jpg\",\"contentUrl\":\"https:\/\/militares.estrategia.com\/portal\/wp-content\/uploads\/2025\/01\/poetry-720610_1920.jpg\",\"width\":1920,\"height\":1280},{\"@type\":\"BreadcrumbList\",\"@id\":\"https:\/\/militares.estrategia.com\/portal\/materias-e-dicas\/origens-e-diferencas-entre-o-romantismo-e-o-neoclassicismo\/#breadcrumb\",\"itemListElement\":[{\"@type\":\"ListItem\",\"position\":1,\"name\":\"Home\",\"item\":\"https:\/\/militares.estrategia.com\/portal\/\"},{\"@type\":\"ListItem\",\"position\":2,\"name\":\"Mat\u00e9rias e Dicas\",\"item\":\"https:\/\/militares.estrategia.com\/portal\/materias-e-dicas\/\"},{\"@type\":\"ListItem\",\"position\":3,\"name\":\"Origens e diferen\u00e7as entre o romantismo e o neoclassicismo\"}]},{\"@type\":\"WebSite\",\"@id\":\"https:\/\/militares.estrategia.com\/portal\/#website\",\"url\":\"https:\/\/militares.estrategia.com\/portal\/\",\"name\":\"Estrat\u00e9gia Militares\",\"description\":\"\",\"publisher\":{\"@id\":\"https:\/\/militares.estrategia.com\/portal\/#organization\"},\"potentialAction\":[{\"@type\":\"SearchAction\",\"target\":{\"@type\":\"EntryPoint\",\"urlTemplate\":\"https:\/\/militares.estrategia.com\/portal\/?s={search_term_string}\"},\"query-input\":{\"@type\":\"PropertyValueSpecification\",\"valueRequired\":true,\"valueName\":\"search_term_string\"}}],\"inLanguage\":\"pt-BR\"},{\"@type\":\"Organization\",\"@id\":\"https:\/\/militares.estrategia.com\/portal\/#organization\",\"name\":\"Estrat\u00e9gia Militares\",\"url\":\"https:\/\/militares.estrategia.com\/portal\/\",\"logo\":{\"@type\":\"ImageObject\",\"inLanguage\":\"pt-BR\",\"@id\":\"https:\/\/militares.estrategia.com\/portal\/#\/schema\/logo\/image\/\",\"url\":\"https:\/\/militares.estrategia.com\/portal\/wp-content\/uploads\/2021\/10\/logo-militares.webp\",\"contentUrl\":\"https:\/\/militares.estrategia.com\/portal\/wp-content\/uploads\/2021\/10\/logo-militares.webp\",\"width\":346,\"height\":90,\"caption\":\"Estrat\u00e9gia Militares\"},\"image\":{\"@id\":\"https:\/\/militares.estrategia.com\/portal\/#\/schema\/logo\/image\/\"},\"sameAs\":[\"https:\/\/www.facebook.com\/EstrategiaMilitares\",\"https:\/\/x.com\/estrategiamilit\",\"https:\/\/www.instagram.com\/estrategiamilitares\/\",\"https:\/\/www.youtube.com\/channel\/UCRG_9hakCqXxnj_8TqCdgTA\"]},{\"@type\":\"Person\",\"@id\":\"https:\/\/militares.estrategia.com\/portal\/#\/schema\/person\/6587b50abb02ffb0d1d0b50c12a6b317\",\"name\":\"Vin\u00edcius Brigolini\",\"image\":{\"@type\":\"ImageObject\",\"inLanguage\":\"pt-BR\",\"@id\":\"https:\/\/militares.estrategia.com\/portal\/#\/schema\/person\/image\/\",\"url\":\"https:\/\/militares.estrategia.com\/portal\/wp-content\/uploads\/2021\/08\/Sem-titulo-150x150.jpg\",\"contentUrl\":\"https:\/\/militares.estrategia.com\/portal\/wp-content\/uploads\/2021\/08\/Sem-titulo-150x150.jpg\",\"caption\":\"Vin\u00edcius Brigolini\"},\"description\":\"Membro da turma Carcar\u00e1 de 2017 da For\u00e7a A\u00e9rea Brasileira. \u00c9 apaixonado pela avia\u00e7\u00e3o e pelo mundo militar!\",\"sameAs\":[\"https:\/\/www.instagram.com\/viniciusbgn\/\"],\"url\":\"https:\/\/militares.estrategia.com\/portal\/author\/vinicius-souza\/\"}]}<\/script>\n<!-- \/ Yoast SEO Premium plugin. -->","yoast_head_json":{"title":"Origens e diferen\u00e7as entre o romantismo e o neoclassicismo","description":"Clique aqui para saber mais sobre as origens e diferen\u00e7as entre o romantismo e o neoclassicismo, no Portal Estrat\u00e9gia Militares!","robots":{"index":"index","follow":"follow","max-snippet":"max-snippet:-1","max-image-preview":"max-image-preview:large","max-video-preview":"max-video-preview:-1"},"canonical":"https:\/\/militares.estrategia.com\/portal\/materias-e-dicas\/origens-e-diferencas-entre-o-romantismo-e-o-neoclassicismo\/","og_locale":"pt_BR","og_type":"article","og_title":"Origens e diferen\u00e7as entre o romantismo e o neoclassicismo","og_description":"Clique aqui para saber mais sobre as origens e diferen\u00e7as entre o romantismo e o neoclassicismo, no Portal Estrat\u00e9gia Militares!","og_url":"https:\/\/militares.estrategia.com\/portal\/materias-e-dicas\/origens-e-diferencas-entre-o-romantismo-e-o-neoclassicismo\/","og_site_name":"Estrat\u00e9gia Militares","article_publisher":"https:\/\/www.facebook.com\/EstrategiaMilitares","article_published_time":"2025-01-15T00:16:25+00:00","article_modified_time":"2025-01-15T00:18:56+00:00","og_image":[{"width":1920,"height":1280,"url":"https:\/\/militares.estrategia.com\/portal\/wp-content\/uploads\/2025\/01\/poetry-720610_1920.jpg","type":"image\/jpeg"}],"author":"Vin\u00edcius Brigolini","twitter_card":"summary_large_image","twitter_creator":"@estrategiamilit","twitter_site":"@estrategiamilit","twitter_misc":{"Escrito por":"Vin\u00edcius Brigolini","Est. tempo de leitura":"5 minutos"},"schema":{"@context":"https:\/\/schema.org","@graph":[{"@type":"Article","@id":"https:\/\/militares.estrategia.com\/portal\/materias-e-dicas\/origens-e-diferencas-entre-o-romantismo-e-o-neoclassicismo\/#article","isPartOf":{"@id":"https:\/\/militares.estrategia.com\/portal\/materias-e-dicas\/origens-e-diferencas-entre-o-romantismo-e-o-neoclassicismo\/"},"author":{"name":"Vin\u00edcius Brigolini","@id":"https:\/\/militares.estrategia.com\/portal\/#\/schema\/person\/6587b50abb02ffb0d1d0b50c12a6b317"},"headline":"Origens e diferen\u00e7as entre o romantismo e o neoclassicismo","datePublished":"2025-01-15T00:16:25+00:00","dateModified":"2025-01-15T00:18:56+00:00","mainEntityOfPage":{"@id":"https:\/\/militares.estrategia.com\/portal\/materias-e-dicas\/origens-e-diferencas-entre-o-romantismo-e-o-neoclassicismo\/"},"wordCount":835,"publisher":{"@id":"https:\/\/militares.estrategia.com\/portal\/#organization"},"image":{"@id":"https:\/\/militares.estrategia.com\/portal\/materias-e-dicas\/origens-e-diferencas-entre-o-romantismo-e-o-neoclassicismo\/#primaryimage"},"thumbnailUrl":"https:\/\/militares.estrategia.com\/portal\/wp-content\/uploads\/2025\/01\/poetry-720610_1920.jpg","keywords":["ConcursosMilitares"],"articleSection":["Mat\u00e9rias e Dicas"],"inLanguage":"pt-BR"},{"@type":"WebPage","@id":"https:\/\/militares.estrategia.com\/portal\/materias-e-dicas\/origens-e-diferencas-entre-o-romantismo-e-o-neoclassicismo\/","url":"https:\/\/militares.estrategia.com\/portal\/materias-e-dicas\/origens-e-diferencas-entre-o-romantismo-e-o-neoclassicismo\/","name":"Origens e diferen\u00e7as entre o romantismo e o neoclassicismo","isPartOf":{"@id":"https:\/\/militares.estrategia.com\/portal\/#website"},"primaryImageOfPage":{"@id":"https:\/\/militares.estrategia.com\/portal\/materias-e-dicas\/origens-e-diferencas-entre-o-romantismo-e-o-neoclassicismo\/#primaryimage"},"image":{"@id":"https:\/\/militares.estrategia.com\/portal\/materias-e-dicas\/origens-e-diferencas-entre-o-romantismo-e-o-neoclassicismo\/#primaryimage"},"thumbnailUrl":"https:\/\/militares.estrategia.com\/portal\/wp-content\/uploads\/2025\/01\/poetry-720610_1920.jpg","datePublished":"2025-01-15T00:16:25+00:00","dateModified":"2025-01-15T00:18:56+00:00","description":"Clique aqui para saber mais sobre as origens e diferen\u00e7as entre o romantismo e o neoclassicismo, no Portal Estrat\u00e9gia Militares!","breadcrumb":{"@id":"https:\/\/militares.estrategia.com\/portal\/materias-e-dicas\/origens-e-diferencas-entre-o-romantismo-e-o-neoclassicismo\/#breadcrumb"},"inLanguage":"pt-BR","potentialAction":[{"@type":"ReadAction","target":["https:\/\/militares.estrategia.com\/portal\/materias-e-dicas\/origens-e-diferencas-entre-o-romantismo-e-o-neoclassicismo\/"]}]},{"@type":"ImageObject","inLanguage":"pt-BR","@id":"https:\/\/militares.estrategia.com\/portal\/materias-e-dicas\/origens-e-diferencas-entre-o-romantismo-e-o-neoclassicismo\/#primaryimage","url":"https:\/\/militares.estrategia.com\/portal\/wp-content\/uploads\/2025\/01\/poetry-720610_1920.jpg","contentUrl":"https:\/\/militares.estrategia.com\/portal\/wp-content\/uploads\/2025\/01\/poetry-720610_1920.jpg","width":1920,"height":1280},{"@type":"BreadcrumbList","@id":"https:\/\/militares.estrategia.com\/portal\/materias-e-dicas\/origens-e-diferencas-entre-o-romantismo-e-o-neoclassicismo\/#breadcrumb","itemListElement":[{"@type":"ListItem","position":1,"name":"Home","item":"https:\/\/militares.estrategia.com\/portal\/"},{"@type":"ListItem","position":2,"name":"Mat\u00e9rias e Dicas","item":"https:\/\/militares.estrategia.com\/portal\/materias-e-dicas\/"},{"@type":"ListItem","position":3,"name":"Origens e diferen\u00e7as entre o romantismo e o neoclassicismo"}]},{"@type":"WebSite","@id":"https:\/\/militares.estrategia.com\/portal\/#website","url":"https:\/\/militares.estrategia.com\/portal\/","name":"Estrat\u00e9gia Militares","description":"","publisher":{"@id":"https:\/\/militares.estrategia.com\/portal\/#organization"},"potentialAction":[{"@type":"SearchAction","target":{"@type":"EntryPoint","urlTemplate":"https:\/\/militares.estrategia.com\/portal\/?s={search_term_string}"},"query-input":{"@type":"PropertyValueSpecification","valueRequired":true,"valueName":"search_term_string"}}],"inLanguage":"pt-BR"},{"@type":"Organization","@id":"https:\/\/militares.estrategia.com\/portal\/#organization","name":"Estrat\u00e9gia Militares","url":"https:\/\/militares.estrategia.com\/portal\/","logo":{"@type":"ImageObject","inLanguage":"pt-BR","@id":"https:\/\/militares.estrategia.com\/portal\/#\/schema\/logo\/image\/","url":"https:\/\/militares.estrategia.com\/portal\/wp-content\/uploads\/2021\/10\/logo-militares.webp","contentUrl":"https:\/\/militares.estrategia.com\/portal\/wp-content\/uploads\/2021\/10\/logo-militares.webp","width":346,"height":90,"caption":"Estrat\u00e9gia Militares"},"image":{"@id":"https:\/\/militares.estrategia.com\/portal\/#\/schema\/logo\/image\/"},"sameAs":["https:\/\/www.facebook.com\/EstrategiaMilitares","https:\/\/x.com\/estrategiamilit","https:\/\/www.instagram.com\/estrategiamilitares\/","https:\/\/www.youtube.com\/channel\/UCRG_9hakCqXxnj_8TqCdgTA"]},{"@type":"Person","@id":"https:\/\/militares.estrategia.com\/portal\/#\/schema\/person\/6587b50abb02ffb0d1d0b50c12a6b317","name":"Vin\u00edcius Brigolini","image":{"@type":"ImageObject","inLanguage":"pt-BR","@id":"https:\/\/militares.estrategia.com\/portal\/#\/schema\/person\/image\/","url":"https:\/\/militares.estrategia.com\/portal\/wp-content\/uploads\/2021\/08\/Sem-titulo-150x150.jpg","contentUrl":"https:\/\/militares.estrategia.com\/portal\/wp-content\/uploads\/2021\/08\/Sem-titulo-150x150.jpg","caption":"Vin\u00edcius Brigolini"},"description":"Membro da turma Carcar\u00e1 de 2017 da For\u00e7a A\u00e9rea Brasileira. \u00c9 apaixonado pela avia\u00e7\u00e3o e pelo mundo militar!","sameAs":["https:\/\/www.instagram.com\/viniciusbgn\/"],"url":"https:\/\/militares.estrategia.com\/portal\/author\/vinicius-souza\/"}]}},"_wl_alt_label":[],"wl:entity_url":"https:\/\/data.wordlift.io\/wl110246\/post\/origens-e-diferencas-entre-o-romantismo-e-o-neoclassicismo-81950","_links":{"self":[{"href":"https:\/\/militares.estrategia.com\/portal\/wp-json\/wp\/v2\/posts\/81950","targetHints":{"allow":["GET"]}}],"collection":[{"href":"https:\/\/militares.estrategia.com\/portal\/wp-json\/wp\/v2\/posts"}],"about":[{"href":"https:\/\/militares.estrategia.com\/portal\/wp-json\/wp\/v2\/types\/post"}],"author":[{"embeddable":true,"href":"https:\/\/militares.estrategia.com\/portal\/wp-json\/wp\/v2\/users\/52"}],"replies":[{"embeddable":true,"href":"https:\/\/militares.estrategia.com\/portal\/wp-json\/wp\/v2\/comments?post=81950"}],"version-history":[{"count":1,"href":"https:\/\/militares.estrategia.com\/portal\/wp-json\/wp\/v2\/posts\/81950\/revisions"}],"predecessor-version":[{"id":81953,"href":"https:\/\/militares.estrategia.com\/portal\/wp-json\/wp\/v2\/posts\/81950\/revisions\/81953"}],"wp:featuredmedia":[{"embeddable":true,"href":"https:\/\/militares.estrategia.com\/portal\/wp-json\/wp\/v2\/media\/81952"}],"wp:attachment":[{"href":"https:\/\/militares.estrategia.com\/portal\/wp-json\/wp\/v2\/media?parent=81950"}],"wp:term":[{"taxonomy":"category","embeddable":true,"href":"https:\/\/militares.estrategia.com\/portal\/wp-json\/wp\/v2\/categories?post=81950"},{"taxonomy":"post_tag","embeddable":true,"href":"https:\/\/militares.estrategia.com\/portal\/wp-json\/wp\/v2\/tags?post=81950"},{"taxonomy":"wl_entity_type","embeddable":true,"href":"https:\/\/militares.estrategia.com\/portal\/wp-json\/wp\/v2\/wl_entity_type?post=81950"}],"curies":[{"name":"wp","href":"https:\/\/api.w.org\/{rel}","templated":true}]}}