{"id":80883,"date":"2024-12-04T09:19:39","date_gmt":"2024-12-04T12:19:39","guid":{"rendered":"https:\/\/militares.estrategia.com\/portal\/?p=80883"},"modified":"2024-12-04T09:19:44","modified_gmt":"2024-12-04T12:19:44","slug":"ita-2024-2025-medias-da-2a-fase-sao-divulgadas","status":"publish","type":"post","link":"https:\/\/militares.estrategia.com\/portal\/noticias\/ita-2024-2025-medias-da-2a-fase-sao-divulgadas\/","title":{"rendered":"ITA 2024\/2025: m\u00e9dias preliminares da 2\u00aa\u00a0fase s\u00e3o divulgadas"},"content":{"rendered":"\n<p>A For\u00e7a A\u00e9rea Brasileira divulgou os resultados preliminares da 2<strong>\u00aa<\/strong>\u00a0fase do <a href=\"https:\/\/militares.estrategia.com\/portal\/escolas-militares\/fab\/ita\/concurso-ita\/\" target=\"_blank\" >Concurso ITA<\/a> 2024\/2025 nesta quarta, dia 4 de dezembro. As m\u00e9dias foram publicadas na <a href=\"https:\/\/www.vestibular.ita.br\/\" target=\"_blank\" >p\u00e1gina oficial do seletivo na internet<\/a>. <\/p>\n\n\n<div id=\"new-form\">\n\t<form id=\"forms_layout\">\n\t<input type=\"hidden\" id=\"chave_de\" name=\"chave_de\" value=\"01_EMIL_LEADS_TOTAIS\" \/>\n\t\t<input type=\"hidden\" id=\"mid\" name=\"mid\" value=\"515009017\" \/>\n\t\t<input type=\"hidden\" id=\"Objetivo\" name=\"Objetivo\" value=\"Militares\" \/>\n\t\t<input type=\"hidden\" id=\"Estado_de_Origem_do_IP\" name=\"Estado_de_Origem_do_IP\"  value=\"\" \/>\n\t\t<input type=\"hidden\" id=\"Cidade_de_Origem_do_IP\" name=\"Cidade_de_Origem_do_IP\" value=\"\" \/>\n\t\t<input type=\"hidden\" id=\"Modo_de_entrada\" name=\"Modo_de_entrada\" value=\"Portal\" \/>\n\t\t<input type=\"hidden\" id=\"Pagina_Origem\" name=\"Pagina_Origem\" value=\"\" \/>\n\n\t\t<div class=\"texto\">\n\t\t\t<h3 class=\"news\">Inscreva-se em nossa newsletter!<\/h3>\n\t\t\t<p>Receba not\u00edcias sobre os mais importantes concursos para as For\u00e7as Armadas brasileiras e informa\u00e7\u00f5es sobre o mundo militar!<\/p>\n\t\t<\/div>\n\t\t<div class=\"campos\">\n\t\t\t<div class=\"first_name labels\">\n\t\t\t\t<input type=\"text\" class=\"input_labels\" id=\"first_name\" name=\"Nome_Completo\" placeholder=\"Nome\" required \/>\n\t\t\t<\/div>\n\t\t\t<div class=\"email labels\">\n\t\t\t\t<input type=\"email\" class=\"input_labels\" id=\"email\" name=\"Email\" placeholder=\"E-mail\" required \/>\n\t\t\t<\/div>\n\t\t\t<button type=\"submit\" class=\"button_layout\">\n\t\t\t\t<div id=\"lblBotao\">Inscreva-se<\/div>\n\t\t\t\t<span id=\"divSpiner\" class=\"loader\" role=\"status\" style=\"display: none;\"><\/span>\t\n\t\t\t<\/button>\n\t\t<\/div><!-- \/campos -->\n\t\t\n\t\t<label class=\"container_checkbox\">Voc\u00ea concorda com a nossa\n\t\t\t<a class=\"politics_privacy_ahref\" target=\"_blank\" href=\"https:\/\/gratis.estrategiaconcursos.com.br\/politica-de-privacidade\/\">Pol\u00edtica de Privacidade<\/a> e aceita receber informa\u00e7\u00f5es adicionais do Estrat\u00e9gia Educacional.\n\t\t\t<input id=\"checkbox_layout\" type=\"checkbox\" checked=\"checked\" required \/>\n\t\t\t<span class=\"checkbox\"><\/span>\n\t\t<\/label>\n\t\t<div id=\"msg\"><\/div>\n\t\t<div id=\"error\" class=\"error\">\n\t\t<\/div>\n\t<\/form>\n<\/div><!-- \/new-form -->\n\n\n\n<p>A 2<strong>\u00aa<\/strong>\u00a0fase do Concurso ITA 2024\/2025 aconteceu entre os dias 5 a 8 de novembro, com quest\u00f5es dissertativas e objetivas. O resultado da etapa foi publicado na \u00e1rea do candidato. Clique no bot\u00e3o abaixo e acesse suas m\u00e9dias em cada uma das mat\u00e9rias: <\/p>\n\n\n\n<div class=\"wp-block-buttons is-content-justification-center is-layout-flex wp-container-core-buttons-is-layout-1 wp-block-buttons-is-layout-flex\">\n<div class=\"wp-block-button is-style-outline is-style-outline--1\"><a class=\"wp-block-button__link has-electric-grass-gradient-background has-background wp-element-button\" href=\"https:\/\/gru.ita.br\/correcao\/notas2f\/login.asp\" style=\"border-radius:30px\" target=\"_blank\" >Resultado preliminar &#8211; ITA 2<strong>\u00aa<\/strong>&nbsp;fase<\/a><\/div>\n<\/div>\n\n\n\n<p>Os candidatos que n\u00e3o concordem com o resultado podem pedir recurso com rela\u00e7\u00e3o \u00e0s notas obtidas na 2<strong>\u00aa<\/strong>\u00a0fase do Concurso ITA 2024\/2025 tamb\u00e9m no site do seletivo. <a href=\"https:\/\/gru.ita.br\/correcao\/uplrecurso\/login.asp\" target=\"_blank\" >Clique aqui<\/a> para efetuar o recurso. <\/p>\n\n\n\n<p>As notas finais, bem como a rela\u00e7\u00e3o de candidatos convocados para a 3<strong>\u00aa<\/strong>&nbsp;fase do ITA ser\u00e3o divulgados no dia 19 de dezembro. As pr\u00f3ximas etapas do seletivo s\u00e3o a Inspe\u00e7\u00e3o de Sa\u00fade e o Procedimento de Heteroidentifica\u00e7\u00e3o, para candidatos que se declararam pretos ou pardos. <\/p>\n\n\n\n<p>Veja a seguir o calend\u00e1rio das demais etapas:<\/p>\n\n\n\n<figure class=\"wp-block-table is-style-stripes\"><table class=\"has-electric-grass-gradient-background has-background has-fixed-layout\"><tbody><tr><td><strong>Divulga\u00e7\u00e3o de Notas Finais e convocados para 3\u00aa Fase<\/strong><\/td><td>19\/12\/2024<\/td><\/tr><tr><td><strong>3\u00aa Fase Inspe\u00e7\u00e3o de Sa\u00fade<\/strong><\/td><td>13 a 17\/01\/2025<\/td><\/tr><tr><td><strong>Resultado Inspe\u00e7\u00e3o de Sa\u00fade<\/strong><\/td><td>20\/01\/2025<\/td><\/tr><tr><td><strong>Heteroidentifica\u00e7\u00e3o<\/strong><\/td><td>13\/01\/2025<\/td><\/tr><tr><td><strong>Matr\u00edcula<\/strong><\/td><td>03 (Ativa) e 04 (Reserva)\/02\/2025<\/td><\/tr><tr><td><strong>In\u00edcio do ano letivo<\/strong><\/td><td>24\/02\/2025<\/td><\/tr><\/tbody><\/table><\/figure>\n\n\n\n<p>Fique atento ao Portal Estrat\u00e9gia Militares para saber mais sobre os seletivos das For\u00e7as Armadas e outras informa\u00e7\u00f5es sobre o mundo militar! Clique no banner e visite nossa plataforma de cursos on-line preparat\u00f3rios: <\/p>\n\n\n\n\n\n<p><\/p>\n","protected":false},"excerpt":{"rendered":"A For\u00e7a A\u00e9rea Brasileira divulgou os resultados preliminares da 2\u00aa\u00a0fase do Concurso ITA 2024\/2025 nesta quarta, dia 4&hellip;\n","protected":false},"author":9,"featured_media":58080,"comment_status":"closed","ping_status":"closed","sticky":false,"template":"","format":"standard","meta":{"wl_entities_gutenberg":"","footnotes":""},"categories":[36],"tags":[313,162,161,271,107],"wl_entity_type":[187],"class_list":{"0":"post-80883","1":"post","2":"type-post","3":"status-publish","4":"format-standard","5":"has-post-thumbnail","7":"category-noticias","8":"tag-313","9":"tag-carreiramilitar","10":"tag-concursosmilitares","11":"tag-fab","12":"tag-ita","13":"wl_entity_type-article"},"acf":[],"yoast_head":"<!-- This site is optimized with the Yoast SEO Premium plugin v26.6 (Yoast SEO v26.6) - https:\/\/yoast.com\/wordpress\/plugins\/seo\/ -->\n<title>ITA 2024\/2025: m\u00e9dias preliminares da 2\u00aa\u00a0fase s\u00e3o divulgadas<\/title>\n<meta name=\"description\" content=\"Confira os resultados preliminares da 2\u00aa Fase do Concurso ITA 2924\/2025 e o calend\u00e1rio das pr\u00f3ximas etapas!\" \/>\n<meta name=\"robots\" content=\"index, follow, max-snippet:-1, max-image-preview:large, max-video-preview:-1\" \/>\n<link rel=\"canonical\" href=\"https:\/\/militares.estrategia.com\/portal\/noticias\/ita-2024-2025-medias-da-2a-fase-sao-divulgadas\/\" \/>\n<meta property=\"og:locale\" content=\"pt_BR\" \/>\n<meta property=\"og:type\" content=\"article\" \/>\n<meta property=\"og:title\" content=\"ITA 2024\/2025: m\u00e9dias preliminares da 2\u00aa\u00a0fase s\u00e3o divulgadas\" \/>\n<meta property=\"og:description\" content=\"Confira os resultados preliminares da 2\u00aa Fase do Concurso ITA 2924\/2025 e o calend\u00e1rio das pr\u00f3ximas etapas!\" \/>\n<meta property=\"og:url\" content=\"https:\/\/militares.estrategia.com\/portal\/noticias\/ita-2024-2025-medias-da-2a-fase-sao-divulgadas\/\" \/>\n<meta property=\"og:site_name\" content=\"Estrat\u00e9gia Militares\" \/>\n<meta property=\"article:publisher\" content=\"https:\/\/www.facebook.com\/EstrategiaMilitares\" \/>\n<meta property=\"article:published_time\" content=\"2024-12-04T12:19:39+00:00\" \/>\n<meta property=\"article:modified_time\" content=\"2024-12-04T12:19:44+00:00\" \/>\n<meta property=\"og:image\" content=\"https:\/\/militares.estrategia.com\/portal\/wp-content\/uploads\/2022\/08\/Capa_BLOG_ITA.jpg\" \/>\n\t<meta property=\"og:image:width\" content=\"1200\" \/>\n\t<meta property=\"og:image:height\" content=\"676\" \/>\n\t<meta property=\"og:image:type\" content=\"image\/jpeg\" \/>\n<meta name=\"author\" content=\"Raquel Oshio\" \/>\n<meta name=\"twitter:card\" content=\"summary_large_image\" \/>\n<meta name=\"twitter:creator\" content=\"@estrategiamilit\" \/>\n<meta name=\"twitter:site\" content=\"@estrategiamilit\" \/>\n<meta name=\"twitter:label1\" content=\"Escrito por\" \/>\n\t<meta name=\"twitter:data1\" content=\"Raquel Oshio\" \/>\n\t<meta name=\"twitter:label2\" content=\"Est. tempo de leitura\" \/>\n\t<meta name=\"twitter:data2\" content=\"1 minuto\" \/>\n<script type=\"application\/ld+json\" class=\"yoast-schema-graph\">{\"@context\":\"https:\/\/schema.org\",\"@graph\":[{\"@type\":\"NewsArticle\",\"@id\":\"https:\/\/militares.estrategia.com\/portal\/noticias\/ita-2024-2025-medias-da-2a-fase-sao-divulgadas\/#article\",\"isPartOf\":{\"@id\":\"https:\/\/militares.estrategia.com\/portal\/noticias\/ita-2024-2025-medias-da-2a-fase-sao-divulgadas\/\"},\"author\":{\"name\":\"Raquel Oshio\",\"@id\":\"https:\/\/militares.estrategia.com\/portal\/#\/schema\/person\/46e1f54d690b6a851270112cd62d2f37\"},\"headline\":\"ITA 2024\/2025: m\u00e9dias preliminares da 2\u00aa\u00a0fase s\u00e3o divulgadas\",\"datePublished\":\"2024-12-04T12:19:39+00:00\",\"dateModified\":\"2024-12-04T12:19:44+00:00\",\"mainEntityOfPage\":{\"@id\":\"https:\/\/militares.estrategia.com\/portal\/noticias\/ita-2024-2025-medias-da-2a-fase-sao-divulgadas\/\"},\"wordCount\":259,\"publisher\":{\"@id\":\"https:\/\/militares.estrategia.com\/portal\/#organization\"},\"image\":{\"@id\":\"https:\/\/militares.estrategia.com\/portal\/noticias\/ita-2024-2025-medias-da-2a-fase-sao-divulgadas\/#primaryimage\"},\"thumbnailUrl\":\"https:\/\/militares.estrategia.com\/portal\/wp-content\/uploads\/2022\/08\/Capa_BLOG_ITA.jpg\",\"keywords\":[\"2024\",\"carreiramilitar\",\"ConcursosMilitares\",\"FAB\",\"ITA\"],\"articleSection\":[\"Not\u00edcias\"],\"inLanguage\":\"pt-BR\"},{\"@type\":\"WebPage\",\"@id\":\"https:\/\/militares.estrategia.com\/portal\/noticias\/ita-2024-2025-medias-da-2a-fase-sao-divulgadas\/\",\"url\":\"https:\/\/militares.estrategia.com\/portal\/noticias\/ita-2024-2025-medias-da-2a-fase-sao-divulgadas\/\",\"name\":\"ITA 2024\/2025: m\u00e9dias preliminares da 2\u00aa\u00a0fase s\u00e3o divulgadas\",\"isPartOf\":{\"@id\":\"https:\/\/militares.estrategia.com\/portal\/#website\"},\"primaryImageOfPage\":{\"@id\":\"https:\/\/militares.estrategia.com\/portal\/noticias\/ita-2024-2025-medias-da-2a-fase-sao-divulgadas\/#primaryimage\"},\"image\":{\"@id\":\"https:\/\/militares.estrategia.com\/portal\/noticias\/ita-2024-2025-medias-da-2a-fase-sao-divulgadas\/#primaryimage\"},\"thumbnailUrl\":\"https:\/\/militares.estrategia.com\/portal\/wp-content\/uploads\/2022\/08\/Capa_BLOG_ITA.jpg\",\"datePublished\":\"2024-12-04T12:19:39+00:00\",\"dateModified\":\"2024-12-04T12:19:44+00:00\",\"description\":\"Confira os resultados preliminares da 2\u00aa Fase do Concurso ITA 2924\/2025 e o calend\u00e1rio das pr\u00f3ximas etapas!\",\"breadcrumb\":{\"@id\":\"https:\/\/militares.estrategia.com\/portal\/noticias\/ita-2024-2025-medias-da-2a-fase-sao-divulgadas\/#breadcrumb\"},\"inLanguage\":\"pt-BR\",\"potentialAction\":[{\"@type\":\"ReadAction\",\"target\":[\"https:\/\/militares.estrategia.com\/portal\/noticias\/ita-2024-2025-medias-da-2a-fase-sao-divulgadas\/\"]}]},{\"@type\":\"ImageObject\",\"inLanguage\":\"pt-BR\",\"@id\":\"https:\/\/militares.estrategia.com\/portal\/noticias\/ita-2024-2025-medias-da-2a-fase-sao-divulgadas\/#primaryimage\",\"url\":\"https:\/\/militares.estrategia.com\/portal\/wp-content\/uploads\/2022\/08\/Capa_BLOG_ITA.jpg\",\"contentUrl\":\"https:\/\/militares.estrategia.com\/portal\/wp-content\/uploads\/2022\/08\/Capa_BLOG_ITA.jpg\",\"width\":1200,\"height\":676,\"caption\":\"ITA\"},{\"@type\":\"BreadcrumbList\",\"@id\":\"https:\/\/militares.estrategia.com\/portal\/noticias\/ita-2024-2025-medias-da-2a-fase-sao-divulgadas\/#breadcrumb\",\"itemListElement\":[{\"@type\":\"ListItem\",\"position\":1,\"name\":\"Home\",\"item\":\"https:\/\/militares.estrategia.com\/portal\/\"},{\"@type\":\"ListItem\",\"position\":2,\"name\":\"Not\u00edcias\",\"item\":\"https:\/\/militares.estrategia.com\/portal\/noticias\/\"},{\"@type\":\"ListItem\",\"position\":3,\"name\":\"ITA 2024\/2025: m\u00e9dias preliminares da 2\u00aa\u00a0fase s\u00e3o divulgadas\"}]},{\"@type\":\"WebSite\",\"@id\":\"https:\/\/militares.estrategia.com\/portal\/#website\",\"url\":\"https:\/\/militares.estrategia.com\/portal\/\",\"name\":\"Estrat\u00e9gia Militares\",\"description\":\"\",\"publisher\":{\"@id\":\"https:\/\/militares.estrategia.com\/portal\/#organization\"},\"potentialAction\":[{\"@type\":\"SearchAction\",\"target\":{\"@type\":\"EntryPoint\",\"urlTemplate\":\"https:\/\/militares.estrategia.com\/portal\/?s={search_term_string}\"},\"query-input\":{\"@type\":\"PropertyValueSpecification\",\"valueRequired\":true,\"valueName\":\"search_term_string\"}}],\"inLanguage\":\"pt-BR\"},{\"@type\":\"Organization\",\"@id\":\"https:\/\/militares.estrategia.com\/portal\/#organization\",\"name\":\"Estrat\u00e9gia Militares\",\"url\":\"https:\/\/militares.estrategia.com\/portal\/\",\"logo\":{\"@type\":\"ImageObject\",\"inLanguage\":\"pt-BR\",\"@id\":\"https:\/\/militares.estrategia.com\/portal\/#\/schema\/logo\/image\/\",\"url\":\"https:\/\/militares.estrategia.com\/portal\/wp-content\/uploads\/2021\/10\/logo-militares.webp\",\"contentUrl\":\"https:\/\/militares.estrategia.com\/portal\/wp-content\/uploads\/2021\/10\/logo-militares.webp\",\"width\":346,\"height\":90,\"caption\":\"Estrat\u00e9gia Militares\"},\"image\":{\"@id\":\"https:\/\/militares.estrategia.com\/portal\/#\/schema\/logo\/image\/\"},\"sameAs\":[\"https:\/\/www.facebook.com\/EstrategiaMilitares\",\"https:\/\/x.com\/estrategiamilit\",\"https:\/\/www.instagram.com\/estrategiamilitares\/\",\"https:\/\/www.youtube.com\/channel\/UCRG_9hakCqXxnj_8TqCdgTA\"]},{\"@type\":\"Person\",\"@id\":\"https:\/\/militares.estrategia.com\/portal\/#\/schema\/person\/46e1f54d690b6a851270112cd62d2f37\",\"name\":\"Raquel Oshio\",\"image\":{\"@type\":\"ImageObject\",\"inLanguage\":\"pt-BR\",\"@id\":\"https:\/\/militares.estrategia.com\/portal\/#\/schema\/person\/image\/\",\"url\":\"https:\/\/secure.gravatar.com\/avatar\/fa4e62d5e59d9cf9995ea9c715a78807?s=96&d=mm&r=g\",\"contentUrl\":\"https:\/\/secure.gravatar.com\/avatar\/fa4e62d5e59d9cf9995ea9c715a78807?s=96&d=mm&r=g\",\"caption\":\"Raquel Oshio\"},\"description\":\"Raquel Kie \u00e9 amante de hist\u00f3rias e ca\u00e7adora de belezas escondidas. Jornalista de profiss\u00e3o e cora\u00e7\u00e3o. Desenhista e escritora de fic\u00e7\u00e3o nas horas vagas. Acredito no potencial transformador de todo trabalho feito com dedica\u00e7\u00e3o.\",\"url\":\"https:\/\/militares.estrategia.com\/portal\/author\/raqueloshio\/\"}]}<\/script>\n<!-- \/ Yoast SEO Premium plugin. -->","yoast_head_json":{"title":"ITA 2024\/2025: m\u00e9dias preliminares da 2\u00aa\u00a0fase s\u00e3o divulgadas","description":"Confira os resultados preliminares da 2\u00aa Fase do Concurso ITA 2924\/2025 e o calend\u00e1rio das pr\u00f3ximas etapas!","robots":{"index":"index","follow":"follow","max-snippet":"max-snippet:-1","max-image-preview":"max-image-preview:large","max-video-preview":"max-video-preview:-1"},"canonical":"https:\/\/militares.estrategia.com\/portal\/noticias\/ita-2024-2025-medias-da-2a-fase-sao-divulgadas\/","og_locale":"pt_BR","og_type":"article","og_title":"ITA 2024\/2025: m\u00e9dias preliminares da 2\u00aa\u00a0fase s\u00e3o divulgadas","og_description":"Confira os resultados preliminares da 2\u00aa Fase do Concurso ITA 2924\/2025 e o calend\u00e1rio das pr\u00f3ximas etapas!","og_url":"https:\/\/militares.estrategia.com\/portal\/noticias\/ita-2024-2025-medias-da-2a-fase-sao-divulgadas\/","og_site_name":"Estrat\u00e9gia Militares","article_publisher":"https:\/\/www.facebook.com\/EstrategiaMilitares","article_published_time":"2024-12-04T12:19:39+00:00","article_modified_time":"2024-12-04T12:19:44+00:00","og_image":[{"width":1200,"height":676,"url":"https:\/\/militares.estrategia.com\/portal\/wp-content\/uploads\/2022\/08\/Capa_BLOG_ITA.jpg","type":"image\/jpeg"}],"author":"Raquel Oshio","twitter_card":"summary_large_image","twitter_creator":"@estrategiamilit","twitter_site":"@estrategiamilit","twitter_misc":{"Escrito por":"Raquel Oshio","Est. tempo de leitura":"1 minuto"},"schema":{"@context":"https:\/\/schema.org","@graph":[{"@type":"NewsArticle","@id":"https:\/\/militares.estrategia.com\/portal\/noticias\/ita-2024-2025-medias-da-2a-fase-sao-divulgadas\/#article","isPartOf":{"@id":"https:\/\/militares.estrategia.com\/portal\/noticias\/ita-2024-2025-medias-da-2a-fase-sao-divulgadas\/"},"author":{"name":"Raquel Oshio","@id":"https:\/\/militares.estrategia.com\/portal\/#\/schema\/person\/46e1f54d690b6a851270112cd62d2f37"},"headline":"ITA 2024\/2025: m\u00e9dias preliminares da 2\u00aa\u00a0fase s\u00e3o divulgadas","datePublished":"2024-12-04T12:19:39+00:00","dateModified":"2024-12-04T12:19:44+00:00","mainEntityOfPage":{"@id":"https:\/\/militares.estrategia.com\/portal\/noticias\/ita-2024-2025-medias-da-2a-fase-sao-divulgadas\/"},"wordCount":259,"publisher":{"@id":"https:\/\/militares.estrategia.com\/portal\/#organization"},"image":{"@id":"https:\/\/militares.estrategia.com\/portal\/noticias\/ita-2024-2025-medias-da-2a-fase-sao-divulgadas\/#primaryimage"},"thumbnailUrl":"https:\/\/militares.estrategia.com\/portal\/wp-content\/uploads\/2022\/08\/Capa_BLOG_ITA.jpg","keywords":["2024","carreiramilitar","ConcursosMilitares","FAB","ITA"],"articleSection":["Not\u00edcias"],"inLanguage":"pt-BR"},{"@type":"WebPage","@id":"https:\/\/militares.estrategia.com\/portal\/noticias\/ita-2024-2025-medias-da-2a-fase-sao-divulgadas\/","url":"https:\/\/militares.estrategia.com\/portal\/noticias\/ita-2024-2025-medias-da-2a-fase-sao-divulgadas\/","name":"ITA 2024\/2025: m\u00e9dias preliminares da 2\u00aa\u00a0fase s\u00e3o divulgadas","isPartOf":{"@id":"https:\/\/militares.estrategia.com\/portal\/#website"},"primaryImageOfPage":{"@id":"https:\/\/militares.estrategia.com\/portal\/noticias\/ita-2024-2025-medias-da-2a-fase-sao-divulgadas\/#primaryimage"},"image":{"@id":"https:\/\/militares.estrategia.com\/portal\/noticias\/ita-2024-2025-medias-da-2a-fase-sao-divulgadas\/#primaryimage"},"thumbnailUrl":"https:\/\/militares.estrategia.com\/portal\/wp-content\/uploads\/2022\/08\/Capa_BLOG_ITA.jpg","datePublished":"2024-12-04T12:19:39+00:00","dateModified":"2024-12-04T12:19:44+00:00","description":"Confira os resultados preliminares da 2\u00aa Fase do Concurso ITA 2924\/2025 e o calend\u00e1rio das pr\u00f3ximas etapas!","breadcrumb":{"@id":"https:\/\/militares.estrategia.com\/portal\/noticias\/ita-2024-2025-medias-da-2a-fase-sao-divulgadas\/#breadcrumb"},"inLanguage":"pt-BR","potentialAction":[{"@type":"ReadAction","target":["https:\/\/militares.estrategia.com\/portal\/noticias\/ita-2024-2025-medias-da-2a-fase-sao-divulgadas\/"]}]},{"@type":"ImageObject","inLanguage":"pt-BR","@id":"https:\/\/militares.estrategia.com\/portal\/noticias\/ita-2024-2025-medias-da-2a-fase-sao-divulgadas\/#primaryimage","url":"https:\/\/militares.estrategia.com\/portal\/wp-content\/uploads\/2022\/08\/Capa_BLOG_ITA.jpg","contentUrl":"https:\/\/militares.estrategia.com\/portal\/wp-content\/uploads\/2022\/08\/Capa_BLOG_ITA.jpg","width":1200,"height":676,"caption":"ITA"},{"@type":"BreadcrumbList","@id":"https:\/\/militares.estrategia.com\/portal\/noticias\/ita-2024-2025-medias-da-2a-fase-sao-divulgadas\/#breadcrumb","itemListElement":[{"@type":"ListItem","position":1,"name":"Home","item":"https:\/\/militares.estrategia.com\/portal\/"},{"@type":"ListItem","position":2,"name":"Not\u00edcias","item":"https:\/\/militares.estrategia.com\/portal\/noticias\/"},{"@type":"ListItem","position":3,"name":"ITA 2024\/2025: m\u00e9dias preliminares da 2\u00aa\u00a0fase s\u00e3o divulgadas"}]},{"@type":"WebSite","@id":"https:\/\/militares.estrategia.com\/portal\/#website","url":"https:\/\/militares.estrategia.com\/portal\/","name":"Estrat\u00e9gia Militares","description":"","publisher":{"@id":"https:\/\/militares.estrategia.com\/portal\/#organization"},"potentialAction":[{"@type":"SearchAction","target":{"@type":"EntryPoint","urlTemplate":"https:\/\/militares.estrategia.com\/portal\/?s={search_term_string}"},"query-input":{"@type":"PropertyValueSpecification","valueRequired":true,"valueName":"search_term_string"}}],"inLanguage":"pt-BR"},{"@type":"Organization","@id":"https:\/\/militares.estrategia.com\/portal\/#organization","name":"Estrat\u00e9gia Militares","url":"https:\/\/militares.estrategia.com\/portal\/","logo":{"@type":"ImageObject","inLanguage":"pt-BR","@id":"https:\/\/militares.estrategia.com\/portal\/#\/schema\/logo\/image\/","url":"https:\/\/militares.estrategia.com\/portal\/wp-content\/uploads\/2021\/10\/logo-militares.webp","contentUrl":"https:\/\/militares.estrategia.com\/portal\/wp-content\/uploads\/2021\/10\/logo-militares.webp","width":346,"height":90,"caption":"Estrat\u00e9gia Militares"},"image":{"@id":"https:\/\/militares.estrategia.com\/portal\/#\/schema\/logo\/image\/"},"sameAs":["https:\/\/www.facebook.com\/EstrategiaMilitares","https:\/\/x.com\/estrategiamilit","https:\/\/www.instagram.com\/estrategiamilitares\/","https:\/\/www.youtube.com\/channel\/UCRG_9hakCqXxnj_8TqCdgTA"]},{"@type":"Person","@id":"https:\/\/militares.estrategia.com\/portal\/#\/schema\/person\/46e1f54d690b6a851270112cd62d2f37","name":"Raquel Oshio","image":{"@type":"ImageObject","inLanguage":"pt-BR","@id":"https:\/\/militares.estrategia.com\/portal\/#\/schema\/person\/image\/","url":"https:\/\/secure.gravatar.com\/avatar\/fa4e62d5e59d9cf9995ea9c715a78807?s=96&d=mm&r=g","contentUrl":"https:\/\/secure.gravatar.com\/avatar\/fa4e62d5e59d9cf9995ea9c715a78807?s=96&d=mm&r=g","caption":"Raquel Oshio"},"description":"Raquel Kie \u00e9 amante de hist\u00f3rias e ca\u00e7adora de belezas escondidas. Jornalista de profiss\u00e3o e cora\u00e7\u00e3o. Desenhista e escritora de fic\u00e7\u00e3o nas horas vagas. Acredito no potencial transformador de todo trabalho feito com dedica\u00e7\u00e3o.","url":"https:\/\/militares.estrategia.com\/portal\/author\/raqueloshio\/"}]}},"_wl_alt_label":[],"wl:entity_url":"https:\/\/data.wordlift.io\/wl110246\/post\/it-80883","_links":{"self":[{"href":"https:\/\/militares.estrategia.com\/portal\/wp-json\/wp\/v2\/posts\/80883","targetHints":{"allow":["GET"]}}],"collection":[{"href":"https:\/\/militares.estrategia.com\/portal\/wp-json\/wp\/v2\/posts"}],"about":[{"href":"https:\/\/militares.estrategia.com\/portal\/wp-json\/wp\/v2\/types\/post"}],"author":[{"embeddable":true,"href":"https:\/\/militares.estrategia.com\/portal\/wp-json\/wp\/v2\/users\/9"}],"replies":[{"embeddable":true,"href":"https:\/\/militares.estrategia.com\/portal\/wp-json\/wp\/v2\/comments?post=80883"}],"version-history":[{"count":3,"href":"https:\/\/militares.estrategia.com\/portal\/wp-json\/wp\/v2\/posts\/80883\/revisions"}],"predecessor-version":[{"id":80916,"href":"https:\/\/militares.estrategia.com\/portal\/wp-json\/wp\/v2\/posts\/80883\/revisions\/80916"}],"wp:featuredmedia":[{"embeddable":true,"href":"https:\/\/militares.estrategia.com\/portal\/wp-json\/wp\/v2\/media\/58080"}],"wp:attachment":[{"href":"https:\/\/militares.estrategia.com\/portal\/wp-json\/wp\/v2\/media?parent=80883"}],"wp:term":[{"taxonomy":"category","embeddable":true,"href":"https:\/\/militares.estrategia.com\/portal\/wp-json\/wp\/v2\/categories?post=80883"},{"taxonomy":"post_tag","embeddable":true,"href":"https:\/\/militares.estrategia.com\/portal\/wp-json\/wp\/v2\/tags?post=80883"},{"taxonomy":"wl_entity_type","embeddable":true,"href":"https:\/\/militares.estrategia.com\/portal\/wp-json\/wp\/v2\/wl_entity_type?post=80883"}],"curies":[{"name":"wp","href":"https:\/\/api.w.org\/{rel}","templated":true}]}}