{"id":78314,"date":"2024-09-02T10:14:17","date_gmt":"2024-09-02T13:14:17","guid":{"rendered":"https:\/\/militares.estrategia.com\/portal\/?p=78314"},"modified":"2024-09-02T10:22:46","modified_gmt":"2024-09-02T13:22:46","slug":"conheca-as-racoes-operacionais","status":"publish","type":"post","link":"https:\/\/militares.estrategia.com\/portal\/mundo-militar\/forcas-armadas\/conheca-as-racoes-operacionais\/","title":{"rendered":"O que comem os militares? Conhe\u00e7a as ra\u00e7\u00f5es operacionais!"},"content":{"rendered":"\n<p>J\u00e1 parou para pensar <strong>o que os militares comem durante as miss\u00f5es?<\/strong> A alimenta\u00e7\u00e3o \u00e9 um aspecto crucial das opera\u00e7\u00f5es e pode decidir a sobreviv\u00eancia e at\u00e9 a vit\u00f3ria das tropas. O Estrat\u00e9gia Militares trouxe para voc\u00ea um pouco sobre as chamadas <strong>\u201cra\u00e7\u00f5es operacionais<\/strong>\u201d que as nossas For\u00e7as Armadas fornecem aos militares em campo!<\/p>\n\n\n<div id=\"new-form\">\n\t<form id=\"forms_layout\">\n\t<input type=\"hidden\" id=\"chave_de\" name=\"chave_de\" value=\"01_EMIL_LEADS_TOTAIS\" \/>\n\t\t<input type=\"hidden\" id=\"mid\" name=\"mid\" value=\"515009017\" \/>\n\t\t<input type=\"hidden\" id=\"Objetivo\" name=\"Objetivo\" value=\"Militares\" \/>\n\t\t<input type=\"hidden\" id=\"Estado_de_Origem_do_IP\" name=\"Estado_de_Origem_do_IP\"  value=\"\" \/>\n\t\t<input type=\"hidden\" id=\"Cidade_de_Origem_do_IP\" name=\"Cidade_de_Origem_do_IP\" value=\"\" \/>\n\t\t<input type=\"hidden\" id=\"Modo_de_entrada\" name=\"Modo_de_entrada\" value=\"Portal\" \/>\n\t\t<input type=\"hidden\" id=\"Pagina_Origem\" name=\"Pagina_Origem\" value=\"\" \/>\n\n\t\t<div class=\"texto\">\n\t\t\t<h3 class=\"news\">Inscreva-se em nossa newsletter!<\/h3>\n\t\t\t<p>Receba not\u00edcias sobre os mais importantes concursos para as For\u00e7as Armadas brasileiras e informa\u00e7\u00f5es sobre o mundo militar!<\/p>\n\t\t<\/div>\n\t\t<div class=\"campos\">\n\t\t\t<div class=\"first_name labels\">\n\t\t\t\t<input type=\"text\" class=\"input_labels\" id=\"first_name\" name=\"Nome_Completo\" placeholder=\"Nome\" required \/>\n\t\t\t<\/div>\n\t\t\t<div class=\"email labels\">\n\t\t\t\t<input type=\"email\" class=\"input_labels\" id=\"email\" name=\"Email\" placeholder=\"E-mail\" required \/>\n\t\t\t<\/div>\n\t\t\t<button type=\"submit\" class=\"button_layout\">\n\t\t\t\t<div id=\"lblBotao\">Inscreva-se<\/div>\n\t\t\t\t<span id=\"divSpiner\" class=\"loader\" role=\"status\" style=\"display: none;\"><\/span>\t\n\t\t\t<\/button>\n\t\t<\/div><!-- \/campos -->\n\t\t\n\t\t<label class=\"container_checkbox\">Voc\u00ea concorda com a nossa\n\t\t\t<a class=\"politics_privacy_ahref\" target=\"_blank\" href=\"https:\/\/gratis.estrategiaconcursos.com.br\/politica-de-privacidade\/\">Pol\u00edtica de Privacidade<\/a> e aceita receber informa\u00e7\u00f5es adicionais do Estrat\u00e9gia Educacional.\n\t\t\t<input id=\"checkbox_layout\" type=\"checkbox\" checked=\"checked\" required \/>\n\t\t\t<span class=\"checkbox\"><\/span>\n\t\t<\/label>\n\t\t<div id=\"msg\"><\/div>\n\t\t<div id=\"error\" class=\"error\">\n\t\t<\/div>\n\t<\/form>\n<\/div><!-- \/new-form -->\n\n\n\n<p>Um brasileiro sedent\u00e1rio consome, em m\u00e9dia, <strong>2.000 calorias por dia<\/strong> \u2013 imagine, ent\u00e3o, o quanto um militar em servi\u00e7o precisa para se sustentar! Agora, como \u00e9 poss\u00edvel <strong>transportar<\/strong> comida para um batalh\u00e3o inteiro? E mais, como fazer para ela n\u00e3o estragar? E se n\u00e3o tiver uma cozinha, como ser\u00e1 poss\u00edvel prepar\u00e1-la?<\/p>\n\n\n\n<p>Quem desenvolve a alimenta\u00e7\u00e3o das For\u00e7as Armadas precisa levar em conta todos esses aspectos. Por isso, as ra\u00e7\u00f5es operacionais s\u00e3o fruto da uni\u00e3o entre governo, empresas privadas e institutos de pesquisa. Vamos explicar a seguir!&nbsp;<\/p>\n\n\n\n<div id=\"ez-toc-container\" class=\"ez-toc-v2_0_79_2 counter-hierarchy ez-toc-counter ez-toc-transparent ez-toc-container-direction\">\n<div class=\"ez-toc-title-container\"><p class=\"ez-toc-title\" style=\"cursor:inherit\">Navegue pelo conte\u00fado\t<\/p>\n<\/div><nav><ul class='ez-toc-list ez-toc-list-level-1 ' ><li class='ez-toc-page-1 ez-toc-heading-level-2'><a class=\"ez-toc-link ez-toc-heading-1\" href=\"https:\/\/militares.estrategia.com\/portal\/mundo-militar\/forcas-armadas\/conheca-as-racoes-operacionais\/#O-que-sao-racoes-operacionais\" >O que s\u00e3o ra\u00e7\u00f5es operacionais?&nbsp;<\/a><\/li><li class='ez-toc-page-1 ez-toc-heading-level-2'><a class=\"ez-toc-link ez-toc-heading-2\" href=\"https:\/\/militares.estrategia.com\/portal\/mundo-militar\/forcas-armadas\/conheca-as-racoes-operacionais\/#Como-sao-as-racoes\" >Como s\u00e3o as ra\u00e7\u00f5es?&nbsp;<\/a><\/li><li class='ez-toc-page-1 ez-toc-heading-level-2'><a class=\"ez-toc-link ez-toc-heading-3\" href=\"https:\/\/militares.estrategia.com\/portal\/mundo-militar\/forcas-armadas\/conheca-as-racoes-operacionais\/#Quem-produz-as-racoes\" >Quem produz as ra\u00e7\u00f5es?&nbsp;<\/a><\/li><\/ul><\/nav><\/div>\n<h2 class=\"wp-block-heading\" id=\"h-o-que-sao-racoes-operacionais-nbsp\"><span class=\"ez-toc-section\" id=\"O-que-sao-racoes-operacionais\"><\/span>O que s\u00e3o ra\u00e7\u00f5es operacionais?&nbsp;<span class=\"ez-toc-section-end\"><\/span><\/h2>\n\n\n\n<p>Quem j\u00e1 assistiu aqueles filmes de guerra deve lembrar-se do tipo de comida que os soldados tinham e sua apar\u00eancia nada apetitosa. A boa not\u00edcia \u00e9 que as ra\u00e7\u00f5es operacionais de hoje n\u00e3o s\u00e3o mais os enlatados duvidosos de antigamente! Vale lembrar que elas s\u00f3 s\u00e3o utilizadas quando o militar est\u00e1 em miss\u00e3o. Caso contr\u00e1rio, ele se alimenta normalmente no <a href=\"https:\/\/militares.estrategia.com\/portal\/mundo-militar\/carreiras-e-especializacoes\/nutricionista-do-exercito-o-que-faz-como-se-tornar-um-e-mais\/\" target=\"_blank\" >rancho<\/a> da sua base.&nbsp;<\/p>\n\n\n\n<p>Hoje, as ra\u00e7\u00f5es operacionais s\u00e3o compostas principalmente de <strong>alimentos desidratados, liofilizados ou termoprocessados. <\/strong>Macarr\u00e3o instant\u00e2neo, por exemplo, \u00e9 um tipo de comida liofilizada, que utiliza a tecnologia de v\u00e1cuo para desidratar o alimento.&nbsp;<\/p>\n\n\n\n<p>Os<strong> alimentos termoprocessados s\u00e3o os principais componentes<\/strong> da ra\u00e7\u00e3o operacional. Eles v\u00eam em pacotes que parecem sach\u00eas de pl\u00e1stico grandes. A comida \u00e9 colocada semipronta dentro dessas embalagens e cozida em grandes m\u00e1quinas, chamadas <strong>autoclaves<\/strong>, que esterilizam os pacotes ao mesmo tempo.\u00a0<\/p>\n\n\n\n<figure class=\"wp-block-image size-full\"><img decoding=\"async\" width=\"856\" height=\"425\" src=\"https:\/\/militares.estrategia.com\/portal\/wp-content\/uploads\/2024\/09\/autoclave-racao.jpg\" alt=\"\" class=\"wp-image-78414\" srcset=\"https:\/\/militares.estrategia.com\/portal\/wp-content\/uploads\/2024\/09\/autoclave-racao.jpg 856w, https:\/\/militares.estrategia.com\/portal\/wp-content\/uploads\/2024\/09\/autoclave-racao-768x381.jpg 768w, https:\/\/militares.estrategia.com\/portal\/wp-content\/uploads\/2024\/09\/autoclave-racao-800x397.jpg 800w\" sizes=\"(max-width: 856px) 100vw, 856px\" \/><figcaption class=\"wp-element-caption\">Autoclave com os pacotes de ra\u00e7\u00e3o operacional. Fonte: Reprodu\u00e7\u00e3o\/FAB<\/figcaption><\/figure>\n\n\n\n<p>Na hora de comer, o militar s\u00f3 precisa colocar a embalagem um pouquinho na \u00e1gua quente e abrir o sach\u00ea para consumir a comida.&nbsp;Dentro do pr\u00f3prio pacote da ra\u00e7\u00e3o operacional \u00e9 disponibilizado um<strong> fogareiro em miniatura e \u00e1lcool <\/strong>para acend\u00ea-lo, como panela improvisada, os militares devem usar o seu <strong>caneco de ferro<\/strong>! Pr\u00e1tico, n\u00e3o \u00e9?<\/p>\n\n\n\n<h2 class=\"wp-block-heading\" id=\"h-como-sao-as-racoes-nbsp\"><span class=\"ez-toc-section\" id=\"Como-sao-as-racoes\"><\/span>Como s\u00e3o as ra\u00e7\u00f5es?&nbsp;<span class=\"ez-toc-section-end\"><\/span><\/h2>\n\n\n\n<p>As ra\u00e7\u00f5es operacionais variam de tamanho e conte\u00fado, de acordo com o prop\u00f3sito para a qual ela foi concebida. Existem tr\u00eas tipos:&nbsp;<\/p>\n\n\n\n<ul class=\"wp-block-list\">\n<li><strong>24 horas:<\/strong> tamb\u00e9m chamada de ra\u00e7\u00e3o operacional de combate. A ideia \u00e9 que ela dure por 24 horas, com quatro refei\u00e7\u00f5es, sendo elas caf\u00e9, almo\u00e7o, jantar e ceia;&nbsp;<\/li>\n\n\n\n<li><strong>12 horas:<\/strong> chamada de ra\u00e7\u00e3o de emerg\u00eancia, voltada para quem est\u00e1 em miss\u00e3o por 12 horas. \u00c9 composta por duas refei\u00e7\u00f5es, caf\u00e9 e almo\u00e7o ou jantar e ceia.&nbsp;<\/li>\n\n\n\n<li><strong>6 horas:<\/strong> tem o nome de ra\u00e7\u00e3o de adestramento. Tem s\u00f3 uma refei\u00e7\u00e3o, almo\u00e7o ou jantar.&nbsp;<\/li>\n<\/ul>\n\n\n\n<p>Existem v\u00e1rios card\u00e1pios para cada tipo de ra\u00e7\u00e3o operacional e eles tamb\u00e9m variam de acordo com a For\u00e7a Armada. S\u00e3o 10 op\u00e7\u00f5es para o Ex\u00e9rcito, 5 para a Marinha e 6 para a Aeron\u00e1utica.&nbsp;<\/p>\n\n\n\n<h2 class=\"wp-block-heading\" id=\"h-quem-produz-as-racoes-nbsp\"><span class=\"ez-toc-section\" id=\"Quem-produz-as-racoes\"><\/span>Quem produz as ra\u00e7\u00f5es?&nbsp;<span class=\"ez-toc-section-end\"><\/span><\/h2>\n\n\n\n<p>Desde 2003, existe a Comiss\u00e3o de Estudos de Alimenta\u00e7\u00e3o para as For\u00e7as Armadas (CEAFA) do Minist\u00e9rio da Defesa, que tem a fun\u00e7\u00e3o de melhorar a qualidade das ra\u00e7\u00f5es operacionais. O CEAFA trabalha junto com institutos de pesquisas e empresas privadas para desenvolv\u00ea-las.&nbsp;<\/p>\n\n\n\n<p>As ra\u00e7\u00f5es operacionais s\u00e3o produzidas por<strong> empresas terceirizadas <\/strong>e a principal fornecedora das For\u00e7as Armadas \u00e9 a <strong>Cellier<\/strong>, baseada na cidade de Campinas (SP). Ela foi <strong>pioneira ao desenvolver a linha de ra\u00e7\u00f5es termoprocessadas <\/strong>para o mundo militar. Dentre os card\u00e1pios oferecidos, s\u00e3o 10 op\u00e7\u00f5es para o Ex\u00e9rcito, 5 para a Marinha e 6 para a Aeron\u00e1utica.&nbsp;<\/p>\n\n\n\n<p>A FAB fez uma reportagem para mostrar como s\u00e3o feitas as ra\u00e7\u00f5es operacionais. Voc\u00ea pode assistir abaixo:&nbsp;<\/p>\n\n\n\n<figure class=\"wp-block-embed is-type-video is-provider-youtube wp-block-embed-youtube wp-embed-aspect-16-9 wp-has-aspect-ratio\"><div class=\"wp-block-embed__wrapper\">\n<div class=\"cs-embed cs-embed-responsive\"><iframe title=\"FAB &amp; Ind\u00fastria de Defesa - Ra\u00e7\u00e3o Operacional\" width=\"1200\" height=\"675\" src=\"https:\/\/www.youtube.com\/embed\/g5xCDO7ph8w?feature=oembed\" frameborder=\"0\" allow=\"accelerometer; autoplay; clipboard-write; encrypted-media; gyroscope; picture-in-picture; web-share\" referrerpolicy=\"strict-origin-when-cross-origin\" allowfullscreen><\/iframe><\/div>\n<\/div><\/figure>\n\n\n\n<p>Quer saber mais curiosidades sobre o mundo militar? Acompanhe o Portal do Estrat\u00e9gia Militares e assine a nossa newsletter! Al\u00e9m disso, estude com nossos cursos on-line preparat\u00f3rios para a escola militar dos seus sonhos! Clique no banner e saiba mais:&nbsp;<\/p>\n\n\n\n<p><strong>Fontes:&nbsp;<\/strong><\/p>\n\n\n\n<ul class=\"wp-block-list\">\n<li><a href=\"https:\/\/bdex.eb.mil.br\/jspui\/bitstream\/123456789\/13130\/1\/Log%C3%ADstica%20Cao%20Resende.pdf\">https:\/\/bdex.eb.mil.br\/jspui\/bitstream\/123456789\/13130\/1\/Log%C3%ADstica%20Cao%20Resende.pdf<\/a>&nbsp;<\/li>\n\n\n\n<li><a href=\"https:\/\/www.gov.br\/defesa\/pt-br\/arquivos\/legislacao\/emcfa\/publicacoes\/logistica_mobilizacao\/md42a_ma_03a_manuala_dea_alimentacaoa_dasa_forcasa_armadasa_1a_ea_2010.pdf\">https:\/\/www.gov.br\/defesa\/pt-br\/arquivos\/legislacao\/emcfa\/publicacoes\/logistica_mobilizacao\/md42a_ma_03a_manuala_dea_alimentacaoa_dasa_forcasa_armadasa_1a_ea_2010.pdf<\/a><\/li>\n\n\n\n<li><a href=\"https:\/\/www.youtube.com\/watch?v=9jza609nOHo\">https:\/\/www.youtube.com\/watch?v=9jza609nOHo<\/a><\/li>\n<\/ul>\n","protected":false},"excerpt":{"rendered":"J\u00e1 parou para pensar o que os militares comem durante as miss\u00f5es? A alimenta\u00e7\u00e3o \u00e9 um aspecto crucial&hellip;\n","protected":false},"author":9,"featured_media":78315,"comment_status":"closed","ping_status":"closed","sticky":false,"template":"","format":"standard","meta":{"wl_entities_gutenberg":"","footnotes":""},"categories":[248],"tags":[],"wl_entity_type":[187],"class_list":{"0":"post-78314","1":"post","2":"type-post","3":"status-publish","4":"format-standard","5":"has-post-thumbnail","7":"category-forcas-armadas","8":"wl_entity_type-article"},"acf":[],"yoast_head":"<!-- This site is optimized with the Yoast SEO Premium plugin v26.6 (Yoast SEO v26.6) - https:\/\/yoast.com\/wordpress\/plugins\/seo\/ -->\n<title>O que comem os militares? Conhe\u00e7a as ra\u00e7\u00f5es operacionais!<\/title>\n<meta name=\"description\" content=\"Voc\u00ea sabe como os militares se alimentam quando est\u00e3o em miss\u00e3o? Conhe\u00e7a as ra\u00e7\u00f5es operacionais e como elas s\u00e3o importantes!\" \/>\n<meta name=\"robots\" content=\"index, follow, max-snippet:-1, max-image-preview:large, max-video-preview:-1\" \/>\n<link rel=\"canonical\" href=\"https:\/\/militares.estrategia.com\/portal\/mundo-militar\/forcas-armadas\/conheca-as-racoes-operacionais\/\" \/>\n<meta property=\"og:locale\" content=\"pt_BR\" \/>\n<meta property=\"og:type\" content=\"article\" \/>\n<meta property=\"og:title\" content=\"O que comem os militares? Conhe\u00e7a as ra\u00e7\u00f5es operacionais!\" \/>\n<meta property=\"og:description\" content=\"Voc\u00ea sabe como os militares se alimentam quando est\u00e3o em miss\u00e3o? Conhe\u00e7a as ra\u00e7\u00f5es operacionais e como elas s\u00e3o importantes!\" \/>\n<meta property=\"og:url\" content=\"https:\/\/militares.estrategia.com\/portal\/mundo-militar\/forcas-armadas\/conheca-as-racoes-operacionais\/\" \/>\n<meta property=\"og:site_name\" content=\"Estrat\u00e9gia Militares\" \/>\n<meta property=\"article:publisher\" content=\"https:\/\/www.facebook.com\/EstrategiaMilitares\" \/>\n<meta property=\"article:published_time\" content=\"2024-09-02T13:14:17+00:00\" \/>\n<meta property=\"article:modified_time\" content=\"2024-09-02T13:22:46+00:00\" \/>\n<meta property=\"og:image\" content=\"https:\/\/militares.estrategia.com\/portal\/wp-content\/uploads\/2024\/08\/racaoa_inter2.jpg\" \/>\n\t<meta property=\"og:image:width\" content=\"580\" \/>\n\t<meta property=\"og:image:height\" content=\"300\" \/>\n\t<meta property=\"og:image:type\" content=\"image\/jpeg\" \/>\n<meta name=\"author\" content=\"Raquel Oshio\" \/>\n<meta name=\"twitter:card\" content=\"summary_large_image\" \/>\n<meta name=\"twitter:creator\" content=\"@estrategiamilit\" \/>\n<meta name=\"twitter:site\" content=\"@estrategiamilit\" \/>\n<meta name=\"twitter:label1\" content=\"Escrito por\" \/>\n\t<meta name=\"twitter:data1\" content=\"Raquel Oshio\" \/>\n\t<meta name=\"twitter:label2\" content=\"Est. tempo de leitura\" \/>\n\t<meta name=\"twitter:data2\" content=\"4 minutos\" \/>\n<script type=\"application\/ld+json\" class=\"yoast-schema-graph\">{\"@context\":\"https:\/\/schema.org\",\"@graph\":[{\"@type\":\"Article\",\"@id\":\"https:\/\/militares.estrategia.com\/portal\/mundo-militar\/forcas-armadas\/conheca-as-racoes-operacionais\/#article\",\"isPartOf\":{\"@id\":\"https:\/\/militares.estrategia.com\/portal\/mundo-militar\/forcas-armadas\/conheca-as-racoes-operacionais\/\"},\"author\":{\"name\":\"Raquel Oshio\",\"@id\":\"https:\/\/militares.estrategia.com\/portal\/#\/schema\/person\/46e1f54d690b6a851270112cd62d2f37\"},\"headline\":\"O que comem os militares? Conhe\u00e7a as ra\u00e7\u00f5es operacionais!\",\"datePublished\":\"2024-09-02T13:14:17+00:00\",\"dateModified\":\"2024-09-02T13:22:46+00:00\",\"mainEntityOfPage\":{\"@id\":\"https:\/\/militares.estrategia.com\/portal\/mundo-militar\/forcas-armadas\/conheca-as-racoes-operacionais\/\"},\"wordCount\":804,\"publisher\":{\"@id\":\"https:\/\/militares.estrategia.com\/portal\/#organization\"},\"image\":{\"@id\":\"https:\/\/militares.estrategia.com\/portal\/mundo-militar\/forcas-armadas\/conheca-as-racoes-operacionais\/#primaryimage\"},\"thumbnailUrl\":\"https:\/\/militares.estrategia.com\/portal\/wp-content\/uploads\/2024\/08\/racaoa_inter2.jpg\",\"articleSection\":[\"For\u00e7as Armadas\"],\"inLanguage\":\"pt-BR\"},{\"@type\":\"WebPage\",\"@id\":\"https:\/\/militares.estrategia.com\/portal\/mundo-militar\/forcas-armadas\/conheca-as-racoes-operacionais\/\",\"url\":\"https:\/\/militares.estrategia.com\/portal\/mundo-militar\/forcas-armadas\/conheca-as-racoes-operacionais\/\",\"name\":\"O que comem os militares? Conhe\u00e7a as ra\u00e7\u00f5es operacionais!\",\"isPartOf\":{\"@id\":\"https:\/\/militares.estrategia.com\/portal\/#website\"},\"primaryImageOfPage\":{\"@id\":\"https:\/\/militares.estrategia.com\/portal\/mundo-militar\/forcas-armadas\/conheca-as-racoes-operacionais\/#primaryimage\"},\"image\":{\"@id\":\"https:\/\/militares.estrategia.com\/portal\/mundo-militar\/forcas-armadas\/conheca-as-racoes-operacionais\/#primaryimage\"},\"thumbnailUrl\":\"https:\/\/militares.estrategia.com\/portal\/wp-content\/uploads\/2024\/08\/racaoa_inter2.jpg\",\"datePublished\":\"2024-09-02T13:14:17+00:00\",\"dateModified\":\"2024-09-02T13:22:46+00:00\",\"description\":\"Voc\u00ea sabe como os militares se alimentam quando est\u00e3o em miss\u00e3o? Conhe\u00e7a as ra\u00e7\u00f5es operacionais e como elas s\u00e3o importantes!\",\"breadcrumb\":{\"@id\":\"https:\/\/militares.estrategia.com\/portal\/mundo-militar\/forcas-armadas\/conheca-as-racoes-operacionais\/#breadcrumb\"},\"inLanguage\":\"pt-BR\",\"potentialAction\":[{\"@type\":\"ReadAction\",\"target\":[\"https:\/\/militares.estrategia.com\/portal\/mundo-militar\/forcas-armadas\/conheca-as-racoes-operacionais\/\"]}]},{\"@type\":\"ImageObject\",\"inLanguage\":\"pt-BR\",\"@id\":\"https:\/\/militares.estrategia.com\/portal\/mundo-militar\/forcas-armadas\/conheca-as-racoes-operacionais\/#primaryimage\",\"url\":\"https:\/\/militares.estrategia.com\/portal\/wp-content\/uploads\/2024\/08\/racaoa_inter2.jpg\",\"contentUrl\":\"https:\/\/militares.estrategia.com\/portal\/wp-content\/uploads\/2024\/08\/racaoa_inter2.jpg\",\"width\":580,\"height\":300},{\"@type\":\"BreadcrumbList\",\"@id\":\"https:\/\/militares.estrategia.com\/portal\/mundo-militar\/forcas-armadas\/conheca-as-racoes-operacionais\/#breadcrumb\",\"itemListElement\":[{\"@type\":\"ListItem\",\"position\":1,\"name\":\"Home\",\"item\":\"https:\/\/militares.estrategia.com\/portal\/\"},{\"@type\":\"ListItem\",\"position\":2,\"name\":\"Mundo Militar\",\"item\":\"https:\/\/militares.estrategia.com\/portal\/mundo-militar\/\"},{\"@type\":\"ListItem\",\"position\":3,\"name\":\"For\u00e7as Armadas\",\"item\":\"https:\/\/militares.estrategia.com\/portal\/mundo-militar\/forcas-armadas\/\"},{\"@type\":\"ListItem\",\"position\":4,\"name\":\"O que comem os militares? Conhe\u00e7a as ra\u00e7\u00f5es operacionais!\"}]},{\"@type\":\"WebSite\",\"@id\":\"https:\/\/militares.estrategia.com\/portal\/#website\",\"url\":\"https:\/\/militares.estrategia.com\/portal\/\",\"name\":\"Estrat\u00e9gia Militares\",\"description\":\"\",\"publisher\":{\"@id\":\"https:\/\/militares.estrategia.com\/portal\/#organization\"},\"potentialAction\":[{\"@type\":\"SearchAction\",\"target\":{\"@type\":\"EntryPoint\",\"urlTemplate\":\"https:\/\/militares.estrategia.com\/portal\/?s={search_term_string}\"},\"query-input\":{\"@type\":\"PropertyValueSpecification\",\"valueRequired\":true,\"valueName\":\"search_term_string\"}}],\"inLanguage\":\"pt-BR\"},{\"@type\":\"Organization\",\"@id\":\"https:\/\/militares.estrategia.com\/portal\/#organization\",\"name\":\"Estrat\u00e9gia Militares\",\"url\":\"https:\/\/militares.estrategia.com\/portal\/\",\"logo\":{\"@type\":\"ImageObject\",\"inLanguage\":\"pt-BR\",\"@id\":\"https:\/\/militares.estrategia.com\/portal\/#\/schema\/logo\/image\/\",\"url\":\"https:\/\/militares.estrategia.com\/portal\/wp-content\/uploads\/2021\/10\/logo-militares.webp\",\"contentUrl\":\"https:\/\/militares.estrategia.com\/portal\/wp-content\/uploads\/2021\/10\/logo-militares.webp\",\"width\":346,\"height\":90,\"caption\":\"Estrat\u00e9gia Militares\"},\"image\":{\"@id\":\"https:\/\/militares.estrategia.com\/portal\/#\/schema\/logo\/image\/\"},\"sameAs\":[\"https:\/\/www.facebook.com\/EstrategiaMilitares\",\"https:\/\/x.com\/estrategiamilit\",\"https:\/\/www.instagram.com\/estrategiamilitares\/\",\"https:\/\/www.youtube.com\/channel\/UCRG_9hakCqXxnj_8TqCdgTA\"]},{\"@type\":\"Person\",\"@id\":\"https:\/\/militares.estrategia.com\/portal\/#\/schema\/person\/46e1f54d690b6a851270112cd62d2f37\",\"name\":\"Raquel Oshio\",\"image\":{\"@type\":\"ImageObject\",\"inLanguage\":\"pt-BR\",\"@id\":\"https:\/\/militares.estrategia.com\/portal\/#\/schema\/person\/image\/\",\"url\":\"https:\/\/secure.gravatar.com\/avatar\/fa4e62d5e59d9cf9995ea9c715a78807?s=96&d=mm&r=g\",\"contentUrl\":\"https:\/\/secure.gravatar.com\/avatar\/fa4e62d5e59d9cf9995ea9c715a78807?s=96&d=mm&r=g\",\"caption\":\"Raquel Oshio\"},\"description\":\"Raquel Kie \u00e9 amante de hist\u00f3rias e ca\u00e7adora de belezas escondidas. Jornalista de profiss\u00e3o e cora\u00e7\u00e3o. Desenhista e escritora de fic\u00e7\u00e3o nas horas vagas. Acredito no potencial transformador de todo trabalho feito com dedica\u00e7\u00e3o.\",\"url\":\"https:\/\/militares.estrategia.com\/portal\/author\/raqueloshio\/\"}]}<\/script>\n<!-- \/ Yoast SEO Premium plugin. -->","yoast_head_json":{"title":"O que comem os militares? Conhe\u00e7a as ra\u00e7\u00f5es operacionais!","description":"Voc\u00ea sabe como os militares se alimentam quando est\u00e3o em miss\u00e3o? Conhe\u00e7a as ra\u00e7\u00f5es operacionais e como elas s\u00e3o importantes!","robots":{"index":"index","follow":"follow","max-snippet":"max-snippet:-1","max-image-preview":"max-image-preview:large","max-video-preview":"max-video-preview:-1"},"canonical":"https:\/\/militares.estrategia.com\/portal\/mundo-militar\/forcas-armadas\/conheca-as-racoes-operacionais\/","og_locale":"pt_BR","og_type":"article","og_title":"O que comem os militares? Conhe\u00e7a as ra\u00e7\u00f5es operacionais!","og_description":"Voc\u00ea sabe como os militares se alimentam quando est\u00e3o em miss\u00e3o? Conhe\u00e7a as ra\u00e7\u00f5es operacionais e como elas s\u00e3o importantes!","og_url":"https:\/\/militares.estrategia.com\/portal\/mundo-militar\/forcas-armadas\/conheca-as-racoes-operacionais\/","og_site_name":"Estrat\u00e9gia Militares","article_publisher":"https:\/\/www.facebook.com\/EstrategiaMilitares","article_published_time":"2024-09-02T13:14:17+00:00","article_modified_time":"2024-09-02T13:22:46+00:00","og_image":[{"width":580,"height":300,"url":"https:\/\/militares.estrategia.com\/portal\/wp-content\/uploads\/2024\/08\/racaoa_inter2.jpg","type":"image\/jpeg"}],"author":"Raquel Oshio","twitter_card":"summary_large_image","twitter_creator":"@estrategiamilit","twitter_site":"@estrategiamilit","twitter_misc":{"Escrito por":"Raquel Oshio","Est. tempo de leitura":"4 minutos"},"schema":{"@context":"https:\/\/schema.org","@graph":[{"@type":"Article","@id":"https:\/\/militares.estrategia.com\/portal\/mundo-militar\/forcas-armadas\/conheca-as-racoes-operacionais\/#article","isPartOf":{"@id":"https:\/\/militares.estrategia.com\/portal\/mundo-militar\/forcas-armadas\/conheca-as-racoes-operacionais\/"},"author":{"name":"Raquel Oshio","@id":"https:\/\/militares.estrategia.com\/portal\/#\/schema\/person\/46e1f54d690b6a851270112cd62d2f37"},"headline":"O que comem os militares? Conhe\u00e7a as ra\u00e7\u00f5es operacionais!","datePublished":"2024-09-02T13:14:17+00:00","dateModified":"2024-09-02T13:22:46+00:00","mainEntityOfPage":{"@id":"https:\/\/militares.estrategia.com\/portal\/mundo-militar\/forcas-armadas\/conheca-as-racoes-operacionais\/"},"wordCount":804,"publisher":{"@id":"https:\/\/militares.estrategia.com\/portal\/#organization"},"image":{"@id":"https:\/\/militares.estrategia.com\/portal\/mundo-militar\/forcas-armadas\/conheca-as-racoes-operacionais\/#primaryimage"},"thumbnailUrl":"https:\/\/militares.estrategia.com\/portal\/wp-content\/uploads\/2024\/08\/racaoa_inter2.jpg","articleSection":["For\u00e7as Armadas"],"inLanguage":"pt-BR"},{"@type":"WebPage","@id":"https:\/\/militares.estrategia.com\/portal\/mundo-militar\/forcas-armadas\/conheca-as-racoes-operacionais\/","url":"https:\/\/militares.estrategia.com\/portal\/mundo-militar\/forcas-armadas\/conheca-as-racoes-operacionais\/","name":"O que comem os militares? Conhe\u00e7a as ra\u00e7\u00f5es operacionais!","isPartOf":{"@id":"https:\/\/militares.estrategia.com\/portal\/#website"},"primaryImageOfPage":{"@id":"https:\/\/militares.estrategia.com\/portal\/mundo-militar\/forcas-armadas\/conheca-as-racoes-operacionais\/#primaryimage"},"image":{"@id":"https:\/\/militares.estrategia.com\/portal\/mundo-militar\/forcas-armadas\/conheca-as-racoes-operacionais\/#primaryimage"},"thumbnailUrl":"https:\/\/militares.estrategia.com\/portal\/wp-content\/uploads\/2024\/08\/racaoa_inter2.jpg","datePublished":"2024-09-02T13:14:17+00:00","dateModified":"2024-09-02T13:22:46+00:00","description":"Voc\u00ea sabe como os militares se alimentam quando est\u00e3o em miss\u00e3o? Conhe\u00e7a as ra\u00e7\u00f5es operacionais e como elas s\u00e3o importantes!","breadcrumb":{"@id":"https:\/\/militares.estrategia.com\/portal\/mundo-militar\/forcas-armadas\/conheca-as-racoes-operacionais\/#breadcrumb"},"inLanguage":"pt-BR","potentialAction":[{"@type":"ReadAction","target":["https:\/\/militares.estrategia.com\/portal\/mundo-militar\/forcas-armadas\/conheca-as-racoes-operacionais\/"]}]},{"@type":"ImageObject","inLanguage":"pt-BR","@id":"https:\/\/militares.estrategia.com\/portal\/mundo-militar\/forcas-armadas\/conheca-as-racoes-operacionais\/#primaryimage","url":"https:\/\/militares.estrategia.com\/portal\/wp-content\/uploads\/2024\/08\/racaoa_inter2.jpg","contentUrl":"https:\/\/militares.estrategia.com\/portal\/wp-content\/uploads\/2024\/08\/racaoa_inter2.jpg","width":580,"height":300},{"@type":"BreadcrumbList","@id":"https:\/\/militares.estrategia.com\/portal\/mundo-militar\/forcas-armadas\/conheca-as-racoes-operacionais\/#breadcrumb","itemListElement":[{"@type":"ListItem","position":1,"name":"Home","item":"https:\/\/militares.estrategia.com\/portal\/"},{"@type":"ListItem","position":2,"name":"Mundo Militar","item":"https:\/\/militares.estrategia.com\/portal\/mundo-militar\/"},{"@type":"ListItem","position":3,"name":"For\u00e7as Armadas","item":"https:\/\/militares.estrategia.com\/portal\/mundo-militar\/forcas-armadas\/"},{"@type":"ListItem","position":4,"name":"O que comem os militares? Conhe\u00e7a as ra\u00e7\u00f5es operacionais!"}]},{"@type":"WebSite","@id":"https:\/\/militares.estrategia.com\/portal\/#website","url":"https:\/\/militares.estrategia.com\/portal\/","name":"Estrat\u00e9gia Militares","description":"","publisher":{"@id":"https:\/\/militares.estrategia.com\/portal\/#organization"},"potentialAction":[{"@type":"SearchAction","target":{"@type":"EntryPoint","urlTemplate":"https:\/\/militares.estrategia.com\/portal\/?s={search_term_string}"},"query-input":{"@type":"PropertyValueSpecification","valueRequired":true,"valueName":"search_term_string"}}],"inLanguage":"pt-BR"},{"@type":"Organization","@id":"https:\/\/militares.estrategia.com\/portal\/#organization","name":"Estrat\u00e9gia Militares","url":"https:\/\/militares.estrategia.com\/portal\/","logo":{"@type":"ImageObject","inLanguage":"pt-BR","@id":"https:\/\/militares.estrategia.com\/portal\/#\/schema\/logo\/image\/","url":"https:\/\/militares.estrategia.com\/portal\/wp-content\/uploads\/2021\/10\/logo-militares.webp","contentUrl":"https:\/\/militares.estrategia.com\/portal\/wp-content\/uploads\/2021\/10\/logo-militares.webp","width":346,"height":90,"caption":"Estrat\u00e9gia Militares"},"image":{"@id":"https:\/\/militares.estrategia.com\/portal\/#\/schema\/logo\/image\/"},"sameAs":["https:\/\/www.facebook.com\/EstrategiaMilitares","https:\/\/x.com\/estrategiamilit","https:\/\/www.instagram.com\/estrategiamilitares\/","https:\/\/www.youtube.com\/channel\/UCRG_9hakCqXxnj_8TqCdgTA"]},{"@type":"Person","@id":"https:\/\/militares.estrategia.com\/portal\/#\/schema\/person\/46e1f54d690b6a851270112cd62d2f37","name":"Raquel Oshio","image":{"@type":"ImageObject","inLanguage":"pt-BR","@id":"https:\/\/militares.estrategia.com\/portal\/#\/schema\/person\/image\/","url":"https:\/\/secure.gravatar.com\/avatar\/fa4e62d5e59d9cf9995ea9c715a78807?s=96&d=mm&r=g","contentUrl":"https:\/\/secure.gravatar.com\/avatar\/fa4e62d5e59d9cf9995ea9c715a78807?s=96&d=mm&r=g","caption":"Raquel Oshio"},"description":"Raquel Kie \u00e9 amante de hist\u00f3rias e ca\u00e7adora de belezas escondidas. Jornalista de profiss\u00e3o e cora\u00e7\u00e3o. Desenhista e escritora de fic\u00e7\u00e3o nas horas vagas. Acredito no potencial transformador de todo trabalho feito com dedica\u00e7\u00e3o.","url":"https:\/\/militares.estrategia.com\/portal\/author\/raqueloshio\/"}]}},"_wl_alt_label":[],"wl:entity_url":"https:\/\/data.wordlift.io\/wl110246\/post\/o-que-comem-os-militares-conheca-as-racoes-operacionais-78314","_links":{"self":[{"href":"https:\/\/militares.estrategia.com\/portal\/wp-json\/wp\/v2\/posts\/78314","targetHints":{"allow":["GET"]}}],"collection":[{"href":"https:\/\/militares.estrategia.com\/portal\/wp-json\/wp\/v2\/posts"}],"about":[{"href":"https:\/\/militares.estrategia.com\/portal\/wp-json\/wp\/v2\/types\/post"}],"author":[{"embeddable":true,"href":"https:\/\/militares.estrategia.com\/portal\/wp-json\/wp\/v2\/users\/9"}],"replies":[{"embeddable":true,"href":"https:\/\/militares.estrategia.com\/portal\/wp-json\/wp\/v2\/comments?post=78314"}],"version-history":[{"count":3,"href":"https:\/\/militares.estrategia.com\/portal\/wp-json\/wp\/v2\/posts\/78314\/revisions"}],"predecessor-version":[{"id":78416,"href":"https:\/\/militares.estrategia.com\/portal\/wp-json\/wp\/v2\/posts\/78314\/revisions\/78416"}],"wp:featuredmedia":[{"embeddable":true,"href":"https:\/\/militares.estrategia.com\/portal\/wp-json\/wp\/v2\/media\/78315"}],"wp:attachment":[{"href":"https:\/\/militares.estrategia.com\/portal\/wp-json\/wp\/v2\/media?parent=78314"}],"wp:term":[{"taxonomy":"category","embeddable":true,"href":"https:\/\/militares.estrategia.com\/portal\/wp-json\/wp\/v2\/categories?post=78314"},{"taxonomy":"post_tag","embeddable":true,"href":"https:\/\/militares.estrategia.com\/portal\/wp-json\/wp\/v2\/tags?post=78314"},{"taxonomy":"wl_entity_type","embeddable":true,"href":"https:\/\/militares.estrategia.com\/portal\/wp-json\/wp\/v2\/wl_entity_type?post=78314"}],"curies":[{"name":"wp","href":"https:\/\/api.w.org\/{rel}","templated":true}]}}