{"id":78302,"date":"2024-08-29T15:53:57","date_gmt":"2024-08-29T18:53:57","guid":{"rendered":"https:\/\/militares.estrategia.com\/portal\/?p=78302"},"modified":"2024-09-05T11:49:50","modified_gmt":"2024-09-05T14:49:50","slug":"epcar-divulga-lista-de-candidatos-que-terao-redacao-corrigida","status":"publish","type":"post","link":"https:\/\/militares.estrategia.com\/portal\/noticias\/epcar-divulga-lista-de-candidatos-que-terao-redacao-corrigida\/","title":{"rendered":"EPCAR 2024\/2025 divulga lista de candidatos que ter\u00e3o reda\u00e7\u00e3o corrigida"},"content":{"rendered":"\n<p>A FAB divulgou a rela\u00e7\u00e3o de candidatos do Concurso EPCAR 2024\/2025 que ter\u00e3o suas reda\u00e7\u00f5es corrigidas. A lista foi publicada na p\u00e1gina oficial do seletivo nesta quinta, dia 29 de agosto. A prova escrita do seletivo aconteceu no dia 4 de agosto e o resultado preliminar sem a nota de reda\u00e7\u00e3o foi divulgada no dia 21 do mesmo m\u00eas. <\/p>\n\n\n\n<p>Veja a seguir a lista divulgada pela EPCAR: <\/p>\n\n\n\n<div class=\"wp-block-buttons is-content-justification-center is-layout-flex wp-container-core-buttons-is-layout-1 wp-block-buttons-is-layout-flex\">\n<div class=\"wp-block-button is-style-outline is-style-outline--1\"><a class=\"wp-block-button__link has-electric-grass-gradient-background has-background wp-element-button\" href=\"https:\/\/militares.estrategia.com\/portal\/wp-content\/uploads\/2024\/08\/cpcar2025_redacao_corrigida_.pdf\" style=\"border-radius:68px\" target=\"_blank\" >REda\u00e7\u00f5es para corre\u00e7\u00e3o &#8211; EPCAR<\/a><\/div>\n<\/div>\n\n\n\n<p>Para ter sua reda\u00e7\u00e3o corrigida, o candidato precisava ter se classificado dentro de pelo menos, seis vezes o n\u00famero de vagas oferecidas pela EPCAR nesta edi\u00e7\u00e3o. As vagas reservadas &#8211; o equivalente a 20% das vagas totais &#8211; tamb\u00e9m seguem a mesma propor\u00e7\u00e3o. <\/p>\n\n\n\n<p>No Concurso EPCAR 2024\/2025 foram oferecidas 130 vagas, sendo 104 para ampla concorr\u00eancia e 26 vagas para candidatos cotistas. Ou seja,<strong> ser\u00e3o corrigidas at\u00e9 780 reda\u00e7\u00f5es. <\/strong>O resultado da avalia\u00e7\u00e3o com a nota de reda\u00e7\u00e3o ser\u00e1 divulgado no dia 12 de setembro. <\/p>\n\n\n\n<p>Veja  seguir o calend\u00e1rio das pr\u00f3ximas etapas do seletivo: <\/p>\n\n\n\n<figure class=\"wp-block-table is-style-stripes\"><table class=\"has-electric-grass-gradient-background has-background\"><tbody><tr><td>Concentra\u00e7\u00e3o Intermedi\u00e1ria<\/td><td>07\/10\/2024<\/td><\/tr><tr><td>Procedimento de Heteroidentifica\u00e7\u00e3o<\/td><td>18\/12\/2024<\/td><\/tr><tr><td>Teste de Avalia\u00e7\u00e3o do Condicionamento F\u00edsico<\/td><td>3 a 6\/12\/2024<\/td><\/tr><tr><td>Inspe\u00e7\u00e3o de Sa\u00fade<\/td><td>08 a 25\/10\/2024<\/td><\/tr><tr><td>Avalia\u00e7\u00e3o Psicol\u00f3gica<\/td><td>8 a 18\/10\/2024<\/td><\/tr><tr><td>Concentra\u00e7\u00e3o Final e Habilita\u00e7\u00e3o \u00e0 Matr\u00edcula<\/td><td>11\/01\/2025<\/td><\/tr><tr><td>Matr\u00edcula e In\u00edcio do Curso<\/td><td>13\/01\/2025<\/td><\/tr><\/tbody><\/table><\/figure>\n\n\n\n<p>Fique ligado no Portal Estrat\u00e9gia Militares para n\u00e3o perder nenhuma not\u00edcia sobre os seletivos das For\u00e7as Armadas! Clique no banner e acesse tamb\u00e9m a nossa plataforma de cursos on-line preparat\u00f3rios e o Banco de Quest\u00f5es do Estrat\u00e9gia Militares. <\/p>\n\n\n\n<p><\/p>\n\n\n","protected":false},"excerpt":{"rendered":"A FAB divulgou a rela\u00e7\u00e3o de candidatos do Concurso EPCAR 2024\/2025 que ter\u00e3o suas reda\u00e7\u00f5es corrigidas. A lista&hellip;\n","protected":false},"author":9,"featured_media":58076,"comment_status":"closed","ping_status":"closed","sticky":false,"template":"","format":"standard","meta":{"wl_entities_gutenberg":"","footnotes":""},"categories":[36],"tags":[],"wl_entity_type":[187],"class_list":{"0":"post-78302","1":"post","2":"type-post","3":"status-publish","4":"format-standard","5":"has-post-thumbnail","7":"category-noticias","8":"wl_entity_type-article"},"acf":[],"yoast_head":"<!-- This site is optimized with the Yoast SEO Premium plugin v26.6 (Yoast SEO v26.6) - https:\/\/yoast.com\/wordpress\/plugins\/seo\/ -->\n<title>EPCAR 2024\/2025 divulga lista de candidatos que ter\u00e3o reda\u00e7\u00e3o corrigida<\/title>\n<meta name=\"description\" content=\"Veja a rela\u00e7\u00e3o de candidatos que ter\u00e3o suas reda\u00e7\u00f5es, escritas para a Prova EPCAR 2024\/2025, corrigidas! Ser\u00e3o corrigidas at\u00e9 780 textos!\" \/>\n<meta name=\"robots\" content=\"index, follow, max-snippet:-1, max-image-preview:large, max-video-preview:-1\" \/>\n<link rel=\"canonical\" href=\"https:\/\/militares.estrategia.com\/portal\/noticias\/epcar-divulga-lista-de-candidatos-que-terao-redacao-corrigida\/\" \/>\n<meta property=\"og:locale\" content=\"pt_BR\" \/>\n<meta property=\"og:type\" content=\"article\" \/>\n<meta property=\"og:title\" content=\"EPCAR 2024\/2025 divulga lista de candidatos que ter\u00e3o reda\u00e7\u00e3o corrigida\" \/>\n<meta property=\"og:description\" content=\"Veja a rela\u00e7\u00e3o de candidatos que ter\u00e3o suas reda\u00e7\u00f5es, escritas para a Prova EPCAR 2024\/2025, corrigidas! Ser\u00e3o corrigidas at\u00e9 780 textos!\" \/>\n<meta property=\"og:url\" content=\"https:\/\/militares.estrategia.com\/portal\/noticias\/epcar-divulga-lista-de-candidatos-que-terao-redacao-corrigida\/\" \/>\n<meta property=\"og:site_name\" content=\"Estrat\u00e9gia Militares\" \/>\n<meta property=\"article:publisher\" content=\"https:\/\/www.facebook.com\/EstrategiaMilitares\" \/>\n<meta property=\"article:published_time\" content=\"2024-08-29T18:53:57+00:00\" \/>\n<meta property=\"article:modified_time\" content=\"2024-09-05T14:49:50+00:00\" \/>\n<meta property=\"og:image\" content=\"https:\/\/militares.estrategia.com\/portal\/wp-content\/uploads\/2022\/08\/Capa_BLOG_EPCAR.jpg\" \/>\n\t<meta property=\"og:image:width\" content=\"1200\" \/>\n\t<meta property=\"og:image:height\" content=\"676\" \/>\n\t<meta property=\"og:image:type\" content=\"image\/jpeg\" \/>\n<meta name=\"author\" content=\"Raquel Oshio\" \/>\n<meta name=\"twitter:card\" content=\"summary_large_image\" \/>\n<meta name=\"twitter:creator\" content=\"@estrategiamilit\" \/>\n<meta name=\"twitter:site\" content=\"@estrategiamilit\" \/>\n<meta name=\"twitter:label1\" content=\"Escrito por\" \/>\n\t<meta name=\"twitter:data1\" content=\"Raquel Oshio\" \/>\n\t<meta name=\"twitter:label2\" content=\"Est. tempo de leitura\" \/>\n\t<meta name=\"twitter:data2\" content=\"1 minuto\" \/>\n<script type=\"application\/ld+json\" class=\"yoast-schema-graph\">{\"@context\":\"https:\/\/schema.org\",\"@graph\":[{\"@type\":\"Article\",\"@id\":\"https:\/\/militares.estrategia.com\/portal\/noticias\/epcar-divulga-lista-de-candidatos-que-terao-redacao-corrigida\/#article\",\"isPartOf\":{\"@id\":\"https:\/\/militares.estrategia.com\/portal\/noticias\/epcar-divulga-lista-de-candidatos-que-terao-redacao-corrigida\/\"},\"author\":{\"name\":\"Raquel Oshio\",\"@id\":\"https:\/\/militares.estrategia.com\/portal\/#\/schema\/person\/46e1f54d690b6a851270112cd62d2f37\"},\"headline\":\"EPCAR 2024\/2025 divulga lista de candidatos que ter\u00e3o reda\u00e7\u00e3o corrigida\",\"datePublished\":\"2024-08-29T18:53:57+00:00\",\"dateModified\":\"2024-09-05T14:49:50+00:00\",\"mainEntityOfPage\":{\"@id\":\"https:\/\/militares.estrategia.com\/portal\/noticias\/epcar-divulga-lista-de-candidatos-que-terao-redacao-corrigida\/\"},\"wordCount\":275,\"publisher\":{\"@id\":\"https:\/\/militares.estrategia.com\/portal\/#organization\"},\"image\":{\"@id\":\"https:\/\/militares.estrategia.com\/portal\/noticias\/epcar-divulga-lista-de-candidatos-que-terao-redacao-corrigida\/#primaryimage\"},\"thumbnailUrl\":\"https:\/\/militares.estrategia.com\/portal\/wp-content\/uploads\/2022\/08\/Capa_BLOG_EPCAR.jpg\",\"articleSection\":[\"Not\u00edcias\"],\"inLanguage\":\"pt-BR\"},{\"@type\":\"WebPage\",\"@id\":\"https:\/\/militares.estrategia.com\/portal\/noticias\/epcar-divulga-lista-de-candidatos-que-terao-redacao-corrigida\/\",\"url\":\"https:\/\/militares.estrategia.com\/portal\/noticias\/epcar-divulga-lista-de-candidatos-que-terao-redacao-corrigida\/\",\"name\":\"EPCAR 2024\/2025 divulga lista de candidatos que ter\u00e3o reda\u00e7\u00e3o corrigida\",\"isPartOf\":{\"@id\":\"https:\/\/militares.estrategia.com\/portal\/#website\"},\"primaryImageOfPage\":{\"@id\":\"https:\/\/militares.estrategia.com\/portal\/noticias\/epcar-divulga-lista-de-candidatos-que-terao-redacao-corrigida\/#primaryimage\"},\"image\":{\"@id\":\"https:\/\/militares.estrategia.com\/portal\/noticias\/epcar-divulga-lista-de-candidatos-que-terao-redacao-corrigida\/#primaryimage\"},\"thumbnailUrl\":\"https:\/\/militares.estrategia.com\/portal\/wp-content\/uploads\/2022\/08\/Capa_BLOG_EPCAR.jpg\",\"datePublished\":\"2024-08-29T18:53:57+00:00\",\"dateModified\":\"2024-09-05T14:49:50+00:00\",\"description\":\"Veja a rela\u00e7\u00e3o de candidatos que ter\u00e3o suas reda\u00e7\u00f5es, escritas para a Prova EPCAR 2024\/2025, corrigidas! Ser\u00e3o corrigidas at\u00e9 780 textos!\",\"breadcrumb\":{\"@id\":\"https:\/\/militares.estrategia.com\/portal\/noticias\/epcar-divulga-lista-de-candidatos-que-terao-redacao-corrigida\/#breadcrumb\"},\"inLanguage\":\"pt-BR\",\"potentialAction\":[{\"@type\":\"ReadAction\",\"target\":[\"https:\/\/militares.estrategia.com\/portal\/noticias\/epcar-divulga-lista-de-candidatos-que-terao-redacao-corrigida\/\"]}]},{\"@type\":\"ImageObject\",\"inLanguage\":\"pt-BR\",\"@id\":\"https:\/\/militares.estrategia.com\/portal\/noticias\/epcar-divulga-lista-de-candidatos-que-terao-redacao-corrigida\/#primaryimage\",\"url\":\"https:\/\/militares.estrategia.com\/portal\/wp-content\/uploads\/2022\/08\/Capa_BLOG_EPCAR.jpg\",\"contentUrl\":\"https:\/\/militares.estrategia.com\/portal\/wp-content\/uploads\/2022\/08\/Capa_BLOG_EPCAR.jpg\",\"width\":1200,\"height\":676,\"caption\":\"epcar\"},{\"@type\":\"BreadcrumbList\",\"@id\":\"https:\/\/militares.estrategia.com\/portal\/noticias\/epcar-divulga-lista-de-candidatos-que-terao-redacao-corrigida\/#breadcrumb\",\"itemListElement\":[{\"@type\":\"ListItem\",\"position\":1,\"name\":\"Home\",\"item\":\"https:\/\/militares.estrategia.com\/portal\/\"},{\"@type\":\"ListItem\",\"position\":2,\"name\":\"Not\u00edcias\",\"item\":\"https:\/\/militares.estrategia.com\/portal\/noticias\/\"},{\"@type\":\"ListItem\",\"position\":3,\"name\":\"EPCAR 2024\/2025 divulga lista de candidatos que ter\u00e3o reda\u00e7\u00e3o corrigida\"}]},{\"@type\":\"WebSite\",\"@id\":\"https:\/\/militares.estrategia.com\/portal\/#website\",\"url\":\"https:\/\/militares.estrategia.com\/portal\/\",\"name\":\"Estrat\u00e9gia Militares\",\"description\":\"\",\"publisher\":{\"@id\":\"https:\/\/militares.estrategia.com\/portal\/#organization\"},\"potentialAction\":[{\"@type\":\"SearchAction\",\"target\":{\"@type\":\"EntryPoint\",\"urlTemplate\":\"https:\/\/militares.estrategia.com\/portal\/?s={search_term_string}\"},\"query-input\":{\"@type\":\"PropertyValueSpecification\",\"valueRequired\":true,\"valueName\":\"search_term_string\"}}],\"inLanguage\":\"pt-BR\"},{\"@type\":\"Organization\",\"@id\":\"https:\/\/militares.estrategia.com\/portal\/#organization\",\"name\":\"Estrat\u00e9gia Militares\",\"url\":\"https:\/\/militares.estrategia.com\/portal\/\",\"logo\":{\"@type\":\"ImageObject\",\"inLanguage\":\"pt-BR\",\"@id\":\"https:\/\/militares.estrategia.com\/portal\/#\/schema\/logo\/image\/\",\"url\":\"https:\/\/militares.estrategia.com\/portal\/wp-content\/uploads\/2021\/10\/logo-militares.webp\",\"contentUrl\":\"https:\/\/militares.estrategia.com\/portal\/wp-content\/uploads\/2021\/10\/logo-militares.webp\",\"width\":346,\"height\":90,\"caption\":\"Estrat\u00e9gia Militares\"},\"image\":{\"@id\":\"https:\/\/militares.estrategia.com\/portal\/#\/schema\/logo\/image\/\"},\"sameAs\":[\"https:\/\/www.facebook.com\/EstrategiaMilitares\",\"https:\/\/x.com\/estrategiamilit\",\"https:\/\/www.instagram.com\/estrategiamilitares\/\",\"https:\/\/www.youtube.com\/channel\/UCRG_9hakCqXxnj_8TqCdgTA\"]},{\"@type\":\"Person\",\"@id\":\"https:\/\/militares.estrategia.com\/portal\/#\/schema\/person\/46e1f54d690b6a851270112cd62d2f37\",\"name\":\"Raquel Oshio\",\"image\":{\"@type\":\"ImageObject\",\"inLanguage\":\"pt-BR\",\"@id\":\"https:\/\/militares.estrategia.com\/portal\/#\/schema\/person\/image\/\",\"url\":\"https:\/\/secure.gravatar.com\/avatar\/fa4e62d5e59d9cf9995ea9c715a78807?s=96&d=mm&r=g\",\"contentUrl\":\"https:\/\/secure.gravatar.com\/avatar\/fa4e62d5e59d9cf9995ea9c715a78807?s=96&d=mm&r=g\",\"caption\":\"Raquel Oshio\"},\"description\":\"Raquel Kie \u00e9 amante de hist\u00f3rias e ca\u00e7adora de belezas escondidas. Jornalista de profiss\u00e3o e cora\u00e7\u00e3o. Desenhista e escritora de fic\u00e7\u00e3o nas horas vagas. Acredito no potencial transformador de todo trabalho feito com dedica\u00e7\u00e3o.\",\"url\":\"https:\/\/militares.estrategia.com\/portal\/author\/raqueloshio\/\"}]}<\/script>\n<!-- \/ Yoast SEO Premium plugin. -->","yoast_head_json":{"title":"EPCAR 2024\/2025 divulga lista de candidatos que ter\u00e3o reda\u00e7\u00e3o corrigida","description":"Veja a rela\u00e7\u00e3o de candidatos que ter\u00e3o suas reda\u00e7\u00f5es, escritas para a Prova EPCAR 2024\/2025, corrigidas! Ser\u00e3o corrigidas at\u00e9 780 textos!","robots":{"index":"index","follow":"follow","max-snippet":"max-snippet:-1","max-image-preview":"max-image-preview:large","max-video-preview":"max-video-preview:-1"},"canonical":"https:\/\/militares.estrategia.com\/portal\/noticias\/epcar-divulga-lista-de-candidatos-que-terao-redacao-corrigida\/","og_locale":"pt_BR","og_type":"article","og_title":"EPCAR 2024\/2025 divulga lista de candidatos que ter\u00e3o reda\u00e7\u00e3o corrigida","og_description":"Veja a rela\u00e7\u00e3o de candidatos que ter\u00e3o suas reda\u00e7\u00f5es, escritas para a Prova EPCAR 2024\/2025, corrigidas! Ser\u00e3o corrigidas at\u00e9 780 textos!","og_url":"https:\/\/militares.estrategia.com\/portal\/noticias\/epcar-divulga-lista-de-candidatos-que-terao-redacao-corrigida\/","og_site_name":"Estrat\u00e9gia Militares","article_publisher":"https:\/\/www.facebook.com\/EstrategiaMilitares","article_published_time":"2024-08-29T18:53:57+00:00","article_modified_time":"2024-09-05T14:49:50+00:00","og_image":[{"width":1200,"height":676,"url":"https:\/\/militares.estrategia.com\/portal\/wp-content\/uploads\/2022\/08\/Capa_BLOG_EPCAR.jpg","type":"image\/jpeg"}],"author":"Raquel Oshio","twitter_card":"summary_large_image","twitter_creator":"@estrategiamilit","twitter_site":"@estrategiamilit","twitter_misc":{"Escrito por":"Raquel Oshio","Est. tempo de leitura":"1 minuto"},"schema":{"@context":"https:\/\/schema.org","@graph":[{"@type":"Article","@id":"https:\/\/militares.estrategia.com\/portal\/noticias\/epcar-divulga-lista-de-candidatos-que-terao-redacao-corrigida\/#article","isPartOf":{"@id":"https:\/\/militares.estrategia.com\/portal\/noticias\/epcar-divulga-lista-de-candidatos-que-terao-redacao-corrigida\/"},"author":{"name":"Raquel Oshio","@id":"https:\/\/militares.estrategia.com\/portal\/#\/schema\/person\/46e1f54d690b6a851270112cd62d2f37"},"headline":"EPCAR 2024\/2025 divulga lista de candidatos que ter\u00e3o reda\u00e7\u00e3o corrigida","datePublished":"2024-08-29T18:53:57+00:00","dateModified":"2024-09-05T14:49:50+00:00","mainEntityOfPage":{"@id":"https:\/\/militares.estrategia.com\/portal\/noticias\/epcar-divulga-lista-de-candidatos-que-terao-redacao-corrigida\/"},"wordCount":275,"publisher":{"@id":"https:\/\/militares.estrategia.com\/portal\/#organization"},"image":{"@id":"https:\/\/militares.estrategia.com\/portal\/noticias\/epcar-divulga-lista-de-candidatos-que-terao-redacao-corrigida\/#primaryimage"},"thumbnailUrl":"https:\/\/militares.estrategia.com\/portal\/wp-content\/uploads\/2022\/08\/Capa_BLOG_EPCAR.jpg","articleSection":["Not\u00edcias"],"inLanguage":"pt-BR"},{"@type":"WebPage","@id":"https:\/\/militares.estrategia.com\/portal\/noticias\/epcar-divulga-lista-de-candidatos-que-terao-redacao-corrigida\/","url":"https:\/\/militares.estrategia.com\/portal\/noticias\/epcar-divulga-lista-de-candidatos-que-terao-redacao-corrigida\/","name":"EPCAR 2024\/2025 divulga lista de candidatos que ter\u00e3o reda\u00e7\u00e3o corrigida","isPartOf":{"@id":"https:\/\/militares.estrategia.com\/portal\/#website"},"primaryImageOfPage":{"@id":"https:\/\/militares.estrategia.com\/portal\/noticias\/epcar-divulga-lista-de-candidatos-que-terao-redacao-corrigida\/#primaryimage"},"image":{"@id":"https:\/\/militares.estrategia.com\/portal\/noticias\/epcar-divulga-lista-de-candidatos-que-terao-redacao-corrigida\/#primaryimage"},"thumbnailUrl":"https:\/\/militares.estrategia.com\/portal\/wp-content\/uploads\/2022\/08\/Capa_BLOG_EPCAR.jpg","datePublished":"2024-08-29T18:53:57+00:00","dateModified":"2024-09-05T14:49:50+00:00","description":"Veja a rela\u00e7\u00e3o de candidatos que ter\u00e3o suas reda\u00e7\u00f5es, escritas para a Prova EPCAR 2024\/2025, corrigidas! Ser\u00e3o corrigidas at\u00e9 780 textos!","breadcrumb":{"@id":"https:\/\/militares.estrategia.com\/portal\/noticias\/epcar-divulga-lista-de-candidatos-que-terao-redacao-corrigida\/#breadcrumb"},"inLanguage":"pt-BR","potentialAction":[{"@type":"ReadAction","target":["https:\/\/militares.estrategia.com\/portal\/noticias\/epcar-divulga-lista-de-candidatos-que-terao-redacao-corrigida\/"]}]},{"@type":"ImageObject","inLanguage":"pt-BR","@id":"https:\/\/militares.estrategia.com\/portal\/noticias\/epcar-divulga-lista-de-candidatos-que-terao-redacao-corrigida\/#primaryimage","url":"https:\/\/militares.estrategia.com\/portal\/wp-content\/uploads\/2022\/08\/Capa_BLOG_EPCAR.jpg","contentUrl":"https:\/\/militares.estrategia.com\/portal\/wp-content\/uploads\/2022\/08\/Capa_BLOG_EPCAR.jpg","width":1200,"height":676,"caption":"epcar"},{"@type":"BreadcrumbList","@id":"https:\/\/militares.estrategia.com\/portal\/noticias\/epcar-divulga-lista-de-candidatos-que-terao-redacao-corrigida\/#breadcrumb","itemListElement":[{"@type":"ListItem","position":1,"name":"Home","item":"https:\/\/militares.estrategia.com\/portal\/"},{"@type":"ListItem","position":2,"name":"Not\u00edcias","item":"https:\/\/militares.estrategia.com\/portal\/noticias\/"},{"@type":"ListItem","position":3,"name":"EPCAR 2024\/2025 divulga lista de candidatos que ter\u00e3o reda\u00e7\u00e3o corrigida"}]},{"@type":"WebSite","@id":"https:\/\/militares.estrategia.com\/portal\/#website","url":"https:\/\/militares.estrategia.com\/portal\/","name":"Estrat\u00e9gia Militares","description":"","publisher":{"@id":"https:\/\/militares.estrategia.com\/portal\/#organization"},"potentialAction":[{"@type":"SearchAction","target":{"@type":"EntryPoint","urlTemplate":"https:\/\/militares.estrategia.com\/portal\/?s={search_term_string}"},"query-input":{"@type":"PropertyValueSpecification","valueRequired":true,"valueName":"search_term_string"}}],"inLanguage":"pt-BR"},{"@type":"Organization","@id":"https:\/\/militares.estrategia.com\/portal\/#organization","name":"Estrat\u00e9gia Militares","url":"https:\/\/militares.estrategia.com\/portal\/","logo":{"@type":"ImageObject","inLanguage":"pt-BR","@id":"https:\/\/militares.estrategia.com\/portal\/#\/schema\/logo\/image\/","url":"https:\/\/militares.estrategia.com\/portal\/wp-content\/uploads\/2021\/10\/logo-militares.webp","contentUrl":"https:\/\/militares.estrategia.com\/portal\/wp-content\/uploads\/2021\/10\/logo-militares.webp","width":346,"height":90,"caption":"Estrat\u00e9gia Militares"},"image":{"@id":"https:\/\/militares.estrategia.com\/portal\/#\/schema\/logo\/image\/"},"sameAs":["https:\/\/www.facebook.com\/EstrategiaMilitares","https:\/\/x.com\/estrategiamilit","https:\/\/www.instagram.com\/estrategiamilitares\/","https:\/\/www.youtube.com\/channel\/UCRG_9hakCqXxnj_8TqCdgTA"]},{"@type":"Person","@id":"https:\/\/militares.estrategia.com\/portal\/#\/schema\/person\/46e1f54d690b6a851270112cd62d2f37","name":"Raquel Oshio","image":{"@type":"ImageObject","inLanguage":"pt-BR","@id":"https:\/\/militares.estrategia.com\/portal\/#\/schema\/person\/image\/","url":"https:\/\/secure.gravatar.com\/avatar\/fa4e62d5e59d9cf9995ea9c715a78807?s=96&d=mm&r=g","contentUrl":"https:\/\/secure.gravatar.com\/avatar\/fa4e62d5e59d9cf9995ea9c715a78807?s=96&d=mm&r=g","caption":"Raquel Oshio"},"description":"Raquel Kie \u00e9 amante de hist\u00f3rias e ca\u00e7adora de belezas escondidas. Jornalista de profiss\u00e3o e cora\u00e7\u00e3o. Desenhista e escritora de fic\u00e7\u00e3o nas horas vagas. Acredito no potencial transformador de todo trabalho feito com dedica\u00e7\u00e3o.","url":"https:\/\/militares.estrategia.com\/portal\/author\/raqueloshio\/"}]}},"_wl_alt_label":[],"wl:entity_url":"https:\/\/data.wordlift.io\/wl110246\/post\/epcar-divulga-lista-de-candidatos-que-terao-redacao-corrigida-78302-2","_links":{"self":[{"href":"https:\/\/militares.estrategia.com\/portal\/wp-json\/wp\/v2\/posts\/78302","targetHints":{"allow":["GET"]}}],"collection":[{"href":"https:\/\/militares.estrategia.com\/portal\/wp-json\/wp\/v2\/posts"}],"about":[{"href":"https:\/\/militares.estrategia.com\/portal\/wp-json\/wp\/v2\/types\/post"}],"author":[{"embeddable":true,"href":"https:\/\/militares.estrategia.com\/portal\/wp-json\/wp\/v2\/users\/9"}],"replies":[{"embeddable":true,"href":"https:\/\/militares.estrategia.com\/portal\/wp-json\/wp\/v2\/comments?post=78302"}],"version-history":[{"count":2,"href":"https:\/\/militares.estrategia.com\/portal\/wp-json\/wp\/v2\/posts\/78302\/revisions"}],"predecessor-version":[{"id":78564,"href":"https:\/\/militares.estrategia.com\/portal\/wp-json\/wp\/v2\/posts\/78302\/revisions\/78564"}],"wp:featuredmedia":[{"embeddable":true,"href":"https:\/\/militares.estrategia.com\/portal\/wp-json\/wp\/v2\/media\/58076"}],"wp:attachment":[{"href":"https:\/\/militares.estrategia.com\/portal\/wp-json\/wp\/v2\/media?parent=78302"}],"wp:term":[{"taxonomy":"category","embeddable":true,"href":"https:\/\/militares.estrategia.com\/portal\/wp-json\/wp\/v2\/categories?post=78302"},{"taxonomy":"post_tag","embeddable":true,"href":"https:\/\/militares.estrategia.com\/portal\/wp-json\/wp\/v2\/tags?post=78302"},{"taxonomy":"wl_entity_type","embeddable":true,"href":"https:\/\/militares.estrategia.com\/portal\/wp-json\/wp\/v2\/wl_entity_type?post=78302"}],"curies":[{"name":"wp","href":"https:\/\/api.w.org\/{rel}","templated":true}]}}