{"id":77558,"date":"2024-08-07T14:22:50","date_gmt":"2024-08-07T17:22:50","guid":{"rendered":"https:\/\/militares.estrategia.com\/portal\/?p=77558"},"modified":"2024-08-19T14:18:06","modified_gmt":"2024-08-19T17:18:06","slug":"fn-2024-marinha-convoca-candidatas-reservas-para-turma-ii","status":"publish","type":"post","link":"https:\/\/militares.estrategia.com\/portal\/noticias\/fn-2024-marinha-convoca-candidatas-reservas-para-turma-ii\/","title":{"rendered":"FN 2024: Marinha convoca candidatas reservas para Turma II"},"content":{"rendered":"\n<p>A <a href=\"https:\/\/militares.estrategia.com\/portal\/mundo-militar\/forcas-armadas\/marinha-do-brasil\/\" target=\"_blank\" >Marinha do Brasil<\/a> divulgou nos dias 6, 8 e 12 de agosto, listas com candidatas reservas do <a href=\"https:\/\/militares.estrategia.com\/portal\/escolas-militares\/marinha\/fuzileiro-naval\/concurso-fuzileiro-naval-vagas-datas-e-etapas\/\" target=\"_blank\" >Concurso Soldado Fuzileiro Naval<\/a> 2024 que foram convocadas para se apresentar para realizar o curso C-FSD-FN T II \/ 2024. Confira a seguir! <\/p>\n\n\n<div id=\"new-form\">\n\t<form id=\"forms_layout\">\n\t<input type=\"hidden\" id=\"chave_de\" name=\"chave_de\" value=\"01_EMIL_LEADS_TOTAIS\" \/>\n\t\t<input type=\"hidden\" id=\"mid\" name=\"mid\" value=\"515009017\" \/>\n\t\t<input type=\"hidden\" id=\"Objetivo\" name=\"Objetivo\" value=\"Militares\" \/>\n\t\t<input type=\"hidden\" id=\"Estado_de_Origem_do_IP\" name=\"Estado_de_Origem_do_IP\"  value=\"\" \/>\n\t\t<input type=\"hidden\" id=\"Cidade_de_Origem_do_IP\" name=\"Cidade_de_Origem_do_IP\" value=\"\" \/>\n\t\t<input type=\"hidden\" id=\"Modo_de_entrada\" name=\"Modo_de_entrada\" value=\"Portal\" \/>\n\t\t<input type=\"hidden\" id=\"Pagina_Origem\" name=\"Pagina_Origem\" value=\"\" \/>\n\n\t\t<div class=\"texto\">\n\t\t\t<h3 class=\"news\">Inscreva-se em nossa newsletter!<\/h3>\n\t\t\t<p>Receba not\u00edcias sobre os mais importantes concursos para as For\u00e7as Armadas brasileiras e informa\u00e7\u00f5es sobre o mundo militar!<\/p>\n\t\t<\/div>\n\t\t<div class=\"campos\">\n\t\t\t<div class=\"first_name labels\">\n\t\t\t\t<input type=\"text\" class=\"input_labels\" id=\"first_name\" name=\"Nome_Completo\" placeholder=\"Nome\" required \/>\n\t\t\t<\/div>\n\t\t\t<div class=\"email labels\">\n\t\t\t\t<input type=\"email\" class=\"input_labels\" id=\"email\" name=\"Email\" placeholder=\"E-mail\" required \/>\n\t\t\t<\/div>\n\t\t\t<button type=\"submit\" class=\"button_layout\">\n\t\t\t\t<div id=\"lblBotao\">Inscreva-se<\/div>\n\t\t\t\t<span id=\"divSpiner\" class=\"loader\" role=\"status\" style=\"display: none;\"><\/span>\t\n\t\t\t<\/button>\n\t\t<\/div><!-- \/campos -->\n\t\t\n\t\t<label class=\"container_checkbox\">Voc\u00ea concorda com a nossa\n\t\t\t<a class=\"politics_privacy_ahref\" target=\"_blank\" href=\"https:\/\/gratis.estrategiaconcursos.com.br\/politica-de-privacidade\/\">Pol\u00edtica de Privacidade<\/a> e aceita receber informa\u00e7\u00f5es adicionais do Estrat\u00e9gia Educacional.\n\t\t\t<input id=\"checkbox_layout\" type=\"checkbox\" checked=\"checked\" required \/>\n\t\t\t<span class=\"checkbox\"><\/span>\n\t\t<\/label>\n\t\t<div id=\"msg\"><\/div>\n\t\t<div id=\"error\" class=\"error\">\n\t\t<\/div>\n\t<\/form>\n<\/div><!-- \/new-form -->\n\n\n\n<p>A rela\u00e7\u00e3o foi publicada na p\u00e1gina do Concurso na internet. Al\u00e9m das candidatas convocadas, a ela traz ainda os nomes das desistentes e das reservas. As listas s\u00e3o constantemente atualizadas, e elas ser\u00e3o postadas aqui \u00e0 medida que forem liberadas pelo Corpo de Fuzileiros Navais. <\/p>\n\n\n\n<p>Confira a lista clicando no bot\u00e3o abaixo: <\/p>\n\n\n\n<div class=\"wp-block-buttons is-content-justification-center is-layout-flex wp-container-core-buttons-is-layout-1 wp-block-buttons-is-layout-flex\">\n<div class=\"wp-block-button is-style-outline is-style-outline--1\"><a class=\"wp-block-button__link has-electric-grass-gradient-background has-background wp-element-button\" href=\"https:\/\/militares.estrategia.com\/portal\/wp-content\/uploads\/2024\/08\/Conv-Res-01-T-II-2024.pdf\" style=\"border-radius:100px\" target=\"_blank\" >candidatas reservas I<\/a><\/div>\n<\/div>\n\n\n\n<div class=\"wp-block-buttons is-content-justification-center is-layout-flex wp-container-core-buttons-is-layout-2 wp-block-buttons-is-layout-flex\">\n<div class=\"wp-block-button is-style-outline is-style-outline--2\"><a class=\"wp-block-button__link has-electric-grass-gradient-background has-background wp-element-button\" href=\"https:\/\/militares.estrategia.com\/portal\/wp-content\/uploads\/2024\/08\/Conv-Res-02-T-II-2024.pdf\" style=\"border-radius:78px\" target=\"_blank\" >Candidatas Reservas II<\/a><\/div>\n<\/div>\n\n\n\n<div class=\"wp-block-buttons is-content-justification-center is-layout-flex wp-container-core-buttons-is-layout-3 wp-block-buttons-is-layout-flex\">\n<div class=\"wp-block-button is-style-outline is-style-outline--3\"><a class=\"wp-block-button__link has-electric-grass-gradient-background has-background wp-element-button\" href=\"https:\/\/militares.estrategia.com\/portal\/wp-content\/uploads\/2024\/08\/Conv-Res-03-T-II-2024.pdf\" style=\"border-radius:74px\" target=\"_blank\" >Candidatas Reservas III<\/a><\/div>\n<\/div>\n\n\n\n<div class=\"wp-block-buttons is-content-justification-center is-layout-flex wp-container-core-buttons-is-layout-4 wp-block-buttons-is-layout-flex\">\n<div class=\"wp-block-button is-style-outline is-style-outline--4\"><a class=\"wp-block-button__link has-electric-grass-gradient-background has-background wp-element-button\" href=\"https:\/\/militares.estrategia.com\/portal\/wp-content\/uploads\/2024\/08\/Conv-Res-04-T-II-2024.pdf\" style=\"border-radius:57px\" target=\"_blank\" >Candidatas Reservas IV<\/a><\/div>\n<\/div>\n\n\n\n<div class=\"wp-block-buttons is-content-justification-center is-layout-flex wp-container-core-buttons-is-layout-5 wp-block-buttons-is-layout-flex\">\n<div class=\"wp-block-button is-style-outline is-style-outline--5\"><a class=\"wp-block-button__link has-electric-grass-gradient-background has-background wp-element-button\" href=\"https:\/\/militares.estrategia.com\/portal\/wp-content\/uploads\/2024\/08\/Conv-Res-05-T-II-2024.pdf\" style=\"border-radius:100px\" target=\"_blank\" >Candidatas reservas v<\/a><\/div>\n<\/div>\n\n\n\n<div class=\"wp-block-buttons is-content-justification-center is-layout-flex wp-container-core-buttons-is-layout-6 wp-block-buttons-is-layout-flex\">\n<div class=\"wp-block-button is-style-outline is-style-outline--6\"><a class=\"wp-block-button__link has-electric-grass-gradient-background has-background wp-element-button\" href=\"https:\/\/militares.estrategia.com\/portal\/wp-content\/uploads\/2024\/08\/Conv-Res-06-T-II-2024.pdf\" style=\"border-radius:100px\" target=\"_blank\" >candidatas reservas vi<\/a><\/div>\n<\/div>\n\n\n\n<p>As candidatas convocadas no dia 6 de agosto dever\u00e3o comparecer ao Posto de Recrutamento localizado no CEFAN, na Penha, no Rio de Janeiro, dia 07 de agosto, para receber as instru\u00e7\u00f5es relativas \u00e0 sua apresenta\u00e7\u00e3o no \u00d3rg\u00e3o de forma\u00e7\u00e3o para iniciar o Curso de Forma\u00e7\u00e3o de Soldados Fuzileiros Navais da Turma II \/ 2024.<\/p>\n\n\n\n<p>As convocadas no dia 8, precisam comparecer no dia 9 de agosto no CEFAN. J\u00e1 as listadas no dia 12, precisam comparecer no dia 13 de agosto. <\/p>\n\n\n\n<p>Quer se tornar um soldado do Corpo de Fuzileiro Naval? O Estrat\u00e9gia Militares pode te ajudar a realizar esse sonho! Estude com nossos cursos e seja mais um coruja classificado! Clique no banner abaixo para saber mais! <\/p>\n\n\n\n<a id=\"cta\" class=\"cta-imagem\" href=\"https:\/\/militares.estrategia.com\/curso\/pacote-extensivo-para-fn-2024\/\" target=\"blank\">\n                <img decoding=\"async\" width=\"100%\" src=\"https:\/\/militares.estrategia.com\/portal\/wp-content\/uploads\/2023\/06\/CTA-FUZILEIRO-NAVAL-2.jpg\" alt=\"CTA FUZILEIRO NAVAL\" title=\"CTA FUZILEIRO NAVAL\">\n        <\/a>\n","protected":false},"excerpt":{"rendered":"A Marinha do Brasil divulgou nos dias 6, 8 e 12 de agosto, listas com candidatas reservas do&hellip;\n","protected":false},"author":58,"featured_media":47128,"comment_status":"closed","ping_status":"closed","sticky":false,"template":"","format":"standard","meta":{"wl_entities_gutenberg":"","footnotes":""},"categories":[36],"tags":[58,64,313,162,161],"wl_entity_type":[187],"class_list":{"0":"post-77558","1":"post","2":"type-post","3":"status-publish","4":"format-standard","5":"has-post-thumbnail","7":"category-noticias","8":"tag-fuzileironaval","9":"tag-marinhadobrasil","10":"tag-313","11":"tag-carreiramilitar","12":"tag-concursosmilitares","13":"wl_entity_type-article"},"acf":[],"yoast_head":"<!-- This site is optimized with the Yoast SEO Premium plugin v26.6 (Yoast SEO v26.6) - https:\/\/yoast.com\/wordpress\/plugins\/seo\/ -->\n<title>FN 2024: Marinha convoca candidatas reservas para Turma II<\/title>\n<meta name=\"description\" content=\"A Marinha do Brasil divulgou uma lista de candidatas reservas convocadas para o Curso para Soldado Fuzileiro Naval 2024 T II.\" \/>\n<meta name=\"robots\" content=\"index, follow, max-snippet:-1, max-image-preview:large, max-video-preview:-1\" \/>\n<link rel=\"canonical\" href=\"https:\/\/militares.estrategia.com\/portal\/noticias\/fn-2024-marinha-convoca-candidatas-reservas-para-turma-ii\/\" \/>\n<meta property=\"og:locale\" content=\"pt_BR\" \/>\n<meta property=\"og:type\" content=\"article\" \/>\n<meta property=\"og:title\" content=\"FN 2024: Marinha convoca candidatas reservas para Turma II\" \/>\n<meta property=\"og:description\" content=\"A Marinha do Brasil divulgou uma lista de candidatas reservas convocadas para o Curso para Soldado Fuzileiro Naval 2024 T II.\" \/>\n<meta property=\"og:url\" content=\"https:\/\/militares.estrategia.com\/portal\/noticias\/fn-2024-marinha-convoca-candidatas-reservas-para-turma-ii\/\" \/>\n<meta property=\"og:site_name\" content=\"Estrat\u00e9gia Militares\" \/>\n<meta property=\"article:publisher\" content=\"https:\/\/www.facebook.com\/EstrategiaMilitares\" \/>\n<meta property=\"article:published_time\" content=\"2024-08-07T17:22:50+00:00\" \/>\n<meta property=\"article:modified_time\" content=\"2024-08-19T17:18:06+00:00\" \/>\n<meta property=\"og:image\" content=\"https:\/\/militares.estrategia.com\/portal\/wp-content\/uploads\/2021\/08\/Capas_Imagens-BLOG-2.jpg\" \/>\n\t<meta property=\"og:image:width\" content=\"960\" \/>\n\t<meta property=\"og:image:height\" content=\"540\" \/>\n\t<meta property=\"og:image:type\" content=\"image\/jpeg\" \/>\n<meta name=\"author\" content=\"Vanesca Soares\" \/>\n<meta name=\"twitter:card\" content=\"summary_large_image\" \/>\n<meta name=\"twitter:creator\" content=\"@estrategiamilit\" \/>\n<meta name=\"twitter:site\" content=\"@estrategiamilit\" \/>\n<meta name=\"twitter:label1\" content=\"Escrito por\" \/>\n\t<meta name=\"twitter:data1\" content=\"Vanesca Soares\" \/>\n\t<meta name=\"twitter:label2\" content=\"Est. tempo de leitura\" \/>\n\t<meta name=\"twitter:data2\" content=\"1 minuto\" \/>\n<script type=\"application\/ld+json\" class=\"yoast-schema-graph\">{\"@context\":\"https:\/\/schema.org\",\"@graph\":[{\"@type\":\"NewsArticle\",\"@id\":\"https:\/\/militares.estrategia.com\/portal\/noticias\/fn-2024-marinha-convoca-candidatas-reservas-para-turma-ii\/#article\",\"isPartOf\":{\"@id\":\"https:\/\/militares.estrategia.com\/portal\/noticias\/fn-2024-marinha-convoca-candidatas-reservas-para-turma-ii\/\"},\"author\":{\"name\":\"Vanesca Soares\",\"@id\":\"https:\/\/militares.estrategia.com\/portal\/#\/schema\/person\/5cfd387108cd0cdefab7eea7a9735dcc\"},\"headline\":\"FN 2024: Marinha convoca candidatas reservas para Turma II\",\"datePublished\":\"2024-08-07T17:22:50+00:00\",\"dateModified\":\"2024-08-19T17:18:06+00:00\",\"mainEntityOfPage\":{\"@id\":\"https:\/\/militares.estrategia.com\/portal\/noticias\/fn-2024-marinha-convoca-candidatas-reservas-para-turma-ii\/\"},\"wordCount\":237,\"publisher\":{\"@id\":\"https:\/\/militares.estrategia.com\/portal\/#organization\"},\"image\":{\"@id\":\"https:\/\/militares.estrategia.com\/portal\/noticias\/fn-2024-marinha-convoca-candidatas-reservas-para-turma-ii\/#primaryimage\"},\"thumbnailUrl\":\"https:\/\/militares.estrategia.com\/portal\/wp-content\/uploads\/2021\/08\/Capas_Imagens-BLOG-2.jpg\",\"keywords\":[\"#fuzileironaval\",\"#marinhadobrasil\",\"2024\",\"carreiramilitar\",\"ConcursosMilitares\"],\"articleSection\":[\"Not\u00edcias\"],\"inLanguage\":\"pt-BR\"},{\"@type\":\"WebPage\",\"@id\":\"https:\/\/militares.estrategia.com\/portal\/noticias\/fn-2024-marinha-convoca-candidatas-reservas-para-turma-ii\/\",\"url\":\"https:\/\/militares.estrategia.com\/portal\/noticias\/fn-2024-marinha-convoca-candidatas-reservas-para-turma-ii\/\",\"name\":\"FN 2024: Marinha convoca candidatas reservas para Turma II\",\"isPartOf\":{\"@id\":\"https:\/\/militares.estrategia.com\/portal\/#website\"},\"primaryImageOfPage\":{\"@id\":\"https:\/\/militares.estrategia.com\/portal\/noticias\/fn-2024-marinha-convoca-candidatas-reservas-para-turma-ii\/#primaryimage\"},\"image\":{\"@id\":\"https:\/\/militares.estrategia.com\/portal\/noticias\/fn-2024-marinha-convoca-candidatas-reservas-para-turma-ii\/#primaryimage\"},\"thumbnailUrl\":\"https:\/\/militares.estrategia.com\/portal\/wp-content\/uploads\/2021\/08\/Capas_Imagens-BLOG-2.jpg\",\"datePublished\":\"2024-08-07T17:22:50+00:00\",\"dateModified\":\"2024-08-19T17:18:06+00:00\",\"description\":\"A Marinha do Brasil divulgou uma lista de candidatas reservas convocadas para o Curso para Soldado Fuzileiro Naval 2024 T II.\",\"breadcrumb\":{\"@id\":\"https:\/\/militares.estrategia.com\/portal\/noticias\/fn-2024-marinha-convoca-candidatas-reservas-para-turma-ii\/#breadcrumb\"},\"inLanguage\":\"pt-BR\",\"potentialAction\":[{\"@type\":\"ReadAction\",\"target\":[\"https:\/\/militares.estrategia.com\/portal\/noticias\/fn-2024-marinha-convoca-candidatas-reservas-para-turma-ii\/\"]}]},{\"@type\":\"ImageObject\",\"inLanguage\":\"pt-BR\",\"@id\":\"https:\/\/militares.estrategia.com\/portal\/noticias\/fn-2024-marinha-convoca-candidatas-reservas-para-turma-ii\/#primaryimage\",\"url\":\"https:\/\/militares.estrategia.com\/portal\/wp-content\/uploads\/2021\/08\/Capas_Imagens-BLOG-2.jpg\",\"contentUrl\":\"https:\/\/militares.estrategia.com\/portal\/wp-content\/uploads\/2021\/08\/Capas_Imagens-BLOG-2.jpg\",\"width\":960,\"height\":540,\"caption\":\"fuzileiro naval\"},{\"@type\":\"BreadcrumbList\",\"@id\":\"https:\/\/militares.estrategia.com\/portal\/noticias\/fn-2024-marinha-convoca-candidatas-reservas-para-turma-ii\/#breadcrumb\",\"itemListElement\":[{\"@type\":\"ListItem\",\"position\":1,\"name\":\"Home\",\"item\":\"https:\/\/militares.estrategia.com\/portal\/\"},{\"@type\":\"ListItem\",\"position\":2,\"name\":\"Not\u00edcias\",\"item\":\"https:\/\/militares.estrategia.com\/portal\/noticias\/\"},{\"@type\":\"ListItem\",\"position\":3,\"name\":\"FN 2024: Marinha convoca candidatas reservas para Turma II\"}]},{\"@type\":\"WebSite\",\"@id\":\"https:\/\/militares.estrategia.com\/portal\/#website\",\"url\":\"https:\/\/militares.estrategia.com\/portal\/\",\"name\":\"Estrat\u00e9gia Militares\",\"description\":\"\",\"publisher\":{\"@id\":\"https:\/\/militares.estrategia.com\/portal\/#organization\"},\"potentialAction\":[{\"@type\":\"SearchAction\",\"target\":{\"@type\":\"EntryPoint\",\"urlTemplate\":\"https:\/\/militares.estrategia.com\/portal\/?s={search_term_string}\"},\"query-input\":{\"@type\":\"PropertyValueSpecification\",\"valueRequired\":true,\"valueName\":\"search_term_string\"}}],\"inLanguage\":\"pt-BR\"},{\"@type\":\"Organization\",\"@id\":\"https:\/\/militares.estrategia.com\/portal\/#organization\",\"name\":\"Estrat\u00e9gia Militares\",\"url\":\"https:\/\/militares.estrategia.com\/portal\/\",\"logo\":{\"@type\":\"ImageObject\",\"inLanguage\":\"pt-BR\",\"@id\":\"https:\/\/militares.estrategia.com\/portal\/#\/schema\/logo\/image\/\",\"url\":\"https:\/\/militares.estrategia.com\/portal\/wp-content\/uploads\/2021\/10\/logo-militares.webp\",\"contentUrl\":\"https:\/\/militares.estrategia.com\/portal\/wp-content\/uploads\/2021\/10\/logo-militares.webp\",\"width\":346,\"height\":90,\"caption\":\"Estrat\u00e9gia Militares\"},\"image\":{\"@id\":\"https:\/\/militares.estrategia.com\/portal\/#\/schema\/logo\/image\/\"},\"sameAs\":[\"https:\/\/www.facebook.com\/EstrategiaMilitares\",\"https:\/\/x.com\/estrategiamilit\",\"https:\/\/www.instagram.com\/estrategiamilitares\/\",\"https:\/\/www.youtube.com\/channel\/UCRG_9hakCqXxnj_8TqCdgTA\"]},{\"@type\":\"Person\",\"@id\":\"https:\/\/militares.estrategia.com\/portal\/#\/schema\/person\/5cfd387108cd0cdefab7eea7a9735dcc\",\"name\":\"Vanesca Soares\",\"image\":{\"@type\":\"ImageObject\",\"inLanguage\":\"pt-BR\",\"@id\":\"https:\/\/militares.estrategia.com\/portal\/#\/schema\/person\/image\/\",\"url\":\"https:\/\/militares.estrategia.com\/portal\/wp-content\/uploads\/2021\/10\/FB_IMG_1634215702135-150x150.webp\",\"contentUrl\":\"https:\/\/militares.estrategia.com\/portal\/wp-content\/uploads\/2021\/10\/FB_IMG_1634215702135-150x150.webp\",\"caption\":\"Vanesca Soares\"},\"description\":\"Vanesca Soares foi Primeiro Tenente da Marinha do Brasil. Jornalista de forma\u00e7\u00e3o, ama todas as artes, principalmente a Literatura e o Cinema. Capaz de ficar em casa lendo um bom livro ao inv\u00e9s de ir para a balada, entende que ler \u00e9 uma grande viagem. Ama filmes hist\u00f3ricos, biografias, drama, thrillers, terror e tudo sobre os anos 1980. Principalmente a m\u00fasica!\",\"url\":\"https:\/\/militares.estrategia.com\/portal\/author\/vanesca-soares\/\"}]}<\/script>\n<!-- \/ Yoast SEO Premium plugin. -->","yoast_head_json":{"title":"FN 2024: Marinha convoca candidatas reservas para Turma II","description":"A Marinha do Brasil divulgou uma lista de candidatas reservas convocadas para o Curso para Soldado Fuzileiro Naval 2024 T II.","robots":{"index":"index","follow":"follow","max-snippet":"max-snippet:-1","max-image-preview":"max-image-preview:large","max-video-preview":"max-video-preview:-1"},"canonical":"https:\/\/militares.estrategia.com\/portal\/noticias\/fn-2024-marinha-convoca-candidatas-reservas-para-turma-ii\/","og_locale":"pt_BR","og_type":"article","og_title":"FN 2024: Marinha convoca candidatas reservas para Turma II","og_description":"A Marinha do Brasil divulgou uma lista de candidatas reservas convocadas para o Curso para Soldado Fuzileiro Naval 2024 T II.","og_url":"https:\/\/militares.estrategia.com\/portal\/noticias\/fn-2024-marinha-convoca-candidatas-reservas-para-turma-ii\/","og_site_name":"Estrat\u00e9gia Militares","article_publisher":"https:\/\/www.facebook.com\/EstrategiaMilitares","article_published_time":"2024-08-07T17:22:50+00:00","article_modified_time":"2024-08-19T17:18:06+00:00","og_image":[{"width":960,"height":540,"url":"https:\/\/militares.estrategia.com\/portal\/wp-content\/uploads\/2021\/08\/Capas_Imagens-BLOG-2.jpg","type":"image\/jpeg"}],"author":"Vanesca Soares","twitter_card":"summary_large_image","twitter_creator":"@estrategiamilit","twitter_site":"@estrategiamilit","twitter_misc":{"Escrito por":"Vanesca Soares","Est. tempo de leitura":"1 minuto"},"schema":{"@context":"https:\/\/schema.org","@graph":[{"@type":"NewsArticle","@id":"https:\/\/militares.estrategia.com\/portal\/noticias\/fn-2024-marinha-convoca-candidatas-reservas-para-turma-ii\/#article","isPartOf":{"@id":"https:\/\/militares.estrategia.com\/portal\/noticias\/fn-2024-marinha-convoca-candidatas-reservas-para-turma-ii\/"},"author":{"name":"Vanesca Soares","@id":"https:\/\/militares.estrategia.com\/portal\/#\/schema\/person\/5cfd387108cd0cdefab7eea7a9735dcc"},"headline":"FN 2024: Marinha convoca candidatas reservas para Turma II","datePublished":"2024-08-07T17:22:50+00:00","dateModified":"2024-08-19T17:18:06+00:00","mainEntityOfPage":{"@id":"https:\/\/militares.estrategia.com\/portal\/noticias\/fn-2024-marinha-convoca-candidatas-reservas-para-turma-ii\/"},"wordCount":237,"publisher":{"@id":"https:\/\/militares.estrategia.com\/portal\/#organization"},"image":{"@id":"https:\/\/militares.estrategia.com\/portal\/noticias\/fn-2024-marinha-convoca-candidatas-reservas-para-turma-ii\/#primaryimage"},"thumbnailUrl":"https:\/\/militares.estrategia.com\/portal\/wp-content\/uploads\/2021\/08\/Capas_Imagens-BLOG-2.jpg","keywords":["#fuzileironaval","#marinhadobrasil","2024","carreiramilitar","ConcursosMilitares"],"articleSection":["Not\u00edcias"],"inLanguage":"pt-BR"},{"@type":"WebPage","@id":"https:\/\/militares.estrategia.com\/portal\/noticias\/fn-2024-marinha-convoca-candidatas-reservas-para-turma-ii\/","url":"https:\/\/militares.estrategia.com\/portal\/noticias\/fn-2024-marinha-convoca-candidatas-reservas-para-turma-ii\/","name":"FN 2024: Marinha convoca candidatas reservas para Turma II","isPartOf":{"@id":"https:\/\/militares.estrategia.com\/portal\/#website"},"primaryImageOfPage":{"@id":"https:\/\/militares.estrategia.com\/portal\/noticias\/fn-2024-marinha-convoca-candidatas-reservas-para-turma-ii\/#primaryimage"},"image":{"@id":"https:\/\/militares.estrategia.com\/portal\/noticias\/fn-2024-marinha-convoca-candidatas-reservas-para-turma-ii\/#primaryimage"},"thumbnailUrl":"https:\/\/militares.estrategia.com\/portal\/wp-content\/uploads\/2021\/08\/Capas_Imagens-BLOG-2.jpg","datePublished":"2024-08-07T17:22:50+00:00","dateModified":"2024-08-19T17:18:06+00:00","description":"A Marinha do Brasil divulgou uma lista de candidatas reservas convocadas para o Curso para Soldado Fuzileiro Naval 2024 T II.","breadcrumb":{"@id":"https:\/\/militares.estrategia.com\/portal\/noticias\/fn-2024-marinha-convoca-candidatas-reservas-para-turma-ii\/#breadcrumb"},"inLanguage":"pt-BR","potentialAction":[{"@type":"ReadAction","target":["https:\/\/militares.estrategia.com\/portal\/noticias\/fn-2024-marinha-convoca-candidatas-reservas-para-turma-ii\/"]}]},{"@type":"ImageObject","inLanguage":"pt-BR","@id":"https:\/\/militares.estrategia.com\/portal\/noticias\/fn-2024-marinha-convoca-candidatas-reservas-para-turma-ii\/#primaryimage","url":"https:\/\/militares.estrategia.com\/portal\/wp-content\/uploads\/2021\/08\/Capas_Imagens-BLOG-2.jpg","contentUrl":"https:\/\/militares.estrategia.com\/portal\/wp-content\/uploads\/2021\/08\/Capas_Imagens-BLOG-2.jpg","width":960,"height":540,"caption":"fuzileiro naval"},{"@type":"BreadcrumbList","@id":"https:\/\/militares.estrategia.com\/portal\/noticias\/fn-2024-marinha-convoca-candidatas-reservas-para-turma-ii\/#breadcrumb","itemListElement":[{"@type":"ListItem","position":1,"name":"Home","item":"https:\/\/militares.estrategia.com\/portal\/"},{"@type":"ListItem","position":2,"name":"Not\u00edcias","item":"https:\/\/militares.estrategia.com\/portal\/noticias\/"},{"@type":"ListItem","position":3,"name":"FN 2024: Marinha convoca candidatas reservas para Turma II"}]},{"@type":"WebSite","@id":"https:\/\/militares.estrategia.com\/portal\/#website","url":"https:\/\/militares.estrategia.com\/portal\/","name":"Estrat\u00e9gia Militares","description":"","publisher":{"@id":"https:\/\/militares.estrategia.com\/portal\/#organization"},"potentialAction":[{"@type":"SearchAction","target":{"@type":"EntryPoint","urlTemplate":"https:\/\/militares.estrategia.com\/portal\/?s={search_term_string}"},"query-input":{"@type":"PropertyValueSpecification","valueRequired":true,"valueName":"search_term_string"}}],"inLanguage":"pt-BR"},{"@type":"Organization","@id":"https:\/\/militares.estrategia.com\/portal\/#organization","name":"Estrat\u00e9gia Militares","url":"https:\/\/militares.estrategia.com\/portal\/","logo":{"@type":"ImageObject","inLanguage":"pt-BR","@id":"https:\/\/militares.estrategia.com\/portal\/#\/schema\/logo\/image\/","url":"https:\/\/militares.estrategia.com\/portal\/wp-content\/uploads\/2021\/10\/logo-militares.webp","contentUrl":"https:\/\/militares.estrategia.com\/portal\/wp-content\/uploads\/2021\/10\/logo-militares.webp","width":346,"height":90,"caption":"Estrat\u00e9gia Militares"},"image":{"@id":"https:\/\/militares.estrategia.com\/portal\/#\/schema\/logo\/image\/"},"sameAs":["https:\/\/www.facebook.com\/EstrategiaMilitares","https:\/\/x.com\/estrategiamilit","https:\/\/www.instagram.com\/estrategiamilitares\/","https:\/\/www.youtube.com\/channel\/UCRG_9hakCqXxnj_8TqCdgTA"]},{"@type":"Person","@id":"https:\/\/militares.estrategia.com\/portal\/#\/schema\/person\/5cfd387108cd0cdefab7eea7a9735dcc","name":"Vanesca Soares","image":{"@type":"ImageObject","inLanguage":"pt-BR","@id":"https:\/\/militares.estrategia.com\/portal\/#\/schema\/person\/image\/","url":"https:\/\/militares.estrategia.com\/portal\/wp-content\/uploads\/2021\/10\/FB_IMG_1634215702135-150x150.webp","contentUrl":"https:\/\/militares.estrategia.com\/portal\/wp-content\/uploads\/2021\/10\/FB_IMG_1634215702135-150x150.webp","caption":"Vanesca Soares"},"description":"Vanesca Soares foi Primeiro Tenente da Marinha do Brasil. Jornalista de forma\u00e7\u00e3o, ama todas as artes, principalmente a Literatura e o Cinema. Capaz de ficar em casa lendo um bom livro ao inv\u00e9s de ir para a balada, entende que ler \u00e9 uma grande viagem. Ama filmes hist\u00f3ricos, biografias, drama, thrillers, terror e tudo sobre os anos 1980. Principalmente a m\u00fasica!","url":"https:\/\/militares.estrategia.com\/portal\/author\/vanesca-soares\/"}]}},"_wl_alt_label":[],"wl:entity_url":"https:\/\/data.wordlift.io\/wl110246\/post\/fn-2024-marinha-convoca-candidatas-reservas-para-turma-ii-77558","_links":{"self":[{"href":"https:\/\/militares.estrategia.com\/portal\/wp-json\/wp\/v2\/posts\/77558","targetHints":{"allow":["GET"]}}],"collection":[{"href":"https:\/\/militares.estrategia.com\/portal\/wp-json\/wp\/v2\/posts"}],"about":[{"href":"https:\/\/militares.estrategia.com\/portal\/wp-json\/wp\/v2\/types\/post"}],"author":[{"embeddable":true,"href":"https:\/\/militares.estrategia.com\/portal\/wp-json\/wp\/v2\/users\/58"}],"replies":[{"embeddable":true,"href":"https:\/\/militares.estrategia.com\/portal\/wp-json\/wp\/v2\/comments?post=77558"}],"version-history":[{"count":8,"href":"https:\/\/militares.estrategia.com\/portal\/wp-json\/wp\/v2\/posts\/77558\/revisions"}],"predecessor-version":[{"id":78023,"href":"https:\/\/militares.estrategia.com\/portal\/wp-json\/wp\/v2\/posts\/77558\/revisions\/78023"}],"wp:featuredmedia":[{"embeddable":true,"href":"https:\/\/militares.estrategia.com\/portal\/wp-json\/wp\/v2\/media\/47128"}],"wp:attachment":[{"href":"https:\/\/militares.estrategia.com\/portal\/wp-json\/wp\/v2\/media?parent=77558"}],"wp:term":[{"taxonomy":"category","embeddable":true,"href":"https:\/\/militares.estrategia.com\/portal\/wp-json\/wp\/v2\/categories?post=77558"},{"taxonomy":"post_tag","embeddable":true,"href":"https:\/\/militares.estrategia.com\/portal\/wp-json\/wp\/v2\/tags?post=77558"},{"taxonomy":"wl_entity_type","embeddable":true,"href":"https:\/\/militares.estrategia.com\/portal\/wp-json\/wp\/v2\/wl_entity_type?post=77558"}],"curies":[{"name":"wp","href":"https:\/\/api.w.org\/{rel}","templated":true}]}}