{"id":76194,"date":"2024-06-17T19:15:00","date_gmt":"2024-06-17T22:15:00","guid":{"rendered":"https:\/\/militares.estrategia.com\/portal\/?p=76194"},"modified":"2024-09-02T17:21:52","modified_gmt":"2024-09-02T20:21:52","slug":"processo-seletivo-de-bolsas-turma-presencial-ita-ime","status":"publish","type":"post","link":"https:\/\/militares.estrategia.com\/portal\/eventos\/processo-seletivo-de-bolsas-turma-presencial-ita-ime\/","title":{"rendered":"Turma Presencial ITA\/IME: veja o edital complementar do processo seletivo!\u00a0"},"content":{"rendered":"\n<p>J\u00e1 ouviu falar da \u00faltima novidade do Estrat\u00e9gia Militares? Para voc\u00ea que est\u00e1 estudando para o ITA ou IME, fique atento: <strong>o Estrat\u00e9gia Militares abrir\u00e1 sua 1<\/strong><strong><sup>a<\/sup><\/strong><strong> Turma Presencial ITA\/IME em S\u00e3o Paulo! <\/strong>N\u00e3o apenas isso, faremos <strong>um processo seletivo para 100 bolsas de 100%<\/strong> em 2024.&nbsp;<\/p>\n\n\n\n<p>N\u00e3o perca esta oportunidade de estudar presencialmente \u2013 e de gra\u00e7a \u2013 com o Estrat\u00e9gia Militares! Separamos para voc\u00ea<strong> as principais informa\u00e7\u00f5es e o Edital do Processo Seletivo de Bolsas<\/strong> para a Turma Presencial ITA\/IME.&nbsp;<\/p>\n\n\n\n<p>Al\u00e9m disso, o Estrat\u00e9gia Militares explica o seletivo e a Turma Presencial ITA\/IME em uma <strong>live em nosso canal no YouTube no dia 17 de junho.<\/strong> Confira:&nbsp;<\/p>\n\n\n\n<figure class=\"wp-block-embed is-type-video is-provider-youtube wp-block-embed-youtube wp-embed-aspect-16-9 wp-has-aspect-ratio\"><div class=\"wp-block-embed__wrapper\">\n<div class=\"cs-embed cs-embed-responsive\"><iframe title=\"TURMA PRESENCIAL ITA-IME | Edital para Processo Seletivo de bolsas\" width=\"1200\" height=\"675\" src=\"https:\/\/www.youtube.com\/embed\/JVH5xjEBIvM?feature=oembed\" frameborder=\"0\" allow=\"accelerometer; autoplay; clipboard-write; encrypted-media; gyroscope; picture-in-picture; web-share\" referrerpolicy=\"strict-origin-when-cross-origin\" allowfullscreen><\/iframe><\/div>\n<\/div><\/figure>\n\n\n\n<p><strong>As inscri\u00e7\u00f5es da 1<\/strong><strong><sup>a<\/sup><\/strong><strong> Prova de Sele\u00e7\u00e3o come\u00e7am no dia 17 de junho e v\u00e3o at\u00e9 16 de agosto! <\/strong>Fique por dentro das informa\u00e7\u00f5es antes de se inscrever.&nbsp;<\/p>\n\n\n\n<div id=\"ez-toc-container\" class=\"ez-toc-v2_0_79_2 counter-hierarchy ez-toc-counter ez-toc-transparent ez-toc-container-direction\">\n<div class=\"ez-toc-title-container\"><p class=\"ez-toc-title\" style=\"cursor:inherit\">Navegue pelo conte\u00fado\t<\/p>\n<\/div><nav><ul class='ez-toc-list ez-toc-list-level-1 ' ><li class='ez-toc-page-1 ez-toc-heading-level-2'><a class=\"ez-toc-link ez-toc-heading-1\" href=\"https:\/\/militares.estrategia.com\/portal\/eventos\/processo-seletivo-de-bolsas-turma-presencial-ita-ime\/#O-que-e-a-Turma-Presencial-ITAIME\" >O que \u00e9 a Turma Presencial ITA\/IME?&nbsp;<\/a><\/li><li class='ez-toc-page-1 ez-toc-heading-level-2'><a class=\"ez-toc-link ez-toc-heading-2\" href=\"https:\/\/militares.estrategia.com\/portal\/eventos\/processo-seletivo-de-bolsas-turma-presencial-ita-ime\/#Processo-Seletivo-de-Bolsas-de-100\" >Processo Seletivo de Bolsas de 100%<\/a><\/li><li class='ez-toc-page-1 ez-toc-heading-level-2'><a class=\"ez-toc-link ez-toc-heading-3\" href=\"https:\/\/militares.estrategia.com\/portal\/eventos\/processo-seletivo-de-bolsas-turma-presencial-ita-ime\/#Inscricoes-no-seletivo\" >Inscri\u00e7\u00f5es no seletivo<\/a><\/li><li class='ez-toc-page-1 ez-toc-heading-level-2'><a class=\"ez-toc-link ez-toc-heading-4\" href=\"https:\/\/militares.estrategia.com\/portal\/eventos\/processo-seletivo-de-bolsas-turma-presencial-ita-ime\/#Etapas-do-processo-seletivo\" >Etapas do processo seletivo<\/a><\/li><li class='ez-toc-page-1 ez-toc-heading-level-2'><a class=\"ez-toc-link ez-toc-heading-5\" href=\"https:\/\/militares.estrategia.com\/portal\/eventos\/processo-seletivo-de-bolsas-turma-presencial-ita-ime\/#Resultado-Final-e-Matricula\" >Resultado Final e Matr\u00edcula&nbsp;<\/a><\/li><li class='ez-toc-page-1 ez-toc-heading-level-2'><a class=\"ez-toc-link ez-toc-heading-6\" href=\"https:\/\/militares.estrategia.com\/portal\/eventos\/processo-seletivo-de-bolsas-turma-presencial-ita-ime\/#Calendario-do-Processo-Seletivo\" >Calend\u00e1rio do Processo Seletivo<\/a><\/li><\/ul><\/nav><\/div>\n<h2 class=\"wp-block-heading\" id=\"h-o-que-e-a-turma-presencial-ita-ime-nbsp\"><span class=\"ez-toc-section\" id=\"O-que-e-a-Turma-Presencial-ITAIME\"><\/span>O que \u00e9 a Turma Presencial ITA\/IME?&nbsp;<span class=\"ez-toc-section-end\"><\/span><\/h2>\n\n\n\n<p>O Estrat\u00e9gia Militares abrir\u00e1 sua primeira turma presencial de alunos do curso preparat\u00f3rio para os concursos ITA e IME a partir de janeiro de 2025. As aulas acontecer\u00e3o na sede do Estrat\u00e9gia Militares, em Alphaville (SP).&nbsp;<\/p>\n\n\n\n<p>Apesar das aulas acontecerem em S\u00e3o Paulo, <strong>pessoas de qualquer estado do Brasil podem participar. Aqueles que conquistarem 100% de bolsa ter\u00e3o acesso a um alojamento estudantil <\/strong>pr\u00f3ximo \u00e0 sede do Estrat\u00e9gia.&nbsp;<\/p>\n\n\n\n<p>Ser\u00e3o aproximadamente <strong>40 semanas de aula, com carga hor\u00e1ria de 30 horas semanais, <\/strong>sem contar os simulados aos finais de semana.&nbsp;<\/p>\n\n\n\n<h2 class=\"wp-block-heading\" id=\"h-processo-seletivo-de-bolsas-de-100\"><span class=\"ez-toc-section\" id=\"Processo-Seletivo-de-Bolsas-de-100\"><\/span>Processo Seletivo de Bolsas de 100%<span class=\"ez-toc-section-end\"><\/span><\/h2>\n\n\n\n<p>Para participar da Turma Presencial ITA\/IME, \u00e9 preciso passar pelo processo seletivo de bolsas. Por meio dele, <strong>ser\u00e3o selecionados 100 candidatos que receber\u00e3o 100% de bolsa.<\/strong> O Edital do seletivo foi divulgado nesta segunda, dia 17 de junho. Confira a seguir:&nbsp;<\/p>\n\n\n\n<div class=\"wp-block-buttons is-content-justification-center is-layout-flex wp-container-core-buttons-is-layout-1 wp-block-buttons-is-layout-flex\">\n<div class=\"wp-block-button is-style-outline is-style-outline--1\"><a class=\"wp-block-button__link has-electric-grass-gradient-background has-background wp-element-button\" href=\"https:\/\/militares.estrategia.com\/portal\/wp-content\/uploads\/2024\/06\/11_06_2024_EM_Edital_Turma-Presencial_ITA_IME.pdf\" style=\"border-radius:49px\" target=\"_blank\" >Edital Processo Seletivo<\/a><\/div>\n<\/div>\n\n\n\n<p>O Estrat\u00e9gia Militares divulgou tamb\u00e9m um edital complementar, com os locais de prova e algumas orienta\u00e7\u00f5es para o dia da aplica\u00e7\u00e3o do exame. Clique abaixo para acessar o documento. <\/p>\n\n\n\n<div class=\"wp-block-buttons is-content-justification-center is-layout-flex wp-container-core-buttons-is-layout-2 wp-block-buttons-is-layout-flex\">\n<div class=\"wp-block-button is-style-outline is-style-outline--2\"><a class=\"wp-block-button__link has-electric-grass-gradient-background has-background wp-element-button\" href=\"https:\/\/militares.estrategia.com\/portal\/wp-content\/uploads\/2024\/09\/29_08_2024_EM_Edital_Complementar_Turma-Presencial_ITA_IME_2024.pdf\" style=\"border-radius:100px\" target=\"_blank\" >Edital N<sup>o<\/sup> 2 &#8211; Complementar<\/a><\/div>\n<\/div>\n\n\n\n<p>Assista a nossa live explicando o edital complementar para o Concurso para a turma presencial ITA\/IME, realizada no dia 02 de setembro. Clique abaixo para ver!  <\/p>\n\n\n\n<figure class=\"wp-block-embed is-type-video is-provider-youtube wp-block-embed-youtube wp-embed-aspect-16-9 wp-has-aspect-ratio\"><div class=\"wp-block-embed__wrapper\">\n<div class=\"cs-embed cs-embed-responsive\"><iframe title=\"Prova de Sele\u00e7\u00e3o ITA\/IME Presencial\" width=\"1200\" height=\"675\" src=\"https:\/\/www.youtube.com\/embed\/4WJwaMp_CjY?feature=oembed\" frameborder=\"0\" allow=\"accelerometer; autoplay; clipboard-write; encrypted-media; gyroscope; picture-in-picture; web-share\" referrerpolicy=\"strict-origin-when-cross-origin\" allowfullscreen><\/iframe><\/div>\n<\/div><\/figure>\n\n\n\n<p>Os candidatos ser\u00e3o convocados de acordo com a classifica\u00e7\u00e3o nas etapas avaliativas.<strong> O processo tem o objetivo de selecionar os alunos com as qualifica\u00e7\u00f5es e o perfil alinhado com os princ\u00edpios do Estrat\u00e9gia Militares<\/strong>. Vamos explicar os pr\u00e9-requisitos para voc\u00ea!<\/p>\n\n\n\n<h3 class=\"wp-block-heading\" id=\"h-perfil-do-candidato-nbsp\">Perfil do candidato&nbsp;<\/h3>\n\n\n\n<p>Na Turma Presencial ITA\/IME <strong>s\u00f3 ser\u00e3o aceitos os candidatos que cumprirem os pr\u00e9-requisitos descritos nos editais dos seletivos do ITA e do IME<\/strong> \u2013 cujos crit\u00e9rios envolvem idade, altura e escolaridade.<\/p>\n\n\n\n<p>Al\u00e9m disso,<strong> os futuros alunos devem estar alinhados com os valores que o Estrat\u00e9gia Militares defende<\/strong>. S\u00e3o eles: honestidade, lealdade, comprometimento e coragem.<\/p>\n\n\n\n<h3 class=\"wp-block-heading\" id=\"h-vagas-nbsp\">Vagas&nbsp;<\/h3>\n\n\n\n<p>O Processo Seletivo da Turma Presencial ITA\/IME oferece <strong>100 vagas no total<\/strong>, sem distin\u00e7\u00e3o de sexo. Al\u00e9m dessas, tamb\u00e9m ser\u00e3o aprovados<strong> 50 candidatos reservas <\/strong>\u2013 que ficam numa esp\u00e9cie de lista de espera.&nbsp;<\/p>\n\n\n\n<p>Caso algum bolsista titular desista de sua vaga, exiba desempenho acad\u00eamico inferior ao esperado ou se comporte de forma incompat\u00edvel com os valores do Estrat\u00e9gia, ele ser\u00e1 exclu\u00eddo da Turma Presencial. A vaga, ent\u00e3o, poder\u00e1 ser ocupada por um dos candidatos reservas.&nbsp;<\/p>\n\n\n\n<figure class=\"wp-block-image\"><img decoding=\"async\" width=\"837\" height=\"123\" src=\"https:\/\/militares.estrategia.com\/portal\/wp-content\/uploads\/2024\/06\/image.png\" alt=\"\" class=\"wp-image-76289\" srcset=\"https:\/\/militares.estrategia.com\/portal\/wp-content\/uploads\/2024\/06\/image.png 837w, https:\/\/militares.estrategia.com\/portal\/wp-content\/uploads\/2024\/06\/image-768x113.png 768w, https:\/\/militares.estrategia.com\/portal\/wp-content\/uploads\/2024\/06\/image-800x118.png 800w\" sizes=\"(max-width: 837px) 100vw, 837px\" \/><\/figure>\n\n\n\n<h3 class=\"wp-block-heading\" id=\"h-bolsas-nbsp\">Bolsas&nbsp;<\/h3>\n\n\n\n<p>A bolsa de estudos oferecida pelo Estrat\u00e9gia Militares <strong>inclui a gratuidade do curso na Turma Presencial IME\/ITA e alguns benef\u00edcios. <\/strong>S\u00e3o eles:&nbsp;<\/p>\n\n\n\n<ul class=\"wp-block-list\">\n<li>alojamento estudantil, pr\u00f3ximo \u00e0 sede do ESTRAT\u00c9GIA, adequado \u00e0 jornada de estudos para ITA\/IME;<\/li>\n\n\n\n<li>translado alojamento\/ESTRAT\u00c9GIA\/alojamento nos dias de aulas e\/ou de simulados;<\/li>\n\n\n\n<li>aux\u00edlio alimenta\u00e7\u00e3o nos dias de aulas e\/ou de simulados;<\/li>\n\n\n\n<li>pr\u00e1tica esportiva;<\/li>\n\n\n\n<li>acompanhamento psicol\u00f3gico, com equipe profissional especializada; e<\/li>\n\n\n\n<li>apoio administrativo e pedag\u00f3gico integral para obten\u00e7\u00e3o da aprova\u00e7\u00e3o nos vestibulares ITA\/IME.<\/li>\n<\/ul>\n\n\n\n<h2 class=\"wp-block-heading\" id=\"h-inscricoes-no-seletivo\"><span class=\"ez-toc-section\" id=\"Inscricoes-no-seletivo\"><\/span>Inscri\u00e7\u00f5es no seletivo<span class=\"ez-toc-section-end\"><\/span><\/h2>\n\n\n\n<p><strong>Haver\u00e1 dois per\u00edodos de inscri\u00e7\u00e3o, um para cada Prova de Sele\u00e7\u00e3o. As inscri\u00e7\u00f5es da primeira avalia\u00e7\u00e3o come\u00e7am no dia 17 de junho e v\u00e3o at\u00e9 o dia 16 de agosto. <\/strong>O segundo per\u00edodo de inscri\u00e7\u00f5es vai do dia 17 de agosto a 19 de novembro.&nbsp;<\/p>\n\n\n\n<p>O candidato deve acessar <a href=\"https:\/\/militares.estrategia.com\/\">o site do Estrat\u00e9gia Militares<\/a> e preencher o formul\u00e1rio de inscri\u00e7\u00e3o dispon\u00edvel, indicando especialmente sua identifica\u00e7\u00e3o completa, com e-mail e telefones v\u00e1lidos.&nbsp;<\/p>\n\n\n\n<p><strong>A prova de sele\u00e7\u00e3o acontece de forma presencial<\/strong>, por isso, no momento da inscri\u00e7\u00e3o, o candidato deve indicar em qual localidade pretende realizar a avalia\u00e7\u00e3o. \u00c0 princ\u00edpio, o seletivo <strong>ser\u00e1 aplicado nas seguintes cidades:&nbsp;<\/strong><\/p>\n\n\n\n<ul class=\"wp-block-list\">\n<li>Bel\u00e9m &#8211; PA;<\/li>\n\n\n\n<li>Belo Horizonte &#8211; MG;<\/li>\n\n\n\n<li>Bras\u00edlia &#8211; DF;<\/li>\n\n\n\n<li>Campinas &#8211; SP;<\/li>\n\n\n\n<li>Curitiba &#8211; PR;<\/li>\n\n\n\n<li>Fortaleza &#8211; CE;<\/li>\n\n\n\n<li>Goi\u00e2nia &#8211; GO;<\/li>\n\n\n\n<li>Manaus &#8211; AM;<\/li>\n\n\n\n<li>Porto Alegre &#8211; RS;<\/li>\n\n\n\n<li>Recife &#8211; PE;<\/li>\n\n\n\n<li>Rio de Janeiro &#8211; RJ<\/li>\n\n\n\n<li>Salvador &#8211; BA;<\/li>\n\n\n\n<li>S\u00e3o Jos\u00e9 dos Campos &#8211; SP;<\/li>\n\n\n\n<li>S\u00e3o Paulo &#8211; SP.<\/li>\n<\/ul>\n\n\n\n<p>Caso n\u00e3o seja poss\u00edvel aplicar em alguma das localidades<strong>, o Estrat\u00e9gia Militares garantir\u00e1 o transporte dos candidatos para a cidade de aplica\u00e7\u00e3o mais pr\u00f3xima da que escolheu no momento da inscri\u00e7\u00e3o.&nbsp;<\/strong><\/p>\n\n\n\n<p>As instru\u00e7\u00f5es da prova, locais e hor\u00e1rio de aplica\u00e7\u00e3o ser\u00e3o divulgados pelo Estrat\u00e9gia em at\u00e9 3 dias \u00fateis antes da data das provas.&nbsp;&nbsp;<\/p>\n\n\n\n<h2 class=\"wp-block-heading\" id=\"h-etapas-do-processo-seletivo\"><span class=\"ez-toc-section\" id=\"Etapas-do-processo-seletivo\"><\/span>Etapas do processo seletivo<span class=\"ez-toc-section-end\"><\/span><\/h2>\n\n\n\n<p>O Processo Seletivo tem duas etapas avaliativas:<strong> a prova de sele\u00e7\u00e3o e a entrevista com a comiss\u00e3o.<\/strong> O Estrat\u00e9gia ir\u00e1 aplicar duas Provas de Sele\u00e7\u00e3o, em datas diferentes. O candidato pode escolher fazer uma ou as duas provas,<strong> sendo que a sua nota final ser\u00e1 a maior das duas.<\/strong>&nbsp;<\/p>\n\n\n\n<h3 class=\"wp-block-heading\" id=\"h-prova-de-selecao\">Prova de Sele\u00e7\u00e3o<\/h3>\n\n\n\n<p>As Provas de Sele\u00e7\u00e3o t\u00eam 5 horas de dura\u00e7\u00e3o, in\u00edcio \u00e0s 13h e acontecem nas seguintes datas:&nbsp;<\/p>\n\n\n\n<ul class=\"wp-block-list\">\n<li>1<sup>a<\/sup> Prova de Sele\u00e7\u00e3o: <strong>08 de setembro de 2024<\/strong> (data anterior ao in\u00edcio das jornadas de provas para ITA\/IME no ano de 2024);<\/li>\n\n\n\n<li>2<sup>a<\/sup> Prova de Sele\u00e7\u00e3o: <strong>24 de novembro de 2024<\/strong> (data posterior ao fim das jornadas de provas para ITA\/IME no ano de 2024).<\/li>\n<\/ul>\n\n\n\n<p>As provas contam com <strong>48 quest\u00f5es de m\u00faltipla escolha<\/strong>, com cinco alternativas e apenas uma correta. As mat\u00e9rias cobradas ser\u00e3o: Matem\u00e1tica, F\u00edsica, Qu\u00edmica e Ingl\u00eas. Cada uma ter\u00e1 12 quest\u00f5es. A pontua\u00e7\u00e3o m\u00e1xima da prova \u00e9 100, sendo que cada quest\u00e3o vale 25\/12 pontos.&nbsp;<\/p>\n\n\n\n<p>O conte\u00fado program\u00e1tico segue o \u00faltimo edital do do ITA e\/ou IME. Ent\u00e3o, estude pelo informado nos certames!&nbsp;<\/p>\n\n\n\n<h3 class=\"wp-block-heading\" id=\"h-entrevista-com-a-comissao\">Entrevista com a comiss\u00e3o<\/h3>\n\n\n\n<p>Na \u00faltima fase,<strong> prevista para acontecer entre 21 de setembro e 13 de dezembro<\/strong>, os candidatos aprovados na Prova de Sele\u00e7\u00e3o passam por uma entrevista \u2013 presencial ou por videoconfer\u00eancia \u2013 junto com seus pais e\/ou respons\u00e1veis. A comiss\u00e3o ir\u00e1 abordar os seguintes aspectos:&nbsp;<\/p>\n\n\n\n<ul class=\"wp-block-list\">\n<li>identificar se o CANDIDATO possui o prop\u00f3sito claro de ser aprovado e classificado no ITA e\/ou no IME;<\/li>\n\n\n\n<li>identificar se o CANDIDATO possui valores alinhados com os do ESTRAT\u00c9GIA;<\/li>\n\n\n\n<li>conhecer o CANDIDATO, bem como seus pais e\/ou respons\u00e1veis;<\/li>\n\n\n\n<li>tirar todas as d\u00favidas do CANDIDATO, bem como de seus pais e\/ou respons\u00e1veis; e<\/li>\n\n\n\n<li>dar clareza sobre qualquer ponto relativo ao projeto.<\/li>\n<\/ul>\n\n\n\n<h2 class=\"wp-block-heading\" id=\"h-resultado-final-e-matricula-nbsp\"><span class=\"ez-toc-section\" id=\"Resultado-Final-e-Matricula\"><\/span>Resultado Final e Matr\u00edcula&nbsp;<span class=\"ez-toc-section-end\"><\/span><\/h2>\n\n\n\n<p>O resultado final do Processo Seletivo est\u00e1 previsto para ser divulgado<strong> at\u00e9 o dia 30 de dezembro. <\/strong>Para fazer a matr\u00edcula, o candidato aprovado deve entregar toda a documenta\u00e7\u00e3o a ser informada pelo Departamento Jur\u00eddico do Estrat\u00e9gia.&nbsp;<\/p>\n\n\n\n<h2 class=\"wp-block-heading\" id=\"h-calendario-do-processo-seletivo\"><span class=\"ez-toc-section\" id=\"Calendario-do-Processo-Seletivo\"><\/span>Calend\u00e1rio do Processo Seletivo<span class=\"ez-toc-section-end\"><\/span><\/h2>\n\n\n\n<p>Fique atento ao<strong> calend\u00e1rio do Processo Seletivo para a Turma Presencial ITA\/IME <\/strong>do Estrat\u00e9gia Militares!&nbsp;<\/p>\n\n\n\n<figure class=\"wp-block-table is-style-stripes\"><table class=\"has-electric-grass-gradient-background has-background has-fixed-layout\"><thead><tr><th>Evento<\/th><th>Datas<\/th><\/tr><\/thead><tbody><tr><td>Publica\u00e7\u00e3o do edital do processo seletivo&nbsp;<\/td><td>17\/06\/2024<\/td><\/tr><tr><td>Per\u00edodo de inscri\u00e7\u00e3o &#8211; <strong>Prova de Sele\u00e7\u00e3o 1<\/strong><\/td><td>17\/06 a 16\/08\/2024<\/td><\/tr><tr><td>Per\u00edodo de inscri\u00e7\u00e3o &#8211; <strong>Prova de Sele\u00e7\u00e3o 2<\/strong><\/td><td>17\/08 a 19\/11\/2024<\/td><\/tr><tr><td>Comunicado de <strong>Confirma\u00e7\u00e3o de Inscri\u00e7\u00e3o 1<\/strong> por e-mail e\/ou WhatsApp<\/td><td>At\u00e9 3 dias antes da Prova de Sele\u00e7\u00e3o 1<\/td><\/tr><tr><td><strong>Prova de Sele\u00e7\u00e3o 1<\/strong><\/td><td>08\/09\/2024<\/td><\/tr><tr><td>Gabarito Preliminar da Prova de Sele\u00e7\u00e3o 1<\/td><td>1 dia \u00fatil depois da prova<\/td><\/tr><tr><td>Interposi\u00e7\u00e3o de Recursos<\/td><td>At\u00e9 3 dias \u00fateis depois da prova<\/td><\/tr><tr><td>Gabarito Definitivo da Prova de Sele\u00e7\u00e3o 1 eRanking<\/td><td>At\u00e9 20\/09\/2024&nbsp;<\/td><\/tr><tr><td>Comunicado de <strong>Confirma\u00e7\u00e3o de Inscri\u00e7\u00e3o 2 <\/strong>por e-mail e\/ou WhatsApp<\/td><td>At\u00e9 3 dias antes da Prova de Sele\u00e7\u00e3o 2<\/td><\/tr><tr><td><strong>Prova de Sele\u00e7\u00e3o 2<\/strong><\/td><td>24\/11\/2024<\/td><\/tr><tr><td>Gabarito Preliminar da Prova de Sele\u00e7\u00e3o 2<\/td><td>1 dia \u00fatil depois da prova<\/td><\/tr><tr><td>Interposi\u00e7\u00e3o de Recursos<\/td><td>At\u00e9 3 dias \u00fateis depois da prova<\/td><\/tr><tr><td>Gabarito Definitivo da Prova de Sele\u00e7\u00e3o 2 eRanking<\/td><td>At\u00e9 06\/12\/2024<\/td><\/tr><tr><td>Per\u00edodo de Entrevistas&nbsp;<\/td><td>21\/09 a 13\/12\/2024<\/td><\/tr><tr><td>Resultado Final<\/td><td>At\u00e9 30\/12\/2024<\/td><\/tr><tr><td>In\u00edcio do ano letivo 2025<\/td><td>13\/01\/2025<\/td><\/tr><\/tbody><\/table><\/figure>\n\n\n\n<p>Ficou interessado em participar da Turma Presencial ITA\/IME do Estrat\u00e9gia Militares? Ent\u00e3o fique atento ao nosso Portal e \u00e0s redes sociais para n\u00e3o perder nenhuma informa\u00e7\u00e3o sobre o Processo Seletivo!&nbsp;<\/p>\n\n\n\n<p>Quer saber mais sobre n\u00f3s? Visite a nossa plataforma de cursos on-line e conhe\u00e7a nosso Banco de Quest\u00f5es!<\/p>\n\n\n\n\n\n<p><\/p>\n","protected":false},"excerpt":{"rendered":"J\u00e1 ouviu falar da \u00faltima novidade do Estrat\u00e9gia Militares? Para voc\u00ea que est\u00e1 estudando para o ITA ou&hellip;\n","protected":false},"author":9,"featured_media":76308,"comment_status":"closed","ping_status":"closed","sticky":false,"template":"","format":"standard","meta":{"wl_entities_gutenberg":"","footnotes":""},"categories":[27],"tags":[],"wl_entity_type":[187],"class_list":{"0":"post-76194","1":"post","2":"type-post","3":"status-publish","4":"format-standard","5":"has-post-thumbnail","7":"category-eventos","8":"wl_entity_type-article"},"acf":[],"yoast_head":"<!-- This site is optimized with the Yoast SEO Premium plugin v26.6 (Yoast SEO v26.6) - https:\/\/yoast.com\/wordpress\/plugins\/seo\/ -->\n<title>Turma Presencial ITA\/IME: veja o edital complementar do processo seletivo!\u00a0<\/title>\n<meta name=\"description\" content=\"Quer entrar para a Primeira Turma Presencial ITA\/IME do Estrat\u00e9gia Militares? Ent\u00e3o, participe do Processo Seletivo de Bolsas!\" \/>\n<meta name=\"robots\" content=\"index, follow, max-snippet:-1, max-image-preview:large, max-video-preview:-1\" \/>\n<link rel=\"canonical\" href=\"https:\/\/militares.estrategia.com\/portal\/eventos\/processo-seletivo-de-bolsas-turma-presencial-ita-ime\/\" \/>\n<meta property=\"og:locale\" content=\"pt_BR\" \/>\n<meta property=\"og:type\" content=\"article\" \/>\n<meta property=\"og:title\" content=\"Turma Presencial ITA\/IME: veja o edital complementar do processo seletivo!\u00a0\" \/>\n<meta property=\"og:description\" content=\"Quer entrar para a Primeira Turma Presencial ITA\/IME do Estrat\u00e9gia Militares? Ent\u00e3o, participe do Processo Seletivo de Bolsas!\" \/>\n<meta property=\"og:url\" content=\"https:\/\/militares.estrategia.com\/portal\/eventos\/processo-seletivo-de-bolsas-turma-presencial-ita-ime\/\" \/>\n<meta property=\"og:site_name\" content=\"Estrat\u00e9gia Militares\" \/>\n<meta property=\"article:publisher\" content=\"https:\/\/www.facebook.com\/EstrategiaMilitares\" \/>\n<meta property=\"article:published_time\" content=\"2024-06-17T22:15:00+00:00\" \/>\n<meta property=\"article:modified_time\" content=\"2024-09-02T20:21:52+00:00\" \/>\n<meta property=\"og:image\" content=\"https:\/\/militares.estrategia.com\/portal\/wp-content\/uploads\/2024\/06\/BLOG_.jpg\" \/>\n\t<meta property=\"og:image:width\" content=\"1200\" \/>\n\t<meta property=\"og:image:height\" content=\"691\" \/>\n\t<meta property=\"og:image:type\" content=\"image\/jpeg\" \/>\n<meta name=\"author\" content=\"Raquel Oshio\" \/>\n<meta name=\"twitter:card\" content=\"summary_large_image\" \/>\n<meta name=\"twitter:creator\" content=\"@estrategiamilit\" \/>\n<meta name=\"twitter:site\" content=\"@estrategiamilit\" \/>\n<meta name=\"twitter:label1\" content=\"Escrito por\" \/>\n\t<meta name=\"twitter:data1\" content=\"Raquel Oshio\" \/>\n\t<meta name=\"twitter:label2\" content=\"Est. tempo de leitura\" \/>\n\t<meta name=\"twitter:data2\" content=\"8 minutos\" \/>\n<script type=\"application\/ld+json\" class=\"yoast-schema-graph\">{\"@context\":\"https:\/\/schema.org\",\"@graph\":[{\"@type\":\"Article\",\"@id\":\"https:\/\/militares.estrategia.com\/portal\/eventos\/processo-seletivo-de-bolsas-turma-presencial-ita-ime\/#article\",\"isPartOf\":{\"@id\":\"https:\/\/militares.estrategia.com\/portal\/eventos\/processo-seletivo-de-bolsas-turma-presencial-ita-ime\/\"},\"author\":{\"name\":\"Raquel Oshio\",\"@id\":\"https:\/\/militares.estrategia.com\/portal\/#\/schema\/person\/46e1f54d690b6a851270112cd62d2f37\"},\"headline\":\"Turma Presencial ITA\/IME: veja o edital complementar do processo seletivo!\u00a0\",\"datePublished\":\"2024-06-17T22:15:00+00:00\",\"dateModified\":\"2024-09-02T20:21:52+00:00\",\"mainEntityOfPage\":{\"@id\":\"https:\/\/militares.estrategia.com\/portal\/eventos\/processo-seletivo-de-bolsas-turma-presencial-ita-ime\/\"},\"wordCount\":1543,\"publisher\":{\"@id\":\"https:\/\/militares.estrategia.com\/portal\/#organization\"},\"image\":{\"@id\":\"https:\/\/militares.estrategia.com\/portal\/eventos\/processo-seletivo-de-bolsas-turma-presencial-ita-ime\/#primaryimage\"},\"thumbnailUrl\":\"https:\/\/militares.estrategia.com\/portal\/wp-content\/uploads\/2024\/06\/BLOG_.jpg\",\"articleSection\":[\"Eventos\"],\"inLanguage\":\"pt-BR\"},{\"@type\":\"WebPage\",\"@id\":\"https:\/\/militares.estrategia.com\/portal\/eventos\/processo-seletivo-de-bolsas-turma-presencial-ita-ime\/\",\"url\":\"https:\/\/militares.estrategia.com\/portal\/eventos\/processo-seletivo-de-bolsas-turma-presencial-ita-ime\/\",\"name\":\"Turma Presencial ITA\/IME: veja o edital complementar do processo seletivo!\u00a0\",\"isPartOf\":{\"@id\":\"https:\/\/militares.estrategia.com\/portal\/#website\"},\"primaryImageOfPage\":{\"@id\":\"https:\/\/militares.estrategia.com\/portal\/eventos\/processo-seletivo-de-bolsas-turma-presencial-ita-ime\/#primaryimage\"},\"image\":{\"@id\":\"https:\/\/militares.estrategia.com\/portal\/eventos\/processo-seletivo-de-bolsas-turma-presencial-ita-ime\/#primaryimage\"},\"thumbnailUrl\":\"https:\/\/militares.estrategia.com\/portal\/wp-content\/uploads\/2024\/06\/BLOG_.jpg\",\"datePublished\":\"2024-06-17T22:15:00+00:00\",\"dateModified\":\"2024-09-02T20:21:52+00:00\",\"description\":\"Quer entrar para a Primeira Turma Presencial ITA\/IME do Estrat\u00e9gia Militares? Ent\u00e3o, participe do Processo Seletivo de Bolsas!\",\"breadcrumb\":{\"@id\":\"https:\/\/militares.estrategia.com\/portal\/eventos\/processo-seletivo-de-bolsas-turma-presencial-ita-ime\/#breadcrumb\"},\"inLanguage\":\"pt-BR\",\"potentialAction\":[{\"@type\":\"ReadAction\",\"target\":[\"https:\/\/militares.estrategia.com\/portal\/eventos\/processo-seletivo-de-bolsas-turma-presencial-ita-ime\/\"]}]},{\"@type\":\"ImageObject\",\"inLanguage\":\"pt-BR\",\"@id\":\"https:\/\/militares.estrategia.com\/portal\/eventos\/processo-seletivo-de-bolsas-turma-presencial-ita-ime\/#primaryimage\",\"url\":\"https:\/\/militares.estrategia.com\/portal\/wp-content\/uploads\/2024\/06\/BLOG_.jpg\",\"contentUrl\":\"https:\/\/militares.estrategia.com\/portal\/wp-content\/uploads\/2024\/06\/BLOG_.jpg\",\"width\":1200,\"height\":691},{\"@type\":\"BreadcrumbList\",\"@id\":\"https:\/\/militares.estrategia.com\/portal\/eventos\/processo-seletivo-de-bolsas-turma-presencial-ita-ime\/#breadcrumb\",\"itemListElement\":[{\"@type\":\"ListItem\",\"position\":1,\"name\":\"Home\",\"item\":\"https:\/\/militares.estrategia.com\/portal\/\"},{\"@type\":\"ListItem\",\"position\":2,\"name\":\"Eventos\",\"item\":\"https:\/\/militares.estrategia.com\/portal\/eventos\/\"},{\"@type\":\"ListItem\",\"position\":3,\"name\":\"Turma Presencial ITA\/IME: veja o edital complementar do processo seletivo!\u00a0\"}]},{\"@type\":\"WebSite\",\"@id\":\"https:\/\/militares.estrategia.com\/portal\/#website\",\"url\":\"https:\/\/militares.estrategia.com\/portal\/\",\"name\":\"Estrat\u00e9gia Militares\",\"description\":\"\",\"publisher\":{\"@id\":\"https:\/\/militares.estrategia.com\/portal\/#organization\"},\"potentialAction\":[{\"@type\":\"SearchAction\",\"target\":{\"@type\":\"EntryPoint\",\"urlTemplate\":\"https:\/\/militares.estrategia.com\/portal\/?s={search_term_string}\"},\"query-input\":{\"@type\":\"PropertyValueSpecification\",\"valueRequired\":true,\"valueName\":\"search_term_string\"}}],\"inLanguage\":\"pt-BR\"},{\"@type\":\"Organization\",\"@id\":\"https:\/\/militares.estrategia.com\/portal\/#organization\",\"name\":\"Estrat\u00e9gia Militares\",\"url\":\"https:\/\/militares.estrategia.com\/portal\/\",\"logo\":{\"@type\":\"ImageObject\",\"inLanguage\":\"pt-BR\",\"@id\":\"https:\/\/militares.estrategia.com\/portal\/#\/schema\/logo\/image\/\",\"url\":\"https:\/\/militares.estrategia.com\/portal\/wp-content\/uploads\/2021\/10\/logo-militares.webp\",\"contentUrl\":\"https:\/\/militares.estrategia.com\/portal\/wp-content\/uploads\/2021\/10\/logo-militares.webp\",\"width\":346,\"height\":90,\"caption\":\"Estrat\u00e9gia Militares\"},\"image\":{\"@id\":\"https:\/\/militares.estrategia.com\/portal\/#\/schema\/logo\/image\/\"},\"sameAs\":[\"https:\/\/www.facebook.com\/EstrategiaMilitares\",\"https:\/\/x.com\/estrategiamilit\",\"https:\/\/www.instagram.com\/estrategiamilitares\/\",\"https:\/\/www.youtube.com\/channel\/UCRG_9hakCqXxnj_8TqCdgTA\"]},{\"@type\":\"Person\",\"@id\":\"https:\/\/militares.estrategia.com\/portal\/#\/schema\/person\/46e1f54d690b6a851270112cd62d2f37\",\"name\":\"Raquel Oshio\",\"image\":{\"@type\":\"ImageObject\",\"inLanguage\":\"pt-BR\",\"@id\":\"https:\/\/militares.estrategia.com\/portal\/#\/schema\/person\/image\/\",\"url\":\"https:\/\/secure.gravatar.com\/avatar\/fa4e62d5e59d9cf9995ea9c715a78807?s=96&d=mm&r=g\",\"contentUrl\":\"https:\/\/secure.gravatar.com\/avatar\/fa4e62d5e59d9cf9995ea9c715a78807?s=96&d=mm&r=g\",\"caption\":\"Raquel Oshio\"},\"description\":\"Raquel Kie \u00e9 amante de hist\u00f3rias e ca\u00e7adora de belezas escondidas. Jornalista de profiss\u00e3o e cora\u00e7\u00e3o. Desenhista e escritora de fic\u00e7\u00e3o nas horas vagas. Acredito no potencial transformador de todo trabalho feito com dedica\u00e7\u00e3o.\",\"url\":\"https:\/\/militares.estrategia.com\/portal\/author\/raqueloshio\/\"}]}<\/script>\n<!-- \/ Yoast SEO Premium plugin. -->","yoast_head_json":{"title":"Turma Presencial ITA\/IME: veja o edital complementar do processo seletivo!\u00a0","description":"Quer entrar para a Primeira Turma Presencial ITA\/IME do Estrat\u00e9gia Militares? Ent\u00e3o, participe do Processo Seletivo de Bolsas!","robots":{"index":"index","follow":"follow","max-snippet":"max-snippet:-1","max-image-preview":"max-image-preview:large","max-video-preview":"max-video-preview:-1"},"canonical":"https:\/\/militares.estrategia.com\/portal\/eventos\/processo-seletivo-de-bolsas-turma-presencial-ita-ime\/","og_locale":"pt_BR","og_type":"article","og_title":"Turma Presencial ITA\/IME: veja o edital complementar do processo seletivo!\u00a0","og_description":"Quer entrar para a Primeira Turma Presencial ITA\/IME do Estrat\u00e9gia Militares? Ent\u00e3o, participe do Processo Seletivo de Bolsas!","og_url":"https:\/\/militares.estrategia.com\/portal\/eventos\/processo-seletivo-de-bolsas-turma-presencial-ita-ime\/","og_site_name":"Estrat\u00e9gia Militares","article_publisher":"https:\/\/www.facebook.com\/EstrategiaMilitares","article_published_time":"2024-06-17T22:15:00+00:00","article_modified_time":"2024-09-02T20:21:52+00:00","og_image":[{"width":1200,"height":691,"url":"https:\/\/militares.estrategia.com\/portal\/wp-content\/uploads\/2024\/06\/BLOG_.jpg","type":"image\/jpeg"}],"author":"Raquel Oshio","twitter_card":"summary_large_image","twitter_creator":"@estrategiamilit","twitter_site":"@estrategiamilit","twitter_misc":{"Escrito por":"Raquel Oshio","Est. tempo de leitura":"8 minutos"},"schema":{"@context":"https:\/\/schema.org","@graph":[{"@type":"Article","@id":"https:\/\/militares.estrategia.com\/portal\/eventos\/processo-seletivo-de-bolsas-turma-presencial-ita-ime\/#article","isPartOf":{"@id":"https:\/\/militares.estrategia.com\/portal\/eventos\/processo-seletivo-de-bolsas-turma-presencial-ita-ime\/"},"author":{"name":"Raquel Oshio","@id":"https:\/\/militares.estrategia.com\/portal\/#\/schema\/person\/46e1f54d690b6a851270112cd62d2f37"},"headline":"Turma Presencial ITA\/IME: veja o edital complementar do processo seletivo!\u00a0","datePublished":"2024-06-17T22:15:00+00:00","dateModified":"2024-09-02T20:21:52+00:00","mainEntityOfPage":{"@id":"https:\/\/militares.estrategia.com\/portal\/eventos\/processo-seletivo-de-bolsas-turma-presencial-ita-ime\/"},"wordCount":1543,"publisher":{"@id":"https:\/\/militares.estrategia.com\/portal\/#organization"},"image":{"@id":"https:\/\/militares.estrategia.com\/portal\/eventos\/processo-seletivo-de-bolsas-turma-presencial-ita-ime\/#primaryimage"},"thumbnailUrl":"https:\/\/militares.estrategia.com\/portal\/wp-content\/uploads\/2024\/06\/BLOG_.jpg","articleSection":["Eventos"],"inLanguage":"pt-BR"},{"@type":"WebPage","@id":"https:\/\/militares.estrategia.com\/portal\/eventos\/processo-seletivo-de-bolsas-turma-presencial-ita-ime\/","url":"https:\/\/militares.estrategia.com\/portal\/eventos\/processo-seletivo-de-bolsas-turma-presencial-ita-ime\/","name":"Turma Presencial ITA\/IME: veja o edital complementar do processo seletivo!\u00a0","isPartOf":{"@id":"https:\/\/militares.estrategia.com\/portal\/#website"},"primaryImageOfPage":{"@id":"https:\/\/militares.estrategia.com\/portal\/eventos\/processo-seletivo-de-bolsas-turma-presencial-ita-ime\/#primaryimage"},"image":{"@id":"https:\/\/militares.estrategia.com\/portal\/eventos\/processo-seletivo-de-bolsas-turma-presencial-ita-ime\/#primaryimage"},"thumbnailUrl":"https:\/\/militares.estrategia.com\/portal\/wp-content\/uploads\/2024\/06\/BLOG_.jpg","datePublished":"2024-06-17T22:15:00+00:00","dateModified":"2024-09-02T20:21:52+00:00","description":"Quer entrar para a Primeira Turma Presencial ITA\/IME do Estrat\u00e9gia Militares? Ent\u00e3o, participe do Processo Seletivo de Bolsas!","breadcrumb":{"@id":"https:\/\/militares.estrategia.com\/portal\/eventos\/processo-seletivo-de-bolsas-turma-presencial-ita-ime\/#breadcrumb"},"inLanguage":"pt-BR","potentialAction":[{"@type":"ReadAction","target":["https:\/\/militares.estrategia.com\/portal\/eventos\/processo-seletivo-de-bolsas-turma-presencial-ita-ime\/"]}]},{"@type":"ImageObject","inLanguage":"pt-BR","@id":"https:\/\/militares.estrategia.com\/portal\/eventos\/processo-seletivo-de-bolsas-turma-presencial-ita-ime\/#primaryimage","url":"https:\/\/militares.estrategia.com\/portal\/wp-content\/uploads\/2024\/06\/BLOG_.jpg","contentUrl":"https:\/\/militares.estrategia.com\/portal\/wp-content\/uploads\/2024\/06\/BLOG_.jpg","width":1200,"height":691},{"@type":"BreadcrumbList","@id":"https:\/\/militares.estrategia.com\/portal\/eventos\/processo-seletivo-de-bolsas-turma-presencial-ita-ime\/#breadcrumb","itemListElement":[{"@type":"ListItem","position":1,"name":"Home","item":"https:\/\/militares.estrategia.com\/portal\/"},{"@type":"ListItem","position":2,"name":"Eventos","item":"https:\/\/militares.estrategia.com\/portal\/eventos\/"},{"@type":"ListItem","position":3,"name":"Turma Presencial ITA\/IME: veja o edital complementar do processo seletivo!\u00a0"}]},{"@type":"WebSite","@id":"https:\/\/militares.estrategia.com\/portal\/#website","url":"https:\/\/militares.estrategia.com\/portal\/","name":"Estrat\u00e9gia Militares","description":"","publisher":{"@id":"https:\/\/militares.estrategia.com\/portal\/#organization"},"potentialAction":[{"@type":"SearchAction","target":{"@type":"EntryPoint","urlTemplate":"https:\/\/militares.estrategia.com\/portal\/?s={search_term_string}"},"query-input":{"@type":"PropertyValueSpecification","valueRequired":true,"valueName":"search_term_string"}}],"inLanguage":"pt-BR"},{"@type":"Organization","@id":"https:\/\/militares.estrategia.com\/portal\/#organization","name":"Estrat\u00e9gia Militares","url":"https:\/\/militares.estrategia.com\/portal\/","logo":{"@type":"ImageObject","inLanguage":"pt-BR","@id":"https:\/\/militares.estrategia.com\/portal\/#\/schema\/logo\/image\/","url":"https:\/\/militares.estrategia.com\/portal\/wp-content\/uploads\/2021\/10\/logo-militares.webp","contentUrl":"https:\/\/militares.estrategia.com\/portal\/wp-content\/uploads\/2021\/10\/logo-militares.webp","width":346,"height":90,"caption":"Estrat\u00e9gia Militares"},"image":{"@id":"https:\/\/militares.estrategia.com\/portal\/#\/schema\/logo\/image\/"},"sameAs":["https:\/\/www.facebook.com\/EstrategiaMilitares","https:\/\/x.com\/estrategiamilit","https:\/\/www.instagram.com\/estrategiamilitares\/","https:\/\/www.youtube.com\/channel\/UCRG_9hakCqXxnj_8TqCdgTA"]},{"@type":"Person","@id":"https:\/\/militares.estrategia.com\/portal\/#\/schema\/person\/46e1f54d690b6a851270112cd62d2f37","name":"Raquel Oshio","image":{"@type":"ImageObject","inLanguage":"pt-BR","@id":"https:\/\/militares.estrategia.com\/portal\/#\/schema\/person\/image\/","url":"https:\/\/secure.gravatar.com\/avatar\/fa4e62d5e59d9cf9995ea9c715a78807?s=96&d=mm&r=g","contentUrl":"https:\/\/secure.gravatar.com\/avatar\/fa4e62d5e59d9cf9995ea9c715a78807?s=96&d=mm&r=g","caption":"Raquel Oshio"},"description":"Raquel Kie \u00e9 amante de hist\u00f3rias e ca\u00e7adora de belezas escondidas. Jornalista de profiss\u00e3o e cora\u00e7\u00e3o. Desenhista e escritora de fic\u00e7\u00e3o nas horas vagas. Acredito no potencial transformador de todo trabalho feito com dedica\u00e7\u00e3o.","url":"https:\/\/militares.estrategia.com\/portal\/author\/raqueloshio\/"}]}},"_wl_alt_label":[],"wl:entity_url":"https:\/\/data.wordlift.io\/wl110246\/post\/turma-presencial-ita-ime-participe-do-concurso-de-bolsas-76194-2","_links":{"self":[{"href":"https:\/\/militares.estrategia.com\/portal\/wp-json\/wp\/v2\/posts\/76194","targetHints":{"allow":["GET"]}}],"collection":[{"href":"https:\/\/militares.estrategia.com\/portal\/wp-json\/wp\/v2\/posts"}],"about":[{"href":"https:\/\/militares.estrategia.com\/portal\/wp-json\/wp\/v2\/types\/post"}],"author":[{"embeddable":true,"href":"https:\/\/militares.estrategia.com\/portal\/wp-json\/wp\/v2\/users\/9"}],"replies":[{"embeddable":true,"href":"https:\/\/militares.estrategia.com\/portal\/wp-json\/wp\/v2\/comments?post=76194"}],"version-history":[{"count":5,"href":"https:\/\/militares.estrategia.com\/portal\/wp-json\/wp\/v2\/posts\/76194\/revisions"}],"predecessor-version":[{"id":78433,"href":"https:\/\/militares.estrategia.com\/portal\/wp-json\/wp\/v2\/posts\/76194\/revisions\/78433"}],"wp:featuredmedia":[{"embeddable":true,"href":"https:\/\/militares.estrategia.com\/portal\/wp-json\/wp\/v2\/media\/76308"}],"wp:attachment":[{"href":"https:\/\/militares.estrategia.com\/portal\/wp-json\/wp\/v2\/media?parent=76194"}],"wp:term":[{"taxonomy":"category","embeddable":true,"href":"https:\/\/militares.estrategia.com\/portal\/wp-json\/wp\/v2\/categories?post=76194"},{"taxonomy":"post_tag","embeddable":true,"href":"https:\/\/militares.estrategia.com\/portal\/wp-json\/wp\/v2\/tags?post=76194"},{"taxonomy":"wl_entity_type","embeddable":true,"href":"https:\/\/militares.estrategia.com\/portal\/wp-json\/wp\/v2\/wl_entity_type?post=76194"}],"curies":[{"name":"wp","href":"https:\/\/api.w.org\/{rel}","templated":true}]}}