{"id":76157,"date":"2024-06-11T10:18:56","date_gmt":"2024-06-11T13:18:56","guid":{"rendered":"https:\/\/militares.estrategia.com\/portal\/?p=76157"},"modified":"2024-09-16T16:35:33","modified_gmt":"2024-09-16T19:35:33","slug":"climatologia-as-correntes-maritimas-e-a-atmosfera","status":"publish","type":"post","link":"https:\/\/militares.estrategia.com\/portal\/materias-e-dicas\/geografia\/climatologia-as-correntes-maritimas-e-a-atmosfera\/","title":{"rendered":"Climatologia: as correntes mar\u00edtimas e a atmosfera!"},"content":{"rendered":"\n<p>As correntes mar\u00edtimas possuem papel muito importante para o equil\u00edbrio clim\u00e1tico do planeta e elas interferem diretamente na atmosfera terrestre. Para saber mais, confira esse artigo que o <strong>Estrat\u00e9gia Militares<\/strong> preparou para voc\u00ea.<\/p>\n\n\n\n<div id=\"ez-toc-container\" class=\"ez-toc-v2_0_79_2 counter-hierarchy ez-toc-counter ez-toc-transparent ez-toc-container-direction\">\n<div class=\"ez-toc-title-container\"><p class=\"ez-toc-title\" style=\"cursor:inherit\">Navegue pelo conte\u00fado\t<\/p>\n<\/div><nav><ul class='ez-toc-list ez-toc-list-level-1 ' ><li class='ez-toc-page-1 ez-toc-heading-level-2'><a class=\"ez-toc-link ez-toc-heading-1\" href=\"https:\/\/militares.estrategia.com\/portal\/materias-e-dicas\/geografia\/climatologia-as-correntes-maritimas-e-a-atmosfera\/#O-que-significa-correntes-maritimas\" >O que significa correntes mar\u00edtimas?<\/a><\/li><li class='ez-toc-page-1 ez-toc-heading-level-2'><a class=\"ez-toc-link ez-toc-heading-2\" href=\"https:\/\/militares.estrategia.com\/portal\/materias-e-dicas\/geografia\/climatologia-as-correntes-maritimas-e-a-atmosfera\/#Atmosfera-e-a-influencia-nas-correntes-maritimas\" >Atmosfera e a influ\u00eancia nas correntes mar\u00edtimas<\/a><\/li><li class='ez-toc-page-1 ez-toc-heading-level-2'><a class=\"ez-toc-link ez-toc-heading-3\" href=\"https:\/\/militares.estrategia.com\/portal\/materias-e-dicas\/geografia\/climatologia-as-correntes-maritimas-e-a-atmosfera\/#A-camada-de-ozonio\" >A camada de oz\u00f4nio<\/a><\/li><li class='ez-toc-page-1 ez-toc-heading-level-2'><a class=\"ez-toc-link ez-toc-heading-4\" href=\"https:\/\/militares.estrategia.com\/portal\/materias-e-dicas\/geografia\/climatologia-as-correntes-maritimas-e-a-atmosfera\/#Veja-tambem\" >Veja tamb\u00e9m:<\/a><\/li><\/ul><\/nav><\/div>\n<h2 class=\"wp-block-heading\" id=\"h-o-que-significa-correntes-maritimas\"><span class=\"ez-toc-section\" id=\"O-que-significa-correntes-maritimas\"><\/span>O que significa correntes mar\u00edtimas?<span class=\"ez-toc-section-end\"><\/span><\/h2>\n\n\n\n<p><strong>Em fun\u00e7\u00e3o da sua temperatura em rela\u00e7\u00e3o \u00e0s \u00e1guas oce\u00e2nicas que as circulam, as correntes mar\u00edtimas s\u00e3o classificadas em quentes e frias. Elas s\u00e3o capazes de gerar importantes influ\u00eancias nas atmosfera litor\u00e2neas.<\/strong><\/p>\n\n\n\n<p>As correntes frias resfriam a atmosfera junto ao oceano e fazem com que ocorra condensa\u00e7\u00e3o da \u00e1gua existente nelas, o que causa precipita\u00e7\u00e3o sobre os mares. Tendo perdido a umidade nos oceanos, as massas de ar chegam secas aos continentes.<\/p>\n\n\n\n<h3 class=\"wp-block-heading\" id=\"h-quais-sao-as-principais-correntes-maritimas\">Quais s\u00e3o as principais correntes mar\u00edtimas?<\/h3>\n\n\n\n<p>Dependendo do porte e da temperatura da corrente, pode ocorrer a forma\u00e7\u00e3o de desertos litor\u00e2neos, <strong>como \u00e9 o caso do Atacama, localizado no norte do Chile e no sul do Peru.&nbsp; \u00c9 formado pela Corrente de Humboldt e da Nam\u00edbia, no litoral sudoeste da \u00c1frica, gerado pela Corrente de Benguela.<\/strong><\/p>\n\n\n\n<p>As correntes quentes atuam de forma similar \u00e0 maritimidade, isto \u00e9, aumentam a umidade e a temperatura por onde passam. Um<strong> exemplo \u00e9 a corrente do Golfo, que ameniza o inverno no Atl\u00e2ntico Norte.<\/strong><\/p>\n\n\n\n<figure class=\"wp-block-image size-large\"><img decoding=\"async\" width=\"1024\" height=\"678\" src=\"https:\/\/militares.estrategia.com\/portal\/wp-content\/uploads\/2024\/06\/noaa-5hZJVGPG6vo-unsplash-1024x678.jpg\" alt=\"Bal\u00e3o de clima\" class=\"wp-image-76158\" srcset=\"https:\/\/militares.estrategia.com\/portal\/wp-content\/uploads\/2024\/06\/noaa-5hZJVGPG6vo-unsplash-1024x678.jpg 1024w, https:\/\/militares.estrategia.com\/portal\/wp-content\/uploads\/2024\/06\/noaa-5hZJVGPG6vo-unsplash-768x509.jpg 768w, https:\/\/militares.estrategia.com\/portal\/wp-content\/uploads\/2024\/06\/noaa-5hZJVGPG6vo-unsplash-1536x1018.jpg 1536w, https:\/\/militares.estrategia.com\/portal\/wp-content\/uploads\/2024\/06\/noaa-5hZJVGPG6vo-unsplash-800x530.jpg 800w, https:\/\/militares.estrategia.com\/portal\/wp-content\/uploads\/2024\/06\/noaa-5hZJVGPG6vo-unsplash-1160x769.jpg 1160w, https:\/\/militares.estrategia.com\/portal\/wp-content\/uploads\/2024\/06\/noaa-5hZJVGPG6vo-unsplash.jpg 1920w\" sizes=\"(max-width: 1024px) 100vw, 1024px\" \/><\/figure>\n\n\n\n<h2 class=\"wp-block-heading\" id=\"h-atmosfera-e-a-influencia-nas-correntes-maritimas\"><span class=\"ez-toc-section\" id=\"Atmosfera-e-a-influencia-nas-correntes-maritimas\"><\/span>Atmosfera e a influ\u00eancia nas correntes mar\u00edtimas<span class=\"ez-toc-section-end\"><\/span><\/h2>\n\n\n\n<p><strong>A atmosfera \u00e9 uma camada relativamente fina de gases e materiais particulados que envolve inteiramente a Terra. \u00c9 mais densa pr\u00f3ximo \u00e0 superf\u00edcie e torna-se mais rarefeita com a altura. Estima-se que sua extens\u00e3o seja de cerca de 1000 km, o que representa cerca de 1% do di\u00e2metro da Terra.<\/strong><\/p>\n\n\n\n<h3 class=\"wp-block-heading\" id=\"h-por-que-a-atmosfera-e-importante-para-vida-terrestre\">Por que a atmosfera \u00e9 importante para vida terrestre?<\/h3>\n\n\n\n<p><strong>A atmosfera protege os organismos da exposi\u00e7\u00e3o a n\u00edveis arriscados de radia\u00e7\u00e3o ultravioleta, cont\u00e9m os gases necess\u00e1rios para os processos vitais de respira\u00e7\u00e3o celular e fotoss\u00edntese, e tamb\u00e9m fornece a \u00e1gua necess\u00e1ria para vida, por isso \u00e9 essencial ao funcionamento dos processos f\u00edsicos e biol\u00f3gicos da Terra.<\/strong><\/p>\n\n\n\n<p>Essa camada \u00e9 formada por uma s\u00e9rie de gases, dentre os quais se destacam o oxig\u00eanio \u2013 com 20,95% do volume total do ar atmosf\u00e9rico \u2013 e o nitrog\u00eanio, com 78,08% do volume.<\/p>\n\n\n\n<p>Os demais gases, que comp\u00f5em apenas 1% do volume do ar atmosf\u00e9rico, s\u00e3o denominados gases raros. Al\u00e9m deles, vapor da \u00e1gua, microorganismos e part\u00edculas s\u00f3lidas em suspens\u00e3o \u2013 como as cinzas vulc\u00e2nicas, poeiras transportadas pelos ventos, esporos e sementes de plantas \u2013, entre outros, tamb\u00e9m se encontram naturalmente presentes na atmosfera.<\/p>\n\n\n\n<p><strong>Em fun\u00e7\u00e3o da composi\u00e7\u00e3o gasosa e do comportamento t\u00e9rmico, a atmosfera se divide em quatro camadas, sendo elas: a troposfera, a estratosfera, amesosfera, a termosfera e a ionosfera.<\/strong><\/p>\n\n\n\n<h3 class=\"wp-block-heading\" id=\"h-o-que-e-a-troposfera\">O que \u00e9 a troposfera?<\/h3>\n\n\n\n<p>A troposfera corresponde \u00e0 dist\u00e2ncia da superf\u00edcie at\u00e9 12 km da atmosfera. <strong>\u00c9 a principal camada que envolve a Terra, pois nela a composi\u00e7\u00e3o de gases est\u00e1 a uma temperatura que garante a sobreviv\u00eancia dos animais e vegetais.<\/strong><\/p>\n\n\n\n<p><strong>Da totalidade dos fen\u00f4menos meteorol\u00f3gicos que atingem a superf\u00edcie terrestre, cerca de 90%, ocorrem nessa camada.<\/strong> \u00c9 nela que se concentram cerca de 80% da massa total da atmosfera e praticamente a totalidade do vapor da \u00e1gua.<\/p>\n\n\n\n<p>A troposfera \u00e9 mais quente na sua base que em maiores altitudes, pois recebe calor por meio de radia\u00e7\u00e3o infravermelha emitida pelo solo. O sol transmite energia para o ar, fazendo com que ele suba e tome o lugar do ar frio nas camadas superiores, que por sua vez descem em substitui\u00e7\u00e3o ao ar ascendente.<\/p>\n\n\n\n<p>Todo esse movimento de subida e descida de mol\u00e9culas, <strong>chamado de convic\u00e7\u00e3o<\/strong>, distribui energia t\u00e9rmica pela camada e faz com que a troposfera seja muito agitada. Por isso,&nbsp; muitas instabilidades ocorrem por fen\u00f4menos atmosf\u00e9ricos nessa camada.<\/p>\n\n\n\n<h3 class=\"wp-block-heading\" id=\"h-o-que-e-a-estratosfera\">O que \u00e9 a estratosfera?<\/h3>\n\n\n\n<p>A estratosfera corresponde \u00e0 dist\u00e2ncia de 12 a 50 km da superf\u00edcie. Nessa camada ocorre um aumento da temperatura e nela encontra-se a camada de oz\u00f4nio. <strong>Esse acr\u00e9scimo da temperatura se deve \u00e0 exist\u00eancia de oz\u00f4nio, que absorve a radia\u00e7\u00e3o ultravioleta proveniente do sol.&nbsp;<\/strong><\/p>\n\n\n\n<p>Essa radia\u00e7\u00e3o \u00e9 muito energ\u00e9tica e, como nesse n\u00edvel a atmosfera j\u00e1 apresenta uma densidade reduzida, a energia absorvida \u00e9 transferida apenas para um pequeno n\u00famero de mol\u00e9culas. Elas adquirem elevada energia cin\u00e9tica \u2013 a energia associada ao movimento \u2013 o que, por sua vez, promove o aumento da temperatura do ar.<\/p>\n\n\n\n<h3 class=\"wp-block-heading\" id=\"h-o-que-e-a-mesosfera\">O que \u00e9 a mesosfera?<\/h3>\n\n\n\n<p>A mesosfera corresponde \u00e0 dist\u00e2ncia de 50 a 80 km da superf\u00edcie. <strong>Nessa camada, as temperaturas voltam a diminuir e se tornam as menores registradas em nossa atmosfera.<\/strong><\/p>\n\n\n\n<h3 class=\"wp-block-heading\" id=\"h-o-que-e-a-termosfera\">O que \u00e9 a termosfera?<\/h3>\n\n\n\n<p><strong>A termosfera corresponde \u00e0 dist\u00e2ncia acima dos 80 km da superf\u00edcie.<\/strong> Nessa camada verifica-se um novo aumento da temperatura.<\/p>\n\n\n\n<h3 class=\"wp-block-heading\" id=\"h-o-que-e-a-ionosfera\">O que \u00e9 a ionosfera?<\/h3>\n\n\n\n<p><strong>Corresponde a uma regi\u00e3o, e n\u00e3o necessariamente a uma camada. <\/strong>Situada a cerca de 60 km da superf\u00edcie terrestre, possui propriedades el\u00e9tricas em raz\u00e3o da exist\u00eancia de \u00edons e el\u00e9trons livres.<\/p>\n\n\n\n<h2 class=\"wp-block-heading\" id=\"h-a-camada-de-ozonio\"><span class=\"ez-toc-section\" id=\"A-camada-de-ozonio\"><\/span>A camada de oz\u00f4nio<span class=\"ez-toc-section-end\"><\/span><\/h2>\n\n\n\n<p><strong>O oz\u00f4nio, presente na estratosfera, protege a superf\u00edcie terrestre de v\u00e1rios tipos de radia\u00e7\u00f5es. A principal delas \u00e9 a ultravioleta,<\/strong> uma das causadoras do c\u00e2ncer de pele nos seres humanos e uma das respons\u00e1veis pelas altera\u00e7\u00f5es no ciclo vegetativo das plantas.<\/p>\n\n\n\n<p>A partir de 1928, devido ao desenvolvimento industrial, passaram a ser utilizados produtos que emitem <strong>clorofluorcarbonetos (CFCs). Essa mol\u00e9cula <\/strong>que tem in\u00fameras utiliza\u00e7\u00f5es, \u00e9 pouco t\u00f3xico e n\u00e3o inflam\u00e1vel.<\/p>\n\n\n\n<p><strong>Por\u00e9m, ela n\u00e3o se decomp\u00f5e facilmente e s\u00e3o est\u00e1veis \u2013 ou seja, duram cerca de 150 anos na atmosfera.&nbsp; Al\u00e9m disso, um \u00fanico \u00e1tomo de cloro destr\u00f3i cerca de 100.000 mol\u00e9culas de oz\u00f4nio.<\/strong><\/p>\n\n\n\n<p>Ao atingir a estratosfera, esse g\u00e1s reage com as mol\u00e9culas de oz\u00f4nio, causando, assim, a sua destrui\u00e7\u00e3o. Sem o oz\u00f4nio, a incid\u00eancia de raios ultravioletas nocivos \u00e0 Terra fica sensivelmente maior. Atualmente, a utiliza\u00e7\u00e3o desse g\u00e1s no Brasil foi proibida pelas autoridades de sa\u00fade e ambientais.<\/p>\n\n\n\n<p><br>Continue estudando sobre climatologia com os artigos do <strong>Portal Estrat\u00e9gias Militares.<\/strong> Aproveite e <strong>clique no banner abaixo<\/strong> para conhecer os cursos preparat\u00f3rios!<\/p>\n\n\n\n\n\n<p><\/p>\n\n\n\n<h2 class=\"wp-block-heading\"><span class=\"ez-toc-section\" id=\"Veja-tambem\"><\/span>Veja tamb\u00e9m:<span class=\"ez-toc-section-end\"><\/span><\/h2>\n\n\n\n<ul class=\"wp-block-list\">\n<li><a href=\"https:\/\/militares.estrategia.com\/portal\/materias-e-dicas\/geografia\/focos-de-tensao-na-africa-saiba-mais-sobre-o-sudao-e-o-sudao-do-sul\/\">Focos de tens\u00e3o na \u00c1frica: saiba mais sobre o Sud\u00e3o e o Sud\u00e3o do Sul<\/a><\/li>\n\n\n\n<li><a href=\"https:\/\/militares.estrategia.com\/portal\/materias-e-dicas\/geografia\/focos-de-tensao-o-genocidio-de-ruanda-e-o-apartheid-na-africa-do-sul\/\">Focos de tens\u00e3o: o genoc\u00eddio de Ruanda e o apartheid na \u00c1frica do Sul<\/a><\/li>\n\n\n\n<li><a href=\"https:\/\/militares.estrategia.com\/portal\/materias-e-dicas\/geografia\/europa-e-a-crise-de-2008\/\">Europa: um panorama das crises econ\u00f4micas europeias<\/a><\/li>\n\n\n\n<li><a href=\"https:\/\/militares.estrategia.com\/portal\/materias-e-dicas\/geografia\/atividade-agricola-origem-historica-fatores-e-sistemas-de-producao\/\">Atividade agr\u00edcola: origem hist\u00f3rica, fatores e sistemas de produ\u00e7\u00e3o<\/a><\/li>\n\n\n\n<li><a href=\"https:\/\/militares.estrategia.com\/portal\/materias-e-dicas\/geografia\/circulacao-de-ar-na-atmosfera-as-brisas-litoraneas-e-mais\/\">Circula\u00e7\u00e3o de ar na atmosfera: as brisas litor\u00e2neas e mais<\/a><\/li>\n\n\n\n<li><a href=\"https:\/\/militares.estrategia.com\/portal\/materias-e-dicas\/geografia\/climatologia-chuva-meteoro-e-a-pressao-atmosferica\/\">Climatologia: meteoros e a press\u00e3o atmosf\u00e9rica<\/a><\/li>\n\n\n\n<li><a href=\"https:\/\/militares.estrategia.com\/portal\/materias-e-dicas\/geografia\/climatologia-conceitos-elementos-e-mais\/\">Climatologia: conceitos, elementos e mais!<\/a><\/li>\n<\/ul>\n\n\n","protected":false},"excerpt":{"rendered":"As correntes mar\u00edtimas possuem papel muito importante para o equil\u00edbrio clim\u00e1tico do planeta e elas interferem diretamente na&hellip;\n","protected":false},"author":52,"featured_media":76158,"comment_status":"closed","ping_status":"closed","sticky":false,"template":"","format":"standard","meta":{"wl_entities_gutenberg":"","footnotes":""},"categories":[301],"tags":[162,161],"wl_entity_type":[187],"class_list":{"0":"post-76157","1":"post","2":"type-post","3":"status-publish","4":"format-standard","5":"has-post-thumbnail","7":"category-geografia","8":"tag-carreiramilitar","9":"tag-concursosmilitares","10":"wl_entity_type-article"},"acf":[],"yoast_head":"<!-- This site is optimized with the Yoast SEO Premium plugin v26.6 (Yoast SEO v26.6) - https:\/\/yoast.com\/wordpress\/plugins\/seo\/ -->\n<title>Climatologia: as correntes mar\u00edtimas e a atmosfera!<\/title>\n<meta name=\"description\" content=\"As correntes mar\u00edtimas possuem papel muito importante para o equil\u00edbrio clim\u00e1tico do planeta. Clique aqui para saber mais!\" \/>\n<meta name=\"robots\" content=\"index, follow, max-snippet:-1, max-image-preview:large, max-video-preview:-1\" \/>\n<link rel=\"canonical\" href=\"https:\/\/militares.estrategia.com\/portal\/materias-e-dicas\/geografia\/climatologia-as-correntes-maritimas-e-a-atmosfera\/\" \/>\n<meta property=\"og:locale\" content=\"pt_BR\" \/>\n<meta property=\"og:type\" content=\"article\" \/>\n<meta property=\"og:title\" content=\"Climatologia: as correntes mar\u00edtimas e a atmosfera!\" \/>\n<meta property=\"og:description\" content=\"As correntes mar\u00edtimas possuem papel muito importante para o equil\u00edbrio clim\u00e1tico do planeta. Clique aqui para saber mais!\" \/>\n<meta property=\"og:url\" content=\"https:\/\/militares.estrategia.com\/portal\/materias-e-dicas\/geografia\/climatologia-as-correntes-maritimas-e-a-atmosfera\/\" \/>\n<meta property=\"og:site_name\" content=\"Estrat\u00e9gia Militares\" \/>\n<meta property=\"article:publisher\" content=\"https:\/\/www.facebook.com\/EstrategiaMilitares\" \/>\n<meta property=\"article:published_time\" content=\"2024-06-11T13:18:56+00:00\" \/>\n<meta property=\"article:modified_time\" content=\"2024-09-16T19:35:33+00:00\" \/>\n<meta property=\"og:image\" content=\"https:\/\/militares.estrategia.com\/portal\/wp-content\/uploads\/2024\/06\/noaa-5hZJVGPG6vo-unsplash.jpg\" \/>\n\t<meta property=\"og:image:width\" content=\"1920\" \/>\n\t<meta property=\"og:image:height\" content=\"1272\" \/>\n\t<meta property=\"og:image:type\" content=\"image\/jpeg\" \/>\n<meta name=\"author\" content=\"Vin\u00edcius Brigolini\" \/>\n<meta name=\"twitter:card\" content=\"summary_large_image\" \/>\n<meta name=\"twitter:creator\" content=\"@estrategiamilit\" \/>\n<meta name=\"twitter:site\" content=\"@estrategiamilit\" \/>\n<meta name=\"twitter:label1\" content=\"Escrito por\" \/>\n\t<meta name=\"twitter:data1\" content=\"Vin\u00edcius Brigolini\" \/>\n\t<meta name=\"twitter:label2\" content=\"Est. tempo de leitura\" \/>\n\t<meta name=\"twitter:data2\" content=\"6 minutos\" \/>\n<script type=\"application\/ld+json\" class=\"yoast-schema-graph\">{\"@context\":\"https:\/\/schema.org\",\"@graph\":[{\"@type\":\"Article\",\"@id\":\"https:\/\/militares.estrategia.com\/portal\/materias-e-dicas\/geografia\/climatologia-as-correntes-maritimas-e-a-atmosfera\/#article\",\"isPartOf\":{\"@id\":\"https:\/\/militares.estrategia.com\/portal\/materias-e-dicas\/geografia\/climatologia-as-correntes-maritimas-e-a-atmosfera\/\"},\"author\":{\"name\":\"Vin\u00edcius Brigolini\",\"@id\":\"https:\/\/militares.estrategia.com\/portal\/#\/schema\/person\/6587b50abb02ffb0d1d0b50c12a6b317\"},\"headline\":\"Climatologia: as correntes mar\u00edtimas e a atmosfera!\",\"datePublished\":\"2024-06-11T13:18:56+00:00\",\"dateModified\":\"2024-09-16T19:35:33+00:00\",\"mainEntityOfPage\":{\"@id\":\"https:\/\/militares.estrategia.com\/portal\/materias-e-dicas\/geografia\/climatologia-as-correntes-maritimas-e-a-atmosfera\/\"},\"wordCount\":1132,\"publisher\":{\"@id\":\"https:\/\/militares.estrategia.com\/portal\/#organization\"},\"image\":{\"@id\":\"https:\/\/militares.estrategia.com\/portal\/materias-e-dicas\/geografia\/climatologia-as-correntes-maritimas-e-a-atmosfera\/#primaryimage\"},\"thumbnailUrl\":\"https:\/\/militares.estrategia.com\/portal\/wp-content\/uploads\/2024\/06\/noaa-5hZJVGPG6vo-unsplash.jpg\",\"keywords\":[\"carreiramilitar\",\"ConcursosMilitares\"],\"articleSection\":[\"Geografia\"],\"inLanguage\":\"pt-BR\"},{\"@type\":\"WebPage\",\"@id\":\"https:\/\/militares.estrategia.com\/portal\/materias-e-dicas\/geografia\/climatologia-as-correntes-maritimas-e-a-atmosfera\/\",\"url\":\"https:\/\/militares.estrategia.com\/portal\/materias-e-dicas\/geografia\/climatologia-as-correntes-maritimas-e-a-atmosfera\/\",\"name\":\"Climatologia: as correntes mar\u00edtimas e a atmosfera!\",\"isPartOf\":{\"@id\":\"https:\/\/militares.estrategia.com\/portal\/#website\"},\"primaryImageOfPage\":{\"@id\":\"https:\/\/militares.estrategia.com\/portal\/materias-e-dicas\/geografia\/climatologia-as-correntes-maritimas-e-a-atmosfera\/#primaryimage\"},\"image\":{\"@id\":\"https:\/\/militares.estrategia.com\/portal\/materias-e-dicas\/geografia\/climatologia-as-correntes-maritimas-e-a-atmosfera\/#primaryimage\"},\"thumbnailUrl\":\"https:\/\/militares.estrategia.com\/portal\/wp-content\/uploads\/2024\/06\/noaa-5hZJVGPG6vo-unsplash.jpg\",\"datePublished\":\"2024-06-11T13:18:56+00:00\",\"dateModified\":\"2024-09-16T19:35:33+00:00\",\"description\":\"As correntes mar\u00edtimas possuem papel muito importante para o equil\u00edbrio clim\u00e1tico do planeta. Clique aqui para saber mais!\",\"breadcrumb\":{\"@id\":\"https:\/\/militares.estrategia.com\/portal\/materias-e-dicas\/geografia\/climatologia-as-correntes-maritimas-e-a-atmosfera\/#breadcrumb\"},\"inLanguage\":\"pt-BR\",\"potentialAction\":[{\"@type\":\"ReadAction\",\"target\":[\"https:\/\/militares.estrategia.com\/portal\/materias-e-dicas\/geografia\/climatologia-as-correntes-maritimas-e-a-atmosfera\/\"]}]},{\"@type\":\"ImageObject\",\"inLanguage\":\"pt-BR\",\"@id\":\"https:\/\/militares.estrategia.com\/portal\/materias-e-dicas\/geografia\/climatologia-as-correntes-maritimas-e-a-atmosfera\/#primaryimage\",\"url\":\"https:\/\/militares.estrategia.com\/portal\/wp-content\/uploads\/2024\/06\/noaa-5hZJVGPG6vo-unsplash.jpg\",\"contentUrl\":\"https:\/\/militares.estrategia.com\/portal\/wp-content\/uploads\/2024\/06\/noaa-5hZJVGPG6vo-unsplash.jpg\",\"width\":1920,\"height\":1272,\"caption\":\"Bal\u00e3o de clima\"},{\"@type\":\"BreadcrumbList\",\"@id\":\"https:\/\/militares.estrategia.com\/portal\/materias-e-dicas\/geografia\/climatologia-as-correntes-maritimas-e-a-atmosfera\/#breadcrumb\",\"itemListElement\":[{\"@type\":\"ListItem\",\"position\":1,\"name\":\"Home\",\"item\":\"https:\/\/militares.estrategia.com\/portal\/\"},{\"@type\":\"ListItem\",\"position\":2,\"name\":\"Mat\u00e9rias e Dicas\",\"item\":\"https:\/\/militares.estrategia.com\/portal\/materias-e-dicas\/\"},{\"@type\":\"ListItem\",\"position\":3,\"name\":\"Geografia\",\"item\":\"https:\/\/militares.estrategia.com\/portal\/materias-e-dicas\/geografia\/\"},{\"@type\":\"ListItem\",\"position\":4,\"name\":\"Climatologia: as correntes mar\u00edtimas e a atmosfera!\"}]},{\"@type\":\"WebSite\",\"@id\":\"https:\/\/militares.estrategia.com\/portal\/#website\",\"url\":\"https:\/\/militares.estrategia.com\/portal\/\",\"name\":\"Estrat\u00e9gia Militares\",\"description\":\"\",\"publisher\":{\"@id\":\"https:\/\/militares.estrategia.com\/portal\/#organization\"},\"potentialAction\":[{\"@type\":\"SearchAction\",\"target\":{\"@type\":\"EntryPoint\",\"urlTemplate\":\"https:\/\/militares.estrategia.com\/portal\/?s={search_term_string}\"},\"query-input\":{\"@type\":\"PropertyValueSpecification\",\"valueRequired\":true,\"valueName\":\"search_term_string\"}}],\"inLanguage\":\"pt-BR\"},{\"@type\":\"Organization\",\"@id\":\"https:\/\/militares.estrategia.com\/portal\/#organization\",\"name\":\"Estrat\u00e9gia Militares\",\"url\":\"https:\/\/militares.estrategia.com\/portal\/\",\"logo\":{\"@type\":\"ImageObject\",\"inLanguage\":\"pt-BR\",\"@id\":\"https:\/\/militares.estrategia.com\/portal\/#\/schema\/logo\/image\/\",\"url\":\"https:\/\/militares.estrategia.com\/portal\/wp-content\/uploads\/2021\/10\/logo-militares.webp\",\"contentUrl\":\"https:\/\/militares.estrategia.com\/portal\/wp-content\/uploads\/2021\/10\/logo-militares.webp\",\"width\":346,\"height\":90,\"caption\":\"Estrat\u00e9gia Militares\"},\"image\":{\"@id\":\"https:\/\/militares.estrategia.com\/portal\/#\/schema\/logo\/image\/\"},\"sameAs\":[\"https:\/\/www.facebook.com\/EstrategiaMilitares\",\"https:\/\/x.com\/estrategiamilit\",\"https:\/\/www.instagram.com\/estrategiamilitares\/\",\"https:\/\/www.youtube.com\/channel\/UCRG_9hakCqXxnj_8TqCdgTA\"]},{\"@type\":\"Person\",\"@id\":\"https:\/\/militares.estrategia.com\/portal\/#\/schema\/person\/6587b50abb02ffb0d1d0b50c12a6b317\",\"name\":\"Vin\u00edcius Brigolini\",\"image\":{\"@type\":\"ImageObject\",\"inLanguage\":\"pt-BR\",\"@id\":\"https:\/\/militares.estrategia.com\/portal\/#\/schema\/person\/image\/\",\"url\":\"https:\/\/militares.estrategia.com\/portal\/wp-content\/uploads\/2021\/08\/Sem-titulo-150x150.jpg\",\"contentUrl\":\"https:\/\/militares.estrategia.com\/portal\/wp-content\/uploads\/2021\/08\/Sem-titulo-150x150.jpg\",\"caption\":\"Vin\u00edcius Brigolini\"},\"description\":\"Membro da turma Carcar\u00e1 de 2017 da For\u00e7a A\u00e9rea Brasileira. \u00c9 apaixonado pela avia\u00e7\u00e3o e pelo mundo militar!\",\"sameAs\":[\"https:\/\/www.instagram.com\/viniciusbgn\/\"],\"url\":\"https:\/\/militares.estrategia.com\/portal\/author\/vinicius-souza\/\"}]}<\/script>\n<!-- \/ Yoast SEO Premium plugin. -->","yoast_head_json":{"title":"Climatologia: as correntes mar\u00edtimas e a atmosfera!","description":"As correntes mar\u00edtimas possuem papel muito importante para o equil\u00edbrio clim\u00e1tico do planeta. Clique aqui para saber mais!","robots":{"index":"index","follow":"follow","max-snippet":"max-snippet:-1","max-image-preview":"max-image-preview:large","max-video-preview":"max-video-preview:-1"},"canonical":"https:\/\/militares.estrategia.com\/portal\/materias-e-dicas\/geografia\/climatologia-as-correntes-maritimas-e-a-atmosfera\/","og_locale":"pt_BR","og_type":"article","og_title":"Climatologia: as correntes mar\u00edtimas e a atmosfera!","og_description":"As correntes mar\u00edtimas possuem papel muito importante para o equil\u00edbrio clim\u00e1tico do planeta. Clique aqui para saber mais!","og_url":"https:\/\/militares.estrategia.com\/portal\/materias-e-dicas\/geografia\/climatologia-as-correntes-maritimas-e-a-atmosfera\/","og_site_name":"Estrat\u00e9gia Militares","article_publisher":"https:\/\/www.facebook.com\/EstrategiaMilitares","article_published_time":"2024-06-11T13:18:56+00:00","article_modified_time":"2024-09-16T19:35:33+00:00","og_image":[{"width":1920,"height":1272,"url":"https:\/\/militares.estrategia.com\/portal\/wp-content\/uploads\/2024\/06\/noaa-5hZJVGPG6vo-unsplash.jpg","type":"image\/jpeg"}],"author":"Vin\u00edcius Brigolini","twitter_card":"summary_large_image","twitter_creator":"@estrategiamilit","twitter_site":"@estrategiamilit","twitter_misc":{"Escrito por":"Vin\u00edcius Brigolini","Est. tempo de leitura":"6 minutos"},"schema":{"@context":"https:\/\/schema.org","@graph":[{"@type":"Article","@id":"https:\/\/militares.estrategia.com\/portal\/materias-e-dicas\/geografia\/climatologia-as-correntes-maritimas-e-a-atmosfera\/#article","isPartOf":{"@id":"https:\/\/militares.estrategia.com\/portal\/materias-e-dicas\/geografia\/climatologia-as-correntes-maritimas-e-a-atmosfera\/"},"author":{"name":"Vin\u00edcius Brigolini","@id":"https:\/\/militares.estrategia.com\/portal\/#\/schema\/person\/6587b50abb02ffb0d1d0b50c12a6b317"},"headline":"Climatologia: as correntes mar\u00edtimas e a atmosfera!","datePublished":"2024-06-11T13:18:56+00:00","dateModified":"2024-09-16T19:35:33+00:00","mainEntityOfPage":{"@id":"https:\/\/militares.estrategia.com\/portal\/materias-e-dicas\/geografia\/climatologia-as-correntes-maritimas-e-a-atmosfera\/"},"wordCount":1132,"publisher":{"@id":"https:\/\/militares.estrategia.com\/portal\/#organization"},"image":{"@id":"https:\/\/militares.estrategia.com\/portal\/materias-e-dicas\/geografia\/climatologia-as-correntes-maritimas-e-a-atmosfera\/#primaryimage"},"thumbnailUrl":"https:\/\/militares.estrategia.com\/portal\/wp-content\/uploads\/2024\/06\/noaa-5hZJVGPG6vo-unsplash.jpg","keywords":["carreiramilitar","ConcursosMilitares"],"articleSection":["Geografia"],"inLanguage":"pt-BR"},{"@type":"WebPage","@id":"https:\/\/militares.estrategia.com\/portal\/materias-e-dicas\/geografia\/climatologia-as-correntes-maritimas-e-a-atmosfera\/","url":"https:\/\/militares.estrategia.com\/portal\/materias-e-dicas\/geografia\/climatologia-as-correntes-maritimas-e-a-atmosfera\/","name":"Climatologia: as correntes mar\u00edtimas e a atmosfera!","isPartOf":{"@id":"https:\/\/militares.estrategia.com\/portal\/#website"},"primaryImageOfPage":{"@id":"https:\/\/militares.estrategia.com\/portal\/materias-e-dicas\/geografia\/climatologia-as-correntes-maritimas-e-a-atmosfera\/#primaryimage"},"image":{"@id":"https:\/\/militares.estrategia.com\/portal\/materias-e-dicas\/geografia\/climatologia-as-correntes-maritimas-e-a-atmosfera\/#primaryimage"},"thumbnailUrl":"https:\/\/militares.estrategia.com\/portal\/wp-content\/uploads\/2024\/06\/noaa-5hZJVGPG6vo-unsplash.jpg","datePublished":"2024-06-11T13:18:56+00:00","dateModified":"2024-09-16T19:35:33+00:00","description":"As correntes mar\u00edtimas possuem papel muito importante para o equil\u00edbrio clim\u00e1tico do planeta. Clique aqui para saber mais!","breadcrumb":{"@id":"https:\/\/militares.estrategia.com\/portal\/materias-e-dicas\/geografia\/climatologia-as-correntes-maritimas-e-a-atmosfera\/#breadcrumb"},"inLanguage":"pt-BR","potentialAction":[{"@type":"ReadAction","target":["https:\/\/militares.estrategia.com\/portal\/materias-e-dicas\/geografia\/climatologia-as-correntes-maritimas-e-a-atmosfera\/"]}]},{"@type":"ImageObject","inLanguage":"pt-BR","@id":"https:\/\/militares.estrategia.com\/portal\/materias-e-dicas\/geografia\/climatologia-as-correntes-maritimas-e-a-atmosfera\/#primaryimage","url":"https:\/\/militares.estrategia.com\/portal\/wp-content\/uploads\/2024\/06\/noaa-5hZJVGPG6vo-unsplash.jpg","contentUrl":"https:\/\/militares.estrategia.com\/portal\/wp-content\/uploads\/2024\/06\/noaa-5hZJVGPG6vo-unsplash.jpg","width":1920,"height":1272,"caption":"Bal\u00e3o de clima"},{"@type":"BreadcrumbList","@id":"https:\/\/militares.estrategia.com\/portal\/materias-e-dicas\/geografia\/climatologia-as-correntes-maritimas-e-a-atmosfera\/#breadcrumb","itemListElement":[{"@type":"ListItem","position":1,"name":"Home","item":"https:\/\/militares.estrategia.com\/portal\/"},{"@type":"ListItem","position":2,"name":"Mat\u00e9rias e Dicas","item":"https:\/\/militares.estrategia.com\/portal\/materias-e-dicas\/"},{"@type":"ListItem","position":3,"name":"Geografia","item":"https:\/\/militares.estrategia.com\/portal\/materias-e-dicas\/geografia\/"},{"@type":"ListItem","position":4,"name":"Climatologia: as correntes mar\u00edtimas e a atmosfera!"}]},{"@type":"WebSite","@id":"https:\/\/militares.estrategia.com\/portal\/#website","url":"https:\/\/militares.estrategia.com\/portal\/","name":"Estrat\u00e9gia Militares","description":"","publisher":{"@id":"https:\/\/militares.estrategia.com\/portal\/#organization"},"potentialAction":[{"@type":"SearchAction","target":{"@type":"EntryPoint","urlTemplate":"https:\/\/militares.estrategia.com\/portal\/?s={search_term_string}"},"query-input":{"@type":"PropertyValueSpecification","valueRequired":true,"valueName":"search_term_string"}}],"inLanguage":"pt-BR"},{"@type":"Organization","@id":"https:\/\/militares.estrategia.com\/portal\/#organization","name":"Estrat\u00e9gia Militares","url":"https:\/\/militares.estrategia.com\/portal\/","logo":{"@type":"ImageObject","inLanguage":"pt-BR","@id":"https:\/\/militares.estrategia.com\/portal\/#\/schema\/logo\/image\/","url":"https:\/\/militares.estrategia.com\/portal\/wp-content\/uploads\/2021\/10\/logo-militares.webp","contentUrl":"https:\/\/militares.estrategia.com\/portal\/wp-content\/uploads\/2021\/10\/logo-militares.webp","width":346,"height":90,"caption":"Estrat\u00e9gia Militares"},"image":{"@id":"https:\/\/militares.estrategia.com\/portal\/#\/schema\/logo\/image\/"},"sameAs":["https:\/\/www.facebook.com\/EstrategiaMilitares","https:\/\/x.com\/estrategiamilit","https:\/\/www.instagram.com\/estrategiamilitares\/","https:\/\/www.youtube.com\/channel\/UCRG_9hakCqXxnj_8TqCdgTA"]},{"@type":"Person","@id":"https:\/\/militares.estrategia.com\/portal\/#\/schema\/person\/6587b50abb02ffb0d1d0b50c12a6b317","name":"Vin\u00edcius Brigolini","image":{"@type":"ImageObject","inLanguage":"pt-BR","@id":"https:\/\/militares.estrategia.com\/portal\/#\/schema\/person\/image\/","url":"https:\/\/militares.estrategia.com\/portal\/wp-content\/uploads\/2021\/08\/Sem-titulo-150x150.jpg","contentUrl":"https:\/\/militares.estrategia.com\/portal\/wp-content\/uploads\/2021\/08\/Sem-titulo-150x150.jpg","caption":"Vin\u00edcius Brigolini"},"description":"Membro da turma Carcar\u00e1 de 2017 da For\u00e7a A\u00e9rea Brasileira. \u00c9 apaixonado pela avia\u00e7\u00e3o e pelo mundo militar!","sameAs":["https:\/\/www.instagram.com\/viniciusbgn\/"],"url":"https:\/\/militares.estrategia.com\/portal\/author\/vinicius-souza\/"}]}},"_wl_alt_label":[],"wl:entity_url":"https:\/\/data.wordlift.io\/wl110246\/post\/climatologia-as-correntes-maritimas-e-a-atmosfera-76157","_links":{"self":[{"href":"https:\/\/militares.estrategia.com\/portal\/wp-json\/wp\/v2\/posts\/76157","targetHints":{"allow":["GET"]}}],"collection":[{"href":"https:\/\/militares.estrategia.com\/portal\/wp-json\/wp\/v2\/posts"}],"about":[{"href":"https:\/\/militares.estrategia.com\/portal\/wp-json\/wp\/v2\/types\/post"}],"author":[{"embeddable":true,"href":"https:\/\/militares.estrategia.com\/portal\/wp-json\/wp\/v2\/users\/52"}],"replies":[{"embeddable":true,"href":"https:\/\/militares.estrategia.com\/portal\/wp-json\/wp\/v2\/comments?post=76157"}],"version-history":[{"count":3,"href":"https:\/\/militares.estrategia.com\/portal\/wp-json\/wp\/v2\/posts\/76157\/revisions"}],"predecessor-version":[{"id":78923,"href":"https:\/\/militares.estrategia.com\/portal\/wp-json\/wp\/v2\/posts\/76157\/revisions\/78923"}],"wp:featuredmedia":[{"embeddable":true,"href":"https:\/\/militares.estrategia.com\/portal\/wp-json\/wp\/v2\/media\/76158"}],"wp:attachment":[{"href":"https:\/\/militares.estrategia.com\/portal\/wp-json\/wp\/v2\/media?parent=76157"}],"wp:term":[{"taxonomy":"category","embeddable":true,"href":"https:\/\/militares.estrategia.com\/portal\/wp-json\/wp\/v2\/categories?post=76157"},{"taxonomy":"post_tag","embeddable":true,"href":"https:\/\/militares.estrategia.com\/portal\/wp-json\/wp\/v2\/tags?post=76157"},{"taxonomy":"wl_entity_type","embeddable":true,"href":"https:\/\/militares.estrategia.com\/portal\/wp-json\/wp\/v2\/wl_entity_type?post=76157"}],"curies":[{"name":"wp","href":"https:\/\/api.w.org\/{rel}","templated":true}]}}