{"id":75996,"date":"2024-06-04T18:18:00","date_gmt":"2024-06-04T21:18:00","guid":{"rendered":"https:\/\/militares.estrategia.com\/portal\/?p=75996"},"modified":"2024-06-04T18:18:13","modified_gmt":"2024-06-04T21:18:13","slug":"eam-2024-2025-veja-as-instrucoes-do-taf-i","status":"publish","type":"post","link":"https:\/\/militares.estrategia.com\/portal\/noticias\/eam-2024-2025-veja-as-instrucoes-do-taf-i\/","title":{"rendered":"EAM 2024\/2025: veja instru\u00e7\u00f5es e o cronograma do TAF-i"},"content":{"rendered":"\n<p>O Concurso EAM 2024\/2025 divulgou o cronograma e as instru\u00e7\u00f5es da etapa de Teste de Aptid\u00e3o F\u00edsica de Ingresso (TAF-i) nesta ter\u00e7a, dia 4 de junho. O TAF-i acontece entre o dia 24 de junho e o dia 16 de agosto. <\/p>\n\n\n\n<p>Os candidatos t\u00eam dias espec\u00edficos para comparecer ao local de avalia\u00e7\u00e3o. O cronograma est\u00e1 descrito no documento publicado na p\u00e1gina oficial do seletivo na internet. Confira: <\/p>\n\n\n\n<div class=\"wp-block-buttons is-content-justification-center is-layout-flex wp-container-core-buttons-is-layout-1 wp-block-buttons-is-layout-flex\">\n<div class=\"wp-block-button is-style-outline is-style-outline--1\"><a class=\"wp-block-button__link has-electric-grass-gradient-background has-background wp-element-button\" href=\"https:\/\/militares.estrategia.com\/portal\/wp-content\/uploads\/2024\/06\/ChamTAF-CPAEAM24.pdf\" style=\"border-radius:79px\" target=\"_blank\" >Cronograma TAF-i &#8211; EAM 2024\/2025<\/a><\/div>\n<\/div>\n\n\n\n<p>A avalia\u00e7\u00e3o ocorre em dois dias, em cada um deles os candidatos devem levar alguns itens. S\u00e3o eles: <\/p>\n\n\n\n<ul class=\"wp-block-list\">\n<li>Atestado M\u00e9dico;<\/li>\n\n\n\n<li>comprovante de inscri\u00e7\u00e3o;<\/li>\n\n\n\n<li>documento oficial de identifica\u00e7\u00e3o com fotografia e na validade;<\/li>\n\n\n\n<li>um par de t\u00eanis;<\/li>\n\n\n\n<li>um cal\u00e7\u00e3o e uma camiseta para gin\u00e1stica; e<\/li>\n\n\n\n<li>uma sunga de banho ou mai\u00f4 para nata\u00e7\u00e3o.<\/li>\n<\/ul>\n\n\n\n<p>Os candidatos n\u00e3o podem entrar no local em roupas de banho. Elas precisam ser trajadas no momento da avalia\u00e7\u00e3o. O Atestado M\u00e9dico deve ser assinado por um m\u00e9dico h\u00e1, no m\u00e1ximo, 30 dias antes da aplica\u00e7\u00e3o do teste. Al\u00e9m disso, ele deve discriminar todas as modalidades a serem realizadas pelo candidato. <\/p>\n\n\n\n<p>O TAF-i do Concurso EAM aplica os seguintes exerc\u00edcios: <\/p>\n\n\n\n<figure class=\"wp-block-table is-style-stripes\"><table class=\"has-electric-grass-gradient-background has-background\"><thead><tr><th>Sexo<\/th><th>Prova<\/th><th>Percurso<\/th><th>Tempo M\u00e1ximo<\/th><\/tr><\/thead><tbody><tr><td>Masculino<\/td><td>Nata\u00e7\u00e3o<\/td><td>50 metros<\/td><td>1 minuto e 30 segundos<\/td><\/tr><tr><td>Feminino<\/td><td>Nata\u00e7\u00e3o<\/td><td>50 metros<\/td><td>2 minutos e 20 segundos<\/td><\/tr><tr><td>Masculino<\/td><td>Corrida<\/td><td>2.400 metros<\/td><td>14 minutos e 30 segundos<\/td><\/tr><tr><td>Feminino<\/td><td>Corrida<\/td><td>2.400 metros<\/td><td>16 minutos<\/td><\/tr><\/tbody><\/table><\/figure>\n\n\n\n<p>Fique atento ao Portal Estrat\u00e9gia Militares para mais informa\u00e7\u00f5es sobre o Concurso EAM 2024\/2025 e outros seletivos das For\u00e7as Armadas. Clique no banner e conhe\u00e7a tamb\u00e9m a nossa plataforma de cursos on-line! <\/p>\n\n\n","protected":false},"excerpt":{"rendered":"O Concurso EAM 2024\/2025 divulgou o cronograma e as instru\u00e7\u00f5es da etapa de Teste de Aptid\u00e3o F\u00edsica de&hellip;\n","protected":false},"author":9,"featured_media":58086,"comment_status":"closed","ping_status":"closed","sticky":false,"template":"","format":"standard","meta":{"wl_entities_gutenberg":"","footnotes":""},"categories":[36],"tags":[],"wl_entity_type":[187],"class_list":{"0":"post-75996","1":"post","2":"type-post","3":"status-publish","4":"format-standard","5":"has-post-thumbnail","7":"category-noticias","8":"wl_entity_type-article"},"acf":[],"yoast_head":"<!-- This site is optimized with the Yoast SEO Premium plugin v26.6 (Yoast SEO v26.6) - https:\/\/yoast.com\/wordpress\/plugins\/seo\/ -->\n<title>EAM 2024\/2025: veja instru\u00e7\u00f5es e o cronograma do TAF-i<\/title>\n<meta name=\"description\" content=\"O Concurso EAM 2024\/2025 convoca seus candidatos para a etapa de Avalia\u00e7\u00e3o F\u00edsica. Veja o cronograma de avalia\u00e7\u00f5es e as instru\u00e7\u00f5es\" \/>\n<meta name=\"robots\" content=\"index, follow, max-snippet:-1, max-image-preview:large, max-video-preview:-1\" \/>\n<link rel=\"canonical\" href=\"https:\/\/militares.estrategia.com\/portal\/noticias\/eam-2024-2025-veja-as-instrucoes-do-taf-i\/\" \/>\n<meta property=\"og:locale\" content=\"pt_BR\" \/>\n<meta property=\"og:type\" content=\"article\" \/>\n<meta property=\"og:title\" content=\"EAM 2024\/2025: veja instru\u00e7\u00f5es e o cronograma do TAF-i\" \/>\n<meta property=\"og:description\" content=\"O Concurso EAM 2024\/2025 convoca seus candidatos para a etapa de Avalia\u00e7\u00e3o F\u00edsica. Veja o cronograma de avalia\u00e7\u00f5es e as instru\u00e7\u00f5es\" \/>\n<meta property=\"og:url\" content=\"https:\/\/militares.estrategia.com\/portal\/noticias\/eam-2024-2025-veja-as-instrucoes-do-taf-i\/\" \/>\n<meta property=\"og:site_name\" content=\"Estrat\u00e9gia Militares\" \/>\n<meta property=\"article:publisher\" content=\"https:\/\/www.facebook.com\/EstrategiaMilitares\" \/>\n<meta property=\"article:published_time\" content=\"2024-06-04T21:18:00+00:00\" \/>\n<meta property=\"article:modified_time\" content=\"2024-06-04T21:18:13+00:00\" \/>\n<meta property=\"og:image\" content=\"https:\/\/militares.estrategia.com\/portal\/wp-content\/uploads\/2022\/08\/Capa_BLOG_EAM.jpg\" \/>\n\t<meta property=\"og:image:width\" content=\"1200\" \/>\n\t<meta property=\"og:image:height\" content=\"676\" \/>\n\t<meta property=\"og:image:type\" content=\"image\/jpeg\" \/>\n<meta name=\"author\" content=\"Raquel Oshio\" \/>\n<meta name=\"twitter:card\" content=\"summary_large_image\" \/>\n<meta name=\"twitter:creator\" content=\"@estrategiamilit\" \/>\n<meta name=\"twitter:site\" content=\"@estrategiamilit\" \/>\n<meta name=\"twitter:label1\" content=\"Escrito por\" \/>\n\t<meta name=\"twitter:data1\" content=\"Raquel Oshio\" \/>\n\t<meta name=\"twitter:label2\" content=\"Est. tempo de leitura\" \/>\n\t<meta name=\"twitter:data2\" content=\"1 minuto\" \/>\n<script type=\"application\/ld+json\" class=\"yoast-schema-graph\">{\"@context\":\"https:\/\/schema.org\",\"@graph\":[{\"@type\":\"Article\",\"@id\":\"https:\/\/militares.estrategia.com\/portal\/noticias\/eam-2024-2025-veja-as-instrucoes-do-taf-i\/#article\",\"isPartOf\":{\"@id\":\"https:\/\/militares.estrategia.com\/portal\/noticias\/eam-2024-2025-veja-as-instrucoes-do-taf-i\/\"},\"author\":{\"name\":\"Raquel Oshio\",\"@id\":\"https:\/\/militares.estrategia.com\/portal\/#\/schema\/person\/46e1f54d690b6a851270112cd62d2f37\"},\"headline\":\"EAM 2024\/2025: veja instru\u00e7\u00f5es e o cronograma do TAF-i\",\"datePublished\":\"2024-06-04T21:18:00+00:00\",\"dateModified\":\"2024-06-04T21:18:13+00:00\",\"mainEntityOfPage\":{\"@id\":\"https:\/\/militares.estrategia.com\/portal\/noticias\/eam-2024-2025-veja-as-instrucoes-do-taf-i\/\"},\"wordCount\":278,\"publisher\":{\"@id\":\"https:\/\/militares.estrategia.com\/portal\/#organization\"},\"image\":{\"@id\":\"https:\/\/militares.estrategia.com\/portal\/noticias\/eam-2024-2025-veja-as-instrucoes-do-taf-i\/#primaryimage\"},\"thumbnailUrl\":\"https:\/\/militares.estrategia.com\/portal\/wp-content\/uploads\/2022\/08\/Capa_BLOG_EAM.jpg\",\"articleSection\":[\"Not\u00edcias\"],\"inLanguage\":\"pt-BR\"},{\"@type\":\"WebPage\",\"@id\":\"https:\/\/militares.estrategia.com\/portal\/noticias\/eam-2024-2025-veja-as-instrucoes-do-taf-i\/\",\"url\":\"https:\/\/militares.estrategia.com\/portal\/noticias\/eam-2024-2025-veja-as-instrucoes-do-taf-i\/\",\"name\":\"EAM 2024\/2025: veja instru\u00e7\u00f5es e o cronograma do TAF-i\",\"isPartOf\":{\"@id\":\"https:\/\/militares.estrategia.com\/portal\/#website\"},\"primaryImageOfPage\":{\"@id\":\"https:\/\/militares.estrategia.com\/portal\/noticias\/eam-2024-2025-veja-as-instrucoes-do-taf-i\/#primaryimage\"},\"image\":{\"@id\":\"https:\/\/militares.estrategia.com\/portal\/noticias\/eam-2024-2025-veja-as-instrucoes-do-taf-i\/#primaryimage\"},\"thumbnailUrl\":\"https:\/\/militares.estrategia.com\/portal\/wp-content\/uploads\/2022\/08\/Capa_BLOG_EAM.jpg\",\"datePublished\":\"2024-06-04T21:18:00+00:00\",\"dateModified\":\"2024-06-04T21:18:13+00:00\",\"description\":\"O Concurso EAM 2024\/2025 convoca seus candidatos para a etapa de Avalia\u00e7\u00e3o F\u00edsica. Veja o cronograma de avalia\u00e7\u00f5es e as instru\u00e7\u00f5es\",\"breadcrumb\":{\"@id\":\"https:\/\/militares.estrategia.com\/portal\/noticias\/eam-2024-2025-veja-as-instrucoes-do-taf-i\/#breadcrumb\"},\"inLanguage\":\"pt-BR\",\"potentialAction\":[{\"@type\":\"ReadAction\",\"target\":[\"https:\/\/militares.estrategia.com\/portal\/noticias\/eam-2024-2025-veja-as-instrucoes-do-taf-i\/\"]}]},{\"@type\":\"ImageObject\",\"inLanguage\":\"pt-BR\",\"@id\":\"https:\/\/militares.estrategia.com\/portal\/noticias\/eam-2024-2025-veja-as-instrucoes-do-taf-i\/#primaryimage\",\"url\":\"https:\/\/militares.estrategia.com\/portal\/wp-content\/uploads\/2022\/08\/Capa_BLOG_EAM.jpg\",\"contentUrl\":\"https:\/\/militares.estrategia.com\/portal\/wp-content\/uploads\/2022\/08\/Capa_BLOG_EAM.jpg\",\"width\":1200,\"height\":676,\"caption\":\"EAM\"},{\"@type\":\"BreadcrumbList\",\"@id\":\"https:\/\/militares.estrategia.com\/portal\/noticias\/eam-2024-2025-veja-as-instrucoes-do-taf-i\/#breadcrumb\",\"itemListElement\":[{\"@type\":\"ListItem\",\"position\":1,\"name\":\"Home\",\"item\":\"https:\/\/militares.estrategia.com\/portal\/\"},{\"@type\":\"ListItem\",\"position\":2,\"name\":\"Not\u00edcias\",\"item\":\"https:\/\/militares.estrategia.com\/portal\/noticias\/\"},{\"@type\":\"ListItem\",\"position\":3,\"name\":\"EAM 2024\/2025: veja instru\u00e7\u00f5es e o cronograma do TAF-i\"}]},{\"@type\":\"WebSite\",\"@id\":\"https:\/\/militares.estrategia.com\/portal\/#website\",\"url\":\"https:\/\/militares.estrategia.com\/portal\/\",\"name\":\"Estrat\u00e9gia Militares\",\"description\":\"\",\"publisher\":{\"@id\":\"https:\/\/militares.estrategia.com\/portal\/#organization\"},\"potentialAction\":[{\"@type\":\"SearchAction\",\"target\":{\"@type\":\"EntryPoint\",\"urlTemplate\":\"https:\/\/militares.estrategia.com\/portal\/?s={search_term_string}\"},\"query-input\":{\"@type\":\"PropertyValueSpecification\",\"valueRequired\":true,\"valueName\":\"search_term_string\"}}],\"inLanguage\":\"pt-BR\"},{\"@type\":\"Organization\",\"@id\":\"https:\/\/militares.estrategia.com\/portal\/#organization\",\"name\":\"Estrat\u00e9gia Militares\",\"url\":\"https:\/\/militares.estrategia.com\/portal\/\",\"logo\":{\"@type\":\"ImageObject\",\"inLanguage\":\"pt-BR\",\"@id\":\"https:\/\/militares.estrategia.com\/portal\/#\/schema\/logo\/image\/\",\"url\":\"https:\/\/militares.estrategia.com\/portal\/wp-content\/uploads\/2021\/10\/logo-militares.webp\",\"contentUrl\":\"https:\/\/militares.estrategia.com\/portal\/wp-content\/uploads\/2021\/10\/logo-militares.webp\",\"width\":346,\"height\":90,\"caption\":\"Estrat\u00e9gia Militares\"},\"image\":{\"@id\":\"https:\/\/militares.estrategia.com\/portal\/#\/schema\/logo\/image\/\"},\"sameAs\":[\"https:\/\/www.facebook.com\/EstrategiaMilitares\",\"https:\/\/x.com\/estrategiamilit\",\"https:\/\/www.instagram.com\/estrategiamilitares\/\",\"https:\/\/www.youtube.com\/channel\/UCRG_9hakCqXxnj_8TqCdgTA\"]},{\"@type\":\"Person\",\"@id\":\"https:\/\/militares.estrategia.com\/portal\/#\/schema\/person\/46e1f54d690b6a851270112cd62d2f37\",\"name\":\"Raquel Oshio\",\"image\":{\"@type\":\"ImageObject\",\"inLanguage\":\"pt-BR\",\"@id\":\"https:\/\/militares.estrategia.com\/portal\/#\/schema\/person\/image\/\",\"url\":\"https:\/\/secure.gravatar.com\/avatar\/fa4e62d5e59d9cf9995ea9c715a78807?s=96&d=mm&r=g\",\"contentUrl\":\"https:\/\/secure.gravatar.com\/avatar\/fa4e62d5e59d9cf9995ea9c715a78807?s=96&d=mm&r=g\",\"caption\":\"Raquel Oshio\"},\"description\":\"Raquel Kie \u00e9 amante de hist\u00f3rias e ca\u00e7adora de belezas escondidas. Jornalista de profiss\u00e3o e cora\u00e7\u00e3o. Desenhista e escritora de fic\u00e7\u00e3o nas horas vagas. Acredito no potencial transformador de todo trabalho feito com dedica\u00e7\u00e3o.\",\"url\":\"https:\/\/militares.estrategia.com\/portal\/author\/raqueloshio\/\"}]}<\/script>\n<!-- \/ Yoast SEO Premium plugin. -->","yoast_head_json":{"title":"EAM 2024\/2025: veja instru\u00e7\u00f5es e o cronograma do TAF-i","description":"O Concurso EAM 2024\/2025 convoca seus candidatos para a etapa de Avalia\u00e7\u00e3o F\u00edsica. Veja o cronograma de avalia\u00e7\u00f5es e as instru\u00e7\u00f5es","robots":{"index":"index","follow":"follow","max-snippet":"max-snippet:-1","max-image-preview":"max-image-preview:large","max-video-preview":"max-video-preview:-1"},"canonical":"https:\/\/militares.estrategia.com\/portal\/noticias\/eam-2024-2025-veja-as-instrucoes-do-taf-i\/","og_locale":"pt_BR","og_type":"article","og_title":"EAM 2024\/2025: veja instru\u00e7\u00f5es e o cronograma do TAF-i","og_description":"O Concurso EAM 2024\/2025 convoca seus candidatos para a etapa de Avalia\u00e7\u00e3o F\u00edsica. Veja o cronograma de avalia\u00e7\u00f5es e as instru\u00e7\u00f5es","og_url":"https:\/\/militares.estrategia.com\/portal\/noticias\/eam-2024-2025-veja-as-instrucoes-do-taf-i\/","og_site_name":"Estrat\u00e9gia Militares","article_publisher":"https:\/\/www.facebook.com\/EstrategiaMilitares","article_published_time":"2024-06-04T21:18:00+00:00","article_modified_time":"2024-06-04T21:18:13+00:00","og_image":[{"width":1200,"height":676,"url":"https:\/\/militares.estrategia.com\/portal\/wp-content\/uploads\/2022\/08\/Capa_BLOG_EAM.jpg","type":"image\/jpeg"}],"author":"Raquel Oshio","twitter_card":"summary_large_image","twitter_creator":"@estrategiamilit","twitter_site":"@estrategiamilit","twitter_misc":{"Escrito por":"Raquel Oshio","Est. tempo de leitura":"1 minuto"},"schema":{"@context":"https:\/\/schema.org","@graph":[{"@type":"Article","@id":"https:\/\/militares.estrategia.com\/portal\/noticias\/eam-2024-2025-veja-as-instrucoes-do-taf-i\/#article","isPartOf":{"@id":"https:\/\/militares.estrategia.com\/portal\/noticias\/eam-2024-2025-veja-as-instrucoes-do-taf-i\/"},"author":{"name":"Raquel Oshio","@id":"https:\/\/militares.estrategia.com\/portal\/#\/schema\/person\/46e1f54d690b6a851270112cd62d2f37"},"headline":"EAM 2024\/2025: veja instru\u00e7\u00f5es e o cronograma do TAF-i","datePublished":"2024-06-04T21:18:00+00:00","dateModified":"2024-06-04T21:18:13+00:00","mainEntityOfPage":{"@id":"https:\/\/militares.estrategia.com\/portal\/noticias\/eam-2024-2025-veja-as-instrucoes-do-taf-i\/"},"wordCount":278,"publisher":{"@id":"https:\/\/militares.estrategia.com\/portal\/#organization"},"image":{"@id":"https:\/\/militares.estrategia.com\/portal\/noticias\/eam-2024-2025-veja-as-instrucoes-do-taf-i\/#primaryimage"},"thumbnailUrl":"https:\/\/militares.estrategia.com\/portal\/wp-content\/uploads\/2022\/08\/Capa_BLOG_EAM.jpg","articleSection":["Not\u00edcias"],"inLanguage":"pt-BR"},{"@type":"WebPage","@id":"https:\/\/militares.estrategia.com\/portal\/noticias\/eam-2024-2025-veja-as-instrucoes-do-taf-i\/","url":"https:\/\/militares.estrategia.com\/portal\/noticias\/eam-2024-2025-veja-as-instrucoes-do-taf-i\/","name":"EAM 2024\/2025: veja instru\u00e7\u00f5es e o cronograma do TAF-i","isPartOf":{"@id":"https:\/\/militares.estrategia.com\/portal\/#website"},"primaryImageOfPage":{"@id":"https:\/\/militares.estrategia.com\/portal\/noticias\/eam-2024-2025-veja-as-instrucoes-do-taf-i\/#primaryimage"},"image":{"@id":"https:\/\/militares.estrategia.com\/portal\/noticias\/eam-2024-2025-veja-as-instrucoes-do-taf-i\/#primaryimage"},"thumbnailUrl":"https:\/\/militares.estrategia.com\/portal\/wp-content\/uploads\/2022\/08\/Capa_BLOG_EAM.jpg","datePublished":"2024-06-04T21:18:00+00:00","dateModified":"2024-06-04T21:18:13+00:00","description":"O Concurso EAM 2024\/2025 convoca seus candidatos para a etapa de Avalia\u00e7\u00e3o F\u00edsica. Veja o cronograma de avalia\u00e7\u00f5es e as instru\u00e7\u00f5es","breadcrumb":{"@id":"https:\/\/militares.estrategia.com\/portal\/noticias\/eam-2024-2025-veja-as-instrucoes-do-taf-i\/#breadcrumb"},"inLanguage":"pt-BR","potentialAction":[{"@type":"ReadAction","target":["https:\/\/militares.estrategia.com\/portal\/noticias\/eam-2024-2025-veja-as-instrucoes-do-taf-i\/"]}]},{"@type":"ImageObject","inLanguage":"pt-BR","@id":"https:\/\/militares.estrategia.com\/portal\/noticias\/eam-2024-2025-veja-as-instrucoes-do-taf-i\/#primaryimage","url":"https:\/\/militares.estrategia.com\/portal\/wp-content\/uploads\/2022\/08\/Capa_BLOG_EAM.jpg","contentUrl":"https:\/\/militares.estrategia.com\/portal\/wp-content\/uploads\/2022\/08\/Capa_BLOG_EAM.jpg","width":1200,"height":676,"caption":"EAM"},{"@type":"BreadcrumbList","@id":"https:\/\/militares.estrategia.com\/portal\/noticias\/eam-2024-2025-veja-as-instrucoes-do-taf-i\/#breadcrumb","itemListElement":[{"@type":"ListItem","position":1,"name":"Home","item":"https:\/\/militares.estrategia.com\/portal\/"},{"@type":"ListItem","position":2,"name":"Not\u00edcias","item":"https:\/\/militares.estrategia.com\/portal\/noticias\/"},{"@type":"ListItem","position":3,"name":"EAM 2024\/2025: veja instru\u00e7\u00f5es e o cronograma do TAF-i"}]},{"@type":"WebSite","@id":"https:\/\/militares.estrategia.com\/portal\/#website","url":"https:\/\/militares.estrategia.com\/portal\/","name":"Estrat\u00e9gia Militares","description":"","publisher":{"@id":"https:\/\/militares.estrategia.com\/portal\/#organization"},"potentialAction":[{"@type":"SearchAction","target":{"@type":"EntryPoint","urlTemplate":"https:\/\/militares.estrategia.com\/portal\/?s={search_term_string}"},"query-input":{"@type":"PropertyValueSpecification","valueRequired":true,"valueName":"search_term_string"}}],"inLanguage":"pt-BR"},{"@type":"Organization","@id":"https:\/\/militares.estrategia.com\/portal\/#organization","name":"Estrat\u00e9gia Militares","url":"https:\/\/militares.estrategia.com\/portal\/","logo":{"@type":"ImageObject","inLanguage":"pt-BR","@id":"https:\/\/militares.estrategia.com\/portal\/#\/schema\/logo\/image\/","url":"https:\/\/militares.estrategia.com\/portal\/wp-content\/uploads\/2021\/10\/logo-militares.webp","contentUrl":"https:\/\/militares.estrategia.com\/portal\/wp-content\/uploads\/2021\/10\/logo-militares.webp","width":346,"height":90,"caption":"Estrat\u00e9gia Militares"},"image":{"@id":"https:\/\/militares.estrategia.com\/portal\/#\/schema\/logo\/image\/"},"sameAs":["https:\/\/www.facebook.com\/EstrategiaMilitares","https:\/\/x.com\/estrategiamilit","https:\/\/www.instagram.com\/estrategiamilitares\/","https:\/\/www.youtube.com\/channel\/UCRG_9hakCqXxnj_8TqCdgTA"]},{"@type":"Person","@id":"https:\/\/militares.estrategia.com\/portal\/#\/schema\/person\/46e1f54d690b6a851270112cd62d2f37","name":"Raquel Oshio","image":{"@type":"ImageObject","inLanguage":"pt-BR","@id":"https:\/\/militares.estrategia.com\/portal\/#\/schema\/person\/image\/","url":"https:\/\/secure.gravatar.com\/avatar\/fa4e62d5e59d9cf9995ea9c715a78807?s=96&d=mm&r=g","contentUrl":"https:\/\/secure.gravatar.com\/avatar\/fa4e62d5e59d9cf9995ea9c715a78807?s=96&d=mm&r=g","caption":"Raquel Oshio"},"description":"Raquel Kie \u00e9 amante de hist\u00f3rias e ca\u00e7adora de belezas escondidas. Jornalista de profiss\u00e3o e cora\u00e7\u00e3o. Desenhista e escritora de fic\u00e7\u00e3o nas horas vagas. Acredito no potencial transformador de todo trabalho feito com dedica\u00e7\u00e3o.","url":"https:\/\/militares.estrategia.com\/portal\/author\/raqueloshio\/"}]}},"_wl_alt_label":[],"wl:entity_url":"https:\/\/data.wordlift.io\/wl110246\/post\/e-75996","_links":{"self":[{"href":"https:\/\/militares.estrategia.com\/portal\/wp-json\/wp\/v2\/posts\/75996","targetHints":{"allow":["GET"]}}],"collection":[{"href":"https:\/\/militares.estrategia.com\/portal\/wp-json\/wp\/v2\/posts"}],"about":[{"href":"https:\/\/militares.estrategia.com\/portal\/wp-json\/wp\/v2\/types\/post"}],"author":[{"embeddable":true,"href":"https:\/\/militares.estrategia.com\/portal\/wp-json\/wp\/v2\/users\/9"}],"replies":[{"embeddable":true,"href":"https:\/\/militares.estrategia.com\/portal\/wp-json\/wp\/v2\/comments?post=75996"}],"version-history":[{"count":1,"href":"https:\/\/militares.estrategia.com\/portal\/wp-json\/wp\/v2\/posts\/75996\/revisions"}],"predecessor-version":[{"id":76001,"href":"https:\/\/militares.estrategia.com\/portal\/wp-json\/wp\/v2\/posts\/75996\/revisions\/76001"}],"wp:featuredmedia":[{"embeddable":true,"href":"https:\/\/militares.estrategia.com\/portal\/wp-json\/wp\/v2\/media\/58086"}],"wp:attachment":[{"href":"https:\/\/militares.estrategia.com\/portal\/wp-json\/wp\/v2\/media?parent=75996"}],"wp:term":[{"taxonomy":"category","embeddable":true,"href":"https:\/\/militares.estrategia.com\/portal\/wp-json\/wp\/v2\/categories?post=75996"},{"taxonomy":"post_tag","embeddable":true,"href":"https:\/\/militares.estrategia.com\/portal\/wp-json\/wp\/v2\/tags?post=75996"},{"taxonomy":"wl_entity_type","embeddable":true,"href":"https:\/\/militares.estrategia.com\/portal\/wp-json\/wp\/v2\/wl_entity_type?post=75996"}],"curies":[{"name":"wp","href":"https:\/\/api.w.org\/{rel}","templated":true}]}}