{"id":75811,"date":"2024-06-14T15:00:00","date_gmt":"2024-06-14T18:00:00","guid":{"rendered":"https:\/\/militares.estrategia.com\/portal\/?p=75811"},"modified":"2024-06-14T10:40:40","modified_gmt":"2024-06-14T13:40:40","slug":"dia-da-tartaruga-ligacao-projeto-tamar-e-marinha","status":"publish","type":"post","link":"https:\/\/militares.estrategia.com\/portal\/mundo-militar\/datas-comemorativas\/dia-da-tartaruga-ligacao-projeto-tamar-e-marinha\/","title":{"rendered":"Dia da Tartaruga: veja a liga\u00e7\u00e3o entre o Projeto Tamar e a Marinha do Brasil"},"content":{"rendered":"\n<p>Voc\u00ea sabia que o dia 16 de junho \u00e9 considerado o Dia Mundial da Tartaruga Marinha? O Brasil \u00e9 reconhecido internacionalmente por ter uma das mais bem-sucedidas experi\u00eancias de conserva\u00e7\u00e3o marinha devido \u00e0 atua\u00e7\u00e3o do Projeto Tamar na recupera\u00e7\u00e3o da popula\u00e7\u00e3o de tartarugas marinhas amea\u00e7adas de extin\u00e7\u00e3o.&nbsp;<\/p>\n\n\n\n<p>Mas, o Projeto Tamar n\u00e3o est\u00e1 sozinho nessa empreitada! A Marinha do Brasil, que \u00e9 respons\u00e1vel por tomar conta dos nossos mares e ilhas, tamb\u00e9m desempenha um papel fundamental na preserva\u00e7\u00e3o dessa esp\u00e9cie.&nbsp;<\/p>\n\n\n\n<div id=\"ez-toc-container\" class=\"ez-toc-v2_0_79_2 counter-hierarchy ez-toc-counter ez-toc-transparent ez-toc-container-direction\">\n<div class=\"ez-toc-title-container\"><p class=\"ez-toc-title\" style=\"cursor:inherit\">Navegue pelo conte\u00fado\t<\/p>\n<\/div><nav><ul class='ez-toc-list ez-toc-list-level-1 ' ><li class='ez-toc-page-1 ez-toc-heading-level-2'><a class=\"ez-toc-link ez-toc-heading-1\" href=\"https:\/\/militares.estrategia.com\/portal\/mundo-militar\/datas-comemorativas\/dia-da-tartaruga-ligacao-projeto-tamar-e-marinha\/#Marinha-do-Brasil\" >Marinha do Brasil<\/a><\/li><li class='ez-toc-page-1 ez-toc-heading-level-2'><a class=\"ez-toc-link ez-toc-heading-2\" href=\"https:\/\/militares.estrategia.com\/portal\/mundo-militar\/datas-comemorativas\/dia-da-tartaruga-ligacao-projeto-tamar-e-marinha\/#Pesquisas-cientificas-em-ilhas-oceanicas\" >Pesquisas cient\u00edficas em ilhas oce\u00e2nicas<\/a><\/li><li class='ez-toc-page-1 ez-toc-heading-level-2'><a class=\"ez-toc-link ez-toc-heading-3\" href=\"https:\/\/militares.estrategia.com\/portal\/mundo-militar\/datas-comemorativas\/dia-da-tartaruga-ligacao-projeto-tamar-e-marinha\/#Protrindade\" >Protrindade<\/a><\/li><li class='ez-toc-page-1 ez-toc-heading-level-2'><a class=\"ez-toc-link ez-toc-heading-4\" href=\"https:\/\/militares.estrategia.com\/portal\/mundo-militar\/datas-comemorativas\/dia-da-tartaruga-ligacao-projeto-tamar-e-marinha\/#Projeto-Tamar-e-Marinha-do-Brasil\" >Projeto Tamar e Marinha do Brasil<\/a><\/li><\/ul><\/nav><\/div>\n<h2 class=\"wp-block-heading\" id=\"h-marinha-do-brasil\"><span class=\"ez-toc-section\" id=\"Marinha-do-Brasil\"><\/span>Marinha do Brasil<span class=\"ez-toc-section-end\"><\/span><\/h2>\n\n\n\n<p>A <a href=\"https:\/\/militares.estrategia.com\/portal\/mundo-militar\/forcas-armadas\/marinha-do-brasil\/\">Marinha<\/a>, junto ao Ex\u00e9rcito e \u00e0 <a href=\"https:\/\/militares.estrategia.com\/portal\/mundo-militar\/forcas-armadas\/forca-aerea\/\">For\u00e7a A\u00e9rea<\/a>, faz parte das For\u00e7as Armadas do Brasil. Ela \u00e9 respons\u00e1vel por assegurar a soberania nacional nas \u00e1reas mar\u00edtimas e costeiras. A fronteira mar\u00edtima sob vigil\u00e2ncia e controle da Marinha do Brasil soma 7.367 km.&nbsp;<\/p>\n\n\n\n<p>As ilhas dentro de nossa fronteira mar\u00edtima tamb\u00e9m s\u00e3o monitoradas pela Marinha, mesmo as mais in\u00f3spitas! No entanto, os militares fazem mais do que assegurar a seguran\u00e7a ou a ordem no local \u2013 eles tamb\u00e9m garantem que esses lugares sejam preservados e possam receber pesquisadores de diversos campos cient\u00edficos.&nbsp;<\/p>\n\n\n\n<h2 class=\"wp-block-heading\" id=\"h-pesquisas-cientificas-em-ilhas-oceanicas\"><span class=\"ez-toc-section\" id=\"Pesquisas-cientificas-em-ilhas-oceanicas\"><\/span>Pesquisas cient\u00edficas em ilhas oce\u00e2nicas<span class=\"ez-toc-section-end\"><\/span><\/h2>\n\n\n\n<p>O Brasil tem o direito de \u201cexplorar, explotar, conservar e gerir os respectivos recursos naturais, vivos e n\u00e3o vivos, da massa l\u00edquida, do solo e do subsolo marinhos\u201d num raio de at\u00e9 200 milhas ao redor de cada uma de nossas ilhas oce\u00e2nicas, segundo informa\u00e7\u00f5es da Marinha do Brasil.&nbsp;<\/p>\n\n\n\n<p>Existem dois programas de pesquisas cient\u00edficas em ilhas sob administra\u00e7\u00e3o da Marinha:&nbsp;<\/p>\n\n\n\n<ul class=\"wp-block-list\">\n<li>Programa de Pesquisas Cient\u00edficas na Ilha da Trindade (PROTRINDADE): desenvolvido nas Ilhas de Trindade e Martins Vaz;&nbsp;<\/li>\n\n\n\n<li>Programa Arquip\u00e9lago de S\u00e3o Pedro e S\u00e3o Paulo (PROARQUIPELAGO).&nbsp;<\/li>\n<\/ul>\n\n\n\n<figure class=\"wp-block-image\"><img decoding=\"async\" src=\"https:\/\/lh7-us.googleusercontent.com\/docsz\/AD_4nXfigmrVPVgL607RzmgrYwHkDz0tc7XSLh7Q3Bjfu2Xw68Nwf4a7kHil7dmnljT1E8IvSZXOi5er6XB8GaJ6B2xizQPwMrD28z0J5-aEhMkeXckPfeCOT7yqliB2FirSj1c-BPsgJFKUIrDJZBEaaYp8P7tB?key=i4jvsVXdZquOwYA6FvL09A\" alt=\"\"\/><figcaption class=\"wp-element-caption\">Ilha de Trindade. Fonte: Marinha do Brasil.<\/figcaption><\/figure>\n\n\n\n<p>Cada programa foca em alguns assuntos espec\u00edficos. No caso do Protrindade, as pesquisas cient\u00edficas giram em torno dos ninhos de tartarugas verdes marinhas e o estudo dos registros geol\u00f3gicos da \u00faltima manifesta\u00e7\u00e3o vulc\u00e2nica em territ\u00f3rio brasileiro.&nbsp;<\/p>\n\n\n\n<h2 class=\"wp-block-heading\" id=\"h-protrindade\"><span class=\"ez-toc-section\" id=\"Protrindade\"><\/span>Protrindade<span class=\"ez-toc-section-end\"><\/span><\/h2>\n\n\n\n<p>A Ilha de Trindade se localiza a cerca de 1.200 quil\u00f4metros de Vit\u00f3ria (ES) e \u00e9 o territ\u00f3rio do Brasil que se localiza mais \u00e0 leste do pa\u00eds. S\u00f3 \u00e9 poss\u00edvel chegar ao local por meio dos navios da Marinha do Brasil e \u00e9 um lugar extremamente isolado, exclusivamente habitado por militares e pesquisadores.&nbsp;<\/p>\n\n\n\n<p>A ilha \u00e9 pr\u00f3xima a bacias petrol\u00edferas e, por isso, tamb\u00e9m \u00e9 um importante ponto estrat\u00e9gico para a defesa nacional. Sendo assim, foi determinado que o posto Oceanogr\u00e1fico da Ilha de Trindade (POIT) fosse criado em 1957, segundo informa\u00e7\u00f5es da Marinha do Brasil. No entanto, o PROTRINDADE em si s\u00f3 foi lan\u00e7ado em 2007.&nbsp;<\/p>\n\n\n\n<figure class=\"wp-block-image\"><img decoding=\"async\" src=\"https:\/\/lh7-us.googleusercontent.com\/docsz\/AD_4nXeccDyAAd9J8_lAeysMJKXLY93cIl1zKTN01jTKwex4moG0o9rV1EaSsT-XWhjspxliqKsB5TQeAim7vmdPWwP4o1Ui6QhJ6w5zks9clSAjTmu68JqVTJnqONNhcHa6UDKMkNSATB0GR7nNGIMKgs_TMYI?key=i4jvsVXdZquOwYA6FvL09A\" alt=\"\"\/><figcaption class=\"wp-element-caption\">Posto Oceanogr\u00e1fico da Ilha de Trindade. Fonte: Marinha do Brasil.\u00a0<\/figcaption><\/figure>\n\n\n\n<p>Diversos projetos e parcerias cient\u00edficas foram feitos ao longo dos anos, cada um com foco em diferentes aspectos naturais da ilha, desde sua geologia at\u00e9 \u00e0 preserva\u00e7\u00e3o das esp\u00e9cies que vivem no local. Um deles \u00e9 o Projeto Tamar.&nbsp;<\/p>\n\n\n\n<h2 class=\"wp-block-heading\" id=\"h-projeto-tamar-e-marinha-do-brasil\"><span class=\"ez-toc-section\" id=\"Projeto-Tamar-e-Marinha-do-Brasil\"><\/span>Projeto Tamar e Marinha do Brasil<span class=\"ez-toc-section-end\"><\/span><\/h2>\n\n\n\n<p>A Funda\u00e7\u00e3o Projeto Tamar \u00e9 uma entidade sem fins lucrativos que atua como co-executora do Plano Nacional de A\u00e7\u00e3o para a Conserva\u00e7\u00e3o das Tartarugas Marinhas no Brasil. O Projeto Tamar existe desde a d\u00e9cada de 1980 e tem a miss\u00e3o de pesquisar, conservar e recuperar a popula\u00e7\u00e3o de tartarugas marinhas no pa\u00eds.&nbsp;<\/p>\n\n\n\n<figure class=\"wp-block-image\"><img decoding=\"async\" src=\"https:\/\/lh7-us.googleusercontent.com\/docsz\/AD_4nXcX7eXtsAmFMqtvKGG153c9UAHV3YLqDzhIsGfh0Mm2f2ODfy6ERN0sNucyR2fS9ANhCB288t612L1gGQ9d6CWhCbiTh5YDaDy4Lqc-7qmTv_TvdMIZEO61z4PDM28T_3gjjwOdzVi-k2pizzHjgkc-G0lb?key=i4jvsVXdZquOwYA6FvL09A\" alt=\"\"\/><figcaption class=\"wp-element-caption\">Tartaruga verde. Fonte: Creative Commons.\u00a0<\/figcaption><\/figure>\n\n\n\n<p>Um dos lugares em que o Projeto Tamar atua \u00e9 na Ilha de Trindade, que \u00e9 o maior ninhal de tartarugas verdes do Brasil. Elas desovam nas praias da ilha, migram e s\u00f3 retornam a cada tr\u00eas anos. Desde 1982, o Projeto Tamar faz a marca\u00e7\u00e3o de f\u00eameas e investiga os dados sobre a biologia reprodutiva dessa esp\u00e9cie.&nbsp;<\/p>\n\n\n\n<p>A tartaruga verde foi a \u00fanica a sair da lista de esp\u00e9cies amea\u00e7adas de extin\u00e7\u00e3o, em parte gra\u00e7as \u00e0s a\u00e7\u00f5es de conserva\u00e7\u00e3o. Hoje, ela \u00e9 listada apenas como \u201cQuase Amea\u00e7ada\u201d, mas precisa ser constantemente monitorada para n\u00e3o piorar de status.<\/p>\n\n\n\n<p>O deslocamento e o alojamento das equipes de pesquisa na Ilha de Trindade \u00e9 feito apenas pela Marinha do Brasil, portanto a parceria \u00e9 essencial! N\u00e3o apenas isso, durante a \u00e9poca de desova, a <a href=\"https:\/\/www.marinha.mil.br\/agenciadenoticias\/tartarugas-marinhas-saiba-como-salvar-dois-milhoes-de-filhotes\">Marinha e o Projeto Tamar colaboram<\/a> para demarcar e proteger os ninhos das tartarugas marinhas por todo o Brasil. A \u00faltima temporada aconteceu de setembro de 2022 a mar\u00e7o de 2023.&nbsp;<\/p>\n\n\n\n<p>Quer saber mais sobre a Marinha do Brasil? Fique atento ao Portal Estrat\u00e9gia Militares! Descubra conosco como se tornar um militar e estude com nossos cursos on-line preparat\u00f3rios!<\/p>\n","protected":false},"excerpt":{"rendered":"Voc\u00ea sabia que o dia 16 de junho \u00e9 considerado o Dia Mundial da Tartaruga Marinha? O Brasil&hellip;\n","protected":false},"author":9,"featured_media":75824,"comment_status":"closed","ping_status":"closed","sticky":false,"template":"","format":"standard","meta":{"wl_entities_gutenberg":"","footnotes":""},"categories":[306],"tags":[],"wl_entity_type":[187],"class_list":{"0":"post-75811","1":"post","2":"type-post","3":"status-publish","4":"format-standard","5":"has-post-thumbnail","7":"category-datas-comemorativas","8":"wl_entity_type-article"},"acf":[],"yoast_head":"<!-- This site is optimized with the Yoast SEO Premium plugin v26.6 (Yoast SEO v26.6) - https:\/\/yoast.com\/wordpress\/plugins\/seo\/ -->\n<title>Dia da Tartaruga: veja a liga\u00e7\u00e3o entre o Projeto Tamar e a Marinha<\/title>\n<meta name=\"description\" content=\"Voc\u00ea sabia que o dia 16 de junho \u00e9 o Dia Internacional da Tartaruga Marinha? Conhe\u00e7a como a Marinha atua na conserva\u00e7\u00e3o dessa esp\u00e9cie!\" \/>\n<meta name=\"robots\" content=\"index, follow, max-snippet:-1, max-image-preview:large, max-video-preview:-1\" \/>\n<link rel=\"canonical\" href=\"https:\/\/militares.estrategia.com\/portal\/mundo-militar\/datas-comemorativas\/dia-da-tartaruga-ligacao-projeto-tamar-e-marinha\/\" \/>\n<meta property=\"og:locale\" content=\"pt_BR\" \/>\n<meta property=\"og:type\" content=\"article\" \/>\n<meta property=\"og:title\" content=\"Dia da Tartaruga: veja a liga\u00e7\u00e3o entre o Projeto Tamar e a Marinha do Brasil\" \/>\n<meta property=\"og:description\" content=\"Voc\u00ea sabia que o dia 16 de junho \u00e9 o Dia Internacional da Tartaruga Marinha? Conhe\u00e7a como a Marinha atua na conserva\u00e7\u00e3o dessa esp\u00e9cie!\" \/>\n<meta property=\"og:url\" content=\"https:\/\/militares.estrategia.com\/portal\/mundo-militar\/datas-comemorativas\/dia-da-tartaruga-ligacao-projeto-tamar-e-marinha\/\" \/>\n<meta property=\"og:site_name\" content=\"Estrat\u00e9gia Militares\" \/>\n<meta property=\"article:publisher\" content=\"https:\/\/www.facebook.com\/EstrategiaMilitares\" \/>\n<meta property=\"article:published_time\" content=\"2024-06-14T18:00:00+00:00\" \/>\n<meta property=\"og:image\" content=\"https:\/\/militares.estrategia.com\/portal\/wp-content\/uploads\/2024\/05\/Tartaruga-verde_habita_a_Ilha_da_Trindade_-_2023_53222356874.jpg\" \/>\n\t<meta property=\"og:image:width\" content=\"1280\" \/>\n\t<meta property=\"og:image:height\" content=\"960\" \/>\n\t<meta property=\"og:image:type\" content=\"image\/jpeg\" \/>\n<meta name=\"author\" content=\"Raquel Oshio\" \/>\n<meta name=\"twitter:card\" content=\"summary_large_image\" \/>\n<meta name=\"twitter:creator\" content=\"@estrategiamilit\" \/>\n<meta name=\"twitter:site\" content=\"@estrategiamilit\" \/>\n<meta name=\"twitter:label1\" content=\"Escrito por\" \/>\n\t<meta name=\"twitter:data1\" content=\"Raquel Oshio\" \/>\n\t<meta name=\"twitter:label2\" content=\"Est. tempo de leitura\" \/>\n\t<meta name=\"twitter:data2\" content=\"4 minutos\" \/>\n<script type=\"application\/ld+json\" class=\"yoast-schema-graph\">{\"@context\":\"https:\/\/schema.org\",\"@graph\":[{\"@type\":\"Article\",\"@id\":\"https:\/\/militares.estrategia.com\/portal\/mundo-militar\/datas-comemorativas\/dia-da-tartaruga-ligacao-projeto-tamar-e-marinha\/#article\",\"isPartOf\":{\"@id\":\"https:\/\/militares.estrategia.com\/portal\/mundo-militar\/datas-comemorativas\/dia-da-tartaruga-ligacao-projeto-tamar-e-marinha\/\"},\"author\":{\"name\":\"Raquel Oshio\",\"@id\":\"https:\/\/militares.estrategia.com\/portal\/#\/schema\/person\/46e1f54d690b6a851270112cd62d2f37\"},\"headline\":\"Dia da Tartaruga: veja a liga\u00e7\u00e3o entre o Projeto Tamar e a Marinha do Brasil\",\"datePublished\":\"2024-06-14T18:00:00+00:00\",\"mainEntityOfPage\":{\"@id\":\"https:\/\/militares.estrategia.com\/portal\/mundo-militar\/datas-comemorativas\/dia-da-tartaruga-ligacao-projeto-tamar-e-marinha\/\"},\"wordCount\":806,\"publisher\":{\"@id\":\"https:\/\/militares.estrategia.com\/portal\/#organization\"},\"image\":{\"@id\":\"https:\/\/militares.estrategia.com\/portal\/mundo-militar\/datas-comemorativas\/dia-da-tartaruga-ligacao-projeto-tamar-e-marinha\/#primaryimage\"},\"thumbnailUrl\":\"https:\/\/militares.estrategia.com\/portal\/wp-content\/uploads\/2024\/05\/Tartaruga-verde_habita_a_Ilha_da_Trindade_-_2023_53222356874.jpg\",\"articleSection\":[\"Datas Comemorativas\"],\"inLanguage\":\"pt-BR\"},{\"@type\":\"WebPage\",\"@id\":\"https:\/\/militares.estrategia.com\/portal\/mundo-militar\/datas-comemorativas\/dia-da-tartaruga-ligacao-projeto-tamar-e-marinha\/\",\"url\":\"https:\/\/militares.estrategia.com\/portal\/mundo-militar\/datas-comemorativas\/dia-da-tartaruga-ligacao-projeto-tamar-e-marinha\/\",\"name\":\"Dia da Tartaruga: veja a liga\u00e7\u00e3o entre o Projeto Tamar e a Marinha\",\"isPartOf\":{\"@id\":\"https:\/\/militares.estrategia.com\/portal\/#website\"},\"primaryImageOfPage\":{\"@id\":\"https:\/\/militares.estrategia.com\/portal\/mundo-militar\/datas-comemorativas\/dia-da-tartaruga-ligacao-projeto-tamar-e-marinha\/#primaryimage\"},\"image\":{\"@id\":\"https:\/\/militares.estrategia.com\/portal\/mundo-militar\/datas-comemorativas\/dia-da-tartaruga-ligacao-projeto-tamar-e-marinha\/#primaryimage\"},\"thumbnailUrl\":\"https:\/\/militares.estrategia.com\/portal\/wp-content\/uploads\/2024\/05\/Tartaruga-verde_habita_a_Ilha_da_Trindade_-_2023_53222356874.jpg\",\"datePublished\":\"2024-06-14T18:00:00+00:00\",\"description\":\"Voc\u00ea sabia que o dia 16 de junho \u00e9 o Dia Internacional da Tartaruga Marinha? Conhe\u00e7a como a Marinha atua na conserva\u00e7\u00e3o dessa esp\u00e9cie!\",\"breadcrumb\":{\"@id\":\"https:\/\/militares.estrategia.com\/portal\/mundo-militar\/datas-comemorativas\/dia-da-tartaruga-ligacao-projeto-tamar-e-marinha\/#breadcrumb\"},\"inLanguage\":\"pt-BR\",\"potentialAction\":[{\"@type\":\"ReadAction\",\"target\":[\"https:\/\/militares.estrategia.com\/portal\/mundo-militar\/datas-comemorativas\/dia-da-tartaruga-ligacao-projeto-tamar-e-marinha\/\"]}]},{\"@type\":\"ImageObject\",\"inLanguage\":\"pt-BR\",\"@id\":\"https:\/\/militares.estrategia.com\/portal\/mundo-militar\/datas-comemorativas\/dia-da-tartaruga-ligacao-projeto-tamar-e-marinha\/#primaryimage\",\"url\":\"https:\/\/militares.estrategia.com\/portal\/wp-content\/uploads\/2024\/05\/Tartaruga-verde_habita_a_Ilha_da_Trindade_-_2023_53222356874.jpg\",\"contentUrl\":\"https:\/\/militares.estrategia.com\/portal\/wp-content\/uploads\/2024\/05\/Tartaruga-verde_habita_a_Ilha_da_Trindade_-_2023_53222356874.jpg\",\"width\":1280,\"height\":960},{\"@type\":\"BreadcrumbList\",\"@id\":\"https:\/\/militares.estrategia.com\/portal\/mundo-militar\/datas-comemorativas\/dia-da-tartaruga-ligacao-projeto-tamar-e-marinha\/#breadcrumb\",\"itemListElement\":[{\"@type\":\"ListItem\",\"position\":1,\"name\":\"Home\",\"item\":\"https:\/\/militares.estrategia.com\/portal\/\"},{\"@type\":\"ListItem\",\"position\":2,\"name\":\"Mundo Militar\",\"item\":\"https:\/\/militares.estrategia.com\/portal\/mundo-militar\/\"},{\"@type\":\"ListItem\",\"position\":3,\"name\":\"Datas Comemorativas\",\"item\":\"https:\/\/militares.estrategia.com\/portal\/mundo-militar\/datas-comemorativas\/\"},{\"@type\":\"ListItem\",\"position\":4,\"name\":\"Dia da Tartaruga: veja a liga\u00e7\u00e3o entre o Projeto Tamar e a Marinha do Brasil\"}]},{\"@type\":\"WebSite\",\"@id\":\"https:\/\/militares.estrategia.com\/portal\/#website\",\"url\":\"https:\/\/militares.estrategia.com\/portal\/\",\"name\":\"Estrat\u00e9gia Militares\",\"description\":\"\",\"publisher\":{\"@id\":\"https:\/\/militares.estrategia.com\/portal\/#organization\"},\"potentialAction\":[{\"@type\":\"SearchAction\",\"target\":{\"@type\":\"EntryPoint\",\"urlTemplate\":\"https:\/\/militares.estrategia.com\/portal\/?s={search_term_string}\"},\"query-input\":{\"@type\":\"PropertyValueSpecification\",\"valueRequired\":true,\"valueName\":\"search_term_string\"}}],\"inLanguage\":\"pt-BR\"},{\"@type\":\"Organization\",\"@id\":\"https:\/\/militares.estrategia.com\/portal\/#organization\",\"name\":\"Estrat\u00e9gia Militares\",\"url\":\"https:\/\/militares.estrategia.com\/portal\/\",\"logo\":{\"@type\":\"ImageObject\",\"inLanguage\":\"pt-BR\",\"@id\":\"https:\/\/militares.estrategia.com\/portal\/#\/schema\/logo\/image\/\",\"url\":\"https:\/\/militares.estrategia.com\/portal\/wp-content\/uploads\/2021\/10\/logo-militares.webp\",\"contentUrl\":\"https:\/\/militares.estrategia.com\/portal\/wp-content\/uploads\/2021\/10\/logo-militares.webp\",\"width\":346,\"height\":90,\"caption\":\"Estrat\u00e9gia Militares\"},\"image\":{\"@id\":\"https:\/\/militares.estrategia.com\/portal\/#\/schema\/logo\/image\/\"},\"sameAs\":[\"https:\/\/www.facebook.com\/EstrategiaMilitares\",\"https:\/\/x.com\/estrategiamilit\",\"https:\/\/www.instagram.com\/estrategiamilitares\/\",\"https:\/\/www.youtube.com\/channel\/UCRG_9hakCqXxnj_8TqCdgTA\"]},{\"@type\":\"Person\",\"@id\":\"https:\/\/militares.estrategia.com\/portal\/#\/schema\/person\/46e1f54d690b6a851270112cd62d2f37\",\"name\":\"Raquel Oshio\",\"image\":{\"@type\":\"ImageObject\",\"inLanguage\":\"pt-BR\",\"@id\":\"https:\/\/militares.estrategia.com\/portal\/#\/schema\/person\/image\/\",\"url\":\"https:\/\/secure.gravatar.com\/avatar\/fa4e62d5e59d9cf9995ea9c715a78807?s=96&d=mm&r=g\",\"contentUrl\":\"https:\/\/secure.gravatar.com\/avatar\/fa4e62d5e59d9cf9995ea9c715a78807?s=96&d=mm&r=g\",\"caption\":\"Raquel Oshio\"},\"description\":\"Raquel Kie \u00e9 amante de hist\u00f3rias e ca\u00e7adora de belezas escondidas. Jornalista de profiss\u00e3o e cora\u00e7\u00e3o. Desenhista e escritora de fic\u00e7\u00e3o nas horas vagas. Acredito no potencial transformador de todo trabalho feito com dedica\u00e7\u00e3o.\",\"url\":\"https:\/\/militares.estrategia.com\/portal\/author\/raqueloshio\/\"}]}<\/script>\n<!-- \/ Yoast SEO Premium plugin. -->","yoast_head_json":{"title":"Dia da Tartaruga: veja a liga\u00e7\u00e3o entre o Projeto Tamar e a Marinha","description":"Voc\u00ea sabia que o dia 16 de junho \u00e9 o Dia Internacional da Tartaruga Marinha? Conhe\u00e7a como a Marinha atua na conserva\u00e7\u00e3o dessa esp\u00e9cie!","robots":{"index":"index","follow":"follow","max-snippet":"max-snippet:-1","max-image-preview":"max-image-preview:large","max-video-preview":"max-video-preview:-1"},"canonical":"https:\/\/militares.estrategia.com\/portal\/mundo-militar\/datas-comemorativas\/dia-da-tartaruga-ligacao-projeto-tamar-e-marinha\/","og_locale":"pt_BR","og_type":"article","og_title":"Dia da Tartaruga: veja a liga\u00e7\u00e3o entre o Projeto Tamar e a Marinha do Brasil","og_description":"Voc\u00ea sabia que o dia 16 de junho \u00e9 o Dia Internacional da Tartaruga Marinha? Conhe\u00e7a como a Marinha atua na conserva\u00e7\u00e3o dessa esp\u00e9cie!","og_url":"https:\/\/militares.estrategia.com\/portal\/mundo-militar\/datas-comemorativas\/dia-da-tartaruga-ligacao-projeto-tamar-e-marinha\/","og_site_name":"Estrat\u00e9gia Militares","article_publisher":"https:\/\/www.facebook.com\/EstrategiaMilitares","article_published_time":"2024-06-14T18:00:00+00:00","og_image":[{"width":1280,"height":960,"url":"https:\/\/militares.estrategia.com\/portal\/wp-content\/uploads\/2024\/05\/Tartaruga-verde_habita_a_Ilha_da_Trindade_-_2023_53222356874.jpg","type":"image\/jpeg"}],"author":"Raquel Oshio","twitter_card":"summary_large_image","twitter_creator":"@estrategiamilit","twitter_site":"@estrategiamilit","twitter_misc":{"Escrito por":"Raquel Oshio","Est. tempo de leitura":"4 minutos"},"schema":{"@context":"https:\/\/schema.org","@graph":[{"@type":"Article","@id":"https:\/\/militares.estrategia.com\/portal\/mundo-militar\/datas-comemorativas\/dia-da-tartaruga-ligacao-projeto-tamar-e-marinha\/#article","isPartOf":{"@id":"https:\/\/militares.estrategia.com\/portal\/mundo-militar\/datas-comemorativas\/dia-da-tartaruga-ligacao-projeto-tamar-e-marinha\/"},"author":{"name":"Raquel Oshio","@id":"https:\/\/militares.estrategia.com\/portal\/#\/schema\/person\/46e1f54d690b6a851270112cd62d2f37"},"headline":"Dia da Tartaruga: veja a liga\u00e7\u00e3o entre o Projeto Tamar e a Marinha do Brasil","datePublished":"2024-06-14T18:00:00+00:00","mainEntityOfPage":{"@id":"https:\/\/militares.estrategia.com\/portal\/mundo-militar\/datas-comemorativas\/dia-da-tartaruga-ligacao-projeto-tamar-e-marinha\/"},"wordCount":806,"publisher":{"@id":"https:\/\/militares.estrategia.com\/portal\/#organization"},"image":{"@id":"https:\/\/militares.estrategia.com\/portal\/mundo-militar\/datas-comemorativas\/dia-da-tartaruga-ligacao-projeto-tamar-e-marinha\/#primaryimage"},"thumbnailUrl":"https:\/\/militares.estrategia.com\/portal\/wp-content\/uploads\/2024\/05\/Tartaruga-verde_habita_a_Ilha_da_Trindade_-_2023_53222356874.jpg","articleSection":["Datas Comemorativas"],"inLanguage":"pt-BR"},{"@type":"WebPage","@id":"https:\/\/militares.estrategia.com\/portal\/mundo-militar\/datas-comemorativas\/dia-da-tartaruga-ligacao-projeto-tamar-e-marinha\/","url":"https:\/\/militares.estrategia.com\/portal\/mundo-militar\/datas-comemorativas\/dia-da-tartaruga-ligacao-projeto-tamar-e-marinha\/","name":"Dia da Tartaruga: veja a liga\u00e7\u00e3o entre o Projeto Tamar e a Marinha","isPartOf":{"@id":"https:\/\/militares.estrategia.com\/portal\/#website"},"primaryImageOfPage":{"@id":"https:\/\/militares.estrategia.com\/portal\/mundo-militar\/datas-comemorativas\/dia-da-tartaruga-ligacao-projeto-tamar-e-marinha\/#primaryimage"},"image":{"@id":"https:\/\/militares.estrategia.com\/portal\/mundo-militar\/datas-comemorativas\/dia-da-tartaruga-ligacao-projeto-tamar-e-marinha\/#primaryimage"},"thumbnailUrl":"https:\/\/militares.estrategia.com\/portal\/wp-content\/uploads\/2024\/05\/Tartaruga-verde_habita_a_Ilha_da_Trindade_-_2023_53222356874.jpg","datePublished":"2024-06-14T18:00:00+00:00","description":"Voc\u00ea sabia que o dia 16 de junho \u00e9 o Dia Internacional da Tartaruga Marinha? Conhe\u00e7a como a Marinha atua na conserva\u00e7\u00e3o dessa esp\u00e9cie!","breadcrumb":{"@id":"https:\/\/militares.estrategia.com\/portal\/mundo-militar\/datas-comemorativas\/dia-da-tartaruga-ligacao-projeto-tamar-e-marinha\/#breadcrumb"},"inLanguage":"pt-BR","potentialAction":[{"@type":"ReadAction","target":["https:\/\/militares.estrategia.com\/portal\/mundo-militar\/datas-comemorativas\/dia-da-tartaruga-ligacao-projeto-tamar-e-marinha\/"]}]},{"@type":"ImageObject","inLanguage":"pt-BR","@id":"https:\/\/militares.estrategia.com\/portal\/mundo-militar\/datas-comemorativas\/dia-da-tartaruga-ligacao-projeto-tamar-e-marinha\/#primaryimage","url":"https:\/\/militares.estrategia.com\/portal\/wp-content\/uploads\/2024\/05\/Tartaruga-verde_habita_a_Ilha_da_Trindade_-_2023_53222356874.jpg","contentUrl":"https:\/\/militares.estrategia.com\/portal\/wp-content\/uploads\/2024\/05\/Tartaruga-verde_habita_a_Ilha_da_Trindade_-_2023_53222356874.jpg","width":1280,"height":960},{"@type":"BreadcrumbList","@id":"https:\/\/militares.estrategia.com\/portal\/mundo-militar\/datas-comemorativas\/dia-da-tartaruga-ligacao-projeto-tamar-e-marinha\/#breadcrumb","itemListElement":[{"@type":"ListItem","position":1,"name":"Home","item":"https:\/\/militares.estrategia.com\/portal\/"},{"@type":"ListItem","position":2,"name":"Mundo Militar","item":"https:\/\/militares.estrategia.com\/portal\/mundo-militar\/"},{"@type":"ListItem","position":3,"name":"Datas Comemorativas","item":"https:\/\/militares.estrategia.com\/portal\/mundo-militar\/datas-comemorativas\/"},{"@type":"ListItem","position":4,"name":"Dia da Tartaruga: veja a liga\u00e7\u00e3o entre o Projeto Tamar e a Marinha do Brasil"}]},{"@type":"WebSite","@id":"https:\/\/militares.estrategia.com\/portal\/#website","url":"https:\/\/militares.estrategia.com\/portal\/","name":"Estrat\u00e9gia Militares","description":"","publisher":{"@id":"https:\/\/militares.estrategia.com\/portal\/#organization"},"potentialAction":[{"@type":"SearchAction","target":{"@type":"EntryPoint","urlTemplate":"https:\/\/militares.estrategia.com\/portal\/?s={search_term_string}"},"query-input":{"@type":"PropertyValueSpecification","valueRequired":true,"valueName":"search_term_string"}}],"inLanguage":"pt-BR"},{"@type":"Organization","@id":"https:\/\/militares.estrategia.com\/portal\/#organization","name":"Estrat\u00e9gia Militares","url":"https:\/\/militares.estrategia.com\/portal\/","logo":{"@type":"ImageObject","inLanguage":"pt-BR","@id":"https:\/\/militares.estrategia.com\/portal\/#\/schema\/logo\/image\/","url":"https:\/\/militares.estrategia.com\/portal\/wp-content\/uploads\/2021\/10\/logo-militares.webp","contentUrl":"https:\/\/militares.estrategia.com\/portal\/wp-content\/uploads\/2021\/10\/logo-militares.webp","width":346,"height":90,"caption":"Estrat\u00e9gia Militares"},"image":{"@id":"https:\/\/militares.estrategia.com\/portal\/#\/schema\/logo\/image\/"},"sameAs":["https:\/\/www.facebook.com\/EstrategiaMilitares","https:\/\/x.com\/estrategiamilit","https:\/\/www.instagram.com\/estrategiamilitares\/","https:\/\/www.youtube.com\/channel\/UCRG_9hakCqXxnj_8TqCdgTA"]},{"@type":"Person","@id":"https:\/\/militares.estrategia.com\/portal\/#\/schema\/person\/46e1f54d690b6a851270112cd62d2f37","name":"Raquel Oshio","image":{"@type":"ImageObject","inLanguage":"pt-BR","@id":"https:\/\/militares.estrategia.com\/portal\/#\/schema\/person\/image\/","url":"https:\/\/secure.gravatar.com\/avatar\/fa4e62d5e59d9cf9995ea9c715a78807?s=96&d=mm&r=g","contentUrl":"https:\/\/secure.gravatar.com\/avatar\/fa4e62d5e59d9cf9995ea9c715a78807?s=96&d=mm&r=g","caption":"Raquel Oshio"},"description":"Raquel Kie \u00e9 amante de hist\u00f3rias e ca\u00e7adora de belezas escondidas. Jornalista de profiss\u00e3o e cora\u00e7\u00e3o. Desenhista e escritora de fic\u00e7\u00e3o nas horas vagas. Acredito no potencial transformador de todo trabalho feito com dedica\u00e7\u00e3o.","url":"https:\/\/militares.estrategia.com\/portal\/author\/raqueloshio\/"}]}},"_wl_alt_label":[],"wl:entity_url":"https:\/\/data.wordlift.io\/wl110246\/post\/dia-da-tartaruga-veja-a-ligacao-entre-o-projeto-tamar-e-a-marinha-do-brasil-75811","_links":{"self":[{"href":"https:\/\/militares.estrategia.com\/portal\/wp-json\/wp\/v2\/posts\/75811","targetHints":{"allow":["GET"]}}],"collection":[{"href":"https:\/\/militares.estrategia.com\/portal\/wp-json\/wp\/v2\/posts"}],"about":[{"href":"https:\/\/militares.estrategia.com\/portal\/wp-json\/wp\/v2\/types\/post"}],"author":[{"embeddable":true,"href":"https:\/\/militares.estrategia.com\/portal\/wp-json\/wp\/v2\/users\/9"}],"replies":[{"embeddable":true,"href":"https:\/\/militares.estrategia.com\/portal\/wp-json\/wp\/v2\/comments?post=75811"}],"version-history":[{"count":1,"href":"https:\/\/militares.estrategia.com\/portal\/wp-json\/wp\/v2\/posts\/75811\/revisions"}],"predecessor-version":[{"id":75825,"href":"https:\/\/militares.estrategia.com\/portal\/wp-json\/wp\/v2\/posts\/75811\/revisions\/75825"}],"wp:featuredmedia":[{"embeddable":true,"href":"https:\/\/militares.estrategia.com\/portal\/wp-json\/wp\/v2\/media\/75824"}],"wp:attachment":[{"href":"https:\/\/militares.estrategia.com\/portal\/wp-json\/wp\/v2\/media?parent=75811"}],"wp:term":[{"taxonomy":"category","embeddable":true,"href":"https:\/\/militares.estrategia.com\/portal\/wp-json\/wp\/v2\/categories?post=75811"},{"taxonomy":"post_tag","embeddable":true,"href":"https:\/\/militares.estrategia.com\/portal\/wp-json\/wp\/v2\/tags?post=75811"},{"taxonomy":"wl_entity_type","embeddable":true,"href":"https:\/\/militares.estrategia.com\/portal\/wp-json\/wp\/v2\/wl_entity_type?post=75811"}],"curies":[{"name":"wp","href":"https:\/\/api.w.org\/{rel}","templated":true}]}}