{"id":75129,"date":"2024-04-30T10:00:00","date_gmt":"2024-04-30T13:00:00","guid":{"rendered":"https:\/\/militares.estrategia.com\/portal\/?p=75129"},"modified":"2024-05-08T12:22:33","modified_gmt":"2024-05-08T15:22:33","slug":"bandas-militares-dos-fuzileiros-navais","status":"publish","type":"post","link":"https:\/\/militares.estrategia.com\/portal\/mundo-militar\/forcas-armadas\/bandas-militares-dos-fuzileiros-navais\/","title":{"rendered":"Bandas Militares: conhe\u00e7a os m\u00fasicos dos Fuzileiros Navais"},"content":{"rendered":"\n<p>Voc\u00ea curte m\u00fasica e toca um instrumento? Pois fique sabendo que voc\u00ea pode entrar para a Marinha do Brasil como m\u00fasico das Bandas Militares do Corpo de Fuzileiros Navais! Se voc\u00ea n\u00e3o sabe o que s\u00e3o as bandas militares, n\u00e3o se preocupe, o Estrat\u00e9gia Militares traz as principais informa\u00e7\u00f5es. Veja a seguir!<\/p>\n\n\n\n<div id=\"ez-toc-container\" class=\"ez-toc-v2_0_79_2 counter-hierarchy ez-toc-counter ez-toc-transparent ez-toc-container-direction\">\n<div class=\"ez-toc-title-container\"><p class=\"ez-toc-title\" style=\"cursor:inherit\">Navegue pelo conte\u00fado\t<\/p>\n<\/div><nav><ul class='ez-toc-list ez-toc-list-level-1 ' ><li class='ez-toc-page-1 ez-toc-heading-level-2'><a class=\"ez-toc-link ez-toc-heading-1\" href=\"https:\/\/militares.estrategia.com\/portal\/mundo-militar\/forcas-armadas\/bandas-militares-dos-fuzileiros-navais\/#O-que-sao-bandas-militares\" >O que s\u00e3o bandas militares?&nbsp;<\/a><\/li><li class='ez-toc-page-1 ez-toc-heading-level-2'><a class=\"ez-toc-link ez-toc-heading-2\" href=\"https:\/\/militares.estrategia.com\/portal\/mundo-militar\/forcas-armadas\/bandas-militares-dos-fuzileiros-navais\/#Fuzileiros-Navais-Musicos\" >Fuzileiros Navais M\u00fasicos&nbsp;<\/a><\/li><li class='ez-toc-page-1 ez-toc-heading-level-2'><a class=\"ez-toc-link ez-toc-heading-3\" href=\"https:\/\/militares.estrategia.com\/portal\/mundo-militar\/forcas-armadas\/bandas-militares-dos-fuzileiros-navais\/#Aparicoes-famosas-dos-Fuzileiros-Navais-Musicos\" >Apari\u00e7\u00f5es famosas dos Fuzileiros Navais M\u00fasicos&nbsp;<\/a><\/li><li class='ez-toc-page-1 ez-toc-heading-level-2'><a class=\"ez-toc-link ez-toc-heading-4\" href=\"https:\/\/militares.estrategia.com\/portal\/mundo-militar\/forcas-armadas\/bandas-militares-dos-fuzileiros-navais\/#Como-se-tornar-um-Fuzileiro-Naval-Musico\" >Como se tornar um Fuzileiro Naval M\u00fasico?&nbsp;<\/a><\/li><\/ul><\/nav><\/div>\n<h2 class=\"wp-block-heading\" id=\"h-o-que-sao-bandas-militares-nbsp\"><span class=\"ez-toc-section\" id=\"O-que-sao-bandas-militares\"><\/span>O que s\u00e3o bandas militares?&nbsp;<span class=\"ez-toc-section-end\"><\/span><\/h2>\n\n\n\n<p><strong>Bandas geralmente s\u00e3o grupos musicais compostos principalmente por instrumentos de sopro<\/strong> \u2013 como clarinetes e saxofones \u2013 <strong>e percuss\u00e3o<\/strong> \u2013 como tambores e t\u00edmpanos. Al\u00e9m disso, tamb\u00e9m \u00e9 poss\u00edvel ter <strong>alguns instrumentos de corda<\/strong>, como harpa. Elas tamb\u00e9m possuem regentes que v\u00e3o \u00e0 frente da banda, assim como em orquestras.<\/p>\n\n\n\n<p>Apesar de existirem tanto bandas militares e civis, aquelas que pertencem \u00e0s For\u00e7as Armadas t\u00eam origem na fanfarra de cavalaria, que acompanhava os ex\u00e9rcitos e ditava o ritmo da marcha dos soldados.&nbsp;<\/p>\n\n\n\n<p>Hoje em dia, <strong>as bandas militares participam de desfiles, fazem apresenta\u00e7\u00f5es musicais em eventos oficiais e, no geral, ajudam a promover a imagem das For\u00e7as Armadas entre a popula\u00e7\u00e3o.<\/strong>&nbsp;<\/p>\n\n\n<div id=\"new-form\">\n\t<form id=\"forms_layout\">\n\t<input type=\"hidden\" id=\"chave_de\" name=\"chave_de\" value=\"01_EMIL_LEADS_TOTAIS\" \/>\n\t\t<input type=\"hidden\" id=\"mid\" name=\"mid\" value=\"515009017\" \/>\n\t\t<input type=\"hidden\" id=\"Objetivo\" name=\"Objetivo\" value=\"Militares\" \/>\n\t\t<input type=\"hidden\" id=\"Estado_de_Origem_do_IP\" name=\"Estado_de_Origem_do_IP\"  value=\"\" \/>\n\t\t<input type=\"hidden\" id=\"Cidade_de_Origem_do_IP\" name=\"Cidade_de_Origem_do_IP\" value=\"\" \/>\n\t\t<input type=\"hidden\" id=\"Modo_de_entrada\" name=\"Modo_de_entrada\" value=\"Portal\" \/>\n\t\t<input type=\"hidden\" id=\"Pagina_Origem\" name=\"Pagina_Origem\" value=\"\" \/>\n\n\t\t<div class=\"texto\">\n\t\t\t<h3 class=\"news\">Inscreva-se em nossa newsletter!<\/h3>\n\t\t\t<p>Receba not\u00edcias sobre os mais importantes concursos para as For\u00e7as Armadas brasileiras e informa\u00e7\u00f5es sobre o mundo militar!<\/p>\n\t\t<\/div>\n\t\t<div class=\"campos\">\n\t\t\t<div class=\"first_name labels\">\n\t\t\t\t<input type=\"text\" class=\"input_labels\" id=\"first_name\" name=\"Nome_Completo\" placeholder=\"Nome\" required \/>\n\t\t\t<\/div>\n\t\t\t<div class=\"email labels\">\n\t\t\t\t<input type=\"email\" class=\"input_labels\" id=\"email\" name=\"Email\" placeholder=\"E-mail\" required \/>\n\t\t\t<\/div>\n\t\t\t<button type=\"submit\" class=\"button_layout\">\n\t\t\t\t<div id=\"lblBotao\">Inscreva-se<\/div>\n\t\t\t\t<span id=\"divSpiner\" class=\"loader\" role=\"status\" style=\"display: none;\"><\/span>\t\n\t\t\t<\/button>\n\t\t<\/div><!-- \/campos -->\n\t\t\n\t\t<label class=\"container_checkbox\">Voc\u00ea concorda com a nossa\n\t\t\t<a class=\"politics_privacy_ahref\" target=\"_blank\" href=\"https:\/\/gratis.estrategiaconcursos.com.br\/politica-de-privacidade\/\">Pol\u00edtica de Privacidade<\/a> e aceita receber informa\u00e7\u00f5es adicionais do Estrat\u00e9gia Educacional.\n\t\t\t<input id=\"checkbox_layout\" type=\"checkbox\" checked=\"checked\" required \/>\n\t\t\t<span class=\"checkbox\"><\/span>\n\t\t<\/label>\n\t\t<div id=\"msg\"><\/div>\n\t\t<div id=\"error\" class=\"error\">\n\t\t<\/div>\n\t<\/form>\n<\/div><!-- \/new-form -->\n\n\n\n<h2 class=\"wp-block-heading\" id=\"h-fuzileiros-navais-musicos-nbsp\"><span class=\"ez-toc-section\" id=\"Fuzileiros-Navais-Musicos\"><\/span>Fuzileiros Navais M\u00fasicos&nbsp;<span class=\"ez-toc-section-end\"><\/span><\/h2>\n\n\n\n<p>Cada For\u00e7a Armada conta com seu conjunto de m\u00fasicos. As bandas militares mais conhecidas s\u00e3o do Corpo de Fuzileiros Navais (CFN), da Marinha do Brasil. <strong>Os m\u00fasicos s\u00e3o selecionados todos os anos pelo Concurso de Sargentos Fuzileiros Navais M\u00fasicos.<\/strong> Uma vez dentro do CFN, o militar pode fazer parte de uma das tr\u00eas bandas principais: Banda Marcial, Banda Sinf\u00f4nica e Fuzibossa.&nbsp;<\/p>\n\n\n\n<p>Uma curiosidade \u00e9 que a \u00fanica forma de mulheres entrarem nos Fuzileiros Navais era como parte dos militares m\u00fasicos. Vagas para mulheres na infantaria dos Fuzileiros Navais s\u00f3 foram permitidas em 2023.&nbsp;<\/p>\n\n\n\n<h3 class=\"wp-block-heading\" id=\"h-banda-marcial-nbsp\">Banda Marcial&nbsp;<\/h3>\n\n\n\n<p><strong>A origem da Banda Marcial remonta ao tempo da chegada da fam\u00edlia real portuguesa ao Brasil, em 1808.<\/strong> A Brigada Real da Marinha, que veio com Dom Jo\u00e3o VI, foi a antecessora dos Fuzileiros Navais e da Marinha do Brasil. Eles tamb\u00e9m faziam apresenta\u00e7\u00f5es com uma banda marcial.<\/p>\n\n\n\n<figure class=\"wp-block-image size-large\"><img decoding=\"async\" width=\"1024\" height=\"768\" src=\"https:\/\/militares.estrategia.com\/portal\/wp-content\/uploads\/2024\/04\/FN-banda-marcial-1024x768.jpg\" alt=\"FN BANDA MAR\u00c7IAL\" class=\"wp-image-75145\" srcset=\"https:\/\/militares.estrategia.com\/portal\/wp-content\/uploads\/2024\/04\/FN-banda-marcial-1024x768.jpg 1024w, https:\/\/militares.estrategia.com\/portal\/wp-content\/uploads\/2024\/04\/FN-banda-marcial-768x576.jpg 768w, https:\/\/militares.estrategia.com\/portal\/wp-content\/uploads\/2024\/04\/FN-banda-marcial-1536x1152.jpg 1536w, https:\/\/militares.estrategia.com\/portal\/wp-content\/uploads\/2024\/04\/FN-banda-marcial-800x600.jpg 800w, https:\/\/militares.estrategia.com\/portal\/wp-content\/uploads\/2024\/04\/FN-banda-marcial-1160x870.jpg 1160w, https:\/\/militares.estrategia.com\/portal\/wp-content\/uploads\/2024\/04\/FN-banda-marcial-1200x900.jpg 1200w, https:\/\/militares.estrategia.com\/portal\/wp-content\/uploads\/2024\/04\/FN-banda-marcial.jpg 1920w\" sizes=\"(max-width: 1024px) 100vw, 1024px\" \/><\/figure>\n\n\n\n<p>As apresenta\u00e7\u00f5es s\u00e3o feitas, geralmente, ao ar livre. Esse tipo de grupo musical costuma marchar enquanto toca. A <strong>Banda Marcial do Corpo de Fuzileiros Navais \u00e9 conhecida por formar figuras e fazer evolu\u00e7\u00f5es <\/strong>enquanto executa dobrados e outras can\u00e7\u00f5es populares brasileiras.&nbsp;<\/p>\n\n\n\n<p>O n\u00famero de m\u00fasicos varia, mas sempre fica <strong>em torno de 100 militares das gradua\u00e7\u00f5es de <\/strong><strong>suboficiais, sargentos e cabos<\/strong><strong>,<\/strong> segundo as informa\u00e7\u00f5es oficiais do Corpo de Fuzileiros Navais.&nbsp;<\/p>\n\n\n\n<p>Al\u00e9m dos instrumentos tradicionais,<strong> a Banda Marcial do CFN tamb\u00e9m conta com gaitas de fole. <\/strong>Elas foram um presente da rainha da Inglaterra, dadas em 1951, quando o navio USS St Louis \u2013 mais tarde batizado de Cruzador Tamandar\u00e9 \u2013 foi incorporado \u00e0 Marinha do Brasil.\u00a0<\/p>\n\n\n\n<p>A Banda Marcial dos Fuzileiros Navais viaja por todo o Brasil e at\u00e9 internacionalmente para se apresentar. Os fuzileiros m\u00fasicos t\u00eam uma vida cheia!&nbsp;<\/p>\n\n\n\n<figure class=\"wp-block-image size-full\"><img decoding=\"async\" width=\"750\" height=\"500\" src=\"https:\/\/militares.estrategia.com\/portal\/wp-content\/uploads\/2024\/04\/Figuras-Banda-marcial.jpg\" alt=\"\" class=\"wp-image-75138\"\/><figcaption class=\"wp-element-caption\">Fonte: C\u00e2mara Municipal do Rio de Janeiro<\/figcaption><\/figure>\n\n\n\n<h3 class=\"wp-block-heading\" id=\"h-banda-sinfonica-nbsp\">Banda Sinf\u00f4nica&nbsp;<\/h3>\n\n\n\n<p><strong>A Banda Sinf\u00f4nica tamb\u00e9m tem por volta de 100 m\u00fasicos militares, nas gradua\u00e7\u00f5es de suboficiais e sargentos, al\u00e9m de dois oficiais regentes. <\/strong>Ela \u00e9 focada em apresenta\u00e7\u00f5es de m\u00fasicas populares e eruditas, tanto instrumentais quanto cantadas \u2013 por isso, al\u00e9m dos instrumentistas, a Banda Sinf\u00f4nica tamb\u00e9m conta com um coral.&nbsp;&nbsp;<\/p>\n\n\n\n<figure class=\"wp-block-image size-large\"><img decoding=\"async\" width=\"1024\" height=\"768\" src=\"https:\/\/militares.estrategia.com\/portal\/wp-content\/uploads\/2024\/04\/banda-sinfonica-FN-1024x768.jpg\" alt=\"\" class=\"wp-image-75135\" srcset=\"https:\/\/militares.estrategia.com\/portal\/wp-content\/uploads\/2024\/04\/banda-sinfonica-FN-1024x768.jpg 1024w, https:\/\/militares.estrategia.com\/portal\/wp-content\/uploads\/2024\/04\/banda-sinfonica-FN-768x576.jpg 768w, https:\/\/militares.estrategia.com\/portal\/wp-content\/uploads\/2024\/04\/banda-sinfonica-FN-1536x1152.jpg 1536w, https:\/\/militares.estrategia.com\/portal\/wp-content\/uploads\/2024\/04\/banda-sinfonica-FN-800x600.jpg 800w, https:\/\/militares.estrategia.com\/portal\/wp-content\/uploads\/2024\/04\/banda-sinfonica-FN-1160x870.jpg 1160w, https:\/\/militares.estrategia.com\/portal\/wp-content\/uploads\/2024\/04\/banda-sinfonica-FN-1200x900.jpg 1200w, https:\/\/militares.estrategia.com\/portal\/wp-content\/uploads\/2024\/04\/banda-sinfonica-FN.jpg 1920w\" sizes=\"(max-width: 1024px) 100vw, 1024px\" \/><figcaption class=\"wp-element-caption\">Fonte: Marinha do Brasil<\/figcaption><\/figure>\n\n\n\n<p>A Banda Sinf\u00f4nica \u00e9 mais recente do que a Banda Marcial.<strong> Foi criada na d\u00e9cada de 1970 <\/strong>e tem sua base na Fortaleza de S\u00e3o Jos\u00e9 da Ilha das Cobras, no Rio de Janeiro.&nbsp;<\/p>\n\n\n\n<h3 class=\"wp-block-heading\" id=\"h-fuzibossa\">Fuzibossa<\/h3>\n\n\n\n<p>O conjunto Fuzibossa \u00e9 a menor das bandas dos Fuzileiros Navais e tem uma natureza mais informal. Foi criada em 1926, com o nome de Fuzi Jazz, e veio a adotar o nome Fuzibossa por volta da d\u00e9cada de 1950, no auge da Bossa Nova. Sua forma\u00e7\u00e3o conta com teclado, guitarra, bateria, trompete, baixo, trombone, sax e cantores.&nbsp;<\/p>\n\n\n\n<p>Sua base tamb\u00e9m \u00e9 na Fortaleza de S\u00e3o Jos\u00e9 da Ilha das Cobras, no Rio de Janeir<strong>o. Suas apresenta\u00e7\u00f5es geralmente s\u00e3o feitas em eventos militares, mas eles tamb\u00e9m podem ser contratados para eventos particulares<\/strong>, como festas e casamentos, desde que tenha a autoriza\u00e7\u00e3o do Comandante-Geral do Corpo de Fuzileiros Navais.&nbsp;<\/p>\n\n\n\n<h2 class=\"wp-block-heading\" id=\"h-aparicoes-famosas-dos-fuzileiros-navais-musicos-nbsp\"><span class=\"ez-toc-section\" id=\"Aparicoes-famosas-dos-Fuzileiros-Navais-Musicos\"><\/span>Apari\u00e7\u00f5es famosas dos Fuzileiros Navais M\u00fasicos&nbsp;<span class=\"ez-toc-section-end\"><\/span><\/h2>\n\n\n\n<p>Pode ser que voc\u00ea se lembre de ter visto uma apresenta\u00e7\u00e3o das bandas dos Fuzileiros Navais, especialmente se \u00e9 um morador do Rio de Janeiro. Elas j\u00e1 apareceram em v\u00e1rios eventos famosos, tanto no Brasil como fora do pa\u00eds.&nbsp;<\/p>\n\n\n\n<p>A Banda Marcial, por exemplo, j\u00e1 fez apresenta\u00e7\u00f5es na Esc\u00f3cia, Paraguai, Paris e Portugal. Al\u00e9m disso, tamb\u00e9m participou de eventos como:&nbsp;<\/p>\n\n\n\n<ul class=\"wp-block-list\">\n<li>Abertura e encerramento dos Jogos Ol\u00edmpicos Rio 2016;&nbsp;<\/li>\n\n\n\n<li>Abertura dos Jogos Pan-Americanos 2007; e&nbsp;<\/li>\n\n\n\n<li>Comemora\u00e7\u00e3o de 25 anos do Programa Crian\u00e7a Esperan\u00e7a, da Rede Globo; entre outros.&nbsp;<\/li>\n<\/ul>\n\n\n\n<p>Assista abaixo a uma apresenta\u00e7\u00e3o que aconteceu em 2011, no Festival The Royal Edinburgh Military Tattoo.&nbsp;<\/p>\n\n\n\n<figure class=\"wp-block-embed is-type-video is-provider-youtube wp-block-embed-youtube wp-embed-aspect-16-9 wp-has-aspect-ratio\"><div class=\"wp-block-embed__wrapper\">\n<div class=\"cs-embed cs-embed-responsive\"><iframe title=\"Banda Marcial do Corpo de Fuzileiros Navais no The Royal Edinburgh Military Tattoo 2011\" width=\"1200\" height=\"675\" src=\"https:\/\/www.youtube.com\/embed\/6GhOqe2AHbY?feature=oembed\" frameborder=\"0\" allow=\"accelerometer; autoplay; clipboard-write; encrypted-media; gyroscope; picture-in-picture; web-share\" referrerpolicy=\"strict-origin-when-cross-origin\" allowfullscreen><\/iframe><\/div>\n<\/div><\/figure>\n\n\n\n<h2 class=\"wp-block-heading\" id=\"h-como-se-tornar-um-fuzileiro-naval-musico-nbsp\"><span class=\"ez-toc-section\" id=\"Como-se-tornar-um-Fuzileiro-Naval-Musico\"><\/span>Como se tornar um Fuzileiro Naval M\u00fasico?&nbsp;<span class=\"ez-toc-section-end\"><\/span><\/h2>\n\n\n\n<p>E a\u00ed? Ficou interessado na carreira de m\u00fasico dos Fuzileiros Navais? Ent\u00e3o, se liga no bizu: <strong>todos os anos o CFN abre o Concurso de Admiss\u00e3o de Sargentos M\u00fasicos! <\/strong>Os pr\u00e9-requisitos para participar \u00e9 <strong>ter entre 18 e 25 anos de idade<\/strong>, entre 1,54m e 2m de altura, ser formado no Ensino M\u00e9dio e ter dom\u00ednio de um dos instrumentos descritos no edital.&nbsp;<\/p>\n\n\n\n<p>Quem passa no seletivo \u00e9 submetido a um curso que prepara o aluno para ser um Sargento M\u00fasico do Corpo de Fuzileiros Navais. <strong>O curso tem dura\u00e7\u00e3o de 18 semanas <\/strong>e, durante esse tempo, o aluno recebe uma<strong> remunera\u00e7\u00e3o no valor de R$ 1.414,82.<\/strong> Uma vez formado, passa a ocupar o posto de 3<sup>o<\/sup> Sargento e recebe um <strong>soldo de R$ 5.125,50<\/strong>, al\u00e9m dos adicionais, que podem levar a remunera\u00e7\u00e3o total ao valor de R$ 6.387,75.&nbsp;<\/p>\n\n\n\n<p>Quer saber mais sobre o <a href=\"https:\/\/militares.estrategia.com\/portal\/escolas-militares\/marinha\/fuzileiro-naval\/sargento-musico-corpo-de-fuzileiros-navais-concurso-2023\/\">Concurso Fuzileiro Naval M\u00fasico<\/a>? Confira no Portal Estrat\u00e9gia Militares mais informa\u00e7\u00f5es, como n\u00famero de vagas, etapas de avalia\u00e7\u00e3o e at\u00e9 <a href=\"https:\/\/militares.estrategia.com\/portal\/escolas-militares\/marinha\/fuzileiro-naval\/o-que-cai-na-prova-dos-fuzileiros-navais-musicos\/\">o que \u00e9 cobrado nas provas<\/a>! Al\u00e9m disso, voc\u00ea pode come\u00e7ar j\u00e1 a estudar para o Concurso com os nossos cursos on-line preparat\u00f3rios. Visite a nossa plataforma e o Banco de Quest\u00f5es!<\/p>\n\n\n\n<p><strong><a id=\"cta\" class=\"cta-imagem\" href=\"https:\/\/militares.estrategia.com\/curso\/pacote-extensivo-para-fn-2024\/\" target=\"blank\">\n                <img decoding=\"async\" width=\"100%\" src=\"https:\/\/militares.estrategia.com\/portal\/wp-content\/uploads\/2023\/06\/CTA-FUZILEIRO-NAVAL-2.jpg\" alt=\"CTA FUZILEIRO NAVAL\" title=\"CTA FUZILEIRO NAVAL\">\n        <\/a><\/strong><\/p>\n\n\n","protected":false},"excerpt":{"rendered":"Voc\u00ea curte m\u00fasica e toca um instrumento? Pois fique sabendo que voc\u00ea pode entrar para a Marinha do&hellip;\n","protected":false},"author":9,"featured_media":75130,"comment_status":"closed","ping_status":"closed","sticky":false,"template":"","format":"standard","meta":{"wl_entities_gutenberg":"","footnotes":""},"categories":[248],"tags":[],"wl_entity_type":[187],"class_list":{"0":"post-75129","1":"post","2":"type-post","3":"status-publish","4":"format-standard","5":"has-post-thumbnail","7":"category-forcas-armadas","8":"wl_entity_type-article"},"acf":[],"yoast_head":"<!-- This site is optimized with the Yoast SEO Premium plugin v26.6 (Yoast SEO v26.6) - https:\/\/yoast.com\/wordpress\/plugins\/seo\/ -->\n<title>Bandas Militares: conhe\u00e7a os m\u00fasicos dos Fuzileiros Navais<\/title>\n<meta name=\"description\" content=\"Voc\u00ea conhece as Bandas Militares dos Fuzileiros Navais? Saiba quais s\u00e3o elas e como fazer parte como Fuzileiro Naval M\u00fasico!\" \/>\n<meta name=\"robots\" content=\"index, follow, max-snippet:-1, max-image-preview:large, max-video-preview:-1\" \/>\n<link rel=\"canonical\" href=\"https:\/\/militares.estrategia.com\/portal\/mundo-militar\/forcas-armadas\/bandas-militares-dos-fuzileiros-navais\/\" \/>\n<meta property=\"og:locale\" content=\"pt_BR\" \/>\n<meta property=\"og:type\" content=\"article\" \/>\n<meta property=\"og:title\" content=\"Bandas Militares: conhe\u00e7a os m\u00fasicos dos Fuzileiros Navais\" \/>\n<meta property=\"og:description\" content=\"Voc\u00ea conhece as Bandas Militares dos Fuzileiros Navais? Saiba quais s\u00e3o elas e como fazer parte como Fuzileiro Naval M\u00fasico!\" \/>\n<meta property=\"og:url\" content=\"https:\/\/militares.estrategia.com\/portal\/mundo-militar\/forcas-armadas\/bandas-militares-dos-fuzileiros-navais\/\" \/>\n<meta property=\"og:site_name\" content=\"Estrat\u00e9gia Militares\" \/>\n<meta property=\"article:publisher\" content=\"https:\/\/www.facebook.com\/EstrategiaMilitares\" \/>\n<meta property=\"article:published_time\" content=\"2024-04-30T13:00:00+00:00\" \/>\n<meta property=\"article:modified_time\" content=\"2024-05-08T15:22:33+00:00\" \/>\n<meta property=\"og:image\" content=\"https:\/\/militares.estrategia.com\/portal\/wp-content\/uploads\/2024\/04\/52542595405_9d0971964e_k.jpg\" \/>\n\t<meta property=\"og:image:width\" content=\"1920\" \/>\n\t<meta property=\"og:image:height\" content=\"1277\" \/>\n\t<meta property=\"og:image:type\" content=\"image\/jpeg\" \/>\n<meta name=\"author\" content=\"Raquel Oshio\" \/>\n<meta name=\"twitter:card\" content=\"summary_large_image\" \/>\n<meta name=\"twitter:creator\" content=\"@estrategiamilit\" \/>\n<meta name=\"twitter:site\" content=\"@estrategiamilit\" \/>\n<meta name=\"twitter:label1\" content=\"Escrito por\" \/>\n\t<meta name=\"twitter:data1\" content=\"Raquel Oshio\" \/>\n\t<meta name=\"twitter:label2\" content=\"Est. tempo de leitura\" \/>\n\t<meta name=\"twitter:data2\" content=\"5 minutos\" \/>\n<script type=\"application\/ld+json\" class=\"yoast-schema-graph\">{\"@context\":\"https:\/\/schema.org\",\"@graph\":[{\"@type\":\"Article\",\"@id\":\"https:\/\/militares.estrategia.com\/portal\/mundo-militar\/forcas-armadas\/bandas-militares-dos-fuzileiros-navais\/#article\",\"isPartOf\":{\"@id\":\"https:\/\/militares.estrategia.com\/portal\/mundo-militar\/forcas-armadas\/bandas-militares-dos-fuzileiros-navais\/\"},\"author\":{\"name\":\"Raquel Oshio\",\"@id\":\"https:\/\/militares.estrategia.com\/portal\/#\/schema\/person\/46e1f54d690b6a851270112cd62d2f37\"},\"headline\":\"Bandas Militares: conhe\u00e7a os m\u00fasicos dos Fuzileiros Navais\",\"datePublished\":\"2024-04-30T13:00:00+00:00\",\"dateModified\":\"2024-05-08T15:22:33+00:00\",\"mainEntityOfPage\":{\"@id\":\"https:\/\/militares.estrategia.com\/portal\/mundo-militar\/forcas-armadas\/bandas-militares-dos-fuzileiros-navais\/\"},\"wordCount\":1086,\"publisher\":{\"@id\":\"https:\/\/militares.estrategia.com\/portal\/#organization\"},\"image\":{\"@id\":\"https:\/\/militares.estrategia.com\/portal\/mundo-militar\/forcas-armadas\/bandas-militares-dos-fuzileiros-navais\/#primaryimage\"},\"thumbnailUrl\":\"https:\/\/militares.estrategia.com\/portal\/wp-content\/uploads\/2024\/04\/52542595405_9d0971964e_k.jpg\",\"articleSection\":[\"For\u00e7as Armadas\"],\"inLanguage\":\"pt-BR\"},{\"@type\":\"WebPage\",\"@id\":\"https:\/\/militares.estrategia.com\/portal\/mundo-militar\/forcas-armadas\/bandas-militares-dos-fuzileiros-navais\/\",\"url\":\"https:\/\/militares.estrategia.com\/portal\/mundo-militar\/forcas-armadas\/bandas-militares-dos-fuzileiros-navais\/\",\"name\":\"Bandas Militares: conhe\u00e7a os m\u00fasicos dos Fuzileiros Navais\",\"isPartOf\":{\"@id\":\"https:\/\/militares.estrategia.com\/portal\/#website\"},\"primaryImageOfPage\":{\"@id\":\"https:\/\/militares.estrategia.com\/portal\/mundo-militar\/forcas-armadas\/bandas-militares-dos-fuzileiros-navais\/#primaryimage\"},\"image\":{\"@id\":\"https:\/\/militares.estrategia.com\/portal\/mundo-militar\/forcas-armadas\/bandas-militares-dos-fuzileiros-navais\/#primaryimage\"},\"thumbnailUrl\":\"https:\/\/militares.estrategia.com\/portal\/wp-content\/uploads\/2024\/04\/52542595405_9d0971964e_k.jpg\",\"datePublished\":\"2024-04-30T13:00:00+00:00\",\"dateModified\":\"2024-05-08T15:22:33+00:00\",\"description\":\"Voc\u00ea conhece as Bandas Militares dos Fuzileiros Navais? Saiba quais s\u00e3o elas e como fazer parte como Fuzileiro Naval M\u00fasico!\",\"breadcrumb\":{\"@id\":\"https:\/\/militares.estrategia.com\/portal\/mundo-militar\/forcas-armadas\/bandas-militares-dos-fuzileiros-navais\/#breadcrumb\"},\"inLanguage\":\"pt-BR\",\"potentialAction\":[{\"@type\":\"ReadAction\",\"target\":[\"https:\/\/militares.estrategia.com\/portal\/mundo-militar\/forcas-armadas\/bandas-militares-dos-fuzileiros-navais\/\"]}]},{\"@type\":\"ImageObject\",\"inLanguage\":\"pt-BR\",\"@id\":\"https:\/\/militares.estrategia.com\/portal\/mundo-militar\/forcas-armadas\/bandas-militares-dos-fuzileiros-navais\/#primaryimage\",\"url\":\"https:\/\/militares.estrategia.com\/portal\/wp-content\/uploads\/2024\/04\/52542595405_9d0971964e_k.jpg\",\"contentUrl\":\"https:\/\/militares.estrategia.com\/portal\/wp-content\/uploads\/2024\/04\/52542595405_9d0971964e_k.jpg\",\"width\":1920,\"height\":1277},{\"@type\":\"BreadcrumbList\",\"@id\":\"https:\/\/militares.estrategia.com\/portal\/mundo-militar\/forcas-armadas\/bandas-militares-dos-fuzileiros-navais\/#breadcrumb\",\"itemListElement\":[{\"@type\":\"ListItem\",\"position\":1,\"name\":\"Home\",\"item\":\"https:\/\/militares.estrategia.com\/portal\/\"},{\"@type\":\"ListItem\",\"position\":2,\"name\":\"Mundo Militar\",\"item\":\"https:\/\/militares.estrategia.com\/portal\/mundo-militar\/\"},{\"@type\":\"ListItem\",\"position\":3,\"name\":\"For\u00e7as Armadas\",\"item\":\"https:\/\/militares.estrategia.com\/portal\/mundo-militar\/forcas-armadas\/\"},{\"@type\":\"ListItem\",\"position\":4,\"name\":\"Bandas Militares: conhe\u00e7a os m\u00fasicos dos Fuzileiros Navais\"}]},{\"@type\":\"WebSite\",\"@id\":\"https:\/\/militares.estrategia.com\/portal\/#website\",\"url\":\"https:\/\/militares.estrategia.com\/portal\/\",\"name\":\"Estrat\u00e9gia Militares\",\"description\":\"\",\"publisher\":{\"@id\":\"https:\/\/militares.estrategia.com\/portal\/#organization\"},\"potentialAction\":[{\"@type\":\"SearchAction\",\"target\":{\"@type\":\"EntryPoint\",\"urlTemplate\":\"https:\/\/militares.estrategia.com\/portal\/?s={search_term_string}\"},\"query-input\":{\"@type\":\"PropertyValueSpecification\",\"valueRequired\":true,\"valueName\":\"search_term_string\"}}],\"inLanguage\":\"pt-BR\"},{\"@type\":\"Organization\",\"@id\":\"https:\/\/militares.estrategia.com\/portal\/#organization\",\"name\":\"Estrat\u00e9gia Militares\",\"url\":\"https:\/\/militares.estrategia.com\/portal\/\",\"logo\":{\"@type\":\"ImageObject\",\"inLanguage\":\"pt-BR\",\"@id\":\"https:\/\/militares.estrategia.com\/portal\/#\/schema\/logo\/image\/\",\"url\":\"https:\/\/militares.estrategia.com\/portal\/wp-content\/uploads\/2021\/10\/logo-militares.webp\",\"contentUrl\":\"https:\/\/militares.estrategia.com\/portal\/wp-content\/uploads\/2021\/10\/logo-militares.webp\",\"width\":346,\"height\":90,\"caption\":\"Estrat\u00e9gia Militares\"},\"image\":{\"@id\":\"https:\/\/militares.estrategia.com\/portal\/#\/schema\/logo\/image\/\"},\"sameAs\":[\"https:\/\/www.facebook.com\/EstrategiaMilitares\",\"https:\/\/x.com\/estrategiamilit\",\"https:\/\/www.instagram.com\/estrategiamilitares\/\",\"https:\/\/www.youtube.com\/channel\/UCRG_9hakCqXxnj_8TqCdgTA\"]},{\"@type\":\"Person\",\"@id\":\"https:\/\/militares.estrategia.com\/portal\/#\/schema\/person\/46e1f54d690b6a851270112cd62d2f37\",\"name\":\"Raquel Oshio\",\"image\":{\"@type\":\"ImageObject\",\"inLanguage\":\"pt-BR\",\"@id\":\"https:\/\/militares.estrategia.com\/portal\/#\/schema\/person\/image\/\",\"url\":\"https:\/\/secure.gravatar.com\/avatar\/fa4e62d5e59d9cf9995ea9c715a78807?s=96&d=mm&r=g\",\"contentUrl\":\"https:\/\/secure.gravatar.com\/avatar\/fa4e62d5e59d9cf9995ea9c715a78807?s=96&d=mm&r=g\",\"caption\":\"Raquel Oshio\"},\"description\":\"Raquel Kie \u00e9 amante de hist\u00f3rias e ca\u00e7adora de belezas escondidas. Jornalista de profiss\u00e3o e cora\u00e7\u00e3o. Desenhista e escritora de fic\u00e7\u00e3o nas horas vagas. Acredito no potencial transformador de todo trabalho feito com dedica\u00e7\u00e3o.\",\"url\":\"https:\/\/militares.estrategia.com\/portal\/author\/raqueloshio\/\"}]}<\/script>\n<!-- \/ Yoast SEO Premium plugin. -->","yoast_head_json":{"title":"Bandas Militares: conhe\u00e7a os m\u00fasicos dos Fuzileiros Navais","description":"Voc\u00ea conhece as Bandas Militares dos Fuzileiros Navais? Saiba quais s\u00e3o elas e como fazer parte como Fuzileiro Naval M\u00fasico!","robots":{"index":"index","follow":"follow","max-snippet":"max-snippet:-1","max-image-preview":"max-image-preview:large","max-video-preview":"max-video-preview:-1"},"canonical":"https:\/\/militares.estrategia.com\/portal\/mundo-militar\/forcas-armadas\/bandas-militares-dos-fuzileiros-navais\/","og_locale":"pt_BR","og_type":"article","og_title":"Bandas Militares: conhe\u00e7a os m\u00fasicos dos Fuzileiros Navais","og_description":"Voc\u00ea conhece as Bandas Militares dos Fuzileiros Navais? Saiba quais s\u00e3o elas e como fazer parte como Fuzileiro Naval M\u00fasico!","og_url":"https:\/\/militares.estrategia.com\/portal\/mundo-militar\/forcas-armadas\/bandas-militares-dos-fuzileiros-navais\/","og_site_name":"Estrat\u00e9gia Militares","article_publisher":"https:\/\/www.facebook.com\/EstrategiaMilitares","article_published_time":"2024-04-30T13:00:00+00:00","article_modified_time":"2024-05-08T15:22:33+00:00","og_image":[{"width":1920,"height":1277,"url":"https:\/\/militares.estrategia.com\/portal\/wp-content\/uploads\/2024\/04\/52542595405_9d0971964e_k.jpg","type":"image\/jpeg"}],"author":"Raquel Oshio","twitter_card":"summary_large_image","twitter_creator":"@estrategiamilit","twitter_site":"@estrategiamilit","twitter_misc":{"Escrito por":"Raquel Oshio","Est. tempo de leitura":"5 minutos"},"schema":{"@context":"https:\/\/schema.org","@graph":[{"@type":"Article","@id":"https:\/\/militares.estrategia.com\/portal\/mundo-militar\/forcas-armadas\/bandas-militares-dos-fuzileiros-navais\/#article","isPartOf":{"@id":"https:\/\/militares.estrategia.com\/portal\/mundo-militar\/forcas-armadas\/bandas-militares-dos-fuzileiros-navais\/"},"author":{"name":"Raquel Oshio","@id":"https:\/\/militares.estrategia.com\/portal\/#\/schema\/person\/46e1f54d690b6a851270112cd62d2f37"},"headline":"Bandas Militares: conhe\u00e7a os m\u00fasicos dos Fuzileiros Navais","datePublished":"2024-04-30T13:00:00+00:00","dateModified":"2024-05-08T15:22:33+00:00","mainEntityOfPage":{"@id":"https:\/\/militares.estrategia.com\/portal\/mundo-militar\/forcas-armadas\/bandas-militares-dos-fuzileiros-navais\/"},"wordCount":1086,"publisher":{"@id":"https:\/\/militares.estrategia.com\/portal\/#organization"},"image":{"@id":"https:\/\/militares.estrategia.com\/portal\/mundo-militar\/forcas-armadas\/bandas-militares-dos-fuzileiros-navais\/#primaryimage"},"thumbnailUrl":"https:\/\/militares.estrategia.com\/portal\/wp-content\/uploads\/2024\/04\/52542595405_9d0971964e_k.jpg","articleSection":["For\u00e7as Armadas"],"inLanguage":"pt-BR"},{"@type":"WebPage","@id":"https:\/\/militares.estrategia.com\/portal\/mundo-militar\/forcas-armadas\/bandas-militares-dos-fuzileiros-navais\/","url":"https:\/\/militares.estrategia.com\/portal\/mundo-militar\/forcas-armadas\/bandas-militares-dos-fuzileiros-navais\/","name":"Bandas Militares: conhe\u00e7a os m\u00fasicos dos Fuzileiros Navais","isPartOf":{"@id":"https:\/\/militares.estrategia.com\/portal\/#website"},"primaryImageOfPage":{"@id":"https:\/\/militares.estrategia.com\/portal\/mundo-militar\/forcas-armadas\/bandas-militares-dos-fuzileiros-navais\/#primaryimage"},"image":{"@id":"https:\/\/militares.estrategia.com\/portal\/mundo-militar\/forcas-armadas\/bandas-militares-dos-fuzileiros-navais\/#primaryimage"},"thumbnailUrl":"https:\/\/militares.estrategia.com\/portal\/wp-content\/uploads\/2024\/04\/52542595405_9d0971964e_k.jpg","datePublished":"2024-04-30T13:00:00+00:00","dateModified":"2024-05-08T15:22:33+00:00","description":"Voc\u00ea conhece as Bandas Militares dos Fuzileiros Navais? Saiba quais s\u00e3o elas e como fazer parte como Fuzileiro Naval M\u00fasico!","breadcrumb":{"@id":"https:\/\/militares.estrategia.com\/portal\/mundo-militar\/forcas-armadas\/bandas-militares-dos-fuzileiros-navais\/#breadcrumb"},"inLanguage":"pt-BR","potentialAction":[{"@type":"ReadAction","target":["https:\/\/militares.estrategia.com\/portal\/mundo-militar\/forcas-armadas\/bandas-militares-dos-fuzileiros-navais\/"]}]},{"@type":"ImageObject","inLanguage":"pt-BR","@id":"https:\/\/militares.estrategia.com\/portal\/mundo-militar\/forcas-armadas\/bandas-militares-dos-fuzileiros-navais\/#primaryimage","url":"https:\/\/militares.estrategia.com\/portal\/wp-content\/uploads\/2024\/04\/52542595405_9d0971964e_k.jpg","contentUrl":"https:\/\/militares.estrategia.com\/portal\/wp-content\/uploads\/2024\/04\/52542595405_9d0971964e_k.jpg","width":1920,"height":1277},{"@type":"BreadcrumbList","@id":"https:\/\/militares.estrategia.com\/portal\/mundo-militar\/forcas-armadas\/bandas-militares-dos-fuzileiros-navais\/#breadcrumb","itemListElement":[{"@type":"ListItem","position":1,"name":"Home","item":"https:\/\/militares.estrategia.com\/portal\/"},{"@type":"ListItem","position":2,"name":"Mundo Militar","item":"https:\/\/militares.estrategia.com\/portal\/mundo-militar\/"},{"@type":"ListItem","position":3,"name":"For\u00e7as Armadas","item":"https:\/\/militares.estrategia.com\/portal\/mundo-militar\/forcas-armadas\/"},{"@type":"ListItem","position":4,"name":"Bandas Militares: conhe\u00e7a os m\u00fasicos dos Fuzileiros Navais"}]},{"@type":"WebSite","@id":"https:\/\/militares.estrategia.com\/portal\/#website","url":"https:\/\/militares.estrategia.com\/portal\/","name":"Estrat\u00e9gia Militares","description":"","publisher":{"@id":"https:\/\/militares.estrategia.com\/portal\/#organization"},"potentialAction":[{"@type":"SearchAction","target":{"@type":"EntryPoint","urlTemplate":"https:\/\/militares.estrategia.com\/portal\/?s={search_term_string}"},"query-input":{"@type":"PropertyValueSpecification","valueRequired":true,"valueName":"search_term_string"}}],"inLanguage":"pt-BR"},{"@type":"Organization","@id":"https:\/\/militares.estrategia.com\/portal\/#organization","name":"Estrat\u00e9gia Militares","url":"https:\/\/militares.estrategia.com\/portal\/","logo":{"@type":"ImageObject","inLanguage":"pt-BR","@id":"https:\/\/militares.estrategia.com\/portal\/#\/schema\/logo\/image\/","url":"https:\/\/militares.estrategia.com\/portal\/wp-content\/uploads\/2021\/10\/logo-militares.webp","contentUrl":"https:\/\/militares.estrategia.com\/portal\/wp-content\/uploads\/2021\/10\/logo-militares.webp","width":346,"height":90,"caption":"Estrat\u00e9gia Militares"},"image":{"@id":"https:\/\/militares.estrategia.com\/portal\/#\/schema\/logo\/image\/"},"sameAs":["https:\/\/www.facebook.com\/EstrategiaMilitares","https:\/\/x.com\/estrategiamilit","https:\/\/www.instagram.com\/estrategiamilitares\/","https:\/\/www.youtube.com\/channel\/UCRG_9hakCqXxnj_8TqCdgTA"]},{"@type":"Person","@id":"https:\/\/militares.estrategia.com\/portal\/#\/schema\/person\/46e1f54d690b6a851270112cd62d2f37","name":"Raquel Oshio","image":{"@type":"ImageObject","inLanguage":"pt-BR","@id":"https:\/\/militares.estrategia.com\/portal\/#\/schema\/person\/image\/","url":"https:\/\/secure.gravatar.com\/avatar\/fa4e62d5e59d9cf9995ea9c715a78807?s=96&d=mm&r=g","contentUrl":"https:\/\/secure.gravatar.com\/avatar\/fa4e62d5e59d9cf9995ea9c715a78807?s=96&d=mm&r=g","caption":"Raquel Oshio"},"description":"Raquel Kie \u00e9 amante de hist\u00f3rias e ca\u00e7adora de belezas escondidas. Jornalista de profiss\u00e3o e cora\u00e7\u00e3o. Desenhista e escritora de fic\u00e7\u00e3o nas horas vagas. Acredito no potencial transformador de todo trabalho feito com dedica\u00e7\u00e3o.","url":"https:\/\/militares.estrategia.com\/portal\/author\/raqueloshio\/"}]}},"_wl_alt_label":[],"wl:entity_url":"https:\/\/data.wordlift.io\/wl110246\/post\/bandas-militares-conheca-os-musicos-dos-fuzileiros-navais-75129","_links":{"self":[{"href":"https:\/\/militares.estrategia.com\/portal\/wp-json\/wp\/v2\/posts\/75129","targetHints":{"allow":["GET"]}}],"collection":[{"href":"https:\/\/militares.estrategia.com\/portal\/wp-json\/wp\/v2\/posts"}],"about":[{"href":"https:\/\/militares.estrategia.com\/portal\/wp-json\/wp\/v2\/types\/post"}],"author":[{"embeddable":true,"href":"https:\/\/militares.estrategia.com\/portal\/wp-json\/wp\/v2\/users\/9"}],"replies":[{"embeddable":true,"href":"https:\/\/militares.estrategia.com\/portal\/wp-json\/wp\/v2\/comments?post=75129"}],"version-history":[{"count":5,"href":"https:\/\/militares.estrategia.com\/portal\/wp-json\/wp\/v2\/posts\/75129\/revisions"}],"predecessor-version":[{"id":75223,"href":"https:\/\/militares.estrategia.com\/portal\/wp-json\/wp\/v2\/posts\/75129\/revisions\/75223"}],"wp:featuredmedia":[{"embeddable":true,"href":"https:\/\/militares.estrategia.com\/portal\/wp-json\/wp\/v2\/media\/75130"}],"wp:attachment":[{"href":"https:\/\/militares.estrategia.com\/portal\/wp-json\/wp\/v2\/media?parent=75129"}],"wp:term":[{"taxonomy":"category","embeddable":true,"href":"https:\/\/militares.estrategia.com\/portal\/wp-json\/wp\/v2\/categories?post=75129"},{"taxonomy":"post_tag","embeddable":true,"href":"https:\/\/militares.estrategia.com\/portal\/wp-json\/wp\/v2\/tags?post=75129"},{"taxonomy":"wl_entity_type","embeddable":true,"href":"https:\/\/militares.estrategia.com\/portal\/wp-json\/wp\/v2\/wl_entity_type?post=75129"}],"curies":[{"name":"wp","href":"https:\/\/api.w.org\/{rel}","templated":true}]}}