{"id":73253,"date":"2024-01-29T20:43:44","date_gmt":"2024-01-29T23:43:44","guid":{"rendered":"https:\/\/militares.estrategia.com\/portal\/?p=73253"},"modified":"2024-01-29T20:52:18","modified_gmt":"2024-01-29T23:52:18","slug":"civilizacoes-classicas-roma-origem-e-o-periodo-monarquico","status":"publish","type":"post","link":"https:\/\/militares.estrategia.com\/portal\/materias-e-dicas\/historia\/civilizacoes-classicas-roma-origem-e-o-periodo-monarquico\/","title":{"rendered":"Civiliza\u00e7\u00f5es cl\u00e1ssicas: Roma, origem e o per\u00edodo mon\u00e1rquico!"},"content":{"rendered":"\n<p>O legado dos gregos foi tomado pelos romanos, os quais vinham desenvolvendo uma nova civiliza\u00e7\u00e3o \u00e0s margens do Rio Tibre, na It\u00e1lia, quando os gregos ainda estavam no apogeu. Confira mais informa\u00e7\u00f5es, nesse artigo que o<strong> Estrat\u00e9gia Militares<\/strong> preparou para voc\u00ea!<\/p>\n\n\n\n<p>Conhecer a hist\u00f3ria das civiliza\u00e7\u00f5es grega e romana significa compreender a sociedade ocidental contempor\u00e2nea,<strong> uma vez que tais civiliza\u00e7\u00f5es deixaram um importante legado cultural, cujas influ\u00eancias s\u00e3o vis\u00edveis at\u00e9 hoje.<\/strong><\/p>\n\n\n\n<p>No per\u00edodo das Guerras Greco-P\u00e9rsicas, Roma j\u00e1 havia adquirido <strong>aspecto de cidade <\/strong>e, ap\u00f3s a morte de Alexandre, iniciou a expans\u00e3o de seu territ\u00f3rio, dominando povos vizinhos. Duzentos anos mais tarde, <strong>a sociedade romana possu\u00eda um vasto e poderoso imp\u00e9rio, o maior da antiguidade.<\/strong><\/p>\n\n\n\n<p>Nessa civiliza\u00e7\u00e3o,<strong> desenvolveu-se a cultura greco-romana, a ideia de Rep\u00fablica, o Direito, os grandes espet\u00e1culos, a l\u00edngua latina<\/strong> &#8211; m\u00e3e de v\u00e1rios idiomas modernos, como o portugu\u00eas -, e difundiu o cristianismo.<\/p>\n\n\n\n<p>A maneira como grande parte dos pa\u00edses do mundo atualmente raciocina,<strong> tem suas ra\u00edzes na cultura romana.<\/strong> Esse racioc\u00ednio atingiu grande parte das \u00e1reas do saber, possibilitando, assim, <strong>o desenvolvimento do pensamento racional.<\/strong><\/p>\n\n\n\n<p>A It\u00e1lia est\u00e1 localizada em uma pen\u00ednsula estreita e alongada, que possui a forma de uma bota e se projeta pelo Mediterr\u00e2neo, dividindo-o em duas partes, a ocidental e a oriental. Pr\u00f3ximas \u00e0 pen\u00ednsula localizavam-se tr\u00eas grandes ilhas,<strong> Sic\u00edlia, C\u00f3rsega e Sardenha.<\/strong><\/p>\n\n\n\n<p>O litoral italiano, embora praticamente n\u00e3o tivesse bons portos, sendo menos favor\u00e1vel \u00e0 navega\u00e7\u00e3o, <strong>possu\u00eda um solo f\u00e9rtil e um relevo pouco acidentado,<\/strong> o que facilitava as comunica\u00e7\u00f5es terrestres e favorecia o desenvolvimento da agricultura.<\/p>\n\n\n\n<div id=\"ez-toc-container\" class=\"ez-toc-v2_0_79_2 counter-hierarchy ez-toc-counter ez-toc-transparent ez-toc-container-direction\">\n<div class=\"ez-toc-title-container\"><p class=\"ez-toc-title\" style=\"cursor:inherit\">Navegue pelo conte\u00fado\t<\/p>\n<\/div><nav><ul class='ez-toc-list ez-toc-list-level-1 ' ><li class='ez-toc-page-1 ez-toc-heading-level-2'><a class=\"ez-toc-link ez-toc-heading-1\" href=\"https:\/\/militares.estrategia.com\/portal\/materias-e-dicas\/historia\/civilizacoes-classicas-roma-origem-e-o-periodo-monarquico\/#As-origens-de-Roma-e-sua-evolucao-politica\" >As origens de Roma e sua evolu\u00e7\u00e3o pol\u00edtica<\/a><\/li><li class='ez-toc-page-1 ez-toc-heading-level-2'><a class=\"ez-toc-link ez-toc-heading-2\" href=\"https:\/\/militares.estrategia.com\/portal\/materias-e-dicas\/historia\/civilizacoes-classicas-roma-origem-e-o-periodo-monarquico\/#O-Periodo-Monarquico-romano\" >O Per\u00edodo Mon\u00e1rquico romano<\/a><\/li><\/ul><\/nav><\/div>\n<h2 class=\"wp-block-heading\" id=\"h-as-origens-de-roma-e-sua-evolucao-politica\"><span class=\"ez-toc-section\" id=\"As-origens-de-Roma-e-sua-evolucao-politica\"><\/span>As origens de Roma e sua evolu\u00e7\u00e3o pol\u00edtica<span class=\"ez-toc-section-end\"><\/span><\/h2>\n\n\n\n<p>A funda\u00e7\u00e3o de Roma, relatada pelo poeta romano Virg\u00edlio, na obra <em>Eneida,<\/em> \u00e9 narrada por meio de uma antiga lenda, segundo a qual os irm\u00e3os g\u00eameos <strong>R\u00f4mulo e Remo<\/strong>, ainda beb\u00eas, foram lan\u00e7ados no Rio Tibre, <strong>v\u00edtimas de uma intriga palaciana.&nbsp;<\/strong><\/p>\n\n\n\n<p><strong>As crian\u00e7as, salvas por uma loba que as amamentou, foram criadas por um pastor<\/strong>. J\u00e1 adultos, os irm\u00e3os descobriram a sua hist\u00f3ria e colocaram-se \u00e0 frente de um grupo de pastores que <strong>lutavam pelo retorno do leg\u00edtimo rei, Numitor<\/strong>, av\u00f4 dos g\u00eameos, ao poder, conseguindo recuperar o trono da cidade de Alba Longa.<\/p>\n\n\n\n<p>Em recompensa, <strong>receberam um terreno \u00e0s margens do Rio Tibre para edificarem uma cidade no mesmo lugar onde haviam sido lan\u00e7ados para morrer.<\/strong> Ainda segundo a lenda, <strong>R\u00f4mulo teria assassinado o irm\u00e3o e fundado a cidade de Roma em 753 a.C., tornando-se o primeiro rei romano.<\/strong><\/p>\n\n\n\n<p>Outra vers\u00e3o da hist\u00f3ria da origem de Roma \u00e9 a de que a cidade tenha sua origem em uma aldeia de pastores latinos, localizada pr\u00f3ximo ao Rio Tibre, na regi\u00e3o do L\u00e1cio, na Pen\u00ednsula Italiana.<\/p>\n\n\n\n<p>O mais prov\u00e1vel \u00e9 que, por volta de 753 a.C., Roma j\u00e1 existisse, devido \u00e0 necessidade de algumas tribos latinas de <strong>se unirem em um mesmo local, visando estabelecer um posto militar de defesa contra os constantes ataques etruscos.<\/strong><\/p>\n\n\n\n<p>Com o tempo, esse posto transformou-se em uma grande cidade e, no s\u00e9culo VI a.C., j\u00e1 possu\u00eda cerca de 100 mil habitantes.<\/p>\n\n\n<div class=\"wp-block-image\">\n<figure class=\"aligncenter size-large\"><img decoding=\"async\" width=\"1024\" height=\"683\" src=\"https:\/\/militares.estrategia.com\/portal\/wp-content\/uploads\/2024\/01\/she-wolf-3404577_1280-1-1024x683.jpg\" alt=\"\" class=\"wp-image-73261\" srcset=\"https:\/\/militares.estrategia.com\/portal\/wp-content\/uploads\/2024\/01\/she-wolf-3404577_1280-1-1024x683.jpg 1024w, https:\/\/militares.estrategia.com\/portal\/wp-content\/uploads\/2024\/01\/she-wolf-3404577_1280-1-768x512.jpg 768w, https:\/\/militares.estrategia.com\/portal\/wp-content\/uploads\/2024\/01\/she-wolf-3404577_1280-1-800x534.jpg 800w, https:\/\/militares.estrategia.com\/portal\/wp-content\/uploads\/2024\/01\/she-wolf-3404577_1280-1-1160x774.jpg 1160w, https:\/\/militares.estrategia.com\/portal\/wp-content\/uploads\/2024\/01\/she-wolf-3404577_1280-1.jpg 1280w\" sizes=\"(max-width: 1024px) 100vw, 1024px\" \/><\/figure><\/div>\n\n\n<h2 class=\"wp-block-heading\" id=\"h-o-periodo-monarquico-romano\"><span class=\"ez-toc-section\" id=\"O-Periodo-Monarquico-romano\"><\/span>O Per\u00edodo Mon\u00e1rquico romano<span class=\"ez-toc-section-end\"><\/span><\/h2>\n\n\n\n<p>O per\u00edodo mon\u00e1rquico vai desde a funda\u00e7\u00e3o de Roma at\u00e9 509 a.C.. Devido \u00e0 exist\u00eancia de poucas fontes acerca do in\u00edcio da hist\u00f3ria de Roma, <strong>a maioria das informa\u00e7\u00f5es sobre esse per\u00edodo prov\u00e9m da pr\u00f3pria tradi\u00e7\u00e3o oral romana.<\/strong><\/p>\n\n\n\n<p>Segundo essa tradi\u00e7\u00e3o,<strong> Roma foi governada por sete reis, sendo os quatro primeiros latinos e sabinos e os tr\u00eas \u00faltimos etruscos<\/strong>. Na fase final do per\u00edodo, Roma tenha ca\u00eddo sob dom\u00ednio da Etr\u00faria.<\/p>\n\n\n\n<p>Nessa \u00e9poca, <strong>o rei acumulava as fun\u00e7\u00f5es de supremo juiz, sumo sacerdote e comandante do Ex\u00e9rcito.<\/strong> Seu poder pol\u00edtico, no entanto, era limitado pelo <strong>Senado <\/strong>ou <strong>Conselho dos Anci\u00e3os<\/strong>, formado pelos descendentes dos primeiros habitantes de Roma, os patr\u00edcios, que assessoravam o rei e possu\u00edam o direito de veto e de san\u00e7\u00e3o das leis apresentadas pelo rei.<\/p>\n\n\n\n<p>Havia tamb\u00e9m uma <strong>Assembleia<\/strong>, ou <strong>C\u00faria<\/strong>, formada por 30 chefes de fam\u00edlia, todos cidad\u00e3os em idade militar, que votavam as leis propostas pelo Senado, recursos jur\u00eddicos e declara\u00e7\u00f5es de guerra.<\/p>\n\n\n\n<p><strong>Os reis etruscos governaram Roma despoticamente, submetendo o Senado ao seu poder e marginalizando a nobreza patr\u00edcia, que, insatisfeita, rebelou-se.<\/strong> Em 509 a.C, Tarqu\u00ednio, o Soberbo, foi deposto por um grupo de patr\u00edcios que se revoltou e expulsou os etruscos, abolindo a Monarquia e implantando, enfim, a Rep\u00fablica.<\/p>\n\n\n\n<p>Curtiu o artigo? Ent\u00e3o compartilhe nas suas redes sociais e nos seus grupos de estudo! Aproveite para acessar os cursos preparat\u00f3rios do <strong>Estrat\u00e9gia Militares. Clique no banner abaixo<\/strong> e vem ser coruja!<\/p>\n\n\n\n\n\n<p><\/p>\n\n\n\n<p><\/p>\n","protected":false},"excerpt":{"rendered":"O legado dos gregos foi tomado pelos romanos, os quais vinham desenvolvendo uma nova civiliza\u00e7\u00e3o \u00e0s margens do&hellip;\n","protected":false},"author":52,"featured_media":73256,"comment_status":"closed","ping_status":"closed","sticky":false,"template":"","format":"standard","meta":{"wl_entities_gutenberg":"","footnotes":""},"categories":[29],"tags":[162,161],"wl_entity_type":[187],"class_list":{"0":"post-73253","1":"post","2":"type-post","3":"status-publish","4":"format-standard","5":"has-post-thumbnail","7":"category-historia","8":"tag-carreiramilitar","9":"tag-concursosmilitares","10":"wl_entity_type-article"},"acf":[],"yoast_head":"<!-- This site is optimized with the Yoast SEO Premium plugin v26.6 (Yoast SEO v26.6) - https:\/\/yoast.com\/wordpress\/plugins\/seo\/ -->\n<title>Civiliza\u00e7\u00f5es cl\u00e1ssicas: Roma, origem e o per\u00edodo mon\u00e1rquico!<\/title>\n<meta name=\"description\" content=\"O Imp\u00e9rio Romano marcou a hist\u00f3ria, e a cultura romana permanece viva at\u00e9 os dias de hoje. Clique aqui para saber origem dessa civiliza\u00e7\u00e3o!\" \/>\n<meta name=\"robots\" content=\"index, follow, max-snippet:-1, max-image-preview:large, max-video-preview:-1\" \/>\n<link rel=\"canonical\" href=\"https:\/\/militares.estrategia.com\/portal\/materias-e-dicas\/historia\/civilizacoes-classicas-roma-origem-e-o-periodo-monarquico\/\" \/>\n<meta property=\"og:locale\" content=\"pt_BR\" \/>\n<meta property=\"og:type\" content=\"article\" \/>\n<meta property=\"og:title\" content=\"Civiliza\u00e7\u00f5es cl\u00e1ssicas: Roma, origem e o per\u00edodo mon\u00e1rquico!\" \/>\n<meta property=\"og:description\" content=\"O Imp\u00e9rio Romano marcou a hist\u00f3ria, e a cultura romana permanece viva at\u00e9 os dias de hoje. Clique aqui para saber origem dessa civiliza\u00e7\u00e3o!\" \/>\n<meta property=\"og:url\" content=\"https:\/\/militares.estrategia.com\/portal\/materias-e-dicas\/historia\/civilizacoes-classicas-roma-origem-e-o-periodo-monarquico\/\" \/>\n<meta property=\"og:site_name\" content=\"Estrat\u00e9gia Militares\" \/>\n<meta property=\"article:publisher\" content=\"https:\/\/www.facebook.com\/EstrategiaMilitares\" \/>\n<meta property=\"article:published_time\" content=\"2024-01-29T23:43:44+00:00\" \/>\n<meta property=\"article:modified_time\" content=\"2024-01-29T23:52:18+00:00\" \/>\n<meta property=\"og:image\" content=\"https:\/\/militares.estrategia.com\/portal\/wp-content\/uploads\/2024\/01\/architecture-4392174_1280.jpg\" \/>\n\t<meta property=\"og:image:width\" content=\"1280\" \/>\n\t<meta property=\"og:image:height\" content=\"853\" \/>\n\t<meta property=\"og:image:type\" content=\"image\/jpeg\" \/>\n<meta name=\"author\" content=\"Vin\u00edcius Brigolini\" \/>\n<meta name=\"twitter:card\" content=\"summary_large_image\" \/>\n<meta name=\"twitter:creator\" content=\"@estrategiamilit\" \/>\n<meta name=\"twitter:site\" content=\"@estrategiamilit\" \/>\n<meta name=\"twitter:label1\" content=\"Escrito por\" \/>\n\t<meta name=\"twitter:data1\" content=\"Vin\u00edcius Brigolini\" \/>\n\t<meta name=\"twitter:label2\" content=\"Est. tempo de leitura\" \/>\n\t<meta name=\"twitter:data2\" content=\"4 minutos\" \/>\n<script type=\"application\/ld+json\" class=\"yoast-schema-graph\">{\"@context\":\"https:\/\/schema.org\",\"@graph\":[{\"@type\":\"Article\",\"@id\":\"https:\/\/militares.estrategia.com\/portal\/materias-e-dicas\/historia\/civilizacoes-classicas-roma-origem-e-o-periodo-monarquico\/#article\",\"isPartOf\":{\"@id\":\"https:\/\/militares.estrategia.com\/portal\/materias-e-dicas\/historia\/civilizacoes-classicas-roma-origem-e-o-periodo-monarquico\/\"},\"author\":{\"name\":\"Vin\u00edcius Brigolini\",\"@id\":\"https:\/\/militares.estrategia.com\/portal\/#\/schema\/person\/6587b50abb02ffb0d1d0b50c12a6b317\"},\"headline\":\"Civiliza\u00e7\u00f5es cl\u00e1ssicas: Roma, origem e o per\u00edodo mon\u00e1rquico!\",\"datePublished\":\"2024-01-29T23:43:44+00:00\",\"dateModified\":\"2024-01-29T23:52:18+00:00\",\"mainEntityOfPage\":{\"@id\":\"https:\/\/militares.estrategia.com\/portal\/materias-e-dicas\/historia\/civilizacoes-classicas-roma-origem-e-o-periodo-monarquico\/\"},\"wordCount\":855,\"publisher\":{\"@id\":\"https:\/\/militares.estrategia.com\/portal\/#organization\"},\"image\":{\"@id\":\"https:\/\/militares.estrategia.com\/portal\/materias-e-dicas\/historia\/civilizacoes-classicas-roma-origem-e-o-periodo-monarquico\/#primaryimage\"},\"thumbnailUrl\":\"https:\/\/militares.estrategia.com\/portal\/wp-content\/uploads\/2024\/01\/architecture-4392174_1280.jpg\",\"keywords\":[\"carreiramilitar\",\"ConcursosMilitares\"],\"articleSection\":[\"Hist\u00f3ria\"],\"inLanguage\":\"pt-BR\"},{\"@type\":\"WebPage\",\"@id\":\"https:\/\/militares.estrategia.com\/portal\/materias-e-dicas\/historia\/civilizacoes-classicas-roma-origem-e-o-periodo-monarquico\/\",\"url\":\"https:\/\/militares.estrategia.com\/portal\/materias-e-dicas\/historia\/civilizacoes-classicas-roma-origem-e-o-periodo-monarquico\/\",\"name\":\"Civiliza\u00e7\u00f5es cl\u00e1ssicas: Roma, origem e o per\u00edodo mon\u00e1rquico!\",\"isPartOf\":{\"@id\":\"https:\/\/militares.estrategia.com\/portal\/#website\"},\"primaryImageOfPage\":{\"@id\":\"https:\/\/militares.estrategia.com\/portal\/materias-e-dicas\/historia\/civilizacoes-classicas-roma-origem-e-o-periodo-monarquico\/#primaryimage\"},\"image\":{\"@id\":\"https:\/\/militares.estrategia.com\/portal\/materias-e-dicas\/historia\/civilizacoes-classicas-roma-origem-e-o-periodo-monarquico\/#primaryimage\"},\"thumbnailUrl\":\"https:\/\/militares.estrategia.com\/portal\/wp-content\/uploads\/2024\/01\/architecture-4392174_1280.jpg\",\"datePublished\":\"2024-01-29T23:43:44+00:00\",\"dateModified\":\"2024-01-29T23:52:18+00:00\",\"description\":\"O Imp\u00e9rio Romano marcou a hist\u00f3ria, e a cultura romana permanece viva at\u00e9 os dias de hoje. Clique aqui para saber origem dessa civiliza\u00e7\u00e3o!\",\"breadcrumb\":{\"@id\":\"https:\/\/militares.estrategia.com\/portal\/materias-e-dicas\/historia\/civilizacoes-classicas-roma-origem-e-o-periodo-monarquico\/#breadcrumb\"},\"inLanguage\":\"pt-BR\",\"potentialAction\":[{\"@type\":\"ReadAction\",\"target\":[\"https:\/\/militares.estrategia.com\/portal\/materias-e-dicas\/historia\/civilizacoes-classicas-roma-origem-e-o-periodo-monarquico\/\"]}]},{\"@type\":\"ImageObject\",\"inLanguage\":\"pt-BR\",\"@id\":\"https:\/\/militares.estrategia.com\/portal\/materias-e-dicas\/historia\/civilizacoes-classicas-roma-origem-e-o-periodo-monarquico\/#primaryimage\",\"url\":\"https:\/\/militares.estrategia.com\/portal\/wp-content\/uploads\/2024\/01\/architecture-4392174_1280.jpg\",\"contentUrl\":\"https:\/\/militares.estrategia.com\/portal\/wp-content\/uploads\/2024\/01\/architecture-4392174_1280.jpg\",\"width\":1280,\"height\":853,\"caption\":\"Imp\u00e9rio Romano\"},{\"@type\":\"BreadcrumbList\",\"@id\":\"https:\/\/militares.estrategia.com\/portal\/materias-e-dicas\/historia\/civilizacoes-classicas-roma-origem-e-o-periodo-monarquico\/#breadcrumb\",\"itemListElement\":[{\"@type\":\"ListItem\",\"position\":1,\"name\":\"Home\",\"item\":\"https:\/\/militares.estrategia.com\/portal\/\"},{\"@type\":\"ListItem\",\"position\":2,\"name\":\"Mat\u00e9rias e Dicas\",\"item\":\"https:\/\/militares.estrategia.com\/portal\/materias-e-dicas\/\"},{\"@type\":\"ListItem\",\"position\":3,\"name\":\"Hist\u00f3ria\",\"item\":\"https:\/\/militares.estrategia.com\/portal\/materias-e-dicas\/historia\/\"},{\"@type\":\"ListItem\",\"position\":4,\"name\":\"Civiliza\u00e7\u00f5es cl\u00e1ssicas: Roma, origem e o per\u00edodo mon\u00e1rquico!\"}]},{\"@type\":\"WebSite\",\"@id\":\"https:\/\/militares.estrategia.com\/portal\/#website\",\"url\":\"https:\/\/militares.estrategia.com\/portal\/\",\"name\":\"Estrat\u00e9gia Militares\",\"description\":\"\",\"publisher\":{\"@id\":\"https:\/\/militares.estrategia.com\/portal\/#organization\"},\"potentialAction\":[{\"@type\":\"SearchAction\",\"target\":{\"@type\":\"EntryPoint\",\"urlTemplate\":\"https:\/\/militares.estrategia.com\/portal\/?s={search_term_string}\"},\"query-input\":{\"@type\":\"PropertyValueSpecification\",\"valueRequired\":true,\"valueName\":\"search_term_string\"}}],\"inLanguage\":\"pt-BR\"},{\"@type\":\"Organization\",\"@id\":\"https:\/\/militares.estrategia.com\/portal\/#organization\",\"name\":\"Estrat\u00e9gia Militares\",\"url\":\"https:\/\/militares.estrategia.com\/portal\/\",\"logo\":{\"@type\":\"ImageObject\",\"inLanguage\":\"pt-BR\",\"@id\":\"https:\/\/militares.estrategia.com\/portal\/#\/schema\/logo\/image\/\",\"url\":\"https:\/\/militares.estrategia.com\/portal\/wp-content\/uploads\/2021\/10\/logo-militares.webp\",\"contentUrl\":\"https:\/\/militares.estrategia.com\/portal\/wp-content\/uploads\/2021\/10\/logo-militares.webp\",\"width\":346,\"height\":90,\"caption\":\"Estrat\u00e9gia Militares\"},\"image\":{\"@id\":\"https:\/\/militares.estrategia.com\/portal\/#\/schema\/logo\/image\/\"},\"sameAs\":[\"https:\/\/www.facebook.com\/EstrategiaMilitares\",\"https:\/\/x.com\/estrategiamilit\",\"https:\/\/www.instagram.com\/estrategiamilitares\/\",\"https:\/\/www.youtube.com\/channel\/UCRG_9hakCqXxnj_8TqCdgTA\"]},{\"@type\":\"Person\",\"@id\":\"https:\/\/militares.estrategia.com\/portal\/#\/schema\/person\/6587b50abb02ffb0d1d0b50c12a6b317\",\"name\":\"Vin\u00edcius Brigolini\",\"image\":{\"@type\":\"ImageObject\",\"inLanguage\":\"pt-BR\",\"@id\":\"https:\/\/militares.estrategia.com\/portal\/#\/schema\/person\/image\/\",\"url\":\"https:\/\/militares.estrategia.com\/portal\/wp-content\/uploads\/2021\/08\/Sem-titulo-150x150.jpg\",\"contentUrl\":\"https:\/\/militares.estrategia.com\/portal\/wp-content\/uploads\/2021\/08\/Sem-titulo-150x150.jpg\",\"caption\":\"Vin\u00edcius Brigolini\"},\"description\":\"Membro da turma Carcar\u00e1 de 2017 da For\u00e7a A\u00e9rea Brasileira. \u00c9 apaixonado pela avia\u00e7\u00e3o e pelo mundo militar!\",\"sameAs\":[\"https:\/\/www.instagram.com\/viniciusbgn\/\"],\"url\":\"https:\/\/militares.estrategia.com\/portal\/author\/vinicius-souza\/\"}]}<\/script>\n<!-- \/ Yoast SEO Premium plugin. -->","yoast_head_json":{"title":"Civiliza\u00e7\u00f5es cl\u00e1ssicas: Roma, origem e o per\u00edodo mon\u00e1rquico!","description":"O Imp\u00e9rio Romano marcou a hist\u00f3ria, e a cultura romana permanece viva at\u00e9 os dias de hoje. Clique aqui para saber origem dessa civiliza\u00e7\u00e3o!","robots":{"index":"index","follow":"follow","max-snippet":"max-snippet:-1","max-image-preview":"max-image-preview:large","max-video-preview":"max-video-preview:-1"},"canonical":"https:\/\/militares.estrategia.com\/portal\/materias-e-dicas\/historia\/civilizacoes-classicas-roma-origem-e-o-periodo-monarquico\/","og_locale":"pt_BR","og_type":"article","og_title":"Civiliza\u00e7\u00f5es cl\u00e1ssicas: Roma, origem e o per\u00edodo mon\u00e1rquico!","og_description":"O Imp\u00e9rio Romano marcou a hist\u00f3ria, e a cultura romana permanece viva at\u00e9 os dias de hoje. Clique aqui para saber origem dessa civiliza\u00e7\u00e3o!","og_url":"https:\/\/militares.estrategia.com\/portal\/materias-e-dicas\/historia\/civilizacoes-classicas-roma-origem-e-o-periodo-monarquico\/","og_site_name":"Estrat\u00e9gia Militares","article_publisher":"https:\/\/www.facebook.com\/EstrategiaMilitares","article_published_time":"2024-01-29T23:43:44+00:00","article_modified_time":"2024-01-29T23:52:18+00:00","og_image":[{"width":1280,"height":853,"url":"https:\/\/militares.estrategia.com\/portal\/wp-content\/uploads\/2024\/01\/architecture-4392174_1280.jpg","type":"image\/jpeg"}],"author":"Vin\u00edcius Brigolini","twitter_card":"summary_large_image","twitter_creator":"@estrategiamilit","twitter_site":"@estrategiamilit","twitter_misc":{"Escrito por":"Vin\u00edcius Brigolini","Est. tempo de leitura":"4 minutos"},"schema":{"@context":"https:\/\/schema.org","@graph":[{"@type":"Article","@id":"https:\/\/militares.estrategia.com\/portal\/materias-e-dicas\/historia\/civilizacoes-classicas-roma-origem-e-o-periodo-monarquico\/#article","isPartOf":{"@id":"https:\/\/militares.estrategia.com\/portal\/materias-e-dicas\/historia\/civilizacoes-classicas-roma-origem-e-o-periodo-monarquico\/"},"author":{"name":"Vin\u00edcius Brigolini","@id":"https:\/\/militares.estrategia.com\/portal\/#\/schema\/person\/6587b50abb02ffb0d1d0b50c12a6b317"},"headline":"Civiliza\u00e7\u00f5es cl\u00e1ssicas: Roma, origem e o per\u00edodo mon\u00e1rquico!","datePublished":"2024-01-29T23:43:44+00:00","dateModified":"2024-01-29T23:52:18+00:00","mainEntityOfPage":{"@id":"https:\/\/militares.estrategia.com\/portal\/materias-e-dicas\/historia\/civilizacoes-classicas-roma-origem-e-o-periodo-monarquico\/"},"wordCount":855,"publisher":{"@id":"https:\/\/militares.estrategia.com\/portal\/#organization"},"image":{"@id":"https:\/\/militares.estrategia.com\/portal\/materias-e-dicas\/historia\/civilizacoes-classicas-roma-origem-e-o-periodo-monarquico\/#primaryimage"},"thumbnailUrl":"https:\/\/militares.estrategia.com\/portal\/wp-content\/uploads\/2024\/01\/architecture-4392174_1280.jpg","keywords":["carreiramilitar","ConcursosMilitares"],"articleSection":["Hist\u00f3ria"],"inLanguage":"pt-BR"},{"@type":"WebPage","@id":"https:\/\/militares.estrategia.com\/portal\/materias-e-dicas\/historia\/civilizacoes-classicas-roma-origem-e-o-periodo-monarquico\/","url":"https:\/\/militares.estrategia.com\/portal\/materias-e-dicas\/historia\/civilizacoes-classicas-roma-origem-e-o-periodo-monarquico\/","name":"Civiliza\u00e7\u00f5es cl\u00e1ssicas: Roma, origem e o per\u00edodo mon\u00e1rquico!","isPartOf":{"@id":"https:\/\/militares.estrategia.com\/portal\/#website"},"primaryImageOfPage":{"@id":"https:\/\/militares.estrategia.com\/portal\/materias-e-dicas\/historia\/civilizacoes-classicas-roma-origem-e-o-periodo-monarquico\/#primaryimage"},"image":{"@id":"https:\/\/militares.estrategia.com\/portal\/materias-e-dicas\/historia\/civilizacoes-classicas-roma-origem-e-o-periodo-monarquico\/#primaryimage"},"thumbnailUrl":"https:\/\/militares.estrategia.com\/portal\/wp-content\/uploads\/2024\/01\/architecture-4392174_1280.jpg","datePublished":"2024-01-29T23:43:44+00:00","dateModified":"2024-01-29T23:52:18+00:00","description":"O Imp\u00e9rio Romano marcou a hist\u00f3ria, e a cultura romana permanece viva at\u00e9 os dias de hoje. Clique aqui para saber origem dessa civiliza\u00e7\u00e3o!","breadcrumb":{"@id":"https:\/\/militares.estrategia.com\/portal\/materias-e-dicas\/historia\/civilizacoes-classicas-roma-origem-e-o-periodo-monarquico\/#breadcrumb"},"inLanguage":"pt-BR","potentialAction":[{"@type":"ReadAction","target":["https:\/\/militares.estrategia.com\/portal\/materias-e-dicas\/historia\/civilizacoes-classicas-roma-origem-e-o-periodo-monarquico\/"]}]},{"@type":"ImageObject","inLanguage":"pt-BR","@id":"https:\/\/militares.estrategia.com\/portal\/materias-e-dicas\/historia\/civilizacoes-classicas-roma-origem-e-o-periodo-monarquico\/#primaryimage","url":"https:\/\/militares.estrategia.com\/portal\/wp-content\/uploads\/2024\/01\/architecture-4392174_1280.jpg","contentUrl":"https:\/\/militares.estrategia.com\/portal\/wp-content\/uploads\/2024\/01\/architecture-4392174_1280.jpg","width":1280,"height":853,"caption":"Imp\u00e9rio Romano"},{"@type":"BreadcrumbList","@id":"https:\/\/militares.estrategia.com\/portal\/materias-e-dicas\/historia\/civilizacoes-classicas-roma-origem-e-o-periodo-monarquico\/#breadcrumb","itemListElement":[{"@type":"ListItem","position":1,"name":"Home","item":"https:\/\/militares.estrategia.com\/portal\/"},{"@type":"ListItem","position":2,"name":"Mat\u00e9rias e Dicas","item":"https:\/\/militares.estrategia.com\/portal\/materias-e-dicas\/"},{"@type":"ListItem","position":3,"name":"Hist\u00f3ria","item":"https:\/\/militares.estrategia.com\/portal\/materias-e-dicas\/historia\/"},{"@type":"ListItem","position":4,"name":"Civiliza\u00e7\u00f5es cl\u00e1ssicas: Roma, origem e o per\u00edodo mon\u00e1rquico!"}]},{"@type":"WebSite","@id":"https:\/\/militares.estrategia.com\/portal\/#website","url":"https:\/\/militares.estrategia.com\/portal\/","name":"Estrat\u00e9gia Militares","description":"","publisher":{"@id":"https:\/\/militares.estrategia.com\/portal\/#organization"},"potentialAction":[{"@type":"SearchAction","target":{"@type":"EntryPoint","urlTemplate":"https:\/\/militares.estrategia.com\/portal\/?s={search_term_string}"},"query-input":{"@type":"PropertyValueSpecification","valueRequired":true,"valueName":"search_term_string"}}],"inLanguage":"pt-BR"},{"@type":"Organization","@id":"https:\/\/militares.estrategia.com\/portal\/#organization","name":"Estrat\u00e9gia Militares","url":"https:\/\/militares.estrategia.com\/portal\/","logo":{"@type":"ImageObject","inLanguage":"pt-BR","@id":"https:\/\/militares.estrategia.com\/portal\/#\/schema\/logo\/image\/","url":"https:\/\/militares.estrategia.com\/portal\/wp-content\/uploads\/2021\/10\/logo-militares.webp","contentUrl":"https:\/\/militares.estrategia.com\/portal\/wp-content\/uploads\/2021\/10\/logo-militares.webp","width":346,"height":90,"caption":"Estrat\u00e9gia Militares"},"image":{"@id":"https:\/\/militares.estrategia.com\/portal\/#\/schema\/logo\/image\/"},"sameAs":["https:\/\/www.facebook.com\/EstrategiaMilitares","https:\/\/x.com\/estrategiamilit","https:\/\/www.instagram.com\/estrategiamilitares\/","https:\/\/www.youtube.com\/channel\/UCRG_9hakCqXxnj_8TqCdgTA"]},{"@type":"Person","@id":"https:\/\/militares.estrategia.com\/portal\/#\/schema\/person\/6587b50abb02ffb0d1d0b50c12a6b317","name":"Vin\u00edcius Brigolini","image":{"@type":"ImageObject","inLanguage":"pt-BR","@id":"https:\/\/militares.estrategia.com\/portal\/#\/schema\/person\/image\/","url":"https:\/\/militares.estrategia.com\/portal\/wp-content\/uploads\/2021\/08\/Sem-titulo-150x150.jpg","contentUrl":"https:\/\/militares.estrategia.com\/portal\/wp-content\/uploads\/2021\/08\/Sem-titulo-150x150.jpg","caption":"Vin\u00edcius Brigolini"},"description":"Membro da turma Carcar\u00e1 de 2017 da For\u00e7a A\u00e9rea Brasileira. \u00c9 apaixonado pela avia\u00e7\u00e3o e pelo mundo militar!","sameAs":["https:\/\/www.instagram.com\/viniciusbgn\/"],"url":"https:\/\/militares.estrategia.com\/portal\/author\/vinicius-souza\/"}]}},"_wl_alt_label":[],"wl:entity_url":"https:\/\/data.wordlift.io\/wl110246\/post\/civilizacoes-classicas-roma-origens-e-o-periodo-monarquico-73253-2","_links":{"self":[{"href":"https:\/\/militares.estrategia.com\/portal\/wp-json\/wp\/v2\/posts\/73253","targetHints":{"allow":["GET"]}}],"collection":[{"href":"https:\/\/militares.estrategia.com\/portal\/wp-json\/wp\/v2\/posts"}],"about":[{"href":"https:\/\/militares.estrategia.com\/portal\/wp-json\/wp\/v2\/types\/post"}],"author":[{"embeddable":true,"href":"https:\/\/militares.estrategia.com\/portal\/wp-json\/wp\/v2\/users\/52"}],"replies":[{"embeddable":true,"href":"https:\/\/militares.estrategia.com\/portal\/wp-json\/wp\/v2\/comments?post=73253"}],"version-history":[{"count":5,"href":"https:\/\/militares.estrategia.com\/portal\/wp-json\/wp\/v2\/posts\/73253\/revisions"}],"predecessor-version":[{"id":73263,"href":"https:\/\/militares.estrategia.com\/portal\/wp-json\/wp\/v2\/posts\/73253\/revisions\/73263"}],"wp:featuredmedia":[{"embeddable":true,"href":"https:\/\/militares.estrategia.com\/portal\/wp-json\/wp\/v2\/media\/73256"}],"wp:attachment":[{"href":"https:\/\/militares.estrategia.com\/portal\/wp-json\/wp\/v2\/media?parent=73253"}],"wp:term":[{"taxonomy":"category","embeddable":true,"href":"https:\/\/militares.estrategia.com\/portal\/wp-json\/wp\/v2\/categories?post=73253"},{"taxonomy":"post_tag","embeddable":true,"href":"https:\/\/militares.estrategia.com\/portal\/wp-json\/wp\/v2\/tags?post=73253"},{"taxonomy":"wl_entity_type","embeddable":true,"href":"https:\/\/militares.estrategia.com\/portal\/wp-json\/wp\/v2\/wl_entity_type?post=73253"}],"curies":[{"name":"wp","href":"https:\/\/api.w.org\/{rel}","templated":true}]}}