{"id":72959,"date":"2024-01-15T11:15:40","date_gmt":"2024-01-15T14:15:40","guid":{"rendered":"https:\/\/militares.estrategia.com\/portal\/?p=72959"},"modified":"2024-01-23T19:00:36","modified_gmt":"2024-01-23T22:00:36","slug":"escola-naval-confira-a-convocacao-da-reserva","status":"publish","type":"post","link":"https:\/\/militares.estrategia.com\/portal\/noticias\/escola-naval-confira-a-convocacao-da-reserva\/","title":{"rendered":"Escola Naval divulga convoca\u00e7\u00e3o de candidatos reservas"},"content":{"rendered":"\n<p>O Servi\u00e7o de Sele\u00e7\u00e3o do Pessoal da Marinha divulgou, nos dia 15 e 23 de janeiro,\u00a0<strong>os nomes dos candidatos reservas convocados para o Per\u00edodo de Adapta\u00e7\u00e3o.<\/strong>\u00a0Os reservas s\u00e3o convocados quando os<a href=\"https:\/\/militares.estrategia.com\/portal\/noticias\/resultado-final-escola-naval-2022-e-enxoval\/\" target=\"_blank\" > titulares\u00a0<\/a>desistem, faltam ou n\u00e3o se habilitam \u00e0 matr\u00edcula, mesmo ap\u00f3s passarem por todas as etapas do Concurso Escola Naval 2023.<\/p>\n\n\n\n<p>Confira os nomes e as instru\u00e7\u00f5es para a concentra\u00e7\u00e3o final no documento abaixo!<\/p>\n\n\n\n<div class=\"wp-block-buttons is-content-justification-center is-layout-flex wp-container-core-buttons-is-layout-1 wp-block-buttons-is-layout-flex\">\n<div class=\"wp-block-button is-style-outline is-style-outline--1\"><a class=\"wp-block-button__link has-electric-grass-gradient-background has-background wp-element-button\" href=\"https:\/\/militares.estrategia.com\/portal\/wp-content\/uploads\/2024\/01\/1ConvocResCPAEN-2023-1.pdf\" style=\"border-radius:100px\" target=\"_blank\" >1<sup>a<\/sup> Convoca\u00e7\u00e3o de reservas<\/a><\/div>\n\n\n\n<div class=\"wp-block-button is-style-outline is-style-outline--2\"><a class=\"wp-block-button__link has-electric-grass-gradient-background has-background wp-element-button\" href=\"https:\/\/militares.estrategia.com\/portal\/wp-content\/uploads\/2024\/01\/3a-ConvocResEN23.pdf\" style=\"border-radius:100px\" target=\"_blank\" > 2<sup>a <\/sup>Convoca\u00e7\u00e3o de reservas<\/a><\/div>\n<\/div>\n\n\n\n<p>Os Candidatos da 2<sup>a<\/sup> convoca\u00e7\u00e3o de reservas dever\u00e3o se apresentar na Escola Naval, situada na Avenida Almirante S\u00edlvio de Noronha, s\/n\u00ba &#8211; Centro, Rio de Janeiro, RJ, no dia 26 de janeiro de 2024 at\u00e9 16h, para o in\u00edcio do Per\u00edodo de Adapta\u00e7\u00e3o.<\/p>\n\n\n\n<p>O documento tamb\u00e9m lista uma s\u00e9rie de itens que devem compor a mala dos candidatos e que ser\u00e3o necess\u00e1rios durante o per\u00edodo de adapta\u00e7\u00e3o.<\/p>\n\n\n\n<p>Quer saber mais sobre a Escola Naval? N\u00e3o deixe para come\u00e7ar a estudar na \u00faltima hora. Conhe\u00e7a os nossos cursos e o Banco de Quest\u00f5es do Estrat\u00e9gia Militares!<\/p>\n\n\n\n\n\n<p><\/p>\n","protected":false},"excerpt":{"rendered":"O Servi\u00e7o de Sele\u00e7\u00e3o do Pessoal da Marinha divulgou, nos dia 15 e 23 de janeiro,\u00a0os nomes dos&hellip;\n","protected":false},"author":18,"featured_media":46170,"comment_status":"closed","ping_status":"closed","sticky":false,"template":"","format":"standard","meta":{"wl_entities_gutenberg":"","footnotes":""},"categories":[36],"tags":[],"wl_entity_type":[187],"class_list":{"0":"post-72959","1":"post","2":"type-post","3":"status-publish","4":"format-standard","5":"has-post-thumbnail","7":"category-noticias","8":"wl_entity_type-article"},"acf":[],"yoast_head":"<!-- This site is optimized with the Yoast SEO Premium plugin v26.6 (Yoast SEO v26.6) - https:\/\/yoast.com\/wordpress\/plugins\/seo\/ -->\n<title>Escola Naval divulga convoca\u00e7\u00e3o de candidatos reservas<\/title>\n<meta name=\"description\" content=\"A Marinha divulgou, nesta segunda, dia 15 de janeiro,\u00a0os nomes dos candidatos reservas convocadas para o Per\u00edodo de Adapta\u00e7\u00e3o da Escola Naval\u00a0\" \/>\n<meta name=\"robots\" content=\"index, follow, max-snippet:-1, max-image-preview:large, max-video-preview:-1\" \/>\n<link rel=\"canonical\" href=\"https:\/\/militares.estrategia.com\/portal\/noticias\/escola-naval-confira-a-convocacao-da-reserva\/\" \/>\n<meta property=\"og:locale\" content=\"pt_BR\" \/>\n<meta property=\"og:type\" content=\"article\" \/>\n<meta property=\"og:title\" content=\"Escola Naval divulga convoca\u00e7\u00e3o de candidatos reservas\" \/>\n<meta property=\"og:description\" content=\"A Marinha divulgou, nesta segunda, dia 15 de janeiro,\u00a0os nomes dos candidatos reservas convocadas para o Per\u00edodo de Adapta\u00e7\u00e3o da Escola Naval\u00a0\" \/>\n<meta property=\"og:url\" content=\"https:\/\/militares.estrategia.com\/portal\/noticias\/escola-naval-confira-a-convocacao-da-reserva\/\" \/>\n<meta property=\"og:site_name\" content=\"Estrat\u00e9gia Militares\" \/>\n<meta property=\"article:publisher\" content=\"https:\/\/www.facebook.com\/EstrategiaMilitares\" \/>\n<meta property=\"article:published_time\" content=\"2024-01-15T14:15:40+00:00\" \/>\n<meta property=\"article:modified_time\" content=\"2024-01-23T22:00:36+00:00\" \/>\n<meta property=\"og:image\" content=\"https:\/\/militares.estrategia.com\/portal\/wp-content\/uploads\/2021\/07\/750-420-max.jpg\" \/>\n\t<meta property=\"og:image:width\" content=\"750\" \/>\n\t<meta property=\"og:image:height\" content=\"420\" \/>\n\t<meta property=\"og:image:type\" content=\"image\/jpeg\" \/>\n<meta name=\"author\" content=\"Pedro Alcantara\" \/>\n<meta name=\"twitter:card\" content=\"summary_large_image\" \/>\n<meta name=\"twitter:creator\" content=\"@estrategiamilit\" \/>\n<meta name=\"twitter:site\" content=\"@estrategiamilit\" \/>\n<meta name=\"twitter:label1\" content=\"Escrito por\" \/>\n\t<meta name=\"twitter:data1\" content=\"Pedro Alcantara\" \/>\n\t<meta name=\"twitter:label2\" content=\"Est. tempo de leitura\" \/>\n\t<meta name=\"twitter:data2\" content=\"1 minuto\" \/>\n<script type=\"application\/ld+json\" class=\"yoast-schema-graph\">{\"@context\":\"https:\/\/schema.org\",\"@graph\":[{\"@type\":\"Article\",\"@id\":\"https:\/\/militares.estrategia.com\/portal\/noticias\/escola-naval-confira-a-convocacao-da-reserva\/#article\",\"isPartOf\":{\"@id\":\"https:\/\/militares.estrategia.com\/portal\/noticias\/escola-naval-confira-a-convocacao-da-reserva\/\"},\"author\":{\"name\":\"Pedro Alcantara\",\"@id\":\"https:\/\/militares.estrategia.com\/portal\/#\/schema\/person\/d52a8bb9d3a4693ffcfbe862dc250f79\"},\"headline\":\"Escola Naval divulga convoca\u00e7\u00e3o de candidatos reservas\",\"datePublished\":\"2024-01-15T14:15:40+00:00\",\"dateModified\":\"2024-01-23T22:00:36+00:00\",\"mainEntityOfPage\":{\"@id\":\"https:\/\/militares.estrategia.com\/portal\/noticias\/escola-naval-confira-a-convocacao-da-reserva\/\"},\"wordCount\":202,\"publisher\":{\"@id\":\"https:\/\/militares.estrategia.com\/portal\/#organization\"},\"image\":{\"@id\":\"https:\/\/militares.estrategia.com\/portal\/noticias\/escola-naval-confira-a-convocacao-da-reserva\/#primaryimage\"},\"thumbnailUrl\":\"https:\/\/militares.estrategia.com\/portal\/wp-content\/uploads\/2021\/07\/750-420-max.jpg\",\"articleSection\":[\"Not\u00edcias\"],\"inLanguage\":\"pt-BR\"},{\"@type\":\"WebPage\",\"@id\":\"https:\/\/militares.estrategia.com\/portal\/noticias\/escola-naval-confira-a-convocacao-da-reserva\/\",\"url\":\"https:\/\/militares.estrategia.com\/portal\/noticias\/escola-naval-confira-a-convocacao-da-reserva\/\",\"name\":\"Escola Naval divulga convoca\u00e7\u00e3o de candidatos reservas\",\"isPartOf\":{\"@id\":\"https:\/\/militares.estrategia.com\/portal\/#website\"},\"primaryImageOfPage\":{\"@id\":\"https:\/\/militares.estrategia.com\/portal\/noticias\/escola-naval-confira-a-convocacao-da-reserva\/#primaryimage\"},\"image\":{\"@id\":\"https:\/\/militares.estrategia.com\/portal\/noticias\/escola-naval-confira-a-convocacao-da-reserva\/#primaryimage\"},\"thumbnailUrl\":\"https:\/\/militares.estrategia.com\/portal\/wp-content\/uploads\/2021\/07\/750-420-max.jpg\",\"datePublished\":\"2024-01-15T14:15:40+00:00\",\"dateModified\":\"2024-01-23T22:00:36+00:00\",\"description\":\"A Marinha divulgou, nesta segunda, dia 15 de janeiro,\u00a0os nomes dos candidatos reservas convocadas para o Per\u00edodo de Adapta\u00e7\u00e3o da Escola Naval\u00a0\",\"breadcrumb\":{\"@id\":\"https:\/\/militares.estrategia.com\/portal\/noticias\/escola-naval-confira-a-convocacao-da-reserva\/#breadcrumb\"},\"inLanguage\":\"pt-BR\",\"potentialAction\":[{\"@type\":\"ReadAction\",\"target\":[\"https:\/\/militares.estrategia.com\/portal\/noticias\/escola-naval-confira-a-convocacao-da-reserva\/\"]}]},{\"@type\":\"ImageObject\",\"inLanguage\":\"pt-BR\",\"@id\":\"https:\/\/militares.estrategia.com\/portal\/noticias\/escola-naval-confira-a-convocacao-da-reserva\/#primaryimage\",\"url\":\"https:\/\/militares.estrategia.com\/portal\/wp-content\/uploads\/2021\/07\/750-420-max.jpg\",\"contentUrl\":\"https:\/\/militares.estrategia.com\/portal\/wp-content\/uploads\/2021\/07\/750-420-max.jpg\",\"width\":750,\"height\":420,\"caption\":\"Escola Naval\"},{\"@type\":\"BreadcrumbList\",\"@id\":\"https:\/\/militares.estrategia.com\/portal\/noticias\/escola-naval-confira-a-convocacao-da-reserva\/#breadcrumb\",\"itemListElement\":[{\"@type\":\"ListItem\",\"position\":1,\"name\":\"Home\",\"item\":\"https:\/\/militares.estrategia.com\/portal\/\"},{\"@type\":\"ListItem\",\"position\":2,\"name\":\"Not\u00edcias\",\"item\":\"https:\/\/militares.estrategia.com\/portal\/noticias\/\"},{\"@type\":\"ListItem\",\"position\":3,\"name\":\"Escola Naval divulga convoca\u00e7\u00e3o de candidatos reservas\"}]},{\"@type\":\"WebSite\",\"@id\":\"https:\/\/militares.estrategia.com\/portal\/#website\",\"url\":\"https:\/\/militares.estrategia.com\/portal\/\",\"name\":\"Estrat\u00e9gia Militares\",\"description\":\"\",\"publisher\":{\"@id\":\"https:\/\/militares.estrategia.com\/portal\/#organization\"},\"potentialAction\":[{\"@type\":\"SearchAction\",\"target\":{\"@type\":\"EntryPoint\",\"urlTemplate\":\"https:\/\/militares.estrategia.com\/portal\/?s={search_term_string}\"},\"query-input\":{\"@type\":\"PropertyValueSpecification\",\"valueRequired\":true,\"valueName\":\"search_term_string\"}}],\"inLanguage\":\"pt-BR\"},{\"@type\":\"Organization\",\"@id\":\"https:\/\/militares.estrategia.com\/portal\/#organization\",\"name\":\"Estrat\u00e9gia Militares\",\"url\":\"https:\/\/militares.estrategia.com\/portal\/\",\"logo\":{\"@type\":\"ImageObject\",\"inLanguage\":\"pt-BR\",\"@id\":\"https:\/\/militares.estrategia.com\/portal\/#\/schema\/logo\/image\/\",\"url\":\"https:\/\/militares.estrategia.com\/portal\/wp-content\/uploads\/2021\/10\/logo-militares.webp\",\"contentUrl\":\"https:\/\/militares.estrategia.com\/portal\/wp-content\/uploads\/2021\/10\/logo-militares.webp\",\"width\":346,\"height\":90,\"caption\":\"Estrat\u00e9gia Militares\"},\"image\":{\"@id\":\"https:\/\/militares.estrategia.com\/portal\/#\/schema\/logo\/image\/\"},\"sameAs\":[\"https:\/\/www.facebook.com\/EstrategiaMilitares\",\"https:\/\/x.com\/estrategiamilit\",\"https:\/\/www.instagram.com\/estrategiamilitares\/\",\"https:\/\/www.youtube.com\/channel\/UCRG_9hakCqXxnj_8TqCdgTA\"]},{\"@type\":\"Person\",\"@id\":\"https:\/\/militares.estrategia.com\/portal\/#\/schema\/person\/d52a8bb9d3a4693ffcfbe862dc250f79\",\"name\":\"Pedro Alcantara\",\"image\":{\"@type\":\"ImageObject\",\"inLanguage\":\"pt-BR\",\"@id\":\"https:\/\/militares.estrategia.com\/portal\/#\/schema\/person\/image\/\",\"url\":\"https:\/\/secure.gravatar.com\/avatar\/2ff815c569bab8558bec32641d54e1af?s=96&d=mm&r=g\",\"contentUrl\":\"https:\/\/secure.gravatar.com\/avatar\/2ff815c569bab8558bec32641d54e1af?s=96&d=mm&r=g\",\"caption\":\"Pedro Alcantara\"},\"url\":\"https:\/\/militares.estrategia.com\/portal\/author\/pedro\/\"}]}<\/script>\n<!-- \/ Yoast SEO Premium plugin. -->","yoast_head_json":{"title":"Escola Naval divulga convoca\u00e7\u00e3o de candidatos reservas","description":"A Marinha divulgou, nesta segunda, dia 15 de janeiro,\u00a0os nomes dos candidatos reservas convocadas para o Per\u00edodo de Adapta\u00e7\u00e3o da Escola Naval\u00a0","robots":{"index":"index","follow":"follow","max-snippet":"max-snippet:-1","max-image-preview":"max-image-preview:large","max-video-preview":"max-video-preview:-1"},"canonical":"https:\/\/militares.estrategia.com\/portal\/noticias\/escola-naval-confira-a-convocacao-da-reserva\/","og_locale":"pt_BR","og_type":"article","og_title":"Escola Naval divulga convoca\u00e7\u00e3o de candidatos reservas","og_description":"A Marinha divulgou, nesta segunda, dia 15 de janeiro,\u00a0os nomes dos candidatos reservas convocadas para o Per\u00edodo de Adapta\u00e7\u00e3o da Escola Naval\u00a0","og_url":"https:\/\/militares.estrategia.com\/portal\/noticias\/escola-naval-confira-a-convocacao-da-reserva\/","og_site_name":"Estrat\u00e9gia Militares","article_publisher":"https:\/\/www.facebook.com\/EstrategiaMilitares","article_published_time":"2024-01-15T14:15:40+00:00","article_modified_time":"2024-01-23T22:00:36+00:00","og_image":[{"width":750,"height":420,"url":"https:\/\/militares.estrategia.com\/portal\/wp-content\/uploads\/2021\/07\/750-420-max.jpg","type":"image\/jpeg"}],"author":"Pedro Alcantara","twitter_card":"summary_large_image","twitter_creator":"@estrategiamilit","twitter_site":"@estrategiamilit","twitter_misc":{"Escrito por":"Pedro Alcantara","Est. tempo de leitura":"1 minuto"},"schema":{"@context":"https:\/\/schema.org","@graph":[{"@type":"Article","@id":"https:\/\/militares.estrategia.com\/portal\/noticias\/escola-naval-confira-a-convocacao-da-reserva\/#article","isPartOf":{"@id":"https:\/\/militares.estrategia.com\/portal\/noticias\/escola-naval-confira-a-convocacao-da-reserva\/"},"author":{"name":"Pedro Alcantara","@id":"https:\/\/militares.estrategia.com\/portal\/#\/schema\/person\/d52a8bb9d3a4693ffcfbe862dc250f79"},"headline":"Escola Naval divulga convoca\u00e7\u00e3o de candidatos reservas","datePublished":"2024-01-15T14:15:40+00:00","dateModified":"2024-01-23T22:00:36+00:00","mainEntityOfPage":{"@id":"https:\/\/militares.estrategia.com\/portal\/noticias\/escola-naval-confira-a-convocacao-da-reserva\/"},"wordCount":202,"publisher":{"@id":"https:\/\/militares.estrategia.com\/portal\/#organization"},"image":{"@id":"https:\/\/militares.estrategia.com\/portal\/noticias\/escola-naval-confira-a-convocacao-da-reserva\/#primaryimage"},"thumbnailUrl":"https:\/\/militares.estrategia.com\/portal\/wp-content\/uploads\/2021\/07\/750-420-max.jpg","articleSection":["Not\u00edcias"],"inLanguage":"pt-BR"},{"@type":"WebPage","@id":"https:\/\/militares.estrategia.com\/portal\/noticias\/escola-naval-confira-a-convocacao-da-reserva\/","url":"https:\/\/militares.estrategia.com\/portal\/noticias\/escola-naval-confira-a-convocacao-da-reserva\/","name":"Escola Naval divulga convoca\u00e7\u00e3o de candidatos reservas","isPartOf":{"@id":"https:\/\/militares.estrategia.com\/portal\/#website"},"primaryImageOfPage":{"@id":"https:\/\/militares.estrategia.com\/portal\/noticias\/escola-naval-confira-a-convocacao-da-reserva\/#primaryimage"},"image":{"@id":"https:\/\/militares.estrategia.com\/portal\/noticias\/escola-naval-confira-a-convocacao-da-reserva\/#primaryimage"},"thumbnailUrl":"https:\/\/militares.estrategia.com\/portal\/wp-content\/uploads\/2021\/07\/750-420-max.jpg","datePublished":"2024-01-15T14:15:40+00:00","dateModified":"2024-01-23T22:00:36+00:00","description":"A Marinha divulgou, nesta segunda, dia 15 de janeiro,\u00a0os nomes dos candidatos reservas convocadas para o Per\u00edodo de Adapta\u00e7\u00e3o da Escola Naval\u00a0","breadcrumb":{"@id":"https:\/\/militares.estrategia.com\/portal\/noticias\/escola-naval-confira-a-convocacao-da-reserva\/#breadcrumb"},"inLanguage":"pt-BR","potentialAction":[{"@type":"ReadAction","target":["https:\/\/militares.estrategia.com\/portal\/noticias\/escola-naval-confira-a-convocacao-da-reserva\/"]}]},{"@type":"ImageObject","inLanguage":"pt-BR","@id":"https:\/\/militares.estrategia.com\/portal\/noticias\/escola-naval-confira-a-convocacao-da-reserva\/#primaryimage","url":"https:\/\/militares.estrategia.com\/portal\/wp-content\/uploads\/2021\/07\/750-420-max.jpg","contentUrl":"https:\/\/militares.estrategia.com\/portal\/wp-content\/uploads\/2021\/07\/750-420-max.jpg","width":750,"height":420,"caption":"Escola Naval"},{"@type":"BreadcrumbList","@id":"https:\/\/militares.estrategia.com\/portal\/noticias\/escola-naval-confira-a-convocacao-da-reserva\/#breadcrumb","itemListElement":[{"@type":"ListItem","position":1,"name":"Home","item":"https:\/\/militares.estrategia.com\/portal\/"},{"@type":"ListItem","position":2,"name":"Not\u00edcias","item":"https:\/\/militares.estrategia.com\/portal\/noticias\/"},{"@type":"ListItem","position":3,"name":"Escola Naval divulga convoca\u00e7\u00e3o de candidatos reservas"}]},{"@type":"WebSite","@id":"https:\/\/militares.estrategia.com\/portal\/#website","url":"https:\/\/militares.estrategia.com\/portal\/","name":"Estrat\u00e9gia Militares","description":"","publisher":{"@id":"https:\/\/militares.estrategia.com\/portal\/#organization"},"potentialAction":[{"@type":"SearchAction","target":{"@type":"EntryPoint","urlTemplate":"https:\/\/militares.estrategia.com\/portal\/?s={search_term_string}"},"query-input":{"@type":"PropertyValueSpecification","valueRequired":true,"valueName":"search_term_string"}}],"inLanguage":"pt-BR"},{"@type":"Organization","@id":"https:\/\/militares.estrategia.com\/portal\/#organization","name":"Estrat\u00e9gia Militares","url":"https:\/\/militares.estrategia.com\/portal\/","logo":{"@type":"ImageObject","inLanguage":"pt-BR","@id":"https:\/\/militares.estrategia.com\/portal\/#\/schema\/logo\/image\/","url":"https:\/\/militares.estrategia.com\/portal\/wp-content\/uploads\/2021\/10\/logo-militares.webp","contentUrl":"https:\/\/militares.estrategia.com\/portal\/wp-content\/uploads\/2021\/10\/logo-militares.webp","width":346,"height":90,"caption":"Estrat\u00e9gia Militares"},"image":{"@id":"https:\/\/militares.estrategia.com\/portal\/#\/schema\/logo\/image\/"},"sameAs":["https:\/\/www.facebook.com\/EstrategiaMilitares","https:\/\/x.com\/estrategiamilit","https:\/\/www.instagram.com\/estrategiamilitares\/","https:\/\/www.youtube.com\/channel\/UCRG_9hakCqXxnj_8TqCdgTA"]},{"@type":"Person","@id":"https:\/\/militares.estrategia.com\/portal\/#\/schema\/person\/d52a8bb9d3a4693ffcfbe862dc250f79","name":"Pedro Alcantara","image":{"@type":"ImageObject","inLanguage":"pt-BR","@id":"https:\/\/militares.estrategia.com\/portal\/#\/schema\/person\/image\/","url":"https:\/\/secure.gravatar.com\/avatar\/2ff815c569bab8558bec32641d54e1af?s=96&d=mm&r=g","contentUrl":"https:\/\/secure.gravatar.com\/avatar\/2ff815c569bab8558bec32641d54e1af?s=96&d=mm&r=g","caption":"Pedro Alcantara"},"url":"https:\/\/militares.estrategia.com\/portal\/author\/pedro\/"}]}},"_wl_alt_label":[],"wl:entity_url":"https:\/\/data.wordlift.io\/wl110246\/post\/escola-naval-divulga-1a-convocacao-de-candidatos-reservas-72959","_links":{"self":[{"href":"https:\/\/militares.estrategia.com\/portal\/wp-json\/wp\/v2\/posts\/72959","targetHints":{"allow":["GET"]}}],"collection":[{"href":"https:\/\/militares.estrategia.com\/portal\/wp-json\/wp\/v2\/posts"}],"about":[{"href":"https:\/\/militares.estrategia.com\/portal\/wp-json\/wp\/v2\/types\/post"}],"author":[{"embeddable":true,"href":"https:\/\/militares.estrategia.com\/portal\/wp-json\/wp\/v2\/users\/18"}],"replies":[{"embeddable":true,"href":"https:\/\/militares.estrategia.com\/portal\/wp-json\/wp\/v2\/comments?post=72959"}],"version-history":[{"count":2,"href":"https:\/\/militares.estrategia.com\/portal\/wp-json\/wp\/v2\/posts\/72959\/revisions"}],"predecessor-version":[{"id":73184,"href":"https:\/\/militares.estrategia.com\/portal\/wp-json\/wp\/v2\/posts\/72959\/revisions\/73184"}],"wp:featuredmedia":[{"embeddable":true,"href":"https:\/\/militares.estrategia.com\/portal\/wp-json\/wp\/v2\/media\/46170"}],"wp:attachment":[{"href":"https:\/\/militares.estrategia.com\/portal\/wp-json\/wp\/v2\/media?parent=72959"}],"wp:term":[{"taxonomy":"category","embeddable":true,"href":"https:\/\/militares.estrategia.com\/portal\/wp-json\/wp\/v2\/categories?post=72959"},{"taxonomy":"post_tag","embeddable":true,"href":"https:\/\/militares.estrategia.com\/portal\/wp-json\/wp\/v2\/tags?post=72959"},{"taxonomy":"wl_entity_type","embeddable":true,"href":"https:\/\/militares.estrategia.com\/portal\/wp-json\/wp\/v2\/wl_entity_type?post=72959"}],"curies":[{"name":"wp","href":"https:\/\/api.w.org\/{rel}","templated":true}]}}