{"id":72897,"date":"2024-01-08T18:23:23","date_gmt":"2024-01-08T21:23:23","guid":{"rendered":"https:\/\/militares.estrategia.com\/portal\/?p=72897"},"modified":"2024-01-08T18:23:32","modified_gmt":"2024-01-08T21:23:32","slug":"fn-2024-saiu-o-resultado-final-da-turma-i","status":"publish","type":"post","link":"https:\/\/militares.estrategia.com\/portal\/noticias\/fn-2024-saiu-o-resultado-final-da-turma-i\/","title":{"rendered":"FN 2024: saiu o resultado final da Turma I"},"content":{"rendered":"\n<p>A Marinha do Brasil divulgou nesta segunda-feira, 08 de janeiro, o resultado final da Turma I do Concurso Soldado Fuzileiro Naval 2024. A publica\u00e7\u00e3o foi feita na p\u00e1gina do seletivo na internet. Confira as informa\u00e7\u00f5es a seguir! <\/p>\n\n\n<div id=\"new-form\">\n\t<form id=\"forms_layout\">\n\t<input type=\"hidden\" id=\"chave_de\" name=\"chave_de\" value=\"01_EMIL_LEADS_TOTAIS\" \/>\n\t\t<input type=\"hidden\" id=\"mid\" name=\"mid\" value=\"515009017\" \/>\n\t\t<input type=\"hidden\" id=\"Objetivo\" name=\"Objetivo\" value=\"Militares\" \/>\n\t\t<input type=\"hidden\" id=\"Estado_de_Origem_do_IP\" name=\"Estado_de_Origem_do_IP\"  value=\"\" \/>\n\t\t<input type=\"hidden\" id=\"Cidade_de_Origem_do_IP\" name=\"Cidade_de_Origem_do_IP\" value=\"\" \/>\n\t\t<input type=\"hidden\" id=\"Modo_de_entrada\" name=\"Modo_de_entrada\" value=\"Portal\" \/>\n\t\t<input type=\"hidden\" id=\"Pagina_Origem\" name=\"Pagina_Origem\" value=\"\" \/>\n\n\t\t<div class=\"texto\">\n\t\t\t<h3 class=\"news\">Inscreva-se em nossa newsletter!<\/h3>\n\t\t\t<p>Receba not\u00edcias sobre os mais importantes concursos para as For\u00e7as Armadas brasileiras e informa\u00e7\u00f5es sobre o mundo militar!<\/p>\n\t\t<\/div>\n\t\t<div class=\"campos\">\n\t\t\t<div class=\"first_name labels\">\n\t\t\t\t<input type=\"text\" class=\"input_labels\" id=\"first_name\" name=\"Nome_Completo\" placeholder=\"Nome\" required \/>\n\t\t\t<\/div>\n\t\t\t<div class=\"email labels\">\n\t\t\t\t<input type=\"email\" class=\"input_labels\" id=\"email\" name=\"Email\" placeholder=\"E-mail\" required \/>\n\t\t\t<\/div>\n\t\t\t<button type=\"submit\" class=\"button_layout\">\n\t\t\t\t<div id=\"lblBotao\">Inscreva-se<\/div>\n\t\t\t\t<span id=\"divSpiner\" class=\"loader\" role=\"status\" style=\"display: none;\"><\/span>\t\n\t\t\t<\/button>\n\t\t<\/div><!-- \/campos -->\n\t\t\n\t\t<label class=\"container_checkbox\">Voc\u00ea concorda com a nossa\n\t\t\t<a class=\"politics_privacy_ahref\" target=\"_blank\" href=\"https:\/\/gratis.estrategiaconcursos.com.br\/politica-de-privacidade\/\">Pol\u00edtica de Privacidade<\/a> e aceita receber informa\u00e7\u00f5es adicionais do Estrat\u00e9gia Educacional.\n\t\t\t<input id=\"checkbox_layout\" type=\"checkbox\" checked=\"checked\" required \/>\n\t\t\t<span class=\"checkbox\"><\/span>\n\t\t<\/label>\n\t\t<div id=\"msg\"><\/div>\n\t\t<div id=\"error\" class=\"error\">\n\t\t<\/div>\n\t<\/form>\n<\/div><!-- \/new-form -->\n\n\n\n<p>No dia 10 de janeiro, todos os candidatos que foram aprovados e classificados para a Turma I de 2024 devem comparecer aos locais onde optaram por realizar as etapas do seletivo. Isso \u00e9 necess\u00e1rio para que possam receber as instru\u00e7\u00f5es sobre apresenta\u00e7\u00e3o em seu respectivo \u00d3rg\u00e3o de Forma\u00e7\u00e3o. Clique no bot\u00e3o abaixo para ler o conte\u00fado do documento: <\/p>\n\n\n\n<div class=\"wp-block-buttons is-content-justification-center is-layout-flex wp-container-core-buttons-is-layout-1 wp-block-buttons-is-layout-flex\">\n<div class=\"wp-block-button is-style-outline is-style-outline--1\"><a class=\"wp-block-button__link has-electric-grass-gradient-background has-background wp-element-button\" href=\"https:\/\/militares.estrategia.com\/portal\/wp-content\/uploads\/2024\/01\/Resultado-Final-FN-2024.pdf\" style=\"border-radius:100px\" target=\"_blank\" >Resultado turma i 2024<\/a><\/div>\n<\/div>\n\n\n\n<p>Aqueles que realizaram as etapas do concurso no Rio de Janeiro devem comparecer ao Posto de Recrutamento, localizado no CEFAN, no RJ. No entanto, \u00e9 preciso observar a distribui\u00e7\u00e3o dispon\u00edvel em no site do seletivo, no link &#8220;Convoca\u00e7\u00e3o Turma I 2024 RJ&#8221;.<\/p>\n\n\n\n<p>Aquele que foi aprovado e convocado, mas deixar de se apresentar na data determinada ao \u00f3rg\u00e3o de forma\u00e7\u00e3o para onde foi designado, vai ser eliminado do concurso.<\/p>\n\n\n\n<p>O Curso de Forma\u00e7\u00e3o de Soldados Fuzileiros Navais da Turma I\/2024 ser\u00e1 realizado nos seguintes \u00f3rg\u00e3os de forma\u00e7\u00e3o:<\/p>\n\n\n\n<ul class=\"wp-block-list\">\n<li>CIAMPA &#8211; Centro de Instru\u00e7\u00e3o Almirante Milc\u00edades Portela Alves &#8211; Avenida Brasil, n\u00ba 44.874 &#8211; Guandu do Sap\u00ea &#8211; Campo Grande &#8211; Rio de Janeiro-RJ.<\/li>\n\n\n\n<li>CIAB &#8211; Centro de Instru\u00e7\u00e3o e Adestramento de Bras\u00edlia &#8211; BR 040 &#8211; km 4,5 &#8211; Santa Maria &#8211; Bras\u00edlia-DF<\/li>\n<\/ul>\n\n\n\n<p>Se voc\u00ea sonha em se tornar um Soldado Fuzileiro Naval, n\u00e3o perca mais tempo! Seja um Coruja estudando com o Estrat\u00e9gia Militares. Temos o material did\u00e1tico mais completo para os seletivos militares. Clique no banner e conhe\u00e7a nossos cursos! <\/p>\n\n\n\n<p><strong><a id=\"cta\" class=\"cta-imagem\" href=\"https:\/\/militares.estrategia.com\/curso\/pacote-extensivo-para-fn-2024\/\" target=\"blank\">\n                <img decoding=\"async\" width=\"100%\" src=\"https:\/\/militares.estrategia.com\/portal\/wp-content\/uploads\/2023\/06\/CTA-FUZILEIRO-NAVAL-2.jpg\" alt=\"CTA FUZILEIRO NAVAL\" title=\"CTA FUZILEIRO NAVAL\">\n        <\/a><\/strong><\/p>\n\n\n","protected":false},"excerpt":{"rendered":"A Marinha do Brasil divulgou nesta segunda-feira, 08 de janeiro, o resultado final da Turma I do Concurso&hellip;\n","protected":false},"author":58,"featured_media":47128,"comment_status":"closed","ping_status":"closed","sticky":false,"template":"","format":"standard","meta":{"wl_entities_gutenberg":"","footnotes":""},"categories":[36],"tags":[58,64,313,162,161],"wl_entity_type":[187],"class_list":{"0":"post-72897","1":"post","2":"type-post","3":"status-publish","4":"format-standard","5":"has-post-thumbnail","7":"category-noticias","8":"tag-fuzileironaval","9":"tag-marinhadobrasil","10":"tag-313","11":"tag-carreiramilitar","12":"tag-concursosmilitares","13":"wl_entity_type-article"},"acf":[],"yoast_head":"<!-- This site is optimized with the Yoast SEO Premium plugin v26.6 (Yoast SEO v26.6) - https:\/\/yoast.com\/wordpress\/plugins\/seo\/ -->\n<title>FN 2024: saiu o resultado final da Turma I<\/title>\n<meta name=\"description\" content=\"A Marinha do Brasil divulgou o resultado final da Turma I do Concurso Soldado Fuzileiro Naval 2024. Confira os convocados!\" \/>\n<meta name=\"robots\" content=\"index, follow, max-snippet:-1, max-image-preview:large, max-video-preview:-1\" \/>\n<link rel=\"canonical\" href=\"https:\/\/militares.estrategia.com\/portal\/noticias\/fn-2024-saiu-o-resultado-final-da-turma-i\/\" \/>\n<meta property=\"og:locale\" content=\"pt_BR\" \/>\n<meta property=\"og:type\" content=\"article\" \/>\n<meta property=\"og:title\" content=\"FN 2024: saiu o resultado final da Turma I\" \/>\n<meta property=\"og:description\" content=\"A Marinha do Brasil divulgou o resultado final da Turma I do Concurso Soldado Fuzileiro Naval 2024. Confira os convocados!\" \/>\n<meta property=\"og:url\" content=\"https:\/\/militares.estrategia.com\/portal\/noticias\/fn-2024-saiu-o-resultado-final-da-turma-i\/\" \/>\n<meta property=\"og:site_name\" content=\"Estrat\u00e9gia Militares\" \/>\n<meta property=\"article:publisher\" content=\"https:\/\/www.facebook.com\/EstrategiaMilitares\" \/>\n<meta property=\"article:published_time\" content=\"2024-01-08T21:23:23+00:00\" \/>\n<meta property=\"article:modified_time\" content=\"2024-01-08T21:23:32+00:00\" \/>\n<meta property=\"og:image\" content=\"https:\/\/militares.estrategia.com\/portal\/wp-content\/uploads\/2021\/08\/Capas_Imagens-BLOG-2.jpg\" \/>\n\t<meta property=\"og:image:width\" content=\"960\" \/>\n\t<meta property=\"og:image:height\" content=\"540\" \/>\n\t<meta property=\"og:image:type\" content=\"image\/jpeg\" \/>\n<meta name=\"author\" content=\"Vanesca Soares\" \/>\n<meta name=\"twitter:card\" content=\"summary_large_image\" \/>\n<meta name=\"twitter:creator\" content=\"@estrategiamilit\" \/>\n<meta name=\"twitter:site\" content=\"@estrategiamilit\" \/>\n<meta name=\"twitter:label1\" content=\"Escrito por\" \/>\n\t<meta name=\"twitter:data1\" content=\"Vanesca Soares\" \/>\n\t<meta name=\"twitter:label2\" content=\"Est. tempo de leitura\" \/>\n\t<meta name=\"twitter:data2\" content=\"1 minuto\" \/>\n<script type=\"application\/ld+json\" class=\"yoast-schema-graph\">{\"@context\":\"https:\/\/schema.org\",\"@graph\":[{\"@type\":\"NewsArticle\",\"@id\":\"https:\/\/militares.estrategia.com\/portal\/noticias\/fn-2024-saiu-o-resultado-final-da-turma-i\/#article\",\"isPartOf\":{\"@id\":\"https:\/\/militares.estrategia.com\/portal\/noticias\/fn-2024-saiu-o-resultado-final-da-turma-i\/\"},\"author\":{\"name\":\"Vanesca Soares\",\"@id\":\"https:\/\/militares.estrategia.com\/portal\/#\/schema\/person\/5cfd387108cd0cdefab7eea7a9735dcc\"},\"headline\":\"FN 2024: saiu o resultado final da Turma I\",\"datePublished\":\"2024-01-08T21:23:23+00:00\",\"dateModified\":\"2024-01-08T21:23:32+00:00\",\"mainEntityOfPage\":{\"@id\":\"https:\/\/militares.estrategia.com\/portal\/noticias\/fn-2024-saiu-o-resultado-final-da-turma-i\/\"},\"wordCount\":294,\"publisher\":{\"@id\":\"https:\/\/militares.estrategia.com\/portal\/#organization\"},\"image\":{\"@id\":\"https:\/\/militares.estrategia.com\/portal\/noticias\/fn-2024-saiu-o-resultado-final-da-turma-i\/#primaryimage\"},\"thumbnailUrl\":\"https:\/\/militares.estrategia.com\/portal\/wp-content\/uploads\/2021\/08\/Capas_Imagens-BLOG-2.jpg\",\"keywords\":[\"#fuzileironaval\",\"#marinhadobrasil\",\"2024\",\"carreiramilitar\",\"ConcursosMilitares\"],\"articleSection\":[\"Not\u00edcias\"],\"inLanguage\":\"pt-BR\"},{\"@type\":\"WebPage\",\"@id\":\"https:\/\/militares.estrategia.com\/portal\/noticias\/fn-2024-saiu-o-resultado-final-da-turma-i\/\",\"url\":\"https:\/\/militares.estrategia.com\/portal\/noticias\/fn-2024-saiu-o-resultado-final-da-turma-i\/\",\"name\":\"FN 2024: saiu o resultado final da Turma I\",\"isPartOf\":{\"@id\":\"https:\/\/militares.estrategia.com\/portal\/#website\"},\"primaryImageOfPage\":{\"@id\":\"https:\/\/militares.estrategia.com\/portal\/noticias\/fn-2024-saiu-o-resultado-final-da-turma-i\/#primaryimage\"},\"image\":{\"@id\":\"https:\/\/militares.estrategia.com\/portal\/noticias\/fn-2024-saiu-o-resultado-final-da-turma-i\/#primaryimage\"},\"thumbnailUrl\":\"https:\/\/militares.estrategia.com\/portal\/wp-content\/uploads\/2021\/08\/Capas_Imagens-BLOG-2.jpg\",\"datePublished\":\"2024-01-08T21:23:23+00:00\",\"dateModified\":\"2024-01-08T21:23:32+00:00\",\"description\":\"A Marinha do Brasil divulgou o resultado final da Turma I do Concurso Soldado Fuzileiro Naval 2024. Confira os convocados!\",\"breadcrumb\":{\"@id\":\"https:\/\/militares.estrategia.com\/portal\/noticias\/fn-2024-saiu-o-resultado-final-da-turma-i\/#breadcrumb\"},\"inLanguage\":\"pt-BR\",\"potentialAction\":[{\"@type\":\"ReadAction\",\"target\":[\"https:\/\/militares.estrategia.com\/portal\/noticias\/fn-2024-saiu-o-resultado-final-da-turma-i\/\"]}]},{\"@type\":\"ImageObject\",\"inLanguage\":\"pt-BR\",\"@id\":\"https:\/\/militares.estrategia.com\/portal\/noticias\/fn-2024-saiu-o-resultado-final-da-turma-i\/#primaryimage\",\"url\":\"https:\/\/militares.estrategia.com\/portal\/wp-content\/uploads\/2021\/08\/Capas_Imagens-BLOG-2.jpg\",\"contentUrl\":\"https:\/\/militares.estrategia.com\/portal\/wp-content\/uploads\/2021\/08\/Capas_Imagens-BLOG-2.jpg\",\"width\":960,\"height\":540,\"caption\":\"fuzileiro naval\"},{\"@type\":\"BreadcrumbList\",\"@id\":\"https:\/\/militares.estrategia.com\/portal\/noticias\/fn-2024-saiu-o-resultado-final-da-turma-i\/#breadcrumb\",\"itemListElement\":[{\"@type\":\"ListItem\",\"position\":1,\"name\":\"Home\",\"item\":\"https:\/\/militares.estrategia.com\/portal\/\"},{\"@type\":\"ListItem\",\"position\":2,\"name\":\"Not\u00edcias\",\"item\":\"https:\/\/militares.estrategia.com\/portal\/noticias\/\"},{\"@type\":\"ListItem\",\"position\":3,\"name\":\"FN 2024: saiu o resultado final da Turma I\"}]},{\"@type\":\"WebSite\",\"@id\":\"https:\/\/militares.estrategia.com\/portal\/#website\",\"url\":\"https:\/\/militares.estrategia.com\/portal\/\",\"name\":\"Estrat\u00e9gia Militares\",\"description\":\"\",\"publisher\":{\"@id\":\"https:\/\/militares.estrategia.com\/portal\/#organization\"},\"potentialAction\":[{\"@type\":\"SearchAction\",\"target\":{\"@type\":\"EntryPoint\",\"urlTemplate\":\"https:\/\/militares.estrategia.com\/portal\/?s={search_term_string}\"},\"query-input\":{\"@type\":\"PropertyValueSpecification\",\"valueRequired\":true,\"valueName\":\"search_term_string\"}}],\"inLanguage\":\"pt-BR\"},{\"@type\":\"Organization\",\"@id\":\"https:\/\/militares.estrategia.com\/portal\/#organization\",\"name\":\"Estrat\u00e9gia Militares\",\"url\":\"https:\/\/militares.estrategia.com\/portal\/\",\"logo\":{\"@type\":\"ImageObject\",\"inLanguage\":\"pt-BR\",\"@id\":\"https:\/\/militares.estrategia.com\/portal\/#\/schema\/logo\/image\/\",\"url\":\"https:\/\/militares.estrategia.com\/portal\/wp-content\/uploads\/2021\/10\/logo-militares.webp\",\"contentUrl\":\"https:\/\/militares.estrategia.com\/portal\/wp-content\/uploads\/2021\/10\/logo-militares.webp\",\"width\":346,\"height\":90,\"caption\":\"Estrat\u00e9gia Militares\"},\"image\":{\"@id\":\"https:\/\/militares.estrategia.com\/portal\/#\/schema\/logo\/image\/\"},\"sameAs\":[\"https:\/\/www.facebook.com\/EstrategiaMilitares\",\"https:\/\/x.com\/estrategiamilit\",\"https:\/\/www.instagram.com\/estrategiamilitares\/\",\"https:\/\/www.youtube.com\/channel\/UCRG_9hakCqXxnj_8TqCdgTA\"]},{\"@type\":\"Person\",\"@id\":\"https:\/\/militares.estrategia.com\/portal\/#\/schema\/person\/5cfd387108cd0cdefab7eea7a9735dcc\",\"name\":\"Vanesca Soares\",\"image\":{\"@type\":\"ImageObject\",\"inLanguage\":\"pt-BR\",\"@id\":\"https:\/\/militares.estrategia.com\/portal\/#\/schema\/person\/image\/\",\"url\":\"https:\/\/militares.estrategia.com\/portal\/wp-content\/uploads\/2021\/10\/FB_IMG_1634215702135-150x150.webp\",\"contentUrl\":\"https:\/\/militares.estrategia.com\/portal\/wp-content\/uploads\/2021\/10\/FB_IMG_1634215702135-150x150.webp\",\"caption\":\"Vanesca Soares\"},\"description\":\"Vanesca Soares foi Primeiro Tenente da Marinha do Brasil. Jornalista de forma\u00e7\u00e3o, ama todas as artes, principalmente a Literatura e o Cinema. Capaz de ficar em casa lendo um bom livro ao inv\u00e9s de ir para a balada, entende que ler \u00e9 uma grande viagem. Ama filmes hist\u00f3ricos, biografias, drama, thrillers, terror e tudo sobre os anos 1980. Principalmente a m\u00fasica!\",\"url\":\"https:\/\/militares.estrategia.com\/portal\/author\/vanesca-soares\/\"}]}<\/script>\n<!-- \/ Yoast SEO Premium plugin. -->","yoast_head_json":{"title":"FN 2024: saiu o resultado final da Turma I","description":"A Marinha do Brasil divulgou o resultado final da Turma I do Concurso Soldado Fuzileiro Naval 2024. Confira os convocados!","robots":{"index":"index","follow":"follow","max-snippet":"max-snippet:-1","max-image-preview":"max-image-preview:large","max-video-preview":"max-video-preview:-1"},"canonical":"https:\/\/militares.estrategia.com\/portal\/noticias\/fn-2024-saiu-o-resultado-final-da-turma-i\/","og_locale":"pt_BR","og_type":"article","og_title":"FN 2024: saiu o resultado final da Turma I","og_description":"A Marinha do Brasil divulgou o resultado final da Turma I do Concurso Soldado Fuzileiro Naval 2024. Confira os convocados!","og_url":"https:\/\/militares.estrategia.com\/portal\/noticias\/fn-2024-saiu-o-resultado-final-da-turma-i\/","og_site_name":"Estrat\u00e9gia Militares","article_publisher":"https:\/\/www.facebook.com\/EstrategiaMilitares","article_published_time":"2024-01-08T21:23:23+00:00","article_modified_time":"2024-01-08T21:23:32+00:00","og_image":[{"width":960,"height":540,"url":"https:\/\/militares.estrategia.com\/portal\/wp-content\/uploads\/2021\/08\/Capas_Imagens-BLOG-2.jpg","type":"image\/jpeg"}],"author":"Vanesca Soares","twitter_card":"summary_large_image","twitter_creator":"@estrategiamilit","twitter_site":"@estrategiamilit","twitter_misc":{"Escrito por":"Vanesca Soares","Est. tempo de leitura":"1 minuto"},"schema":{"@context":"https:\/\/schema.org","@graph":[{"@type":"NewsArticle","@id":"https:\/\/militares.estrategia.com\/portal\/noticias\/fn-2024-saiu-o-resultado-final-da-turma-i\/#article","isPartOf":{"@id":"https:\/\/militares.estrategia.com\/portal\/noticias\/fn-2024-saiu-o-resultado-final-da-turma-i\/"},"author":{"name":"Vanesca Soares","@id":"https:\/\/militares.estrategia.com\/portal\/#\/schema\/person\/5cfd387108cd0cdefab7eea7a9735dcc"},"headline":"FN 2024: saiu o resultado final da Turma I","datePublished":"2024-01-08T21:23:23+00:00","dateModified":"2024-01-08T21:23:32+00:00","mainEntityOfPage":{"@id":"https:\/\/militares.estrategia.com\/portal\/noticias\/fn-2024-saiu-o-resultado-final-da-turma-i\/"},"wordCount":294,"publisher":{"@id":"https:\/\/militares.estrategia.com\/portal\/#organization"},"image":{"@id":"https:\/\/militares.estrategia.com\/portal\/noticias\/fn-2024-saiu-o-resultado-final-da-turma-i\/#primaryimage"},"thumbnailUrl":"https:\/\/militares.estrategia.com\/portal\/wp-content\/uploads\/2021\/08\/Capas_Imagens-BLOG-2.jpg","keywords":["#fuzileironaval","#marinhadobrasil","2024","carreiramilitar","ConcursosMilitares"],"articleSection":["Not\u00edcias"],"inLanguage":"pt-BR"},{"@type":"WebPage","@id":"https:\/\/militares.estrategia.com\/portal\/noticias\/fn-2024-saiu-o-resultado-final-da-turma-i\/","url":"https:\/\/militares.estrategia.com\/portal\/noticias\/fn-2024-saiu-o-resultado-final-da-turma-i\/","name":"FN 2024: saiu o resultado final da Turma I","isPartOf":{"@id":"https:\/\/militares.estrategia.com\/portal\/#website"},"primaryImageOfPage":{"@id":"https:\/\/militares.estrategia.com\/portal\/noticias\/fn-2024-saiu-o-resultado-final-da-turma-i\/#primaryimage"},"image":{"@id":"https:\/\/militares.estrategia.com\/portal\/noticias\/fn-2024-saiu-o-resultado-final-da-turma-i\/#primaryimage"},"thumbnailUrl":"https:\/\/militares.estrategia.com\/portal\/wp-content\/uploads\/2021\/08\/Capas_Imagens-BLOG-2.jpg","datePublished":"2024-01-08T21:23:23+00:00","dateModified":"2024-01-08T21:23:32+00:00","description":"A Marinha do Brasil divulgou o resultado final da Turma I do Concurso Soldado Fuzileiro Naval 2024. Confira os convocados!","breadcrumb":{"@id":"https:\/\/militares.estrategia.com\/portal\/noticias\/fn-2024-saiu-o-resultado-final-da-turma-i\/#breadcrumb"},"inLanguage":"pt-BR","potentialAction":[{"@type":"ReadAction","target":["https:\/\/militares.estrategia.com\/portal\/noticias\/fn-2024-saiu-o-resultado-final-da-turma-i\/"]}]},{"@type":"ImageObject","inLanguage":"pt-BR","@id":"https:\/\/militares.estrategia.com\/portal\/noticias\/fn-2024-saiu-o-resultado-final-da-turma-i\/#primaryimage","url":"https:\/\/militares.estrategia.com\/portal\/wp-content\/uploads\/2021\/08\/Capas_Imagens-BLOG-2.jpg","contentUrl":"https:\/\/militares.estrategia.com\/portal\/wp-content\/uploads\/2021\/08\/Capas_Imagens-BLOG-2.jpg","width":960,"height":540,"caption":"fuzileiro naval"},{"@type":"BreadcrumbList","@id":"https:\/\/militares.estrategia.com\/portal\/noticias\/fn-2024-saiu-o-resultado-final-da-turma-i\/#breadcrumb","itemListElement":[{"@type":"ListItem","position":1,"name":"Home","item":"https:\/\/militares.estrategia.com\/portal\/"},{"@type":"ListItem","position":2,"name":"Not\u00edcias","item":"https:\/\/militares.estrategia.com\/portal\/noticias\/"},{"@type":"ListItem","position":3,"name":"FN 2024: saiu o resultado final da Turma I"}]},{"@type":"WebSite","@id":"https:\/\/militares.estrategia.com\/portal\/#website","url":"https:\/\/militares.estrategia.com\/portal\/","name":"Estrat\u00e9gia Militares","description":"","publisher":{"@id":"https:\/\/militares.estrategia.com\/portal\/#organization"},"potentialAction":[{"@type":"SearchAction","target":{"@type":"EntryPoint","urlTemplate":"https:\/\/militares.estrategia.com\/portal\/?s={search_term_string}"},"query-input":{"@type":"PropertyValueSpecification","valueRequired":true,"valueName":"search_term_string"}}],"inLanguage":"pt-BR"},{"@type":"Organization","@id":"https:\/\/militares.estrategia.com\/portal\/#organization","name":"Estrat\u00e9gia Militares","url":"https:\/\/militares.estrategia.com\/portal\/","logo":{"@type":"ImageObject","inLanguage":"pt-BR","@id":"https:\/\/militares.estrategia.com\/portal\/#\/schema\/logo\/image\/","url":"https:\/\/militares.estrategia.com\/portal\/wp-content\/uploads\/2021\/10\/logo-militares.webp","contentUrl":"https:\/\/militares.estrategia.com\/portal\/wp-content\/uploads\/2021\/10\/logo-militares.webp","width":346,"height":90,"caption":"Estrat\u00e9gia Militares"},"image":{"@id":"https:\/\/militares.estrategia.com\/portal\/#\/schema\/logo\/image\/"},"sameAs":["https:\/\/www.facebook.com\/EstrategiaMilitares","https:\/\/x.com\/estrategiamilit","https:\/\/www.instagram.com\/estrategiamilitares\/","https:\/\/www.youtube.com\/channel\/UCRG_9hakCqXxnj_8TqCdgTA"]},{"@type":"Person","@id":"https:\/\/militares.estrategia.com\/portal\/#\/schema\/person\/5cfd387108cd0cdefab7eea7a9735dcc","name":"Vanesca Soares","image":{"@type":"ImageObject","inLanguage":"pt-BR","@id":"https:\/\/militares.estrategia.com\/portal\/#\/schema\/person\/image\/","url":"https:\/\/militares.estrategia.com\/portal\/wp-content\/uploads\/2021\/10\/FB_IMG_1634215702135-150x150.webp","contentUrl":"https:\/\/militares.estrategia.com\/portal\/wp-content\/uploads\/2021\/10\/FB_IMG_1634215702135-150x150.webp","caption":"Vanesca Soares"},"description":"Vanesca Soares foi Primeiro Tenente da Marinha do Brasil. Jornalista de forma\u00e7\u00e3o, ama todas as artes, principalmente a Literatura e o Cinema. Capaz de ficar em casa lendo um bom livro ao inv\u00e9s de ir para a balada, entende que ler \u00e9 uma grande viagem. Ama filmes hist\u00f3ricos, biografias, drama, thrillers, terror e tudo sobre os anos 1980. Principalmente a m\u00fasica!","url":"https:\/\/militares.estrategia.com\/portal\/author\/vanesca-soares\/"}]}},"_wl_alt_label":[],"wl:entity_url":"https:\/\/data.wordlift.io\/wl110246\/post\/fn-2024-saiu-o-resultado-final-da-turma-i-72897-2","_links":{"self":[{"href":"https:\/\/militares.estrategia.com\/portal\/wp-json\/wp\/v2\/posts\/72897","targetHints":{"allow":["GET"]}}],"collection":[{"href":"https:\/\/militares.estrategia.com\/portal\/wp-json\/wp\/v2\/posts"}],"about":[{"href":"https:\/\/militares.estrategia.com\/portal\/wp-json\/wp\/v2\/types\/post"}],"author":[{"embeddable":true,"href":"https:\/\/militares.estrategia.com\/portal\/wp-json\/wp\/v2\/users\/58"}],"replies":[{"embeddable":true,"href":"https:\/\/militares.estrategia.com\/portal\/wp-json\/wp\/v2\/comments?post=72897"}],"version-history":[{"count":5,"href":"https:\/\/militares.estrategia.com\/portal\/wp-json\/wp\/v2\/posts\/72897\/revisions"}],"predecessor-version":[{"id":72903,"href":"https:\/\/militares.estrategia.com\/portal\/wp-json\/wp\/v2\/posts\/72897\/revisions\/72903"}],"wp:featuredmedia":[{"embeddable":true,"href":"https:\/\/militares.estrategia.com\/portal\/wp-json\/wp\/v2\/media\/47128"}],"wp:attachment":[{"href":"https:\/\/militares.estrategia.com\/portal\/wp-json\/wp\/v2\/media?parent=72897"}],"wp:term":[{"taxonomy":"category","embeddable":true,"href":"https:\/\/militares.estrategia.com\/portal\/wp-json\/wp\/v2\/categories?post=72897"},{"taxonomy":"post_tag","embeddable":true,"href":"https:\/\/militares.estrategia.com\/portal\/wp-json\/wp\/v2\/tags?post=72897"},{"taxonomy":"wl_entity_type","embeddable":true,"href":"https:\/\/militares.estrategia.com\/portal\/wp-json\/wp\/v2\/wl_entity_type?post=72897"}],"curies":[{"name":"wp","href":"https:\/\/api.w.org\/{rel}","templated":true}]}}