{"id":72146,"date":"2023-12-07T18:33:23","date_gmt":"2023-12-07T21:33:23","guid":{"rendered":"https:\/\/militares.estrategia.com\/portal\/?p=72146"},"modified":"2023-12-07T18:33:29","modified_gmt":"2023-12-07T21:33:29","slug":"eam-2024-convocados-taf-i-e-inspecao-de-saude","status":"publish","type":"post","link":"https:\/\/militares.estrategia.com\/portal\/noticias\/eam-2024-convocados-taf-i-e-inspecao-de-saude\/","title":{"rendered":"EAM 2024: candidatos s\u00e3o convocados para TAF-i e Inspe\u00e7\u00e3o de Sa\u00fade"},"content":{"rendered":"\n<p>Os convocados para as etapas de Teste de Avalia\u00e7\u00e3o F\u00edsica de Ingresso (TAF-i) e Inspe\u00e7\u00e3o de Sa\u00fade (IS) do Concurso EAM 2024 foram divulgados nesta quinta, dia 7 de dezembro. Apenas os <a href=\"https:\/\/militares.estrategia.com\/portal\/noticias\/eam-2024-retificacao-edital-e-convocacao-de-novos-aprovados\/\" target=\"_blank\" >candidatos \u00e0s vagas remanescentes<\/a>, anunciados no dia 29 de novembro, e que passaram pela etapa de Verifica\u00e7\u00e3o de Documentos foram chamados. <\/p>\n\n\n\n<p>A lista apresenta o n\u00famero de inscri\u00e7\u00e3o, o dia e o hor\u00e1rio de avalia\u00e7\u00e3o dos candidatos que se inscreveram na OREAL SSPM, do Rio de Janeiro. Candidatos de outras OREL devem entrar em contato com elas para saber quando devem comparecer para fazer as etapas. <\/p>\n\n\n\n<p>No TAF-i, os candidatos precisam levar alguns itens no dia da avalia\u00e7\u00e3o:<\/p>\n\n\n\n<ul class=\"wp-block-list\">\n<li>Atestado M\u00e9dico &#8211; emitido at\u00e9, no m\u00e1ximo, 30 dias antes do TAF-i;<\/li>\n\n\n\n<li>comprovante de inscri\u00e7\u00e3o;<\/li>\n\n\n\n<li>documento oficial de identifica\u00e7\u00e3o com fotografia e na validade;<\/li>\n\n\n\n<li>um par de t\u00eanis;<\/li>\n\n\n\n<li>um cal\u00e7\u00e3o e uma camiseta para gin\u00e1stica; e<\/li>\n\n\n\n<li>uma sunga de banho ou mai\u00f4 para nata\u00e7\u00e3o.<\/li>\n<\/ul>\n\n\n\n<p>J\u00e1 para a Inspe\u00e7\u00e3o de Sa\u00fade, os candidatos t\u00eam uma s\u00e9rie de exames que precisam ser apresentados. Eles est\u00e3o listados no subitem 10.4 do Edital EAM 2024 e dever\u00e3o estar dentro da validade, datados e laudados por especialistas da \u00e1rea. <\/p>\n\n\n\n<p>Al\u00e9m deles, os candidatos tamb\u00e9m precisam levar comprovante de inscri\u00e7\u00e3o, caneta esferogr\u00e1fica azul, documento oficial de identifica\u00e7\u00e3o com fotografia dentro da validade e tamb\u00e9m cal\u00e7\u00e3o\/sunga\/mai\u00f4 de banho para realiza\u00e7\u00e3o dos exames. <\/p>\n\n\n\n<p>Confira a seguir a lista de convocados para o TAF-i e IS do Concurso EAM 2024: <\/p>\n\n\n\n<div class=\"wp-block-buttons is-content-justification-center is-layout-flex wp-container-core-buttons-is-layout-1 wp-block-buttons-is-layout-flex\">\n<div class=\"wp-block-button is-style-outline is-style-outline--1\"><a class=\"wp-block-button__link has-electric-grass-gradient-background has-background wp-element-button\" href=\"https:\/\/militares.estrategia.com\/portal\/wp-content\/uploads\/2023\/12\/ChamEVCEAM23Comp.pdf\" style=\"border-radius:67px\" target=\"_blank\" >Convocados TAF-i e IS &#8211; EAM 2024<\/a><\/div>\n<\/div>\n\n\n\n<p>Fique atento \u00e0s pr\u00f3ximas etapas dos eventos complementares para os candidatos \u00e0s vagas remanescentes: <\/p>\n\n\n\n<ul class=\"wp-block-list\">\n<li><strong>Procedimento de Heteroidentifica\u00e7\u00e3o:&nbsp;<\/strong>11\/12\/2023;<\/li>\n\n\n\n<li><strong>Inspe\u00e7\u00e3o de Sa\u00fade:<\/strong>&nbsp;14 a 20\/12\/2023;<\/li>\n\n\n\n<li><strong>Teste de Aptid\u00e3o F\u00edsica de Ingresso:<\/strong>&nbsp;14 a 22\/12\/2023; e<\/li>\n\n\n\n<li><strong>Avalia\u00e7\u00e3o Psicol\u00f3gica:&nbsp;<\/strong>20\/12\/2023.<\/li>\n<\/ul>\n\n\n\n<p>Fique atento ao Portal Estrat\u00e9gia Militares para saber mais sobre o novo calend\u00e1rio de avalia\u00e7\u00f5es da EAM. Al\u00e9m disso, conhe\u00e7a nossa plataforma de cursos on-line e o Banco de Quest\u00f5es do Estrat\u00e9gia Militares \u2013 \u00e9 s\u00f3 clicar no banner a seguir!<\/p>\n\n\n","protected":false},"excerpt":{"rendered":"Os convocados para as etapas de Teste de Avalia\u00e7\u00e3o F\u00edsica de Ingresso (TAF-i) e Inspe\u00e7\u00e3o de Sa\u00fade (IS)&hellip;\n","protected":false},"author":9,"featured_media":58086,"comment_status":"closed","ping_status":"closed","sticky":false,"template":"","format":"standard","meta":{"wl_entities_gutenberg":"","footnotes":""},"categories":[36],"tags":[],"wl_entity_type":[187],"class_list":{"0":"post-72146","1":"post","2":"type-post","3":"status-publish","4":"format-standard","5":"has-post-thumbnail","7":"category-noticias","8":"wl_entity_type-article"},"acf":[],"yoast_head":"<!-- This site is optimized with the Yoast SEO Premium plugin v26.6 (Yoast SEO v26.6) - https:\/\/yoast.com\/wordpress\/plugins\/seo\/ -->\n<title>EAM 2024: veja convocados para TAF-i e Inspe\u00e7\u00e3o de Sa\u00fade<\/title>\n<meta name=\"description\" content=\"Veja os candidatos \u00e0s vagas remanescentes convocados para o TAF-i e a Inspe\u00e7\u00e3o de Sa\u00fade do Concurso EAM 2024\" \/>\n<meta name=\"robots\" content=\"index, follow, max-snippet:-1, max-image-preview:large, max-video-preview:-1\" \/>\n<link rel=\"canonical\" href=\"https:\/\/militares.estrategia.com\/portal\/noticias\/eam-2024-convocados-taf-i-e-inspecao-de-saude\/\" \/>\n<meta property=\"og:locale\" content=\"pt_BR\" \/>\n<meta property=\"og:type\" content=\"article\" \/>\n<meta property=\"og:title\" content=\"EAM 2024: candidatos s\u00e3o convocados para TAF-i e Inspe\u00e7\u00e3o de Sa\u00fade\" \/>\n<meta property=\"og:description\" content=\"Veja os candidatos \u00e0s vagas remanescentes convocados para o TAF-i e a Inspe\u00e7\u00e3o de Sa\u00fade do Concurso EAM 2024\" \/>\n<meta property=\"og:url\" content=\"https:\/\/militares.estrategia.com\/portal\/noticias\/eam-2024-convocados-taf-i-e-inspecao-de-saude\/\" \/>\n<meta property=\"og:site_name\" content=\"Estrat\u00e9gia Militares\" \/>\n<meta property=\"article:publisher\" content=\"https:\/\/www.facebook.com\/EstrategiaMilitares\" \/>\n<meta property=\"article:published_time\" content=\"2023-12-07T21:33:23+00:00\" \/>\n<meta property=\"article:modified_time\" content=\"2023-12-07T21:33:29+00:00\" \/>\n<meta property=\"og:image\" content=\"https:\/\/militares.estrategia.com\/portal\/wp-content\/uploads\/2022\/08\/Capa_BLOG_EAM.jpg\" \/>\n\t<meta property=\"og:image:width\" content=\"1200\" \/>\n\t<meta property=\"og:image:height\" content=\"676\" \/>\n\t<meta property=\"og:image:type\" content=\"image\/jpeg\" \/>\n<meta name=\"author\" content=\"Raquel Oshio\" \/>\n<meta name=\"twitter:card\" content=\"summary_large_image\" \/>\n<meta name=\"twitter:creator\" content=\"@estrategiamilit\" \/>\n<meta name=\"twitter:site\" content=\"@estrategiamilit\" \/>\n<meta name=\"twitter:label1\" content=\"Escrito por\" \/>\n\t<meta name=\"twitter:data1\" content=\"Raquel Oshio\" \/>\n\t<meta name=\"twitter:label2\" content=\"Est. tempo de leitura\" \/>\n\t<meta name=\"twitter:data2\" content=\"2 minutos\" \/>\n<script type=\"application\/ld+json\" class=\"yoast-schema-graph\">{\"@context\":\"https:\/\/schema.org\",\"@graph\":[{\"@type\":\"Article\",\"@id\":\"https:\/\/militares.estrategia.com\/portal\/noticias\/eam-2024-convocados-taf-i-e-inspecao-de-saude\/#article\",\"isPartOf\":{\"@id\":\"https:\/\/militares.estrategia.com\/portal\/noticias\/eam-2024-convocados-taf-i-e-inspecao-de-saude\/\"},\"author\":{\"name\":\"Raquel Oshio\",\"@id\":\"https:\/\/militares.estrategia.com\/portal\/#\/schema\/person\/46e1f54d690b6a851270112cd62d2f37\"},\"headline\":\"EAM 2024: candidatos s\u00e3o convocados para TAF-i e Inspe\u00e7\u00e3o de Sa\u00fade\",\"datePublished\":\"2023-12-07T21:33:23+00:00\",\"dateModified\":\"2023-12-07T21:33:29+00:00\",\"mainEntityOfPage\":{\"@id\":\"https:\/\/militares.estrategia.com\/portal\/noticias\/eam-2024-convocados-taf-i-e-inspecao-de-saude\/\"},\"wordCount\":376,\"publisher\":{\"@id\":\"https:\/\/militares.estrategia.com\/portal\/#organization\"},\"image\":{\"@id\":\"https:\/\/militares.estrategia.com\/portal\/noticias\/eam-2024-convocados-taf-i-e-inspecao-de-saude\/#primaryimage\"},\"thumbnailUrl\":\"https:\/\/militares.estrategia.com\/portal\/wp-content\/uploads\/2022\/08\/Capa_BLOG_EAM.jpg\",\"articleSection\":[\"Not\u00edcias\"],\"inLanguage\":\"pt-BR\"},{\"@type\":\"WebPage\",\"@id\":\"https:\/\/militares.estrategia.com\/portal\/noticias\/eam-2024-convocados-taf-i-e-inspecao-de-saude\/\",\"url\":\"https:\/\/militares.estrategia.com\/portal\/noticias\/eam-2024-convocados-taf-i-e-inspecao-de-saude\/\",\"name\":\"EAM 2024: veja convocados para TAF-i e Inspe\u00e7\u00e3o de Sa\u00fade\",\"isPartOf\":{\"@id\":\"https:\/\/militares.estrategia.com\/portal\/#website\"},\"primaryImageOfPage\":{\"@id\":\"https:\/\/militares.estrategia.com\/portal\/noticias\/eam-2024-convocados-taf-i-e-inspecao-de-saude\/#primaryimage\"},\"image\":{\"@id\":\"https:\/\/militares.estrategia.com\/portal\/noticias\/eam-2024-convocados-taf-i-e-inspecao-de-saude\/#primaryimage\"},\"thumbnailUrl\":\"https:\/\/militares.estrategia.com\/portal\/wp-content\/uploads\/2022\/08\/Capa_BLOG_EAM.jpg\",\"datePublished\":\"2023-12-07T21:33:23+00:00\",\"dateModified\":\"2023-12-07T21:33:29+00:00\",\"description\":\"Veja os candidatos \u00e0s vagas remanescentes convocados para o TAF-i e a Inspe\u00e7\u00e3o de Sa\u00fade do Concurso EAM 2024\",\"breadcrumb\":{\"@id\":\"https:\/\/militares.estrategia.com\/portal\/noticias\/eam-2024-convocados-taf-i-e-inspecao-de-saude\/#breadcrumb\"},\"inLanguage\":\"pt-BR\",\"potentialAction\":[{\"@type\":\"ReadAction\",\"target\":[\"https:\/\/militares.estrategia.com\/portal\/noticias\/eam-2024-convocados-taf-i-e-inspecao-de-saude\/\"]}]},{\"@type\":\"ImageObject\",\"inLanguage\":\"pt-BR\",\"@id\":\"https:\/\/militares.estrategia.com\/portal\/noticias\/eam-2024-convocados-taf-i-e-inspecao-de-saude\/#primaryimage\",\"url\":\"https:\/\/militares.estrategia.com\/portal\/wp-content\/uploads\/2022\/08\/Capa_BLOG_EAM.jpg\",\"contentUrl\":\"https:\/\/militares.estrategia.com\/portal\/wp-content\/uploads\/2022\/08\/Capa_BLOG_EAM.jpg\",\"width\":1200,\"height\":676,\"caption\":\"EAM\"},{\"@type\":\"BreadcrumbList\",\"@id\":\"https:\/\/militares.estrategia.com\/portal\/noticias\/eam-2024-convocados-taf-i-e-inspecao-de-saude\/#breadcrumb\",\"itemListElement\":[{\"@type\":\"ListItem\",\"position\":1,\"name\":\"Home\",\"item\":\"https:\/\/militares.estrategia.com\/portal\/\"},{\"@type\":\"ListItem\",\"position\":2,\"name\":\"Not\u00edcias\",\"item\":\"https:\/\/militares.estrategia.com\/portal\/noticias\/\"},{\"@type\":\"ListItem\",\"position\":3,\"name\":\"EAM 2024: candidatos s\u00e3o convocados para TAF-i e Inspe\u00e7\u00e3o de Sa\u00fade\"}]},{\"@type\":\"WebSite\",\"@id\":\"https:\/\/militares.estrategia.com\/portal\/#website\",\"url\":\"https:\/\/militares.estrategia.com\/portal\/\",\"name\":\"Estrat\u00e9gia Militares\",\"description\":\"\",\"publisher\":{\"@id\":\"https:\/\/militares.estrategia.com\/portal\/#organization\"},\"potentialAction\":[{\"@type\":\"SearchAction\",\"target\":{\"@type\":\"EntryPoint\",\"urlTemplate\":\"https:\/\/militares.estrategia.com\/portal\/?s={search_term_string}\"},\"query-input\":{\"@type\":\"PropertyValueSpecification\",\"valueRequired\":true,\"valueName\":\"search_term_string\"}}],\"inLanguage\":\"pt-BR\"},{\"@type\":\"Organization\",\"@id\":\"https:\/\/militares.estrategia.com\/portal\/#organization\",\"name\":\"Estrat\u00e9gia Militares\",\"url\":\"https:\/\/militares.estrategia.com\/portal\/\",\"logo\":{\"@type\":\"ImageObject\",\"inLanguage\":\"pt-BR\",\"@id\":\"https:\/\/militares.estrategia.com\/portal\/#\/schema\/logo\/image\/\",\"url\":\"https:\/\/militares.estrategia.com\/portal\/wp-content\/uploads\/2021\/10\/logo-militares.webp\",\"contentUrl\":\"https:\/\/militares.estrategia.com\/portal\/wp-content\/uploads\/2021\/10\/logo-militares.webp\",\"width\":346,\"height\":90,\"caption\":\"Estrat\u00e9gia Militares\"},\"image\":{\"@id\":\"https:\/\/militares.estrategia.com\/portal\/#\/schema\/logo\/image\/\"},\"sameAs\":[\"https:\/\/www.facebook.com\/EstrategiaMilitares\",\"https:\/\/x.com\/estrategiamilit\",\"https:\/\/www.instagram.com\/estrategiamilitares\/\",\"https:\/\/www.youtube.com\/channel\/UCRG_9hakCqXxnj_8TqCdgTA\"]},{\"@type\":\"Person\",\"@id\":\"https:\/\/militares.estrategia.com\/portal\/#\/schema\/person\/46e1f54d690b6a851270112cd62d2f37\",\"name\":\"Raquel Oshio\",\"image\":{\"@type\":\"ImageObject\",\"inLanguage\":\"pt-BR\",\"@id\":\"https:\/\/militares.estrategia.com\/portal\/#\/schema\/person\/image\/\",\"url\":\"https:\/\/secure.gravatar.com\/avatar\/fa4e62d5e59d9cf9995ea9c715a78807?s=96&d=mm&r=g\",\"contentUrl\":\"https:\/\/secure.gravatar.com\/avatar\/fa4e62d5e59d9cf9995ea9c715a78807?s=96&d=mm&r=g\",\"caption\":\"Raquel Oshio\"},\"description\":\"Raquel Kie \u00e9 amante de hist\u00f3rias e ca\u00e7adora de belezas escondidas. Jornalista de profiss\u00e3o e cora\u00e7\u00e3o. Desenhista e escritora de fic\u00e7\u00e3o nas horas vagas. Acredito no potencial transformador de todo trabalho feito com dedica\u00e7\u00e3o.\",\"url\":\"https:\/\/militares.estrategia.com\/portal\/author\/raqueloshio\/\"}]}<\/script>\n<!-- \/ Yoast SEO Premium plugin. -->","yoast_head_json":{"title":"EAM 2024: veja convocados para TAF-i e Inspe\u00e7\u00e3o de Sa\u00fade","description":"Veja os candidatos \u00e0s vagas remanescentes convocados para o TAF-i e a Inspe\u00e7\u00e3o de Sa\u00fade do Concurso EAM 2024","robots":{"index":"index","follow":"follow","max-snippet":"max-snippet:-1","max-image-preview":"max-image-preview:large","max-video-preview":"max-video-preview:-1"},"canonical":"https:\/\/militares.estrategia.com\/portal\/noticias\/eam-2024-convocados-taf-i-e-inspecao-de-saude\/","og_locale":"pt_BR","og_type":"article","og_title":"EAM 2024: candidatos s\u00e3o convocados para TAF-i e Inspe\u00e7\u00e3o de Sa\u00fade","og_description":"Veja os candidatos \u00e0s vagas remanescentes convocados para o TAF-i e a Inspe\u00e7\u00e3o de Sa\u00fade do Concurso EAM 2024","og_url":"https:\/\/militares.estrategia.com\/portal\/noticias\/eam-2024-convocados-taf-i-e-inspecao-de-saude\/","og_site_name":"Estrat\u00e9gia Militares","article_publisher":"https:\/\/www.facebook.com\/EstrategiaMilitares","article_published_time":"2023-12-07T21:33:23+00:00","article_modified_time":"2023-12-07T21:33:29+00:00","og_image":[{"width":1200,"height":676,"url":"https:\/\/militares.estrategia.com\/portal\/wp-content\/uploads\/2022\/08\/Capa_BLOG_EAM.jpg","type":"image\/jpeg"}],"author":"Raquel Oshio","twitter_card":"summary_large_image","twitter_creator":"@estrategiamilit","twitter_site":"@estrategiamilit","twitter_misc":{"Escrito por":"Raquel Oshio","Est. tempo de leitura":"2 minutos"},"schema":{"@context":"https:\/\/schema.org","@graph":[{"@type":"Article","@id":"https:\/\/militares.estrategia.com\/portal\/noticias\/eam-2024-convocados-taf-i-e-inspecao-de-saude\/#article","isPartOf":{"@id":"https:\/\/militares.estrategia.com\/portal\/noticias\/eam-2024-convocados-taf-i-e-inspecao-de-saude\/"},"author":{"name":"Raquel Oshio","@id":"https:\/\/militares.estrategia.com\/portal\/#\/schema\/person\/46e1f54d690b6a851270112cd62d2f37"},"headline":"EAM 2024: candidatos s\u00e3o convocados para TAF-i e Inspe\u00e7\u00e3o de Sa\u00fade","datePublished":"2023-12-07T21:33:23+00:00","dateModified":"2023-12-07T21:33:29+00:00","mainEntityOfPage":{"@id":"https:\/\/militares.estrategia.com\/portal\/noticias\/eam-2024-convocados-taf-i-e-inspecao-de-saude\/"},"wordCount":376,"publisher":{"@id":"https:\/\/militares.estrategia.com\/portal\/#organization"},"image":{"@id":"https:\/\/militares.estrategia.com\/portal\/noticias\/eam-2024-convocados-taf-i-e-inspecao-de-saude\/#primaryimage"},"thumbnailUrl":"https:\/\/militares.estrategia.com\/portal\/wp-content\/uploads\/2022\/08\/Capa_BLOG_EAM.jpg","articleSection":["Not\u00edcias"],"inLanguage":"pt-BR"},{"@type":"WebPage","@id":"https:\/\/militares.estrategia.com\/portal\/noticias\/eam-2024-convocados-taf-i-e-inspecao-de-saude\/","url":"https:\/\/militares.estrategia.com\/portal\/noticias\/eam-2024-convocados-taf-i-e-inspecao-de-saude\/","name":"EAM 2024: veja convocados para TAF-i e Inspe\u00e7\u00e3o de Sa\u00fade","isPartOf":{"@id":"https:\/\/militares.estrategia.com\/portal\/#website"},"primaryImageOfPage":{"@id":"https:\/\/militares.estrategia.com\/portal\/noticias\/eam-2024-convocados-taf-i-e-inspecao-de-saude\/#primaryimage"},"image":{"@id":"https:\/\/militares.estrategia.com\/portal\/noticias\/eam-2024-convocados-taf-i-e-inspecao-de-saude\/#primaryimage"},"thumbnailUrl":"https:\/\/militares.estrategia.com\/portal\/wp-content\/uploads\/2022\/08\/Capa_BLOG_EAM.jpg","datePublished":"2023-12-07T21:33:23+00:00","dateModified":"2023-12-07T21:33:29+00:00","description":"Veja os candidatos \u00e0s vagas remanescentes convocados para o TAF-i e a Inspe\u00e7\u00e3o de Sa\u00fade do Concurso EAM 2024","breadcrumb":{"@id":"https:\/\/militares.estrategia.com\/portal\/noticias\/eam-2024-convocados-taf-i-e-inspecao-de-saude\/#breadcrumb"},"inLanguage":"pt-BR","potentialAction":[{"@type":"ReadAction","target":["https:\/\/militares.estrategia.com\/portal\/noticias\/eam-2024-convocados-taf-i-e-inspecao-de-saude\/"]}]},{"@type":"ImageObject","inLanguage":"pt-BR","@id":"https:\/\/militares.estrategia.com\/portal\/noticias\/eam-2024-convocados-taf-i-e-inspecao-de-saude\/#primaryimage","url":"https:\/\/militares.estrategia.com\/portal\/wp-content\/uploads\/2022\/08\/Capa_BLOG_EAM.jpg","contentUrl":"https:\/\/militares.estrategia.com\/portal\/wp-content\/uploads\/2022\/08\/Capa_BLOG_EAM.jpg","width":1200,"height":676,"caption":"EAM"},{"@type":"BreadcrumbList","@id":"https:\/\/militares.estrategia.com\/portal\/noticias\/eam-2024-convocados-taf-i-e-inspecao-de-saude\/#breadcrumb","itemListElement":[{"@type":"ListItem","position":1,"name":"Home","item":"https:\/\/militares.estrategia.com\/portal\/"},{"@type":"ListItem","position":2,"name":"Not\u00edcias","item":"https:\/\/militares.estrategia.com\/portal\/noticias\/"},{"@type":"ListItem","position":3,"name":"EAM 2024: candidatos s\u00e3o convocados para TAF-i e Inspe\u00e7\u00e3o de Sa\u00fade"}]},{"@type":"WebSite","@id":"https:\/\/militares.estrategia.com\/portal\/#website","url":"https:\/\/militares.estrategia.com\/portal\/","name":"Estrat\u00e9gia Militares","description":"","publisher":{"@id":"https:\/\/militares.estrategia.com\/portal\/#organization"},"potentialAction":[{"@type":"SearchAction","target":{"@type":"EntryPoint","urlTemplate":"https:\/\/militares.estrategia.com\/portal\/?s={search_term_string}"},"query-input":{"@type":"PropertyValueSpecification","valueRequired":true,"valueName":"search_term_string"}}],"inLanguage":"pt-BR"},{"@type":"Organization","@id":"https:\/\/militares.estrategia.com\/portal\/#organization","name":"Estrat\u00e9gia Militares","url":"https:\/\/militares.estrategia.com\/portal\/","logo":{"@type":"ImageObject","inLanguage":"pt-BR","@id":"https:\/\/militares.estrategia.com\/portal\/#\/schema\/logo\/image\/","url":"https:\/\/militares.estrategia.com\/portal\/wp-content\/uploads\/2021\/10\/logo-militares.webp","contentUrl":"https:\/\/militares.estrategia.com\/portal\/wp-content\/uploads\/2021\/10\/logo-militares.webp","width":346,"height":90,"caption":"Estrat\u00e9gia Militares"},"image":{"@id":"https:\/\/militares.estrategia.com\/portal\/#\/schema\/logo\/image\/"},"sameAs":["https:\/\/www.facebook.com\/EstrategiaMilitares","https:\/\/x.com\/estrategiamilit","https:\/\/www.instagram.com\/estrategiamilitares\/","https:\/\/www.youtube.com\/channel\/UCRG_9hakCqXxnj_8TqCdgTA"]},{"@type":"Person","@id":"https:\/\/militares.estrategia.com\/portal\/#\/schema\/person\/46e1f54d690b6a851270112cd62d2f37","name":"Raquel Oshio","image":{"@type":"ImageObject","inLanguage":"pt-BR","@id":"https:\/\/militares.estrategia.com\/portal\/#\/schema\/person\/image\/","url":"https:\/\/secure.gravatar.com\/avatar\/fa4e62d5e59d9cf9995ea9c715a78807?s=96&d=mm&r=g","contentUrl":"https:\/\/secure.gravatar.com\/avatar\/fa4e62d5e59d9cf9995ea9c715a78807?s=96&d=mm&r=g","caption":"Raquel Oshio"},"description":"Raquel Kie \u00e9 amante de hist\u00f3rias e ca\u00e7adora de belezas escondidas. Jornalista de profiss\u00e3o e cora\u00e7\u00e3o. Desenhista e escritora de fic\u00e7\u00e3o nas horas vagas. Acredito no potencial transformador de todo trabalho feito com dedica\u00e7\u00e3o.","url":"https:\/\/militares.estrategia.com\/portal\/author\/raqueloshio\/"}]}},"_wl_alt_label":[],"wl:entity_url":"https:\/\/data.wordlift.io\/wl110246\/post\/e-72146","_links":{"self":[{"href":"https:\/\/militares.estrategia.com\/portal\/wp-json\/wp\/v2\/posts\/72146","targetHints":{"allow":["GET"]}}],"collection":[{"href":"https:\/\/militares.estrategia.com\/portal\/wp-json\/wp\/v2\/posts"}],"about":[{"href":"https:\/\/militares.estrategia.com\/portal\/wp-json\/wp\/v2\/types\/post"}],"author":[{"embeddable":true,"href":"https:\/\/militares.estrategia.com\/portal\/wp-json\/wp\/v2\/users\/9"}],"replies":[{"embeddable":true,"href":"https:\/\/militares.estrategia.com\/portal\/wp-json\/wp\/v2\/comments?post=72146"}],"version-history":[{"count":1,"href":"https:\/\/militares.estrategia.com\/portal\/wp-json\/wp\/v2\/posts\/72146\/revisions"}],"predecessor-version":[{"id":72149,"href":"https:\/\/militares.estrategia.com\/portal\/wp-json\/wp\/v2\/posts\/72146\/revisions\/72149"}],"wp:featuredmedia":[{"embeddable":true,"href":"https:\/\/militares.estrategia.com\/portal\/wp-json\/wp\/v2\/media\/58086"}],"wp:attachment":[{"href":"https:\/\/militares.estrategia.com\/portal\/wp-json\/wp\/v2\/media?parent=72146"}],"wp:term":[{"taxonomy":"category","embeddable":true,"href":"https:\/\/militares.estrategia.com\/portal\/wp-json\/wp\/v2\/categories?post=72146"},{"taxonomy":"post_tag","embeddable":true,"href":"https:\/\/militares.estrategia.com\/portal\/wp-json\/wp\/v2\/tags?post=72146"},{"taxonomy":"wl_entity_type","embeddable":true,"href":"https:\/\/militares.estrategia.com\/portal\/wp-json\/wp\/v2\/wl_entity_type?post=72146"}],"curies":[{"name":"wp","href":"https:\/\/api.w.org\/{rel}","templated":true}]}}