{"id":72002,"date":"2024-02-06T12:42:08","date_gmt":"2024-02-06T15:42:08","guid":{"rendered":"https:\/\/militares.estrategia.com\/portal\/?p=72002"},"modified":"2024-05-20T18:21:40","modified_gmt":"2024-05-20T21:21:40","slug":"edital-afa-2025","status":"publish","type":"post","link":"https:\/\/militares.estrategia.com\/portal\/noticias\/edital-afa-2025\/","title":{"rendered":"Edital AFA 2024\/2025 \u00e9 publicado com 15 vagas"},"content":{"rendered":"\n<p>O Edital do <a href=\"https:\/\/militares.estrategia.com\/portal\/escolas-militares\/fab\/afa\/concurso-afa\/\" target=\"_blank\" >Concurso AFA 2024\/2025<\/a> foi publicado nesta ter\u00e7a-feira, dia 6 de fevereiro de 2024, pela For\u00e7a A\u00e9rea Brasileira e oferece 15 vagas, divididas entre os cursos de Avia\u00e7\u00e3o, Infantaria e Intend\u00eancia. As informa\u00e7\u00f5es foram divulgadas na p\u00e1gina oficial dos seletivos da FAB. <\/p>\n\n\n\n<p>As inscri\u00e7\u00f5es no Concurso AFA 2024\/2025 est\u00e3o previstas para acontecer entre os dias 5 e 22 de abril de 2024. Para participar, \u00e9 preciso cumprir alguns requisitos, descritos no Edital. Baixe a seguir e leia antes de se inscrever no seletivo: <\/p>\n\n\n\n<div class=\"wp-block-buttons is-content-justification-center is-layout-flex wp-container-core-buttons-is-layout-1 wp-block-buttons-is-layout-flex\">\n<div class=\"wp-block-button is-style-outline is-style-outline--1\"><a class=\"wp-block-button__link has-electric-grass-gradient-background has-background wp-element-button\" href=\"https:\/\/militares.estrategia.com\/portal\/wp-content\/uploads\/2024\/02\/IE_CFOAV_INT_INF_2025_30-01-2024.pdf\" style=\"border-radius:74px\" target=\"_blank\" >Edital AFA 2024\/2025<\/a><\/div>\n<\/div>\n\n\n\n<p>A taxa de inscri\u00e7\u00e3o \u00e9 de R$ 90 reais e deve ser paga at\u00e9 3 de maio. \u00c9 poss\u00edvel pedir isen\u00e7\u00e3o se o candidato se encaixar nos seguintes crit\u00e9rios: <\/p>\n\n\n\n<ul class=\"wp-block-list\">\n<li>Membro de \u201cFam\u00edlia de Baixa Renda\u201d;<\/li>\n\n\n\n<li>Inscrito no Cadastro \u00danico (Cad\u00danico) para Programas Sociais do Governo Federal; e<\/li>\n\n\n\n<li>Doador de medula \u00f3ssea em entidades reconhecidas pelo Minist\u00e9rio da Sa\u00fade.<\/li>\n<\/ul>\n\n\n\n<p>Tanto homens quanto mulheres podem participar do seletivo, com exce\u00e7\u00e3o do curso de Infantaria. Al\u00e9m disso, as vagas s\u00e3o distribu\u00eddas entre ampla concorr\u00eancia e vagas reservadas. Confira a distribui\u00e7\u00e3o das vagas: <\/p>\n\n\n\n<figure class=\"wp-block-table is-style-stripes\"><table class=\"has-electric-grass-gradient-background has-background has-fixed-layout\"><thead><tr><th>Cursos<\/th><th>Vagas totais<\/th><th>Vagas de Ampla Concorr\u00eancia<\/th><th>Vagas Reservadas<\/th><\/tr><\/thead><tbody><tr><td>Oficiais Aviadores (ambos os sexos)<\/td><td>5<\/td><td>4<\/td><td>1<\/td><\/tr><tr><td>Oficiais Intendentes<br>(ambos os sexos)<\/td><td>5<\/td><td>4<\/td><td>1<\/td><\/tr><tr><td>Oficiais da Infantaria (s\u00f3 masculino)<\/td><td>5<\/td><td>4<\/td><td>1<\/td><\/tr><\/tbody><\/table><\/figure>\n\n\n\n<p>A prova Objetiva acontece no dia 7 de julho de 2024. Ela cont\u00e9m quest\u00f5es de L\u00edngua Portuguesa, L\u00edngua Inglesa, Matem\u00e1tica, F\u00edsica e Reda\u00e7\u00e3o. Ao todo s\u00e3o\u00a0<strong>64 quest\u00f5es objetivas<\/strong>, sendo que s\u00e3o 16 para cada uma das disciplinas.<\/p>\n\n\n\n<p>Al\u00e9m disso, os candidatos tamb\u00e9m precisar\u00e3o escrever uma&nbsp;<strong>Reda\u00e7\u00e3o<\/strong>, com no m\u00ednimo&nbsp;<strong>100 palavras<\/strong>&nbsp;escritas em L\u00edngua Portuguesa<\/p>\n\n\n\n<p>Confira mais datas importantes do Concurso AFA 2024\/2025: <\/p>\n\n\n\n<ul class=\"wp-block-list\">\n<li><strong>Inscri\u00e7\u00f5es:<\/strong> 05 a 22\/04\/2024;<\/li>\n\n\n\n<li><strong>Isen\u00e7\u00e3o de taxa:&nbsp;<\/strong>at\u00e9 03\/05\/2024;<\/li>\n\n\n\n<li><strong>Provas Escritas:&nbsp;<\/strong>07\/07\/2024;<\/li>\n\n\n\n<li><strong>Libera\u00e7\u00e3o de Gabaritos:&nbsp;<\/strong>09\/07\/2024;<\/li>\n\n\n\n<li><strong>Resultado Provas Escritas s\/ Reda\u00e7\u00e3o:&nbsp;<\/strong>01\/08\/2024;<\/li>\n\n\n\n<li><strong>Resultado Provas Escritas c\/ Reda\u00e7\u00e3o:&nbsp;<\/strong>11\/09\/2024;<\/li>\n\n\n\n<li><strong>Exame de Aptid\u00e3o F\u00edsica:&nbsp;<\/strong>18 a 22\/11\/2024;<\/li>\n\n\n\n<li><strong>Exame Psicol\u00f3gico:&nbsp;<\/strong>17\/09 a 02\/10\/2024;<\/li>\n\n\n\n<li><strong>Inspe\u00e7\u00e3o de Sa\u00fade:&nbsp;<\/strong>17\/09 a 02\/10\/2024;<\/li>\n\n\n\n<li><strong>Matr\u00edcula:&nbsp;<\/strong>12\/01\/2025.<\/li>\n<\/ul>\n\n\n\n<p>Fique atento ao Portal Estrat\u00e9gia Militares para mais not\u00edcias sobre o seletivo. N\u00e3o perca tempo e comece j\u00e1 a estudar para o<a href=\"https:\/\/militares.estrategia.com\/portal\/escolas-militares\/fab\/afa\/concurso-afa\/\" target=\"_blank\" >\u00a0Concurso AFA 2024\/2025<\/a>\u00a0com os cursos on-line preparat\u00f3rios da nossa plataforma! Clique no banner e conhe\u00e7a!<\/p>\n\n\n\n<p><\/p>\n\n\n","protected":false},"excerpt":{"rendered":"O Edital do Concurso AFA 2024\/2025 foi publicado nesta ter\u00e7a-feira, dia 6 de fevereiro de 2024, pela For\u00e7a&hellip;\n","protected":false},"author":9,"featured_media":67248,"comment_status":"closed","ping_status":"closed","sticky":false,"template":"","format":"standard","meta":{"wl_entities_gutenberg":"","footnotes":""},"categories":[36],"tags":[],"wl_entity_type":[187],"class_list":{"0":"post-72002","1":"post","2":"type-post","3":"status-publish","4":"format-standard","5":"has-post-thumbnail","7":"category-noticias","8":"wl_entity_type-article"},"acf":[],"yoast_head":"<!-- This site is optimized with the Yoast SEO Premium plugin v26.6 (Yoast SEO v26.6) - https:\/\/yoast.com\/wordpress\/plugins\/seo\/ -->\n<title>Edital AFA 2024\/2025 \u00e9 publicado com 15 vagas<\/title>\n<meta name=\"description\" content=\"Confira os detalhes do Edital AFA 2024\/2025 e as principais datas do novo seletivo da FAB, al\u00e9m de outras informa\u00e7\u00f5es \u00fateis do concurso!\" \/>\n<meta name=\"robots\" content=\"index, follow, max-snippet:-1, max-image-preview:large, max-video-preview:-1\" \/>\n<link rel=\"canonical\" href=\"https:\/\/militares.estrategia.com\/portal\/noticias\/edital-afa-2025\/\" \/>\n<meta property=\"og:locale\" content=\"pt_BR\" \/>\n<meta property=\"og:type\" content=\"article\" \/>\n<meta property=\"og:title\" content=\"Edital AFA 2024\/2025 \u00e9 publicado com 15 vagas\" \/>\n<meta property=\"og:description\" content=\"Confira os detalhes do Edital AFA 2024\/2025 e as principais datas do novo seletivo da FAB, al\u00e9m de outras informa\u00e7\u00f5es \u00fateis do concurso!\" \/>\n<meta property=\"og:url\" content=\"https:\/\/militares.estrategia.com\/portal\/noticias\/edital-afa-2025\/\" \/>\n<meta property=\"og:site_name\" content=\"Estrat\u00e9gia Militares\" \/>\n<meta property=\"article:publisher\" content=\"https:\/\/www.facebook.com\/EstrategiaMilitares\" \/>\n<meta property=\"article:published_time\" content=\"2024-02-06T15:42:08+00:00\" \/>\n<meta property=\"article:modified_time\" content=\"2024-05-20T21:21:40+00:00\" \/>\n<meta property=\"og:image\" content=\"https:\/\/militares.estrategia.com\/portal\/wp-content\/uploads\/2023\/06\/Capa_BLOG_AFA.jpg\" \/>\n\t<meta property=\"og:image:width\" content=\"1200\" \/>\n\t<meta property=\"og:image:height\" content=\"676\" \/>\n\t<meta property=\"og:image:type\" content=\"image\/jpeg\" \/>\n<meta name=\"author\" content=\"Raquel Oshio\" \/>\n<meta name=\"twitter:card\" content=\"summary_large_image\" \/>\n<meta name=\"twitter:creator\" content=\"@estrategiamilit\" \/>\n<meta name=\"twitter:site\" content=\"@estrategiamilit\" \/>\n<meta name=\"twitter:label1\" content=\"Escrito por\" \/>\n\t<meta name=\"twitter:data1\" content=\"Raquel Oshio\" \/>\n\t<meta name=\"twitter:label2\" content=\"Est. tempo de leitura\" \/>\n\t<meta name=\"twitter:data2\" content=\"2 minutos\" \/>\n<script type=\"application\/ld+json\" class=\"yoast-schema-graph\">{\"@context\":\"https:\/\/schema.org\",\"@graph\":[{\"@type\":\"Article\",\"@id\":\"https:\/\/militares.estrategia.com\/portal\/noticias\/edital-afa-2025\/#article\",\"isPartOf\":{\"@id\":\"https:\/\/militares.estrategia.com\/portal\/noticias\/edital-afa-2025\/\"},\"author\":{\"name\":\"Raquel Oshio\",\"@id\":\"https:\/\/militares.estrategia.com\/portal\/#\/schema\/person\/46e1f54d690b6a851270112cd62d2f37\"},\"headline\":\"Edital AFA 2024\/2025 \u00e9 publicado com 15 vagas\",\"datePublished\":\"2024-02-06T15:42:08+00:00\",\"dateModified\":\"2024-05-20T21:21:40+00:00\",\"mainEntityOfPage\":{\"@id\":\"https:\/\/militares.estrategia.com\/portal\/noticias\/edital-afa-2025\/\"},\"wordCount\":389,\"publisher\":{\"@id\":\"https:\/\/militares.estrategia.com\/portal\/#organization\"},\"image\":{\"@id\":\"https:\/\/militares.estrategia.com\/portal\/noticias\/edital-afa-2025\/#primaryimage\"},\"thumbnailUrl\":\"https:\/\/militares.estrategia.com\/portal\/wp-content\/uploads\/2023\/06\/Capa_BLOG_AFA.jpg\",\"articleSection\":[\"Not\u00edcias\"],\"inLanguage\":\"pt-BR\"},{\"@type\":\"WebPage\",\"@id\":\"https:\/\/militares.estrategia.com\/portal\/noticias\/edital-afa-2025\/\",\"url\":\"https:\/\/militares.estrategia.com\/portal\/noticias\/edital-afa-2025\/\",\"name\":\"Edital AFA 2024\/2025 \u00e9 publicado com 15 vagas\",\"isPartOf\":{\"@id\":\"https:\/\/militares.estrategia.com\/portal\/#website\"},\"primaryImageOfPage\":{\"@id\":\"https:\/\/militares.estrategia.com\/portal\/noticias\/edital-afa-2025\/#primaryimage\"},\"image\":{\"@id\":\"https:\/\/militares.estrategia.com\/portal\/noticias\/edital-afa-2025\/#primaryimage\"},\"thumbnailUrl\":\"https:\/\/militares.estrategia.com\/portal\/wp-content\/uploads\/2023\/06\/Capa_BLOG_AFA.jpg\",\"datePublished\":\"2024-02-06T15:42:08+00:00\",\"dateModified\":\"2024-05-20T21:21:40+00:00\",\"description\":\"Confira os detalhes do Edital AFA 2024\/2025 e as principais datas do novo seletivo da FAB, al\u00e9m de outras informa\u00e7\u00f5es \u00fateis do concurso!\",\"breadcrumb\":{\"@id\":\"https:\/\/militares.estrategia.com\/portal\/noticias\/edital-afa-2025\/#breadcrumb\"},\"inLanguage\":\"pt-BR\",\"potentialAction\":[{\"@type\":\"ReadAction\",\"target\":[\"https:\/\/militares.estrategia.com\/portal\/noticias\/edital-afa-2025\/\"]}]},{\"@type\":\"ImageObject\",\"inLanguage\":\"pt-BR\",\"@id\":\"https:\/\/militares.estrategia.com\/portal\/noticias\/edital-afa-2025\/#primaryimage\",\"url\":\"https:\/\/militares.estrategia.com\/portal\/wp-content\/uploads\/2023\/06\/Capa_BLOG_AFA.jpg\",\"contentUrl\":\"https:\/\/militares.estrategia.com\/portal\/wp-content\/uploads\/2023\/06\/Capa_BLOG_AFA.jpg\",\"width\":1200,\"height\":676},{\"@type\":\"BreadcrumbList\",\"@id\":\"https:\/\/militares.estrategia.com\/portal\/noticias\/edital-afa-2025\/#breadcrumb\",\"itemListElement\":[{\"@type\":\"ListItem\",\"position\":1,\"name\":\"Home\",\"item\":\"https:\/\/militares.estrategia.com\/portal\/\"},{\"@type\":\"ListItem\",\"position\":2,\"name\":\"Not\u00edcias\",\"item\":\"https:\/\/militares.estrategia.com\/portal\/noticias\/\"},{\"@type\":\"ListItem\",\"position\":3,\"name\":\"Edital AFA 2024\/2025 \u00e9 publicado com 15 vagas\"}]},{\"@type\":\"WebSite\",\"@id\":\"https:\/\/militares.estrategia.com\/portal\/#website\",\"url\":\"https:\/\/militares.estrategia.com\/portal\/\",\"name\":\"Estrat\u00e9gia Militares\",\"description\":\"\",\"publisher\":{\"@id\":\"https:\/\/militares.estrategia.com\/portal\/#organization\"},\"potentialAction\":[{\"@type\":\"SearchAction\",\"target\":{\"@type\":\"EntryPoint\",\"urlTemplate\":\"https:\/\/militares.estrategia.com\/portal\/?s={search_term_string}\"},\"query-input\":{\"@type\":\"PropertyValueSpecification\",\"valueRequired\":true,\"valueName\":\"search_term_string\"}}],\"inLanguage\":\"pt-BR\"},{\"@type\":\"Organization\",\"@id\":\"https:\/\/militares.estrategia.com\/portal\/#organization\",\"name\":\"Estrat\u00e9gia Militares\",\"url\":\"https:\/\/militares.estrategia.com\/portal\/\",\"logo\":{\"@type\":\"ImageObject\",\"inLanguage\":\"pt-BR\",\"@id\":\"https:\/\/militares.estrategia.com\/portal\/#\/schema\/logo\/image\/\",\"url\":\"https:\/\/militares.estrategia.com\/portal\/wp-content\/uploads\/2021\/10\/logo-militares.webp\",\"contentUrl\":\"https:\/\/militares.estrategia.com\/portal\/wp-content\/uploads\/2021\/10\/logo-militares.webp\",\"width\":346,\"height\":90,\"caption\":\"Estrat\u00e9gia Militares\"},\"image\":{\"@id\":\"https:\/\/militares.estrategia.com\/portal\/#\/schema\/logo\/image\/\"},\"sameAs\":[\"https:\/\/www.facebook.com\/EstrategiaMilitares\",\"https:\/\/x.com\/estrategiamilit\",\"https:\/\/www.instagram.com\/estrategiamilitares\/\",\"https:\/\/www.youtube.com\/channel\/UCRG_9hakCqXxnj_8TqCdgTA\"]},{\"@type\":\"Person\",\"@id\":\"https:\/\/militares.estrategia.com\/portal\/#\/schema\/person\/46e1f54d690b6a851270112cd62d2f37\",\"name\":\"Raquel Oshio\",\"image\":{\"@type\":\"ImageObject\",\"inLanguage\":\"pt-BR\",\"@id\":\"https:\/\/militares.estrategia.com\/portal\/#\/schema\/person\/image\/\",\"url\":\"https:\/\/secure.gravatar.com\/avatar\/fa4e62d5e59d9cf9995ea9c715a78807?s=96&d=mm&r=g\",\"contentUrl\":\"https:\/\/secure.gravatar.com\/avatar\/fa4e62d5e59d9cf9995ea9c715a78807?s=96&d=mm&r=g\",\"caption\":\"Raquel Oshio\"},\"description\":\"Raquel Kie \u00e9 amante de hist\u00f3rias e ca\u00e7adora de belezas escondidas. Jornalista de profiss\u00e3o e cora\u00e7\u00e3o. Desenhista e escritora de fic\u00e7\u00e3o nas horas vagas. Acredito no potencial transformador de todo trabalho feito com dedica\u00e7\u00e3o.\",\"url\":\"https:\/\/militares.estrategia.com\/portal\/author\/raqueloshio\/\"}]}<\/script>\n<!-- \/ Yoast SEO Premium plugin. -->","yoast_head_json":{"title":"Edital AFA 2024\/2025 \u00e9 publicado com 15 vagas","description":"Confira os detalhes do Edital AFA 2024\/2025 e as principais datas do novo seletivo da FAB, al\u00e9m de outras informa\u00e7\u00f5es \u00fateis do concurso!","robots":{"index":"index","follow":"follow","max-snippet":"max-snippet:-1","max-image-preview":"max-image-preview:large","max-video-preview":"max-video-preview:-1"},"canonical":"https:\/\/militares.estrategia.com\/portal\/noticias\/edital-afa-2025\/","og_locale":"pt_BR","og_type":"article","og_title":"Edital AFA 2024\/2025 \u00e9 publicado com 15 vagas","og_description":"Confira os detalhes do Edital AFA 2024\/2025 e as principais datas do novo seletivo da FAB, al\u00e9m de outras informa\u00e7\u00f5es \u00fateis do concurso!","og_url":"https:\/\/militares.estrategia.com\/portal\/noticias\/edital-afa-2025\/","og_site_name":"Estrat\u00e9gia Militares","article_publisher":"https:\/\/www.facebook.com\/EstrategiaMilitares","article_published_time":"2024-02-06T15:42:08+00:00","article_modified_time":"2024-05-20T21:21:40+00:00","og_image":[{"width":1200,"height":676,"url":"https:\/\/militares.estrategia.com\/portal\/wp-content\/uploads\/2023\/06\/Capa_BLOG_AFA.jpg","type":"image\/jpeg"}],"author":"Raquel Oshio","twitter_card":"summary_large_image","twitter_creator":"@estrategiamilit","twitter_site":"@estrategiamilit","twitter_misc":{"Escrito por":"Raquel Oshio","Est. tempo de leitura":"2 minutos"},"schema":{"@context":"https:\/\/schema.org","@graph":[{"@type":"Article","@id":"https:\/\/militares.estrategia.com\/portal\/noticias\/edital-afa-2025\/#article","isPartOf":{"@id":"https:\/\/militares.estrategia.com\/portal\/noticias\/edital-afa-2025\/"},"author":{"name":"Raquel Oshio","@id":"https:\/\/militares.estrategia.com\/portal\/#\/schema\/person\/46e1f54d690b6a851270112cd62d2f37"},"headline":"Edital AFA 2024\/2025 \u00e9 publicado com 15 vagas","datePublished":"2024-02-06T15:42:08+00:00","dateModified":"2024-05-20T21:21:40+00:00","mainEntityOfPage":{"@id":"https:\/\/militares.estrategia.com\/portal\/noticias\/edital-afa-2025\/"},"wordCount":389,"publisher":{"@id":"https:\/\/militares.estrategia.com\/portal\/#organization"},"image":{"@id":"https:\/\/militares.estrategia.com\/portal\/noticias\/edital-afa-2025\/#primaryimage"},"thumbnailUrl":"https:\/\/militares.estrategia.com\/portal\/wp-content\/uploads\/2023\/06\/Capa_BLOG_AFA.jpg","articleSection":["Not\u00edcias"],"inLanguage":"pt-BR"},{"@type":"WebPage","@id":"https:\/\/militares.estrategia.com\/portal\/noticias\/edital-afa-2025\/","url":"https:\/\/militares.estrategia.com\/portal\/noticias\/edital-afa-2025\/","name":"Edital AFA 2024\/2025 \u00e9 publicado com 15 vagas","isPartOf":{"@id":"https:\/\/militares.estrategia.com\/portal\/#website"},"primaryImageOfPage":{"@id":"https:\/\/militares.estrategia.com\/portal\/noticias\/edital-afa-2025\/#primaryimage"},"image":{"@id":"https:\/\/militares.estrategia.com\/portal\/noticias\/edital-afa-2025\/#primaryimage"},"thumbnailUrl":"https:\/\/militares.estrategia.com\/portal\/wp-content\/uploads\/2023\/06\/Capa_BLOG_AFA.jpg","datePublished":"2024-02-06T15:42:08+00:00","dateModified":"2024-05-20T21:21:40+00:00","description":"Confira os detalhes do Edital AFA 2024\/2025 e as principais datas do novo seletivo da FAB, al\u00e9m de outras informa\u00e7\u00f5es \u00fateis do concurso!","breadcrumb":{"@id":"https:\/\/militares.estrategia.com\/portal\/noticias\/edital-afa-2025\/#breadcrumb"},"inLanguage":"pt-BR","potentialAction":[{"@type":"ReadAction","target":["https:\/\/militares.estrategia.com\/portal\/noticias\/edital-afa-2025\/"]}]},{"@type":"ImageObject","inLanguage":"pt-BR","@id":"https:\/\/militares.estrategia.com\/portal\/noticias\/edital-afa-2025\/#primaryimage","url":"https:\/\/militares.estrategia.com\/portal\/wp-content\/uploads\/2023\/06\/Capa_BLOG_AFA.jpg","contentUrl":"https:\/\/militares.estrategia.com\/portal\/wp-content\/uploads\/2023\/06\/Capa_BLOG_AFA.jpg","width":1200,"height":676},{"@type":"BreadcrumbList","@id":"https:\/\/militares.estrategia.com\/portal\/noticias\/edital-afa-2025\/#breadcrumb","itemListElement":[{"@type":"ListItem","position":1,"name":"Home","item":"https:\/\/militares.estrategia.com\/portal\/"},{"@type":"ListItem","position":2,"name":"Not\u00edcias","item":"https:\/\/militares.estrategia.com\/portal\/noticias\/"},{"@type":"ListItem","position":3,"name":"Edital AFA 2024\/2025 \u00e9 publicado com 15 vagas"}]},{"@type":"WebSite","@id":"https:\/\/militares.estrategia.com\/portal\/#website","url":"https:\/\/militares.estrategia.com\/portal\/","name":"Estrat\u00e9gia Militares","description":"","publisher":{"@id":"https:\/\/militares.estrategia.com\/portal\/#organization"},"potentialAction":[{"@type":"SearchAction","target":{"@type":"EntryPoint","urlTemplate":"https:\/\/militares.estrategia.com\/portal\/?s={search_term_string}"},"query-input":{"@type":"PropertyValueSpecification","valueRequired":true,"valueName":"search_term_string"}}],"inLanguage":"pt-BR"},{"@type":"Organization","@id":"https:\/\/militares.estrategia.com\/portal\/#organization","name":"Estrat\u00e9gia Militares","url":"https:\/\/militares.estrategia.com\/portal\/","logo":{"@type":"ImageObject","inLanguage":"pt-BR","@id":"https:\/\/militares.estrategia.com\/portal\/#\/schema\/logo\/image\/","url":"https:\/\/militares.estrategia.com\/portal\/wp-content\/uploads\/2021\/10\/logo-militares.webp","contentUrl":"https:\/\/militares.estrategia.com\/portal\/wp-content\/uploads\/2021\/10\/logo-militares.webp","width":346,"height":90,"caption":"Estrat\u00e9gia Militares"},"image":{"@id":"https:\/\/militares.estrategia.com\/portal\/#\/schema\/logo\/image\/"},"sameAs":["https:\/\/www.facebook.com\/EstrategiaMilitares","https:\/\/x.com\/estrategiamilit","https:\/\/www.instagram.com\/estrategiamilitares\/","https:\/\/www.youtube.com\/channel\/UCRG_9hakCqXxnj_8TqCdgTA"]},{"@type":"Person","@id":"https:\/\/militares.estrategia.com\/portal\/#\/schema\/person\/46e1f54d690b6a851270112cd62d2f37","name":"Raquel Oshio","image":{"@type":"ImageObject","inLanguage":"pt-BR","@id":"https:\/\/militares.estrategia.com\/portal\/#\/schema\/person\/image\/","url":"https:\/\/secure.gravatar.com\/avatar\/fa4e62d5e59d9cf9995ea9c715a78807?s=96&d=mm&r=g","contentUrl":"https:\/\/secure.gravatar.com\/avatar\/fa4e62d5e59d9cf9995ea9c715a78807?s=96&d=mm&r=g","caption":"Raquel Oshio"},"description":"Raquel Kie \u00e9 amante de hist\u00f3rias e ca\u00e7adora de belezas escondidas. Jornalista de profiss\u00e3o e cora\u00e7\u00e3o. Desenhista e escritora de fic\u00e7\u00e3o nas horas vagas. Acredito no potencial transformador de todo trabalho feito com dedica\u00e7\u00e3o.","url":"https:\/\/militares.estrategia.com\/portal\/author\/raqueloshio\/"}]}},"_wl_alt_label":[],"wl:entity_url":"https:\/\/data.wordlift.io\/wl110246\/post\/edital-afa-2025-e-publicado-com-xxx-vagas-72002","_links":{"self":[{"href":"https:\/\/militares.estrategia.com\/portal\/wp-json\/wp\/v2\/posts\/72002","targetHints":{"allow":["GET"]}}],"collection":[{"href":"https:\/\/militares.estrategia.com\/portal\/wp-json\/wp\/v2\/posts"}],"about":[{"href":"https:\/\/militares.estrategia.com\/portal\/wp-json\/wp\/v2\/types\/post"}],"author":[{"embeddable":true,"href":"https:\/\/militares.estrategia.com\/portal\/wp-json\/wp\/v2\/users\/9"}],"replies":[{"embeddable":true,"href":"https:\/\/militares.estrategia.com\/portal\/wp-json\/wp\/v2\/comments?post=72002"}],"version-history":[{"count":3,"href":"https:\/\/militares.estrategia.com\/portal\/wp-json\/wp\/v2\/posts\/72002\/revisions"}],"predecessor-version":[{"id":75550,"href":"https:\/\/militares.estrategia.com\/portal\/wp-json\/wp\/v2\/posts\/72002\/revisions\/75550"}],"wp:featuredmedia":[{"embeddable":true,"href":"https:\/\/militares.estrategia.com\/portal\/wp-json\/wp\/v2\/media\/67248"}],"wp:attachment":[{"href":"https:\/\/militares.estrategia.com\/portal\/wp-json\/wp\/v2\/media?parent=72002"}],"wp:term":[{"taxonomy":"category","embeddable":true,"href":"https:\/\/militares.estrategia.com\/portal\/wp-json\/wp\/v2\/categories?post=72002"},{"taxonomy":"post_tag","embeddable":true,"href":"https:\/\/militares.estrategia.com\/portal\/wp-json\/wp\/v2\/tags?post=72002"},{"taxonomy":"wl_entity_type","embeddable":true,"href":"https:\/\/militares.estrategia.com\/portal\/wp-json\/wp\/v2\/wl_entity_type?post=72002"}],"curies":[{"name":"wp","href":"https:\/\/api.w.org\/{rel}","templated":true}]}}