{"id":71956,"date":"2023-12-01T18:11:23","date_gmt":"2023-12-01T21:11:23","guid":{"rendered":"https:\/\/militares.estrategia.com\/portal\/?p=71956"},"modified":"2023-12-01T18:11:29","modified_gmt":"2023-12-01T21:11:29","slug":"eam-2024-novos-convocados-para-procedimento-de-heteroidentificacao","status":"publish","type":"post","link":"https:\/\/militares.estrategia.com\/portal\/noticias\/eam-2024-novos-convocados-para-procedimento-de-heteroidentificacao\/","title":{"rendered":"EAM 2024: divulgado os convocados para procedimento de Heteroidentifica\u00e7\u00e3o"},"content":{"rendered":"\n<p>O Concurso EAM 2024 divulgou a lista de convocados para a etapa de Procedimento de Heteroidentifica\u00e7\u00e3o nesta sexta-feira, dia 1 de dezembro de 2023. A etapa est\u00e1 prevista para acontecer no dia 11 de dezembro. <\/p>\n\n\n\n<p>Os convocados s\u00e3o os novos candidatos que foram aprovados na Prova Objetiva ap\u00f3s<a href=\"https:\/\/militares.estrategia.com\/portal\/noticias\/eam-2024-retificacao-edital-e-convocacao-de-novos-aprovados\/\" target=\"_blank\" > a altera\u00e7\u00e3o nos crit\u00e9rios de avalia\u00e7\u00e3o<\/a>, informada no dia 29 de novembro. A etapa de heteroidentifica\u00e7\u00e3o tem o objetivo de comprovar a autodeclara\u00e7\u00e3o de cor do candidato que concorre \u00e0s vagas reservadas do seletivo. <\/p>\n\n\n\n<p>A lista apresenta os hor\u00e1rios de avalia\u00e7\u00e3o dos candidatos da OREL SSPM, do Rio de Janeiro. Aqueles que escolherem outras OREL devem entrar em contato com elas para saber quando devem comparecer para fazer a etapa. <\/p>\n\n\n\n<p>Veja a seguir a convoca\u00e7\u00e3o para a heteroidentifica\u00e7\u00e3o: <\/p>\n\n\n\n<div class=\"wp-block-buttons is-content-justification-center is-layout-flex wp-container-core-buttons-is-layout-1 wp-block-buttons-is-layout-flex\">\n<div class=\"wp-block-button is-style-outline is-style-outline--1\"><a class=\"wp-block-button__link has-electric-grass-gradient-background has-background wp-element-button\" href=\"https:\/\/militares.estrategia.com\/portal\/wp-content\/uploads\/2023\/12\/ChPH-CPAEAM-2023-comp.pdf\" style=\"border-radius:41px\" target=\"_blank\" >Convocados heteroidentifica\u00e7\u00e3o &#8211; EAM 2024<\/a><\/div>\n<\/div>\n\n\n\n<p>Aqueles que faltarem ou se recusarem a passar pela etapa de heteroidentifica\u00e7\u00e3o ser\u00e3o eliminados do seletivo, mesmo que tenham se classificado dentro das vagas de ampla concorr\u00eancia. <\/p>\n\n\n\n<p>No dia da avalia\u00e7\u00e3o \u00e9 preciso levar alguns documentos impressos, preenchidos e assinados. S\u00e3o eles: <\/p>\n\n\n\n<ul class=\"wp-block-list\">\n<li>5 c\u00f3pias do Formul\u00e1rio de Aferi\u00e7\u00e3o de Heteroidentifica\u00e7\u00e3o (FAH), <\/li>\n\n\n\n<li>1 c\u00f3pia do Parecer da Comiss\u00e3o de Heteroidentifica\u00e7\u00e3o (PCH); e <\/li>\n\n\n\n<li>1 c\u00f3pia do Termo de Autodeclara\u00e7\u00e3o de Cor\/Etnia.<\/li>\n<\/ul>\n\n\n\n<p>Fique atento ao<a href=\"https:\/\/militares.estrategia.com\/portal\/noticias\/eam-2024-calendario-para-novos-aprovados\/\" target=\"_blank\" > calend\u00e1rio das etapas eliminat\u00f3rias <\/a>para os novos aprovados do Concurso EAM 2024: <\/p>\n\n\n\n<ul class=\"wp-block-list\">\n<li><strong>Procedimento de Heteroidentifica\u00e7\u00e3o:&nbsp;<\/strong>11\/12\/2023;<\/li>\n\n\n\n<li><strong>Inspe\u00e7\u00e3o de Sa\u00fade:<\/strong>&nbsp;14 a 20\/12\/2023;<\/li>\n\n\n\n<li><strong>Teste de Aptid\u00e3o F\u00edsica de Ingresso:<\/strong>&nbsp;14 a 22\/12\/2023; e<\/li>\n\n\n\n<li><strong>Avalia\u00e7\u00e3o Psicol\u00f3gica:&nbsp;<\/strong>20\/12\/2023.<\/li>\n<\/ul>\n\n\n\n<p>Fique atento ao Portal Estrat\u00e9gia Militares para mais informa\u00e7\u00f5es sobre o Concurso EAM e outros seletivos da Marinha do Brasil. Clique no banner a seguir para conhecer a nossa plataforma de cursos on-line preparat\u00f3rios para os seletivos militares do Brasil!<\/p>\n\n\n","protected":false},"excerpt":{"rendered":"O Concurso EAM 2024 divulgou a lista de convocados para a etapa de Procedimento de Heteroidentifica\u00e7\u00e3o nesta sexta-feira,&hellip;\n","protected":false},"author":9,"featured_media":58086,"comment_status":"closed","ping_status":"closed","sticky":false,"template":"","format":"standard","meta":{"wl_entities_gutenberg":"","footnotes":""},"categories":[36],"tags":[],"wl_entity_type":[187],"class_list":{"0":"post-71956","1":"post","2":"type-post","3":"status-publish","4":"format-standard","5":"has-post-thumbnail","7":"category-noticias","8":"wl_entity_type-article"},"acf":[],"yoast_head":"<!-- This site is optimized with the Yoast SEO Premium plugin v26.6 (Yoast SEO v26.6) - https:\/\/yoast.com\/wordpress\/plugins\/seo\/ -->\n<title>EAM 2024 convoca para procedimento de Heteroidentifica\u00e7\u00e3o<\/title>\n<meta name=\"description\" content=\"Veja quem s\u00e3o os convocados para o Procedimento de Heteroidentifica\u00e7\u00e3o entre os novos aprovados do Concurso EAM 2024\" \/>\n<meta name=\"robots\" content=\"index, follow, max-snippet:-1, max-image-preview:large, max-video-preview:-1\" \/>\n<link rel=\"canonical\" href=\"https:\/\/militares.estrategia.com\/portal\/noticias\/eam-2024-novos-convocados-para-procedimento-de-heteroidentificacao\/\" \/>\n<meta property=\"og:locale\" content=\"pt_BR\" \/>\n<meta property=\"og:type\" content=\"article\" \/>\n<meta property=\"og:title\" content=\"EAM 2024: divulgado os convocados para procedimento de Heteroidentifica\u00e7\u00e3o\" \/>\n<meta property=\"og:description\" content=\"Veja quem s\u00e3o os convocados para o Procedimento de Heteroidentifica\u00e7\u00e3o entre os novos aprovados do Concurso EAM 2024\" \/>\n<meta property=\"og:url\" content=\"https:\/\/militares.estrategia.com\/portal\/noticias\/eam-2024-novos-convocados-para-procedimento-de-heteroidentificacao\/\" \/>\n<meta property=\"og:site_name\" content=\"Estrat\u00e9gia Militares\" \/>\n<meta property=\"article:publisher\" content=\"https:\/\/www.facebook.com\/EstrategiaMilitares\" \/>\n<meta property=\"article:published_time\" content=\"2023-12-01T21:11:23+00:00\" \/>\n<meta property=\"article:modified_time\" content=\"2023-12-01T21:11:29+00:00\" \/>\n<meta property=\"og:image\" content=\"https:\/\/militares.estrategia.com\/portal\/wp-content\/uploads\/2022\/08\/Capa_BLOG_EAM.jpg\" \/>\n\t<meta property=\"og:image:width\" content=\"1200\" \/>\n\t<meta property=\"og:image:height\" content=\"676\" \/>\n\t<meta property=\"og:image:type\" content=\"image\/jpeg\" \/>\n<meta name=\"author\" content=\"Raquel Oshio\" \/>\n<meta name=\"twitter:card\" content=\"summary_large_image\" \/>\n<meta name=\"twitter:creator\" content=\"@estrategiamilit\" \/>\n<meta name=\"twitter:site\" content=\"@estrategiamilit\" \/>\n<meta name=\"twitter:label1\" content=\"Escrito por\" \/>\n\t<meta name=\"twitter:data1\" content=\"Raquel Oshio\" \/>\n\t<meta name=\"twitter:label2\" content=\"Est. tempo de leitura\" \/>\n\t<meta name=\"twitter:data2\" content=\"2 minutos\" \/>\n<script type=\"application\/ld+json\" class=\"yoast-schema-graph\">{\"@context\":\"https:\/\/schema.org\",\"@graph\":[{\"@type\":\"Article\",\"@id\":\"https:\/\/militares.estrategia.com\/portal\/noticias\/eam-2024-novos-convocados-para-procedimento-de-heteroidentificacao\/#article\",\"isPartOf\":{\"@id\":\"https:\/\/militares.estrategia.com\/portal\/noticias\/eam-2024-novos-convocados-para-procedimento-de-heteroidentificacao\/\"},\"author\":{\"name\":\"Raquel Oshio\",\"@id\":\"https:\/\/militares.estrategia.com\/portal\/#\/schema\/person\/46e1f54d690b6a851270112cd62d2f37\"},\"headline\":\"EAM 2024: divulgado os convocados para procedimento de Heteroidentifica\u00e7\u00e3o\",\"datePublished\":\"2023-12-01T21:11:23+00:00\",\"dateModified\":\"2023-12-01T21:11:29+00:00\",\"mainEntityOfPage\":{\"@id\":\"https:\/\/militares.estrategia.com\/portal\/noticias\/eam-2024-novos-convocados-para-procedimento-de-heteroidentificacao\/\"},\"wordCount\":314,\"publisher\":{\"@id\":\"https:\/\/militares.estrategia.com\/portal\/#organization\"},\"image\":{\"@id\":\"https:\/\/militares.estrategia.com\/portal\/noticias\/eam-2024-novos-convocados-para-procedimento-de-heteroidentificacao\/#primaryimage\"},\"thumbnailUrl\":\"https:\/\/militares.estrategia.com\/portal\/wp-content\/uploads\/2022\/08\/Capa_BLOG_EAM.jpg\",\"articleSection\":[\"Not\u00edcias\"],\"inLanguage\":\"pt-BR\"},{\"@type\":\"WebPage\",\"@id\":\"https:\/\/militares.estrategia.com\/portal\/noticias\/eam-2024-novos-convocados-para-procedimento-de-heteroidentificacao\/\",\"url\":\"https:\/\/militares.estrategia.com\/portal\/noticias\/eam-2024-novos-convocados-para-procedimento-de-heteroidentificacao\/\",\"name\":\"EAM 2024 convoca para procedimento de Heteroidentifica\u00e7\u00e3o\",\"isPartOf\":{\"@id\":\"https:\/\/militares.estrategia.com\/portal\/#website\"},\"primaryImageOfPage\":{\"@id\":\"https:\/\/militares.estrategia.com\/portal\/noticias\/eam-2024-novos-convocados-para-procedimento-de-heteroidentificacao\/#primaryimage\"},\"image\":{\"@id\":\"https:\/\/militares.estrategia.com\/portal\/noticias\/eam-2024-novos-convocados-para-procedimento-de-heteroidentificacao\/#primaryimage\"},\"thumbnailUrl\":\"https:\/\/militares.estrategia.com\/portal\/wp-content\/uploads\/2022\/08\/Capa_BLOG_EAM.jpg\",\"datePublished\":\"2023-12-01T21:11:23+00:00\",\"dateModified\":\"2023-12-01T21:11:29+00:00\",\"description\":\"Veja quem s\u00e3o os convocados para o Procedimento de Heteroidentifica\u00e7\u00e3o entre os novos aprovados do Concurso EAM 2024\",\"breadcrumb\":{\"@id\":\"https:\/\/militares.estrategia.com\/portal\/noticias\/eam-2024-novos-convocados-para-procedimento-de-heteroidentificacao\/#breadcrumb\"},\"inLanguage\":\"pt-BR\",\"potentialAction\":[{\"@type\":\"ReadAction\",\"target\":[\"https:\/\/militares.estrategia.com\/portal\/noticias\/eam-2024-novos-convocados-para-procedimento-de-heteroidentificacao\/\"]}]},{\"@type\":\"ImageObject\",\"inLanguage\":\"pt-BR\",\"@id\":\"https:\/\/militares.estrategia.com\/portal\/noticias\/eam-2024-novos-convocados-para-procedimento-de-heteroidentificacao\/#primaryimage\",\"url\":\"https:\/\/militares.estrategia.com\/portal\/wp-content\/uploads\/2022\/08\/Capa_BLOG_EAM.jpg\",\"contentUrl\":\"https:\/\/militares.estrategia.com\/portal\/wp-content\/uploads\/2022\/08\/Capa_BLOG_EAM.jpg\",\"width\":1200,\"height\":676,\"caption\":\"EAM\"},{\"@type\":\"BreadcrumbList\",\"@id\":\"https:\/\/militares.estrategia.com\/portal\/noticias\/eam-2024-novos-convocados-para-procedimento-de-heteroidentificacao\/#breadcrumb\",\"itemListElement\":[{\"@type\":\"ListItem\",\"position\":1,\"name\":\"Home\",\"item\":\"https:\/\/militares.estrategia.com\/portal\/\"},{\"@type\":\"ListItem\",\"position\":2,\"name\":\"Not\u00edcias\",\"item\":\"https:\/\/militares.estrategia.com\/portal\/noticias\/\"},{\"@type\":\"ListItem\",\"position\":3,\"name\":\"EAM 2024: divulgado os convocados para procedimento de Heteroidentifica\u00e7\u00e3o\"}]},{\"@type\":\"WebSite\",\"@id\":\"https:\/\/militares.estrategia.com\/portal\/#website\",\"url\":\"https:\/\/militares.estrategia.com\/portal\/\",\"name\":\"Estrat\u00e9gia Militares\",\"description\":\"\",\"publisher\":{\"@id\":\"https:\/\/militares.estrategia.com\/portal\/#organization\"},\"potentialAction\":[{\"@type\":\"SearchAction\",\"target\":{\"@type\":\"EntryPoint\",\"urlTemplate\":\"https:\/\/militares.estrategia.com\/portal\/?s={search_term_string}\"},\"query-input\":{\"@type\":\"PropertyValueSpecification\",\"valueRequired\":true,\"valueName\":\"search_term_string\"}}],\"inLanguage\":\"pt-BR\"},{\"@type\":\"Organization\",\"@id\":\"https:\/\/militares.estrategia.com\/portal\/#organization\",\"name\":\"Estrat\u00e9gia Militares\",\"url\":\"https:\/\/militares.estrategia.com\/portal\/\",\"logo\":{\"@type\":\"ImageObject\",\"inLanguage\":\"pt-BR\",\"@id\":\"https:\/\/militares.estrategia.com\/portal\/#\/schema\/logo\/image\/\",\"url\":\"https:\/\/militares.estrategia.com\/portal\/wp-content\/uploads\/2021\/10\/logo-militares.webp\",\"contentUrl\":\"https:\/\/militares.estrategia.com\/portal\/wp-content\/uploads\/2021\/10\/logo-militares.webp\",\"width\":346,\"height\":90,\"caption\":\"Estrat\u00e9gia Militares\"},\"image\":{\"@id\":\"https:\/\/militares.estrategia.com\/portal\/#\/schema\/logo\/image\/\"},\"sameAs\":[\"https:\/\/www.facebook.com\/EstrategiaMilitares\",\"https:\/\/x.com\/estrategiamilit\",\"https:\/\/www.instagram.com\/estrategiamilitares\/\",\"https:\/\/www.youtube.com\/channel\/UCRG_9hakCqXxnj_8TqCdgTA\"]},{\"@type\":\"Person\",\"@id\":\"https:\/\/militares.estrategia.com\/portal\/#\/schema\/person\/46e1f54d690b6a851270112cd62d2f37\",\"name\":\"Raquel Oshio\",\"image\":{\"@type\":\"ImageObject\",\"inLanguage\":\"pt-BR\",\"@id\":\"https:\/\/militares.estrategia.com\/portal\/#\/schema\/person\/image\/\",\"url\":\"https:\/\/secure.gravatar.com\/avatar\/fa4e62d5e59d9cf9995ea9c715a78807?s=96&d=mm&r=g\",\"contentUrl\":\"https:\/\/secure.gravatar.com\/avatar\/fa4e62d5e59d9cf9995ea9c715a78807?s=96&d=mm&r=g\",\"caption\":\"Raquel Oshio\"},\"description\":\"Raquel Kie \u00e9 amante de hist\u00f3rias e ca\u00e7adora de belezas escondidas. Jornalista de profiss\u00e3o e cora\u00e7\u00e3o. Desenhista e escritora de fic\u00e7\u00e3o nas horas vagas. Acredito no potencial transformador de todo trabalho feito com dedica\u00e7\u00e3o.\",\"url\":\"https:\/\/militares.estrategia.com\/portal\/author\/raqueloshio\/\"}]}<\/script>\n<!-- \/ Yoast SEO Premium plugin. -->","yoast_head_json":{"title":"EAM 2024 convoca para procedimento de Heteroidentifica\u00e7\u00e3o","description":"Veja quem s\u00e3o os convocados para o Procedimento de Heteroidentifica\u00e7\u00e3o entre os novos aprovados do Concurso EAM 2024","robots":{"index":"index","follow":"follow","max-snippet":"max-snippet:-1","max-image-preview":"max-image-preview:large","max-video-preview":"max-video-preview:-1"},"canonical":"https:\/\/militares.estrategia.com\/portal\/noticias\/eam-2024-novos-convocados-para-procedimento-de-heteroidentificacao\/","og_locale":"pt_BR","og_type":"article","og_title":"EAM 2024: divulgado os convocados para procedimento de Heteroidentifica\u00e7\u00e3o","og_description":"Veja quem s\u00e3o os convocados para o Procedimento de Heteroidentifica\u00e7\u00e3o entre os novos aprovados do Concurso EAM 2024","og_url":"https:\/\/militares.estrategia.com\/portal\/noticias\/eam-2024-novos-convocados-para-procedimento-de-heteroidentificacao\/","og_site_name":"Estrat\u00e9gia Militares","article_publisher":"https:\/\/www.facebook.com\/EstrategiaMilitares","article_published_time":"2023-12-01T21:11:23+00:00","article_modified_time":"2023-12-01T21:11:29+00:00","og_image":[{"width":1200,"height":676,"url":"https:\/\/militares.estrategia.com\/portal\/wp-content\/uploads\/2022\/08\/Capa_BLOG_EAM.jpg","type":"image\/jpeg"}],"author":"Raquel Oshio","twitter_card":"summary_large_image","twitter_creator":"@estrategiamilit","twitter_site":"@estrategiamilit","twitter_misc":{"Escrito por":"Raquel Oshio","Est. tempo de leitura":"2 minutos"},"schema":{"@context":"https:\/\/schema.org","@graph":[{"@type":"Article","@id":"https:\/\/militares.estrategia.com\/portal\/noticias\/eam-2024-novos-convocados-para-procedimento-de-heteroidentificacao\/#article","isPartOf":{"@id":"https:\/\/militares.estrategia.com\/portal\/noticias\/eam-2024-novos-convocados-para-procedimento-de-heteroidentificacao\/"},"author":{"name":"Raquel Oshio","@id":"https:\/\/militares.estrategia.com\/portal\/#\/schema\/person\/46e1f54d690b6a851270112cd62d2f37"},"headline":"EAM 2024: divulgado os convocados para procedimento de Heteroidentifica\u00e7\u00e3o","datePublished":"2023-12-01T21:11:23+00:00","dateModified":"2023-12-01T21:11:29+00:00","mainEntityOfPage":{"@id":"https:\/\/militares.estrategia.com\/portal\/noticias\/eam-2024-novos-convocados-para-procedimento-de-heteroidentificacao\/"},"wordCount":314,"publisher":{"@id":"https:\/\/militares.estrategia.com\/portal\/#organization"},"image":{"@id":"https:\/\/militares.estrategia.com\/portal\/noticias\/eam-2024-novos-convocados-para-procedimento-de-heteroidentificacao\/#primaryimage"},"thumbnailUrl":"https:\/\/militares.estrategia.com\/portal\/wp-content\/uploads\/2022\/08\/Capa_BLOG_EAM.jpg","articleSection":["Not\u00edcias"],"inLanguage":"pt-BR"},{"@type":"WebPage","@id":"https:\/\/militares.estrategia.com\/portal\/noticias\/eam-2024-novos-convocados-para-procedimento-de-heteroidentificacao\/","url":"https:\/\/militares.estrategia.com\/portal\/noticias\/eam-2024-novos-convocados-para-procedimento-de-heteroidentificacao\/","name":"EAM 2024 convoca para procedimento de Heteroidentifica\u00e7\u00e3o","isPartOf":{"@id":"https:\/\/militares.estrategia.com\/portal\/#website"},"primaryImageOfPage":{"@id":"https:\/\/militares.estrategia.com\/portal\/noticias\/eam-2024-novos-convocados-para-procedimento-de-heteroidentificacao\/#primaryimage"},"image":{"@id":"https:\/\/militares.estrategia.com\/portal\/noticias\/eam-2024-novos-convocados-para-procedimento-de-heteroidentificacao\/#primaryimage"},"thumbnailUrl":"https:\/\/militares.estrategia.com\/portal\/wp-content\/uploads\/2022\/08\/Capa_BLOG_EAM.jpg","datePublished":"2023-12-01T21:11:23+00:00","dateModified":"2023-12-01T21:11:29+00:00","description":"Veja quem s\u00e3o os convocados para o Procedimento de Heteroidentifica\u00e7\u00e3o entre os novos aprovados do Concurso EAM 2024","breadcrumb":{"@id":"https:\/\/militares.estrategia.com\/portal\/noticias\/eam-2024-novos-convocados-para-procedimento-de-heteroidentificacao\/#breadcrumb"},"inLanguage":"pt-BR","potentialAction":[{"@type":"ReadAction","target":["https:\/\/militares.estrategia.com\/portal\/noticias\/eam-2024-novos-convocados-para-procedimento-de-heteroidentificacao\/"]}]},{"@type":"ImageObject","inLanguage":"pt-BR","@id":"https:\/\/militares.estrategia.com\/portal\/noticias\/eam-2024-novos-convocados-para-procedimento-de-heteroidentificacao\/#primaryimage","url":"https:\/\/militares.estrategia.com\/portal\/wp-content\/uploads\/2022\/08\/Capa_BLOG_EAM.jpg","contentUrl":"https:\/\/militares.estrategia.com\/portal\/wp-content\/uploads\/2022\/08\/Capa_BLOG_EAM.jpg","width":1200,"height":676,"caption":"EAM"},{"@type":"BreadcrumbList","@id":"https:\/\/militares.estrategia.com\/portal\/noticias\/eam-2024-novos-convocados-para-procedimento-de-heteroidentificacao\/#breadcrumb","itemListElement":[{"@type":"ListItem","position":1,"name":"Home","item":"https:\/\/militares.estrategia.com\/portal\/"},{"@type":"ListItem","position":2,"name":"Not\u00edcias","item":"https:\/\/militares.estrategia.com\/portal\/noticias\/"},{"@type":"ListItem","position":3,"name":"EAM 2024: divulgado os convocados para procedimento de Heteroidentifica\u00e7\u00e3o"}]},{"@type":"WebSite","@id":"https:\/\/militares.estrategia.com\/portal\/#website","url":"https:\/\/militares.estrategia.com\/portal\/","name":"Estrat\u00e9gia Militares","description":"","publisher":{"@id":"https:\/\/militares.estrategia.com\/portal\/#organization"},"potentialAction":[{"@type":"SearchAction","target":{"@type":"EntryPoint","urlTemplate":"https:\/\/militares.estrategia.com\/portal\/?s={search_term_string}"},"query-input":{"@type":"PropertyValueSpecification","valueRequired":true,"valueName":"search_term_string"}}],"inLanguage":"pt-BR"},{"@type":"Organization","@id":"https:\/\/militares.estrategia.com\/portal\/#organization","name":"Estrat\u00e9gia Militares","url":"https:\/\/militares.estrategia.com\/portal\/","logo":{"@type":"ImageObject","inLanguage":"pt-BR","@id":"https:\/\/militares.estrategia.com\/portal\/#\/schema\/logo\/image\/","url":"https:\/\/militares.estrategia.com\/portal\/wp-content\/uploads\/2021\/10\/logo-militares.webp","contentUrl":"https:\/\/militares.estrategia.com\/portal\/wp-content\/uploads\/2021\/10\/logo-militares.webp","width":346,"height":90,"caption":"Estrat\u00e9gia Militares"},"image":{"@id":"https:\/\/militares.estrategia.com\/portal\/#\/schema\/logo\/image\/"},"sameAs":["https:\/\/www.facebook.com\/EstrategiaMilitares","https:\/\/x.com\/estrategiamilit","https:\/\/www.instagram.com\/estrategiamilitares\/","https:\/\/www.youtube.com\/channel\/UCRG_9hakCqXxnj_8TqCdgTA"]},{"@type":"Person","@id":"https:\/\/militares.estrategia.com\/portal\/#\/schema\/person\/46e1f54d690b6a851270112cd62d2f37","name":"Raquel Oshio","image":{"@type":"ImageObject","inLanguage":"pt-BR","@id":"https:\/\/militares.estrategia.com\/portal\/#\/schema\/person\/image\/","url":"https:\/\/secure.gravatar.com\/avatar\/fa4e62d5e59d9cf9995ea9c715a78807?s=96&d=mm&r=g","contentUrl":"https:\/\/secure.gravatar.com\/avatar\/fa4e62d5e59d9cf9995ea9c715a78807?s=96&d=mm&r=g","caption":"Raquel Oshio"},"description":"Raquel Kie \u00e9 amante de hist\u00f3rias e ca\u00e7adora de belezas escondidas. Jornalista de profiss\u00e3o e cora\u00e7\u00e3o. Desenhista e escritora de fic\u00e7\u00e3o nas horas vagas. Acredito no potencial transformador de todo trabalho feito com dedica\u00e7\u00e3o.","url":"https:\/\/militares.estrategia.com\/portal\/author\/raqueloshio\/"}]}},"_wl_alt_label":[],"wl:entity_url":"https:\/\/data.wordlift.io\/wl110246\/post\/eam-2024-divulgado-os-convocados-para-procedimento-de-heteroidentificacao-71956-2","_links":{"self":[{"href":"https:\/\/militares.estrategia.com\/portal\/wp-json\/wp\/v2\/posts\/71956","targetHints":{"allow":["GET"]}}],"collection":[{"href":"https:\/\/militares.estrategia.com\/portal\/wp-json\/wp\/v2\/posts"}],"about":[{"href":"https:\/\/militares.estrategia.com\/portal\/wp-json\/wp\/v2\/types\/post"}],"author":[{"embeddable":true,"href":"https:\/\/militares.estrategia.com\/portal\/wp-json\/wp\/v2\/users\/9"}],"replies":[{"embeddable":true,"href":"https:\/\/militares.estrategia.com\/portal\/wp-json\/wp\/v2\/comments?post=71956"}],"version-history":[{"count":1,"href":"https:\/\/militares.estrategia.com\/portal\/wp-json\/wp\/v2\/posts\/71956\/revisions"}],"predecessor-version":[{"id":71991,"href":"https:\/\/militares.estrategia.com\/portal\/wp-json\/wp\/v2\/posts\/71956\/revisions\/71991"}],"wp:featuredmedia":[{"embeddable":true,"href":"https:\/\/militares.estrategia.com\/portal\/wp-json\/wp\/v2\/media\/58086"}],"wp:attachment":[{"href":"https:\/\/militares.estrategia.com\/portal\/wp-json\/wp\/v2\/media?parent=71956"}],"wp:term":[{"taxonomy":"category","embeddable":true,"href":"https:\/\/militares.estrategia.com\/portal\/wp-json\/wp\/v2\/categories?post=71956"},{"taxonomy":"post_tag","embeddable":true,"href":"https:\/\/militares.estrategia.com\/portal\/wp-json\/wp\/v2\/tags?post=71956"},{"taxonomy":"wl_entity_type","embeddable":true,"href":"https:\/\/militares.estrategia.com\/portal\/wp-json\/wp\/v2\/wl_entity_type?post=71956"}],"curies":[{"name":"wp","href":"https:\/\/api.w.org\/{rel}","templated":true}]}}