{"id":71589,"date":"2023-11-29T10:29:00","date_gmt":"2023-11-29T13:29:00","guid":{"rendered":"https:\/\/militares.estrategia.com\/portal\/?p=71589"},"modified":"2023-12-29T14:38:29","modified_gmt":"2023-12-29T17:38:29","slug":"tipos-de-clima-quais-sao-e-suas-caracteristicas","status":"publish","type":"post","link":"https:\/\/militares.estrategia.com\/portal\/materias-e-dicas\/geografia\/tipos-de-clima-quais-sao-e-suas-caracteristicas\/","title":{"rendered":"Tipos de clima: quais s\u00e3o e suas caracter\u00edsticas"},"content":{"rendered":"\n<p>Voc\u00ea conhece os tipos de clima do Brasil? Nosso pa\u00eds, com seu tamanho continental, conta com diferentes climas em seu territ\u00f3rio. Como um futuro militar das For\u00e7as Armadas \u00e9 essencial conhec\u00ea-los, tanto para a prova quanto para seu tempo de servi\u00e7o!&nbsp;<\/p>\n\n\n\n<div id=\"ez-toc-container\" class=\"ez-toc-v2_0_79_2 counter-hierarchy ez-toc-counter ez-toc-transparent ez-toc-container-direction\">\n<div class=\"ez-toc-title-container\"><p class=\"ez-toc-title\" style=\"cursor:inherit\">Navegue pelo conte\u00fado\t<\/p>\n<\/div><nav><ul class='ez-toc-list ez-toc-list-level-1 ' ><li class='ez-toc-page-1 ez-toc-heading-level-2'><a class=\"ez-toc-link ez-toc-heading-1\" href=\"https:\/\/militares.estrategia.com\/portal\/materias-e-dicas\/geografia\/tipos-de-clima-quais-sao-e-suas-caracteristicas\/#O-que-e-clima\" >O que \u00e9 clima?&nbsp;<\/a><\/li><li class='ez-toc-page-1 ez-toc-heading-level-2'><a class=\"ez-toc-link ez-toc-heading-2\" href=\"https:\/\/militares.estrategia.com\/portal\/materias-e-dicas\/geografia\/tipos-de-clima-quais-sao-e-suas-caracteristicas\/#Clima-Equatorial\" >Clima Equatorial&nbsp;<\/a><\/li><li class='ez-toc-page-1 ez-toc-heading-level-2'><a class=\"ez-toc-link ez-toc-heading-3\" href=\"https:\/\/militares.estrategia.com\/portal\/materias-e-dicas\/geografia\/tipos-de-clima-quais-sao-e-suas-caracteristicas\/#Clima-Tropical\" >Clima Tropical<\/a><\/li><li class='ez-toc-page-1 ez-toc-heading-level-2'><a class=\"ez-toc-link ez-toc-heading-4\" href=\"https:\/\/militares.estrategia.com\/portal\/materias-e-dicas\/geografia\/tipos-de-clima-quais-sao-e-suas-caracteristicas\/#Clima-Subtropical\" >Clima Subtropical<\/a><\/li><li class='ez-toc-page-1 ez-toc-heading-level-2'><a class=\"ez-toc-link ez-toc-heading-5\" href=\"https:\/\/militares.estrategia.com\/portal\/materias-e-dicas\/geografia\/tipos-de-clima-quais-sao-e-suas-caracteristicas\/#Anomalias-climaticas\" >Anomalias clim\u00e1ticas<\/a><\/li><li class='ez-toc-page-1 ez-toc-heading-level-2'><a class=\"ez-toc-link ez-toc-heading-6\" href=\"https:\/\/militares.estrategia.com\/portal\/materias-e-dicas\/geografia\/tipos-de-clima-quais-sao-e-suas-caracteristicas\/#Veja-tambem\" >Veja tamb\u00e9m:<\/a><\/li><\/ul><\/nav><\/div>\n<h2 class=\"wp-block-heading\" id=\"h-o-que-e-clima-nbsp\"><span class=\"ez-toc-section\" id=\"O-que-e-clima\"><\/span>O que \u00e9 clima?&nbsp;<span class=\"ez-toc-section-end\"><\/span><\/h2>\n\n\n\n<p>O<strong> clima se refere aos padr\u00f5es de tempo que devem apresentar uma const\u00e2ncia de pelo menos 30 anos. <\/strong>Em outras palavras, \u00e9 o panorama geral do tempo meteorol\u00f3gico que apresenta um perfil relativamente est\u00e1vel.&nbsp;<\/p>\n\n\n\n<p>Ele \u00e9<strong> influenciado por correntes mar\u00edtimas, press\u00e3o atmosf\u00e9rica, latitude, altitude, precipita\u00e7\u00e3o pluviom\u00e9trica, incid\u00eancia solar e outros<\/strong>. Existem por volta de 10 climas diferentes ao redor do mundo, mas neste artigo, <strong>abordaremos apenas aqueles que podem ser encontrados no Brasil, que s\u00e3o os climas: Equatorial, Tropical e Subtropical.<\/strong>\u00a0<\/p>\n\n\n<div id=\"new-form\">\n\t<form id=\"forms_layout\">\n\t<input type=\"hidden\" id=\"chave_de\" name=\"chave_de\" value=\"01_EMIL_LEADS_TOTAIS\" \/>\n\t\t<input type=\"hidden\" id=\"mid\" name=\"mid\" value=\"515009017\" \/>\n\t\t<input type=\"hidden\" id=\"Objetivo\" name=\"Objetivo\" value=\"Militares\" \/>\n\t\t<input type=\"hidden\" id=\"Estado_de_Origem_do_IP\" name=\"Estado_de_Origem_do_IP\"  value=\"\" \/>\n\t\t<input type=\"hidden\" id=\"Cidade_de_Origem_do_IP\" name=\"Cidade_de_Origem_do_IP\" value=\"\" \/>\n\t\t<input type=\"hidden\" id=\"Modo_de_entrada\" name=\"Modo_de_entrada\" value=\"Portal\" \/>\n\t\t<input type=\"hidden\" id=\"Pagina_Origem\" name=\"Pagina_Origem\" value=\"\" \/>\n\n\t\t<div class=\"texto\">\n\t\t\t<h3 class=\"news\">Inscreva-se em nossa newsletter!<\/h3>\n\t\t\t<p>Receba not\u00edcias sobre os mais importantes concursos para as For\u00e7as Armadas brasileiras e informa\u00e7\u00f5es sobre o mundo militar!<\/p>\n\t\t<\/div>\n\t\t<div class=\"campos\">\n\t\t\t<div class=\"first_name labels\">\n\t\t\t\t<input type=\"text\" class=\"input_labels\" id=\"first_name\" name=\"Nome_Completo\" placeholder=\"Nome\" required \/>\n\t\t\t<\/div>\n\t\t\t<div class=\"email labels\">\n\t\t\t\t<input type=\"email\" class=\"input_labels\" id=\"email\" name=\"Email\" placeholder=\"E-mail\" required \/>\n\t\t\t<\/div>\n\t\t\t<button type=\"submit\" class=\"button_layout\">\n\t\t\t\t<div id=\"lblBotao\">Inscreva-se<\/div>\n\t\t\t\t<span id=\"divSpiner\" class=\"loader\" role=\"status\" style=\"display: none;\"><\/span>\t\n\t\t\t<\/button>\n\t\t<\/div><!-- \/campos -->\n\t\t\n\t\t<label class=\"container_checkbox\">Voc\u00ea concorda com a nossa\n\t\t\t<a class=\"politics_privacy_ahref\" target=\"_blank\" href=\"https:\/\/gratis.estrategiaconcursos.com.br\/politica-de-privacidade\/\">Pol\u00edtica de Privacidade<\/a> e aceita receber informa\u00e7\u00f5es adicionais do Estrat\u00e9gia Educacional.\n\t\t\t<input id=\"checkbox_layout\" type=\"checkbox\" checked=\"checked\" required \/>\n\t\t\t<span class=\"checkbox\"><\/span>\n\t\t<\/label>\n\t\t<div id=\"msg\"><\/div>\n\t\t<div id=\"error\" class=\"error\">\n\t\t<\/div>\n\t<\/form>\n<\/div><!-- \/new-form -->\n\n\n\n<p>Observe a distribui\u00e7\u00e3o deles e de suas variantes no mapa a seguir:&nbsp;<\/p>\n\n\n\n<figure class=\"wp-block-image\"><img decoding=\"async\" src=\"https:\/\/lh7-us.googleusercontent.com\/Ql93qVZcLU1_37FLsvy-Mcdhg8gOOCHRW133fTS3tQ38jF0c2edyZ0jgN9TUb9Er-fWN9mSMsGBG_qqjMzl4zMhbEqWH3dGxXLy_yToMOe4RgMMpFKg2_-WSmbUXtK84y3tcIa-LH-VxiTI7YYczA7U\" alt=\"\"\/><\/figure>\n\n\n\n<h2 class=\"wp-block-heading\" id=\"h-clima-equatorial-nbsp\"><span class=\"ez-toc-section\" id=\"Clima-Equatorial\"><\/span>Clima Equatorial&nbsp;<span class=\"ez-toc-section-end\"><\/span><\/h2>\n\n\n\n<p>\u00c9 encontrado nas regi\u00f5es pr\u00f3ximas \u00e0 linha do Equador e tem como caracter\u00edstica ser <strong>quente e \u00famido<\/strong>.<strong> N\u00e3o h\u00e1 muita varia\u00e7\u00e3o t\u00e9rmica e as chuvas s\u00e3o abundantes ao longo de todo o ano.<\/strong> Por isso, tamb\u00e9m n\u00e3o h\u00e1 muita diferen\u00e7a entre as esta\u00e7\u00f5es do ano.&nbsp;<\/p>\n\n\n\n<p>No Brasil, o clima Equatorial \u00e9 encontrado principalmente na regi\u00e3o da Amaz\u00f4nia. Existem algumas varia\u00e7\u00f5es do clima equatorial, como pode ser visto na tabela a seguir:<\/p>\n\n\n\n<figure class=\"wp-block-image\"><img decoding=\"async\" src=\"https:\/\/lh7-us.googleusercontent.com\/JOAiCh1LUYijrwAo5qovJlc8V5iXQa3N2eIYhy-wV2iX1PE0HTT0Mnu25k_cfXjCq8Yn2QkkoGfNxh_XHtwDm-cqUhoL6nyldU0VeR1QmTz5YvqaC94sT-uWsFviUu6ko2OERlGheLOrikWfwx-W5Kw\" alt=\"\"\/><\/figure>\n\n\n<div class=\"wp-block-image\">\n<figure class=\"aligncenter\"><img decoding=\"async\" src=\"https:\/\/lh7-us.googleusercontent.com\/Cn1CfgwXlxzD_7ijdWEobJ7I6PPH5rDZbb8MXGKyqVBEz04nLaR2Q3Tr1VvWSQ_U8dfdRH2fELoM4w1zEWHTI9Ldp8Y37nF-ogNeOF_yE7bkbUOFmkS57d9RpjsYiR6AhGE7iwsj7cbnkkat5-PE8U8\" alt=\"\"\/><\/figure><\/div>\n\n\n<p>Um dos fatores que influencia o clima equatorial s\u00e3o os chamados<strong> rios voadores.<\/strong> Eles s\u00e3o f<strong>luxos a\u00e9reos de vapor d\u2019\u00e1gua que partem do Oceano Atl\u00e2ntico e s\u00e3o alimentados pela evapotranspira\u00e7\u00e3o da Amaz\u00f4nia. <\/strong>Veja o esquema a seguir:&nbsp;<\/p>\n\n\n<div class=\"wp-block-image\">\n<figure class=\"aligncenter\"><img decoding=\"async\" src=\"https:\/\/lh7-us.googleusercontent.com\/KAIlN1xodr7dfAIuE0Z-g_6dBenZLQHCi3X3SUz4JIuuUnQZBexrm7Ahi_4JAY2v4q7sIfiV9p4DktpDjgZ9Br8eaAbj9Be0kEO-LrKnvuzUfv1YjHq02WmeyrXXGi2Xq9qW4FPOI8ewAfnGoYFEVWQ\" alt=\"\"\/><\/figure><\/div>\n\n\n<h2 class=\"wp-block-heading\" id=\"h-clima-tropical\"><span class=\"ez-toc-section\" id=\"Clima-Tropical\"><\/span>Clima Tropical<span class=\"ez-toc-section-end\"><\/span><\/h2>\n\n\n\n<p>Esse \u00e9 um clima que ocorre nas regi\u00f5es pr\u00f3ximas aos tr\u00f3picos. Embora n\u00e3o haja grandes varia\u00e7\u00f5es de temperatura,<strong> o clima tropical \u00e9 caracterizado pela diferen\u00e7a entre duas esta\u00e7\u00f5es: ver\u00f5es chuvosos e invernos secos.&nbsp;<\/strong><\/p>\n\n\n\n<p>Veja como um t\u00edpico caso do clima tropical se apresenta:&nbsp;<\/p>\n\n\n<div class=\"wp-block-image\">\n<figure class=\"aligncenter\"><img decoding=\"async\" src=\"https:\/\/lh7-us.googleusercontent.com\/GSJ9_fcFMw82PQSljWLuiUUgiHrPSoEfT2aFBxdQdn7HEtSP7r33Oy371RkBv1rPWEPQrD7Fci-1A5qUHlZCHbNkdgCUT4FD_F2Q88Oidup7Ib2J9iMbyahIFPeUw3EKdsa7JDkcwzlBLDQrxMa_iYs\" alt=\"\"\/><\/figure><\/div>\n\n\n<p>Existem algumas varia\u00e7\u00f5es do clima tropical \u2013 como <strong>o tropical de altitude, o tropical semi\u00e1rido e o tropical chuvoso ou litor\u00e2neo \u00famido<\/strong>.&nbsp;<\/p>\n\n\n\n<h3 class=\"wp-block-heading\" id=\"h-tropical-de-altitude\">Tropical de Altitude<\/h3>\n\n\n\n<p>Como o nome indica, o clima tropical de altitude<strong> ocorre em lugares mais elevados<\/strong>, por exemplo: as cidades de Campos do Jord\u00e3o e Monte Verde.<strong> O diferencial dessa varia\u00e7\u00e3o \u00e9 que as temperaturas s\u00e3o mais amenas devido \u00e0 altitude. <\/strong>O regime de chuvas \u00e9 semelhante ao do Tropical T\u00edpico.&nbsp;<\/p>\n\n\n<div class=\"wp-block-image\">\n<figure class=\"aligncenter\"><img decoding=\"async\" src=\"https:\/\/lh7-us.googleusercontent.com\/rACNitRjZ7AeCvaJNqVwCJ_oa14iHx6gyHIPYhjLA7YacOY4g-uXtMh73QWbiLLLtFIQa2gr_X8cgXrznfyHAp7GO74Lz5XTpX0cBS_GgMErLvD9Zmtuwl0nWENJcs8C09GEUP8QDAD3uU1WZOaRETk\" alt=\"\"\/><\/figure><\/div>\n\n\n<h3 class=\"wp-block-heading\" id=\"h-semiarido\">Semi\u00e1rido<\/h3>\n\n\n\n<p>No caso do Tropical Semi\u00e1rido, <strong>as temperaturas s\u00e3o mais elevadas e h\u00e1 uma grande amplitude t\u00e9rmica.<\/strong> No entanto, sua principal caracter\u00edstica s\u00e3o as<strong> chuvas escassas e irregulares.<\/strong> Esse tipo de clima \u00e9 encontrado principalmente na regi\u00e3o nordeste do Brasil e no norte de Minas Gerais.&nbsp;<\/p>\n\n\n<div class=\"wp-block-image\">\n<figure class=\"aligncenter\"><img decoding=\"async\" src=\"https:\/\/lh7-us.googleusercontent.com\/M2U0QtrPSn4ocw5e8aMBrTVr35X8gD1ifZkw7-PXhoywZzBx0VEGJz_LhaSy4xKbcKkA4VbLlPKzSJ1hL4CvwvGS-3OBmXVBeAzUSgTKf13F9Tq-7yvh75YGwcXel9mH51VnhNQ7R_oiJkmm5tTWgh0\" alt=\"\"\/><\/figure><\/div>\n\n\n<p>Esse clima acontece na regi\u00e3o por alguns motivos. Um deles \u00e9 o<strong> Planalto da Borborema,<\/strong> que bloqueia as massas de ar \u00famidas vindas do litoral. Uma <strong>c\u00e9lula de alta press\u00e3o<\/strong> se forma no local, dificultando a entrada da massa Equatorial continental. Al\u00e9m disso, as <strong>correntes mar\u00edtimas com \u00e1guas \u201cmenos quentes\u201d<\/strong> resultam na redu\u00e7\u00e3o de chuvas.&nbsp;<\/p>\n\n\n\n<h3 class=\"wp-block-heading\" id=\"h-litoraneo-umido\">Litor\u00e2neo \u00damido<\/h3>\n\n\n\n<p>J\u00e1 o Tropical Litor\u00e2neo ou \u00damido<strong> \u00e9 aquele com o maior volume de chuvas, influenciado pelas massas de ar mar\u00edtimas<\/strong>. Ainda h\u00e1 uma diminui\u00e7\u00e3o de chuvas no inverno, mas \u00e9 em menor escala do que outros tipos de clima tropical.&nbsp;<\/p>\n\n\n<div class=\"wp-block-image\">\n<figure class=\"aligncenter\"><img decoding=\"async\" src=\"https:\/\/lh7-us.googleusercontent.com\/KT8un2BstvO7KABdy6iz0Ul5vKrumjZ6F1_XzD5OSn7zy47ivjGkROIJYC_KHd0nB5w-2185Rp5GMu28BZIED7oz_FY9C4jOtlOBWuJKfK0Dis8n14P10RZlN5q4YM7MyboX8SJnUv39VrtMeXnPNA4\" alt=\"\"\/><\/figure><\/div>\n\n\n<h2 class=\"wp-block-heading\" id=\"h-clima-subtropical\"><span class=\"ez-toc-section\" id=\"Clima-Subtropical\"><\/span>Clima Subtropical<span class=\"ez-toc-section-end\"><\/span><\/h2>\n\n\n\n<p>O clima subtropical ocorre principalmente na regi\u00e3o sul do Brasil e em parte de S\u00e3o Paulo. Suas caracter\u00edsticas s\u00e3o a <strong>elevada amplitude t\u00e9rmica anual e precipita\u00e7\u00e3o distribu\u00edda com relativa uniformidade ao longo do ano.\u00a0<\/strong><\/p>\n\n\n\n<p>As quatro esta\u00e7\u00f5es s\u00e3o mais bem definidas do que nos climas equatorial e tropical. Geralmente, <strong>os ver\u00f5es s\u00e3o quentes e os invernos, frios. <\/strong>Observe o climograma:&nbsp;<\/p>\n\n\n<div class=\"wp-block-image\">\n<figure class=\"aligncenter\"><img decoding=\"async\" src=\"https:\/\/lh7-us.googleusercontent.com\/Xgd21pylRyYZwg-pUjkcza0l7wpYKXnQF_WrqPc8Ix2ldQ1gs6h8bcnAjsFylHd-T7chMvVshlZF2gKkMBTdDWrW27sa2u35FrZpW874K1cu6L13gMEez7-oChHs0E74RNZGUPRmMugNiDUdiW7nDDI\" alt=\"\"\/><\/figure><\/div>\n\n\n<h2 class=\"wp-block-heading\" id=\"h-anomalias-climaticas\"><span class=\"ez-toc-section\" id=\"Anomalias-climaticas\"><\/span>Anomalias clim\u00e1ticas<span class=\"ez-toc-section-end\"><\/span><\/h2>\n\n\n\n<p>Apesar dos climas terem caracter\u00edsticas espec\u00edficas, elas podem ser influenciadas por anomalias clim\u00e1ticas dependendo do ano. As mais conhecidas atualmente s\u00e3o El Ni\u00f1o e La Ni\u00f1a.&nbsp;<\/p>\n\n\n\n<h3 class=\"wp-block-heading\" id=\"h-el-nino\">El Ni\u00f1o<\/h3>\n\n\n\n<p>O <strong>El Ni\u00f1o \u00e9 o aquecimento anormal das \u00e1guas superficiais e equatoriais do Oceano Pac\u00edfico entre a costa americana e a Austr\u00e1lia<\/strong>. Geralmente, os ventos al\u00edsios empurram as \u00e1guas superficiais que foram aquecidas na regi\u00e3o do Equador e, como consequ\u00eancia, as \u00e1guas profundas mais frias e ricas em oxig\u00eanio e nutrientes tamb\u00e9m ascendem do fundo mar.&nbsp;<\/p>\n\n\n\n<p>Por\u00e9m, quando o El Ni\u00f1o acontece, os ventos al\u00edsios s\u00e3o enfraquecidos e as \u00e1guas aquecidas n\u00e3o s\u00e3o dispersas. Isso leva ao superaquecimento das \u00e1guas superficiais do Pac\u00edfico Equatorial. Isso afeta a distribui\u00e7\u00e3o de chuvas em regi\u00f5es tropicais por conta da altera\u00e7\u00e3o da circula\u00e7\u00e3o atmosf\u00e9rica.&nbsp;<\/p>\n\n\n\n<p>No Brasil, as consequ\u00eancias do El Ni\u00f1o s\u00e3o:&nbsp;<\/p>\n\n\n\n<ul class=\"wp-block-list\">\n<li>Redu\u00e7\u00e3o de chuvas no Norte,&nbsp;<\/li>\n\n\n\n<li>Aumento da seca no Nordeste e;&nbsp;<\/li>\n\n\n\n<li>Aumento da temperatura e das chuvas no Sul, no Centro-Oeste e parte do Sudeste.&nbsp;<\/li>\n<\/ul>\n\n\n\n<h3 class=\"wp-block-heading\" id=\"h-la-nina\">La Ni\u00f1a<\/h3>\n\n\n\n<p>O fen\u00f4meno La Ni\u00f1a, por sua vez,<strong> \u00e9 o resfriamento anormal das \u00e1guas superficiais e equatoriais do Oceano Pac\u00edfico, na costa americana.<\/strong> Isso acontece quando os ventos al\u00edsios est\u00e3o mais fortes que o normal e dispersam com mais for\u00e7a as \u00e1guas superficiais aquecidas da regi\u00e3o equatorial.&nbsp;<\/p>\n\n\n\n<p>As \u00e1guas frias do fundo ascendem e resfriam ainda mais a superf\u00edcie das \u00e1guas equatoriais. As consequ\u00eancias no Brasil s\u00e3o:&nbsp;<\/p>\n\n\n\n<ul class=\"wp-block-list\">\n<li>Aumento de chuvas na regi\u00e3o Norte;&nbsp;<\/li>\n\n\n\n<li>Diminui\u00e7\u00e3o da seca no Nordeste; e&nbsp;<\/li>\n\n\n\n<li>Redu\u00e7\u00e3o das temperaturas e chuvas mais intensas no Sudeste e Centro-Oeste.&nbsp;<\/li>\n<\/ul>\n\n\n\n<p>Quer saber mais sobre os assuntos que caem nas provas dos concursos militares? Acompanhe o Portal Estrat\u00e9gia Militares e assine a nossa Newsletter semanal! Clique no banner se quiser conhecer nossa plataforma de cursos on-line preparat\u00f3rios!<\/p>\n\n\n\n\n\n<p><\/p>\n\n\n\n<h2 class=\"wp-block-heading\"><span class=\"ez-toc-section\" id=\"Veja-tambem\"><\/span>Veja tamb\u00e9m:<span class=\"ez-toc-section-end\"><\/span><\/h2>\n\n\n\n<ul class=\"wp-block-list\">\n<li><a href=\"https:\/\/militares.estrategia.com\/portal\/materias-e-dicas\/geografia\/projecoes-cartograficas-o-que-sao-e-para-que-servem\/\">Proje\u00e7\u00f5es cartogr\u00e1ficas: o que s\u00e3o, para que servem, classifica\u00e7\u00e3o e mais!<\/a><\/li>\n\n\n\n<li><a href=\"https:\/\/militares.estrategia.com\/portal\/materias-e-dicas\/geografia\/historia-da-cartografia\/\">Hist\u00f3ria da Cartografia<\/a><\/li>\n\n\n\n<li><a href=\"https:\/\/militares.estrategia.com\/portal\/materias-e-dicas\/geografia\/fuso-horario\/\">Como \u00e9 calculado o fuso hor\u00e1rio?<\/a><\/li>\n\n\n\n<li><a href=\"https:\/\/militares.estrategia.com\/portal\/materias-e-dicas\/geografia\/orientacao-e-localizacao-no-planeta\/\">Orienta\u00e7\u00e3o e localiza\u00e7\u00e3o no planeta<\/a><\/li>\n\n\n\n<li><a href=\"https:\/\/militares.estrategia.com\/portal\/materias-e-dicas\/geografia\/saiba-como-os-corpos-celestes-se-movimentam\/\">Saiba como os corpos celestes se movimentam<\/a><\/li>\n\n\n\n<li><a href=\"https:\/\/militares.estrategia.com\/portal\/materias-e-dicas\/geografia\/taylorismo-fordismo-e-toyotismo-conheca-os-modelos-de-producao\/\">Taylorismo, Fordismo e Toyotismo: conhe\u00e7a os modelos de produ\u00e7\u00e3o<\/a><\/li>\n<\/ul>\n\n\n","protected":false},"excerpt":{"rendered":"Voc\u00ea conhece os tipos de clima do Brasil? Nosso pa\u00eds, com seu tamanho continental, conta com diferentes climas&hellip;\n","protected":false},"author":9,"featured_media":71613,"comment_status":"closed","ping_status":"closed","sticky":false,"template":"","format":"standard","meta":{"wl_entities_gutenberg":"","footnotes":""},"categories":[301],"tags":[],"wl_entity_type":[187],"class_list":{"0":"post-71589","1":"post","2":"type-post","3":"status-publish","4":"format-standard","5":"has-post-thumbnail","7":"category-geografia","8":"wl_entity_type-article"},"acf":[],"yoast_head":"<!-- This site is optimized with the Yoast SEO Premium plugin v26.6 (Yoast SEO v26.6) - https:\/\/yoast.com\/wordpress\/plugins\/seo\/ -->\n<title>Tipos de clima: quais s\u00e3o e suas caracter\u00edsticas<\/title>\n<meta name=\"description\" content=\"Conhe\u00e7a os tipos de clima que existem no Brasil e as caracter\u00edsticas de cada um neste resumo que o Estrat\u00e9gia Militares preparou!\" \/>\n<meta name=\"robots\" content=\"index, follow, max-snippet:-1, max-image-preview:large, max-video-preview:-1\" \/>\n<link rel=\"canonical\" href=\"https:\/\/militares.estrategia.com\/portal\/materias-e-dicas\/geografia\/tipos-de-clima-quais-sao-e-suas-caracteristicas\/\" \/>\n<meta property=\"og:locale\" content=\"pt_BR\" \/>\n<meta property=\"og:type\" content=\"article\" \/>\n<meta property=\"og:title\" content=\"Tipos de clima: quais s\u00e3o e suas caracter\u00edsticas\" \/>\n<meta property=\"og:description\" content=\"Conhe\u00e7a os tipos de clima que existem no Brasil e as caracter\u00edsticas de cada um neste resumo que o Estrat\u00e9gia Militares preparou!\" \/>\n<meta property=\"og:url\" content=\"https:\/\/militares.estrategia.com\/portal\/materias-e-dicas\/geografia\/tipos-de-clima-quais-sao-e-suas-caracteristicas\/\" \/>\n<meta property=\"og:site_name\" content=\"Estrat\u00e9gia Militares\" \/>\n<meta property=\"article:publisher\" content=\"https:\/\/www.facebook.com\/EstrategiaMilitares\" \/>\n<meta property=\"article:published_time\" content=\"2023-11-29T13:29:00+00:00\" \/>\n<meta property=\"article:modified_time\" content=\"2023-12-29T17:38:29+00:00\" \/>\n<meta property=\"og:image\" content=\"https:\/\/militares.estrategia.com\/portal\/wp-content\/uploads\/2023\/11\/Capas-32.jpg\" \/>\n\t<meta property=\"og:image:width\" content=\"1290\" \/>\n\t<meta property=\"og:image:height\" content=\"726\" \/>\n\t<meta property=\"og:image:type\" content=\"image\/jpeg\" \/>\n<meta name=\"author\" content=\"Raquel Oshio\" \/>\n<meta name=\"twitter:card\" content=\"summary_large_image\" \/>\n<meta name=\"twitter:creator\" content=\"@estrategiamilit\" \/>\n<meta name=\"twitter:site\" content=\"@estrategiamilit\" \/>\n<meta name=\"twitter:label1\" content=\"Escrito por\" \/>\n\t<meta name=\"twitter:data1\" content=\"Raquel Oshio\" \/>\n\t<meta name=\"twitter:label2\" content=\"Est. tempo de leitura\" \/>\n\t<meta name=\"twitter:data2\" content=\"5 minutos\" \/>\n<script type=\"application\/ld+json\" class=\"yoast-schema-graph\">{\"@context\":\"https:\/\/schema.org\",\"@graph\":[{\"@type\":\"Article\",\"@id\":\"https:\/\/militares.estrategia.com\/portal\/materias-e-dicas\/geografia\/tipos-de-clima-quais-sao-e-suas-caracteristicas\/#article\",\"isPartOf\":{\"@id\":\"https:\/\/militares.estrategia.com\/portal\/materias-e-dicas\/geografia\/tipos-de-clima-quais-sao-e-suas-caracteristicas\/\"},\"author\":{\"name\":\"Raquel Oshio\",\"@id\":\"https:\/\/militares.estrategia.com\/portal\/#\/schema\/person\/46e1f54d690b6a851270112cd62d2f37\"},\"headline\":\"Tipos de clima: quais s\u00e3o e suas caracter\u00edsticas\",\"datePublished\":\"2023-11-29T13:29:00+00:00\",\"dateModified\":\"2023-12-29T17:38:29+00:00\",\"mainEntityOfPage\":{\"@id\":\"https:\/\/militares.estrategia.com\/portal\/materias-e-dicas\/geografia\/tipos-de-clima-quais-sao-e-suas-caracteristicas\/\"},\"wordCount\":1062,\"publisher\":{\"@id\":\"https:\/\/militares.estrategia.com\/portal\/#organization\"},\"image\":{\"@id\":\"https:\/\/militares.estrategia.com\/portal\/materias-e-dicas\/geografia\/tipos-de-clima-quais-sao-e-suas-caracteristicas\/#primaryimage\"},\"thumbnailUrl\":\"https:\/\/militares.estrategia.com\/portal\/wp-content\/uploads\/2023\/11\/Capas-32.jpg\",\"articleSection\":[\"Geografia\"],\"inLanguage\":\"pt-BR\"},{\"@type\":\"WebPage\",\"@id\":\"https:\/\/militares.estrategia.com\/portal\/materias-e-dicas\/geografia\/tipos-de-clima-quais-sao-e-suas-caracteristicas\/\",\"url\":\"https:\/\/militares.estrategia.com\/portal\/materias-e-dicas\/geografia\/tipos-de-clima-quais-sao-e-suas-caracteristicas\/\",\"name\":\"Tipos de clima: quais s\u00e3o e suas caracter\u00edsticas\",\"isPartOf\":{\"@id\":\"https:\/\/militares.estrategia.com\/portal\/#website\"},\"primaryImageOfPage\":{\"@id\":\"https:\/\/militares.estrategia.com\/portal\/materias-e-dicas\/geografia\/tipos-de-clima-quais-sao-e-suas-caracteristicas\/#primaryimage\"},\"image\":{\"@id\":\"https:\/\/militares.estrategia.com\/portal\/materias-e-dicas\/geografia\/tipos-de-clima-quais-sao-e-suas-caracteristicas\/#primaryimage\"},\"thumbnailUrl\":\"https:\/\/militares.estrategia.com\/portal\/wp-content\/uploads\/2023\/11\/Capas-32.jpg\",\"datePublished\":\"2023-11-29T13:29:00+00:00\",\"dateModified\":\"2023-12-29T17:38:29+00:00\",\"description\":\"Conhe\u00e7a os tipos de clima que existem no Brasil e as caracter\u00edsticas de cada um neste resumo que o Estrat\u00e9gia Militares preparou!\",\"breadcrumb\":{\"@id\":\"https:\/\/militares.estrategia.com\/portal\/materias-e-dicas\/geografia\/tipos-de-clima-quais-sao-e-suas-caracteristicas\/#breadcrumb\"},\"inLanguage\":\"pt-BR\",\"potentialAction\":[{\"@type\":\"ReadAction\",\"target\":[\"https:\/\/militares.estrategia.com\/portal\/materias-e-dicas\/geografia\/tipos-de-clima-quais-sao-e-suas-caracteristicas\/\"]}]},{\"@type\":\"ImageObject\",\"inLanguage\":\"pt-BR\",\"@id\":\"https:\/\/militares.estrategia.com\/portal\/materias-e-dicas\/geografia\/tipos-de-clima-quais-sao-e-suas-caracteristicas\/#primaryimage\",\"url\":\"https:\/\/militares.estrategia.com\/portal\/wp-content\/uploads\/2023\/11\/Capas-32.jpg\",\"contentUrl\":\"https:\/\/militares.estrategia.com\/portal\/wp-content\/uploads\/2023\/11\/Capas-32.jpg\",\"width\":1290,\"height\":726},{\"@type\":\"BreadcrumbList\",\"@id\":\"https:\/\/militares.estrategia.com\/portal\/materias-e-dicas\/geografia\/tipos-de-clima-quais-sao-e-suas-caracteristicas\/#breadcrumb\",\"itemListElement\":[{\"@type\":\"ListItem\",\"position\":1,\"name\":\"Home\",\"item\":\"https:\/\/militares.estrategia.com\/portal\/\"},{\"@type\":\"ListItem\",\"position\":2,\"name\":\"Mat\u00e9rias e Dicas\",\"item\":\"https:\/\/militares.estrategia.com\/portal\/materias-e-dicas\/\"},{\"@type\":\"ListItem\",\"position\":3,\"name\":\"Geografia\",\"item\":\"https:\/\/militares.estrategia.com\/portal\/materias-e-dicas\/geografia\/\"},{\"@type\":\"ListItem\",\"position\":4,\"name\":\"Tipos de clima: quais s\u00e3o e suas caracter\u00edsticas\"}]},{\"@type\":\"WebSite\",\"@id\":\"https:\/\/militares.estrategia.com\/portal\/#website\",\"url\":\"https:\/\/militares.estrategia.com\/portal\/\",\"name\":\"Estrat\u00e9gia Militares\",\"description\":\"\",\"publisher\":{\"@id\":\"https:\/\/militares.estrategia.com\/portal\/#organization\"},\"potentialAction\":[{\"@type\":\"SearchAction\",\"target\":{\"@type\":\"EntryPoint\",\"urlTemplate\":\"https:\/\/militares.estrategia.com\/portal\/?s={search_term_string}\"},\"query-input\":{\"@type\":\"PropertyValueSpecification\",\"valueRequired\":true,\"valueName\":\"search_term_string\"}}],\"inLanguage\":\"pt-BR\"},{\"@type\":\"Organization\",\"@id\":\"https:\/\/militares.estrategia.com\/portal\/#organization\",\"name\":\"Estrat\u00e9gia Militares\",\"url\":\"https:\/\/militares.estrategia.com\/portal\/\",\"logo\":{\"@type\":\"ImageObject\",\"inLanguage\":\"pt-BR\",\"@id\":\"https:\/\/militares.estrategia.com\/portal\/#\/schema\/logo\/image\/\",\"url\":\"https:\/\/militares.estrategia.com\/portal\/wp-content\/uploads\/2021\/10\/logo-militares.webp\",\"contentUrl\":\"https:\/\/militares.estrategia.com\/portal\/wp-content\/uploads\/2021\/10\/logo-militares.webp\",\"width\":346,\"height\":90,\"caption\":\"Estrat\u00e9gia Militares\"},\"image\":{\"@id\":\"https:\/\/militares.estrategia.com\/portal\/#\/schema\/logo\/image\/\"},\"sameAs\":[\"https:\/\/www.facebook.com\/EstrategiaMilitares\",\"https:\/\/x.com\/estrategiamilit\",\"https:\/\/www.instagram.com\/estrategiamilitares\/\",\"https:\/\/www.youtube.com\/channel\/UCRG_9hakCqXxnj_8TqCdgTA\"]},{\"@type\":\"Person\",\"@id\":\"https:\/\/militares.estrategia.com\/portal\/#\/schema\/person\/46e1f54d690b6a851270112cd62d2f37\",\"name\":\"Raquel Oshio\",\"image\":{\"@type\":\"ImageObject\",\"inLanguage\":\"pt-BR\",\"@id\":\"https:\/\/militares.estrategia.com\/portal\/#\/schema\/person\/image\/\",\"url\":\"https:\/\/secure.gravatar.com\/avatar\/fa4e62d5e59d9cf9995ea9c715a78807?s=96&d=mm&r=g\",\"contentUrl\":\"https:\/\/secure.gravatar.com\/avatar\/fa4e62d5e59d9cf9995ea9c715a78807?s=96&d=mm&r=g\",\"caption\":\"Raquel Oshio\"},\"description\":\"Raquel Kie \u00e9 amante de hist\u00f3rias e ca\u00e7adora de belezas escondidas. Jornalista de profiss\u00e3o e cora\u00e7\u00e3o. Desenhista e escritora de fic\u00e7\u00e3o nas horas vagas. Acredito no potencial transformador de todo trabalho feito com dedica\u00e7\u00e3o.\",\"url\":\"https:\/\/militares.estrategia.com\/portal\/author\/raqueloshio\/\"}]}<\/script>\n<!-- \/ Yoast SEO Premium plugin. -->","yoast_head_json":{"title":"Tipos de clima: quais s\u00e3o e suas caracter\u00edsticas","description":"Conhe\u00e7a os tipos de clima que existem no Brasil e as caracter\u00edsticas de cada um neste resumo que o Estrat\u00e9gia Militares preparou!","robots":{"index":"index","follow":"follow","max-snippet":"max-snippet:-1","max-image-preview":"max-image-preview:large","max-video-preview":"max-video-preview:-1"},"canonical":"https:\/\/militares.estrategia.com\/portal\/materias-e-dicas\/geografia\/tipos-de-clima-quais-sao-e-suas-caracteristicas\/","og_locale":"pt_BR","og_type":"article","og_title":"Tipos de clima: quais s\u00e3o e suas caracter\u00edsticas","og_description":"Conhe\u00e7a os tipos de clima que existem no Brasil e as caracter\u00edsticas de cada um neste resumo que o Estrat\u00e9gia Militares preparou!","og_url":"https:\/\/militares.estrategia.com\/portal\/materias-e-dicas\/geografia\/tipos-de-clima-quais-sao-e-suas-caracteristicas\/","og_site_name":"Estrat\u00e9gia Militares","article_publisher":"https:\/\/www.facebook.com\/EstrategiaMilitares","article_published_time":"2023-11-29T13:29:00+00:00","article_modified_time":"2023-12-29T17:38:29+00:00","og_image":[{"width":1290,"height":726,"url":"https:\/\/militares.estrategia.com\/portal\/wp-content\/uploads\/2023\/11\/Capas-32.jpg","type":"image\/jpeg"}],"author":"Raquel Oshio","twitter_card":"summary_large_image","twitter_creator":"@estrategiamilit","twitter_site":"@estrategiamilit","twitter_misc":{"Escrito por":"Raquel Oshio","Est. tempo de leitura":"5 minutos"},"schema":{"@context":"https:\/\/schema.org","@graph":[{"@type":"Article","@id":"https:\/\/militares.estrategia.com\/portal\/materias-e-dicas\/geografia\/tipos-de-clima-quais-sao-e-suas-caracteristicas\/#article","isPartOf":{"@id":"https:\/\/militares.estrategia.com\/portal\/materias-e-dicas\/geografia\/tipos-de-clima-quais-sao-e-suas-caracteristicas\/"},"author":{"name":"Raquel Oshio","@id":"https:\/\/militares.estrategia.com\/portal\/#\/schema\/person\/46e1f54d690b6a851270112cd62d2f37"},"headline":"Tipos de clima: quais s\u00e3o e suas caracter\u00edsticas","datePublished":"2023-11-29T13:29:00+00:00","dateModified":"2023-12-29T17:38:29+00:00","mainEntityOfPage":{"@id":"https:\/\/militares.estrategia.com\/portal\/materias-e-dicas\/geografia\/tipos-de-clima-quais-sao-e-suas-caracteristicas\/"},"wordCount":1062,"publisher":{"@id":"https:\/\/militares.estrategia.com\/portal\/#organization"},"image":{"@id":"https:\/\/militares.estrategia.com\/portal\/materias-e-dicas\/geografia\/tipos-de-clima-quais-sao-e-suas-caracteristicas\/#primaryimage"},"thumbnailUrl":"https:\/\/militares.estrategia.com\/portal\/wp-content\/uploads\/2023\/11\/Capas-32.jpg","articleSection":["Geografia"],"inLanguage":"pt-BR"},{"@type":"WebPage","@id":"https:\/\/militares.estrategia.com\/portal\/materias-e-dicas\/geografia\/tipos-de-clima-quais-sao-e-suas-caracteristicas\/","url":"https:\/\/militares.estrategia.com\/portal\/materias-e-dicas\/geografia\/tipos-de-clima-quais-sao-e-suas-caracteristicas\/","name":"Tipos de clima: quais s\u00e3o e suas caracter\u00edsticas","isPartOf":{"@id":"https:\/\/militares.estrategia.com\/portal\/#website"},"primaryImageOfPage":{"@id":"https:\/\/militares.estrategia.com\/portal\/materias-e-dicas\/geografia\/tipos-de-clima-quais-sao-e-suas-caracteristicas\/#primaryimage"},"image":{"@id":"https:\/\/militares.estrategia.com\/portal\/materias-e-dicas\/geografia\/tipos-de-clima-quais-sao-e-suas-caracteristicas\/#primaryimage"},"thumbnailUrl":"https:\/\/militares.estrategia.com\/portal\/wp-content\/uploads\/2023\/11\/Capas-32.jpg","datePublished":"2023-11-29T13:29:00+00:00","dateModified":"2023-12-29T17:38:29+00:00","description":"Conhe\u00e7a os tipos de clima que existem no Brasil e as caracter\u00edsticas de cada um neste resumo que o Estrat\u00e9gia Militares preparou!","breadcrumb":{"@id":"https:\/\/militares.estrategia.com\/portal\/materias-e-dicas\/geografia\/tipos-de-clima-quais-sao-e-suas-caracteristicas\/#breadcrumb"},"inLanguage":"pt-BR","potentialAction":[{"@type":"ReadAction","target":["https:\/\/militares.estrategia.com\/portal\/materias-e-dicas\/geografia\/tipos-de-clima-quais-sao-e-suas-caracteristicas\/"]}]},{"@type":"ImageObject","inLanguage":"pt-BR","@id":"https:\/\/militares.estrategia.com\/portal\/materias-e-dicas\/geografia\/tipos-de-clima-quais-sao-e-suas-caracteristicas\/#primaryimage","url":"https:\/\/militares.estrategia.com\/portal\/wp-content\/uploads\/2023\/11\/Capas-32.jpg","contentUrl":"https:\/\/militares.estrategia.com\/portal\/wp-content\/uploads\/2023\/11\/Capas-32.jpg","width":1290,"height":726},{"@type":"BreadcrumbList","@id":"https:\/\/militares.estrategia.com\/portal\/materias-e-dicas\/geografia\/tipos-de-clima-quais-sao-e-suas-caracteristicas\/#breadcrumb","itemListElement":[{"@type":"ListItem","position":1,"name":"Home","item":"https:\/\/militares.estrategia.com\/portal\/"},{"@type":"ListItem","position":2,"name":"Mat\u00e9rias e Dicas","item":"https:\/\/militares.estrategia.com\/portal\/materias-e-dicas\/"},{"@type":"ListItem","position":3,"name":"Geografia","item":"https:\/\/militares.estrategia.com\/portal\/materias-e-dicas\/geografia\/"},{"@type":"ListItem","position":4,"name":"Tipos de clima: quais s\u00e3o e suas caracter\u00edsticas"}]},{"@type":"WebSite","@id":"https:\/\/militares.estrategia.com\/portal\/#website","url":"https:\/\/militares.estrategia.com\/portal\/","name":"Estrat\u00e9gia Militares","description":"","publisher":{"@id":"https:\/\/militares.estrategia.com\/portal\/#organization"},"potentialAction":[{"@type":"SearchAction","target":{"@type":"EntryPoint","urlTemplate":"https:\/\/militares.estrategia.com\/portal\/?s={search_term_string}"},"query-input":{"@type":"PropertyValueSpecification","valueRequired":true,"valueName":"search_term_string"}}],"inLanguage":"pt-BR"},{"@type":"Organization","@id":"https:\/\/militares.estrategia.com\/portal\/#organization","name":"Estrat\u00e9gia Militares","url":"https:\/\/militares.estrategia.com\/portal\/","logo":{"@type":"ImageObject","inLanguage":"pt-BR","@id":"https:\/\/militares.estrategia.com\/portal\/#\/schema\/logo\/image\/","url":"https:\/\/militares.estrategia.com\/portal\/wp-content\/uploads\/2021\/10\/logo-militares.webp","contentUrl":"https:\/\/militares.estrategia.com\/portal\/wp-content\/uploads\/2021\/10\/logo-militares.webp","width":346,"height":90,"caption":"Estrat\u00e9gia Militares"},"image":{"@id":"https:\/\/militares.estrategia.com\/portal\/#\/schema\/logo\/image\/"},"sameAs":["https:\/\/www.facebook.com\/EstrategiaMilitares","https:\/\/x.com\/estrategiamilit","https:\/\/www.instagram.com\/estrategiamilitares\/","https:\/\/www.youtube.com\/channel\/UCRG_9hakCqXxnj_8TqCdgTA"]},{"@type":"Person","@id":"https:\/\/militares.estrategia.com\/portal\/#\/schema\/person\/46e1f54d690b6a851270112cd62d2f37","name":"Raquel Oshio","image":{"@type":"ImageObject","inLanguage":"pt-BR","@id":"https:\/\/militares.estrategia.com\/portal\/#\/schema\/person\/image\/","url":"https:\/\/secure.gravatar.com\/avatar\/fa4e62d5e59d9cf9995ea9c715a78807?s=96&d=mm&r=g","contentUrl":"https:\/\/secure.gravatar.com\/avatar\/fa4e62d5e59d9cf9995ea9c715a78807?s=96&d=mm&r=g","caption":"Raquel Oshio"},"description":"Raquel Kie \u00e9 amante de hist\u00f3rias e ca\u00e7adora de belezas escondidas. Jornalista de profiss\u00e3o e cora\u00e7\u00e3o. Desenhista e escritora de fic\u00e7\u00e3o nas horas vagas. Acredito no potencial transformador de todo trabalho feito com dedica\u00e7\u00e3o.","url":"https:\/\/militares.estrategia.com\/portal\/author\/raqueloshio\/"}]}},"_wl_alt_label":[],"wl:entity_url":"https:\/\/data.wordlift.io\/wl110246\/post\/tipos-de-clima-quais-sao-e-suas-caracteristicas-71589","_links":{"self":[{"href":"https:\/\/militares.estrategia.com\/portal\/wp-json\/wp\/v2\/posts\/71589","targetHints":{"allow":["GET"]}}],"collection":[{"href":"https:\/\/militares.estrategia.com\/portal\/wp-json\/wp\/v2\/posts"}],"about":[{"href":"https:\/\/militares.estrategia.com\/portal\/wp-json\/wp\/v2\/types\/post"}],"author":[{"embeddable":true,"href":"https:\/\/militares.estrategia.com\/portal\/wp-json\/wp\/v2\/users\/9"}],"replies":[{"embeddable":true,"href":"https:\/\/militares.estrategia.com\/portal\/wp-json\/wp\/v2\/comments?post=71589"}],"version-history":[{"count":3,"href":"https:\/\/militares.estrategia.com\/portal\/wp-json\/wp\/v2\/posts\/71589\/revisions"}],"predecessor-version":[{"id":72705,"href":"https:\/\/militares.estrategia.com\/portal\/wp-json\/wp\/v2\/posts\/71589\/revisions\/72705"}],"wp:featuredmedia":[{"embeddable":true,"href":"https:\/\/militares.estrategia.com\/portal\/wp-json\/wp\/v2\/media\/71613"}],"wp:attachment":[{"href":"https:\/\/militares.estrategia.com\/portal\/wp-json\/wp\/v2\/media?parent=71589"}],"wp:term":[{"taxonomy":"category","embeddable":true,"href":"https:\/\/militares.estrategia.com\/portal\/wp-json\/wp\/v2\/categories?post=71589"},{"taxonomy":"post_tag","embeddable":true,"href":"https:\/\/militares.estrategia.com\/portal\/wp-json\/wp\/v2\/tags?post=71589"},{"taxonomy":"wl_entity_type","embeddable":true,"href":"https:\/\/militares.estrategia.com\/portal\/wp-json\/wp\/v2\/wl_entity_type?post=71589"}],"curies":[{"name":"wp","href":"https:\/\/api.w.org\/{rel}","templated":true}]}}