{"id":71572,"date":"2023-11-21T17:56:49","date_gmt":"2023-11-21T20:56:49","guid":{"rendered":"https:\/\/militares.estrategia.com\/portal\/?p=71572"},"modified":"2023-11-21T17:56:56","modified_gmt":"2023-11-21T20:56:56","slug":"eam-2024-resultado-da-avaliacao-psicologica","status":"publish","type":"post","link":"https:\/\/militares.estrategia.com\/portal\/noticias\/eam-2024-resultado-da-avaliacao-psicologica\/","title":{"rendered":"EAM 2024: confira resultado preliminar da Avalia\u00e7\u00e3o Psicol\u00f3gica"},"content":{"rendered":"\n<p>A Marinha do Brasil divulgou a rela\u00e7\u00e3o preliminar de aprovados na etapa de Avalia\u00e7\u00e3o Psicol\u00f3gica (AP) do Concurso EAM 2024 nesta ter\u00e7a, dia 21 de novembro. O resultado foi postado na p\u00e1gina do seletivo na internet. <\/p>\n\n\n\n<p>A Avalia\u00e7\u00e3o Psicol\u00f3gica tinha car\u00e1ter apenas eliminat\u00f3rio e aconteceu nos dias 21 a 25 de setembro. Esta etapa avalia os candidatos de acordo com procedimento cient\u00edficos para verificar as\u00a0<strong>caracter\u00edsticas psicol\u00f3gicas do candidato<\/strong>\u00a0para a futura carreira militar. <\/p>\n\n\n\n<p>Confira a seguir o resultado preliminar da Avalia\u00e7\u00e3o Psicol\u00f3gica: <\/p>\n\n\n\n<div class=\"wp-block-buttons is-content-justification-center is-layout-flex wp-container-core-buttons-is-layout-1 wp-block-buttons-is-layout-flex\">\n<div class=\"wp-block-button is-style-outline is-style-outline--1\"><a class=\"wp-block-button__link has-electric-grass-gradient-background has-background wp-element-button\" style=\"border-radius:74px\">Resultado Preliminar AP &#8211; EAM 2024<\/a><\/div>\n<\/div>\n\n\n\n<p>Os candidatos que n\u00e3o aparecem na lista n\u00e3o foram aprovados na etapa. Eles podem pedir recurso sobre a decis\u00e3o em at\u00e9 dois dias \u00fateis depois da publica\u00e7\u00e3o do resultado preliminar. O resultado final da Avalia\u00e7\u00e3o Psicol\u00f3gica ser\u00e1 divulgado no dia 1 de dezembro. <\/p>\n\n\n\n<p>O Concurso EAM 2024 publica o resultado final do seletivo no dia 19 de dezembro, com o nome dos candidatos aptos \u00e0 matr\u00edcula. Fique atento ao Portal Estrat\u00e9gia Militares para mais informa\u00e7\u00f5es sobre os seletivos militares e outros Concursos das For\u00e7as Armadas! <\/p>\n\n\n","protected":false},"excerpt":{"rendered":"A Marinha do Brasil divulgou a rela\u00e7\u00e3o preliminar de aprovados na etapa de Avalia\u00e7\u00e3o Psicol\u00f3gica (AP) do Concurso&hellip;\n","protected":false},"author":9,"featured_media":58086,"comment_status":"closed","ping_status":"closed","sticky":false,"template":"","format":"standard","meta":{"wl_entities_gutenberg":"","footnotes":""},"categories":[36],"tags":[],"wl_entity_type":[187],"class_list":{"0":"post-71572","1":"post","2":"type-post","3":"status-publish","4":"format-standard","5":"has-post-thumbnail","7":"category-noticias","8":"wl_entity_type-article"},"acf":[],"yoast_head":"<!-- This site is optimized with the Yoast SEO Premium plugin v26.6 (Yoast SEO v26.6) - https:\/\/yoast.com\/wordpress\/plugins\/seo\/ -->\n<title>EAM 2024: confira resultado preliminar da Avalia\u00e7\u00e3o Psicol\u00f3gica<\/title>\n<meta name=\"description\" content=\"Confira a rela\u00e7\u00e3o de candidatos aprovados na etapa de Avalia\u00e7\u00e3o Psicol\u00f3gica do Concurso EAM 2024 e at\u00e9 quando pedir recursos!\" \/>\n<meta name=\"robots\" content=\"index, follow, max-snippet:-1, max-image-preview:large, max-video-preview:-1\" \/>\n<link rel=\"canonical\" href=\"https:\/\/militares.estrategia.com\/portal\/noticias\/eam-2024-resultado-da-avaliacao-psicologica\/\" \/>\n<meta property=\"og:locale\" content=\"pt_BR\" \/>\n<meta property=\"og:type\" content=\"article\" \/>\n<meta property=\"og:title\" content=\"EAM 2024: confira resultado preliminar da Avalia\u00e7\u00e3o Psicol\u00f3gica\" \/>\n<meta property=\"og:description\" content=\"Confira a rela\u00e7\u00e3o de candidatos aprovados na etapa de Avalia\u00e7\u00e3o Psicol\u00f3gica do Concurso EAM 2024 e at\u00e9 quando pedir recursos!\" \/>\n<meta property=\"og:url\" content=\"https:\/\/militares.estrategia.com\/portal\/noticias\/eam-2024-resultado-da-avaliacao-psicologica\/\" \/>\n<meta property=\"og:site_name\" content=\"Estrat\u00e9gia Militares\" \/>\n<meta property=\"article:publisher\" content=\"https:\/\/www.facebook.com\/EstrategiaMilitares\" \/>\n<meta property=\"article:published_time\" content=\"2023-11-21T20:56:49+00:00\" \/>\n<meta property=\"article:modified_time\" content=\"2023-11-21T20:56:56+00:00\" \/>\n<meta property=\"og:image\" content=\"https:\/\/militares.estrategia.com\/portal\/wp-content\/uploads\/2022\/08\/Capa_BLOG_EAM.jpg\" \/>\n\t<meta property=\"og:image:width\" content=\"1200\" \/>\n\t<meta property=\"og:image:height\" content=\"676\" \/>\n\t<meta property=\"og:image:type\" content=\"image\/jpeg\" \/>\n<meta name=\"author\" content=\"Raquel Oshio\" \/>\n<meta name=\"twitter:card\" content=\"summary_large_image\" \/>\n<meta name=\"twitter:creator\" content=\"@estrategiamilit\" \/>\n<meta name=\"twitter:site\" content=\"@estrategiamilit\" \/>\n<meta name=\"twitter:label1\" content=\"Escrito por\" \/>\n\t<meta name=\"twitter:data1\" content=\"Raquel Oshio\" \/>\n\t<meta name=\"twitter:label2\" content=\"Est. tempo de leitura\" \/>\n\t<meta name=\"twitter:data2\" content=\"1 minuto\" \/>\n<script type=\"application\/ld+json\" class=\"yoast-schema-graph\">{\"@context\":\"https:\/\/schema.org\",\"@graph\":[{\"@type\":\"Article\",\"@id\":\"https:\/\/militares.estrategia.com\/portal\/noticias\/eam-2024-resultado-da-avaliacao-psicologica\/#article\",\"isPartOf\":{\"@id\":\"https:\/\/militares.estrategia.com\/portal\/noticias\/eam-2024-resultado-da-avaliacao-psicologica\/\"},\"author\":{\"name\":\"Raquel Oshio\",\"@id\":\"https:\/\/militares.estrategia.com\/portal\/#\/schema\/person\/46e1f54d690b6a851270112cd62d2f37\"},\"headline\":\"EAM 2024: confira resultado preliminar da Avalia\u00e7\u00e3o Psicol\u00f3gica\",\"datePublished\":\"2023-11-21T20:56:49+00:00\",\"dateModified\":\"2023-11-21T20:56:56+00:00\",\"mainEntityOfPage\":{\"@id\":\"https:\/\/militares.estrategia.com\/portal\/noticias\/eam-2024-resultado-da-avaliacao-psicologica\/\"},\"wordCount\":198,\"publisher\":{\"@id\":\"https:\/\/militares.estrategia.com\/portal\/#organization\"},\"image\":{\"@id\":\"https:\/\/militares.estrategia.com\/portal\/noticias\/eam-2024-resultado-da-avaliacao-psicologica\/#primaryimage\"},\"thumbnailUrl\":\"https:\/\/militares.estrategia.com\/portal\/wp-content\/uploads\/2022\/08\/Capa_BLOG_EAM.jpg\",\"articleSection\":[\"Not\u00edcias\"],\"inLanguage\":\"pt-BR\"},{\"@type\":\"WebPage\",\"@id\":\"https:\/\/militares.estrategia.com\/portal\/noticias\/eam-2024-resultado-da-avaliacao-psicologica\/\",\"url\":\"https:\/\/militares.estrategia.com\/portal\/noticias\/eam-2024-resultado-da-avaliacao-psicologica\/\",\"name\":\"EAM 2024: confira resultado preliminar da Avalia\u00e7\u00e3o Psicol\u00f3gica\",\"isPartOf\":{\"@id\":\"https:\/\/militares.estrategia.com\/portal\/#website\"},\"primaryImageOfPage\":{\"@id\":\"https:\/\/militares.estrategia.com\/portal\/noticias\/eam-2024-resultado-da-avaliacao-psicologica\/#primaryimage\"},\"image\":{\"@id\":\"https:\/\/militares.estrategia.com\/portal\/noticias\/eam-2024-resultado-da-avaliacao-psicologica\/#primaryimage\"},\"thumbnailUrl\":\"https:\/\/militares.estrategia.com\/portal\/wp-content\/uploads\/2022\/08\/Capa_BLOG_EAM.jpg\",\"datePublished\":\"2023-11-21T20:56:49+00:00\",\"dateModified\":\"2023-11-21T20:56:56+00:00\",\"description\":\"Confira a rela\u00e7\u00e3o de candidatos aprovados na etapa de Avalia\u00e7\u00e3o Psicol\u00f3gica do Concurso EAM 2024 e at\u00e9 quando pedir recursos!\",\"breadcrumb\":{\"@id\":\"https:\/\/militares.estrategia.com\/portal\/noticias\/eam-2024-resultado-da-avaliacao-psicologica\/#breadcrumb\"},\"inLanguage\":\"pt-BR\",\"potentialAction\":[{\"@type\":\"ReadAction\",\"target\":[\"https:\/\/militares.estrategia.com\/portal\/noticias\/eam-2024-resultado-da-avaliacao-psicologica\/\"]}]},{\"@type\":\"ImageObject\",\"inLanguage\":\"pt-BR\",\"@id\":\"https:\/\/militares.estrategia.com\/portal\/noticias\/eam-2024-resultado-da-avaliacao-psicologica\/#primaryimage\",\"url\":\"https:\/\/militares.estrategia.com\/portal\/wp-content\/uploads\/2022\/08\/Capa_BLOG_EAM.jpg\",\"contentUrl\":\"https:\/\/militares.estrategia.com\/portal\/wp-content\/uploads\/2022\/08\/Capa_BLOG_EAM.jpg\",\"width\":1200,\"height\":676,\"caption\":\"EAM\"},{\"@type\":\"BreadcrumbList\",\"@id\":\"https:\/\/militares.estrategia.com\/portal\/noticias\/eam-2024-resultado-da-avaliacao-psicologica\/#breadcrumb\",\"itemListElement\":[{\"@type\":\"ListItem\",\"position\":1,\"name\":\"Home\",\"item\":\"https:\/\/militares.estrategia.com\/portal\/\"},{\"@type\":\"ListItem\",\"position\":2,\"name\":\"Not\u00edcias\",\"item\":\"https:\/\/militares.estrategia.com\/portal\/noticias\/\"},{\"@type\":\"ListItem\",\"position\":3,\"name\":\"EAM 2024: confira resultado preliminar da Avalia\u00e7\u00e3o Psicol\u00f3gica\"}]},{\"@type\":\"WebSite\",\"@id\":\"https:\/\/militares.estrategia.com\/portal\/#website\",\"url\":\"https:\/\/militares.estrategia.com\/portal\/\",\"name\":\"Estrat\u00e9gia Militares\",\"description\":\"\",\"publisher\":{\"@id\":\"https:\/\/militares.estrategia.com\/portal\/#organization\"},\"potentialAction\":[{\"@type\":\"SearchAction\",\"target\":{\"@type\":\"EntryPoint\",\"urlTemplate\":\"https:\/\/militares.estrategia.com\/portal\/?s={search_term_string}\"},\"query-input\":{\"@type\":\"PropertyValueSpecification\",\"valueRequired\":true,\"valueName\":\"search_term_string\"}}],\"inLanguage\":\"pt-BR\"},{\"@type\":\"Organization\",\"@id\":\"https:\/\/militares.estrategia.com\/portal\/#organization\",\"name\":\"Estrat\u00e9gia Militares\",\"url\":\"https:\/\/militares.estrategia.com\/portal\/\",\"logo\":{\"@type\":\"ImageObject\",\"inLanguage\":\"pt-BR\",\"@id\":\"https:\/\/militares.estrategia.com\/portal\/#\/schema\/logo\/image\/\",\"url\":\"https:\/\/militares.estrategia.com\/portal\/wp-content\/uploads\/2021\/10\/logo-militares.webp\",\"contentUrl\":\"https:\/\/militares.estrategia.com\/portal\/wp-content\/uploads\/2021\/10\/logo-militares.webp\",\"width\":346,\"height\":90,\"caption\":\"Estrat\u00e9gia Militares\"},\"image\":{\"@id\":\"https:\/\/militares.estrategia.com\/portal\/#\/schema\/logo\/image\/\"},\"sameAs\":[\"https:\/\/www.facebook.com\/EstrategiaMilitares\",\"https:\/\/x.com\/estrategiamilit\",\"https:\/\/www.instagram.com\/estrategiamilitares\/\",\"https:\/\/www.youtube.com\/channel\/UCRG_9hakCqXxnj_8TqCdgTA\"]},{\"@type\":\"Person\",\"@id\":\"https:\/\/militares.estrategia.com\/portal\/#\/schema\/person\/46e1f54d690b6a851270112cd62d2f37\",\"name\":\"Raquel Oshio\",\"image\":{\"@type\":\"ImageObject\",\"inLanguage\":\"pt-BR\",\"@id\":\"https:\/\/militares.estrategia.com\/portal\/#\/schema\/person\/image\/\",\"url\":\"https:\/\/secure.gravatar.com\/avatar\/fa4e62d5e59d9cf9995ea9c715a78807?s=96&d=mm&r=g\",\"contentUrl\":\"https:\/\/secure.gravatar.com\/avatar\/fa4e62d5e59d9cf9995ea9c715a78807?s=96&d=mm&r=g\",\"caption\":\"Raquel Oshio\"},\"description\":\"Raquel Kie \u00e9 amante de hist\u00f3rias e ca\u00e7adora de belezas escondidas. Jornalista de profiss\u00e3o e cora\u00e7\u00e3o. Desenhista e escritora de fic\u00e7\u00e3o nas horas vagas. Acredito no potencial transformador de todo trabalho feito com dedica\u00e7\u00e3o.\",\"url\":\"https:\/\/militares.estrategia.com\/portal\/author\/raqueloshio\/\"}]}<\/script>\n<!-- \/ Yoast SEO Premium plugin. -->","yoast_head_json":{"title":"EAM 2024: confira resultado preliminar da Avalia\u00e7\u00e3o Psicol\u00f3gica","description":"Confira a rela\u00e7\u00e3o de candidatos aprovados na etapa de Avalia\u00e7\u00e3o Psicol\u00f3gica do Concurso EAM 2024 e at\u00e9 quando pedir recursos!","robots":{"index":"index","follow":"follow","max-snippet":"max-snippet:-1","max-image-preview":"max-image-preview:large","max-video-preview":"max-video-preview:-1"},"canonical":"https:\/\/militares.estrategia.com\/portal\/noticias\/eam-2024-resultado-da-avaliacao-psicologica\/","og_locale":"pt_BR","og_type":"article","og_title":"EAM 2024: confira resultado preliminar da Avalia\u00e7\u00e3o Psicol\u00f3gica","og_description":"Confira a rela\u00e7\u00e3o de candidatos aprovados na etapa de Avalia\u00e7\u00e3o Psicol\u00f3gica do Concurso EAM 2024 e at\u00e9 quando pedir recursos!","og_url":"https:\/\/militares.estrategia.com\/portal\/noticias\/eam-2024-resultado-da-avaliacao-psicologica\/","og_site_name":"Estrat\u00e9gia Militares","article_publisher":"https:\/\/www.facebook.com\/EstrategiaMilitares","article_published_time":"2023-11-21T20:56:49+00:00","article_modified_time":"2023-11-21T20:56:56+00:00","og_image":[{"width":1200,"height":676,"url":"https:\/\/militares.estrategia.com\/portal\/wp-content\/uploads\/2022\/08\/Capa_BLOG_EAM.jpg","type":"image\/jpeg"}],"author":"Raquel Oshio","twitter_card":"summary_large_image","twitter_creator":"@estrategiamilit","twitter_site":"@estrategiamilit","twitter_misc":{"Escrito por":"Raquel Oshio","Est. tempo de leitura":"1 minuto"},"schema":{"@context":"https:\/\/schema.org","@graph":[{"@type":"Article","@id":"https:\/\/militares.estrategia.com\/portal\/noticias\/eam-2024-resultado-da-avaliacao-psicologica\/#article","isPartOf":{"@id":"https:\/\/militares.estrategia.com\/portal\/noticias\/eam-2024-resultado-da-avaliacao-psicologica\/"},"author":{"name":"Raquel Oshio","@id":"https:\/\/militares.estrategia.com\/portal\/#\/schema\/person\/46e1f54d690b6a851270112cd62d2f37"},"headline":"EAM 2024: confira resultado preliminar da Avalia\u00e7\u00e3o Psicol\u00f3gica","datePublished":"2023-11-21T20:56:49+00:00","dateModified":"2023-11-21T20:56:56+00:00","mainEntityOfPage":{"@id":"https:\/\/militares.estrategia.com\/portal\/noticias\/eam-2024-resultado-da-avaliacao-psicologica\/"},"wordCount":198,"publisher":{"@id":"https:\/\/militares.estrategia.com\/portal\/#organization"},"image":{"@id":"https:\/\/militares.estrategia.com\/portal\/noticias\/eam-2024-resultado-da-avaliacao-psicologica\/#primaryimage"},"thumbnailUrl":"https:\/\/militares.estrategia.com\/portal\/wp-content\/uploads\/2022\/08\/Capa_BLOG_EAM.jpg","articleSection":["Not\u00edcias"],"inLanguage":"pt-BR"},{"@type":"WebPage","@id":"https:\/\/militares.estrategia.com\/portal\/noticias\/eam-2024-resultado-da-avaliacao-psicologica\/","url":"https:\/\/militares.estrategia.com\/portal\/noticias\/eam-2024-resultado-da-avaliacao-psicologica\/","name":"EAM 2024: confira resultado preliminar da Avalia\u00e7\u00e3o Psicol\u00f3gica","isPartOf":{"@id":"https:\/\/militares.estrategia.com\/portal\/#website"},"primaryImageOfPage":{"@id":"https:\/\/militares.estrategia.com\/portal\/noticias\/eam-2024-resultado-da-avaliacao-psicologica\/#primaryimage"},"image":{"@id":"https:\/\/militares.estrategia.com\/portal\/noticias\/eam-2024-resultado-da-avaliacao-psicologica\/#primaryimage"},"thumbnailUrl":"https:\/\/militares.estrategia.com\/portal\/wp-content\/uploads\/2022\/08\/Capa_BLOG_EAM.jpg","datePublished":"2023-11-21T20:56:49+00:00","dateModified":"2023-11-21T20:56:56+00:00","description":"Confira a rela\u00e7\u00e3o de candidatos aprovados na etapa de Avalia\u00e7\u00e3o Psicol\u00f3gica do Concurso EAM 2024 e at\u00e9 quando pedir recursos!","breadcrumb":{"@id":"https:\/\/militares.estrategia.com\/portal\/noticias\/eam-2024-resultado-da-avaliacao-psicologica\/#breadcrumb"},"inLanguage":"pt-BR","potentialAction":[{"@type":"ReadAction","target":["https:\/\/militares.estrategia.com\/portal\/noticias\/eam-2024-resultado-da-avaliacao-psicologica\/"]}]},{"@type":"ImageObject","inLanguage":"pt-BR","@id":"https:\/\/militares.estrategia.com\/portal\/noticias\/eam-2024-resultado-da-avaliacao-psicologica\/#primaryimage","url":"https:\/\/militares.estrategia.com\/portal\/wp-content\/uploads\/2022\/08\/Capa_BLOG_EAM.jpg","contentUrl":"https:\/\/militares.estrategia.com\/portal\/wp-content\/uploads\/2022\/08\/Capa_BLOG_EAM.jpg","width":1200,"height":676,"caption":"EAM"},{"@type":"BreadcrumbList","@id":"https:\/\/militares.estrategia.com\/portal\/noticias\/eam-2024-resultado-da-avaliacao-psicologica\/#breadcrumb","itemListElement":[{"@type":"ListItem","position":1,"name":"Home","item":"https:\/\/militares.estrategia.com\/portal\/"},{"@type":"ListItem","position":2,"name":"Not\u00edcias","item":"https:\/\/militares.estrategia.com\/portal\/noticias\/"},{"@type":"ListItem","position":3,"name":"EAM 2024: confira resultado preliminar da Avalia\u00e7\u00e3o Psicol\u00f3gica"}]},{"@type":"WebSite","@id":"https:\/\/militares.estrategia.com\/portal\/#website","url":"https:\/\/militares.estrategia.com\/portal\/","name":"Estrat\u00e9gia Militares","description":"","publisher":{"@id":"https:\/\/militares.estrategia.com\/portal\/#organization"},"potentialAction":[{"@type":"SearchAction","target":{"@type":"EntryPoint","urlTemplate":"https:\/\/militares.estrategia.com\/portal\/?s={search_term_string}"},"query-input":{"@type":"PropertyValueSpecification","valueRequired":true,"valueName":"search_term_string"}}],"inLanguage":"pt-BR"},{"@type":"Organization","@id":"https:\/\/militares.estrategia.com\/portal\/#organization","name":"Estrat\u00e9gia Militares","url":"https:\/\/militares.estrategia.com\/portal\/","logo":{"@type":"ImageObject","inLanguage":"pt-BR","@id":"https:\/\/militares.estrategia.com\/portal\/#\/schema\/logo\/image\/","url":"https:\/\/militares.estrategia.com\/portal\/wp-content\/uploads\/2021\/10\/logo-militares.webp","contentUrl":"https:\/\/militares.estrategia.com\/portal\/wp-content\/uploads\/2021\/10\/logo-militares.webp","width":346,"height":90,"caption":"Estrat\u00e9gia Militares"},"image":{"@id":"https:\/\/militares.estrategia.com\/portal\/#\/schema\/logo\/image\/"},"sameAs":["https:\/\/www.facebook.com\/EstrategiaMilitares","https:\/\/x.com\/estrategiamilit","https:\/\/www.instagram.com\/estrategiamilitares\/","https:\/\/www.youtube.com\/channel\/UCRG_9hakCqXxnj_8TqCdgTA"]},{"@type":"Person","@id":"https:\/\/militares.estrategia.com\/portal\/#\/schema\/person\/46e1f54d690b6a851270112cd62d2f37","name":"Raquel Oshio","image":{"@type":"ImageObject","inLanguage":"pt-BR","@id":"https:\/\/militares.estrategia.com\/portal\/#\/schema\/person\/image\/","url":"https:\/\/secure.gravatar.com\/avatar\/fa4e62d5e59d9cf9995ea9c715a78807?s=96&d=mm&r=g","contentUrl":"https:\/\/secure.gravatar.com\/avatar\/fa4e62d5e59d9cf9995ea9c715a78807?s=96&d=mm&r=g","caption":"Raquel Oshio"},"description":"Raquel Kie \u00e9 amante de hist\u00f3rias e ca\u00e7adora de belezas escondidas. Jornalista de profiss\u00e3o e cora\u00e7\u00e3o. Desenhista e escritora de fic\u00e7\u00e3o nas horas vagas. Acredito no potencial transformador de todo trabalho feito com dedica\u00e7\u00e3o.","url":"https:\/\/militares.estrategia.com\/portal\/author\/raqueloshio\/"}]}},"_wl_alt_label":[],"wl:entity_url":"https:\/\/data.wordlift.io\/wl110246\/post\/eam-71572","_links":{"self":[{"href":"https:\/\/militares.estrategia.com\/portal\/wp-json\/wp\/v2\/posts\/71572","targetHints":{"allow":["GET"]}}],"collection":[{"href":"https:\/\/militares.estrategia.com\/portal\/wp-json\/wp\/v2\/posts"}],"about":[{"href":"https:\/\/militares.estrategia.com\/portal\/wp-json\/wp\/v2\/types\/post"}],"author":[{"embeddable":true,"href":"https:\/\/militares.estrategia.com\/portal\/wp-json\/wp\/v2\/users\/9"}],"replies":[{"embeddable":true,"href":"https:\/\/militares.estrategia.com\/portal\/wp-json\/wp\/v2\/comments?post=71572"}],"version-history":[{"count":1,"href":"https:\/\/militares.estrategia.com\/portal\/wp-json\/wp\/v2\/posts\/71572\/revisions"}],"predecessor-version":[{"id":71573,"href":"https:\/\/militares.estrategia.com\/portal\/wp-json\/wp\/v2\/posts\/71572\/revisions\/71573"}],"wp:featuredmedia":[{"embeddable":true,"href":"https:\/\/militares.estrategia.com\/portal\/wp-json\/wp\/v2\/media\/58086"}],"wp:attachment":[{"href":"https:\/\/militares.estrategia.com\/portal\/wp-json\/wp\/v2\/media?parent=71572"}],"wp:term":[{"taxonomy":"category","embeddable":true,"href":"https:\/\/militares.estrategia.com\/portal\/wp-json\/wp\/v2\/categories?post=71572"},{"taxonomy":"post_tag","embeddable":true,"href":"https:\/\/militares.estrategia.com\/portal\/wp-json\/wp\/v2\/tags?post=71572"},{"taxonomy":"wl_entity_type","embeddable":true,"href":"https:\/\/militares.estrategia.com\/portal\/wp-json\/wp\/v2\/wl_entity_type?post=71572"}],"curies":[{"name":"wp","href":"https:\/\/api.w.org\/{rel}","templated":true}]}}