{"id":71446,"date":"2023-11-23T10:49:45","date_gmt":"2023-11-23T13:49:45","guid":{"rendered":"https:\/\/militares.estrategia.com\/portal\/?p=71446"},"modified":"2023-12-29T11:02:48","modified_gmt":"2023-12-29T14:02:48","slug":"concurso-para-servico-militar-voluntario-2024","status":"publish","type":"post","link":"https:\/\/militares.estrategia.com\/portal\/noticias\/concurso-para-servico-militar-voluntario-2024\/","title":{"rendered":"SMV 2024: edital para o 1o DN abre com 186 vagas!"},"content":{"rendered":"\n<p>A <a href=\"https:\/\/militares.estrategia.com\/portal\/mundo-militar\/forcas-armadas\/marinha-do-brasil\/\" target=\"_blank\" >Marinha do Brasil<\/a> publicou nesta quinta-feira, 23 de novembro, <strong>o edital para o Concurso para para o Servi\u00e7o Militar Volunt\u00e1rio (SMV) no \u00e2mbito do 1o Distrito Naval (1o DN). <\/strong>O processo seletivo abriu um total de <strong>186 vagas para oficiais tempor\u00e1rios<\/strong>, chamados de militares RM2. Saiba mais sobre o concurso a seguir! <\/p>\n\n\n<div id=\"new-form\">\n\t<form id=\"forms_layout\">\n\t<input type=\"hidden\" id=\"chave_de\" name=\"chave_de\" value=\"01_EMIL_LEADS_TOTAIS\" \/>\n\t\t<input type=\"hidden\" id=\"mid\" name=\"mid\" value=\"515009017\" \/>\n\t\t<input type=\"hidden\" id=\"Objetivo\" name=\"Objetivo\" value=\"Militares\" \/>\n\t\t<input type=\"hidden\" id=\"Estado_de_Origem_do_IP\" name=\"Estado_de_Origem_do_IP\"  value=\"\" \/>\n\t\t<input type=\"hidden\" id=\"Cidade_de_Origem_do_IP\" name=\"Cidade_de_Origem_do_IP\" value=\"\" \/>\n\t\t<input type=\"hidden\" id=\"Modo_de_entrada\" name=\"Modo_de_entrada\" value=\"Portal\" \/>\n\t\t<input type=\"hidden\" id=\"Pagina_Origem\" name=\"Pagina_Origem\" value=\"\" \/>\n\n\t\t<div class=\"texto\">\n\t\t\t<h3 class=\"news\">Inscreva-se em nossa newsletter!<\/h3>\n\t\t\t<p>Receba not\u00edcias sobre os mais importantes concursos para as For\u00e7as Armadas brasileiras e informa\u00e7\u00f5es sobre o mundo militar!<\/p>\n\t\t<\/div>\n\t\t<div class=\"campos\">\n\t\t\t<div class=\"first_name labels\">\n\t\t\t\t<input type=\"text\" class=\"input_labels\" id=\"first_name\" name=\"Nome_Completo\" placeholder=\"Nome\" required \/>\n\t\t\t<\/div>\n\t\t\t<div class=\"email labels\">\n\t\t\t\t<input type=\"email\" class=\"input_labels\" id=\"email\" name=\"Email\" placeholder=\"E-mail\" required \/>\n\t\t\t<\/div>\n\t\t\t<button type=\"submit\" class=\"button_layout\">\n\t\t\t\t<div id=\"lblBotao\">Inscreva-se<\/div>\n\t\t\t\t<span id=\"divSpiner\" class=\"loader\" role=\"status\" style=\"display: none;\"><\/span>\t\n\t\t\t<\/button>\n\t\t<\/div><!-- \/campos -->\n\t\t\n\t\t<label class=\"container_checkbox\">Voc\u00ea concorda com a nossa\n\t\t\t<a class=\"politics_privacy_ahref\" target=\"_blank\" href=\"https:\/\/gratis.estrategiaconcursos.com.br\/politica-de-privacidade\/\">Pol\u00edtica de Privacidade<\/a> e aceita receber informa\u00e7\u00f5es adicionais do Estrat\u00e9gia Educacional.\n\t\t\t<input id=\"checkbox_layout\" type=\"checkbox\" checked=\"checked\" required \/>\n\t\t\t<span class=\"checkbox\"><\/span>\n\t\t<\/label>\n\t\t<div id=\"msg\"><\/div>\n\t\t<div id=\"error\" class=\"error\">\n\t\t<\/div>\n\t<\/form>\n<\/div><!-- \/new-form -->\n\n\n\n<p>As 186 vagas abertas para o Concurso SMV 2024 foram <strong>divididas entre as \u00c1reas de Sa\u00fade, Apoio \u00e0 Sa\u00fade, T\u00e9cnica, T\u00e9cnica Magist\u00e9rio e Engenharia.<\/strong> Elas s\u00e3o <strong>distribu\u00eddas entre os estados que comp\u00f5em a regi\u00e3o do 1o DN, que s\u00e3o o Rio de Janeiro, Minas Gerais e o Esp\u00edrito Santo<\/strong>. <\/p>\n\n\n\n<p><strong>As inscri\u00e7\u00f5es para o processo seletivo come\u00e7am no dia 23 de novembro e v\u00e3o at\u00e9 07 de dezembro de 2023<\/strong>. Clique no bot\u00e3o abaixo para ler o documento publicado no Di\u00e1rio Oficial da Uni\u00e3o: <\/p>\n\n\n\n<div class=\"wp-block-buttons is-content-justification-center is-layout-flex wp-container-core-buttons-is-layout-1 wp-block-buttons-is-layout-flex\">\n<div class=\"wp-block-button is-style-outline is-style-outline--1\"><a class=\"wp-block-button__link has-electric-grass-gradient-background has-background wp-element-button\" href=\"https:\/\/militares.estrategia.com\/portal\/wp-content\/uploads\/2023\/11\/Edital-1o-DN.pdf\" style=\"border-radius:100px\" target=\"_blank\" >Publica\u00e7\u00e3o DOU<\/a><\/div>\n<\/div>\n\n\n\n<div id=\"ez-toc-container\" class=\"ez-toc-v2_0_79_2 counter-hierarchy ez-toc-counter ez-toc-transparent ez-toc-container-direction\">\n<div class=\"ez-toc-title-container\"><p class=\"ez-toc-title\" style=\"cursor:inherit\">Navegue pelo conte\u00fado\t<\/p>\n<\/div><nav><ul class='ez-toc-list ez-toc-list-level-1 ' ><li class='ez-toc-page-1 ez-toc-heading-level-2'><a class=\"ez-toc-link ez-toc-heading-1\" href=\"https:\/\/militares.estrategia.com\/portal\/noticias\/concurso-para-servico-militar-voluntario-2024\/#Quem-sao-os-militares-SMV\" >Quem s\u00e3o os militares SMV?<\/a><\/li><li class='ez-toc-page-1 ez-toc-heading-level-2'><a class=\"ez-toc-link ez-toc-heading-2\" href=\"https:\/\/militares.estrategia.com\/portal\/noticias\/concurso-para-servico-militar-voluntario-2024\/#Como-participar\" >Como participar<\/a><\/li><li class='ez-toc-page-1 ez-toc-heading-level-2'><a class=\"ez-toc-link ez-toc-heading-3\" href=\"https:\/\/militares.estrategia.com\/portal\/noticias\/concurso-para-servico-militar-voluntario-2024\/#Distribuicao-de-Vagas\" >Distribui\u00e7\u00e3o de Vagas<\/a><\/li><li class='ez-toc-page-1 ez-toc-heading-level-2'><a class=\"ez-toc-link ez-toc-heading-4\" href=\"https:\/\/militares.estrategia.com\/portal\/noticias\/concurso-para-servico-militar-voluntario-2024\/#Etapas-do-Concurso-SMV-2024\" >Etapas do Concurso SMV 2024<\/a><\/li><li class='ez-toc-page-1 ez-toc-heading-level-2'><a class=\"ez-toc-link ez-toc-heading-5\" href=\"https:\/\/militares.estrategia.com\/portal\/noticias\/concurso-para-servico-militar-voluntario-2024\/#Calendario-SMV-2024\" >Calend\u00e1rio SMV 2024<\/a><\/li><\/ul><\/nav><\/div>\n<h2 class=\"wp-block-heading\" id=\"h-quem-sao-os-militares-smv\"><span class=\"ez-toc-section\" id=\"Quem-sao-os-militares-SMV\"><\/span>Quem s\u00e3o os militares SMV?<span class=\"ez-toc-section-end\"><\/span><\/h2>\n\n\n\n<p>Eles<strong> s\u00e3o chamados militares da Reserva de 2\u00aa classe da Marinha e tempor\u00e1rios, permanecendo na Marinha por at\u00e9 8 anos.<\/strong> Conhecidos ainda como RM2, podem ser tanto pra\u00e7as quanto oficiais. <\/p>\n\n\n\n<p><strong>Para permanecer na Marinha, o v\u00ednculo deste militar com a institui\u00e7\u00e3o \u00e9 renovado uma vez por ano, at\u00e9 que este complete oito anos.<\/strong> N\u00e3o h\u00e1 a possibilidade de efetiva\u00e7\u00e3o ou de estabilidade. No entanto, o militar RM2 pode concorrer a uma vaga para ingresso normal na For\u00e7a, participando de seus concursos.<\/p>\n\n\n\n<p>Sendo assim, um dos principais requisitos para o ingresso na institui\u00e7\u00e3o \u00e9 <strong>ter a partir de 18 anos e menos de 40 na data da incorpora\u00e7\u00e3o e forma\u00e7\u00e3o na \u00e1rea a que concorre. <\/strong>O Oficial RM2 ingressa na Marinha como Guarda-Marinha e, caso permane\u00e7a os 8 anos,<strong> sai como Capit\u00e3o Tenente. <\/strong><br>&nbsp;<br><strong>Os militares tempor\u00e1rios trabalham igual aos de carreira e ganham exatamente da mesma forma que um correspondente<\/strong> seu no corpo militar. <\/p>\n\n\n\n<h2 class=\"wp-block-heading\" id=\"h-como-participar\"><span class=\"ez-toc-section\" id=\"Como-participar\"><\/span>Como participar<span class=\"ez-toc-section-end\"><\/span><\/h2>\n\n\n\n<p>Para que o volunt\u00e1rio se <strong>candidate a uma das vagas do Concurso SMV 2024 \u00e9 preciso<\/strong>: <\/p>\n\n\n\n<ul class=\"wp-block-list\">\n<li>ter mais de 18 (dezoito) anos; e<\/li>\n\n\n\n<li>ter menos de 41 (quarenta e um) anos de idade at\u00e9 data da incorpora\u00e7\u00e3o para a presta\u00e7\u00e3o do Servi\u00e7o Militar Volunt\u00e1rio (SMV).<\/li>\n<\/ul>\n\n\n\n<p><strong>As vagas est\u00e3o abertas para candidatos de ambos os sexos.<\/strong> As inscri\u00e7\u00f5es ser\u00e3o realizadas unicamente via internet no <a href=\"https:\/\/www.marinha.mil.br\/com1dn\/smv\/smv-principal\" target=\"_blank\" >site do Comando do 1\u00b0 Distrito Naval<\/a>.<\/p>\n\n\n\n<p>O valor da<strong> taxa de inscri\u00e7\u00e3o \u00e9 de R$ 140,00<\/strong> e o candidato ter\u00e1 <strong>at\u00e9 o dia 7 de dezembro para efetuar o pagamento.<\/strong><\/p>\n\n\n\n<p><strong>No dia 23 de novembro, \u00e0s 19h, o Estrat\u00e9gia Militares far\u00e1 uma live<\/strong> em seu <a href=\"https:\/\/www.youtube.com\/@estrategiamilitares\" target=\"_blank\" >canal no YouTube<\/a> para explicar como \u00e9 o realizado o Concurso SMV 2024. Clique no link abaixo e assista:<\/p>\n\n\n\n<figure class=\"wp-block-embed is-type-video is-provider-youtube wp-block-embed-youtube wp-embed-aspect-16-9 wp-has-aspect-ratio\"><div class=\"wp-block-embed__wrapper\">\n<div class=\"cs-embed cs-embed-responsive\"><iframe title=\"Saiu o Edital do SMV 2024! Prepare-se com o Estrat\u00e9gia Militares!\" width=\"1200\" height=\"675\" src=\"https:\/\/www.youtube.com\/embed\/XFBkIPn8vzQ?feature=oembed\" frameborder=\"0\" allow=\"accelerometer; autoplay; clipboard-write; encrypted-media; gyroscope; picture-in-picture; web-share\" allowfullscreen><\/iframe><\/div>\n<\/div><\/figure>\n\n\n\n<h2 class=\"wp-block-heading\" id=\"h-distribuicao-de-vagas\"><span class=\"ez-toc-section\" id=\"Distribuicao-de-Vagas\"><\/span>Distribui\u00e7\u00e3o de Vagas<span class=\"ez-toc-section-end\"><\/span><\/h2>\n\n\n\n<p>Para o Concurso SMV 2024 do 1o DN, as <strong>vagas foram distribu\u00eddas da seguinte maneira<\/strong>: <\/p>\n\n\n\n<h3 class=\"wp-block-heading\" id=\"h-area-saude\">\u00c1rea Sa\u00fade<\/h3>\n\n\n\n<figure class=\"wp-block-table is-style-stripes\"><table class=\"has-electric-grass-gradient-background has-background has-fixed-layout\"><thead><tr><th class=\"has-text-align-center\" data-align=\"center\">Habilita\u00e7\u00e3o Profissional<\/th><th class=\"has-text-align-center\" data-align=\"center\">Cidade\/Estado<\/th><th class=\"has-text-align-center\" data-align=\"center\">Vagas<\/th><\/tr><\/thead><tbody><tr><td class=\"has-text-align-center\" data-align=\"center\">Medicina &#8211; Cl\u00ednica Geral<\/td><td class=\"has-text-align-center\" data-align=\"center\">Rio de Janeiro\/RJ<\/td><td class=\"has-text-align-center\" data-align=\"center\">2<\/td><\/tr><tr><td class=\"has-text-align-center\" data-align=\"center\">Medicina &#8211; Pediatria<\/td><td class=\"has-text-align-center\" data-align=\"center\">Rio de Janeiro\/RJ<\/td><td class=\"has-text-align-center\" data-align=\"center\">4<\/td><\/tr><tr><td class=\"has-text-align-center\" data-align=\"center\">Medicina &#8211; Terapia Intensiva Neonatal<\/td><td class=\"has-text-align-center\" data-align=\"center\">Rio de Janeiro\/RJ<\/td><td class=\"has-text-align-center\" data-align=\"center\">2<\/td><\/tr><tr><td class=\"has-text-align-center\" data-align=\"center\">Medicina &#8211; Anestesiologia<\/td><td class=\"has-text-align-center\" data-align=\"center\">Rio de Janeiro\/RJ<\/td><td class=\"has-text-align-center\" data-align=\"center\">1<\/td><\/tr><tr><td class=\"has-text-align-center\" data-align=\"center\">Medicina &#8211; Cardiologia<\/td><td class=\"has-text-align-center\" data-align=\"center\">Rio de Janeiro\/RJ<\/td><td class=\"has-text-align-center\" data-align=\"center\">1<\/td><\/tr><tr><td class=\"has-text-align-center\" data-align=\"center\">Medicina &#8211; Endocrinologia<\/td><td class=\"has-text-align-center\" data-align=\"center\">Rio de Janeiro\/RJ<\/td><td class=\"has-text-align-center\" data-align=\"center\">1<\/td><\/tr><tr><td class=\"has-text-align-center\" data-align=\"center\">Medicina &#8211; Radioterapia<\/td><td class=\"has-text-align-center\" data-align=\"center\">Rio de Janeiro\/RJ<\/td><td class=\"has-text-align-center\" data-align=\"center\">1<\/td><\/tr><tr><td class=\"has-text-align-center\" data-align=\"center\">Medicina &#8211; Ginecologia e Obstetr\u00edcia<\/td><td class=\"has-text-align-center\" data-align=\"center\">Rio de Janeiro\/RJ<\/td><td class=\"has-text-align-center\" data-align=\"center\">2<\/td><\/tr><tr><td class=\"has-text-align-center\" data-align=\"center\">Odontologia<\/td><td class=\"has-text-align-center\" data-align=\"center\">Rio de Janeiro\/RJ<\/td><td class=\"has-text-align-center\" data-align=\"center\">1<\/td><\/tr><tr><td class=\"has-text-align-center\" data-align=\"center\">Odontologia &#8211; Cirurgia e Traumatologia Buco Maxilo Facial<\/td><td class=\"has-text-align-center\" data-align=\"center\">Rio de Janeiro\/RJ<\/td><td class=\"has-text-align-center\" data-align=\"center\">2<\/td><\/tr><tr><td class=\"has-text-align-center\" data-align=\"center\">Odontologia &#8211; Endodontia<\/td><td class=\"has-text-align-center\" data-align=\"center\">Rio de Janeiro\/RJ<\/td><td class=\"has-text-align-center\" data-align=\"center\">4<\/td><\/tr><tr><td class=\"has-text-align-center\" data-align=\"center\">Odontologia &#8211; Pr\u00f3tese Dent\u00e1ria<\/td><td class=\"has-text-align-center\" data-align=\"center\">Rio de Janeiro\/RJ<\/td><td class=\"has-text-align-center\" data-align=\"center\">5<\/td><\/tr><tr><td class=\"has-text-align-center\" data-align=\"center\">Odontologia &#8211; Odontopediatria<\/td><td class=\"has-text-align-center\" data-align=\"center\">Rio de Janeiro\/RJ<\/td><td class=\"has-text-align-center\" data-align=\"center\">3<\/td><\/tr><tr><td class=\"has-text-align-center\" data-align=\"center\">Odontologia &#8211; Odontopediatria<\/td><td class=\"has-text-align-center\" data-align=\"center\">Angra dos Reis\/RJ<\/td><td class=\"has-text-align-center\" data-align=\"center\">1<\/td><\/tr><tr><td class=\"has-text-align-center\" data-align=\"center\">Odontologia &#8211; para pacientes com necessidades Especiais<\/td><td class=\"has-text-align-center\" data-align=\"center\">Rio de Janeiro\/RJ<\/td><td class=\"has-text-align-center\" data-align=\"center\">1<\/td><\/tr><tr><td class=\"has-text-align-center\" data-align=\"center\">Farm\u00e1cia &#8211; An\u00e1lises Cl\u00ednicas<\/td><td class=\"has-text-align-center\" data-align=\"center\">Rio de Janeiro\/RJ<\/td><td class=\"has-text-align-center\" data-align=\"center\">3<\/td><\/tr><tr><td class=\"has-text-align-center\" data-align=\"center\">Farm\u00e1cia &#8211; Cl\u00ednica<\/td><td class=\"has-text-align-center\" data-align=\"center\">Rio de Janeiro\/RJ<\/td><td class=\"has-text-align-center\" data-align=\"center\">2<\/td><\/tr><tr><td class=\"has-text-align-center\" data-align=\"center\">Farm\u00e1cia &#8211; Oncol\u00f3gica<\/td><td class=\"has-text-align-center\" data-align=\"center\">Rio de Janeiro\/RJ<\/td><td class=\"has-text-align-center\" data-align=\"center\">2<\/td><\/tr><tr><td class=\"has-text-align-center\" data-align=\"center\">Farm\u00e1cia &#8211; Imunologia Cl\u00ednica<\/td><td class=\"has-text-align-center\" data-align=\"center\">Rio de Janeiro\/RJ<\/td><td class=\"has-text-align-center\" data-align=\"center\">1<\/td><\/tr><tr><td class=\"has-text-align-center\" data-align=\"center\">Farm\u00e1cia &#8211; Microbiologia Cl\u00ednica<\/td><td class=\"has-text-align-center\" data-align=\"center\">Rio de Janeiro\/RJ<\/td><td class=\"has-text-align-center\" data-align=\"center\">1<\/td><\/tr><tr><td class=\"has-text-align-center\" data-align=\"center\">Farm\u00e1cia &#8211; Bioqu\u00edmica<\/td><td class=\"has-text-align-center\" data-align=\"center\">Rio de Janeiro\/RJ<\/td><td class=\"has-text-align-center\" data-align=\"center\">1<\/td><\/tr><tr><td class=\"has-text-align-center\" data-align=\"center\">Farm\u00e1cia &#8211; Hematologia Cl\u00ednica<\/td><td class=\"has-text-align-center\" data-align=\"center\">Rio de Janeiro\/RJ<\/td><td class=\"has-text-align-center\" data-align=\"center\">1<\/td><\/tr><tr><td class=\"has-text-align-center\" data-align=\"center\">Farm\u00e1cia &#8211; Farmac\u00eautico Industrial<\/td><td class=\"has-text-align-center\" data-align=\"center\">Rio de Janeiro\/RJ<\/td><td class=\"has-text-align-center\" data-align=\"center\">1<\/td><\/tr><tr><td class=\"has-text-align-center\" data-align=\"center\">Farm\u00e1cia &#8211; Gest\u00e3o Farmac\u00eautica<\/td><td class=\"has-text-align-center\" data-align=\"center\">Rio de Janeiro\/RJ<\/td><td class=\"has-text-align-center\" data-align=\"center\">1<\/td><\/tr><tr><td class=\"has-text-align-center\" data-align=\"center\">Farm\u00e1cia &#8211; Valida\u00e7\u00e3o Anal\u00edtica<\/td><td class=\"has-text-align-center\" data-align=\"center\">Rio de Janeiro\/RJ<\/td><td class=\"has-text-align-center\" data-align=\"center\">1<\/td><\/tr><tr><td class=\"has-text-align-center\" data-align=\"center\">Farm\u00e1cia &#8211; Desenvolvimento Farmac\u00eautico<\/td><td class=\"has-text-align-center\" data-align=\"center\">Rio de Janeiro\/RJ<\/td><td class=\"has-text-align-center\" data-align=\"center\">1<\/td><\/tr><tr><td class=\"has-text-align-center\" data-align=\"center\">Farm\u00e1cia &#8211; Farmacoepidemologia<\/td><td class=\"has-text-align-center\" data-align=\"center\">Rio de Janeiro\/RJ<\/td><td class=\"has-text-align-center\" data-align=\"center\">1<\/td><\/tr><tr><td class=\"has-text-align-center\" data-align=\"center\">Farm\u00e1cia &#8211; Auditoria Farmac\u00eautica<\/td><td class=\"has-text-align-center\" data-align=\"center\">Rio de Janeiro\/RJ<\/td><td class=\"has-text-align-center\" data-align=\"center\">1<\/td><\/tr><tr><td class=\"has-text-align-center\" data-align=\"center\">Farm\u00e1cia<\/td><td class=\"has-text-align-center\" data-align=\"center\">Vila Velha\/ES<\/td><td class=\"has-text-align-center\" data-align=\"center\">1<\/td><\/tr><tr><td class=\"has-text-align-center\" data-align=\"center\"><\/td><td class=\"has-text-align-center\" data-align=\"center\"><\/td><td class=\"has-text-align-center\" data-align=\"center\"><strong>Total:<\/strong> 49 vagas<\/td><\/tr><\/tbody><\/table><\/figure>\n\n\n\n<h3 class=\"wp-block-heading\" id=\"h-area-apoio-a-saude\">\u00c1rea Apoio \u00e0 Sa\u00fade<\/h3>\n\n\n\n<figure class=\"wp-block-table is-style-stripes\"><table class=\"has-electric-grass-gradient-background has-background has-fixed-layout\"><thead><tr><th class=\"has-text-align-center\" data-align=\"center\">Habilita\u00e7\u00e3o Profissional<\/th><th class=\"has-text-align-center\" data-align=\"center\">Cidade\/Estado<\/th><th class=\"has-text-align-center\" data-align=\"center\">Vagas<\/th><\/tr><\/thead><tbody><tr><td class=\"has-text-align-center\" data-align=\"center\">Enfermagem<\/td><td class=\"has-text-align-center\" data-align=\"center\">Rio de Janeiro\/RJ<\/td><td class=\"has-text-align-center\" data-align=\"center\">13<\/td><\/tr><tr><td class=\"has-text-align-center\" data-align=\"center\">Fisioterapia<\/td><td class=\"has-text-align-center\" data-align=\"center\">Rio de Janeiro\/RJ<\/td><td class=\"has-text-align-center\" data-align=\"center\">6<\/td><\/tr><tr><td class=\"has-text-align-center\" data-align=\"center\">Fonoaudiologia<\/td><td class=\"has-text-align-center\" data-align=\"center\">Rio de Janeiro\/RJ<\/td><td class=\"has-text-align-center\" data-align=\"center\">1<\/td><\/tr><tr><td class=\"has-text-align-center\" data-align=\"center\">Musicoterapia<\/td><td class=\"has-text-align-center\" data-align=\"center\">Rio de Janeiro\/RJ<\/td><td class=\"has-text-align-center\" data-align=\"center\">1<\/td><\/tr><tr><td class=\"has-text-align-center\" data-align=\"center\">Nutri\u00e7\u00e3o<\/td><td class=\"has-text-align-center\" data-align=\"center\">Rio de Janeiro\/RJ<\/td><td class=\"has-text-align-center\" data-align=\"center\">6<\/td><\/tr><tr><td class=\"has-text-align-center\" data-align=\"center\"><\/td><td class=\"has-text-align-center\" data-align=\"center\"><\/td><td class=\"has-text-align-center\" data-align=\"center\"><strong>Total: <\/strong>27 vagas<\/td><\/tr><\/tbody><\/table><\/figure>\n\n\n\n<h3 class=\"wp-block-heading\" id=\"h-area-tecnica\">\u00c1rea T\u00e9cnica<\/h3>\n\n\n\n<figure class=\"wp-block-table is-style-stripes\"><table class=\"has-electric-grass-gradient-background has-background has-fixed-layout\"><thead><tr><th class=\"has-text-align-center\" data-align=\"center\">Habilita\u00e7\u00e3o Profissional<\/th><th class=\"has-text-align-center\" data-align=\"center\">Cidade\/Estado<\/th><th class=\"has-text-align-center\" data-align=\"center\">Vagas<\/th><\/tr><\/thead><tbody><tr><td class=\"has-text-align-center\" data-align=\"center\">Administra\u00e7\u00e3o<\/td><td class=\"has-text-align-center\" data-align=\"center\">Rio de Janeiro\/RJ<\/td><td class=\"has-text-align-center\" data-align=\"center\">5<\/td><\/tr><tr><td class=\"has-text-align-center\" data-align=\"center\">Administra\u00e7\u00e3o<\/td><td class=\"has-text-align-center\" data-align=\"center\">Vit\u00f3ria\/ES<\/td><td class=\"has-text-align-center\" data-align=\"center\">2<\/td><\/tr><tr><td class=\"has-text-align-center\" data-align=\"center\">Administra\u00e7\u00e3o<\/td><td class=\"has-text-align-center\" data-align=\"center\">Arraial do Cabo\/RJ<\/td><td class=\"has-text-align-center\" data-align=\"center\">3<\/td><\/tr><tr><td class=\"has-text-align-center\" data-align=\"center\">Arquivologia<\/td><td class=\"has-text-align-center\" data-align=\"center\">Rio de Janeiro\/RJ<\/td><td class=\"has-text-align-center\" data-align=\"center\">1<\/td><\/tr><tr><td class=\"has-text-align-center\" data-align=\"center\">Biblioteconomia<\/td><td class=\"has-text-align-center\" data-align=\"center\">Rio de Janeiro\/RJ<\/td><td class=\"has-text-align-center\" data-align=\"center\">1<\/td><\/tr><tr><td class=\"has-text-align-center\" data-align=\"center\">Biologia Ambiental<\/td><td class=\"has-text-align-center\" data-align=\"center\">S\u00e3o Pedro da Aldeia\/RJ<\/td><td class=\"has-text-align-center\" data-align=\"center\">1<\/td><\/tr><tr><td class=\"has-text-align-center\" data-align=\"center\">Ci\u00eancias Cont\u00e1beis<\/td><td class=\"has-text-align-center\" data-align=\"center\">Maca\u00e9\/RJ<\/td><td class=\"has-text-align-center\" data-align=\"center\">1<\/td><\/tr><tr><td class=\"has-text-align-center\" data-align=\"center\">Comunica\u00e7\u00e3o Social<\/td><td class=\"has-text-align-center\" data-align=\"center\">Rio de Janeiro\/RJ<\/td><td class=\"has-text-align-center\" data-align=\"center\">6<\/td><\/tr><tr><td class=\"has-text-align-center\" data-align=\"center\">Direito<\/td><td class=\"has-text-align-center\" data-align=\"center\">Rio de Janeiro\/RJ<\/td><td class=\"has-text-align-center\" data-align=\"center\">4<\/td><\/tr><tr><td class=\"has-text-align-center\" data-align=\"center\">Direito<\/td><td class=\"has-text-align-center\" data-align=\"center\">S\u00e3o Pedro da Aldeia\/RJ<\/td><td class=\"has-text-align-center\" data-align=\"center\">1<\/td><\/tr><tr><td class=\"has-text-align-center\" data-align=\"center\">Estat\u00edstica<\/td><td class=\"has-text-align-center\" data-align=\"center\">Rio de Janeiro\/RJ<\/td><td class=\"has-text-align-center\" data-align=\"center\">1<\/td><\/tr><tr><td class=\"has-text-align-center\" data-align=\"center\">Geologia<\/td><td class=\"has-text-align-center\" data-align=\"center\">Arraial do Cabo\/RJ<\/td><td class=\"has-text-align-center\" data-align=\"center\">1<\/td><\/tr><tr><td class=\"has-text-align-center\" data-align=\"center\">Hotelaria<\/td><td class=\"has-text-align-center\" data-align=\"center\">Rio de Janeiro\/RJ<\/td><td class=\"has-text-align-center\" data-align=\"center\">1<\/td><\/tr><tr><td class=\"has-text-align-center\" data-align=\"center\">Inform\u00e1tica &#8211; Desenvolvimento de Sistemas<\/td><td class=\"has-text-align-center\" data-align=\"center\">Rio de Janeiro\/RJ<\/td><td class=\"has-text-align-center\" data-align=\"center\">6<\/td><\/tr><tr><td class=\"has-text-align-center\" data-align=\"center\">Inform\u00e1tica &#8211; Desenvolvimento de Sistemas<\/td><td class=\"has-text-align-center\" data-align=\"center\">Arraial do Cabo\/RJ<\/td><td class=\"has-text-align-center\" data-align=\"center\">1<\/td><\/tr><tr><td class=\"has-text-align-center\" data-align=\"center\">Inform\u00e1tica &#8211; Infraestrutura<\/td><td class=\"has-text-align-center\" data-align=\"center\">Rio de Janeiro\/RJ<\/td><td class=\"has-text-align-center\" data-align=\"center\">3<\/td><\/tr><tr><td class=\"has-text-align-center\" data-align=\"center\">Inform\u00e1tica &#8211; Infraestrutura<\/td><td class=\"has-text-align-center\" data-align=\"center\">Itagua\u00ed\/RJ<\/td><td class=\"has-text-align-center\" data-align=\"center\">1<\/td><\/tr><tr><td class=\"has-text-align-center\" data-align=\"center\">Inform\u00e1tica &#8211; Seguran\u00e7a das Informa\u00e7\u00f5es Digitais<\/td><td class=\"has-text-align-center\" data-align=\"center\">Rio de Janeiro\/RJ<\/td><td class=\"has-text-align-center\" data-align=\"center\">3<\/td><\/tr><tr><td class=\"has-text-align-center\" data-align=\"center\">Museologia<\/td><td class=\"has-text-align-center\" data-align=\"center\">Arraial do Cabo\/RJ<\/td><td class=\"has-text-align-center\" data-align=\"center\">1<\/td><\/tr><tr><td class=\"has-text-align-center\" data-align=\"center\">Oceanografia<\/td><td class=\"has-text-align-center\" data-align=\"center\">Rio de Janeiro\/RJ<\/td><td class=\"has-text-align-center\" data-align=\"center\">3<\/td><\/tr><tr><td class=\"has-text-align-center\" data-align=\"center\">Psicologia<\/td><td class=\"has-text-align-center\" data-align=\"center\">Rio de Janeiro\/RJ<\/td><td class=\"has-text-align-center\" data-align=\"center\">9<\/td><\/tr><tr><td class=\"has-text-align-center\" data-align=\"center\"><strong><em>Servi\u00e7o Social<\/em><\/strong><\/td><td class=\"has-text-align-center\" data-align=\"center\">Rio de Janeiro\/RJ<\/td><td class=\"has-text-align-center\" data-align=\"center\">7<\/td><\/tr><tr><td class=\"has-text-align-center\" data-align=\"center\">Seguran\u00e7a de Tr\u00e1fego Aquavi\u00e1rio<\/td><td class=\"has-text-align-center\" data-align=\"center\">Maca\u00e9\/RJ<\/td><td class=\"has-text-align-center\" data-align=\"center\">1<\/td><\/tr><tr><td class=\"has-text-align-center\" data-align=\"center\">Seguran\u00e7a de Tr\u00e1fego Aquavi\u00e1rio<\/td><td class=\"has-text-align-center\" data-align=\"center\">Vit\u00f3ria\/ES<\/td><td class=\"has-text-align-center\" data-align=\"center\">2<\/td><\/tr><tr><td class=\"has-text-align-center\" data-align=\"center\">Seguran\u00e7a de Tr\u00e1fego Aquavi\u00e1rio<\/td><td class=\"has-text-align-center\" data-align=\"center\">Pirapora\/MG<\/td><td class=\"has-text-align-center\" data-align=\"center\">1<\/td><\/tr><tr><td class=\"has-text-align-center\" data-align=\"center\">Vistoriador naval n\u00edvel 1<\/td><td class=\"has-text-align-center\" data-align=\"center\">Vit\u00f3ria\/ES<\/td><td class=\"has-text-align-center\" data-align=\"center\">1<\/td><\/tr><tr><td class=\"has-text-align-center\" data-align=\"center\">Teologia Cat\u00f3lica<\/td><td class=\"has-text-align-center\" data-align=\"center\">Rio de Janeiro\/RJ<\/td><td class=\"has-text-align-center\" data-align=\"center\">2<\/td><\/tr><tr><td class=\"has-text-align-center\" data-align=\"center\"><\/td><td class=\"has-text-align-center\" data-align=\"center\"><\/td><td class=\"has-text-align-center\" data-align=\"center\"><strong>Total: <\/strong>69 vagas<\/td><\/tr><\/tbody><\/table><\/figure>\n\n\n\n<h3 class=\"wp-block-heading\" id=\"h-area-tecnica-magisterio\">\u00c1rea T\u00e9cnica Magist\u00e9rio<\/h3>\n\n\n\n<figure class=\"wp-block-table is-style-stripes\"><table class=\"has-electric-grass-gradient-background has-background has-fixed-layout\"><thead><tr><th class=\"has-text-align-center\" data-align=\"center\">Habilita\u00e7\u00e3o Profissional<\/th><th class=\"has-text-align-center\" data-align=\"center\">Cidade\/Estado<\/th><th class=\"has-text-align-center\" data-align=\"center\">Vagas<\/th><\/tr><\/thead><tbody><tr><td class=\"has-text-align-center\" data-align=\"center\">Biologia<\/td><td class=\"has-text-align-center\" data-align=\"center\">Angra dos Reis\/RJ<\/td><td class=\"has-text-align-center\" data-align=\"center\">1<\/td><\/tr><tr><td class=\"has-text-align-center\" data-align=\"center\">Biologia<\/td><td class=\"has-text-align-center\" data-align=\"center\">Vila Velha\/ES<\/td><td class=\"has-text-align-center\" data-align=\"center\">1<\/td><\/tr><tr><td class=\"has-text-align-center\" data-align=\"center\">Educa\u00e7\u00e3o F\u00edsica<\/td><td class=\"has-text-align-center\" data-align=\"center\">Rio de Janeiro\/RJ<\/td><td class=\"has-text-align-center\" data-align=\"center\">1<\/td><\/tr><tr><td class=\"has-text-align-center\" data-align=\"center\">Educa\u00e7\u00e3o F\u00edsica<\/td><td class=\"has-text-align-center\" data-align=\"center\">Juiz de Fora\/MG<\/td><td class=\"has-text-align-center\" data-align=\"center\">1<\/td><\/tr><tr><td class=\"has-text-align-center\" data-align=\"center\">F\u00edsica<\/td><td class=\"has-text-align-center\" data-align=\"center\">Vila Velha\/ES<\/td><td class=\"has-text-align-center\" data-align=\"center\">3<\/td><\/tr><tr><td class=\"has-text-align-center\" data-align=\"center\">F\u00edsica<\/td><td class=\"has-text-align-center\" data-align=\"center\">Juiz de Fora\/MG<\/td><td class=\"has-text-align-center\" data-align=\"center\">1<\/td><\/tr><tr><td class=\"has-text-align-center\" data-align=\"center\">Geografia<\/td><td class=\"has-text-align-center\" data-align=\"center\">Angra dos Reis\/RJ<\/td><td class=\"has-text-align-center\" data-align=\"center\">1<\/td><\/tr><tr><td class=\"has-text-align-center\" data-align=\"center\">Hist\u00f3ria<\/td><td class=\"has-text-align-center\" data-align=\"center\">Angra dos Reis\/RJ<\/td><td class=\"has-text-align-center\" data-align=\"center\">1<\/td><\/tr><tr><td class=\"has-text-align-center\" data-align=\"center\">Ingl\u00eas (Letras)<\/td><td class=\"has-text-align-center\" data-align=\"center\">Angra dos Reis\/RJ<\/td><td class=\"has-text-align-center\" data-align=\"center\">1<\/td><\/tr><tr><td class=\"has-text-align-center\" data-align=\"center\">Matem\u00e1tica<\/td><td class=\"has-text-align-center\" data-align=\"center\">Rio de Janeiro\/RJ<\/td><td class=\"has-text-align-center\" data-align=\"center\">2<\/td><\/tr><tr><td class=\"has-text-align-center\" data-align=\"center\">Pedagogia<\/td><td class=\"has-text-align-center\" data-align=\"center\">Rio de Janeiro\/RJ<\/td><td class=\"has-text-align-center\" data-align=\"center\">3<\/td><\/tr><tr><td class=\"has-text-align-center\" data-align=\"center\">Pedagogia<\/td><td class=\"has-text-align-center\" data-align=\"center\">Juiz de Fora\/MG<\/td><td class=\"has-text-align-center\" data-align=\"center\">1<\/td><\/tr><tr><td class=\"has-text-align-center\" data-align=\"center\">Portugu\u00eas (Letras)<\/td><td class=\"has-text-align-center\" data-align=\"center\">Rio de Janeiro\/RJ<\/td><td class=\"has-text-align-center\" data-align=\"center\">1<\/td><\/tr><tr><td class=\"has-text-align-center\" data-align=\"center\">Portugu\u00eas (Letras)<\/td><td class=\"has-text-align-center\" data-align=\"center\">Angra dos Reis\/RJ<\/td><td class=\"has-text-align-center\" data-align=\"center\">1<\/td><\/tr><tr><td class=\"has-text-align-center\" data-align=\"center\">Portugu\u00eas (Letras)<\/td><td class=\"has-text-align-center\" data-align=\"center\">Vila Velha\/ES<\/td><td class=\"has-text-align-center\" data-align=\"center\">1<\/td><\/tr><tr><td class=\"has-text-align-center\" data-align=\"center\"><\/td><td class=\"has-text-align-center\" data-align=\"center\"><\/td><td class=\"has-text-align-center\" data-align=\"center\"><strong>Total: <\/strong>20 vagas<\/td><\/tr><\/tbody><\/table><\/figure>\n\n\n\n<h3 class=\"wp-block-heading\" id=\"h-area-engenharia\">\u00c1rea Engenharia<\/h3>\n\n\n\n<figure class=\"wp-block-table is-style-stripes\"><table class=\"has-electric-grass-gradient-background has-background has-fixed-layout\"><thead><tr><th class=\"has-text-align-center\" data-align=\"center\">Habilita\u00e7\u00e3o Profissional<\/th><th class=\"has-text-align-center\" data-align=\"center\">Cidade\/Estado<\/th><th class=\"has-text-align-center\" data-align=\"center\">Vagas<\/th><\/tr><\/thead><tbody><tr><td class=\"has-text-align-center\" data-align=\"center\">Engenharia Civil<\/td><td class=\"has-text-align-center\" data-align=\"center\">Rio de Janeiro\/RJ<\/td><td class=\"has-text-align-center\" data-align=\"center\">1<\/td><\/tr><tr><td class=\"has-text-align-center\" data-align=\"center\">Engenharia Civil<\/td><td class=\"has-text-align-center\" data-align=\"center\">Vila Velha\/ES<\/td><td class=\"has-text-align-center\" data-align=\"center\">1<\/td><\/tr><tr><td class=\"has-text-align-center\" data-align=\"center\">Engenharia Mec\u00e2nica<\/td><td class=\"has-text-align-center\" data-align=\"center\">Rio de Janeiro\/RJ<\/td><td class=\"has-text-align-center\" data-align=\"center\">3<\/td><\/tr><tr><td class=\"has-text-align-center\" data-align=\"center\">Engenharia Mec\u00e2nica<\/td><td class=\"has-text-align-center\" data-align=\"center\">Itagua\u00ed\/RJ<\/td><td class=\"has-text-align-center\" data-align=\"center\">6<\/td><\/tr><tr><td class=\"has-text-align-center\" data-align=\"center\">Engenharia de Produ\u00e7\u00e3o<\/td><td class=\"has-text-align-center\" data-align=\"center\">Rio de Janeiro\/RJ<\/td><td class=\"has-text-align-center\" data-align=\"center\">1<\/td><\/tr><tr><td class=\"has-text-align-center\" data-align=\"center\">Engenharia de Produ\u00e7\u00e3o<\/td><td class=\"has-text-align-center\" data-align=\"center\">Itagua\u00ed\/RJ<\/td><td class=\"has-text-align-center\" data-align=\"center\">1<\/td><\/tr><tr><td class=\"has-text-align-center\" data-align=\"center\">Engenharia El\u00e9trica<\/td><td class=\"has-text-align-center\" data-align=\"center\">Rio de Janeiro\/RJ<\/td><td class=\"has-text-align-center\" data-align=\"center\">1<\/td><\/tr><tr><td class=\"has-text-align-center\" data-align=\"center\">Engenharia El\u00e9trica<\/td><td class=\"has-text-align-center\" data-align=\"center\">Arraial do Cabo\/RJ<\/td><td class=\"has-text-align-center\" data-align=\"center\">1<\/td><\/tr><tr><td class=\"has-text-align-center\" data-align=\"center\">Engenharia El\u00e9trica<\/td><td class=\"has-text-align-center\" data-align=\"center\">Itagua\u00ed\/RJ<\/td><td class=\"has-text-align-center\" data-align=\"center\">1<\/td><\/tr><tr><td class=\"has-text-align-center\" data-align=\"center\">Engenharia Eletr\u00f4nica<\/td><td class=\"has-text-align-center\" data-align=\"center\">Arraial do Cabo\/RJ<\/td><td class=\"has-text-align-center\" data-align=\"center\">1<\/td><\/tr><tr><td class=\"has-text-align-center\" data-align=\"center\">Engenharia Eletr\u00f4nica<\/td><td class=\"has-text-align-center\" data-align=\"center\">Rio de Janeiro\/RJ<\/td><td class=\"has-text-align-center\" data-align=\"center\">1<\/td><\/tr><tr><td class=\"has-text-align-center\" data-align=\"center\">Engenharia Naval<\/td><td class=\"has-text-align-center\" data-align=\"center\">Rio de Janeiro\/RJ<\/td><td class=\"has-text-align-center\" data-align=\"center\">1<\/td><\/tr><tr><td class=\"has-text-align-center\" data-align=\"center\">Engenharia de Sistemas de Computa\u00e7\u00e3o<\/td><td class=\"has-text-align-center\" data-align=\"center\">Arraial do Cabo\/RJ<\/td><td class=\"has-text-align-center\" data-align=\"center\">1<\/td><\/tr><tr><td class=\"has-text-align-center\" data-align=\"center\">Engenharia de Sistemas de Computa\u00e7\u00e3o<\/td><td class=\"has-text-align-center\" data-align=\"center\">Itagua\u00ed\/RJ<\/td><td class=\"has-text-align-center\" data-align=\"center\">1<\/td><\/tr><tr><td class=\"has-text-align-center\" data-align=\"center\"><\/td><td class=\"has-text-align-center\" data-align=\"center\"><\/td><td class=\"has-text-align-center\" data-align=\"center\"><strong>Total:<\/strong> 21 vagas<\/td><\/tr><\/tbody><\/table><\/figure>\n\n\n\n<h2 class=\"wp-block-heading\" id=\"h-etapas-do-concurso-smv-2024\"><span class=\"ez-toc-section\" id=\"Etapas-do-Concurso-SMV-2024\"><\/span>Etapas do Concurso SMV 2024<span class=\"ez-toc-section-end\"><\/span><\/h2>\n\n\n\n<p>O Concurso SMV 2024 \u00e9 <strong>composto das seguintes etapas<\/strong>: <\/p>\n\n\n\n<ul class=\"wp-block-list\">\n<li>Prova Objetiva; <\/li>\n\n\n\n<li>Prova de T\u00edtulos; <\/li>\n\n\n\n<li>Verifica\u00e7\u00e3o de Dados Biogr\u00e1ficos; <\/li>\n\n\n\n<li>Verifica\u00e7\u00e3o Documental; <\/li>\n\n\n\n<li>Inspe\u00e7\u00e3o de Sa\u00fade; e <\/li>\n\n\n\n<li>Teste de Aptid\u00e3o F\u00edsica.<\/li>\n<\/ul>\n\n\n\n<p>As <strong>Provas Objetivas ter\u00e3o tr\u00eas horas de dura\u00e7\u00e3o<\/strong> e duas <strong>\u00e1reas de Concentra\u00e7\u00e3o<\/strong>:<\/p>\n\n\n\n<ul class=\"wp-block-list\">\n<li>\u00c1rea de Concentra\u00e7\u00e3o I \u2013 L\u00edngua Portuguesa; e<\/li>\n\n\n\n<li> \u00c1rea de Concentra\u00e7\u00e3o II &#8211; Forma\u00e7\u00e3o Militar Naval, Rela\u00e7\u00f5es Humanas e Lideran\u00e7a e Hist\u00f3ria Naval.<\/li>\n<\/ul>\n\n\n\n<h2 class=\"wp-block-heading\" id=\"h-calendario-smv-2024\"><span class=\"ez-toc-section\" id=\"Calendario-SMV-2024\"><\/span>Calend\u00e1rio SMV 2024<span class=\"ez-toc-section-end\"><\/span><\/h2>\n\n\n\n<p>Confira as<strong> principais datas<\/strong> do Calend\u00e1rio para o processo seletivo SMV 2024: <\/p>\n\n\n\n<ul class=\"wp-block-list\">\n<li><strong>Inscri\u00e7\u00f5es:<\/strong> 23 de novembro a 07 de dezembro de 2023;<\/li>\n\n\n\n<li><strong>Pagamento da taxa de inscri\u00e7\u00e3o:<\/strong> at\u00e9 07 de dezembro de 2023; e<\/li>\n\n\n\n<li><strong>Prova Objetiva:<\/strong> 25 de fevereiro de 2024.<\/li>\n<\/ul>\n\n\n\n<p>Quer se tornar um militar volunt\u00e1rio da Marinha do Brasil? Conhe\u00e7a os cursos do Estrat\u00e9gia Militares e conquiste a sua vaga! Nosso material pedag\u00f3gico \u00e9 totalmente focado nos concursos militares. Clique no banner e saiba mais! <\/p>\n\n\n\n\n\n<p><\/p>\n","protected":false},"excerpt":{"rendered":"A Marinha do Brasil publicou nesta quinta-feira, 23 de novembro, o edital para o Concurso para para o&hellip;\n","protected":false},"author":58,"featured_media":58081,"comment_status":"closed","ping_status":"closed","sticky":false,"template":"","format":"standard","meta":{"wl_entities_gutenberg":"","footnotes":""},"categories":[36],"tags":[],"wl_entity_type":[187],"class_list":{"0":"post-71446","1":"post","2":"type-post","3":"status-publish","4":"format-standard","5":"has-post-thumbnail","7":"category-noticias","8":"wl_entity_type-article"},"acf":[],"yoast_head":"<!-- This site is optimized with the Yoast SEO Premium plugin v26.6 (Yoast SEO v26.6) - https:\/\/yoast.com\/wordpress\/plugins\/seo\/ -->\n<title>Marinha do Brasil divulga edital do Concurso para Servi\u00e7o Militar<\/title>\n<meta name=\"description\" content=\"A Marinha do Brasil divulgou o edital do Concurso para Servi\u00e7o Militar Volunt\u00e1rio 2024 com 186 vagas a serem preenchidas para o 1o DN.\" \/>\n<meta name=\"robots\" content=\"index, follow, max-snippet:-1, max-image-preview:large, max-video-preview:-1\" \/>\n<link rel=\"canonical\" href=\"https:\/\/militares.estrategia.com\/portal\/noticias\/concurso-para-servico-militar-voluntario-2024\/\" \/>\n<meta property=\"og:locale\" content=\"pt_BR\" \/>\n<meta property=\"og:type\" content=\"article\" \/>\n<meta property=\"og:title\" content=\"SMV 2024: edital para o 1o DN abre com 186 vagas!\" \/>\n<meta property=\"og:description\" content=\"A Marinha do Brasil divulgou o edital do Concurso para Servi\u00e7o Militar Volunt\u00e1rio 2024 com 186 vagas a serem preenchidas para o 1o DN.\" \/>\n<meta property=\"og:url\" content=\"https:\/\/militares.estrategia.com\/portal\/noticias\/concurso-para-servico-militar-voluntario-2024\/\" \/>\n<meta property=\"og:site_name\" content=\"Estrat\u00e9gia Militares\" \/>\n<meta property=\"article:publisher\" content=\"https:\/\/www.facebook.com\/EstrategiaMilitares\" \/>\n<meta property=\"article:published_time\" content=\"2023-11-23T13:49:45+00:00\" \/>\n<meta property=\"article:modified_time\" content=\"2023-12-29T14:02:48+00:00\" \/>\n<meta property=\"og:image\" content=\"https:\/\/militares.estrategia.com\/portal\/wp-content\/uploads\/2022\/08\/Capa_BLOG_URGENTE.jpg\" \/>\n\t<meta property=\"og:image:width\" content=\"1200\" \/>\n\t<meta property=\"og:image:height\" content=\"676\" \/>\n\t<meta property=\"og:image:type\" content=\"image\/jpeg\" \/>\n<meta name=\"author\" content=\"Vanesca Soares\" \/>\n<meta name=\"twitter:card\" content=\"summary_large_image\" \/>\n<meta name=\"twitter:creator\" content=\"@estrategiamilit\" \/>\n<meta name=\"twitter:site\" content=\"@estrategiamilit\" \/>\n<meta name=\"twitter:label1\" content=\"Escrito por\" \/>\n\t<meta name=\"twitter:data1\" content=\"Vanesca Soares\" \/>\n\t<meta name=\"twitter:label2\" content=\"Est. tempo de leitura\" \/>\n\t<meta name=\"twitter:data2\" content=\"6 minutos\" \/>\n<script type=\"application\/ld+json\" class=\"yoast-schema-graph\">{\"@context\":\"https:\/\/schema.org\",\"@graph\":[{\"@type\":\"NewsArticle\",\"@id\":\"https:\/\/militares.estrategia.com\/portal\/noticias\/concurso-para-servico-militar-voluntario-2024\/#article\",\"isPartOf\":{\"@id\":\"https:\/\/militares.estrategia.com\/portal\/noticias\/concurso-para-servico-militar-voluntario-2024\/\"},\"author\":{\"name\":\"Vanesca Soares\",\"@id\":\"https:\/\/militares.estrategia.com\/portal\/#\/schema\/person\/5cfd387108cd0cdefab7eea7a9735dcc\"},\"headline\":\"SMV 2024: edital para o 1o DN abre com 186 vagas!\",\"datePublished\":\"2023-11-23T13:49:45+00:00\",\"dateModified\":\"2023-12-29T14:02:48+00:00\",\"mainEntityOfPage\":{\"@id\":\"https:\/\/militares.estrategia.com\/portal\/noticias\/concurso-para-servico-militar-voluntario-2024\/\"},\"wordCount\":1354,\"publisher\":{\"@id\":\"https:\/\/militares.estrategia.com\/portal\/#organization\"},\"image\":{\"@id\":\"https:\/\/militares.estrategia.com\/portal\/noticias\/concurso-para-servico-militar-voluntario-2024\/#primaryimage\"},\"thumbnailUrl\":\"https:\/\/militares.estrategia.com\/portal\/wp-content\/uploads\/2022\/08\/Capa_BLOG_URGENTE.jpg\",\"articleSection\":[\"Not\u00edcias\"],\"inLanguage\":\"pt-BR\"},{\"@type\":\"WebPage\",\"@id\":\"https:\/\/militares.estrategia.com\/portal\/noticias\/concurso-para-servico-militar-voluntario-2024\/\",\"url\":\"https:\/\/militares.estrategia.com\/portal\/noticias\/concurso-para-servico-militar-voluntario-2024\/\",\"name\":\"Marinha do Brasil divulga edital do Concurso para Servi\u00e7o Militar\",\"isPartOf\":{\"@id\":\"https:\/\/militares.estrategia.com\/portal\/#website\"},\"primaryImageOfPage\":{\"@id\":\"https:\/\/militares.estrategia.com\/portal\/noticias\/concurso-para-servico-militar-voluntario-2024\/#primaryimage\"},\"image\":{\"@id\":\"https:\/\/militares.estrategia.com\/portal\/noticias\/concurso-para-servico-militar-voluntario-2024\/#primaryimage\"},\"thumbnailUrl\":\"https:\/\/militares.estrategia.com\/portal\/wp-content\/uploads\/2022\/08\/Capa_BLOG_URGENTE.jpg\",\"datePublished\":\"2023-11-23T13:49:45+00:00\",\"dateModified\":\"2023-12-29T14:02:48+00:00\",\"description\":\"A Marinha do Brasil divulgou o edital do Concurso para Servi\u00e7o Militar Volunt\u00e1rio 2024 com 186 vagas a serem preenchidas para o 1o DN.\",\"breadcrumb\":{\"@id\":\"https:\/\/militares.estrategia.com\/portal\/noticias\/concurso-para-servico-militar-voluntario-2024\/#breadcrumb\"},\"inLanguage\":\"pt-BR\",\"potentialAction\":[{\"@type\":\"ReadAction\",\"target\":[\"https:\/\/militares.estrategia.com\/portal\/noticias\/concurso-para-servico-militar-voluntario-2024\/\"]}]},{\"@type\":\"ImageObject\",\"inLanguage\":\"pt-BR\",\"@id\":\"https:\/\/militares.estrategia.com\/portal\/noticias\/concurso-para-servico-militar-voluntario-2024\/#primaryimage\",\"url\":\"https:\/\/militares.estrategia.com\/portal\/wp-content\/uploads\/2022\/08\/Capa_BLOG_URGENTE.jpg\",\"contentUrl\":\"https:\/\/militares.estrategia.com\/portal\/wp-content\/uploads\/2022\/08\/Capa_BLOG_URGENTE.jpg\",\"width\":1200,\"height\":676},{\"@type\":\"BreadcrumbList\",\"@id\":\"https:\/\/militares.estrategia.com\/portal\/noticias\/concurso-para-servico-militar-voluntario-2024\/#breadcrumb\",\"itemListElement\":[{\"@type\":\"ListItem\",\"position\":1,\"name\":\"Home\",\"item\":\"https:\/\/militares.estrategia.com\/portal\/\"},{\"@type\":\"ListItem\",\"position\":2,\"name\":\"Not\u00edcias\",\"item\":\"https:\/\/militares.estrategia.com\/portal\/noticias\/\"},{\"@type\":\"ListItem\",\"position\":3,\"name\":\"SMV 2024: edital para o 1o DN abre com 186 vagas!\"}]},{\"@type\":\"WebSite\",\"@id\":\"https:\/\/militares.estrategia.com\/portal\/#website\",\"url\":\"https:\/\/militares.estrategia.com\/portal\/\",\"name\":\"Estrat\u00e9gia Militares\",\"description\":\"\",\"publisher\":{\"@id\":\"https:\/\/militares.estrategia.com\/portal\/#organization\"},\"potentialAction\":[{\"@type\":\"SearchAction\",\"target\":{\"@type\":\"EntryPoint\",\"urlTemplate\":\"https:\/\/militares.estrategia.com\/portal\/?s={search_term_string}\"},\"query-input\":{\"@type\":\"PropertyValueSpecification\",\"valueRequired\":true,\"valueName\":\"search_term_string\"}}],\"inLanguage\":\"pt-BR\"},{\"@type\":\"Organization\",\"@id\":\"https:\/\/militares.estrategia.com\/portal\/#organization\",\"name\":\"Estrat\u00e9gia Militares\",\"url\":\"https:\/\/militares.estrategia.com\/portal\/\",\"logo\":{\"@type\":\"ImageObject\",\"inLanguage\":\"pt-BR\",\"@id\":\"https:\/\/militares.estrategia.com\/portal\/#\/schema\/logo\/image\/\",\"url\":\"https:\/\/militares.estrategia.com\/portal\/wp-content\/uploads\/2021\/10\/logo-militares.webp\",\"contentUrl\":\"https:\/\/militares.estrategia.com\/portal\/wp-content\/uploads\/2021\/10\/logo-militares.webp\",\"width\":346,\"height\":90,\"caption\":\"Estrat\u00e9gia Militares\"},\"image\":{\"@id\":\"https:\/\/militares.estrategia.com\/portal\/#\/schema\/logo\/image\/\"},\"sameAs\":[\"https:\/\/www.facebook.com\/EstrategiaMilitares\",\"https:\/\/x.com\/estrategiamilit\",\"https:\/\/www.instagram.com\/estrategiamilitares\/\",\"https:\/\/www.youtube.com\/channel\/UCRG_9hakCqXxnj_8TqCdgTA\"]},{\"@type\":\"Person\",\"@id\":\"https:\/\/militares.estrategia.com\/portal\/#\/schema\/person\/5cfd387108cd0cdefab7eea7a9735dcc\",\"name\":\"Vanesca Soares\",\"image\":{\"@type\":\"ImageObject\",\"inLanguage\":\"pt-BR\",\"@id\":\"https:\/\/militares.estrategia.com\/portal\/#\/schema\/person\/image\/\",\"url\":\"https:\/\/militares.estrategia.com\/portal\/wp-content\/uploads\/2021\/10\/FB_IMG_1634215702135-150x150.webp\",\"contentUrl\":\"https:\/\/militares.estrategia.com\/portal\/wp-content\/uploads\/2021\/10\/FB_IMG_1634215702135-150x150.webp\",\"caption\":\"Vanesca Soares\"},\"description\":\"Vanesca Soares foi Primeiro Tenente da Marinha do Brasil. Jornalista de forma\u00e7\u00e3o, ama todas as artes, principalmente a Literatura e o Cinema. Capaz de ficar em casa lendo um bom livro ao inv\u00e9s de ir para a balada, entende que ler \u00e9 uma grande viagem. Ama filmes hist\u00f3ricos, biografias, drama, thrillers, terror e tudo sobre os anos 1980. Principalmente a m\u00fasica!\",\"url\":\"https:\/\/militares.estrategia.com\/portal\/author\/vanesca-soares\/\"}]}<\/script>\n<!-- \/ Yoast SEO Premium plugin. -->","yoast_head_json":{"title":"Marinha do Brasil divulga edital do Concurso para Servi\u00e7o Militar","description":"A Marinha do Brasil divulgou o edital do Concurso para Servi\u00e7o Militar Volunt\u00e1rio 2024 com 186 vagas a serem preenchidas para o 1o DN.","robots":{"index":"index","follow":"follow","max-snippet":"max-snippet:-1","max-image-preview":"max-image-preview:large","max-video-preview":"max-video-preview:-1"},"canonical":"https:\/\/militares.estrategia.com\/portal\/noticias\/concurso-para-servico-militar-voluntario-2024\/","og_locale":"pt_BR","og_type":"article","og_title":"SMV 2024: edital para o 1o DN abre com 186 vagas!","og_description":"A Marinha do Brasil divulgou o edital do Concurso para Servi\u00e7o Militar Volunt\u00e1rio 2024 com 186 vagas a serem preenchidas para o 1o DN.","og_url":"https:\/\/militares.estrategia.com\/portal\/noticias\/concurso-para-servico-militar-voluntario-2024\/","og_site_name":"Estrat\u00e9gia Militares","article_publisher":"https:\/\/www.facebook.com\/EstrategiaMilitares","article_published_time":"2023-11-23T13:49:45+00:00","article_modified_time":"2023-12-29T14:02:48+00:00","og_image":[{"width":1200,"height":676,"url":"https:\/\/militares.estrategia.com\/portal\/wp-content\/uploads\/2022\/08\/Capa_BLOG_URGENTE.jpg","type":"image\/jpeg"}],"author":"Vanesca Soares","twitter_card":"summary_large_image","twitter_creator":"@estrategiamilit","twitter_site":"@estrategiamilit","twitter_misc":{"Escrito por":"Vanesca Soares","Est. tempo de leitura":"6 minutos"},"schema":{"@context":"https:\/\/schema.org","@graph":[{"@type":"NewsArticle","@id":"https:\/\/militares.estrategia.com\/portal\/noticias\/concurso-para-servico-militar-voluntario-2024\/#article","isPartOf":{"@id":"https:\/\/militares.estrategia.com\/portal\/noticias\/concurso-para-servico-militar-voluntario-2024\/"},"author":{"name":"Vanesca Soares","@id":"https:\/\/militares.estrategia.com\/portal\/#\/schema\/person\/5cfd387108cd0cdefab7eea7a9735dcc"},"headline":"SMV 2024: edital para o 1o DN abre com 186 vagas!","datePublished":"2023-11-23T13:49:45+00:00","dateModified":"2023-12-29T14:02:48+00:00","mainEntityOfPage":{"@id":"https:\/\/militares.estrategia.com\/portal\/noticias\/concurso-para-servico-militar-voluntario-2024\/"},"wordCount":1354,"publisher":{"@id":"https:\/\/militares.estrategia.com\/portal\/#organization"},"image":{"@id":"https:\/\/militares.estrategia.com\/portal\/noticias\/concurso-para-servico-militar-voluntario-2024\/#primaryimage"},"thumbnailUrl":"https:\/\/militares.estrategia.com\/portal\/wp-content\/uploads\/2022\/08\/Capa_BLOG_URGENTE.jpg","articleSection":["Not\u00edcias"],"inLanguage":"pt-BR"},{"@type":"WebPage","@id":"https:\/\/militares.estrategia.com\/portal\/noticias\/concurso-para-servico-militar-voluntario-2024\/","url":"https:\/\/militares.estrategia.com\/portal\/noticias\/concurso-para-servico-militar-voluntario-2024\/","name":"Marinha do Brasil divulga edital do Concurso para Servi\u00e7o Militar","isPartOf":{"@id":"https:\/\/militares.estrategia.com\/portal\/#website"},"primaryImageOfPage":{"@id":"https:\/\/militares.estrategia.com\/portal\/noticias\/concurso-para-servico-militar-voluntario-2024\/#primaryimage"},"image":{"@id":"https:\/\/militares.estrategia.com\/portal\/noticias\/concurso-para-servico-militar-voluntario-2024\/#primaryimage"},"thumbnailUrl":"https:\/\/militares.estrategia.com\/portal\/wp-content\/uploads\/2022\/08\/Capa_BLOG_URGENTE.jpg","datePublished":"2023-11-23T13:49:45+00:00","dateModified":"2023-12-29T14:02:48+00:00","description":"A Marinha do Brasil divulgou o edital do Concurso para Servi\u00e7o Militar Volunt\u00e1rio 2024 com 186 vagas a serem preenchidas para o 1o DN.","breadcrumb":{"@id":"https:\/\/militares.estrategia.com\/portal\/noticias\/concurso-para-servico-militar-voluntario-2024\/#breadcrumb"},"inLanguage":"pt-BR","potentialAction":[{"@type":"ReadAction","target":["https:\/\/militares.estrategia.com\/portal\/noticias\/concurso-para-servico-militar-voluntario-2024\/"]}]},{"@type":"ImageObject","inLanguage":"pt-BR","@id":"https:\/\/militares.estrategia.com\/portal\/noticias\/concurso-para-servico-militar-voluntario-2024\/#primaryimage","url":"https:\/\/militares.estrategia.com\/portal\/wp-content\/uploads\/2022\/08\/Capa_BLOG_URGENTE.jpg","contentUrl":"https:\/\/militares.estrategia.com\/portal\/wp-content\/uploads\/2022\/08\/Capa_BLOG_URGENTE.jpg","width":1200,"height":676},{"@type":"BreadcrumbList","@id":"https:\/\/militares.estrategia.com\/portal\/noticias\/concurso-para-servico-militar-voluntario-2024\/#breadcrumb","itemListElement":[{"@type":"ListItem","position":1,"name":"Home","item":"https:\/\/militares.estrategia.com\/portal\/"},{"@type":"ListItem","position":2,"name":"Not\u00edcias","item":"https:\/\/militares.estrategia.com\/portal\/noticias\/"},{"@type":"ListItem","position":3,"name":"SMV 2024: edital para o 1o DN abre com 186 vagas!"}]},{"@type":"WebSite","@id":"https:\/\/militares.estrategia.com\/portal\/#website","url":"https:\/\/militares.estrategia.com\/portal\/","name":"Estrat\u00e9gia Militares","description":"","publisher":{"@id":"https:\/\/militares.estrategia.com\/portal\/#organization"},"potentialAction":[{"@type":"SearchAction","target":{"@type":"EntryPoint","urlTemplate":"https:\/\/militares.estrategia.com\/portal\/?s={search_term_string}"},"query-input":{"@type":"PropertyValueSpecification","valueRequired":true,"valueName":"search_term_string"}}],"inLanguage":"pt-BR"},{"@type":"Organization","@id":"https:\/\/militares.estrategia.com\/portal\/#organization","name":"Estrat\u00e9gia Militares","url":"https:\/\/militares.estrategia.com\/portal\/","logo":{"@type":"ImageObject","inLanguage":"pt-BR","@id":"https:\/\/militares.estrategia.com\/portal\/#\/schema\/logo\/image\/","url":"https:\/\/militares.estrategia.com\/portal\/wp-content\/uploads\/2021\/10\/logo-militares.webp","contentUrl":"https:\/\/militares.estrategia.com\/portal\/wp-content\/uploads\/2021\/10\/logo-militares.webp","width":346,"height":90,"caption":"Estrat\u00e9gia Militares"},"image":{"@id":"https:\/\/militares.estrategia.com\/portal\/#\/schema\/logo\/image\/"},"sameAs":["https:\/\/www.facebook.com\/EstrategiaMilitares","https:\/\/x.com\/estrategiamilit","https:\/\/www.instagram.com\/estrategiamilitares\/","https:\/\/www.youtube.com\/channel\/UCRG_9hakCqXxnj_8TqCdgTA"]},{"@type":"Person","@id":"https:\/\/militares.estrategia.com\/portal\/#\/schema\/person\/5cfd387108cd0cdefab7eea7a9735dcc","name":"Vanesca Soares","image":{"@type":"ImageObject","inLanguage":"pt-BR","@id":"https:\/\/militares.estrategia.com\/portal\/#\/schema\/person\/image\/","url":"https:\/\/militares.estrategia.com\/portal\/wp-content\/uploads\/2021\/10\/FB_IMG_1634215702135-150x150.webp","contentUrl":"https:\/\/militares.estrategia.com\/portal\/wp-content\/uploads\/2021\/10\/FB_IMG_1634215702135-150x150.webp","caption":"Vanesca Soares"},"description":"Vanesca Soares foi Primeiro Tenente da Marinha do Brasil. Jornalista de forma\u00e7\u00e3o, ama todas as artes, principalmente a Literatura e o Cinema. Capaz de ficar em casa lendo um bom livro ao inv\u00e9s de ir para a balada, entende que ler \u00e9 uma grande viagem. Ama filmes hist\u00f3ricos, biografias, drama, thrillers, terror e tudo sobre os anos 1980. Principalmente a m\u00fasica!","url":"https:\/\/militares.estrategia.com\/portal\/author\/vanesca-soares\/"}]}},"_wl_alt_label":[],"wl:entity_url":"https:\/\/data.wordlift.io\/wl110246\/post\/concurso-smv-publica-edital-e-abre-xx-vag-71446","_links":{"self":[{"href":"https:\/\/militares.estrategia.com\/portal\/wp-json\/wp\/v2\/posts\/71446","targetHints":{"allow":["GET"]}}],"collection":[{"href":"https:\/\/militares.estrategia.com\/portal\/wp-json\/wp\/v2\/posts"}],"about":[{"href":"https:\/\/militares.estrategia.com\/portal\/wp-json\/wp\/v2\/types\/post"}],"author":[{"embeddable":true,"href":"https:\/\/militares.estrategia.com\/portal\/wp-json\/wp\/v2\/users\/58"}],"replies":[{"embeddable":true,"href":"https:\/\/militares.estrategia.com\/portal\/wp-json\/wp\/v2\/comments?post=71446"}],"version-history":[{"count":30,"href":"https:\/\/militares.estrategia.com\/portal\/wp-json\/wp\/v2\/posts\/71446\/revisions"}],"predecessor-version":[{"id":72687,"href":"https:\/\/militares.estrategia.com\/portal\/wp-json\/wp\/v2\/posts\/71446\/revisions\/72687"}],"wp:featuredmedia":[{"embeddable":true,"href":"https:\/\/militares.estrategia.com\/portal\/wp-json\/wp\/v2\/media\/58081"}],"wp:attachment":[{"href":"https:\/\/militares.estrategia.com\/portal\/wp-json\/wp\/v2\/media?parent=71446"}],"wp:term":[{"taxonomy":"category","embeddable":true,"href":"https:\/\/militares.estrategia.com\/portal\/wp-json\/wp\/v2\/categories?post=71446"},{"taxonomy":"post_tag","embeddable":true,"href":"https:\/\/militares.estrategia.com\/portal\/wp-json\/wp\/v2\/tags?post=71446"},{"taxonomy":"wl_entity_type","embeddable":true,"href":"https:\/\/militares.estrategia.com\/portal\/wp-json\/wp\/v2\/wl_entity_type?post=71446"}],"curies":[{"name":"wp","href":"https:\/\/api.w.org\/{rel}","templated":true}]}}