{"id":71439,"date":"2023-12-13T20:18:49","date_gmt":"2023-12-13T23:18:49","guid":{"rendered":"https:\/\/militares.estrategia.com\/portal\/?p=71439"},"modified":"2024-05-21T17:54:25","modified_gmt":"2024-05-21T20:54:25","slug":"edital-eam-2025","status":"publish","type":"post","link":"https:\/\/militares.estrategia.com\/portal\/noticias\/edital-eam-2025\/","title":{"rendered":"Edital EAM 2024\/2025 \u00e9 publicado com 600 vagas!"},"content":{"rendered":"\n<p>O Edital do <a href=\"https:\/\/militares.estrategia.com\/portal\/escolas-militares\/marinha\/eam\/concurso-eam\/\" target=\"_blank\" >Concurso EAM 2024\/2025<\/a> foi publicado nesta quarta-feira, dia 13 de dezembro de 2023, na p\u00e1gina oficial dos seletivos da Marinha do Brasil. Nesta edi\u00e7\u00e3o, ser\u00e3o disponibilizadas 600 vagas para novos ingressantes, sendo que 504 s\u00e3o para candidatos masculinos e 96 para mulheres. Confira! <\/p>\n\n\n<div id=\"new-form\">\n\t<form id=\"forms_layout\">\n\t<input type=\"hidden\" id=\"chave_de\" name=\"chave_de\" value=\"01_EMIL_LEADS_TOTAIS\" \/>\n\t\t<input type=\"hidden\" id=\"mid\" name=\"mid\" value=\"515009017\" \/>\n\t\t<input type=\"hidden\" id=\"Objetivo\" name=\"Objetivo\" value=\"Militares\" \/>\n\t\t<input type=\"hidden\" id=\"Estado_de_Origem_do_IP\" name=\"Estado_de_Origem_do_IP\"  value=\"\" \/>\n\t\t<input type=\"hidden\" id=\"Cidade_de_Origem_do_IP\" name=\"Cidade_de_Origem_do_IP\" value=\"\" \/>\n\t\t<input type=\"hidden\" id=\"Modo_de_entrada\" name=\"Modo_de_entrada\" value=\"Portal\" \/>\n\t\t<input type=\"hidden\" id=\"Pagina_Origem\" name=\"Pagina_Origem\" value=\"\" \/>\n\n\t\t<div class=\"texto\">\n\t\t\t<h3 class=\"news\">Inscreva-se em nossa newsletter!<\/h3>\n\t\t\t<p>Receba not\u00edcias sobre os mais importantes concursos para as For\u00e7as Armadas brasileiras e informa\u00e7\u00f5es sobre o mundo militar!<\/p>\n\t\t<\/div>\n\t\t<div class=\"campos\">\n\t\t\t<div class=\"first_name labels\">\n\t\t\t\t<input type=\"text\" class=\"input_labels\" id=\"first_name\" name=\"Nome_Completo\" placeholder=\"Nome\" required \/>\n\t\t\t<\/div>\n\t\t\t<div class=\"email labels\">\n\t\t\t\t<input type=\"email\" class=\"input_labels\" id=\"email\" name=\"Email\" placeholder=\"E-mail\" required \/>\n\t\t\t<\/div>\n\t\t\t<button type=\"submit\" class=\"button_layout\">\n\t\t\t\t<div id=\"lblBotao\">Inscreva-se<\/div>\n\t\t\t\t<span id=\"divSpiner\" class=\"loader\" role=\"status\" style=\"display: none;\"><\/span>\t\n\t\t\t<\/button>\n\t\t<\/div><!-- \/campos -->\n\t\t\n\t\t<label class=\"container_checkbox\">Voc\u00ea concorda com a nossa\n\t\t\t<a class=\"politics_privacy_ahref\" target=\"_blank\" href=\"https:\/\/gratis.estrategiaconcursos.com.br\/politica-de-privacidade\/\">Pol\u00edtica de Privacidade<\/a> e aceita receber informa\u00e7\u00f5es adicionais do Estrat\u00e9gia Educacional.\n\t\t\t<input id=\"checkbox_layout\" type=\"checkbox\" checked=\"checked\" required \/>\n\t\t\t<span class=\"checkbox\"><\/span>\n\t\t<\/label>\n\t\t<div id=\"msg\"><\/div>\n\t\t<div id=\"error\" class=\"error\">\n\t\t<\/div>\n\t<\/form>\n<\/div><!-- \/new-form -->\n\n\n\n<p>A Escola de Aprendizes-Marinheiros (EAM) \u00e9 um estabelecimento de&nbsp;<strong>Ensino Militar da Marinha do Brasil (MB)<\/strong>&nbsp;com o prop\u00f3sito de formar&nbsp;<strong>Marinheiros para o Corpo de Pra\u00e7as da Marinha<\/strong>.&nbsp;Existem quatro unidades espalhadas pelo pa\u00eds, localizadas nas cidades de Fortaleza, Recife, Vila Velha e Florian\u00f3polis. <\/p>\n\n\n\n<p>Segundo o Edital EAM 2024\/2025 as 600 vagas ser\u00e3o distribu\u00eddas da seguinte forma: <\/p>\n\n\n\n<figure class=\"wp-block-table is-style-stripes\"><table class=\"has-electric-grass-gradient-background has-background has-fixed-layout\"><thead><tr><th><strong>SEXO<\/strong><\/th><th class=\"has-text-align-center\" data-align=\"center\"><strong>AMPLA CONCORR\u00caNCIA<\/strong><\/th><th class=\"has-text-align-center\" data-align=\"center\"><strong>COTAS<\/strong><\/th><\/tr><\/thead><tbody><tr><td><strong>Masculino<\/strong><\/td><td class=\"has-text-align-center\" data-align=\"center\">403<\/td><td class=\"has-text-align-center\" data-align=\"center\">101<\/td><\/tr><tr><td><strong>Feminino<\/strong><\/td><td class=\"has-text-align-center\" data-align=\"center\">77<\/td><td class=\"has-text-align-center\" data-align=\"center\">19<\/td><\/tr><\/tbody><\/table><\/figure>\n\n\n\n<p>As inscri\u00e7\u00f5es no <a href=\"https:\/\/militares.estrategia.com\/portal\/escolas-militares\/marinha\/eam\/concurso-eam\/\" target=\"_blank\" >Concurso EAM 2024\/2025<\/a> come\u00e7am no dia 29 de janeiro e v\u00e3o at\u00e9 18 de fevereiro de 2024.  A taxa de inscri\u00e7\u00e3o \u00e9 de R$40 e deve ser paga at\u00e9 o dia 19 de fevereiro. \u00c9 poss\u00edvel pedir isen\u00e7\u00e3o do pagamento da taxa, desde que o candidato seja doador de medula \u00f3ssea ou de fam\u00edlia de baixa renda, inscrita no Cad\u00danico. <\/p>\n\n\n\n<p>Os candidatos precisam cumprir alguns pr\u00e9-requisitos para poderem participar do seletivo. Os principais s\u00e3o: <\/p>\n\n\n\n<ul class=\"wp-block-list\">\n<li>Ser brasileiro nato ou naturalizado;<\/li>\n\n\n\n<li>N\u00e3o ser casado (a) ou n\u00e3o ter constitu\u00eddo uni\u00e3o est\u00e1vel e n\u00e3o ter filhos;<\/li>\n\n\n\n<li>Ter altura m\u00ednima de 1,54m e m\u00e1xima de 2,00m;<\/li>\n\n\n\n<li>Possuir carteira de identidade civil ou militar;<\/li>\n\n\n\n<li>Ter ensino m\u00e9dio completo;<\/li>\n\n\n\n<li>Possuir comprovante de inscri\u00e7\u00e3o no Cadastro de Pessoa F\u00edsica (CPF); e<\/li>\n\n\n\n<li>Ter 18 anos completos e menos de 22 anos de idade no dia 30 do m\u00eas de junho de 2025.<\/li>\n<\/ul>\n\n\n\n<p>\u00c9 importante conferir as principais informa\u00e7\u00f5es sobre o Concurso EAM 2025 e outros requisitos diretamente no Edital antes de realizar a inscri\u00e7\u00e3o. Para baixar o arquivo, basta clicar no bot\u00e3o abaixo: <\/p>\n\n\n\n<div class=\"wp-block-buttons is-content-justification-center is-layout-flex wp-container-core-buttons-is-layout-1 wp-block-buttons-is-layout-flex\">\n<div class=\"wp-block-button is-style-outline is-style-outline--1\"><a class=\"wp-block-button__link has-electric-grass-gradient-background has-background wp-element-button\" href=\"https:\/\/militares.estrategia.com\/portal\/wp-content\/uploads\/2023\/12\/Edital-CPAEAM-2024.pdf\" style=\"border-radius:51px\" target=\"_blank\" >Edital EAM 2024\/2025<\/a><\/div>\n<\/div>\n\n\n\n<p>Confira a live realizada no canal do YouTube do Estrat\u00e9gia Militares com a explica\u00e7\u00e3o sobre o edital da EAM. Clique abaixo! <\/p>\n\n\n\n<figure class=\"wp-block-embed is-type-video is-provider-youtube wp-block-embed-youtube wp-embed-aspect-16-9 wp-has-aspect-ratio\"><div class=\"wp-block-embed__wrapper\">\n<div class=\"cs-embed cs-embed-responsive\"><iframe title=\"Prova em ABRIL | Edital EAM 2024: 600 Vagas - Saiba Tudo!\" width=\"1200\" height=\"675\" src=\"https:\/\/www.youtube.com\/embed\/A80LWmfH2Bo?feature=oembed\" frameborder=\"0\" allow=\"accelerometer; autoplay; clipboard-write; encrypted-media; gyroscope; picture-in-picture; web-share\" referrerpolicy=\"strict-origin-when-cross-origin\" allowfullscreen><\/iframe><\/div>\n<\/div><\/figure>\n\n\n\n<div id=\"ez-toc-container\" class=\"ez-toc-v2_0_79_2 counter-hierarchy ez-toc-counter ez-toc-transparent ez-toc-container-direction\">\n<div class=\"ez-toc-title-container\"><p class=\"ez-toc-title\" style=\"cursor:inherit\">Navegue pelo conte\u00fado\t<\/p>\n<\/div><nav><ul class='ez-toc-list ez-toc-list-level-1 ' ><li class='ez-toc-page-1 ez-toc-heading-level-2'><a class=\"ez-toc-link ez-toc-heading-1\" href=\"https:\/\/militares.estrategia.com\/portal\/noticias\/edital-eam-2025\/#Como-e-o-Concurso-EAM-20242025\" >Como \u00e9 o Concurso EAM 2024\/2025?<\/a><\/li><li class='ez-toc-page-1 ez-toc-heading-level-2'><a class=\"ez-toc-link ez-toc-heading-2\" href=\"https:\/\/militares.estrategia.com\/portal\/noticias\/edital-eam-2025\/#Calendario-EAM-20242025\" >Calend\u00e1rio EAM 2024\/2025<\/a><\/li><\/ul><\/nav><\/div>\n<h2 class=\"wp-block-heading\" id=\"h-como-e-o-concurso-eam-2024-2025\"><span class=\"ez-toc-section\" id=\"Como-e-o-Concurso-EAM-20242025\"><\/span>Como \u00e9 o Concurso EAM 2024\/2025?<span class=\"ez-toc-section-end\"><\/span><\/h2>\n\n\n\n<p>O Concurso EAM 2024\/2025 \u00e9 composto de uma prova escrita classificat\u00f3ria e v\u00e1rias etapas eliminat\u00f3rias. Confira: <\/p>\n\n\n\n<ul class=\"wp-block-list\">\n<li><em>Prova Escrita Objetiva<\/em>;<\/li>\n\n\n\n<li><em>Verifica\u00e7\u00e3o de Dados Biogr\u00e1ficos<\/em>;<\/li>\n\n\n\n<li><em>Inspe\u00e7\u00e3o de Sa\u00fade<\/em>;<\/li>\n\n\n\n<li><em>Teste de Aptid\u00e3o F\u00edsica<\/em>;<\/li>\n\n\n\n<li><em>Avalia\u00e7\u00e3o Psicol\u00f3gica<\/em>;<\/li>\n\n\n\n<li><em>Verifica\u00e7\u00e3o de Documentos<\/em>;<\/li>\n\n\n\n<li><em>Procedimento de Heteroidentifica\u00e7\u00e3o<\/em>;&nbsp;<em>e<\/em><\/li>\n\n\n\n<li><em>Per\u00edodo de Adapta\u00e7\u00e3o<\/em>.<\/li>\n<\/ul>\n\n\n\n<p>As provas escritas da Escola de Aprendizes-Marinheiros s\u00e3o feitas em um \u00fanico dia. A avalia\u00e7\u00e3o conta com&nbsp;<strong>50 quest\u00f5es no total<\/strong>&nbsp;e&nbsp;<strong>dura\u00e7\u00e3o de 4 horas<\/strong>.&nbsp;Cada quest\u00e3o da&nbsp;<strong>prova escrita vale 2,0 pontos<\/strong>&nbsp;e cobra dos candidatos conhecimentos das disciplinas de:<\/p>\n\n\n\n<ul class=\"wp-block-list\">\n<li><em>Portugu\u00eas \u2013 15 quest\u00f5es<\/em>;<\/li>\n\n\n\n<li><em>Matem\u00e1tica \u2013 15 quest\u00f5es<\/em>;<\/li>\n\n\n\n<li><em>Ci\u00eancias (F\u00edsica e Qu\u00edmica) \u2013 15 quest\u00f5es<\/em>;&nbsp;<em>e<\/em><\/li>\n\n\n\n<li><em>Ingl\u00eas \u2013 5 quest\u00f5es<\/em>.<\/li>\n<\/ul>\n\n\n\n<h2 class=\"wp-block-heading\" id=\"h-calendario-eam-2024-2025\"><span class=\"ez-toc-section\" id=\"Calendario-EAM-20242025\"><\/span>Calend\u00e1rio EAM 2024\/2025<span class=\"ez-toc-section-end\"><\/span><\/h2>\n\n\n\n<p>Segundo o Edital EAM 2024\/2025, o calend\u00e1rio do seletivo ser\u00e1: <\/p>\n\n\n\n<figure class=\"wp-block-table is-style-stripes\"><table class=\"has-electric-grass-gradient-background has-background has-fixed-layout\"><thead><tr><th>EVENTO<\/th><th>DATA<\/th><\/tr><\/thead><tbody><tr><td>Inscri\u00e7\u00f5es<\/td><td>29 de janeiro a 18 de fevereiro de 2024<\/td><\/tr><tr><td>Pedido de Isen\u00e7\u00e3o<\/td><td>29 de janeiro a 02 de fevereiro de 2024<\/td><\/tr><tr><td>Prazo limite para pagamento da taxa de inscri\u00e7\u00e3o<\/td><td>19 de fevereiro de 2024<\/td><\/tr><tr><td>Resultado de pedido de isen\u00e7\u00e3o<\/td><td>08 de fevereiro de 2024<\/td><\/tr><tr><td>Provas escritas<\/td><td>13 de abril de 2024<\/td><\/tr><tr><td>Divulga\u00e7\u00e3o de gabaritos<\/td><td>16 de abril de 2024<\/td><\/tr><tr><td>Divulga\u00e7\u00e3o do resultado da Prova Escrita e Convoca\u00e7\u00e3o para a realiza\u00e7\u00e3o dos EVC<\/td><td>a partir de 23 de maio de 2024<\/td><\/tr><tr><td>Entrega de Documentos para Verifica\u00e7\u00e3o<\/td><td>30 de maio a 14 de junho de 2024<\/td><\/tr><tr><td>Procedimento de Heteroidentifica\u00e7\u00e3o<\/td><td>02 a 24 de setembro de 2024<\/td><\/tr><tr><td>Teste de Aptid\u00e3o F\u00edsica de Ingresso (TAF-i)<\/td><td>24 de junho a 16 de agosto de 2024<\/td><\/tr><tr><td>Inspe\u00e7\u00e3o de Sa\u00fade<\/td><td>15 de julho a 22 de agosto de 2024<\/td><\/tr><tr><td>Avalia\u00e7\u00e3o Psicol\u00f3gica<\/td><td>19 a 30 de agosto de 2024<\/td><\/tr><tr><td>Resultado final<\/td><td>A partir de 29 de novembro de 2024<\/td><\/tr><\/tbody><\/table><\/figure>\n\n\n\n<p>Se voc\u00ea sempre sonhou em ingressar na EAM o momento \u00e9 esse! Prepare-se para o Concurso com o material da Coruja! N\u00e3o perca mais tempo e assine os cursos do Estrat\u00e9gia Militares, l\u00edder no que vale: classifica\u00e7\u00e3o! Clique no banner e saiba mais!<\/p>\n\n\n","protected":false},"excerpt":{"rendered":"O Edital do Concurso EAM 2024\/2025 foi publicado nesta quarta-feira, dia 13 de dezembro de 2023, na p\u00e1gina&hellip;\n","protected":false},"author":9,"featured_media":58081,"comment_status":"closed","ping_status":"closed","sticky":false,"template":"","format":"standard","meta":{"wl_entities_gutenberg":"","footnotes":""},"categories":[36],"tags":[],"wl_entity_type":[187],"class_list":{"0":"post-71439","1":"post","2":"type-post","3":"status-publish","4":"format-standard","5":"has-post-thumbnail","7":"category-noticias","8":"wl_entity_type-article"},"acf":[],"yoast_head":"<!-- This site is optimized with the Yoast SEO Premium plugin v26.6 (Yoast SEO v26.6) - https:\/\/yoast.com\/wordpress\/plugins\/seo\/ -->\n<title>Edital EAM 2024\/2025 \u00e9 publicado com 600 vagas!<\/title>\n<meta name=\"description\" content=\"Confira as principais informa\u00e7\u00f5es do Edital EAM 2024\/2025 e o calend\u00e1rio do seletivo para a Escola de Aprendizes-Marinheiros!\" \/>\n<meta name=\"robots\" content=\"index, follow, max-snippet:-1, max-image-preview:large, max-video-preview:-1\" \/>\n<link rel=\"canonical\" href=\"https:\/\/militares.estrategia.com\/portal\/noticias\/edital-eam-2025\/\" \/>\n<meta property=\"og:locale\" content=\"pt_BR\" \/>\n<meta property=\"og:type\" content=\"article\" \/>\n<meta property=\"og:title\" content=\"Edital EAM 2024\/2025 \u00e9 publicado com 600 vagas!\" \/>\n<meta property=\"og:description\" content=\"Confira as principais informa\u00e7\u00f5es do Edital EAM 2024\/2025 e o calend\u00e1rio do seletivo para a Escola de Aprendizes-Marinheiros!\" \/>\n<meta property=\"og:url\" content=\"https:\/\/militares.estrategia.com\/portal\/noticias\/edital-eam-2025\/\" \/>\n<meta property=\"og:site_name\" content=\"Estrat\u00e9gia Militares\" \/>\n<meta property=\"article:publisher\" content=\"https:\/\/www.facebook.com\/EstrategiaMilitares\" \/>\n<meta property=\"article:published_time\" content=\"2023-12-13T23:18:49+00:00\" \/>\n<meta property=\"article:modified_time\" content=\"2024-05-21T20:54:25+00:00\" \/>\n<meta property=\"og:image\" content=\"https:\/\/militares.estrategia.com\/portal\/wp-content\/uploads\/2022\/08\/Capa_BLOG_URGENTE.jpg\" \/>\n\t<meta property=\"og:image:width\" content=\"1200\" \/>\n\t<meta property=\"og:image:height\" content=\"676\" \/>\n\t<meta property=\"og:image:type\" content=\"image\/jpeg\" \/>\n<meta name=\"author\" content=\"Raquel Oshio\" \/>\n<meta name=\"twitter:card\" content=\"summary_large_image\" \/>\n<meta name=\"twitter:creator\" content=\"@estrategiamilit\" \/>\n<meta name=\"twitter:site\" content=\"@estrategiamilit\" \/>\n<meta name=\"twitter:label1\" content=\"Escrito por\" \/>\n\t<meta name=\"twitter:data1\" content=\"Raquel Oshio\" \/>\n\t<meta name=\"twitter:label2\" content=\"Est. tempo de leitura\" \/>\n\t<meta name=\"twitter:data2\" content=\"3 minutos\" \/>\n<script type=\"application\/ld+json\" class=\"yoast-schema-graph\">{\"@context\":\"https:\/\/schema.org\",\"@graph\":[{\"@type\":\"Article\",\"@id\":\"https:\/\/militares.estrategia.com\/portal\/noticias\/edital-eam-2025\/#article\",\"isPartOf\":{\"@id\":\"https:\/\/militares.estrategia.com\/portal\/noticias\/edital-eam-2025\/\"},\"author\":{\"name\":\"Raquel Oshio\",\"@id\":\"https:\/\/militares.estrategia.com\/portal\/#\/schema\/person\/46e1f54d690b6a851270112cd62d2f37\"},\"headline\":\"Edital EAM 2024\/2025 \u00e9 publicado com 600 vagas!\",\"datePublished\":\"2023-12-13T23:18:49+00:00\",\"dateModified\":\"2024-05-21T20:54:25+00:00\",\"mainEntityOfPage\":{\"@id\":\"https:\/\/militares.estrategia.com\/portal\/noticias\/edital-eam-2025\/\"},\"wordCount\":674,\"publisher\":{\"@id\":\"https:\/\/militares.estrategia.com\/portal\/#organization\"},\"image\":{\"@id\":\"https:\/\/militares.estrategia.com\/portal\/noticias\/edital-eam-2025\/#primaryimage\"},\"thumbnailUrl\":\"https:\/\/militares.estrategia.com\/portal\/wp-content\/uploads\/2022\/08\/Capa_BLOG_URGENTE.jpg\",\"articleSection\":[\"Not\u00edcias\"],\"inLanguage\":\"pt-BR\"},{\"@type\":\"WebPage\",\"@id\":\"https:\/\/militares.estrategia.com\/portal\/noticias\/edital-eam-2025\/\",\"url\":\"https:\/\/militares.estrategia.com\/portal\/noticias\/edital-eam-2025\/\",\"name\":\"Edital EAM 2024\/2025 \u00e9 publicado com 600 vagas!\",\"isPartOf\":{\"@id\":\"https:\/\/militares.estrategia.com\/portal\/#website\"},\"primaryImageOfPage\":{\"@id\":\"https:\/\/militares.estrategia.com\/portal\/noticias\/edital-eam-2025\/#primaryimage\"},\"image\":{\"@id\":\"https:\/\/militares.estrategia.com\/portal\/noticias\/edital-eam-2025\/#primaryimage\"},\"thumbnailUrl\":\"https:\/\/militares.estrategia.com\/portal\/wp-content\/uploads\/2022\/08\/Capa_BLOG_URGENTE.jpg\",\"datePublished\":\"2023-12-13T23:18:49+00:00\",\"dateModified\":\"2024-05-21T20:54:25+00:00\",\"description\":\"Confira as principais informa\u00e7\u00f5es do Edital EAM 2024\/2025 e o calend\u00e1rio do seletivo para a Escola de Aprendizes-Marinheiros!\",\"breadcrumb\":{\"@id\":\"https:\/\/militares.estrategia.com\/portal\/noticias\/edital-eam-2025\/#breadcrumb\"},\"inLanguage\":\"pt-BR\",\"potentialAction\":[{\"@type\":\"ReadAction\",\"target\":[\"https:\/\/militares.estrategia.com\/portal\/noticias\/edital-eam-2025\/\"]}]},{\"@type\":\"ImageObject\",\"inLanguage\":\"pt-BR\",\"@id\":\"https:\/\/militares.estrategia.com\/portal\/noticias\/edital-eam-2025\/#primaryimage\",\"url\":\"https:\/\/militares.estrategia.com\/portal\/wp-content\/uploads\/2022\/08\/Capa_BLOG_URGENTE.jpg\",\"contentUrl\":\"https:\/\/militares.estrategia.com\/portal\/wp-content\/uploads\/2022\/08\/Capa_BLOG_URGENTE.jpg\",\"width\":1200,\"height\":676},{\"@type\":\"BreadcrumbList\",\"@id\":\"https:\/\/militares.estrategia.com\/portal\/noticias\/edital-eam-2025\/#breadcrumb\",\"itemListElement\":[{\"@type\":\"ListItem\",\"position\":1,\"name\":\"Home\",\"item\":\"https:\/\/militares.estrategia.com\/portal\/\"},{\"@type\":\"ListItem\",\"position\":2,\"name\":\"Not\u00edcias\",\"item\":\"https:\/\/militares.estrategia.com\/portal\/noticias\/\"},{\"@type\":\"ListItem\",\"position\":3,\"name\":\"Edital EAM 2024\/2025 \u00e9 publicado com 600 vagas!\"}]},{\"@type\":\"WebSite\",\"@id\":\"https:\/\/militares.estrategia.com\/portal\/#website\",\"url\":\"https:\/\/militares.estrategia.com\/portal\/\",\"name\":\"Estrat\u00e9gia Militares\",\"description\":\"\",\"publisher\":{\"@id\":\"https:\/\/militares.estrategia.com\/portal\/#organization\"},\"potentialAction\":[{\"@type\":\"SearchAction\",\"target\":{\"@type\":\"EntryPoint\",\"urlTemplate\":\"https:\/\/militares.estrategia.com\/portal\/?s={search_term_string}\"},\"query-input\":{\"@type\":\"PropertyValueSpecification\",\"valueRequired\":true,\"valueName\":\"search_term_string\"}}],\"inLanguage\":\"pt-BR\"},{\"@type\":\"Organization\",\"@id\":\"https:\/\/militares.estrategia.com\/portal\/#organization\",\"name\":\"Estrat\u00e9gia Militares\",\"url\":\"https:\/\/militares.estrategia.com\/portal\/\",\"logo\":{\"@type\":\"ImageObject\",\"inLanguage\":\"pt-BR\",\"@id\":\"https:\/\/militares.estrategia.com\/portal\/#\/schema\/logo\/image\/\",\"url\":\"https:\/\/militares.estrategia.com\/portal\/wp-content\/uploads\/2021\/10\/logo-militares.webp\",\"contentUrl\":\"https:\/\/militares.estrategia.com\/portal\/wp-content\/uploads\/2021\/10\/logo-militares.webp\",\"width\":346,\"height\":90,\"caption\":\"Estrat\u00e9gia Militares\"},\"image\":{\"@id\":\"https:\/\/militares.estrategia.com\/portal\/#\/schema\/logo\/image\/\"},\"sameAs\":[\"https:\/\/www.facebook.com\/EstrategiaMilitares\",\"https:\/\/x.com\/estrategiamilit\",\"https:\/\/www.instagram.com\/estrategiamilitares\/\",\"https:\/\/www.youtube.com\/channel\/UCRG_9hakCqXxnj_8TqCdgTA\"]},{\"@type\":\"Person\",\"@id\":\"https:\/\/militares.estrategia.com\/portal\/#\/schema\/person\/46e1f54d690b6a851270112cd62d2f37\",\"name\":\"Raquel Oshio\",\"image\":{\"@type\":\"ImageObject\",\"inLanguage\":\"pt-BR\",\"@id\":\"https:\/\/militares.estrategia.com\/portal\/#\/schema\/person\/image\/\",\"url\":\"https:\/\/secure.gravatar.com\/avatar\/fa4e62d5e59d9cf9995ea9c715a78807?s=96&d=mm&r=g\",\"contentUrl\":\"https:\/\/secure.gravatar.com\/avatar\/fa4e62d5e59d9cf9995ea9c715a78807?s=96&d=mm&r=g\",\"caption\":\"Raquel Oshio\"},\"description\":\"Raquel Kie \u00e9 amante de hist\u00f3rias e ca\u00e7adora de belezas escondidas. Jornalista de profiss\u00e3o e cora\u00e7\u00e3o. Desenhista e escritora de fic\u00e7\u00e3o nas horas vagas. Acredito no potencial transformador de todo trabalho feito com dedica\u00e7\u00e3o.\",\"url\":\"https:\/\/militares.estrategia.com\/portal\/author\/raqueloshio\/\"}]}<\/script>\n<!-- \/ Yoast SEO Premium plugin. -->","yoast_head_json":{"title":"Edital EAM 2024\/2025 \u00e9 publicado com 600 vagas!","description":"Confira as principais informa\u00e7\u00f5es do Edital EAM 2024\/2025 e o calend\u00e1rio do seletivo para a Escola de Aprendizes-Marinheiros!","robots":{"index":"index","follow":"follow","max-snippet":"max-snippet:-1","max-image-preview":"max-image-preview:large","max-video-preview":"max-video-preview:-1"},"canonical":"https:\/\/militares.estrategia.com\/portal\/noticias\/edital-eam-2025\/","og_locale":"pt_BR","og_type":"article","og_title":"Edital EAM 2024\/2025 \u00e9 publicado com 600 vagas!","og_description":"Confira as principais informa\u00e7\u00f5es do Edital EAM 2024\/2025 e o calend\u00e1rio do seletivo para a Escola de Aprendizes-Marinheiros!","og_url":"https:\/\/militares.estrategia.com\/portal\/noticias\/edital-eam-2025\/","og_site_name":"Estrat\u00e9gia Militares","article_publisher":"https:\/\/www.facebook.com\/EstrategiaMilitares","article_published_time":"2023-12-13T23:18:49+00:00","article_modified_time":"2024-05-21T20:54:25+00:00","og_image":[{"width":1200,"height":676,"url":"https:\/\/militares.estrategia.com\/portal\/wp-content\/uploads\/2022\/08\/Capa_BLOG_URGENTE.jpg","type":"image\/jpeg"}],"author":"Raquel Oshio","twitter_card":"summary_large_image","twitter_creator":"@estrategiamilit","twitter_site":"@estrategiamilit","twitter_misc":{"Escrito por":"Raquel Oshio","Est. tempo de leitura":"3 minutos"},"schema":{"@context":"https:\/\/schema.org","@graph":[{"@type":"Article","@id":"https:\/\/militares.estrategia.com\/portal\/noticias\/edital-eam-2025\/#article","isPartOf":{"@id":"https:\/\/militares.estrategia.com\/portal\/noticias\/edital-eam-2025\/"},"author":{"name":"Raquel Oshio","@id":"https:\/\/militares.estrategia.com\/portal\/#\/schema\/person\/46e1f54d690b6a851270112cd62d2f37"},"headline":"Edital EAM 2024\/2025 \u00e9 publicado com 600 vagas!","datePublished":"2023-12-13T23:18:49+00:00","dateModified":"2024-05-21T20:54:25+00:00","mainEntityOfPage":{"@id":"https:\/\/militares.estrategia.com\/portal\/noticias\/edital-eam-2025\/"},"wordCount":674,"publisher":{"@id":"https:\/\/militares.estrategia.com\/portal\/#organization"},"image":{"@id":"https:\/\/militares.estrategia.com\/portal\/noticias\/edital-eam-2025\/#primaryimage"},"thumbnailUrl":"https:\/\/militares.estrategia.com\/portal\/wp-content\/uploads\/2022\/08\/Capa_BLOG_URGENTE.jpg","articleSection":["Not\u00edcias"],"inLanguage":"pt-BR"},{"@type":"WebPage","@id":"https:\/\/militares.estrategia.com\/portal\/noticias\/edital-eam-2025\/","url":"https:\/\/militares.estrategia.com\/portal\/noticias\/edital-eam-2025\/","name":"Edital EAM 2024\/2025 \u00e9 publicado com 600 vagas!","isPartOf":{"@id":"https:\/\/militares.estrategia.com\/portal\/#website"},"primaryImageOfPage":{"@id":"https:\/\/militares.estrategia.com\/portal\/noticias\/edital-eam-2025\/#primaryimage"},"image":{"@id":"https:\/\/militares.estrategia.com\/portal\/noticias\/edital-eam-2025\/#primaryimage"},"thumbnailUrl":"https:\/\/militares.estrategia.com\/portal\/wp-content\/uploads\/2022\/08\/Capa_BLOG_URGENTE.jpg","datePublished":"2023-12-13T23:18:49+00:00","dateModified":"2024-05-21T20:54:25+00:00","description":"Confira as principais informa\u00e7\u00f5es do Edital EAM 2024\/2025 e o calend\u00e1rio do seletivo para a Escola de Aprendizes-Marinheiros!","breadcrumb":{"@id":"https:\/\/militares.estrategia.com\/portal\/noticias\/edital-eam-2025\/#breadcrumb"},"inLanguage":"pt-BR","potentialAction":[{"@type":"ReadAction","target":["https:\/\/militares.estrategia.com\/portal\/noticias\/edital-eam-2025\/"]}]},{"@type":"ImageObject","inLanguage":"pt-BR","@id":"https:\/\/militares.estrategia.com\/portal\/noticias\/edital-eam-2025\/#primaryimage","url":"https:\/\/militares.estrategia.com\/portal\/wp-content\/uploads\/2022\/08\/Capa_BLOG_URGENTE.jpg","contentUrl":"https:\/\/militares.estrategia.com\/portal\/wp-content\/uploads\/2022\/08\/Capa_BLOG_URGENTE.jpg","width":1200,"height":676},{"@type":"BreadcrumbList","@id":"https:\/\/militares.estrategia.com\/portal\/noticias\/edital-eam-2025\/#breadcrumb","itemListElement":[{"@type":"ListItem","position":1,"name":"Home","item":"https:\/\/militares.estrategia.com\/portal\/"},{"@type":"ListItem","position":2,"name":"Not\u00edcias","item":"https:\/\/militares.estrategia.com\/portal\/noticias\/"},{"@type":"ListItem","position":3,"name":"Edital EAM 2024\/2025 \u00e9 publicado com 600 vagas!"}]},{"@type":"WebSite","@id":"https:\/\/militares.estrategia.com\/portal\/#website","url":"https:\/\/militares.estrategia.com\/portal\/","name":"Estrat\u00e9gia Militares","description":"","publisher":{"@id":"https:\/\/militares.estrategia.com\/portal\/#organization"},"potentialAction":[{"@type":"SearchAction","target":{"@type":"EntryPoint","urlTemplate":"https:\/\/militares.estrategia.com\/portal\/?s={search_term_string}"},"query-input":{"@type":"PropertyValueSpecification","valueRequired":true,"valueName":"search_term_string"}}],"inLanguage":"pt-BR"},{"@type":"Organization","@id":"https:\/\/militares.estrategia.com\/portal\/#organization","name":"Estrat\u00e9gia Militares","url":"https:\/\/militares.estrategia.com\/portal\/","logo":{"@type":"ImageObject","inLanguage":"pt-BR","@id":"https:\/\/militares.estrategia.com\/portal\/#\/schema\/logo\/image\/","url":"https:\/\/militares.estrategia.com\/portal\/wp-content\/uploads\/2021\/10\/logo-militares.webp","contentUrl":"https:\/\/militares.estrategia.com\/portal\/wp-content\/uploads\/2021\/10\/logo-militares.webp","width":346,"height":90,"caption":"Estrat\u00e9gia Militares"},"image":{"@id":"https:\/\/militares.estrategia.com\/portal\/#\/schema\/logo\/image\/"},"sameAs":["https:\/\/www.facebook.com\/EstrategiaMilitares","https:\/\/x.com\/estrategiamilit","https:\/\/www.instagram.com\/estrategiamilitares\/","https:\/\/www.youtube.com\/channel\/UCRG_9hakCqXxnj_8TqCdgTA"]},{"@type":"Person","@id":"https:\/\/militares.estrategia.com\/portal\/#\/schema\/person\/46e1f54d690b6a851270112cd62d2f37","name":"Raquel Oshio","image":{"@type":"ImageObject","inLanguage":"pt-BR","@id":"https:\/\/militares.estrategia.com\/portal\/#\/schema\/person\/image\/","url":"https:\/\/secure.gravatar.com\/avatar\/fa4e62d5e59d9cf9995ea9c715a78807?s=96&d=mm&r=g","contentUrl":"https:\/\/secure.gravatar.com\/avatar\/fa4e62d5e59d9cf9995ea9c715a78807?s=96&d=mm&r=g","caption":"Raquel Oshio"},"description":"Raquel Kie \u00e9 amante de hist\u00f3rias e ca\u00e7adora de belezas escondidas. Jornalista de profiss\u00e3o e cora\u00e7\u00e3o. Desenhista e escritora de fic\u00e7\u00e3o nas horas vagas. Acredito no potencial transformador de todo trabalho feito com dedica\u00e7\u00e3o.","url":"https:\/\/militares.estrategia.com\/portal\/author\/raqueloshio\/"}]}},"_wl_alt_label":[],"wl:entity_url":"https:\/\/data.wordlift.io\/wl110246\/post\/edital-eam-2025-e-publicado-com-xx-vagas-71439-2","_links":{"self":[{"href":"https:\/\/militares.estrategia.com\/portal\/wp-json\/wp\/v2\/posts\/71439","targetHints":{"allow":["GET"]}}],"collection":[{"href":"https:\/\/militares.estrategia.com\/portal\/wp-json\/wp\/v2\/posts"}],"about":[{"href":"https:\/\/militares.estrategia.com\/portal\/wp-json\/wp\/v2\/types\/post"}],"author":[{"embeddable":true,"href":"https:\/\/militares.estrategia.com\/portal\/wp-json\/wp\/v2\/users\/9"}],"replies":[{"embeddable":true,"href":"https:\/\/militares.estrategia.com\/portal\/wp-json\/wp\/v2\/comments?post=71439"}],"version-history":[{"count":14,"href":"https:\/\/militares.estrategia.com\/portal\/wp-json\/wp\/v2\/posts\/71439\/revisions"}],"predecessor-version":[{"id":75606,"href":"https:\/\/militares.estrategia.com\/portal\/wp-json\/wp\/v2\/posts\/71439\/revisions\/75606"}],"wp:featuredmedia":[{"embeddable":true,"href":"https:\/\/militares.estrategia.com\/portal\/wp-json\/wp\/v2\/media\/58081"}],"wp:attachment":[{"href":"https:\/\/militares.estrategia.com\/portal\/wp-json\/wp\/v2\/media?parent=71439"}],"wp:term":[{"taxonomy":"category","embeddable":true,"href":"https:\/\/militares.estrategia.com\/portal\/wp-json\/wp\/v2\/categories?post=71439"},{"taxonomy":"post_tag","embeddable":true,"href":"https:\/\/militares.estrategia.com\/portal\/wp-json\/wp\/v2\/tags?post=71439"},{"taxonomy":"wl_entity_type","embeddable":true,"href":"https:\/\/militares.estrategia.com\/portal\/wp-json\/wp\/v2\/wl_entity_type?post=71439"}],"curies":[{"name":"wp","href":"https:\/\/api.w.org\/{rel}","templated":true}]}}