{"id":70526,"date":"2023-09-29T15:03:26","date_gmt":"2023-09-29T18:03:26","guid":{"rendered":"https:\/\/militares.estrategia.com\/portal\/?p=70526"},"modified":"2023-09-29T15:03:33","modified_gmt":"2023-09-29T18:03:33","slug":"colegio-naval-2024-chamada-para-inspecao-de-saude-e-avaliacao-psicologica","status":"publish","type":"post","link":"https:\/\/militares.estrategia.com\/portal\/noticias\/colegio-naval-2024-chamada-para-inspecao-de-saude-e-avaliacao-psicologica\/","title":{"rendered":"Col\u00e9gio Naval 2024: chamada para a Inspe\u00e7\u00e3o de Sa\u00fade e Avalia\u00e7\u00e3o Psicol\u00f3gica"},"content":{"rendered":"\n<p>A Marinha do Brasil publicou no dia 28 de setembro, quinta-feira, a lista de candidatos convocados para a Inspe\u00e7\u00e3o de Sa\u00fade (IS) e para a Avalia\u00e7\u00e3o Psicol\u00f3gica (AP) do Concurso Col\u00e9gio Naval 2024. Confira as informa\u00e7\u00f5es a seguir.<\/p>\n\n\n<div id=\"new-form\">\n\t<form id=\"forms_layout\">\n\t<input type=\"hidden\" id=\"chave_de\" name=\"chave_de\" value=\"01_EMIL_LEADS_TOTAIS\" \/>\n\t\t<input type=\"hidden\" id=\"mid\" name=\"mid\" value=\"515009017\" \/>\n\t\t<input type=\"hidden\" id=\"Objetivo\" name=\"Objetivo\" value=\"Militares\" \/>\n\t\t<input type=\"hidden\" id=\"Estado_de_Origem_do_IP\" name=\"Estado_de_Origem_do_IP\"  value=\"\" \/>\n\t\t<input type=\"hidden\" id=\"Cidade_de_Origem_do_IP\" name=\"Cidade_de_Origem_do_IP\" value=\"\" \/>\n\t\t<input type=\"hidden\" id=\"Modo_de_entrada\" name=\"Modo_de_entrada\" value=\"Portal\" \/>\n\t\t<input type=\"hidden\" id=\"Pagina_Origem\" name=\"Pagina_Origem\" value=\"\" \/>\n\n\t\t<div class=\"texto\">\n\t\t\t<h3 class=\"news\">Inscreva-se em nossa newsletter!<\/h3>\n\t\t\t<p>Receba not\u00edcias sobre os mais importantes concursos para as For\u00e7as Armadas brasileiras e informa\u00e7\u00f5es sobre o mundo militar!<\/p>\n\t\t<\/div>\n\t\t<div class=\"campos\">\n\t\t\t<div class=\"first_name labels\">\n\t\t\t\t<input type=\"text\" class=\"input_labels\" id=\"first_name\" name=\"Nome_Completo\" placeholder=\"Nome\" required \/>\n\t\t\t<\/div>\n\t\t\t<div class=\"email labels\">\n\t\t\t\t<input type=\"email\" class=\"input_labels\" id=\"email\" name=\"Email\" placeholder=\"E-mail\" required \/>\n\t\t\t<\/div>\n\t\t\t<button type=\"submit\" class=\"button_layout\">\n\t\t\t\t<div id=\"lblBotao\">Inscreva-se<\/div>\n\t\t\t\t<span id=\"divSpiner\" class=\"loader\" role=\"status\" style=\"display: none;\"><\/span>\t\n\t\t\t<\/button>\n\t\t<\/div><!-- \/campos -->\n\t\t\n\t\t<label class=\"container_checkbox\">Voc\u00ea concorda com a nossa\n\t\t\t<a class=\"politics_privacy_ahref\" target=\"_blank\" href=\"https:\/\/gratis.estrategiaconcursos.com.br\/politica-de-privacidade\/\">Pol\u00edtica de Privacidade<\/a> e aceita receber informa\u00e7\u00f5es adicionais do Estrat\u00e9gia Educacional.\n\t\t\t<input id=\"checkbox_layout\" type=\"checkbox\" checked=\"checked\" required \/>\n\t\t\t<span class=\"checkbox\"><\/span>\n\t\t<\/label>\n\t\t<div id=\"msg\"><\/div>\n\t\t<div id=\"error\" class=\"error\">\n\t\t<\/div>\n\t<\/form>\n<\/div><!-- \/new-form -->\n\n\n\n<p>As listagens, publicada na p\u00e1gina da internet do seletivo, n\u00e3o cont\u00eam os nomes dos candidatos convocados; apenas seus n\u00fameros de inscri\u00e7\u00e3o. Al\u00e9m disso, foram informadas as datas e hor\u00e1rios dos eventos. A etapa de IS do concurso ser\u00e1 realizada entre os dias 19 e 30 de outubro.<\/p>\n\n\n\n<p>O Col\u00e9gio Naval publicou tamb\u00e9m a convoca\u00e7\u00e3o para a Avalia\u00e7\u00e3o Psicol\u00f3gica e as suas instru\u00e7\u00f5es. Esta etapa ser\u00e1 realizada entre os dias 16 e 17 de outubro.  Confira a seguir as listagens completas e as respectivas instru\u00e7\u00f5es clicando nos bot\u00f5es abaixo: <\/p>\n\n\n\n<div class=\"wp-block-buttons is-content-justification-center is-layout-flex wp-container-core-buttons-is-layout-1 wp-block-buttons-is-layout-flex\">\n<div class=\"wp-block-button is-style-outline is-style-outline--1\"><a class=\"wp-block-button__link has-electric-grass-gradient-background has-background wp-element-button\" href=\"https:\/\/militares.estrategia.com\/portal\/wp-content\/uploads\/2023\/09\/ChamadaIS-CPACN2023-SSPM.pdf\" style=\"border-radius:100px\" target=\"_blank\" >Chamada IS OREL SSPM<\/a><\/div>\n<\/div>\n\n\n\n<div class=\"wp-block-buttons is-content-justification-center is-layout-flex wp-container-core-buttons-is-layout-2 wp-block-buttons-is-layout-flex\">\n<div class=\"wp-block-button is-style-outline is-style-outline--2\"><a class=\"wp-block-button__link has-electric-grass-gradient-background has-background wp-element-button\" href=\"https:\/\/militares.estrategia.com\/portal\/wp-content\/uploads\/2023\/09\/ChamadaAP-CPACN2023.pdf\" style=\"border-radius:100px\" target=\"_blank\" >Chamada AP-SSPM-CN-BAeNSPA-SNNF-CFMG<\/a><\/div>\n<\/div>\n\n\n\n<p>Se voc\u00ea sonha em estudar em uma das mais importantes institui\u00e7\u00f5es de ensino do pa\u00eds, conhe\u00e7a os cursos do Estrat\u00e9gia Militares. Nosso material \u00e9 totalmente focado no edital do Concurso Col\u00e9gio Naval. Clique no banner e saiba mais. <\/p>\n\n\n\n\n\n<p><\/p>\n","protected":false},"excerpt":{"rendered":"A Marinha do Brasil publicou no dia 28 de setembro, quinta-feira, a lista de candidatos convocados para a&hellip;\n","protected":false},"author":58,"featured_media":46826,"comment_status":"closed","ping_status":"closed","sticky":false,"template":"","format":"standard","meta":{"wl_entities_gutenberg":"","footnotes":""},"categories":[36],"tags":[64,313,162,127,161],"wl_entity_type":[187],"class_list":{"0":"post-70526","1":"post","2":"type-post","3":"status-publish","4":"format-standard","5":"has-post-thumbnail","7":"category-noticias","8":"tag-marinhadobrasil","9":"tag-313","10":"tag-carreiramilitar","11":"tag-colegio-naval","12":"tag-concursosmilitares","13":"wl_entity_type-article"},"acf":[],"yoast_head":"<!-- This site is optimized with the Yoast SEO Premium plugin v26.6 (Yoast SEO v26.6) - https:\/\/yoast.com\/wordpress\/plugins\/seo\/ -->\n<title>Estrat\u00e9gia Militares<\/title>\n<meta name=\"description\" content=\"A Marinha do Brasil convocou os candidatos do Concurso Col\u00e9gio Naval 2024 para a realiza\u00e7\u00e3o da Inspe\u00e7\u00e3o de Sa\u00fade e Avalia\u00e7\u00e3o Psicol\u00f3gica.\" \/>\n<meta name=\"robots\" content=\"index, follow, max-snippet:-1, max-image-preview:large, max-video-preview:-1\" \/>\n<link rel=\"canonical\" href=\"https:\/\/militares.estrategia.com\/portal\/noticias\/colegio-naval-2024-chamada-para-inspecao-de-saude-e-avaliacao-psicologica\/\" \/>\n<meta property=\"og:locale\" content=\"pt_BR\" \/>\n<meta property=\"og:type\" content=\"article\" \/>\n<meta property=\"og:title\" content=\"Col\u00e9gio Naval 2024: chamada para a Inspe\u00e7\u00e3o de Sa\u00fade e Avalia\u00e7\u00e3o Psicol\u00f3gica\" \/>\n<meta property=\"og:description\" content=\"A Marinha do Brasil convocou os candidatos do Concurso Col\u00e9gio Naval 2024 para a realiza\u00e7\u00e3o da Inspe\u00e7\u00e3o de Sa\u00fade e Avalia\u00e7\u00e3o Psicol\u00f3gica.\" \/>\n<meta property=\"og:url\" content=\"https:\/\/militares.estrategia.com\/portal\/noticias\/colegio-naval-2024-chamada-para-inspecao-de-saude-e-avaliacao-psicologica\/\" \/>\n<meta property=\"og:site_name\" content=\"Estrat\u00e9gia Militares\" \/>\n<meta property=\"article:publisher\" content=\"https:\/\/www.facebook.com\/EstrategiaMilitares\" \/>\n<meta property=\"article:published_time\" content=\"2023-09-29T18:03:26+00:00\" \/>\n<meta property=\"article:modified_time\" content=\"2023-09-29T18:03:33+00:00\" \/>\n<meta property=\"og:image\" content=\"https:\/\/cdn.blog.estrategiavestibulares.com.br\/vestibulares\/wp-content\/uploads\/2021\/08\/Capa-colegio-naval.jpg\" \/>\n\t<meta property=\"og:image:width\" content=\"750\" \/>\n\t<meta property=\"og:image:height\" content=\"420\" \/>\n\t<meta property=\"og:image:type\" content=\"image\/jpeg\" \/>\n<meta name=\"author\" content=\"Vanesca Soares\" \/>\n<meta name=\"twitter:card\" content=\"summary_large_image\" \/>\n<meta name=\"twitter:creator\" content=\"@estrategiamilit\" \/>\n<meta name=\"twitter:site\" content=\"@estrategiamilit\" \/>\n<meta name=\"twitter:label1\" content=\"Escrito por\" \/>\n\t<meta name=\"twitter:data1\" content=\"Vanesca Soares\" \/>\n\t<meta name=\"twitter:label2\" content=\"Est. tempo de leitura\" \/>\n\t<meta name=\"twitter:data2\" content=\"1 minuto\" \/>\n<script type=\"application\/ld+json\" class=\"yoast-schema-graph\">{\"@context\":\"https:\/\/schema.org\",\"@graph\":[{\"@type\":\"NewsArticle\",\"@id\":\"https:\/\/militares.estrategia.com\/portal\/noticias\/colegio-naval-2024-chamada-para-inspecao-de-saude-e-avaliacao-psicologica\/#article\",\"isPartOf\":{\"@id\":\"https:\/\/militares.estrategia.com\/portal\/noticias\/colegio-naval-2024-chamada-para-inspecao-de-saude-e-avaliacao-psicologica\/\"},\"author\":{\"name\":\"Vanesca Soares\",\"@id\":\"https:\/\/militares.estrategia.com\/portal\/#\/schema\/person\/5cfd387108cd0cdefab7eea7a9735dcc\"},\"headline\":\"Col\u00e9gio Naval 2024: chamada para a Inspe\u00e7\u00e3o de Sa\u00fade e Avalia\u00e7\u00e3o Psicol\u00f3gica\",\"datePublished\":\"2023-09-29T18:03:26+00:00\",\"dateModified\":\"2023-09-29T18:03:33+00:00\",\"mainEntityOfPage\":{\"@id\":\"https:\/\/militares.estrategia.com\/portal\/noticias\/colegio-naval-2024-chamada-para-inspecao-de-saude-e-avaliacao-psicologica\/\"},\"wordCount\":205,\"publisher\":{\"@id\":\"https:\/\/militares.estrategia.com\/portal\/#organization\"},\"image\":{\"@id\":\"https:\/\/militares.estrategia.com\/portal\/noticias\/colegio-naval-2024-chamada-para-inspecao-de-saude-e-avaliacao-psicologica\/#primaryimage\"},\"thumbnailUrl\":\"https:\/\/militares.estrategia.com\/portal\/wp-content\/uploads\/2021\/08\/Capa-colegio-naval.jpg\",\"keywords\":[\"#marinhadobrasil\",\"2024\",\"carreiramilitar\",\"col\u00e9gio naval\",\"ConcursosMilitares\"],\"articleSection\":[\"Not\u00edcias\"],\"inLanguage\":\"pt-BR\"},{\"@type\":\"WebPage\",\"@id\":\"https:\/\/militares.estrategia.com\/portal\/noticias\/colegio-naval-2024-chamada-para-inspecao-de-saude-e-avaliacao-psicologica\/\",\"url\":\"https:\/\/militares.estrategia.com\/portal\/noticias\/colegio-naval-2024-chamada-para-inspecao-de-saude-e-avaliacao-psicologica\/\",\"name\":\"Estrat\u00e9gia Militares\",\"isPartOf\":{\"@id\":\"https:\/\/militares.estrategia.com\/portal\/#website\"},\"primaryImageOfPage\":{\"@id\":\"https:\/\/militares.estrategia.com\/portal\/noticias\/colegio-naval-2024-chamada-para-inspecao-de-saude-e-avaliacao-psicologica\/#primaryimage\"},\"image\":{\"@id\":\"https:\/\/militares.estrategia.com\/portal\/noticias\/colegio-naval-2024-chamada-para-inspecao-de-saude-e-avaliacao-psicologica\/#primaryimage\"},\"thumbnailUrl\":\"https:\/\/militares.estrategia.com\/portal\/wp-content\/uploads\/2021\/08\/Capa-colegio-naval.jpg\",\"datePublished\":\"2023-09-29T18:03:26+00:00\",\"dateModified\":\"2023-09-29T18:03:33+00:00\",\"description\":\"A Marinha do Brasil convocou os candidatos do Concurso Col\u00e9gio Naval 2024 para a realiza\u00e7\u00e3o da Inspe\u00e7\u00e3o de Sa\u00fade e Avalia\u00e7\u00e3o Psicol\u00f3gica.\",\"breadcrumb\":{\"@id\":\"https:\/\/militares.estrategia.com\/portal\/noticias\/colegio-naval-2024-chamada-para-inspecao-de-saude-e-avaliacao-psicologica\/#breadcrumb\"},\"inLanguage\":\"pt-BR\",\"potentialAction\":[{\"@type\":\"ReadAction\",\"target\":[\"https:\/\/militares.estrategia.com\/portal\/noticias\/colegio-naval-2024-chamada-para-inspecao-de-saude-e-avaliacao-psicologica\/\"]}]},{\"@type\":\"ImageObject\",\"inLanguage\":\"pt-BR\",\"@id\":\"https:\/\/militares.estrategia.com\/portal\/noticias\/colegio-naval-2024-chamada-para-inspecao-de-saude-e-avaliacao-psicologica\/#primaryimage\",\"url\":\"https:\/\/militares.estrategia.com\/portal\/wp-content\/uploads\/2021\/08\/Capa-colegio-naval.jpg\",\"contentUrl\":\"https:\/\/militares.estrategia.com\/portal\/wp-content\/uploads\/2021\/08\/Capa-colegio-naval.jpg\",\"width\":750,\"height\":420,\"caption\":\"col\u00e9gio naval\"},{\"@type\":\"BreadcrumbList\",\"@id\":\"https:\/\/militares.estrategia.com\/portal\/noticias\/colegio-naval-2024-chamada-para-inspecao-de-saude-e-avaliacao-psicologica\/#breadcrumb\",\"itemListElement\":[{\"@type\":\"ListItem\",\"position\":1,\"name\":\"Home\",\"item\":\"https:\/\/militares.estrategia.com\/portal\/\"},{\"@type\":\"ListItem\",\"position\":2,\"name\":\"Not\u00edcias\",\"item\":\"https:\/\/militares.estrategia.com\/portal\/noticias\/\"},{\"@type\":\"ListItem\",\"position\":3,\"name\":\"Col\u00e9gio Naval 2024: chamada para a Inspe\u00e7\u00e3o de Sa\u00fade e Avalia\u00e7\u00e3o Psicol\u00f3gica\"}]},{\"@type\":\"WebSite\",\"@id\":\"https:\/\/militares.estrategia.com\/portal\/#website\",\"url\":\"https:\/\/militares.estrategia.com\/portal\/\",\"name\":\"Estrat\u00e9gia Militares\",\"description\":\"\",\"publisher\":{\"@id\":\"https:\/\/militares.estrategia.com\/portal\/#organization\"},\"potentialAction\":[{\"@type\":\"SearchAction\",\"target\":{\"@type\":\"EntryPoint\",\"urlTemplate\":\"https:\/\/militares.estrategia.com\/portal\/?s={search_term_string}\"},\"query-input\":{\"@type\":\"PropertyValueSpecification\",\"valueRequired\":true,\"valueName\":\"search_term_string\"}}],\"inLanguage\":\"pt-BR\"},{\"@type\":\"Organization\",\"@id\":\"https:\/\/militares.estrategia.com\/portal\/#organization\",\"name\":\"Estrat\u00e9gia Militares\",\"url\":\"https:\/\/militares.estrategia.com\/portal\/\",\"logo\":{\"@type\":\"ImageObject\",\"inLanguage\":\"pt-BR\",\"@id\":\"https:\/\/militares.estrategia.com\/portal\/#\/schema\/logo\/image\/\",\"url\":\"https:\/\/militares.estrategia.com\/portal\/wp-content\/uploads\/2021\/10\/logo-militares.webp\",\"contentUrl\":\"https:\/\/militares.estrategia.com\/portal\/wp-content\/uploads\/2021\/10\/logo-militares.webp\",\"width\":346,\"height\":90,\"caption\":\"Estrat\u00e9gia Militares\"},\"image\":{\"@id\":\"https:\/\/militares.estrategia.com\/portal\/#\/schema\/logo\/image\/\"},\"sameAs\":[\"https:\/\/www.facebook.com\/EstrategiaMilitares\",\"https:\/\/x.com\/estrategiamilit\",\"https:\/\/www.instagram.com\/estrategiamilitares\/\",\"https:\/\/www.youtube.com\/channel\/UCRG_9hakCqXxnj_8TqCdgTA\"]},{\"@type\":\"Person\",\"@id\":\"https:\/\/militares.estrategia.com\/portal\/#\/schema\/person\/5cfd387108cd0cdefab7eea7a9735dcc\",\"name\":\"Vanesca Soares\",\"image\":{\"@type\":\"ImageObject\",\"inLanguage\":\"pt-BR\",\"@id\":\"https:\/\/militares.estrategia.com\/portal\/#\/schema\/person\/image\/\",\"url\":\"https:\/\/militares.estrategia.com\/portal\/wp-content\/uploads\/2021\/10\/FB_IMG_1634215702135-150x150.webp\",\"contentUrl\":\"https:\/\/militares.estrategia.com\/portal\/wp-content\/uploads\/2021\/10\/FB_IMG_1634215702135-150x150.webp\",\"caption\":\"Vanesca Soares\"},\"description\":\"Vanesca Soares foi Primeiro Tenente da Marinha do Brasil. Jornalista de forma\u00e7\u00e3o, ama todas as artes, principalmente a Literatura e o Cinema. Capaz de ficar em casa lendo um bom livro ao inv\u00e9s de ir para a balada, entende que ler \u00e9 uma grande viagem. Ama filmes hist\u00f3ricos, biografias, drama, thrillers, terror e tudo sobre os anos 1980. Principalmente a m\u00fasica!\",\"url\":\"https:\/\/militares.estrategia.com\/portal\/author\/vanesca-soares\/\"}]}<\/script>\n<!-- \/ Yoast SEO Premium plugin. -->","yoast_head_json":{"title":"Estrat\u00e9gia Militares","description":"A Marinha do Brasil convocou os candidatos do Concurso Col\u00e9gio Naval 2024 para a realiza\u00e7\u00e3o da Inspe\u00e7\u00e3o de Sa\u00fade e Avalia\u00e7\u00e3o Psicol\u00f3gica.","robots":{"index":"index","follow":"follow","max-snippet":"max-snippet:-1","max-image-preview":"max-image-preview:large","max-video-preview":"max-video-preview:-1"},"canonical":"https:\/\/militares.estrategia.com\/portal\/noticias\/colegio-naval-2024-chamada-para-inspecao-de-saude-e-avaliacao-psicologica\/","og_locale":"pt_BR","og_type":"article","og_title":"Col\u00e9gio Naval 2024: chamada para a Inspe\u00e7\u00e3o de Sa\u00fade e Avalia\u00e7\u00e3o Psicol\u00f3gica","og_description":"A Marinha do Brasil convocou os candidatos do Concurso Col\u00e9gio Naval 2024 para a realiza\u00e7\u00e3o da Inspe\u00e7\u00e3o de Sa\u00fade e Avalia\u00e7\u00e3o Psicol\u00f3gica.","og_url":"https:\/\/militares.estrategia.com\/portal\/noticias\/colegio-naval-2024-chamada-para-inspecao-de-saude-e-avaliacao-psicologica\/","og_site_name":"Estrat\u00e9gia Militares","article_publisher":"https:\/\/www.facebook.com\/EstrategiaMilitares","article_published_time":"2023-09-29T18:03:26+00:00","article_modified_time":"2023-09-29T18:03:33+00:00","og_image":[{"width":750,"height":420,"url":"https:\/\/cdn.blog.estrategiavestibulares.com.br\/vestibulares\/wp-content\/uploads\/2021\/08\/Capa-colegio-naval.jpg","type":"image\/jpeg"}],"author":"Vanesca Soares","twitter_card":"summary_large_image","twitter_creator":"@estrategiamilit","twitter_site":"@estrategiamilit","twitter_misc":{"Escrito por":"Vanesca Soares","Est. tempo de leitura":"1 minuto"},"schema":{"@context":"https:\/\/schema.org","@graph":[{"@type":"NewsArticle","@id":"https:\/\/militares.estrategia.com\/portal\/noticias\/colegio-naval-2024-chamada-para-inspecao-de-saude-e-avaliacao-psicologica\/#article","isPartOf":{"@id":"https:\/\/militares.estrategia.com\/portal\/noticias\/colegio-naval-2024-chamada-para-inspecao-de-saude-e-avaliacao-psicologica\/"},"author":{"name":"Vanesca Soares","@id":"https:\/\/militares.estrategia.com\/portal\/#\/schema\/person\/5cfd387108cd0cdefab7eea7a9735dcc"},"headline":"Col\u00e9gio Naval 2024: chamada para a Inspe\u00e7\u00e3o de Sa\u00fade e Avalia\u00e7\u00e3o Psicol\u00f3gica","datePublished":"2023-09-29T18:03:26+00:00","dateModified":"2023-09-29T18:03:33+00:00","mainEntityOfPage":{"@id":"https:\/\/militares.estrategia.com\/portal\/noticias\/colegio-naval-2024-chamada-para-inspecao-de-saude-e-avaliacao-psicologica\/"},"wordCount":205,"publisher":{"@id":"https:\/\/militares.estrategia.com\/portal\/#organization"},"image":{"@id":"https:\/\/militares.estrategia.com\/portal\/noticias\/colegio-naval-2024-chamada-para-inspecao-de-saude-e-avaliacao-psicologica\/#primaryimage"},"thumbnailUrl":"https:\/\/militares.estrategia.com\/portal\/wp-content\/uploads\/2021\/08\/Capa-colegio-naval.jpg","keywords":["#marinhadobrasil","2024","carreiramilitar","col\u00e9gio naval","ConcursosMilitares"],"articleSection":["Not\u00edcias"],"inLanguage":"pt-BR"},{"@type":"WebPage","@id":"https:\/\/militares.estrategia.com\/portal\/noticias\/colegio-naval-2024-chamada-para-inspecao-de-saude-e-avaliacao-psicologica\/","url":"https:\/\/militares.estrategia.com\/portal\/noticias\/colegio-naval-2024-chamada-para-inspecao-de-saude-e-avaliacao-psicologica\/","name":"Estrat\u00e9gia Militares","isPartOf":{"@id":"https:\/\/militares.estrategia.com\/portal\/#website"},"primaryImageOfPage":{"@id":"https:\/\/militares.estrategia.com\/portal\/noticias\/colegio-naval-2024-chamada-para-inspecao-de-saude-e-avaliacao-psicologica\/#primaryimage"},"image":{"@id":"https:\/\/militares.estrategia.com\/portal\/noticias\/colegio-naval-2024-chamada-para-inspecao-de-saude-e-avaliacao-psicologica\/#primaryimage"},"thumbnailUrl":"https:\/\/militares.estrategia.com\/portal\/wp-content\/uploads\/2021\/08\/Capa-colegio-naval.jpg","datePublished":"2023-09-29T18:03:26+00:00","dateModified":"2023-09-29T18:03:33+00:00","description":"A Marinha do Brasil convocou os candidatos do Concurso Col\u00e9gio Naval 2024 para a realiza\u00e7\u00e3o da Inspe\u00e7\u00e3o de Sa\u00fade e Avalia\u00e7\u00e3o Psicol\u00f3gica.","breadcrumb":{"@id":"https:\/\/militares.estrategia.com\/portal\/noticias\/colegio-naval-2024-chamada-para-inspecao-de-saude-e-avaliacao-psicologica\/#breadcrumb"},"inLanguage":"pt-BR","potentialAction":[{"@type":"ReadAction","target":["https:\/\/militares.estrategia.com\/portal\/noticias\/colegio-naval-2024-chamada-para-inspecao-de-saude-e-avaliacao-psicologica\/"]}]},{"@type":"ImageObject","inLanguage":"pt-BR","@id":"https:\/\/militares.estrategia.com\/portal\/noticias\/colegio-naval-2024-chamada-para-inspecao-de-saude-e-avaliacao-psicologica\/#primaryimage","url":"https:\/\/militares.estrategia.com\/portal\/wp-content\/uploads\/2021\/08\/Capa-colegio-naval.jpg","contentUrl":"https:\/\/militares.estrategia.com\/portal\/wp-content\/uploads\/2021\/08\/Capa-colegio-naval.jpg","width":750,"height":420,"caption":"col\u00e9gio naval"},{"@type":"BreadcrumbList","@id":"https:\/\/militares.estrategia.com\/portal\/noticias\/colegio-naval-2024-chamada-para-inspecao-de-saude-e-avaliacao-psicologica\/#breadcrumb","itemListElement":[{"@type":"ListItem","position":1,"name":"Home","item":"https:\/\/militares.estrategia.com\/portal\/"},{"@type":"ListItem","position":2,"name":"Not\u00edcias","item":"https:\/\/militares.estrategia.com\/portal\/noticias\/"},{"@type":"ListItem","position":3,"name":"Col\u00e9gio Naval 2024: chamada para a Inspe\u00e7\u00e3o de Sa\u00fade e Avalia\u00e7\u00e3o Psicol\u00f3gica"}]},{"@type":"WebSite","@id":"https:\/\/militares.estrategia.com\/portal\/#website","url":"https:\/\/militares.estrategia.com\/portal\/","name":"Estrat\u00e9gia Militares","description":"","publisher":{"@id":"https:\/\/militares.estrategia.com\/portal\/#organization"},"potentialAction":[{"@type":"SearchAction","target":{"@type":"EntryPoint","urlTemplate":"https:\/\/militares.estrategia.com\/portal\/?s={search_term_string}"},"query-input":{"@type":"PropertyValueSpecification","valueRequired":true,"valueName":"search_term_string"}}],"inLanguage":"pt-BR"},{"@type":"Organization","@id":"https:\/\/militares.estrategia.com\/portal\/#organization","name":"Estrat\u00e9gia Militares","url":"https:\/\/militares.estrategia.com\/portal\/","logo":{"@type":"ImageObject","inLanguage":"pt-BR","@id":"https:\/\/militares.estrategia.com\/portal\/#\/schema\/logo\/image\/","url":"https:\/\/militares.estrategia.com\/portal\/wp-content\/uploads\/2021\/10\/logo-militares.webp","contentUrl":"https:\/\/militares.estrategia.com\/portal\/wp-content\/uploads\/2021\/10\/logo-militares.webp","width":346,"height":90,"caption":"Estrat\u00e9gia Militares"},"image":{"@id":"https:\/\/militares.estrategia.com\/portal\/#\/schema\/logo\/image\/"},"sameAs":["https:\/\/www.facebook.com\/EstrategiaMilitares","https:\/\/x.com\/estrategiamilit","https:\/\/www.instagram.com\/estrategiamilitares\/","https:\/\/www.youtube.com\/channel\/UCRG_9hakCqXxnj_8TqCdgTA"]},{"@type":"Person","@id":"https:\/\/militares.estrategia.com\/portal\/#\/schema\/person\/5cfd387108cd0cdefab7eea7a9735dcc","name":"Vanesca Soares","image":{"@type":"ImageObject","inLanguage":"pt-BR","@id":"https:\/\/militares.estrategia.com\/portal\/#\/schema\/person\/image\/","url":"https:\/\/militares.estrategia.com\/portal\/wp-content\/uploads\/2021\/10\/FB_IMG_1634215702135-150x150.webp","contentUrl":"https:\/\/militares.estrategia.com\/portal\/wp-content\/uploads\/2021\/10\/FB_IMG_1634215702135-150x150.webp","caption":"Vanesca Soares"},"description":"Vanesca Soares foi Primeiro Tenente da Marinha do Brasil. Jornalista de forma\u00e7\u00e3o, ama todas as artes, principalmente a Literatura e o Cinema. Capaz de ficar em casa lendo um bom livro ao inv\u00e9s de ir para a balada, entende que ler \u00e9 uma grande viagem. Ama filmes hist\u00f3ricos, biografias, drama, thrillers, terror e tudo sobre os anos 1980. Principalmente a m\u00fasica!","url":"https:\/\/militares.estrategia.com\/portal\/author\/vanesca-soares\/"}]}},"_wl_alt_label":[],"wl:entity_url":"https:\/\/data.wordlift.io\/wl110246\/post\/colegio-naval-2024-chamada-para-a-inspecao-de-saude-70526","_links":{"self":[{"href":"https:\/\/militares.estrategia.com\/portal\/wp-json\/wp\/v2\/posts\/70526","targetHints":{"allow":["GET"]}}],"collection":[{"href":"https:\/\/militares.estrategia.com\/portal\/wp-json\/wp\/v2\/posts"}],"about":[{"href":"https:\/\/militares.estrategia.com\/portal\/wp-json\/wp\/v2\/types\/post"}],"author":[{"embeddable":true,"href":"https:\/\/militares.estrategia.com\/portal\/wp-json\/wp\/v2\/users\/58"}],"replies":[{"embeddable":true,"href":"https:\/\/militares.estrategia.com\/portal\/wp-json\/wp\/v2\/comments?post=70526"}],"version-history":[{"count":1,"href":"https:\/\/militares.estrategia.com\/portal\/wp-json\/wp\/v2\/posts\/70526\/revisions"}],"predecessor-version":[{"id":70529,"href":"https:\/\/militares.estrategia.com\/portal\/wp-json\/wp\/v2\/posts\/70526\/revisions\/70529"}],"wp:featuredmedia":[{"embeddable":true,"href":"https:\/\/militares.estrategia.com\/portal\/wp-json\/wp\/v2\/media\/46826"}],"wp:attachment":[{"href":"https:\/\/militares.estrategia.com\/portal\/wp-json\/wp\/v2\/media?parent=70526"}],"wp:term":[{"taxonomy":"category","embeddable":true,"href":"https:\/\/militares.estrategia.com\/portal\/wp-json\/wp\/v2\/categories?post=70526"},{"taxonomy":"post_tag","embeddable":true,"href":"https:\/\/militares.estrategia.com\/portal\/wp-json\/wp\/v2\/tags?post=70526"},{"taxonomy":"wl_entity_type","embeddable":true,"href":"https:\/\/militares.estrategia.com\/portal\/wp-json\/wp\/v2\/wl_entity_type?post=70526"}],"curies":[{"name":"wp","href":"https:\/\/api.w.org\/{rel}","templated":true}]}}