{"id":70477,"date":"2023-10-04T11:04:38","date_gmt":"2023-10-04T14:04:38","guid":{"rendered":"https:\/\/militares.estrategia.com\/portal\/?p=70477"},"modified":"2023-11-09T12:47:34","modified_gmt":"2023-11-09T15:47:34","slug":"gabarito-ita-2024","status":"publish","type":"post","link":"https:\/\/militares.estrategia.com\/portal\/eventos\/gabaritos\/gabarito-ita-2024\/","title":{"rendered":"Gabarito ITA 2024: confira a corre\u00e7\u00e3o da 2\u00aa fase e as provas oficiais!"},"content":{"rendered":"\n<p>A segunda fase do Concurso ITA 2024 acontece nos dias 7 e 8 de novembro e, como sempre, o Estrat\u00e9gia Militares fez a corre\u00e7\u00e3o ao vivo em nosso canal no YouTube, logo depois da aplica\u00e7\u00e3o! <\/p>\n\n\n\n<div id=\"ez-toc-container\" class=\"ez-toc-v2_0_79_2 counter-hierarchy ez-toc-counter ez-toc-transparent ez-toc-container-direction\">\n<div class=\"ez-toc-title-container\"><p class=\"ez-toc-title\" style=\"cursor:inherit\">Navegue pelo conte\u00fado\t<\/p>\n<\/div><nav><ul class='ez-toc-list ez-toc-list-level-1 ' ><li class='ez-toc-page-1 ez-toc-heading-level-2'><a class=\"ez-toc-link ez-toc-heading-1\" href=\"https:\/\/militares.estrategia.com\/portal\/eventos\/gabaritos\/gabarito-ita-2024\/#Gabarito-ITA-2024-%E2%80%93-2a-fase\" >Gabarito ITA 2024 &#8211; 2a fase<\/a><ul class='ez-toc-list-level-3' ><li class='ez-toc-heading-level-3'><a class=\"ez-toc-link ez-toc-heading-2\" href=\"https:\/\/militares.estrategia.com\/portal\/eventos\/gabaritos\/gabarito-ita-2024\/#1o-dia-0711\" >1o dia: 07\/11<\/a><\/li><li class='ez-toc-page-1 ez-toc-heading-level-3'><a class=\"ez-toc-link ez-toc-heading-3\" href=\"https:\/\/militares.estrategia.com\/portal\/eventos\/gabaritos\/gabarito-ita-2024\/#2o-dia-0811\" >2o dia: 08\/11<\/a><\/li><\/ul><\/li><li class='ez-toc-page-1 ez-toc-heading-level-2'><a class=\"ez-toc-link ez-toc-heading-4\" href=\"https:\/\/militares.estrategia.com\/portal\/eventos\/gabaritos\/gabarito-ita-2024\/#Gabarito-ITA-2024-%E2%80%93-1a-fase\" >Gabarito ITA 2024 &#8211; 1a fase<\/a><\/li><li class='ez-toc-page-1 ez-toc-heading-level-2'><a class=\"ez-toc-link ez-toc-heading-5\" href=\"https:\/\/militares.estrategia.com\/portal\/eventos\/gabaritos\/gabarito-ita-2024\/#Correcao-ao-vivo-no-YouTube\" >Corre\u00e7\u00e3o ao vivo no YouTube<\/a><\/li><li class='ez-toc-page-1 ez-toc-heading-level-2'><a class=\"ez-toc-link ez-toc-heading-6\" href=\"https:\/\/militares.estrategia.com\/portal\/eventos\/gabaritos\/gabarito-ita-2024\/#Como-e-a-1a-fase-da-Prova-ITA-2024\" >Como \u00e9 a 1a fase da Prova ITA 2024?<\/a><\/li><li class='ez-toc-page-1 ez-toc-heading-level-2'><a class=\"ez-toc-link ez-toc-heading-7\" href=\"https:\/\/militares.estrategia.com\/portal\/eventos\/gabaritos\/gabarito-ita-2024\/#Calendario-ITA-2024\" >Calend\u00e1rio ITA 2024<\/a><\/li><\/ul><\/nav><\/div>\n<h2 class=\"wp-block-heading\" id=\"h-gabarito-ita-2024-2-a-fase\"><span class=\"ez-toc-section\" id=\"Gabarito-ITA-2024-%E2%80%93-2a-fase\"><\/span>Gabarito ITA 2024 &#8211; 2<sup>a<\/sup> fase<span class=\"ez-toc-section-end\"><\/span><\/h2>\n\n\n\n<p>A prova da segunda fase do Concurso ITA 2024 \u00e9 feita de quest\u00f5es dissertativas. Voc\u00ea poder\u00e1 assistir ao vivo \u00e0 corre\u00e7\u00e3o das quest\u00f5es em nosso canal no YouTube. Confira: <\/p>\n\n\n\n<h3 class=\"wp-block-heading\" id=\"h-1o-dia-07-11\"><span class=\"ez-toc-section\" id=\"1o-dia-0711\"><\/span>1o dia: 07\/11<span class=\"ez-toc-section-end\"><\/span><\/h3>\n\n\n\n<figure class=\"wp-block-embed is-type-video is-provider-youtube wp-block-embed-youtube wp-embed-aspect-16-9 wp-has-aspect-ratio\"><div class=\"wp-block-embed__wrapper\">\n<div class=\"cs-embed cs-embed-responsive\"><iframe title=\"Gabarito ITA 2\u00aa fase - Matem\u00e1tica e Qu\u00edmica: corre\u00e7\u00e3o de prova ao vivo\" width=\"1200\" height=\"675\" src=\"https:\/\/www.youtube.com\/embed\/Wn2lFvgOZIA?feature=oembed\" frameborder=\"0\" allow=\"accelerometer; autoplay; clipboard-write; encrypted-media; gyroscope; picture-in-picture; web-share\" allowfullscreen><\/iframe><\/div>\n<\/div><\/figure>\n\n\n\n<div class=\"wp-block-buttons is-content-justification-center is-layout-flex wp-container-core-buttons-is-layout-1 wp-block-buttons-is-layout-flex\">\n<div class=\"wp-block-button is-style-outline is-style-outline--1\"><a class=\"wp-block-button__link has-electric-grass-gradient-background has-background wp-element-button\" href=\"https:\/\/militares.estrategia.com\/portal\/wp-content\/uploads\/2023\/11\/quimica_2024_2f.pdf\" style=\"border-radius:100px\" target=\"_blank\" >Prova qu\u00edmica &#8211; 2a fase<\/a><\/div>\n<\/div>\n\n\n\n<div class=\"wp-block-buttons is-content-justification-center is-layout-flex wp-container-core-buttons-is-layout-2 wp-block-buttons-is-layout-flex\">\n<div class=\"wp-block-button is-style-outline is-style-outline--2\"><a class=\"wp-block-button__link has-electric-grass-gradient-background has-background wp-element-button\" href=\"https:\/\/militares.estrategia.com\/portal\/wp-content\/uploads\/2023\/11\/matematica_2024_2f.pdf\" style=\"border-radius:100px\" target=\"_blank\" >prova matem\u00e1tica &#8211; 2a fase<\/a><\/div>\n<\/div>\n\n\n\n<h3 class=\"wp-block-heading\" id=\"h-2o-dia-08-11\"><span class=\"ez-toc-section\" id=\"2o-dia-0811\"><\/span>2o dia: 08\/11<span class=\"ez-toc-section-end\"><\/span><\/h3>\n\n\n\n<figure class=\"wp-block-embed is-type-video is-provider-youtube wp-block-embed-youtube wp-embed-aspect-16-9 wp-has-aspect-ratio\"><div class=\"wp-block-embed__wrapper\">\n<div class=\"cs-embed cs-embed-responsive\"><iframe title=\"Gabarito ITA 2\u00aa fase - F\u00edsica e Reda\u00e7\u00e3o: corre\u00e7\u00e3o de prova ao vivo\" width=\"1200\" height=\"675\" src=\"https:\/\/www.youtube.com\/embed\/LqdFdGyfPH8?feature=oembed\" frameborder=\"0\" allow=\"accelerometer; autoplay; clipboard-write; encrypted-media; gyroscope; picture-in-picture; web-share\" allowfullscreen><\/iframe><\/div>\n<\/div><\/figure>\n\n\n\n<div class=\"wp-block-buttons is-content-justification-center is-layout-flex wp-container-core-buttons-is-layout-3 wp-block-buttons-is-layout-flex\">\n<div class=\"wp-block-button is-style-outline is-style-outline--3\"><a class=\"wp-block-button__link has-electric-grass-gradient-background has-background wp-element-button\" href=\"https:\/\/militares.estrategia.com\/portal\/wp-content\/uploads\/2023\/11\/redacao_2024_2f.pdf\" style=\"border-radius:100px\" target=\"_blank\" >prova reda\u00e7\u00e3o &#8211; 2a fase<\/a><\/div>\n<\/div>\n\n\n\n<div class=\"wp-block-buttons is-content-justification-center is-layout-flex wp-container-core-buttons-is-layout-4 wp-block-buttons-is-layout-flex\">\n<div class=\"wp-block-button is-style-outline is-style-outline--4\"><a class=\"wp-block-button__link has-electric-grass-gradient-background has-background wp-element-button\" href=\"https:\/\/militares.estrategia.com\/portal\/wp-content\/uploads\/2023\/11\/fisica_2024_2f.pdf\" style=\"border-radius:100px\" target=\"_blank\" >prova f\u00edsica &#8211; 2a fase<\/a><\/div>\n<\/div>\n\n\n\n<h2 class=\"wp-block-heading\" id=\"h-gabarito-ita-2024-1-a-fase\"><span class=\"ez-toc-section\" id=\"Gabarito-ITA-2024-%E2%80%93-1a-fase\"><\/span>Gabarito ITA 2024 &#8211; 1<sup>a<\/sup> fase<span class=\"ez-toc-section-end\"><\/span><\/h2>\n\n\n\n<p>A primeira fase do Concurso ITA 2024 aconteceu no dia 8 de outubro. Os professores do Estrat\u00e9gia Militares tamb\u00e9m fizeram a corre\u00e7\u00e3o ao vivo e postaram as respostas objetivas simultaneamente neste portal. Veja o gabarito oficial da primeira fase e compare com a resposta dos professores. <\/p>\n\n\n\n<div class=\"wp-block-buttons is-content-justification-center is-layout-flex wp-container-core-buttons-is-layout-5 wp-block-buttons-is-layout-flex\">\n<div class=\"wp-block-button is-style-outline is-style-outline--5\"><a class=\"wp-block-button__link has-electric-grass-gradient-background has-background wp-element-button\" href=\"https:\/\/militares.estrategia.com\/portal\/wp-content\/uploads\/2023\/10\/gabarito_2024.pdf\" style=\"border-radius:100px\" target=\"_blank\" >gabarito ita &#8211; 1<sup>a<\/sup> fase<\/a><\/div>\n<\/div>\n\n\n\n<pre class=\"wp-block-verse has-electric-grass-gradient-background has-background\"><strong>Aten\u00e7\u00e3o! <\/strong>Quest\u00f5es marcadas com * s\u00e3o pass\u00edveis de recurso e as marcadas com X* tem possibilidade de anula\u00e7\u00e3o.<\/pre>\n\n\n\n<figure class=\"wp-block-table is-style-stripes\"><table class=\"has-electric-grass-gradient-background has-background has-fixed-layout\"><tbody><tr><td><strong>1-<\/strong> D<\/td><td><strong>13-<\/strong> E<\/td><td><strong>25-<\/strong> B<\/td><td><strong>37-<\/strong> B<\/td><td><strong>49-<\/strong> C<\/td><\/tr><tr><td><strong>2-<\/strong> D<\/td><td><strong>14-<\/strong> D<\/td><td><strong>26-<\/strong> B<\/td><td><strong>38-<\/strong> E<\/td><td><strong>50-<\/strong> C<\/td><\/tr><tr><td><strong>3-<\/strong> C<\/td><td><strong>15-<\/strong> D<\/td><td><strong>27-<\/strong> D<\/td><td><strong>39-<\/strong> A<\/td><td><strong>51-<\/strong> E<\/td><\/tr><tr><td><strong>4-<\/strong> B<\/td><td><strong>16-<\/strong> D<\/td><td><strong>28-<\/strong> C<\/td><td><strong>40-<\/strong> B<\/td><td><strong>52-<\/strong> E<\/td><\/tr><tr><td><strong>5-<\/strong> B<\/td><td><strong>17-<\/strong> B*<\/td><td><strong>29-<\/strong> E<\/td><td><strong>41-<\/strong> D<\/td><td><strong>53-<\/strong> C*<\/td><\/tr><tr><td><strong>6-<\/strong> B<\/td><td><strong>18-<\/strong> D*<\/td><td><strong>30-<\/strong> D<\/td><td><strong>42-<\/strong> C<\/td><td><strong>54-<\/strong> A<\/td><\/tr><tr><td><strong>7-<\/strong> E<\/td><td><strong>19-<\/strong> D<\/td><td><strong>31-<\/strong> E<\/td><td><strong>43-<\/strong> E<\/td><td><strong>55-<\/strong> A<\/td><\/tr><tr><td><strong>8-<\/strong> A<\/td><td><strong>20-<\/strong> C<\/td><td><strong>32-<\/strong> C<\/td><td><strong>44-<\/strong> D<\/td><td><strong>56-<\/strong> B<\/td><\/tr><tr><td><strong>9-<\/strong> E<\/td><td><strong>21-<\/strong> D<\/td><td><strong>33-<\/strong> D<\/td><td><strong>45-<\/strong> C<\/td><td><strong>57-<\/strong> C<\/td><\/tr><tr><td><strong>10-<\/strong> D<\/td><td><strong>22-<\/strong> D<\/td><td><strong>34-<\/strong> C<\/td><td><strong>46-<\/strong> D<\/td><td><strong>58-<\/strong> B<\/td><\/tr><tr><td><strong>11-<\/strong> C<\/td><td><strong>23-<\/strong> D<\/td><td><strong>35-<\/strong> A<\/td><td><strong>47- <\/strong>A<\/td><td><strong>59-<\/strong> D<\/td><\/tr><tr><td><strong>12-<\/strong> C<\/td><td><strong>24-<\/strong> C<\/td><td><strong>36-<\/strong> C<\/td><td><strong>48- <\/strong>C<\/td><td><strong>60-<\/strong> B<\/td><\/tr><\/tbody><\/table><\/figure>\n\n\n\n<div class=\"wp-block-buttons is-content-justification-center is-layout-flex wp-container-core-buttons-is-layout-6 wp-block-buttons-is-layout-flex\">\n<div class=\"wp-block-button is-style-outline is-style-outline--6\"><a class=\"wp-block-button__link has-electric-grass-gradient-background has-background wp-element-button\" href=\"https:\/\/militares.estrategia.com\/portal\/wp-content\/uploads\/2023\/10\/2024_fase1-ITA.pdf\" style=\"border-radius:100px\" target=\"_blank\" >pROVA 1A FASE<\/a><\/div>\n<\/div>\n\n\n\n<h2 class=\"wp-block-heading\"><span class=\"ez-toc-section\" id=\"Correcao-ao-vivo-no-YouTube\"><\/span>Corre\u00e7\u00e3o ao vivo no YouTube<span class=\"ez-toc-section-end\"><\/span><\/h2>\n\n\n\n<p>Voc\u00ea pode acompanhar a resolu\u00e7\u00e3o passo a passo o Gabarito ITA 2024 &#8211; 1<sup>a<\/sup> fase em&nbsp;<a href=\"https:\/\/www.youtube.com\/c\/Estrat%C3%A9giaMilitar\" target=\"_blank\" >nosso canal no YouTube.<\/a>&nbsp;O v\u00eddeo tamb\u00e9m ser\u00e1 disponibilizado nesta p\u00e1gina, no dia da corre\u00e7\u00e3o!&nbsp;<\/p>\n\n\n\n<p>Al\u00e9m disso, os professores tamb\u00e9m disponibilizam a corre\u00e7\u00e3o passo a passo em PDF e os pedidos de recurso poss\u00edveis. Voc\u00ea poder\u00e1 baixar todos nesta p\u00e1gina do Portal.<\/p>\n\n\n\n<figure class=\"wp-block-embed is-type-video is-provider-youtube wp-block-embed-youtube wp-embed-aspect-16-9 wp-has-aspect-ratio\"><div class=\"wp-block-embed__wrapper\">\n<div class=\"cs-embed cs-embed-responsive\"><iframe title=\"GABARITO ITA 2023 \/ 2024 - 1\u00aa Fase: CORRE\u00c7\u00c3O DE PROVA AO VIVO\" width=\"1200\" height=\"675\" src=\"https:\/\/www.youtube.com\/embed\/GctdNMQNioU?feature=oembed\" frameborder=\"0\" allow=\"accelerometer; autoplay; clipboard-write; encrypted-media; gyroscope; picture-in-picture; web-share\" allowfullscreen><\/iframe><\/div>\n<\/div><\/figure>\n\n\n\n<h2 class=\"wp-block-heading\"><span class=\"ez-toc-section\" id=\"Como-e-a-1a-fase-da-Prova-ITA-2024\"><\/span>Como \u00e9 a 1<sup>a <\/sup>fase da Prova ITA 2024?<span class=\"ez-toc-section-end\"><\/span><\/h2>\n\n\n\n<p><strong>A prova do ITA nesta fase \u00e9 de alternativas<\/strong>, acontece em um dia e conta com 5 disciplinas diferentes. A prova tem 60 quest\u00f5es objetivas, sendo que cada disciplina conta com 12 quest\u00f5es de cada mat\u00e9ria.<\/p>\n\n\n\n<ul class=\"wp-block-list\">\n<li>Matem\u00e1tica;<\/li>\n\n\n\n<li>Qu\u00edmica;<\/li>\n\n\n\n<li>F\u00edsica;<\/li>\n\n\n\n<li>Portugu\u00eas; e<\/li>\n\n\n\n<li>Ingl\u00eas.<\/li>\n<\/ul>\n\n\n\n<h2 class=\"wp-block-heading\"><span class=\"ez-toc-section\" id=\"Calendario-ITA-2024\"><\/span>Calend\u00e1rio ITA 2024<span class=\"ez-toc-section-end\"><\/span><\/h2>\n\n\n\n<p>Fique atento \u00e0s pr\u00f3ximas etapas do Concurso ITA 2024: <\/p>\n\n\n\n<ul class=\"wp-block-list\">\n<li><strong>Exame de Escolaridade \u2013 1<sup>a<\/sup>&nbsp;Fase:<\/strong>&nbsp;08\/10\/2023;<\/li>\n\n\n\n<li><strong>Convocados para 2<sup>a<\/sup>&nbsp;fase:<\/strong>&nbsp;27\/10\/2023;<\/li>\n\n\n\n<li><strong>Prova de Matem\u00e1tica e Qu\u00edmica \u2013 2<sup>a<\/sup>&nbsp;fase:<\/strong>&nbsp;07\/11\/2023;<\/li>\n\n\n\n<li><strong>Prova de F\u00edsica e Reda\u00e7\u00e3o \u2013 2<sup>a<\/sup>&nbsp;fase:&nbsp;<\/strong>08\/11\/2023;<\/li>\n\n\n\n<li><strong>Rela\u00e7\u00e3o dos Candidatos Classificados para a 3\u00aa Fase:&nbsp;<\/strong>19\/12\/2023;<\/li>\n\n\n\n<li><strong>Inspe\u00e7\u00e3o de Sa\u00fade:&nbsp;<\/strong>08 a 12\/01\/2024;<\/li>\n\n\n\n<li><strong>1\u00aa Comiss\u00e3o de Heteroidentifica\u00e7\u00e3o:<\/strong>&nbsp;08\/01\/2024;<\/li>\n\n\n\n<li><strong>Resultado Final:<\/strong>&nbsp;26\/01\/2024;<\/li>\n\n\n\n<li><strong>Matr\u00edcula:&nbsp;<\/strong>30\/01\/2024.<\/li>\n<\/ul>\n\n\n\n<p>Para mais informa\u00e7\u00f5es sobre os concursos das&nbsp;<a href=\"https:\/\/militares.estrategia.com\/portal\/entidade\/forcas-armadas-2\/\">For\u00e7as Armadas<\/a>&nbsp;e sobre o ITA, acompanhe o Portal Estrat\u00e9gia Militares! Al\u00e9m disso, n\u00e3o deixe de visitar nossa plataforma e conhecer nossos cursos on-line preparat\u00f3rios.<\/p>\n\n\n\n\n\n<p><\/p>\n","protected":false},"excerpt":{"rendered":"A segunda fase do Concurso ITA 2024 acontece nos dias 7 e 8 de novembro e, como sempre,&hellip;\n","protected":false},"author":9,"featured_media":48546,"comment_status":"closed","ping_status":"closed","sticky":false,"template":"","format":"standard","meta":{"wl_entities_gutenberg":"","footnotes":""},"categories":[245],"tags":[],"wl_entity_type":[187],"class_list":{"0":"post-70477","1":"post","2":"type-post","3":"status-publish","4":"format-standard","5":"has-post-thumbnail","7":"category-gabaritos","8":"wl_entity_type-article"},"acf":[],"yoast_head":"<!-- This site is optimized with the Yoast SEO Premium plugin v26.6 (Yoast SEO v26.6) - https:\/\/yoast.com\/wordpress\/plugins\/seo\/ -->\n<title>Gabarito ITA 2024: confira a corre\u00e7\u00e3o da 2\u00aa fase e as provas oficiais!<\/title>\n<meta name=\"description\" content=\"Confira a corre\u00e7\u00e3o ao vivo do Gabarito ITA 2024 e as respostas dos professores no dia 8 de outubro de 2023!\" \/>\n<meta name=\"robots\" content=\"index, follow, max-snippet:-1, max-image-preview:large, max-video-preview:-1\" \/>\n<link rel=\"canonical\" href=\"https:\/\/militares.estrategia.com\/portal\/eventos\/gabaritos\/gabarito-ita-2024\/\" \/>\n<meta property=\"og:locale\" content=\"pt_BR\" \/>\n<meta property=\"og:type\" content=\"article\" \/>\n<meta property=\"og:title\" content=\"Gabarito ITA 2024: confira a corre\u00e7\u00e3o da 2\u00aa fase e as provas oficiais!\" \/>\n<meta property=\"og:description\" content=\"Confira a corre\u00e7\u00e3o ao vivo do Gabarito ITA 2024 e as respostas dos professores no dia 8 de outubro de 2023!\" \/>\n<meta property=\"og:url\" content=\"https:\/\/militares.estrategia.com\/portal\/eventos\/gabaritos\/gabarito-ita-2024\/\" \/>\n<meta property=\"og:site_name\" content=\"Estrat\u00e9gia Militares\" \/>\n<meta property=\"article:publisher\" content=\"https:\/\/www.facebook.com\/EstrategiaMilitares\" \/>\n<meta property=\"article:published_time\" content=\"2023-10-04T14:04:38+00:00\" \/>\n<meta property=\"article:modified_time\" content=\"2023-11-09T15:47:34+00:00\" \/>\n<meta property=\"og:image\" content=\"https:\/\/militares.estrategia.com\/portal\/wp-content\/uploads\/2021\/10\/EM_CapaBlog_Gab.ITA_.jpg\" \/>\n\t<meta property=\"og:image:width\" content=\"750\" \/>\n\t<meta property=\"og:image:height\" content=\"420\" \/>\n\t<meta property=\"og:image:type\" content=\"image\/jpeg\" \/>\n<meta name=\"author\" content=\"Raquel Oshio\" \/>\n<meta name=\"twitter:card\" content=\"summary_large_image\" \/>\n<meta name=\"twitter:creator\" content=\"@estrategiamilit\" \/>\n<meta name=\"twitter:site\" content=\"@estrategiamilit\" \/>\n<meta name=\"twitter:label1\" content=\"Escrito por\" \/>\n\t<meta name=\"twitter:data1\" content=\"Raquel Oshio\" \/>\n\t<meta name=\"twitter:label2\" content=\"Est. tempo de leitura\" \/>\n\t<meta name=\"twitter:data2\" content=\"3 minutos\" \/>\n<script type=\"application\/ld+json\" class=\"yoast-schema-graph\">{\"@context\":\"https:\/\/schema.org\",\"@graph\":[{\"@type\":\"Article\",\"@id\":\"https:\/\/militares.estrategia.com\/portal\/eventos\/gabaritos\/gabarito-ita-2024\/#article\",\"isPartOf\":{\"@id\":\"https:\/\/militares.estrategia.com\/portal\/eventos\/gabaritos\/gabarito-ita-2024\/\"},\"author\":{\"name\":\"Raquel Oshio\",\"@id\":\"https:\/\/militares.estrategia.com\/portal\/#\/schema\/person\/46e1f54d690b6a851270112cd62d2f37\"},\"headline\":\"Gabarito ITA 2024: confira a corre\u00e7\u00e3o da 2\u00aa fase e as provas oficiais!\",\"datePublished\":\"2023-10-04T14:04:38+00:00\",\"dateModified\":\"2023-11-09T15:47:34+00:00\",\"mainEntityOfPage\":{\"@id\":\"https:\/\/militares.estrategia.com\/portal\/eventos\/gabaritos\/gabarito-ita-2024\/\"},\"wordCount\":555,\"publisher\":{\"@id\":\"https:\/\/militares.estrategia.com\/portal\/#organization\"},\"image\":{\"@id\":\"https:\/\/militares.estrategia.com\/portal\/eventos\/gabaritos\/gabarito-ita-2024\/#primaryimage\"},\"thumbnailUrl\":\"https:\/\/militares.estrategia.com\/portal\/wp-content\/uploads\/2021\/10\/EM_CapaBlog_Gab.ITA_.jpg\",\"articleSection\":[\"Gabaritos\"],\"inLanguage\":\"pt-BR\"},{\"@type\":\"WebPage\",\"@id\":\"https:\/\/militares.estrategia.com\/portal\/eventos\/gabaritos\/gabarito-ita-2024\/\",\"url\":\"https:\/\/militares.estrategia.com\/portal\/eventos\/gabaritos\/gabarito-ita-2024\/\",\"name\":\"Gabarito ITA 2024: confira a corre\u00e7\u00e3o da 2\u00aa fase e as provas oficiais!\",\"isPartOf\":{\"@id\":\"https:\/\/militares.estrategia.com\/portal\/#website\"},\"primaryImageOfPage\":{\"@id\":\"https:\/\/militares.estrategia.com\/portal\/eventos\/gabaritos\/gabarito-ita-2024\/#primaryimage\"},\"image\":{\"@id\":\"https:\/\/militares.estrategia.com\/portal\/eventos\/gabaritos\/gabarito-ita-2024\/#primaryimage\"},\"thumbnailUrl\":\"https:\/\/militares.estrategia.com\/portal\/wp-content\/uploads\/2021\/10\/EM_CapaBlog_Gab.ITA_.jpg\",\"datePublished\":\"2023-10-04T14:04:38+00:00\",\"dateModified\":\"2023-11-09T15:47:34+00:00\",\"description\":\"Confira a corre\u00e7\u00e3o ao vivo do Gabarito ITA 2024 e as respostas dos professores no dia 8 de outubro de 2023!\",\"breadcrumb\":{\"@id\":\"https:\/\/militares.estrategia.com\/portal\/eventos\/gabaritos\/gabarito-ita-2024\/#breadcrumb\"},\"inLanguage\":\"pt-BR\",\"potentialAction\":[{\"@type\":\"ReadAction\",\"target\":[\"https:\/\/militares.estrategia.com\/portal\/eventos\/gabaritos\/gabarito-ita-2024\/\"]}]},{\"@type\":\"ImageObject\",\"inLanguage\":\"pt-BR\",\"@id\":\"https:\/\/militares.estrategia.com\/portal\/eventos\/gabaritos\/gabarito-ita-2024\/#primaryimage\",\"url\":\"https:\/\/militares.estrategia.com\/portal\/wp-content\/uploads\/2021\/10\/EM_CapaBlog_Gab.ITA_.jpg\",\"contentUrl\":\"https:\/\/militares.estrategia.com\/portal\/wp-content\/uploads\/2021\/10\/EM_CapaBlog_Gab.ITA_.jpg\",\"width\":750,\"height\":420,\"caption\":\"Gabarito ITA\"},{\"@type\":\"BreadcrumbList\",\"@id\":\"https:\/\/militares.estrategia.com\/portal\/eventos\/gabaritos\/gabarito-ita-2024\/#breadcrumb\",\"itemListElement\":[{\"@type\":\"ListItem\",\"position\":1,\"name\":\"Home\",\"item\":\"https:\/\/militares.estrategia.com\/portal\/\"},{\"@type\":\"ListItem\",\"position\":2,\"name\":\"Eventos\",\"item\":\"https:\/\/militares.estrategia.com\/portal\/eventos\/\"},{\"@type\":\"ListItem\",\"position\":3,\"name\":\"Gabaritos\",\"item\":\"https:\/\/militares.estrategia.com\/portal\/eventos\/gabaritos\/\"},{\"@type\":\"ListItem\",\"position\":4,\"name\":\"Gabarito ITA 2024: confira a corre\u00e7\u00e3o da 2\u00aa fase e as provas oficiais!\"}]},{\"@type\":\"WebSite\",\"@id\":\"https:\/\/militares.estrategia.com\/portal\/#website\",\"url\":\"https:\/\/militares.estrategia.com\/portal\/\",\"name\":\"Estrat\u00e9gia Militares\",\"description\":\"\",\"publisher\":{\"@id\":\"https:\/\/militares.estrategia.com\/portal\/#organization\"},\"potentialAction\":[{\"@type\":\"SearchAction\",\"target\":{\"@type\":\"EntryPoint\",\"urlTemplate\":\"https:\/\/militares.estrategia.com\/portal\/?s={search_term_string}\"},\"query-input\":{\"@type\":\"PropertyValueSpecification\",\"valueRequired\":true,\"valueName\":\"search_term_string\"}}],\"inLanguage\":\"pt-BR\"},{\"@type\":\"Organization\",\"@id\":\"https:\/\/militares.estrategia.com\/portal\/#organization\",\"name\":\"Estrat\u00e9gia Militares\",\"url\":\"https:\/\/militares.estrategia.com\/portal\/\",\"logo\":{\"@type\":\"ImageObject\",\"inLanguage\":\"pt-BR\",\"@id\":\"https:\/\/militares.estrategia.com\/portal\/#\/schema\/logo\/image\/\",\"url\":\"https:\/\/militares.estrategia.com\/portal\/wp-content\/uploads\/2021\/10\/logo-militares.webp\",\"contentUrl\":\"https:\/\/militares.estrategia.com\/portal\/wp-content\/uploads\/2021\/10\/logo-militares.webp\",\"width\":346,\"height\":90,\"caption\":\"Estrat\u00e9gia Militares\"},\"image\":{\"@id\":\"https:\/\/militares.estrategia.com\/portal\/#\/schema\/logo\/image\/\"},\"sameAs\":[\"https:\/\/www.facebook.com\/EstrategiaMilitares\",\"https:\/\/x.com\/estrategiamilit\",\"https:\/\/www.instagram.com\/estrategiamilitares\/\",\"https:\/\/www.youtube.com\/channel\/UCRG_9hakCqXxnj_8TqCdgTA\"]},{\"@type\":\"Person\",\"@id\":\"https:\/\/militares.estrategia.com\/portal\/#\/schema\/person\/46e1f54d690b6a851270112cd62d2f37\",\"name\":\"Raquel Oshio\",\"image\":{\"@type\":\"ImageObject\",\"inLanguage\":\"pt-BR\",\"@id\":\"https:\/\/militares.estrategia.com\/portal\/#\/schema\/person\/image\/\",\"url\":\"https:\/\/secure.gravatar.com\/avatar\/fa4e62d5e59d9cf9995ea9c715a78807?s=96&d=mm&r=g\",\"contentUrl\":\"https:\/\/secure.gravatar.com\/avatar\/fa4e62d5e59d9cf9995ea9c715a78807?s=96&d=mm&r=g\",\"caption\":\"Raquel Oshio\"},\"description\":\"Raquel Kie \u00e9 amante de hist\u00f3rias e ca\u00e7adora de belezas escondidas. Jornalista de profiss\u00e3o e cora\u00e7\u00e3o. Desenhista e escritora de fic\u00e7\u00e3o nas horas vagas. Acredito no potencial transformador de todo trabalho feito com dedica\u00e7\u00e3o.\",\"url\":\"https:\/\/militares.estrategia.com\/portal\/author\/raqueloshio\/\"}]}<\/script>\n<!-- \/ Yoast SEO Premium plugin. -->","yoast_head_json":{"title":"Gabarito ITA 2024: confira a corre\u00e7\u00e3o da 2\u00aa fase e as provas oficiais!","description":"Confira a corre\u00e7\u00e3o ao vivo do Gabarito ITA 2024 e as respostas dos professores no dia 8 de outubro de 2023!","robots":{"index":"index","follow":"follow","max-snippet":"max-snippet:-1","max-image-preview":"max-image-preview:large","max-video-preview":"max-video-preview:-1"},"canonical":"https:\/\/militares.estrategia.com\/portal\/eventos\/gabaritos\/gabarito-ita-2024\/","og_locale":"pt_BR","og_type":"article","og_title":"Gabarito ITA 2024: confira a corre\u00e7\u00e3o da 2\u00aa fase e as provas oficiais!","og_description":"Confira a corre\u00e7\u00e3o ao vivo do Gabarito ITA 2024 e as respostas dos professores no dia 8 de outubro de 2023!","og_url":"https:\/\/militares.estrategia.com\/portal\/eventos\/gabaritos\/gabarito-ita-2024\/","og_site_name":"Estrat\u00e9gia Militares","article_publisher":"https:\/\/www.facebook.com\/EstrategiaMilitares","article_published_time":"2023-10-04T14:04:38+00:00","article_modified_time":"2023-11-09T15:47:34+00:00","og_image":[{"width":750,"height":420,"url":"https:\/\/militares.estrategia.com\/portal\/wp-content\/uploads\/2021\/10\/EM_CapaBlog_Gab.ITA_.jpg","type":"image\/jpeg"}],"author":"Raquel Oshio","twitter_card":"summary_large_image","twitter_creator":"@estrategiamilit","twitter_site":"@estrategiamilit","twitter_misc":{"Escrito por":"Raquel Oshio","Est. tempo de leitura":"3 minutos"},"schema":{"@context":"https:\/\/schema.org","@graph":[{"@type":"Article","@id":"https:\/\/militares.estrategia.com\/portal\/eventos\/gabaritos\/gabarito-ita-2024\/#article","isPartOf":{"@id":"https:\/\/militares.estrategia.com\/portal\/eventos\/gabaritos\/gabarito-ita-2024\/"},"author":{"name":"Raquel Oshio","@id":"https:\/\/militares.estrategia.com\/portal\/#\/schema\/person\/46e1f54d690b6a851270112cd62d2f37"},"headline":"Gabarito ITA 2024: confira a corre\u00e7\u00e3o da 2\u00aa fase e as provas oficiais!","datePublished":"2023-10-04T14:04:38+00:00","dateModified":"2023-11-09T15:47:34+00:00","mainEntityOfPage":{"@id":"https:\/\/militares.estrategia.com\/portal\/eventos\/gabaritos\/gabarito-ita-2024\/"},"wordCount":555,"publisher":{"@id":"https:\/\/militares.estrategia.com\/portal\/#organization"},"image":{"@id":"https:\/\/militares.estrategia.com\/portal\/eventos\/gabaritos\/gabarito-ita-2024\/#primaryimage"},"thumbnailUrl":"https:\/\/militares.estrategia.com\/portal\/wp-content\/uploads\/2021\/10\/EM_CapaBlog_Gab.ITA_.jpg","articleSection":["Gabaritos"],"inLanguage":"pt-BR"},{"@type":"WebPage","@id":"https:\/\/militares.estrategia.com\/portal\/eventos\/gabaritos\/gabarito-ita-2024\/","url":"https:\/\/militares.estrategia.com\/portal\/eventos\/gabaritos\/gabarito-ita-2024\/","name":"Gabarito ITA 2024: confira a corre\u00e7\u00e3o da 2\u00aa fase e as provas oficiais!","isPartOf":{"@id":"https:\/\/militares.estrategia.com\/portal\/#website"},"primaryImageOfPage":{"@id":"https:\/\/militares.estrategia.com\/portal\/eventos\/gabaritos\/gabarito-ita-2024\/#primaryimage"},"image":{"@id":"https:\/\/militares.estrategia.com\/portal\/eventos\/gabaritos\/gabarito-ita-2024\/#primaryimage"},"thumbnailUrl":"https:\/\/militares.estrategia.com\/portal\/wp-content\/uploads\/2021\/10\/EM_CapaBlog_Gab.ITA_.jpg","datePublished":"2023-10-04T14:04:38+00:00","dateModified":"2023-11-09T15:47:34+00:00","description":"Confira a corre\u00e7\u00e3o ao vivo do Gabarito ITA 2024 e as respostas dos professores no dia 8 de outubro de 2023!","breadcrumb":{"@id":"https:\/\/militares.estrategia.com\/portal\/eventos\/gabaritos\/gabarito-ita-2024\/#breadcrumb"},"inLanguage":"pt-BR","potentialAction":[{"@type":"ReadAction","target":["https:\/\/militares.estrategia.com\/portal\/eventos\/gabaritos\/gabarito-ita-2024\/"]}]},{"@type":"ImageObject","inLanguage":"pt-BR","@id":"https:\/\/militares.estrategia.com\/portal\/eventos\/gabaritos\/gabarito-ita-2024\/#primaryimage","url":"https:\/\/militares.estrategia.com\/portal\/wp-content\/uploads\/2021\/10\/EM_CapaBlog_Gab.ITA_.jpg","contentUrl":"https:\/\/militares.estrategia.com\/portal\/wp-content\/uploads\/2021\/10\/EM_CapaBlog_Gab.ITA_.jpg","width":750,"height":420,"caption":"Gabarito ITA"},{"@type":"BreadcrumbList","@id":"https:\/\/militares.estrategia.com\/portal\/eventos\/gabaritos\/gabarito-ita-2024\/#breadcrumb","itemListElement":[{"@type":"ListItem","position":1,"name":"Home","item":"https:\/\/militares.estrategia.com\/portal\/"},{"@type":"ListItem","position":2,"name":"Eventos","item":"https:\/\/militares.estrategia.com\/portal\/eventos\/"},{"@type":"ListItem","position":3,"name":"Gabaritos","item":"https:\/\/militares.estrategia.com\/portal\/eventos\/gabaritos\/"},{"@type":"ListItem","position":4,"name":"Gabarito ITA 2024: confira a corre\u00e7\u00e3o da 2\u00aa fase e as provas oficiais!"}]},{"@type":"WebSite","@id":"https:\/\/militares.estrategia.com\/portal\/#website","url":"https:\/\/militares.estrategia.com\/portal\/","name":"Estrat\u00e9gia Militares","description":"","publisher":{"@id":"https:\/\/militares.estrategia.com\/portal\/#organization"},"potentialAction":[{"@type":"SearchAction","target":{"@type":"EntryPoint","urlTemplate":"https:\/\/militares.estrategia.com\/portal\/?s={search_term_string}"},"query-input":{"@type":"PropertyValueSpecification","valueRequired":true,"valueName":"search_term_string"}}],"inLanguage":"pt-BR"},{"@type":"Organization","@id":"https:\/\/militares.estrategia.com\/portal\/#organization","name":"Estrat\u00e9gia Militares","url":"https:\/\/militares.estrategia.com\/portal\/","logo":{"@type":"ImageObject","inLanguage":"pt-BR","@id":"https:\/\/militares.estrategia.com\/portal\/#\/schema\/logo\/image\/","url":"https:\/\/militares.estrategia.com\/portal\/wp-content\/uploads\/2021\/10\/logo-militares.webp","contentUrl":"https:\/\/militares.estrategia.com\/portal\/wp-content\/uploads\/2021\/10\/logo-militares.webp","width":346,"height":90,"caption":"Estrat\u00e9gia Militares"},"image":{"@id":"https:\/\/militares.estrategia.com\/portal\/#\/schema\/logo\/image\/"},"sameAs":["https:\/\/www.facebook.com\/EstrategiaMilitares","https:\/\/x.com\/estrategiamilit","https:\/\/www.instagram.com\/estrategiamilitares\/","https:\/\/www.youtube.com\/channel\/UCRG_9hakCqXxnj_8TqCdgTA"]},{"@type":"Person","@id":"https:\/\/militares.estrategia.com\/portal\/#\/schema\/person\/46e1f54d690b6a851270112cd62d2f37","name":"Raquel Oshio","image":{"@type":"ImageObject","inLanguage":"pt-BR","@id":"https:\/\/militares.estrategia.com\/portal\/#\/schema\/person\/image\/","url":"https:\/\/secure.gravatar.com\/avatar\/fa4e62d5e59d9cf9995ea9c715a78807?s=96&d=mm&r=g","contentUrl":"https:\/\/secure.gravatar.com\/avatar\/fa4e62d5e59d9cf9995ea9c715a78807?s=96&d=mm&r=g","caption":"Raquel Oshio"},"description":"Raquel Kie \u00e9 amante de hist\u00f3rias e ca\u00e7adora de belezas escondidas. Jornalista de profiss\u00e3o e cora\u00e7\u00e3o. Desenhista e escritora de fic\u00e7\u00e3o nas horas vagas. Acredito no potencial transformador de todo trabalho feito com dedica\u00e7\u00e3o.","url":"https:\/\/militares.estrategia.com\/portal\/author\/raqueloshio\/"}]}},"_wl_alt_label":[],"wl:entity_url":"https:\/\/data.wordlift.io\/wl110246\/post\/gabarito-70477","_links":{"self":[{"href":"https:\/\/militares.estrategia.com\/portal\/wp-json\/wp\/v2\/posts\/70477","targetHints":{"allow":["GET"]}}],"collection":[{"href":"https:\/\/militares.estrategia.com\/portal\/wp-json\/wp\/v2\/posts"}],"about":[{"href":"https:\/\/militares.estrategia.com\/portal\/wp-json\/wp\/v2\/types\/post"}],"author":[{"embeddable":true,"href":"https:\/\/militares.estrategia.com\/portal\/wp-json\/wp\/v2\/users\/9"}],"replies":[{"embeddable":true,"href":"https:\/\/militares.estrategia.com\/portal\/wp-json\/wp\/v2\/comments?post=70477"}],"version-history":[{"count":39,"href":"https:\/\/militares.estrategia.com\/portal\/wp-json\/wp\/v2\/posts\/70477\/revisions"}],"predecessor-version":[{"id":71312,"href":"https:\/\/militares.estrategia.com\/portal\/wp-json\/wp\/v2\/posts\/70477\/revisions\/71312"}],"wp:featuredmedia":[{"embeddable":true,"href":"https:\/\/militares.estrategia.com\/portal\/wp-json\/wp\/v2\/media\/48546"}],"wp:attachment":[{"href":"https:\/\/militares.estrategia.com\/portal\/wp-json\/wp\/v2\/media?parent=70477"}],"wp:term":[{"taxonomy":"category","embeddable":true,"href":"https:\/\/militares.estrategia.com\/portal\/wp-json\/wp\/v2\/categories?post=70477"},{"taxonomy":"post_tag","embeddable":true,"href":"https:\/\/militares.estrategia.com\/portal\/wp-json\/wp\/v2\/tags?post=70477"},{"taxonomy":"wl_entity_type","embeddable":true,"href":"https:\/\/militares.estrategia.com\/portal\/wp-json\/wp\/v2\/wl_entity_type?post=70477"}],"curies":[{"name":"wp","href":"https:\/\/api.w.org\/{rel}","templated":true}]}}