{"id":69869,"date":"2023-08-25T08:00:00","date_gmt":"2023-08-25T11:00:00","guid":{"rendered":"https:\/\/militares.estrategia.com\/portal\/?p=69869"},"modified":"2023-12-29T14:59:39","modified_gmt":"2023-12-29T17:59:39","slug":"focos-de-tensao-o-genocidio-de-ruanda-e-o-apartheid-na-africa-do-sul","status":"publish","type":"post","link":"https:\/\/militares.estrategia.com\/portal\/materias-e-dicas\/geografia\/focos-de-tensao-o-genocidio-de-ruanda-e-o-apartheid-na-africa-do-sul\/","title":{"rendered":"Focos de tens\u00e3o: o genoc\u00eddio de Ruanda e o apartheid na \u00c1frica do Sul"},"content":{"rendered":"\n<p>Ruanda foi palco do maior genoc\u00eddio da d\u00e9cada de 1990, e um dos maiores e mais r\u00e1pidos do mundo. Na \u00c1frica do Sul, o <em>apartheid<\/em> provocou diversas rupturas na sociedade. Confira nesse artigo, que o <strong>Estrat\u00e9gia Militares<\/strong> preparou para voc\u00ea, mais informa\u00e7\u00f5es desses pa\u00edses.<\/p>\n\n\n\n<p>A regi\u00e3o dos Grandes Lagos, localizada na parte central do continente, era habitada h\u00e1 s\u00e9culos por pigmeus e hutus, povo Bantu da Bacia do Rio Congo. <strong>No s\u00e9culo XV, o povo tutsi, invadiu o local e imp\u00f4s seu dom\u00ednio sobre os hutus, apesar destes serem mais numerosos.<\/strong><\/p>\n\n\n\n<div id=\"ez-toc-container\" class=\"ez-toc-v2_0_79_2 counter-hierarchy ez-toc-counter ez-toc-transparent ez-toc-container-direction\">\n<div class=\"ez-toc-title-container\"><p class=\"ez-toc-title\" style=\"cursor:inherit\">Navegue pelo conte\u00fado\t<\/p>\n<\/div><nav><ul class='ez-toc-list ez-toc-list-level-1 ' ><li class='ez-toc-page-1 ez-toc-heading-level-2'><a class=\"ez-toc-link ez-toc-heading-1\" href=\"https:\/\/militares.estrategia.com\/portal\/materias-e-dicas\/geografia\/focos-de-tensao-o-genocidio-de-ruanda-e-o-apartheid-na-africa-do-sul\/#Historia-dos-tutsis-e-hutus-em-Ruanda\" >Hist\u00f3ria dos tutsis e hutus em Ruanda<\/a><\/li><li class='ez-toc-page-1 ez-toc-heading-level-2'><a class=\"ez-toc-link ez-toc-heading-2\" href=\"https:\/\/militares.estrategia.com\/portal\/materias-e-dicas\/geografia\/focos-de-tensao-o-genocidio-de-ruanda-e-o-apartheid-na-africa-do-sul\/#Reeleicoes-apos-o-genocidio-em-Ruanda\" >Reelei\u00e7\u00f5es ap\u00f3s o genoc\u00eddio em Ruanda&nbsp;&nbsp;&nbsp;&nbsp;&nbsp;&nbsp;&nbsp;&nbsp;&nbsp;&nbsp;&nbsp;&nbsp;<\/a><\/li><li class='ez-toc-page-1 ez-toc-heading-level-2'><a class=\"ez-toc-link ez-toc-heading-3\" href=\"https:\/\/militares.estrategia.com\/portal\/materias-e-dicas\/geografia\/focos-de-tensao-o-genocidio-de-ruanda-e-o-apartheid-na-africa-do-sul\/#Ruanda-nos-dias-atuais\" >Ruanda nos dias atuais<\/a><\/li><li class='ez-toc-page-1 ez-toc-heading-level-2'><a class=\"ez-toc-link ez-toc-heading-4\" href=\"https:\/\/militares.estrategia.com\/portal\/materias-e-dicas\/geografia\/focos-de-tensao-o-genocidio-de-ruanda-e-o-apartheid-na-africa-do-sul\/#O-apartheid-na-Africa-do-Sul\" >O apartheid na \u00c1frica do Sul<\/a><\/li><li class='ez-toc-page-1 ez-toc-heading-level-2'><a class=\"ez-toc-link ez-toc-heading-5\" href=\"https:\/\/militares.estrategia.com\/portal\/materias-e-dicas\/geografia\/focos-de-tensao-o-genocidio-de-ruanda-e-o-apartheid-na-africa-do-sul\/#Africa-do-Sul-atualmente\" >\u00c1frica do Sul atualmente<\/a><\/li><li class='ez-toc-page-1 ez-toc-heading-level-2'><a class=\"ez-toc-link ez-toc-heading-6\" href=\"https:\/\/militares.estrategia.com\/portal\/materias-e-dicas\/geografia\/focos-de-tensao-o-genocidio-de-ruanda-e-o-apartheid-na-africa-do-sul\/#O-que-foi-o-apartheid\" >O que foi o apartheid?<\/a><\/li><li class='ez-toc-page-1 ez-toc-heading-level-2'><a class=\"ez-toc-link ez-toc-heading-7\" href=\"https:\/\/militares.estrategia.com\/portal\/materias-e-dicas\/geografia\/focos-de-tensao-o-genocidio-de-ruanda-e-o-apartheid-na-africa-do-sul\/#Veja-tambem\" >Veja tamb\u00e9m:<\/a><\/li><\/ul><\/nav><\/div>\n<h2 class=\"wp-block-heading\" id=\"h-historia-dos-tutsis-e-hutus-em-ruanda\"><span class=\"ez-toc-section\" id=\"Historia-dos-tutsis-e-hutus-em-Ruanda\"><\/span>Hist\u00f3ria dos tutsis e hutus em Ruanda<span class=\"ez-toc-section-end\"><\/span><\/h2>\n\n\n\n<p><strong>Em 1899, a Alemanha declarou Ruanda um territ\u00f3rio sob sua prote\u00e7\u00e3o<\/strong>. Mas, com a derrota alem\u00e3 na Primeira Guerra Mundial, <strong>os belgas ocuparam o pa\u00eds e, em um primeiro momento, transformaram os tutsis na elite do territ\u00f3rio, dando-lhes poder pol\u00edtico, econ\u00f4mico e militar.<\/strong><\/p>\n\n\n\n<p><strong>Contudo, na d\u00e9cada de 1950, os belgas destitu\u00edram os tutsis da elite de Ruanda e&nbsp; favoreceram a forma\u00e7\u00e3o de uma elite hutu. <\/strong>Dessa forma, alimentaram a rivalidade entre as duas etnias <strong>a fim de destruir o sentimento de pertencimento ao territ\u00f3rio ruand\u00eas e de na\u00e7\u00e3o, para que pudessem domin\u00e1-los facilmente.<\/strong><\/p>\n\n\n\n<p>Em 1962, Ruanda tornou-se independente sob a lideran\u00e7a dos hutus. No entanto, a independ\u00eancia trouxe consigo muitos anos de instabilidade. <strong>O governo, nesse per\u00edodo, tomou v\u00e1rias medidas de repress\u00e3o contra os tutsis, que se exilaram em pa\u00edses vizinhos.<\/strong><\/p>\n\n\n\n<p><strong>A partir de 1990, uma s\u00e9rie de problemas clim\u00e1ticos e econ\u00f4micos geraram conflitos internos, conduzindo o pa\u00eds a uma guerra civil.<\/strong> Os tutsis, exilados, formaram a Frente Patri\u00f3tica Ruandesa (FPR) e lan\u00e7aram ataques contra o governo hutu, a fim de conquistarem o direito de retornar ao pa\u00eds, mas os ataques n\u00e3o alcan\u00e7aram o objetivo inicial.&nbsp;<\/p>\n\n\n\n<p><strong>A FPR e o governo tentaram acordos sem sucesso, e os tutsis passaram a ser perseguidos<\/strong>. <strong>O conflito se espalhou por Burundi e pela Rep\u00fablica Democr\u00e1tica do Congo, que tamb\u00e9m possuem uma grande quantidade de tutsis e hutus em seus territ\u00f3rios.<\/strong><\/p>\n\n\n<div id=\"new-form\">\n\t<form id=\"forms_layout\">\n\t<input type=\"hidden\" id=\"chave_de\" name=\"chave_de\" value=\"01_EMIL_LEADS_TOTAIS\" \/>\n\t\t<input type=\"hidden\" id=\"mid\" name=\"mid\" value=\"515009017\" \/>\n\t\t<input type=\"hidden\" id=\"Objetivo\" name=\"Objetivo\" value=\"Militares\" \/>\n\t\t<input type=\"hidden\" id=\"Estado_de_Origem_do_IP\" name=\"Estado_de_Origem_do_IP\"  value=\"\" \/>\n\t\t<input type=\"hidden\" id=\"Cidade_de_Origem_do_IP\" name=\"Cidade_de_Origem_do_IP\" value=\"\" \/>\n\t\t<input type=\"hidden\" id=\"Modo_de_entrada\" name=\"Modo_de_entrada\" value=\"Portal\" \/>\n\t\t<input type=\"hidden\" id=\"Pagina_Origem\" name=\"Pagina_Origem\" value=\"\" \/>\n\n\t\t<div class=\"texto\">\n\t\t\t<h3 class=\"news\">Inscreva-se em nossa newsletter!<\/h3>\n\t\t\t<p>Receba not\u00edcias sobre os mais importantes concursos para as For\u00e7as Armadas brasileiras e informa\u00e7\u00f5es sobre o mundo militar!<\/p>\n\t\t<\/div>\n\t\t<div class=\"campos\">\n\t\t\t<div class=\"first_name labels\">\n\t\t\t\t<input type=\"text\" class=\"input_labels\" id=\"first_name\" name=\"Nome_Completo\" placeholder=\"Nome\" required \/>\n\t\t\t<\/div>\n\t\t\t<div class=\"email labels\">\n\t\t\t\t<input type=\"email\" class=\"input_labels\" id=\"email\" name=\"Email\" placeholder=\"E-mail\" required \/>\n\t\t\t<\/div>\n\t\t\t<button type=\"submit\" class=\"button_layout\">\n\t\t\t\t<div id=\"lblBotao\">Inscreva-se<\/div>\n\t\t\t\t<span id=\"divSpiner\" class=\"loader\" role=\"status\" style=\"display: none;\"><\/span>\t\n\t\t\t<\/button>\n\t\t<\/div><!-- \/campos -->\n\t\t\n\t\t<label class=\"container_checkbox\">Voc\u00ea concorda com a nossa\n\t\t\t<a class=\"politics_privacy_ahref\" target=\"_blank\" href=\"https:\/\/gratis.estrategiaconcursos.com.br\/politica-de-privacidade\/\">Pol\u00edtica de Privacidade<\/a> e aceita receber informa\u00e7\u00f5es adicionais do Estrat\u00e9gia Educacional.\n\t\t\t<input id=\"checkbox_layout\" type=\"checkbox\" checked=\"checked\" required \/>\n\t\t\t<span class=\"checkbox\"><\/span>\n\t\t<\/label>\n\t\t<div id=\"msg\"><\/div>\n\t\t<div id=\"error\" class=\"error\">\n\t\t<\/div>\n\t<\/form>\n<\/div><!-- \/new-form -->\n\n\n\n<h3 class=\"wp-block-heading\" id=\"h-atentado-contra-o-presidente-de-ruanda\">Atentado contra o Presidente de Ruanda<\/h3>\n\n\n\n<p>Em 6 de abril de 1994, o ent\u00e3o presidente ruand\u00eas, Juvenal Habyarimana, e o presidente de Burundi, Cyprien Ntaryamira, pa\u00eds vizinho a Ruanda, <strong>foram assassinados em um atentado terrorista. O avi\u00e3o em que viajavam foi atingido por um m\u00edssil, quando aterrissava em Kigali, capital de Ruanda, retornando da B\u00e9lgica, <\/strong>onde foram pedir ajuda humanit\u00e1ria.<\/p>\n\n\n\n<p>Esse epis\u00f3dio foi o estopim para desencadear uma era de muita viol\u00eancia no territ\u00f3rio ruand\u00eas. <strong>Os hutus, enfurecidos e incitados via r\u00e1dio &#8211; a R\u00e1dio T\u00e9l\u00e9vision Libre des Mille Collines, dirigida pelas fac\u00e7\u00f5es hutus mais extremas -, iniciaram os atentados violentos. O r\u00e1dio foi um meio importante para fomentar o assassinato dos tutsis.<\/strong><\/p>\n\n\n\n<h3 class=\"wp-block-heading\" id=\"h-genocidio-dos-tutsis\">Genoc\u00eddio dos Tutsis<\/h3>\n\n\n\n<p><strong>Em 100 dias de conflito, cerca de um milh\u00e3o de pessoas da etnia tutsi foram assassinadas a golpes de fac\u00e3o<\/strong>. <a href=\"https:\/\/news.un.org\/pt\/story\/2023\/04\/1812542\" target=\"_blank\" >Esse foi o maior genoc\u00eddio da d\u00e9cada de 1990 no mundo.&nbsp;<\/a><\/p>\n\n\n\n<p>Sob o comando do tutsi Paul Kagame, a FPR ocupou v\u00e1rias partes do pa\u00eds e, em 4 de julho, as tropas ingressaram na capital, Kigali, <strong>enquanto as for\u00e7as militares de manuten\u00e7\u00e3o da paz francesas ocupavam o sudoeste do pa\u00eds, durante a <\/strong><strong><em>Op\u00e9ration Turquoise<\/em><\/strong><strong>.<\/strong><\/p>\n\n\n\n<h3 class=\"wp-block-heading\" id=\"h-resultados-do-conflito-em-ruanda\">Resultados do conflito em Ruanda<\/h3>\n\n\n\n<p>O conflito em Ruanda foi retratado no filme \u201cHotel Ruanda\u201d, que conta um trecho da hist\u00f3ria do hutu Paul Rusesabagina, o qual era gerente do Hotel <em>Mille Collines<\/em> e abrigou mais de mil tutsis. <strong>O Conselho de Seguran\u00e7a da ONU, por meio da Resolu\u00e7\u00e3o 955, em 08 de novembro de 1994, criou o Tribunal Penal Internacional para Ruanda (TPIR), com o objetivo de julgar os assassinos.<\/strong><\/p>\n\n\n\n<p><strong>Esse conflito gerou cerca de um milh\u00e3o de mortes e 2,3 milh\u00f5es de refugiados. <\/strong><a href=\"https:\/\/g1.globo.com\/mundo\/noticia\/2023\/05\/25\/acusado-por-genocidio-de-ruanda-mais-buscado-no-mundo-e-preso.ghtml\" target=\"_blank\" ><strong>Ainda se trabalha para julgar os culpados pelos massacres de Ruanda<\/strong><\/a><strong>.<\/strong> At\u00e9 2001, tr\u00eas mil pessoas j\u00e1 haviam sido julgadas, <a href=\"https:\/\/www.em.com.br\/app\/noticia\/internacional\/2020\/05\/16\/interna_internacional,1147994\/as-condenacoes-no-mundo-relacionadas-ao-genocidio-de-ruanda.shtml\" target=\"_blank\" >com 500 delas condenadas a penas m\u00e1ximas<\/a>.&nbsp;&nbsp;<\/p>\n\n\n<div class=\"wp-block-image\">\n<figure class=\"aligncenter size-large is-resized\"><img decoding=\"async\" src=\"https:\/\/militares.estrategia.com\/portal\/wp-content\/uploads\/2023\/07\/steward-masweneng-V3F1jgbOwpc-unsplash-680x1024.jpg\" alt=\"\" class=\"wp-image-69008\" width=\"298\" height=\"449\" srcset=\"https:\/\/militares.estrategia.com\/portal\/wp-content\/uploads\/2023\/07\/steward-masweneng-V3F1jgbOwpc-unsplash-680x1024.jpg 680w, https:\/\/militares.estrategia.com\/portal\/wp-content\/uploads\/2023\/07\/steward-masweneng-V3F1jgbOwpc-unsplash-768x1157.jpg 768w, https:\/\/militares.estrategia.com\/portal\/wp-content\/uploads\/2023\/07\/steward-masweneng-V3F1jgbOwpc-unsplash-1020x1536.jpg 1020w, https:\/\/militares.estrategia.com\/portal\/wp-content\/uploads\/2023\/07\/steward-masweneng-V3F1jgbOwpc-unsplash-1360x2048.jpg 1360w, https:\/\/militares.estrategia.com\/portal\/wp-content\/uploads\/2023\/07\/steward-masweneng-V3F1jgbOwpc-unsplash-800x1205.jpg 800w, https:\/\/militares.estrategia.com\/portal\/wp-content\/uploads\/2023\/07\/steward-masweneng-V3F1jgbOwpc-unsplash-1160x1747.jpg 1160w, https:\/\/militares.estrategia.com\/portal\/wp-content\/uploads\/2023\/07\/steward-masweneng-V3F1jgbOwpc-unsplash.jpg 1700w\" sizes=\"(max-width: 298px) 100vw, 298px\" \/><\/figure><\/div>\n\n\n<h2 class=\"wp-block-heading\" id=\"h-reeleicoes-apos-o-genocidio-em-ruanda-nbsp-nbsp-nbsp-nbsp-nbsp-nbsp-nbsp-nbsp-nbsp-nbsp-nbsp-nbsp\"><span class=\"ez-toc-section\" id=\"Reeleicoes-apos-o-genocidio-em-Ruanda\"><\/span>Reelei\u00e7\u00f5es ap\u00f3s o genoc\u00eddio em Ruanda&nbsp;&nbsp;&nbsp;&nbsp;&nbsp;&nbsp;&nbsp;&nbsp;&nbsp;&nbsp;&nbsp;&nbsp;<span class=\"ez-toc-section-end\"><\/span><\/h2>\n\n\n\n<p>Nas elei\u00e7\u00f5es de 2003, Paul Kagame obteve 95% dos votos para a presid\u00eancia,derrotando tr\u00eas advers\u00e1rios hutus. Ap\u00f3s o pleito, cerca de dois milh\u00f5es de hutus refugiaram-se na Rep\u00fablica Democr\u00e1tica do Congo, com medo de retalia\u00e7\u00e3o por parte dos tutsis.<strong> Muitos regressaram posteriormente, mas ainda conservam-se ali mil\u00edcias, envolvidas na guerra civil daquele pa\u00eds.<\/strong><\/p>\n\n\n\n<p><strong>Ao assumir a presid\u00eancia, Kagame, o primeiro tutsi a governar Ruanda, fez quest\u00e3o de se definir como ruandense e n\u00e3o como tutsi.<\/strong><\/p>\n\n\n\n<h2 class=\"wp-block-heading\" id=\"h-ruanda-nos-dias-atuais\"><span class=\"ez-toc-section\" id=\"Ruanda-nos-dias-atuais\"><\/span>Ruanda nos dias atuais<span class=\"ez-toc-section-end\"><\/span><\/h2>\n\n\n\n<p><strong>A base econ\u00f4mica de Ruanda ainda \u00e9 fr\u00e1gil, mas o pa\u00eds tem se desenvolvido como o <\/strong><a href=\"https:\/\/pt.unesco.org\/courier\/2019-2\/o-milagre-ruanda\" target=\"_blank\" ><strong>centro de tecnologia da informa\u00e7\u00e3o do continente africano<\/strong><\/a><strong>.<\/strong> A agropecu\u00e1ria responde por 33,6% do <a href=\"https:\/\/datosmacro.expansion.com\/pib\/ruanda\" target=\"_blank\" >Produto Interno Bruto, de 13,4 bilh\u00f5es de d\u00f3lares<\/a>. <strong>Cerca de 90% da popula\u00e7\u00e3o desenvolve atividades agr\u00edcolas em pequenas propriedades, produzindo e exportando ch\u00e1 e caf\u00e9.<\/strong><\/p>\n\n\n\n<p>O pa\u00eds possui poucos recursos naturais e o setor industrial \u00e9 insignificante, o que dificulta seu desenvolvimento. O turismo produz uma pequena fonte de renda, gra\u00e7as ao <strong>Parque Nacional dos Vulc\u00f5es e aos gorilas-da-montanha, que vivem nos vulc\u00f5es extintos do Parque Virunga, que engloba Ruanda, Uganda e Congo.<\/strong><\/p>\n\n\n<div class=\"wp-block-image\">\n<figure class=\"aligncenter size-large\"><img decoding=\"async\" width=\"1024\" height=\"768\" src=\"https:\/\/militares.estrategia.com\/portal\/wp-content\/uploads\/2023\/08\/image-6-1024x768.jpeg\" alt=\"Bandeira de Ruanda\" class=\"wp-image-69870\" srcset=\"https:\/\/militares.estrategia.com\/portal\/wp-content\/uploads\/2023\/08\/image-6-1024x768.jpeg 1024w, https:\/\/militares.estrategia.com\/portal\/wp-content\/uploads\/2023\/08\/image-6-768x576.jpeg 768w, https:\/\/militares.estrategia.com\/portal\/wp-content\/uploads\/2023\/08\/image-6-800x600.jpeg 800w, https:\/\/militares.estrategia.com\/portal\/wp-content\/uploads\/2023\/08\/image-6-1160x870.jpeg 1160w, https:\/\/militares.estrategia.com\/portal\/wp-content\/uploads\/2023\/08\/image-6.jpeg 1200w\" sizes=\"(max-width: 1024px) 100vw, 1024px\" \/><\/figure><\/div>\n\n\n<p>Apesar das dificuldades enfrentadas e dos conflitos n\u00e3o totalmente resolvidos, <strong>Ruanda tem apresentado uma <\/strong><a href=\"https:\/\/data.worldbank.org\/indicator\/NY.GDP.PCAP.CD?locations=RW\" target=\"_blank\" ><strong>taxa de crescimento m\u00e9dia superior a 5%<\/strong><\/a><strong>, baseada, principalmente, pela abertura econ\u00f4mica promovida pelo pa\u00eds.<\/strong><\/p>\n\n\n\n<h2 class=\"wp-block-heading\" id=\"h-o-apartheid-na-africa-do-sul\"><span class=\"ez-toc-section\" id=\"O-apartheid-na-Africa-do-Sul\"><\/span>O <em>apartheid<\/em> na \u00c1frica do Sul<span class=\"ez-toc-section-end\"><\/span><\/h2>\n\n\n\n<p><strong>Quando a \u00c1frica do Sul foi anunciada como sede da Copa do Mundo de Futebol, em 15 de maio de 2004, toda a na\u00e7\u00e3o festejou.<\/strong> Devido ao regime de segrega\u00e7\u00e3o racial \u2013 o <em>apartheid<\/em>, vigente entre 1948 e 1994 \u2013, o pa\u00eds sofreu v\u00e1rias san\u00e7\u00f5es da ONU e<strong> ficou impedido de participar de competi\u00e7\u00f5es esportivas pelo mundo.<\/strong><\/p>\n\n\n\n<p>Ap\u00f3s 32 anos exclu\u00edda da participa\u00e7\u00e3o dos jogos ol\u00edmpicos em raz\u00e3o do racismo,<strong> a \u00c1frica do Sul retornou \u00e0s competi\u00e7\u00f5es em 1992, nas Olimp\u00edadas de Barcelona.<\/strong><\/p>\n\n\n\n<p>At\u00e9 1994, a maioria negra do pa\u00eds ainda n\u00e3o possu\u00eda direitos pol\u00edticos, em raz\u00e3o da pol\u00edtica do <em>apartheid<\/em>. <strong>Esses direitos come\u00e7aram a ser retomados em 1990, com a liberta\u00e7\u00e3o, mediante press\u00f5es internacionais, do ativista pol\u00edtico e ex-presidente sul-africano Nelson Mandela.<\/strong><\/p>\n\n\n\n<h2 class=\"wp-block-heading\" id=\"h-africa-do-sul-atualmente\"><span class=\"ez-toc-section\" id=\"Africa-do-Sul-atualmente\"><\/span>\u00c1frica do Sul atualmente<span class=\"ez-toc-section-end\"><\/span><\/h2>\n\n\n\n<p>Atualmente, as leis do pa\u00eds garantem igualdade pol\u00edtica a todos. <strong>O pa\u00eds elege seus presidentes democraticamente desde 1994 e a maioria das autoridades do pa\u00eds \u00e9 negra. <\/strong>Apesar das vit\u00f3rias pol\u00edticas, a \u00c1frica do Sul ainda \u00e9 um pa\u00eds marcado por enorme <strong>desigualdade social, com altos \u00edndices de pobreza e com a maior parte da riqueza concentrada nas m\u00e3os de uma minoria branca.<\/strong><\/p>\n\n\n\n<p>A \u00c1frica do Sul \u00e9 uma na\u00e7\u00e3o de<a href=\"https:\/\/www.britannica.com\/place\/South-Africa\" target=\"_blank\" > aproximadamente 61 milh\u00f5es de pessoas de diversas origens, culturas, l\u00ednguas e religi\u00f5es.<\/a> <strong>H\u00e1 enorme predomin\u00e2ncia da popula\u00e7\u00e3o negra sobre os brancos que, apesar disso, ocupavam uma \u00e1rea de cerca de 87% do territ\u00f3rio do pa\u00eds.<\/strong><\/p>\n\n\n\n<figure class=\"wp-block-gallery has-nested-images columns-default is-cropped wp-block-gallery-1 is-layout-flex wp-block-gallery-is-layout-flex\"><div class=\"wp-block-image\">\n<figure class=\"aligncenter size-large\"><img decoding=\"async\" width=\"1920\" height=\"1080\" data-id=\"69873\" src=\"https:\/\/militares.estrategia.com\/portal\/wp-content\/uploads\/2023\/08\/leo-moko-lbBi6XDGzvg-unsplash-edited.jpg\" alt=\"\u00c1frica do Sul\" class=\"wp-image-69873\" srcset=\"https:\/\/militares.estrategia.com\/portal\/wp-content\/uploads\/2023\/08\/leo-moko-lbBi6XDGzvg-unsplash-edited.jpg 1920w, https:\/\/militares.estrategia.com\/portal\/wp-content\/uploads\/2023\/08\/leo-moko-lbBi6XDGzvg-unsplash-edited-1024x576.jpg 1024w, https:\/\/militares.estrategia.com\/portal\/wp-content\/uploads\/2023\/08\/leo-moko-lbBi6XDGzvg-unsplash-edited-768x432.jpg 768w, https:\/\/militares.estrategia.com\/portal\/wp-content\/uploads\/2023\/08\/leo-moko-lbBi6XDGzvg-unsplash-edited-1536x864.jpg 1536w, https:\/\/militares.estrategia.com\/portal\/wp-content\/uploads\/2023\/08\/leo-moko-lbBi6XDGzvg-unsplash-edited-800x450.jpg 800w, https:\/\/militares.estrategia.com\/portal\/wp-content\/uploads\/2023\/08\/leo-moko-lbBi6XDGzvg-unsplash-edited-1160x653.jpg 1160w, https:\/\/militares.estrategia.com\/portal\/wp-content\/uploads\/2023\/08\/leo-moko-lbBi6XDGzvg-unsplash-edited-1200x675.jpg 1200w\" sizes=\"(max-width: 1920px) 100vw, 1920px\" \/><\/figure><\/div><\/figure>\n\n\n\n<h2 class=\"wp-block-heading\" id=\"h-o-que-foi-o-apartheid\"><span class=\"ez-toc-section\" id=\"O-que-foi-o-apartheid\"><\/span>O que foi o apartheid?<span class=\"ez-toc-section-end\"><\/span><\/h2>\n\n\n\n<p><strong>A pol\u00edtica do <\/strong><strong><em>apartheid<\/em><\/strong><strong> (\u201csepara\u00e7\u00e3o\u201d, em afric\u00e2nder) foi institu\u00edda em 1948, com a ascens\u00e3o do Partido Nacional, de cunho racista, ao poder. <\/strong>O novo governo decretou uma s\u00e9rie de proibi\u00e7\u00f5es aos negros como o acesso \u00e0 propriedade da terra, \u00e0 participa\u00e7\u00e3o pol\u00edtica e o casamento entre ra\u00e7\u00e3s diferentes.<\/p>\n\n\n\n<p>A maioria negra foi segregada em \u00e1reas conhecidas como bantust\u00f5es ou <em>townships<\/em>. Os bantust\u00f5es podem ser caracterizados como espa\u00e7os em que a maioria dos servi\u00e7os b\u00e1sicos de sobreviv\u00eancia s\u00e3o inexistentes, tais como saneamento b\u00e1sico. <strong>Essas localidades eram marcadas pela pobreza e pela grande concentra\u00e7\u00e3o populacional.<\/strong><\/p>\n\n\n\n<p>Apesar de ter sido institucionalizado em 1948, o <em>apartheid<\/em> j\u00e1 vigorava na \u00c1frica do Sul desde 1910. N\u00facleos de oposi\u00e7\u00e3o \u00e0 pol\u00edtica segregacionista foram formados, entre eles o Congresso Nacional Africano (CNA), que tinha em suas fileiras Nelson Mandela. <strong>O CNA adotava medidas como a desobedi\u00eancia civil em suas manifesta\u00e7\u00f5es contra o regime. Por suas a\u00e7\u00f5es, Mandela foi condenado \u00e0 pris\u00e3o perp\u00e9tua em 1962.<\/strong><\/p>\n\n\n\n<p>Acuado pelas press\u00f5es externas, o pa\u00eds foi exclu\u00eddo de v\u00e1rios \u00f3rg\u00e3os internacionais, como a ONU, por exemplo, o que comprometeu o desenvolvimento da economia. <strong>Assim, o <\/strong><strong><em>apartheid<\/em><\/strong><strong> come\u00e7ou a ser desmantelado na d\u00e9cada de 1990.&nbsp;<\/strong><\/p>\n\n\n\n<p><strong>Isso culminou na sua extin\u00e7\u00e3o em 1994, quando ocorreram as primeiras elei\u00e7\u00f5es multirraciais desde a instaura\u00e7\u00e3o do regime. <\/strong>Nessas elei\u00e7\u00f5es, Nelson Mandela, que foi libertado em 1990, foi eleito presidente da \u00c1frica do Sul.<\/p>\n\n\n\n<p><strong>Desde 1994, a \u00c1frica do Sul j\u00e1 foi readmitida em muitas organiza\u00e7\u00f5es internacionais, das quais tinha sido banida devido \u00e0 sua pol\u00edtica segregacionista.<\/strong> Diversos organismos internacionais, como o Banco Mundial e a Uni\u00e3o Europeia, t\u00eam apoiado o pa\u00eds em projetos estruturais, pol\u00edticos e sociais.&nbsp;&nbsp;<\/p>\n\n\n\n<p>O objetivo \u00e9 a sua reestrutura\u00e7\u00e3o e sua reinser\u00e7\u00e3o na comunidade mundial, j\u00e1 que o pa\u00eds herdou uma economia prec\u00e1ria devido aos longos anos do conflito interno e \u00e0s san\u00e7\u00f5es externas.<\/p>\n\n\n\n<p>O crescimento econ\u00f4mico n\u00e3o resolveu os problemas estruturais nem reverteu a concentra\u00e7\u00e3o de renda. <strong>O pa\u00eds, onde a <\/strong><a href=\"https:\/\/www.oecdbetterlifeindex.org\/pt\/paises\/south-africa-pt\/\" target=\"_blank\" ><strong>expectativa de vida \u00e9 de 58 anos<\/strong><\/a><strong>, ainda vive outros problemas sociais e pol\u00edticos, como a criminalidade e a corrup\u00e7\u00e3o.<\/strong><\/p>\n\n\n\n<p>A ONU realizou uma pesquisa, no in\u00edcio do s\u00e9culo XXI, na qual a \u00c1frica do Sul foi classificada em segundo lugar entre todos os pa\u00edses do mundo em assassinatos e, em primeiro, em assaltos e estupros. <a href=\"https:\/\/www.bbc.com\/news\/world-africa-62303245\" target=\"_blank\" >Tal viol\u00eancia permanece at\u00e9 os dias atuais.<\/a><\/p>\n\n\n\n<p>Compartilhe esse artigo em suas redes sociais! <strong>Clique no banner abaixo<\/strong> e conhe\u00e7a os cursos preparat\u00f3rios do Estrat\u00e9gia Militares! Vem ser coruja!<\/p>\n\n\n\n\n\n<p><\/p>\n\n\n\n<h2 class=\"wp-block-heading\"><span class=\"ez-toc-section\" id=\"Veja-tambem\"><\/span>Veja tamb\u00e9m:<span class=\"ez-toc-section-end\"><\/span><\/h2>\n\n\n\n<ul class=\"wp-block-list\">\n<li><a href=\"https:\/\/militares.estrategia.com\/portal\/materias-e-dicas\/geografia\/focos-de-tensao-os-principais-conflitos-na-america-central\/\">Focos de tens\u00e3o: os principais conflitos na Am\u00e9rica Central!<\/a><\/li>\n\n\n\n<li><a href=\"https:\/\/militares.estrategia.com\/portal\/materias-e-dicas\/geografia\/focos-de-tensao-cuba-revolucao-socialismo-guantanamo-e-mais\/\">Focos de tens\u00e3o: Cuba, revolu\u00e7\u00e3o, socialismo, Guant\u00e1namo e mais!<\/a><\/li>\n\n\n\n<li><a href=\"https:\/\/militares.estrategia.com\/portal\/materias-e-dicas\/geografia\/focos-de-tensao-mexico-nafta-e-os-carteis-mexicanos\/\">Focos de tens\u00e3o: M\u00e9xico, Nafta e os cart\u00e9is mexicanos<\/a><\/li>\n\n\n\n<li><a href=\"https:\/\/militares.estrategia.com\/portal\/materias-e-dicas\/geografia\/focos-de-tensao-bolivia-tradicao-e-separatismo\/\">Focos de tens\u00e3o: Bol\u00edvia, tradi\u00e7\u00e3o e separatismo<\/a><\/li>\n\n\n\n<li><a href=\"https:\/\/militares.estrategia.com\/portal\/materias-e-dicas\/geografia\/focos-de-tensao-venezuela-socialismo-e-petroleo\/\">Focos de tens\u00e3o: Venezuela, socialismo e petr\u00f3leo<\/a><\/li>\n\n\n\n<li><a href=\"https:\/\/militares.estrategia.com\/portal\/materias-e-dicas\/geografia\/focos-de-tensao-colombia-guerrilhas-e-apoio-aos-eua\/\">Focos de tens\u00e3o: Col\u00f4mbia, guerrilhas e apoio aos EUA<\/a><\/li>\n\n\n\n<li><a href=\"https:\/\/militares.estrategia.com\/portal\/materias-e-dicas\/geografia\/focos-de-tensao-os-conflitos-na-america-latina-e-a-politica-dos-paises\/\">Focos de tens\u00e3o: os conflitos latino-americanos e a pol\u00edtica dos pa\u00edses<\/a><\/li>\n\n\n\n<li><a href=\"https:\/\/militares.estrategia.com\/portal\/materias-e-dicas\/geografia\/focos-de-tensao-na-america-a-influencia-dos-eua-no-continente-americano\/\">Focos de tens\u00e3o na Am\u00e9rica: a influ\u00eancia dos EUA no continente americano<\/a><\/li>\n\n\n\n<li><a href=\"https:\/\/militares.estrategia.com\/portal\/materias-e-dicas\/geografia\/focos-de-tensao-na-africa-saiba-mais-sobre-o-sudao-e-o-sudao-do-sul\/\">Focos de tens\u00e3o na \u00c1frica: saiba mais sobre o Sud\u00e3o e o Sud\u00e3o do Sul<\/a><\/li>\n\n\n\n<li><a href=\"https:\/\/militares.estrategia.com\/portal\/atualidades\/venezuela-x-guiana-entenda-a-tensao-por-causa-de-essequibo\/\">Venezuela x Guiana: entenda a tens\u00e3o entre os vizinhos do Brasil!<\/a><\/li>\n<\/ul>\n\n\n","protected":false},"excerpt":{"rendered":"Ruanda foi palco do maior genoc\u00eddio da d\u00e9cada de 1990, e um dos maiores e mais r\u00e1pidos do&hellip;\n","protected":false},"author":52,"featured_media":69894,"comment_status":"closed","ping_status":"closed","sticky":false,"template":"","format":"standard","meta":{"wl_entities_gutenberg":"","footnotes":""},"categories":[301],"tags":[63,162,161],"wl_entity_type":[187],"class_list":{"0":"post-69869","1":"post","2":"type-post","3":"status-publish","4":"format-standard","5":"has-post-thumbnail","7":"category-geografia","8":"tag-concursofuzileironaval","9":"tag-carreiramilitar","10":"tag-concursosmilitares","11":"wl_entity_type-article"},"acf":[],"yoast_head":"<!-- This site is optimized with the Yoast SEO Premium plugin v26.6 (Yoast SEO v26.6) - https:\/\/yoast.com\/wordpress\/plugins\/seo\/ -->\n<title>Foco de tens\u00e3o: genoc\u00eddio de Ruanda e apartheid na \u00c1frica do Sul<\/title>\n<meta name=\"description\" content=\"Ruanda e a Africa do Sul possuem um intenso hist\u00f3rico de conflitos internos. Clique aqui e saiba mais sobre esse hist\u00f3rico!\" \/>\n<meta name=\"robots\" content=\"index, follow, max-snippet:-1, max-image-preview:large, max-video-preview:-1\" \/>\n<link rel=\"canonical\" href=\"https:\/\/militares.estrategia.com\/portal\/materias-e-dicas\/geografia\/focos-de-tensao-o-genocidio-de-ruanda-e-o-apartheid-na-africa-do-sul\/\" \/>\n<meta property=\"og:locale\" content=\"pt_BR\" \/>\n<meta property=\"og:type\" content=\"article\" \/>\n<meta property=\"og:title\" content=\"Focos de tens\u00e3o: o genoc\u00eddio de Ruanda e o apartheid na \u00c1frica do Sul\" \/>\n<meta property=\"og:description\" content=\"Ruanda e a Africa do Sul possuem um intenso hist\u00f3rico de conflitos internos. Clique aqui e saiba mais sobre esse hist\u00f3rico!\" \/>\n<meta property=\"og:url\" content=\"https:\/\/militares.estrategia.com\/portal\/materias-e-dicas\/geografia\/focos-de-tensao-o-genocidio-de-ruanda-e-o-apartheid-na-africa-do-sul\/\" \/>\n<meta property=\"og:site_name\" content=\"Estrat\u00e9gia Militares\" \/>\n<meta property=\"article:publisher\" content=\"https:\/\/www.facebook.com\/EstrategiaMilitares\" \/>\n<meta property=\"article:published_time\" content=\"2023-08-25T11:00:00+00:00\" \/>\n<meta property=\"article:modified_time\" content=\"2023-12-29T17:59:39+00:00\" \/>\n<meta property=\"og:image\" content=\"https:\/\/militares.estrategia.com\/portal\/wp-content\/uploads\/2023\/08\/1.jpg\" \/>\n\t<meta property=\"og:image:width\" content=\"1280\" \/>\n\t<meta property=\"og:image:height\" content=\"802\" \/>\n\t<meta property=\"og:image:type\" content=\"image\/jpeg\" \/>\n<meta name=\"author\" content=\"Vin\u00edcius Brigolini\" \/>\n<meta name=\"twitter:card\" content=\"summary_large_image\" \/>\n<meta name=\"twitter:creator\" content=\"@estrategiamilit\" \/>\n<meta name=\"twitter:site\" content=\"@estrategiamilit\" \/>\n<meta name=\"twitter:label1\" content=\"Escrito por\" \/>\n\t<meta name=\"twitter:data1\" content=\"Vin\u00edcius Brigolini\" \/>\n\t<meta name=\"twitter:label2\" content=\"Est. tempo de leitura\" \/>\n\t<meta name=\"twitter:data2\" content=\"9 minutos\" \/>\n<script type=\"application\/ld+json\" class=\"yoast-schema-graph\">{\"@context\":\"https:\/\/schema.org\",\"@graph\":[{\"@type\":\"Article\",\"@id\":\"https:\/\/militares.estrategia.com\/portal\/materias-e-dicas\/geografia\/focos-de-tensao-o-genocidio-de-ruanda-e-o-apartheid-na-africa-do-sul\/#article\",\"isPartOf\":{\"@id\":\"https:\/\/militares.estrategia.com\/portal\/materias-e-dicas\/geografia\/focos-de-tensao-o-genocidio-de-ruanda-e-o-apartheid-na-africa-do-sul\/\"},\"author\":{\"name\":\"Vin\u00edcius Brigolini\",\"@id\":\"https:\/\/militares.estrategia.com\/portal\/#\/schema\/person\/6587b50abb02ffb0d1d0b50c12a6b317\"},\"headline\":\"Focos de tens\u00e3o: o genoc\u00eddio de Ruanda e o apartheid na \u00c1frica do Sul\",\"datePublished\":\"2023-08-25T11:00:00+00:00\",\"dateModified\":\"2023-12-29T17:59:39+00:00\",\"mainEntityOfPage\":{\"@id\":\"https:\/\/militares.estrategia.com\/portal\/materias-e-dicas\/geografia\/focos-de-tensao-o-genocidio-de-ruanda-e-o-apartheid-na-africa-do-sul\/\"},\"wordCount\":1814,\"publisher\":{\"@id\":\"https:\/\/militares.estrategia.com\/portal\/#organization\"},\"image\":{\"@id\":\"https:\/\/militares.estrategia.com\/portal\/materias-e-dicas\/geografia\/focos-de-tensao-o-genocidio-de-ruanda-e-o-apartheid-na-africa-do-sul\/#primaryimage\"},\"thumbnailUrl\":\"https:\/\/militares.estrategia.com\/portal\/wp-content\/uploads\/2023\/08\/1.jpg\",\"keywords\":[\"#concursofuzileironaval\",\"carreiramilitar\",\"ConcursosMilitares\"],\"articleSection\":[\"Geografia\"],\"inLanguage\":\"pt-BR\"},{\"@type\":\"WebPage\",\"@id\":\"https:\/\/militares.estrategia.com\/portal\/materias-e-dicas\/geografia\/focos-de-tensao-o-genocidio-de-ruanda-e-o-apartheid-na-africa-do-sul\/\",\"url\":\"https:\/\/militares.estrategia.com\/portal\/materias-e-dicas\/geografia\/focos-de-tensao-o-genocidio-de-ruanda-e-o-apartheid-na-africa-do-sul\/\",\"name\":\"Foco de tens\u00e3o: genoc\u00eddio de Ruanda e apartheid na \u00c1frica do Sul\",\"isPartOf\":{\"@id\":\"https:\/\/militares.estrategia.com\/portal\/#website\"},\"primaryImageOfPage\":{\"@id\":\"https:\/\/militares.estrategia.com\/portal\/materias-e-dicas\/geografia\/focos-de-tensao-o-genocidio-de-ruanda-e-o-apartheid-na-africa-do-sul\/#primaryimage\"},\"image\":{\"@id\":\"https:\/\/militares.estrategia.com\/portal\/materias-e-dicas\/geografia\/focos-de-tensao-o-genocidio-de-ruanda-e-o-apartheid-na-africa-do-sul\/#primaryimage\"},\"thumbnailUrl\":\"https:\/\/militares.estrategia.com\/portal\/wp-content\/uploads\/2023\/08\/1.jpg\",\"datePublished\":\"2023-08-25T11:00:00+00:00\",\"dateModified\":\"2023-12-29T17:59:39+00:00\",\"description\":\"Ruanda e a Africa do Sul possuem um intenso hist\u00f3rico de conflitos internos. Clique aqui e saiba mais sobre esse hist\u00f3rico!\",\"breadcrumb\":{\"@id\":\"https:\/\/militares.estrategia.com\/portal\/materias-e-dicas\/geografia\/focos-de-tensao-o-genocidio-de-ruanda-e-o-apartheid-na-africa-do-sul\/#breadcrumb\"},\"inLanguage\":\"pt-BR\",\"potentialAction\":[{\"@type\":\"ReadAction\",\"target\":[\"https:\/\/militares.estrategia.com\/portal\/materias-e-dicas\/geografia\/focos-de-tensao-o-genocidio-de-ruanda-e-o-apartheid-na-africa-do-sul\/\"]}]},{\"@type\":\"ImageObject\",\"inLanguage\":\"pt-BR\",\"@id\":\"https:\/\/militares.estrategia.com\/portal\/materias-e-dicas\/geografia\/focos-de-tensao-o-genocidio-de-ruanda-e-o-apartheid-na-africa-do-sul\/#primaryimage\",\"url\":\"https:\/\/militares.estrategia.com\/portal\/wp-content\/uploads\/2023\/08\/1.jpg\",\"contentUrl\":\"https:\/\/militares.estrategia.com\/portal\/wp-content\/uploads\/2023\/08\/1.jpg\",\"width\":1280,\"height\":802,\"caption\":\"Ruanda\"},{\"@type\":\"BreadcrumbList\",\"@id\":\"https:\/\/militares.estrategia.com\/portal\/materias-e-dicas\/geografia\/focos-de-tensao-o-genocidio-de-ruanda-e-o-apartheid-na-africa-do-sul\/#breadcrumb\",\"itemListElement\":[{\"@type\":\"ListItem\",\"position\":1,\"name\":\"Home\",\"item\":\"https:\/\/militares.estrategia.com\/portal\/\"},{\"@type\":\"ListItem\",\"position\":2,\"name\":\"Mat\u00e9rias e Dicas\",\"item\":\"https:\/\/militares.estrategia.com\/portal\/materias-e-dicas\/\"},{\"@type\":\"ListItem\",\"position\":3,\"name\":\"Geografia\",\"item\":\"https:\/\/militares.estrategia.com\/portal\/materias-e-dicas\/geografia\/\"},{\"@type\":\"ListItem\",\"position\":4,\"name\":\"Focos de tens\u00e3o: o genoc\u00eddio de Ruanda e o apartheid na \u00c1frica do Sul\"}]},{\"@type\":\"WebSite\",\"@id\":\"https:\/\/militares.estrategia.com\/portal\/#website\",\"url\":\"https:\/\/militares.estrategia.com\/portal\/\",\"name\":\"Estrat\u00e9gia Militares\",\"description\":\"\",\"publisher\":{\"@id\":\"https:\/\/militares.estrategia.com\/portal\/#organization\"},\"potentialAction\":[{\"@type\":\"SearchAction\",\"target\":{\"@type\":\"EntryPoint\",\"urlTemplate\":\"https:\/\/militares.estrategia.com\/portal\/?s={search_term_string}\"},\"query-input\":{\"@type\":\"PropertyValueSpecification\",\"valueRequired\":true,\"valueName\":\"search_term_string\"}}],\"inLanguage\":\"pt-BR\"},{\"@type\":\"Organization\",\"@id\":\"https:\/\/militares.estrategia.com\/portal\/#organization\",\"name\":\"Estrat\u00e9gia Militares\",\"url\":\"https:\/\/militares.estrategia.com\/portal\/\",\"logo\":{\"@type\":\"ImageObject\",\"inLanguage\":\"pt-BR\",\"@id\":\"https:\/\/militares.estrategia.com\/portal\/#\/schema\/logo\/image\/\",\"url\":\"https:\/\/militares.estrategia.com\/portal\/wp-content\/uploads\/2021\/10\/logo-militares.webp\",\"contentUrl\":\"https:\/\/militares.estrategia.com\/portal\/wp-content\/uploads\/2021\/10\/logo-militares.webp\",\"width\":346,\"height\":90,\"caption\":\"Estrat\u00e9gia Militares\"},\"image\":{\"@id\":\"https:\/\/militares.estrategia.com\/portal\/#\/schema\/logo\/image\/\"},\"sameAs\":[\"https:\/\/www.facebook.com\/EstrategiaMilitares\",\"https:\/\/x.com\/estrategiamilit\",\"https:\/\/www.instagram.com\/estrategiamilitares\/\",\"https:\/\/www.youtube.com\/channel\/UCRG_9hakCqXxnj_8TqCdgTA\"]},{\"@type\":\"Person\",\"@id\":\"https:\/\/militares.estrategia.com\/portal\/#\/schema\/person\/6587b50abb02ffb0d1d0b50c12a6b317\",\"name\":\"Vin\u00edcius Brigolini\",\"image\":{\"@type\":\"ImageObject\",\"inLanguage\":\"pt-BR\",\"@id\":\"https:\/\/militares.estrategia.com\/portal\/#\/schema\/person\/image\/\",\"url\":\"https:\/\/militares.estrategia.com\/portal\/wp-content\/uploads\/2021\/08\/Sem-titulo-150x150.jpg\",\"contentUrl\":\"https:\/\/militares.estrategia.com\/portal\/wp-content\/uploads\/2021\/08\/Sem-titulo-150x150.jpg\",\"caption\":\"Vin\u00edcius Brigolini\"},\"description\":\"Membro da turma Carcar\u00e1 de 2017 da For\u00e7a A\u00e9rea Brasileira. \u00c9 apaixonado pela avia\u00e7\u00e3o e pelo mundo militar!\",\"sameAs\":[\"https:\/\/www.instagram.com\/viniciusbgn\/\"],\"url\":\"https:\/\/militares.estrategia.com\/portal\/author\/vinicius-souza\/\"}]}<\/script>\n<!-- \/ Yoast SEO Premium plugin. -->","yoast_head_json":{"title":"Foco de tens\u00e3o: genoc\u00eddio de Ruanda e apartheid na \u00c1frica do Sul","description":"Ruanda e a Africa do Sul possuem um intenso hist\u00f3rico de conflitos internos. Clique aqui e saiba mais sobre esse hist\u00f3rico!","robots":{"index":"index","follow":"follow","max-snippet":"max-snippet:-1","max-image-preview":"max-image-preview:large","max-video-preview":"max-video-preview:-1"},"canonical":"https:\/\/militares.estrategia.com\/portal\/materias-e-dicas\/geografia\/focos-de-tensao-o-genocidio-de-ruanda-e-o-apartheid-na-africa-do-sul\/","og_locale":"pt_BR","og_type":"article","og_title":"Focos de tens\u00e3o: o genoc\u00eddio de Ruanda e o apartheid na \u00c1frica do Sul","og_description":"Ruanda e a Africa do Sul possuem um intenso hist\u00f3rico de conflitos internos. Clique aqui e saiba mais sobre esse hist\u00f3rico!","og_url":"https:\/\/militares.estrategia.com\/portal\/materias-e-dicas\/geografia\/focos-de-tensao-o-genocidio-de-ruanda-e-o-apartheid-na-africa-do-sul\/","og_site_name":"Estrat\u00e9gia Militares","article_publisher":"https:\/\/www.facebook.com\/EstrategiaMilitares","article_published_time":"2023-08-25T11:00:00+00:00","article_modified_time":"2023-12-29T17:59:39+00:00","og_image":[{"width":1280,"height":802,"url":"https:\/\/militares.estrategia.com\/portal\/wp-content\/uploads\/2023\/08\/1.jpg","type":"image\/jpeg"}],"author":"Vin\u00edcius Brigolini","twitter_card":"summary_large_image","twitter_creator":"@estrategiamilit","twitter_site":"@estrategiamilit","twitter_misc":{"Escrito por":"Vin\u00edcius Brigolini","Est. tempo de leitura":"9 minutos"},"schema":{"@context":"https:\/\/schema.org","@graph":[{"@type":"Article","@id":"https:\/\/militares.estrategia.com\/portal\/materias-e-dicas\/geografia\/focos-de-tensao-o-genocidio-de-ruanda-e-o-apartheid-na-africa-do-sul\/#article","isPartOf":{"@id":"https:\/\/militares.estrategia.com\/portal\/materias-e-dicas\/geografia\/focos-de-tensao-o-genocidio-de-ruanda-e-o-apartheid-na-africa-do-sul\/"},"author":{"name":"Vin\u00edcius Brigolini","@id":"https:\/\/militares.estrategia.com\/portal\/#\/schema\/person\/6587b50abb02ffb0d1d0b50c12a6b317"},"headline":"Focos de tens\u00e3o: o genoc\u00eddio de Ruanda e o apartheid na \u00c1frica do Sul","datePublished":"2023-08-25T11:00:00+00:00","dateModified":"2023-12-29T17:59:39+00:00","mainEntityOfPage":{"@id":"https:\/\/militares.estrategia.com\/portal\/materias-e-dicas\/geografia\/focos-de-tensao-o-genocidio-de-ruanda-e-o-apartheid-na-africa-do-sul\/"},"wordCount":1814,"publisher":{"@id":"https:\/\/militares.estrategia.com\/portal\/#organization"},"image":{"@id":"https:\/\/militares.estrategia.com\/portal\/materias-e-dicas\/geografia\/focos-de-tensao-o-genocidio-de-ruanda-e-o-apartheid-na-africa-do-sul\/#primaryimage"},"thumbnailUrl":"https:\/\/militares.estrategia.com\/portal\/wp-content\/uploads\/2023\/08\/1.jpg","keywords":["#concursofuzileironaval","carreiramilitar","ConcursosMilitares"],"articleSection":["Geografia"],"inLanguage":"pt-BR"},{"@type":"WebPage","@id":"https:\/\/militares.estrategia.com\/portal\/materias-e-dicas\/geografia\/focos-de-tensao-o-genocidio-de-ruanda-e-o-apartheid-na-africa-do-sul\/","url":"https:\/\/militares.estrategia.com\/portal\/materias-e-dicas\/geografia\/focos-de-tensao-o-genocidio-de-ruanda-e-o-apartheid-na-africa-do-sul\/","name":"Foco de tens\u00e3o: genoc\u00eddio de Ruanda e apartheid na \u00c1frica do Sul","isPartOf":{"@id":"https:\/\/militares.estrategia.com\/portal\/#website"},"primaryImageOfPage":{"@id":"https:\/\/militares.estrategia.com\/portal\/materias-e-dicas\/geografia\/focos-de-tensao-o-genocidio-de-ruanda-e-o-apartheid-na-africa-do-sul\/#primaryimage"},"image":{"@id":"https:\/\/militares.estrategia.com\/portal\/materias-e-dicas\/geografia\/focos-de-tensao-o-genocidio-de-ruanda-e-o-apartheid-na-africa-do-sul\/#primaryimage"},"thumbnailUrl":"https:\/\/militares.estrategia.com\/portal\/wp-content\/uploads\/2023\/08\/1.jpg","datePublished":"2023-08-25T11:00:00+00:00","dateModified":"2023-12-29T17:59:39+00:00","description":"Ruanda e a Africa do Sul possuem um intenso hist\u00f3rico de conflitos internos. Clique aqui e saiba mais sobre esse hist\u00f3rico!","breadcrumb":{"@id":"https:\/\/militares.estrategia.com\/portal\/materias-e-dicas\/geografia\/focos-de-tensao-o-genocidio-de-ruanda-e-o-apartheid-na-africa-do-sul\/#breadcrumb"},"inLanguage":"pt-BR","potentialAction":[{"@type":"ReadAction","target":["https:\/\/militares.estrategia.com\/portal\/materias-e-dicas\/geografia\/focos-de-tensao-o-genocidio-de-ruanda-e-o-apartheid-na-africa-do-sul\/"]}]},{"@type":"ImageObject","inLanguage":"pt-BR","@id":"https:\/\/militares.estrategia.com\/portal\/materias-e-dicas\/geografia\/focos-de-tensao-o-genocidio-de-ruanda-e-o-apartheid-na-africa-do-sul\/#primaryimage","url":"https:\/\/militares.estrategia.com\/portal\/wp-content\/uploads\/2023\/08\/1.jpg","contentUrl":"https:\/\/militares.estrategia.com\/portal\/wp-content\/uploads\/2023\/08\/1.jpg","width":1280,"height":802,"caption":"Ruanda"},{"@type":"BreadcrumbList","@id":"https:\/\/militares.estrategia.com\/portal\/materias-e-dicas\/geografia\/focos-de-tensao-o-genocidio-de-ruanda-e-o-apartheid-na-africa-do-sul\/#breadcrumb","itemListElement":[{"@type":"ListItem","position":1,"name":"Home","item":"https:\/\/militares.estrategia.com\/portal\/"},{"@type":"ListItem","position":2,"name":"Mat\u00e9rias e Dicas","item":"https:\/\/militares.estrategia.com\/portal\/materias-e-dicas\/"},{"@type":"ListItem","position":3,"name":"Geografia","item":"https:\/\/militares.estrategia.com\/portal\/materias-e-dicas\/geografia\/"},{"@type":"ListItem","position":4,"name":"Focos de tens\u00e3o: o genoc\u00eddio de Ruanda e o apartheid na \u00c1frica do Sul"}]},{"@type":"WebSite","@id":"https:\/\/militares.estrategia.com\/portal\/#website","url":"https:\/\/militares.estrategia.com\/portal\/","name":"Estrat\u00e9gia Militares","description":"","publisher":{"@id":"https:\/\/militares.estrategia.com\/portal\/#organization"},"potentialAction":[{"@type":"SearchAction","target":{"@type":"EntryPoint","urlTemplate":"https:\/\/militares.estrategia.com\/portal\/?s={search_term_string}"},"query-input":{"@type":"PropertyValueSpecification","valueRequired":true,"valueName":"search_term_string"}}],"inLanguage":"pt-BR"},{"@type":"Organization","@id":"https:\/\/militares.estrategia.com\/portal\/#organization","name":"Estrat\u00e9gia Militares","url":"https:\/\/militares.estrategia.com\/portal\/","logo":{"@type":"ImageObject","inLanguage":"pt-BR","@id":"https:\/\/militares.estrategia.com\/portal\/#\/schema\/logo\/image\/","url":"https:\/\/militares.estrategia.com\/portal\/wp-content\/uploads\/2021\/10\/logo-militares.webp","contentUrl":"https:\/\/militares.estrategia.com\/portal\/wp-content\/uploads\/2021\/10\/logo-militares.webp","width":346,"height":90,"caption":"Estrat\u00e9gia Militares"},"image":{"@id":"https:\/\/militares.estrategia.com\/portal\/#\/schema\/logo\/image\/"},"sameAs":["https:\/\/www.facebook.com\/EstrategiaMilitares","https:\/\/x.com\/estrategiamilit","https:\/\/www.instagram.com\/estrategiamilitares\/","https:\/\/www.youtube.com\/channel\/UCRG_9hakCqXxnj_8TqCdgTA"]},{"@type":"Person","@id":"https:\/\/militares.estrategia.com\/portal\/#\/schema\/person\/6587b50abb02ffb0d1d0b50c12a6b317","name":"Vin\u00edcius Brigolini","image":{"@type":"ImageObject","inLanguage":"pt-BR","@id":"https:\/\/militares.estrategia.com\/portal\/#\/schema\/person\/image\/","url":"https:\/\/militares.estrategia.com\/portal\/wp-content\/uploads\/2021\/08\/Sem-titulo-150x150.jpg","contentUrl":"https:\/\/militares.estrategia.com\/portal\/wp-content\/uploads\/2021\/08\/Sem-titulo-150x150.jpg","caption":"Vin\u00edcius Brigolini"},"description":"Membro da turma Carcar\u00e1 de 2017 da For\u00e7a A\u00e9rea Brasileira. \u00c9 apaixonado pela avia\u00e7\u00e3o e pelo mundo militar!","sameAs":["https:\/\/www.instagram.com\/viniciusbgn\/"],"url":"https:\/\/militares.estrategia.com\/portal\/author\/vinicius-souza\/"}]}},"_wl_alt_label":[],"wl:entity_url":"https:\/\/data.wordlift.io\/wl110246\/post\/focos-de-tensao-o-genocidio-de-ruanda-e-o-apartheid-na-africa-do-sul-69869","_links":{"self":[{"href":"https:\/\/militares.estrategia.com\/portal\/wp-json\/wp\/v2\/posts\/69869","targetHints":{"allow":["GET"]}}],"collection":[{"href":"https:\/\/militares.estrategia.com\/portal\/wp-json\/wp\/v2\/posts"}],"about":[{"href":"https:\/\/militares.estrategia.com\/portal\/wp-json\/wp\/v2\/types\/post"}],"author":[{"embeddable":true,"href":"https:\/\/militares.estrategia.com\/portal\/wp-json\/wp\/v2\/users\/52"}],"replies":[{"embeddable":true,"href":"https:\/\/militares.estrategia.com\/portal\/wp-json\/wp\/v2\/comments?post=69869"}],"version-history":[{"count":8,"href":"https:\/\/militares.estrategia.com\/portal\/wp-json\/wp\/v2\/posts\/69869\/revisions"}],"predecessor-version":[{"id":72725,"href":"https:\/\/militares.estrategia.com\/portal\/wp-json\/wp\/v2\/posts\/69869\/revisions\/72725"}],"wp:featuredmedia":[{"embeddable":true,"href":"https:\/\/militares.estrategia.com\/portal\/wp-json\/wp\/v2\/media\/69894"}],"wp:attachment":[{"href":"https:\/\/militares.estrategia.com\/portal\/wp-json\/wp\/v2\/media?parent=69869"}],"wp:term":[{"taxonomy":"category","embeddable":true,"href":"https:\/\/militares.estrategia.com\/portal\/wp-json\/wp\/v2\/categories?post=69869"},{"taxonomy":"post_tag","embeddable":true,"href":"https:\/\/militares.estrategia.com\/portal\/wp-json\/wp\/v2\/tags?post=69869"},{"taxonomy":"wl_entity_type","embeddable":true,"href":"https:\/\/militares.estrategia.com\/portal\/wp-json\/wp\/v2\/wl_entity_type?post=69869"}],"curies":[{"name":"wp","href":"https:\/\/api.w.org\/{rel}","templated":true}]}}