{"id":69687,"date":"2023-08-17T16:51:30","date_gmt":"2023-08-17T19:51:30","guid":{"rendered":"https:\/\/militares.estrategia.com\/portal\/?p=69687"},"modified":"2023-08-17T16:51:46","modified_gmt":"2023-08-17T19:51:46","slug":"mulheres-nos-fuzileiros-navais-veja-a-historia-da-aprovada-debora-immich","status":"publish","type":"post","link":"https:\/\/militares.estrategia.com\/portal\/qg-aprovado\/entrevistas\/mulheres-nos-fuzileiros-navais-veja-a-historia-da-aprovada-debora-immich\/","title":{"rendered":"Mulheres nos Fuzileiros Navais: veja a hist\u00f3ria da aprovada D\u00e9bora Immich!"},"content":{"rendered":"\n<p>Pela primeira vez, as mulheres puderam participar do<a href=\"https:\/\/militares.estrategia.com\/portal\/escolas-militares\/marinha\/fuzileiro-naval\/concurso-fuzileiro-naval-vagas-datas-e-etapas\/\" target=\"_blank\" > Concurso Soldado Fuzileiro Naval <\/a>\u2013 que tal, ent\u00e3o, escutarmos uma dessas candidatas pioneiras? O Estrat\u00e9gia Militares conversou com D\u00e9bora Immich, que se classificou como 03 na Prova Objetiva do Concurso FN 2024. Confira!<\/p>\n\n\n\n<div id=\"ez-toc-container\" class=\"ez-toc-v2_0_79_2 counter-hierarchy ez-toc-counter ez-toc-transparent ez-toc-container-direction\">\n<div class=\"ez-toc-title-container\"><p class=\"ez-toc-title\" style=\"cursor:inherit\">Navegue pelo conte\u00fado\t<\/p>\n<\/div><nav><ul class='ez-toc-list ez-toc-list-level-1 ' ><li class='ez-toc-page-1 ez-toc-heading-level-2'><a class=\"ez-toc-link ez-toc-heading-1\" href=\"https:\/\/militares.estrategia.com\/portal\/qg-aprovado\/entrevistas\/mulheres-nos-fuzileiros-navais-veja-a-historia-da-aprovada-debora-immich\/#Pioneiras-no-Corpo-de-Fuzileiros-Navais\" >Pioneiras no Corpo de Fuzileiros Navais<\/a><\/li><li class='ez-toc-page-1 ez-toc-heading-level-2'><a class=\"ez-toc-link ez-toc-heading-2\" href=\"https:\/\/militares.estrategia.com\/portal\/qg-aprovado\/entrevistas\/mulheres-nos-fuzileiros-navais-veja-a-historia-da-aprovada-debora-immich\/#Estudando-com-o-Estrategia-Militares\" >Estudando com o Estrat\u00e9gia Militares<\/a><\/li><li class='ez-toc-page-1 ez-toc-heading-level-2'><a class=\"ez-toc-link ez-toc-heading-3\" href=\"https:\/\/militares.estrategia.com\/portal\/qg-aprovado\/entrevistas\/mulheres-nos-fuzileiros-navais-veja-a-historia-da-aprovada-debora-immich\/#Futuro-nos-Fuzileiros-Navais\" >Futuro nos Fuzileiros Navais<\/a><\/li><\/ul><\/nav><\/div>\n<h2 class=\"wp-block-heading\" id=\"h-pioneiras-no-corpo-de-fuzileiros-navais\"><span class=\"ez-toc-section\" id=\"Pioneiras-no-Corpo-de-Fuzileiros-Navais\"><\/span>Pioneiras no Corpo de Fuzileiros Navais<span class=\"ez-toc-section-end\"><\/span><\/h2>\n\n\n\n<p>\u201cNo momento em que percebi que abriram vagas para o segmento feminino eu vi uma oportunidade e resolvi arriscar, ser umas das pioneiras em uma escola militar \u00e9 uma grande honra para mim\u201d, conta D\u00e9bora. A candidata de 22 anos escolheu concorrer a uma das 48 vagas femininas destinadas \u00e0 Turma I do Rio de Janeiro.&nbsp;<\/p>\n\n\n\n<p>O seletivo permite ingresso no <a href=\"https:\/\/militares.estrategia.com\/portal\/mundo-militar\/carreiras-e-especializacoes\/corpo-de-fuzileiros-navais\/\" target=\"_blank\" >Corpo de Fuzileiros Navais (CFN)<\/a>, uma for\u00e7a composta por militares que passam por um rigoroso processo de sele\u00e7\u00e3o e treinamento no combate em ambiente terrestre, marinho e a\u00e9reo. Sua exist\u00eancia \u00e9 fundamental para a resolu\u00e7\u00e3o de conflitos e garantia do bem-estar da popula\u00e7\u00e3o, em qualquer lugar do mundo.\u00a0\u00a0<\/p>\n\n\n\n<p>Quando D\u00e9bora viu essa oportunidade \u00fanica de se tornar fuzileiro naval, n\u00e3o hesitou em aproveit\u00e1-la. \u201cMe arrisquei com muito esfor\u00e7o no concurso\u201d, ela conta e acrescenta que se considera uma pessoa com o perfil e a voca\u00e7\u00e3o militar: \u201cSempre foi para mim uma carreira linda e confio nas for\u00e7as armadas para a seguran\u00e7a da sociedade e do pa\u00eds\u201d.&nbsp;<\/p>\n\n\n\n<h2 class=\"wp-block-heading\" id=\"h-estudando-com-o-estrategia-militares\"><span class=\"ez-toc-section\" id=\"Estudando-com-o-Estrategia-Militares\"><\/span>Estudando com o Estrat\u00e9gia Militares<span class=\"ez-toc-section-end\"><\/span><\/h2>\n\n\n\n<p>Desde o col\u00e9gio, D\u00e9bora j\u00e1 tinha contato com o mundo militar. \u201cEstudei no Col\u00e9gio Militar de Porto Alegre (CMPA) e tive uma boa base para meus estudos nesse concurso\u201d, revela. Ela veio a conhecer o Estrat\u00e9gia Militares pelas redes sociais e, ent\u00e3o, escolheu apostar em nossos materiais de estudo.&nbsp;<\/p>\n\n\n\n<p>\u201cEu criei um cronograma de estudos com o aux\u00edlio do Estrat\u00e9gia, focando nas mat\u00e9rias que tinha mais dificuldades. Dessa forma, essas apresentavam um maior tempo de estudo, enquanto as que eu tinha mais facilidade tinham um pouco menos\u201d, D\u00e9bora explica. Ela conta que n\u00e3o utilizou nenhum outro material fora o do Estrat\u00e9gia Militares em seus estudos.&nbsp;<\/p>\n\n\n\n<p>\u201cMinha rotina de estudos come\u00e7ava pela manh\u00e3, eu ia para a academia \u00e0s 8h e come\u00e7ava a estudar pelas 10h; parava \u00e0s 12h30 e voltava \u00e0s 13h30 e ia at\u00e9 \u00e0s 22h\u201d, relembra. D\u00e9bora ainda comenta que o estudo \u00e0 dist\u00e2ncia foi de grande aux\u00edlio: \u201cEsse m\u00e9todo contribuiu completamente para o meu desempenho na prova, al\u00e9m de auxiliar-me no processo de constru\u00e7\u00e3o de uma disciplina\u201d.&nbsp;<\/p>\n\n\n\n<p>Claro que \u00e0s vezes sua motiva\u00e7\u00e3o vacilava. \u201cA maior dificuldade que enfrentei nesse per\u00edodo com certeza foi manter uma disciplina, por vezes me encontrava procrastinando, por\u00e9m sempre tive no\u00e7\u00e3o do tamanho do meu objetivo e logo voltava a estudar. Consegui criar uma disciplina forte no meio do caminho que foi essencial para a minha aprova\u00e7\u00e3o\u201d, revela.&nbsp;<\/p>\n\n\n\n<h2 class=\"wp-block-heading\" id=\"h-futuro-nos-fuzileiros-navais\"><span class=\"ez-toc-section\" id=\"Futuro-nos-Fuzileiros-Navais\"><\/span>Futuro nos Fuzileiros Navais<span class=\"ez-toc-section-end\"><\/span><\/h2>\n\n\n\n<p>Para manter-se firme em seu objetivo, D\u00e9bora conta que trazia \u00e0 mem\u00f3ria todo o esfor\u00e7o que j\u00e1 tinha depositado em sua prepara\u00e7\u00e3o e, especialmente, \u201clembrava do meu sonho de servir \u00e0 p\u00e1tria e vivenciar todo o processo de adapta\u00e7\u00e3o aos Fuzileiros\u201d.&nbsp;<\/p>\n\n\n\n<p>E seu esfor\u00e7o foi mais do que recompensado: D\u00e9bora acertou 96 quest\u00f5es das 100 da Prova Objetiva do Concurso FN 2024.&nbsp;<\/p>\n\n\n\n<p>Ela sabe que a prepara\u00e7\u00e3o para ser um Fuzileiro Naval n\u00e3o ser\u00e1 f\u00e1cil e espera uma rotina rigorosa. Ao mesmo tempo, por\u00e9m, est\u00e1 animada em viver experi\u00eancias novas. \u201cMeu maior sonho \u00e9 trabalhar com aquilo que mais gosto, agradecendo a cada dia por estar inserida num sonho de inf\u00e2ncia em servir o meu pa\u00eds.\u201d<\/p>\n\n\n\n<p>Para aqueles que tamb\u00e9m est\u00e3o estudando para alcan\u00e7ar seus sonhos, D\u00e9bora diz: \u201cO melhor conselho que posso oferecer \u00e9 persistir no estudo, conhecer os seus pontos fortes e us\u00e1-los a seu favor\u201d. Em seu caso, ela afirma que seu ponto forte \u00e9 a \u201cteimosia\u201d.&nbsp;<\/p>\n\n\n\n<p>\u201cSempre busquei at\u00e9 o fim alcan\u00e7ar os meus objetivos, de um jeito ou de outro eu lograria \u00eaxito no meu sonho e nada me impediria de conquistar aquilo que sempre quis\u201d, ela conclui.&nbsp;<\/p>\n\n\n\n<p>E a\u00ed, guerreiro? Ficou inspirado para mergulhar nos seus estudos? Voc\u00ea pode acompanhar mais hist\u00f3rias dos aprovados nos seletivos militares aqui no Portal! Al\u00e9m disso, n\u00e3o deixe de conhecer nossos cursos on-line. Clique no banner e torne-se tamb\u00e9m parte do time Coruja!<\/p>\n\n\n\n<p><\/p>\n\n\n\n\n\n<p><\/p>\n","protected":false},"excerpt":{"rendered":"Pela primeira vez, as mulheres puderam participar do Concurso Soldado Fuzileiro Naval \u2013 que tal, ent\u00e3o, escutarmos uma&hellip;\n","protected":false},"author":9,"featured_media":69688,"comment_status":"closed","ping_status":"closed","sticky":false,"template":"","format":"standard","meta":{"wl_entities_gutenberg":"","footnotes":""},"categories":[38],"tags":[],"wl_entity_type":[187],"class_list":{"0":"post-69687","1":"post","2":"type-post","3":"status-publish","4":"format-standard","5":"has-post-thumbnail","7":"category-entrevistas","8":"wl_entity_type-article"},"acf":[],"yoast_head":"<!-- This site is optimized with the Yoast SEO Premium plugin v26.6 (Yoast SEO v26.6) - https:\/\/yoast.com\/wordpress\/plugins\/seo\/ -->\n<title>Mulheres nos Fuzileiros Navais: veja a hist\u00f3ria da aprovada D\u00e9bora Immich!<\/title>\n<meta name=\"description\" content=\"Confira a entrevista com uma das aprovada na Prova Escrita do Concurso Fuzileiros Navais 2024, a primeira edi\u00e7\u00e3o a aceitar mulheres!\" \/>\n<meta name=\"robots\" content=\"index, follow, max-snippet:-1, max-image-preview:large, max-video-preview:-1\" \/>\n<link rel=\"canonical\" href=\"https:\/\/militares.estrategia.com\/portal\/qg-aprovado\/entrevistas\/mulheres-nos-fuzileiros-navais-veja-a-historia-da-aprovada-debora-immich\/\" \/>\n<meta property=\"og:locale\" content=\"pt_BR\" \/>\n<meta property=\"og:type\" content=\"article\" \/>\n<meta property=\"og:title\" content=\"Mulheres nos Fuzileiros Navais: veja a hist\u00f3ria da aprovada D\u00e9bora Immich!\" \/>\n<meta property=\"og:description\" content=\"Confira a entrevista com uma das aprovada na Prova Escrita do Concurso Fuzileiros Navais 2024, a primeira edi\u00e7\u00e3o a aceitar mulheres!\" \/>\n<meta property=\"og:url\" content=\"https:\/\/militares.estrategia.com\/portal\/qg-aprovado\/entrevistas\/mulheres-nos-fuzileiros-navais-veja-a-historia-da-aprovada-debora-immich\/\" \/>\n<meta property=\"og:site_name\" content=\"Estrat\u00e9gia Militares\" \/>\n<meta property=\"article:publisher\" content=\"https:\/\/www.facebook.com\/EstrategiaMilitares\" \/>\n<meta property=\"article:published_time\" content=\"2023-08-17T19:51:30+00:00\" \/>\n<meta property=\"article:modified_time\" content=\"2023-08-17T19:51:46+00:00\" \/>\n<meta property=\"og:image\" content=\"https:\/\/cdn.blog.estrategiavestibulares.com.br\/vestibulares\/wp-content\/uploads\/2023\/08\/Capas-28.jpg\" \/>\n\t<meta property=\"og:image:width\" content=\"1290\" \/>\n\t<meta property=\"og:image:height\" content=\"726\" \/>\n\t<meta property=\"og:image:type\" content=\"image\/jpeg\" \/>\n<meta name=\"author\" content=\"Raquel Oshio\" \/>\n<meta name=\"twitter:card\" content=\"summary_large_image\" \/>\n<meta name=\"twitter:creator\" content=\"@estrategiamilit\" \/>\n<meta name=\"twitter:site\" content=\"@estrategiamilit\" \/>\n<meta name=\"twitter:label1\" content=\"Escrito por\" \/>\n\t<meta name=\"twitter:data1\" content=\"Raquel Oshio\" \/>\n\t<meta name=\"twitter:label2\" content=\"Est. tempo de leitura\" \/>\n\t<meta name=\"twitter:data2\" content=\"4 minutos\" \/>\n<script type=\"application\/ld+json\" class=\"yoast-schema-graph\">{\"@context\":\"https:\/\/schema.org\",\"@graph\":[{\"@type\":\"Article\",\"@id\":\"https:\/\/militares.estrategia.com\/portal\/qg-aprovado\/entrevistas\/mulheres-nos-fuzileiros-navais-veja-a-historia-da-aprovada-debora-immich\/#article\",\"isPartOf\":{\"@id\":\"https:\/\/militares.estrategia.com\/portal\/qg-aprovado\/entrevistas\/mulheres-nos-fuzileiros-navais-veja-a-historia-da-aprovada-debora-immich\/\"},\"author\":{\"name\":\"Raquel Oshio\",\"@id\":\"https:\/\/militares.estrategia.com\/portal\/#\/schema\/person\/46e1f54d690b6a851270112cd62d2f37\"},\"headline\":\"Mulheres nos Fuzileiros Navais: veja a hist\u00f3ria da aprovada D\u00e9bora Immich!\",\"datePublished\":\"2023-08-17T19:51:30+00:00\",\"dateModified\":\"2023-08-17T19:51:46+00:00\",\"mainEntityOfPage\":{\"@id\":\"https:\/\/militares.estrategia.com\/portal\/qg-aprovado\/entrevistas\/mulheres-nos-fuzileiros-navais-veja-a-historia-da-aprovada-debora-immich\/\"},\"wordCount\":759,\"publisher\":{\"@id\":\"https:\/\/militares.estrategia.com\/portal\/#organization\"},\"image\":{\"@id\":\"https:\/\/militares.estrategia.com\/portal\/qg-aprovado\/entrevistas\/mulheres-nos-fuzileiros-navais-veja-a-historia-da-aprovada-debora-immich\/#primaryimage\"},\"thumbnailUrl\":\"https:\/\/militares.estrategia.com\/portal\/wp-content\/uploads\/2023\/08\/Capas-28.jpg\",\"articleSection\":[\"Entrevistas\"],\"inLanguage\":\"pt-BR\"},{\"@type\":\"WebPage\",\"@id\":\"https:\/\/militares.estrategia.com\/portal\/qg-aprovado\/entrevistas\/mulheres-nos-fuzileiros-navais-veja-a-historia-da-aprovada-debora-immich\/\",\"url\":\"https:\/\/militares.estrategia.com\/portal\/qg-aprovado\/entrevistas\/mulheres-nos-fuzileiros-navais-veja-a-historia-da-aprovada-debora-immich\/\",\"name\":\"Mulheres nos Fuzileiros Navais: veja a hist\u00f3ria da aprovada D\u00e9bora Immich!\",\"isPartOf\":{\"@id\":\"https:\/\/militares.estrategia.com\/portal\/#website\"},\"primaryImageOfPage\":{\"@id\":\"https:\/\/militares.estrategia.com\/portal\/qg-aprovado\/entrevistas\/mulheres-nos-fuzileiros-navais-veja-a-historia-da-aprovada-debora-immich\/#primaryimage\"},\"image\":{\"@id\":\"https:\/\/militares.estrategia.com\/portal\/qg-aprovado\/entrevistas\/mulheres-nos-fuzileiros-navais-veja-a-historia-da-aprovada-debora-immich\/#primaryimage\"},\"thumbnailUrl\":\"https:\/\/militares.estrategia.com\/portal\/wp-content\/uploads\/2023\/08\/Capas-28.jpg\",\"datePublished\":\"2023-08-17T19:51:30+00:00\",\"dateModified\":\"2023-08-17T19:51:46+00:00\",\"description\":\"Confira a entrevista com uma das aprovada na Prova Escrita do Concurso Fuzileiros Navais 2024, a primeira edi\u00e7\u00e3o a aceitar mulheres!\",\"breadcrumb\":{\"@id\":\"https:\/\/militares.estrategia.com\/portal\/qg-aprovado\/entrevistas\/mulheres-nos-fuzileiros-navais-veja-a-historia-da-aprovada-debora-immich\/#breadcrumb\"},\"inLanguage\":\"pt-BR\",\"potentialAction\":[{\"@type\":\"ReadAction\",\"target\":[\"https:\/\/militares.estrategia.com\/portal\/qg-aprovado\/entrevistas\/mulheres-nos-fuzileiros-navais-veja-a-historia-da-aprovada-debora-immich\/\"]}]},{\"@type\":\"ImageObject\",\"inLanguage\":\"pt-BR\",\"@id\":\"https:\/\/militares.estrategia.com\/portal\/qg-aprovado\/entrevistas\/mulheres-nos-fuzileiros-navais-veja-a-historia-da-aprovada-debora-immich\/#primaryimage\",\"url\":\"https:\/\/militares.estrategia.com\/portal\/wp-content\/uploads\/2023\/08\/Capas-28.jpg\",\"contentUrl\":\"https:\/\/militares.estrategia.com\/portal\/wp-content\/uploads\/2023\/08\/Capas-28.jpg\",\"width\":1290,\"height\":726},{\"@type\":\"BreadcrumbList\",\"@id\":\"https:\/\/militares.estrategia.com\/portal\/qg-aprovado\/entrevistas\/mulheres-nos-fuzileiros-navais-veja-a-historia-da-aprovada-debora-immich\/#breadcrumb\",\"itemListElement\":[{\"@type\":\"ListItem\",\"position\":1,\"name\":\"Home\",\"item\":\"https:\/\/militares.estrategia.com\/portal\/\"},{\"@type\":\"ListItem\",\"position\":2,\"name\":\"QG do Aprovado\",\"item\":\"https:\/\/militares.estrategia.com\/portal\/qg-aprovado\/\"},{\"@type\":\"ListItem\",\"position\":3,\"name\":\"Entrevistas\",\"item\":\"https:\/\/militares.estrategia.com\/portal\/qg-aprovado\/entrevistas\/\"},{\"@type\":\"ListItem\",\"position\":4,\"name\":\"Mulheres nos Fuzileiros Navais: veja a hist\u00f3ria da aprovada D\u00e9bora Immich!\"}]},{\"@type\":\"WebSite\",\"@id\":\"https:\/\/militares.estrategia.com\/portal\/#website\",\"url\":\"https:\/\/militares.estrategia.com\/portal\/\",\"name\":\"Estrat\u00e9gia Militares\",\"description\":\"\",\"publisher\":{\"@id\":\"https:\/\/militares.estrategia.com\/portal\/#organization\"},\"potentialAction\":[{\"@type\":\"SearchAction\",\"target\":{\"@type\":\"EntryPoint\",\"urlTemplate\":\"https:\/\/militares.estrategia.com\/portal\/?s={search_term_string}\"},\"query-input\":{\"@type\":\"PropertyValueSpecification\",\"valueRequired\":true,\"valueName\":\"search_term_string\"}}],\"inLanguage\":\"pt-BR\"},{\"@type\":\"Organization\",\"@id\":\"https:\/\/militares.estrategia.com\/portal\/#organization\",\"name\":\"Estrat\u00e9gia Militares\",\"url\":\"https:\/\/militares.estrategia.com\/portal\/\",\"logo\":{\"@type\":\"ImageObject\",\"inLanguage\":\"pt-BR\",\"@id\":\"https:\/\/militares.estrategia.com\/portal\/#\/schema\/logo\/image\/\",\"url\":\"https:\/\/militares.estrategia.com\/portal\/wp-content\/uploads\/2021\/10\/logo-militares.webp\",\"contentUrl\":\"https:\/\/militares.estrategia.com\/portal\/wp-content\/uploads\/2021\/10\/logo-militares.webp\",\"width\":346,\"height\":90,\"caption\":\"Estrat\u00e9gia Militares\"},\"image\":{\"@id\":\"https:\/\/militares.estrategia.com\/portal\/#\/schema\/logo\/image\/\"},\"sameAs\":[\"https:\/\/www.facebook.com\/EstrategiaMilitares\",\"https:\/\/x.com\/estrategiamilit\",\"https:\/\/www.instagram.com\/estrategiamilitares\/\",\"https:\/\/www.youtube.com\/channel\/UCRG_9hakCqXxnj_8TqCdgTA\"]},{\"@type\":\"Person\",\"@id\":\"https:\/\/militares.estrategia.com\/portal\/#\/schema\/person\/46e1f54d690b6a851270112cd62d2f37\",\"name\":\"Raquel Oshio\",\"image\":{\"@type\":\"ImageObject\",\"inLanguage\":\"pt-BR\",\"@id\":\"https:\/\/militares.estrategia.com\/portal\/#\/schema\/person\/image\/\",\"url\":\"https:\/\/secure.gravatar.com\/avatar\/fa4e62d5e59d9cf9995ea9c715a78807?s=96&d=mm&r=g\",\"contentUrl\":\"https:\/\/secure.gravatar.com\/avatar\/fa4e62d5e59d9cf9995ea9c715a78807?s=96&d=mm&r=g\",\"caption\":\"Raquel Oshio\"},\"description\":\"Raquel Kie \u00e9 amante de hist\u00f3rias e ca\u00e7adora de belezas escondidas. Jornalista de profiss\u00e3o e cora\u00e7\u00e3o. Desenhista e escritora de fic\u00e7\u00e3o nas horas vagas. Acredito no potencial transformador de todo trabalho feito com dedica\u00e7\u00e3o.\",\"url\":\"https:\/\/militares.estrategia.com\/portal\/author\/raqueloshio\/\"}]}<\/script>\n<!-- \/ Yoast SEO Premium plugin. -->","yoast_head_json":{"title":"Mulheres nos Fuzileiros Navais: veja a hist\u00f3ria da aprovada D\u00e9bora Immich!","description":"Confira a entrevista com uma das aprovada na Prova Escrita do Concurso Fuzileiros Navais 2024, a primeira edi\u00e7\u00e3o a aceitar mulheres!","robots":{"index":"index","follow":"follow","max-snippet":"max-snippet:-1","max-image-preview":"max-image-preview:large","max-video-preview":"max-video-preview:-1"},"canonical":"https:\/\/militares.estrategia.com\/portal\/qg-aprovado\/entrevistas\/mulheres-nos-fuzileiros-navais-veja-a-historia-da-aprovada-debora-immich\/","og_locale":"pt_BR","og_type":"article","og_title":"Mulheres nos Fuzileiros Navais: veja a hist\u00f3ria da aprovada D\u00e9bora Immich!","og_description":"Confira a entrevista com uma das aprovada na Prova Escrita do Concurso Fuzileiros Navais 2024, a primeira edi\u00e7\u00e3o a aceitar mulheres!","og_url":"https:\/\/militares.estrategia.com\/portal\/qg-aprovado\/entrevistas\/mulheres-nos-fuzileiros-navais-veja-a-historia-da-aprovada-debora-immich\/","og_site_name":"Estrat\u00e9gia Militares","article_publisher":"https:\/\/www.facebook.com\/EstrategiaMilitares","article_published_time":"2023-08-17T19:51:30+00:00","article_modified_time":"2023-08-17T19:51:46+00:00","og_image":[{"width":1290,"height":726,"url":"https:\/\/cdn.blog.estrategiavestibulares.com.br\/vestibulares\/wp-content\/uploads\/2023\/08\/Capas-28.jpg","type":"image\/jpeg"}],"author":"Raquel Oshio","twitter_card":"summary_large_image","twitter_creator":"@estrategiamilit","twitter_site":"@estrategiamilit","twitter_misc":{"Escrito por":"Raquel Oshio","Est. tempo de leitura":"4 minutos"},"schema":{"@context":"https:\/\/schema.org","@graph":[{"@type":"Article","@id":"https:\/\/militares.estrategia.com\/portal\/qg-aprovado\/entrevistas\/mulheres-nos-fuzileiros-navais-veja-a-historia-da-aprovada-debora-immich\/#article","isPartOf":{"@id":"https:\/\/militares.estrategia.com\/portal\/qg-aprovado\/entrevistas\/mulheres-nos-fuzileiros-navais-veja-a-historia-da-aprovada-debora-immich\/"},"author":{"name":"Raquel Oshio","@id":"https:\/\/militares.estrategia.com\/portal\/#\/schema\/person\/46e1f54d690b6a851270112cd62d2f37"},"headline":"Mulheres nos Fuzileiros Navais: veja a hist\u00f3ria da aprovada D\u00e9bora Immich!","datePublished":"2023-08-17T19:51:30+00:00","dateModified":"2023-08-17T19:51:46+00:00","mainEntityOfPage":{"@id":"https:\/\/militares.estrategia.com\/portal\/qg-aprovado\/entrevistas\/mulheres-nos-fuzileiros-navais-veja-a-historia-da-aprovada-debora-immich\/"},"wordCount":759,"publisher":{"@id":"https:\/\/militares.estrategia.com\/portal\/#organization"},"image":{"@id":"https:\/\/militares.estrategia.com\/portal\/qg-aprovado\/entrevistas\/mulheres-nos-fuzileiros-navais-veja-a-historia-da-aprovada-debora-immich\/#primaryimage"},"thumbnailUrl":"https:\/\/militares.estrategia.com\/portal\/wp-content\/uploads\/2023\/08\/Capas-28.jpg","articleSection":["Entrevistas"],"inLanguage":"pt-BR"},{"@type":"WebPage","@id":"https:\/\/militares.estrategia.com\/portal\/qg-aprovado\/entrevistas\/mulheres-nos-fuzileiros-navais-veja-a-historia-da-aprovada-debora-immich\/","url":"https:\/\/militares.estrategia.com\/portal\/qg-aprovado\/entrevistas\/mulheres-nos-fuzileiros-navais-veja-a-historia-da-aprovada-debora-immich\/","name":"Mulheres nos Fuzileiros Navais: veja a hist\u00f3ria da aprovada D\u00e9bora Immich!","isPartOf":{"@id":"https:\/\/militares.estrategia.com\/portal\/#website"},"primaryImageOfPage":{"@id":"https:\/\/militares.estrategia.com\/portal\/qg-aprovado\/entrevistas\/mulheres-nos-fuzileiros-navais-veja-a-historia-da-aprovada-debora-immich\/#primaryimage"},"image":{"@id":"https:\/\/militares.estrategia.com\/portal\/qg-aprovado\/entrevistas\/mulheres-nos-fuzileiros-navais-veja-a-historia-da-aprovada-debora-immich\/#primaryimage"},"thumbnailUrl":"https:\/\/militares.estrategia.com\/portal\/wp-content\/uploads\/2023\/08\/Capas-28.jpg","datePublished":"2023-08-17T19:51:30+00:00","dateModified":"2023-08-17T19:51:46+00:00","description":"Confira a entrevista com uma das aprovada na Prova Escrita do Concurso Fuzileiros Navais 2024, a primeira edi\u00e7\u00e3o a aceitar mulheres!","breadcrumb":{"@id":"https:\/\/militares.estrategia.com\/portal\/qg-aprovado\/entrevistas\/mulheres-nos-fuzileiros-navais-veja-a-historia-da-aprovada-debora-immich\/#breadcrumb"},"inLanguage":"pt-BR","potentialAction":[{"@type":"ReadAction","target":["https:\/\/militares.estrategia.com\/portal\/qg-aprovado\/entrevistas\/mulheres-nos-fuzileiros-navais-veja-a-historia-da-aprovada-debora-immich\/"]}]},{"@type":"ImageObject","inLanguage":"pt-BR","@id":"https:\/\/militares.estrategia.com\/portal\/qg-aprovado\/entrevistas\/mulheres-nos-fuzileiros-navais-veja-a-historia-da-aprovada-debora-immich\/#primaryimage","url":"https:\/\/militares.estrategia.com\/portal\/wp-content\/uploads\/2023\/08\/Capas-28.jpg","contentUrl":"https:\/\/militares.estrategia.com\/portal\/wp-content\/uploads\/2023\/08\/Capas-28.jpg","width":1290,"height":726},{"@type":"BreadcrumbList","@id":"https:\/\/militares.estrategia.com\/portal\/qg-aprovado\/entrevistas\/mulheres-nos-fuzileiros-navais-veja-a-historia-da-aprovada-debora-immich\/#breadcrumb","itemListElement":[{"@type":"ListItem","position":1,"name":"Home","item":"https:\/\/militares.estrategia.com\/portal\/"},{"@type":"ListItem","position":2,"name":"QG do Aprovado","item":"https:\/\/militares.estrategia.com\/portal\/qg-aprovado\/"},{"@type":"ListItem","position":3,"name":"Entrevistas","item":"https:\/\/militares.estrategia.com\/portal\/qg-aprovado\/entrevistas\/"},{"@type":"ListItem","position":4,"name":"Mulheres nos Fuzileiros Navais: veja a hist\u00f3ria da aprovada D\u00e9bora Immich!"}]},{"@type":"WebSite","@id":"https:\/\/militares.estrategia.com\/portal\/#website","url":"https:\/\/militares.estrategia.com\/portal\/","name":"Estrat\u00e9gia Militares","description":"","publisher":{"@id":"https:\/\/militares.estrategia.com\/portal\/#organization"},"potentialAction":[{"@type":"SearchAction","target":{"@type":"EntryPoint","urlTemplate":"https:\/\/militares.estrategia.com\/portal\/?s={search_term_string}"},"query-input":{"@type":"PropertyValueSpecification","valueRequired":true,"valueName":"search_term_string"}}],"inLanguage":"pt-BR"},{"@type":"Organization","@id":"https:\/\/militares.estrategia.com\/portal\/#organization","name":"Estrat\u00e9gia Militares","url":"https:\/\/militares.estrategia.com\/portal\/","logo":{"@type":"ImageObject","inLanguage":"pt-BR","@id":"https:\/\/militares.estrategia.com\/portal\/#\/schema\/logo\/image\/","url":"https:\/\/militares.estrategia.com\/portal\/wp-content\/uploads\/2021\/10\/logo-militares.webp","contentUrl":"https:\/\/militares.estrategia.com\/portal\/wp-content\/uploads\/2021\/10\/logo-militares.webp","width":346,"height":90,"caption":"Estrat\u00e9gia Militares"},"image":{"@id":"https:\/\/militares.estrategia.com\/portal\/#\/schema\/logo\/image\/"},"sameAs":["https:\/\/www.facebook.com\/EstrategiaMilitares","https:\/\/x.com\/estrategiamilit","https:\/\/www.instagram.com\/estrategiamilitares\/","https:\/\/www.youtube.com\/channel\/UCRG_9hakCqXxnj_8TqCdgTA"]},{"@type":"Person","@id":"https:\/\/militares.estrategia.com\/portal\/#\/schema\/person\/46e1f54d690b6a851270112cd62d2f37","name":"Raquel Oshio","image":{"@type":"ImageObject","inLanguage":"pt-BR","@id":"https:\/\/militares.estrategia.com\/portal\/#\/schema\/person\/image\/","url":"https:\/\/secure.gravatar.com\/avatar\/fa4e62d5e59d9cf9995ea9c715a78807?s=96&d=mm&r=g","contentUrl":"https:\/\/secure.gravatar.com\/avatar\/fa4e62d5e59d9cf9995ea9c715a78807?s=96&d=mm&r=g","caption":"Raquel Oshio"},"description":"Raquel Kie \u00e9 amante de hist\u00f3rias e ca\u00e7adora de belezas escondidas. Jornalista de profiss\u00e3o e cora\u00e7\u00e3o. Desenhista e escritora de fic\u00e7\u00e3o nas horas vagas. Acredito no potencial transformador de todo trabalho feito com dedica\u00e7\u00e3o.","url":"https:\/\/militares.estrategia.com\/portal\/author\/raqueloshio\/"}]}},"_wl_alt_label":[],"wl:entity_url":"https:\/\/data.wordlift.io\/wl110246\/post\/mulheres-nos-fuzileiros-navais-veja-a-historia-da-aprovada-debora-immich-69687","_links":{"self":[{"href":"https:\/\/militares.estrategia.com\/portal\/wp-json\/wp\/v2\/posts\/69687","targetHints":{"allow":["GET"]}}],"collection":[{"href":"https:\/\/militares.estrategia.com\/portal\/wp-json\/wp\/v2\/posts"}],"about":[{"href":"https:\/\/militares.estrategia.com\/portal\/wp-json\/wp\/v2\/types\/post"}],"author":[{"embeddable":true,"href":"https:\/\/militares.estrategia.com\/portal\/wp-json\/wp\/v2\/users\/9"}],"replies":[{"embeddable":true,"href":"https:\/\/militares.estrategia.com\/portal\/wp-json\/wp\/v2\/comments?post=69687"}],"version-history":[{"count":1,"href":"https:\/\/militares.estrategia.com\/portal\/wp-json\/wp\/v2\/posts\/69687\/revisions"}],"predecessor-version":[{"id":69689,"href":"https:\/\/militares.estrategia.com\/portal\/wp-json\/wp\/v2\/posts\/69687\/revisions\/69689"}],"wp:featuredmedia":[{"embeddable":true,"href":"https:\/\/militares.estrategia.com\/portal\/wp-json\/wp\/v2\/media\/69688"}],"wp:attachment":[{"href":"https:\/\/militares.estrategia.com\/portal\/wp-json\/wp\/v2\/media?parent=69687"}],"wp:term":[{"taxonomy":"category","embeddable":true,"href":"https:\/\/militares.estrategia.com\/portal\/wp-json\/wp\/v2\/categories?post=69687"},{"taxonomy":"post_tag","embeddable":true,"href":"https:\/\/militares.estrategia.com\/portal\/wp-json\/wp\/v2\/tags?post=69687"},{"taxonomy":"wl_entity_type","embeddable":true,"href":"https:\/\/militares.estrategia.com\/portal\/wp-json\/wp\/v2\/wl_entity_type?post=69687"}],"curies":[{"name":"wp","href":"https:\/\/api.w.org\/{rel}","templated":true}]}}