{"id":69640,"date":"2023-08-15T12:39:37","date_gmt":"2023-08-15T15:39:37","guid":{"rendered":"https:\/\/militares.estrategia.com\/portal\/?p=69640"},"modified":"2023-08-15T12:39:43","modified_gmt":"2023-08-15T15:39:43","slug":"renascimento-formacao-de-uma-nova-mentalidade","status":"publish","type":"post","link":"https:\/\/militares.estrategia.com\/portal\/materias-e-dicas\/historia\/renascimento-formacao-de-uma-nova-mentalidade\/","title":{"rendered":"Renascimento: forma\u00e7\u00e3o de uma nova mentalidade"},"content":{"rendered":"\n<p>Vai participar dos concursos e quer saber um pouquinho mais de hist\u00f3ria? Vem com a gente! Confira esse artigo que o Estrat\u00e9gia Militares preparou para voc\u00ea sobre o Renascimento.<\/p>\n\n\n\n<p>O Renascimento foi um Movimento Cultural que marcou as mudan\u00e7as socioculturais europeias rumo \u00e0 Modernidade. Ele criou a base conceitual e de valores que permitiu a ascens\u00e3o do pensamento racional e do m\u00e9todo cient\u00edfico nos s\u00e9culos XVI e XVII. Por isso, diversos historiadores relacionam essa nova mentalidade com as transforma\u00e7\u00f5es que se verificavam no processo de transi\u00e7\u00e3o da Idade M\u00e9dia para a Moderna.<\/p>\n\n\n\n<p>O Renascimento tem express\u00e3o na filosofia, na pol\u00edtica, nas artes pl\u00e1sticas, na literatura, na m\u00fasica, na arquitetura, entre outros. Vejamos alguns t\u00f3picos importantes sobre esse assunto, que podem ser cobrados na sua prova!<\/p>\n\n\n\n<div id=\"ez-toc-container\" class=\"ez-toc-v2_0_79_2 counter-hierarchy ez-toc-counter ez-toc-transparent ez-toc-container-direction\">\n<div class=\"ez-toc-title-container\"><p class=\"ez-toc-title\" style=\"cursor:inherit\">Navegue pelo conte\u00fado\t<\/p>\n<\/div><nav><ul class='ez-toc-list ez-toc-list-level-1 ' ><li class='ez-toc-page-1 ez-toc-heading-level-2'><a class=\"ez-toc-link ez-toc-heading-1\" href=\"https:\/\/militares.estrategia.com\/portal\/materias-e-dicas\/historia\/renascimento-formacao-de-uma-nova-mentalidade\/#Humanismo-e-Renascimento\" >Humanismo e Renascimento<\/a><\/li><li class='ez-toc-page-1 ez-toc-heading-level-2'><a class=\"ez-toc-link ez-toc-heading-2\" href=\"https:\/\/militares.estrategia.com\/portal\/materias-e-dicas\/historia\/renascimento-formacao-de-uma-nova-mentalidade\/#Humanismo-X-Cristianismo\" >Humanismo X Cristianismo<\/a><\/li><li class='ez-toc-page-1 ez-toc-heading-level-2'><a class=\"ez-toc-link ez-toc-heading-3\" href=\"https:\/\/militares.estrategia.com\/portal\/materias-e-dicas\/historia\/renascimento-formacao-de-uma-nova-mentalidade\/#O-berco-e-a-expansao-do-Renascimento-Cultural\" >O ber\u00e7o e a expans\u00e3o do Renascimento Cultural&nbsp;<\/a><\/li><li class='ez-toc-page-1 ez-toc-heading-level-2'><a class=\"ez-toc-link ez-toc-heading-4\" href=\"https:\/\/militares.estrategia.com\/portal\/materias-e-dicas\/historia\/renascimento-formacao-de-uma-nova-mentalidade\/#Humanismo-se-espalha-pela-Europa\" >Humanismo se espalha pela Europa<\/a><\/li><li class='ez-toc-page-1 ez-toc-heading-level-2'><a class=\"ez-toc-link ez-toc-heading-5\" href=\"https:\/\/militares.estrategia.com\/portal\/materias-e-dicas\/historia\/renascimento-formacao-de-uma-nova-mentalidade\/#Ameacas-a-nova-mentalidade\" >Amea\u00e7as \u00e0 nova mentalidade<\/a><\/li><\/ul><\/nav><\/div>\n<h2 class=\"wp-block-heading\" id=\"h-humanismo-e-renascimento\"><span class=\"ez-toc-section\" id=\"Humanismo-e-Renascimento\"><\/span>Humanismo e Renascimento<span class=\"ez-toc-section-end\"><\/span><\/h2>\n\n\n\n<p>No contexto das modifica\u00e7\u00f5es que ocorreram no final da Idade M\u00e9dia, sobretudo, aquelas ligadas aos desenvolvimentos comercial e urbano, surgiu uma tend\u00eancia intelectual questionadora dos dogmas religiosos, os quais monopolizavam justifica\u00e7\u00f5es para a organiza\u00e7\u00e3o e a explica\u00e7\u00e3o da vida.&nbsp;<\/p>\n\n\n\n<p>Essa corrente filos\u00f3fica propunha uma revisita\u00e7\u00e3o e a retomada da cultura greco-romana. Nesse sentido, valorizou-se os ideais de exalta\u00e7\u00e3o do homem e de seus atributos naturais, quais sejam: a raz\u00e3o e a liberdade.&nbsp;<\/p>\n\n\n\n<p>Essa corrente filos\u00f3fica foi o Humanismo, a qual foi a base original unificadora do Movimento Renascentista. Vejamos as caracter\u00edsticas do Humanismo e as do Renascimento.<\/p>\n\n\n\n<h3 class=\"wp-block-heading\">Renascimento<\/h3>\n\n\n\n<p class=\"has-text-align-center\"><img decoding=\"async\" src=\"https:\/\/lh6.googleusercontent.com\/YQgEpEGlCmkSlbYjDPCneyG4J5V6_lmSMtNv6aSl77e9L43oIjfIaPCZVjrz9xNQfv8KrP4gNt82HuUsreLNdZYKOUV7oZPD2MBqGKCfS-jSHBPgj5GL1-EZqRIY7XCLFVR2UCpRF8zL7zw5i4Rtyl4\" width=\"248\" height=\"316\"><\/p>\n\n\n\n<p>Leonardo da Vinci (1452-1519) foi um dos personagens mais importantes do Renascimento.&nbsp;<\/p>\n\n\n\n<p>Destacou-se como cientista, matem\u00e1tico, engenheiro, inventor, anatomista, pintor, escultor, arquiteto, bot\u00e2nico, poeta e m\u00fasico. Um verdadeiro homem renascentista!&nbsp;<\/p>\n\n\n\n<p>\u00c9, ainda, conhecido como o precursor da avia\u00e7\u00e3o e da bal\u00edstica.&nbsp;<\/p>\n\n\n\n<p>Ele foi descrito como o arqu\u00e9tipo do homem do Renascimento, algu\u00e9m cuja curiosidade insaci\u00e1vel era igualada apenas pela sua capacidade de inven\u00e7\u00e3o.&nbsp;<\/p>\n\n\n\n<p>Essa obra ao lado \u00e9 um estudo matem\u00e1tico de uma descoberta de um arquiteto romano chamado Marcus Vitruvius Pollio (I a.C) que havia se perdido com o tempo.&nbsp;<\/p>\n\n\n\n<h3 class=\"wp-block-heading\">Humanismo<\/h3>\n\n\n\n<p>O Humanismo surgiu nas Universidades Medievais. Nelas, os estudiosos se dedicavam \u00e0 an\u00e1lise dos textos da Antiguidade Cl\u00e1ssica. O objetivo inicial desses intelectuais era devolver a \u201cpureza original\u201d \u00e0s tradu\u00e7\u00f5es dos s\u00e9culos anteriores que, segundo eles, estavam pautadas em interpreta\u00e7\u00f5es subordinadas \u00e0 doutrina crist\u00e3.&nbsp;<\/p>\n\n\n\n<p>Al\u00e9m disso, consideravam que as tradu\u00e7\u00f5es feitas ao longo do tempo deturparam as ideias originais dos autores cl\u00e1ssicos. Assim, redescobriram autores como Plat\u00e3o, Arist\u00f3teles e C\u00edcero. Com isso, colocaram em circula\u00e7\u00e3o novas interpreta\u00e7\u00f5es e ideias sobre diferentes assuntos.<\/p>\n\n\n\n<p>Os humanistas tamb\u00e9m se dedicaram ao estudo das l\u00ednguas e, por isso, recuperaram textos em grego, em latim, entre outras. Essa dedica\u00e7\u00e3o acabou por levar os humanistas aos estudos das institui\u00e7\u00f5es pol\u00edticas e dos m\u00e9todos de estudos da antiguidade. Dessa forma, o humanismo foi se expandindo e influenciou diversos setores da intelectualidade.&nbsp;<\/p>\n\n\n\n<p>O tra\u00e7o que melhor caracteriza o princ\u00edpio humanista, como falamos, foi a ideia greco-romana de exalta\u00e7\u00e3o do homem e de seus atributos naturais: a raz\u00e3o e a liberdade. Por essa perspectiva, o homem \u00e9 criador e criatura do mundo em que vive. Sem romper com a Igreja, exaltava o individualismo, tendo o homem como o centro e ponto de partida da observa\u00e7\u00e3o e investiga\u00e7\u00e3o sobre o mundo.&nbsp;<\/p>\n\n\n\n<p>Por exemplo, o humanista italiano Giovanni Pico della Mirandola (1463-1494), estudioso de Plat\u00e3o, afirmava que Deus criou o homem dotado de liberdade para construir a si mesmo.&nbsp;<\/p>\n\n\n\n<p>Isso levou ao desenvolvimento do antropocentrismo e do racionalismo, \u2013 duas caracter\u00edsticas fundamentais do humanismo e que influenciaram o conjunto do Movimento Renascentista nos s\u00e9culos subsequentes.Vejamos suas caracter\u00edsticas principais:<\/p>\n\n\n\n<ul class=\"wp-block-list\">\n<li>O antropocentrismo \u00e9 a concep\u00e7\u00e3o do homem como centro e ponto de partida para o pensamento e a observa\u00e7\u00e3o do mundo. Por isso, enaltece-se a liberdade e a capacidade inventiva e reflexiva dos indiv\u00edduos. Esta concep\u00e7\u00e3o se op\u00f5e ao chamado Teocentrismo, que tinha Deus como centro da organiza\u00e7\u00e3o da vida medieval e, portanto, a exalta\u00e7\u00e3o girava em torno da vontade divina. Tendo essa concep\u00e7\u00e3o como princ\u00edpio, desenvolveram-se novas: o individualismo e o racionalismo.<\/li>\n<\/ul>\n\n\n\n<ul class=\"wp-block-list\">\n<li>O racionalismo era uma decorr\u00eancia da ideia do antropocentrismo. \u00c9 a valoriza\u00e7\u00e3o da racionalidade como o grande atributo do ser humano. A busca de um m\u00e9todo l\u00f3gico para conhecer a realidade e descobrir as leis que regem os fen\u00f4menos. \u201cO que posso conhecer?\u201d e \u201cComo posso conhecer?\u201d eram as perguntas que os renascentistas faziam. Da\u00ed decorre o empirismo, o qual afirma que o conhecimento do mundo prov\u00e9m da experi\u00eancia pr\u00e1tica. Em decorr\u00eancia da busca pelo conhecimento por esse meio, desenvolveu-se o m\u00e9todo cient\u00edfico (m\u00e9todo experimental, observa\u00e7\u00e3o e an\u00e1lise cr\u00edtica) que se expressou no aparecimento de importantes teorias, como a do heliocentrismo.<\/li>\n<\/ul>\n\n\n\n<ul class=\"wp-block-list\">\n<li>O heliocentrismo \u00e9 uma teoria astron\u00f4mica que coloca o Sol no centro do Universo. Essa teoria superou a teoria cl\u00e1ssica de Ptolomeu \u2013 a geoc\u00eantrica, defendida oportunamente pela Igreja Cat\u00f3lica. Foi desenvolvida por Nicolau Cop\u00e9rnico, reafirmada por Giordano Bruno, Galileu Galilei e Johannes Kepler.<\/li>\n<\/ul>\n\n\n\n<h2 class=\"wp-block-heading\"><span class=\"ez-toc-section\" id=\"Humanismo-X-Cristianismo\"><\/span>Humanismo X Cristianismo<span class=\"ez-toc-section-end\"><\/span><\/h2>\n\n\n\n<p>\u00c9 importante ressaltar que o Humanismo n\u00e3o foi uma corrente anticrist\u00e3 e, tampouco, uma ruptura com os temas crist\u00e3os do medievo. O que aconteceu foi uma renova\u00e7\u00e3o no tratamento dessas quest\u00f5es, trazendo-as para o campo mais human\u00edstico, baseado na observa\u00e7\u00e3o emp\u00edrica, na raz\u00e3o e na liberdade. A proposta era complementar f\u00e9 e raz\u00e3o, sem perder de vista a perspectiva cr\u00edtica capaz de explicar dogmas incompreens\u00edveis.<\/p>\n\n\n\n<p>Vemos, portanto, que h\u00e1 uma interpreta\u00e7\u00e3o cient\u00edfica do mundo. O resultado disso nas artes, sejam pl\u00e1sticas ou arquitet\u00f4nicas, foi o estudo sobre a perspectiva baseada nos princ\u00edpios da matem\u00e1tica e geometria.&nbsp;<\/p>\n\n\n\n<p>Os historiadores da arte, como Gombrich , afirmam que mesmo os gregos e helen\u00edsticos, que conseguiram criar ilus\u00f5es de profundidade, n\u00e3o conheciam o que se descobriu na renascen\u00e7a: leis matem\u00e1ticas da perspectiva.<\/p>\n\n\n<div class=\"wp-block-image\">\n<figure class=\"aligncenter\"><img decoding=\"async\" src=\"https:\/\/lh4.googleusercontent.com\/RXwcu7yEotPXBihb3_tu9qVBV6dumC05yy8FV38HPqwp62HTSuVaKekGU99n_dubASUV157rgufHrb3PenkEhRIn549AXyKnOCAEZx9utk480LMugQNeL27ciYUyu0UkbmHXygvTPBgMzJ0Qe0FMWGg\" alt=\"\"\/><\/figure><\/div>\n\n\n<p>Esse conjunto de ideias e posturas racionalista e empirista se opunham \u00e0 mentalidade da Idade M\u00e9dia &#8211; contemplativa e passiva diante das &#8220;verdades incontest\u00e1veis da Igreja&#8221;.&nbsp;<\/p>\n\n\n\n<p>Foi o pintor renascentista Filippo Brunelleschi (1377-1446) que provocou a revolu\u00e7\u00e3o que deixou os florentinos italianos perplexos com uma imagem que desaparece no horizonte da imagem, ou seja, a perspectiva.&nbsp;<\/p>\n\n\n<div class=\"wp-block-image\">\n<figure class=\"aligncenter\"><img decoding=\"async\" src=\"https:\/\/lh5.googleusercontent.com\/P3wpKy44bAd3RmV4hIJkWATbLfKyD0YI6r4CsqLshzJM3y8cInFtRqGf3bAPQsXzIfMGMdIykOPGQ_rBQ_7iAtCr60ItlGQpKlPdoczsz7DtNAf22qONRLWPb9CkMTtwWibgMPI8uBUQoKGYWFyjWAM\" alt=\"\"\/><\/figure><\/div>\n\n\n<p>Nesse contexto de reflex\u00f5es filos\u00f3ficas, cient\u00edficas e pol\u00edticas, em que o homem era considerado o centro das elabora\u00e7\u00f5es, gerou-se uma vis\u00e3o mais otimista da vida. Essa perspectiva se chocou com o clima de \u201cfim do mundo apocal\u00edptico\u201d predominante no s\u00e9culo XIV.&nbsp;<\/p>\n\n\n\n<p>Aquelas gera\u00e7\u00f5es, nas diversas terras da Europa, estavam acabando de sair das mazelas da Idade M\u00e9dia (fome, peste, guerras). A doutrina cat\u00f3lica havia constru\u00eddo uma ideia de que todos eram pecadores e s\u00f3 havia salva\u00e7\u00e3o na vida eterna. Qualquer vis\u00e3o otimista da vida era um contrassenso para o per\u00edodo e praticamente uma ideia revolucion\u00e1ria em potencial.&nbsp;<\/p>\n\n\n\n<p>Pois bem, a moral humanista estabeleceu que os homens, apoiados na raz\u00e3o e na gra\u00e7a divina, poderiam construir um novo mundo, baseado na promo\u00e7\u00e3o do bem. Para tanto, seria preciso processos de autorreflex\u00e3o e de autoconhecimento, ou seja, sair da passividade medieval.&nbsp;<\/p>\n\n\n\n<p>Por isso, um elemento important\u00edssimo para viabilizar esse autoconhecimento foi a luta pela preserva\u00e7\u00e3o da liberdade individual, pois as amarras da vida (a servid\u00e3o, a opress\u00e3o dos governos e a doutrina\u00e7\u00e3o alienante) n\u00e3o permitiriam a busca racional do bem.&nbsp;<\/p>\n\n\n\n<p>Um dos pensadores que tentou construir uma vis\u00e3o de sociedade baseada nesses pressupostos morais foi o ingl\u00eas Thomas Morus (1478-1535). Ele escreveu a obra Utopia (1516) em que elaborou uma sociedade ideal baseada na condena\u00e7\u00e3o dos governos autorit\u00e1rios (absolutos), dos privil\u00e9gios e da busca incessante pelo dinheiro.<\/p>\n\n\n\n<p>O movimento humanista tamb\u00e9m inspirou o pensamento pol\u00edtico daquele per\u00edodo, pois pensadores como Nicolau Maquiavel (1469-1527) e Thomas Hobbes (1588-1679) nos ajudam a entender o processo de centraliza\u00e7\u00e3o do poder que caracteriza a forma\u00e7\u00e3o das monarquias absolutistas e os Estados Nacionais.<\/p>\n\n\n\n<h2 class=\"wp-block-heading\"><span class=\"ez-toc-section\" id=\"O-berco-e-a-expansao-do-Renascimento-Cultural\"><\/span>O ber\u00e7o e a expans\u00e3o do Renascimento Cultural&nbsp;<span class=\"ez-toc-section-end\"><\/span><\/h2>\n\n\n\n<p>Os historiadores afirmam que o ber\u00e7o do movimento renascentista foi a It\u00e1lia. Foram os motivos para isso:<\/p>\n\n\n\n<ul class=\"wp-block-list\">\n<li>Predom\u00ednio das atividades comerciais nesta regi\u00e3o;<\/li>\n\n\n\n<li>Acentuada vida urbana;<\/li>\n\n\n\n<li>Migra\u00e7\u00e3o de estudiosos que viviam em Constantinopla para a Pen\u00ednsula It\u00e1lica, depois da tomada da capital Bizantina pelos turcos em 1453; e<\/li>\n\n\n\n<li>Pr\u00e1tica do mecenato (patroc\u00ednio) por parte dos ricos comerciantes, especialmente em Floren\u00e7a, G\u00eanova e Veneza.&nbsp;<\/li>\n<\/ul>\n\n\n\n<p>Vamos ressaltar o mecenato pela import\u00e2ncia que essa pr\u00e1tica teve para a expans\u00e3o e divulga\u00e7\u00e3o do renascimento cultural. Naquele contexto de transforma\u00e7\u00f5es nos centros urbanos e comerciais, havia uma competi\u00e7\u00e3o n\u00e3o apenas econ\u00f4mica, mas tamb\u00e9m de influ\u00eancia pol\u00edtica e social.&nbsp;<\/p>\n\n\n\n<p>Por isso, os mercadores importantes, bem como bispos e at\u00e9 mesmo os nobres, patrocinavam a arte e a cultura para se tornarem figuras importantes na sociedade. Ter um retrato de si pintado era sinal de poder e status social.&nbsp;<\/p>\n\n\n\n<p>Para al\u00e9m de uma pr\u00e1tica, o mecenato se constituiu como uma rela\u00e7\u00e3o entre o mecenas e o artista. Ou seja, a pr\u00e1tica era uma forma de ambos ganharem status na nova sociedade que se formava na Modernidade.<\/p>\n\n\n\n<p>O historiador Peter Burke, no seu livro \u201c<em>A Fabrica\u00e7\u00e3o do Rei: a constru\u00e7\u00e3o da imagem p\u00fablica de Lu\u00eds XIV\u201d<\/em>, sistematizou tr\u00eas formas de mecenato:&nbsp;<\/p>\n\n\n\n<ul class=\"wp-block-list\">\n<li><strong>Sistema dom\u00e9stico:<\/strong> uma pessoa rica mant\u00e9m um artista em sua casa, garantindo dinheiro, moradia, alimenta\u00e7\u00e3o e lazer em troca de servi\u00e7os art\u00edsticos e liter\u00e1rios;<\/li>\n\n\n\n<li><strong>Sistema sob encomenda:<\/strong> quando a rela\u00e7\u00e3o entre o mecenas e o artista dura o tempo da produ\u00e7\u00e3o de um trabalho encomendado; e<\/li>\n\n\n\n<li><strong>Sistema de mercado:<\/strong> quando um artista tenta vender no mercado um trabalho pronto. Era o menos comum e mal visto justamente por conta do car\u00e1ter personificado das obras.<\/li>\n<\/ul>\n\n\n\n<h2 class=\"wp-block-heading\"><span class=\"ez-toc-section\" id=\"Humanismo-se-espalha-pela-Europa\"><\/span>Humanismo se espalha pela Europa<span class=\"ez-toc-section-end\"><\/span><\/h2>\n\n\n\n<p class=\"has-text-align-center\"><img decoding=\"async\" src=\"https:\/\/lh6.googleusercontent.com\/a3M_RP05T1nf2aJk8xCMzJHC_o494VDuGdNdR6GTcc4eFfjsKpq8J3Ez3wVnw23XFM85_aj_KLAAbOWjyJ2ExR-qFQ1Akn5g2y0pHq48puVLKwnK_SpkDX8adt9255Pko-qup2gueWW0cibctGA1P38\" width=\"278\" height=\"286\"><\/p>\n\n\n\n<p>As ideias humanistas se espalharam pela Europa por meio das rotas comerciais e dos diversos eventos produzidos por v\u00e1rios mecenas.&nbsp;<\/p>\n\n\n\n<p>Contudo, em 1456, a expans\u00e3o ganhou grande e significativo impulso: era a cria\u00e7\u00e3o da prensa de Gutenberg. O primeiro livro impresso foi a B\u00edblia \u2013 impressa em vern\u00e1culo alem\u00e3o. Um feito de muita import\u00e2ncia para a Reforma Protestante na Alemanha.&nbsp;<\/p>\n\n\n\n<p>Era um cen\u00e1rio muito significativo para a profus\u00e3o dessa nova realidade renascentista. Fa\u00e7amos uma pequena reflex\u00e3o:<\/p>\n\n\n\n<p>Falamos at\u00e9 aqui que o humanismo forja uma nova mentalidade, racionalista e antropoc\u00eantrica, mas sem ruptura com os dilemas e quest\u00f5es eclesi\u00e1sticas. Havia uma cr\u00edtica e reinterpreta\u00e7\u00f5es dos dogmas, mas n\u00e3o um afastamento do divino.&nbsp;<\/p>\n\n\n\n<p>Assim, a impress\u00e3o da B\u00edblia j\u00e1 era em si a express\u00e3o do conhecimento t\u00e9cnico cient\u00edfico, j\u00e1 que a prensa foi fruto de uma inven\u00e7\u00e3o humana. Al\u00e9m disso, ela foi traduzida do latim para o alem\u00e3o, o que garantiu a possibilidade da leitura por parte de muitas outras pessoas, que n\u00e3o apenas os membros da igreja.&nbsp;<\/p>\n\n\n\n<p>Dessa forma, era o homem chegando diretamente perto de Deus e do divino, por meio da sua pr\u00f3pria leitura individual do texto sagrado, sem intermedia\u00e7\u00f5es dos cl\u00e9rigos. Percebe como este cen\u00e1rio era mais humanista e antropoc\u00eantrico?&nbsp;<\/p>\n\n\n\n<p>O homem inventou uma m\u00e1quina de imprimir livros, traduziu a B\u00edblia (o mais importante de todos naquele momento), a imprimiu e depois a distribuiu para muitas pessoas lerem.&nbsp;<\/p>\n\n\n\n<p>Isso era o cen\u00e1rio renascentista no dia a dia, em uma forma popular, para al\u00e9m das reflex\u00f5es e contribui\u00e7\u00f5es individuais dos grandes pensadores. Abria-se a possibilidade de toda uma coletividade refletir. Por isso, n\u00e3o havia como as ideias n\u00e3o se desalojarem dos seus pedestais dogm\u00e1ticos.&nbsp;&nbsp;<\/p>\n\n\n\n<h2 class=\"wp-block-heading\"><span class=\"ez-toc-section\" id=\"Ameacas-a-nova-mentalidade\"><\/span>Amea\u00e7as \u00e0 nova mentalidade<span class=\"ez-toc-section-end\"><\/span><\/h2>\n\n\n\n<p>A transi\u00e7\u00e3o para essa nova mentalidade n\u00e3o foi um processo sem resist\u00eancia, consensual e tranquilo. Afinal, as bases dessa nova forma de ver, sentir e viver questionavam os alicerces sobre os quais estavam assentados os velhos padr\u00f5es de pensamento medieval ligados ao catolicismo.<\/p>\n\n\n\n<p>A Igreja Cat\u00f3lica se tornou conservadora, no sentido de avers\u00e3o a mudan\u00e7as e inova\u00e7\u00f5es, e, em conjunto com um setor da nobreza medieval, inicialmente lutou dura e violentamente contra as transforma\u00e7\u00f5es em curso. No entanto, mais adiante, a Igreja precisou se adaptar ao novo momento hist\u00f3rico e precisou passar por mudan\u00e7as.<\/p>\n\n\n\n<p>Diante do perigo das ideias inovadoras, o papado reativou o Tribunal da Santa Inquisi\u00e7\u00e3o e perseguiu v\u00e1rios pioneiros da ci\u00eancia moderna, como, por exemplo:&nbsp;<\/p>\n\n\n\n<ul class=\"wp-block-list\">\n<li>Nicolau Cop\u00e9rnico (1473-1543), cat\u00f3lico e respons\u00e1vel pela elabora\u00e7\u00e3o da teoria helioc\u00eantrica, considerado o \u201cPai da Astronomia\u201d, foi condenado \u00e0 morte pela Inquisi\u00e7\u00e3o;<\/li>\n\n\n\n<li>Giordano Bruno (1548-1600), seguidor da teoria helioc\u00eantrica, defendia que o universo era infinito e ele estava inacabado, tamb\u00e9m foi condenado pela Inquisi\u00e7\u00e3o e queimado vivo em pra\u00e7a p\u00fablica; e<\/li>\n\n\n\n<li>Galileu Galilei (1564-1642), aprofundou-se em estudos sobre movimento dos corpos, considerado Pai da F\u00edsica Matem\u00e1tica forneceu base para as ideias posteriores de Isaac Newton, foi condenado \u00e0 pris\u00e3o perp\u00e9tua (em casa).<\/li>\n<\/ul>\n\n\n<div class=\"wp-block-image\">\n<figure class=\"aligncenter is-resized\"><img decoding=\"async\" src=\"https:\/\/lh3.googleusercontent.com\/4De_7cJF0EUty7gz7IsTo8I5lAXkjpKaNSUoG4ASNJ1SnAxilfNrBYEB8pPEMOz_gS6XSiaHa_iojTh-yD_yCjXCjd9T68IZ_Xuo5lox9SbnjO_Z6RWyn9iOWpJy9LfNds-RbeojXF-5tp_Vl7cRfSU\" alt=\"\" width=\"510\" height=\"556\"\/><\/figure><\/div>\n\n\n<p><em><strong>Texto escrito com base nos conte\u00fados da Professora Al\u00ea Lopes<\/strong><\/em><\/p>\n\n\n\n<p>Curtiu a leitura sobre o Renascimento? Confira mais artigos sobre o tema no Portal do Estrat\u00e9gia Militares e garanta sua aprova\u00e7\u00e3o nas provas militares. Conhe\u00e7a, tamb\u00e9m, o Banco de Quest\u00f5es do Estrat\u00e9gia Militares! Clique no banner abaixo e vem ser coruja!<\/p>\n\n\n\n\n\n<p><\/p>\n","protected":false},"excerpt":{"rendered":"Vai participar dos concursos e quer saber um pouquinho mais de hist\u00f3ria? Vem com a gente! Confira esse&hellip;\n","protected":false},"author":18,"featured_media":69641,"comment_status":"closed","ping_status":"closed","sticky":false,"template":"","format":"standard","meta":{"wl_entities_gutenberg":"","footnotes":""},"categories":[29],"tags":[],"wl_entity_type":[187],"class_list":{"0":"post-69640","1":"post","2":"type-post","3":"status-publish","4":"format-standard","5":"has-post-thumbnail","7":"category-historia","8":"wl_entity_type-article"},"acf":[],"yoast_head":"<!-- This site is optimized with the Yoast SEO Premium plugin v26.6 (Yoast SEO v26.6) - https:\/\/yoast.com\/wordpress\/plugins\/seo\/ -->\n<title>Renascimento: forma\u00e7\u00e3o de uma nova mentalidade<\/title>\n<meta name=\"description\" content=\"Vai participar dos concursos e quer saber mais de hist\u00f3ria? Confira esse artigo que o Estrat\u00e9gia Militares preparou sobre o Renascimento.\" \/>\n<meta name=\"robots\" content=\"index, follow, max-snippet:-1, max-image-preview:large, max-video-preview:-1\" \/>\n<link rel=\"canonical\" href=\"https:\/\/militares.estrategia.com\/portal\/materias-e-dicas\/historia\/renascimento-formacao-de-uma-nova-mentalidade\/\" \/>\n<meta property=\"og:locale\" content=\"pt_BR\" \/>\n<meta property=\"og:type\" content=\"article\" \/>\n<meta property=\"og:title\" content=\"Renascimento: forma\u00e7\u00e3o de uma nova mentalidade\" \/>\n<meta property=\"og:description\" content=\"Vai participar dos concursos e quer saber mais de hist\u00f3ria? Confira esse artigo que o Estrat\u00e9gia Militares preparou sobre o Renascimento.\" \/>\n<meta property=\"og:url\" content=\"https:\/\/militares.estrategia.com\/portal\/materias-e-dicas\/historia\/renascimento-formacao-de-uma-nova-mentalidade\/\" \/>\n<meta property=\"og:site_name\" content=\"Estrat\u00e9gia Militares\" \/>\n<meta property=\"article:publisher\" content=\"https:\/\/www.facebook.com\/EstrategiaMilitares\" \/>\n<meta property=\"article:published_time\" content=\"2023-08-15T15:39:37+00:00\" \/>\n<meta property=\"article:modified_time\" content=\"2023-08-15T15:39:43+00:00\" \/>\n<meta property=\"og:image\" content=\"https:\/\/cdn.blog.estrategiavestibulares.com.br\/vestibulares\/wp-content\/uploads\/2023\/08\/leonardo-1.jpg\" \/>\n\t<meta property=\"og:image:width\" content=\"1080\" \/>\n\t<meta property=\"og:image:height\" content=\"1080\" \/>\n\t<meta property=\"og:image:type\" content=\"image\/jpeg\" \/>\n<meta name=\"author\" content=\"Pedro Alcantara\" \/>\n<meta name=\"twitter:card\" content=\"summary_large_image\" \/>\n<meta name=\"twitter:creator\" content=\"@estrategiamilit\" \/>\n<meta name=\"twitter:site\" content=\"@estrategiamilit\" \/>\n<meta name=\"twitter:label1\" content=\"Escrito por\" \/>\n\t<meta name=\"twitter:data1\" content=\"Pedro Alcantara\" \/>\n\t<meta name=\"twitter:label2\" content=\"Est. tempo de leitura\" \/>\n\t<meta name=\"twitter:data2\" content=\"12 minutos\" \/>\n<script type=\"application\/ld+json\" class=\"yoast-schema-graph\">{\"@context\":\"https:\/\/schema.org\",\"@graph\":[{\"@type\":\"Article\",\"@id\":\"https:\/\/militares.estrategia.com\/portal\/materias-e-dicas\/historia\/renascimento-formacao-de-uma-nova-mentalidade\/#article\",\"isPartOf\":{\"@id\":\"https:\/\/militares.estrategia.com\/portal\/materias-e-dicas\/historia\/renascimento-formacao-de-uma-nova-mentalidade\/\"},\"author\":{\"name\":\"Pedro Alcantara\",\"@id\":\"https:\/\/militares.estrategia.com\/portal\/#\/schema\/person\/d52a8bb9d3a4693ffcfbe862dc250f79\"},\"headline\":\"Renascimento: forma\u00e7\u00e3o de uma nova mentalidade\",\"datePublished\":\"2023-08-15T15:39:37+00:00\",\"dateModified\":\"2023-08-15T15:39:43+00:00\",\"mainEntityOfPage\":{\"@id\":\"https:\/\/militares.estrategia.com\/portal\/materias-e-dicas\/historia\/renascimento-formacao-de-uma-nova-mentalidade\/\"},\"wordCount\":2361,\"publisher\":{\"@id\":\"https:\/\/militares.estrategia.com\/portal\/#organization\"},\"image\":{\"@id\":\"https:\/\/militares.estrategia.com\/portal\/materias-e-dicas\/historia\/renascimento-formacao-de-uma-nova-mentalidade\/#primaryimage\"},\"thumbnailUrl\":\"https:\/\/militares.estrategia.com\/portal\/wp-content\/uploads\/2023\/08\/leonardo-1.jpg\",\"articleSection\":[\"Hist\u00f3ria\"],\"inLanguage\":\"pt-BR\"},{\"@type\":\"WebPage\",\"@id\":\"https:\/\/militares.estrategia.com\/portal\/materias-e-dicas\/historia\/renascimento-formacao-de-uma-nova-mentalidade\/\",\"url\":\"https:\/\/militares.estrategia.com\/portal\/materias-e-dicas\/historia\/renascimento-formacao-de-uma-nova-mentalidade\/\",\"name\":\"Renascimento: forma\u00e7\u00e3o de uma nova mentalidade\",\"isPartOf\":{\"@id\":\"https:\/\/militares.estrategia.com\/portal\/#website\"},\"primaryImageOfPage\":{\"@id\":\"https:\/\/militares.estrategia.com\/portal\/materias-e-dicas\/historia\/renascimento-formacao-de-uma-nova-mentalidade\/#primaryimage\"},\"image\":{\"@id\":\"https:\/\/militares.estrategia.com\/portal\/materias-e-dicas\/historia\/renascimento-formacao-de-uma-nova-mentalidade\/#primaryimage\"},\"thumbnailUrl\":\"https:\/\/militares.estrategia.com\/portal\/wp-content\/uploads\/2023\/08\/leonardo-1.jpg\",\"datePublished\":\"2023-08-15T15:39:37+00:00\",\"dateModified\":\"2023-08-15T15:39:43+00:00\",\"description\":\"Vai participar dos concursos e quer saber mais de hist\u00f3ria? Confira esse artigo que o Estrat\u00e9gia Militares preparou sobre o Renascimento.\",\"breadcrumb\":{\"@id\":\"https:\/\/militares.estrategia.com\/portal\/materias-e-dicas\/historia\/renascimento-formacao-de-uma-nova-mentalidade\/#breadcrumb\"},\"inLanguage\":\"pt-BR\",\"potentialAction\":[{\"@type\":\"ReadAction\",\"target\":[\"https:\/\/militares.estrategia.com\/portal\/materias-e-dicas\/historia\/renascimento-formacao-de-uma-nova-mentalidade\/\"]}]},{\"@type\":\"ImageObject\",\"inLanguage\":\"pt-BR\",\"@id\":\"https:\/\/militares.estrategia.com\/portal\/materias-e-dicas\/historia\/renascimento-formacao-de-uma-nova-mentalidade\/#primaryimage\",\"url\":\"https:\/\/militares.estrategia.com\/portal\/wp-content\/uploads\/2023\/08\/leonardo-1.jpg\",\"contentUrl\":\"https:\/\/militares.estrategia.com\/portal\/wp-content\/uploads\/2023\/08\/leonardo-1.jpg\",\"width\":1080,\"height\":1080},{\"@type\":\"BreadcrumbList\",\"@id\":\"https:\/\/militares.estrategia.com\/portal\/materias-e-dicas\/historia\/renascimento-formacao-de-uma-nova-mentalidade\/#breadcrumb\",\"itemListElement\":[{\"@type\":\"ListItem\",\"position\":1,\"name\":\"Home\",\"item\":\"https:\/\/militares.estrategia.com\/portal\/\"},{\"@type\":\"ListItem\",\"position\":2,\"name\":\"Mat\u00e9rias e Dicas\",\"item\":\"https:\/\/militares.estrategia.com\/portal\/materias-e-dicas\/\"},{\"@type\":\"ListItem\",\"position\":3,\"name\":\"Hist\u00f3ria\",\"item\":\"https:\/\/militares.estrategia.com\/portal\/materias-e-dicas\/historia\/\"},{\"@type\":\"ListItem\",\"position\":4,\"name\":\"Renascimento: forma\u00e7\u00e3o de uma nova mentalidade\"}]},{\"@type\":\"WebSite\",\"@id\":\"https:\/\/militares.estrategia.com\/portal\/#website\",\"url\":\"https:\/\/militares.estrategia.com\/portal\/\",\"name\":\"Estrat\u00e9gia Militares\",\"description\":\"\",\"publisher\":{\"@id\":\"https:\/\/militares.estrategia.com\/portal\/#organization\"},\"potentialAction\":[{\"@type\":\"SearchAction\",\"target\":{\"@type\":\"EntryPoint\",\"urlTemplate\":\"https:\/\/militares.estrategia.com\/portal\/?s={search_term_string}\"},\"query-input\":{\"@type\":\"PropertyValueSpecification\",\"valueRequired\":true,\"valueName\":\"search_term_string\"}}],\"inLanguage\":\"pt-BR\"},{\"@type\":\"Organization\",\"@id\":\"https:\/\/militares.estrategia.com\/portal\/#organization\",\"name\":\"Estrat\u00e9gia Militares\",\"url\":\"https:\/\/militares.estrategia.com\/portal\/\",\"logo\":{\"@type\":\"ImageObject\",\"inLanguage\":\"pt-BR\",\"@id\":\"https:\/\/militares.estrategia.com\/portal\/#\/schema\/logo\/image\/\",\"url\":\"https:\/\/militares.estrategia.com\/portal\/wp-content\/uploads\/2021\/10\/logo-militares.webp\",\"contentUrl\":\"https:\/\/militares.estrategia.com\/portal\/wp-content\/uploads\/2021\/10\/logo-militares.webp\",\"width\":346,\"height\":90,\"caption\":\"Estrat\u00e9gia Militares\"},\"image\":{\"@id\":\"https:\/\/militares.estrategia.com\/portal\/#\/schema\/logo\/image\/\"},\"sameAs\":[\"https:\/\/www.facebook.com\/EstrategiaMilitares\",\"https:\/\/x.com\/estrategiamilit\",\"https:\/\/www.instagram.com\/estrategiamilitares\/\",\"https:\/\/www.youtube.com\/channel\/UCRG_9hakCqXxnj_8TqCdgTA\"]},{\"@type\":\"Person\",\"@id\":\"https:\/\/militares.estrategia.com\/portal\/#\/schema\/person\/d52a8bb9d3a4693ffcfbe862dc250f79\",\"name\":\"Pedro Alcantara\",\"image\":{\"@type\":\"ImageObject\",\"inLanguage\":\"pt-BR\",\"@id\":\"https:\/\/militares.estrategia.com\/portal\/#\/schema\/person\/image\/\",\"url\":\"https:\/\/secure.gravatar.com\/avatar\/2ff815c569bab8558bec32641d54e1af?s=96&d=mm&r=g\",\"contentUrl\":\"https:\/\/secure.gravatar.com\/avatar\/2ff815c569bab8558bec32641d54e1af?s=96&d=mm&r=g\",\"caption\":\"Pedro Alcantara\"},\"url\":\"https:\/\/militares.estrategia.com\/portal\/author\/pedro\/\"}]}<\/script>\n<!-- \/ Yoast SEO Premium plugin. -->","yoast_head_json":{"title":"Renascimento: forma\u00e7\u00e3o de uma nova mentalidade","description":"Vai participar dos concursos e quer saber mais de hist\u00f3ria? Confira esse artigo que o Estrat\u00e9gia Militares preparou sobre o Renascimento.","robots":{"index":"index","follow":"follow","max-snippet":"max-snippet:-1","max-image-preview":"max-image-preview:large","max-video-preview":"max-video-preview:-1"},"canonical":"https:\/\/militares.estrategia.com\/portal\/materias-e-dicas\/historia\/renascimento-formacao-de-uma-nova-mentalidade\/","og_locale":"pt_BR","og_type":"article","og_title":"Renascimento: forma\u00e7\u00e3o de uma nova mentalidade","og_description":"Vai participar dos concursos e quer saber mais de hist\u00f3ria? Confira esse artigo que o Estrat\u00e9gia Militares preparou sobre o Renascimento.","og_url":"https:\/\/militares.estrategia.com\/portal\/materias-e-dicas\/historia\/renascimento-formacao-de-uma-nova-mentalidade\/","og_site_name":"Estrat\u00e9gia Militares","article_publisher":"https:\/\/www.facebook.com\/EstrategiaMilitares","article_published_time":"2023-08-15T15:39:37+00:00","article_modified_time":"2023-08-15T15:39:43+00:00","og_image":[{"width":1080,"height":1080,"url":"https:\/\/cdn.blog.estrategiavestibulares.com.br\/vestibulares\/wp-content\/uploads\/2023\/08\/leonardo-1.jpg","type":"image\/jpeg"}],"author":"Pedro Alcantara","twitter_card":"summary_large_image","twitter_creator":"@estrategiamilit","twitter_site":"@estrategiamilit","twitter_misc":{"Escrito por":"Pedro Alcantara","Est. tempo de leitura":"12 minutos"},"schema":{"@context":"https:\/\/schema.org","@graph":[{"@type":"Article","@id":"https:\/\/militares.estrategia.com\/portal\/materias-e-dicas\/historia\/renascimento-formacao-de-uma-nova-mentalidade\/#article","isPartOf":{"@id":"https:\/\/militares.estrategia.com\/portal\/materias-e-dicas\/historia\/renascimento-formacao-de-uma-nova-mentalidade\/"},"author":{"name":"Pedro Alcantara","@id":"https:\/\/militares.estrategia.com\/portal\/#\/schema\/person\/d52a8bb9d3a4693ffcfbe862dc250f79"},"headline":"Renascimento: forma\u00e7\u00e3o de uma nova mentalidade","datePublished":"2023-08-15T15:39:37+00:00","dateModified":"2023-08-15T15:39:43+00:00","mainEntityOfPage":{"@id":"https:\/\/militares.estrategia.com\/portal\/materias-e-dicas\/historia\/renascimento-formacao-de-uma-nova-mentalidade\/"},"wordCount":2361,"publisher":{"@id":"https:\/\/militares.estrategia.com\/portal\/#organization"},"image":{"@id":"https:\/\/militares.estrategia.com\/portal\/materias-e-dicas\/historia\/renascimento-formacao-de-uma-nova-mentalidade\/#primaryimage"},"thumbnailUrl":"https:\/\/militares.estrategia.com\/portal\/wp-content\/uploads\/2023\/08\/leonardo-1.jpg","articleSection":["Hist\u00f3ria"],"inLanguage":"pt-BR"},{"@type":"WebPage","@id":"https:\/\/militares.estrategia.com\/portal\/materias-e-dicas\/historia\/renascimento-formacao-de-uma-nova-mentalidade\/","url":"https:\/\/militares.estrategia.com\/portal\/materias-e-dicas\/historia\/renascimento-formacao-de-uma-nova-mentalidade\/","name":"Renascimento: forma\u00e7\u00e3o de uma nova mentalidade","isPartOf":{"@id":"https:\/\/militares.estrategia.com\/portal\/#website"},"primaryImageOfPage":{"@id":"https:\/\/militares.estrategia.com\/portal\/materias-e-dicas\/historia\/renascimento-formacao-de-uma-nova-mentalidade\/#primaryimage"},"image":{"@id":"https:\/\/militares.estrategia.com\/portal\/materias-e-dicas\/historia\/renascimento-formacao-de-uma-nova-mentalidade\/#primaryimage"},"thumbnailUrl":"https:\/\/militares.estrategia.com\/portal\/wp-content\/uploads\/2023\/08\/leonardo-1.jpg","datePublished":"2023-08-15T15:39:37+00:00","dateModified":"2023-08-15T15:39:43+00:00","description":"Vai participar dos concursos e quer saber mais de hist\u00f3ria? Confira esse artigo que o Estrat\u00e9gia Militares preparou sobre o Renascimento.","breadcrumb":{"@id":"https:\/\/militares.estrategia.com\/portal\/materias-e-dicas\/historia\/renascimento-formacao-de-uma-nova-mentalidade\/#breadcrumb"},"inLanguage":"pt-BR","potentialAction":[{"@type":"ReadAction","target":["https:\/\/militares.estrategia.com\/portal\/materias-e-dicas\/historia\/renascimento-formacao-de-uma-nova-mentalidade\/"]}]},{"@type":"ImageObject","inLanguage":"pt-BR","@id":"https:\/\/militares.estrategia.com\/portal\/materias-e-dicas\/historia\/renascimento-formacao-de-uma-nova-mentalidade\/#primaryimage","url":"https:\/\/militares.estrategia.com\/portal\/wp-content\/uploads\/2023\/08\/leonardo-1.jpg","contentUrl":"https:\/\/militares.estrategia.com\/portal\/wp-content\/uploads\/2023\/08\/leonardo-1.jpg","width":1080,"height":1080},{"@type":"BreadcrumbList","@id":"https:\/\/militares.estrategia.com\/portal\/materias-e-dicas\/historia\/renascimento-formacao-de-uma-nova-mentalidade\/#breadcrumb","itemListElement":[{"@type":"ListItem","position":1,"name":"Home","item":"https:\/\/militares.estrategia.com\/portal\/"},{"@type":"ListItem","position":2,"name":"Mat\u00e9rias e Dicas","item":"https:\/\/militares.estrategia.com\/portal\/materias-e-dicas\/"},{"@type":"ListItem","position":3,"name":"Hist\u00f3ria","item":"https:\/\/militares.estrategia.com\/portal\/materias-e-dicas\/historia\/"},{"@type":"ListItem","position":4,"name":"Renascimento: forma\u00e7\u00e3o de uma nova mentalidade"}]},{"@type":"WebSite","@id":"https:\/\/militares.estrategia.com\/portal\/#website","url":"https:\/\/militares.estrategia.com\/portal\/","name":"Estrat\u00e9gia Militares","description":"","publisher":{"@id":"https:\/\/militares.estrategia.com\/portal\/#organization"},"potentialAction":[{"@type":"SearchAction","target":{"@type":"EntryPoint","urlTemplate":"https:\/\/militares.estrategia.com\/portal\/?s={search_term_string}"},"query-input":{"@type":"PropertyValueSpecification","valueRequired":true,"valueName":"search_term_string"}}],"inLanguage":"pt-BR"},{"@type":"Organization","@id":"https:\/\/militares.estrategia.com\/portal\/#organization","name":"Estrat\u00e9gia Militares","url":"https:\/\/militares.estrategia.com\/portal\/","logo":{"@type":"ImageObject","inLanguage":"pt-BR","@id":"https:\/\/militares.estrategia.com\/portal\/#\/schema\/logo\/image\/","url":"https:\/\/militares.estrategia.com\/portal\/wp-content\/uploads\/2021\/10\/logo-militares.webp","contentUrl":"https:\/\/militares.estrategia.com\/portal\/wp-content\/uploads\/2021\/10\/logo-militares.webp","width":346,"height":90,"caption":"Estrat\u00e9gia Militares"},"image":{"@id":"https:\/\/militares.estrategia.com\/portal\/#\/schema\/logo\/image\/"},"sameAs":["https:\/\/www.facebook.com\/EstrategiaMilitares","https:\/\/x.com\/estrategiamilit","https:\/\/www.instagram.com\/estrategiamilitares\/","https:\/\/www.youtube.com\/channel\/UCRG_9hakCqXxnj_8TqCdgTA"]},{"@type":"Person","@id":"https:\/\/militares.estrategia.com\/portal\/#\/schema\/person\/d52a8bb9d3a4693ffcfbe862dc250f79","name":"Pedro Alcantara","image":{"@type":"ImageObject","inLanguage":"pt-BR","@id":"https:\/\/militares.estrategia.com\/portal\/#\/schema\/person\/image\/","url":"https:\/\/secure.gravatar.com\/avatar\/2ff815c569bab8558bec32641d54e1af?s=96&d=mm&r=g","contentUrl":"https:\/\/secure.gravatar.com\/avatar\/2ff815c569bab8558bec32641d54e1af?s=96&d=mm&r=g","caption":"Pedro Alcantara"},"url":"https:\/\/militares.estrategia.com\/portal\/author\/pedro\/"}]}},"_wl_alt_label":[],"wl:entity_url":"https:\/\/data.wordlift.io\/wl110246\/post\/renascimento-formacao-de-uma-nova-mentalidade-69640","_links":{"self":[{"href":"https:\/\/militares.estrategia.com\/portal\/wp-json\/wp\/v2\/posts\/69640","targetHints":{"allow":["GET"]}}],"collection":[{"href":"https:\/\/militares.estrategia.com\/portal\/wp-json\/wp\/v2\/posts"}],"about":[{"href":"https:\/\/militares.estrategia.com\/portal\/wp-json\/wp\/v2\/types\/post"}],"author":[{"embeddable":true,"href":"https:\/\/militares.estrategia.com\/portal\/wp-json\/wp\/v2\/users\/18"}],"replies":[{"embeddable":true,"href":"https:\/\/militares.estrategia.com\/portal\/wp-json\/wp\/v2\/comments?post=69640"}],"version-history":[{"count":1,"href":"https:\/\/militares.estrategia.com\/portal\/wp-json\/wp\/v2\/posts\/69640\/revisions"}],"predecessor-version":[{"id":69642,"href":"https:\/\/militares.estrategia.com\/portal\/wp-json\/wp\/v2\/posts\/69640\/revisions\/69642"}],"wp:featuredmedia":[{"embeddable":true,"href":"https:\/\/militares.estrategia.com\/portal\/wp-json\/wp\/v2\/media\/69641"}],"wp:attachment":[{"href":"https:\/\/militares.estrategia.com\/portal\/wp-json\/wp\/v2\/media?parent=69640"}],"wp:term":[{"taxonomy":"category","embeddable":true,"href":"https:\/\/militares.estrategia.com\/portal\/wp-json\/wp\/v2\/categories?post=69640"},{"taxonomy":"post_tag","embeddable":true,"href":"https:\/\/militares.estrategia.com\/portal\/wp-json\/wp\/v2\/tags?post=69640"},{"taxonomy":"wl_entity_type","embeddable":true,"href":"https:\/\/militares.estrategia.com\/portal\/wp-json\/wp\/v2\/wl_entity_type?post=69640"}],"curies":[{"name":"wp","href":"https:\/\/api.w.org\/{rel}","templated":true}]}}