{"id":69386,"date":"2023-08-08T10:00:00","date_gmt":"2023-08-08T13:00:00","guid":{"rendered":"https:\/\/militares.estrategia.com\/portal\/?p=69386"},"modified":"2023-08-09T14:42:31","modified_gmt":"2023-08-09T17:42:31","slug":"geopolitica-mundial-a-descolonizacao-a-disputa-por-riquezas-na-africa-e-mais","status":"publish","type":"post","link":"https:\/\/militares.estrategia.com\/portal\/materias-e-dicas\/geografia\/geopolitica-mundial-a-descolonizacao-a-disputa-por-riquezas-na-africa-e-mais\/","title":{"rendered":"Geopol\u00edtica mundial: a descoloniza\u00e7\u00e3o, a disputa por riquezas na \u00c1frica e mais!"},"content":{"rendered":"\n<p>O continente africano tem sido um dos principais alvos da China para explora\u00e7\u00e3o de petr\u00f3leo e investimentos, mas voc\u00ea sabe de onde isso surgiu? Ent\u00e3o confira neste artigo que o<strong> Estrat\u00e9gia Militares<\/strong> preparou para voc\u00ea!<\/p>\n\n\n\n<p>O enfraquecimento econ\u00f4mico e pol\u00edtico das pot\u00eancias europeias no P\u00f3s-Guerra diminuiu seu poder sobre as col\u00f4nias. Consequentemente, rebeli\u00f5es pela independ\u00eancia surgiram em todo o continente africano e<strong> a maioria das col\u00f4nias alcan\u00e7ou esse objetivo entre as d\u00e9cadas de 1940 e 1970.<\/strong><\/p>\n\n\n\n<p>Entretanto, o processo de independ\u00eancia n\u00e3o trouxe paz \u00e0 \u00c1frica, que se transformou em um barril de p\u00f3lvora. <strong>Com a descoloniza\u00e7\u00e3o europeia no continente africano, as rivalidades \u00e9tnicas, at\u00e9 ent\u00e3o contidas ou manipuladas pelo colonizador europeu, afloraram.&nbsp;<\/strong><\/p>\n\n\n\n<div id=\"ez-toc-container\" class=\"ez-toc-v2_0_79_2 counter-hierarchy ez-toc-counter ez-toc-transparent ez-toc-container-direction\">\n<div class=\"ez-toc-title-container\"><p class=\"ez-toc-title\" style=\"cursor:inherit\">Navegue pelo conte\u00fado\t<\/p>\n<\/div><nav><ul class='ez-toc-list ez-toc-list-level-1 ' ><li class='ez-toc-page-1 ez-toc-heading-level-2'><a class=\"ez-toc-link ez-toc-heading-1\" href=\"https:\/\/militares.estrategia.com\/portal\/materias-e-dicas\/geografia\/geopolitica-mundial-a-descolonizacao-a-disputa-por-riquezas-na-africa-e-mais\/#Como-os-paises-da-Africa-foram-criados\" >Como os pa\u00edses da \u00c1frica foram criados?<\/a><\/li><li class='ez-toc-page-1 ez-toc-heading-level-2'><a class=\"ez-toc-link ez-toc-heading-2\" href=\"https:\/\/militares.estrategia.com\/portal\/materias-e-dicas\/geografia\/geopolitica-mundial-a-descolonizacao-a-disputa-por-riquezas-na-africa-e-mais\/#O-modelo-de-desenvolvimento-chines\" >O modelo de desenvolvimento chin\u00eas<\/a><\/li><li class='ez-toc-page-1 ez-toc-heading-level-2'><a class=\"ez-toc-link ez-toc-heading-3\" href=\"https:\/\/militares.estrategia.com\/portal\/materias-e-dicas\/geografia\/geopolitica-mundial-a-descolonizacao-a-disputa-por-riquezas-na-africa-e-mais\/#Veja-tambem\" >Veja tamb\u00e9m:<\/a><\/li><li class='ez-toc-page-1 ez-toc-heading-level-2'><a class=\"ez-toc-link ez-toc-heading-4\" href=\"https:\/\/militares.estrategia.com\/portal\/materias-e-dicas\/geografia\/geopolitica-mundial-a-descolonizacao-a-disputa-por-riquezas-na-africa-e-mais\/#Referencias\" >Refer\u00eancias&nbsp;<\/a><\/li><\/ul><\/nav><\/div>\n<h2 class=\"wp-block-heading\" id=\"h-como-os-paises-da-africa-foram-criados\"><span class=\"ez-toc-section\" id=\"Como-os-paises-da-Africa-foram-criados\"><\/span>Como os pa\u00edses da \u00c1frica foram criados?<span class=\"ez-toc-section-end\"><\/span><\/h2>\n\n\n\n<p><strong>Novos pa\u00edses foram criados em bases territoriais definidas pelos colonizadores<\/strong>, pa\u00edses quase sempre <strong>desprovidos de identidade nacional ou \u00e9tnica.<\/strong> Nos \u00faltimos 60 anos, mais de 35 conflitos armados ocorreram, causando a morte de <a href=\"https:\/\/news.un.org\/pt\/tags\/conflitos-em-africa\" target=\"_blank\" ><strong>aproximadamente 10 milh\u00f5es de pessoas e provocando grandes movimentos de refugiados.<\/strong><\/a><\/p>\n\n\n\n<h3 class=\"wp-block-heading\" id=\"h-influencia-da-guerra-fria-na-descolonizacao-africana\">Influ\u00eancia da Guerra Fria na descoloniza\u00e7\u00e3o africana<\/h3>\n\n\n\n<p>Sem unidade nacional, eclodiram in\u00fameros e sangrentos conflitos envolvendo diferentes grupos \u00e9tnicos em disputa pelo poder em diversos pa\u00edses. <strong>O quadro agravou-se devido \u00e0 Guerra Fria, que levou os Estados Unidos da Am\u00e9rica (EUA) e a Uni\u00e3o das Rep\u00fablicas Socialistas Sovi\u00e9ticas (URSS) a interferirem constantemente no processo de descoloniza\u00e7\u00e3o da \u00c1frica.<\/strong><\/p>\n\n\n\n<p>Na disputa por \u00e1reas de influ\u00eancia, tanto os EUA quanto a URSS forneciam armas, dinheiro e apoio pol\u00edtico a seus aliados, <strong>o que acabou transformando o continente em um campo de batalha.&nbsp;<\/strong><\/p>\n\n\n\n<p>Ao tomar o poder, as partes em conflito deveriam alinhar-se a uma das superpot\u00eancias. <strong>Assim, o grupo \u00e9tnico eleito tornava-se extremamente poderoso e, por isso, mais odiado pelos outros grupos do pa\u00eds.<\/strong>&nbsp;<\/p>\n\n\n\n<p><strong>Foi nesse contexto sociopol\u00edtico que a \u00c1frica assistiu ao fim da Guerra Fria.<\/strong> Com ele, terminava tamb\u00e9m o interesse das superpot\u00eancias em ajudar seus antigos aliados no continente.<\/p>\n\n\n<div class=\"wp-block-image\">\n<figure class=\"aligncenter size-large\"><img decoding=\"async\" width=\"1024\" height=\"682\" src=\"https:\/\/militares.estrategia.com\/portal\/wp-content\/uploads\/2023\/08\/image-2-1024x682.jpeg\" alt=\"Mapa Mundi \u00c1frica\" class=\"wp-image-69387\" srcset=\"https:\/\/militares.estrategia.com\/portal\/wp-content\/uploads\/2023\/08\/image-2-1024x682.jpeg 1024w, https:\/\/militares.estrategia.com\/portal\/wp-content\/uploads\/2023\/08\/image-2-768x512.jpeg 768w, https:\/\/militares.estrategia.com\/portal\/wp-content\/uploads\/2023\/08\/image-2-1536x1023.jpeg 1536w, https:\/\/militares.estrategia.com\/portal\/wp-content\/uploads\/2023\/08\/image-2-800x533.jpeg 800w, https:\/\/militares.estrategia.com\/portal\/wp-content\/uploads\/2023\/08\/image-2-1160x773.jpeg 1160w, https:\/\/militares.estrategia.com\/portal\/wp-content\/uploads\/2023\/08\/image-2.jpeg 1600w\" sizes=\"(max-width: 1024px) 100vw, 1024px\" \/><\/figure><\/div>\n\n\n<h3 class=\"wp-block-heading\" id=\"h-pos-guerra-fria\">P\u00f3s-Guerra Fria<\/h3>\n\n\n\n<p>Ap\u00f3s a Guerra Fria, os governos sustentados pelas superpot\u00eancias viram-se abandonados \u00e0 pr\u00f3pria sorte e, \u00e0s vezes, cercados por velhos inimigos. Esse abandono determinou o enfraquecimento dos pa\u00edses rec\u00e9m-independentes e estimulou os rivais a lutarem pela conquista do poder.&nbsp;<\/p>\n\n\n\n<p>Eclodiram, assim, numerosos conflitos que, por sua viol\u00eancia e dura\u00e7\u00e3o, <strong>desestruturaram por completo a pol\u00edtica e a economia desses pa\u00edses africanos<\/strong>. Enquadram-se nesse caso, por exemplo, os conflitos que ocorreram:<\/p>\n\n\n\n<p>&#8211; Na Som\u00e1lia;<\/p>\n\n\n\n<p>&#8211; Na Eti\u00f3pia;<\/p>\n\n\n\n<p>&#8211; Em Ruanda;<\/p>\n\n\n\n<p>&#8211; Em Burundi;<\/p>\n\n\n\n<p>&#8211; Em Angola;<\/p>\n\n\n\n<p>&#8211; Em Mo\u00e7ambique;<\/p>\n\n\n\n<p>&#8211; No Sud\u00e3o; e<\/p>\n\n\n\n<p>&#8211; No Zimb\u00e1bue, o qual viveu uma grave crise causada por fraudes nas elei\u00e7\u00f5es presidenciais de junho de 2008.<\/p>\n\n\n\n<h3 class=\"wp-block-heading\" id=\"h-disputa-por-riquezas-na-africa\">Disputa por riquezas na \u00c1frica<\/h3>\n\n\n\n<p>A hist\u00f3ria recente da \u00c1frica, principalmente na regi\u00e3o subsaariana, registra um grande n\u00famero de guerras civis, golpes e contragolpes de Estado. <strong>Os conflitos entre diversos grupos pol\u00edticos, \u00e9tnicos e religiosos, muitas vezes, encobriram uma intensa disputa pelas riquezas naturais do subsolo do continente.<\/strong>&nbsp;<\/p>\n\n\n\n<p>Apesar da diversidade de recursos encontrados em seu subsolo, <strong>a \u00c1frica permanece um continente pobre, devido ao fato da explora\u00e7\u00e3o dessas riquezas minerais estarem a cargo de companhias estrangeiras,<\/strong> principalmente chinesas, europeias e estadunidenses.&nbsp;<\/p>\n\n\n\n<p>Essas empresas instalam na regi\u00e3o a infraestrutura necess\u00e1ria, como equipamentos, portos e meios de transporte, visando exclusivamente <strong>\u00e0 extra\u00e7\u00e3o e exporta\u00e7\u00e3o das riquezas em estado bruto para seus pa\u00edses, de modo que a maior parte dos lucros provenientes desse setor acaba sendo enviada para fora do continente.<\/strong>&nbsp;<\/p>\n\n\n\n<figure class=\"wp-block-image size-large\"><img decoding=\"async\" width=\"1024\" height=\"683\" src=\"https:\/\/militares.estrategia.com\/portal\/wp-content\/uploads\/2023\/08\/image-3-1024x683.jpeg\" alt=\"\u00c1frica do Sul\" class=\"wp-image-69388\" srcset=\"https:\/\/militares.estrategia.com\/portal\/wp-content\/uploads\/2023\/08\/image-3-1024x683.jpeg 1024w, https:\/\/militares.estrategia.com\/portal\/wp-content\/uploads\/2023\/08\/image-3-768x512.jpeg 768w, https:\/\/militares.estrategia.com\/portal\/wp-content\/uploads\/2023\/08\/image-3-1536x1024.jpeg 1536w, https:\/\/militares.estrategia.com\/portal\/wp-content\/uploads\/2023\/08\/image-3-800x534.jpeg 800w, https:\/\/militares.estrategia.com\/portal\/wp-content\/uploads\/2023\/08\/image-3-1160x774.jpeg 1160w, https:\/\/militares.estrategia.com\/portal\/wp-content\/uploads\/2023\/08\/image-3.jpeg 1600w\" sizes=\"(max-width: 1024px) 100vw, 1024px\" \/><\/figure>\n\n\n\n<h4 class=\"wp-block-heading\" id=\"h-as-conflituosas-relacoes-da-china-na-africa\">&nbsp;As conflituosas rela\u00e7\u00f5es da China na \u00c1frica<\/h4>\n\n\n\n<p><strong>A China \u00e9 hoje o principal <\/strong><a href=\"https:\/\/portalantigo.ipea.gov.br\/agencia\/images\/stories\/PDFs\/boletim_internacional\/100621_boletim_internacional01_cap5.pdf\" target=\"_blank\" ><strong>s\u00f3cio comercial da \u00c1frica<\/strong><\/a><strong>.<\/strong> Como ocorreu nos \u00faltimos 12 anos com outras regi\u00f5es do planeta, seu com\u00e9rcio com o continente disparou, triplicando desde 2006. Nem sequer as \u00faltimas crises econ\u00f4micas afetaram a sa\u00fade do interc\u00e2mbio lateral.&nbsp;<\/p>\n\n\n\n<p><strong>\u00c0 primeira vista, esse interc\u00e2mbio repete o velho esquema colonial de explora\u00e7\u00e3o de mat\u00e9ria-prima em troca de investimento. <\/strong>Um ter\u00e7o do petr\u00f3leo consumido pela<a href=\"https:\/\/www.ide.go.jp\/English\/Data\/Africa_file\/Manualreport\/cia_07.html\" target=\"_blank\" > China vem da \u00c1frica, <\/a>sobretudo de Angola. Cerca de 20% do algod\u00e3o que necessita para sua ind\u00fastria \u00e9 oriundo do Mali, de Benin e Burkina Fasso.<\/p>\n\n\n\n<p>Em uma reuni\u00e3o de c\u00fapula em Beijing, da qual participaram 50 chefes de Estado da \u00c1frica em mar\u00e7o de 2013, <strong>o presidente chin\u00eas Hu Jintao prometeu cr\u00e9ditos de 20 milh\u00f5es de d\u00f3lares para investimentos em estrutura e \u201cdesenvolvimento sustent\u00e1vel\u201d.<\/strong><\/p>\n\n\n\n<p>O \u00eaxito desses empr\u00e9stimos \u00e9 indiscut\u00edvel. Em um continente com urgentes necessidades de investimento em infraestrutura, <strong>a China substituiu, em 2010, o Banco Mundial como principal fonte de financiamento no continente africano.&nbsp;<\/strong><\/p>\n\n\n\n<p>No entanto, um informativo da <a href=\"https:\/\/www.hrw.org\/pt\/news\/2013\/02\/20\/248854\" target=\"_blank\" >Human Right Watch<\/a> sobre as condi\u00e7\u00f5es de <a href=\"https:\/\/lejournaldelafrique.com\/pt\/rdc-les-terribles-conditions-de-travail-dans-les-mines\/?q=%2Fpt%2Flafrique-daujourdhui%2Frdc-les-terribles-conditions-de-travail-dans-les-mines%2F\" target=\"_blank\" >trabalho nas minas da Z\u00e2mbia<\/a>, publicado em 2011,<strong> demonstra um quadro de explora\u00e7\u00e3o colonial.<\/strong><\/p>\n\n\n\n<h2 class=\"wp-block-heading\" id=\"h-o-modelo-de-desenvolvimento-chines\"><span class=\"ez-toc-section\" id=\"O-modelo-de-desenvolvimento-chines\"><\/span>O modelo de desenvolvimento chin\u00eas<span class=\"ez-toc-section-end\"><\/span><\/h2>\n\n\n\n<p><strong>Na China, os sindicatos s\u00e3o ap\u00eandices do Partido Comunista<\/strong>. Em 1982, como parte do <em>Gaige Kaifang \u2013 <\/em>reforma e abertura econ\u00f4mica \u2013, t\u00e3o aplaudido no Ocidente, <strong>Deng Xiao Ping suprimiu o direito de greve consagrado na Constitui\u00e7\u00e3o chinesa.<\/strong><\/p>\n\n\n\n<p><strong>Nas minas de carv\u00e3o, que abastecem 70% das necessidades energ\u00e9ticas do pa\u00eds, as condi\u00e7\u00f5es de trabalho s\u00e3o, provavelmente, <\/strong><a href=\"https:\/\/pucminasconjuntura.wordpress.com\/2018\/10\/19\/presenca-da-china-na-africa-novo-desenvolvimento-ou-novo-colonialismo\/\" target=\"_blank\" ><strong>piores que na \u00c1frica<\/strong><\/a>. Segundo cifras oficiais, a m\u00e9dia de mortes causadas por acidentes gira em torno de 2.600 pessoas por ano.<\/p>\n\n\n\n<p>As empresas, acostumadas a ignorar as regula\u00e7\u00f5es na China, com acordos de todo tipo com autoridades locais, se comportam da mesma maneira no exterior. Em uma <a href=\"https:\/\/www.economist.com\/business\/2022\/11\/24\/multinational-firms-are-finding-it-hard-to-let-go-of-china\" target=\"_blank\" >reportagem para a revista <em>The Economist<\/em>,<\/a> <strong>o ministro do Meio Ambiente do Zimb\u00e1bue declarou que as multinacionais chinesas operam como \u201cpiratas atr\u00e1s do ouro\u201d.<\/strong><\/p>\n\n\n\n<p>Outro exemplo foi quando a petroleira chinesa Sinopec iniciou explora\u00e7\u00f5es no <a href=\"https:\/\/africando.pt\/destino\/visitar-gabao\/\" target=\"_blank\" >Parque Nacional do Gab\u00e3o.<\/a><\/p>\n\n\n\n<p>Voc\u00ea sabia como foi feita a demarca\u00e7\u00e3o dos pa\u00edses africanos? Ent\u00e3o compartilhe esse artigo em suas redes sociais e em seus grupos de estudo! <strong>Clique no banner abaixo e confira<\/strong> os cursos preparat\u00f3rios do Estrat\u00e9gia Militares!<\/p>\n\n\n\n\n\n<p><\/p>\n\n\n\n<h2 class=\"wp-block-heading\"><span class=\"ez-toc-section\" id=\"Veja-tambem\"><\/span>Veja tamb\u00e9m:<span class=\"ez-toc-section-end\"><\/span><\/h2>\n\n\n\n<ul class=\"wp-block-list\">\n<li><a href=\"https:\/\/militares.estrategia.com\/portal\/materias-e-dicas\/fisica\/movimento-circular-conheca-as-grandezas-angulares\/\">Movimento Circular: conhe\u00e7a as grandezas angulares!<\/a><\/li>\n\n\n\n<li><a href=\"https:\/\/militares.estrategia.com\/portal\/materias-e-dicas\/fisica\/mu-e-muv-como-fazer-a-analise-grafica-dos-movimentos\/\">MU e MUV: como fazer a an\u00e1lise gr\u00e1fica dos movimentos<\/a><\/li>\n\n\n\n<li><a href=\"https:\/\/militares.estrategia.com\/portal\/materias-e-dicas\/geografia\/regionalizacao-brasileira-o-extrativismo-a-agropecuaria-do-sul-brasileiro\/\">Regionaliza\u00e7\u00e3o brasileira: o extrativismo, a agropecu\u00e1ria e mais do sul brasileiro!<\/a><\/li>\n\n\n\n<li><a href=\"https:\/\/militares.estrategia.com\/portal\/materias-e-dicas\/geografia\/regionalizacao-brasileira-transportes-e-o-turismo-da-regiao-sul\/\">Regionaliza\u00e7\u00e3o brasileira: transportes e o turismo da regi\u00e3o Sul!<\/a><\/li>\n\n\n\n<li><a href=\"https:\/\/militares.estrategia.com\/portal\/materias-e-dicas\/geografia\/recursos-energeticos-matriz-energetica-fontes-de-energia-e-mais\/\">Recursos energ\u00e9ticos: matriz energ\u00e9tica, fontes de energia e mais!<\/a><\/li>\n\n\n\n<li><a href=\"https:\/\/militares.estrategia.com\/portal\/materias-e-dicas\/geografia\/fontes-de-energia-principais-reservas-producao-e-utilidades-do-petroleo\/\">Fontes de energia: principais reservas, produ\u00e7\u00e3o e utilidades do petr\u00f3leo!<\/a><\/li>\n\n\n\n<li><a href=\"https:\/\/militares.estrategia.com\/portal\/materias-e-dicas\/geografia\/transportes-no-brasil-saiba-mais-sobre-os-meios-aereo-dutos-e-cabos\/\">Transportes no Brasil: saiba mais sobre os meios a\u00e9reo, dutos e cabos!<\/a><\/li>\n<\/ul>\n\n\n\n<h2 class=\"wp-block-heading\"><span class=\"ez-toc-section\" id=\"Referencias\"><\/span>Refer\u00eancias&nbsp;<span class=\"ez-toc-section-end\"><\/span><\/h2>\n\n\n\n<ul class=\"wp-block-list\">\n<li><a href=\"https:\/\/news.un.org\/pt\/tags\/conflitos-em-africa\" target=\"_blank\" >https:\/\/news.un.org\/pt\/tags\/conflitos-em-africa<\/a>&nbsp;<\/li>\n\n\n\n<li><a href=\"https:\/\/portalantigo.ipea.gov.br\/agencia\/images\/stories\/PDFs\/boletim_internacional\/100621_boletim_internacional01_cap5.pdf\" target=\"_blank\" >https:\/\/portalantigo.ipea.gov.br\/agencia\/images\/stories\/PDFs\/boletim_internacional\/100621_boletim_internacional01_cap5.pdf<\/a><\/li>\n\n\n\n<li><a href=\"https:\/\/lume.ufrgs.br\/bitstream\/handle\/10183\/48813\/Poster_11582.pdf?sequence=2&amp;isAllowed=y\" target=\"_blank\" >https:\/\/lume.ufrgs.br\/bitstream\/handle\/10183\/48813\/Poster_11582.pdf?sequence=2&amp;isAllowed=y<\/a><\/li>\n\n\n\n<li><a href=\"https:\/\/cee.fiocruz.br\/?q=Africa-e-China\" target=\"_blank\" >https:\/\/cee.fiocruz.br\/?q=Africa-e-China<\/a><\/li>\n\n\n\n<li><a href=\"https:\/\/mozambique.un.org\/pt\/225768-%E2%80%9Ccausas-profundas-dos-conflitos-na-%C3%A1frica-devem-ser-abordadas-al%C3%A9m-da-resposta-tradicional%E2%80%9D\" target=\"_blank\" >https:\/\/mozambique.un.org\/pt\/225768-%E2%80%9Ccausas-profundas-dos-conflitos-na-%C3%A1frica-devem-ser-abordadas-al%C3%A9m-da-resposta-tradicional%E2%80%9D<\/a><\/li>\n\n\n\n<li><a href=\"https:\/\/www.ide.go.jp\/English\/Data\/Africa_file\/Manualreport\/cia_07.html\" target=\"_blank\" >https:\/\/www.ide.go.jp\/English\/Data\/Africa_file\/Manualreport\/cia_07.html<\/a><\/li>\n\n\n\n<li><a href=\"https:\/\/www.hrw.org\/pt\/news\/2013\/02\/20\/248854\" target=\"_blank\" >https:\/\/www.hrw.org\/pt\/news\/2013\/02\/20\/248854<\/a><\/li>\n\n\n\n<li><a href=\"https:\/\/lejournaldelafrique.com\/pt\/rdc-les-terribles-conditions-de-travail-dans-les-mines\/?q=%2Fpt%2Flafrique-daujourdhui%2Frdc-les-terribles-conditions-de-travail-dans-les-mines%2F\" target=\"_blank\" >https:\/\/lejournaldelafrique.com\/pt\/rdc-les-terribles-conditions-de-travail-dans-les-mines\/?q=%2Fpt%2Flafrique-daujourdhui%2Frdc-les-terribles-conditions-de-travail-dans-les-mines%2F<\/a><\/li>\n\n\n\n<li><a href=\"https:\/\/pucminasconjuntura.wordpress.com\/2018\/10\/19\/presenca-da-china-na-africa-novo-desenvolvimento-ou-novo-colonialismo\/\" target=\"_blank\" >https:\/\/pucminasconjuntura.wordpress.com\/2018\/10\/19\/presenca-da-china-na-africa-novo-desenvolvimento-ou-novo-colonialismo\/<\/a><\/li>\n\n\n\n<li><a href=\"https:\/\/politike.cartacapital.com.br\/mineracao-e-a-maior-responsavel-por-mortes-no-trabalho-ao-redor-do-mundo\/\" target=\"_blank\" >https:\/\/politike.cartacapital.com.br\/mineracao-e-a-maior-responsavel-por-mortes-no-trabalho-ao-redor-do-mundo\/<\/a><\/li>\n\n\n\n<li><a href=\"https:\/\/portal62am.com.br\/mundo\/uma-nacao-pode-substituir-sua-riqueza-petrolifera-por-arvores\/\" target=\"_blank\" >https:\/\/portal62am.com.br\/mundo\/uma-nacao-pode-substituir-sua-riqueza-petrolifera-por-arvores\/<\/a><\/li>\n<\/ul>\n\n\n","protected":false},"excerpt":{"rendered":"O continente africano tem sido um dos principais alvos da China para explora\u00e7\u00e3o de petr\u00f3leo e investimentos, mas&hellip;\n","protected":false},"author":52,"featured_media":69314,"comment_status":"closed","ping_status":"closed","sticky":false,"template":"","format":"standard","meta":{"wl_entities_gutenberg":"","footnotes":""},"categories":[301],"tags":[162,161],"wl_entity_type":[187],"class_list":{"0":"post-69386","1":"post","2":"type-post","3":"status-publish","4":"format-standard","5":"has-post-thumbnail","7":"category-geografia","8":"tag-carreiramilitar","9":"tag-concursosmilitares","10":"wl_entity_type-article"},"acf":[],"yoast_head":"<!-- This site is optimized with the Yoast SEO Premium plugin v26.6 (Yoast SEO v26.6) - https:\/\/yoast.com\/wordpress\/plugins\/seo\/ -->\n<title>Geopol\u00edtica mundial: a descoloniza\u00e7\u00e3o, a disputa por riquezas na \u00c1frica e mais!<\/title>\n<meta name=\"description\" content=\"A \u00c1frica \u00e9 alvo de intensas disputas pelas suas riquezas minerais, naturais e culturais. Clique aqui e confira tudo sobre a \u00c1frica!\" \/>\n<meta name=\"robots\" content=\"index, follow, max-snippet:-1, max-image-preview:large, max-video-preview:-1\" \/>\n<link rel=\"canonical\" href=\"https:\/\/militares.estrategia.com\/portal\/materias-e-dicas\/geografia\/geopolitica-mundial-a-descolonizacao-a-disputa-por-riquezas-na-africa-e-mais\/\" \/>\n<meta property=\"og:locale\" content=\"pt_BR\" \/>\n<meta property=\"og:type\" content=\"article\" \/>\n<meta property=\"og:title\" content=\"Geopol\u00edtica mundial: a descoloniza\u00e7\u00e3o, a disputa por riquezas na \u00c1frica e mais!\" \/>\n<meta property=\"og:description\" content=\"A \u00c1frica \u00e9 alvo de intensas disputas pelas suas riquezas minerais, naturais e culturais. Clique aqui e confira tudo sobre a \u00c1frica!\" \/>\n<meta property=\"og:url\" content=\"https:\/\/militares.estrategia.com\/portal\/materias-e-dicas\/geografia\/geopolitica-mundial-a-descolonizacao-a-disputa-por-riquezas-na-africa-e-mais\/\" \/>\n<meta property=\"og:site_name\" content=\"Estrat\u00e9gia Militares\" \/>\n<meta property=\"article:publisher\" content=\"https:\/\/www.facebook.com\/EstrategiaMilitares\" \/>\n<meta property=\"article:published_time\" content=\"2023-08-08T13:00:00+00:00\" \/>\n<meta property=\"article:modified_time\" content=\"2023-08-09T17:42:31+00:00\" \/>\n<meta property=\"og:image\" content=\"https:\/\/cdn.blog.estrategiavestibulares.com.br\/vestibulares\/wp-content\/uploads\/2023\/08\/image-1.jpeg\" \/>\n\t<meta property=\"og:image:width\" content=\"1600\" \/>\n\t<meta property=\"og:image:height\" content=\"1066\" \/>\n\t<meta property=\"og:image:type\" content=\"image\/jpeg\" \/>\n<meta name=\"author\" content=\"Vin\u00edcius Brigolini\" \/>\n<meta name=\"twitter:card\" content=\"summary_large_image\" \/>\n<meta name=\"twitter:creator\" content=\"@estrategiamilit\" \/>\n<meta name=\"twitter:site\" content=\"@estrategiamilit\" \/>\n<meta name=\"twitter:label1\" content=\"Escrito por\" \/>\n\t<meta name=\"twitter:data1\" content=\"Vin\u00edcius Brigolini\" \/>\n\t<meta name=\"twitter:label2\" content=\"Est. tempo de leitura\" \/>\n\t<meta name=\"twitter:data2\" content=\"6 minutos\" \/>\n<script type=\"application\/ld+json\" class=\"yoast-schema-graph\">{\"@context\":\"https:\/\/schema.org\",\"@graph\":[{\"@type\":\"Article\",\"@id\":\"https:\/\/militares.estrategia.com\/portal\/materias-e-dicas\/geografia\/geopolitica-mundial-a-descolonizacao-a-disputa-por-riquezas-na-africa-e-mais\/#article\",\"isPartOf\":{\"@id\":\"https:\/\/militares.estrategia.com\/portal\/materias-e-dicas\/geografia\/geopolitica-mundial-a-descolonizacao-a-disputa-por-riquezas-na-africa-e-mais\/\"},\"author\":{\"name\":\"Vin\u00edcius Brigolini\",\"@id\":\"https:\/\/militares.estrategia.com\/portal\/#\/schema\/person\/6587b50abb02ffb0d1d0b50c12a6b317\"},\"headline\":\"Geopol\u00edtica mundial: a descoloniza\u00e7\u00e3o, a disputa por riquezas na \u00c1frica e mais!\",\"datePublished\":\"2023-08-08T13:00:00+00:00\",\"dateModified\":\"2023-08-09T17:42:31+00:00\",\"mainEntityOfPage\":{\"@id\":\"https:\/\/militares.estrategia.com\/portal\/materias-e-dicas\/geografia\/geopolitica-mundial-a-descolonizacao-a-disputa-por-riquezas-na-africa-e-mais\/\"},\"wordCount\":1234,\"publisher\":{\"@id\":\"https:\/\/militares.estrategia.com\/portal\/#organization\"},\"image\":{\"@id\":\"https:\/\/militares.estrategia.com\/portal\/materias-e-dicas\/geografia\/geopolitica-mundial-a-descolonizacao-a-disputa-por-riquezas-na-africa-e-mais\/#primaryimage\"},\"thumbnailUrl\":\"https:\/\/militares.estrategia.com\/portal\/wp-content\/uploads\/2023\/08\/image-1.jpeg\",\"keywords\":[\"carreiramilitar\",\"ConcursosMilitares\"],\"articleSection\":[\"Geografia\"],\"inLanguage\":\"pt-BR\"},{\"@type\":\"WebPage\",\"@id\":\"https:\/\/militares.estrategia.com\/portal\/materias-e-dicas\/geografia\/geopolitica-mundial-a-descolonizacao-a-disputa-por-riquezas-na-africa-e-mais\/\",\"url\":\"https:\/\/militares.estrategia.com\/portal\/materias-e-dicas\/geografia\/geopolitica-mundial-a-descolonizacao-a-disputa-por-riquezas-na-africa-e-mais\/\",\"name\":\"Geopol\u00edtica mundial: a descoloniza\u00e7\u00e3o, a disputa por riquezas na \u00c1frica e mais!\",\"isPartOf\":{\"@id\":\"https:\/\/militares.estrategia.com\/portal\/#website\"},\"primaryImageOfPage\":{\"@id\":\"https:\/\/militares.estrategia.com\/portal\/materias-e-dicas\/geografia\/geopolitica-mundial-a-descolonizacao-a-disputa-por-riquezas-na-africa-e-mais\/#primaryimage\"},\"image\":{\"@id\":\"https:\/\/militares.estrategia.com\/portal\/materias-e-dicas\/geografia\/geopolitica-mundial-a-descolonizacao-a-disputa-por-riquezas-na-africa-e-mais\/#primaryimage\"},\"thumbnailUrl\":\"https:\/\/militares.estrategia.com\/portal\/wp-content\/uploads\/2023\/08\/image-1.jpeg\",\"datePublished\":\"2023-08-08T13:00:00+00:00\",\"dateModified\":\"2023-08-09T17:42:31+00:00\",\"description\":\"A \u00c1frica \u00e9 alvo de intensas disputas pelas suas riquezas minerais, naturais e culturais. Clique aqui e confira tudo sobre a \u00c1frica!\",\"breadcrumb\":{\"@id\":\"https:\/\/militares.estrategia.com\/portal\/materias-e-dicas\/geografia\/geopolitica-mundial-a-descolonizacao-a-disputa-por-riquezas-na-africa-e-mais\/#breadcrumb\"},\"inLanguage\":\"pt-BR\",\"potentialAction\":[{\"@type\":\"ReadAction\",\"target\":[\"https:\/\/militares.estrategia.com\/portal\/materias-e-dicas\/geografia\/geopolitica-mundial-a-descolonizacao-a-disputa-por-riquezas-na-africa-e-mais\/\"]}]},{\"@type\":\"ImageObject\",\"inLanguage\":\"pt-BR\",\"@id\":\"https:\/\/militares.estrategia.com\/portal\/materias-e-dicas\/geografia\/geopolitica-mundial-a-descolonizacao-a-disputa-por-riquezas-na-africa-e-mais\/#primaryimage\",\"url\":\"https:\/\/militares.estrategia.com\/portal\/wp-content\/uploads\/2023\/08\/image-1.jpeg\",\"contentUrl\":\"https:\/\/militares.estrategia.com\/portal\/wp-content\/uploads\/2023\/08\/image-1.jpeg\",\"width\":1600,\"height\":1066,\"caption\":\"Pr\u00e9dios na \u00c1frica do Sul\"},{\"@type\":\"BreadcrumbList\",\"@id\":\"https:\/\/militares.estrategia.com\/portal\/materias-e-dicas\/geografia\/geopolitica-mundial-a-descolonizacao-a-disputa-por-riquezas-na-africa-e-mais\/#breadcrumb\",\"itemListElement\":[{\"@type\":\"ListItem\",\"position\":1,\"name\":\"Home\",\"item\":\"https:\/\/militares.estrategia.com\/portal\/\"},{\"@type\":\"ListItem\",\"position\":2,\"name\":\"Mat\u00e9rias e Dicas\",\"item\":\"https:\/\/militares.estrategia.com\/portal\/materias-e-dicas\/\"},{\"@type\":\"ListItem\",\"position\":3,\"name\":\"Geografia\",\"item\":\"https:\/\/militares.estrategia.com\/portal\/materias-e-dicas\/geografia\/\"},{\"@type\":\"ListItem\",\"position\":4,\"name\":\"Geopol\u00edtica mundial: a descoloniza\u00e7\u00e3o, a disputa por riquezas na \u00c1frica e mais!\"}]},{\"@type\":\"WebSite\",\"@id\":\"https:\/\/militares.estrategia.com\/portal\/#website\",\"url\":\"https:\/\/militares.estrategia.com\/portal\/\",\"name\":\"Estrat\u00e9gia Militares\",\"description\":\"\",\"publisher\":{\"@id\":\"https:\/\/militares.estrategia.com\/portal\/#organization\"},\"potentialAction\":[{\"@type\":\"SearchAction\",\"target\":{\"@type\":\"EntryPoint\",\"urlTemplate\":\"https:\/\/militares.estrategia.com\/portal\/?s={search_term_string}\"},\"query-input\":{\"@type\":\"PropertyValueSpecification\",\"valueRequired\":true,\"valueName\":\"search_term_string\"}}],\"inLanguage\":\"pt-BR\"},{\"@type\":\"Organization\",\"@id\":\"https:\/\/militares.estrategia.com\/portal\/#organization\",\"name\":\"Estrat\u00e9gia Militares\",\"url\":\"https:\/\/militares.estrategia.com\/portal\/\",\"logo\":{\"@type\":\"ImageObject\",\"inLanguage\":\"pt-BR\",\"@id\":\"https:\/\/militares.estrategia.com\/portal\/#\/schema\/logo\/image\/\",\"url\":\"https:\/\/militares.estrategia.com\/portal\/wp-content\/uploads\/2021\/10\/logo-militares.webp\",\"contentUrl\":\"https:\/\/militares.estrategia.com\/portal\/wp-content\/uploads\/2021\/10\/logo-militares.webp\",\"width\":346,\"height\":90,\"caption\":\"Estrat\u00e9gia Militares\"},\"image\":{\"@id\":\"https:\/\/militares.estrategia.com\/portal\/#\/schema\/logo\/image\/\"},\"sameAs\":[\"https:\/\/www.facebook.com\/EstrategiaMilitares\",\"https:\/\/x.com\/estrategiamilit\",\"https:\/\/www.instagram.com\/estrategiamilitares\/\",\"https:\/\/www.youtube.com\/channel\/UCRG_9hakCqXxnj_8TqCdgTA\"]},{\"@type\":\"Person\",\"@id\":\"https:\/\/militares.estrategia.com\/portal\/#\/schema\/person\/6587b50abb02ffb0d1d0b50c12a6b317\",\"name\":\"Vin\u00edcius Brigolini\",\"image\":{\"@type\":\"ImageObject\",\"inLanguage\":\"pt-BR\",\"@id\":\"https:\/\/militares.estrategia.com\/portal\/#\/schema\/person\/image\/\",\"url\":\"https:\/\/militares.estrategia.com\/portal\/wp-content\/uploads\/2021\/08\/Sem-titulo-150x150.jpg\",\"contentUrl\":\"https:\/\/militares.estrategia.com\/portal\/wp-content\/uploads\/2021\/08\/Sem-titulo-150x150.jpg\",\"caption\":\"Vin\u00edcius Brigolini\"},\"description\":\"Membro da turma Carcar\u00e1 de 2017 da For\u00e7a A\u00e9rea Brasileira. \u00c9 apaixonado pela avia\u00e7\u00e3o e pelo mundo militar!\",\"sameAs\":[\"https:\/\/www.instagram.com\/viniciusbgn\/\"],\"url\":\"https:\/\/militares.estrategia.com\/portal\/author\/vinicius-souza\/\"}]}<\/script>\n<!-- \/ Yoast SEO Premium plugin. -->","yoast_head_json":{"title":"Geopol\u00edtica mundial: a descoloniza\u00e7\u00e3o, a disputa por riquezas na \u00c1frica e mais!","description":"A \u00c1frica \u00e9 alvo de intensas disputas pelas suas riquezas minerais, naturais e culturais. Clique aqui e confira tudo sobre a \u00c1frica!","robots":{"index":"index","follow":"follow","max-snippet":"max-snippet:-1","max-image-preview":"max-image-preview:large","max-video-preview":"max-video-preview:-1"},"canonical":"https:\/\/militares.estrategia.com\/portal\/materias-e-dicas\/geografia\/geopolitica-mundial-a-descolonizacao-a-disputa-por-riquezas-na-africa-e-mais\/","og_locale":"pt_BR","og_type":"article","og_title":"Geopol\u00edtica mundial: a descoloniza\u00e7\u00e3o, a disputa por riquezas na \u00c1frica e mais!","og_description":"A \u00c1frica \u00e9 alvo de intensas disputas pelas suas riquezas minerais, naturais e culturais. Clique aqui e confira tudo sobre a \u00c1frica!","og_url":"https:\/\/militares.estrategia.com\/portal\/materias-e-dicas\/geografia\/geopolitica-mundial-a-descolonizacao-a-disputa-por-riquezas-na-africa-e-mais\/","og_site_name":"Estrat\u00e9gia Militares","article_publisher":"https:\/\/www.facebook.com\/EstrategiaMilitares","article_published_time":"2023-08-08T13:00:00+00:00","article_modified_time":"2023-08-09T17:42:31+00:00","og_image":[{"width":1600,"height":1066,"url":"https:\/\/cdn.blog.estrategiavestibulares.com.br\/vestibulares\/wp-content\/uploads\/2023\/08\/image-1.jpeg","type":"image\/jpeg"}],"author":"Vin\u00edcius Brigolini","twitter_card":"summary_large_image","twitter_creator":"@estrategiamilit","twitter_site":"@estrategiamilit","twitter_misc":{"Escrito por":"Vin\u00edcius Brigolini","Est. tempo de leitura":"6 minutos"},"schema":{"@context":"https:\/\/schema.org","@graph":[{"@type":"Article","@id":"https:\/\/militares.estrategia.com\/portal\/materias-e-dicas\/geografia\/geopolitica-mundial-a-descolonizacao-a-disputa-por-riquezas-na-africa-e-mais\/#article","isPartOf":{"@id":"https:\/\/militares.estrategia.com\/portal\/materias-e-dicas\/geografia\/geopolitica-mundial-a-descolonizacao-a-disputa-por-riquezas-na-africa-e-mais\/"},"author":{"name":"Vin\u00edcius Brigolini","@id":"https:\/\/militares.estrategia.com\/portal\/#\/schema\/person\/6587b50abb02ffb0d1d0b50c12a6b317"},"headline":"Geopol\u00edtica mundial: a descoloniza\u00e7\u00e3o, a disputa por riquezas na \u00c1frica e mais!","datePublished":"2023-08-08T13:00:00+00:00","dateModified":"2023-08-09T17:42:31+00:00","mainEntityOfPage":{"@id":"https:\/\/militares.estrategia.com\/portal\/materias-e-dicas\/geografia\/geopolitica-mundial-a-descolonizacao-a-disputa-por-riquezas-na-africa-e-mais\/"},"wordCount":1234,"publisher":{"@id":"https:\/\/militares.estrategia.com\/portal\/#organization"},"image":{"@id":"https:\/\/militares.estrategia.com\/portal\/materias-e-dicas\/geografia\/geopolitica-mundial-a-descolonizacao-a-disputa-por-riquezas-na-africa-e-mais\/#primaryimage"},"thumbnailUrl":"https:\/\/militares.estrategia.com\/portal\/wp-content\/uploads\/2023\/08\/image-1.jpeg","keywords":["carreiramilitar","ConcursosMilitares"],"articleSection":["Geografia"],"inLanguage":"pt-BR"},{"@type":"WebPage","@id":"https:\/\/militares.estrategia.com\/portal\/materias-e-dicas\/geografia\/geopolitica-mundial-a-descolonizacao-a-disputa-por-riquezas-na-africa-e-mais\/","url":"https:\/\/militares.estrategia.com\/portal\/materias-e-dicas\/geografia\/geopolitica-mundial-a-descolonizacao-a-disputa-por-riquezas-na-africa-e-mais\/","name":"Geopol\u00edtica mundial: a descoloniza\u00e7\u00e3o, a disputa por riquezas na \u00c1frica e mais!","isPartOf":{"@id":"https:\/\/militares.estrategia.com\/portal\/#website"},"primaryImageOfPage":{"@id":"https:\/\/militares.estrategia.com\/portal\/materias-e-dicas\/geografia\/geopolitica-mundial-a-descolonizacao-a-disputa-por-riquezas-na-africa-e-mais\/#primaryimage"},"image":{"@id":"https:\/\/militares.estrategia.com\/portal\/materias-e-dicas\/geografia\/geopolitica-mundial-a-descolonizacao-a-disputa-por-riquezas-na-africa-e-mais\/#primaryimage"},"thumbnailUrl":"https:\/\/militares.estrategia.com\/portal\/wp-content\/uploads\/2023\/08\/image-1.jpeg","datePublished":"2023-08-08T13:00:00+00:00","dateModified":"2023-08-09T17:42:31+00:00","description":"A \u00c1frica \u00e9 alvo de intensas disputas pelas suas riquezas minerais, naturais e culturais. Clique aqui e confira tudo sobre a \u00c1frica!","breadcrumb":{"@id":"https:\/\/militares.estrategia.com\/portal\/materias-e-dicas\/geografia\/geopolitica-mundial-a-descolonizacao-a-disputa-por-riquezas-na-africa-e-mais\/#breadcrumb"},"inLanguage":"pt-BR","potentialAction":[{"@type":"ReadAction","target":["https:\/\/militares.estrategia.com\/portal\/materias-e-dicas\/geografia\/geopolitica-mundial-a-descolonizacao-a-disputa-por-riquezas-na-africa-e-mais\/"]}]},{"@type":"ImageObject","inLanguage":"pt-BR","@id":"https:\/\/militares.estrategia.com\/portal\/materias-e-dicas\/geografia\/geopolitica-mundial-a-descolonizacao-a-disputa-por-riquezas-na-africa-e-mais\/#primaryimage","url":"https:\/\/militares.estrategia.com\/portal\/wp-content\/uploads\/2023\/08\/image-1.jpeg","contentUrl":"https:\/\/militares.estrategia.com\/portal\/wp-content\/uploads\/2023\/08\/image-1.jpeg","width":1600,"height":1066,"caption":"Pr\u00e9dios na \u00c1frica do Sul"},{"@type":"BreadcrumbList","@id":"https:\/\/militares.estrategia.com\/portal\/materias-e-dicas\/geografia\/geopolitica-mundial-a-descolonizacao-a-disputa-por-riquezas-na-africa-e-mais\/#breadcrumb","itemListElement":[{"@type":"ListItem","position":1,"name":"Home","item":"https:\/\/militares.estrategia.com\/portal\/"},{"@type":"ListItem","position":2,"name":"Mat\u00e9rias e Dicas","item":"https:\/\/militares.estrategia.com\/portal\/materias-e-dicas\/"},{"@type":"ListItem","position":3,"name":"Geografia","item":"https:\/\/militares.estrategia.com\/portal\/materias-e-dicas\/geografia\/"},{"@type":"ListItem","position":4,"name":"Geopol\u00edtica mundial: a descoloniza\u00e7\u00e3o, a disputa por riquezas na \u00c1frica e mais!"}]},{"@type":"WebSite","@id":"https:\/\/militares.estrategia.com\/portal\/#website","url":"https:\/\/militares.estrategia.com\/portal\/","name":"Estrat\u00e9gia Militares","description":"","publisher":{"@id":"https:\/\/militares.estrategia.com\/portal\/#organization"},"potentialAction":[{"@type":"SearchAction","target":{"@type":"EntryPoint","urlTemplate":"https:\/\/militares.estrategia.com\/portal\/?s={search_term_string}"},"query-input":{"@type":"PropertyValueSpecification","valueRequired":true,"valueName":"search_term_string"}}],"inLanguage":"pt-BR"},{"@type":"Organization","@id":"https:\/\/militares.estrategia.com\/portal\/#organization","name":"Estrat\u00e9gia Militares","url":"https:\/\/militares.estrategia.com\/portal\/","logo":{"@type":"ImageObject","inLanguage":"pt-BR","@id":"https:\/\/militares.estrategia.com\/portal\/#\/schema\/logo\/image\/","url":"https:\/\/militares.estrategia.com\/portal\/wp-content\/uploads\/2021\/10\/logo-militares.webp","contentUrl":"https:\/\/militares.estrategia.com\/portal\/wp-content\/uploads\/2021\/10\/logo-militares.webp","width":346,"height":90,"caption":"Estrat\u00e9gia Militares"},"image":{"@id":"https:\/\/militares.estrategia.com\/portal\/#\/schema\/logo\/image\/"},"sameAs":["https:\/\/www.facebook.com\/EstrategiaMilitares","https:\/\/x.com\/estrategiamilit","https:\/\/www.instagram.com\/estrategiamilitares\/","https:\/\/www.youtube.com\/channel\/UCRG_9hakCqXxnj_8TqCdgTA"]},{"@type":"Person","@id":"https:\/\/militares.estrategia.com\/portal\/#\/schema\/person\/6587b50abb02ffb0d1d0b50c12a6b317","name":"Vin\u00edcius Brigolini","image":{"@type":"ImageObject","inLanguage":"pt-BR","@id":"https:\/\/militares.estrategia.com\/portal\/#\/schema\/person\/image\/","url":"https:\/\/militares.estrategia.com\/portal\/wp-content\/uploads\/2021\/08\/Sem-titulo-150x150.jpg","contentUrl":"https:\/\/militares.estrategia.com\/portal\/wp-content\/uploads\/2021\/08\/Sem-titulo-150x150.jpg","caption":"Vin\u00edcius Brigolini"},"description":"Membro da turma Carcar\u00e1 de 2017 da For\u00e7a A\u00e9rea Brasileira. \u00c9 apaixonado pela avia\u00e7\u00e3o e pelo mundo militar!","sameAs":["https:\/\/www.instagram.com\/viniciusbgn\/"],"url":"https:\/\/militares.estrategia.com\/portal\/author\/vinicius-souza\/"}]}},"_wl_alt_label":[],"wl:entity_url":"https:\/\/data.wordlift.io\/wl110246\/post\/geopolitica-mundial-a-descolonizacao-a-disputa-por-riquezas-na-africa-e-mais-69386","_links":{"self":[{"href":"https:\/\/militares.estrategia.com\/portal\/wp-json\/wp\/v2\/posts\/69386","targetHints":{"allow":["GET"]}}],"collection":[{"href":"https:\/\/militares.estrategia.com\/portal\/wp-json\/wp\/v2\/posts"}],"about":[{"href":"https:\/\/militares.estrategia.com\/portal\/wp-json\/wp\/v2\/types\/post"}],"author":[{"embeddable":true,"href":"https:\/\/militares.estrategia.com\/portal\/wp-json\/wp\/v2\/users\/52"}],"replies":[{"embeddable":true,"href":"https:\/\/militares.estrategia.com\/portal\/wp-json\/wp\/v2\/comments?post=69386"}],"version-history":[{"count":3,"href":"https:\/\/militares.estrategia.com\/portal\/wp-json\/wp\/v2\/posts\/69386\/revisions"}],"predecessor-version":[{"id":69484,"href":"https:\/\/militares.estrategia.com\/portal\/wp-json\/wp\/v2\/posts\/69386\/revisions\/69484"}],"wp:featuredmedia":[{"embeddable":true,"href":"https:\/\/militares.estrategia.com\/portal\/wp-json\/wp\/v2\/media\/69314"}],"wp:attachment":[{"href":"https:\/\/militares.estrategia.com\/portal\/wp-json\/wp\/v2\/media?parent=69386"}],"wp:term":[{"taxonomy":"category","embeddable":true,"href":"https:\/\/militares.estrategia.com\/portal\/wp-json\/wp\/v2\/categories?post=69386"},{"taxonomy":"post_tag","embeddable":true,"href":"https:\/\/militares.estrategia.com\/portal\/wp-json\/wp\/v2\/tags?post=69386"},{"taxonomy":"wl_entity_type","embeddable":true,"href":"https:\/\/militares.estrategia.com\/portal\/wp-json\/wp\/v2\/wl_entity_type?post=69386"}],"curies":[{"name":"wp","href":"https:\/\/api.w.org\/{rel}","templated":true}]}}