{"id":69312,"date":"2023-08-04T08:55:45","date_gmt":"2023-08-04T11:55:45","guid":{"rendered":"https:\/\/militares.estrategia.com\/portal\/?p=69312"},"modified":"2023-08-09T14:47:14","modified_gmt":"2023-08-09T17:47:14","slug":"geopolitica-mundial-comercio-do-continente-africano-e-a-relacao-com-a-china","status":"publish","type":"post","link":"https:\/\/militares.estrategia.com\/portal\/materias-e-dicas\/geografia\/geopolitica-mundial-comercio-do-continente-africano-e-a-relacao-com-a-china\/","title":{"rendered":"Geopol\u00edtica mundial: com\u00e9rcio do continente africano e a rela\u00e7\u00e3o com a China"},"content":{"rendered":"\n<p>Ao se falar na participa\u00e7\u00e3o comercial do continente africano no PIB mundial, as desigualdades entre os pa\u00edses deste continente s\u00e3o ressaltadas. Enquanto alguns pa\u00edses lucram bilh\u00f5es de d\u00f3lares com a exporta\u00e7\u00e3o de petr\u00f3leo e minerais, outros sofrem com guerras, fome e mis\u00e9ria.<\/p>\n\n\n\n<p>Confira nesse artigo, que o <strong>Estrat\u00e9gia Militares<\/strong> preparou para voc\u00ea, mais informa\u00e7\u00f5es e dados sobre a realidade da participa\u00e7\u00e3o comercial da \u00c1frica e sua rela\u00e7\u00e3o com a China.<\/p>\n\n\n\n<p><strong>Ap\u00f3s diversas guerras e disputas territoriais pelos pa\u00edses europeus, pode-se dizer que o continente africano foi praticamente esquecido pela globaliza\u00e7\u00e3o. <\/strong>As exporta\u00e7\u00f5es africanas, por exemplo, representam apenas 5,3% do total global, e a grande instabilidade pol\u00edtica e econ\u00f4mica, que eleva o risco comercial do continente, afasta os investimentos externos.<\/p>\n\n\n\n<div id=\"ez-toc-container\" class=\"ez-toc-v2_0_79_2 counter-hierarchy ez-toc-counter ez-toc-transparent ez-toc-container-direction\">\n<div class=\"ez-toc-title-container\"><p class=\"ez-toc-title\" style=\"cursor:inherit\">Navegue pelo conte\u00fado\t<\/p>\n<\/div><nav><ul class='ez-toc-list ez-toc-list-level-1 ' ><li class='ez-toc-page-1 ez-toc-heading-level-2'><a class=\"ez-toc-link ez-toc-heading-1\" href=\"https:\/\/militares.estrategia.com\/portal\/materias-e-dicas\/geografia\/geopolitica-mundial-comercio-do-continente-africano-e-a-relacao-com-a-china\/#Qual-o-PIB-da-Africa\" >Qual o PIB da \u00c1frica?<\/a><\/li><li class='ez-toc-page-1 ez-toc-heading-level-2'><a class=\"ez-toc-link ez-toc-heading-2\" href=\"https:\/\/militares.estrategia.com\/portal\/materias-e-dicas\/geografia\/geopolitica-mundial-comercio-do-continente-africano-e-a-relacao-com-a-china\/#Perspectivas-de-crescimento-economico-da-Africa\" >Perspectivas de crescimento econ\u00f4mico da \u00c1frica<\/a><\/li><li class='ez-toc-page-1 ez-toc-heading-level-2'><a class=\"ez-toc-link ez-toc-heading-3\" href=\"https:\/\/militares.estrategia.com\/portal\/materias-e-dicas\/geografia\/geopolitica-mundial-comercio-do-continente-africano-e-a-relacao-com-a-china\/#Investimentos-chineses-na-Africa\" >Investimentos chineses na \u00c1frica<\/a><\/li><li class='ez-toc-page-1 ez-toc-heading-level-2'><a class=\"ez-toc-link ez-toc-heading-4\" href=\"https:\/\/militares.estrategia.com\/portal\/materias-e-dicas\/geografia\/geopolitica-mundial-comercio-do-continente-africano-e-a-relacao-com-a-china\/#A-colonizacao-africana-fronteiras-arbitrarias-e-fome-cronica\" >A coloniza\u00e7\u00e3o africana: fronteiras arbitr\u00e1rias e fome cr\u00f4nica<\/a><\/li><li class='ez-toc-page-1 ez-toc-heading-level-2'><a class=\"ez-toc-link ez-toc-heading-5\" href=\"https:\/\/militares.estrategia.com\/portal\/materias-e-dicas\/geografia\/geopolitica-mundial-comercio-do-continente-africano-e-a-relacao-com-a-china\/#Veja-tambem\" >Veja tamb\u00e9m:<\/a><\/li><li class='ez-toc-page-1 ez-toc-heading-level-2'><a class=\"ez-toc-link ez-toc-heading-6\" href=\"https:\/\/militares.estrategia.com\/portal\/materias-e-dicas\/geografia\/geopolitica-mundial-comercio-do-continente-africano-e-a-relacao-com-a-china\/#Referencias\" >Refer\u00eancias<\/a><\/li><\/ul><\/nav><\/div>\n<h2 class=\"wp-block-heading\" id=\"h-qual-o-pib-da-africa\"><span class=\"ez-toc-section\" id=\"Qual-o-PIB-da-Africa\"><\/span>Qual o PIB da \u00c1frica?<span class=\"ez-toc-section-end\"><\/span><\/h2>\n\n\n\n<p><strong>A \u00c1frica conta com um PIB de <\/strong><a href=\"https:\/\/www.imf.org\/external\/datamapper\/PPPGDP@WEO\/OEMDC\/ADVEC\/WEOWORLD\/AFQ\" target=\"_blank\" ><strong>US$ 8,86 trilh\u00f5es, em 2023<\/strong><\/a><strong>. Em compara\u00e7\u00e3o, o PIB estimado para a China no ano de 2023 \u00e9 de US$19.373.586 trilh\u00f5es. Esses n\u00fameros indicam que o continente africano ainda tem um longo caminho pela frente at\u00e9 conseguir oferecer uma vida digna para sua popula\u00e7\u00e3o.<\/strong> Apesar dessa mis\u00e9ria generalizada, os 54 pa\u00edses que comp\u00f5em o continente apresentam situa\u00e7\u00f5es bastante distintas.<\/p>\n\n\n\n<p>Na \u00c1frica Setentrional localizam-se os pa\u00edses com a maioria da popula\u00e7\u00e3o \u00e1rabe e isl\u00e2mica<strong>. Estes, em geral, apresentam melhores condi\u00e7\u00f5es do que aqueles localizados ao sul do Saara, pois s\u00e3o, em sua maioria, grandes produtores de petr\u00f3leo.<\/strong> Na parte ocidental dessa sub-regi\u00e3o africana, est\u00e1 localizada o Magreb \u2013 que significa poente em \u00e1rabe \u2013 composto por:<\/p>\n\n\n\n<p>-Marrocos;<\/p>\n\n\n\n<p>-Arg\u00e9lia;<\/p>\n\n\n\n<p>-Maurit\u00e2nia;<\/p>\n\n\n\n<p>-L\u00edbia; e<\/p>\n\n\n\n<p>-Tun\u00edsia.<\/p>\n\n\n\n<h2 class=\"wp-block-heading\" id=\"h-perspectivas-de-crescimento-economico-da-africa\"><span class=\"ez-toc-section\" id=\"Perspectivas-de-crescimento-economico-da-Africa\"><\/span>Perspectivas de crescimento econ\u00f4mico da \u00c1frica<span class=\"ez-toc-section-end\"><\/span><\/h2>\n\n\n\n<p><strong>A maior parte da popula\u00e7\u00e3o africana, no entanto, vive na regi\u00e3o Subsaariana, abaixo da zona do Sahel <\/strong>\u2013 faixa de transi\u00e7\u00e3o entre a estepe e o deserto do Saara, que corta o continente de leste a oeste, e que se encontra em avan\u00e7ado est\u00e1gio de desertifica\u00e7\u00e3o -, onde se concentram os maiores problemas econ\u00f4micos, pol\u00edticos e sociais.<\/p>\n\n\n\n<p>Apesar de conviver com eles e outros problemas ambientais e humanit\u00e1rios, diversos <strong>relat\u00f3rios internacionais indicam uma tend\u00eancia ao aceleramento da economia africana em diversos pa\u00edses, alguns afirmando que a \u00c1frica Subsaariana est\u00e1 vivendo o melhor per\u00edodo de crescimento econ\u00f4mico<\/strong> desde o fim da descoloniza\u00e7\u00e3o.<\/p>\n\n\n\n<p><strong>Segundo o Banco Mundial, esse crescimento dever\u00e1 atingir cerca de 6% ao ano ainda nesta d\u00e9cada, para os pa\u00edses subsaarianos<\/strong>.<\/p>\n\n\n<div class=\"wp-block-image\">\n<figure class=\"aligncenter size-large is-resized\"><img decoding=\"async\" src=\"https:\/\/militares.estrategia.com\/portal\/wp-content\/uploads\/2023\/08\/image-682x1024.jpeg\" alt=\"Mercado africano\" class=\"wp-image-69313\" width=\"334\" height=\"501\" srcset=\"https:\/\/militares.estrategia.com\/portal\/wp-content\/uploads\/2023\/08\/image-682x1024.jpeg 682w, https:\/\/militares.estrategia.com\/portal\/wp-content\/uploads\/2023\/08\/image-768x1153.jpeg 768w, https:\/\/militares.estrategia.com\/portal\/wp-content\/uploads\/2023\/08\/image-1023x1536.jpeg 1023w, https:\/\/militares.estrategia.com\/portal\/wp-content\/uploads\/2023\/08\/image-800x1201.jpeg 800w, https:\/\/militares.estrategia.com\/portal\/wp-content\/uploads\/2023\/08\/image.jpeg 1066w\" sizes=\"(max-width: 334px) 100vw, 334px\" \/><\/figure><\/div>\n\n\n<h3 class=\"wp-block-heading\" id=\"h-participacao-da-africa-do-sul-no-pib-do-continente-africano\">Participa\u00e7\u00e3o da \u00c1frica do Sul no PIB do continente africano<\/h3>\n\n\n\n<p>No extremo sul do continente, est\u00e1 localizada a<strong> \u00c1frica do Sul, que produz, sozinha, um quarto das riquezas de todo o continente.<\/strong><\/p>\n\n\n\n<p>O pa\u00eds corresponde ao principal polo de desenvolvimento da \u00c1frica e sua tend\u00eancia de crescimento ocorre devido ao aumento do consumo das fam\u00edlias \u2013 <strong>gerado pela expans\u00e3o da classe m\u00e9dia local \u2013 e da eleva\u00e7\u00e3o dos investimentos infra-estruturais, que levaram \u00e0 amplia\u00e7\u00e3o da explora\u00e7\u00e3o de minerais.<\/strong><\/p>\n\n\n\n<p><strong>Esse crescimento do continente africano est\u00e1 atrelado \u00e0 venda de <\/strong><strong><em>commodities<\/em><\/strong><strong> vegetais, minerais e de petr\u00f3leo.<\/strong>&nbsp;<\/p>\n\n\n\n<h2 class=\"wp-block-heading\" id=\"h-investimentos-chineses-na-africa\"><span class=\"ez-toc-section\" id=\"Investimentos-chineses-na-Africa\"><\/span>Investimentos chineses na \u00c1frica<span class=\"ez-toc-section-end\"><\/span><\/h2>\n\n\n\n<p>A China tem sido uma protagonista nesse com\u00e9rcio e tem investido maci\u00e7amente em diversos pa\u00edses africanos. Seu objetivo \u00e9 construir uma base infraestrutural naqueles pa\u00edses que s\u00e3o seus parceiros comerciais, <strong>para aumentar e facilitar o escoamento da produ\u00e7\u00e3o de mat\u00e9ria-prima para exporta\u00e7\u00e3o.<\/strong><\/p>\n\n\n\n<p><strong>Esse investimento chin\u00eas tem sido visto com desconfian\u00e7a e preocupa\u00e7\u00e3o, tanto pelos EUA quanto pela Uni\u00e3o Europeia,<\/strong> pois acreditam que o governo chin\u00eas possa construir uma <strong>rela\u00e7\u00e3o \u201cneoimperialista\u201d com os pa\u00edses africanos que s\u00e3o seus parceiros comerciais.<\/strong><\/p>\n\n\n\n<p>Para esses pa\u00edses a rela\u00e7\u00e3o sino-africana estaria vinculada exclusivamente <strong>ao interesse chin\u00eas no petr\u00f3leo e em outros recursos naturais dos pa\u00edses africanos, sem compromisso com o desenvolvimento local.<\/strong><\/p>\n\n\n\n<p><strong>Al\u00e9m disso, o fato da China apoiar e manter rela\u00e7\u00f5es com pa\u00edses marcados por regimes autorit\u00e1rios \u2013 como o Sud\u00e3o, que exporta cerca de 65% de sua produ\u00e7\u00e3o para o pa\u00eds \u2013 \u00e9 considerada extremamente prejudicial para o continente.<\/strong><\/p>\n\n\n<div class=\"wp-block-image\">\n<figure class=\"aligncenter size-large\"><img decoding=\"async\" width=\"1024\" height=\"682\" src=\"https:\/\/militares.estrategia.com\/portal\/wp-content\/uploads\/2023\/08\/image-1-1024x682.jpeg\" alt=\"Pr\u00e9dios na \u00c1frica do Sul\" class=\"wp-image-69314\" srcset=\"https:\/\/militares.estrategia.com\/portal\/wp-content\/uploads\/2023\/08\/image-1-1024x682.jpeg 1024w, https:\/\/militares.estrategia.com\/portal\/wp-content\/uploads\/2023\/08\/image-1-768x512.jpeg 768w, https:\/\/militares.estrategia.com\/portal\/wp-content\/uploads\/2023\/08\/image-1-1536x1023.jpeg 1536w, https:\/\/militares.estrategia.com\/portal\/wp-content\/uploads\/2023\/08\/image-1-800x533.jpeg 800w, https:\/\/militares.estrategia.com\/portal\/wp-content\/uploads\/2023\/08\/image-1-1160x773.jpeg 1160w, https:\/\/militares.estrategia.com\/portal\/wp-content\/uploads\/2023\/08\/image-1.jpeg 1600w\" sizes=\"(max-width: 1024px) 100vw, 1024px\" \/><\/figure><\/div>\n\n\n<h2 class=\"wp-block-heading\" id=\"h-a-colonizacao-africana-fronteiras-arbitrarias-e-fome-cronica\"><span class=\"ez-toc-section\" id=\"A-colonizacao-africana-fronteiras-arbitrarias-e-fome-cronica\"><\/span>A coloniza\u00e7\u00e3o africana: fronteiras arbitr\u00e1rias e fome cr\u00f4nica<span class=\"ez-toc-section-end\"><\/span><\/h2>\n\n\n\n<p><strong>Os problemas que ocorrem na \u00c1frica, principalmente em sua por\u00e7\u00e3o Subsaariana, s\u00e3o uma heran\u00e7a colonial.<\/strong> A ocupa\u00e7\u00e3o do continente africano pelos europeus, entre os s\u00e9culos XV a XX, apresentou, inicialmente, um car\u00e1ter imperialista.<\/p>\n\n\n\n<p><strong>A fase mercantilista caracterizou-se pela ocupa\u00e7\u00e3o de algumas \u00e1reas litor\u00e2neas que funcionavam como entrepostos de com\u00e9rcio de mercadorias e de escravos.<\/strong> No per\u00edodo imperialista, ocorreu a <strong>ocupa\u00e7\u00e3o plena e efetiva do territ\u00f3rio africano, que foi repartido entre as pot\u00eancias europeias.<\/strong><\/p>\n\n\n\n<h3 class=\"wp-block-heading\" id=\"h-demarcacao-de-fronteiras-arbitrarias\">Demarca\u00e7\u00e3o de fronteiras arbitr\u00e1rias<\/h3>\n\n\n\n<p><strong>A demarca\u00e7\u00e3o de fronteiras pol\u00edticas, realizada durante o Congresso de Berlim (1884-1885), <\/strong>levou em considera\u00e7\u00e3o apenas os<strong> interesses econ\u00f4micos e pol\u00edticos dos colonizadores<\/strong>. Eles encaravam o continente como uma <strong>fonte de mat\u00e9rias-primas minerais e agr\u00edcolas,<\/strong> ignorando completamente as <strong>complexas divis\u00f5es \u00e9tnicas, tribais e hist\u00f3ricas ali existentes.<\/strong><\/p>\n\n\n\n<p>Como consequ\u00eancia, grupos \u00e9tnicos foram separados em diferentes col\u00f4nias que, posteriormente, tornaram-se Estados-na\u00e7\u00f5es independentes.<strong> Assim, tribos rivais ficaram em uma mesma col\u00f4nia e, ap\u00f3s a independ\u00eancia dos pa\u00edses, dentro de um mesmo territ\u00f3rio.<\/strong><\/p>\n\n\n\n<p>Quando os Estados africanos obtiveram a independ\u00eancia, os l\u00edderes de diversos movimentos nacionalistas conquistaram o poder e<strong> ali ficaram praticamente em car\u00e1ter definitivo.<\/strong>&nbsp;<\/p>\n\n\n\n<p>Sem atender \u00e0s expectativas populares, <strong>muitos apelaram para golpes militares<\/strong> a fim de continuarem governando, o que conduziu v\u00e1rios pa\u00edses a <strong>ditaduras ferozes ou a sangrentas guerras civis.<\/strong><\/p>\n\n\n\n<h3 class=\"wp-block-heading\" id=\"h-fome-na-africa\">Fome na \u00c1frica<\/h3>\n\n\n\n<p>Al\u00e9m desses in\u00fameros conflitos, uma parte consider\u00e1vel da popula\u00e7\u00e3o africana <strong>convive com a fome cr\u00f4nica, <\/strong>que de acordo com a <a href=\"https:\/\/news.un.org\/pt\/tags\/fome-na-africa\" target=\"_blank\" >Organiza\u00e7\u00e3o das Na\u00e7\u00f5es Unidas (ONU),<\/a> j\u00e1 amea\u00e7a mais de 40 milh\u00f5es de pessoas.&nbsp;<\/p>\n\n\n\n<p>Ao sul do Saara, a situa\u00e7\u00e3o \u00e9 mais alarmante devido \u00e0 falta de alimentos causada por severas secas que destroem as lavouras em pa\u00edses como:<\/p>\n\n\n\n<ul class=\"wp-block-list\">\n<li>Zimb\u00e1bue;<\/li>\n\n\n\n<li>Z\u00e2mbia;<\/li>\n\n\n\n<li>Malau\u00ed;<\/li>\n\n\n\n<li>Mo\u00e7ambique;<\/li>\n\n\n\n<li>Essuat\u00edni; e&nbsp;<\/li>\n\n\n\n<li>Lesoto.<\/li>\n<\/ul>\n\n\n\n<p>Com a escalada nos pre\u00e7os dos produtos alimentares desde 2008, a perspectiva da ONU \u00e9 de que o acesso aos produtos aliment\u00edcios ficar\u00e1 ainda mais dif\u00edcil <strong>na vida de pelo menos 100 milh\u00f5es de africanos que vivem nos pa\u00edses mais pobres.<\/strong>&nbsp;<\/p>\n\n\n\n<p>A ONU se refere a esse crescente encarecimento mundial no pre\u00e7o dos alimentos como um <em>tsunami <\/em>silencioso, equivalente ao <em>tsunami<\/em> de Sumatra que, em 2004, fez 220 mil mortos na costa asi\u00e1tica e na africana.<\/p>\n\n\n\n<p><a href=\"https:\/\/news.un.org\/pt\/story\/2022\/12\/1806502\" target=\"_blank\" >N\u00fameros da ONU<\/a> <strong>indicam que o continente africano foi o \u00fanico onde o n\u00famero de pessoas que passam fome cresceu nos \u00faltimos anos,<\/strong> passando de 175 milh\u00f5es em 1990-1992 para 239 milh\u00f5es em 2010-2012. Na \u00c1frica est\u00e3o os 16 dos 18 pa\u00edses mais mal alimentados no mundo.<\/p>\n\n\n\n<p>Essa situa\u00e7\u00e3o \u00e9 mais intensa na regi\u00e3o do Chifre da \u00c1frica, onde se localizam:<\/p>\n\n\n\n<p>&#8211; Djibuti;<\/p>\n\n\n\n<p>&#8211; Eti\u00f3pia;<\/p>\n\n\n\n<p>&#8211; Som\u00e1lia;<\/p>\n\n\n\n<p>&#8211; Qu\u00eania; e<\/p>\n\n\n\n<p>&#8211; Uganda.<\/p>\n\n\n\n<p>Nessa regi\u00e3o, cerca de 13 milh\u00f5es de pessoas s\u00e3o afetadas pela fome. <strong>A situa\u00e7\u00e3o vem se agravando, pois esses pa\u00edses, por anos, t\u00eam enfrentado secas severas, o que provoca uma grave falta de alimentos e \u00e1gua.&nbsp;<\/strong><\/p>\n\n\n\n<p>O problema \u00e9 ainda maior na Som\u00e1lia, onde a instabilidade de governo e a viol\u00eancia generalizada de mil\u00edcias como Al Shabab dificultam a distribui\u00e7\u00e3o dos alimentos enviados por ajuda humanit\u00e1ria internacional.<\/p>\n\n\n\n<p>O que voc\u00ea pensa sobre a rela\u00e7\u00e3o da China com o continente africano? Diga para n\u00f3s! Aproveite e compartilhe esse artigo nas suas redes sociais e em seus grupos de estudo. Confira os cursos preparat\u00f3rios do <strong>Estrat\u00e9gia Militares. Clique no banner abaixo <\/strong>e vem ser coruja!<\/p>\n\n\n\n<p><strong><a id=\"cta\" class=\"cta-imagem\" href=\"https:\/\/militares.estrategia.com\/curso\/banco-de-questes-anual\/\" target=\"blank\">\n                <img decoding=\"async\" width=\"100%\" src=\"https:\/\/militares.estrategia.com\/portal\/wp-content\/uploads\/2023\/02\/EM-Banco-de-Questoes.jpg\" alt=\"EM - Banco de Questo\u0303es\" title=\"EM - Banco de Questo\u0303es\">\n        <\/a><\/strong><\/p>\n\n\n\n\n\n<h2 class=\"wp-block-heading\"><span class=\"ez-toc-section\" id=\"Veja-tambem\"><\/span>Veja tamb\u00e9m:<span class=\"ez-toc-section-end\"><\/span><\/h2>\n\n\n\n<ul class=\"wp-block-list\">\n<li><a href=\"https:\/\/militares.estrategia.com\/portal\/materias-e-dicas\/geografia\/projecoes-cartograficas-o-que-sao-e-para-que-servem\/\">Proje\u00e7\u00f5es cartogr\u00e1ficas: o que s\u00e3o, para que servem, classifica\u00e7\u00e3o e mais!<\/a><\/li>\n\n\n\n<li><a href=\"https:\/\/militares.estrategia.com\/portal\/materias-e-dicas\/geografia\/historia-da-cartografia\/\">Hist\u00f3ria da Cartografia<\/a><\/li>\n\n\n\n<li><a href=\"https:\/\/militares.estrategia.com\/portal\/materias-e-dicas\/geografia\/fuso-horario\/\">Como \u00e9 calculado o fuso hor\u00e1rio?<\/a><\/li>\n\n\n\n<li><a href=\"https:\/\/militares.estrategia.com\/portal\/materias-e-dicas\/geografia\/orientacao-e-localizacao-no-planeta\/\">Orienta\u00e7\u00e3o e localiza\u00e7\u00e3o no planeta<\/a><\/li>\n\n\n\n<li><a href=\"https:\/\/militares.estrategia.com\/portal\/materias-e-dicas\/geografia\/saiba-como-os-corpos-celestes-se-movimentam\/\">Saiba como os corpos celestes se movimentam<\/a><\/li>\n\n\n\n<li><a href=\"https:\/\/militares.estrategia.com\/portal\/materias-e-dicas\/geografia\/taylorismo-fordismo-e-toyotismo-conheca-os-modelos-de-producao\/\">Taylorismo, Fordismo e Toyotismo: conhe\u00e7a os modelos de produ\u00e7\u00e3o<\/a><\/li>\n\n\n\n<li><a href=\"https:\/\/militares.estrategia.com\/portal\/materias-e-dicas\/geografia\/comercio-mundial-e-os-blocos-economicos\/\">Com\u00e9rcio mundial e os blocos econ\u00f4micos: um dos assuntos mais cobrados na sua prova militar<\/a><\/li>\n\n\n\n<li><a href=\"https:\/\/militares.estrategia.com\/portal\/materias-e-dicas\/geografia\/massas-de-ar-e-suas-caracteristicas\/\">Massas de ar e suas caracter\u00edsticas: quais s\u00e3o e muito mais<\/a><\/li>\n\n\n\n<li><a href=\"https:\/\/militares.estrategia.com\/portal\/materias-e-dicas\/geografia\/floresta-equatorial\/\">Floresta equatorial: confira sobre o assunto cobrado nas provas militares<\/a><\/li>\n\n\n\n<li><a href=\"https:\/\/militares.estrategia.com\/portal\/materias-e-dicas\/geografia\/bacias-hidrograficas\/\">Hidrografia Brasileira: Bacias Hidrogr\u00e1ficas<\/a><\/li>\n\n\n\n<li><a href=\"https:\/\/militares.estrategia.com\/portal\/materias-e-dicas\/geografia\/espaco-geografico\/\">Caracteriza\u00e7\u00e3o do Espa\u00e7o Geogr\u00e1fico<\/a><\/li>\n\n\n\n<li><a href=\"https:\/\/militares.estrategia.com\/portal\/materias-e-dicas\/geografia\/problemas-ambientais\/\">Problemas Ambientais: entenda o efeito no Brasil<\/a><\/li>\n<\/ul>\n\n\n\n<h2 class=\"wp-block-heading\"><span class=\"ez-toc-section\" id=\"Referencias\"><\/span>Refer\u00eancias<span class=\"ez-toc-section-end\"><\/span><\/h2>\n\n\n\n<ul class=\"wp-block-list\">\n<li><a href=\"https:\/\/www.oecd-ilibrary.org\/sites\/10bc1ee4-pt\/index.html?itemId=\/content\/component\/10bc1ee4-pt\" target=\"_blank\" >https:\/\/www.oecd-ilibrary.org\/sites\/10bc1ee4-pt\/index.html?itemId=\/content\/component\/10bc1ee4-pt<\/a><\/li>\n\n\n\n<li><a href=\"https:\/\/news.un.org\/pt\/tags\/fome-na-africa\" target=\"_blank\" >https:\/\/news.un.org\/pt\/tags\/fome-na-africa<\/a><\/li>\n<\/ul>\n\n\n","protected":false},"excerpt":{"rendered":"Ao se falar na participa\u00e7\u00e3o comercial do continente africano no PIB mundial, as desigualdades entre os pa\u00edses deste&hellip;\n","protected":false},"author":52,"featured_media":69021,"comment_status":"closed","ping_status":"closed","sticky":false,"template":"","format":"standard","meta":{"wl_entities_gutenberg":"","footnotes":""},"categories":[301],"tags":[162,161],"wl_entity_type":[187],"class_list":{"0":"post-69312","1":"post","2":"type-post","3":"status-publish","4":"format-standard","5":"has-post-thumbnail","7":"category-geografia","8":"tag-carreiramilitar","9":"tag-concursosmilitares","10":"wl_entity_type-article"},"acf":[],"yoast_head":"<!-- This site is optimized with the Yoast SEO Premium plugin v26.6 (Yoast SEO v26.6) - https:\/\/yoast.com\/wordpress\/plugins\/seo\/ -->\n<title>Geopol\u00edtica mundial: com\u00e9rcio do continente africano e mais!<\/title>\n<meta name=\"description\" content=\"O continente africano possui uma grande rela\u00e7\u00e3o comercial com a China! Confira aqui mais informa\u00e7\u00f5es sobre o desenvolvimento dessa rela\u00e7\u00e3o!\" \/>\n<meta name=\"robots\" content=\"index, follow, max-snippet:-1, max-image-preview:large, max-video-preview:-1\" \/>\n<link rel=\"canonical\" href=\"https:\/\/militares.estrategia.com\/portal\/materias-e-dicas\/geografia\/geopolitica-mundial-comercio-do-continente-africano-e-a-relacao-com-a-china\/\" \/>\n<meta property=\"og:locale\" content=\"pt_BR\" \/>\n<meta property=\"og:type\" content=\"article\" \/>\n<meta property=\"og:title\" content=\"Geopol\u00edtica mundial: com\u00e9rcio do continente africano e a rela\u00e7\u00e3o com a China\" \/>\n<meta property=\"og:description\" content=\"O continente africano possui uma grande rela\u00e7\u00e3o comercial com a China! Confira aqui mais informa\u00e7\u00f5es sobre o desenvolvimento dessa rela\u00e7\u00e3o!\" \/>\n<meta property=\"og:url\" content=\"https:\/\/militares.estrategia.com\/portal\/materias-e-dicas\/geografia\/geopolitica-mundial-comercio-do-continente-africano-e-a-relacao-com-a-china\/\" \/>\n<meta property=\"og:site_name\" content=\"Estrat\u00e9gia Militares\" \/>\n<meta property=\"article:publisher\" content=\"https:\/\/www.facebook.com\/EstrategiaMilitares\" \/>\n<meta property=\"article:published_time\" content=\"2023-08-04T11:55:45+00:00\" \/>\n<meta property=\"article:modified_time\" content=\"2023-08-09T17:47:14+00:00\" \/>\n<meta property=\"og:image\" content=\"https:\/\/cdn.blog.estrategiavestibulares.com.br\/vestibulares\/wp-content\/uploads\/2023\/07\/james-wiseman-IebZAH6kaNw-unsplash.jpg\" \/>\n\t<meta property=\"og:image:width\" content=\"1920\" \/>\n\t<meta property=\"og:image:height\" content=\"1280\" \/>\n\t<meta property=\"og:image:type\" content=\"image\/jpeg\" \/>\n<meta name=\"author\" content=\"Vin\u00edcius Brigolini\" \/>\n<meta name=\"twitter:card\" content=\"summary_large_image\" \/>\n<meta name=\"twitter:creator\" content=\"@estrategiamilit\" \/>\n<meta name=\"twitter:site\" content=\"@estrategiamilit\" \/>\n<meta name=\"twitter:label1\" content=\"Escrito por\" \/>\n\t<meta name=\"twitter:data1\" content=\"Vin\u00edcius Brigolini\" \/>\n\t<meta name=\"twitter:label2\" content=\"Est. tempo de leitura\" \/>\n\t<meta name=\"twitter:data2\" content=\"7 minutos\" \/>\n<script type=\"application\/ld+json\" class=\"yoast-schema-graph\">{\"@context\":\"https:\/\/schema.org\",\"@graph\":[{\"@type\":\"Article\",\"@id\":\"https:\/\/militares.estrategia.com\/portal\/materias-e-dicas\/geografia\/geopolitica-mundial-comercio-do-continente-africano-e-a-relacao-com-a-china\/#article\",\"isPartOf\":{\"@id\":\"https:\/\/militares.estrategia.com\/portal\/materias-e-dicas\/geografia\/geopolitica-mundial-comercio-do-continente-africano-e-a-relacao-com-a-china\/\"},\"author\":{\"name\":\"Vin\u00edcius Brigolini\",\"@id\":\"https:\/\/militares.estrategia.com\/portal\/#\/schema\/person\/6587b50abb02ffb0d1d0b50c12a6b317\"},\"headline\":\"Geopol\u00edtica mundial: com\u00e9rcio do continente africano e a rela\u00e7\u00e3o com a China\",\"datePublished\":\"2023-08-04T11:55:45+00:00\",\"dateModified\":\"2023-08-09T17:47:14+00:00\",\"mainEntityOfPage\":{\"@id\":\"https:\/\/militares.estrategia.com\/portal\/materias-e-dicas\/geografia\/geopolitica-mundial-comercio-do-continente-africano-e-a-relacao-com-a-china\/\"},\"wordCount\":1474,\"publisher\":{\"@id\":\"https:\/\/militares.estrategia.com\/portal\/#organization\"},\"image\":{\"@id\":\"https:\/\/militares.estrategia.com\/portal\/materias-e-dicas\/geografia\/geopolitica-mundial-comercio-do-continente-africano-e-a-relacao-com-a-china\/#primaryimage\"},\"thumbnailUrl\":\"https:\/\/militares.estrategia.com\/portal\/wp-content\/uploads\/2023\/07\/james-wiseman-IebZAH6kaNw-unsplash.jpg\",\"keywords\":[\"carreiramilitar\",\"ConcursosMilitares\"],\"articleSection\":[\"Geografia\"],\"inLanguage\":\"pt-BR\"},{\"@type\":\"WebPage\",\"@id\":\"https:\/\/militares.estrategia.com\/portal\/materias-e-dicas\/geografia\/geopolitica-mundial-comercio-do-continente-africano-e-a-relacao-com-a-china\/\",\"url\":\"https:\/\/militares.estrategia.com\/portal\/materias-e-dicas\/geografia\/geopolitica-mundial-comercio-do-continente-africano-e-a-relacao-com-a-china\/\",\"name\":\"Geopol\u00edtica mundial: com\u00e9rcio do continente africano e mais!\",\"isPartOf\":{\"@id\":\"https:\/\/militares.estrategia.com\/portal\/#website\"},\"primaryImageOfPage\":{\"@id\":\"https:\/\/militares.estrategia.com\/portal\/materias-e-dicas\/geografia\/geopolitica-mundial-comercio-do-continente-africano-e-a-relacao-com-a-china\/#primaryimage\"},\"image\":{\"@id\":\"https:\/\/militares.estrategia.com\/portal\/materias-e-dicas\/geografia\/geopolitica-mundial-comercio-do-continente-africano-e-a-relacao-com-a-china\/#primaryimage\"},\"thumbnailUrl\":\"https:\/\/militares.estrategia.com\/portal\/wp-content\/uploads\/2023\/07\/james-wiseman-IebZAH6kaNw-unsplash.jpg\",\"datePublished\":\"2023-08-04T11:55:45+00:00\",\"dateModified\":\"2023-08-09T17:47:14+00:00\",\"description\":\"O continente africano possui uma grande rela\u00e7\u00e3o comercial com a China! Confira aqui mais informa\u00e7\u00f5es sobre o desenvolvimento dessa rela\u00e7\u00e3o!\",\"breadcrumb\":{\"@id\":\"https:\/\/militares.estrategia.com\/portal\/materias-e-dicas\/geografia\/geopolitica-mundial-comercio-do-continente-africano-e-a-relacao-com-a-china\/#breadcrumb\"},\"inLanguage\":\"pt-BR\",\"potentialAction\":[{\"@type\":\"ReadAction\",\"target\":[\"https:\/\/militares.estrategia.com\/portal\/materias-e-dicas\/geografia\/geopolitica-mundial-comercio-do-continente-africano-e-a-relacao-com-a-china\/\"]}]},{\"@type\":\"ImageObject\",\"inLanguage\":\"pt-BR\",\"@id\":\"https:\/\/militares.estrategia.com\/portal\/materias-e-dicas\/geografia\/geopolitica-mundial-comercio-do-continente-africano-e-a-relacao-com-a-china\/#primaryimage\",\"url\":\"https:\/\/militares.estrategia.com\/portal\/wp-content\/uploads\/2023\/07\/james-wiseman-IebZAH6kaNw-unsplash.jpg\",\"contentUrl\":\"https:\/\/militares.estrategia.com\/portal\/wp-content\/uploads\/2023\/07\/james-wiseman-IebZAH6kaNw-unsplash.jpg\",\"width\":1920,\"height\":1280},{\"@type\":\"BreadcrumbList\",\"@id\":\"https:\/\/militares.estrategia.com\/portal\/materias-e-dicas\/geografia\/geopolitica-mundial-comercio-do-continente-africano-e-a-relacao-com-a-china\/#breadcrumb\",\"itemListElement\":[{\"@type\":\"ListItem\",\"position\":1,\"name\":\"Home\",\"item\":\"https:\/\/militares.estrategia.com\/portal\/\"},{\"@type\":\"ListItem\",\"position\":2,\"name\":\"Mat\u00e9rias e Dicas\",\"item\":\"https:\/\/militares.estrategia.com\/portal\/materias-e-dicas\/\"},{\"@type\":\"ListItem\",\"position\":3,\"name\":\"Geografia\",\"item\":\"https:\/\/militares.estrategia.com\/portal\/materias-e-dicas\/geografia\/\"},{\"@type\":\"ListItem\",\"position\":4,\"name\":\"Geopol\u00edtica mundial: com\u00e9rcio do continente africano e a rela\u00e7\u00e3o com a China\"}]},{\"@type\":\"WebSite\",\"@id\":\"https:\/\/militares.estrategia.com\/portal\/#website\",\"url\":\"https:\/\/militares.estrategia.com\/portal\/\",\"name\":\"Estrat\u00e9gia Militares\",\"description\":\"\",\"publisher\":{\"@id\":\"https:\/\/militares.estrategia.com\/portal\/#organization\"},\"potentialAction\":[{\"@type\":\"SearchAction\",\"target\":{\"@type\":\"EntryPoint\",\"urlTemplate\":\"https:\/\/militares.estrategia.com\/portal\/?s={search_term_string}\"},\"query-input\":{\"@type\":\"PropertyValueSpecification\",\"valueRequired\":true,\"valueName\":\"search_term_string\"}}],\"inLanguage\":\"pt-BR\"},{\"@type\":\"Organization\",\"@id\":\"https:\/\/militares.estrategia.com\/portal\/#organization\",\"name\":\"Estrat\u00e9gia Militares\",\"url\":\"https:\/\/militares.estrategia.com\/portal\/\",\"logo\":{\"@type\":\"ImageObject\",\"inLanguage\":\"pt-BR\",\"@id\":\"https:\/\/militares.estrategia.com\/portal\/#\/schema\/logo\/image\/\",\"url\":\"https:\/\/militares.estrategia.com\/portal\/wp-content\/uploads\/2021\/10\/logo-militares.webp\",\"contentUrl\":\"https:\/\/militares.estrategia.com\/portal\/wp-content\/uploads\/2021\/10\/logo-militares.webp\",\"width\":346,\"height\":90,\"caption\":\"Estrat\u00e9gia Militares\"},\"image\":{\"@id\":\"https:\/\/militares.estrategia.com\/portal\/#\/schema\/logo\/image\/\"},\"sameAs\":[\"https:\/\/www.facebook.com\/EstrategiaMilitares\",\"https:\/\/x.com\/estrategiamilit\",\"https:\/\/www.instagram.com\/estrategiamilitares\/\",\"https:\/\/www.youtube.com\/channel\/UCRG_9hakCqXxnj_8TqCdgTA\"]},{\"@type\":\"Person\",\"@id\":\"https:\/\/militares.estrategia.com\/portal\/#\/schema\/person\/6587b50abb02ffb0d1d0b50c12a6b317\",\"name\":\"Vin\u00edcius Brigolini\",\"image\":{\"@type\":\"ImageObject\",\"inLanguage\":\"pt-BR\",\"@id\":\"https:\/\/militares.estrategia.com\/portal\/#\/schema\/person\/image\/\",\"url\":\"https:\/\/militares.estrategia.com\/portal\/wp-content\/uploads\/2021\/08\/Sem-titulo-150x150.jpg\",\"contentUrl\":\"https:\/\/militares.estrategia.com\/portal\/wp-content\/uploads\/2021\/08\/Sem-titulo-150x150.jpg\",\"caption\":\"Vin\u00edcius Brigolini\"},\"description\":\"Membro da turma Carcar\u00e1 de 2017 da For\u00e7a A\u00e9rea Brasileira. \u00c9 apaixonado pela avia\u00e7\u00e3o e pelo mundo militar!\",\"sameAs\":[\"https:\/\/www.instagram.com\/viniciusbgn\/\"],\"url\":\"https:\/\/militares.estrategia.com\/portal\/author\/vinicius-souza\/\"}]}<\/script>\n<!-- \/ Yoast SEO Premium plugin. -->","yoast_head_json":{"title":"Geopol\u00edtica mundial: com\u00e9rcio do continente africano e mais!","description":"O continente africano possui uma grande rela\u00e7\u00e3o comercial com a China! Confira aqui mais informa\u00e7\u00f5es sobre o desenvolvimento dessa rela\u00e7\u00e3o!","robots":{"index":"index","follow":"follow","max-snippet":"max-snippet:-1","max-image-preview":"max-image-preview:large","max-video-preview":"max-video-preview:-1"},"canonical":"https:\/\/militares.estrategia.com\/portal\/materias-e-dicas\/geografia\/geopolitica-mundial-comercio-do-continente-africano-e-a-relacao-com-a-china\/","og_locale":"pt_BR","og_type":"article","og_title":"Geopol\u00edtica mundial: com\u00e9rcio do continente africano e a rela\u00e7\u00e3o com a China","og_description":"O continente africano possui uma grande rela\u00e7\u00e3o comercial com a China! Confira aqui mais informa\u00e7\u00f5es sobre o desenvolvimento dessa rela\u00e7\u00e3o!","og_url":"https:\/\/militares.estrategia.com\/portal\/materias-e-dicas\/geografia\/geopolitica-mundial-comercio-do-continente-africano-e-a-relacao-com-a-china\/","og_site_name":"Estrat\u00e9gia Militares","article_publisher":"https:\/\/www.facebook.com\/EstrategiaMilitares","article_published_time":"2023-08-04T11:55:45+00:00","article_modified_time":"2023-08-09T17:47:14+00:00","og_image":[{"width":1920,"height":1280,"url":"https:\/\/cdn.blog.estrategiavestibulares.com.br\/vestibulares\/wp-content\/uploads\/2023\/07\/james-wiseman-IebZAH6kaNw-unsplash.jpg","type":"image\/jpeg"}],"author":"Vin\u00edcius Brigolini","twitter_card":"summary_large_image","twitter_creator":"@estrategiamilit","twitter_site":"@estrategiamilit","twitter_misc":{"Escrito por":"Vin\u00edcius Brigolini","Est. tempo de leitura":"7 minutos"},"schema":{"@context":"https:\/\/schema.org","@graph":[{"@type":"Article","@id":"https:\/\/militares.estrategia.com\/portal\/materias-e-dicas\/geografia\/geopolitica-mundial-comercio-do-continente-africano-e-a-relacao-com-a-china\/#article","isPartOf":{"@id":"https:\/\/militares.estrategia.com\/portal\/materias-e-dicas\/geografia\/geopolitica-mundial-comercio-do-continente-africano-e-a-relacao-com-a-china\/"},"author":{"name":"Vin\u00edcius Brigolini","@id":"https:\/\/militares.estrategia.com\/portal\/#\/schema\/person\/6587b50abb02ffb0d1d0b50c12a6b317"},"headline":"Geopol\u00edtica mundial: com\u00e9rcio do continente africano e a rela\u00e7\u00e3o com a China","datePublished":"2023-08-04T11:55:45+00:00","dateModified":"2023-08-09T17:47:14+00:00","mainEntityOfPage":{"@id":"https:\/\/militares.estrategia.com\/portal\/materias-e-dicas\/geografia\/geopolitica-mundial-comercio-do-continente-africano-e-a-relacao-com-a-china\/"},"wordCount":1474,"publisher":{"@id":"https:\/\/militares.estrategia.com\/portal\/#organization"},"image":{"@id":"https:\/\/militares.estrategia.com\/portal\/materias-e-dicas\/geografia\/geopolitica-mundial-comercio-do-continente-africano-e-a-relacao-com-a-china\/#primaryimage"},"thumbnailUrl":"https:\/\/militares.estrategia.com\/portal\/wp-content\/uploads\/2023\/07\/james-wiseman-IebZAH6kaNw-unsplash.jpg","keywords":["carreiramilitar","ConcursosMilitares"],"articleSection":["Geografia"],"inLanguage":"pt-BR"},{"@type":"WebPage","@id":"https:\/\/militares.estrategia.com\/portal\/materias-e-dicas\/geografia\/geopolitica-mundial-comercio-do-continente-africano-e-a-relacao-com-a-china\/","url":"https:\/\/militares.estrategia.com\/portal\/materias-e-dicas\/geografia\/geopolitica-mundial-comercio-do-continente-africano-e-a-relacao-com-a-china\/","name":"Geopol\u00edtica mundial: com\u00e9rcio do continente africano e mais!","isPartOf":{"@id":"https:\/\/militares.estrategia.com\/portal\/#website"},"primaryImageOfPage":{"@id":"https:\/\/militares.estrategia.com\/portal\/materias-e-dicas\/geografia\/geopolitica-mundial-comercio-do-continente-africano-e-a-relacao-com-a-china\/#primaryimage"},"image":{"@id":"https:\/\/militares.estrategia.com\/portal\/materias-e-dicas\/geografia\/geopolitica-mundial-comercio-do-continente-africano-e-a-relacao-com-a-china\/#primaryimage"},"thumbnailUrl":"https:\/\/militares.estrategia.com\/portal\/wp-content\/uploads\/2023\/07\/james-wiseman-IebZAH6kaNw-unsplash.jpg","datePublished":"2023-08-04T11:55:45+00:00","dateModified":"2023-08-09T17:47:14+00:00","description":"O continente africano possui uma grande rela\u00e7\u00e3o comercial com a China! Confira aqui mais informa\u00e7\u00f5es sobre o desenvolvimento dessa rela\u00e7\u00e3o!","breadcrumb":{"@id":"https:\/\/militares.estrategia.com\/portal\/materias-e-dicas\/geografia\/geopolitica-mundial-comercio-do-continente-africano-e-a-relacao-com-a-china\/#breadcrumb"},"inLanguage":"pt-BR","potentialAction":[{"@type":"ReadAction","target":["https:\/\/militares.estrategia.com\/portal\/materias-e-dicas\/geografia\/geopolitica-mundial-comercio-do-continente-africano-e-a-relacao-com-a-china\/"]}]},{"@type":"ImageObject","inLanguage":"pt-BR","@id":"https:\/\/militares.estrategia.com\/portal\/materias-e-dicas\/geografia\/geopolitica-mundial-comercio-do-continente-africano-e-a-relacao-com-a-china\/#primaryimage","url":"https:\/\/militares.estrategia.com\/portal\/wp-content\/uploads\/2023\/07\/james-wiseman-IebZAH6kaNw-unsplash.jpg","contentUrl":"https:\/\/militares.estrategia.com\/portal\/wp-content\/uploads\/2023\/07\/james-wiseman-IebZAH6kaNw-unsplash.jpg","width":1920,"height":1280},{"@type":"BreadcrumbList","@id":"https:\/\/militares.estrategia.com\/portal\/materias-e-dicas\/geografia\/geopolitica-mundial-comercio-do-continente-africano-e-a-relacao-com-a-china\/#breadcrumb","itemListElement":[{"@type":"ListItem","position":1,"name":"Home","item":"https:\/\/militares.estrategia.com\/portal\/"},{"@type":"ListItem","position":2,"name":"Mat\u00e9rias e Dicas","item":"https:\/\/militares.estrategia.com\/portal\/materias-e-dicas\/"},{"@type":"ListItem","position":3,"name":"Geografia","item":"https:\/\/militares.estrategia.com\/portal\/materias-e-dicas\/geografia\/"},{"@type":"ListItem","position":4,"name":"Geopol\u00edtica mundial: com\u00e9rcio do continente africano e a rela\u00e7\u00e3o com a China"}]},{"@type":"WebSite","@id":"https:\/\/militares.estrategia.com\/portal\/#website","url":"https:\/\/militares.estrategia.com\/portal\/","name":"Estrat\u00e9gia Militares","description":"","publisher":{"@id":"https:\/\/militares.estrategia.com\/portal\/#organization"},"potentialAction":[{"@type":"SearchAction","target":{"@type":"EntryPoint","urlTemplate":"https:\/\/militares.estrategia.com\/portal\/?s={search_term_string}"},"query-input":{"@type":"PropertyValueSpecification","valueRequired":true,"valueName":"search_term_string"}}],"inLanguage":"pt-BR"},{"@type":"Organization","@id":"https:\/\/militares.estrategia.com\/portal\/#organization","name":"Estrat\u00e9gia Militares","url":"https:\/\/militares.estrategia.com\/portal\/","logo":{"@type":"ImageObject","inLanguage":"pt-BR","@id":"https:\/\/militares.estrategia.com\/portal\/#\/schema\/logo\/image\/","url":"https:\/\/militares.estrategia.com\/portal\/wp-content\/uploads\/2021\/10\/logo-militares.webp","contentUrl":"https:\/\/militares.estrategia.com\/portal\/wp-content\/uploads\/2021\/10\/logo-militares.webp","width":346,"height":90,"caption":"Estrat\u00e9gia Militares"},"image":{"@id":"https:\/\/militares.estrategia.com\/portal\/#\/schema\/logo\/image\/"},"sameAs":["https:\/\/www.facebook.com\/EstrategiaMilitares","https:\/\/x.com\/estrategiamilit","https:\/\/www.instagram.com\/estrategiamilitares\/","https:\/\/www.youtube.com\/channel\/UCRG_9hakCqXxnj_8TqCdgTA"]},{"@type":"Person","@id":"https:\/\/militares.estrategia.com\/portal\/#\/schema\/person\/6587b50abb02ffb0d1d0b50c12a6b317","name":"Vin\u00edcius Brigolini","image":{"@type":"ImageObject","inLanguage":"pt-BR","@id":"https:\/\/militares.estrategia.com\/portal\/#\/schema\/person\/image\/","url":"https:\/\/militares.estrategia.com\/portal\/wp-content\/uploads\/2021\/08\/Sem-titulo-150x150.jpg","contentUrl":"https:\/\/militares.estrategia.com\/portal\/wp-content\/uploads\/2021\/08\/Sem-titulo-150x150.jpg","caption":"Vin\u00edcius Brigolini"},"description":"Membro da turma Carcar\u00e1 de 2017 da For\u00e7a A\u00e9rea Brasileira. \u00c9 apaixonado pela avia\u00e7\u00e3o e pelo mundo militar!","sameAs":["https:\/\/www.instagram.com\/viniciusbgn\/"],"url":"https:\/\/militares.estrategia.com\/portal\/author\/vinicius-souza\/"}]}},"_wl_alt_label":[],"wl:entity_url":"https:\/\/data.wordlift.io\/wl110246\/post\/geopolitica-mundial-comercio-internacional-da-africa-e-a-relacao-com-a-china-69312","_links":{"self":[{"href":"https:\/\/militares.estrategia.com\/portal\/wp-json\/wp\/v2\/posts\/69312","targetHints":{"allow":["GET"]}}],"collection":[{"href":"https:\/\/militares.estrategia.com\/portal\/wp-json\/wp\/v2\/posts"}],"about":[{"href":"https:\/\/militares.estrategia.com\/portal\/wp-json\/wp\/v2\/types\/post"}],"author":[{"embeddable":true,"href":"https:\/\/militares.estrategia.com\/portal\/wp-json\/wp\/v2\/users\/52"}],"replies":[{"embeddable":true,"href":"https:\/\/militares.estrategia.com\/portal\/wp-json\/wp\/v2\/comments?post=69312"}],"version-history":[{"count":4,"href":"https:\/\/militares.estrategia.com\/portal\/wp-json\/wp\/v2\/posts\/69312\/revisions"}],"predecessor-version":[{"id":69487,"href":"https:\/\/militares.estrategia.com\/portal\/wp-json\/wp\/v2\/posts\/69312\/revisions\/69487"}],"wp:featuredmedia":[{"embeddable":true,"href":"https:\/\/militares.estrategia.com\/portal\/wp-json\/wp\/v2\/media\/69021"}],"wp:attachment":[{"href":"https:\/\/militares.estrategia.com\/portal\/wp-json\/wp\/v2\/media?parent=69312"}],"wp:term":[{"taxonomy":"category","embeddable":true,"href":"https:\/\/militares.estrategia.com\/portal\/wp-json\/wp\/v2\/categories?post=69312"},{"taxonomy":"post_tag","embeddable":true,"href":"https:\/\/militares.estrategia.com\/portal\/wp-json\/wp\/v2\/tags?post=69312"},{"taxonomy":"wl_entity_type","embeddable":true,"href":"https:\/\/militares.estrategia.com\/portal\/wp-json\/wp\/v2\/wl_entity_type?post=69312"}],"curies":[{"name":"wp","href":"https:\/\/api.w.org\/{rel}","templated":true}]}}