{"id":69128,"date":"2023-08-02T12:04:47","date_gmt":"2023-08-02T15:04:47","guid":{"rendered":"https:\/\/militares.estrategia.com\/portal\/?p=69128"},"modified":"2023-08-09T16:57:31","modified_gmt":"2023-08-09T19:57:31","slug":"antigo-regime-sociedade-europeia-na-epoca-moderna","status":"publish","type":"post","link":"https:\/\/militares.estrategia.com\/portal\/materias-e-dicas\/historia\/antigo-regime-sociedade-europeia-na-epoca-moderna\/","title":{"rendered":"Antigo Regime: Sociedade Europeia na \u00c9poca Moderna"},"content":{"rendered":"\n<p>Vai participar dos concursos e quer saber um pouquinho mais de hist\u00f3ria? Vem com a gente! Confira esse artigo que o Estrat\u00e9gia Militares preparou para voc\u00ea sobre o Antigo Regime.<\/p>\n\n\n\n<p>O per\u00edodo que se convencionou chamar Moderno ou Modernidade estende do s\u00e9culo XV ao s\u00e9culo XVIII. Historiadores afirmam que, no final da <a href=\"https:\/\/militares.estrategia.com\/portal\/?s=idade+media\" target=\"_blank\" >Idade M\u00e9dia<\/a>, uma s\u00e9rie de transforma\u00e7\u00f5es ocorridas impulsionaram a desagrega\u00e7\u00e3o do feudalismo e germinaram as sementes de um novo modo de pensar, sentir e viver.<\/p>\n\n\n\n<figure class=\"wp-block-image\"><img decoding=\"async\" src=\"https:\/\/lh5.googleusercontent.com\/6zUYSFwSpgZ5DaLrdOZqJ4rqzpg4Lw6calH-D4mqbtiQRotHvhY1FvjjdcjoynA1qTXtJnIDaD5lvqci50lKM51fc8DZSAm0Cie3LXj9u6NM3NQdTs5I8rCNlxVCq_mlqlHMeAid8Yev4ra2oI3VUm0\" alt=\"\"\/><\/figure>\n\n\n\n<p>A express\u00e3o \u201cmoderno\u201d d\u00e1 a impress\u00e3o de algo renovador, progressista e bastante positivo. Assim, esse termo foi cunhado por historiadores renascentistas do s\u00e9culo XV justamente para atribuir um significado positivo a esse momento. Afinal, era preciso diferenci\u00e1-lo do per\u00edodo \u201cde trevas\u201d que o precedeu e, ao mesmo tempo, construir a imagem da Europa como um continente muito importante na hist\u00f3ria do mundo.<\/p>\n\n\n\n<p><strong>Agora preste muita aten\u00e7\u00e3o:<\/strong><br><br>O intelectual Enrique Dussel, em seu livro, 1492: o encobrimento do outro (1993), defende a tese de \u201cEuropa Perif\u00e9rica\u201d, ou seja, para ele a Europa era a periferia do mundo durante a Idade M\u00e9dia.&nbsp;<\/p>\n\n\n\n<p>Para chegar a essa conclus\u00e3o o autor faz uma compara\u00e7\u00e3o entre o Imp\u00e9rio Isl\u00e2mico, a Europa Ocidental e o papel de cada uma dessas civiliza\u00e7\u00f5es durante o Per\u00edodo Medieval. Veja alguns elementos que o autor levanta:&nbsp;<\/p>\n\n\n<div class=\"wp-block-image\">\n<figure class=\"aligncenter\"><img decoding=\"async\" src=\"https:\/\/lh5.googleusercontent.com\/l4C7jDXrQKWmg0ZTZ0FGqnxtfYUULhUGkCKARnVlSM1jcvQahRCYLL9Rr8uh_y_TJZINBVN5iBNJOn5oOraACBh6L-0WaJBDbT-apHuRTlomm07SB4qyjrn7I89SFpbEmOLZd7cdn0cXMzODDlBRhJU\" alt=\"\"\/><\/figure><\/div>\n\n\n<p>Para Dussel e alguns outros historiadores, durante a Idade M\u00e9dia a Europa ficou exclu\u00edda do com\u00e9rcio internacional, sem grande ac\u00famulo de riqueza em forma de moeda.<br>A unidade de valor e riqueza era a terra, um bem pouco rent\u00e1vel se n\u00e3o for altamente explorada.&nbsp;<\/p>\n\n\n\n<p>Al\u00e9m disso, a Europa tinha uma cultura baseada no dogmatismo religioso da Igreja Cat\u00f3lica e de sua viol\u00eancia &#8211; praticada por meio do Tribunal da Inquisi\u00e7\u00e3o &#8211; contra pensamentos e pessoas que n\u00e3o reafirmavam as ideias da Institui\u00e7\u00e3o.<\/p>\n\n\n\n<p>Uma s\u00e9rie de coisas aconteceu para a Europa deixar de ser a periferia para se transformar no Centro do Mundo:&nbsp;<\/p>\n\n\n\n<ul class=\"wp-block-list\">\n<li>As Guerras de Reconquista contra os mu\u00e7ulmanos na Pen\u00ednsula Ib\u00e9rica;<\/li>\n\n\n\n<li>As viagens \u201cde descobrimento\u201d durante as \u201cGrandes Navega\u00e7\u00f5es\u201d;<\/li>\n\n\n\n<li>O estabelecimento de v\u00e1rias rotas mar\u00edtimas em diferentes pontos de v\u00e1rios continentes; e&nbsp;<\/li>\n\n\n\n<li>A subjuga\u00e7\u00e3o e o controle sobre diversos povos e regi\u00f5es.<\/li>\n<\/ul>\n\n\n\n<p>Tudo isso fez com que a Europa deixasse de ser a \u201cperiferia do mundo\u201d para ser a \u201cconstrutora de periferias\u201d. E a Am\u00e9rica Latina, que nos interessa pela import\u00e2ncia hist\u00f3rica e por sermos habitantes dela, foi a primeira experi\u00eancia de domina\u00e7\u00e3o de um continente sobre o outro.<\/p>\n\n\n\n<p><strong>Afirma Dussel:<\/strong> <em>\u201cA modernidade aparece quando a Europa se afirma como centro de uma Hist\u00f3ria mundial que inaugura, e por isso a periferia \u00e9 parte de sua pr\u00f3pria defini\u00e7\u00e3o. [&#8230;] A modernidade originou-se nas cidades europeias medievais livres, centros de enorme criatividade. Mas \u201cnasceu\u201d quando a Europa p\u00f4de se confrontar com o seu \u201cOutro\u201d e control\u00e1-lo, venc\u00ea-lo, violent\u00e1-lo: quando p\u00f4de se definir como um ego descobridor, conquistador, colonizador da identidade constitutiva da pr\u00f3pria Modernidade.<\/em>\u201d<\/p>\n\n\n\n<p>Estudar a \u00c9poca Moderna \u00e9 muito mais que entender a desagrega\u00e7\u00e3o do feudalismo e as transforma\u00e7\u00f5es locais e internas da Europa. Esse momento, como muitos intelectuais afirmam, \u00e9 a primeira grande experi\u00eancia de intera\u00e7\u00e3o entre os povos de todos os continentes. O mundo muda e a Europa ocupar\u00e1 um papel central da\u00ed em diante. Assim, precisaremos compreender as contradi\u00e7\u00f5es que marcaram esse processo \u2013 que torna a hist\u00f3ria mais rica, mais complexa e mais inter-relacional.<\/p>\n\n\n\n<div id=\"ez-toc-container\" class=\"ez-toc-v2_0_79_2 counter-hierarchy ez-toc-counter ez-toc-transparent ez-toc-container-direction\">\n<div class=\"ez-toc-title-container\"><p class=\"ez-toc-title\" style=\"cursor:inherit\">Navegue pelo conte\u00fado\t<\/p>\n<\/div><nav><ul class='ez-toc-list ez-toc-list-level-1 ' ><li class='ez-toc-page-1 ez-toc-heading-level-2'><a class=\"ez-toc-link ez-toc-heading-1\" href=\"https:\/\/militares.estrategia.com\/portal\/materias-e-dicas\/historia\/antigo-regime-sociedade-europeia-na-epoca-moderna\/#A-Sociedade-Europeia-na-Epoca-Moderna\" >A Sociedade Europeia na \u00c9poca Moderna<\/a><\/li><li class='ez-toc-page-1 ez-toc-heading-level-2'><a class=\"ez-toc-link ez-toc-heading-2\" href=\"https:\/\/militares.estrategia.com\/portal\/materias-e-dicas\/historia\/antigo-regime-sociedade-europeia-na-epoca-moderna\/#Veja-tambem\" >Veja tamb\u00e9m:<\/a><\/li><\/ul><\/nav><\/div>\n<h2 class=\"wp-block-heading\" id=\"h-a-sociedade-europeia-na-epoca-moderna\"><span class=\"ez-toc-section\" id=\"A-Sociedade-Europeia-na-Epoca-Moderna\"><\/span>A Sociedade Europeia na \u00c9poca Moderna<span class=\"ez-toc-section-end\"><\/span><\/h2>\n\n\n\n<p>A transforma\u00e7\u00e3o do espa\u00e7o rural, a revitaliza\u00e7\u00e3o da cidade com atividades ligadas \u00e0 retomada do com\u00e9rcio, bem como o aumento da circula\u00e7\u00e3o de pessoas e neg\u00f3cios por meio das rotas terrestres e mar\u00edtimas, aumentou o clima de inquietude intelectual.&nbsp;<\/p>\n\n\n\n<p>De certa forma, esse contexto se tornou favor\u00e1vel ao questionamento e \u00e0 ruptura com os padr\u00f5es econ\u00f4micos, pol\u00edticos e sociais vigentes do \u201cvelho\u201d feudalismo. Portanto, como resultado ocorreu:&nbsp;<\/p>\n\n\n\n<ul class=\"wp-block-list\">\n<li>Uma nova forma de pensar \u2013 o racionalismo e o m\u00e9todo cient\u00edfico;<\/li>\n\n\n\n<li>Um renovado movimento cultural \u2013 o renascimento;<\/li>\n\n\n\n<li>A centraliza\u00e7\u00e3o do poder pol\u00edtico \u2013 a forma\u00e7\u00e3o das monarquias absolutistas;<\/li>\n\n\n\n<li>A complexifica\u00e7\u00e3o da economia \u2013 mercantilismo; e<\/li>\n\n\n\n<li>As grandes navega\u00e7\u00f5es \u2013 colonialismo e a conquista da Am\u00e9rica.<\/li>\n<\/ul>\n\n\n\n<p>Assim, entre os s\u00e9culos XV e XVIII,&nbsp; atribuiu-se um sentido de retomada do esplendor da outrora Antiguidade cl\u00e1ssica. Contudo, \u00e9 importante ressaltar que essas transforma\u00e7\u00f5es ocorreram ao longo de mais de 300 anos. Por isso, foram percebidas e sistematizadas gradualmente.&nbsp;<\/p>\n\n\n\n<p>Apesar das rupturas com o <a href=\"https:\/\/militares.estrategia.com\/portal\/materias-e-dicas\/historia\/baixa-idade-media-as-transformacoes-no-feudalismo\/\" target=\"_blank\" >feudalismo<\/a>,<\/p>\n\n\n\n<p><\/p>\n\n\n\n<p> , h\u00e1 muitas continuidades que tamb\u00e9m marcam esse<\/p>\n\n\n\n<p>momento hist\u00f3rico, como o poder pol\u00edtico baseado na propriedade da terra e, portanto, no t\u00edtulo de nobreza., Por isso, a estratifica\u00e7\u00e3o social desigua,l formatada por meio do nascimento. Ou seja: ainda n\u00e3o existia nada de meritocracia.<\/p>\n\n\n\n<p>Desse modo, entre rupturas e continuidades, historiadores convencionaram nomear o<\/p>\n\n\n\n<p>sistema que se formou nesse per\u00edodo de Antigo Regime. Essa denomina\u00e7\u00e3o foi utilizada para definir a ordem social, pol\u00edtica e econ\u00f4mica que predominou em diversos pa\u00edses europeus entre os s\u00e9culos XV e XVIII.<\/p>\n\n\n\n<p>Esse sistema ou ordem \u00e9 caracterizado essencialmente por 4 elementos:<\/p>\n\n\n\n<ul class=\"wp-block-list\">\n<li>Classe Dominante: nobreza;<\/li>\n\n\n\n<li>Sistema Social: sociedade estamental;<\/li>\n\n\n\n<li>Sistema Pol\u00edtico: monarquia absolutista; e<\/li>\n\n\n\n<li>Sistema Econ\u00f4mico: mercantilismo.<\/li>\n<\/ul>\n\n\n\n<p>Vejamos, a seguir, as caracter\u00edsticas gerais de cada um desses elementos.<\/p>\n\n\n\n<h3 class=\"wp-block-heading\" id=\"h-sociedade-estamental\">Sociedade Estamental<\/h3>\n\n\n\n<p>Caracter\u00edstica fundamental: a sociedade moderna \u00e9 estamental. Ou seja: cada grupo social forma um estamento cuja origem se d\u00e1 por nascimento. O clero e a nobreza t\u00eam privil\u00e9gios em rela\u00e7\u00e3o aos demais grupos sociais.&nbsp;<\/p>\n\n\n\n<p>Vejamos alguns dados sobre a sociedade estamental europeia na modernidade.<br><\/p>\n\n\n\n<ul class=\"wp-block-list\">\n<li>Cerca de 80% da popula\u00e7\u00e3o europeia continuou vivendo no campo;&nbsp;<\/li>\n\n\n\n<li>As rela\u00e7\u00f5es de trabalho se flexibilizaram, j\u00e1 no final da Idade M\u00e9dia, e novas atividades profissionais surgiram; e<\/li>\n\n\n\n<li>O rural e o urbano tinham uma rela\u00e7\u00e3o estreita. A cidade era o centro econ\u00f4mico na transi\u00e7\u00e3o do medievo para a modernidade, pois abrigou as feiras e casas banc\u00e1rias. Al\u00e9m disso, a cidade era um centro produtivo.&nbsp;<\/li>\n<\/ul>\n\n\n\n<p>Contudo, o campo tamb\u00e9m era um centro produtor. Por exemplo, nele estava o rio, fonte de energia hidr\u00e1ulica para o moinho; fundamental para a moagem dos cereais, base da alimenta\u00e7\u00e3o da popula\u00e7\u00e3o europeia. O rio tamb\u00e9m era importante para a forja (oficina do ferreiro). Ainda se encontravam no campo as mineradoras, local de onde os trabalhadores retiravam pedras para a constru\u00e7\u00e3o civil.&nbsp;<\/p>\n\n\n\n<p>Assim, vemos que as pessoas continuavam no campo, mas realizando muitas outras atividades al\u00e9m da agricultura. Em geral, as pessoas que trabalhavam para os propriet\u00e1rios desses neg\u00f3cios eram livres.&nbsp;<\/p>\n\n\n\n<p>J\u00e1 em rela\u00e7\u00e3o aos camponeses, uma parte importante continuava submetida \u00e0s rela\u00e7\u00f5es de servid\u00e3o, especialmente, no nordeste da Europa. Contudo, elas foram sendo flexibilizadas ao longo dos s\u00e9culos durante esse per\u00edodo. Novas rela\u00e7\u00f5es de trabalho surgiram, como o aprendiz nas oficinas, os artes\u00e3os, os mercadores, os trabalhadores livres do com\u00e9rcio e os portos, entre outras ocupa\u00e7\u00f5es.&nbsp;<\/p>\n\n\n\n<p>Na Idade M\u00e9dia, a sociedade estava formada por clero, nobres e servos. Diante das transforma\u00e7\u00f5es econ\u00f4micas ocorridas na Baixa Idade M\u00e9dia, surgiu uma nova classe social \u2013 a burguesia \u2013 e diversificaram-se as profiss\u00f5es. Existiam as corpora\u00e7\u00f5es de of\u00edcio, as oficinas, os mestres, contramestres e os aprendizes.&nbsp;<\/p>\n\n\n\n<p>No entanto, nenhuma dessas novas atividades, mesmo as mais rent\u00e1veis, foi capaz de alterar a rela\u00e7\u00e3o de poder, direitos e privil\u00e9gios entre as ordens estamentais.&nbsp;<\/p>\n\n\n\n<p>Assim, no lugar antes ocupado essencialmente pelos servos, no Antigo Regime, esse estamento passou a ser ocupado, tamb\u00e9m, por todas as classes sociais que n\u00e3o eram nobres ou, tampouco, parte do clero.&nbsp;<\/p>\n\n\n\n<p>Evidentemente, a burguesia mercantil buscava meios de interferir nas decis\u00f5es das cortes mon\u00e1rquicas. Essa press\u00e3o foi mais ou menos eficiente, a depender do poder econ\u00f4mico da burguesia e da for\u00e7a das monarquias.&nbsp;<\/p>\n\n\n\n<p>A Inglaterra foi um lugar em que a burguesia teve mais sucesso a ponto de conseguir compor uma parte do Parlamento, a chamada C\u00e2mara dos Comuns. J\u00e1 na Fran\u00e7a a monarquia conseguiu concentrar mais poder e a burguesia ficou mais exclu\u00edda do poder pol\u00edtico.&nbsp;<\/p>\n\n\n\n<p>Veja o esquema cl\u00e1ssico da divis\u00e3o estamental da sociedade do Antigo Regime.&nbsp;<\/p>\n\n\n<div class=\"wp-block-image\">\n<figure class=\"aligncenter size-full\"><img decoding=\"async\" width=\"759\" height=\"351\" src=\"https:\/\/militares.estrategia.com\/portal\/wp-content\/uploads\/2023\/08\/image.png\" alt=\"\" class=\"wp-image-69129\"\/><\/figure><\/div>\n\n\n<p>De acordo com a vis\u00e3o dominante dessa \u00e9poca, cada uma dessas ordens tinha obriga\u00e7\u00f5es e direitos exclusivos.&nbsp;<\/p>\n\n\n\n<p>Entre essas obriga\u00e7\u00f5es estava, por um lado, o dever exclusivo por parte do 3\u00ba Estado de pagar impostos e de trabalhar.&nbsp;<\/p>\n\n\n\n<p>Por outro lado, o direito exclusivo de participar da pol\u00edtica e de ocupar os cargos mais altos da administra\u00e7\u00e3o do Estado era do clero e da nobreza.&nbsp;<\/p>\n\n\n\n<p>Mas essa vis\u00e3o \u00e9 muito medieval, ultrapassada para \u00e9poca, n\u00e3o \u00e9?&nbsp;<\/p>\n\n\n\n<p>Realmente \u00e9 uma vis\u00e3o tradicional, fundada na Idade M\u00e9dia. Assim, \u00e9 conservadora porque n\u00e3o alterava substancialmente a forma de enxergar a organiza\u00e7\u00e3o do mundo e a forma como a sociedade se organizava.&nbsp;<\/p>\n\n\n\n<p>Permanecia a antiga concep\u00e7\u00e3o segundo a qual os homens n\u00e3o nasciam iguais e, portanto, n\u00e3o podiam ter os mesmos direitos e deveres. Ou seja, n\u00e3o havia o que, mais adiante, chamaremos de \u201cigualdade jur\u00eddica\u201d ou meritocracia.<\/p>\n\n\n\n<p>Logo, a sociedade do Antigo Regime \u00e9 jur\u00eddica, pol\u00edtica e socialmente desigual. Aqueles que t\u00eam acesso exclusivo a determinados direitos, os nobres e o clero, s\u00e3o privilegiados.<\/p>\n\n\n\n<p><em>Texto escrito com base nos conte\u00fados da Professora Al\u00ea Lopes<\/em><\/p>\n\n\n\n<p>Curtiu a leitura sobre o Antigo Regime? Confira mais artigos sobre o tema no Portal do Estrat\u00e9gia Militares e garanta sua aprova\u00e7\u00e3o nas provas militares. Conhe\u00e7a, tamb\u00e9m, o Banco de Quest\u00f5es do Estrat\u00e9gia Militares! Clique no&nbsp; banner abaixo e vem ser coruja!<\/p>\n\n\n\n<p><strong><a id=\"cta\" class=\"cta-imagem\" href=\"https:\/\/militares.estrategia.com\/curso\/banco-de-questes-anual\/\" target=\"blank\">\n                <img decoding=\"async\" width=\"100%\" src=\"https:\/\/militares.estrategia.com\/portal\/wp-content\/uploads\/2023\/02\/EM-Banco-de-Questoes.jpg\" alt=\"EM - Banco de Questo\u0303es\" title=\"EM - Banco de Questo\u0303es\">\n        <\/a><\/strong><\/p>\n\n\n\n\n\n\n\n<h2 class=\"wp-block-heading\"><span class=\"ez-toc-section\" id=\"Veja-tambem\"><\/span>Veja tamb\u00e9m:<span class=\"ez-toc-section-end\"><\/span><\/h2>\n\n\n\n<ul class=\"wp-block-list\">\n<li><a href=\"https:\/\/militares.estrategia.com\/portal\/materias-e-dicas\/historia\/marechal-deodoro-da-fonseca-o-primeiro-presidente-do-brasil\/\">Marechal Deodoro da Fonseca: o primeiro presidente do Brasil<\/a><\/li>\n\n\n\n<li><a href=\"https:\/\/militares.estrategia.com\/portal\/materias-e-dicas\/historia\/alberto-santos-dumont\/\">Alberto Santos Dumont: conhe\u00e7a a biografia do pai da avia\u00e7\u00e3o<\/a><\/li>\n\n\n\n<li><a href=\"https:\/\/militares.estrategia.com\/portal\/materias-e-dicas\/historia\/a-batalha-do-passo-do-rosario\/\">A Batalha do Passo do Ros\u00e1rio: causas, consequ\u00eancias e muito mais<\/a><\/li>\n\n\n\n<li><a href=\"https:\/\/militares.estrategia.com\/portal\/materias-e-dicas\/historia\/batalha-de-monte-castelo\/\">Batalha de Monte Castelo: o que foi, a participa\u00e7\u00e3o da FEB e muito mais<\/a><\/li>\n\n\n\n<li><a href=\"https:\/\/militares.estrategia.com\/portal\/materias-e-dicas\/historia\/guerra-do-paraguai\/\">Guerra do Paraguai: causas, consequ\u00eancias e muito mais<\/a><\/li>\n\n\n\n<li><a href=\"https:\/\/militares.estrategia.com\/portal\/materias-e-dicas\/historia\/povos-indigenas-brasileiros\/\">Povos ind\u00edgenas brasileiros: quem eram, onde viviam e muito mais<\/a><\/li>\n\n\n\n<li><a href=\"https:\/\/militares.estrategia.com\/portal\/materias-e-dicas\/historia\/a-morte-de-solano-lopez\/\">A morte de Solano L\u00f3pez e o fim da Guerra do Paraguai<\/a><\/li>\n\n\n\n<li><a href=\"https:\/\/militares.estrategia.com\/portal\/materias-e-dicas\/historia\/proclamacao-da-republica-no-brasil\/\">Proclama\u00e7\u00e3o da Rep\u00fablica no Brasil: como foi e muito mais<\/a><\/li>\n<\/ul>\n","protected":false},"excerpt":{"rendered":"Vai participar dos concursos e quer saber um pouquinho mais de hist\u00f3ria? Vem com a gente! Confira esse&hellip;\n","protected":false},"author":18,"featured_media":69133,"comment_status":"closed","ping_status":"closed","sticky":false,"template":"","format":"standard","meta":{"wl_entities_gutenberg":"","footnotes":""},"categories":[29],"tags":[],"wl_entity_type":[187],"class_list":{"0":"post-69128","1":"post","2":"type-post","3":"status-publish","4":"format-standard","5":"has-post-thumbnail","7":"category-historia","8":"wl_entity_type-article"},"acf":[],"yoast_head":"<!-- This site is optimized with the Yoast SEO Premium plugin v26.6 (Yoast SEO v26.6) - https:\/\/yoast.com\/wordpress\/plugins\/seo\/ -->\n<title>Antigo Regime: Sociedade Europeia na \u00c9poca Moderna<\/title>\n<meta name=\"description\" content=\"Quer saber um pouquinho mais de hist\u00f3ria? Confira esse artigo que o Estrat\u00e9gia Militares preparou para voc\u00ea sobre o Antigo Regime.\" \/>\n<meta name=\"robots\" content=\"index, follow, max-snippet:-1, max-image-preview:large, max-video-preview:-1\" \/>\n<link rel=\"canonical\" href=\"https:\/\/militares.estrategia.com\/portal\/materias-e-dicas\/historia\/antigo-regime-sociedade-europeia-na-epoca-moderna\/\" \/>\n<meta property=\"og:locale\" content=\"pt_BR\" \/>\n<meta property=\"og:type\" content=\"article\" \/>\n<meta property=\"og:title\" content=\"Antigo Regime: Sociedade Europeia na \u00c9poca Moderna\" \/>\n<meta property=\"og:description\" content=\"Quer saber um pouquinho mais de hist\u00f3ria? Confira esse artigo que o Estrat\u00e9gia Militares preparou para voc\u00ea sobre o Antigo Regime.\" \/>\n<meta property=\"og:url\" content=\"https:\/\/militares.estrategia.com\/portal\/materias-e-dicas\/historia\/antigo-regime-sociedade-europeia-na-epoca-moderna\/\" \/>\n<meta property=\"og:site_name\" content=\"Estrat\u00e9gia Militares\" \/>\n<meta property=\"article:publisher\" content=\"https:\/\/www.facebook.com\/EstrategiaMilitares\" \/>\n<meta property=\"article:published_time\" content=\"2023-08-02T15:04:47+00:00\" \/>\n<meta property=\"article:modified_time\" content=\"2023-08-09T19:57:31+00:00\" \/>\n<meta property=\"og:image\" content=\"https:\/\/cdn.blog.estrategiavestibulares.com.br\/vestibulares\/wp-content\/uploads\/2023\/08\/antigoregimesociedade-cke.jpg\" \/>\n\t<meta property=\"og:image:width\" content=\"630\" \/>\n\t<meta property=\"og:image:height\" content=\"472\" \/>\n\t<meta property=\"og:image:type\" content=\"image\/jpeg\" \/>\n<meta name=\"author\" content=\"Pedro Alcantara\" \/>\n<meta name=\"twitter:card\" content=\"summary_large_image\" \/>\n<meta name=\"twitter:creator\" content=\"@estrategiamilit\" \/>\n<meta name=\"twitter:site\" content=\"@estrategiamilit\" \/>\n<meta name=\"twitter:label1\" content=\"Escrito por\" \/>\n\t<meta name=\"twitter:data1\" content=\"Pedro Alcantara\" \/>\n\t<meta name=\"twitter:label2\" content=\"Est. tempo de leitura\" \/>\n\t<meta name=\"twitter:data2\" content=\"9 minutos\" \/>\n<script type=\"application\/ld+json\" class=\"yoast-schema-graph\">{\"@context\":\"https:\/\/schema.org\",\"@graph\":[{\"@type\":\"Article\",\"@id\":\"https:\/\/militares.estrategia.com\/portal\/materias-e-dicas\/historia\/antigo-regime-sociedade-europeia-na-epoca-moderna\/#article\",\"isPartOf\":{\"@id\":\"https:\/\/militares.estrategia.com\/portal\/materias-e-dicas\/historia\/antigo-regime-sociedade-europeia-na-epoca-moderna\/\"},\"author\":{\"name\":\"Pedro Alcantara\",\"@id\":\"https:\/\/militares.estrategia.com\/portal\/#\/schema\/person\/d52a8bb9d3a4693ffcfbe862dc250f79\"},\"headline\":\"Antigo Regime: Sociedade Europeia na \u00c9poca Moderna\",\"datePublished\":\"2023-08-02T15:04:47+00:00\",\"dateModified\":\"2023-08-09T19:57:31+00:00\",\"mainEntityOfPage\":{\"@id\":\"https:\/\/militares.estrategia.com\/portal\/materias-e-dicas\/historia\/antigo-regime-sociedade-europeia-na-epoca-moderna\/\"},\"wordCount\":1800,\"publisher\":{\"@id\":\"https:\/\/militares.estrategia.com\/portal\/#organization\"},\"image\":{\"@id\":\"https:\/\/militares.estrategia.com\/portal\/materias-e-dicas\/historia\/antigo-regime-sociedade-europeia-na-epoca-moderna\/#primaryimage\"},\"thumbnailUrl\":\"https:\/\/militares.estrategia.com\/portal\/wp-content\/uploads\/2023\/08\/antigoregimesociedade-cke.jpg\",\"articleSection\":[\"Hist\u00f3ria\"],\"inLanguage\":\"pt-BR\"},{\"@type\":\"WebPage\",\"@id\":\"https:\/\/militares.estrategia.com\/portal\/materias-e-dicas\/historia\/antigo-regime-sociedade-europeia-na-epoca-moderna\/\",\"url\":\"https:\/\/militares.estrategia.com\/portal\/materias-e-dicas\/historia\/antigo-regime-sociedade-europeia-na-epoca-moderna\/\",\"name\":\"Antigo Regime: Sociedade Europeia na \u00c9poca Moderna\",\"isPartOf\":{\"@id\":\"https:\/\/militares.estrategia.com\/portal\/#website\"},\"primaryImageOfPage\":{\"@id\":\"https:\/\/militares.estrategia.com\/portal\/materias-e-dicas\/historia\/antigo-regime-sociedade-europeia-na-epoca-moderna\/#primaryimage\"},\"image\":{\"@id\":\"https:\/\/militares.estrategia.com\/portal\/materias-e-dicas\/historia\/antigo-regime-sociedade-europeia-na-epoca-moderna\/#primaryimage\"},\"thumbnailUrl\":\"https:\/\/militares.estrategia.com\/portal\/wp-content\/uploads\/2023\/08\/antigoregimesociedade-cke.jpg\",\"datePublished\":\"2023-08-02T15:04:47+00:00\",\"dateModified\":\"2023-08-09T19:57:31+00:00\",\"description\":\"Quer saber um pouquinho mais de hist\u00f3ria? Confira esse artigo que o Estrat\u00e9gia Militares preparou para voc\u00ea sobre o Antigo Regime.\",\"breadcrumb\":{\"@id\":\"https:\/\/militares.estrategia.com\/portal\/materias-e-dicas\/historia\/antigo-regime-sociedade-europeia-na-epoca-moderna\/#breadcrumb\"},\"inLanguage\":\"pt-BR\",\"potentialAction\":[{\"@type\":\"ReadAction\",\"target\":[\"https:\/\/militares.estrategia.com\/portal\/materias-e-dicas\/historia\/antigo-regime-sociedade-europeia-na-epoca-moderna\/\"]}]},{\"@type\":\"ImageObject\",\"inLanguage\":\"pt-BR\",\"@id\":\"https:\/\/militares.estrategia.com\/portal\/materias-e-dicas\/historia\/antigo-regime-sociedade-europeia-na-epoca-moderna\/#primaryimage\",\"url\":\"https:\/\/militares.estrategia.com\/portal\/wp-content\/uploads\/2023\/08\/antigoregimesociedade-cke.jpg\",\"contentUrl\":\"https:\/\/militares.estrategia.com\/portal\/wp-content\/uploads\/2023\/08\/antigoregimesociedade-cke.jpg\",\"width\":630,\"height\":472},{\"@type\":\"BreadcrumbList\",\"@id\":\"https:\/\/militares.estrategia.com\/portal\/materias-e-dicas\/historia\/antigo-regime-sociedade-europeia-na-epoca-moderna\/#breadcrumb\",\"itemListElement\":[{\"@type\":\"ListItem\",\"position\":1,\"name\":\"Home\",\"item\":\"https:\/\/militares.estrategia.com\/portal\/\"},{\"@type\":\"ListItem\",\"position\":2,\"name\":\"Mat\u00e9rias e Dicas\",\"item\":\"https:\/\/militares.estrategia.com\/portal\/materias-e-dicas\/\"},{\"@type\":\"ListItem\",\"position\":3,\"name\":\"Hist\u00f3ria\",\"item\":\"https:\/\/militares.estrategia.com\/portal\/materias-e-dicas\/historia\/\"},{\"@type\":\"ListItem\",\"position\":4,\"name\":\"Antigo Regime: Sociedade Europeia na \u00c9poca Moderna\"}]},{\"@type\":\"WebSite\",\"@id\":\"https:\/\/militares.estrategia.com\/portal\/#website\",\"url\":\"https:\/\/militares.estrategia.com\/portal\/\",\"name\":\"Estrat\u00e9gia Militares\",\"description\":\"\",\"publisher\":{\"@id\":\"https:\/\/militares.estrategia.com\/portal\/#organization\"},\"potentialAction\":[{\"@type\":\"SearchAction\",\"target\":{\"@type\":\"EntryPoint\",\"urlTemplate\":\"https:\/\/militares.estrategia.com\/portal\/?s={search_term_string}\"},\"query-input\":{\"@type\":\"PropertyValueSpecification\",\"valueRequired\":true,\"valueName\":\"search_term_string\"}}],\"inLanguage\":\"pt-BR\"},{\"@type\":\"Organization\",\"@id\":\"https:\/\/militares.estrategia.com\/portal\/#organization\",\"name\":\"Estrat\u00e9gia Militares\",\"url\":\"https:\/\/militares.estrategia.com\/portal\/\",\"logo\":{\"@type\":\"ImageObject\",\"inLanguage\":\"pt-BR\",\"@id\":\"https:\/\/militares.estrategia.com\/portal\/#\/schema\/logo\/image\/\",\"url\":\"https:\/\/militares.estrategia.com\/portal\/wp-content\/uploads\/2021\/10\/logo-militares.webp\",\"contentUrl\":\"https:\/\/militares.estrategia.com\/portal\/wp-content\/uploads\/2021\/10\/logo-militares.webp\",\"width\":346,\"height\":90,\"caption\":\"Estrat\u00e9gia Militares\"},\"image\":{\"@id\":\"https:\/\/militares.estrategia.com\/portal\/#\/schema\/logo\/image\/\"},\"sameAs\":[\"https:\/\/www.facebook.com\/EstrategiaMilitares\",\"https:\/\/x.com\/estrategiamilit\",\"https:\/\/www.instagram.com\/estrategiamilitares\/\",\"https:\/\/www.youtube.com\/channel\/UCRG_9hakCqXxnj_8TqCdgTA\"]},{\"@type\":\"Person\",\"@id\":\"https:\/\/militares.estrategia.com\/portal\/#\/schema\/person\/d52a8bb9d3a4693ffcfbe862dc250f79\",\"name\":\"Pedro Alcantara\",\"image\":{\"@type\":\"ImageObject\",\"inLanguage\":\"pt-BR\",\"@id\":\"https:\/\/militares.estrategia.com\/portal\/#\/schema\/person\/image\/\",\"url\":\"https:\/\/secure.gravatar.com\/avatar\/2ff815c569bab8558bec32641d54e1af?s=96&d=mm&r=g\",\"contentUrl\":\"https:\/\/secure.gravatar.com\/avatar\/2ff815c569bab8558bec32641d54e1af?s=96&d=mm&r=g\",\"caption\":\"Pedro Alcantara\"},\"url\":\"https:\/\/militares.estrategia.com\/portal\/author\/pedro\/\"}]}<\/script>\n<!-- \/ Yoast SEO Premium plugin. -->","yoast_head_json":{"title":"Antigo Regime: Sociedade Europeia na \u00c9poca Moderna","description":"Quer saber um pouquinho mais de hist\u00f3ria? Confira esse artigo que o Estrat\u00e9gia Militares preparou para voc\u00ea sobre o Antigo Regime.","robots":{"index":"index","follow":"follow","max-snippet":"max-snippet:-1","max-image-preview":"max-image-preview:large","max-video-preview":"max-video-preview:-1"},"canonical":"https:\/\/militares.estrategia.com\/portal\/materias-e-dicas\/historia\/antigo-regime-sociedade-europeia-na-epoca-moderna\/","og_locale":"pt_BR","og_type":"article","og_title":"Antigo Regime: Sociedade Europeia na \u00c9poca Moderna","og_description":"Quer saber um pouquinho mais de hist\u00f3ria? Confira esse artigo que o Estrat\u00e9gia Militares preparou para voc\u00ea sobre o Antigo Regime.","og_url":"https:\/\/militares.estrategia.com\/portal\/materias-e-dicas\/historia\/antigo-regime-sociedade-europeia-na-epoca-moderna\/","og_site_name":"Estrat\u00e9gia Militares","article_publisher":"https:\/\/www.facebook.com\/EstrategiaMilitares","article_published_time":"2023-08-02T15:04:47+00:00","article_modified_time":"2023-08-09T19:57:31+00:00","og_image":[{"width":630,"height":472,"url":"https:\/\/cdn.blog.estrategiavestibulares.com.br\/vestibulares\/wp-content\/uploads\/2023\/08\/antigoregimesociedade-cke.jpg","type":"image\/jpeg"}],"author":"Pedro Alcantara","twitter_card":"summary_large_image","twitter_creator":"@estrategiamilit","twitter_site":"@estrategiamilit","twitter_misc":{"Escrito por":"Pedro Alcantara","Est. tempo de leitura":"9 minutos"},"schema":{"@context":"https:\/\/schema.org","@graph":[{"@type":"Article","@id":"https:\/\/militares.estrategia.com\/portal\/materias-e-dicas\/historia\/antigo-regime-sociedade-europeia-na-epoca-moderna\/#article","isPartOf":{"@id":"https:\/\/militares.estrategia.com\/portal\/materias-e-dicas\/historia\/antigo-regime-sociedade-europeia-na-epoca-moderna\/"},"author":{"name":"Pedro Alcantara","@id":"https:\/\/militares.estrategia.com\/portal\/#\/schema\/person\/d52a8bb9d3a4693ffcfbe862dc250f79"},"headline":"Antigo Regime: Sociedade Europeia na \u00c9poca Moderna","datePublished":"2023-08-02T15:04:47+00:00","dateModified":"2023-08-09T19:57:31+00:00","mainEntityOfPage":{"@id":"https:\/\/militares.estrategia.com\/portal\/materias-e-dicas\/historia\/antigo-regime-sociedade-europeia-na-epoca-moderna\/"},"wordCount":1800,"publisher":{"@id":"https:\/\/militares.estrategia.com\/portal\/#organization"},"image":{"@id":"https:\/\/militares.estrategia.com\/portal\/materias-e-dicas\/historia\/antigo-regime-sociedade-europeia-na-epoca-moderna\/#primaryimage"},"thumbnailUrl":"https:\/\/militares.estrategia.com\/portal\/wp-content\/uploads\/2023\/08\/antigoregimesociedade-cke.jpg","articleSection":["Hist\u00f3ria"],"inLanguage":"pt-BR"},{"@type":"WebPage","@id":"https:\/\/militares.estrategia.com\/portal\/materias-e-dicas\/historia\/antigo-regime-sociedade-europeia-na-epoca-moderna\/","url":"https:\/\/militares.estrategia.com\/portal\/materias-e-dicas\/historia\/antigo-regime-sociedade-europeia-na-epoca-moderna\/","name":"Antigo Regime: Sociedade Europeia na \u00c9poca Moderna","isPartOf":{"@id":"https:\/\/militares.estrategia.com\/portal\/#website"},"primaryImageOfPage":{"@id":"https:\/\/militares.estrategia.com\/portal\/materias-e-dicas\/historia\/antigo-regime-sociedade-europeia-na-epoca-moderna\/#primaryimage"},"image":{"@id":"https:\/\/militares.estrategia.com\/portal\/materias-e-dicas\/historia\/antigo-regime-sociedade-europeia-na-epoca-moderna\/#primaryimage"},"thumbnailUrl":"https:\/\/militares.estrategia.com\/portal\/wp-content\/uploads\/2023\/08\/antigoregimesociedade-cke.jpg","datePublished":"2023-08-02T15:04:47+00:00","dateModified":"2023-08-09T19:57:31+00:00","description":"Quer saber um pouquinho mais de hist\u00f3ria? Confira esse artigo que o Estrat\u00e9gia Militares preparou para voc\u00ea sobre o Antigo Regime.","breadcrumb":{"@id":"https:\/\/militares.estrategia.com\/portal\/materias-e-dicas\/historia\/antigo-regime-sociedade-europeia-na-epoca-moderna\/#breadcrumb"},"inLanguage":"pt-BR","potentialAction":[{"@type":"ReadAction","target":["https:\/\/militares.estrategia.com\/portal\/materias-e-dicas\/historia\/antigo-regime-sociedade-europeia-na-epoca-moderna\/"]}]},{"@type":"ImageObject","inLanguage":"pt-BR","@id":"https:\/\/militares.estrategia.com\/portal\/materias-e-dicas\/historia\/antigo-regime-sociedade-europeia-na-epoca-moderna\/#primaryimage","url":"https:\/\/militares.estrategia.com\/portal\/wp-content\/uploads\/2023\/08\/antigoregimesociedade-cke.jpg","contentUrl":"https:\/\/militares.estrategia.com\/portal\/wp-content\/uploads\/2023\/08\/antigoregimesociedade-cke.jpg","width":630,"height":472},{"@type":"BreadcrumbList","@id":"https:\/\/militares.estrategia.com\/portal\/materias-e-dicas\/historia\/antigo-regime-sociedade-europeia-na-epoca-moderna\/#breadcrumb","itemListElement":[{"@type":"ListItem","position":1,"name":"Home","item":"https:\/\/militares.estrategia.com\/portal\/"},{"@type":"ListItem","position":2,"name":"Mat\u00e9rias e Dicas","item":"https:\/\/militares.estrategia.com\/portal\/materias-e-dicas\/"},{"@type":"ListItem","position":3,"name":"Hist\u00f3ria","item":"https:\/\/militares.estrategia.com\/portal\/materias-e-dicas\/historia\/"},{"@type":"ListItem","position":4,"name":"Antigo Regime: Sociedade Europeia na \u00c9poca Moderna"}]},{"@type":"WebSite","@id":"https:\/\/militares.estrategia.com\/portal\/#website","url":"https:\/\/militares.estrategia.com\/portal\/","name":"Estrat\u00e9gia Militares","description":"","publisher":{"@id":"https:\/\/militares.estrategia.com\/portal\/#organization"},"potentialAction":[{"@type":"SearchAction","target":{"@type":"EntryPoint","urlTemplate":"https:\/\/militares.estrategia.com\/portal\/?s={search_term_string}"},"query-input":{"@type":"PropertyValueSpecification","valueRequired":true,"valueName":"search_term_string"}}],"inLanguage":"pt-BR"},{"@type":"Organization","@id":"https:\/\/militares.estrategia.com\/portal\/#organization","name":"Estrat\u00e9gia Militares","url":"https:\/\/militares.estrategia.com\/portal\/","logo":{"@type":"ImageObject","inLanguage":"pt-BR","@id":"https:\/\/militares.estrategia.com\/portal\/#\/schema\/logo\/image\/","url":"https:\/\/militares.estrategia.com\/portal\/wp-content\/uploads\/2021\/10\/logo-militares.webp","contentUrl":"https:\/\/militares.estrategia.com\/portal\/wp-content\/uploads\/2021\/10\/logo-militares.webp","width":346,"height":90,"caption":"Estrat\u00e9gia Militares"},"image":{"@id":"https:\/\/militares.estrategia.com\/portal\/#\/schema\/logo\/image\/"},"sameAs":["https:\/\/www.facebook.com\/EstrategiaMilitares","https:\/\/x.com\/estrategiamilit","https:\/\/www.instagram.com\/estrategiamilitares\/","https:\/\/www.youtube.com\/channel\/UCRG_9hakCqXxnj_8TqCdgTA"]},{"@type":"Person","@id":"https:\/\/militares.estrategia.com\/portal\/#\/schema\/person\/d52a8bb9d3a4693ffcfbe862dc250f79","name":"Pedro Alcantara","image":{"@type":"ImageObject","inLanguage":"pt-BR","@id":"https:\/\/militares.estrategia.com\/portal\/#\/schema\/person\/image\/","url":"https:\/\/secure.gravatar.com\/avatar\/2ff815c569bab8558bec32641d54e1af?s=96&d=mm&r=g","contentUrl":"https:\/\/secure.gravatar.com\/avatar\/2ff815c569bab8558bec32641d54e1af?s=96&d=mm&r=g","caption":"Pedro Alcantara"},"url":"https:\/\/militares.estrategia.com\/portal\/author\/pedro\/"}]}},"_wl_alt_label":[],"wl:entity_url":"https:\/\/data.wordlift.io\/wl110246\/post\/antigo-regime-sociedade-europeia-na-epoca-moderna-69128","_links":{"self":[{"href":"https:\/\/militares.estrategia.com\/portal\/wp-json\/wp\/v2\/posts\/69128","targetHints":{"allow":["GET"]}}],"collection":[{"href":"https:\/\/militares.estrategia.com\/portal\/wp-json\/wp\/v2\/posts"}],"about":[{"href":"https:\/\/militares.estrategia.com\/portal\/wp-json\/wp\/v2\/types\/post"}],"author":[{"embeddable":true,"href":"https:\/\/militares.estrategia.com\/portal\/wp-json\/wp\/v2\/users\/18"}],"replies":[{"embeddable":true,"href":"https:\/\/militares.estrategia.com\/portal\/wp-json\/wp\/v2\/comments?post=69128"}],"version-history":[{"count":3,"href":"https:\/\/militares.estrategia.com\/portal\/wp-json\/wp\/v2\/posts\/69128\/revisions"}],"predecessor-version":[{"id":69501,"href":"https:\/\/militares.estrategia.com\/portal\/wp-json\/wp\/v2\/posts\/69128\/revisions\/69501"}],"wp:featuredmedia":[{"embeddable":true,"href":"https:\/\/militares.estrategia.com\/portal\/wp-json\/wp\/v2\/media\/69133"}],"wp:attachment":[{"href":"https:\/\/militares.estrategia.com\/portal\/wp-json\/wp\/v2\/media?parent=69128"}],"wp:term":[{"taxonomy":"category","embeddable":true,"href":"https:\/\/militares.estrategia.com\/portal\/wp-json\/wp\/v2\/categories?post=69128"},{"taxonomy":"post_tag","embeddable":true,"href":"https:\/\/militares.estrategia.com\/portal\/wp-json\/wp\/v2\/tags?post=69128"},{"taxonomy":"wl_entity_type","embeddable":true,"href":"https:\/\/militares.estrategia.com\/portal\/wp-json\/wp\/v2\/wl_entity_type?post=69128"}],"curies":[{"name":"wp","href":"https:\/\/api.w.org\/{rel}","templated":true}]}}