{"id":68418,"date":"2023-07-14T07:00:00","date_gmt":"2023-07-14T10:00:00","guid":{"rendered":"https:\/\/militares.estrategia.com\/portal\/?p=68418"},"modified":"2023-07-26T16:52:07","modified_gmt":"2023-07-26T19:52:07","slug":"recursos-energeticos-matriz-energetica-fontes-de-energia-e-mais","status":"publish","type":"post","link":"https:\/\/militares.estrategia.com\/portal\/materias-e-dicas\/geografia\/recursos-energeticos-matriz-energetica-fontes-de-energia-e-mais\/","title":{"rendered":"Recursos energ\u00e9ticos: matriz energ\u00e9tica, fontes de energia e mais!"},"content":{"rendered":"\n<p>O desenvolvimento industrial do Brasil est\u00e1 diretamente interligado ao desenvolvimento da matriz energ\u00e9tica do pa\u00eds. No entanto, ele deve estar em conson\u00e2ncia com a sustentabilidade.&nbsp;<\/p>\n\n\n\n<p>Confira nesse artigo, que o<strong> <\/strong>Estrat\u00e9giaMilitares preparou para voc\u00ea, mais informa\u00e7\u00f5es sobre a matriz energ\u00e9tica e as fontes de energia!<\/p>\n\n\n\n<div id=\"ez-toc-container\" class=\"ez-toc-v2_0_79_2 counter-hierarchy ez-toc-counter ez-toc-transparent ez-toc-container-direction\">\n<div class=\"ez-toc-title-container\"><p class=\"ez-toc-title\" style=\"cursor:inherit\">Navegue pelo conte\u00fado\t<\/p>\n<\/div><nav><ul class='ez-toc-list ez-toc-list-level-1 ' ><li class='ez-toc-page-1 ez-toc-heading-level-2'><a class=\"ez-toc-link ez-toc-heading-1\" href=\"https:\/\/militares.estrategia.com\/portal\/materias-e-dicas\/geografia\/recursos-energeticos-matriz-energetica-fontes-de-energia-e-mais\/#O-que-e-energia\" >O que \u00e9 energia?<\/a><\/li><li class='ez-toc-page-1 ez-toc-heading-level-2'><a class=\"ez-toc-link ez-toc-heading-2\" href=\"https:\/\/militares.estrategia.com\/portal\/materias-e-dicas\/geografia\/recursos-energeticos-matriz-energetica-fontes-de-energia-e-mais\/#A-evolucao-do-consumo-de-energia\" >A evolu\u00e7\u00e3o do consumo de energia<\/a><\/li><li class='ez-toc-page-1 ez-toc-heading-level-2'><a class=\"ez-toc-link ez-toc-heading-3\" href=\"https:\/\/militares.estrategia.com\/portal\/materias-e-dicas\/geografia\/recursos-energeticos-matriz-energetica-fontes-de-energia-e-mais\/#Matriz-energetica\" >Matriz energ\u00e9tica<\/a><\/li><li class='ez-toc-page-1 ez-toc-heading-level-2'><a class=\"ez-toc-link ez-toc-heading-4\" href=\"https:\/\/militares.estrategia.com\/portal\/materias-e-dicas\/geografia\/recursos-energeticos-matriz-energetica-fontes-de-energia-e-mais\/#Veja-tambem\" >Veja tamb\u00e9m:<\/a><\/li><li class='ez-toc-page-1 ez-toc-heading-level-2'><a class=\"ez-toc-link ez-toc-heading-5\" href=\"https:\/\/militares.estrategia.com\/portal\/materias-e-dicas\/geografia\/recursos-energeticos-matriz-energetica-fontes-de-energia-e-mais\/#Referencias\" >Refer\u00eancias<\/a><\/li><\/ul><\/nav><\/div>\n<h2 class=\"wp-block-heading\" id=\"h-o-que-e-energia\"><span class=\"ez-toc-section\" id=\"O-que-e-energia\"><\/span>O que \u00e9 energia?<span class=\"ez-toc-section-end\"><\/span><\/h2>\n\n\n\n<p>A palavra \u201cenergia\u201d vem do grego <em>en\u00e9rgeia,<\/em> que significa \u201cem a\u00e7\u00e3o\u201d. <strong>Como os gregos j\u00e1 usavam tal palavra em tempos remotos, pode-se acreditar que eles j\u00e1 possu\u00edam uma ideia muito elaborada do que era energia e de sua import\u00e2ncia.<\/strong><\/p>\n\n\n\n<p>A exist\u00eancia de energia pode ser percebida por meio de suas manifesta\u00e7\u00f5es:<\/p>\n\n\n\n<ul class=\"wp-block-list\">\n<li>O calor do sol;<\/li>\n\n\n\n<li>O calor de uma l\u00e2mpada ou vela;<\/li>\n\n\n\n<li>A for\u00e7a dos ventos;<\/li>\n\n\n\n<li>O correr da \u00e1gua;<\/li>\n\n\n\n<li>A queda de objetos atra\u00eddos pela for\u00e7a da gravidade, entre outros.<\/li>\n<\/ul>\n\n\n\n<p>Energia, portanto, \u00e9 a propriedade de um sistema que lhe permite existir. Ou, como conceitua a F\u00edsica,<strong> \u00e9 a capacidade de realizar trabalho<\/strong>. Sem a presen\u00e7a de energia a sociedade seria inerte, p<strong>ois os meios de produ\u00e7\u00e3o dependem da transforma\u00e7\u00e3o desta em calor e movimento para realizar trabalho e fazer \u201cgirar o mundo\u201d.<\/strong><\/p>\n\n\n\n<p>Al\u00e9m disso, a demanda por diversas formas de energia na sociedade moderna \u00e9 cada vez mais crescente para o desenvolvimento de diversas atividades de car\u00e1ter industrial e econ\u00f4mico.<strong>Sendo assim, \u00e9 cada vez maior a necessidade de busca por mais energia e novas fontes que possam \u201cmover\u201d a sociedade.<\/strong><\/p>\n\n\n<div id=\"new-form\">\n\t<form id=\"forms_layout\">\n\t<input type=\"hidden\" id=\"chave_de\" name=\"chave_de\" value=\"01_EMIL_LEADS_TOTAIS\" \/>\n\t\t<input type=\"hidden\" id=\"mid\" name=\"mid\" value=\"515009017\" \/>\n\t\t<input type=\"hidden\" id=\"Objetivo\" name=\"Objetivo\" value=\"Militares\" \/>\n\t\t<input type=\"hidden\" id=\"Estado_de_Origem_do_IP\" name=\"Estado_de_Origem_do_IP\"  value=\"\" \/>\n\t\t<input type=\"hidden\" id=\"Cidade_de_Origem_do_IP\" name=\"Cidade_de_Origem_do_IP\" value=\"\" \/>\n\t\t<input type=\"hidden\" id=\"Modo_de_entrada\" name=\"Modo_de_entrada\" value=\"Portal\" \/>\n\t\t<input type=\"hidden\" id=\"Pagina_Origem\" name=\"Pagina_Origem\" value=\"\" \/>\n\n\t\t<div class=\"texto\">\n\t\t\t<h3 class=\"news\">Inscreva-se em nossa newsletter!<\/h3>\n\t\t\t<p>Receba not\u00edcias sobre os mais importantes concursos para as For\u00e7as Armadas brasileiras e informa\u00e7\u00f5es sobre o mundo militar!<\/p>\n\t\t<\/div>\n\t\t<div class=\"campos\">\n\t\t\t<div class=\"first_name labels\">\n\t\t\t\t<input type=\"text\" class=\"input_labels\" id=\"first_name\" name=\"Nome_Completo\" placeholder=\"Nome\" required \/>\n\t\t\t<\/div>\n\t\t\t<div class=\"email labels\">\n\t\t\t\t<input type=\"email\" class=\"input_labels\" id=\"email\" name=\"Email\" placeholder=\"E-mail\" required \/>\n\t\t\t<\/div>\n\t\t\t<button type=\"submit\" class=\"button_layout\">\n\t\t\t\t<div id=\"lblBotao\">Inscreva-se<\/div>\n\t\t\t\t<span id=\"divSpiner\" class=\"loader\" role=\"status\" style=\"display: none;\"><\/span>\t\n\t\t\t<\/button>\n\t\t<\/div><!-- \/campos -->\n\t\t\n\t\t<label class=\"container_checkbox\">Voc\u00ea concorda com a nossa\n\t\t\t<a class=\"politics_privacy_ahref\" target=\"_blank\" href=\"https:\/\/gratis.estrategiaconcursos.com.br\/politica-de-privacidade\/\">Pol\u00edtica de Privacidade<\/a> e aceita receber informa\u00e7\u00f5es adicionais do Estrat\u00e9gia Educacional.\n\t\t\t<input id=\"checkbox_layout\" type=\"checkbox\" checked=\"checked\" required \/>\n\t\t\t<span class=\"checkbox\"><\/span>\n\t\t<\/label>\n\t\t<div id=\"msg\"><\/div>\n\t\t<div id=\"error\" class=\"error\">\n\t\t<\/div>\n\t<\/form>\n<\/div><!-- \/new-form -->\n\n\n\n<h2 class=\"wp-block-heading\" id=\"h-a-evolucao-do-consumo-de-energia\"><span class=\"ez-toc-section\" id=\"A-evolucao-do-consumo-de-energia\"><\/span>A evolu\u00e7\u00e3o do consumo de energia<span class=\"ez-toc-section-end\"><\/span><\/h2>\n\n\n\n<p>O consumo de energia pela sociedade teve varia\u00e7\u00f5es ao longo da hist\u00f3ria. Muitas dessas mudan\u00e7as est\u00e3o associadas ao modo de produ\u00e7\u00e3o, que se desenvolveu e se tornou mais complexo no decorrer do tempo.<\/p>\n\n\n\n<p><strong>O processo de industrializa\u00e7\u00e3o foi o grande respons\u00e1vel pelo aumento e pela diversifica\u00e7\u00e3o do consumo de energia.<\/strong> At\u00e9 ent\u00e3o, os valores desse consumo eram significativamente mais baixos do que a demanda por energia da sociedade moderna.<\/p>\n\n\n\n<p><strong>O desenvolvimento industrial est\u00e1 intimamente ligado \u00e0 diversifica\u00e7\u00e3o das fontes de energia.<\/strong> Como vivemos em uma sociedade bastante&nbsp; vinculada ao desenvolvimento da atividade industrial, pode-se dizer que h\u00e1 uma <strong>interdepend\u00eancia entre o crescimento econ\u00f4mico e a amplia\u00e7\u00e3o e moderniza\u00e7\u00e3o da matriz energ\u00e9tica mundial.<\/strong><\/p>\n\n\n\n<p>Como exemplo desse fato, podemos citar o primado do <strong>carv\u00e3o como <\/strong><a href=\"https:\/\/vestibulares.estrategia.com\/portal\/materias\/historia\/revolucao-industrial\/\" target=\"_blank\" ><strong>s\u00edmbolo da primeira Revolu\u00e7\u00e3o Industrial<\/strong><\/a>. Ele se estendeu at\u00e9 o final do s\u00e9culo XIX, quando outra fonte de energia com mais aplica\u00e7\u00f5es e de mais f\u00e1cil transporte, come\u00e7ou a ser estudada: <strong>o petr\u00f3leo<\/strong>.<\/p>\n\n\n<div class=\"wp-block-image\">\n<figure class=\"aligncenter size-large is-resized\"><img decoding=\"async\" src=\"https:\/\/militares.estrategia.com\/portal\/wp-content\/uploads\/2023\/07\/image-10-679x1024.jpeg\" alt=\"\" class=\"wp-image-68419\" width=\"406\" height=\"612\" srcset=\"https:\/\/militares.estrategia.com\/portal\/wp-content\/uploads\/2023\/07\/image-10-679x1024.jpeg 679w, https:\/\/militares.estrategia.com\/portal\/wp-content\/uploads\/2023\/07\/image-10-768x1158.jpeg 768w, https:\/\/militares.estrategia.com\/portal\/wp-content\/uploads\/2023\/07\/image-10-800x1206.jpeg 800w, https:\/\/militares.estrategia.com\/portal\/wp-content\/uploads\/2023\/07\/image-10.jpeg 849w\" sizes=\"(max-width: 406px) 100vw, 406px\" \/><\/figure><\/div>\n\n\n<p><strong>O desenvolvimento do uso de eletricidade ocorreu no in\u00edcio do s\u00e9culo XX.<\/strong> A inven\u00e7\u00e3o dos motores &#8211; que transformam a energia el\u00e9trica em mec\u00e2nica &#8211; tornou poss\u00edvel a fabrica\u00e7\u00e3o de maquin\u00e1rio mais potente, destacadamente para as grandes ind\u00fastrias emergentes, al\u00e9m do de pequenos motores, utilizados nos aparelhos eletrodom\u00e9sticos, por exemplo.<\/p>\n\n\n\n<p><strong>O petr\u00f3leo, o carv\u00e3o mineral, o ur\u00e2nio e a \u00e1gua dos rios s\u00e3o as fontes mais utilizadas para a obten\u00e7\u00e3o de energia, sendo as tr\u00eas \u00faltimas as mais empregadas na gera\u00e7\u00e3o de eletricidade.<\/strong><\/p>\n\n\n\n<p>Do total de petr\u00f3leo extra\u00eddo no mundo, <a href=\"https:\/\/www.gov.br\/anp\/pt-br\/centrais-de-conteudo\/publicacoes\/anuario-estatistico\/arquivos-anuario-estatistico-2022\/secao-1\/texto\/secao1.pdf\" target=\"_blank\" >apenas 8% destina-se \u00e0 produ\u00e7\u00e3o de energia el\u00e9trica. <\/a>A eletricidade obtida a partir dessas quatro fontes \u00e9 gerada em tr\u00eas tipos de usinas:<\/p>\n\n\n\n<ul class=\"wp-block-list\">\n<li>Termel\u00e9tricas: utilizam o carv\u00e3o mineral, o g\u00e1s combust\u00edvel e o petr\u00f3leo;<\/li>\n\n\n\n<li>Termonucleares: utilizam, principalmente, o ur\u00e2nio; e<\/li>\n\n\n\n<li>Hidrel\u00e9tricas: utilizam a \u00e1gua dos rios.<\/li>\n<\/ul>\n\n\n\n<h2 class=\"wp-block-heading\" id=\"h-matriz-energetica\"><span class=\"ez-toc-section\" id=\"Matriz-energetica\"><\/span>Matriz energ\u00e9tica<span class=\"ez-toc-section-end\"><\/span><\/h2>\n\n\n\n<p><strong>A produ\u00e7\u00e3o de energia em uma comunidade ou em um pa\u00eds est\u00e1 diretamente relacionada ao seu grau de desenvolvimento. <\/strong>Entretanto, n\u00e3o podemos afirmar que ele \u00e9 resultado direto apenas da explora\u00e7\u00e3o de seus recursos energ\u00e9ticos, uma vez que n\u00e3o pode estar restrito \u00e0 sua capacidade de produ\u00e7\u00e3o de a\u00e7o, concreto ou papel, por exemplo.<\/p>\n\n\n\n<p><strong>O objetivo final do desenvolvimento de uma sociedade deve ser a eleva\u00e7\u00e3o geral da qualidade de vida.<\/strong><\/p>\n\n\n\n<p><strong>Em geral, as necessidades energ\u00e9ticas de um pa\u00eds s\u00e3o diretamente proporcionais ao seu grau de industrializa\u00e7\u00e3o<\/strong>. As economias altamente industrializadas s\u00e3o grandes consumidoras de energia e, por isso, precisam frequentemente importar recursos para suprir suas necessidades. <strong>Este alto consumo geralmente exige a utiliza\u00e7\u00e3o de diversas formas alternativas de energia.<\/strong><\/p>\n\n\n\n<p><strong>Outro importante fator a se observar \u00e9 a rela\u00e7\u00e3o entre a energia produzida e a consumida, pois isso mostra o grau de independ\u00eancia energ\u00e9tica de um pa\u00eds ou uma regi\u00e3o.<\/strong><\/p>\n\n\n\n<p><strong>Portanto, a matriz energ\u00e9tica consiste em uma representa\u00e7\u00e3o quantitativa da oferta oferecida por um pa\u00eds ou regi\u00e3o. <\/strong>Sua an\u00e1lise auxilia a compreens\u00e3o da estrutura econ\u00f4mica de uma na\u00e7\u00e3o e a sua depend\u00eancia em rela\u00e7\u00e3o a uma outra fonte de energia de baixo custo ou da s\u00fabita redu\u00e7\u00e3o da oferta de outra.<\/p>\n\n\n\n<p>O racionamento de energia enfrentado pelo Brasil em 2001, provocado pela escassez de chuvas e pela grande depend\u00eancia do pa\u00eds em rela\u00e7\u00e3o \u00e0 energia hidrel\u00e9trica, foi um caso hist\u00f3rico. <strong>O evento provocou intenso debate a respeito da necessidade de flexibiliza\u00e7\u00e3o da matriz energ\u00e9tica nacional.<\/strong><\/p>\n\n\n\n<p>Curtiu o texto? Leia mais sobre a matriz energ\u00e9tica do Brasil nos artigos do <strong>Portal Estrat\u00e9gia Militares!<\/strong> Acesse os cursos preparat\u00f3rios para as carreiras militares clicando no banner abaixo. Vem ser coruja!<\/p>\n\n\n\n<p><strong><a id=\"cta\" class=\"cta-imagem\" href=\"https:\/\/militares.estrategia.com\/curso\/banco-de-questes-anual\/\" target=\"blank\">\n                <img decoding=\"async\" width=\"100%\" src=\"https:\/\/militares.estrategia.com\/portal\/wp-content\/uploads\/2023\/02\/EM-Banco-de-Questoes.jpg\" alt=\"EM - Banco de Questo\u0303es\" title=\"EM - Banco de Questo\u0303es\">\n        <\/a><\/strong><\/p>\n\n\n\n\n\n<h2 class=\"wp-block-heading\"><span class=\"ez-toc-section\" id=\"Veja-tambem\"><\/span>Veja tamb\u00e9m:<span class=\"ez-toc-section-end\"><\/span><\/h2>\n\n\n\n<ul class=\"wp-block-list\">\n<li><a href=\"https:\/\/militares.estrategia.com\/portal\/materias-e-dicas\/fisica\/movimento-circular-conheca-as-grandezas-angulares\/\">Movimento Circular: conhe\u00e7a as grandezas angulares!<\/a><\/li>\n\n\n\n<li><a href=\"https:\/\/militares.estrategia.com\/portal\/materias-e-dicas\/fisica\/mu-e-muv-como-fazer-a-analise-grafica-dos-movimentos\/\">MU e MUV: como fazer a an\u00e1lise gr\u00e1fica dos movimentos<\/a><\/li>\n\n\n\n<li><a href=\"https:\/\/militares.estrategia.com\/portal\/materias-e-dicas\/geografia\/regionalizacao-brasileira-o-extrativismo-a-agropecuaria-do-sul-brasileiro\/\">Regionaliza\u00e7\u00e3o brasileira: o extrativismo, a agropecu\u00e1ria e mais do sul brasileiro!<\/a><\/li>\n\n\n\n<li><a href=\"https:\/\/militares.estrategia.com\/portal\/materias-e-dicas\/geografia\/regionalizacao-brasileira-transportes-e-o-turismo-da-regiao-sul\/\">Regionaliza\u00e7\u00e3o brasileira: transportes e o turismo da regi\u00e3o Sul!<\/a><\/li>\n\n\n\n<li><a href=\"https:\/\/militares.estrategia.com\/portal\/materias-e-dicas\/geografia\/fontes-de-energia-principais-reservas-producao-e-utilidades-do-petroleo\/\">Fontes de energia: principais reservas, produ\u00e7\u00e3o e utilidades do petr\u00f3leo!<\/a><\/li>\n<\/ul>\n\n\n\n<h2 class=\"wp-block-heading\" id=\"h-referencias\"><span class=\"ez-toc-section\" id=\"Referencias\"><\/span>Refer\u00eancias<span class=\"ez-toc-section-end\"><\/span><\/h2>\n\n\n\n<ul class=\"wp-block-list\">\n<li>MAGNOLI, Dem\u00e9trio &#8211; Geografia: paisagem e territ\u00f3rio: geografia geral e do Brasil &#8211; 3\u00aa Ed. Reform. &#8211; S\u00e3o Paulo: Moderna, 2001.<\/li>\n\n\n\n<li>SENE, Eust\u00e1quio de. Globaliza\u00e7\u00e3o e espa\u00e7o geogr\u00e1fico. 1\u00aa ed. S\u00e3o Paulo: Contexto, 2012.<\/li>\n\n\n\n<li>TERRA, Lygia. ARA\u00daJO, Regina. GUIMAR\u00c3ES, Raul Borges. Conex\u00f5es: estudos de geografia geral e do Brasil: volume \u00fanico.<\/li>\n\n\n\n<li>Ag\u00eancia Nacional de Energia El\u00e9trica. Dispon\u00edvel em: <a href=\"https:\/\/www.gov.br\/aneel\/pt-br\" target=\"_blank\" >https:\/\/www.gov.br\/aneel\/pt-br<\/a><\/li>\n<\/ul>\n\n\n","protected":false},"excerpt":{"rendered":"O desenvolvimento industrial do Brasil est\u00e1 diretamente interligado ao desenvolvimento da matriz energ\u00e9tica do pa\u00eds. No entanto, ele&hellip;\n","protected":false},"author":52,"featured_media":68420,"comment_status":"closed","ping_status":"closed","sticky":false,"template":"","format":"standard","meta":{"wl_entities_gutenberg":"","footnotes":""},"categories":[301],"tags":[63,58,64,162,161,167,271],"wl_entity_type":[187],"class_list":{"0":"post-68418","1":"post","2":"type-post","3":"status-publish","4":"format-standard","5":"has-post-thumbnail","7":"category-geografia","8":"tag-concursofuzileironaval","9":"tag-fuzileironaval","10":"tag-marinhadobrasil","11":"tag-carreiramilitar","12":"tag-concursosmilitares","13":"tag-exercito","14":"tag-fab","15":"wl_entity_type-article"},"acf":[],"yoast_head":"<!-- This site is optimized with the Yoast SEO Premium plugin v26.6 (Yoast SEO v26.6) - https:\/\/yoast.com\/wordpress\/plugins\/seo\/ -->\n<title>Recursos energ\u00e9ticos: matriz energ\u00e9tica, fontes de energia e mais!<\/title>\n<meta name=\"description\" content=\"A obten\u00e7\u00e3o de energia de forma sustent\u00e1vel \u00e9 um dos assuntos mais discutidos pelos pa\u00edses atualmente. Clique aqui e saiba mais!\" \/>\n<meta name=\"robots\" content=\"index, follow, max-snippet:-1, max-image-preview:large, max-video-preview:-1\" \/>\n<link rel=\"canonical\" href=\"https:\/\/militares.estrategia.com\/portal\/materias-e-dicas\/geografia\/recursos-energeticos-matriz-energetica-fontes-de-energia-e-mais\/\" \/>\n<meta property=\"og:locale\" content=\"pt_BR\" \/>\n<meta property=\"og:type\" content=\"article\" \/>\n<meta property=\"og:title\" content=\"Recursos energ\u00e9ticos: matriz energ\u00e9tica, fontes de energia e mais!\" \/>\n<meta property=\"og:description\" content=\"A obten\u00e7\u00e3o de energia de forma sustent\u00e1vel \u00e9 um dos assuntos mais discutidos pelos pa\u00edses atualmente. Clique aqui e saiba mais!\" \/>\n<meta property=\"og:url\" content=\"https:\/\/militares.estrategia.com\/portal\/materias-e-dicas\/geografia\/recursos-energeticos-matriz-energetica-fontes-de-energia-e-mais\/\" \/>\n<meta property=\"og:site_name\" content=\"Estrat\u00e9gia Militares\" \/>\n<meta property=\"article:publisher\" content=\"https:\/\/www.facebook.com\/EstrategiaMilitares\" \/>\n<meta property=\"article:published_time\" content=\"2023-07-14T10:00:00+00:00\" \/>\n<meta property=\"article:modified_time\" content=\"2023-07-26T19:52:07+00:00\" \/>\n<meta property=\"og:image\" content=\"https:\/\/cdn.blog.estrategiavestibulares.com.br\/vestibulares\/wp-content\/uploads\/2023\/07\/image-11.jpeg\" \/>\n\t<meta property=\"og:image:width\" content=\"1600\" \/>\n\t<meta property=\"og:image:height\" content=\"1067\" \/>\n\t<meta property=\"og:image:type\" content=\"image\/jpeg\" \/>\n<meta name=\"author\" content=\"Vin\u00edcius Brigolini\" \/>\n<meta name=\"twitter:card\" content=\"summary_large_image\" \/>\n<meta name=\"twitter:creator\" content=\"@estrategiamilit\" \/>\n<meta name=\"twitter:site\" content=\"@estrategiamilit\" \/>\n<meta name=\"twitter:label1\" content=\"Escrito por\" \/>\n\t<meta name=\"twitter:data1\" content=\"Vin\u00edcius Brigolini\" \/>\n\t<meta name=\"twitter:label2\" content=\"Est. tempo de leitura\" \/>\n\t<meta name=\"twitter:data2\" content=\"5 minutos\" \/>\n<script type=\"application\/ld+json\" class=\"yoast-schema-graph\">{\"@context\":\"https:\/\/schema.org\",\"@graph\":[{\"@type\":\"Article\",\"@id\":\"https:\/\/militares.estrategia.com\/portal\/materias-e-dicas\/geografia\/recursos-energeticos-matriz-energetica-fontes-de-energia-e-mais\/#article\",\"isPartOf\":{\"@id\":\"https:\/\/militares.estrategia.com\/portal\/materias-e-dicas\/geografia\/recursos-energeticos-matriz-energetica-fontes-de-energia-e-mais\/\"},\"author\":{\"name\":\"Vin\u00edcius Brigolini\",\"@id\":\"https:\/\/militares.estrategia.com\/portal\/#\/schema\/person\/6587b50abb02ffb0d1d0b50c12a6b317\"},\"headline\":\"Recursos energ\u00e9ticos: matriz energ\u00e9tica, fontes de energia e mais!\",\"datePublished\":\"2023-07-14T10:00:00+00:00\",\"dateModified\":\"2023-07-26T19:52:07+00:00\",\"mainEntityOfPage\":{\"@id\":\"https:\/\/militares.estrategia.com\/portal\/materias-e-dicas\/geografia\/recursos-energeticos-matriz-energetica-fontes-de-energia-e-mais\/\"},\"wordCount\":1062,\"publisher\":{\"@id\":\"https:\/\/militares.estrategia.com\/portal\/#organization\"},\"image\":{\"@id\":\"https:\/\/militares.estrategia.com\/portal\/materias-e-dicas\/geografia\/recursos-energeticos-matriz-energetica-fontes-de-energia-e-mais\/#primaryimage\"},\"thumbnailUrl\":\"https:\/\/militares.estrategia.com\/portal\/wp-content\/uploads\/2023\/07\/image-11.jpeg\",\"keywords\":[\"#concursofuzileironaval\",\"#fuzileironaval\",\"#marinhadobrasil\",\"carreiramilitar\",\"ConcursosMilitares\",\"Ex\u00e9rcito\",\"FAB\"],\"articleSection\":[\"Geografia\"],\"inLanguage\":\"pt-BR\"},{\"@type\":\"WebPage\",\"@id\":\"https:\/\/militares.estrategia.com\/portal\/materias-e-dicas\/geografia\/recursos-energeticos-matriz-energetica-fontes-de-energia-e-mais\/\",\"url\":\"https:\/\/militares.estrategia.com\/portal\/materias-e-dicas\/geografia\/recursos-energeticos-matriz-energetica-fontes-de-energia-e-mais\/\",\"name\":\"Recursos energ\u00e9ticos: matriz energ\u00e9tica, fontes de energia e mais!\",\"isPartOf\":{\"@id\":\"https:\/\/militares.estrategia.com\/portal\/#website\"},\"primaryImageOfPage\":{\"@id\":\"https:\/\/militares.estrategia.com\/portal\/materias-e-dicas\/geografia\/recursos-energeticos-matriz-energetica-fontes-de-energia-e-mais\/#primaryimage\"},\"image\":{\"@id\":\"https:\/\/militares.estrategia.com\/portal\/materias-e-dicas\/geografia\/recursos-energeticos-matriz-energetica-fontes-de-energia-e-mais\/#primaryimage\"},\"thumbnailUrl\":\"https:\/\/militares.estrategia.com\/portal\/wp-content\/uploads\/2023\/07\/image-11.jpeg\",\"datePublished\":\"2023-07-14T10:00:00+00:00\",\"dateModified\":\"2023-07-26T19:52:07+00:00\",\"description\":\"A obten\u00e7\u00e3o de energia de forma sustent\u00e1vel \u00e9 um dos assuntos mais discutidos pelos pa\u00edses atualmente. Clique aqui e saiba mais!\",\"breadcrumb\":{\"@id\":\"https:\/\/militares.estrategia.com\/portal\/materias-e-dicas\/geografia\/recursos-energeticos-matriz-energetica-fontes-de-energia-e-mais\/#breadcrumb\"},\"inLanguage\":\"pt-BR\",\"potentialAction\":[{\"@type\":\"ReadAction\",\"target\":[\"https:\/\/militares.estrategia.com\/portal\/materias-e-dicas\/geografia\/recursos-energeticos-matriz-energetica-fontes-de-energia-e-mais\/\"]}]},{\"@type\":\"ImageObject\",\"inLanguage\":\"pt-BR\",\"@id\":\"https:\/\/militares.estrategia.com\/portal\/materias-e-dicas\/geografia\/recursos-energeticos-matriz-energetica-fontes-de-energia-e-mais\/#primaryimage\",\"url\":\"https:\/\/militares.estrategia.com\/portal\/wp-content\/uploads\/2023\/07\/image-11.jpeg\",\"contentUrl\":\"https:\/\/militares.estrategia.com\/portal\/wp-content\/uploads\/2023\/07\/image-11.jpeg\",\"width\":1600,\"height\":1067,\"caption\":\"Energia\"},{\"@type\":\"BreadcrumbList\",\"@id\":\"https:\/\/militares.estrategia.com\/portal\/materias-e-dicas\/geografia\/recursos-energeticos-matriz-energetica-fontes-de-energia-e-mais\/#breadcrumb\",\"itemListElement\":[{\"@type\":\"ListItem\",\"position\":1,\"name\":\"Home\",\"item\":\"https:\/\/militares.estrategia.com\/portal\/\"},{\"@type\":\"ListItem\",\"position\":2,\"name\":\"Mat\u00e9rias e Dicas\",\"item\":\"https:\/\/militares.estrategia.com\/portal\/materias-e-dicas\/\"},{\"@type\":\"ListItem\",\"position\":3,\"name\":\"Geografia\",\"item\":\"https:\/\/militares.estrategia.com\/portal\/materias-e-dicas\/geografia\/\"},{\"@type\":\"ListItem\",\"position\":4,\"name\":\"Recursos energ\u00e9ticos: matriz energ\u00e9tica, fontes de energia e mais!\"}]},{\"@type\":\"WebSite\",\"@id\":\"https:\/\/militares.estrategia.com\/portal\/#website\",\"url\":\"https:\/\/militares.estrategia.com\/portal\/\",\"name\":\"Estrat\u00e9gia Militares\",\"description\":\"\",\"publisher\":{\"@id\":\"https:\/\/militares.estrategia.com\/portal\/#organization\"},\"potentialAction\":[{\"@type\":\"SearchAction\",\"target\":{\"@type\":\"EntryPoint\",\"urlTemplate\":\"https:\/\/militares.estrategia.com\/portal\/?s={search_term_string}\"},\"query-input\":{\"@type\":\"PropertyValueSpecification\",\"valueRequired\":true,\"valueName\":\"search_term_string\"}}],\"inLanguage\":\"pt-BR\"},{\"@type\":\"Organization\",\"@id\":\"https:\/\/militares.estrategia.com\/portal\/#organization\",\"name\":\"Estrat\u00e9gia Militares\",\"url\":\"https:\/\/militares.estrategia.com\/portal\/\",\"logo\":{\"@type\":\"ImageObject\",\"inLanguage\":\"pt-BR\",\"@id\":\"https:\/\/militares.estrategia.com\/portal\/#\/schema\/logo\/image\/\",\"url\":\"https:\/\/militares.estrategia.com\/portal\/wp-content\/uploads\/2021\/10\/logo-militares.webp\",\"contentUrl\":\"https:\/\/militares.estrategia.com\/portal\/wp-content\/uploads\/2021\/10\/logo-militares.webp\",\"width\":346,\"height\":90,\"caption\":\"Estrat\u00e9gia Militares\"},\"image\":{\"@id\":\"https:\/\/militares.estrategia.com\/portal\/#\/schema\/logo\/image\/\"},\"sameAs\":[\"https:\/\/www.facebook.com\/EstrategiaMilitares\",\"https:\/\/x.com\/estrategiamilit\",\"https:\/\/www.instagram.com\/estrategiamilitares\/\",\"https:\/\/www.youtube.com\/channel\/UCRG_9hakCqXxnj_8TqCdgTA\"]},{\"@type\":\"Person\",\"@id\":\"https:\/\/militares.estrategia.com\/portal\/#\/schema\/person\/6587b50abb02ffb0d1d0b50c12a6b317\",\"name\":\"Vin\u00edcius Brigolini\",\"image\":{\"@type\":\"ImageObject\",\"inLanguage\":\"pt-BR\",\"@id\":\"https:\/\/militares.estrategia.com\/portal\/#\/schema\/person\/image\/\",\"url\":\"https:\/\/militares.estrategia.com\/portal\/wp-content\/uploads\/2021\/08\/Sem-titulo-150x150.jpg\",\"contentUrl\":\"https:\/\/militares.estrategia.com\/portal\/wp-content\/uploads\/2021\/08\/Sem-titulo-150x150.jpg\",\"caption\":\"Vin\u00edcius Brigolini\"},\"description\":\"Membro da turma Carcar\u00e1 de 2017 da For\u00e7a A\u00e9rea Brasileira. \u00c9 apaixonado pela avia\u00e7\u00e3o e pelo mundo militar!\",\"sameAs\":[\"https:\/\/www.instagram.com\/viniciusbgn\/\"],\"url\":\"https:\/\/militares.estrategia.com\/portal\/author\/vinicius-souza\/\"}]}<\/script>\n<!-- \/ Yoast SEO Premium plugin. -->","yoast_head_json":{"title":"Recursos energ\u00e9ticos: matriz energ\u00e9tica, fontes de energia e mais!","description":"A obten\u00e7\u00e3o de energia de forma sustent\u00e1vel \u00e9 um dos assuntos mais discutidos pelos pa\u00edses atualmente. Clique aqui e saiba mais!","robots":{"index":"index","follow":"follow","max-snippet":"max-snippet:-1","max-image-preview":"max-image-preview:large","max-video-preview":"max-video-preview:-1"},"canonical":"https:\/\/militares.estrategia.com\/portal\/materias-e-dicas\/geografia\/recursos-energeticos-matriz-energetica-fontes-de-energia-e-mais\/","og_locale":"pt_BR","og_type":"article","og_title":"Recursos energ\u00e9ticos: matriz energ\u00e9tica, fontes de energia e mais!","og_description":"A obten\u00e7\u00e3o de energia de forma sustent\u00e1vel \u00e9 um dos assuntos mais discutidos pelos pa\u00edses atualmente. Clique aqui e saiba mais!","og_url":"https:\/\/militares.estrategia.com\/portal\/materias-e-dicas\/geografia\/recursos-energeticos-matriz-energetica-fontes-de-energia-e-mais\/","og_site_name":"Estrat\u00e9gia Militares","article_publisher":"https:\/\/www.facebook.com\/EstrategiaMilitares","article_published_time":"2023-07-14T10:00:00+00:00","article_modified_time":"2023-07-26T19:52:07+00:00","og_image":[{"width":1600,"height":1067,"url":"https:\/\/cdn.blog.estrategiavestibulares.com.br\/vestibulares\/wp-content\/uploads\/2023\/07\/image-11.jpeg","type":"image\/jpeg"}],"author":"Vin\u00edcius Brigolini","twitter_card":"summary_large_image","twitter_creator":"@estrategiamilit","twitter_site":"@estrategiamilit","twitter_misc":{"Escrito por":"Vin\u00edcius Brigolini","Est. tempo de leitura":"5 minutos"},"schema":{"@context":"https:\/\/schema.org","@graph":[{"@type":"Article","@id":"https:\/\/militares.estrategia.com\/portal\/materias-e-dicas\/geografia\/recursos-energeticos-matriz-energetica-fontes-de-energia-e-mais\/#article","isPartOf":{"@id":"https:\/\/militares.estrategia.com\/portal\/materias-e-dicas\/geografia\/recursos-energeticos-matriz-energetica-fontes-de-energia-e-mais\/"},"author":{"name":"Vin\u00edcius Brigolini","@id":"https:\/\/militares.estrategia.com\/portal\/#\/schema\/person\/6587b50abb02ffb0d1d0b50c12a6b317"},"headline":"Recursos energ\u00e9ticos: matriz energ\u00e9tica, fontes de energia e mais!","datePublished":"2023-07-14T10:00:00+00:00","dateModified":"2023-07-26T19:52:07+00:00","mainEntityOfPage":{"@id":"https:\/\/militares.estrategia.com\/portal\/materias-e-dicas\/geografia\/recursos-energeticos-matriz-energetica-fontes-de-energia-e-mais\/"},"wordCount":1062,"publisher":{"@id":"https:\/\/militares.estrategia.com\/portal\/#organization"},"image":{"@id":"https:\/\/militares.estrategia.com\/portal\/materias-e-dicas\/geografia\/recursos-energeticos-matriz-energetica-fontes-de-energia-e-mais\/#primaryimage"},"thumbnailUrl":"https:\/\/militares.estrategia.com\/portal\/wp-content\/uploads\/2023\/07\/image-11.jpeg","keywords":["#concursofuzileironaval","#fuzileironaval","#marinhadobrasil","carreiramilitar","ConcursosMilitares","Ex\u00e9rcito","FAB"],"articleSection":["Geografia"],"inLanguage":"pt-BR"},{"@type":"WebPage","@id":"https:\/\/militares.estrategia.com\/portal\/materias-e-dicas\/geografia\/recursos-energeticos-matriz-energetica-fontes-de-energia-e-mais\/","url":"https:\/\/militares.estrategia.com\/portal\/materias-e-dicas\/geografia\/recursos-energeticos-matriz-energetica-fontes-de-energia-e-mais\/","name":"Recursos energ\u00e9ticos: matriz energ\u00e9tica, fontes de energia e mais!","isPartOf":{"@id":"https:\/\/militares.estrategia.com\/portal\/#website"},"primaryImageOfPage":{"@id":"https:\/\/militares.estrategia.com\/portal\/materias-e-dicas\/geografia\/recursos-energeticos-matriz-energetica-fontes-de-energia-e-mais\/#primaryimage"},"image":{"@id":"https:\/\/militares.estrategia.com\/portal\/materias-e-dicas\/geografia\/recursos-energeticos-matriz-energetica-fontes-de-energia-e-mais\/#primaryimage"},"thumbnailUrl":"https:\/\/militares.estrategia.com\/portal\/wp-content\/uploads\/2023\/07\/image-11.jpeg","datePublished":"2023-07-14T10:00:00+00:00","dateModified":"2023-07-26T19:52:07+00:00","description":"A obten\u00e7\u00e3o de energia de forma sustent\u00e1vel \u00e9 um dos assuntos mais discutidos pelos pa\u00edses atualmente. Clique aqui e saiba mais!","breadcrumb":{"@id":"https:\/\/militares.estrategia.com\/portal\/materias-e-dicas\/geografia\/recursos-energeticos-matriz-energetica-fontes-de-energia-e-mais\/#breadcrumb"},"inLanguage":"pt-BR","potentialAction":[{"@type":"ReadAction","target":["https:\/\/militares.estrategia.com\/portal\/materias-e-dicas\/geografia\/recursos-energeticos-matriz-energetica-fontes-de-energia-e-mais\/"]}]},{"@type":"ImageObject","inLanguage":"pt-BR","@id":"https:\/\/militares.estrategia.com\/portal\/materias-e-dicas\/geografia\/recursos-energeticos-matriz-energetica-fontes-de-energia-e-mais\/#primaryimage","url":"https:\/\/militares.estrategia.com\/portal\/wp-content\/uploads\/2023\/07\/image-11.jpeg","contentUrl":"https:\/\/militares.estrategia.com\/portal\/wp-content\/uploads\/2023\/07\/image-11.jpeg","width":1600,"height":1067,"caption":"Energia"},{"@type":"BreadcrumbList","@id":"https:\/\/militares.estrategia.com\/portal\/materias-e-dicas\/geografia\/recursos-energeticos-matriz-energetica-fontes-de-energia-e-mais\/#breadcrumb","itemListElement":[{"@type":"ListItem","position":1,"name":"Home","item":"https:\/\/militares.estrategia.com\/portal\/"},{"@type":"ListItem","position":2,"name":"Mat\u00e9rias e Dicas","item":"https:\/\/militares.estrategia.com\/portal\/materias-e-dicas\/"},{"@type":"ListItem","position":3,"name":"Geografia","item":"https:\/\/militares.estrategia.com\/portal\/materias-e-dicas\/geografia\/"},{"@type":"ListItem","position":4,"name":"Recursos energ\u00e9ticos: matriz energ\u00e9tica, fontes de energia e mais!"}]},{"@type":"WebSite","@id":"https:\/\/militares.estrategia.com\/portal\/#website","url":"https:\/\/militares.estrategia.com\/portal\/","name":"Estrat\u00e9gia Militares","description":"","publisher":{"@id":"https:\/\/militares.estrategia.com\/portal\/#organization"},"potentialAction":[{"@type":"SearchAction","target":{"@type":"EntryPoint","urlTemplate":"https:\/\/militares.estrategia.com\/portal\/?s={search_term_string}"},"query-input":{"@type":"PropertyValueSpecification","valueRequired":true,"valueName":"search_term_string"}}],"inLanguage":"pt-BR"},{"@type":"Organization","@id":"https:\/\/militares.estrategia.com\/portal\/#organization","name":"Estrat\u00e9gia Militares","url":"https:\/\/militares.estrategia.com\/portal\/","logo":{"@type":"ImageObject","inLanguage":"pt-BR","@id":"https:\/\/militares.estrategia.com\/portal\/#\/schema\/logo\/image\/","url":"https:\/\/militares.estrategia.com\/portal\/wp-content\/uploads\/2021\/10\/logo-militares.webp","contentUrl":"https:\/\/militares.estrategia.com\/portal\/wp-content\/uploads\/2021\/10\/logo-militares.webp","width":346,"height":90,"caption":"Estrat\u00e9gia Militares"},"image":{"@id":"https:\/\/militares.estrategia.com\/portal\/#\/schema\/logo\/image\/"},"sameAs":["https:\/\/www.facebook.com\/EstrategiaMilitares","https:\/\/x.com\/estrategiamilit","https:\/\/www.instagram.com\/estrategiamilitares\/","https:\/\/www.youtube.com\/channel\/UCRG_9hakCqXxnj_8TqCdgTA"]},{"@type":"Person","@id":"https:\/\/militares.estrategia.com\/portal\/#\/schema\/person\/6587b50abb02ffb0d1d0b50c12a6b317","name":"Vin\u00edcius Brigolini","image":{"@type":"ImageObject","inLanguage":"pt-BR","@id":"https:\/\/militares.estrategia.com\/portal\/#\/schema\/person\/image\/","url":"https:\/\/militares.estrategia.com\/portal\/wp-content\/uploads\/2021\/08\/Sem-titulo-150x150.jpg","contentUrl":"https:\/\/militares.estrategia.com\/portal\/wp-content\/uploads\/2021\/08\/Sem-titulo-150x150.jpg","caption":"Vin\u00edcius Brigolini"},"description":"Membro da turma Carcar\u00e1 de 2017 da For\u00e7a A\u00e9rea Brasileira. \u00c9 apaixonado pela avia\u00e7\u00e3o e pelo mundo militar!","sameAs":["https:\/\/www.instagram.com\/viniciusbgn\/"],"url":"https:\/\/militares.estrategia.com\/portal\/author\/vinicius-souza\/"}]}},"_wl_alt_label":[],"wl:entity_url":"https:\/\/data.wordlift.io\/wl110246\/post\/recursos-energeticos-matriz-energetica-fontes-de-energia-e-mais-68418","_links":{"self":[{"href":"https:\/\/militares.estrategia.com\/portal\/wp-json\/wp\/v2\/posts\/68418","targetHints":{"allow":["GET"]}}],"collection":[{"href":"https:\/\/militares.estrategia.com\/portal\/wp-json\/wp\/v2\/posts"}],"about":[{"href":"https:\/\/militares.estrategia.com\/portal\/wp-json\/wp\/v2\/types\/post"}],"author":[{"embeddable":true,"href":"https:\/\/militares.estrategia.com\/portal\/wp-json\/wp\/v2\/users\/52"}],"replies":[{"embeddable":true,"href":"https:\/\/militares.estrategia.com\/portal\/wp-json\/wp\/v2\/comments?post=68418"}],"version-history":[{"count":6,"href":"https:\/\/militares.estrategia.com\/portal\/wp-json\/wp\/v2\/posts\/68418\/revisions"}],"predecessor-version":[{"id":68932,"href":"https:\/\/militares.estrategia.com\/portal\/wp-json\/wp\/v2\/posts\/68418\/revisions\/68932"}],"wp:featuredmedia":[{"embeddable":true,"href":"https:\/\/militares.estrategia.com\/portal\/wp-json\/wp\/v2\/media\/68420"}],"wp:attachment":[{"href":"https:\/\/militares.estrategia.com\/portal\/wp-json\/wp\/v2\/media?parent=68418"}],"wp:term":[{"taxonomy":"category","embeddable":true,"href":"https:\/\/militares.estrategia.com\/portal\/wp-json\/wp\/v2\/categories?post=68418"},{"taxonomy":"post_tag","embeddable":true,"href":"https:\/\/militares.estrategia.com\/portal\/wp-json\/wp\/v2\/tags?post=68418"},{"taxonomy":"wl_entity_type","embeddable":true,"href":"https:\/\/militares.estrategia.com\/portal\/wp-json\/wp\/v2\/wl_entity_type?post=68418"}],"curies":[{"name":"wp","href":"https:\/\/api.w.org\/{rel}","templated":true}]}}