{"id":68128,"date":"2023-06-30T10:23:45","date_gmt":"2023-06-30T13:23:45","guid":{"rendered":"https:\/\/militares.estrategia.com\/portal\/?p=68128"},"modified":"2023-07-24T17:01:05","modified_gmt":"2023-07-24T20:01:05","slug":"baixa-idade-media-os-seculos-xiv-e-xv","status":"publish","type":"post","link":"https:\/\/militares.estrategia.com\/portal\/materias-e-dicas\/historia\/baixa-idade-media-os-seculos-xiv-e-xv\/","title":{"rendered":"Baixa Idade M\u00e9dia &#8211; Os s\u00e9culos XIV e XV"},"content":{"rendered":"\n<p>Ao longo das \u00faltimas semanas, o portal Estrat\u00e9gia Militares trouxe um <strong>conte\u00fado bastante extenso sobre o per\u00edodo hist\u00f3rico da <a href=\"https:\/\/militares.estrategia.com\/portal\/?s=Idade+M%C3%A9dia\" target=\"_blank\" >Idade M\u00e9dia<\/a>.<\/strong> Nesta \u00faltima parte, vamos tratar das <strong>crises que assolaram os s\u00e9culos XIV e XV<\/strong>. Confira a seguir!<\/p>\n\n\n<div id=\"new-form\">\n\t<form id=\"forms_layout\">\n\t<input type=\"hidden\" id=\"chave_de\" name=\"chave_de\" value=\"01_EMIL_LEADS_TOTAIS\" \/>\n\t\t<input type=\"hidden\" id=\"mid\" name=\"mid\" value=\"515009017\" \/>\n\t\t<input type=\"hidden\" id=\"Objetivo\" name=\"Objetivo\" value=\"Militares\" \/>\n\t\t<input type=\"hidden\" id=\"Estado_de_Origem_do_IP\" name=\"Estado_de_Origem_do_IP\"  value=\"\" \/>\n\t\t<input type=\"hidden\" id=\"Cidade_de_Origem_do_IP\" name=\"Cidade_de_Origem_do_IP\" value=\"\" \/>\n\t\t<input type=\"hidden\" id=\"Modo_de_entrada\" name=\"Modo_de_entrada\" value=\"Portal\" \/>\n\t\t<input type=\"hidden\" id=\"Pagina_Origem\" name=\"Pagina_Origem\" value=\"\" \/>\n\n\t\t<div class=\"texto\">\n\t\t\t<h3 class=\"news\">Inscreva-se em nossa newsletter!<\/h3>\n\t\t\t<p>Receba not\u00edcias sobre os mais importantes concursos para as For\u00e7as Armadas brasileiras e informa\u00e7\u00f5es sobre o mundo militar!<\/p>\n\t\t<\/div>\n\t\t<div class=\"campos\">\n\t\t\t<div class=\"first_name labels\">\n\t\t\t\t<input type=\"text\" class=\"input_labels\" id=\"first_name\" name=\"Nome_Completo\" placeholder=\"Nome\" required \/>\n\t\t\t<\/div>\n\t\t\t<div class=\"email labels\">\n\t\t\t\t<input type=\"email\" class=\"input_labels\" id=\"email\" name=\"Email\" placeholder=\"E-mail\" required \/>\n\t\t\t<\/div>\n\t\t\t<button type=\"submit\" class=\"button_layout\">\n\t\t\t\t<div id=\"lblBotao\">Inscreva-se<\/div>\n\t\t\t\t<span id=\"divSpiner\" class=\"loader\" role=\"status\" style=\"display: none;\"><\/span>\t\n\t\t\t<\/button>\n\t\t<\/div><!-- \/campos -->\n\t\t\n\t\t<label class=\"container_checkbox\">Voc\u00ea concorda com a nossa\n\t\t\t<a class=\"politics_privacy_ahref\" target=\"_blank\" href=\"https:\/\/gratis.estrategiaconcursos.com.br\/politica-de-privacidade\/\">Pol\u00edtica de Privacidade<\/a> e aceita receber informa\u00e7\u00f5es adicionais do Estrat\u00e9gia Educacional.\n\t\t\t<input id=\"checkbox_layout\" type=\"checkbox\" checked=\"checked\" required \/>\n\t\t\t<span class=\"checkbox\"><\/span>\n\t\t<\/label>\n\t\t<div id=\"msg\"><\/div>\n\t\t<div id=\"error\" class=\"error\">\n\t\t<\/div>\n\t<\/form>\n<\/div><!-- \/new-form -->\n\n\n\n<div id=\"ez-toc-container\" class=\"ez-toc-v2_0_79_2 counter-hierarchy ez-toc-counter ez-toc-transparent ez-toc-container-direction\">\n<div class=\"ez-toc-title-container\"><p class=\"ez-toc-title\" style=\"cursor:inherit\">Navegue pelo conte\u00fado\t<\/p>\n<\/div><nav><ul class='ez-toc-list ez-toc-list-level-1 ' ><li class='ez-toc-page-1 ez-toc-heading-level-2'><a class=\"ez-toc-link ez-toc-heading-1\" href=\"https:\/\/militares.estrategia.com\/portal\/materias-e-dicas\/historia\/baixa-idade-media-os-seculos-xiv-e-xv\/#Periodo-historico\" >Per\u00edodo hist\u00f3rico<\/a><\/li><li class='ez-toc-page-1 ez-toc-heading-level-2'><a class=\"ez-toc-link ez-toc-heading-2\" href=\"https:\/\/militares.estrategia.com\/portal\/materias-e-dicas\/historia\/baixa-idade-media-os-seculos-xiv-e-xv\/#Crise-do-seculo-XIV\" >Crise do s\u00e9culo XIV<\/a><\/li><li class='ez-toc-page-1 ez-toc-heading-level-2'><a class=\"ez-toc-link ez-toc-heading-3\" href=\"https:\/\/militares.estrategia.com\/portal\/materias-e-dicas\/historia\/baixa-idade-media-os-seculos-xiv-e-xv\/#Conclusao\" >Conclus\u00e3o<\/a><\/li><li class='ez-toc-page-1 ez-toc-heading-level-2'><a class=\"ez-toc-link ez-toc-heading-4\" href=\"https:\/\/militares.estrategia.com\/portal\/materias-e-dicas\/historia\/baixa-idade-media-os-seculos-xiv-e-xv\/#Referencias-bibliograficas\" >Refer\u00eancias bibliogr\u00e1ficas<\/a><\/li><\/ul><\/nav><\/div>\n<h2 class=\"wp-block-heading\" id=\"h-periodo-historico\"><span class=\"ez-toc-section\" id=\"Periodo-historico\"><\/span>Per\u00edodo hist\u00f3rico<span class=\"ez-toc-section-end\"><\/span><\/h2>\n\n\n\n<p><strong>A baixa Idade M\u00e9dia vai do s\u00e9culo XIV ao XV e trata-se do \u00faltimo ato da Idade M\u00e9dia.<\/strong> Foi o cen\u00e1rio onde as crises mais profundas da desagrega\u00e7\u00e3o do feudalismo aconteceram.<\/p>\n\n\n\n<p>Em momentos de transi\u00e7\u00e3o, <strong>nem sempre h\u00e1 o compasso temporal entre a desagrega\u00e7\u00e3o do antigo modo de vida e o estabelecimento e consolida\u00e7\u00e3o do novo<\/strong>. Por isso, historiadores afirmam que, em grande medida, foi a pr\u00f3pria expans\u00e3o econ\u00f4mica e populacional das sociedades crist\u00e3s medievais, a partir do s\u00e9culo XI, que contribu\u00edram para as crises que veremos a partir de agora.&nbsp;<\/p>\n\n\n\n<p>Assim, <strong>esse per\u00edodo viveu a experi\u00eancia da Fome, da Peste, da Guerra e de uma importante crise econ\u00f4mica.<\/strong> Por\u00e9m, viu tamb\u00e9m o alvorecer de um novo tempo impulsionado por novos questionamentos sobre a vida, o homem, o mundo e, tamb\u00e9m, as quest\u00f5es religiosas. Para Jacques Le Goff, o saldo da crise do s\u00e9culo XIV <em>\u201cfoi uma reorganiza\u00e7\u00e3o do mapa econ\u00f4mico e social da cristandade\u201d<\/em> (<em>LE GOFF, Jacques. A Civiliza\u00e7\u00e3o do Ocidente Medieval. Lisboa: Editorial Estampa. 1983.<\/em> p. idem, p.145).<\/p>\n\n\n\n<p>Mais que isso, <strong>a crise da Baixa idade M\u00e9dia fez surgir a Renascen\u00e7a e os Tempos Modernos,<\/strong> o que foi, para muitos, bem mais aberto e, talvez, mais feliz do que a fechada e asfixiante vida feudal.<\/p>\n\n\n\n<h2 class=\"wp-block-heading\" id=\"h-crise-do-seculo-xiv\"><span class=\"ez-toc-section\" id=\"Crise-do-seculo-XIV\"><\/span>Crise do s\u00e9culo XIV<span class=\"ez-toc-section-end\"><\/span><\/h2>\n\n\n\n<p>No contexto que acabamos de apresentar, <strong>o s\u00e9culo XIV concentra o momento mais grave para a cristandade europeia<\/strong>. Tanto que a historiografia costuma associar este s\u00e9culo a um trip\u00e9 de eventos: a fome, a peste e a guerra. Le Goff afirma que:<\/p>\n\n\n\n<p><em>\u201cMas, <strong>na viragem do s\u00e9culo XIII para o s\u00e9culo XIV, a Cristandade n\u00e3o s\u00f3 parou como encolheu.<\/strong> N\u00e3o houve novos desbravamentos, novas conquistas de solo, e as terras marginais, que tinham sido cultivadas sob a press\u00e3o demogr\u00e1fica e na mira da expans\u00e3o,<\/em> <em>foram abandonadas porque o rendimento que davam era, na verdade, muito baixo. [&#8230;] A curva demogr\u00e1fica inflete e come\u00e7a a descer.\u201d (LE GOFF, Jacques. A Civiliza\u00e7\u00e3o do Ocidente Medieval. Lisboa: Editorial Estampa. 1983. idem, p. 141)<\/em><\/p>\n\n\n\n<p>Para al\u00e9m da fome, da guerra e da peste que marcaram a crise do s\u00e9culo XIV, Le Goff e Perry Anderson, por perspectivas distintas, afirmam que esta tr\u00edade na verdade \u00e9 a <strong>consequ\u00eancia de um processo de desagrega\u00e7\u00e3o das estruturas sociais e econ\u00f4micas do mundo feudal crist\u00e3o<\/strong>.&nbsp;<\/p>\n\n\n\n<h3 class=\"wp-block-heading\" id=\"h-crise-economica\">Crise econ\u00f4mica<\/h3>\n\n\n\n<p><strong>V\u00e1rios sintomas de crise econ\u00f4mica surgiram nesse momento.<\/strong> A primeira delas foi uma s\u00e9rie de desvaloriza\u00e7\u00f5es monet\u00e1rias. <strong>Muitos bancos faliram em 1343.<\/strong> Houve inadimpl\u00eancia (n\u00e3o pagamento) das enormes d\u00edvidas que alguns nobres fizeram nos anos anteriores, o que dificultou a manuten\u00e7\u00e3o dos empr\u00e9stimos das casas banc\u00e1rias que ainda resistiam.&nbsp;<\/p>\n\n\n\n<p><strong>Isso fragilizou a economia das cidades, que dependiam dessas casas banc\u00e1rias.<\/strong> Na cidade, a produ\u00e7\u00e3o t\u00eaxtil declinou, juntamente com a constru\u00e7\u00e3o civil, devido \u00e0 paralisa\u00e7\u00e3o das obras de catedrais e igrejas, que ajudaram a diminuir a oferta de trabalho livre nas cidades.<\/p>\n\n\n\n<p>Apesar disso, \u00e9 importante ressaltar que <strong>essa depress\u00e3o econ\u00f4mica n\u00e3o atingiu todos os setores e lugares<\/strong>. A crise \u00e9 sinal de um processo de reorganiza\u00e7\u00e3o. O mesmo ocorreu com a economia. O melhor exemplo \u00e9 o do setor t\u00eaxtil. As manufaturas de tecido de luxo deram lugar \u00e0s confec\u00e7\u00f5es de tecidos menos valiosos. <\/p>\n\n\n\n<p>Al\u00e9m disso, <strong>alguns senhores feudais foram se adaptando \u00e0s novas realidades e come\u00e7aram a criar gado, mais valioso nessa \u00e9poca<\/strong>. Por fim, como ensina o professor Le Goff: \u201cs\u00f3 os mais poderosos, os mais h\u00e1beis ou os mais bem-sucedidos tiram proveito; os outros s\u00e3o atingidos\u201d (<em>LE GOFF, Jacques. A Civiliza\u00e7\u00e3o do Ocidente Medieval. Lisboa: Editorial Estampa. 1983. <\/em>p. 145).<\/p>\n\n\n\n<h3 class=\"wp-block-heading\" id=\"h-fome\">Fome<\/h3>\n\n\n\n<p><strong>A expans\u00e3o agr\u00edcola dos s\u00e9culos XI ao<\/strong> <strong>XIII chegou ao fim na primeira metade do s\u00e9culo XIV. A principal consequ\u00eancia, ent\u00e3o, foi a fome.<\/strong> O fen\u00f4meno ocorreu entre 1315 e 1322 &#8211; acentuadamente entre os anos de 1315 e 1317.&nbsp;<\/p>\n\n\n\n<p>A <strong>\u201cGrande Fome\u201d est\u00e1 relacionada imediatamente com as seguintes causas:<\/strong><\/p>\n\n\n\n<ul class=\"wp-block-list\">\n<li><strong>Resist\u00eancia dos nobres em permitir a amplia\u00e7\u00e3o das terras agricult\u00e1veis por meio da derrubada das florestas:<\/strong> os bosques eram lugar de ca\u00e7a, o esporte favorito da nobreza. Al\u00e9m disso, era fonte de mel, cera e madeira, todos elementos luxuosos e de necessidade essencial para manter seus castelos iluminados e aquecidos;<\/li>\n<\/ul>\n\n\n\n<ul class=\"wp-block-list\">\n<li><strong>Esgotamento de boas terras para a agricultura:<\/strong> as terras dos antigos mansos comunais n\u00e3o tinham o mesmo potencial agr\u00edcola que as demais. Assim, o excedente de produ\u00e7\u00e3o n\u00e3o acompanhava a propor\u00e7\u00e3o do excedente populacional;<\/li>\n\n\n\n<li><strong>Aumento excessivo dos pre\u00e7os dos alimentos<\/strong> somado ao aumento abusivo das taxas impostas pelos senhores de terra; e&nbsp;<\/li>\n\n\n\n<li><strong>Fatores clim\u00e1ticos:<\/strong> entre 1315 e 1317 foi um per\u00edodo de muitas chuvas e umidade.<\/li>\n<\/ul>\n\n\n\n<h3 class=\"wp-block-heading\" id=\"h-peste\">Peste<\/h3>\n\n\n\n<p>Entre 1347 e 1350, com a mem\u00f3ria viva da devasta\u00e7\u00e3o causada pela Grande Fome, <strong>as \u00e9pocas frias e chuvosas que ocorreram no come\u00e7o do s\u00e9culo fizeram com que a popula\u00e7\u00e3o europeia vivesse uma epidemia<\/strong> transmitida pela pulga de ratos contaminados com a bact\u00e9ria <em>pasteurella pestis<\/em>, a peste bub\u00f4nica.&nbsp;<\/p>\n\n\n\n<p><strong>A doen\u00e7a era popularmente chamada de peste negra<\/strong>, pois provocava feridas com pus e deixava marcas pretas no corpo.<\/p>\n\n\n\n<p><strong>Nesse momento, as condi\u00e7\u00f5es sanit\u00e1rias, de alimenta\u00e7\u00e3o, de sa\u00fade e de moradia eram muito ruins nas cidades medievais na Europa.<\/strong> Como sabemos, o cen\u00e1rio era de renascimento comercial e urbano e, portanto, de maior circula\u00e7\u00e3o de pessoas, mercadorias e doen\u00e7as. Historiadores medievalistas afirmam que cerca de 25 milh\u00f5es de pessoas morreram nesse momento.&nbsp;<\/p>\n\n\n\n<p><strong>A porta de entrada da peste foi a cidade italiana de G\u00eanova.<\/strong> Leia a descri\u00e7\u00e3o feita pela historiadora B\u00e1rbara Tuchman<sup>29<\/sup>:&nbsp;<\/p>\n\n\n\n<p><em>&#8220;Em outubro de 1347 (&#8230;) Navios genoveses chegaram ao porto de Messina,na Sil\u00edcia, com<\/em> <em>homens mortos e agonizantes nos remos. (&#8230;) Os marinheiros doentes tinham estranhas incha\u00e7\u00f5es escuras,do tamanho de um ovo ou uma ma\u00e7\u00e3 nas axilas e virilhas,que purgavam pus e sangue e eram acompanhadas de bolhas e manchas negras por todo corpo, provocadas por hemorragias internas. (&#8230;) Sentiam muitas dores e morriam rapidamente (&#8230;)\u201d<\/em><\/p>\n\n\n\n<p><strong>O imagin\u00e1rio popular religioso da \u00e9poca atribu\u00eda aquela situa\u00e7\u00e3o de mortic\u00ednio a um \u201ccastigo divino\u201d<\/strong>, em raz\u00e3o dos v\u00edcios e pecados da humanidade. Deus era tido como um juiz temer\u00e1rio, que enviava a morte como puni\u00e7\u00e3o, para toda a humanidade. O medo se espalhava e, com ele, a viol\u00eancia e hordas de pessoas perambulando pelas estradas europeias. A inseguran\u00e7a voltou a reinar no continente.<\/p>\n\n\n\n<p>Esses momentos foram t\u00e3o significativos na hist\u00f3ria do fim da Idade M\u00e9dia que <strong>muitos pintores renascentistas ainda pintaram \u201ca morte do s\u00e9culo XIV\u201d<\/strong>.<\/p>\n\n\n\n<p><em>\u201cA Peste Negra dizimou boa parte da popula\u00e7\u00e3o europeia, com efeitos sobre o crescimento das cidades. O conhecimento m\u00e9dico da \u00e9poca n\u00e3o foi suficiente para conter a epidemia. Na cidade de Siena, Agnolo di Tura escreveu: \u201cAs pessoas morriam \u00e0s centenas, de dia e de noite, e todas eram jogadas em fossas cobertas com terra e, assim que essas fossas ficavam cheias, cavavam-se mais. E eu enterrei meus cinco filhos com minhas pr\u00f3prias m\u00e3os (&#8230;) E morreram tantos que todos achavam que era o fim do mundo.\u201d<sup>30<\/sup><\/em><\/p>\n\n\n\n<h3 class=\"wp-block-heading\" id=\"h-guerra-e-rebelioes-camponesas\">Guerra e rebeli\u00f5es camponesas<\/h3>\n\n\n\n<p><strong>Em 1358 ocorreu, na regi\u00e3o da atual Fran\u00e7a, uma enorme e violenta rebeli\u00e3o camponesa.<\/strong> Esse evento, que n\u00e3o durou mais que um m\u00eas, exp\u00f4s a tens\u00e3o latente que existia entre senhores e servos.<\/p>\n\n\n\n<p>Como vimos, <strong>os senhores feudais ampliaram sucessivamente o montante de taxas a serem pagas pelos servos no processo de expans\u00e3o da economia.<\/strong> Al\u00e9m disso, o fen\u00f4meno da grande fome atingiu sobretudo servos que n\u00e3o contavam com ac\u00famulo de produ\u00e7\u00e3o em grandes celeiros, como os nobres.&nbsp;<\/p>\n\n\n\n<p>Estes, inclusive, <strong>aumentaram mais ainda as taxas a serem pagas pelos servos que ainda continuavam na terra<\/strong>. Esse contexto exp\u00f4s a grande desigualdade existente entre as tr\u00eas ordens sociais que compunham a sociedade feudal.&nbsp;<\/p>\n\n\n\n<p><strong>Os servos se revoltaram tanto contra seus senhores<\/strong>, que os super exploravam, <strong>como contra a Igreja<\/strong> que, longe dos ensinamentos crist\u00e3os de caridade, humildade, simplicidade, abandonaram os fi\u00e9is \u00e0 pr\u00f3pria sorte nesse cen\u00e1rio apocal\u00edptico.<\/p>\n\n\n\n<p><strong>A explora\u00e7\u00e3o abusiva provoca resist\u00eancias \u2013 que poderiam ser passivas, silenciosas e negociais.<\/strong> Assim, j\u00e1 havia durante toda a Idade M\u00e9dia v\u00e1rias manifesta\u00e7\u00f5es de resist\u00eancia dos servos e camponeses. Foram deser\u00e7\u00f5es, fugas para os bosques, roubos nas terras dos senhores, inc\u00eandios nas planta\u00e7\u00f5es e nos celeiros etc.&nbsp;<\/p>\n\n\n\n<p>Mas, <strong>em 1358, diante daquele contexto, surgiu uma enorme e muito violenta rebeli\u00e3o. Foi chamada Jacquerie,<\/strong> uma express\u00e3o idiom\u00e1tica francesa que significa \u201cJo\u00e3o ningu\u00e9m\u201d.<\/p>\n\n\n\n<p><strong>A viol\u00eancia cruel \u00e9 a caracter\u00edstica mais marcante dessa rebeli\u00e3o.<\/strong> Centenas de milhares de camponeses se juntavam para invadir os castelos e assassinar senhores. A resposta de nobres tamb\u00e9m foi igualmente violenta.&nbsp;<\/p>\n\n\n\n<p><strong>O sentimento de \u00f3dio rec\u00edproco, t\u00e3o amainado pelo discurso religioso durante s\u00e9culos, ficou marcado nas mem\u00f3rias orais do campesinato franc\u00eas<\/strong> e em diversas obras renascentistas do s\u00e9culo XV e XVI.<\/p>\n\n\n\n<p><strong>Al\u00e9m das revoltas de car\u00e1ter popular, como a Jacquerie, o contexto do s\u00e9culo XIV tamb\u00e9m \u00e9 marcado pela chamada Guerra dos Cem Anos<\/strong>. Foi um longo conflito entre a Fran\u00e7a e a Inglaterra ocorrido entre 1337 e 1453.&nbsp;<\/p>\n\n\n\n<p><strong>O conflito envolvia a disputa de sucess\u00e3o din\u00e1stica na Fran\u00e7a e pelo controle das ricas terras na regi\u00e3o de Flandres<\/strong>, onde ocorria uma importante feira medieval. Essa guerra contribuiu para o clima de inseguran\u00e7a da Europa.<\/p>\n\n\n\n<p>O professor Le Goff argumenta que<strong> a Guerra dos Cem Anos foi uma solu\u00e7\u00e3o f\u00e1cil encontrada por nobrezas atingidas pela crise.<\/strong> Independentemente de mortes ou ru\u00ednas econ\u00f4micas, ela gerou uma nova economia e uma nova sociedade.<\/p>\n\n\n<div class=\"wp-block-image\">\n<figure class=\"aligncenter size-full\"><img decoding=\"async\" width=\"214\" height=\"101\" src=\"https:\/\/militares.estrategia.com\/portal\/wp-content\/uploads\/2023\/06\/historia-01.png\" alt=\"\" class=\"wp-image-68131\"\/><\/figure><\/div>\n\n\n<p>Mas, aten\u00e7\u00e3o! <strong>Nem a Fran\u00e7a e nem a Inglaterra eram Estados centralizados nesse contexto da Guerra dos Cem Anos.<\/strong> Ent\u00e3o, falar em ambos como pa\u00edses \u00e9 um pouco inapropriado, pois eram regi\u00f5es feudais. Sobretudo, a Fran\u00e7a.&nbsp;<\/p>\n\n\n\n<p><strong>Ter essa no\u00e7\u00e3o \u00e9 fundamental para que possamos compreender a exata import\u00e2ncia dessa guerra<\/strong> justamente no processo de centraliza\u00e7\u00e3o pol\u00edtica da Inglaterra e da Fran\u00e7a.<\/p>\n\n\n\n<p><strong>Esse longo conflito empobreceu uma parcela da nobreza, mas contribuiu fortemente para a retomada da import\u00e2ncia do poder real.<\/strong> Essa situa\u00e7\u00e3o possibilitou a constru\u00e7\u00e3o de monarquias centralizadas.<\/p>\n\n\n\n<h2 class=\"wp-block-heading\" id=\"h-conclusao\"><span class=\"ez-toc-section\" id=\"Conclusao\"><\/span>Conclus\u00e3o<span class=\"ez-toc-section-end\"><\/span><\/h2>\n\n\n\n<p>Se a crise do s\u00e9culo XIV \u00e9 a demonstra\u00e7\u00e3o de que havia uma reorganiza\u00e7\u00e3o do modo de vida social, pol\u00edtico e econ\u00f4mico da Europa, qual o <strong>saldo que ela deixa para os anos, d\u00e9cadas e s\u00e9culos que se seguiram<\/strong> depois desses fen\u00f4menos? Seriam os seguintes:<\/p>\n\n\n\n<ul class=\"wp-block-list\">\n<li>A centraliza\u00e7\u00e3o Estatal;<\/li>\n\n\n\n<li>Reorganiza\u00e7\u00e3o das monarquias;<\/li>\n\n\n\n<li>Novas formas art\u00edsticas para expressar outras vis\u00f5es de mundo; e<\/li>\n\n\n\n<li>Novas formas de fazer com\u00e9rcio.<\/li>\n<\/ul>\n\n\n\n<p>Para exemplificar, abaixo est\u00e1 <strong>uma das obras mais significativas sobre essa experi\u00eancia do s\u00e9culo XIV e XV.<\/strong> Observando atentamente cada quadrante, \u00e9 poss\u00edvel verificar que \u00e9 uma composi\u00e7\u00e3o de m\u00faltiplas obras. Ela foi pintada dessa forma pelo renascentista Pieter Bruegel, o Velho, em 1562. Chama-se \u201cO Triunfo da Morte\u201d.<sup>31<\/sup><\/p>\n\n\n<div class=\"wp-block-image\">\n<figure class=\"aligncenter size-full\"><img decoding=\"async\" width=\"507\" height=\"329\" src=\"https:\/\/militares.estrategia.com\/portal\/wp-content\/uploads\/2023\/06\/historia-02.jpg\" alt=\"\" class=\"wp-image-68132\"\/><\/figure><\/div>\n\n\n<p><strong>Na pintura est\u00e3o inscritos todos os problemas do s\u00e9culo XIV: a fome, a guerra, a morte, todo tipo de viol\u00eancia, as revoltas sociais, os questionamentos em rela\u00e7\u00e3o \u00e0 igreja, o medo do pecado e os v\u00edcios humanos<\/strong>&#8230; e tudo isso atinge todas as classes sociais \u2013 de maneira diversa, claro. Por isso, \u00e9 uma marca da hist\u00f3ria da forma\u00e7\u00e3o da sociedade europeia.<\/p>\n\n\n\n<p>Quer se tornar um militar de carreira das For\u00e7as Armadas Brasileiras? Ent\u00e3o, conhe\u00e7a o Estrat\u00e9gia Militares! Nossa plataforma de estudo e nossos materiais pedag\u00f3gicos podem fazer seu sonho se tornar realidade. Clique no banner e saiba mais!<\/p>\n\n\n\n\n\n<p><\/p>\n\n\n\n<p><em>Texto elaborado com base no material did\u00e1tico da professora Al\u00ea Lopes.<\/em><\/p>\n\n\n\n<h2 class=\"wp-block-heading\" id=\"h-referencias-bibliograficas\"><span class=\"ez-toc-section\" id=\"Referencias-bibliograficas\"><\/span>Refer\u00eancias bibliogr\u00e1ficas<span class=\"ez-toc-section-end\"><\/span><\/h2>\n\n\n\n<p><sup>29<\/sup>TUCHMAN,B.W. Um espelho distante: o terr\u00edvel s\u00e9culo XIV. Rio de Janeiro: Jos\u00e9 Olympio,2000,p.97.<\/p>\n\n\n\n<p><sup>30<\/sup>Agnolo di Tura. The Plague in Siena: An Italian Chronicle. In: William M. Bowsky. The Black Death: a turning point in history? New York: HRW, 1971<\/p>\n\n\n\n<p><sup>31<\/sup>O Triunfo da Morte, c.1562, \u00f3leo sobre madeira, 117 x 162 cm, Pieter Bruegel, o Velho<\/p>\n\n\n","protected":false},"excerpt":{"rendered":"Ao longo das \u00faltimas semanas, o portal Estrat\u00e9gia Militares trouxe um conte\u00fado bastante extenso sobre o per\u00edodo hist\u00f3rico&hellip;\n","protected":false},"author":58,"featured_media":66327,"comment_status":"closed","ping_status":"closed","sticky":false,"template":"","format":"standard","meta":{"wl_entities_gutenberg":"","footnotes":""},"categories":[29],"tags":[64,313,162,161,167,271],"wl_entity_type":[187],"class_list":{"0":"post-68128","1":"post","2":"type-post","3":"status-publish","4":"format-standard","5":"has-post-thumbnail","7":"category-historia","8":"tag-marinhadobrasil","9":"tag-313","10":"tag-carreiramilitar","11":"tag-concursosmilitares","12":"tag-exercito","13":"tag-fab","14":"wl_entity_type-article"},"acf":[],"yoast_head":"<!-- This site is optimized with the Yoast SEO Premium plugin v26.6 (Yoast SEO v26.6) - https:\/\/yoast.com\/wordpress\/plugins\/seo\/ -->\n<title>Baixa Idade M\u00e9dia - Os s\u00e9culos XIV e XV<\/title>\n<meta name=\"description\" content=\"Concluindo a s\u00e9rie de textos sobre a Idade M\u00e9dia, esta postagem trata das crises do S\u00e9culo XIV que levaram \u00e0 Idade Moderna.\" \/>\n<meta name=\"robots\" content=\"index, follow, max-snippet:-1, max-image-preview:large, max-video-preview:-1\" \/>\n<link rel=\"canonical\" href=\"https:\/\/militares.estrategia.com\/portal\/materias-e-dicas\/historia\/baixa-idade-media-os-seculos-xiv-e-xv\/\" \/>\n<meta property=\"og:locale\" content=\"pt_BR\" \/>\n<meta property=\"og:type\" content=\"article\" \/>\n<meta property=\"og:title\" content=\"Baixa Idade M\u00e9dia - Os s\u00e9culos XIV e XV\" \/>\n<meta property=\"og:description\" content=\"Concluindo a s\u00e9rie de textos sobre a Idade M\u00e9dia, esta postagem trata das crises do S\u00e9culo XIV que levaram \u00e0 Idade Moderna.\" \/>\n<meta property=\"og:url\" content=\"https:\/\/militares.estrategia.com\/portal\/materias-e-dicas\/historia\/baixa-idade-media-os-seculos-xiv-e-xv\/\" \/>\n<meta property=\"og:site_name\" content=\"Estrat\u00e9gia Militares\" \/>\n<meta property=\"article:publisher\" content=\"https:\/\/www.facebook.com\/EstrategiaMilitares\" \/>\n<meta property=\"article:published_time\" content=\"2023-06-30T13:23:45+00:00\" \/>\n<meta property=\"article:modified_time\" content=\"2023-07-24T20:01:05+00:00\" \/>\n<meta property=\"og:image\" content=\"https:\/\/cdn.blog.estrategiavestibulares.com.br\/vestibulares\/wp-content\/uploads\/2023\/04\/Baixa-Idade-Media.jpg.webp\" \/>\n\t<meta property=\"og:image:width\" content=\"960\" \/>\n\t<meta property=\"og:image:height\" content=\"540\" \/>\n\t<meta property=\"og:image:type\" content=\"image\/webp\" \/>\n<meta name=\"author\" content=\"Vanesca Soares\" \/>\n<meta name=\"twitter:card\" content=\"summary_large_image\" \/>\n<meta name=\"twitter:creator\" content=\"@estrategiamilit\" \/>\n<meta name=\"twitter:site\" content=\"@estrategiamilit\" \/>\n<meta name=\"twitter:label1\" content=\"Escrito por\" \/>\n\t<meta name=\"twitter:data1\" content=\"Vanesca Soares\" \/>\n\t<meta name=\"twitter:label2\" content=\"Est. tempo de leitura\" \/>\n\t<meta name=\"twitter:data2\" content=\"11 minutos\" \/>\n<script type=\"application\/ld+json\" class=\"yoast-schema-graph\">{\"@context\":\"https:\/\/schema.org\",\"@graph\":[{\"@type\":\"Article\",\"@id\":\"https:\/\/militares.estrategia.com\/portal\/materias-e-dicas\/historia\/baixa-idade-media-os-seculos-xiv-e-xv\/#article\",\"isPartOf\":{\"@id\":\"https:\/\/militares.estrategia.com\/portal\/materias-e-dicas\/historia\/baixa-idade-media-os-seculos-xiv-e-xv\/\"},\"author\":{\"name\":\"Vanesca Soares\",\"@id\":\"https:\/\/militares.estrategia.com\/portal\/#\/schema\/person\/5cfd387108cd0cdefab7eea7a9735dcc\"},\"headline\":\"Baixa Idade M\u00e9dia &#8211; Os s\u00e9culos XIV e XV\",\"datePublished\":\"2023-06-30T13:23:45+00:00\",\"dateModified\":\"2023-07-24T20:01:05+00:00\",\"mainEntityOfPage\":{\"@id\":\"https:\/\/militares.estrategia.com\/portal\/materias-e-dicas\/historia\/baixa-idade-media-os-seculos-xiv-e-xv\/\"},\"wordCount\":2171,\"publisher\":{\"@id\":\"https:\/\/militares.estrategia.com\/portal\/#organization\"},\"image\":{\"@id\":\"https:\/\/militares.estrategia.com\/portal\/materias-e-dicas\/historia\/baixa-idade-media-os-seculos-xiv-e-xv\/#primaryimage\"},\"thumbnailUrl\":\"https:\/\/militares.estrategia.com\/portal\/wp-content\/uploads\/2023\/04\/Baixa-Idade-Media.jpg.webp\",\"keywords\":[\"#marinhadobrasil\",\"2024\",\"carreiramilitar\",\"ConcursosMilitares\",\"Ex\u00e9rcito\",\"FAB\"],\"articleSection\":[\"Hist\u00f3ria\"],\"inLanguage\":\"pt-BR\"},{\"@type\":\"WebPage\",\"@id\":\"https:\/\/militares.estrategia.com\/portal\/materias-e-dicas\/historia\/baixa-idade-media-os-seculos-xiv-e-xv\/\",\"url\":\"https:\/\/militares.estrategia.com\/portal\/materias-e-dicas\/historia\/baixa-idade-media-os-seculos-xiv-e-xv\/\",\"name\":\"Baixa Idade M\u00e9dia - Os s\u00e9culos XIV e XV\",\"isPartOf\":{\"@id\":\"https:\/\/militares.estrategia.com\/portal\/#website\"},\"primaryImageOfPage\":{\"@id\":\"https:\/\/militares.estrategia.com\/portal\/materias-e-dicas\/historia\/baixa-idade-media-os-seculos-xiv-e-xv\/#primaryimage\"},\"image\":{\"@id\":\"https:\/\/militares.estrategia.com\/portal\/materias-e-dicas\/historia\/baixa-idade-media-os-seculos-xiv-e-xv\/#primaryimage\"},\"thumbnailUrl\":\"https:\/\/militares.estrategia.com\/portal\/wp-content\/uploads\/2023\/04\/Baixa-Idade-Media.jpg.webp\",\"datePublished\":\"2023-06-30T13:23:45+00:00\",\"dateModified\":\"2023-07-24T20:01:05+00:00\",\"description\":\"Concluindo a s\u00e9rie de textos sobre a Idade M\u00e9dia, esta postagem trata das crises do S\u00e9culo XIV que levaram \u00e0 Idade Moderna.\",\"breadcrumb\":{\"@id\":\"https:\/\/militares.estrategia.com\/portal\/materias-e-dicas\/historia\/baixa-idade-media-os-seculos-xiv-e-xv\/#breadcrumb\"},\"inLanguage\":\"pt-BR\",\"potentialAction\":[{\"@type\":\"ReadAction\",\"target\":[\"https:\/\/militares.estrategia.com\/portal\/materias-e-dicas\/historia\/baixa-idade-media-os-seculos-xiv-e-xv\/\"]}]},{\"@type\":\"ImageObject\",\"inLanguage\":\"pt-BR\",\"@id\":\"https:\/\/militares.estrategia.com\/portal\/materias-e-dicas\/historia\/baixa-idade-media-os-seculos-xiv-e-xv\/#primaryimage\",\"url\":\"https:\/\/militares.estrategia.com\/portal\/wp-content\/uploads\/2023\/04\/Baixa-Idade-Media.jpg.webp\",\"contentUrl\":\"https:\/\/militares.estrategia.com\/portal\/wp-content\/uploads\/2023\/04\/Baixa-Idade-Media.jpg.webp\",\"width\":960,\"height\":540,\"caption\":\"Cruzadas Cat\u00f3licas\"},{\"@type\":\"BreadcrumbList\",\"@id\":\"https:\/\/militares.estrategia.com\/portal\/materias-e-dicas\/historia\/baixa-idade-media-os-seculos-xiv-e-xv\/#breadcrumb\",\"itemListElement\":[{\"@type\":\"ListItem\",\"position\":1,\"name\":\"Home\",\"item\":\"https:\/\/militares.estrategia.com\/portal\/\"},{\"@type\":\"ListItem\",\"position\":2,\"name\":\"Mat\u00e9rias e Dicas\",\"item\":\"https:\/\/militares.estrategia.com\/portal\/materias-e-dicas\/\"},{\"@type\":\"ListItem\",\"position\":3,\"name\":\"Hist\u00f3ria\",\"item\":\"https:\/\/militares.estrategia.com\/portal\/materias-e-dicas\/historia\/\"},{\"@type\":\"ListItem\",\"position\":4,\"name\":\"Baixa Idade M\u00e9dia &#8211; Os s\u00e9culos XIV e XV\"}]},{\"@type\":\"WebSite\",\"@id\":\"https:\/\/militares.estrategia.com\/portal\/#website\",\"url\":\"https:\/\/militares.estrategia.com\/portal\/\",\"name\":\"Estrat\u00e9gia Militares\",\"description\":\"\",\"publisher\":{\"@id\":\"https:\/\/militares.estrategia.com\/portal\/#organization\"},\"potentialAction\":[{\"@type\":\"SearchAction\",\"target\":{\"@type\":\"EntryPoint\",\"urlTemplate\":\"https:\/\/militares.estrategia.com\/portal\/?s={search_term_string}\"},\"query-input\":{\"@type\":\"PropertyValueSpecification\",\"valueRequired\":true,\"valueName\":\"search_term_string\"}}],\"inLanguage\":\"pt-BR\"},{\"@type\":\"Organization\",\"@id\":\"https:\/\/militares.estrategia.com\/portal\/#organization\",\"name\":\"Estrat\u00e9gia Militares\",\"url\":\"https:\/\/militares.estrategia.com\/portal\/\",\"logo\":{\"@type\":\"ImageObject\",\"inLanguage\":\"pt-BR\",\"@id\":\"https:\/\/militares.estrategia.com\/portal\/#\/schema\/logo\/image\/\",\"url\":\"https:\/\/militares.estrategia.com\/portal\/wp-content\/uploads\/2021\/10\/logo-militares.webp\",\"contentUrl\":\"https:\/\/militares.estrategia.com\/portal\/wp-content\/uploads\/2021\/10\/logo-militares.webp\",\"width\":346,\"height\":90,\"caption\":\"Estrat\u00e9gia Militares\"},\"image\":{\"@id\":\"https:\/\/militares.estrategia.com\/portal\/#\/schema\/logo\/image\/\"},\"sameAs\":[\"https:\/\/www.facebook.com\/EstrategiaMilitares\",\"https:\/\/x.com\/estrategiamilit\",\"https:\/\/www.instagram.com\/estrategiamilitares\/\",\"https:\/\/www.youtube.com\/channel\/UCRG_9hakCqXxnj_8TqCdgTA\"]},{\"@type\":\"Person\",\"@id\":\"https:\/\/militares.estrategia.com\/portal\/#\/schema\/person\/5cfd387108cd0cdefab7eea7a9735dcc\",\"name\":\"Vanesca Soares\",\"image\":{\"@type\":\"ImageObject\",\"inLanguage\":\"pt-BR\",\"@id\":\"https:\/\/militares.estrategia.com\/portal\/#\/schema\/person\/image\/\",\"url\":\"https:\/\/militares.estrategia.com\/portal\/wp-content\/uploads\/2021\/10\/FB_IMG_1634215702135-150x150.webp\",\"contentUrl\":\"https:\/\/militares.estrategia.com\/portal\/wp-content\/uploads\/2021\/10\/FB_IMG_1634215702135-150x150.webp\",\"caption\":\"Vanesca Soares\"},\"description\":\"Vanesca Soares foi Primeiro Tenente da Marinha do Brasil. Jornalista de forma\u00e7\u00e3o, ama todas as artes, principalmente a Literatura e o Cinema. Capaz de ficar em casa lendo um bom livro ao inv\u00e9s de ir para a balada, entende que ler \u00e9 uma grande viagem. Ama filmes hist\u00f3ricos, biografias, drama, thrillers, terror e tudo sobre os anos 1980. Principalmente a m\u00fasica!\",\"url\":\"https:\/\/militares.estrategia.com\/portal\/author\/vanesca-soares\/\"}]}<\/script>\n<!-- \/ Yoast SEO Premium plugin. -->","yoast_head_json":{"title":"Baixa Idade M\u00e9dia - Os s\u00e9culos XIV e XV","description":"Concluindo a s\u00e9rie de textos sobre a Idade M\u00e9dia, esta postagem trata das crises do S\u00e9culo XIV que levaram \u00e0 Idade Moderna.","robots":{"index":"index","follow":"follow","max-snippet":"max-snippet:-1","max-image-preview":"max-image-preview:large","max-video-preview":"max-video-preview:-1"},"canonical":"https:\/\/militares.estrategia.com\/portal\/materias-e-dicas\/historia\/baixa-idade-media-os-seculos-xiv-e-xv\/","og_locale":"pt_BR","og_type":"article","og_title":"Baixa Idade M\u00e9dia - Os s\u00e9culos XIV e XV","og_description":"Concluindo a s\u00e9rie de textos sobre a Idade M\u00e9dia, esta postagem trata das crises do S\u00e9culo XIV que levaram \u00e0 Idade Moderna.","og_url":"https:\/\/militares.estrategia.com\/portal\/materias-e-dicas\/historia\/baixa-idade-media-os-seculos-xiv-e-xv\/","og_site_name":"Estrat\u00e9gia Militares","article_publisher":"https:\/\/www.facebook.com\/EstrategiaMilitares","article_published_time":"2023-06-30T13:23:45+00:00","article_modified_time":"2023-07-24T20:01:05+00:00","og_image":[{"width":960,"height":540,"url":"https:\/\/cdn.blog.estrategiavestibulares.com.br\/vestibulares\/wp-content\/uploads\/2023\/04\/Baixa-Idade-Media.jpg.webp","type":"image\/webp"}],"author":"Vanesca Soares","twitter_card":"summary_large_image","twitter_creator":"@estrategiamilit","twitter_site":"@estrategiamilit","twitter_misc":{"Escrito por":"Vanesca Soares","Est. tempo de leitura":"11 minutos"},"schema":{"@context":"https:\/\/schema.org","@graph":[{"@type":"Article","@id":"https:\/\/militares.estrategia.com\/portal\/materias-e-dicas\/historia\/baixa-idade-media-os-seculos-xiv-e-xv\/#article","isPartOf":{"@id":"https:\/\/militares.estrategia.com\/portal\/materias-e-dicas\/historia\/baixa-idade-media-os-seculos-xiv-e-xv\/"},"author":{"name":"Vanesca Soares","@id":"https:\/\/militares.estrategia.com\/portal\/#\/schema\/person\/5cfd387108cd0cdefab7eea7a9735dcc"},"headline":"Baixa Idade M\u00e9dia &#8211; Os s\u00e9culos XIV e XV","datePublished":"2023-06-30T13:23:45+00:00","dateModified":"2023-07-24T20:01:05+00:00","mainEntityOfPage":{"@id":"https:\/\/militares.estrategia.com\/portal\/materias-e-dicas\/historia\/baixa-idade-media-os-seculos-xiv-e-xv\/"},"wordCount":2171,"publisher":{"@id":"https:\/\/militares.estrategia.com\/portal\/#organization"},"image":{"@id":"https:\/\/militares.estrategia.com\/portal\/materias-e-dicas\/historia\/baixa-idade-media-os-seculos-xiv-e-xv\/#primaryimage"},"thumbnailUrl":"https:\/\/militares.estrategia.com\/portal\/wp-content\/uploads\/2023\/04\/Baixa-Idade-Media.jpg.webp","keywords":["#marinhadobrasil","2024","carreiramilitar","ConcursosMilitares","Ex\u00e9rcito","FAB"],"articleSection":["Hist\u00f3ria"],"inLanguage":"pt-BR"},{"@type":"WebPage","@id":"https:\/\/militares.estrategia.com\/portal\/materias-e-dicas\/historia\/baixa-idade-media-os-seculos-xiv-e-xv\/","url":"https:\/\/militares.estrategia.com\/portal\/materias-e-dicas\/historia\/baixa-idade-media-os-seculos-xiv-e-xv\/","name":"Baixa Idade M\u00e9dia - Os s\u00e9culos XIV e XV","isPartOf":{"@id":"https:\/\/militares.estrategia.com\/portal\/#website"},"primaryImageOfPage":{"@id":"https:\/\/militares.estrategia.com\/portal\/materias-e-dicas\/historia\/baixa-idade-media-os-seculos-xiv-e-xv\/#primaryimage"},"image":{"@id":"https:\/\/militares.estrategia.com\/portal\/materias-e-dicas\/historia\/baixa-idade-media-os-seculos-xiv-e-xv\/#primaryimage"},"thumbnailUrl":"https:\/\/militares.estrategia.com\/portal\/wp-content\/uploads\/2023\/04\/Baixa-Idade-Media.jpg.webp","datePublished":"2023-06-30T13:23:45+00:00","dateModified":"2023-07-24T20:01:05+00:00","description":"Concluindo a s\u00e9rie de textos sobre a Idade M\u00e9dia, esta postagem trata das crises do S\u00e9culo XIV que levaram \u00e0 Idade Moderna.","breadcrumb":{"@id":"https:\/\/militares.estrategia.com\/portal\/materias-e-dicas\/historia\/baixa-idade-media-os-seculos-xiv-e-xv\/#breadcrumb"},"inLanguage":"pt-BR","potentialAction":[{"@type":"ReadAction","target":["https:\/\/militares.estrategia.com\/portal\/materias-e-dicas\/historia\/baixa-idade-media-os-seculos-xiv-e-xv\/"]}]},{"@type":"ImageObject","inLanguage":"pt-BR","@id":"https:\/\/militares.estrategia.com\/portal\/materias-e-dicas\/historia\/baixa-idade-media-os-seculos-xiv-e-xv\/#primaryimage","url":"https:\/\/militares.estrategia.com\/portal\/wp-content\/uploads\/2023\/04\/Baixa-Idade-Media.jpg.webp","contentUrl":"https:\/\/militares.estrategia.com\/portal\/wp-content\/uploads\/2023\/04\/Baixa-Idade-Media.jpg.webp","width":960,"height":540,"caption":"Cruzadas Cat\u00f3licas"},{"@type":"BreadcrumbList","@id":"https:\/\/militares.estrategia.com\/portal\/materias-e-dicas\/historia\/baixa-idade-media-os-seculos-xiv-e-xv\/#breadcrumb","itemListElement":[{"@type":"ListItem","position":1,"name":"Home","item":"https:\/\/militares.estrategia.com\/portal\/"},{"@type":"ListItem","position":2,"name":"Mat\u00e9rias e Dicas","item":"https:\/\/militares.estrategia.com\/portal\/materias-e-dicas\/"},{"@type":"ListItem","position":3,"name":"Hist\u00f3ria","item":"https:\/\/militares.estrategia.com\/portal\/materias-e-dicas\/historia\/"},{"@type":"ListItem","position":4,"name":"Baixa Idade M\u00e9dia &#8211; Os s\u00e9culos XIV e XV"}]},{"@type":"WebSite","@id":"https:\/\/militares.estrategia.com\/portal\/#website","url":"https:\/\/militares.estrategia.com\/portal\/","name":"Estrat\u00e9gia Militares","description":"","publisher":{"@id":"https:\/\/militares.estrategia.com\/portal\/#organization"},"potentialAction":[{"@type":"SearchAction","target":{"@type":"EntryPoint","urlTemplate":"https:\/\/militares.estrategia.com\/portal\/?s={search_term_string}"},"query-input":{"@type":"PropertyValueSpecification","valueRequired":true,"valueName":"search_term_string"}}],"inLanguage":"pt-BR"},{"@type":"Organization","@id":"https:\/\/militares.estrategia.com\/portal\/#organization","name":"Estrat\u00e9gia Militares","url":"https:\/\/militares.estrategia.com\/portal\/","logo":{"@type":"ImageObject","inLanguage":"pt-BR","@id":"https:\/\/militares.estrategia.com\/portal\/#\/schema\/logo\/image\/","url":"https:\/\/militares.estrategia.com\/portal\/wp-content\/uploads\/2021\/10\/logo-militares.webp","contentUrl":"https:\/\/militares.estrategia.com\/portal\/wp-content\/uploads\/2021\/10\/logo-militares.webp","width":346,"height":90,"caption":"Estrat\u00e9gia Militares"},"image":{"@id":"https:\/\/militares.estrategia.com\/portal\/#\/schema\/logo\/image\/"},"sameAs":["https:\/\/www.facebook.com\/EstrategiaMilitares","https:\/\/x.com\/estrategiamilit","https:\/\/www.instagram.com\/estrategiamilitares\/","https:\/\/www.youtube.com\/channel\/UCRG_9hakCqXxnj_8TqCdgTA"]},{"@type":"Person","@id":"https:\/\/militares.estrategia.com\/portal\/#\/schema\/person\/5cfd387108cd0cdefab7eea7a9735dcc","name":"Vanesca Soares","image":{"@type":"ImageObject","inLanguage":"pt-BR","@id":"https:\/\/militares.estrategia.com\/portal\/#\/schema\/person\/image\/","url":"https:\/\/militares.estrategia.com\/portal\/wp-content\/uploads\/2021\/10\/FB_IMG_1634215702135-150x150.webp","contentUrl":"https:\/\/militares.estrategia.com\/portal\/wp-content\/uploads\/2021\/10\/FB_IMG_1634215702135-150x150.webp","caption":"Vanesca Soares"},"description":"Vanesca Soares foi Primeiro Tenente da Marinha do Brasil. Jornalista de forma\u00e7\u00e3o, ama todas as artes, principalmente a Literatura e o Cinema. Capaz de ficar em casa lendo um bom livro ao inv\u00e9s de ir para a balada, entende que ler \u00e9 uma grande viagem. Ama filmes hist\u00f3ricos, biografias, drama, thrillers, terror e tudo sobre os anos 1980. Principalmente a m\u00fasica!","url":"https:\/\/militares.estrategia.com\/portal\/author\/vanesca-soares\/"}]}},"_wl_alt_label":[],"wl:entity_url":"https:\/\/data.wordlift.io\/wl110246\/post\/baixa-idade-media-os-seculos-xiv-e-xv-68128","_links":{"self":[{"href":"https:\/\/militares.estrategia.com\/portal\/wp-json\/wp\/v2\/posts\/68128","targetHints":{"allow":["GET"]}}],"collection":[{"href":"https:\/\/militares.estrategia.com\/portal\/wp-json\/wp\/v2\/posts"}],"about":[{"href":"https:\/\/militares.estrategia.com\/portal\/wp-json\/wp\/v2\/types\/post"}],"author":[{"embeddable":true,"href":"https:\/\/militares.estrategia.com\/portal\/wp-json\/wp\/v2\/users\/58"}],"replies":[{"embeddable":true,"href":"https:\/\/militares.estrategia.com\/portal\/wp-json\/wp\/v2\/comments?post=68128"}],"version-history":[{"count":7,"href":"https:\/\/militares.estrategia.com\/portal\/wp-json\/wp\/v2\/posts\/68128\/revisions"}],"predecessor-version":[{"id":68842,"href":"https:\/\/militares.estrategia.com\/portal\/wp-json\/wp\/v2\/posts\/68128\/revisions\/68842"}],"wp:featuredmedia":[{"embeddable":true,"href":"https:\/\/militares.estrategia.com\/portal\/wp-json\/wp\/v2\/media\/66327"}],"wp:attachment":[{"href":"https:\/\/militares.estrategia.com\/portal\/wp-json\/wp\/v2\/media?parent=68128"}],"wp:term":[{"taxonomy":"category","embeddable":true,"href":"https:\/\/militares.estrategia.com\/portal\/wp-json\/wp\/v2\/categories?post=68128"},{"taxonomy":"post_tag","embeddable":true,"href":"https:\/\/militares.estrategia.com\/portal\/wp-json\/wp\/v2\/tags?post=68128"},{"taxonomy":"wl_entity_type","embeddable":true,"href":"https:\/\/militares.estrategia.com\/portal\/wp-json\/wp\/v2\/wl_entity_type?post=68128"}],"curies":[{"name":"wp","href":"https:\/\/api.w.org\/{rel}","templated":true}]}}