{"id":67644,"date":"2023-06-16T11:36:08","date_gmt":"2023-06-16T14:36:08","guid":{"rendered":"https:\/\/militares.estrategia.com\/portal\/?p=67644"},"modified":"2023-06-21T10:56:07","modified_gmt":"2023-06-21T13:56:07","slug":"prova-epcar-2024","status":"publish","type":"post","link":"https:\/\/militares.estrategia.com\/portal\/eventos\/pre-prova\/prova-epcar-2024\/","title":{"rendered":"Prova EPCAR 2024: confira os eventos de revis\u00e3o pr\u00e9-prova!"},"content":{"rendered":"\n<p>Vai participar da Prova EPCAR 2024, no dia 2 de julho? Ent\u00e3o n\u00e3o perca os eventos de revis\u00e3o da Opera\u00e7\u00e3o Barbacena EPCAR 2024! As aulas ao vivo podem ser vistas pelo YouTube e s\u00e3o pensadas para dar aquele g\u00e1s na reta final dos seus estudos. Separamos todos os cronogramas para voc\u00ea anotar na sua agenda, confira!<\/p>\n\n\n\n<div id=\"ez-toc-container\" class=\"ez-toc-v2_0_79_2 counter-hierarchy ez-toc-counter ez-toc-transparent ez-toc-container-direction\">\n<div class=\"ez-toc-title-container\"><p class=\"ez-toc-title\" style=\"cursor:inherit\">Navegue pelo conte\u00fado\t<\/p>\n<\/div><nav><ul class='ez-toc-list ez-toc-list-level-1 ' ><li class='ez-toc-page-1 ez-toc-heading-level-2'><a class=\"ez-toc-link ez-toc-heading-1\" href=\"https:\/\/militares.estrategia.com\/portal\/eventos\/pre-prova\/prova-epcar-2024\/#Como-e-prova-EPCAR-2024\" >Como \u00e9 prova EPCAR 2024?<\/a><\/li><li class='ez-toc-page-1 ez-toc-heading-level-2'><a class=\"ez-toc-link ez-toc-heading-2\" href=\"https:\/\/militares.estrategia.com\/portal\/eventos\/pre-prova\/prova-epcar-2024\/#Hora-da-Verdade-EPCAR-2024\" >Hora da Verdade EPCAR 2024<\/a><\/li><li class='ez-toc-page-1 ez-toc-heading-level-2'><a class=\"ez-toc-link ez-toc-heading-3\" href=\"https:\/\/militares.estrategia.com\/portal\/eventos\/pre-prova\/prova-epcar-2024\/#Premonicao-EPCAR-2024\" >Premoni\u00e7\u00e3o EPCAR 2024<\/a><\/li><li class='ez-toc-page-1 ez-toc-heading-level-2'><a class=\"ez-toc-link ez-toc-heading-4\" href=\"https:\/\/militares.estrategia.com\/portal\/eventos\/pre-prova\/prova-epcar-2024\/#Revisao-de-Vespera-EPCAR-2024\" >Revis\u00e3o de V\u00e9spera EPCAR 2024<\/a><\/li><li class='ez-toc-page-1 ez-toc-heading-level-2'><a class=\"ez-toc-link ez-toc-heading-5\" href=\"https:\/\/militares.estrategia.com\/portal\/eventos\/pre-prova\/prova-epcar-2024\/#Vai-dar-Bom-EPCAR-2024\" >Vai dar Bom EPCAR 2024<\/a><\/li><\/ul><\/nav><\/div>\n<h2 class=\"wp-block-heading\" id=\"h-como-e-prova-epcar-2024\"><span class=\"ez-toc-section\" id=\"Como-e-prova-EPCAR-2024\"><\/span>Como \u00e9 prova EPCAR 2024?<span class=\"ez-toc-section-end\"><\/span><\/h2>\n\n\n\n<p>A Prova Escrita ser\u00e1 composta de&nbsp;<strong>48 quest\u00f5es objetivas de m\u00faltipla<\/strong>&nbsp;<strong>escolha&nbsp;<\/strong>com quatro alternativas e era constitu\u00edda das seguintes disciplinas:<\/p>\n\n\n\n<ul class=\"wp-block-list\">\n<li>L\u00edngua Portuguesa \u2013 16 quest\u00f5es;<\/li>\n\n\n\n<li>Matem\u00e1tica \u2013 16 quest\u00f5es; e<\/li>\n\n\n\n<li>L\u00edngua Inglesa \u2013 16 quest\u00f5es.<\/li>\n<\/ul>\n\n\n\n<p>Al\u00e9m disso, os candidatos tamb\u00e9m escrever\u00e3o uma<strong>&nbsp;Reda\u00e7\u00e3o<\/strong>&nbsp;de, no m\u00ednimo,&nbsp;<strong>100 palavras<\/strong>&nbsp;sobre o tema proposto.<\/p>\n\n\n\n<pre class=\"wp-block-verse has-electric-grass-gradient-background has-background\">Ajude nossos professores! Envie sua prova para nossa equipe<strong> pelo e-mail<em> <\/em><\/strong><em>vemsercoruja@estrategiamilitares.com.br<\/em> <strong>ou por nossas redes sociais<\/strong>. Vamos corrigir as quest\u00f5es ao vivo em nosso<a href=\"https:\/\/www.youtube.com\/c\/Estrat%C3%A9giaMilitar\" target=\"_blank\" > canal no YouTube<\/a> e <strong>publicar o Gabarito EPCAR 2024 neste Portal!<\/strong><\/pre>\n\n\n\n<p>A Opera\u00e7\u00e3o Barbacena EPCAR 2024 foi inaugurada no dia 14 de junho de 2024. Confira a live no YouTube: <\/p>\n\n\n\n<figure class=\"wp-block-embed is-type-video is-provider-youtube wp-block-embed-youtube wp-embed-aspect-16-9 wp-has-aspect-ratio\"><div class=\"wp-block-embed__wrapper\">\n<div class=\"cs-embed cs-embed-responsive\"><iframe title=\"Lan\u00e7amento da Opera\u00e7\u00e3o Barbacena EPCAR 2024\" width=\"1200\" height=\"675\" src=\"https:\/\/www.youtube.com\/embed\/yH7Efw-6LPQ?feature=oembed\" frameborder=\"0\" allow=\"accelerometer; autoplay; clipboard-write; encrypted-media; gyroscope; picture-in-picture; web-share\" allowfullscreen><\/iframe><\/div>\n<\/div><\/figure>\n\n\n\n<h2 class=\"wp-block-heading\"><span class=\"ez-toc-section\" id=\"Hora-da-Verdade-EPCAR-2024\"><\/span>Hora da Verdade EPCAR 2024<span class=\"ez-toc-section-end\"><\/span><\/h2>\n\n\n\n<p>A Hora da Verdade EPCAR 2024 revisa o<strong>s temas com maior chance de serem cobrados, com base nas provas anteriores.<\/strong>&nbsp;As aulas s\u00e3o&nbsp;<a href=\"https:\/\/www.youtube.com\/c\/Estrat%C3%A9giaMilitar\" target=\"_blank\" >ao vivo no YouTube<\/a>&nbsp;\u2013 mas, aten\u00e7\u00e3o!&nbsp;<strong>Os v\u00eddeos ser\u00e3o privados ap\u00f3s a transmiss\u00e3o, ent\u00e3o n\u00e3o perca a oportunidade de assistir \u00e0 live!&nbsp;<\/strong>Confira a programa\u00e7\u00e3o:<\/p>\n\n\n\n<figure class=\"wp-block-table is-style-stripes\"><table class=\"has-electric-grass-gradient-background has-background has-fixed-layout\"><thead><tr><th>Data e Hor\u00e1rio<\/th><th>Aula<\/th><\/tr><\/thead><tbody><tr><td>19\/06\/2023, \u00e0s 19h<\/td><td>Hora da Verdade EPCAR:&nbsp;<strong> Portugu\u00eas<\/strong> com Prof.\u00aa Marina Ferreira<\/td><\/tr><tr><td>20\/06\/2023, \u00e0s 19h<\/td><td>Hora da Verdade EPCAR: <strong>Matem\u00e1tica<\/strong> com Prof. Esquian<\/td><\/tr><tr><td>21\/06\/2023, \u00e0s 19h<\/td><td>Hora da Verdade EPCAR:&nbsp; <strong>Matem\u00e1tica <\/strong>com Prof. Limeira&nbsp;<\/td><\/tr><tr><td>22\/06\/2023, \u00e0s 19h<\/td><td>Hora da Verdade EPCAR: <strong>Ingl\u00eas<\/strong> com Prof. Adolfo<\/td><\/tr><tr><td>23\/06\/2023, \u00e0s 19h<\/td><td>Hora da Verdade EPCAR: <strong>Reda\u00e7\u00e3o <\/strong>com Prof. Celina Gil<\/td><\/tr><\/tbody><\/table><\/figure>\n\n\n\n<h2 class=\"wp-block-heading\"><span class=\"ez-toc-section\" id=\"Premonicao-EPCAR-2024\"><\/span>Premoni\u00e7\u00e3o EPCAR 2024<span class=\"ez-toc-section-end\"><\/span><\/h2>\n\n\n\n<p>Quer saber o que vai cair na Prova EPCAR 2024? Os professores do Estrat\u00e9gia Militares fazem suas previs\u00f5es nos dias 26 a 30 de junho! &nbsp;As aulas tamb\u00e9m s\u00e3o transmitidas pelo&nbsp;<a href=\"https:\/\/www.youtube.com\/c\/Estrat%C3%A9giaMilitar\" target=\"_blank\" >canal no YouTube<\/a>.<\/p>\n\n\n\n<figure class=\"wp-block-table is-style-stripes\"><table class=\"has-electric-grass-gradient-background has-background has-fixed-layout\"><thead><tr><th>Data e Hor\u00e1rio<\/th><th>Aula<\/th><\/tr><\/thead><tbody><tr><td>26\/06\/2023, 19h <\/td><td>Premoni\u00e7\u00e3o EPCAR:&nbsp;<strong> Portugu\u00eas<\/strong> com Prof.\u00aa Fab\u00edola Soares<\/td><\/tr><tr><td>27\/06\/2023, 19h <\/td><td>Premoni\u00e7\u00e3o EPCAR: <strong>Matem\u00e1tica<\/strong> com Prof. Esquian<\/td><\/tr><tr><td>28\/06\/2023, 19h <\/td><td>Premoni\u00e7\u00e3o&nbsp; EPCAR:&nbsp; <strong>Matem\u00e1tica<\/strong> com Prof. Limeira&nbsp;<\/td><\/tr><tr><td>29\/06\/2023, 19h <\/td><td>Premoni\u00e7\u00e3o&nbsp;EPCAR: <strong>Ingl\u00eas<\/strong> com Prof. Adolfo<\/td><\/tr><tr><td>30\/06\/2023, 19h <\/td><td>Premoni\u00e7\u00e3o EPCAR: <strong>Reda\u00e7\u00e3o<\/strong> com Prof. Celina Gil<\/td><\/tr><\/tbody><\/table><\/figure>\n\n\n\n<h2 class=\"wp-block-heading\"><span class=\"ez-toc-section\" id=\"Revisao-de-Vespera-EPCAR-2024\"><\/span>Revis\u00e3o de V\u00e9spera EPCAR 2024<span class=\"ez-toc-section-end\"><\/span><\/h2>\n\n\n\n<p>Ainda est\u00e1 inseguro com a prova ou quer dar aquela \u00faltima estudada no conte\u00fado? O Estrat\u00e9gia Militares faz um evento especial em nosso canal no YouTube no dia anterior \u00e0 aplica\u00e7\u00e3o da prova:&nbsp;<strong>a Revis\u00e3o de V\u00e9spera EPCAR 2024!&nbsp;<\/strong><\/p>\n\n\n\n<p>Essa \u00e9 a sua oportunidade de<strong>\u00a0rever os principais conte\u00fados da prova<\/strong>\u00a0de uma forma bem-humorada com os nossos professores<strong>.<\/strong> A Revis\u00e3o de V\u00e9spera acontece no dia 1 de julho de 2023, das 8h \u00e0s 14h30. Veja a programa\u00e7\u00e3o: <\/p>\n\n\n\n<ul class=\"wp-block-list\">\n<li>8h \u00e0s 9h &#8211; Reda\u00e7\u00e3o com Celina Gil; <\/li>\n\n\n\n<li>9h \u00e0s 11h &#8211; Portugu\u00eas com Fab\u00edola Soares; <\/li>\n\n\n\n<li>11h \u00e0s 12h30 &#8211; Ingl\u00eas com Leonardo Pontes; <\/li>\n\n\n\n<li>12h30 \u00e0s 14h30 &#8211; Matem\u00e1tica com Ismael Santos. <\/li>\n<\/ul>\n\n\n\n<h2 class=\"wp-block-heading\"><span class=\"ez-toc-section\" id=\"Vai-dar-Bom-EPCAR-2024\"><\/span>Vai dar Bom EPCAR 2024<span class=\"ez-toc-section-end\"><\/span><\/h2>\n\n\n\n<p>Ufa! Depois de tanta revis\u00e3o que tal dar uma descontra\u00edda com um papo bem animado? O evento Vai dar Bom EPCAR 2024 tamb\u00e9m acontece ao vivo com o Prof. Leonardo Pontes e convidados especiais, \u00e0s 15h, logo depois da Revis\u00e3o de V\u00e9spera. <\/p>\n\n\n\n<p>A conversa ser\u00e1 transmitida em <a href=\"https:\/\/www.youtube.com\/c\/Estrat%C3%A9giaMilitar\" target=\"_blank\" >nosso canal no YouTube.<\/a> N\u00e3o perca! <\/p>\n\n\n\n<p>N\u00e3o perca os eventos de revis\u00e3o do <a href=\"https:\/\/militares.estrategia.com\/portal\/escolas-militares\/fab\/epcar\/concurso-epcar\/\" target=\"_blank\" >Concurso EPCAR 2024<\/a>! Fique atento ao Portal Estrat\u00e9gia Militares e fique por dentro das not\u00edcias sobre os seletivos das For\u00e7as Armadas. Clique no banner e tamb\u00e9m conhe\u00e7a nossa plataforma com cursos on-line!<\/p>\n\n\n\n<p><\/p>\n\n\n\n<p><\/p>\n\n\n","protected":false},"excerpt":{"rendered":"Vai participar da Prova EPCAR 2024, no dia 2 de julho? Ent\u00e3o n\u00e3o perca os eventos de revis\u00e3o&hellip;\n","protected":false},"author":9,"featured_media":53935,"comment_status":"closed","ping_status":"closed","sticky":false,"template":"","format":"standard","meta":{"wl_entities_gutenberg":"","footnotes":""},"categories":[246],"tags":[],"wl_entity_type":[187],"class_list":{"0":"post-67644","1":"post","2":"type-post","3":"status-publish","4":"format-standard","5":"has-post-thumbnail","7":"category-pre-prova","8":"wl_entity_type-article"},"acf":[],"yoast_head":"<!-- This site is optimized with the Yoast SEO Premium plugin v26.6 (Yoast SEO v26.6) - https:\/\/yoast.com\/wordpress\/plugins\/seo\/ -->\n<title>Prova EPCAR 2024: confira os eventos de revis\u00e3o pr\u00e9-prova!<\/title>\n<meta name=\"description\" content=\"Confira os eventos de Revis\u00e3o ao vivo do Estrat\u00e9gia Militares para a Prova EPCAR 2024! N\u00e3o perca a Opera\u00e7\u00e3o Barbacena EPCAR 2024!\" \/>\n<meta name=\"robots\" content=\"index, follow, max-snippet:-1, max-image-preview:large, max-video-preview:-1\" \/>\n<link rel=\"canonical\" href=\"https:\/\/militares.estrategia.com\/portal\/eventos\/pre-prova\/prova-epcar-2024\/\" \/>\n<meta property=\"og:locale\" content=\"pt_BR\" \/>\n<meta property=\"og:type\" content=\"article\" \/>\n<meta property=\"og:title\" content=\"Prova EPCAR 2024: confira os eventos de revis\u00e3o pr\u00e9-prova!\" \/>\n<meta property=\"og:description\" content=\"Confira os eventos de Revis\u00e3o ao vivo do Estrat\u00e9gia Militares para a Prova EPCAR 2024! N\u00e3o perca a Opera\u00e7\u00e3o Barbacena EPCAR 2024!\" \/>\n<meta property=\"og:url\" content=\"https:\/\/militares.estrategia.com\/portal\/eventos\/pre-prova\/prova-epcar-2024\/\" \/>\n<meta property=\"og:site_name\" content=\"Estrat\u00e9gia Militares\" \/>\n<meta property=\"article:publisher\" content=\"https:\/\/www.facebook.com\/EstrategiaMilitares\" \/>\n<meta property=\"article:published_time\" content=\"2023-06-16T14:36:08+00:00\" \/>\n<meta property=\"article:modified_time\" content=\"2023-06-21T13:56:07+00:00\" \/>\n<meta property=\"og:image\" content=\"https:\/\/cdn.blog.estrategiavestibulares.com.br\/vestibulares\/wp-content\/uploads\/2022\/04\/EM_CapaBlog_Pre.EPCAR-03.jpg\" \/>\n\t<meta property=\"og:image:width\" content=\"750\" \/>\n\t<meta property=\"og:image:height\" content=\"420\" \/>\n\t<meta property=\"og:image:type\" content=\"image\/jpeg\" \/>\n<meta name=\"author\" content=\"Raquel Oshio\" \/>\n<meta name=\"twitter:card\" content=\"summary_large_image\" \/>\n<meta name=\"twitter:creator\" content=\"@estrategiamilit\" \/>\n<meta name=\"twitter:site\" content=\"@estrategiamilit\" \/>\n<meta name=\"twitter:label1\" content=\"Escrito por\" \/>\n\t<meta name=\"twitter:data1\" content=\"Raquel Oshio\" \/>\n\t<meta name=\"twitter:label2\" content=\"Est. tempo de leitura\" \/>\n\t<meta name=\"twitter:data2\" content=\"3 minutos\" \/>\n<script type=\"application\/ld+json\" class=\"yoast-schema-graph\">{\"@context\":\"https:\/\/schema.org\",\"@graph\":[{\"@type\":\"Article\",\"@id\":\"https:\/\/militares.estrategia.com\/portal\/eventos\/pre-prova\/prova-epcar-2024\/#article\",\"isPartOf\":{\"@id\":\"https:\/\/militares.estrategia.com\/portal\/eventos\/pre-prova\/prova-epcar-2024\/\"},\"author\":{\"name\":\"Raquel Oshio\",\"@id\":\"https:\/\/militares.estrategia.com\/portal\/#\/schema\/person\/46e1f54d690b6a851270112cd62d2f37\"},\"headline\":\"Prova EPCAR 2024: confira os eventos de revis\u00e3o pr\u00e9-prova!\",\"datePublished\":\"2023-06-16T14:36:08+00:00\",\"dateModified\":\"2023-06-21T13:56:07+00:00\",\"mainEntityOfPage\":{\"@id\":\"https:\/\/militares.estrategia.com\/portal\/eventos\/pre-prova\/prova-epcar-2024\/\"},\"wordCount\":625,\"publisher\":{\"@id\":\"https:\/\/militares.estrategia.com\/portal\/#organization\"},\"image\":{\"@id\":\"https:\/\/militares.estrategia.com\/portal\/eventos\/pre-prova\/prova-epcar-2024\/#primaryimage\"},\"thumbnailUrl\":\"https:\/\/militares.estrategia.com\/portal\/wp-content\/uploads\/2022\/04\/EM_CapaBlog_Pre.EPCAR-03.jpg\",\"articleSection\":[\"Pr\u00e9-Prova\"],\"inLanguage\":\"pt-BR\"},{\"@type\":\"WebPage\",\"@id\":\"https:\/\/militares.estrategia.com\/portal\/eventos\/pre-prova\/prova-epcar-2024\/\",\"url\":\"https:\/\/militares.estrategia.com\/portal\/eventos\/pre-prova\/prova-epcar-2024\/\",\"name\":\"Prova EPCAR 2024: confira os eventos de revis\u00e3o pr\u00e9-prova!\",\"isPartOf\":{\"@id\":\"https:\/\/militares.estrategia.com\/portal\/#website\"},\"primaryImageOfPage\":{\"@id\":\"https:\/\/militares.estrategia.com\/portal\/eventos\/pre-prova\/prova-epcar-2024\/#primaryimage\"},\"image\":{\"@id\":\"https:\/\/militares.estrategia.com\/portal\/eventos\/pre-prova\/prova-epcar-2024\/#primaryimage\"},\"thumbnailUrl\":\"https:\/\/militares.estrategia.com\/portal\/wp-content\/uploads\/2022\/04\/EM_CapaBlog_Pre.EPCAR-03.jpg\",\"datePublished\":\"2023-06-16T14:36:08+00:00\",\"dateModified\":\"2023-06-21T13:56:07+00:00\",\"description\":\"Confira os eventos de Revis\u00e3o ao vivo do Estrat\u00e9gia Militares para a Prova EPCAR 2024! N\u00e3o perca a Opera\u00e7\u00e3o Barbacena EPCAR 2024!\",\"breadcrumb\":{\"@id\":\"https:\/\/militares.estrategia.com\/portal\/eventos\/pre-prova\/prova-epcar-2024\/#breadcrumb\"},\"inLanguage\":\"pt-BR\",\"potentialAction\":[{\"@type\":\"ReadAction\",\"target\":[\"https:\/\/militares.estrategia.com\/portal\/eventos\/pre-prova\/prova-epcar-2024\/\"]}]},{\"@type\":\"ImageObject\",\"inLanguage\":\"pt-BR\",\"@id\":\"https:\/\/militares.estrategia.com\/portal\/eventos\/pre-prova\/prova-epcar-2024\/#primaryimage\",\"url\":\"https:\/\/militares.estrategia.com\/portal\/wp-content\/uploads\/2022\/04\/EM_CapaBlog_Pre.EPCAR-03.jpg\",\"contentUrl\":\"https:\/\/militares.estrategia.com\/portal\/wp-content\/uploads\/2022\/04\/EM_CapaBlog_Pre.EPCAR-03.jpg\",\"width\":750,\"height\":420},{\"@type\":\"BreadcrumbList\",\"@id\":\"https:\/\/militares.estrategia.com\/portal\/eventos\/pre-prova\/prova-epcar-2024\/#breadcrumb\",\"itemListElement\":[{\"@type\":\"ListItem\",\"position\":1,\"name\":\"Home\",\"item\":\"https:\/\/militares.estrategia.com\/portal\/\"},{\"@type\":\"ListItem\",\"position\":2,\"name\":\"Eventos\",\"item\":\"https:\/\/militares.estrategia.com\/portal\/eventos\/\"},{\"@type\":\"ListItem\",\"position\":3,\"name\":\"Pr\u00e9-Prova\",\"item\":\"https:\/\/militares.estrategia.com\/portal\/eventos\/pre-prova\/\"},{\"@type\":\"ListItem\",\"position\":4,\"name\":\"Prova EPCAR 2024: confira os eventos de revis\u00e3o pr\u00e9-prova!\"}]},{\"@type\":\"WebSite\",\"@id\":\"https:\/\/militares.estrategia.com\/portal\/#website\",\"url\":\"https:\/\/militares.estrategia.com\/portal\/\",\"name\":\"Estrat\u00e9gia Militares\",\"description\":\"\",\"publisher\":{\"@id\":\"https:\/\/militares.estrategia.com\/portal\/#organization\"},\"potentialAction\":[{\"@type\":\"SearchAction\",\"target\":{\"@type\":\"EntryPoint\",\"urlTemplate\":\"https:\/\/militares.estrategia.com\/portal\/?s={search_term_string}\"},\"query-input\":{\"@type\":\"PropertyValueSpecification\",\"valueRequired\":true,\"valueName\":\"search_term_string\"}}],\"inLanguage\":\"pt-BR\"},{\"@type\":\"Organization\",\"@id\":\"https:\/\/militares.estrategia.com\/portal\/#organization\",\"name\":\"Estrat\u00e9gia Militares\",\"url\":\"https:\/\/militares.estrategia.com\/portal\/\",\"logo\":{\"@type\":\"ImageObject\",\"inLanguage\":\"pt-BR\",\"@id\":\"https:\/\/militares.estrategia.com\/portal\/#\/schema\/logo\/image\/\",\"url\":\"https:\/\/militares.estrategia.com\/portal\/wp-content\/uploads\/2021\/10\/logo-militares.webp\",\"contentUrl\":\"https:\/\/militares.estrategia.com\/portal\/wp-content\/uploads\/2021\/10\/logo-militares.webp\",\"width\":346,\"height\":90,\"caption\":\"Estrat\u00e9gia Militares\"},\"image\":{\"@id\":\"https:\/\/militares.estrategia.com\/portal\/#\/schema\/logo\/image\/\"},\"sameAs\":[\"https:\/\/www.facebook.com\/EstrategiaMilitares\",\"https:\/\/x.com\/estrategiamilit\",\"https:\/\/www.instagram.com\/estrategiamilitares\/\",\"https:\/\/www.youtube.com\/channel\/UCRG_9hakCqXxnj_8TqCdgTA\"]},{\"@type\":\"Person\",\"@id\":\"https:\/\/militares.estrategia.com\/portal\/#\/schema\/person\/46e1f54d690b6a851270112cd62d2f37\",\"name\":\"Raquel Oshio\",\"image\":{\"@type\":\"ImageObject\",\"inLanguage\":\"pt-BR\",\"@id\":\"https:\/\/militares.estrategia.com\/portal\/#\/schema\/person\/image\/\",\"url\":\"https:\/\/secure.gravatar.com\/avatar\/fa4e62d5e59d9cf9995ea9c715a78807?s=96&d=mm&r=g\",\"contentUrl\":\"https:\/\/secure.gravatar.com\/avatar\/fa4e62d5e59d9cf9995ea9c715a78807?s=96&d=mm&r=g\",\"caption\":\"Raquel Oshio\"},\"description\":\"Raquel Kie \u00e9 amante de hist\u00f3rias e ca\u00e7adora de belezas escondidas. Jornalista de profiss\u00e3o e cora\u00e7\u00e3o. Desenhista e escritora de fic\u00e7\u00e3o nas horas vagas. Acredito no potencial transformador de todo trabalho feito com dedica\u00e7\u00e3o.\",\"url\":\"https:\/\/militares.estrategia.com\/portal\/author\/raqueloshio\/\"}]}<\/script>\n<!-- \/ Yoast SEO Premium plugin. -->","yoast_head_json":{"title":"Prova EPCAR 2024: confira os eventos de revis\u00e3o pr\u00e9-prova!","description":"Confira os eventos de Revis\u00e3o ao vivo do Estrat\u00e9gia Militares para a Prova EPCAR 2024! N\u00e3o perca a Opera\u00e7\u00e3o Barbacena EPCAR 2024!","robots":{"index":"index","follow":"follow","max-snippet":"max-snippet:-1","max-image-preview":"max-image-preview:large","max-video-preview":"max-video-preview:-1"},"canonical":"https:\/\/militares.estrategia.com\/portal\/eventos\/pre-prova\/prova-epcar-2024\/","og_locale":"pt_BR","og_type":"article","og_title":"Prova EPCAR 2024: confira os eventos de revis\u00e3o pr\u00e9-prova!","og_description":"Confira os eventos de Revis\u00e3o ao vivo do Estrat\u00e9gia Militares para a Prova EPCAR 2024! N\u00e3o perca a Opera\u00e7\u00e3o Barbacena EPCAR 2024!","og_url":"https:\/\/militares.estrategia.com\/portal\/eventos\/pre-prova\/prova-epcar-2024\/","og_site_name":"Estrat\u00e9gia Militares","article_publisher":"https:\/\/www.facebook.com\/EstrategiaMilitares","article_published_time":"2023-06-16T14:36:08+00:00","article_modified_time":"2023-06-21T13:56:07+00:00","og_image":[{"width":750,"height":420,"url":"https:\/\/cdn.blog.estrategiavestibulares.com.br\/vestibulares\/wp-content\/uploads\/2022\/04\/EM_CapaBlog_Pre.EPCAR-03.jpg","type":"image\/jpeg"}],"author":"Raquel Oshio","twitter_card":"summary_large_image","twitter_creator":"@estrategiamilit","twitter_site":"@estrategiamilit","twitter_misc":{"Escrito por":"Raquel Oshio","Est. tempo de leitura":"3 minutos"},"schema":{"@context":"https:\/\/schema.org","@graph":[{"@type":"Article","@id":"https:\/\/militares.estrategia.com\/portal\/eventos\/pre-prova\/prova-epcar-2024\/#article","isPartOf":{"@id":"https:\/\/militares.estrategia.com\/portal\/eventos\/pre-prova\/prova-epcar-2024\/"},"author":{"name":"Raquel Oshio","@id":"https:\/\/militares.estrategia.com\/portal\/#\/schema\/person\/46e1f54d690b6a851270112cd62d2f37"},"headline":"Prova EPCAR 2024: confira os eventos de revis\u00e3o pr\u00e9-prova!","datePublished":"2023-06-16T14:36:08+00:00","dateModified":"2023-06-21T13:56:07+00:00","mainEntityOfPage":{"@id":"https:\/\/militares.estrategia.com\/portal\/eventos\/pre-prova\/prova-epcar-2024\/"},"wordCount":625,"publisher":{"@id":"https:\/\/militares.estrategia.com\/portal\/#organization"},"image":{"@id":"https:\/\/militares.estrategia.com\/portal\/eventos\/pre-prova\/prova-epcar-2024\/#primaryimage"},"thumbnailUrl":"https:\/\/militares.estrategia.com\/portal\/wp-content\/uploads\/2022\/04\/EM_CapaBlog_Pre.EPCAR-03.jpg","articleSection":["Pr\u00e9-Prova"],"inLanguage":"pt-BR"},{"@type":"WebPage","@id":"https:\/\/militares.estrategia.com\/portal\/eventos\/pre-prova\/prova-epcar-2024\/","url":"https:\/\/militares.estrategia.com\/portal\/eventos\/pre-prova\/prova-epcar-2024\/","name":"Prova EPCAR 2024: confira os eventos de revis\u00e3o pr\u00e9-prova!","isPartOf":{"@id":"https:\/\/militares.estrategia.com\/portal\/#website"},"primaryImageOfPage":{"@id":"https:\/\/militares.estrategia.com\/portal\/eventos\/pre-prova\/prova-epcar-2024\/#primaryimage"},"image":{"@id":"https:\/\/militares.estrategia.com\/portal\/eventos\/pre-prova\/prova-epcar-2024\/#primaryimage"},"thumbnailUrl":"https:\/\/militares.estrategia.com\/portal\/wp-content\/uploads\/2022\/04\/EM_CapaBlog_Pre.EPCAR-03.jpg","datePublished":"2023-06-16T14:36:08+00:00","dateModified":"2023-06-21T13:56:07+00:00","description":"Confira os eventos de Revis\u00e3o ao vivo do Estrat\u00e9gia Militares para a Prova EPCAR 2024! N\u00e3o perca a Opera\u00e7\u00e3o Barbacena EPCAR 2024!","breadcrumb":{"@id":"https:\/\/militares.estrategia.com\/portal\/eventos\/pre-prova\/prova-epcar-2024\/#breadcrumb"},"inLanguage":"pt-BR","potentialAction":[{"@type":"ReadAction","target":["https:\/\/militares.estrategia.com\/portal\/eventos\/pre-prova\/prova-epcar-2024\/"]}]},{"@type":"ImageObject","inLanguage":"pt-BR","@id":"https:\/\/militares.estrategia.com\/portal\/eventos\/pre-prova\/prova-epcar-2024\/#primaryimage","url":"https:\/\/militares.estrategia.com\/portal\/wp-content\/uploads\/2022\/04\/EM_CapaBlog_Pre.EPCAR-03.jpg","contentUrl":"https:\/\/militares.estrategia.com\/portal\/wp-content\/uploads\/2022\/04\/EM_CapaBlog_Pre.EPCAR-03.jpg","width":750,"height":420},{"@type":"BreadcrumbList","@id":"https:\/\/militares.estrategia.com\/portal\/eventos\/pre-prova\/prova-epcar-2024\/#breadcrumb","itemListElement":[{"@type":"ListItem","position":1,"name":"Home","item":"https:\/\/militares.estrategia.com\/portal\/"},{"@type":"ListItem","position":2,"name":"Eventos","item":"https:\/\/militares.estrategia.com\/portal\/eventos\/"},{"@type":"ListItem","position":3,"name":"Pr\u00e9-Prova","item":"https:\/\/militares.estrategia.com\/portal\/eventos\/pre-prova\/"},{"@type":"ListItem","position":4,"name":"Prova EPCAR 2024: confira os eventos de revis\u00e3o pr\u00e9-prova!"}]},{"@type":"WebSite","@id":"https:\/\/militares.estrategia.com\/portal\/#website","url":"https:\/\/militares.estrategia.com\/portal\/","name":"Estrat\u00e9gia Militares","description":"","publisher":{"@id":"https:\/\/militares.estrategia.com\/portal\/#organization"},"potentialAction":[{"@type":"SearchAction","target":{"@type":"EntryPoint","urlTemplate":"https:\/\/militares.estrategia.com\/portal\/?s={search_term_string}"},"query-input":{"@type":"PropertyValueSpecification","valueRequired":true,"valueName":"search_term_string"}}],"inLanguage":"pt-BR"},{"@type":"Organization","@id":"https:\/\/militares.estrategia.com\/portal\/#organization","name":"Estrat\u00e9gia Militares","url":"https:\/\/militares.estrategia.com\/portal\/","logo":{"@type":"ImageObject","inLanguage":"pt-BR","@id":"https:\/\/militares.estrategia.com\/portal\/#\/schema\/logo\/image\/","url":"https:\/\/militares.estrategia.com\/portal\/wp-content\/uploads\/2021\/10\/logo-militares.webp","contentUrl":"https:\/\/militares.estrategia.com\/portal\/wp-content\/uploads\/2021\/10\/logo-militares.webp","width":346,"height":90,"caption":"Estrat\u00e9gia Militares"},"image":{"@id":"https:\/\/militares.estrategia.com\/portal\/#\/schema\/logo\/image\/"},"sameAs":["https:\/\/www.facebook.com\/EstrategiaMilitares","https:\/\/x.com\/estrategiamilit","https:\/\/www.instagram.com\/estrategiamilitares\/","https:\/\/www.youtube.com\/channel\/UCRG_9hakCqXxnj_8TqCdgTA"]},{"@type":"Person","@id":"https:\/\/militares.estrategia.com\/portal\/#\/schema\/person\/46e1f54d690b6a851270112cd62d2f37","name":"Raquel Oshio","image":{"@type":"ImageObject","inLanguage":"pt-BR","@id":"https:\/\/militares.estrategia.com\/portal\/#\/schema\/person\/image\/","url":"https:\/\/secure.gravatar.com\/avatar\/fa4e62d5e59d9cf9995ea9c715a78807?s=96&d=mm&r=g","contentUrl":"https:\/\/secure.gravatar.com\/avatar\/fa4e62d5e59d9cf9995ea9c715a78807?s=96&d=mm&r=g","caption":"Raquel Oshio"},"description":"Raquel Kie \u00e9 amante de hist\u00f3rias e ca\u00e7adora de belezas escondidas. Jornalista de profiss\u00e3o e cora\u00e7\u00e3o. Desenhista e escritora de fic\u00e7\u00e3o nas horas vagas. Acredito no potencial transformador de todo trabalho feito com dedica\u00e7\u00e3o.","url":"https:\/\/militares.estrategia.com\/portal\/author\/raqueloshio\/"}]}},"_wl_alt_label":[],"wl:entity_url":"https:\/\/data.wordlift.io\/wl110246\/post\/prova-epcar-2024-confira-os-eventos-de-revisao-pre-prova-67644","_links":{"self":[{"href":"https:\/\/militares.estrategia.com\/portal\/wp-json\/wp\/v2\/posts\/67644","targetHints":{"allow":["GET"]}}],"collection":[{"href":"https:\/\/militares.estrategia.com\/portal\/wp-json\/wp\/v2\/posts"}],"about":[{"href":"https:\/\/militares.estrategia.com\/portal\/wp-json\/wp\/v2\/types\/post"}],"author":[{"embeddable":true,"href":"https:\/\/militares.estrategia.com\/portal\/wp-json\/wp\/v2\/users\/9"}],"replies":[{"embeddable":true,"href":"https:\/\/militares.estrategia.com\/portal\/wp-json\/wp\/v2\/comments?post=67644"}],"version-history":[{"count":2,"href":"https:\/\/militares.estrategia.com\/portal\/wp-json\/wp\/v2\/posts\/67644\/revisions"}],"predecessor-version":[{"id":67835,"href":"https:\/\/militares.estrategia.com\/portal\/wp-json\/wp\/v2\/posts\/67644\/revisions\/67835"}],"wp:featuredmedia":[{"embeddable":true,"href":"https:\/\/militares.estrategia.com\/portal\/wp-json\/wp\/v2\/media\/53935"}],"wp:attachment":[{"href":"https:\/\/militares.estrategia.com\/portal\/wp-json\/wp\/v2\/media?parent=67644"}],"wp:term":[{"taxonomy":"category","embeddable":true,"href":"https:\/\/militares.estrategia.com\/portal\/wp-json\/wp\/v2\/categories?post=67644"},{"taxonomy":"post_tag","embeddable":true,"href":"https:\/\/militares.estrategia.com\/portal\/wp-json\/wp\/v2\/tags?post=67644"},{"taxonomy":"wl_entity_type","embeddable":true,"href":"https:\/\/militares.estrategia.com\/portal\/wp-json\/wp\/v2\/wl_entity_type?post=67644"}],"curies":[{"name":"wp","href":"https:\/\/api.w.org\/{rel}","templated":true}]}}