{"id":66179,"date":"2023-04-19T10:28:01","date_gmt":"2023-04-19T13:28:01","guid":{"rendered":"https:\/\/militares.estrategia.com\/portal\/?p=66179"},"modified":"2023-04-19T10:28:07","modified_gmt":"2023-04-19T13:28:07","slug":"regionalizacao-brasileira-caracteristicas-gerais-da-regiao-norte","status":"publish","type":"post","link":"https:\/\/militares.estrategia.com\/portal\/materias-e-dicas\/geografia\/regionalizacao-brasileira-caracteristicas-gerais-da-regiao-norte\/","title":{"rendered":"Regionaliza\u00e7\u00e3o brasileira: caracter\u00edsticas gerais da regi\u00e3o norte!"},"content":{"rendered":"\n<p>A regi\u00e3o Norte do Brasil \u00e9 a que apresenta os mais baixos indicadores socioecon\u00f4micos do pa\u00eds, al\u00e9m das menores taxas de urbaniza\u00e7\u00e3o. Confira nesse artigo, que o <strong>Estrat\u00e9gia Militares<\/strong> preparou, as caracter\u00edsticas da regi\u00e3o Norte para voc\u00ea se preparar para as provas militares!<\/p>\n\n\n\n<div id=\"ez-toc-container\" class=\"ez-toc-v2_0_79_2 counter-hierarchy ez-toc-counter ez-toc-transparent ez-toc-container-direction\">\n<div class=\"ez-toc-title-container\"><p class=\"ez-toc-title\" style=\"cursor:inherit\">Navegue pelo conte\u00fado\t<\/p>\n<\/div><nav><ul class='ez-toc-list ez-toc-list-level-1 ' ><li class='ez-toc-page-1 ez-toc-heading-level-2'><a class=\"ez-toc-link ez-toc-heading-1\" href=\"https:\/\/militares.estrategia.com\/portal\/materias-e-dicas\/geografia\/regionalizacao-brasileira-caracteristicas-gerais-da-regiao-norte\/#Quais-as-caracteristicas-da-regiao-Norte-do-Brasil\" >Quais as caracter\u00edsticas da regi\u00e3o Norte do Brasil?<\/a><\/li><li class='ez-toc-page-1 ez-toc-heading-level-2'><a class=\"ez-toc-link ez-toc-heading-2\" href=\"https:\/\/militares.estrategia.com\/portal\/materias-e-dicas\/geografia\/regionalizacao-brasileira-caracteristicas-gerais-da-regiao-norte\/#Aspectos-humanos-e-economicos-da-regiao-Norte\" >Aspectos humanos e econ\u00f4micos da regi\u00e3o Norte<\/a><\/li><li class='ez-toc-page-1 ez-toc-heading-level-2'><a class=\"ez-toc-link ez-toc-heading-3\" href=\"https:\/\/militares.estrategia.com\/portal\/materias-e-dicas\/geografia\/regionalizacao-brasileira-caracteristicas-gerais-da-regiao-norte\/#Populacao-da-regiao-Norte\" >Popula\u00e7\u00e3o da regi\u00e3o Norte<\/a><\/li><\/ul><\/nav><\/div>\n<h2 class=\"wp-block-heading\" id=\"h-quais-as-caracteristicas-da-regiao-norte-do-brasil\"><span class=\"ez-toc-section\" id=\"Quais-as-caracteristicas-da-regiao-Norte-do-Brasil\"><\/span>Quais as caracter\u00edsticas da regi\u00e3o Norte do Brasil?<span class=\"ez-toc-section-end\"><\/span><\/h2>\n\n\n\n<p>A regi\u00e3o Norte do Brasil apresenta o <strong>maior conjunto de terras de baixas altitudes do pa\u00eds, a maior bacia hidrogr\u00e1fica do mundo, <\/strong>a Bacia do Rio Amazonas, e a <strong>mais densa e extensa \u00e1rea florestal do globo,<\/strong> a Floresta Amaz\u00f4nica.&nbsp;<\/p>\n\n\n\n<p>O clima quente e \u00famido e os rios extensos e caudalosos, drenando terras de altitudes geralmente pouco elevadas, s\u00e3o alguns dos aspectos naturais presentes na regi\u00e3o.<\/p>\n\n\n\n<p>A regi\u00e3o Norte \u00e9 a regi\u00e3o do Brasil onde a paisagem natural mais interfere na ocupa\u00e7\u00e3o do espa\u00e7o. Seu relevo <strong>\u00e9 predominantemente formado por plan\u00edcies e depress\u00f5es. <\/strong>Est\u00e1 localizada na<strong> regi\u00e3o geoecon\u00f4mica da Amaz\u00f4nia,<\/strong> entre o <strong>Maci\u00e7o das Guianas<\/strong> (ao norte), o Planalto Central (ao sul), a Cordilheira dos Andes (a oeste) e o Oceano Atl\u00e2ntico (a nordeste).<\/p>\n\n\n\n<p>Segundo o Instituto Brasileiro de Geografia e Estat\u00edstica (IBGE) a regi\u00e3o Norte possui:<\/p>\n\n\n\n<ul class=\"wp-block-list\">\n<li>\u00c1rea de 3.869.637 km\u00b2;&nbsp;<\/li>\n\n\n\n<li>Popula\u00e7\u00e3o estimada de 16.313.163 habitantes, em 2012;<\/li>\n\n\n\n<li>PIB equivalente a 5,35 do PIB nacional;<\/li>\n\n\n\n<li>PIB <em>per capita<\/em> de R$ 12.701,00; e<\/li>\n\n\n\n<li>Expectativa de vida de 72,4 anos.<\/li>\n<\/ul>\n\n\n\n<p><strong>Nessa regi\u00e3o, est\u00e3o localizados os dois maiores estados do Brasil &#8211; <\/strong>respectivamente, o <strong>Amazonas e o Par\u00e1 &#8211;<\/strong> al\u00e9m do Acre, Amap\u00e1, Rond\u00f4nia, Roraima e Tocantins. \u00c9 tamb\u00e9m nessa regi\u00e3o que se observa o maior munic\u00edpio do mundo em \u00e1rea territorial &#8211; Altamira, no Par\u00e1 &#8211; com 161.445,90 km\u00b2, maior que os estados de Alagoas, Sergipe, Rio de Janeiro e Esp\u00edrito Santo juntos.<\/p>\n\n\n\n<h3 class=\"wp-block-heading\" id=\"h-amazonia-legal\">Amaz\u00f4nia Legal<\/h3>\n\n\n\n<p>A Amaz\u00f4nia Legal consiste em uma <strong>\u00e1rea que engloba v\u00e1rios estados brasileiros<\/strong> e que corresponde \u00e0 \u00e1rea de atua\u00e7\u00e3o da extinta <strong>Superintend\u00eancia para Desenvolvimento da Amaz\u00f4nia (Sudam).&nbsp;<\/strong><\/p>\n\n\n\n<h4 class=\"wp-block-heading\" id=\"h-superintendencia-para-desenvolvimento-da-amazonia\">Superintend\u00eancia para Desenvolvimento da Amaz\u00f4nia<\/h4>\n\n\n\n<p>A Sudam foi institu\u00edda para f<strong>acilitar a administra\u00e7\u00e3o e a aplica\u00e7\u00e3o de programas socioecon\u00f4micos,<\/strong> al\u00e9m de <strong>planejar o desenvolvimento da regi\u00e3o da Amaz\u00f4nia com base em an\u00e1lises estruturais e conjunturais da regi\u00e3o.<\/strong><\/p>\n\n\n\n<p><strong>Atualmente, a \u00e1rea de abrang\u00eancia da Amaz\u00f4nia Legal corresponde \u00e0 totalidade dos estados do Acre, Amap\u00e1, Amazonas, Mato Grosso, Par\u00e1, Rond\u00f4nia, Roraima, Tocantins e o oeste do estado do Maranh\u00e3o.<\/strong><\/p>\n\n\n\n<p>Essa \u00e1rea apresenta uma superf\u00edcie de aproximadamente 5.217.423 km\u00b2, cerca de 61% do territ\u00f3rio brasileiro.<\/p>\n\n\n\n<p><strong>Vale destacar que essa regi\u00e3o apresenta diversas denomina\u00e7\u00f5es que possuem significados distintos &#8211; ou seja, n\u00e3o s\u00e3o sin\u00f4nimos. <\/strong>&nbsp;Vamos recapitular, ent\u00e3o:&nbsp;<\/p>\n\n\n\n<ul class=\"wp-block-list\">\n<li>Amaz\u00f4nia Internacional: a \u00e1rea total do dom\u00ednio Amaz\u00f4nico, tanto no Brasil quanto em pa\u00edses vizinhos;&nbsp;<\/li>\n\n\n\n<li>Amaz\u00f4nia Legal: zona criada pelo Governo para o desenvolvimento de a\u00e7\u00f5es da Sudam; e&nbsp;<\/li>\n\n\n\n<li>Regi\u00e3o Norte: divis\u00e3o administrativa do pa\u00eds, efetuada pelo IBGE<strong>.<\/strong><\/li>\n<\/ul>\n\n\n<div class=\"wp-block-image\">\n<figure class=\"aligncenter size-large\"><img decoding=\"async\" width=\"1024\" height=\"682\" src=\"https:\/\/militares.estrategia.com\/portal\/wp-content\/uploads\/2023\/04\/ivars-utinans-vkQgb1lZZPQ-unsplash-1024x682.jpg\" alt=\"Rio Amazonas\" class=\"wp-image-66181\" srcset=\"https:\/\/militares.estrategia.com\/portal\/wp-content\/uploads\/2023\/04\/ivars-utinans-vkQgb1lZZPQ-unsplash-1024x682.jpg 1024w, https:\/\/militares.estrategia.com\/portal\/wp-content\/uploads\/2023\/04\/ivars-utinans-vkQgb1lZZPQ-unsplash-768x512.jpg 768w, https:\/\/militares.estrategia.com\/portal\/wp-content\/uploads\/2023\/04\/ivars-utinans-vkQgb1lZZPQ-unsplash-1536x1023.jpg 1536w, https:\/\/militares.estrategia.com\/portal\/wp-content\/uploads\/2023\/04\/ivars-utinans-vkQgb1lZZPQ-unsplash-800x533.jpg 800w, https:\/\/militares.estrategia.com\/portal\/wp-content\/uploads\/2023\/04\/ivars-utinans-vkQgb1lZZPQ-unsplash-1160x773.jpg 1160w, https:\/\/militares.estrategia.com\/portal\/wp-content\/uploads\/2023\/04\/ivars-utinans-vkQgb1lZZPQ-unsplash.jpg 1920w\" sizes=\"(max-width: 1024px) 100vw, 1024px\" \/><\/figure><\/div>\n\n\n<h2 class=\"wp-block-heading\" id=\"h-aspectos-humanos-e-economicos-da-regiao-norte\"><span class=\"ez-toc-section\" id=\"Aspectos-humanos-e-economicos-da-regiao-Norte\"><\/span>Aspectos humanos e econ\u00f4micos da regi\u00e3o Norte<span class=\"ez-toc-section-end\"><\/span><\/h2>\n\n\n\n<p><strong>A regi\u00e3o Norte \u00e9 marcada por uma grande disparidade quanto \u00e0 concentra\u00e7\u00e3o populacional, <\/strong>como pode ser evidenciado na compara\u00e7\u00e3o entre o n\u00famero de habitantes do Par\u00e1 e de Roraima, por exemplo. <strong>Corresponde tamb\u00e9m \u00e0 regi\u00e3o de menor densidade demogr\u00e1fica do pa\u00eds, sendo um dos espa\u00e7os menos povoados do Brasil.<\/strong><\/p>\n\n\n\n<p>Segundo dados do IBGE, <strong>a regi\u00e3o Norte possui o segundo menor grau de urbaniza\u00e7\u00e3o do pa\u00eds &#8211; <\/strong>cerca de 73,5%, maior apenas do que a regi\u00e3o Nordeste, cerca de 73,1% -, embora tenha sido uma das \u00e1reas que mais se urbanizou nos \u00faltimos anos.<\/p>\n\n\n\n<p><strong>Atualmente, a popula\u00e7\u00e3o nortista tem crescido mais que a m\u00e9dia nacional <\/strong>e, na economia, tamb\u00e9m tem apresentado alguns avan\u00e7os. Grande parte dos estados constituintes da regi\u00e3o enfrenta<strong> problemas relativos \u00e0 falta ou a inefici\u00eancia das redes de esgoto e de \u00e1gua tratada,<\/strong> o que acaba resultando em uma situa\u00e7\u00e3o de<strong> risco \u00e0 sa\u00fade da popula\u00e7\u00e3o.<\/strong><\/p>\n\n\n\n<p>Entre os estados da regi\u00e3o Norte,<strong> o Par\u00e1 \u00e9 o que possui a economia mais din\u00e2mica e diversificada, destacando-se a cria\u00e7\u00e3o de gado bovino em S\u00e3o F\u00e9lix do Xingu e a minera\u00e7\u00e3o em Barcarena e Parauapebas, regi\u00e3o do Complexo dos Caraj\u00e1s.&nbsp;<\/strong><\/p>\n\n\n\n<h3 class=\"wp-block-heading\" id=\"h-zona-franca-de-manaus\">Zona Franca de Manaus<\/h3>\n\n\n\n<p>O estado tamb\u00e9m conta com algumas ind\u00fastrias aliment\u00edcias, t\u00eaxteis, madeireiras e metal\u00fargicas.<strong> No estado do Amazonas, destaca-se a Zona Franca de Manaus, que atraiu empresas pela isen\u00e7\u00e3o de impostos de importa\u00e7\u00e3o de componentes para a montagem de bens de consumo dur\u00e1veis, benef\u00edcio que deve durar at\u00e9 2023.<\/strong><\/p>\n\n\n\n<p><strong>Al\u00e9m disso, o estado conta com a explora\u00e7\u00e3o petrol\u00edfera em terra, no munic\u00edpio de Coari, e com uma importante reserva de g\u00e1s natural, em Urucu<\/strong>. Em Rond\u00f4nia, o setor que mais se destaca \u00e9 o <strong>agropecu\u00e1rio<\/strong>. Nos demais estados &#8211; Acre, Amap\u00e1, Roraima e Tocantins -, <strong>predomina o setor terci\u00e1rio.<\/strong><\/p>\n\n\n\n<p>Para alguns pesquisadores, a regi\u00e3o Amaz\u00f4nica constitui uma riqueza que precisa ser preservada e que deve permanecer intacta, por\u00e9m o modelo econ\u00f4mico adotado pelo Brasil n\u00e3o permite que esse anseio seja realizado.<\/p>\n\n\n\n<p><strong>Por esse motivo, um dos grandes desafios da atualidade consiste justamente em conciliar povoamento, explora\u00e7\u00e3o econ\u00f4mica e conserva\u00e7\u00e3o ambiental.<\/strong><\/p>\n\n\n\n<h2 class=\"wp-block-heading\" id=\"h-populacao-da-regiao-norte\"><span class=\"ez-toc-section\" id=\"Populacao-da-regiao-Norte\"><\/span>Popula\u00e7\u00e3o da regi\u00e3o Norte<span class=\"ez-toc-section-end\"><\/span><\/h2>\n\n\n\n<p>A Amaz\u00f4nia, durante muito tempo, ficou conhecida pelas expedi\u00e7\u00f5es que visavam a <a href=\"https:\/\/militares.estrategia.com\/portal\/materias-e-dicas\/historia\/pau-brasil-e-cana-de-acucar\/\" target=\"_blank\" >aprisionar \u00edndios ou a buscar as drogas do sert\u00e3o<\/a> que eram vendidas \u00e0 Europa e rendiam lucro aos exploradores. Assim, sua ocupa\u00e7\u00e3o se deu de diversas maneiras ao longo do tempo.<\/p>\n\n\n\n<p>No s\u00e9culo XVII,<strong> a instala\u00e7\u00e3o de uma fortifica\u00e7\u00e3o portuguesa na foz do Rio Amazonas, o Forte Pres\u00e9pio, deu origem \u00e0 cidade de Bel\u00e9m.<\/strong> No s\u00e9culo XVIII, chegaram as miss\u00f5es religiosas, que tinham o objetivo de catequizar os \u00edndios, e v\u00e1rias expedi\u00e7\u00f5es militares, organizadas para defender o territ\u00f3rio.<\/p>\n\n\n\n<p><strong>A explora\u00e7\u00e3o da borracha, produto que passou a ser muito usado na Europa e nos Estados Unidos, come\u00e7ou no fim do s\u00e9culo XIX. <\/strong>Como a procura era grande, houve uma valoriza\u00e7\u00e3o significativa no mercado mundial, promovendo a intensifica\u00e7\u00e3o da extra\u00e7\u00e3o do l\u00e1tex das seringueiras nativas na regi\u00e3o e a consequente <strong>migra\u00e7\u00e3o de popula\u00e7\u00e3o para m\u00e3o de obra.&nbsp;<\/strong><\/p>\n\n\n\n<p>J\u00e1 no in\u00edcio do s\u00e9culo XX, <strong>centenas de imigrantes japoneses instalaram-se em n\u00facleos coloniais, principalmente no Par\u00e1, e introduziram a agricultura comercial da pimenta-do-reino.<\/strong><\/p>\n\n\n\n<p>Com a decad\u00eancia do ciclo da borracha, a popula\u00e7\u00e3o da regi\u00e3o Norte praticamente se estabilizou. <strong>A partir de 1960, a integra\u00e7\u00e3o com o restante do pa\u00eds come\u00e7ou a se intensificar por meio de <\/strong><a href=\"https:\/\/militares.estrategia.com\/portal\/mundo-militar\/forcas-armadas\/missoes-da-fab-na-amazonia-e-no-norte-do-brasil\/\" target=\"_blank\" ><strong>medidas governamentais de car\u00e1ter econ\u00f4mico e infraestrutural<\/strong>.<\/a> Dentre elas, vale destacar:<\/p>\n\n\n\n<ul class=\"wp-block-list\">\n<li>a cria\u00e7\u00e3o de \u00f3rg\u00e3os, como a Sudam e a Superintend\u00eancia da Zona Franca de Manaus (Suframa);<\/li>\n\n\n\n<li>o investimento na constru\u00e7\u00e3o de grandes rodovias, como a Transamaz\u00f4nica (BR-230), a Cuiab\u00e1-Porto Velho (BR-364), a Cuiab\u00e1-Santar\u00e9m (BR-163), a Porto Velho-Manaus (BR-319) e, ainda, a Bel\u00e9m-Bras\u00edlia (BR-010);<\/li>\n\n\n\n<li>a instala\u00e7\u00e3o de projetos de explora\u00e7\u00e3o mineral, como o Grande Caraj\u00e1s, iniciado na d\u00e9cada de 1980;<\/li>\n\n\n\n<li>a cria\u00e7\u00e3o e instala\u00e7\u00e3o de projetos militares, como o Calha Norte, que objetivavam controlar a fronteira norte do pa\u00eds, identificar riquezas minerais e favorecer a ocupa\u00e7\u00e3o da regi\u00e3o.<\/li>\n<\/ul>\n\n\n\n<p>Curtiu o texto? Continue seus estudos sobre a regionaliza\u00e7\u00e3o brasileira no Portal do <strong>Estrat\u00e9gia Militares<\/strong>.<strong> Clique no banner abaixo <\/strong>e acesse os cursos preparat\u00f3rios para as carreiras militares!<\/p>\n\n\n\n<p><strong><a id=\"cta\" class=\"cta-imagem\" href=\"https:\/\/militares.estrategia.com\/curso\/banco-de-questes-anual\/\" target=\"blank\">\n                <img decoding=\"async\" width=\"100%\" src=\"https:\/\/militares.estrategia.com\/portal\/wp-content\/uploads\/2023\/02\/EM-Banco-de-Questoes.jpg\" alt=\"EM - Banco de Questo\u0303es\" title=\"EM - Banco de Questo\u0303es\">\n        <\/a><\/strong><\/p>\n\n\n\n\n\n<p><\/p>\n","protected":false},"excerpt":{"rendered":"A regi\u00e3o Norte do Brasil \u00e9 a que apresenta os mais baixos indicadores socioecon\u00f4micos do pa\u00eds, al\u00e9m das&hellip;\n","protected":false},"author":52,"featured_media":66182,"comment_status":"closed","ping_status":"closed","sticky":false,"template":"","format":"standard","meta":{"wl_entities_gutenberg":"","footnotes":""},"categories":[301],"tags":[63,58,64,162,161,167],"wl_entity_type":[187],"class_list":{"0":"post-66179","1":"post","2":"type-post","3":"status-publish","4":"format-standard","5":"has-post-thumbnail","7":"category-geografia","8":"tag-concursofuzileironaval","9":"tag-fuzileironaval","10":"tag-marinhadobrasil","11":"tag-carreiramilitar","12":"tag-concursosmilitares","13":"tag-exercito","14":"wl_entity_type-article"},"acf":[],"yoast_head":"<!-- This site is optimized with the Yoast SEO Premium plugin v26.6 (Yoast SEO v26.6) - https:\/\/yoast.com\/wordpress\/plugins\/seo\/ -->\n<title>Regionaliza\u00e7\u00e3o brasileira: caracter\u00edsticas gerais da regi\u00e3o norte!<\/title>\n<meta name=\"description\" content=\"A regi\u00e3o norte possui caracter\u00edsticas que a diferenciam de todo o Brasil! Clique aqui e confira todas essas caracter\u00edsticas e curiosidades!\" \/>\n<meta name=\"robots\" content=\"index, follow, max-snippet:-1, max-image-preview:large, max-video-preview:-1\" \/>\n<link rel=\"canonical\" href=\"https:\/\/militares.estrategia.com\/portal\/materias-e-dicas\/geografia\/regionalizacao-brasileira-caracteristicas-gerais-da-regiao-norte\/\" \/>\n<meta property=\"og:locale\" content=\"pt_BR\" \/>\n<meta property=\"og:type\" content=\"article\" \/>\n<meta property=\"og:title\" content=\"Regionaliza\u00e7\u00e3o brasileira: caracter\u00edsticas gerais da regi\u00e3o norte!\" \/>\n<meta property=\"og:description\" content=\"A regi\u00e3o norte possui caracter\u00edsticas que a diferenciam de todo o Brasil! Clique aqui e confira todas essas caracter\u00edsticas e curiosidades!\" \/>\n<meta property=\"og:url\" content=\"https:\/\/militares.estrategia.com\/portal\/materias-e-dicas\/geografia\/regionalizacao-brasileira-caracteristicas-gerais-da-regiao-norte\/\" \/>\n<meta property=\"og:site_name\" content=\"Estrat\u00e9gia Militares\" \/>\n<meta property=\"article:publisher\" content=\"https:\/\/www.facebook.com\/EstrategiaMilitares\" \/>\n<meta property=\"article:published_time\" content=\"2023-04-19T13:28:01+00:00\" \/>\n<meta property=\"article:modified_time\" content=\"2023-04-19T13:28:07+00:00\" \/>\n<meta property=\"og:image\" content=\"https:\/\/cdn.blog.estrategiavestibulares.com.br\/vestibulares\/wp-content\/uploads\/2023\/04\/md-efthakhar-ui-alam-4gE4l2wfhpM-unsplash.jpg\" \/>\n\t<meta property=\"og:image:width\" content=\"1920\" \/>\n\t<meta property=\"og:image:height\" content=\"1440\" \/>\n\t<meta property=\"og:image:type\" content=\"image\/jpeg\" \/>\n<meta name=\"author\" content=\"Vin\u00edcius Brigolini\" \/>\n<meta name=\"twitter:card\" content=\"summary_large_image\" \/>\n<meta name=\"twitter:creator\" content=\"@estrategiamilit\" \/>\n<meta name=\"twitter:site\" content=\"@estrategiamilit\" \/>\n<meta name=\"twitter:label1\" content=\"Escrito por\" \/>\n\t<meta name=\"twitter:data1\" content=\"Vin\u00edcius Brigolini\" \/>\n\t<meta name=\"twitter:label2\" content=\"Est. tempo de leitura\" \/>\n\t<meta name=\"twitter:data2\" content=\"7 minutos\" \/>\n<script type=\"application\/ld+json\" class=\"yoast-schema-graph\">{\"@context\":\"https:\/\/schema.org\",\"@graph\":[{\"@type\":\"Article\",\"@id\":\"https:\/\/militares.estrategia.com\/portal\/materias-e-dicas\/geografia\/regionalizacao-brasileira-caracteristicas-gerais-da-regiao-norte\/#article\",\"isPartOf\":{\"@id\":\"https:\/\/militares.estrategia.com\/portal\/materias-e-dicas\/geografia\/regionalizacao-brasileira-caracteristicas-gerais-da-regiao-norte\/\"},\"author\":{\"name\":\"Vin\u00edcius Brigolini\",\"@id\":\"https:\/\/militares.estrategia.com\/portal\/#\/schema\/person\/6587b50abb02ffb0d1d0b50c12a6b317\"},\"headline\":\"Regionaliza\u00e7\u00e3o brasileira: caracter\u00edsticas gerais da regi\u00e3o norte!\",\"datePublished\":\"2023-04-19T13:28:01+00:00\",\"dateModified\":\"2023-04-19T13:28:07+00:00\",\"mainEntityOfPage\":{\"@id\":\"https:\/\/militares.estrategia.com\/portal\/materias-e-dicas\/geografia\/regionalizacao-brasileira-caracteristicas-gerais-da-regiao-norte\/\"},\"wordCount\":1317,\"publisher\":{\"@id\":\"https:\/\/militares.estrategia.com\/portal\/#organization\"},\"image\":{\"@id\":\"https:\/\/militares.estrategia.com\/portal\/materias-e-dicas\/geografia\/regionalizacao-brasileira-caracteristicas-gerais-da-regiao-norte\/#primaryimage\"},\"thumbnailUrl\":\"https:\/\/militares.estrategia.com\/portal\/wp-content\/uploads\/2023\/04\/md-efthakhar-ui-alam-4gE4l2wfhpM-unsplash.jpg\",\"keywords\":[\"#concursofuzileironaval\",\"#fuzileironaval\",\"#marinhadobrasil\",\"carreiramilitar\",\"ConcursosMilitares\",\"Ex\u00e9rcito\"],\"articleSection\":[\"Geografia\"],\"inLanguage\":\"pt-BR\"},{\"@type\":\"WebPage\",\"@id\":\"https:\/\/militares.estrategia.com\/portal\/materias-e-dicas\/geografia\/regionalizacao-brasileira-caracteristicas-gerais-da-regiao-norte\/\",\"url\":\"https:\/\/militares.estrategia.com\/portal\/materias-e-dicas\/geografia\/regionalizacao-brasileira-caracteristicas-gerais-da-regiao-norte\/\",\"name\":\"Regionaliza\u00e7\u00e3o brasileira: caracter\u00edsticas gerais da regi\u00e3o norte!\",\"isPartOf\":{\"@id\":\"https:\/\/militares.estrategia.com\/portal\/#website\"},\"primaryImageOfPage\":{\"@id\":\"https:\/\/militares.estrategia.com\/portal\/materias-e-dicas\/geografia\/regionalizacao-brasileira-caracteristicas-gerais-da-regiao-norte\/#primaryimage\"},\"image\":{\"@id\":\"https:\/\/militares.estrategia.com\/portal\/materias-e-dicas\/geografia\/regionalizacao-brasileira-caracteristicas-gerais-da-regiao-norte\/#primaryimage\"},\"thumbnailUrl\":\"https:\/\/militares.estrategia.com\/portal\/wp-content\/uploads\/2023\/04\/md-efthakhar-ui-alam-4gE4l2wfhpM-unsplash.jpg\",\"datePublished\":\"2023-04-19T13:28:01+00:00\",\"dateModified\":\"2023-04-19T13:28:07+00:00\",\"description\":\"A regi\u00e3o norte possui caracter\u00edsticas que a diferenciam de todo o Brasil! Clique aqui e confira todas essas caracter\u00edsticas e curiosidades!\",\"breadcrumb\":{\"@id\":\"https:\/\/militares.estrategia.com\/portal\/materias-e-dicas\/geografia\/regionalizacao-brasileira-caracteristicas-gerais-da-regiao-norte\/#breadcrumb\"},\"inLanguage\":\"pt-BR\",\"potentialAction\":[{\"@type\":\"ReadAction\",\"target\":[\"https:\/\/militares.estrategia.com\/portal\/materias-e-dicas\/geografia\/regionalizacao-brasileira-caracteristicas-gerais-da-regiao-norte\/\"]}]},{\"@type\":\"ImageObject\",\"inLanguage\":\"pt-BR\",\"@id\":\"https:\/\/militares.estrategia.com\/portal\/materias-e-dicas\/geografia\/regionalizacao-brasileira-caracteristicas-gerais-da-regiao-norte\/#primaryimage\",\"url\":\"https:\/\/militares.estrategia.com\/portal\/wp-content\/uploads\/2023\/04\/md-efthakhar-ui-alam-4gE4l2wfhpM-unsplash.jpg\",\"contentUrl\":\"https:\/\/militares.estrategia.com\/portal\/wp-content\/uploads\/2023\/04\/md-efthakhar-ui-alam-4gE4l2wfhpM-unsplash.jpg\",\"width\":1920,\"height\":1440,\"caption\":\"Regi\u00e3o norte do Brasil\"},{\"@type\":\"BreadcrumbList\",\"@id\":\"https:\/\/militares.estrategia.com\/portal\/materias-e-dicas\/geografia\/regionalizacao-brasileira-caracteristicas-gerais-da-regiao-norte\/#breadcrumb\",\"itemListElement\":[{\"@type\":\"ListItem\",\"position\":1,\"name\":\"Home\",\"item\":\"https:\/\/militares.estrategia.com\/portal\/\"},{\"@type\":\"ListItem\",\"position\":2,\"name\":\"Mat\u00e9rias e Dicas\",\"item\":\"https:\/\/militares.estrategia.com\/portal\/materias-e-dicas\/\"},{\"@type\":\"ListItem\",\"position\":3,\"name\":\"Geografia\",\"item\":\"https:\/\/militares.estrategia.com\/portal\/materias-e-dicas\/geografia\/\"},{\"@type\":\"ListItem\",\"position\":4,\"name\":\"Regionaliza\u00e7\u00e3o brasileira: caracter\u00edsticas gerais da regi\u00e3o norte!\"}]},{\"@type\":\"WebSite\",\"@id\":\"https:\/\/militares.estrategia.com\/portal\/#website\",\"url\":\"https:\/\/militares.estrategia.com\/portal\/\",\"name\":\"Estrat\u00e9gia Militares\",\"description\":\"\",\"publisher\":{\"@id\":\"https:\/\/militares.estrategia.com\/portal\/#organization\"},\"potentialAction\":[{\"@type\":\"SearchAction\",\"target\":{\"@type\":\"EntryPoint\",\"urlTemplate\":\"https:\/\/militares.estrategia.com\/portal\/?s={search_term_string}\"},\"query-input\":{\"@type\":\"PropertyValueSpecification\",\"valueRequired\":true,\"valueName\":\"search_term_string\"}}],\"inLanguage\":\"pt-BR\"},{\"@type\":\"Organization\",\"@id\":\"https:\/\/militares.estrategia.com\/portal\/#organization\",\"name\":\"Estrat\u00e9gia Militares\",\"url\":\"https:\/\/militares.estrategia.com\/portal\/\",\"logo\":{\"@type\":\"ImageObject\",\"inLanguage\":\"pt-BR\",\"@id\":\"https:\/\/militares.estrategia.com\/portal\/#\/schema\/logo\/image\/\",\"url\":\"https:\/\/militares.estrategia.com\/portal\/wp-content\/uploads\/2021\/10\/logo-militares.webp\",\"contentUrl\":\"https:\/\/militares.estrategia.com\/portal\/wp-content\/uploads\/2021\/10\/logo-militares.webp\",\"width\":346,\"height\":90,\"caption\":\"Estrat\u00e9gia Militares\"},\"image\":{\"@id\":\"https:\/\/militares.estrategia.com\/portal\/#\/schema\/logo\/image\/\"},\"sameAs\":[\"https:\/\/www.facebook.com\/EstrategiaMilitares\",\"https:\/\/x.com\/estrategiamilit\",\"https:\/\/www.instagram.com\/estrategiamilitares\/\",\"https:\/\/www.youtube.com\/channel\/UCRG_9hakCqXxnj_8TqCdgTA\"]},{\"@type\":\"Person\",\"@id\":\"https:\/\/militares.estrategia.com\/portal\/#\/schema\/person\/6587b50abb02ffb0d1d0b50c12a6b317\",\"name\":\"Vin\u00edcius Brigolini\",\"image\":{\"@type\":\"ImageObject\",\"inLanguage\":\"pt-BR\",\"@id\":\"https:\/\/militares.estrategia.com\/portal\/#\/schema\/person\/image\/\",\"url\":\"https:\/\/militares.estrategia.com\/portal\/wp-content\/uploads\/2021\/08\/Sem-titulo-150x150.jpg\",\"contentUrl\":\"https:\/\/militares.estrategia.com\/portal\/wp-content\/uploads\/2021\/08\/Sem-titulo-150x150.jpg\",\"caption\":\"Vin\u00edcius Brigolini\"},\"description\":\"Membro da turma Carcar\u00e1 de 2017 da For\u00e7a A\u00e9rea Brasileira. \u00c9 apaixonado pela avia\u00e7\u00e3o e pelo mundo militar!\",\"sameAs\":[\"https:\/\/www.instagram.com\/viniciusbgn\/\"],\"url\":\"https:\/\/militares.estrategia.com\/portal\/author\/vinicius-souza\/\"}]}<\/script>\n<!-- \/ Yoast SEO Premium plugin. -->","yoast_head_json":{"title":"Regionaliza\u00e7\u00e3o brasileira: caracter\u00edsticas gerais da regi\u00e3o norte!","description":"A regi\u00e3o norte possui caracter\u00edsticas que a diferenciam de todo o Brasil! Clique aqui e confira todas essas caracter\u00edsticas e curiosidades!","robots":{"index":"index","follow":"follow","max-snippet":"max-snippet:-1","max-image-preview":"max-image-preview:large","max-video-preview":"max-video-preview:-1"},"canonical":"https:\/\/militares.estrategia.com\/portal\/materias-e-dicas\/geografia\/regionalizacao-brasileira-caracteristicas-gerais-da-regiao-norte\/","og_locale":"pt_BR","og_type":"article","og_title":"Regionaliza\u00e7\u00e3o brasileira: caracter\u00edsticas gerais da regi\u00e3o norte!","og_description":"A regi\u00e3o norte possui caracter\u00edsticas que a diferenciam de todo o Brasil! Clique aqui e confira todas essas caracter\u00edsticas e curiosidades!","og_url":"https:\/\/militares.estrategia.com\/portal\/materias-e-dicas\/geografia\/regionalizacao-brasileira-caracteristicas-gerais-da-regiao-norte\/","og_site_name":"Estrat\u00e9gia Militares","article_publisher":"https:\/\/www.facebook.com\/EstrategiaMilitares","article_published_time":"2023-04-19T13:28:01+00:00","article_modified_time":"2023-04-19T13:28:07+00:00","og_image":[{"width":1920,"height":1440,"url":"https:\/\/cdn.blog.estrategiavestibulares.com.br\/vestibulares\/wp-content\/uploads\/2023\/04\/md-efthakhar-ui-alam-4gE4l2wfhpM-unsplash.jpg","type":"image\/jpeg"}],"author":"Vin\u00edcius Brigolini","twitter_card":"summary_large_image","twitter_creator":"@estrategiamilit","twitter_site":"@estrategiamilit","twitter_misc":{"Escrito por":"Vin\u00edcius Brigolini","Est. tempo de leitura":"7 minutos"},"schema":{"@context":"https:\/\/schema.org","@graph":[{"@type":"Article","@id":"https:\/\/militares.estrategia.com\/portal\/materias-e-dicas\/geografia\/regionalizacao-brasileira-caracteristicas-gerais-da-regiao-norte\/#article","isPartOf":{"@id":"https:\/\/militares.estrategia.com\/portal\/materias-e-dicas\/geografia\/regionalizacao-brasileira-caracteristicas-gerais-da-regiao-norte\/"},"author":{"name":"Vin\u00edcius Brigolini","@id":"https:\/\/militares.estrategia.com\/portal\/#\/schema\/person\/6587b50abb02ffb0d1d0b50c12a6b317"},"headline":"Regionaliza\u00e7\u00e3o brasileira: caracter\u00edsticas gerais da regi\u00e3o norte!","datePublished":"2023-04-19T13:28:01+00:00","dateModified":"2023-04-19T13:28:07+00:00","mainEntityOfPage":{"@id":"https:\/\/militares.estrategia.com\/portal\/materias-e-dicas\/geografia\/regionalizacao-brasileira-caracteristicas-gerais-da-regiao-norte\/"},"wordCount":1317,"publisher":{"@id":"https:\/\/militares.estrategia.com\/portal\/#organization"},"image":{"@id":"https:\/\/militares.estrategia.com\/portal\/materias-e-dicas\/geografia\/regionalizacao-brasileira-caracteristicas-gerais-da-regiao-norte\/#primaryimage"},"thumbnailUrl":"https:\/\/militares.estrategia.com\/portal\/wp-content\/uploads\/2023\/04\/md-efthakhar-ui-alam-4gE4l2wfhpM-unsplash.jpg","keywords":["#concursofuzileironaval","#fuzileironaval","#marinhadobrasil","carreiramilitar","ConcursosMilitares","Ex\u00e9rcito"],"articleSection":["Geografia"],"inLanguage":"pt-BR"},{"@type":"WebPage","@id":"https:\/\/militares.estrategia.com\/portal\/materias-e-dicas\/geografia\/regionalizacao-brasileira-caracteristicas-gerais-da-regiao-norte\/","url":"https:\/\/militares.estrategia.com\/portal\/materias-e-dicas\/geografia\/regionalizacao-brasileira-caracteristicas-gerais-da-regiao-norte\/","name":"Regionaliza\u00e7\u00e3o brasileira: caracter\u00edsticas gerais da regi\u00e3o norte!","isPartOf":{"@id":"https:\/\/militares.estrategia.com\/portal\/#website"},"primaryImageOfPage":{"@id":"https:\/\/militares.estrategia.com\/portal\/materias-e-dicas\/geografia\/regionalizacao-brasileira-caracteristicas-gerais-da-regiao-norte\/#primaryimage"},"image":{"@id":"https:\/\/militares.estrategia.com\/portal\/materias-e-dicas\/geografia\/regionalizacao-brasileira-caracteristicas-gerais-da-regiao-norte\/#primaryimage"},"thumbnailUrl":"https:\/\/militares.estrategia.com\/portal\/wp-content\/uploads\/2023\/04\/md-efthakhar-ui-alam-4gE4l2wfhpM-unsplash.jpg","datePublished":"2023-04-19T13:28:01+00:00","dateModified":"2023-04-19T13:28:07+00:00","description":"A regi\u00e3o norte possui caracter\u00edsticas que a diferenciam de todo o Brasil! Clique aqui e confira todas essas caracter\u00edsticas e curiosidades!","breadcrumb":{"@id":"https:\/\/militares.estrategia.com\/portal\/materias-e-dicas\/geografia\/regionalizacao-brasileira-caracteristicas-gerais-da-regiao-norte\/#breadcrumb"},"inLanguage":"pt-BR","potentialAction":[{"@type":"ReadAction","target":["https:\/\/militares.estrategia.com\/portal\/materias-e-dicas\/geografia\/regionalizacao-brasileira-caracteristicas-gerais-da-regiao-norte\/"]}]},{"@type":"ImageObject","inLanguage":"pt-BR","@id":"https:\/\/militares.estrategia.com\/portal\/materias-e-dicas\/geografia\/regionalizacao-brasileira-caracteristicas-gerais-da-regiao-norte\/#primaryimage","url":"https:\/\/militares.estrategia.com\/portal\/wp-content\/uploads\/2023\/04\/md-efthakhar-ui-alam-4gE4l2wfhpM-unsplash.jpg","contentUrl":"https:\/\/militares.estrategia.com\/portal\/wp-content\/uploads\/2023\/04\/md-efthakhar-ui-alam-4gE4l2wfhpM-unsplash.jpg","width":1920,"height":1440,"caption":"Regi\u00e3o norte do Brasil"},{"@type":"BreadcrumbList","@id":"https:\/\/militares.estrategia.com\/portal\/materias-e-dicas\/geografia\/regionalizacao-brasileira-caracteristicas-gerais-da-regiao-norte\/#breadcrumb","itemListElement":[{"@type":"ListItem","position":1,"name":"Home","item":"https:\/\/militares.estrategia.com\/portal\/"},{"@type":"ListItem","position":2,"name":"Mat\u00e9rias e Dicas","item":"https:\/\/militares.estrategia.com\/portal\/materias-e-dicas\/"},{"@type":"ListItem","position":3,"name":"Geografia","item":"https:\/\/militares.estrategia.com\/portal\/materias-e-dicas\/geografia\/"},{"@type":"ListItem","position":4,"name":"Regionaliza\u00e7\u00e3o brasileira: caracter\u00edsticas gerais da regi\u00e3o norte!"}]},{"@type":"WebSite","@id":"https:\/\/militares.estrategia.com\/portal\/#website","url":"https:\/\/militares.estrategia.com\/portal\/","name":"Estrat\u00e9gia Militares","description":"","publisher":{"@id":"https:\/\/militares.estrategia.com\/portal\/#organization"},"potentialAction":[{"@type":"SearchAction","target":{"@type":"EntryPoint","urlTemplate":"https:\/\/militares.estrategia.com\/portal\/?s={search_term_string}"},"query-input":{"@type":"PropertyValueSpecification","valueRequired":true,"valueName":"search_term_string"}}],"inLanguage":"pt-BR"},{"@type":"Organization","@id":"https:\/\/militares.estrategia.com\/portal\/#organization","name":"Estrat\u00e9gia Militares","url":"https:\/\/militares.estrategia.com\/portal\/","logo":{"@type":"ImageObject","inLanguage":"pt-BR","@id":"https:\/\/militares.estrategia.com\/portal\/#\/schema\/logo\/image\/","url":"https:\/\/militares.estrategia.com\/portal\/wp-content\/uploads\/2021\/10\/logo-militares.webp","contentUrl":"https:\/\/militares.estrategia.com\/portal\/wp-content\/uploads\/2021\/10\/logo-militares.webp","width":346,"height":90,"caption":"Estrat\u00e9gia Militares"},"image":{"@id":"https:\/\/militares.estrategia.com\/portal\/#\/schema\/logo\/image\/"},"sameAs":["https:\/\/www.facebook.com\/EstrategiaMilitares","https:\/\/x.com\/estrategiamilit","https:\/\/www.instagram.com\/estrategiamilitares\/","https:\/\/www.youtube.com\/channel\/UCRG_9hakCqXxnj_8TqCdgTA"]},{"@type":"Person","@id":"https:\/\/militares.estrategia.com\/portal\/#\/schema\/person\/6587b50abb02ffb0d1d0b50c12a6b317","name":"Vin\u00edcius Brigolini","image":{"@type":"ImageObject","inLanguage":"pt-BR","@id":"https:\/\/militares.estrategia.com\/portal\/#\/schema\/person\/image\/","url":"https:\/\/militares.estrategia.com\/portal\/wp-content\/uploads\/2021\/08\/Sem-titulo-150x150.jpg","contentUrl":"https:\/\/militares.estrategia.com\/portal\/wp-content\/uploads\/2021\/08\/Sem-titulo-150x150.jpg","caption":"Vin\u00edcius Brigolini"},"description":"Membro da turma Carcar\u00e1 de 2017 da For\u00e7a A\u00e9rea Brasileira. \u00c9 apaixonado pela avia\u00e7\u00e3o e pelo mundo militar!","sameAs":["https:\/\/www.instagram.com\/viniciusbgn\/"],"url":"https:\/\/militares.estrategia.com\/portal\/author\/vinicius-souza\/"}]}},"_wl_alt_label":[],"wl:entity_url":"https:\/\/data.wordlift.io\/wl110246\/post\/regionalizacao-brasileira-caracteristicas-gerais-da-regiao-norte-66179","_links":{"self":[{"href":"https:\/\/militares.estrategia.com\/portal\/wp-json\/wp\/v2\/posts\/66179","targetHints":{"allow":["GET"]}}],"collection":[{"href":"https:\/\/militares.estrategia.com\/portal\/wp-json\/wp\/v2\/posts"}],"about":[{"href":"https:\/\/militares.estrategia.com\/portal\/wp-json\/wp\/v2\/types\/post"}],"author":[{"embeddable":true,"href":"https:\/\/militares.estrategia.com\/portal\/wp-json\/wp\/v2\/users\/52"}],"replies":[{"embeddable":true,"href":"https:\/\/militares.estrategia.com\/portal\/wp-json\/wp\/v2\/comments?post=66179"}],"version-history":[{"count":1,"href":"https:\/\/militares.estrategia.com\/portal\/wp-json\/wp\/v2\/posts\/66179\/revisions"}],"predecessor-version":[{"id":66183,"href":"https:\/\/militares.estrategia.com\/portal\/wp-json\/wp\/v2\/posts\/66179\/revisions\/66183"}],"wp:featuredmedia":[{"embeddable":true,"href":"https:\/\/militares.estrategia.com\/portal\/wp-json\/wp\/v2\/media\/66182"}],"wp:attachment":[{"href":"https:\/\/militares.estrategia.com\/portal\/wp-json\/wp\/v2\/media?parent=66179"}],"wp:term":[{"taxonomy":"category","embeddable":true,"href":"https:\/\/militares.estrategia.com\/portal\/wp-json\/wp\/v2\/categories?post=66179"},{"taxonomy":"post_tag","embeddable":true,"href":"https:\/\/militares.estrategia.com\/portal\/wp-json\/wp\/v2\/tags?post=66179"},{"taxonomy":"wl_entity_type","embeddable":true,"href":"https:\/\/militares.estrategia.com\/portal\/wp-json\/wp\/v2\/wl_entity_type?post=66179"}],"curies":[{"name":"wp","href":"https:\/\/api.w.org\/{rel}","templated":true}]}}